{"id":134110,"date":"2025-10-04T16:29:16","date_gmt":"2025-10-04T20:29:16","guid":{"rendered":"https:\/\/interamerica.org\/?p=134110"},"modified":"2025-10-06T14:51:55","modified_gmt":"2025-10-06T18:51:55","slug":"la-inteligencia-artificial-nos-esta-encogiendo-el-cerebro-que-podemos-hacer","status":"publish","type":"post","link":"https:\/\/interamerica.org\/es\/2025\/10\/la-inteligencia-artificial-nos-esta-encogiendo-el-cerebro-que-podemos-hacer\/","title":{"rendered":"La inteligencia artificial nos est\u00e1 encogiendo el cerebro. \u00bfQu\u00e9 podemos hacer?"},"content":{"rendered":"<p class=\"c-post-header__subtitle\"><em>Psicoterapeuta adventista comparte los \u00faltimos descubrimientos y sugiere un camino a seguir.<\/em><\/p>\n<p>4 de octure del 2025 | Tailandia | Marcos Paseggi, <em>Adventist Review<\/em><\/p>\n<p>Cuando Carolyn Lim, una psicoterapeuta adventista del s\u00e9ptimo d\u00eda en Singapur, estaba trabajando con pacientes j\u00f3venes, comenz\u00f3 a notar algo aparentemente extra\u00f1o. Cuando un nuevo paciente joven ven\u00eda a verla y ella le preguntaba a la persona qu\u00e9 la hab\u00eda impulsado a venir a su consultorio, el joven le solicitaba leer lo que hab\u00eda escrito sobre sus sentimientos.<\/p>\n<p>Despu\u00e9s de algunos casos similares, Lim comenz\u00f3 a notar que las frases que le le\u00edan sonaban extra\u00f1amente similares. Cuando hizo un seguimiento con sus pacientes, Lim se sorprendi\u00f3 al descubrir que esos j\u00f3venes hab\u00edan estado pidiendo a la inteligencia artificial (IA) que les dijera c\u00f3mo se sent\u00edan y cu\u00e1les eran sus problemas. \u201cDescubr\u00ed que me estaban compartiendo una sombra de s\u00ed mismos, pero no de su verdadero yo\u201d, explic\u00f3.<\/p>\n<p><div id=\"attachment_134088\" style=\"width: 896px\" class=\"wp-caption aligncenter\"><img fetchpriority=\"high\" decoding=\"async\" aria-describedby=\"caption-attachment-134088\" class=\" wp-image-134086\" src=\"https:\/\/interamerica.org\/wp-content\/uploads\/2025\/10\/a1-1024x785.jpg\" alt=\"\" width=\"886\" height=\"679\" srcset=\"https:\/\/interamerica.org\/wp-content\/uploads\/2025\/10\/a1-1024x785.jpg 1024w, https:\/\/interamerica.org\/wp-content\/uploads\/2025\/10\/a1-300x230.jpg 300w, https:\/\/interamerica.org\/wp-content\/uploads\/2025\/10\/a1-768x589.jpg 768w, https:\/\/interamerica.org\/wp-content\/uploads\/2025\/10\/a1-1536x1177.jpg 1536w, https:\/\/interamerica.org\/wp-content\/uploads\/2025\/10\/a1-2048x1569.jpg 2048w\" sizes=\"(max-width: 886px) 100vw, 886px\" \/><p id=\"caption-attachment-134088\" class=\"wp-caption-text\">La IA est\u00e1 encogiendo nuestros cerebros, dijo la psicoterapeuta adventista Carolyn Lim durante una presentaci\u00f3n durante ASi 2025 en la Divisi\u00f3n de Asia-Pac\u00edfico Sur en Phuket, Tailandia, el 30 de agosto. A continuaci\u00f3n, sugiri\u00f3 qu\u00e9 podemos hacer al respecto. [Fotograf\u00eda: Marcos Paseggi, Adventist Review]<\/p><\/div>Cuando Lim les ped\u00eda a sus pacientes j\u00f3venes que guardaran sus tel\u00e9fonos y le hablaran del coraz\u00f3n, por lo general se produc\u00edan momentos de inc\u00f3modo silencio. \u201cNo puedo recordar c\u00f3mo me siento\u201d, le dec\u00edan.<\/p>\n<p>Como Lim pronto descubri\u00f3, esos j\u00f3venes no pod\u00edan expresar lo que sent\u00edan sin que la IA les dijera qu\u00e9 decir. Decidi\u00f3 que su m\u00e9todo tradicional de compromiso profesional era inadecuado dadas las circunstancias, y que ten\u00eda que encontrar otra forma de ayudar a sus pacientes a que se abrieran.<\/p>\n<p>El 30 de agosto, Lim dirigi\u00f3 un taller de trabajo durante la convenci\u00f3n <a href=\"https:\/\/adventistreview.org\/news\/adventist-professionals-entrepreneurs-in-south-asia-meet-in-record-setting-event\/\">2025 de los Servicios e Industrias de Laicos Adventistas (ASi) en la Divisi\u00f3n de Asia-Pac\u00edfico Sur (SSD) de la Iglesia Adventista en Phuket, Tailandia<\/a>. Durante su presentaci\u00f3n, Lim comparti\u00f3 algunas de las \u00faltimas investigaciones sobre los efectos negativos de la IA en el desarrollo del cerebro humano y sugiri\u00f3 c\u00f3mo contrarrestar esos efectos.<\/p>\n<h3 class=\"wp-block-heading\"><strong>Conectados pero aislados<\/strong><\/h3>\n<p>Existen importantes desaf\u00edos mentales en Singapur, en especial entre los j\u00f3venes, dijo Lim. \u201cHay adicciones al vapeo, acoso en la escuela y un mayor estr\u00e9s porque muchos est\u00e1n perdiendo sus trabajos debido a la IA\u201d, dijo. \u201cAlrededor del cincuenta por ciento de los graduados no pueden actualmente encontrar un empleo de tiempo completo\u201d.<\/p>\n<p>Adem\u00e1s, explic\u00f3 Lim, los j\u00f3venes ya no hablan mucho. \u201cSimplemente se comunican mediante mensajes de texto y usan ChatGPT para decirles qu\u00e9 comunicar\u201d. Para ella, \u201cesto da mucho miedo, porque no entienden lo que no saben. En Singapur estamos cada vez m\u00e1s aislados. Creemos que estamos conectados, pero no nos entendemos\u201d.<\/p>\n<div id=\"attachment_134094\" style=\"width: 891px\" class=\"wp-caption aligncenter\"><img decoding=\"async\" aria-describedby=\"caption-attachment-134094\" class=\" wp-image-134092\" src=\"https:\/\/interamerica.org\/wp-content\/uploads\/2025\/10\/ai-2-8-1024x683.jpg\" alt=\"\" width=\"881\" height=\"587\" srcset=\"https:\/\/interamerica.org\/wp-content\/uploads\/2025\/10\/ai-2-8-1024x683.jpg 1024w, https:\/\/interamerica.org\/wp-content\/uploads\/2025\/10\/ai-2-8-300x200.jpg 300w, https:\/\/interamerica.org\/wp-content\/uploads\/2025\/10\/ai-2-8-768x512.jpg 768w, https:\/\/interamerica.org\/wp-content\/uploads\/2025\/10\/ai-2-8-1536x1025.jpg 1536w, https:\/\/interamerica.org\/wp-content\/uploads\/2025\/10\/ai-2-8-2048x1367.jpg 2048w\" sizes=\"(max-width: 881px) 100vw, 881px\" \/><p id=\"caption-attachment-134094\" class=\"wp-caption-text\">Asistentes a la convenci\u00f3n en una sesi\u00f3n de trabajo sobre los problemas planteados por el abuso actual de la IA, en especial entre los j\u00f3venes asi\u00e1ticos, y sobre c\u00f3mo enfrentar algunos de esos desaf\u00edos [Fotograf\u00eda: Marcos Paseggi, Adventist Review]<\/p><\/div>\n<h3 class=\"wp-block-heading\"><strong>Una fuente de estr\u00e9s y confusi\u00f3n<\/strong><\/h3>\n<p>Lim tambi\u00e9n explic\u00f3 que cuando los j\u00f3venes acuden a la IA en busca de respuestas, obtienen muchas que son inespec\u00edficas y, a veces, contradictorias. \u201cVen todas esas respuestas y no saben cu\u00e1l es la correcta, por lo que se estresan y confunden m\u00e1s\u201d, dijo.<\/p>\n<p>La situaci\u00f3n est\u00e1 dando lugar a una generaci\u00f3n de j\u00f3venes extremadamente ansiosos y desilusionados, que no quieren levantarse por la ma\u00f1ana para ir a trabajar. Se conoce como \u201cla generaci\u00f3n del impostor\u201d, porque cuando van a trabajar, sonr\u00eden y act\u00faan como si todo estuviera bien, explic\u00f3 Lim. \u201cEvitan mucho los conflictos. Incluso cuando vienen a la sesi\u00f3n y empiezo a hacerles preguntas sobre sus sentimientos, me dicen: \u2018\u00bfPodemos no tocar ese tema? \u00bfPodemos hablar de eso otro d\u00eda?\u2019 Son procrastinadores por naturaleza\u201d.<\/p>\n<p>Otros simplemente se dan por vencidos y terminan qued\u00e1ndose en casa, aislados, en la casa de sus padres. \u201cDejan de buscar trabajo y no tienen amigos\u201d, cont\u00f3 Lim. \u201cY el n\u00famero [de j\u00f3venes en esa situaci\u00f3n] est\u00e1 creciendo constantemente en toda Asia\u201d.<\/p>\n<h3 class=\"wp-block-heading\"><strong>Lo que muestran los estudios cient\u00edficos<\/strong><\/h3>\n<p>Los que est\u00e1n estudiando las interacciones humanas con la IA tambi\u00e9n est\u00e1n viendo patrones preocupantes, inform\u00f3 Lim. \u201cAl principio, la IA es tu asistente, pero luego se convierte en tu consultor: \u2018Ser\u00e1 mejor que consulte primero con ChatGPT\u2019\u201d, ilustr\u00f3 Lim. Despu\u00e9s de un tiempo, la IA se convierte en tu socia: \u2018Ya no puedo vivir sin ti\u2019. Finalmente, la pregunta es: \u00bfPuede la IA convertirse en un amigo? \u00bfO ser incluso tu jefe?\u201d<\/p>\n<p><div id=\"attachment_134097\" style=\"width: 902px\" class=\"wp-caption aligncenter\"><img decoding=\"async\" aria-describedby=\"caption-attachment-134097\" class=\" wp-image-134095\" src=\"https:\/\/interamerica.org\/wp-content\/uploads\/2025\/10\/ai-3-6-1024x683.jpg\" alt=\"\" width=\"892\" height=\"595\" srcset=\"https:\/\/interamerica.org\/wp-content\/uploads\/2025\/10\/ai-3-6-1024x683.jpg 1024w, https:\/\/interamerica.org\/wp-content\/uploads\/2025\/10\/ai-3-6-300x200.jpg 300w, https:\/\/interamerica.org\/wp-content\/uploads\/2025\/10\/ai-3-6-768x512.jpg 768w, https:\/\/interamerica.org\/wp-content\/uploads\/2025\/10\/ai-3-6-1536x1025.jpg 1536w, https:\/\/interamerica.org\/wp-content\/uploads\/2025\/10\/ai-3-6-2048x1367.jpg 2048w\" sizes=\"(max-width: 892px) 100vw, 892px\" \/><p id=\"caption-attachment-134097\" class=\"wp-caption-text\">\u201cSabemos que a pesar de todo lo que est\u00e1 sucediendo, el Esp\u00edritu Santo est\u00e1 ah\u00ed, listo para guiarnos a toda la verdad\u201d, dijo Carolyn Lim durante una presentaci\u00f3n en Phuket, Tailandia, el 30 de agosto. [Fotograf\u00eda: Marcos Paseggi, Adventist Review]<\/p><\/div>Despu\u00e9s de citar estudios cient\u00edficos recientes, Lim cont\u00f3 algunos de los nuevos hallazgos sobre el efecto del abuso de la IA en el cerebro humano. \u201cLa gente ya no piensa, porque le han pedido a la IA que piense por ellos\u201d, dijo. \u201cLos estudios muestran que al cerebro humano no le gusta eso. \u00a1En realidad se est\u00e1 encogiendo!\u201d Explic\u00f3: \u201cHay conexiones humanas que un robot no entiende\u201d.<\/p>\n<p>Lim inform\u00f3 c\u00f3mo <a href=\"https:\/\/time.com\/7295195\/ai-chatgpt-google-learning-school\/\" target=\"_blank\" rel=\"noopener\">un estudio publicado por el Laboratorio de Medios del Instituto de Tecnolog\u00eda de Massachusetts (MIT) en junio de 2025 revel\u00f3 \u201cefectos neuronales y conductuales alarmantes resultantes del uso prolongado de ChatGPT para escribir\u201d. <\/a> Los estudios mostraron una ca\u00edda masiva en la conectividad cerebral (la creatividad y la memoria fueron las m\u00e1s afectadas): bajo sentido de propiedad y escritura rob\u00f3tica (sin alma) y deuda cognitiva (disminuci\u00f3n del pensamiento independiente y del compromiso cerebral). \u201cHe notado mucho ese fen\u00f3meno en mis pacientes j\u00f3venes\u201d, dijo Lim. \u201cNo saben pensar, y como no saben pensar, se confunden y se estresan m\u00e1s\u201d.<\/p>\n<h3 class=\"wp-block-heading\"><strong>\u00bfQu\u00e9 podemos hacer?<\/strong><\/h3>\n<p>Al presenciar la falta de comunidades significativas que tienen algunos de sus pacientes, Lim decidi\u00f3 que crear\u00eda una comunidad para ellos. Al centrarse en la terapia de grupos peque\u00f1os, ahora est\u00e1 tratando de ayudar a los j\u00f3venes a que \u00abguarden sus tel\u00e9fonos y simplemente hablen entre ellos\u201d.<\/p>\n<p>No fue una tarea f\u00e1cil, reconoci\u00f3 Lim, porque al principio \u201cse produc\u00eda demasiado silencio\u201d. De hecho, cont\u00f3, \u201cme hac\u00edan muchas expresiones faciales y gestos, pero no palabras\u201d. Su trabajo consisti\u00f3 en ayudarlos a comenzar a interpretar sus expresiones y gestos y a ponerlos en palabras. \u201cA medida que el mundo se vuelve m\u00e1s silencioso, el dolor y el trauma permanecen ocultos\u201d, explic\u00f3 Lim. \u201cAs\u00ed que nuestro trabajo [como terapeutas] es ayudarlos, mediante la m\u00fasica, el arte u otros m\u00e9todos, a que comiencen a abrirse y entablen conversaciones\u201d, expres\u00f3.<\/p>\n<p><div id=\"attachment_134100\" style=\"width: 920px\" class=\"wp-caption aligncenter\"><img loading=\"lazy\" decoding=\"async\" aria-describedby=\"caption-attachment-134100\" class=\" wp-image-134098\" src=\"https:\/\/interamerica.org\/wp-content\/uploads\/2025\/10\/ai-4-1-1024x683.jpg\" alt=\"\" width=\"910\" height=\"607\" srcset=\"https:\/\/interamerica.org\/wp-content\/uploads\/2025\/10\/ai-4-1-1024x683.jpg 1024w, https:\/\/interamerica.org\/wp-content\/uploads\/2025\/10\/ai-4-1-300x200.jpg 300w, https:\/\/interamerica.org\/wp-content\/uploads\/2025\/10\/ai-4-1-768x512.jpg 768w, https:\/\/interamerica.org\/wp-content\/uploads\/2025\/10\/ai-4-1-1536x1025.jpg 1536w, https:\/\/interamerica.org\/wp-content\/uploads\/2025\/10\/ai-4-1-2048x1367.jpg 2048w\" sizes=\"(max-width: 910px) 100vw, 910px\" \/><p id=\"caption-attachment-134100\" class=\"wp-caption-text\">Durante su presentaci\u00f3n, Carolyn Lim reconoci\u00f3 que la soluci\u00f3n no es prohibir la IA, sino \u201cense\u00f1ar [a las personas] la responsabilidad digital\u201d, porque \u201cla parte componente de discernimiento es extremadamente importante\u201d. [Fotograf\u00eda: Marcos Paseggi, Adventist Review]<\/p><\/div>Lim reconoci\u00f3 que la soluci\u00f3n no es prohibir la IA, que se est\u00e1 convirtiendo en un elemento clave en sus vidas y trabajo. \u201cPero tenemos que ense\u00f1arles la responsabilidad digital; la parte componente de discernimiento es extremadamente importante\u201d.<\/p>\n<p>Explic\u00f3 que sus pacientes, que saben que es adventista del s\u00e9ptimo d\u00eda, provienen de todos los trasfondos religiosos: hay hind\u00faes, budistas y de varias denominaciones cristianas. \u201cPuede que nunca mencione a Elena White por nombre, pero ciertamente parafraseo muchos de sus principios para ayudar a que los j\u00f3venes encuentren direcci\u00f3n en la vida, y ellos no se oponen a ello\u201d, cont\u00f3 Lim. \u201cSiento que estoy practicando evangelismo; tal vez no de una manera directa, pero haciendo todo lo posible para llegar a ellos\u201d.<\/p>\n<h3 class=\"wp-block-heading\"><strong>Una herramienta para alcanzarlos<\/strong><\/h3>\n<p>Lim tambi\u00e9n ha convertido la IA en una herramienta para alcanzarlos. Junto con su esposo, a veces toma notas resumidas de sus sesiones grupales y usa la IA para escribir canciones sobre ellas. \u201cDe esa manera, se puede mantener la confidencialidad pero aun as\u00ed compartir algunos de los conocimientos que estamos obteniendo\u201d, explic\u00f3. \u201cA veces, hacemos terapia de grupo en forma de canciones. No se trata solo de palabras, sino de \u2018ocultar\u2019 discusiones, incluso sobre situaciones traum\u00e1ticas, con una melod\u00eda generada por la IA\u201d.<\/p>\n<p>Algunos pacientes tambi\u00e9n usan la IA por sus capacidades de traducci\u00f3n, explic\u00f3 Lim. En una sociedad multiling\u00fce como la de Singapur, es un elemento muy \u00fatil, reconoci\u00f3. \u201cLos pacientes pueden interactuar entre s\u00ed incluso cuando no hablan el mismo idioma\u201d, dijo. \u201cAs\u00ed que ellos y nosotros estamos usando la IA para beneficiarnos\u201d.<\/p>\n<p>En general, enfatiz\u00f3 Lim, hay un objetivo misionero en todo lo que ella y otros profesionales adventistas similares llevan a cabo. \u201cTenemos que usar todos los medios disponibles para alcanzarlos\u201d, dijo. \u201cAs\u00ed que la pregunta final que les hago es: \u2018\u00bfQui\u00e9n es tu jefe? \u00bfQui\u00e9n te est\u00e1 controlando?\u2019 Porque sabemos que a pesar de todo lo que est\u00e1 sucediendo, el Esp\u00edritu Santo est\u00e1 ah\u00ed, listo para guiarnos a toda la verdad\u201d.<\/p>\n<p>Traducci\u00f3n de Marcos Paseggi<\/p>\n","protected":false},"excerpt":{"rendered":"<p>Psicoterapeuta adventista comparte los \u00faltimos descubrimientos y sugiere un camino a seguir. 4 de octure del 2025 | Tailandia | Marcos Paseggi, Adventist Review Cuando Carolyn Lim, una psicoterapeuta adventista&#8230;<\/p>\n","protected":false},"author":3,"featured_media":134088,"comment_status":"closed","ping_status":"closed","sticky":false,"template":"","format":"standard","meta":{"_acf_changed":false,"footnotes":""},"categories":[14,15],"tags":[],"class_list":["post-134110","post","type-post","status-publish","format-standard","has-post-thumbnail","hentry","category-de-la-iglesia-mundial","category-rss-espanol"],"acf":[],"yoast_head":"<!-- This site is optimized with the Yoast SEO plugin v27.3 - https:\/\/yoast.com\/product\/yoast-seo-wordpress\/ -->\n<title>La inteligencia artificial nos est\u00e1 encogiendo el cerebro. \u00bfQu\u00e9 podemos hacer? - Iglesia Adventista del S\u00e9ptimo D\u00eda - Divisi\u00f3n Interamericana<\/title>\n<meta name=\"robots\" content=\"index, follow, max-snippet:-1, max-image-preview:large, max-video-preview:-1\" \/>\n<link rel=\"canonical\" href=\"https:\/\/interamerica.org\/es\/2025\/10\/la-inteligencia-artificial-nos-esta-encogiendo-el-cerebro-que-podemos-hacer\/\" \/>\n<meta property=\"og:locale\" content=\"es_ES\" \/>\n<meta property=\"og:type\" content=\"article\" \/>\n<meta property=\"og:title\" content=\"La inteligencia artificial nos est\u00e1 encogiendo el cerebro. \u00bfQu\u00e9 podemos hacer? - Iglesia Adventista del S\u00e9ptimo D\u00eda - Divisi\u00f3n Interamericana\" \/>\n<meta property=\"og:description\" content=\"Psicoterapeuta adventista comparte los \u00faltimos descubrimientos y sugiere un camino a seguir. 4 de octure del 2025 | Tailandia | Marcos Paseggi, Adventist Review Cuando Carolyn Lim, una psicoterapeuta adventista...\" \/>\n<meta property=\"og:url\" content=\"https:\/\/interamerica.org\/es\/2025\/10\/la-inteligencia-artificial-nos-esta-encogiendo-el-cerebro-que-podemos-hacer\/\" \/>\n<meta property=\"og:site_name\" content=\"Iglesia Adventista del S\u00e9ptimo D\u00eda - Divisi\u00f3n Interamericana\" \/>\n<meta property=\"article:published_time\" content=\"2025-10-04T20:29:16+00:00\" \/>\n<meta property=\"article:modified_time\" content=\"2025-10-06T18:51:55+00:00\" \/>\n<meta property=\"og:image\" content=\"https:\/\/interamerica.org\/wp-content\/uploads\/2025\/10\/a1-scaled.jpg\" \/>\n\t<meta property=\"og:image:width\" content=\"2560\" \/>\n\t<meta property=\"og:image:height\" content=\"1962\" \/>\n\t<meta property=\"og:image:type\" content=\"image\/jpeg\" \/>\n<meta name=\"author\" content=\"libna\" \/>\n<meta name=\"twitter:card\" content=\"summary_large_image\" \/>\n<meta name=\"twitter:label1\" content=\"Escrito por\" \/>\n\t<meta name=\"twitter:data1\" content=\"libna\" \/>\n\t<meta name=\"twitter:label2\" content=\"Tiempo de lectura\" \/>\n\t<meta name=\"twitter:data2\" content=\"8 minutos\" \/>\n<script type=\"application\/ld+json\" class=\"yoast-schema-graph\">{\"@context\":\"https:\\\/\\\/schema.org\",\"@graph\":[{\"@type\":\"Article\",\"@id\":\"https:\\\/\\\/interamerica.org\\\/es\\\/2025\\\/10\\\/la-inteligencia-artificial-nos-esta-encogiendo-el-cerebro-que-podemos-hacer\\\/#article\",\"isPartOf\":{\"@id\":\"https:\\\/\\\/interamerica.org\\\/es\\\/2025\\\/10\\\/la-inteligencia-artificial-nos-esta-encogiendo-el-cerebro-que-podemos-hacer\\\/\"},\"author\":{\"name\":\"libna\",\"@id\":\"https:\\\/\\\/interamerica.org\\\/es\\\/#\\\/schema\\\/person\\\/29998f2bc2d8bd0d38662909289b54f1\"},\"headline\":\"La inteligencia artificial nos est\u00e1 encogiendo el cerebro. \u00bfQu\u00e9 podemos hacer?\",\"datePublished\":\"2025-10-04T20:29:16+00:00\",\"dateModified\":\"2025-10-06T18:51:55+00:00\",\"mainEntityOfPage\":{\"@id\":\"https:\\\/\\\/interamerica.org\\\/es\\\/2025\\\/10\\\/la-inteligencia-artificial-nos-esta-encogiendo-el-cerebro-que-podemos-hacer\\\/\"},\"wordCount\":1611,\"image\":{\"@id\":\"https:\\\/\\\/interamerica.org\\\/es\\\/2025\\\/10\\\/la-inteligencia-artificial-nos-esta-encogiendo-el-cerebro-que-podemos-hacer\\\/#primaryimage\"},\"thumbnailUrl\":\"https:\\\/\\\/interamerica.org\\\/wp-content\\\/uploads\\\/2025\\\/10\\\/a1-scaled.jpg\",\"articleSection\":[\"Desde la iglesia mundial\",\"RSS Espa\u00f1ol\"],\"inLanguage\":\"es\"},{\"@type\":\"WebPage\",\"@id\":\"https:\\\/\\\/interamerica.org\\\/es\\\/2025\\\/10\\\/la-inteligencia-artificial-nos-esta-encogiendo-el-cerebro-que-podemos-hacer\\\/\",\"url\":\"https:\\\/\\\/interamerica.org\\\/es\\\/2025\\\/10\\\/la-inteligencia-artificial-nos-esta-encogiendo-el-cerebro-que-podemos-hacer\\\/\",\"name\":\"La inteligencia artificial nos est\u00e1 encogiendo el cerebro. \u00bfQu\u00e9 podemos hacer? - Iglesia Adventista del S\u00e9ptimo D\u00eda - Divisi\u00f3n Interamericana\",\"isPartOf\":{\"@id\":\"https:\\\/\\\/interamerica.org\\\/es\\\/#website\"},\"primaryImageOfPage\":{\"@id\":\"https:\\\/\\\/interamerica.org\\\/es\\\/2025\\\/10\\\/la-inteligencia-artificial-nos-esta-encogiendo-el-cerebro-que-podemos-hacer\\\/#primaryimage\"},\"image\":{\"@id\":\"https:\\\/\\\/interamerica.org\\\/es\\\/2025\\\/10\\\/la-inteligencia-artificial-nos-esta-encogiendo-el-cerebro-que-podemos-hacer\\\/#primaryimage\"},\"thumbnailUrl\":\"https:\\\/\\\/interamerica.org\\\/wp-content\\\/uploads\\\/2025\\\/10\\\/a1-scaled.jpg\",\"datePublished\":\"2025-10-04T20:29:16+00:00\",\"dateModified\":\"2025-10-06T18:51:55+00:00\",\"author\":{\"@id\":\"https:\\\/\\\/interamerica.org\\\/es\\\/#\\\/schema\\\/person\\\/29998f2bc2d8bd0d38662909289b54f1\"},\"breadcrumb\":{\"@id\":\"https:\\\/\\\/interamerica.org\\\/es\\\/2025\\\/10\\\/la-inteligencia-artificial-nos-esta-encogiendo-el-cerebro-que-podemos-hacer\\\/#breadcrumb\"},\"inLanguage\":\"es\",\"potentialAction\":[{\"@type\":\"ReadAction\",\"target\":[\"https:\\\/\\\/interamerica.org\\\/es\\\/2025\\\/10\\\/la-inteligencia-artificial-nos-esta-encogiendo-el-cerebro-que-podemos-hacer\\\/\"]}]},{\"@type\":\"ImageObject\",\"inLanguage\":\"es\",\"@id\":\"https:\\\/\\\/interamerica.org\\\/es\\\/2025\\\/10\\\/la-inteligencia-artificial-nos-esta-encogiendo-el-cerebro-que-podemos-hacer\\\/#primaryimage\",\"url\":\"https:\\\/\\\/interamerica.org\\\/wp-content\\\/uploads\\\/2025\\\/10\\\/a1-scaled.jpg\",\"contentUrl\":\"https:\\\/\\\/interamerica.org\\\/wp-content\\\/uploads\\\/2025\\\/10\\\/a1-scaled.jpg\",\"width\":2560,\"height\":1962,\"caption\":\"AI is shrinking our brains, Seventh-day Adventist psychotherapist Carolyn Lim said during the 2025 ASi convention in the Southern Asia-Pacific Division in Phuket, Thailand, August 30. She then suggested what we can do about it. [Photo: Marcos Paseggi, Adventist Review]\"},{\"@type\":\"BreadcrumbList\",\"@id\":\"https:\\\/\\\/interamerica.org\\\/es\\\/2025\\\/10\\\/la-inteligencia-artificial-nos-esta-encogiendo-el-cerebro-que-podemos-hacer\\\/#breadcrumb\",\"itemListElement\":[{\"@type\":\"ListItem\",\"position\":1,\"name\":\"Home\",\"item\":\"https:\\\/\\\/interamerica.org\\\/es\\\/\"},{\"@type\":\"ListItem\",\"position\":2,\"name\":\"La inteligencia artificial nos est\u00e1 encogiendo el cerebro. \u00bfQu\u00e9 podemos hacer?\"}]},{\"@type\":\"WebSite\",\"@id\":\"https:\\\/\\\/interamerica.org\\\/es\\\/#website\",\"url\":\"https:\\\/\\\/interamerica.org\\\/es\\\/\",\"name\":\"Iglesia Adventista del S\u00e9ptimo D\u00eda - Divisi\u00f3n Interamericana\",\"description\":\"\",\"potentialAction\":[{\"@type\":\"SearchAction\",\"target\":{\"@type\":\"EntryPoint\",\"urlTemplate\":\"https:\\\/\\\/interamerica.org\\\/es\\\/?s={search_term_string}\"},\"query-input\":{\"@type\":\"PropertyValueSpecification\",\"valueRequired\":true,\"valueName\":\"search_term_string\"}}],\"inLanguage\":\"es\"},{\"@type\":\"Person\",\"@id\":\"https:\\\/\\\/interamerica.org\\\/es\\\/#\\\/schema\\\/person\\\/29998f2bc2d8bd0d38662909289b54f1\",\"name\":\"libna\",\"image\":{\"@type\":\"ImageObject\",\"inLanguage\":\"es\",\"@id\":\"https:\\\/\\\/secure.gravatar.com\\\/avatar\\\/7c5bd30ae4b47a9ba3c856590957fd1d96dc588bf3ac05719d247e126840331f?s=96&d=mm&r=g\",\"url\":\"https:\\\/\\\/secure.gravatar.com\\\/avatar\\\/7c5bd30ae4b47a9ba3c856590957fd1d96dc588bf3ac05719d247e126840331f?s=96&d=mm&r=g\",\"contentUrl\":\"https:\\\/\\\/secure.gravatar.com\\\/avatar\\\/7c5bd30ae4b47a9ba3c856590957fd1d96dc588bf3ac05719d247e126840331f?s=96&d=mm&r=g\",\"caption\":\"libna\"}}]}<\/script>\n<!-- \/ Yoast SEO plugin. -->","yoast_head_json":{"title":"La inteligencia artificial nos est\u00e1 encogiendo el cerebro. \u00bfQu\u00e9 podemos hacer? - Iglesia Adventista del S\u00e9ptimo D\u00eda - Divisi\u00f3n Interamericana","robots":{"index":"index","follow":"follow","max-snippet":"max-snippet:-1","max-image-preview":"max-image-preview:large","max-video-preview":"max-video-preview:-1"},"canonical":"https:\/\/interamerica.org\/es\/2025\/10\/la-inteligencia-artificial-nos-esta-encogiendo-el-cerebro-que-podemos-hacer\/","og_locale":"es_ES","og_type":"article","og_title":"La inteligencia artificial nos est\u00e1 encogiendo el cerebro. \u00bfQu\u00e9 podemos hacer? - Iglesia Adventista del S\u00e9ptimo D\u00eda - Divisi\u00f3n Interamericana","og_description":"Psicoterapeuta adventista comparte los \u00faltimos descubrimientos y sugiere un camino a seguir. 4 de octure del 2025 | Tailandia | Marcos Paseggi, Adventist Review Cuando Carolyn Lim, una psicoterapeuta adventista...","og_url":"https:\/\/interamerica.org\/es\/2025\/10\/la-inteligencia-artificial-nos-esta-encogiendo-el-cerebro-que-podemos-hacer\/","og_site_name":"Iglesia Adventista del S\u00e9ptimo D\u00eda - Divisi\u00f3n Interamericana","article_published_time":"2025-10-04T20:29:16+00:00","article_modified_time":"2025-10-06T18:51:55+00:00","og_image":[{"width":2560,"height":1962,"url":"https:\/\/interamerica.org\/wp-content\/uploads\/2025\/10\/a1-scaled.jpg","type":"image\/jpeg"}],"author":"libna","twitter_card":"summary_large_image","twitter_misc":{"Escrito por":"libna","Tiempo de lectura":"8 minutos"},"schema":{"@context":"https:\/\/schema.org","@graph":[{"@type":"Article","@id":"https:\/\/interamerica.org\/es\/2025\/10\/la-inteligencia-artificial-nos-esta-encogiendo-el-cerebro-que-podemos-hacer\/#article","isPartOf":{"@id":"https:\/\/interamerica.org\/es\/2025\/10\/la-inteligencia-artificial-nos-esta-encogiendo-el-cerebro-que-podemos-hacer\/"},"author":{"name":"libna","@id":"https:\/\/interamerica.org\/es\/#\/schema\/person\/29998f2bc2d8bd0d38662909289b54f1"},"headline":"La inteligencia artificial nos est\u00e1 encogiendo el cerebro. \u00bfQu\u00e9 podemos hacer?","datePublished":"2025-10-04T20:29:16+00:00","dateModified":"2025-10-06T18:51:55+00:00","mainEntityOfPage":{"@id":"https:\/\/interamerica.org\/es\/2025\/10\/la-inteligencia-artificial-nos-esta-encogiendo-el-cerebro-que-podemos-hacer\/"},"wordCount":1611,"image":{"@id":"https:\/\/interamerica.org\/es\/2025\/10\/la-inteligencia-artificial-nos-esta-encogiendo-el-cerebro-que-podemos-hacer\/#primaryimage"},"thumbnailUrl":"https:\/\/interamerica.org\/wp-content\/uploads\/2025\/10\/a1-scaled.jpg","articleSection":["Desde la iglesia mundial","RSS Espa\u00f1ol"],"inLanguage":"es"},{"@type":"WebPage","@id":"https:\/\/interamerica.org\/es\/2025\/10\/la-inteligencia-artificial-nos-esta-encogiendo-el-cerebro-que-podemos-hacer\/","url":"https:\/\/interamerica.org\/es\/2025\/10\/la-inteligencia-artificial-nos-esta-encogiendo-el-cerebro-que-podemos-hacer\/","name":"La inteligencia artificial nos est\u00e1 encogiendo el cerebro. \u00bfQu\u00e9 podemos hacer? - Iglesia Adventista del S\u00e9ptimo D\u00eda - Divisi\u00f3n Interamericana","isPartOf":{"@id":"https:\/\/interamerica.org\/es\/#website"},"primaryImageOfPage":{"@id":"https:\/\/interamerica.org\/es\/2025\/10\/la-inteligencia-artificial-nos-esta-encogiendo-el-cerebro-que-podemos-hacer\/#primaryimage"},"image":{"@id":"https:\/\/interamerica.org\/es\/2025\/10\/la-inteligencia-artificial-nos-esta-encogiendo-el-cerebro-que-podemos-hacer\/#primaryimage"},"thumbnailUrl":"https:\/\/interamerica.org\/wp-content\/uploads\/2025\/10\/a1-scaled.jpg","datePublished":"2025-10-04T20:29:16+00:00","dateModified":"2025-10-06T18:51:55+00:00","author":{"@id":"https:\/\/interamerica.org\/es\/#\/schema\/person\/29998f2bc2d8bd0d38662909289b54f1"},"breadcrumb":{"@id":"https:\/\/interamerica.org\/es\/2025\/10\/la-inteligencia-artificial-nos-esta-encogiendo-el-cerebro-que-podemos-hacer\/#breadcrumb"},"inLanguage":"es","potentialAction":[{"@type":"ReadAction","target":["https:\/\/interamerica.org\/es\/2025\/10\/la-inteligencia-artificial-nos-esta-encogiendo-el-cerebro-que-podemos-hacer\/"]}]},{"@type":"ImageObject","inLanguage":"es","@id":"https:\/\/interamerica.org\/es\/2025\/10\/la-inteligencia-artificial-nos-esta-encogiendo-el-cerebro-que-podemos-hacer\/#primaryimage","url":"https:\/\/interamerica.org\/wp-content\/uploads\/2025\/10\/a1-scaled.jpg","contentUrl":"https:\/\/interamerica.org\/wp-content\/uploads\/2025\/10\/a1-scaled.jpg","width":2560,"height":1962,"caption":"AI is shrinking our brains, Seventh-day Adventist psychotherapist Carolyn Lim said during the 2025 ASi convention in the Southern Asia-Pacific Division in Phuket, Thailand, August 30. She then suggested what we can do about it. [Photo: Marcos Paseggi, Adventist Review]"},{"@type":"BreadcrumbList","@id":"https:\/\/interamerica.org\/es\/2025\/10\/la-inteligencia-artificial-nos-esta-encogiendo-el-cerebro-que-podemos-hacer\/#breadcrumb","itemListElement":[{"@type":"ListItem","position":1,"name":"Home","item":"https:\/\/interamerica.org\/es\/"},{"@type":"ListItem","position":2,"name":"La inteligencia artificial nos est\u00e1 encogiendo el cerebro. \u00bfQu\u00e9 podemos hacer?"}]},{"@type":"WebSite","@id":"https:\/\/interamerica.org\/es\/#website","url":"https:\/\/interamerica.org\/es\/","name":"Iglesia Adventista del S\u00e9ptimo D\u00eda - Divisi\u00f3n Interamericana","description":"","potentialAction":[{"@type":"SearchAction","target":{"@type":"EntryPoint","urlTemplate":"https:\/\/interamerica.org\/es\/?s={search_term_string}"},"query-input":{"@type":"PropertyValueSpecification","valueRequired":true,"valueName":"search_term_string"}}],"inLanguage":"es"},{"@type":"Person","@id":"https:\/\/interamerica.org\/es\/#\/schema\/person\/29998f2bc2d8bd0d38662909289b54f1","name":"libna","image":{"@type":"ImageObject","inLanguage":"es","@id":"https:\/\/secure.gravatar.com\/avatar\/7c5bd30ae4b47a9ba3c856590957fd1d96dc588bf3ac05719d247e126840331f?s=96&d=mm&r=g","url":"https:\/\/secure.gravatar.com\/avatar\/7c5bd30ae4b47a9ba3c856590957fd1d96dc588bf3ac05719d247e126840331f?s=96&d=mm&r=g","contentUrl":"https:\/\/secure.gravatar.com\/avatar\/7c5bd30ae4b47a9ba3c856590957fd1d96dc588bf3ac05719d247e126840331f?s=96&d=mm&r=g","caption":"libna"}}]}},"_links":{"self":[{"href":"https:\/\/interamerica.org\/es\/wp-json\/wp\/v2\/posts\/134110","targetHints":{"allow":["GET"]}}],"collection":[{"href":"https:\/\/interamerica.org\/es\/wp-json\/wp\/v2\/posts"}],"about":[{"href":"https:\/\/interamerica.org\/es\/wp-json\/wp\/v2\/types\/post"}],"author":[{"embeddable":true,"href":"https:\/\/interamerica.org\/es\/wp-json\/wp\/v2\/users\/3"}],"replies":[{"embeddable":true,"href":"https:\/\/interamerica.org\/es\/wp-json\/wp\/v2\/comments?post=134110"}],"version-history":[{"count":2,"href":"https:\/\/interamerica.org\/es\/wp-json\/wp\/v2\/posts\/134110\/revisions"}],"predecessor-version":[{"id":134174,"href":"https:\/\/interamerica.org\/es\/wp-json\/wp\/v2\/posts\/134110\/revisions\/134174"}],"wp:featuredmedia":[{"embeddable":true,"href":"https:\/\/interamerica.org\/es\/wp-json\/wp\/v2\/media\/134088"}],"wp:attachment":[{"href":"https:\/\/interamerica.org\/es\/wp-json\/wp\/v2\/media?parent=134110"}],"wp:term":[{"taxonomy":"category","embeddable":true,"href":"https:\/\/interamerica.org\/es\/wp-json\/wp\/v2\/categories?post=134110"},{"taxonomy":"post_tag","embeddable":true,"href":"https:\/\/interamerica.org\/es\/wp-json\/wp\/v2\/tags?post=134110"}],"curies":[{"name":"wp","href":"https:\/\/api.w.org\/{rel}","templated":true}]}}