{"id":135028,"date":"2025-10-28T21:13:44","date_gmt":"2025-10-29T01:13:44","guid":{"rendered":"https:\/\/interamerica.org\/?p=135028"},"modified":"2025-10-31T12:58:17","modified_gmt":"2025-10-31T16:58:17","slug":"el-gobierno-colombiano-honra-a-los-jovenes-adventistas-por-promover-la-paz-y-el-servicio-comunitario","status":"publish","type":"post","link":"https:\/\/interamerica.org\/es\/2025\/10\/el-gobierno-colombiano-honra-a-los-jovenes-adventistas-por-promover-la-paz-y-el-servicio-comunitario\/","title":{"rendered":"El gobierno colombiano honra a los j\u00f3venes adventistas por promover la paz y el servicio comunitario"},"content":{"rendered":"<p><div id=\"attachment_135005\" style=\"width: 1034px\" class=\"wp-caption aligncenter\"><img fetchpriority=\"high\" decoding=\"async\" aria-describedby=\"caption-attachment-135005\" class=\"size-large wp-image-135003\" src=\"https:\/\/interamerica.org\/wp-content\/uploads\/2025\/10\/nocu-cartagena-hall-1024x580.jpg\" alt=\"\" width=\"1024\" height=\"580\" srcset=\"https:\/\/interamerica.org\/wp-content\/uploads\/2025\/10\/nocu-cartagena-hall-1024x580.jpg 1024w, https:\/\/interamerica.org\/wp-content\/uploads\/2025\/10\/nocu-cartagena-hall-300x170.jpg 300w, https:\/\/interamerica.org\/wp-content\/uploads\/2025\/10\/nocu-cartagena-hall-768x435.jpg 768w, https:\/\/interamerica.org\/wp-content\/uploads\/2025\/10\/nocu-cartagena-hall.jpg 1440w\" sizes=\"(max-width: 1024px) 100vw, 1024px\" \/><p id=\"caption-attachment-135005\" class=\"wp-caption-text\">Los miembros del Club de Aventureros, Conquistadores y Gu\u00edas Mayores en Mar\u00eda La Baja se sumaron a la ceremonia de reconocimiento del gobierno de Bol\u00edvar el pasado 23 de octubre de 2025, por su compromiso con la juventud, la paz y el servicio comunitario. [Fotograf\u00eda: Asociaci\u00f3n del Caribe Colombiano]<\/p><\/div><em>El reconocimiento en Cartagena destaca el papel de la Iglesia Adventista en la formaci\u00f3n de l\u00edderes j\u00f3venes.<\/em><\/p>\n<p>24 de octubre de 2025 | Medell\u00edn, Colombia | Cristin Serrano y personal de Noticias de la Divisi\u00f3n Interamericana<\/p>\n<p>El 23 de octubre de 2025, durante una ceremonia oficial en la Plaza de la Proclamaci\u00f3n de Cartagena, en la costa norte de Colombia, el Gobierno del Departamento de Bol\u00edvar, mediante su Escuela de Gobierno y Liderazgo, otorg\u00f3 un reconocimiento especial a la Iglesia Adventista del S\u00e9ptimo D\u00eda por su labor misionera y educativa en la formaci\u00f3n de j\u00f3venes l\u00edderes comprometidos con la paz, el servicio comunitario y el desarrollo social en el municipio de Mar\u00eda La Baja.<\/p>\n<p>El reconocimiento, el primero de su tipo, fue entregado a los l\u00edderes de la iglesia por el doctor Javier Posada Meola, director de la Escuela de Gobierno y Liderazgo del Ministerio del Interior del Departamento, como parte del programa \u201cFormando J\u00f3venes para la Paz y el Desarrollo\u201d, una iniciativa dise\u00f1ada para fortalecer la convivencia social y ecol\u00f3gica pac\u00edfica. El programa tambi\u00e9n fomenta asociaciones con organizaciones nacionales e internacionales para promover los derechos humanos y fomentar una cultura de respeto y solidaridad.<\/p>\n<p><div id=\"attachment_135013\" style=\"width: 1082px\" class=\"wp-caption aligncenter\"><img decoding=\"async\" aria-describedby=\"caption-attachment-135013\" class=\" wp-image-135011\" src=\"https:\/\/interamerica.org\/wp-content\/uploads\/2025\/10\/nocu-cartagena-honoring-pastor-1024x576.jpg\" alt=\"\" width=\"1072\" height=\"603\" srcset=\"https:\/\/interamerica.org\/wp-content\/uploads\/2025\/10\/nocu-cartagena-honoring-pastor-1024x576.jpg 1024w, https:\/\/interamerica.org\/wp-content\/uploads\/2025\/10\/nocu-cartagena-honoring-pastor-300x169.jpg 300w, https:\/\/interamerica.org\/wp-content\/uploads\/2025\/10\/nocu-cartagena-honoring-pastor-768x432.jpg 768w, https:\/\/interamerica.org\/wp-content\/uploads\/2025\/10\/nocu-cartagena-honoring-pastor.jpg 1201w\" sizes=\"(max-width: 1072px) 100vw, 1072px\" \/><p id=\"caption-attachment-135013\" class=\"wp-caption-text\">La doctora Elizabeth Cuadro Guti\u00e9rrez (izquierda), Enlace Territorial para Asuntos Religiosos en Bol\u00edvar, y el doctor Javier Posada Meola (derecha), director de la Escuela de Gobierno y Liderazgo del Gobierno de Bol\u00edvar, entregan el premio al pastor Johnny Rhenals (centro), presidente de la Asociaci\u00f3n del Caribe Colombiano, en reconocimiento a la labor misionera y educativa de la Iglesia Adventista en Mar\u00eda La Baja. [Fotograf\u00eda: Asociaci\u00f3n del Caribe Colombiano]<\/p><\/div>La declaraci\u00f3n destac\u00f3 que, gracias a sus Clubes de Aventureros, Conquistadores y Gu\u00edas Maestros, la Iglesia Adventista promueve el desarrollo integral de los ni\u00f1os y j\u00f3venes, ense\u00f1ando valores de paz, servicio y empat\u00eda, y equip\u00e1ndolos para resolver conflictos de manera constructiva.<\/p>\n<p>El pastor Doiler Torres, l\u00edder del distrito de la Misi\u00f3n Mar\u00eda La Baja, enfatiz\u00f3 que el trabajo de los clubes juveniles ha sido fundamental para construir la paz por medio del crecimiento personal, educando a ni\u00f1os, j\u00f3venes y adultos en las dimensiones f\u00edsica, mental, espiritual y social.<\/p>\n<p>\u201cEn nuestro territorio de Mar\u00eda La Baja, la pastoral juvenil ha crecido en medio de la incertidumbre\u201d, dijo Torres. \u201cA pesar de las crisis y las condiciones vulnerables de nuestras comunidades, los ni\u00f1os, j\u00f3venes y adultos aqu\u00ed contin\u00faan sonriendo, so\u00f1ando y alcanzando sus metas. Ayudamos a construir la paz mediante reuniones juveniles, ministerios de mujeres y ni\u00f1os, actos de compasi\u00f3n y liderazgo de servicio\u201d.<\/p>\n<p><div id=\"attachment_135016\" style=\"width: 934px\" class=\"wp-caption aligncenter\"><img decoding=\"async\" aria-describedby=\"caption-attachment-135016\" class=\" wp-image-135014\" src=\"https:\/\/interamerica.org\/wp-content\/uploads\/2025\/10\/nocu-cartagena-adventist-leaders.jpg\" alt=\"\" width=\"924\" height=\"810\" srcset=\"https:\/\/interamerica.org\/wp-content\/uploads\/2025\/10\/nocu-cartagena-adventist-leaders.jpg 720w, https:\/\/interamerica.org\/wp-content\/uploads\/2025\/10\/nocu-cartagena-adventist-leaders-300x263.jpg 300w\" sizes=\"(max-width: 924px) 100vw, 924px\" \/><p id=\"caption-attachment-135016\" class=\"wp-caption-text\">Los pastores Johnny Rhenals y Doiler Torres asisten a la ceremonia de reconocimiento del gobierno de Bol\u00edvar. [Fotograf\u00eda: Asociaci\u00f3n del Caribe Colombiano]<\/p><\/div>Torres agreg\u00f3 que la paz se construye por medio de actos peque\u00f1os y significativos, \u201ccuando vemos la alegr\u00eda de un ni\u00f1o que recibe un regalo y una lecci\u00f3n, una madre agradecida por una canasta de alimentos o una familia que recibe atenci\u00f3n m\u00e9dica y orientaci\u00f3n espiritual\u201d, dijo. \u201cNuestro prop\u00f3sito es que Jesucristo crezca, y nosotros meng\u00fcemos\u201d (Juan 3:30).<\/p>\n<p>El reconocimiento tuvo lugar durante el Encuentro Interreligioso \u201cBol\u00edvar Mejor en Paz\u201d, un evento impulsado por el gobierno para reunir a representantes de diversas religiones y fomentar el di\u00e1logo interreligioso, la igualdad, la paz y el compromiso con el cuidado y la sostenibilidad del medio ambiente.<\/p>\n<p>Durante el evento, los organizadores hicieron la pregunta: \u201c\u00bfQu\u00e9 es la paz?\u201d Los l\u00edderes adventistas respondieron con las palabras de Jes\u00fas: \u201cLa paz os dejo; mi paz te doy. No os doy como el mundo da. No se turbe vuestro coraz\u00f3n ni teng\u00e1is miedo\u201d (Juan 14:27).<\/p>\n<p><div id=\"attachment_135019\" style=\"width: 1167px\" class=\"wp-caption aligncenter\"><img loading=\"lazy\" decoding=\"async\" aria-describedby=\"caption-attachment-135019\" class=\" wp-image-135017\" src=\"https:\/\/interamerica.org\/wp-content\/uploads\/2025\/10\/nocu-cartagena-rhenal-1024x576.jpg\" alt=\"\" width=\"1157\" height=\"651\" srcset=\"https:\/\/interamerica.org\/wp-content\/uploads\/2025\/10\/nocu-cartagena-rhenal-1024x576.jpg 1024w, https:\/\/interamerica.org\/wp-content\/uploads\/2025\/10\/nocu-cartagena-rhenal-300x169.jpg 300w, https:\/\/interamerica.org\/wp-content\/uploads\/2025\/10\/nocu-cartagena-rhenal-768x432.jpg 768w, https:\/\/interamerica.org\/wp-content\/uploads\/2025\/10\/nocu-cartagena-rhenal.jpg 1280w\" sizes=\"(max-width: 1157px) 100vw, 1157px\" \/><p id=\"caption-attachment-135019\" class=\"wp-caption-text\">Durante el Encuentro Interreligioso \u201cBol\u00edvar Mejor en Paz\u201d, representantes adventistas del s\u00e9ptimo d\u00eda se reunieron con autoridades locales para analizar el papel de los j\u00f3venes en la promoci\u00f3n de la paz y el servicio comunitario. [Fotograf\u00eda: Asociaci\u00f3n del Caribe Colombiano]<\/p><\/div>La reflexi\u00f3n subray\u00f3 que la paz no es simplemente un concepto, sino una persona, Jes\u00fas, cuya presencia brinda serenidad en medio de la adversidad, resiliencia en las pruebas y esperanza en tiempos de crisis, explic\u00f3 el pastor Torres.<\/p>\n<p>El pastor Johnny Rhenals, presidente de la Asociaci\u00f3n del Caribe Colombiano, recibi\u00f3 el reconocimiento en nombre de la iglesia y expres\u00f3 su gratitud por el honor. \u201cLa misi\u00f3n de la iglesia es servir, y ver a nuestros j\u00f3venes reconocidos por su influencia positiva en la sociedad es motivo de alegr\u00eda y un compromiso para seguir trabajando por el bienestar integral de nuestras comunidades\u201d, dijo Rhenals.<\/p>\n<p>A la ceremonia asistieron funcionarios del gobierno, representantes de varios grupos religiosos y miembros de la comunidad adventista local, quienes celebraron el reconocimiento como evidencia del compromiso continuo de la iglesia de criar nuevas generaciones que sirvan a Dios y a la sociedad con liderazgo cristiano y prop\u00f3sito misionero.<\/p>\n<p><div id=\"attachment_135022\" style=\"width: 1154px\" class=\"wp-caption aligncenter\"><img loading=\"lazy\" decoding=\"async\" aria-describedby=\"caption-attachment-135022\" class=\" wp-image-135020\" src=\"https:\/\/interamerica.org\/wp-content\/uploads\/2025\/10\/nocu-cartagena-youth-1024x754.jpg\" alt=\"\" width=\"1144\" height=\"842\" srcset=\"https:\/\/interamerica.org\/wp-content\/uploads\/2025\/10\/nocu-cartagena-youth-1024x754.jpg 1024w, https:\/\/interamerica.org\/wp-content\/uploads\/2025\/10\/nocu-cartagena-youth-300x221.jpg 300w, https:\/\/interamerica.org\/wp-content\/uploads\/2025\/10\/nocu-cartagena-youth-768x566.jpg 768w, https:\/\/interamerica.org\/wp-content\/uploads\/2025\/10\/nocu-cartagena-youth.jpg 1280w\" sizes=\"(max-width: 1144px) 100vw, 1144px\" \/><p id=\"caption-attachment-135022\" class=\"wp-caption-text\">J\u00f3venes adventistas posan para una foto grupal en la Plaza de la Proclamaci\u00f3n en Cartagena, Colombia, el 23 de octubre de 2025. [Fotograf\u00eda: Asociaci\u00f3n del Caribe Colombiano]<\/p><\/div>Esta distinci\u00f3n reafirma el papel de la Iglesia Adventista del S\u00e9ptimo D\u00eda como agente activo en la construcci\u00f3n de una cultura de paz y servicio, compartiendo mensajes de fe y esperanza por medio de la predicaci\u00f3n y el ejemplo. \u201cPor medio de su obra educativa, misionera y comunitaria\u201d, concluy\u00f3 Rhenals, \u201cla iglesia contin\u00faa fortaleciendo su compromiso con el desarrollo social, la educaci\u00f3n cristiana y el bienestar integral de las comunidades dentro de esta regi\u00f3n\u201d.<\/p>\n<p>Traducci\u00f3n de Marcos Paseggi<\/p>\n","protected":false},"excerpt":{"rendered":"<p>El reconocimiento en Cartagena destaca el papel de la Iglesia Adventista en la formaci\u00f3n de l\u00edderes j\u00f3venes. 24 de octubre de 2025 | Medell\u00edn, Colombia | Cristin Serrano y personal&#8230;<\/p>\n","protected":false},"author":3,"featured_media":135005,"comment_status":"closed","ping_status":"closed","sticky":false,"template":"","format":"standard","meta":{"_acf_changed":false,"footnotes":""},"categories":[17,15],"tags":[],"class_list":["post-135028","post","type-post","status-publish","format-standard","has-post-thumbnail","hentry","category-desde-el-campo","category-rss-espanol"],"acf":[],"yoast_head":"<!-- This site is optimized with the Yoast SEO plugin v27.3 - https:\/\/yoast.com\/product\/yoast-seo-wordpress\/ -->\n<title>El gobierno colombiano honra a los j\u00f3venes adventistas por promover la paz y el servicio comunitario - Iglesia Adventista del S\u00e9ptimo D\u00eda - Divisi\u00f3n Interamericana<\/title>\n<meta name=\"robots\" content=\"index, follow, max-snippet:-1, max-image-preview:large, max-video-preview:-1\" \/>\n<link rel=\"canonical\" href=\"https:\/\/interamerica.org\/es\/2025\/10\/el-gobierno-colombiano-honra-a-los-jovenes-adventistas-por-promover-la-paz-y-el-servicio-comunitario\/\" \/>\n<meta property=\"og:locale\" content=\"es_ES\" \/>\n<meta property=\"og:type\" content=\"article\" \/>\n<meta property=\"og:title\" content=\"El gobierno colombiano honra a los j\u00f3venes adventistas por promover la paz y el servicio comunitario - Iglesia Adventista del S\u00e9ptimo D\u00eda - Divisi\u00f3n Interamericana\" \/>\n<meta property=\"og:description\" content=\"El reconocimiento en Cartagena destaca el papel de la Iglesia Adventista en la formaci\u00f3n de l\u00edderes j\u00f3venes. 24 de octubre de 2025 | Medell\u00edn, Colombia | Cristin Serrano y personal...\" \/>\n<meta property=\"og:url\" content=\"https:\/\/interamerica.org\/es\/2025\/10\/el-gobierno-colombiano-honra-a-los-jovenes-adventistas-por-promover-la-paz-y-el-servicio-comunitario\/\" \/>\n<meta property=\"og:site_name\" content=\"Iglesia Adventista del S\u00e9ptimo D\u00eda - Divisi\u00f3n Interamericana\" \/>\n<meta property=\"article:published_time\" content=\"2025-10-29T01:13:44+00:00\" \/>\n<meta property=\"article:modified_time\" content=\"2025-10-31T16:58:17+00:00\" \/>\n<meta property=\"og:image\" content=\"https:\/\/interamerica.org\/wp-content\/uploads\/2025\/10\/nocu-cartagena-hall.jpg\" \/>\n\t<meta property=\"og:image:width\" content=\"1440\" \/>\n\t<meta property=\"og:image:height\" content=\"815\" \/>\n\t<meta property=\"og:image:type\" content=\"image\/jpeg\" \/>\n<meta name=\"author\" content=\"libna\" \/>\n<meta name=\"twitter:card\" content=\"summary_large_image\" \/>\n<meta name=\"twitter:label1\" content=\"Escrito por\" \/>\n\t<meta name=\"twitter:data1\" content=\"libna\" \/>\n\t<meta name=\"twitter:label2\" content=\"Tiempo de lectura\" \/>\n\t<meta name=\"twitter:data2\" content=\"6 minutos\" \/>\n<script type=\"application\/ld+json\" class=\"yoast-schema-graph\">{\"@context\":\"https:\\\/\\\/schema.org\",\"@graph\":[{\"@type\":\"Article\",\"@id\":\"https:\\\/\\\/interamerica.org\\\/es\\\/2025\\\/10\\\/el-gobierno-colombiano-honra-a-los-jovenes-adventistas-por-promover-la-paz-y-el-servicio-comunitario\\\/#article\",\"isPartOf\":{\"@id\":\"https:\\\/\\\/interamerica.org\\\/es\\\/2025\\\/10\\\/el-gobierno-colombiano-honra-a-los-jovenes-adventistas-por-promover-la-paz-y-el-servicio-comunitario\\\/\"},\"author\":{\"name\":\"libna\",\"@id\":\"https:\\\/\\\/interamerica.org\\\/es\\\/#\\\/schema\\\/person\\\/29998f2bc2d8bd0d38662909289b54f1\"},\"headline\":\"El gobierno colombiano honra a los j\u00f3venes adventistas por promover la paz y el servicio comunitario\",\"datePublished\":\"2025-10-29T01:13:44+00:00\",\"dateModified\":\"2025-10-31T16:58:17+00:00\",\"mainEntityOfPage\":{\"@id\":\"https:\\\/\\\/interamerica.org\\\/es\\\/2025\\\/10\\\/el-gobierno-colombiano-honra-a-los-jovenes-adventistas-por-promover-la-paz-y-el-servicio-comunitario\\\/\"},\"wordCount\":1069,\"image\":{\"@id\":\"https:\\\/\\\/interamerica.org\\\/es\\\/2025\\\/10\\\/el-gobierno-colombiano-honra-a-los-jovenes-adventistas-por-promover-la-paz-y-el-servicio-comunitario\\\/#primaryimage\"},\"thumbnailUrl\":\"https:\\\/\\\/interamerica.org\\\/wp-content\\\/uploads\\\/2025\\\/10\\\/nocu-cartagena-hall.jpg\",\"articleSection\":[\"Desde el campo\",\"RSS Espa\u00f1ol\"],\"inLanguage\":\"es\"},{\"@type\":\"WebPage\",\"@id\":\"https:\\\/\\\/interamerica.org\\\/es\\\/2025\\\/10\\\/el-gobierno-colombiano-honra-a-los-jovenes-adventistas-por-promover-la-paz-y-el-servicio-comunitario\\\/\",\"url\":\"https:\\\/\\\/interamerica.org\\\/es\\\/2025\\\/10\\\/el-gobierno-colombiano-honra-a-los-jovenes-adventistas-por-promover-la-paz-y-el-servicio-comunitario\\\/\",\"name\":\"El gobierno colombiano honra a los j\u00f3venes adventistas por promover la paz y el servicio comunitario - Iglesia Adventista del S\u00e9ptimo D\u00eda - Divisi\u00f3n Interamericana\",\"isPartOf\":{\"@id\":\"https:\\\/\\\/interamerica.org\\\/es\\\/#website\"},\"primaryImageOfPage\":{\"@id\":\"https:\\\/\\\/interamerica.org\\\/es\\\/2025\\\/10\\\/el-gobierno-colombiano-honra-a-los-jovenes-adventistas-por-promover-la-paz-y-el-servicio-comunitario\\\/#primaryimage\"},\"image\":{\"@id\":\"https:\\\/\\\/interamerica.org\\\/es\\\/2025\\\/10\\\/el-gobierno-colombiano-honra-a-los-jovenes-adventistas-por-promover-la-paz-y-el-servicio-comunitario\\\/#primaryimage\"},\"thumbnailUrl\":\"https:\\\/\\\/interamerica.org\\\/wp-content\\\/uploads\\\/2025\\\/10\\\/nocu-cartagena-hall.jpg\",\"datePublished\":\"2025-10-29T01:13:44+00:00\",\"dateModified\":\"2025-10-31T16:58:17+00:00\",\"author\":{\"@id\":\"https:\\\/\\\/interamerica.org\\\/es\\\/#\\\/schema\\\/person\\\/29998f2bc2d8bd0d38662909289b54f1\"},\"breadcrumb\":{\"@id\":\"https:\\\/\\\/interamerica.org\\\/es\\\/2025\\\/10\\\/el-gobierno-colombiano-honra-a-los-jovenes-adventistas-por-promover-la-paz-y-el-servicio-comunitario\\\/#breadcrumb\"},\"inLanguage\":\"es\",\"potentialAction\":[{\"@type\":\"ReadAction\",\"target\":[\"https:\\\/\\\/interamerica.org\\\/es\\\/2025\\\/10\\\/el-gobierno-colombiano-honra-a-los-jovenes-adventistas-por-promover-la-paz-y-el-servicio-comunitario\\\/\"]}]},{\"@type\":\"ImageObject\",\"inLanguage\":\"es\",\"@id\":\"https:\\\/\\\/interamerica.org\\\/es\\\/2025\\\/10\\\/el-gobierno-colombiano-honra-a-los-jovenes-adventistas-por-promover-la-paz-y-el-servicio-comunitario\\\/#primaryimage\",\"url\":\"https:\\\/\\\/interamerica.org\\\/wp-content\\\/uploads\\\/2025\\\/10\\\/nocu-cartagena-hall.jpg\",\"contentUrl\":\"https:\\\/\\\/interamerica.org\\\/wp-content\\\/uploads\\\/2025\\\/10\\\/nocu-cartagena-hall.jpg\",\"width\":1440,\"height\":815,\"caption\":\"Adventurer, Pathfinder, and Master Guide Club members in Mar\u00eda La Baja joined the Bol\u00edvar government\u2019s recognition ceremony for their commitment to youth, peace, and community service.. [ Photo: Caribbean Colombian Conference]\"},{\"@type\":\"BreadcrumbList\",\"@id\":\"https:\\\/\\\/interamerica.org\\\/es\\\/2025\\\/10\\\/el-gobierno-colombiano-honra-a-los-jovenes-adventistas-por-promover-la-paz-y-el-servicio-comunitario\\\/#breadcrumb\",\"itemListElement\":[{\"@type\":\"ListItem\",\"position\":1,\"name\":\"Home\",\"item\":\"https:\\\/\\\/interamerica.org\\\/es\\\/\"},{\"@type\":\"ListItem\",\"position\":2,\"name\":\"El gobierno colombiano honra a los j\u00f3venes adventistas por promover la paz y el servicio comunitario\"}]},{\"@type\":\"WebSite\",\"@id\":\"https:\\\/\\\/interamerica.org\\\/es\\\/#website\",\"url\":\"https:\\\/\\\/interamerica.org\\\/es\\\/\",\"name\":\"Iglesia Adventista del S\u00e9ptimo D\u00eda - Divisi\u00f3n Interamericana\",\"description\":\"\",\"potentialAction\":[{\"@type\":\"SearchAction\",\"target\":{\"@type\":\"EntryPoint\",\"urlTemplate\":\"https:\\\/\\\/interamerica.org\\\/es\\\/?s={search_term_string}\"},\"query-input\":{\"@type\":\"PropertyValueSpecification\",\"valueRequired\":true,\"valueName\":\"search_term_string\"}}],\"inLanguage\":\"es\"},{\"@type\":\"Person\",\"@id\":\"https:\\\/\\\/interamerica.org\\\/es\\\/#\\\/schema\\\/person\\\/29998f2bc2d8bd0d38662909289b54f1\",\"name\":\"libna\",\"image\":{\"@type\":\"ImageObject\",\"inLanguage\":\"es\",\"@id\":\"https:\\\/\\\/secure.gravatar.com\\\/avatar\\\/7c5bd30ae4b47a9ba3c856590957fd1d96dc588bf3ac05719d247e126840331f?s=96&d=mm&r=g\",\"url\":\"https:\\\/\\\/secure.gravatar.com\\\/avatar\\\/7c5bd30ae4b47a9ba3c856590957fd1d96dc588bf3ac05719d247e126840331f?s=96&d=mm&r=g\",\"contentUrl\":\"https:\\\/\\\/secure.gravatar.com\\\/avatar\\\/7c5bd30ae4b47a9ba3c856590957fd1d96dc588bf3ac05719d247e126840331f?s=96&d=mm&r=g\",\"caption\":\"libna\"}}]}<\/script>\n<!-- \/ Yoast SEO plugin. -->","yoast_head_json":{"title":"El gobierno colombiano honra a los j\u00f3venes adventistas por promover la paz y el servicio comunitario - Iglesia Adventista del S\u00e9ptimo D\u00eda - Divisi\u00f3n Interamericana","robots":{"index":"index","follow":"follow","max-snippet":"max-snippet:-1","max-image-preview":"max-image-preview:large","max-video-preview":"max-video-preview:-1"},"canonical":"https:\/\/interamerica.org\/es\/2025\/10\/el-gobierno-colombiano-honra-a-los-jovenes-adventistas-por-promover-la-paz-y-el-servicio-comunitario\/","og_locale":"es_ES","og_type":"article","og_title":"El gobierno colombiano honra a los j\u00f3venes adventistas por promover la paz y el servicio comunitario - Iglesia Adventista del S\u00e9ptimo D\u00eda - Divisi\u00f3n Interamericana","og_description":"El reconocimiento en Cartagena destaca el papel de la Iglesia Adventista en la formaci\u00f3n de l\u00edderes j\u00f3venes. 24 de octubre de 2025 | Medell\u00edn, Colombia | Cristin Serrano y personal...","og_url":"https:\/\/interamerica.org\/es\/2025\/10\/el-gobierno-colombiano-honra-a-los-jovenes-adventistas-por-promover-la-paz-y-el-servicio-comunitario\/","og_site_name":"Iglesia Adventista del S\u00e9ptimo D\u00eda - Divisi\u00f3n Interamericana","article_published_time":"2025-10-29T01:13:44+00:00","article_modified_time":"2025-10-31T16:58:17+00:00","og_image":[{"width":1440,"height":815,"url":"https:\/\/interamerica.org\/wp-content\/uploads\/2025\/10\/nocu-cartagena-hall.jpg","type":"image\/jpeg"}],"author":"libna","twitter_card":"summary_large_image","twitter_misc":{"Escrito por":"libna","Tiempo de lectura":"6 minutos"},"schema":{"@context":"https:\/\/schema.org","@graph":[{"@type":"Article","@id":"https:\/\/interamerica.org\/es\/2025\/10\/el-gobierno-colombiano-honra-a-los-jovenes-adventistas-por-promover-la-paz-y-el-servicio-comunitario\/#article","isPartOf":{"@id":"https:\/\/interamerica.org\/es\/2025\/10\/el-gobierno-colombiano-honra-a-los-jovenes-adventistas-por-promover-la-paz-y-el-servicio-comunitario\/"},"author":{"name":"libna","@id":"https:\/\/interamerica.org\/es\/#\/schema\/person\/29998f2bc2d8bd0d38662909289b54f1"},"headline":"El gobierno colombiano honra a los j\u00f3venes adventistas por promover la paz y el servicio comunitario","datePublished":"2025-10-29T01:13:44+00:00","dateModified":"2025-10-31T16:58:17+00:00","mainEntityOfPage":{"@id":"https:\/\/interamerica.org\/es\/2025\/10\/el-gobierno-colombiano-honra-a-los-jovenes-adventistas-por-promover-la-paz-y-el-servicio-comunitario\/"},"wordCount":1069,"image":{"@id":"https:\/\/interamerica.org\/es\/2025\/10\/el-gobierno-colombiano-honra-a-los-jovenes-adventistas-por-promover-la-paz-y-el-servicio-comunitario\/#primaryimage"},"thumbnailUrl":"https:\/\/interamerica.org\/wp-content\/uploads\/2025\/10\/nocu-cartagena-hall.jpg","articleSection":["Desde el campo","RSS Espa\u00f1ol"],"inLanguage":"es"},{"@type":"WebPage","@id":"https:\/\/interamerica.org\/es\/2025\/10\/el-gobierno-colombiano-honra-a-los-jovenes-adventistas-por-promover-la-paz-y-el-servicio-comunitario\/","url":"https:\/\/interamerica.org\/es\/2025\/10\/el-gobierno-colombiano-honra-a-los-jovenes-adventistas-por-promover-la-paz-y-el-servicio-comunitario\/","name":"El gobierno colombiano honra a los j\u00f3venes adventistas por promover la paz y el servicio comunitario - Iglesia Adventista del S\u00e9ptimo D\u00eda - Divisi\u00f3n Interamericana","isPartOf":{"@id":"https:\/\/interamerica.org\/es\/#website"},"primaryImageOfPage":{"@id":"https:\/\/interamerica.org\/es\/2025\/10\/el-gobierno-colombiano-honra-a-los-jovenes-adventistas-por-promover-la-paz-y-el-servicio-comunitario\/#primaryimage"},"image":{"@id":"https:\/\/interamerica.org\/es\/2025\/10\/el-gobierno-colombiano-honra-a-los-jovenes-adventistas-por-promover-la-paz-y-el-servicio-comunitario\/#primaryimage"},"thumbnailUrl":"https:\/\/interamerica.org\/wp-content\/uploads\/2025\/10\/nocu-cartagena-hall.jpg","datePublished":"2025-10-29T01:13:44+00:00","dateModified":"2025-10-31T16:58:17+00:00","author":{"@id":"https:\/\/interamerica.org\/es\/#\/schema\/person\/29998f2bc2d8bd0d38662909289b54f1"},"breadcrumb":{"@id":"https:\/\/interamerica.org\/es\/2025\/10\/el-gobierno-colombiano-honra-a-los-jovenes-adventistas-por-promover-la-paz-y-el-servicio-comunitario\/#breadcrumb"},"inLanguage":"es","potentialAction":[{"@type":"ReadAction","target":["https:\/\/interamerica.org\/es\/2025\/10\/el-gobierno-colombiano-honra-a-los-jovenes-adventistas-por-promover-la-paz-y-el-servicio-comunitario\/"]}]},{"@type":"ImageObject","inLanguage":"es","@id":"https:\/\/interamerica.org\/es\/2025\/10\/el-gobierno-colombiano-honra-a-los-jovenes-adventistas-por-promover-la-paz-y-el-servicio-comunitario\/#primaryimage","url":"https:\/\/interamerica.org\/wp-content\/uploads\/2025\/10\/nocu-cartagena-hall.jpg","contentUrl":"https:\/\/interamerica.org\/wp-content\/uploads\/2025\/10\/nocu-cartagena-hall.jpg","width":1440,"height":815,"caption":"Adventurer, Pathfinder, and Master Guide Club members in Mar\u00eda La Baja joined the Bol\u00edvar government\u2019s recognition ceremony for their commitment to youth, peace, and community service.. [ Photo: Caribbean Colombian Conference]"},{"@type":"BreadcrumbList","@id":"https:\/\/interamerica.org\/es\/2025\/10\/el-gobierno-colombiano-honra-a-los-jovenes-adventistas-por-promover-la-paz-y-el-servicio-comunitario\/#breadcrumb","itemListElement":[{"@type":"ListItem","position":1,"name":"Home","item":"https:\/\/interamerica.org\/es\/"},{"@type":"ListItem","position":2,"name":"El gobierno colombiano honra a los j\u00f3venes adventistas por promover la paz y el servicio comunitario"}]},{"@type":"WebSite","@id":"https:\/\/interamerica.org\/es\/#website","url":"https:\/\/interamerica.org\/es\/","name":"Iglesia Adventista del S\u00e9ptimo D\u00eda - Divisi\u00f3n Interamericana","description":"","potentialAction":[{"@type":"SearchAction","target":{"@type":"EntryPoint","urlTemplate":"https:\/\/interamerica.org\/es\/?s={search_term_string}"},"query-input":{"@type":"PropertyValueSpecification","valueRequired":true,"valueName":"search_term_string"}}],"inLanguage":"es"},{"@type":"Person","@id":"https:\/\/interamerica.org\/es\/#\/schema\/person\/29998f2bc2d8bd0d38662909289b54f1","name":"libna","image":{"@type":"ImageObject","inLanguage":"es","@id":"https:\/\/secure.gravatar.com\/avatar\/7c5bd30ae4b47a9ba3c856590957fd1d96dc588bf3ac05719d247e126840331f?s=96&d=mm&r=g","url":"https:\/\/secure.gravatar.com\/avatar\/7c5bd30ae4b47a9ba3c856590957fd1d96dc588bf3ac05719d247e126840331f?s=96&d=mm&r=g","contentUrl":"https:\/\/secure.gravatar.com\/avatar\/7c5bd30ae4b47a9ba3c856590957fd1d96dc588bf3ac05719d247e126840331f?s=96&d=mm&r=g","caption":"libna"}}]}},"_links":{"self":[{"href":"https:\/\/interamerica.org\/es\/wp-json\/wp\/v2\/posts\/135028","targetHints":{"allow":["GET"]}}],"collection":[{"href":"https:\/\/interamerica.org\/es\/wp-json\/wp\/v2\/posts"}],"about":[{"href":"https:\/\/interamerica.org\/es\/wp-json\/wp\/v2\/types\/post"}],"author":[{"embeddable":true,"href":"https:\/\/interamerica.org\/es\/wp-json\/wp\/v2\/users\/3"}],"replies":[{"embeddable":true,"href":"https:\/\/interamerica.org\/es\/wp-json\/wp\/v2\/comments?post=135028"}],"version-history":[{"count":1,"href":"https:\/\/interamerica.org\/es\/wp-json\/wp\/v2\/posts\/135028\/revisions"}],"predecessor-version":[{"id":135099,"href":"https:\/\/interamerica.org\/es\/wp-json\/wp\/v2\/posts\/135028\/revisions\/135099"}],"wp:featuredmedia":[{"embeddable":true,"href":"https:\/\/interamerica.org\/es\/wp-json\/wp\/v2\/media\/135005"}],"wp:attachment":[{"href":"https:\/\/interamerica.org\/es\/wp-json\/wp\/v2\/media?parent=135028"}],"wp:term":[{"taxonomy":"category","embeddable":true,"href":"https:\/\/interamerica.org\/es\/wp-json\/wp\/v2\/categories?post=135028"},{"taxonomy":"post_tag","embeddable":true,"href":"https:\/\/interamerica.org\/es\/wp-json\/wp\/v2\/tags?post=135028"}],"curies":[{"name":"wp","href":"https:\/\/api.w.org\/{rel}","templated":true}]}}