{"id":135104,"date":"2025-10-29T20:29:44","date_gmt":"2025-10-30T00:29:44","guid":{"rendered":"https:\/\/interamerica.org\/?p=135104"},"modified":"2025-10-30T10:20:08","modified_gmt":"2025-10-30T14:20:08","slug":"la-iglesia-adventista-en-interamerica-fortalece-su-identidad-mediante-enfasis-en-el-espiritu-de-profecia","status":"publish","type":"post","link":"https:\/\/interamerica.org\/es\/2025\/10\/la-iglesia-adventista-en-interamerica-fortalece-su-identidad-mediante-enfasis-en-el-espiritu-de-profecia\/","title":{"rendered":"La Iglesia Adventista en Interam\u00e9rica fortalece su identidad mediante \u00e9nfasis en el \u2018esp\u00edritu de profec\u00eda\u2019"},"content":{"rendered":"<p><div id=\"attachment_135053\" style=\"width: 1034px\" class=\"wp-caption aligncenter\"><img fetchpriority=\"high\" decoding=\"async\" aria-describedby=\"caption-attachment-135053\" class=\"size-large wp-image-135051\" src=\"https:\/\/interamerica.org\/wp-content\/uploads\/2025\/10\/juanjose-andrade-oct2025-1024x640.jpg\" alt=\"\" width=\"1024\" height=\"640\" srcset=\"https:\/\/interamerica.org\/wp-content\/uploads\/2025\/10\/juanjose-andrade-oct2025-1024x640.jpg 1024w, https:\/\/interamerica.org\/wp-content\/uploads\/2025\/10\/juanjose-andrade-oct2025-300x188.jpg 300w, https:\/\/interamerica.org\/wp-content\/uploads\/2025\/10\/juanjose-andrade-oct2025-768x480.jpg 768w, https:\/\/interamerica.org\/wp-content\/uploads\/2025\/10\/juanjose-andrade-oct2025.jpg 1280w\" sizes=\"(max-width: 1024px) 100vw, 1024px\" \/><p id=\"caption-attachment-135053\" class=\"wp-caption-text\">El Dr. Juan Jos\u00e9 Andrade, director del Centro de Investigaci\u00f3n Elena G. White de la Universidad de Montemorelos en el norte de M\u00e9xico, presenta su primer mensaje al comienzo de la Semana de \u00c9nfasis en el Esp\u00edritu de Profec\u00eda de la Divisi\u00f3n Interamericana, que se llev\u00f3 a cabo en l\u00ednea el 18 de octubre de 2025. Andrade, autor de los ocho mensajes principales que exploran la fe y la esperanza para el tiempo del fin, concluy\u00f3 la semana especial el 25 de octubre de 2025. [Fotograf\u00eda: Libna Stevens\/DIA]<\/p><\/div><em>La iniciativa anual inspira una fe renovada, un estudio equilibrado y la preparaci\u00f3n para el regreso de Cristo.<\/em><\/p>\n<p>29 de octubre de 2025 | Miami, Florida, Estados Unidos | Libna Stevens, Noticias de la Divisi\u00f3n Interamericana<\/p>\n<p>La Divisi\u00f3n Interamericana de los Adventistas del S\u00e9ptimo D\u00eda organiz\u00f3 una semana especial de \u00e9nfasis espiritual del 18 al 25 de octubre, centr\u00e1ndose en los escritos prof\u00e9ticos de Elena G. White, una de las fundadoras de la iglesia cuyos consejos contin\u00faan inspirando y guiando a los creyentes en la actualidad.<\/p>\n<p>Con el tema \u201cMensajes de esperanza para el fin de los tiempos\u201d, la semana cont\u00f3 con presentaciones nocturnas de expertos de los Centros de Investigaci\u00f3n Elena G. White de las universidades de la Divisi\u00f3n Interamericana. Las presentaciones estuvieron dise\u00f1adas para ser vistas en iglesias, grupos peque\u00f1os y hogares.<\/p>\n<p>\u201cNuestro objetivo principal con esta semana de \u00e9nfasis especial es reavivar el inter\u00e9s espiritual y aumentar la lectura de los escritos de Elena G. White, destacando los valiosos recursos que hemos heredado de ella\u201d, dijo el doctor Isa\u00edas Espinoza, director de ministerios de publicaciones y coordinador de esp\u00edritu de profec\u00eda de la Divisi\u00f3n Interamericana.<\/p>\n<p><div id=\"attachment_135041\" style=\"width: 1010px\" class=\"wp-caption aligncenter\"><img decoding=\"async\" aria-describedby=\"caption-attachment-135041\" class=\"size-full wp-image-135039\" src=\"https:\/\/interamerica.org\/wp-content\/uploads\/2025\/10\/isaiasespinoza-sop-oct2025.jpg\" alt=\"\" width=\"1000\" height=\"667\" srcset=\"https:\/\/interamerica.org\/wp-content\/uploads\/2025\/10\/isaiasespinoza-sop-oct2025.jpg 1000w, https:\/\/interamerica.org\/wp-content\/uploads\/2025\/10\/isaiasespinoza-sop-oct2025-300x200.jpg 300w, https:\/\/interamerica.org\/wp-content\/uploads\/2025\/10\/isaiasespinoza-sop-oct2025-768x512.jpg 768w\" sizes=\"(max-width: 1000px) 100vw, 1000px\" \/><p id=\"caption-attachment-135041\" class=\"wp-caption-text\">El doctor Isa\u00edas Espinoza, director de ministerios de publicaciones y coordinador de esp\u00edritu de profec\u00eda en la Divisi\u00f3n Interamericana, presenta los programas nocturnos de la Semana de \u00c9nfasis del Esp\u00edritu de Profec\u00eda junto a su esposa, Edith Ruiz, del 18 al 25 de octubre de 2025. [Fotograf\u00eda: Libna Stevens\/DIA]<\/p><\/div>Ahora en su segundo a\u00f1o, la iniciativa invit\u00f3 a pastores, educadores y miembros de toda Interam\u00e9rica para que reflexionen sobre la voz prof\u00e9tica que ha moldeado las creencias e identidad adventistas durante generaciones y las apliquen a sus vidas mientras se preparan para el fin de los tiempos antes de la segunda venida de Cristo.<\/p>\n<p><strong>\u00c9nfasis en la fidelidad y la presteza<\/strong><\/p>\n<p>Los expertos en investigaci\u00f3n sobre Elena G. White y de los Centros White de la Divisi\u00f3n Interamericana dirigieron presentaciones nocturnas que exploraron la soberan\u00eda de Cristo, la misi\u00f3n de la iglesia en el tiempo del fin y la preparaci\u00f3n del creyente para el juicio final. Los mensajes enfatizaron la fidelidad bajo prueba, la identidad y el prop\u00f3sito de la iglesia remanente, y la obra empoderadora del Esp\u00edritu Santo mediante la lluvia tard\u00eda. Los oradores tambi\u00e9n reflexionaron sobre temas prof\u00e9ticos como las siete \u00faltimas plagas y la traves\u00eda final del creyente a la casa del Padre.<\/p>\n<p>Espinoza se\u00f1al\u00f3 su preocupaci\u00f3n por la disminuci\u00f3n del compromiso con los escritos de Elena G. White. Una encuesta reciente entre 2600 participantes en la Divisi\u00f3n Interamericana revel\u00f3 que la lectura ha disminuido del 23 por ciento al 18 por ciento, y que el 10 por ciento de los pastores no usan sus escritos en los sermones. \u201cReconocemos que es una cifra baja. Queremos que todos nuestros pastores hagan un buen uso de los escritos del esp\u00edritu de profec\u00eda, motivando as\u00ed a los miembros a sumergirse en las lecturas\u201d, dijo Espinoza. \u201cContinuaremos con esta iniciativa, con la esperanza de que sea una bendici\u00f3n y que la pr\u00f3xima encuesta muestre una mejora\u201d.<\/p>\n<p><div id=\"attachment_135044\" style=\"width: 1010px\" class=\"wp-caption aligncenter\"><img decoding=\"async\" aria-describedby=\"caption-attachment-135044\" class=\"size-full wp-image-135042\" src=\"https:\/\/interamerica.org\/wp-content\/uploads\/2025\/10\/robert-wright-sop-oct2025.jpg\" alt=\"\" width=\"1000\" height=\"669\" srcset=\"https:\/\/interamerica.org\/wp-content\/uploads\/2025\/10\/robert-wright-sop-oct2025.jpg 1000w, https:\/\/interamerica.org\/wp-content\/uploads\/2025\/10\/robert-wright-sop-oct2025-300x201.jpg 300w, https:\/\/interamerica.org\/wp-content\/uploads\/2025\/10\/robert-wright-sop-oct2025-768x514.jpg 768w\" sizes=\"(max-width: 1000px) 100vw, 1000px\" \/><p id=\"caption-attachment-135044\" class=\"wp-caption-text\">El doctor Robert Wright, director del Centro Elena G. White de la Universidad Norte\u00f1a del Caribe en Jamaica, fue uno de los oradores destacados durante la Semana de \u00c9nfasis en el Esp\u00edritu de Profec\u00eda, transmitida desde la sede de la Divisi\u00f3n Interamericana en Miami, Florida, Estados Unidos. [Fotograf\u00eda: Libna Stevens\/DIA]<\/p><\/div><strong>Un mayor acceso e impacto local<\/strong><\/p>\n<p>El inter\u00e9s ha crecido desde el primer a\u00f1o de la iniciativa, inform\u00f3 Espinoza. \u201cEn febrero, muchos directores ya preguntaban cu\u00e1ndo estar\u00edan listos los temas. Eso demuestra urgencia y compromiso\u201d, dijo. Este a\u00f1o, las iglesias recibieron versiones digitales e impresas de las presentaciones para que el contenido sea m\u00e1s accesible. \u201cEs una bendici\u00f3n, porque ahora todos los ancianos o laicos pueden compartir material bien preparado sin tener que improvisar\u201d, agreg\u00f3 Espinoza.<\/p>\n<p>El enfoque est\u00e1 dise\u00f1ado para fortalecer el movimiento del esp\u00edritu de profec\u00eda a nivel de la iglesia local en todo el territorio.<\/p>\n<p><strong>Liderazgo acad\u00e9mico y colaborativo<\/strong><\/p>\n<p>Los mensajes de este a\u00f1o fueron elaborados por el doctor Juan Jos\u00e9 Andrade, director del Centro de Investigaci\u00f3n Elena G. White de la Divisi\u00f3n Interamericana, con sede en la Universidad de Montemorelos, en el norte de M\u00e9xico. Andrade tambi\u00e9n se desempe\u00f1a como decano de la Facultad de Teolog\u00eda de la Universidad de Montemorelos.<\/p>\n<p><div id=\"attachment_135047\" style=\"width: 1010px\" class=\"wp-caption aligncenter\"><img loading=\"lazy\" decoding=\"async\" aria-describedby=\"caption-attachment-135047\" class=\"size-full wp-image-135045\" src=\"https:\/\/interamerica.org\/wp-content\/uploads\/2025\/10\/obed-jimenes-sop-oc2025.jpg\" alt=\"\" width=\"1000\" height=\"671\" srcset=\"https:\/\/interamerica.org\/wp-content\/uploads\/2025\/10\/obed-jimenes-sop-oc2025.jpg 1000w, https:\/\/interamerica.org\/wp-content\/uploads\/2025\/10\/obed-jimenes-sop-oc2025-300x201.jpg 300w, https:\/\/interamerica.org\/wp-content\/uploads\/2025\/10\/obed-jimenes-sop-oc2025-768x515.jpg 768w\" sizes=\"(max-width: 1000px) 100vw, 1000px\" \/><p id=\"caption-attachment-135047\" class=\"wp-caption-text\">El doctor Obed Jim\u00e9nez, director del Centro Elena G. White de la Universidad Adventista de las Antillas en Mayag\u00fcez, Puerto Rico, comparte uno de los dos mensajes durante la Semana de \u00c9nfasis en el Esp\u00edritu de Profec\u00eda, que se llev\u00f3 a cabo en l\u00ednea del 18 al 25 de octubre de 2025. [Fotograf\u00eda: Libna Stevens\/DIA]<\/p><\/div>El doctor Andrade enfatiz\u00f3 la importancia de un estudio profundo y equilibrado del esp\u00edritu de profec\u00eda. \u201cAlentamos la investigaci\u00f3n seria, especialmente entre los estudiantes, para que incluyan la perspectiva adventista en sus estudios de los escritos de Elena G. White\u201d, dijo.<\/p>\n<p>Andrade y sus compa\u00f1eros directores de la Divisi\u00f3n Interamericana se re\u00fanen anualmente para planificar la Semana del Esp\u00edritu de Profec\u00eda, seleccionando temas que inspiran fe y esperanza. \u201cLa tem\u00e1tica de 2025 se centr\u00f3 en temas del tiempo del fin, enfatizando la obra de Jes\u00fas en nuestras vidas incluso en medio de las dificultades\u201d, explic\u00f3.<\/p>\n<p>Andrade, un historiador de coraz\u00f3n, dijo que se siente inspirado por la perseverancia de los pioneros. \u201cHay mucho que aprender de su ejemplo\u201d, agreg\u00f3, y se\u00f1al\u00f3 que el inter\u00e9s en los escritos de Elena G. White est\u00e1 creciendo a pesar de la desinformaci\u00f3n en l\u00ednea que \u201ccrea curiosidad pero tambi\u00e9n confusi\u00f3n\u201d.<\/p>\n<p>En la Universidad Norte\u00f1a del Caribe (NCU) en Jamaica, el doctor Robert Wright ha dirigido el Centro Elena G. White durante la \u00faltima d\u00e9cada. Dijo que el esp\u00edritu de profec\u00eda sigue siendo fundamental para la vida adventista en Jamaica. \u201cEl esp\u00edritu de profec\u00eda es ampliamente aceptado en Jamaica, donde Elena G. de White es reconocida como una verdadera mensajera de Dios\u201d, afirm\u00f3.<\/p>\n<p><div id=\"attachment_135038\" style=\"width: 1034px\" class=\"wp-caption aligncenter\"><img loading=\"lazy\" decoding=\"async\" aria-describedby=\"caption-attachment-135038\" class=\"size-large wp-image-135036\" src=\"https:\/\/interamerica.org\/wp-content\/uploads\/2025\/10\/isaiasespinoza-sop-oct2025-1-1024x692.jpg\" alt=\"\" width=\"1024\" height=\"692\" srcset=\"https:\/\/interamerica.org\/wp-content\/uploads\/2025\/10\/isaiasespinoza-sop-oct2025-1-1024x692.jpg 1024w, https:\/\/interamerica.org\/wp-content\/uploads\/2025\/10\/isaiasespinoza-sop-oct2025-1-300x203.jpg 300w, https:\/\/interamerica.org\/wp-content\/uploads\/2025\/10\/isaiasespinoza-sop-oct2025-1-768x519.jpg 768w, https:\/\/interamerica.org\/wp-content\/uploads\/2025\/10\/isaiasespinoza-sop-oct2025-1.jpg 1451w\" sizes=\"(max-width: 1024px) 100vw, 1024px\" \/><p id=\"caption-attachment-135038\" class=\"wp-caption-text\">El pastor Isa\u00edas Espinoza, quien dirige los ministerios de publicaciones y la iniciativa sobre el esp\u00edritu de profec\u00eda en Interam\u00e9rica, comparte un mensaje de reavivamiento durante la Semana de \u00c9nfasis en el Esp\u00edritu de Profec\u00eda, del 18 al 25 de octubre de 2025. [Fotograf\u00eda: Libna Stevens\/DIA]<\/p><\/div><strong>Renovado enfoque en la accesibilidad y el crecimiento<\/strong><\/p>\n<p>Durante la Semana del Esp\u00edritu de Profec\u00eda de este a\u00f1o, Wright habl\u00f3 sobre \u201cEl zarandeo\u201d y \u201cLa lluvia tard\u00eda\u201d, instando a los miembros a que se preparen espiritualmente para los d\u00edas venideros. \u201cEl zarandeo ser\u00e1 una gran prueba para nuestra fe, no para destruirnos sino para refinarnos\u201d, dijo. Wright tambi\u00e9n pidi\u00f3 equilibrio: \u201cAlgunos citan a Elena White m\u00e1s de lo que citan la Biblia. Necesitamos enfocarnos en las Escrituras y usar sus escritos para que nos lleven de regreso a la Palabra\u201d.<\/p>\n<p>El doctor Obed Jim\u00e9nez, director del Centro White de la Universidad Adventista de las Antillas en Puerto Rico, tambi\u00e9n se sum\u00f3 como orador. El evento coincidi\u00f3 con un simposio en Alajuela, Costa Rica, organizado en colaboraci\u00f3n con el Centro White de la Universidad Adventista Centroamericana, centrado en \u201cElena G. White y la \u00faltima generaci\u00f3n\u201d.<\/p>\n<p>Espinoza dijo que hay planes en marcha para establecer m\u00e1s Centros White locales en toda la Divisi\u00f3n Interamericana para que los escritos de Elena G. White sean accesibles para los miembros que no pueden comprar libros o leerlos en l\u00ednea. \u201cAlabamos a Dios porque el n\u00famero de Centros White locales est\u00e1 aumentando\u201d, dijo. \u201cEsperamos llegar al menos a 200 para 2026\u201d.<\/p>\n<p><div id=\"attachment_135035\" style=\"width: 960px\" class=\"wp-caption aligncenter\"><img loading=\"lazy\" decoding=\"async\" aria-describedby=\"caption-attachment-135035\" class=\"size-full wp-image-135033\" src=\"https:\/\/interamerica.org\/wp-content\/uploads\/2025\/10\/unadeca-sop-simposium-oc2025.jpg\" alt=\"\" width=\"950\" height=\"713\" srcset=\"https:\/\/interamerica.org\/wp-content\/uploads\/2025\/10\/unadeca-sop-simposium-oc2025.jpg 950w, https:\/\/interamerica.org\/wp-content\/uploads\/2025\/10\/unadeca-sop-simposium-oc2025-300x225.jpg 300w, https:\/\/interamerica.org\/wp-content\/uploads\/2025\/10\/unadeca-sop-simposium-oc2025-768x576.jpg 768w\" sizes=\"(max-width: 950px) 100vw, 950px\" \/><p id=\"caption-attachment-135035\" class=\"wp-caption-text\">El doctor Carlos Mora, profesor de teolog\u00eda de la Universidad de Montemorelos, habla durante el simposio en la Universidad Adventista Centroamericana en Alajuela, Costa Rica, donde los presentadores compartieron mensajes especiales de apertura, del 17 al 18 de octubre de 2025. [Foto: Isa\u00edas Espinoza\/DIA]<\/p><\/div><strong>Continuar con la misi\u00f3n<\/strong><\/p>\n<p>En toda la Divisi\u00f3n Interamericana, los Centros de Investigaci\u00f3n White contin\u00faan colaborando para fortalecer la comprensi\u00f3n b\u00edblica y promover el mensaje prof\u00e9tico, dijeron los l\u00edderes de la iglesia. La Semana anual del Esp\u00edritu de Profec\u00eda uni\u00f3 a acad\u00e9micos y pastores para compartir mensajes de esperanza, fidelidad y preparaci\u00f3n, renovando el compromiso de estudiar la Palabra de Dios y llevar adelante la misi\u00f3n de la iglesia de preparar vidas para el regreso de Cristo, dijo Espinoza.<\/p>\n<p><strong>Centros de Investigaci\u00f3n Elena G. White en la Divisi\u00f3n Interamericana<\/strong><\/p>\n<ul>\n<li><a href=\"https:\/\/www.um.edu.mx\/\">Centro de Investigaci\u00f3n White de la Universidad de Montemorelos<\/a> en Montemorelos, M\u00e9xico, establecido en 1978.<\/li>\n<li><a href=\"https:\/\/www.ncu.edu.jm\/\"> Centro White de la Universidad Norte\u00f1a del Caribe<\/a> en Mandeville, Jamaica, establecido en 2003.<\/li>\n<li><a href=\"https:\/\/www.uaa.edu\/\">Centro White de la Universidad Adventista de las Antillas <\/a> en Mayag\u00fcez, Puerto Rico, establecido en 2010.<\/li>\n<li><a href=\"https:\/\/unadeca.net\/cwhite\/elementor-2542\/\">Centro White de la Universidad Adventista Centroamericana<\/a> en Alajuela, Costa Rica, establecido en 2011.<\/li>\n<\/ul>\n<p>Para ver la Semana de \u00c9nfasis en el Esp\u00edritu de Profec\u00eda de este a\u00f1o, ingrese <a href=\"https:\/\/www.youtube.com\/watch?v=gGKPAtxE1_k&amp;list=PLJ9BBMAMiXj_i8O_bRp-WYtKAF3JZ7-0z&amp;index=24\">AQU\u00cd<\/a><\/p>\n<p>Traducci\u00f3n de Marcos Paseggi<\/p>\n","protected":false},"excerpt":{"rendered":"<p>La iniciativa anual inspira una fe renovada, un estudio equilibrado y la preparaci\u00f3n para el regreso de Cristo. 29 de octubre de 2025 | Miami, Florida, Estados Unidos | Libna&#8230;<\/p>\n","protected":false},"author":3,"featured_media":135053,"comment_status":"closed","ping_status":"closed","sticky":false,"template":"","format":"standard","meta":{"_acf_changed":false,"footnotes":""},"categories":[16,15],"tags":[],"class_list":["post-135104","post","type-post","status-publish","format-standard","has-post-thumbnail","hentry","category-desde-la-sede","category-rss-espanol"],"acf":[],"yoast_head":"<!-- This site is optimized with the Yoast SEO plugin v27.3 - https:\/\/yoast.com\/product\/yoast-seo-wordpress\/ -->\n<title>La Iglesia Adventista en Interam\u00e9rica fortalece su identidad mediante \u00e9nfasis en el \u2018esp\u00edritu de profec\u00eda\u2019 - Iglesia Adventista del S\u00e9ptimo D\u00eda - Divisi\u00f3n Interamericana<\/title>\n<meta name=\"robots\" content=\"index, follow, max-snippet:-1, max-image-preview:large, max-video-preview:-1\" \/>\n<link rel=\"canonical\" href=\"https:\/\/interamerica.org\/es\/2025\/10\/la-iglesia-adventista-en-interamerica-fortalece-su-identidad-mediante-enfasis-en-el-espiritu-de-profecia\/\" \/>\n<meta property=\"og:locale\" content=\"es_ES\" \/>\n<meta property=\"og:type\" content=\"article\" \/>\n<meta property=\"og:title\" content=\"La Iglesia Adventista en Interam\u00e9rica fortalece su identidad mediante \u00e9nfasis en el \u2018esp\u00edritu de profec\u00eda\u2019 - Iglesia Adventista del S\u00e9ptimo D\u00eda - Divisi\u00f3n Interamericana\" \/>\n<meta property=\"og:description\" content=\"La iniciativa anual inspira una fe renovada, un estudio equilibrado y la preparaci\u00f3n para el regreso de Cristo. 29 de octubre de 2025 | Miami, Florida, Estados Unidos | Libna...\" \/>\n<meta property=\"og:url\" content=\"https:\/\/interamerica.org\/es\/2025\/10\/la-iglesia-adventista-en-interamerica-fortalece-su-identidad-mediante-enfasis-en-el-espiritu-de-profecia\/\" \/>\n<meta property=\"og:site_name\" content=\"Iglesia Adventista del S\u00e9ptimo D\u00eda - Divisi\u00f3n Interamericana\" \/>\n<meta property=\"article:published_time\" content=\"2025-10-30T00:29:44+00:00\" \/>\n<meta property=\"article:modified_time\" content=\"2025-10-30T14:20:08+00:00\" \/>\n<meta property=\"og:image\" content=\"https:\/\/interamerica.org\/wp-content\/uploads\/2025\/10\/juanjose-andrade-oct2025.jpg\" \/>\n\t<meta property=\"og:image:width\" content=\"1280\" \/>\n\t<meta property=\"og:image:height\" content=\"800\" \/>\n\t<meta property=\"og:image:type\" content=\"image\/jpeg\" \/>\n<meta name=\"author\" content=\"libna\" \/>\n<meta name=\"twitter:card\" content=\"summary_large_image\" \/>\n<meta name=\"twitter:label1\" content=\"Escrito por\" \/>\n\t<meta name=\"twitter:data1\" content=\"libna\" \/>\n\t<meta name=\"twitter:label2\" content=\"Tiempo de lectura\" \/>\n\t<meta name=\"twitter:data2\" content=\"9 minutos\" \/>\n<script type=\"application\/ld+json\" class=\"yoast-schema-graph\">{\"@context\":\"https:\\\/\\\/schema.org\",\"@graph\":[{\"@type\":\"Article\",\"@id\":\"https:\\\/\\\/interamerica.org\\\/es\\\/2025\\\/10\\\/la-iglesia-adventista-en-interamerica-fortalece-su-identidad-mediante-enfasis-en-el-espiritu-de-profecia\\\/#article\",\"isPartOf\":{\"@id\":\"https:\\\/\\\/interamerica.org\\\/es\\\/2025\\\/10\\\/la-iglesia-adventista-en-interamerica-fortalece-su-identidad-mediante-enfasis-en-el-espiritu-de-profecia\\\/\"},\"author\":{\"name\":\"libna\",\"@id\":\"https:\\\/\\\/interamerica.org\\\/es\\\/#\\\/schema\\\/person\\\/29998f2bc2d8bd0d38662909289b54f1\"},\"headline\":\"La Iglesia Adventista en Interam\u00e9rica fortalece su identidad mediante \u00e9nfasis en el \u2018esp\u00edritu de profec\u00eda\u2019\",\"datePublished\":\"2025-10-30T00:29:44+00:00\",\"dateModified\":\"2025-10-30T14:20:08+00:00\",\"mainEntityOfPage\":{\"@id\":\"https:\\\/\\\/interamerica.org\\\/es\\\/2025\\\/10\\\/la-iglesia-adventista-en-interamerica-fortalece-su-identidad-mediante-enfasis-en-el-espiritu-de-profecia\\\/\"},\"wordCount\":1708,\"image\":{\"@id\":\"https:\\\/\\\/interamerica.org\\\/es\\\/2025\\\/10\\\/la-iglesia-adventista-en-interamerica-fortalece-su-identidad-mediante-enfasis-en-el-espiritu-de-profecia\\\/#primaryimage\"},\"thumbnailUrl\":\"https:\\\/\\\/interamerica.org\\\/wp-content\\\/uploads\\\/2025\\\/10\\\/juanjose-andrade-oct2025.jpg\",\"articleSection\":[\"Desde la sede\",\"RSS Espa\u00f1ol\"],\"inLanguage\":\"es\"},{\"@type\":\"WebPage\",\"@id\":\"https:\\\/\\\/interamerica.org\\\/es\\\/2025\\\/10\\\/la-iglesia-adventista-en-interamerica-fortalece-su-identidad-mediante-enfasis-en-el-espiritu-de-profecia\\\/\",\"url\":\"https:\\\/\\\/interamerica.org\\\/es\\\/2025\\\/10\\\/la-iglesia-adventista-en-interamerica-fortalece-su-identidad-mediante-enfasis-en-el-espiritu-de-profecia\\\/\",\"name\":\"La Iglesia Adventista en Interam\u00e9rica fortalece su identidad mediante \u00e9nfasis en el \u2018esp\u00edritu de profec\u00eda\u2019 - Iglesia Adventista del S\u00e9ptimo D\u00eda - Divisi\u00f3n Interamericana\",\"isPartOf\":{\"@id\":\"https:\\\/\\\/interamerica.org\\\/es\\\/#website\"},\"primaryImageOfPage\":{\"@id\":\"https:\\\/\\\/interamerica.org\\\/es\\\/2025\\\/10\\\/la-iglesia-adventista-en-interamerica-fortalece-su-identidad-mediante-enfasis-en-el-espiritu-de-profecia\\\/#primaryimage\"},\"image\":{\"@id\":\"https:\\\/\\\/interamerica.org\\\/es\\\/2025\\\/10\\\/la-iglesia-adventista-en-interamerica-fortalece-su-identidad-mediante-enfasis-en-el-espiritu-de-profecia\\\/#primaryimage\"},\"thumbnailUrl\":\"https:\\\/\\\/interamerica.org\\\/wp-content\\\/uploads\\\/2025\\\/10\\\/juanjose-andrade-oct2025.jpg\",\"datePublished\":\"2025-10-30T00:29:44+00:00\",\"dateModified\":\"2025-10-30T14:20:08+00:00\",\"author\":{\"@id\":\"https:\\\/\\\/interamerica.org\\\/es\\\/#\\\/schema\\\/person\\\/29998f2bc2d8bd0d38662909289b54f1\"},\"breadcrumb\":{\"@id\":\"https:\\\/\\\/interamerica.org\\\/es\\\/2025\\\/10\\\/la-iglesia-adventista-en-interamerica-fortalece-su-identidad-mediante-enfasis-en-el-espiritu-de-profecia\\\/#breadcrumb\"},\"inLanguage\":\"es\",\"potentialAction\":[{\"@type\":\"ReadAction\",\"target\":[\"https:\\\/\\\/interamerica.org\\\/es\\\/2025\\\/10\\\/la-iglesia-adventista-en-interamerica-fortalece-su-identidad-mediante-enfasis-en-el-espiritu-de-profecia\\\/\"]}]},{\"@type\":\"ImageObject\",\"inLanguage\":\"es\",\"@id\":\"https:\\\/\\\/interamerica.org\\\/es\\\/2025\\\/10\\\/la-iglesia-adventista-en-interamerica-fortalece-su-identidad-mediante-enfasis-en-el-espiritu-de-profecia\\\/#primaryimage\",\"url\":\"https:\\\/\\\/interamerica.org\\\/wp-content\\\/uploads\\\/2025\\\/10\\\/juanjose-andrade-oct2025.jpg\",\"contentUrl\":\"https:\\\/\\\/interamerica.org\\\/wp-content\\\/uploads\\\/2025\\\/10\\\/juanjose-andrade-oct2025.jpg\",\"width\":1280,\"height\":800,\"caption\":\"[Photo: Libna Stevens\\\/IAD]\"},{\"@type\":\"BreadcrumbList\",\"@id\":\"https:\\\/\\\/interamerica.org\\\/es\\\/2025\\\/10\\\/la-iglesia-adventista-en-interamerica-fortalece-su-identidad-mediante-enfasis-en-el-espiritu-de-profecia\\\/#breadcrumb\",\"itemListElement\":[{\"@type\":\"ListItem\",\"position\":1,\"name\":\"Home\",\"item\":\"https:\\\/\\\/interamerica.org\\\/es\\\/\"},{\"@type\":\"ListItem\",\"position\":2,\"name\":\"La Iglesia Adventista en Interam\u00e9rica fortalece su identidad mediante \u00e9nfasis en el \u2018esp\u00edritu de profec\u00eda\u2019\"}]},{\"@type\":\"WebSite\",\"@id\":\"https:\\\/\\\/interamerica.org\\\/es\\\/#website\",\"url\":\"https:\\\/\\\/interamerica.org\\\/es\\\/\",\"name\":\"Iglesia Adventista del S\u00e9ptimo D\u00eda - Divisi\u00f3n Interamericana\",\"description\":\"\",\"potentialAction\":[{\"@type\":\"SearchAction\",\"target\":{\"@type\":\"EntryPoint\",\"urlTemplate\":\"https:\\\/\\\/interamerica.org\\\/es\\\/?s={search_term_string}\"},\"query-input\":{\"@type\":\"PropertyValueSpecification\",\"valueRequired\":true,\"valueName\":\"search_term_string\"}}],\"inLanguage\":\"es\"},{\"@type\":\"Person\",\"@id\":\"https:\\\/\\\/interamerica.org\\\/es\\\/#\\\/schema\\\/person\\\/29998f2bc2d8bd0d38662909289b54f1\",\"name\":\"libna\",\"image\":{\"@type\":\"ImageObject\",\"inLanguage\":\"es\",\"@id\":\"https:\\\/\\\/secure.gravatar.com\\\/avatar\\\/7c5bd30ae4b47a9ba3c856590957fd1d96dc588bf3ac05719d247e126840331f?s=96&d=mm&r=g\",\"url\":\"https:\\\/\\\/secure.gravatar.com\\\/avatar\\\/7c5bd30ae4b47a9ba3c856590957fd1d96dc588bf3ac05719d247e126840331f?s=96&d=mm&r=g\",\"contentUrl\":\"https:\\\/\\\/secure.gravatar.com\\\/avatar\\\/7c5bd30ae4b47a9ba3c856590957fd1d96dc588bf3ac05719d247e126840331f?s=96&d=mm&r=g\",\"caption\":\"libna\"}}]}<\/script>\n<!-- \/ Yoast SEO plugin. -->","yoast_head_json":{"title":"La Iglesia Adventista en Interam\u00e9rica fortalece su identidad mediante \u00e9nfasis en el \u2018esp\u00edritu de profec\u00eda\u2019 - Iglesia Adventista del S\u00e9ptimo D\u00eda - Divisi\u00f3n Interamericana","robots":{"index":"index","follow":"follow","max-snippet":"max-snippet:-1","max-image-preview":"max-image-preview:large","max-video-preview":"max-video-preview:-1"},"canonical":"https:\/\/interamerica.org\/es\/2025\/10\/la-iglesia-adventista-en-interamerica-fortalece-su-identidad-mediante-enfasis-en-el-espiritu-de-profecia\/","og_locale":"es_ES","og_type":"article","og_title":"La Iglesia Adventista en Interam\u00e9rica fortalece su identidad mediante \u00e9nfasis en el \u2018esp\u00edritu de profec\u00eda\u2019 - Iglesia Adventista del S\u00e9ptimo D\u00eda - Divisi\u00f3n Interamericana","og_description":"La iniciativa anual inspira una fe renovada, un estudio equilibrado y la preparaci\u00f3n para el regreso de Cristo. 29 de octubre de 2025 | Miami, Florida, Estados Unidos | Libna...","og_url":"https:\/\/interamerica.org\/es\/2025\/10\/la-iglesia-adventista-en-interamerica-fortalece-su-identidad-mediante-enfasis-en-el-espiritu-de-profecia\/","og_site_name":"Iglesia Adventista del S\u00e9ptimo D\u00eda - Divisi\u00f3n Interamericana","article_published_time":"2025-10-30T00:29:44+00:00","article_modified_time":"2025-10-30T14:20:08+00:00","og_image":[{"width":1280,"height":800,"url":"https:\/\/interamerica.org\/wp-content\/uploads\/2025\/10\/juanjose-andrade-oct2025.jpg","type":"image\/jpeg"}],"author":"libna","twitter_card":"summary_large_image","twitter_misc":{"Escrito por":"libna","Tiempo de lectura":"9 minutos"},"schema":{"@context":"https:\/\/schema.org","@graph":[{"@type":"Article","@id":"https:\/\/interamerica.org\/es\/2025\/10\/la-iglesia-adventista-en-interamerica-fortalece-su-identidad-mediante-enfasis-en-el-espiritu-de-profecia\/#article","isPartOf":{"@id":"https:\/\/interamerica.org\/es\/2025\/10\/la-iglesia-adventista-en-interamerica-fortalece-su-identidad-mediante-enfasis-en-el-espiritu-de-profecia\/"},"author":{"name":"libna","@id":"https:\/\/interamerica.org\/es\/#\/schema\/person\/29998f2bc2d8bd0d38662909289b54f1"},"headline":"La Iglesia Adventista en Interam\u00e9rica fortalece su identidad mediante \u00e9nfasis en el \u2018esp\u00edritu de profec\u00eda\u2019","datePublished":"2025-10-30T00:29:44+00:00","dateModified":"2025-10-30T14:20:08+00:00","mainEntityOfPage":{"@id":"https:\/\/interamerica.org\/es\/2025\/10\/la-iglesia-adventista-en-interamerica-fortalece-su-identidad-mediante-enfasis-en-el-espiritu-de-profecia\/"},"wordCount":1708,"image":{"@id":"https:\/\/interamerica.org\/es\/2025\/10\/la-iglesia-adventista-en-interamerica-fortalece-su-identidad-mediante-enfasis-en-el-espiritu-de-profecia\/#primaryimage"},"thumbnailUrl":"https:\/\/interamerica.org\/wp-content\/uploads\/2025\/10\/juanjose-andrade-oct2025.jpg","articleSection":["Desde la sede","RSS Espa\u00f1ol"],"inLanguage":"es"},{"@type":"WebPage","@id":"https:\/\/interamerica.org\/es\/2025\/10\/la-iglesia-adventista-en-interamerica-fortalece-su-identidad-mediante-enfasis-en-el-espiritu-de-profecia\/","url":"https:\/\/interamerica.org\/es\/2025\/10\/la-iglesia-adventista-en-interamerica-fortalece-su-identidad-mediante-enfasis-en-el-espiritu-de-profecia\/","name":"La Iglesia Adventista en Interam\u00e9rica fortalece su identidad mediante \u00e9nfasis en el \u2018esp\u00edritu de profec\u00eda\u2019 - Iglesia Adventista del S\u00e9ptimo D\u00eda - Divisi\u00f3n Interamericana","isPartOf":{"@id":"https:\/\/interamerica.org\/es\/#website"},"primaryImageOfPage":{"@id":"https:\/\/interamerica.org\/es\/2025\/10\/la-iglesia-adventista-en-interamerica-fortalece-su-identidad-mediante-enfasis-en-el-espiritu-de-profecia\/#primaryimage"},"image":{"@id":"https:\/\/interamerica.org\/es\/2025\/10\/la-iglesia-adventista-en-interamerica-fortalece-su-identidad-mediante-enfasis-en-el-espiritu-de-profecia\/#primaryimage"},"thumbnailUrl":"https:\/\/interamerica.org\/wp-content\/uploads\/2025\/10\/juanjose-andrade-oct2025.jpg","datePublished":"2025-10-30T00:29:44+00:00","dateModified":"2025-10-30T14:20:08+00:00","author":{"@id":"https:\/\/interamerica.org\/es\/#\/schema\/person\/29998f2bc2d8bd0d38662909289b54f1"},"breadcrumb":{"@id":"https:\/\/interamerica.org\/es\/2025\/10\/la-iglesia-adventista-en-interamerica-fortalece-su-identidad-mediante-enfasis-en-el-espiritu-de-profecia\/#breadcrumb"},"inLanguage":"es","potentialAction":[{"@type":"ReadAction","target":["https:\/\/interamerica.org\/es\/2025\/10\/la-iglesia-adventista-en-interamerica-fortalece-su-identidad-mediante-enfasis-en-el-espiritu-de-profecia\/"]}]},{"@type":"ImageObject","inLanguage":"es","@id":"https:\/\/interamerica.org\/es\/2025\/10\/la-iglesia-adventista-en-interamerica-fortalece-su-identidad-mediante-enfasis-en-el-espiritu-de-profecia\/#primaryimage","url":"https:\/\/interamerica.org\/wp-content\/uploads\/2025\/10\/juanjose-andrade-oct2025.jpg","contentUrl":"https:\/\/interamerica.org\/wp-content\/uploads\/2025\/10\/juanjose-andrade-oct2025.jpg","width":1280,"height":800,"caption":"[Photo: Libna Stevens\/IAD]"},{"@type":"BreadcrumbList","@id":"https:\/\/interamerica.org\/es\/2025\/10\/la-iglesia-adventista-en-interamerica-fortalece-su-identidad-mediante-enfasis-en-el-espiritu-de-profecia\/#breadcrumb","itemListElement":[{"@type":"ListItem","position":1,"name":"Home","item":"https:\/\/interamerica.org\/es\/"},{"@type":"ListItem","position":2,"name":"La Iglesia Adventista en Interam\u00e9rica fortalece su identidad mediante \u00e9nfasis en el \u2018esp\u00edritu de profec\u00eda\u2019"}]},{"@type":"WebSite","@id":"https:\/\/interamerica.org\/es\/#website","url":"https:\/\/interamerica.org\/es\/","name":"Iglesia Adventista del S\u00e9ptimo D\u00eda - Divisi\u00f3n Interamericana","description":"","potentialAction":[{"@type":"SearchAction","target":{"@type":"EntryPoint","urlTemplate":"https:\/\/interamerica.org\/es\/?s={search_term_string}"},"query-input":{"@type":"PropertyValueSpecification","valueRequired":true,"valueName":"search_term_string"}}],"inLanguage":"es"},{"@type":"Person","@id":"https:\/\/interamerica.org\/es\/#\/schema\/person\/29998f2bc2d8bd0d38662909289b54f1","name":"libna","image":{"@type":"ImageObject","inLanguage":"es","@id":"https:\/\/secure.gravatar.com\/avatar\/7c5bd30ae4b47a9ba3c856590957fd1d96dc588bf3ac05719d247e126840331f?s=96&d=mm&r=g","url":"https:\/\/secure.gravatar.com\/avatar\/7c5bd30ae4b47a9ba3c856590957fd1d96dc588bf3ac05719d247e126840331f?s=96&d=mm&r=g","contentUrl":"https:\/\/secure.gravatar.com\/avatar\/7c5bd30ae4b47a9ba3c856590957fd1d96dc588bf3ac05719d247e126840331f?s=96&d=mm&r=g","caption":"libna"}}]}},"_links":{"self":[{"href":"https:\/\/interamerica.org\/es\/wp-json\/wp\/v2\/posts\/135104","targetHints":{"allow":["GET"]}}],"collection":[{"href":"https:\/\/interamerica.org\/es\/wp-json\/wp\/v2\/posts"}],"about":[{"href":"https:\/\/interamerica.org\/es\/wp-json\/wp\/v2\/types\/post"}],"author":[{"embeddable":true,"href":"https:\/\/interamerica.org\/es\/wp-json\/wp\/v2\/users\/3"}],"replies":[{"embeddable":true,"href":"https:\/\/interamerica.org\/es\/wp-json\/wp\/v2\/comments?post=135104"}],"version-history":[{"count":2,"href":"https:\/\/interamerica.org\/es\/wp-json\/wp\/v2\/posts\/135104\/revisions"}],"predecessor-version":[{"id":135113,"href":"https:\/\/interamerica.org\/es\/wp-json\/wp\/v2\/posts\/135104\/revisions\/135113"}],"wp:featuredmedia":[{"embeddable":true,"href":"https:\/\/interamerica.org\/es\/wp-json\/wp\/v2\/media\/135053"}],"wp:attachment":[{"href":"https:\/\/interamerica.org\/es\/wp-json\/wp\/v2\/media?parent=135104"}],"wp:term":[{"taxonomy":"category","embeddable":true,"href":"https:\/\/interamerica.org\/es\/wp-json\/wp\/v2\/categories?post=135104"},{"taxonomy":"post_tag","embeddable":true,"href":"https:\/\/interamerica.org\/es\/wp-json\/wp\/v2\/tags?post=135104"}],"curies":[{"name":"wp","href":"https:\/\/api.w.org\/{rel}","templated":true}]}}