{"id":136355,"date":"2025-11-23T14:53:57","date_gmt":"2025-11-23T19:53:57","guid":{"rendered":"https:\/\/interamerica.org\/?p=136355"},"modified":"2025-11-24T08:23:20","modified_gmt":"2025-11-24T13:23:20","slug":"proyecto-de-colaboracion-de-medios-conserva-el-impulso-gracias-a-nuevas-ofertas","status":"publish","type":"post","link":"https:\/\/interamerica.org\/es\/2025\/11\/proyecto-de-colaboracion-de-medios-conserva-el-impulso-gracias-a-nuevas-ofertas\/","title":{"rendered":"Proyecto de colaboraci\u00f3n de medios conserva el impulso gracias a nuevas ofertas"},"content":{"rendered":"<p class=\"c-post-header__subtitle\"><em>En GAiN Europa 2025, los comunicadores adventistas presentan sus m\u00e1s recientes producciones.<\/em><\/p>\n<p>23 de noviembre de 2025 | Pravets, Bulgaria, | Marcos Paseggi, <em>Adventist Review<\/em><\/p>\n<p>Todo comenz\u00f3 en 2015 con el sue\u00f1o de reunir a organizaciones de medios adventistas del s\u00e9ptimo d\u00eda para sumar recursos humanos y experiencia en iniciativas colaborativas. \u201cLa pregunta era \u2018\u00bfPodemos trabajar juntos? \u00bfPodemos encontrar la manera de cooperar?\u2019\u201d cont\u00f3 Klaus Popa, presidente de Hope Media Europa, durante una presentaci\u00f3n en la convenci\u00f3n de la Red Global Adventista de Internet (GAiN) Europa en Pravets, Bulgaria, el 15 de noviembre.<\/p>\n<p>Hasta el momento, ese sue\u00f1o primitivo ha dado lugar a m\u00faltiples proyectos de multimedios que incluyen series de televisi\u00f3n, pel\u00edculas, cortos y libros. Tras unos comienzos humildes con una producci\u00f3n 2015-2016 titulada <a href=\"https:\/\/restproject.org\/\" target=\"_blank\" rel=\"noreferrer noopener\"><em>Descanso<\/em><\/a>, los proyectos de la red de GAiN Europa fueron seguidos por <a href=\"https:\/\/youtu.be\/ufqH5XwZC6M?si=hTEZrYa7dlGQ7nCo\" target=\"_blank\" rel=\"noreferrer noopener\"><em>Esta es mi misi\u00f3n<\/em><\/a> (2017-2018), <a href=\"https:\/\/fathersproject.org\/\" target=\"_blank\" rel=\"noreferrer noopener\"><em>Padres<\/em><\/a> (2018-2019), <a href=\"https:\/\/uncertaintyproject.org\/\" target=\"_blank\" rel=\"noreferrer noopener\"><em>Incertidumbre<\/em><\/a> (2019-2021) y <a href=\"https:\/\/happinessproject.media\/\" target=\"_blank\" rel=\"noreferrer noopener\"><em>700 A\u00f1os de Felicidad<\/em> <\/a> (2021-2022). Desde 2023, las organizaciones de medios adventistas se han asociado para varias series bajo el tema general <a href=\"https:\/\/mygreatestpurpose.org\/\" target=\"_blank\" rel=\"noreferrer noopener\"><em>Mi Mayor Prop\u00f3sito<\/em><\/a>.<\/p>\n<figure class=\"wp-block-image size-large\"><picture><source srcset=\"https:\/\/adventistreview.org\/wp-content\/uploads\/2025\/11\/3-6-1024x683.jpg.webp 1024w, https:\/\/adventistreview.org\/wp-content\/uploads\/2025\/11\/3-6-300x200.jpg.webp 300w, https:\/\/adventistreview.org\/wp-content\/uploads\/2025\/11\/3-6-768x512.jpg.webp 768w, https:\/\/adventistreview.org\/wp-content\/uploads\/2025\/11\/3-6-1536x1024.jpg.webp 1536w, https:\/\/adventistreview.org\/wp-content\/uploads\/2025\/11\/3-6.jpg 1548w\" type=\"image\/webp\" sizes=\"(max-width: 1024px) 100vw, 1024px\" \/><\/picture><\/figure>\n<p><div id=\"attachment_136297\" style=\"width: 875px\" class=\"wp-caption aligncenter\"><img fetchpriority=\"high\" decoding=\"async\" aria-describedby=\"caption-attachment-136297\" class=\" wp-image-136297\" src=\"https:\/\/interamerica.org\/wp-content\/uploads\/2025\/11\/gain-europe1-12-1024x721.jpg\" alt=\"\" width=\"865\" height=\"609\" srcset=\"https:\/\/interamerica.org\/wp-content\/uploads\/2025\/11\/gain-europe1-12-1024x721.jpg 1024w, https:\/\/interamerica.org\/wp-content\/uploads\/2025\/11\/gain-europe1-12-300x211.jpg 300w, https:\/\/interamerica.org\/wp-content\/uploads\/2025\/11\/gain-europe1-12-768x541.jpg 768w, https:\/\/interamerica.org\/wp-content\/uploads\/2025\/11\/gain-europe1-12.jpg 1397w\" sizes=\"(max-width: 865px) 100vw, 865px\" \/><p id=\"caption-attachment-136297\" class=\"wp-caption-text\">Adri\u00e1n Dur\u00e9, productor de Hope Media Europa, comparte las \u00faltimas ofertas producidas en colaboraci\u00f3n con comunicadores adventistas del s\u00e9ptimo d\u00eda de todo el mundo. [Fotograf\u00eda: Marcos Paseggi, Adventist Review]<\/p><\/div>Los l\u00edderes detr\u00e1s de la iniciativa recordaron a los asistentes de GAiN Europa que estos proyectos anuales o bianuales han contado con cineastas adventistas, autores y otros creativos de todo el mundo para articular diversos temas que atraen a todos los p\u00fablicos, incluso en un entorno secular postcristiano. Seg\u00fan los l\u00edderes de medios adventistas, esas iniciativas han dado lugar a m\u00e1s de mil minutos de documentales con la participaci\u00f3n de profesionales de medios de decenas de pa\u00edses y han sido traducidos a decenas de idiomas. Tambi\u00e9n incluyen pel\u00edculas narrativas, clips y relatos cortos para redes sociales, junto con varios libros con decenas de colaboradores de todo el mundo.<\/p>\n<figure class=\"wp-block-image size-large\"><picture><source srcset=\"https:\/\/adventistreview.org\/wp-content\/uploads\/2025\/11\/4-5-1024x683.jpg.webp 1024w, https:\/\/adventistreview.org\/wp-content\/uploads\/2025\/11\/4-5-300x200.jpg.webp 300w, https:\/\/adventistreview.org\/wp-content\/uploads\/2025\/11\/4-5-768x512.jpg.webp 768w, https:\/\/adventistreview.org\/wp-content\/uploads\/2025\/11\/4-5-1536x1024.jpg.webp 1536w, https:\/\/adventistreview.org\/wp-content\/uploads\/2025\/11\/4-5.jpg 1548w\" type=\"image\/webp\" sizes=\"(max-width: 1024px) 100vw, 1024px\" \/><\/picture><\/figure>\n<p><strong>En busca de un prop\u00f3sito<\/strong><\/p>\n<p>El proyecto 2023-2025, <a href=\"https:\/\/mygreatestpurpose.org\/\" target=\"_blank\" rel=\"noreferrer noopener\"><em>Mi mayor prop\u00f3sito<\/em><\/a>, busca presentar a personas que encontraron la manera de responder a la pregunta \u201c\u00bfQu\u00e9 es lo que m\u00e1s me importa en la vida?\u201d, dice el productor de la serie, Adri\u00e1n Dur\u00e9. \u201cNo se trata solo de lo que logramos, sino de las vidas que tocamos y del cambio que inspiramos\u201d.<\/p>\n<p><div id=\"attachment_136299\" style=\"width: 877px\" class=\"wp-caption aligncenter\"><img decoding=\"async\" aria-describedby=\"caption-attachment-136299\" class=\" wp-image-136299\" src=\"https:\/\/interamerica.org\/wp-content\/uploads\/2025\/11\/gain-europe-3-6-1024x683.jpg\" alt=\"\" width=\"867\" height=\"578\" srcset=\"https:\/\/interamerica.org\/wp-content\/uploads\/2025\/11\/gain-europe-3-6-1024x683.jpg 1024w, https:\/\/interamerica.org\/wp-content\/uploads\/2025\/11\/gain-europe-3-6-300x200.jpg 300w, https:\/\/interamerica.org\/wp-content\/uploads\/2025\/11\/gain-europe-3-6-768x512.jpg 768w, https:\/\/interamerica.org\/wp-content\/uploads\/2025\/11\/gain-europe-3-6-1536x1024.jpg 1536w, https:\/\/interamerica.org\/wp-content\/uploads\/2025\/11\/gain-europe-3-6.jpg 1548w\" sizes=\"(max-width: 867px) 100vw, 867px\" \/><p id=\"caption-attachment-136299\" class=\"wp-caption-text\">Productores de cine de decenas de pa\u00edses participaron en las iniciativas de medios m\u00faltiples, inform\u00f3 Klaus Popa, presidente de Hope Media Europa. [Fotograf\u00eda: Marcos Paseggi, Adventist Review]<\/p><\/div>Los productores detr\u00e1s de la \u00faltima iniciativa experimentaron con un nuevo enfoque que incluy\u00f3 contribuciones de figuras p\u00fablicas. Dur\u00e9 comparti\u00f3 que el proyecto incluye tres series documentales. La primera, titulada <a href=\"https:\/\/mygreatestpurpose.org\/#victory\" target=\"_blank\" rel=\"noopener\"><em>Mi mayor victoria<\/em><\/a>, presenta a seis atletas y deportistas de primer nivel que comparten c\u00f3mo encuentran un prop\u00f3sito en la vida m\u00e1s all\u00e1 de sus disciplinas espec\u00edficas. Entre ellos est\u00e1 la medallista ol\u00edmpica australiana Nicola Olyslagers, que <a href=\"https:\/\/adventistreview.org\/world\/europe\/two-time-olympic-medalist-is-not-shy-about-her-love-for-jesus\/\">no esconde su amor y devoci\u00f3n por Cristo<\/a>. Tambi\u00e9n la campeona mundial de f\u00fatbol libre Aguska Mnich, <a href=\"https:\/\/adventistreview.org\/news\/new-adventist-video-series-features-freestyle-soccer-world-champion\/\">que cuenta de qu\u00e9 manera conocer a Jes\u00fas transform\u00f3 su vida<\/a>.<\/p>\n<p>Uno de los nuevos episodios de la serie incluye la historia de Pieter du Preez, un atleta sudafricano en paratriatl\u00f3n. En 2013, du Preez fue la primera persona tetrapl\u00e9jica en competir en un triatl\u00f3n Ironman. Tambi\u00e9n compiti\u00f3 en los Juegos Paral\u00edmpicos de Verano de 2012 y gan\u00f3 el oro en la contrarreloj. \u201cConocer a Pieter y pasar dos d\u00edas con \u00e9l y su familia me cambi\u00f3 como persona\u201d, dijo el productor del episodio Andre Brink. \u201cNo creo que pueda quejarme de nada despu\u00e9s de eso\u201d.<\/p>\n<p><div id=\"attachment_136300\" style=\"width: 843px\" class=\"wp-caption aligncenter\"><img decoding=\"async\" aria-describedby=\"caption-attachment-136300\" class=\" wp-image-136300\" src=\"https:\/\/interamerica.org\/wp-content\/uploads\/2025\/11\/gain-europe-5-4-1024x683.jpg\" alt=\"\" width=\"833\" height=\"555\" srcset=\"https:\/\/interamerica.org\/wp-content\/uploads\/2025\/11\/gain-europe-5-4-1024x683.jpg 1024w, https:\/\/interamerica.org\/wp-content\/uploads\/2025\/11\/gain-europe-5-4-300x200.jpg 300w, https:\/\/interamerica.org\/wp-content\/uploads\/2025\/11\/gain-europe-5-4-768x512.jpg 768w, https:\/\/interamerica.org\/wp-content\/uploads\/2025\/11\/gain-europe-5-4-1536x1024.jpg 1536w, https:\/\/interamerica.org\/wp-content\/uploads\/2025\/11\/gain-europe-5-4.jpg 1548w\" sizes=\"(max-width: 833px) 100vw, 833px\" \/><p id=\"caption-attachment-136300\" class=\"wp-caption-text\">El productor de Hope Media Europa, Adrian Dure, explica lo que se ha logrado hasta ahora y comparte algunas de las experiencias que le cambiaron la vida durante el rodaje de la serie. [Fotograf\u00eda: Marcos Paseggi, Adventist Review]<\/p><\/div>La serie <a href=\"https:\/\/mygreatestpurpose.org\/#venture\" target=\"_blank\" rel=\"noopener\"><em>Mi mayor emprendimiento<\/em><\/a>, por otro lado, presenta a emprendedores y empresarios que comparten sus experiencias, metas y desaf\u00edos. Por \u00faltimo, <a href=\"https:\/\/mygreatestpurpose.org\/#decision\" target=\"_blank\" rel=\"noopener\"><em>Mi mayor decisi\u00f3n<\/em><\/a> presenta m\u00fasicos que se adentraron en el mundo secular antes de entregar sus vidas y talentos a Cristo.<\/p>\n<p>La serie <em>Prop\u00f3sito <\/em>tambi\u00e9n incluye <em>Espacio interior<\/em>, un filme corto creado en sociedad con la Divisi\u00f3n Norteamericana y el Festival Sonscreen, y un libro titulado <em>Prop\u00f3sito<\/em>.<\/p>\n<p>Dur\u00e9, Popa y Brink tambi\u00e9n anunciaron una nueva serie de <a href=\"https:\/\/hopetv.org.uk\/programmes\/animal-encounters\" target=\"_blank\" rel=\"noopener\">Encuentros con animales<\/a>, una serie que lleva a un grupo de j\u00f3venes a varios pa\u00edses para aprender y experimentar la belleza del mundo animal. Encuentros con animales 3, que se estrenar\u00e1 en 2026, fue rodada en Australia y Nueva Zelanda, seg\u00fan informaron, e incluye una cinematograf\u00eda de primera calidad y nuevos episodios atrapantes.<\/p>\n<div id=\"attachment_136301\" style=\"width: 826px\" class=\"wp-caption aligncenter\"><img loading=\"lazy\" decoding=\"async\" aria-describedby=\"caption-attachment-136301\" class=\" wp-image-136301\" src=\"https:\/\/interamerica.org\/wp-content\/uploads\/2025\/11\/gain-europe-7-4-1024x683.jpg\" alt=\"\" width=\"816\" height=\"544\" srcset=\"https:\/\/interamerica.org\/wp-content\/uploads\/2025\/11\/gain-europe-7-4-1024x683.jpg 1024w, https:\/\/interamerica.org\/wp-content\/uploads\/2025\/11\/gain-europe-7-4-300x200.jpg 300w, https:\/\/interamerica.org\/wp-content\/uploads\/2025\/11\/gain-europe-7-4-768x512.jpg 768w, https:\/\/interamerica.org\/wp-content\/uploads\/2025\/11\/gain-europe-7-4-1536x1024.jpg 1536w, https:\/\/interamerica.org\/wp-content\/uploads\/2025\/11\/gain-europe-7-4.jpg 1548w\" sizes=\"(max-width: 816px) 100vw, 816px\" \/><p id=\"caption-attachment-136301\" class=\"wp-caption-text\">El editor de libros y profesor Norel Iacob, de Ruman\u00eda, presenta el nuevo volumen Prop\u00f3sito, producido en colaboraci\u00f3n. [Fotograf\u00eda: Marcos Paseggi, Adventist Review]<\/p><\/div>\n<h3 class=\"wp-block-heading\"><strong>Diferentes enfoques sobre la b\u00fasqueda de prop\u00f3sito<\/strong><\/h3>\n<p>Tras la presentaci\u00f3n de Dur\u00e9, el editor de libros y profesor rumano Norel Iacob habl\u00f3 sobre algunas de las caracter\u00edsticas del nuevo volumen colaborativo. <em>Prop\u00f3sito: La B\u00fasqueda Sagrada de la Humanidad<\/em> exigi\u00f3 dos a\u00f1os de trabajo duro, reconocieron Popa e Iacob, que involucraron a autores de varios continentes. Es el cuarto volumen producido por estas colaboraciones multimedio. Los tres primeros sumaron un total de 812 p\u00e1ginas e involucraron a 58 autores de 32 pa\u00edses y 11 divisiones o regiones principales de la Iglesia Adventista.<\/p>\n<p>\u201cNos esforzamos por sumar a personas de todo el mundo\u201d, dijo Iacob. Los libros, escritos en ingl\u00e9s, han sido traducidos a varios idiomas, incluyendo el rumano y hasta el ruso.<\/p>\n<p><div id=\"attachment_136302\" style=\"width: 818px\" class=\"wp-caption aligncenter\"><img loading=\"lazy\" decoding=\"async\" aria-describedby=\"caption-attachment-136302\" class=\" wp-image-136302\" src=\"https:\/\/interamerica.org\/wp-content\/uploads\/2025\/11\/gain-europe-8-5-1024x683.jpg\" alt=\"\" width=\"808\" height=\"539\" srcset=\"https:\/\/interamerica.org\/wp-content\/uploads\/2025\/11\/gain-europe-8-5-1024x683.jpg 1024w, https:\/\/interamerica.org\/wp-content\/uploads\/2025\/11\/gain-europe-8-5-300x200.jpg 300w, https:\/\/interamerica.org\/wp-content\/uploads\/2025\/11\/gain-europe-8-5-768x512.jpg 768w, https:\/\/interamerica.org\/wp-content\/uploads\/2025\/11\/gain-europe-8-5-1536x1024.jpg 1536w, https:\/\/interamerica.org\/wp-content\/uploads\/2025\/11\/gain-europe-8-5.jpg 1548w\" sizes=\"(max-width: 808px) 100vw, 808px\" \/><p id=\"caption-attachment-136302\" class=\"wp-caption-text\">Prop\u00f3sito: La B\u00fasqueda Sagrada de la Humanidad invita a los lectores a reflexionar sobre qu\u00e9 o qui\u00e9n da sentido a sus vidas. [Fotograf\u00eda: Marcos Paseggi, Adventist Review]<\/p><\/div>El nuevo volumen cuenta con veinte autores que no hab\u00edan aparecido antes, que actualmente residen y trabajan en once pa\u00edses, inform\u00f3 Iacob. Incluye autores que trabajan en universidades y tienen t\u00edtulos de doctorado, o que son candidatos a doctorado. El volumen est\u00e1 dividido en cinco secciones e incluye once conceptos o ideas de todo el mundo sobre la manera en que las personas encuentran un prop\u00f3sito en la vida.<\/p>\n<figure class=\"wp-block-image size-large\"><picture><source srcset=\"https:\/\/adventistreview.org\/wp-content\/uploads\/2025\/11\/10-4-1024x683.jpg.webp 1024w, https:\/\/adventistreview.org\/wp-content\/uploads\/2025\/11\/10-4-300x200.jpg.webp 300w, https:\/\/adventistreview.org\/wp-content\/uploads\/2025\/11\/10-4-768x512.jpg.webp 768w, https:\/\/adventistreview.org\/wp-content\/uploads\/2025\/11\/10-4-1536x1024.jpg.webp 1536w, https:\/\/adventistreview.org\/wp-content\/uploads\/2025\/11\/10-4.jpg 1548w\" type=\"image\/webp\" sizes=\"(max-width: 1024px) 100vw, 1024px\" \/><\/picture><\/figure>\n<p><strong>Comentarios de lectores<\/strong><\/p>\n<p>Iacob invit\u00f3 a tres participantes de GAiN que hab\u00edan recibido un ejemplar del libro con antelaci\u00f3n a que compartieran sus impresiones despu\u00e9s de leerlo.<\/p>\n<p>El primero fue Stein Vegard Halvorsen, dise\u00f1ador y coordinador de marketing proveniente de Noruega. Tras leer parte del libro, dijo: \u201cParece que el libro nos brinda un lugar en una mesa donde la gente es mucho m\u00e1s lista que t\u00fa, [y, sin embargo] la conversaci\u00f3n no es inaccesible, porque habla de cosas que resuenan en el nivel m\u00e1s profundo para todos nosotros\u201d.<\/p>\n<p><div id=\"attachment_136303\" style=\"width: 800px\" class=\"wp-caption aligncenter\"><img loading=\"lazy\" decoding=\"async\" aria-describedby=\"caption-attachment-136303\" class=\" wp-image-136303\" src=\"https:\/\/interamerica.org\/wp-content\/uploads\/2025\/11\/gain-europe-11-4-1024x683.jpg\" alt=\"\" width=\"790\" height=\"527\" srcset=\"https:\/\/interamerica.org\/wp-content\/uploads\/2025\/11\/gain-europe-11-4-1024x683.jpg 1024w, https:\/\/interamerica.org\/wp-content\/uploads\/2025\/11\/gain-europe-11-4-300x200.jpg 300w, https:\/\/interamerica.org\/wp-content\/uploads\/2025\/11\/gain-europe-11-4-768x512.jpg 768w, https:\/\/interamerica.org\/wp-content\/uploads\/2025\/11\/gain-europe-11-4-1536x1024.jpg 1536w, https:\/\/interamerica.org\/wp-content\/uploads\/2025\/11\/gain-europe-11-4.jpg 1548w\" sizes=\"(max-width: 790px) 100vw, 790px\" \/><p id=\"caption-attachment-136303\" class=\"wp-caption-text\">Para Paulo Macedo, director de comunicaci\u00f3n de la Divisi\u00f3n Intereuropea y exeditor de libros, los libros producidos por estas iniciativas colaborativas resuenan porque \u201cse relacionan con las aspiraciones humanas m\u00e1s comunes\u201d. [Fotograf\u00eda: Marcos Paseggi, Adventist Review]<\/p><\/div>Para Paulo Macedo, director de Comunicaci\u00f3n de la Divisi\u00f3n Intereuropea y exeditor de libros, los libros producidos por estas iniciativas colaborativas \u201cse relacionan con las aspiraciones humanas m\u00e1s comunes\u201d (t\u00edtulos anteriores incluyen <em>Padres<\/em>, <em>Incertidumbre<\/em> y <em>Felicidad<\/em>). \u201cLa Iglesia [Adventista] tiene otros contenidos que aportan doctrinas y misi\u00f3n, pero puedo asegurarles que no encontrar\u00e1n este tipo de contenido en ning\u00fan otro lugar. Esto es lo que [diferencia] este proyecto\u201d.<\/p>\n<p>Seg\u00fan Macedo, contenidos como este, centrados en un enfoque existencial, nos ayudan a acercarnos a otras personas que no est\u00e1n en la misma sinton\u00eda en t\u00e9rminos doctrinales. \u201cNos ayudan a encontrar puntos en com\u00fan\u201d, dijo. El mensaje general al fin y al cabo es: \u201cNuestro verdadero prop\u00f3sito solo puede ser hallado en Dios\u201d.<\/p>\n<p>Iacob estuvo de acuerdo. \u201cEste es realmente un libro para los buscadores, para personas que tienen preguntas y est\u00e1n en busca de respuestas\u201d, dijo.<\/p>\n<p>Traducci\u00f3n de Marcos Paseggi<\/p>\n","protected":false},"excerpt":{"rendered":"<p>En GAiN Europa 2025, los comunicadores adventistas presentan sus m\u00e1s recientes producciones. 23 de noviembre de 2025 | Pravets, Bulgaria, | Marcos Paseggi, Adventist Review Todo comenz\u00f3 en 2015 con&#8230;<\/p>\n","protected":false},"author":3,"featured_media":136356,"comment_status":"closed","ping_status":"closed","sticky":false,"template":"","format":"standard","meta":{"_acf_changed":false,"footnotes":""},"categories":[14,15],"tags":[],"class_list":["post-136355","post","type-post","status-publish","format-standard","has-post-thumbnail","hentry","category-de-la-iglesia-mundial","category-rss-espanol"],"acf":[],"yoast_head":"<!-- This site is optimized with the Yoast SEO plugin v27.3 - https:\/\/yoast.com\/product\/yoast-seo-wordpress\/ -->\n<title>Proyecto de colaboraci\u00f3n de medios conserva el impulso gracias a nuevas ofertas - Iglesia Adventista del S\u00e9ptimo D\u00eda - Divisi\u00f3n Interamericana<\/title>\n<meta name=\"robots\" content=\"index, follow, max-snippet:-1, max-image-preview:large, max-video-preview:-1\" \/>\n<link rel=\"canonical\" href=\"https:\/\/interamerica.org\/es\/2025\/11\/proyecto-de-colaboracion-de-medios-conserva-el-impulso-gracias-a-nuevas-ofertas\/\" \/>\n<meta property=\"og:locale\" content=\"es_ES\" \/>\n<meta property=\"og:type\" content=\"article\" \/>\n<meta property=\"og:title\" content=\"Proyecto de colaboraci\u00f3n de medios conserva el impulso gracias a nuevas ofertas - Iglesia Adventista del S\u00e9ptimo D\u00eda - Divisi\u00f3n Interamericana\" \/>\n<meta property=\"og:description\" content=\"En GAiN Europa 2025, los comunicadores adventistas presentan sus m\u00e1s recientes producciones. 23 de noviembre de 2025 | Pravets, Bulgaria, | Marcos Paseggi, Adventist Review Todo comenz\u00f3 en 2015 con...\" \/>\n<meta property=\"og:url\" content=\"https:\/\/interamerica.org\/es\/2025\/11\/proyecto-de-colaboracion-de-medios-conserva-el-impulso-gracias-a-nuevas-ofertas\/\" \/>\n<meta property=\"og:site_name\" content=\"Iglesia Adventista del S\u00e9ptimo D\u00eda - Divisi\u00f3n Interamericana\" \/>\n<meta property=\"article:published_time\" content=\"2025-11-23T19:53:57+00:00\" \/>\n<meta property=\"article:modified_time\" content=\"2025-11-24T13:23:20+00:00\" \/>\n<meta property=\"og:image\" content=\"https:\/\/interamerica.org\/wp-content\/uploads\/2025\/11\/gain-europe1-12.jpg\" \/>\n\t<meta property=\"og:image:width\" content=\"1397\" \/>\n\t<meta property=\"og:image:height\" content=\"984\" \/>\n\t<meta property=\"og:image:type\" content=\"image\/jpeg\" \/>\n<meta name=\"author\" content=\"libna\" \/>\n<meta name=\"twitter:card\" content=\"summary_large_image\" \/>\n<meta name=\"twitter:label1\" content=\"Escrito por\" \/>\n\t<meta name=\"twitter:data1\" content=\"libna\" \/>\n\t<meta name=\"twitter:label2\" content=\"Tiempo de lectura\" \/>\n\t<meta name=\"twitter:data2\" content=\"8 minutos\" \/>\n<script type=\"application\/ld+json\" class=\"yoast-schema-graph\">{\"@context\":\"https:\\\/\\\/schema.org\",\"@graph\":[{\"@type\":\"Article\",\"@id\":\"https:\\\/\\\/interamerica.org\\\/es\\\/2025\\\/11\\\/proyecto-de-colaboracion-de-medios-conserva-el-impulso-gracias-a-nuevas-ofertas\\\/#article\",\"isPartOf\":{\"@id\":\"https:\\\/\\\/interamerica.org\\\/es\\\/2025\\\/11\\\/proyecto-de-colaboracion-de-medios-conserva-el-impulso-gracias-a-nuevas-ofertas\\\/\"},\"author\":{\"name\":\"libna\",\"@id\":\"https:\\\/\\\/interamerica.org\\\/es\\\/#\\\/schema\\\/person\\\/29998f2bc2d8bd0d38662909289b54f1\"},\"headline\":\"Proyecto de colaboraci\u00f3n de medios conserva el impulso gracias a nuevas ofertas\",\"datePublished\":\"2025-11-23T19:53:57+00:00\",\"dateModified\":\"2025-11-24T13:23:20+00:00\",\"mainEntityOfPage\":{\"@id\":\"https:\\\/\\\/interamerica.org\\\/es\\\/2025\\\/11\\\/proyecto-de-colaboracion-de-medios-conserva-el-impulso-gracias-a-nuevas-ofertas\\\/\"},\"wordCount\":1414,\"image\":{\"@id\":\"https:\\\/\\\/interamerica.org\\\/es\\\/2025\\\/11\\\/proyecto-de-colaboracion-de-medios-conserva-el-impulso-gracias-a-nuevas-ofertas\\\/#primaryimage\"},\"thumbnailUrl\":\"https:\\\/\\\/interamerica.org\\\/wp-content\\\/uploads\\\/2025\\\/11\\\/gain-europe1-12.jpg\",\"articleSection\":[\"Desde la iglesia mundial\",\"RSS Espa\u00f1ol\"],\"inLanguage\":\"es\"},{\"@type\":\"WebPage\",\"@id\":\"https:\\\/\\\/interamerica.org\\\/es\\\/2025\\\/11\\\/proyecto-de-colaboracion-de-medios-conserva-el-impulso-gracias-a-nuevas-ofertas\\\/\",\"url\":\"https:\\\/\\\/interamerica.org\\\/es\\\/2025\\\/11\\\/proyecto-de-colaboracion-de-medios-conserva-el-impulso-gracias-a-nuevas-ofertas\\\/\",\"name\":\"Proyecto de colaboraci\u00f3n de medios conserva el impulso gracias a nuevas ofertas - Iglesia Adventista del S\u00e9ptimo D\u00eda - Divisi\u00f3n Interamericana\",\"isPartOf\":{\"@id\":\"https:\\\/\\\/interamerica.org\\\/es\\\/#website\"},\"primaryImageOfPage\":{\"@id\":\"https:\\\/\\\/interamerica.org\\\/es\\\/2025\\\/11\\\/proyecto-de-colaboracion-de-medios-conserva-el-impulso-gracias-a-nuevas-ofertas\\\/#primaryimage\"},\"image\":{\"@id\":\"https:\\\/\\\/interamerica.org\\\/es\\\/2025\\\/11\\\/proyecto-de-colaboracion-de-medios-conserva-el-impulso-gracias-a-nuevas-ofertas\\\/#primaryimage\"},\"thumbnailUrl\":\"https:\\\/\\\/interamerica.org\\\/wp-content\\\/uploads\\\/2025\\\/11\\\/gain-europe1-12.jpg\",\"datePublished\":\"2025-11-23T19:53:57+00:00\",\"dateModified\":\"2025-11-24T13:23:20+00:00\",\"author\":{\"@id\":\"https:\\\/\\\/interamerica.org\\\/es\\\/#\\\/schema\\\/person\\\/29998f2bc2d8bd0d38662909289b54f1\"},\"breadcrumb\":{\"@id\":\"https:\\\/\\\/interamerica.org\\\/es\\\/2025\\\/11\\\/proyecto-de-colaboracion-de-medios-conserva-el-impulso-gracias-a-nuevas-ofertas\\\/#breadcrumb\"},\"inLanguage\":\"es\",\"potentialAction\":[{\"@type\":\"ReadAction\",\"target\":[\"https:\\\/\\\/interamerica.org\\\/es\\\/2025\\\/11\\\/proyecto-de-colaboracion-de-medios-conserva-el-impulso-gracias-a-nuevas-ofertas\\\/\"]}]},{\"@type\":\"ImageObject\",\"inLanguage\":\"es\",\"@id\":\"https:\\\/\\\/interamerica.org\\\/es\\\/2025\\\/11\\\/proyecto-de-colaboracion-de-medios-conserva-el-impulso-gracias-a-nuevas-ofertas\\\/#primaryimage\",\"url\":\"https:\\\/\\\/interamerica.org\\\/wp-content\\\/uploads\\\/2025\\\/11\\\/gain-europe1-12.jpg\",\"contentUrl\":\"https:\\\/\\\/interamerica.org\\\/wp-content\\\/uploads\\\/2025\\\/11\\\/gain-europe1-12.jpg\",\"width\":1397,\"height\":984,\"caption\":\"Adri\u00e1n Dur\u00e9, productor de Hope Media Europa, comparte las \u00faltimas ofertas producidas en colaboraci\u00f3n con comunicadores adventistas del s\u00e9ptimo d\u00eda de todo el mundo. [Fotograf\u00eda: Marcos Paseggi, Adventist Review]\"},{\"@type\":\"BreadcrumbList\",\"@id\":\"https:\\\/\\\/interamerica.org\\\/es\\\/2025\\\/11\\\/proyecto-de-colaboracion-de-medios-conserva-el-impulso-gracias-a-nuevas-ofertas\\\/#breadcrumb\",\"itemListElement\":[{\"@type\":\"ListItem\",\"position\":1,\"name\":\"Home\",\"item\":\"https:\\\/\\\/interamerica.org\\\/es\\\/\"},{\"@type\":\"ListItem\",\"position\":2,\"name\":\"Proyecto de colaboraci\u00f3n de medios conserva el impulso gracias a nuevas ofertas\"}]},{\"@type\":\"WebSite\",\"@id\":\"https:\\\/\\\/interamerica.org\\\/es\\\/#website\",\"url\":\"https:\\\/\\\/interamerica.org\\\/es\\\/\",\"name\":\"Iglesia Adventista del S\u00e9ptimo D\u00eda - Divisi\u00f3n Interamericana\",\"description\":\"\",\"potentialAction\":[{\"@type\":\"SearchAction\",\"target\":{\"@type\":\"EntryPoint\",\"urlTemplate\":\"https:\\\/\\\/interamerica.org\\\/es\\\/?s={search_term_string}\"},\"query-input\":{\"@type\":\"PropertyValueSpecification\",\"valueRequired\":true,\"valueName\":\"search_term_string\"}}],\"inLanguage\":\"es\"},{\"@type\":\"Person\",\"@id\":\"https:\\\/\\\/interamerica.org\\\/es\\\/#\\\/schema\\\/person\\\/29998f2bc2d8bd0d38662909289b54f1\",\"name\":\"libna\",\"image\":{\"@type\":\"ImageObject\",\"inLanguage\":\"es\",\"@id\":\"https:\\\/\\\/secure.gravatar.com\\\/avatar\\\/7c5bd30ae4b47a9ba3c856590957fd1d96dc588bf3ac05719d247e126840331f?s=96&d=mm&r=g\",\"url\":\"https:\\\/\\\/secure.gravatar.com\\\/avatar\\\/7c5bd30ae4b47a9ba3c856590957fd1d96dc588bf3ac05719d247e126840331f?s=96&d=mm&r=g\",\"contentUrl\":\"https:\\\/\\\/secure.gravatar.com\\\/avatar\\\/7c5bd30ae4b47a9ba3c856590957fd1d96dc588bf3ac05719d247e126840331f?s=96&d=mm&r=g\",\"caption\":\"libna\"}}]}<\/script>\n<!-- \/ Yoast SEO plugin. -->","yoast_head_json":{"title":"Proyecto de colaboraci\u00f3n de medios conserva el impulso gracias a nuevas ofertas - Iglesia Adventista del S\u00e9ptimo D\u00eda - Divisi\u00f3n Interamericana","robots":{"index":"index","follow":"follow","max-snippet":"max-snippet:-1","max-image-preview":"max-image-preview:large","max-video-preview":"max-video-preview:-1"},"canonical":"https:\/\/interamerica.org\/es\/2025\/11\/proyecto-de-colaboracion-de-medios-conserva-el-impulso-gracias-a-nuevas-ofertas\/","og_locale":"es_ES","og_type":"article","og_title":"Proyecto de colaboraci\u00f3n de medios conserva el impulso gracias a nuevas ofertas - Iglesia Adventista del S\u00e9ptimo D\u00eda - Divisi\u00f3n Interamericana","og_description":"En GAiN Europa 2025, los comunicadores adventistas presentan sus m\u00e1s recientes producciones. 23 de noviembre de 2025 | Pravets, Bulgaria, | Marcos Paseggi, Adventist Review Todo comenz\u00f3 en 2015 con...","og_url":"https:\/\/interamerica.org\/es\/2025\/11\/proyecto-de-colaboracion-de-medios-conserva-el-impulso-gracias-a-nuevas-ofertas\/","og_site_name":"Iglesia Adventista del S\u00e9ptimo D\u00eda - Divisi\u00f3n Interamericana","article_published_time":"2025-11-23T19:53:57+00:00","article_modified_time":"2025-11-24T13:23:20+00:00","og_image":[{"width":1397,"height":984,"url":"https:\/\/interamerica.org\/wp-content\/uploads\/2025\/11\/gain-europe1-12.jpg","type":"image\/jpeg"}],"author":"libna","twitter_card":"summary_large_image","twitter_misc":{"Escrito por":"libna","Tiempo de lectura":"8 minutos"},"schema":{"@context":"https:\/\/schema.org","@graph":[{"@type":"Article","@id":"https:\/\/interamerica.org\/es\/2025\/11\/proyecto-de-colaboracion-de-medios-conserva-el-impulso-gracias-a-nuevas-ofertas\/#article","isPartOf":{"@id":"https:\/\/interamerica.org\/es\/2025\/11\/proyecto-de-colaboracion-de-medios-conserva-el-impulso-gracias-a-nuevas-ofertas\/"},"author":{"name":"libna","@id":"https:\/\/interamerica.org\/es\/#\/schema\/person\/29998f2bc2d8bd0d38662909289b54f1"},"headline":"Proyecto de colaboraci\u00f3n de medios conserva el impulso gracias a nuevas ofertas","datePublished":"2025-11-23T19:53:57+00:00","dateModified":"2025-11-24T13:23:20+00:00","mainEntityOfPage":{"@id":"https:\/\/interamerica.org\/es\/2025\/11\/proyecto-de-colaboracion-de-medios-conserva-el-impulso-gracias-a-nuevas-ofertas\/"},"wordCount":1414,"image":{"@id":"https:\/\/interamerica.org\/es\/2025\/11\/proyecto-de-colaboracion-de-medios-conserva-el-impulso-gracias-a-nuevas-ofertas\/#primaryimage"},"thumbnailUrl":"https:\/\/interamerica.org\/wp-content\/uploads\/2025\/11\/gain-europe1-12.jpg","articleSection":["Desde la iglesia mundial","RSS Espa\u00f1ol"],"inLanguage":"es"},{"@type":"WebPage","@id":"https:\/\/interamerica.org\/es\/2025\/11\/proyecto-de-colaboracion-de-medios-conserva-el-impulso-gracias-a-nuevas-ofertas\/","url":"https:\/\/interamerica.org\/es\/2025\/11\/proyecto-de-colaboracion-de-medios-conserva-el-impulso-gracias-a-nuevas-ofertas\/","name":"Proyecto de colaboraci\u00f3n de medios conserva el impulso gracias a nuevas ofertas - Iglesia Adventista del S\u00e9ptimo D\u00eda - Divisi\u00f3n Interamericana","isPartOf":{"@id":"https:\/\/interamerica.org\/es\/#website"},"primaryImageOfPage":{"@id":"https:\/\/interamerica.org\/es\/2025\/11\/proyecto-de-colaboracion-de-medios-conserva-el-impulso-gracias-a-nuevas-ofertas\/#primaryimage"},"image":{"@id":"https:\/\/interamerica.org\/es\/2025\/11\/proyecto-de-colaboracion-de-medios-conserva-el-impulso-gracias-a-nuevas-ofertas\/#primaryimage"},"thumbnailUrl":"https:\/\/interamerica.org\/wp-content\/uploads\/2025\/11\/gain-europe1-12.jpg","datePublished":"2025-11-23T19:53:57+00:00","dateModified":"2025-11-24T13:23:20+00:00","author":{"@id":"https:\/\/interamerica.org\/es\/#\/schema\/person\/29998f2bc2d8bd0d38662909289b54f1"},"breadcrumb":{"@id":"https:\/\/interamerica.org\/es\/2025\/11\/proyecto-de-colaboracion-de-medios-conserva-el-impulso-gracias-a-nuevas-ofertas\/#breadcrumb"},"inLanguage":"es","potentialAction":[{"@type":"ReadAction","target":["https:\/\/interamerica.org\/es\/2025\/11\/proyecto-de-colaboracion-de-medios-conserva-el-impulso-gracias-a-nuevas-ofertas\/"]}]},{"@type":"ImageObject","inLanguage":"es","@id":"https:\/\/interamerica.org\/es\/2025\/11\/proyecto-de-colaboracion-de-medios-conserva-el-impulso-gracias-a-nuevas-ofertas\/#primaryimage","url":"https:\/\/interamerica.org\/wp-content\/uploads\/2025\/11\/gain-europe1-12.jpg","contentUrl":"https:\/\/interamerica.org\/wp-content\/uploads\/2025\/11\/gain-europe1-12.jpg","width":1397,"height":984,"caption":"Adri\u00e1n Dur\u00e9, productor de Hope Media Europa, comparte las \u00faltimas ofertas producidas en colaboraci\u00f3n con comunicadores adventistas del s\u00e9ptimo d\u00eda de todo el mundo. [Fotograf\u00eda: Marcos Paseggi, Adventist Review]"},{"@type":"BreadcrumbList","@id":"https:\/\/interamerica.org\/es\/2025\/11\/proyecto-de-colaboracion-de-medios-conserva-el-impulso-gracias-a-nuevas-ofertas\/#breadcrumb","itemListElement":[{"@type":"ListItem","position":1,"name":"Home","item":"https:\/\/interamerica.org\/es\/"},{"@type":"ListItem","position":2,"name":"Proyecto de colaboraci\u00f3n de medios conserva el impulso gracias a nuevas ofertas"}]},{"@type":"WebSite","@id":"https:\/\/interamerica.org\/es\/#website","url":"https:\/\/interamerica.org\/es\/","name":"Iglesia Adventista del S\u00e9ptimo D\u00eda - Divisi\u00f3n Interamericana","description":"","potentialAction":[{"@type":"SearchAction","target":{"@type":"EntryPoint","urlTemplate":"https:\/\/interamerica.org\/es\/?s={search_term_string}"},"query-input":{"@type":"PropertyValueSpecification","valueRequired":true,"valueName":"search_term_string"}}],"inLanguage":"es"},{"@type":"Person","@id":"https:\/\/interamerica.org\/es\/#\/schema\/person\/29998f2bc2d8bd0d38662909289b54f1","name":"libna","image":{"@type":"ImageObject","inLanguage":"es","@id":"https:\/\/secure.gravatar.com\/avatar\/7c5bd30ae4b47a9ba3c856590957fd1d96dc588bf3ac05719d247e126840331f?s=96&d=mm&r=g","url":"https:\/\/secure.gravatar.com\/avatar\/7c5bd30ae4b47a9ba3c856590957fd1d96dc588bf3ac05719d247e126840331f?s=96&d=mm&r=g","contentUrl":"https:\/\/secure.gravatar.com\/avatar\/7c5bd30ae4b47a9ba3c856590957fd1d96dc588bf3ac05719d247e126840331f?s=96&d=mm&r=g","caption":"libna"}}]}},"_links":{"self":[{"href":"https:\/\/interamerica.org\/es\/wp-json\/wp\/v2\/posts\/136355","targetHints":{"allow":["GET"]}}],"collection":[{"href":"https:\/\/interamerica.org\/es\/wp-json\/wp\/v2\/posts"}],"about":[{"href":"https:\/\/interamerica.org\/es\/wp-json\/wp\/v2\/types\/post"}],"author":[{"embeddable":true,"href":"https:\/\/interamerica.org\/es\/wp-json\/wp\/v2\/users\/3"}],"replies":[{"embeddable":true,"href":"https:\/\/interamerica.org\/es\/wp-json\/wp\/v2\/comments?post=136355"}],"version-history":[{"count":1,"href":"https:\/\/interamerica.org\/es\/wp-json\/wp\/v2\/posts\/136355\/revisions"}],"predecessor-version":[{"id":136394,"href":"https:\/\/interamerica.org\/es\/wp-json\/wp\/v2\/posts\/136355\/revisions\/136394"}],"wp:featuredmedia":[{"embeddable":true,"href":"https:\/\/interamerica.org\/es\/wp-json\/wp\/v2\/media\/136356"}],"wp:attachment":[{"href":"https:\/\/interamerica.org\/es\/wp-json\/wp\/v2\/media?parent=136355"}],"wp:term":[{"taxonomy":"category","embeddable":true,"href":"https:\/\/interamerica.org\/es\/wp-json\/wp\/v2\/categories?post=136355"},{"taxonomy":"post_tag","embeddable":true,"href":"https:\/\/interamerica.org\/es\/wp-json\/wp\/v2\/tags?post=136355"}],"curies":[{"name":"wp","href":"https:\/\/api.w.org\/{rel}","templated":true}]}}