{"id":136877,"date":"2025-12-11T23:28:14","date_gmt":"2025-12-12T04:28:14","guid":{"rendered":"https:\/\/interamerica.org\/?p=136877"},"modified":"2025-12-12T08:33:47","modified_gmt":"2025-12-12T13:33:47","slug":"mas-de-cinco-mil-personas-se-beneficiaron-de-iniciativa-adventista-de-salud-en-venezuela","status":"publish","type":"post","link":"https:\/\/interamerica.org\/es\/2025\/12\/mas-de-cinco-mil-personas-se-beneficiaron-de-iniciativa-adventista-de-salud-en-venezuela\/","title":{"rendered":"M\u00e1s de cinco mil personas se beneficiaron de iniciativa adventista de salud en Venezuela"},"content":{"rendered":"<p><div id=\"attachment_136868\" style=\"width: 896px\" class=\"wp-caption aligncenter\"><img fetchpriority=\"high\" decoding=\"async\" aria-describedby=\"caption-attachment-136868\" class=\" wp-image-136868\" src=\"https:\/\/interamerica.org\/wp-content\/uploads\/2025\/12\/wvau-dental-1024x640.jpg\" alt=\"\" width=\"886\" height=\"554\" srcset=\"https:\/\/interamerica.org\/wp-content\/uploads\/2025\/12\/wvau-dental-1024x640.jpg 1024w, https:\/\/interamerica.org\/wp-content\/uploads\/2025\/12\/wvau-dental-300x188.jpg 300w, https:\/\/interamerica.org\/wp-content\/uploads\/2025\/12\/wvau-dental-768x480.jpg 768w, https:\/\/interamerica.org\/wp-content\/uploads\/2025\/12\/wvau-dental.jpg 1280w\" sizes=\"(max-width: 886px) 100vw, 886px\" \/><p id=\"caption-attachment-136868\" class=\"wp-caption-text\">La atenci\u00f3n odontol\u00f3gica fue uno de los muchos servicios m\u00e9dicos gratuitos ofrecidos a miles de personas en San Crist\u00f3bal, Venezuela, durante la campa\u00f1a de divulgaci\u00f3n sanitaria de este a\u00f1o coordinada por la Asociaci\u00f3n Venezolana Sur Occidental. [Fotograf\u00eda: Uni\u00f3n Venezolana Occidental]<\/p><\/div><em>Esfuerzo anual de \u201cSalud en Misi\u00f3n\u201d moviliza a profesionales m\u00e9dicos, miembros de iglesia y otros socios para atender necesidades urgentes en medio de los actuales desaf\u00edos en el pa\u00eds. <\/em><\/p>\n<p>11 de diciembre de 2025 | San Crist\u00f3bal, T\u00e1chira, Venezuela | Jos\u00e9 Falc\u00f3n y Libna Stevens, Noticias de la IAD<\/p>\n<p>La Iglesia Adventista del S\u00e9ptimo D\u00eda en la Uni\u00f3n Venezolana Occidental celebr\u00f3 hace poco el impacto de una iniciativa comunitaria de salud de un a\u00f1o llevada a cabo en la regi\u00f3n suroeste del pa\u00eds. El programa, conocido como <em>Salud en Misi\u00f3n<\/em>, moviliz\u00f3 a profesionales adventistas de la salud y a miembros de iglesia activos para atender las urgentes necesidades f\u00edsicas y emocionales de miles de personas a lo largo de 2025.<\/p>\n<p>El pastor Orlando Ram\u00edrez, presidente de la Uni\u00f3n Venezolana Occidental, explic\u00f3 que la labor de divulgaci\u00f3n sanitaria se ha vuelto esencial en momentos en que Venezuela sigue enfrentando graves desaf\u00edos econ\u00f3micos y m\u00e9dicos.<\/p>\n<p><div id=\"attachment_136866\" style=\"width: 893px\" class=\"wp-caption aligncenter\"><img decoding=\"async\" aria-describedby=\"caption-attachment-136866\" class=\" wp-image-136866\" src=\"https:\/\/interamerica.org\/wp-content\/uploads\/2025\/12\/wvau-registration-medial-services.jpg\" alt=\"\" width=\"883\" height=\"529\" srcset=\"https:\/\/interamerica.org\/wp-content\/uploads\/2025\/12\/wvau-registration-medial-services.jpg 976w, https:\/\/interamerica.org\/wp-content\/uploads\/2025\/12\/wvau-registration-medial-services-300x180.jpg 300w, https:\/\/interamerica.org\/wp-content\/uploads\/2025\/12\/wvau-registration-medial-services-768x460.jpg 768w\" sizes=\"(max-width: 883px) 100vw, 883px\" \/><p id=\"caption-attachment-136866\" class=\"wp-caption-text\">Profesionales adventistas hacen fila mientras los miembros de la comunidad aguardan para recibir servicios m\u00e9dicos gratuitos en el suroeste de Venezuela. [Fotograf\u00eda: Uni\u00f3n Venezolana Occidental]<\/p><\/div>\u201cMuchas personas no pueden acceder a suficientes servicios a trav\u00e9s del sistema p\u00fablico de salud, mientras que la atenci\u00f3n privada es inaccesible para la mayor\u00eda\u201d, afirm\u00f3. Como respuesta, la iglesia desarroll\u00f3 una estrategia continua que combin\u00f3 asistencia m\u00e9dica gratuita, apoyo emocional y discipulado, movilizando a las congregaciones locales en peque\u00f1os grupos comunitarios de salud.<\/p>\n<p><strong>Sentar las bases para un impacto comunitario<\/strong><\/p>\n<p>Antes de cada gran brigada m\u00e9dica, las iglesias formaron peque\u00f1os grupos de salud que impartieron varias semanas de clases de bienestar y establecieron relaciones con los miembros de la comunidad, explic\u00f3 Ram\u00edrez. Tras este per\u00edodo de preparaci\u00f3n, m\u00e9dicos adventistas voluntarios, el equipo misionero de la uni\u00f3n y donantes externos colaboraron para ofrecer cl\u00ednicas gratuitas.<\/p>\n<p><div id=\"attachment_136865\" style=\"width: 886px\" class=\"wp-caption aligncenter\"><img decoding=\"async\" aria-describedby=\"caption-attachment-136865\" class=\" wp-image-136865\" src=\"https:\/\/interamerica.org\/wp-content\/uploads\/2025\/12\/wvau-training-health-outreach.jpg\" alt=\"\" width=\"876\" height=\"506\" srcset=\"https:\/\/interamerica.org\/wp-content\/uploads\/2025\/12\/wvau-training-health-outreach.jpg 779w, https:\/\/interamerica.org\/wp-content\/uploads\/2025\/12\/wvau-training-health-outreach-300x173.jpg 300w, https:\/\/interamerica.org\/wp-content\/uploads\/2025\/12\/wvau-training-health-outreach-768x444.jpg 768w\" sizes=\"(max-width: 876px) 100vw, 876px\" \/><p id=\"caption-attachment-136865\" class=\"wp-caption-text\">Los l\u00edderes de la iglesia y coordinadores de grupos peque\u00f1os reciben formaci\u00f3n para la iniciativa comunitaria de salud durante los primeros meses de 2025. [Fotograf\u00eda: Uni\u00f3n Venezolana Occidental]<\/p><\/div>La labor de este a\u00f1o brind\u00f3 servicios m\u00e9dicos a m\u00e1s de cinco mil personas en San Crist\u00f3bal, en el estado de T\u00e1chira, seg\u00fan los organizadores. Los servicios incluyeron odontolog\u00eda, ginecolog\u00eda, pediatr\u00eda, geriatr\u00eda, cardiolog\u00eda, gastroenterolog\u00eda, nutrici\u00f3n, psicolog\u00eda, fisioterapia, cirug\u00eda general y oftalmolog\u00eda.<\/p>\n<p>\u201cDesde los primeros meses del a\u00f1o, nuestro equipo organizador trabaj\u00f3 intensamente para garantizar la preparaci\u00f3n espiritual, log\u00edstica y m\u00e9dica necesaria para impactar eficazmente a las comunidades de San Crist\u00f3bal\u201d, dijo Nancy Perdomo de Rivas, directora de ministerios de salud de la Uni\u00f3n Venezolana Occidental. \u201cDurante esa fase inicial, fortalecimos las alianzas con instituciones adventistas de salud, congregaciones locales y voluntarios dedicados que comparten el mensaje de esperanza que caracteriza a la Iglesia Adventista del S\u00e9ptimo D\u00eda\u201d.<\/p>\n<p><div id=\"attachment_136864\" style=\"width: 898px\" class=\"wp-caption aligncenter\"><img loading=\"lazy\" decoding=\"async\" aria-describedby=\"caption-attachment-136864\" class=\" wp-image-136864\" src=\"https:\/\/interamerica.org\/wp-content\/uploads\/2025\/12\/wvau-cooking-class-certification.jpg\" alt=\"\" width=\"888\" height=\"623\" srcset=\"https:\/\/interamerica.org\/wp-content\/uploads\/2025\/12\/wvau-cooking-class-certification.jpg 1000w, https:\/\/interamerica.org\/wp-content\/uploads\/2025\/12\/wvau-cooking-class-certification-300x210.jpg 300w, https:\/\/interamerica.org\/wp-content\/uploads\/2025\/12\/wvau-cooking-class-certification-768x538.jpg 768w\" sizes=\"(max-width: 888px) 100vw, 888px\" \/><p id=\"caption-attachment-136864\" class=\"wp-caption-text\">Los miembros de la comunidad en San Crist\u00f3bal, en el suroeste de Venezuela, muestran sus certificados tras completar una clase de cocina saludable ofrecida este a\u00f1o como parte de la campa\u00f1a de salud de la Iglesia Adventista. [Fotograf\u00eda: Uni\u00f3n Venezolana Occidental]<\/p><\/div><strong>Estrategia en cinco fases para un ministerio integral<\/strong><\/p>\n<p><em>Salud en Misi\u00f3n<\/em> se desarroll\u00f3 en cinco fases, comenzando en enero en coordinaci\u00f3n con la Asociaci\u00f3n Venezolana Sur Occidental. El proceso pas\u00f3 de formar y organizar peque\u00f1os grupos de salud, a conectar con miembros de la comunidad, ofrecer cl\u00ednicas m\u00e9dicas y compartir el evangelio, y concluy\u00f3 preservando nuevos intereses mediante el discipulado, que culmin\u00f3 en noviembre.<\/p>\n<p>\u201cTras recibir tres o cuatro semanas de instrucci\u00f3n de salud, se invita a la gente a las cl\u00ednicas m\u00e9dicas gratuitas\u201d, explic\u00f3 Rivas. \u201cLa gente estaba completamente lista y ansiosa por venir a recibir atenci\u00f3n\u201d.<\/p>\n<p><div id=\"attachment_136860\" style=\"width: 874px\" class=\"wp-caption aligncenter\"><img loading=\"lazy\" decoding=\"async\" aria-describedby=\"caption-attachment-136860\" class=\" wp-image-136860\" src=\"https:\/\/interamerica.org\/wp-content\/uploads\/2025\/12\/wvau-baptism.jpg\" alt=\"\" width=\"864\" height=\"554\" srcset=\"https:\/\/interamerica.org\/wp-content\/uploads\/2025\/12\/wvau-baptism.jpg 1000w, https:\/\/interamerica.org\/wp-content\/uploads\/2025\/12\/wvau-baptism-300x192.jpg 300w, https:\/\/interamerica.org\/wp-content\/uploads\/2025\/12\/wvau-baptism-768x492.jpg 768w\" sizes=\"(max-width: 864px) 100vw, 864px\" \/><p id=\"caption-attachment-136860\" class=\"wp-caption-text\">Dos nuevos creyentes son bautizados durante la celebraci\u00f3n de fin de a\u00f1o el 25 de octubre de 2025, en el Gimnasio Arminio Guti\u00e9rrez, donde los miembros de iglesia se reunieron para reconocer el impacto espiritual de la iniciativa de salud y evangelizaci\u00f3n. En total, 353 personas se unieron a la Iglesia Adventista como resultado de los esfuerzos conjuntos. [Fotograf\u00eda: Uni\u00f3n Venezolana Occidental]<\/p><\/div>Del 18 al 24 de octubre, profesionales m\u00e9dicos y miembros de iglesia trabajaron juntos en ocho centros de predicaci\u00f3n repartidos en seis distritos del \u00e1rea metropolitana de San Crist\u00f3bal, ofreciendo lo que Rivas describi\u00f3 como el \u201ctriple ministerio de Jes\u00fas\u201d, que incluye la ense\u00f1anza, la predicaci\u00f3n y la sanaci\u00f3n. Administradores, l\u00edderes departamentales, pastores, ancianos, maestros y laicos unieron fuerzas con profesionales sanitarios del hospital adventista de Barquisimeto, cl\u00ednicas adventistas y varios centros de vida sana para atender a miles de personas.<\/p>\n<p>Ram\u00edrez se\u00f1al\u00f3 que los ministerios de donantes y Samaritan\u2019s Purse, que brind\u00f3 medicamentos, han desempe\u00f1ado un papel clave en el apoyo a la iniciativa.<\/p>\n<p><div id=\"attachment_136863\" style=\"width: 893px\" class=\"wp-caption aligncenter\"><img loading=\"lazy\" decoding=\"async\" aria-describedby=\"caption-attachment-136863\" class=\" wp-image-136863\" src=\"https:\/\/interamerica.org\/wp-content\/uploads\/2025\/12\/wvau-health-professionals-celebration-oct25.jpg\" alt=\"\" width=\"883\" height=\"498\" srcset=\"https:\/\/interamerica.org\/wp-content\/uploads\/2025\/12\/wvau-health-professionals-celebration-oct25.jpg 1000w, https:\/\/interamerica.org\/wp-content\/uploads\/2025\/12\/wvau-health-professionals-celebration-oct25-300x169.jpg 300w, https:\/\/interamerica.org\/wp-content\/uploads\/2025\/12\/wvau-health-professionals-celebration-oct25-768x433.jpg 768w\" sizes=\"(max-width: 883px) 100vw, 883px\" \/><p id=\"caption-attachment-136863\" class=\"wp-caption-text\">El presidente de la Uni\u00f3n Venezolana Occidental, Orlando Ram\u00edrez (al frente a la izquierda), se une a l\u00edderes de la iglesia, m\u00e9dicos y otros profesionales para una foto grupal durante la celebraci\u00f3n del 25 de octubre de 2025. [Fotograf\u00eda: Uni\u00f3n Venezolana Occidental]<\/p><\/div><strong>Celebraci\u00f3n de las decisiones y transformaci\u00f3n continua<\/strong><\/p>\n<p>Al concluir la labor de divulgaci\u00f3n sanitaria el 25 de octubre, m\u00e1s de 1200 l\u00edderes y miembros de iglesia se reunieron en el Gimnasio Arminio Guti\u00e9rrez para celebrar los bautismos de diez nuevos creyentes y reflexionar sobre el impacto espiritual de la iniciativa. En total, 353 personas se unieron a la Iglesia Adventista como resultado de los esfuerzos m\u00e9dicos y de evangelizaci\u00f3n combinados.<\/p>\n<p>\u201cDurante la semana, fuimos testigos de la gloriosa manifestaci\u00f3n del poder de Dios. Por la influencia del Esp\u00edritu Santo, muchos corazones fueron tocados\u2014hombres, mujeres y ni\u00f1os que entregaron sus vidas a Jes\u00fas\u201d, dijo Ram\u00edrez. \u201cEl proyecto no solo sirve a la comunidad, sino que tambi\u00e9n moviliza plenamente a la iglesia, por lo que organizarse en grupos peque\u00f1os ha resultado esencial\u201d.<\/p>\n<p>Traducci\u00f3n de Marcos Paseggi<\/p>\n","protected":false},"excerpt":{"rendered":"<p>Esfuerzo anual de \u201cSalud en Misi\u00f3n\u201d moviliza a profesionales m\u00e9dicos, miembros de iglesia y otros socios para atender necesidades urgentes en medio de los actuales desaf\u00edos en el pa\u00eds. 11&#8230;<\/p>\n","protected":false},"author":3,"featured_media":136881,"comment_status":"closed","ping_status":"closed","sticky":false,"template":"","format":"standard","meta":{"_acf_changed":false,"footnotes":""},"categories":[17,15],"tags":[],"class_list":["post-136877","post","type-post","status-publish","format-standard","has-post-thumbnail","hentry","category-desde-el-campo","category-rss-espanol"],"acf":[],"yoast_head":"<!-- This site is optimized with the Yoast SEO plugin v27.3 - https:\/\/yoast.com\/product\/yoast-seo-wordpress\/ -->\n<title>M\u00e1s de cinco mil personas se beneficiaron de iniciativa adventista de salud en Venezuela - Iglesia Adventista del S\u00e9ptimo D\u00eda - Divisi\u00f3n Interamericana<\/title>\n<meta name=\"robots\" content=\"index, follow, max-snippet:-1, max-image-preview:large, max-video-preview:-1\" \/>\n<link rel=\"canonical\" href=\"https:\/\/interamerica.org\/es\/2025\/12\/mas-de-cinco-mil-personas-se-beneficiaron-de-iniciativa-adventista-de-salud-en-venezuela\/\" \/>\n<meta property=\"og:locale\" content=\"es_ES\" \/>\n<meta property=\"og:type\" content=\"article\" \/>\n<meta property=\"og:title\" content=\"M\u00e1s de cinco mil personas se beneficiaron de iniciativa adventista de salud en Venezuela - Iglesia Adventista del S\u00e9ptimo D\u00eda - Divisi\u00f3n Interamericana\" \/>\n<meta property=\"og:description\" content=\"Esfuerzo anual de \u201cSalud en Misi\u00f3n\u201d moviliza a profesionales m\u00e9dicos, miembros de iglesia y otros socios para atender necesidades urgentes en medio de los actuales desaf\u00edos en el pa\u00eds. 11...\" \/>\n<meta property=\"og:url\" content=\"https:\/\/interamerica.org\/es\/2025\/12\/mas-de-cinco-mil-personas-se-beneficiaron-de-iniciativa-adventista-de-salud-en-venezuela\/\" \/>\n<meta property=\"og:site_name\" content=\"Iglesia Adventista del S\u00e9ptimo D\u00eda - Divisi\u00f3n Interamericana\" \/>\n<meta property=\"article:published_time\" content=\"2025-12-12T04:28:14+00:00\" \/>\n<meta property=\"article:modified_time\" content=\"2025-12-12T13:33:47+00:00\" \/>\n<meta property=\"og:image\" content=\"https:\/\/interamerica.org\/wp-content\/uploads\/2025\/12\/wvau-dental.jpg\" \/>\n\t<meta property=\"og:image:width\" content=\"1280\" \/>\n\t<meta property=\"og:image:height\" content=\"800\" \/>\n\t<meta property=\"og:image:type\" content=\"image\/jpeg\" \/>\n<meta name=\"author\" content=\"libna\" \/>\n<meta name=\"twitter:card\" content=\"summary_large_image\" \/>\n<meta name=\"twitter:label1\" content=\"Escrito por\" \/>\n\t<meta name=\"twitter:data1\" content=\"libna\" \/>\n\t<meta name=\"twitter:label2\" content=\"Tiempo de lectura\" \/>\n\t<meta name=\"twitter:data2\" content=\"6 minutos\" \/>\n<script type=\"application\/ld+json\" class=\"yoast-schema-graph\">{\"@context\":\"https:\\\/\\\/schema.org\",\"@graph\":[{\"@type\":\"Article\",\"@id\":\"https:\\\/\\\/interamerica.org\\\/es\\\/2025\\\/12\\\/mas-de-cinco-mil-personas-se-beneficiaron-de-iniciativa-adventista-de-salud-en-venezuela\\\/#article\",\"isPartOf\":{\"@id\":\"https:\\\/\\\/interamerica.org\\\/es\\\/2025\\\/12\\\/mas-de-cinco-mil-personas-se-beneficiaron-de-iniciativa-adventista-de-salud-en-venezuela\\\/\"},\"author\":{\"name\":\"libna\",\"@id\":\"https:\\\/\\\/interamerica.org\\\/es\\\/#\\\/schema\\\/person\\\/29998f2bc2d8bd0d38662909289b54f1\"},\"headline\":\"M\u00e1s de cinco mil personas se beneficiaron de iniciativa adventista de salud en Venezuela\",\"datePublished\":\"2025-12-12T04:28:14+00:00\",\"dateModified\":\"2025-12-12T13:33:47+00:00\",\"mainEntityOfPage\":{\"@id\":\"https:\\\/\\\/interamerica.org\\\/es\\\/2025\\\/12\\\/mas-de-cinco-mil-personas-se-beneficiaron-de-iniciativa-adventista-de-salud-en-venezuela\\\/\"},\"wordCount\":1136,\"image\":{\"@id\":\"https:\\\/\\\/interamerica.org\\\/es\\\/2025\\\/12\\\/mas-de-cinco-mil-personas-se-beneficiaron-de-iniciativa-adventista-de-salud-en-venezuela\\\/#primaryimage\"},\"thumbnailUrl\":\"https:\\\/\\\/interamerica.org\\\/wp-content\\\/uploads\\\/2025\\\/12\\\/wvau-dental.jpg\",\"articleSection\":[\"Desde el campo\",\"RSS Espa\u00f1ol\"],\"inLanguage\":\"es\"},{\"@type\":\"WebPage\",\"@id\":\"https:\\\/\\\/interamerica.org\\\/es\\\/2025\\\/12\\\/mas-de-cinco-mil-personas-se-beneficiaron-de-iniciativa-adventista-de-salud-en-venezuela\\\/\",\"url\":\"https:\\\/\\\/interamerica.org\\\/es\\\/2025\\\/12\\\/mas-de-cinco-mil-personas-se-beneficiaron-de-iniciativa-adventista-de-salud-en-venezuela\\\/\",\"name\":\"M\u00e1s de cinco mil personas se beneficiaron de iniciativa adventista de salud en Venezuela - Iglesia Adventista del S\u00e9ptimo D\u00eda - Divisi\u00f3n Interamericana\",\"isPartOf\":{\"@id\":\"https:\\\/\\\/interamerica.org\\\/es\\\/#website\"},\"primaryImageOfPage\":{\"@id\":\"https:\\\/\\\/interamerica.org\\\/es\\\/2025\\\/12\\\/mas-de-cinco-mil-personas-se-beneficiaron-de-iniciativa-adventista-de-salud-en-venezuela\\\/#primaryimage\"},\"image\":{\"@id\":\"https:\\\/\\\/interamerica.org\\\/es\\\/2025\\\/12\\\/mas-de-cinco-mil-personas-se-beneficiaron-de-iniciativa-adventista-de-salud-en-venezuela\\\/#primaryimage\"},\"thumbnailUrl\":\"https:\\\/\\\/interamerica.org\\\/wp-content\\\/uploads\\\/2025\\\/12\\\/wvau-dental.jpg\",\"datePublished\":\"2025-12-12T04:28:14+00:00\",\"dateModified\":\"2025-12-12T13:33:47+00:00\",\"author\":{\"@id\":\"https:\\\/\\\/interamerica.org\\\/es\\\/#\\\/schema\\\/person\\\/29998f2bc2d8bd0d38662909289b54f1\"},\"breadcrumb\":{\"@id\":\"https:\\\/\\\/interamerica.org\\\/es\\\/2025\\\/12\\\/mas-de-cinco-mil-personas-se-beneficiaron-de-iniciativa-adventista-de-salud-en-venezuela\\\/#breadcrumb\"},\"inLanguage\":\"es\",\"potentialAction\":[{\"@type\":\"ReadAction\",\"target\":[\"https:\\\/\\\/interamerica.org\\\/es\\\/2025\\\/12\\\/mas-de-cinco-mil-personas-se-beneficiaron-de-iniciativa-adventista-de-salud-en-venezuela\\\/\"]}]},{\"@type\":\"ImageObject\",\"inLanguage\":\"es\",\"@id\":\"https:\\\/\\\/interamerica.org\\\/es\\\/2025\\\/12\\\/mas-de-cinco-mil-personas-se-beneficiaron-de-iniciativa-adventista-de-salud-en-venezuela\\\/#primaryimage\",\"url\":\"https:\\\/\\\/interamerica.org\\\/wp-content\\\/uploads\\\/2025\\\/12\\\/wvau-dental.jpg\",\"contentUrl\":\"https:\\\/\\\/interamerica.org\\\/wp-content\\\/uploads\\\/2025\\\/12\\\/wvau-dental.jpg\",\"width\":1280,\"height\":800,\"caption\":\"[Fotograf\u00eda: Uni\u00f3n Venezolana Occidental]\"},{\"@type\":\"BreadcrumbList\",\"@id\":\"https:\\\/\\\/interamerica.org\\\/es\\\/2025\\\/12\\\/mas-de-cinco-mil-personas-se-beneficiaron-de-iniciativa-adventista-de-salud-en-venezuela\\\/#breadcrumb\",\"itemListElement\":[{\"@type\":\"ListItem\",\"position\":1,\"name\":\"Home\",\"item\":\"https:\\\/\\\/interamerica.org\\\/es\\\/\"},{\"@type\":\"ListItem\",\"position\":2,\"name\":\"M\u00e1s de cinco mil personas se beneficiaron de iniciativa adventista de salud en Venezuela\"}]},{\"@type\":\"WebSite\",\"@id\":\"https:\\\/\\\/interamerica.org\\\/es\\\/#website\",\"url\":\"https:\\\/\\\/interamerica.org\\\/es\\\/\",\"name\":\"Iglesia Adventista del S\u00e9ptimo D\u00eda - Divisi\u00f3n Interamericana\",\"description\":\"\",\"potentialAction\":[{\"@type\":\"SearchAction\",\"target\":{\"@type\":\"EntryPoint\",\"urlTemplate\":\"https:\\\/\\\/interamerica.org\\\/es\\\/?s={search_term_string}\"},\"query-input\":{\"@type\":\"PropertyValueSpecification\",\"valueRequired\":true,\"valueName\":\"search_term_string\"}}],\"inLanguage\":\"es\"},{\"@type\":\"Person\",\"@id\":\"https:\\\/\\\/interamerica.org\\\/es\\\/#\\\/schema\\\/person\\\/29998f2bc2d8bd0d38662909289b54f1\",\"name\":\"libna\",\"image\":{\"@type\":\"ImageObject\",\"inLanguage\":\"es\",\"@id\":\"https:\\\/\\\/secure.gravatar.com\\\/avatar\\\/7c5bd30ae4b47a9ba3c856590957fd1d96dc588bf3ac05719d247e126840331f?s=96&d=mm&r=g\",\"url\":\"https:\\\/\\\/secure.gravatar.com\\\/avatar\\\/7c5bd30ae4b47a9ba3c856590957fd1d96dc588bf3ac05719d247e126840331f?s=96&d=mm&r=g\",\"contentUrl\":\"https:\\\/\\\/secure.gravatar.com\\\/avatar\\\/7c5bd30ae4b47a9ba3c856590957fd1d96dc588bf3ac05719d247e126840331f?s=96&d=mm&r=g\",\"caption\":\"libna\"}}]}<\/script>\n<!-- \/ Yoast SEO plugin. -->","yoast_head_json":{"title":"M\u00e1s de cinco mil personas se beneficiaron de iniciativa adventista de salud en Venezuela - Iglesia Adventista del S\u00e9ptimo D\u00eda - Divisi\u00f3n Interamericana","robots":{"index":"index","follow":"follow","max-snippet":"max-snippet:-1","max-image-preview":"max-image-preview:large","max-video-preview":"max-video-preview:-1"},"canonical":"https:\/\/interamerica.org\/es\/2025\/12\/mas-de-cinco-mil-personas-se-beneficiaron-de-iniciativa-adventista-de-salud-en-venezuela\/","og_locale":"es_ES","og_type":"article","og_title":"M\u00e1s de cinco mil personas se beneficiaron de iniciativa adventista de salud en Venezuela - Iglesia Adventista del S\u00e9ptimo D\u00eda - Divisi\u00f3n Interamericana","og_description":"Esfuerzo anual de \u201cSalud en Misi\u00f3n\u201d moviliza a profesionales m\u00e9dicos, miembros de iglesia y otros socios para atender necesidades urgentes en medio de los actuales desaf\u00edos en el pa\u00eds. 11...","og_url":"https:\/\/interamerica.org\/es\/2025\/12\/mas-de-cinco-mil-personas-se-beneficiaron-de-iniciativa-adventista-de-salud-en-venezuela\/","og_site_name":"Iglesia Adventista del S\u00e9ptimo D\u00eda - Divisi\u00f3n Interamericana","article_published_time":"2025-12-12T04:28:14+00:00","article_modified_time":"2025-12-12T13:33:47+00:00","og_image":[{"width":1280,"height":800,"url":"https:\/\/interamerica.org\/wp-content\/uploads\/2025\/12\/wvau-dental.jpg","type":"image\/jpeg"}],"author":"libna","twitter_card":"summary_large_image","twitter_misc":{"Escrito por":"libna","Tiempo de lectura":"6 minutos"},"schema":{"@context":"https:\/\/schema.org","@graph":[{"@type":"Article","@id":"https:\/\/interamerica.org\/es\/2025\/12\/mas-de-cinco-mil-personas-se-beneficiaron-de-iniciativa-adventista-de-salud-en-venezuela\/#article","isPartOf":{"@id":"https:\/\/interamerica.org\/es\/2025\/12\/mas-de-cinco-mil-personas-se-beneficiaron-de-iniciativa-adventista-de-salud-en-venezuela\/"},"author":{"name":"libna","@id":"https:\/\/interamerica.org\/es\/#\/schema\/person\/29998f2bc2d8bd0d38662909289b54f1"},"headline":"M\u00e1s de cinco mil personas se beneficiaron de iniciativa adventista de salud en Venezuela","datePublished":"2025-12-12T04:28:14+00:00","dateModified":"2025-12-12T13:33:47+00:00","mainEntityOfPage":{"@id":"https:\/\/interamerica.org\/es\/2025\/12\/mas-de-cinco-mil-personas-se-beneficiaron-de-iniciativa-adventista-de-salud-en-venezuela\/"},"wordCount":1136,"image":{"@id":"https:\/\/interamerica.org\/es\/2025\/12\/mas-de-cinco-mil-personas-se-beneficiaron-de-iniciativa-adventista-de-salud-en-venezuela\/#primaryimage"},"thumbnailUrl":"https:\/\/interamerica.org\/wp-content\/uploads\/2025\/12\/wvau-dental.jpg","articleSection":["Desde el campo","RSS Espa\u00f1ol"],"inLanguage":"es"},{"@type":"WebPage","@id":"https:\/\/interamerica.org\/es\/2025\/12\/mas-de-cinco-mil-personas-se-beneficiaron-de-iniciativa-adventista-de-salud-en-venezuela\/","url":"https:\/\/interamerica.org\/es\/2025\/12\/mas-de-cinco-mil-personas-se-beneficiaron-de-iniciativa-adventista-de-salud-en-venezuela\/","name":"M\u00e1s de cinco mil personas se beneficiaron de iniciativa adventista de salud en Venezuela - Iglesia Adventista del S\u00e9ptimo D\u00eda - Divisi\u00f3n Interamericana","isPartOf":{"@id":"https:\/\/interamerica.org\/es\/#website"},"primaryImageOfPage":{"@id":"https:\/\/interamerica.org\/es\/2025\/12\/mas-de-cinco-mil-personas-se-beneficiaron-de-iniciativa-adventista-de-salud-en-venezuela\/#primaryimage"},"image":{"@id":"https:\/\/interamerica.org\/es\/2025\/12\/mas-de-cinco-mil-personas-se-beneficiaron-de-iniciativa-adventista-de-salud-en-venezuela\/#primaryimage"},"thumbnailUrl":"https:\/\/interamerica.org\/wp-content\/uploads\/2025\/12\/wvau-dental.jpg","datePublished":"2025-12-12T04:28:14+00:00","dateModified":"2025-12-12T13:33:47+00:00","author":{"@id":"https:\/\/interamerica.org\/es\/#\/schema\/person\/29998f2bc2d8bd0d38662909289b54f1"},"breadcrumb":{"@id":"https:\/\/interamerica.org\/es\/2025\/12\/mas-de-cinco-mil-personas-se-beneficiaron-de-iniciativa-adventista-de-salud-en-venezuela\/#breadcrumb"},"inLanguage":"es","potentialAction":[{"@type":"ReadAction","target":["https:\/\/interamerica.org\/es\/2025\/12\/mas-de-cinco-mil-personas-se-beneficiaron-de-iniciativa-adventista-de-salud-en-venezuela\/"]}]},{"@type":"ImageObject","inLanguage":"es","@id":"https:\/\/interamerica.org\/es\/2025\/12\/mas-de-cinco-mil-personas-se-beneficiaron-de-iniciativa-adventista-de-salud-en-venezuela\/#primaryimage","url":"https:\/\/interamerica.org\/wp-content\/uploads\/2025\/12\/wvau-dental.jpg","contentUrl":"https:\/\/interamerica.org\/wp-content\/uploads\/2025\/12\/wvau-dental.jpg","width":1280,"height":800,"caption":"[Fotograf\u00eda: Uni\u00f3n Venezolana Occidental]"},{"@type":"BreadcrumbList","@id":"https:\/\/interamerica.org\/es\/2025\/12\/mas-de-cinco-mil-personas-se-beneficiaron-de-iniciativa-adventista-de-salud-en-venezuela\/#breadcrumb","itemListElement":[{"@type":"ListItem","position":1,"name":"Home","item":"https:\/\/interamerica.org\/es\/"},{"@type":"ListItem","position":2,"name":"M\u00e1s de cinco mil personas se beneficiaron de iniciativa adventista de salud en Venezuela"}]},{"@type":"WebSite","@id":"https:\/\/interamerica.org\/es\/#website","url":"https:\/\/interamerica.org\/es\/","name":"Iglesia Adventista del S\u00e9ptimo D\u00eda - Divisi\u00f3n Interamericana","description":"","potentialAction":[{"@type":"SearchAction","target":{"@type":"EntryPoint","urlTemplate":"https:\/\/interamerica.org\/es\/?s={search_term_string}"},"query-input":{"@type":"PropertyValueSpecification","valueRequired":true,"valueName":"search_term_string"}}],"inLanguage":"es"},{"@type":"Person","@id":"https:\/\/interamerica.org\/es\/#\/schema\/person\/29998f2bc2d8bd0d38662909289b54f1","name":"libna","image":{"@type":"ImageObject","inLanguage":"es","@id":"https:\/\/secure.gravatar.com\/avatar\/7c5bd30ae4b47a9ba3c856590957fd1d96dc588bf3ac05719d247e126840331f?s=96&d=mm&r=g","url":"https:\/\/secure.gravatar.com\/avatar\/7c5bd30ae4b47a9ba3c856590957fd1d96dc588bf3ac05719d247e126840331f?s=96&d=mm&r=g","contentUrl":"https:\/\/secure.gravatar.com\/avatar\/7c5bd30ae4b47a9ba3c856590957fd1d96dc588bf3ac05719d247e126840331f?s=96&d=mm&r=g","caption":"libna"}}]}},"_links":{"self":[{"href":"https:\/\/interamerica.org\/es\/wp-json\/wp\/v2\/posts\/136877","targetHints":{"allow":["GET"]}}],"collection":[{"href":"https:\/\/interamerica.org\/es\/wp-json\/wp\/v2\/posts"}],"about":[{"href":"https:\/\/interamerica.org\/es\/wp-json\/wp\/v2\/types\/post"}],"author":[{"embeddable":true,"href":"https:\/\/interamerica.org\/es\/wp-json\/wp\/v2\/users\/3"}],"replies":[{"embeddable":true,"href":"https:\/\/interamerica.org\/es\/wp-json\/wp\/v2\/comments?post=136877"}],"version-history":[{"count":1,"href":"https:\/\/interamerica.org\/es\/wp-json\/wp\/v2\/posts\/136877\/revisions"}],"predecessor-version":[{"id":136887,"href":"https:\/\/interamerica.org\/es\/wp-json\/wp\/v2\/posts\/136877\/revisions\/136887"}],"wp:featuredmedia":[{"embeddable":true,"href":"https:\/\/interamerica.org\/es\/wp-json\/wp\/v2\/media\/136881"}],"wp:attachment":[{"href":"https:\/\/interamerica.org\/es\/wp-json\/wp\/v2\/media?parent=136877"}],"wp:term":[{"taxonomy":"category","embeddable":true,"href":"https:\/\/interamerica.org\/es\/wp-json\/wp\/v2\/categories?post=136877"},{"taxonomy":"post_tag","embeddable":true,"href":"https:\/\/interamerica.org\/es\/wp-json\/wp\/v2\/tags?post=136877"}],"curies":[{"name":"wp","href":"https:\/\/api.w.org\/{rel}","templated":true}]}}