{"id":136946,"date":"2025-12-16T20:42:03","date_gmt":"2025-12-17T01:42:03","guid":{"rendered":"https:\/\/interamerica.org\/?p=136946"},"modified":"2025-12-17T10:57:25","modified_gmt":"2025-12-17T15:57:25","slug":"cristo-en-el-centro","status":"publish","type":"post","link":"https:\/\/interamerica.org\/es\/2025\/12\/cristo-en-el-centro\/","title":{"rendered":"Cristo en el centro"},"content":{"rendered":"<p class=\"c-post-header__subtitle\"><em> La perspectiva de Elena G. White sobre la Navidad <\/em><\/p>\n<p>16 de diciembre de 2025 | Silver Spring, Maryland, Estados Unidos | Anna Galeniece<\/p>\n<p>En la cultura en la que crec\u00ed, no se festejaba la Navidad, en parte por la propaganda atea contra la religi\u00f3n, y en parte por la creencia de los adventistas que vinculaba el 25 de diciembre con el solsticio pagano de invierno. A\u00f1os m\u00e1s tarde, despu\u00e9s de mudarme a los Estados Unidos, me encontr\u00e9 con una imagen muy diferente. La Navidad se celebra ampliamente, se comercializa y, a menudo, se vac\u00eda de todo significado religioso. La gente intercambia regalos y disfruta de las festividades, pero Cristo rara vez est\u00e1 en el centro. Esas experiencias opuestas me llevaron a preguntarme c\u00f3mo vio Elena White la Navidad y qu\u00e9 consejos puede ofrecer a la iglesia.<\/p>\n<p><strong>Preparaci\u00f3n para la Navidad<\/strong><\/p>\n<p>Al leer los escritos de Elena White, nos damos cuenta muy pronto de c\u00f3mo exalt\u00f3 a Cristo de manera consistente. Cristo era la figura central que ella adoraba, amaba y a la que dedicaba su vida. No es de extra\u00f1ar, entonces, que, al referirse a la Navidad, Jes\u00fas haya seguido siendo el centro de esa ocasi\u00f3n profundamente espiritual.<\/p>\n<p>En la \u00e9poca de Navidad, su coraz\u00f3n se extend\u00eda a las familias con ni\u00f1os. Inst\u00f3 a los padres para que ense\u00f1aran a los ni\u00f1os y j\u00f3venes a comprender el verdadero significado de la festividad y a dirigir sus pensamientos, expectativas y ofrendas a Dios. Especific\u00f3 que era \u201cllamar la atenci\u00f3n de los ni\u00f1os a la humildad del Redentor al venir al mundo\u201d. Y que si \u201ctodo el cielo estaba interesado en el gran acontecimiento del advenimiento de Cristo a la tierra\u201d,<a id=\"_ednref1\" href=\"https:\/\/adventistreview.org\/experiences\/heritage\/christ-at-the-center\/#_edn1\"><sup>[1]<\/sup><\/a> \u00bfpor qu\u00e9 deber\u00edamos nosotros hacer algo diferente?<\/p>\n<p>Elena White tambi\u00e9n anim\u00f3 a los cristianos para que sean creativos en sus celebraciones navide\u00f1as, para realzar su atractivo y atracci\u00f3n, dado que la Navidad es una ocasi\u00f3n para honrar a Dios con toda la familia. Aunque Cristo no naci\u00f3 el d\u00eda de Navidad, invit\u00f3 a los cristianos a tenerlo en el coraz\u00f3n y a no distraerse con diversas pr\u00e1cticas y tradiciones mundanas. \u201cNo hay santidad divina que descanse sobre el 25 de diciembre. No agrada a Dios que todo lo que concierne a la salvaci\u00f3n de la humanidad mediante el sacrificio infinito hecho por ella sea tan tristemente pervertido de su dise\u00f1o original. Cristo tiene que ser el objeto supremo\u201d,<a id=\"_ednref2\" href=\"https:\/\/adventistreview.org\/experiences\/heritage\/christ-at-the-center\/#_edn2\"><sup>[2]<\/sup><\/a> escribi\u00f3.<\/p>\n<p>En preparaci\u00f3n para la Navidad, Elena White alent\u00f3 a usar un \u00e1rbol de hoja perenne como fuente de bendici\u00f3n en lugar de un objeto de idolatr\u00eda o pecado.<a id=\"_ednref3\" href=\"https:\/\/adventistreview.org\/experiences\/heritage\/christ-at-the-center\/#_edn3\"><sup>[3]<\/sup><\/a> Para ella, pod\u00eda servir de inspiraci\u00f3n para la generosidad, con ramas donde se colocaran regalos para los pobres y ofrendas dedicadas a Dios.<a id=\"_ednref4\" href=\"https:\/\/adventistreview.org\/experiences\/heritage\/christ-at-the-center\/#_edn4\"><sup>[4]<\/sup><\/a><\/p>\n<p>\u201cAgradar\u00eda mucho a Dios que cada iglesia tuviese un \u00e1rbol de Navidad del cual colgasen ofrendas, grandes y peque\u00f1as [\u2026]. Que sus ramas est\u00e9n cargadas con los frutos de oro y plata de vuestra beneficencia y los ofrezc\u00e1is a Dios como regalo de Navidad. Sean vuestros donativos santificados por la oraci\u00f3n\u201d.<a id=\"_ednref5\" href=\"https:\/\/adventistreview.org\/experiences\/heritage\/christ-at-the-center\/#_edn5\"><sup>[5]<\/sup><\/a><\/p>\n<p>Por lo tanto, us\u00f3 la herramienta disponible, un \u00e1rbol de Navidad, asign\u00e1ndole el significado que dar\u00eda gloria a Dios y elevar\u00eda el ejemplo sacrificial de Cristo.<\/p>\n<p><strong>Los regalos de Navidad<\/strong><\/p>\n<p>Cuando se trataba de dar regalos de Navidad, Elena White abog\u00f3 por un enfoque equilibrado. Si bien no desalent\u00f3 dar algunos regalos a los ni\u00f1os,<a id=\"_ednref6\" href=\"https:\/\/adventistreview.org\/experiences\/heritage\/christ-at-the-center\/#_edn6\"><sup>[6]<\/sup><\/a> reconoci\u00f3 que \u201clas fiestas se han pervertido de su utilizaci\u00f3n original\u201d, donde \u201cse prodigan regalos unos a otros\u201d.<sup><a id=\"_ednref7\" href=\"https:\/\/adventistreview.org\/experiences\/heritage\/christ-at-the-center\/#_edn7\">[7]<\/a> <\/sup>Por lo tanto, inst\u00f3 a los creyentes a dirigir sus donaciones hacia prop\u00f3sitos m\u00e1s significativos: apoyar a las organizaciones ben\u00e9ficas \u201ca favor de los indefensos\u201d,<a id=\"_ednref8\" href=\"https:\/\/adventistreview.org\/experiences\/heritage\/christ-at-the-center\/#_edn8\"><sup>[8]<\/sup><\/a> y para contribuir al avance del evangelismo, \u201cla obra que Cristo vino a hacer\u201d.<a id=\"_ednref9\" href=\"https:\/\/adventistreview.org\/experiences\/heritage\/christ-at-the-center\/#_edn9\"><sup>[9]<\/sup><\/a><\/p>\n<div class=\"o-rich-text c-content-single__body\">\n<p>Este esp\u00edritu de abnegaci\u00f3n y generosidad fomenta los regalos y las festividades desinteresadas, porque \u00abm\u00e1s bienaventurado es dar que recibir\u00bb (Hech. 20:35). Como lo expres\u00f3: \u201cEn Navidad, que los miembros de cada iglesia se re\u00fanan, con ofrendas de manos y corazones dispuestos, los frutos del amor y la gratitud a Dios. Que todos ejerzan su influencia y capacidad para hacer que estas reuniones sean atractivas e interesantes. Mira cu\u00e1ntos medios puedes reunir para hacer avanzar la obra del Se\u00f1or\u201d.<a id=\"_ednref10\" href=\"https:\/\/adventistreview.org\/experiences\/heritage\/christ-at-the-center\/#_edn10\"><sup>[10]<\/sup><\/a><\/p>\n<p>En lugar de promover \u201cun d\u00eda de banquete, de glotoner\u00eda, de indulgencia ego\u00edsta\u201d, Elena White inst\u00f3 a los padres a revelar el verdadero significado de la Navidad: la generosidad y el amor por los necesitados. Aconsej\u00f3: \u201cEste a\u00f1o no gastaremos dinero en regalos para nosotros, sino que honraremos y glorificaremos a Dios. Testificaremos de nuestra gratitud a aquel que dio a su Hijo para que muriera como nuestro sacrificio, para que as\u00ed pudi\u00e9ramos tener el don de la vida eterna\u201d.<a id=\"_ednref11\" href=\"https:\/\/adventistreview.org\/experiences\/heritage\/christ-at-the-center\/#_edn11\"><sup>[11]<\/sup><\/a><\/p>\n<p>\u00a1Qu\u00e9 ejemplo a seguir!<\/p>\n<p><strong>La misi\u00f3n de la Navidad<\/strong><\/p>\n<p>Para la mensajera de Dios, la Navidad tambi\u00e9n signific\u00f3 un tiempo para la misi\u00f3n. Abog\u00f3 y apoy\u00f3 el trabajo misionero por medio de la predicaci\u00f3n, sus escritos y su vida personal. Por ejemplo, se puede leer sobre su predicaci\u00f3n en v\u00edsperas de Navidad en la iglesia de Parramatta (Australia), en 1893. Asistieron muchos no adventistas, y su mensaje se centr\u00f3 en \u201cel nacimiento de Cristo y las ofrendas de Navidad, el gran sacrificio hecho por Jesucristo para salvar a un mundo perdido\u201d.<a id=\"_ednref12\" href=\"https:\/\/adventistreview.org\/experiences\/heritage\/christ-at-the-center\/#_edn12\"><sup>[12]<\/sup><\/a> A lo largo de su ministerio activo, Elena White a menudo us\u00f3 la predicaci\u00f3n en Nochebuena o la Navidad como una forma de alcanzar a otros.<\/p>\n<p>En otra fr\u00eda ma\u00f1ana de Navidad en Texas en 1878, Elena y Jaimes White tuvieron una verdadera celebraci\u00f3n: un desayuno con trece personas pobres, necesitadas y enfermas, entre las que se encontraba la familia Moore, de cinco integrantes. Adem\u00e1s, los White pasaron ese d\u00eda de Navidad ayudando a los Moore, porque estaban en extrema necesidad. Jaime y Elena White les proporcionaron las necesidades b\u00e1sicas: comida, ropa, algunos muebles y art\u00edculos temporarios. Incluso dieron parte de su ropa de cama a los Moore para que no pasaran fr\u00edo y estuvieran c\u00f3modos.<a id=\"_ednref13\" href=\"https:\/\/adventistreview.org\/experiences\/heritage\/christ-at-the-center\/#_edn13\"><sup>[13]<\/sup><\/a><\/p>\n<p>Por ello, mientras muchos compran m\u00e1s y m\u00e1s regalos sin pensar en Cristo, los mensajes de Elena White llaman al pueblo de Dios a abrir su coraz\u00f3n a la verdadera raz\u00f3n de las fiestas: Jesucristo y su amor por otros.<\/p>\n<p><strong>\u00bfY ahora qu\u00e9?<\/strong><\/p>\n<p>Esta temporada navide\u00f1a, mientras las celebraciones nos rodean, que el llamado de Elena White a estar enfocados en la misi\u00f3n y centrados en Cristo los gu\u00ede a usted y a su familia. Con ese esp\u00edritu, haga una pausa para reflexionar en oraci\u00f3n sobre las preguntas inquisitivas de Elena White:<\/p>\n<p>\u201c\u00bfNo consagraremos este a\u00f1o a Dios no solo una parte, sino todos nuestros dones navide\u00f1os para el alivio de su causa, que est\u00e1 tan necesitada? \u00bfC\u00f3mo podemos celebrar m\u00e1s apropiadamente la pr\u00f3xima Navidad; c\u00f3mo expresar mejor nuestra gratitud a Dios por el don de su amado Hijo, que mediante ofrendas para dar, a todo el mundo, las nuevas de su pronto regreso?\u201d<a id=\"_ednref14\" href=\"https:\/\/adventistreview.org\/experiences\/heritage\/christ-at-the-center\/#_edn14\"><sup>[14]<\/sup><\/a><\/p>\n<hr class=\"wp-block-separator has-alpha-channel-opacity\" \/>\n<p><a id=\"_edn1\" href=\"https:\/\/adventistreview.org\/experiences\/heritage\/christ-at-the-center\/#_ednref1\"><sup>[1]<\/sup><\/a> Elena G. White, <em>Cada d\u00eda con Dios<\/em> (Mountain View, Cal.: Pacific Press Publ. Assn., 1979), p. 358.<\/p>\n<p><a id=\"_edn2\" href=\"https:\/\/adventistreview.org\/experiences\/heritage\/christ-at-the-center\/#_ednref2\"><sup>[2]<\/sup><\/a> Elena G. White, \u201cChristmas Is Coming,\u201d <em>Review and Herald<\/em>, 9 de diciembre de 1884.<\/p>\n<p><a id=\"_edn3\" href=\"https:\/\/adventistreview.org\/experiences\/heritage\/christ-at-the-center\/#_ednref3\"><sup>[3]<\/sup><\/a> <em>Ib\u00edd<\/em>.<\/p>\n<p><a id=\"_edn4\" href=\"https:\/\/adventistreview.org\/experiences\/heritage\/christ-at-the-center\/#_ednref4\"><sup>[4]<\/sup><\/a> Elena G. White, <em>El hogar cristiano<\/em> (Buenos Aires: Asoc. Casa Editora Sudamericana, 2007), p. 438.<\/p>\n<p><a id=\"_edn5\" href=\"https:\/\/adventistreview.org\/experiences\/heritage\/christ-at-the-center\/#_ednref5\"><sup>[5]<\/sup><\/a> <em>Ib\u00edd.<\/em><\/p>\n<p><a id=\"_edn6\" href=\"https:\/\/adventistreview.org\/experiences\/heritage\/christ-at-the-center\/#_ednref6\"><sup>[6]<\/sup><\/a> Elena White a Lucinda Hall, 19 de diciembre de 1873 (carta 29, 1873).<\/p>\n<p><a id=\"_edn7\" href=\"https:\/\/adventistreview.org\/experiences\/heritage\/christ-at-the-center\/#_ednref7\"><sup>[7]<\/sup><\/a> Elena G. White, en <em>Review and Herald<\/em>,11 de diciembre de 1879.<\/p>\n<p><a id=\"_edn8\" href=\"https:\/\/adventistreview.org\/experiences\/heritage\/christ-at-the-center\/#_ednref8\"><sup>[8]<\/sup><\/a> Elena G. White, <em>El hogar cristiano<\/em>, p. 438.<\/p>\n<p><a id=\"_edn9\" href=\"https:\/\/adventistreview.org\/experiences\/heritage\/christ-at-the-center\/#_ednref9\"><sup>[9]<\/sup><\/a> Elena G. White, en <em>Review and Herald<\/em>, 15 de diciembre de 1885.<\/p>\n<p><a id=\"_edn10\" href=\"https:\/\/adventistreview.org\/experiences\/heritage\/christ-at-the-center\/#_ednref10\"><sup>[10]<\/sup><\/a> <em>Ib\u00edd.<\/em><\/p>\n<p><a id=\"_edn11\" href=\"https:\/\/adventistreview.org\/experiences\/heritage\/christ-at-the-center\/#_ednref11\"><sup>[11]<\/sup><\/a> Elena G. White, en <em>Review and Herald<\/em>, 11 de diciembre de 1888.<\/p>\n<p><a id=\"_edn12\" href=\"https:\/\/adventistreview.org\/experiences\/heritage\/christ-at-the-center\/#_ednref12\"><sup>[12]<\/sup><\/a> Elena G. White, manuscrito 89, 1893.<\/p>\n<p><a id=\"_edn13\" href=\"https:\/\/adventistreview.org\/experiences\/heritage\/christ-at-the-center\/#_ednref13\"><sup>[13]<\/sup><\/a> Elena G. White, <em>Manuscript Releases<\/em> (Silver Spring, Md: Ellen G. White Estate, 1993), t. 14, pp. 318-321<em>.<\/em><\/p>\n<p><a id=\"_edn14\" href=\"https:\/\/adventistreview.org\/experiences\/heritage\/christ-at-the-center\/#_ednref14\"><sup>[14]<\/sup><\/a> Elena G. White, en <em>Review and Herald<\/em>, 6 de diciembre de 1887.<\/p>\n<\/div>\n<div id=\"social-share\" class=\"c-content-single__social-share\"><\/div>\n<div class=\"c-content-single__author\">\n<div class=\"c-content-single__author-wrap\">\n<div class=\"c-content-single__bio\">\n<p><em><strong> Anna Galeniece es directora asociada del Patrimonio White en Silver Spring, Maryland.<\/strong><\/em><\/p>\n<\/div>\n<\/div>\n<\/div>\n<p>Traducci\u00f3n de Marcos Paseggi<\/p>\n","protected":false},"excerpt":{"rendered":"<p>La perspectiva de Elena G. White sobre la Navidad 16 de diciembre de 2025 | Silver Spring, Maryland, Estados Unidos | Anna Galeniece En la cultura en la que crec\u00ed,&#8230;<\/p>\n","protected":false},"author":3,"featured_media":136947,"comment_status":"closed","ping_status":"closed","sticky":false,"template":"","format":"standard","meta":{"_acf_changed":false,"footnotes":""},"categories":[14,15],"tags":[],"class_list":["post-136946","post","type-post","status-publish","format-standard","has-post-thumbnail","hentry","category-de-la-iglesia-mundial","category-rss-espanol"],"acf":[],"yoast_head":"<!-- This site is optimized with the Yoast SEO plugin v27.3 - https:\/\/yoast.com\/product\/yoast-seo-wordpress\/ -->\n<title>Cristo en el centro - Iglesia Adventista del S\u00e9ptimo D\u00eda - Divisi\u00f3n Interamericana<\/title>\n<meta name=\"robots\" content=\"index, follow, max-snippet:-1, max-image-preview:large, max-video-preview:-1\" \/>\n<link rel=\"canonical\" href=\"https:\/\/interamerica.org\/es\/2025\/12\/cristo-en-el-centro\/\" \/>\n<meta property=\"og:locale\" content=\"es_ES\" \/>\n<meta property=\"og:type\" content=\"article\" \/>\n<meta property=\"og:title\" content=\"Cristo en el centro - Iglesia Adventista del S\u00e9ptimo D\u00eda - Divisi\u00f3n Interamericana\" \/>\n<meta property=\"og:description\" content=\"La perspectiva de Elena G. White sobre la Navidad 16 de diciembre de 2025 | Silver Spring, Maryland, Estados Unidos | Anna Galeniece En la cultura en la que crec\u00ed,...\" \/>\n<meta property=\"og:url\" content=\"https:\/\/interamerica.org\/es\/2025\/12\/cristo-en-el-centro\/\" \/>\n<meta property=\"og:site_name\" content=\"Iglesia Adventista del S\u00e9ptimo D\u00eda - Divisi\u00f3n Interamericana\" \/>\n<meta property=\"article:published_time\" content=\"2025-12-17T01:42:03+00:00\" \/>\n<meta property=\"article:modified_time\" content=\"2025-12-17T15:57:25+00:00\" \/>\n<meta property=\"og:image\" content=\"https:\/\/interamerica.org\/wp-content\/uploads\/2025\/12\/18-ar12galeniece25-600x0-c-default.jpg\" \/>\n\t<meta property=\"og:image:width\" content=\"600\" \/>\n\t<meta property=\"og:image:height\" content=\"400\" \/>\n\t<meta property=\"og:image:type\" content=\"image\/jpeg\" \/>\n<meta name=\"author\" content=\"libna\" \/>\n<meta name=\"twitter:card\" content=\"summary_large_image\" \/>\n<meta name=\"twitter:label1\" content=\"Escrito por\" \/>\n\t<meta name=\"twitter:data1\" content=\"libna\" \/>\n\t<meta name=\"twitter:label2\" content=\"Tiempo de lectura\" \/>\n\t<meta name=\"twitter:data2\" content=\"6 minutos\" \/>\n<script type=\"application\/ld+json\" class=\"yoast-schema-graph\">{\"@context\":\"https:\\\/\\\/schema.org\",\"@graph\":[{\"@type\":\"Article\",\"@id\":\"https:\\\/\\\/interamerica.org\\\/es\\\/2025\\\/12\\\/cristo-en-el-centro\\\/#article\",\"isPartOf\":{\"@id\":\"https:\\\/\\\/interamerica.org\\\/es\\\/2025\\\/12\\\/cristo-en-el-centro\\\/\"},\"author\":{\"name\":\"libna\",\"@id\":\"https:\\\/\\\/interamerica.org\\\/es\\\/#\\\/schema\\\/person\\\/29998f2bc2d8bd0d38662909289b54f1\"},\"headline\":\"Cristo en el centro\",\"datePublished\":\"2025-12-17T01:42:03+00:00\",\"dateModified\":\"2025-12-17T15:57:25+00:00\",\"mainEntityOfPage\":{\"@id\":\"https:\\\/\\\/interamerica.org\\\/es\\\/2025\\\/12\\\/cristo-en-el-centro\\\/\"},\"wordCount\":1354,\"image\":{\"@id\":\"https:\\\/\\\/interamerica.org\\\/es\\\/2025\\\/12\\\/cristo-en-el-centro\\\/#primaryimage\"},\"thumbnailUrl\":\"https:\\\/\\\/interamerica.org\\\/wp-content\\\/uploads\\\/2025\\\/12\\\/18-ar12galeniece25-600x0-c-default.jpg\",\"articleSection\":[\"Desde la iglesia mundial\",\"RSS Espa\u00f1ol\"],\"inLanguage\":\"es\"},{\"@type\":\"WebPage\",\"@id\":\"https:\\\/\\\/interamerica.org\\\/es\\\/2025\\\/12\\\/cristo-en-el-centro\\\/\",\"url\":\"https:\\\/\\\/interamerica.org\\\/es\\\/2025\\\/12\\\/cristo-en-el-centro\\\/\",\"name\":\"Cristo en el centro - Iglesia Adventista del S\u00e9ptimo D\u00eda - Divisi\u00f3n Interamericana\",\"isPartOf\":{\"@id\":\"https:\\\/\\\/interamerica.org\\\/es\\\/#website\"},\"primaryImageOfPage\":{\"@id\":\"https:\\\/\\\/interamerica.org\\\/es\\\/2025\\\/12\\\/cristo-en-el-centro\\\/#primaryimage\"},\"image\":{\"@id\":\"https:\\\/\\\/interamerica.org\\\/es\\\/2025\\\/12\\\/cristo-en-el-centro\\\/#primaryimage\"},\"thumbnailUrl\":\"https:\\\/\\\/interamerica.org\\\/wp-content\\\/uploads\\\/2025\\\/12\\\/18-ar12galeniece25-600x0-c-default.jpg\",\"datePublished\":\"2025-12-17T01:42:03+00:00\",\"dateModified\":\"2025-12-17T15:57:25+00:00\",\"author\":{\"@id\":\"https:\\\/\\\/interamerica.org\\\/es\\\/#\\\/schema\\\/person\\\/29998f2bc2d8bd0d38662909289b54f1\"},\"breadcrumb\":{\"@id\":\"https:\\\/\\\/interamerica.org\\\/es\\\/2025\\\/12\\\/cristo-en-el-centro\\\/#breadcrumb\"},\"inLanguage\":\"es\",\"potentialAction\":[{\"@type\":\"ReadAction\",\"target\":[\"https:\\\/\\\/interamerica.org\\\/es\\\/2025\\\/12\\\/cristo-en-el-centro\\\/\"]}]},{\"@type\":\"ImageObject\",\"inLanguage\":\"es\",\"@id\":\"https:\\\/\\\/interamerica.org\\\/es\\\/2025\\\/12\\\/cristo-en-el-centro\\\/#primaryimage\",\"url\":\"https:\\\/\\\/interamerica.org\\\/wp-content\\\/uploads\\\/2025\\\/12\\\/18-ar12galeniece25-600x0-c-default.jpg\",\"contentUrl\":\"https:\\\/\\\/interamerica.org\\\/wp-content\\\/uploads\\\/2025\\\/12\\\/18-ar12galeniece25-600x0-c-default.jpg\",\"width\":600,\"height\":400,\"caption\":\"[Fotograf\u00eda: Fotograf\u00eda de Andrik Langfield \\\/ Unsplash]\"},{\"@type\":\"BreadcrumbList\",\"@id\":\"https:\\\/\\\/interamerica.org\\\/es\\\/2025\\\/12\\\/cristo-en-el-centro\\\/#breadcrumb\",\"itemListElement\":[{\"@type\":\"ListItem\",\"position\":1,\"name\":\"Home\",\"item\":\"https:\\\/\\\/interamerica.org\\\/es\\\/\"},{\"@type\":\"ListItem\",\"position\":2,\"name\":\"Cristo en el centro\"}]},{\"@type\":\"WebSite\",\"@id\":\"https:\\\/\\\/interamerica.org\\\/es\\\/#website\",\"url\":\"https:\\\/\\\/interamerica.org\\\/es\\\/\",\"name\":\"Iglesia Adventista del S\u00e9ptimo D\u00eda - Divisi\u00f3n Interamericana\",\"description\":\"\",\"potentialAction\":[{\"@type\":\"SearchAction\",\"target\":{\"@type\":\"EntryPoint\",\"urlTemplate\":\"https:\\\/\\\/interamerica.org\\\/es\\\/?s={search_term_string}\"},\"query-input\":{\"@type\":\"PropertyValueSpecification\",\"valueRequired\":true,\"valueName\":\"search_term_string\"}}],\"inLanguage\":\"es\"},{\"@type\":\"Person\",\"@id\":\"https:\\\/\\\/interamerica.org\\\/es\\\/#\\\/schema\\\/person\\\/29998f2bc2d8bd0d38662909289b54f1\",\"name\":\"libna\",\"image\":{\"@type\":\"ImageObject\",\"inLanguage\":\"es\",\"@id\":\"https:\\\/\\\/secure.gravatar.com\\\/avatar\\\/7c5bd30ae4b47a9ba3c856590957fd1d96dc588bf3ac05719d247e126840331f?s=96&d=mm&r=g\",\"url\":\"https:\\\/\\\/secure.gravatar.com\\\/avatar\\\/7c5bd30ae4b47a9ba3c856590957fd1d96dc588bf3ac05719d247e126840331f?s=96&d=mm&r=g\",\"contentUrl\":\"https:\\\/\\\/secure.gravatar.com\\\/avatar\\\/7c5bd30ae4b47a9ba3c856590957fd1d96dc588bf3ac05719d247e126840331f?s=96&d=mm&r=g\",\"caption\":\"libna\"}}]}<\/script>\n<!-- \/ Yoast SEO plugin. -->","yoast_head_json":{"title":"Cristo en el centro - Iglesia Adventista del S\u00e9ptimo D\u00eda - Divisi\u00f3n Interamericana","robots":{"index":"index","follow":"follow","max-snippet":"max-snippet:-1","max-image-preview":"max-image-preview:large","max-video-preview":"max-video-preview:-1"},"canonical":"https:\/\/interamerica.org\/es\/2025\/12\/cristo-en-el-centro\/","og_locale":"es_ES","og_type":"article","og_title":"Cristo en el centro - Iglesia Adventista del S\u00e9ptimo D\u00eda - Divisi\u00f3n Interamericana","og_description":"La perspectiva de Elena G. White sobre la Navidad 16 de diciembre de 2025 | Silver Spring, Maryland, Estados Unidos | Anna Galeniece En la cultura en la que crec\u00ed,...","og_url":"https:\/\/interamerica.org\/es\/2025\/12\/cristo-en-el-centro\/","og_site_name":"Iglesia Adventista del S\u00e9ptimo D\u00eda - Divisi\u00f3n Interamericana","article_published_time":"2025-12-17T01:42:03+00:00","article_modified_time":"2025-12-17T15:57:25+00:00","og_image":[{"width":600,"height":400,"url":"https:\/\/interamerica.org\/wp-content\/uploads\/2025\/12\/18-ar12galeniece25-600x0-c-default.jpg","type":"image\/jpeg"}],"author":"libna","twitter_card":"summary_large_image","twitter_misc":{"Escrito por":"libna","Tiempo de lectura":"6 minutos"},"schema":{"@context":"https:\/\/schema.org","@graph":[{"@type":"Article","@id":"https:\/\/interamerica.org\/es\/2025\/12\/cristo-en-el-centro\/#article","isPartOf":{"@id":"https:\/\/interamerica.org\/es\/2025\/12\/cristo-en-el-centro\/"},"author":{"name":"libna","@id":"https:\/\/interamerica.org\/es\/#\/schema\/person\/29998f2bc2d8bd0d38662909289b54f1"},"headline":"Cristo en el centro","datePublished":"2025-12-17T01:42:03+00:00","dateModified":"2025-12-17T15:57:25+00:00","mainEntityOfPage":{"@id":"https:\/\/interamerica.org\/es\/2025\/12\/cristo-en-el-centro\/"},"wordCount":1354,"image":{"@id":"https:\/\/interamerica.org\/es\/2025\/12\/cristo-en-el-centro\/#primaryimage"},"thumbnailUrl":"https:\/\/interamerica.org\/wp-content\/uploads\/2025\/12\/18-ar12galeniece25-600x0-c-default.jpg","articleSection":["Desde la iglesia mundial","RSS Espa\u00f1ol"],"inLanguage":"es"},{"@type":"WebPage","@id":"https:\/\/interamerica.org\/es\/2025\/12\/cristo-en-el-centro\/","url":"https:\/\/interamerica.org\/es\/2025\/12\/cristo-en-el-centro\/","name":"Cristo en el centro - Iglesia Adventista del S\u00e9ptimo D\u00eda - Divisi\u00f3n Interamericana","isPartOf":{"@id":"https:\/\/interamerica.org\/es\/#website"},"primaryImageOfPage":{"@id":"https:\/\/interamerica.org\/es\/2025\/12\/cristo-en-el-centro\/#primaryimage"},"image":{"@id":"https:\/\/interamerica.org\/es\/2025\/12\/cristo-en-el-centro\/#primaryimage"},"thumbnailUrl":"https:\/\/interamerica.org\/wp-content\/uploads\/2025\/12\/18-ar12galeniece25-600x0-c-default.jpg","datePublished":"2025-12-17T01:42:03+00:00","dateModified":"2025-12-17T15:57:25+00:00","author":{"@id":"https:\/\/interamerica.org\/es\/#\/schema\/person\/29998f2bc2d8bd0d38662909289b54f1"},"breadcrumb":{"@id":"https:\/\/interamerica.org\/es\/2025\/12\/cristo-en-el-centro\/#breadcrumb"},"inLanguage":"es","potentialAction":[{"@type":"ReadAction","target":["https:\/\/interamerica.org\/es\/2025\/12\/cristo-en-el-centro\/"]}]},{"@type":"ImageObject","inLanguage":"es","@id":"https:\/\/interamerica.org\/es\/2025\/12\/cristo-en-el-centro\/#primaryimage","url":"https:\/\/interamerica.org\/wp-content\/uploads\/2025\/12\/18-ar12galeniece25-600x0-c-default.jpg","contentUrl":"https:\/\/interamerica.org\/wp-content\/uploads\/2025\/12\/18-ar12galeniece25-600x0-c-default.jpg","width":600,"height":400,"caption":"[Fotograf\u00eda: Fotograf\u00eda de Andrik Langfield \/ Unsplash]"},{"@type":"BreadcrumbList","@id":"https:\/\/interamerica.org\/es\/2025\/12\/cristo-en-el-centro\/#breadcrumb","itemListElement":[{"@type":"ListItem","position":1,"name":"Home","item":"https:\/\/interamerica.org\/es\/"},{"@type":"ListItem","position":2,"name":"Cristo en el centro"}]},{"@type":"WebSite","@id":"https:\/\/interamerica.org\/es\/#website","url":"https:\/\/interamerica.org\/es\/","name":"Iglesia Adventista del S\u00e9ptimo D\u00eda - Divisi\u00f3n Interamericana","description":"","potentialAction":[{"@type":"SearchAction","target":{"@type":"EntryPoint","urlTemplate":"https:\/\/interamerica.org\/es\/?s={search_term_string}"},"query-input":{"@type":"PropertyValueSpecification","valueRequired":true,"valueName":"search_term_string"}}],"inLanguage":"es"},{"@type":"Person","@id":"https:\/\/interamerica.org\/es\/#\/schema\/person\/29998f2bc2d8bd0d38662909289b54f1","name":"libna","image":{"@type":"ImageObject","inLanguage":"es","@id":"https:\/\/secure.gravatar.com\/avatar\/7c5bd30ae4b47a9ba3c856590957fd1d96dc588bf3ac05719d247e126840331f?s=96&d=mm&r=g","url":"https:\/\/secure.gravatar.com\/avatar\/7c5bd30ae4b47a9ba3c856590957fd1d96dc588bf3ac05719d247e126840331f?s=96&d=mm&r=g","contentUrl":"https:\/\/secure.gravatar.com\/avatar\/7c5bd30ae4b47a9ba3c856590957fd1d96dc588bf3ac05719d247e126840331f?s=96&d=mm&r=g","caption":"libna"}}]}},"_links":{"self":[{"href":"https:\/\/interamerica.org\/es\/wp-json\/wp\/v2\/posts\/136946","targetHints":{"allow":["GET"]}}],"collection":[{"href":"https:\/\/interamerica.org\/es\/wp-json\/wp\/v2\/posts"}],"about":[{"href":"https:\/\/interamerica.org\/es\/wp-json\/wp\/v2\/types\/post"}],"author":[{"embeddable":true,"href":"https:\/\/interamerica.org\/es\/wp-json\/wp\/v2\/users\/3"}],"replies":[{"embeddable":true,"href":"https:\/\/interamerica.org\/es\/wp-json\/wp\/v2\/comments?post=136946"}],"version-history":[{"count":1,"href":"https:\/\/interamerica.org\/es\/wp-json\/wp\/v2\/posts\/136946\/revisions"}],"predecessor-version":[{"id":136969,"href":"https:\/\/interamerica.org\/es\/wp-json\/wp\/v2\/posts\/136946\/revisions\/136969"}],"wp:featuredmedia":[{"embeddable":true,"href":"https:\/\/interamerica.org\/es\/wp-json\/wp\/v2\/media\/136947"}],"wp:attachment":[{"href":"https:\/\/interamerica.org\/es\/wp-json\/wp\/v2\/media?parent=136946"}],"wp:term":[{"taxonomy":"category","embeddable":true,"href":"https:\/\/interamerica.org\/es\/wp-json\/wp\/v2\/categories?post=136946"},{"taxonomy":"post_tag","embeddable":true,"href":"https:\/\/interamerica.org\/es\/wp-json\/wp\/v2\/tags?post=136946"}],"curies":[{"name":"wp","href":"https:\/\/api.w.org\/{rel}","templated":true}]}}