{"id":137182,"date":"2025-12-30T02:34:38","date_gmt":"2025-12-30T07:34:38","guid":{"rendered":"https:\/\/interamerica.org\/?p=137182"},"modified":"2026-01-02T10:47:25","modified_gmt":"2026-01-02T15:47:25","slug":"respuesta-a-huracan-melissa-en-jamaica-reflexion-del-equipo-de-emergencia-de-adra","status":"publish","type":"post","link":"https:\/\/interamerica.org\/es\/2025\/12\/respuesta-a-huracan-melissa-en-jamaica-reflexion-del-equipo-de-emergencia-de-adra\/","title":{"rendered":"Respuesta a hurac\u00e1n Melissa en Jamaica: Reflexi\u00f3n del equipo de emergencia de ADRA"},"content":{"rendered":"<p>30 de diciembre de 2025 | Silver Spring, Maryland, Estados Unidos | <em>Alejandra L\u00f3pez, directora del Programa ERT <\/em><\/p>\n<p>El hurac\u00e1n Melissa azot\u00f3 Jamaica el 28 de octubre de 2025, como una poderosa tormenta categor\u00eda 5, con vientos sostenidos de casi 300 kil\u00f3metros por hora, convirti\u00e9ndose en el hurac\u00e1n m\u00e1s fuerte en la historia de esta naci\u00f3n. Este hurac\u00e1n caus\u00f3 amplia devastaci\u00f3n en varios distritos, particularmente en el sureste de la isla, en donde casas, escuelas e infraestructuras recibieron da\u00f1os severos. Los informes oficiales han confirmado 45 defunciones, mientras que otras personas contin\u00faan en la lista de paradero desconocido y muchas m\u00e1s fueron desplazadas a refugios de emergencia, ya que los cortes de corriente el\u00e9ctrica y las inundaciones agravaron la crisis. A pesar de la destrucci\u00f3n el esp\u00edritu resiliente de enfoque en la comunidad muestra esperanza ante el desastre.<\/p>\n<h4 class=\"wp-block-heading\"><strong>R\u00e1pido despliegue y coordinaci\u00f3n inicial <\/strong><\/h4>\n<p>Cuando fui enviada a Jamaica como parte del Equipo de Repuesta a Emergencias apenas 72 horas despu\u00e9s de que el hurac\u00e1n Melissa devastara la isla, el ritmo de nuestros d\u00edas r\u00e1pidamente se convirti\u00f3 en una mezcla de planificaci\u00f3n, de prestar o\u00eddo y de acci\u00f3n. Despu\u00e9s de dos viajes en avi\u00f3n y nueve horas de viaje, arrib\u00e9 al c\u00e1lido y h\u00famedo Kingston y fui recibida c\u00e1lidamente por los colegas ART de ADRA Jamaica que estaban ya trabajando en esfuerzos de repuesta. Nuestros d\u00edas consist\u00edan en sesiones de planificaci\u00f3n y preparaci\u00f3n durante las cuales traz\u00e1bamos las agendas para el d\u00eda siguiente y refin\u00e1bamos nuestro plan de implementaci\u00f3n para la primera ola de distribuci\u00f3n de paquetes de alimentos y la segunda ola de distribuci\u00f3n de tanques de agua y kits de higiene.<\/p>\n<div id=\"attachment_137183\" style=\"width: 869px\" class=\"wp-caption aligncenter\"><img fetchpriority=\"high\" decoding=\"async\" aria-describedby=\"caption-attachment-137183\" class=\" wp-image-137167\" src=\"https:\/\/interamerica.org\/wp-content\/uploads\/2025\/12\/blackriver-jamaica-2y3nov-migueroth-7-1-1024x682-1.jpg\" alt=\"\" width=\"859\" height=\"572\" srcset=\"https:\/\/interamerica.org\/wp-content\/uploads\/2025\/12\/blackriver-jamaica-2y3nov-migueroth-7-1-1024x682-1.jpg 1024w, https:\/\/interamerica.org\/wp-content\/uploads\/2025\/12\/blackriver-jamaica-2y3nov-migueroth-7-1-1024x682-1-300x200.jpg 300w, https:\/\/interamerica.org\/wp-content\/uploads\/2025\/12\/blackriver-jamaica-2y3nov-migueroth-7-1-1024x682-1-768x512.jpg 768w\" sizes=\"(max-width: 859px) 100vw, 859px\" \/><p id=\"caption-attachment-137183\" class=\"wp-caption-text\">[Cr\u00e9dito de imagen: Migue Roth]<\/p><\/div>\n<h4 class=\"wp-block-heading\"><strong>Evaluaciones de comunidades y trabajo de campo<\/strong><\/h4>\n<p>De ah\u00ed en adelante, gran parte de nuestro tiempo se dedicaba a labor en el campo de acci\u00f3n. Visit\u00e1bamos comunidades afectadas, evaluando los da\u00f1os y escuchando a hombres y mujeres relatar c\u00f3mo hab\u00eda sido ese d\u00eda cuando azot\u00f3 el hurac\u00e1n y cu\u00e1les eran sus necesidades inmediatas, asegur\u00e1ndonos de que nuestras respuestas estuvieran alineadas con esas necesidades. Trabajamos juntos como equipo para identificar lugares de distribuci\u00f3n que fueran seguros y adecuados, llevar a cabo evaluaciones de las necesidades y proveer a las familias vales o cupones para el d\u00eda de la distribuci\u00f3n. Otra tarea clave fue la preparaci\u00f3n de presentaciones y del contenido del entrenamiento de voluntarios, asegur\u00e1ndonos que entendieran bien los principios humanitarios a fin de poder llevar a cabo la distribuci\u00f3n con dignidad y seguridad.<\/p>\n<h4 class=\"wp-block-heading\"><strong>Operaciones de distribuci\u00f3n<\/strong><\/h4>\n<p>Los d\u00edas dedicados a la distribuci\u00f3n fueron algunos de los m\u00e1s impactantes. Me toc\u00f3 supervisar la carga y descarga de camiones, coordinar voluntaries asign\u00e1ndoles tareas a desempe\u00f1ar y responsabilidades para cada etapa del proceso de distribuci\u00f3n, desde la verificaci\u00f3n de los beneficiarios y su registro, hasta la entrega de los kits, asegur\u00e1ndonos que se cumpliera con las normas de seguridad y calidad. Respondimos las preguntas de los beneficiarios a la vez que escuchamos las historias acerca de c\u00f3mo el hurac\u00e1n Melissa hab\u00eda afectado a su familia y les ofrecimos palabras de esperanza y compasi\u00f3n en esos momentos.<\/p>\n<div id=\"attachment_137168\" style=\"width: 888px\" class=\"wp-caption aligncenter\"><img decoding=\"async\" aria-describedby=\"caption-attachment-137168\" class=\" wp-image-137168\" src=\"https:\/\/interamerica.org\/wp-content\/uploads\/2025\/12\/volunteertraining-jamaica-4nov-migueroth-15-1024x682-1.jpg\" alt=\"\" width=\"878\" height=\"585\" srcset=\"https:\/\/interamerica.org\/wp-content\/uploads\/2025\/12\/volunteertraining-jamaica-4nov-migueroth-15-1024x682-1.jpg 1024w, https:\/\/interamerica.org\/wp-content\/uploads\/2025\/12\/volunteertraining-jamaica-4nov-migueroth-15-1024x682-1-300x200.jpg 300w, https:\/\/interamerica.org\/wp-content\/uploads\/2025\/12\/volunteertraining-jamaica-4nov-migueroth-15-1024x682-1-768x512.jpg 768w\" sizes=\"(max-width: 878px) 100vw, 878px\" \/><p id=\"caption-attachment-137168\" class=\"wp-caption-text\">[Cr\u00e9dito de imagen: Migue Roth]<\/p><\/div>\n<h4 class=\"wp-block-heading\"><strong>Coordinaci\u00f3n con socios y proveedores <\/strong><\/h4>\n<p>Adem\u00e1s de la respuesta directa, participamos en reuniones sectoriales y de grupos ONG y gubernamentales a fin de asegurar una apropiada coordinaci\u00f3n entre ADRA y otras agencias. La comunicaci\u00f3n con vendedores y proveedores era constante, incluyendo la verificaci\u00f3n de disponibilidad de productos, la confirmaci\u00f3n de las fechas de entrega y la resoluci\u00f3n de problemas de retrasos a fin de que la respuesta pudiera mantenerse seg\u00fan lo planificado.<\/p>\n<h4 class=\"wp-block-heading\"><strong>Equilibrio entre log\u00edstica y conexi\u00f3n humana<\/strong><\/h4>\n<p>D\u00eda tras d\u00eda, el trabajo era riguroso, pero profundamente encaminado hacia un prop\u00f3sito, manteniendo el equilibrio entre log\u00edstica y planificaci\u00f3n, con la conexi\u00f3n humana, asegur\u00e1ndonos que la descarga de cada cami\u00f3n, cada kit distribuido y cada reuni\u00f3n a la que asist\u00edamos, contribuyera a una respuesta que fuera a la vez eficiente y compasiva.<\/p>\n<div id=\"attachment_137169\" style=\"width: 868px\" class=\"wp-caption aligncenter\"><img decoding=\"async\" aria-describedby=\"caption-attachment-137169\" class=\" wp-image-137169\" src=\"https:\/\/interamerica.org\/wp-content\/uploads\/2025\/12\/volunteertraining-jamaica-4nov-migueroth-2-1024x682-1.jpg\" alt=\"\" width=\"858\" height=\"572\" srcset=\"https:\/\/interamerica.org\/wp-content\/uploads\/2025\/12\/volunteertraining-jamaica-4nov-migueroth-2-1024x682-1.jpg 1024w, https:\/\/interamerica.org\/wp-content\/uploads\/2025\/12\/volunteertraining-jamaica-4nov-migueroth-2-1024x682-1-300x200.jpg 300w, https:\/\/interamerica.org\/wp-content\/uploads\/2025\/12\/volunteertraining-jamaica-4nov-migueroth-2-1024x682-1-768x512.jpg 768w\" sizes=\"(max-width: 858px) 100vw, 858px\" \/><p id=\"caption-attachment-137169\" class=\"wp-caption-text\">[Cr\u00e9dito de imagen: Migue Roth]<\/p><\/div>\n<h4 class=\"wp-block-heading\"><strong>Testigos del impacto en las comunidades<\/strong><\/h4>\n<p>Al caminar a trav\u00e9s de las comunidades afectadas por el paso del hurac\u00e1n Melissa, la escala de destrucci\u00f3n era m\u00e1s que evidente. Muchas viviendas y negocios yac\u00edan entre los escombros y, a donde quiera que volvi\u00e9semos la mirada, los techos estaba parcialmente destrozados o hab\u00edan desaparecido completamente, con algunas familias usando temporariamente como protecci\u00f3n improvisada, lona de color azul brillante extendida sobre los marcos. Los caminos y campos estaban cubiertos de escombros, mientras que los \u00e1rboles estaban desenraizados o secos debido a las lluvias de agua salada, Sin embargo, bajo aquel sol candente nos recib\u00edan con rostros sonrientes. Los miembros de la comunidad nos saludaban con gratitud y se ayudaban unos a otros a reconstruir paredes y a remendar techos, mostrando resiliencia en medio de la p\u00e9rdida. Los tanques de agua da\u00f1ados aparec\u00edan regados por doquier, algunos de ellos muy lejos de los hogares a los que hab\u00edan servido; sin embargo, las reses, cabras y gallinas se hab\u00edan recuperado y pastaban en los campos ahora yermos, ofreciendo una peque\u00f1a se\u00f1al de continuidad.<\/p>\n<h4 class=\"wp-block-heading\"><strong>Resiliencia y determinaci\u00f3n<\/strong><\/h4>\n<p>Lo que m\u00e1s se destacaba era el esp\u00edritu de las personas. Los miembros de la comunidad se apoyaban unos a otros, compart\u00edan lo que ten\u00edan y se conduc\u00edan con fortaleza y esperanza en un mejor ma\u00f1ana. Aun en medio de la devastaci\u00f3n, se observaba una quieta determinaci\u00f3n y la creencia colectiva de que era posible la recuperaci\u00f3n y que juntos iban a reconstruir no solamente sus casas, sino tambi\u00e9n sus vidas.<\/p>\n<div id=\"attachment_137170\" style=\"width: 849px\" class=\"wp-caption aligncenter\"><img loading=\"lazy\" decoding=\"async\" aria-describedby=\"caption-attachment-137170\" class=\" wp-image-137170\" src=\"https:\/\/interamerica.org\/wp-content\/uploads\/2025\/12\/mandeville-jamaica-3nov-migueroth-11-1024x682-1.jpg\" alt=\"\" width=\"839\" height=\"559\" srcset=\"https:\/\/interamerica.org\/wp-content\/uploads\/2025\/12\/mandeville-jamaica-3nov-migueroth-11-1024x682-1.jpg 1024w, https:\/\/interamerica.org\/wp-content\/uploads\/2025\/12\/mandeville-jamaica-3nov-migueroth-11-1024x682-1-300x200.jpg 300w, https:\/\/interamerica.org\/wp-content\/uploads\/2025\/12\/mandeville-jamaica-3nov-migueroth-11-1024x682-1-768x512.jpg 768w\" sizes=\"(max-width: 839px) 100vw, 839px\" \/><p id=\"caption-attachment-137170\" class=\"wp-caption-text\">[Cr\u00e9dito de imagen: Migue Roth]<\/p><\/div>\n<h4 class=\"wp-block-heading\"><strong>Socios, voluntaries y las personas a las que servimos&gt;<\/strong><\/h4>\n<p>Durante mi estancia en Jamaica despu\u00e9s del paso del hurac\u00e1n Melissa, las personas con las que hablamos y con las que trabajamos conjuntamente moldearon cada parte de la respuesta. Los d\u00edas comenzaban con el equipo de ADRA Jamaica y con mis colegas miembros del Equipo de Respuesta a Emergencias al planificar juntos las estrategias y compartir las responsabilidades para mantener funcionando las operaciones. En el campo de acci\u00f3n directa, nos reunimos con l\u00edderes de la comunidad y la iglesia que serv\u00edan como pilares en sus sectores comunitarios, gui\u00e1ndonos hacia las familias m\u00e1s vulnerables y ayudando a obtener apoyo local. Las autoridades locales fueron tambi\u00e9n socios clave, asegur\u00e1ndose de que las actividades se alinearan con la orientaci\u00f3n oficial y que la ayuda se distribuyera en forma segura a aquellas personas que la necesitaban m\u00e1s.<\/p>\n<p>Fue de inspiraci\u00f3n para m\u00ed la labor de los j\u00f3venes adventistas voluntarios, llenos de energ\u00eda, compasi\u00f3n y ansiosos por servir, los cuales trajeron consigo fortaleza y esperanza a los d\u00edas dedicados a la distribuci\u00f3n. Lo m\u00e1s impactante para m\u00ed fueron los beneficiarios mismos, las familias que hab\u00edan perdido sus viviendas y medios de sobrevivencia; pero que todav\u00eda nos saludaban con gratitud, nos contaban sus historias de supervivencia y demostraban resiliencia frente a la devastaci\u00f3n. El hablar con ellos nos recordaba que nuestra labor no era solamente asunto de log\u00edstica y suministros, sino de prestar un o\u00eddo atento, brindar solidaridad y ayudar a las comunidades a recobrar la esperanza.<\/p>\n<p>Traducci\u00f3n \u2013 Gloria A. Castrej\u00f3n<\/p>\n","protected":false},"excerpt":{"rendered":"<p>30 de diciembre de 2025 | Silver Spring, Maryland, Estados Unidos | Alejandra L\u00f3pez, directora del Programa ERT El hurac\u00e1n Melissa azot\u00f3 Jamaica el 28 de octubre de 2025, como&#8230;<\/p>\n","protected":false},"author":3,"featured_media":137183,"comment_status":"closed","ping_status":"closed","sticky":false,"template":"","format":"standard","meta":{"_acf_changed":false,"footnotes":""},"categories":[14,15],"tags":[],"class_list":["post-137182","post","type-post","status-publish","format-standard","has-post-thumbnail","hentry","category-de-la-iglesia-mundial","category-rss-espanol"],"acf":[],"yoast_head":"<!-- This site is optimized with the Yoast SEO plugin v27.3 - https:\/\/yoast.com\/product\/yoast-seo-wordpress\/ -->\n<title>Respuesta a hurac\u00e1n Melissa en Jamaica: Reflexi\u00f3n del equipo de emergencia de ADRA - Iglesia Adventista del S\u00e9ptimo D\u00eda - Divisi\u00f3n Interamericana<\/title>\n<meta name=\"robots\" content=\"index, follow, max-snippet:-1, max-image-preview:large, max-video-preview:-1\" \/>\n<link rel=\"canonical\" href=\"https:\/\/interamerica.org\/es\/2025\/12\/respuesta-a-huracan-melissa-en-jamaica-reflexion-del-equipo-de-emergencia-de-adra\/\" \/>\n<meta property=\"og:locale\" content=\"es_ES\" \/>\n<meta property=\"og:type\" content=\"article\" \/>\n<meta property=\"og:title\" content=\"Respuesta a hurac\u00e1n Melissa en Jamaica: Reflexi\u00f3n del equipo de emergencia de ADRA - Iglesia Adventista del S\u00e9ptimo D\u00eda - Divisi\u00f3n Interamericana\" \/>\n<meta property=\"og:description\" content=\"30 de diciembre de 2025 | Silver Spring, Maryland, Estados Unidos | Alejandra L\u00f3pez, directora del Programa ERT El hurac\u00e1n Melissa azot\u00f3 Jamaica el 28 de octubre de 2025, como...\" \/>\n<meta property=\"og:url\" content=\"https:\/\/interamerica.org\/es\/2025\/12\/respuesta-a-huracan-melissa-en-jamaica-reflexion-del-equipo-de-emergencia-de-adra\/\" \/>\n<meta property=\"og:site_name\" content=\"Iglesia Adventista del S\u00e9ptimo D\u00eda - Divisi\u00f3n Interamericana\" \/>\n<meta property=\"article:published_time\" content=\"2025-12-30T07:34:38+00:00\" \/>\n<meta property=\"article:modified_time\" content=\"2026-01-02T15:47:25+00:00\" \/>\n<meta property=\"og:image\" content=\"https:\/\/interamerica.org\/wp-content\/uploads\/2025\/12\/blackriver-jamaica-2y3nov-migueroth-7-1-1024x682-1.jpg\" \/>\n\t<meta property=\"og:image:width\" content=\"1024\" \/>\n\t<meta property=\"og:image:height\" content=\"682\" \/>\n\t<meta property=\"og:image:type\" content=\"image\/jpeg\" \/>\n<meta name=\"author\" content=\"libna\" \/>\n<meta name=\"twitter:card\" content=\"summary_large_image\" \/>\n<meta name=\"twitter:label1\" content=\"Escrito por\" \/>\n\t<meta name=\"twitter:data1\" content=\"libna\" \/>\n\t<meta name=\"twitter:label2\" content=\"Tiempo de lectura\" \/>\n\t<meta name=\"twitter:data2\" content=\"7 minutos\" \/>\n<script type=\"application\/ld+json\" class=\"yoast-schema-graph\">{\"@context\":\"https:\\\/\\\/schema.org\",\"@graph\":[{\"@type\":\"Article\",\"@id\":\"https:\\\/\\\/interamerica.org\\\/es\\\/2025\\\/12\\\/respuesta-a-huracan-melissa-en-jamaica-reflexion-del-equipo-de-emergencia-de-adra\\\/#article\",\"isPartOf\":{\"@id\":\"https:\\\/\\\/interamerica.org\\\/es\\\/2025\\\/12\\\/respuesta-a-huracan-melissa-en-jamaica-reflexion-del-equipo-de-emergencia-de-adra\\\/\"},\"author\":{\"name\":\"libna\",\"@id\":\"https:\\\/\\\/interamerica.org\\\/es\\\/#\\\/schema\\\/person\\\/29998f2bc2d8bd0d38662909289b54f1\"},\"headline\":\"Respuesta a hurac\u00e1n Melissa en Jamaica: Reflexi\u00f3n del equipo de emergencia de ADRA\",\"datePublished\":\"2025-12-30T07:34:38+00:00\",\"dateModified\":\"2026-01-02T15:47:25+00:00\",\"mainEntityOfPage\":{\"@id\":\"https:\\\/\\\/interamerica.org\\\/es\\\/2025\\\/12\\\/respuesta-a-huracan-melissa-en-jamaica-reflexion-del-equipo-de-emergencia-de-adra\\\/\"},\"wordCount\":1341,\"image\":{\"@id\":\"https:\\\/\\\/interamerica.org\\\/es\\\/2025\\\/12\\\/respuesta-a-huracan-melissa-en-jamaica-reflexion-del-equipo-de-emergencia-de-adra\\\/#primaryimage\"},\"thumbnailUrl\":\"https:\\\/\\\/interamerica.org\\\/wp-content\\\/uploads\\\/2025\\\/12\\\/blackriver-jamaica-2y3nov-migueroth-7-1-1024x682-1.jpg\",\"articleSection\":[\"Desde la iglesia mundial\",\"RSS Espa\u00f1ol\"],\"inLanguage\":\"es\"},{\"@type\":\"WebPage\",\"@id\":\"https:\\\/\\\/interamerica.org\\\/es\\\/2025\\\/12\\\/respuesta-a-huracan-melissa-en-jamaica-reflexion-del-equipo-de-emergencia-de-adra\\\/\",\"url\":\"https:\\\/\\\/interamerica.org\\\/es\\\/2025\\\/12\\\/respuesta-a-huracan-melissa-en-jamaica-reflexion-del-equipo-de-emergencia-de-adra\\\/\",\"name\":\"Respuesta a hurac\u00e1n Melissa en Jamaica: Reflexi\u00f3n del equipo de emergencia de ADRA - Iglesia Adventista del S\u00e9ptimo D\u00eda - Divisi\u00f3n Interamericana\",\"isPartOf\":{\"@id\":\"https:\\\/\\\/interamerica.org\\\/es\\\/#website\"},\"primaryImageOfPage\":{\"@id\":\"https:\\\/\\\/interamerica.org\\\/es\\\/2025\\\/12\\\/respuesta-a-huracan-melissa-en-jamaica-reflexion-del-equipo-de-emergencia-de-adra\\\/#primaryimage\"},\"image\":{\"@id\":\"https:\\\/\\\/interamerica.org\\\/es\\\/2025\\\/12\\\/respuesta-a-huracan-melissa-en-jamaica-reflexion-del-equipo-de-emergencia-de-adra\\\/#primaryimage\"},\"thumbnailUrl\":\"https:\\\/\\\/interamerica.org\\\/wp-content\\\/uploads\\\/2025\\\/12\\\/blackriver-jamaica-2y3nov-migueroth-7-1-1024x682-1.jpg\",\"datePublished\":\"2025-12-30T07:34:38+00:00\",\"dateModified\":\"2026-01-02T15:47:25+00:00\",\"author\":{\"@id\":\"https:\\\/\\\/interamerica.org\\\/es\\\/#\\\/schema\\\/person\\\/29998f2bc2d8bd0d38662909289b54f1\"},\"breadcrumb\":{\"@id\":\"https:\\\/\\\/interamerica.org\\\/es\\\/2025\\\/12\\\/respuesta-a-huracan-melissa-en-jamaica-reflexion-del-equipo-de-emergencia-de-adra\\\/#breadcrumb\"},\"inLanguage\":\"es\",\"potentialAction\":[{\"@type\":\"ReadAction\",\"target\":[\"https:\\\/\\\/interamerica.org\\\/es\\\/2025\\\/12\\\/respuesta-a-huracan-melissa-en-jamaica-reflexion-del-equipo-de-emergencia-de-adra\\\/\"]}]},{\"@type\":\"ImageObject\",\"inLanguage\":\"es\",\"@id\":\"https:\\\/\\\/interamerica.org\\\/es\\\/2025\\\/12\\\/respuesta-a-huracan-melissa-en-jamaica-reflexion-del-equipo-de-emergencia-de-adra\\\/#primaryimage\",\"url\":\"https:\\\/\\\/interamerica.org\\\/wp-content\\\/uploads\\\/2025\\\/12\\\/blackriver-jamaica-2y3nov-migueroth-7-1-1024x682-1.jpg\",\"contentUrl\":\"https:\\\/\\\/interamerica.org\\\/wp-content\\\/uploads\\\/2025\\\/12\\\/blackriver-jamaica-2y3nov-migueroth-7-1-1024x682-1.jpg\",\"width\":1024,\"height\":682,\"caption\":\"[Cr\u00e9dito de imagen: Migue Roth]\"},{\"@type\":\"BreadcrumbList\",\"@id\":\"https:\\\/\\\/interamerica.org\\\/es\\\/2025\\\/12\\\/respuesta-a-huracan-melissa-en-jamaica-reflexion-del-equipo-de-emergencia-de-adra\\\/#breadcrumb\",\"itemListElement\":[{\"@type\":\"ListItem\",\"position\":1,\"name\":\"Home\",\"item\":\"https:\\\/\\\/interamerica.org\\\/es\\\/\"},{\"@type\":\"ListItem\",\"position\":2,\"name\":\"Respuesta a hurac\u00e1n Melissa en Jamaica: Reflexi\u00f3n del equipo de emergencia de ADRA\"}]},{\"@type\":\"WebSite\",\"@id\":\"https:\\\/\\\/interamerica.org\\\/es\\\/#website\",\"url\":\"https:\\\/\\\/interamerica.org\\\/es\\\/\",\"name\":\"Iglesia Adventista del S\u00e9ptimo D\u00eda - Divisi\u00f3n Interamericana\",\"description\":\"\",\"potentialAction\":[{\"@type\":\"SearchAction\",\"target\":{\"@type\":\"EntryPoint\",\"urlTemplate\":\"https:\\\/\\\/interamerica.org\\\/es\\\/?s={search_term_string}\"},\"query-input\":{\"@type\":\"PropertyValueSpecification\",\"valueRequired\":true,\"valueName\":\"search_term_string\"}}],\"inLanguage\":\"es\"},{\"@type\":\"Person\",\"@id\":\"https:\\\/\\\/interamerica.org\\\/es\\\/#\\\/schema\\\/person\\\/29998f2bc2d8bd0d38662909289b54f1\",\"name\":\"libna\",\"image\":{\"@type\":\"ImageObject\",\"inLanguage\":\"es\",\"@id\":\"https:\\\/\\\/secure.gravatar.com\\\/avatar\\\/7c5bd30ae4b47a9ba3c856590957fd1d96dc588bf3ac05719d247e126840331f?s=96&d=mm&r=g\",\"url\":\"https:\\\/\\\/secure.gravatar.com\\\/avatar\\\/7c5bd30ae4b47a9ba3c856590957fd1d96dc588bf3ac05719d247e126840331f?s=96&d=mm&r=g\",\"contentUrl\":\"https:\\\/\\\/secure.gravatar.com\\\/avatar\\\/7c5bd30ae4b47a9ba3c856590957fd1d96dc588bf3ac05719d247e126840331f?s=96&d=mm&r=g\",\"caption\":\"libna\"}}]}<\/script>\n<!-- \/ Yoast SEO plugin. -->","yoast_head_json":{"title":"Respuesta a hurac\u00e1n Melissa en Jamaica: Reflexi\u00f3n del equipo de emergencia de ADRA - Iglesia Adventista del S\u00e9ptimo D\u00eda - Divisi\u00f3n Interamericana","robots":{"index":"index","follow":"follow","max-snippet":"max-snippet:-1","max-image-preview":"max-image-preview:large","max-video-preview":"max-video-preview:-1"},"canonical":"https:\/\/interamerica.org\/es\/2025\/12\/respuesta-a-huracan-melissa-en-jamaica-reflexion-del-equipo-de-emergencia-de-adra\/","og_locale":"es_ES","og_type":"article","og_title":"Respuesta a hurac\u00e1n Melissa en Jamaica: Reflexi\u00f3n del equipo de emergencia de ADRA - Iglesia Adventista del S\u00e9ptimo D\u00eda - Divisi\u00f3n Interamericana","og_description":"30 de diciembre de 2025 | Silver Spring, Maryland, Estados Unidos | Alejandra L\u00f3pez, directora del Programa ERT El hurac\u00e1n Melissa azot\u00f3 Jamaica el 28 de octubre de 2025, como...","og_url":"https:\/\/interamerica.org\/es\/2025\/12\/respuesta-a-huracan-melissa-en-jamaica-reflexion-del-equipo-de-emergencia-de-adra\/","og_site_name":"Iglesia Adventista del S\u00e9ptimo D\u00eda - Divisi\u00f3n Interamericana","article_published_time":"2025-12-30T07:34:38+00:00","article_modified_time":"2026-01-02T15:47:25+00:00","og_image":[{"width":1024,"height":682,"url":"https:\/\/interamerica.org\/wp-content\/uploads\/2025\/12\/blackriver-jamaica-2y3nov-migueroth-7-1-1024x682-1.jpg","type":"image\/jpeg"}],"author":"libna","twitter_card":"summary_large_image","twitter_misc":{"Escrito por":"libna","Tiempo de lectura":"7 minutos"},"schema":{"@context":"https:\/\/schema.org","@graph":[{"@type":"Article","@id":"https:\/\/interamerica.org\/es\/2025\/12\/respuesta-a-huracan-melissa-en-jamaica-reflexion-del-equipo-de-emergencia-de-adra\/#article","isPartOf":{"@id":"https:\/\/interamerica.org\/es\/2025\/12\/respuesta-a-huracan-melissa-en-jamaica-reflexion-del-equipo-de-emergencia-de-adra\/"},"author":{"name":"libna","@id":"https:\/\/interamerica.org\/es\/#\/schema\/person\/29998f2bc2d8bd0d38662909289b54f1"},"headline":"Respuesta a hurac\u00e1n Melissa en Jamaica: Reflexi\u00f3n del equipo de emergencia de ADRA","datePublished":"2025-12-30T07:34:38+00:00","dateModified":"2026-01-02T15:47:25+00:00","mainEntityOfPage":{"@id":"https:\/\/interamerica.org\/es\/2025\/12\/respuesta-a-huracan-melissa-en-jamaica-reflexion-del-equipo-de-emergencia-de-adra\/"},"wordCount":1341,"image":{"@id":"https:\/\/interamerica.org\/es\/2025\/12\/respuesta-a-huracan-melissa-en-jamaica-reflexion-del-equipo-de-emergencia-de-adra\/#primaryimage"},"thumbnailUrl":"https:\/\/interamerica.org\/wp-content\/uploads\/2025\/12\/blackriver-jamaica-2y3nov-migueroth-7-1-1024x682-1.jpg","articleSection":["Desde la iglesia mundial","RSS Espa\u00f1ol"],"inLanguage":"es"},{"@type":"WebPage","@id":"https:\/\/interamerica.org\/es\/2025\/12\/respuesta-a-huracan-melissa-en-jamaica-reflexion-del-equipo-de-emergencia-de-adra\/","url":"https:\/\/interamerica.org\/es\/2025\/12\/respuesta-a-huracan-melissa-en-jamaica-reflexion-del-equipo-de-emergencia-de-adra\/","name":"Respuesta a hurac\u00e1n Melissa en Jamaica: Reflexi\u00f3n del equipo de emergencia de ADRA - Iglesia Adventista del S\u00e9ptimo D\u00eda - Divisi\u00f3n Interamericana","isPartOf":{"@id":"https:\/\/interamerica.org\/es\/#website"},"primaryImageOfPage":{"@id":"https:\/\/interamerica.org\/es\/2025\/12\/respuesta-a-huracan-melissa-en-jamaica-reflexion-del-equipo-de-emergencia-de-adra\/#primaryimage"},"image":{"@id":"https:\/\/interamerica.org\/es\/2025\/12\/respuesta-a-huracan-melissa-en-jamaica-reflexion-del-equipo-de-emergencia-de-adra\/#primaryimage"},"thumbnailUrl":"https:\/\/interamerica.org\/wp-content\/uploads\/2025\/12\/blackriver-jamaica-2y3nov-migueroth-7-1-1024x682-1.jpg","datePublished":"2025-12-30T07:34:38+00:00","dateModified":"2026-01-02T15:47:25+00:00","author":{"@id":"https:\/\/interamerica.org\/es\/#\/schema\/person\/29998f2bc2d8bd0d38662909289b54f1"},"breadcrumb":{"@id":"https:\/\/interamerica.org\/es\/2025\/12\/respuesta-a-huracan-melissa-en-jamaica-reflexion-del-equipo-de-emergencia-de-adra\/#breadcrumb"},"inLanguage":"es","potentialAction":[{"@type":"ReadAction","target":["https:\/\/interamerica.org\/es\/2025\/12\/respuesta-a-huracan-melissa-en-jamaica-reflexion-del-equipo-de-emergencia-de-adra\/"]}]},{"@type":"ImageObject","inLanguage":"es","@id":"https:\/\/interamerica.org\/es\/2025\/12\/respuesta-a-huracan-melissa-en-jamaica-reflexion-del-equipo-de-emergencia-de-adra\/#primaryimage","url":"https:\/\/interamerica.org\/wp-content\/uploads\/2025\/12\/blackriver-jamaica-2y3nov-migueroth-7-1-1024x682-1.jpg","contentUrl":"https:\/\/interamerica.org\/wp-content\/uploads\/2025\/12\/blackriver-jamaica-2y3nov-migueroth-7-1-1024x682-1.jpg","width":1024,"height":682,"caption":"[Cr\u00e9dito de imagen: Migue Roth]"},{"@type":"BreadcrumbList","@id":"https:\/\/interamerica.org\/es\/2025\/12\/respuesta-a-huracan-melissa-en-jamaica-reflexion-del-equipo-de-emergencia-de-adra\/#breadcrumb","itemListElement":[{"@type":"ListItem","position":1,"name":"Home","item":"https:\/\/interamerica.org\/es\/"},{"@type":"ListItem","position":2,"name":"Respuesta a hurac\u00e1n Melissa en Jamaica: Reflexi\u00f3n del equipo de emergencia de ADRA"}]},{"@type":"WebSite","@id":"https:\/\/interamerica.org\/es\/#website","url":"https:\/\/interamerica.org\/es\/","name":"Iglesia Adventista del S\u00e9ptimo D\u00eda - Divisi\u00f3n Interamericana","description":"","potentialAction":[{"@type":"SearchAction","target":{"@type":"EntryPoint","urlTemplate":"https:\/\/interamerica.org\/es\/?s={search_term_string}"},"query-input":{"@type":"PropertyValueSpecification","valueRequired":true,"valueName":"search_term_string"}}],"inLanguage":"es"},{"@type":"Person","@id":"https:\/\/interamerica.org\/es\/#\/schema\/person\/29998f2bc2d8bd0d38662909289b54f1","name":"libna","image":{"@type":"ImageObject","inLanguage":"es","@id":"https:\/\/secure.gravatar.com\/avatar\/7c5bd30ae4b47a9ba3c856590957fd1d96dc588bf3ac05719d247e126840331f?s=96&d=mm&r=g","url":"https:\/\/secure.gravatar.com\/avatar\/7c5bd30ae4b47a9ba3c856590957fd1d96dc588bf3ac05719d247e126840331f?s=96&d=mm&r=g","contentUrl":"https:\/\/secure.gravatar.com\/avatar\/7c5bd30ae4b47a9ba3c856590957fd1d96dc588bf3ac05719d247e126840331f?s=96&d=mm&r=g","caption":"libna"}}]}},"_links":{"self":[{"href":"https:\/\/interamerica.org\/es\/wp-json\/wp\/v2\/posts\/137182","targetHints":{"allow":["GET"]}}],"collection":[{"href":"https:\/\/interamerica.org\/es\/wp-json\/wp\/v2\/posts"}],"about":[{"href":"https:\/\/interamerica.org\/es\/wp-json\/wp\/v2\/types\/post"}],"author":[{"embeddable":true,"href":"https:\/\/interamerica.org\/es\/wp-json\/wp\/v2\/users\/3"}],"replies":[{"embeddable":true,"href":"https:\/\/interamerica.org\/es\/wp-json\/wp\/v2\/comments?post=137182"}],"version-history":[{"count":2,"href":"https:\/\/interamerica.org\/es\/wp-json\/wp\/v2\/posts\/137182\/revisions"}],"predecessor-version":[{"id":137189,"href":"https:\/\/interamerica.org\/es\/wp-json\/wp\/v2\/posts\/137182\/revisions\/137189"}],"wp:featuredmedia":[{"embeddable":true,"href":"https:\/\/interamerica.org\/es\/wp-json\/wp\/v2\/media\/137183"}],"wp:attachment":[{"href":"https:\/\/interamerica.org\/es\/wp-json\/wp\/v2\/media?parent=137182"}],"wp:term":[{"taxonomy":"category","embeddable":true,"href":"https:\/\/interamerica.org\/es\/wp-json\/wp\/v2\/categories?post=137182"},{"taxonomy":"post_tag","embeddable":true,"href":"https:\/\/interamerica.org\/es\/wp-json\/wp\/v2\/tags?post=137182"}],"curies":[{"name":"wp","href":"https:\/\/api.w.org\/{rel}","templated":true}]}}