{"id":138012,"date":"2026-01-22T15:43:32","date_gmt":"2026-01-22T20:43:32","guid":{"rendered":"https:\/\/interamerica.org\/?p=138012"},"modified":"2026-01-23T10:32:10","modified_gmt":"2026-01-23T15:32:10","slug":"universidad-adventista-de-las-antillas-recibe-importante-subvencion-para-un-proyecto-de-medios-de-indole-religiosa","status":"publish","type":"post","link":"https:\/\/interamerica.org\/es\/2026\/01\/universidad-adventista-de-las-antillas-recibe-importante-subvencion-para-un-proyecto-de-medios-de-indole-religiosa\/","title":{"rendered":"Universidad Adventista de las Antillas recibe importante subvenci\u00f3n para un proyecto de medios de \u00edndole religiosa"},"content":{"rendered":"<p><em>La financiaci\u00f3n de Lilly Endowment apoyar\u00e1 la narraci\u00f3n digital entre j\u00f3venes adultos en Puerto Rico y Florida Central. <\/em><\/p>\n<p>22 de enero de 2026 | Mayag\u00fcez, Puerto Rico | Universidad Adventista de las Antillas y Noticias de la Divisi\u00f3n Interamericana<\/p>\n<p>La Universidad Adventista de las Antillas (AAU) se ha convertido en la primera instituci\u00f3n de Puerto Rico y la \u00fanica seleccionada en el territorio de la Divisi\u00f3n Interamericana en recibir una subvenci\u00f3n de 5 millones de d\u00f3lares de Lilly Endowment Inc. como parte de la Iniciativa Nacional de Narraci\u00f3n de Historias sobre Fe y Vida Cristiana 2025 de la fundaci\u00f3n, anunciaron hace poco los l\u00edderes de la universidad.<\/p>\n<p>La AAU fue seleccionada entre 60 organizaciones de Estados Unidos desde 2024 para participar en la iniciativa nacional, explicaron los directivos universitarios. La beca de cinco a\u00f1os apoyar\u00e1 un proyecto titulado \u201cFe duradera ante las tormentas de la vida\u201d, que destacar\u00e1 historias aut\u00e9nticas y basadas en la fe de puertorrique\u00f1os nacidos entre 1990 y 2009, utilizando m\u00faltiples formatos digitales de narraci\u00f3n.<\/p>\n<p><div id=\"attachment_137999\" style=\"width: 810px\" class=\"wp-caption aligncenter\"><img fetchpriority=\"high\" decoding=\"async\" aria-describedby=\"caption-attachment-137999\" class=\" wp-image-137999\" src=\"https:\/\/interamerica.org\/wp-content\/uploads\/2026\/01\/biblioteca-new-paint-2-1280-1024x640.jpg\" alt=\"\" width=\"800\" height=\"500\" srcset=\"https:\/\/interamerica.org\/wp-content\/uploads\/2026\/01\/biblioteca-new-paint-2-1280-1024x640.jpg 1024w, https:\/\/interamerica.org\/wp-content\/uploads\/2026\/01\/biblioteca-new-paint-2-1280-300x188.jpg 300w, https:\/\/interamerica.org\/wp-content\/uploads\/2026\/01\/biblioteca-new-paint-2-1280-768x480.jpg 768w, https:\/\/interamerica.org\/wp-content\/uploads\/2026\/01\/biblioteca-new-paint-2-1280.jpg 1280w\" sizes=\"(max-width: 800px) 100vw, 800px\" \/><p id=\"caption-attachment-137999\" class=\"wp-caption-text\">La Universidad Adventista de las Antillas en Mayag\u00fcez, Puerto Rico, recibi\u00f3 hace poco una beca Lilly Endowment para apoyar una iniciativa de cinco a\u00f1os basada en medios y narraci\u00f3n de base reigiosa. [Fotograf\u00eda: Medios Antillanos]<\/p><\/div>El proyecto documentar\u00e1 de qu\u00e9 manera los j\u00f3venes adultos viven su fe en medio de desaf\u00edos culturales, sociales y econ\u00f3micos, lo que incluye los efectos a largo plazo de los huracanes Irma y Mar\u00eda, la migraci\u00f3n a Florida Central y la influencia de las tradiciones adventista, cat\u00f3lica y evang\u00e9lica.<\/p>\n<p><strong>Compartir historias de fe y resiliencia<\/strong><\/p>\n<p>Seg\u00fan los l\u00edderes del proyecto, la iniciativa producir\u00e1 testimonios moldeados por la rica identidad cultural de Puerto Rico y las experiencias de su di\u00e1spora, especialmente en la zona de Orlando, Florida. Las historias enfatizar\u00e1n el coraje, la esperanza, la autenticidad y una relaci\u00f3n viva con Dios.<\/p>\n<p>\u201cEsta iniciativa representa una oportunidad \u00fanica de presentar al mundo la fuerza espiritual que distingue al pueblo puertorrique\u00f1o\u201d, dijo el doctor Edwin Hern\u00e1ndez, rector de la Universidad Adventista de las Antillas. \u201cNuestras comunidades han enfrentado desaf\u00edos extraordinarios, y sin embargo su fe sigue siendo firme. Este proyecto nos permitir\u00e1 documentar y compartir historias que afirmen la vida, la esperanza y el prop\u00f3sito, historias que inspiren y fortalezcan a nuevas generaciones\u201d.<\/p>\n<p>La Iniciativa Nacional de Narraci\u00f3n de Lilly Endowment apoya proyectos que refuerzan la fe cristiana y la comprensi\u00f3n p\u00fablica de la religi\u00f3n mediante una narraci\u00f3n de alta calidad. La fundaci\u00f3n filantr\u00f3pica privada, establecida en 1937 en Indian\u00e1polis, Indiana, apoya programas en desarrollo comunitario, educaci\u00f3n y religi\u00f3n, con un enfoque en fortalecer la vida congregacional y el liderazgo en la fe.<\/p>\n<p><div id=\"attachment_137996\" style=\"width: 816px\" class=\"wp-caption aligncenter\"><img decoding=\"async\" aria-describedby=\"caption-attachment-137996\" class=\" wp-image-137996\" src=\"https:\/\/interamerica.org\/wp-content\/uploads\/2026\/01\/aau-project-team-leaders.jpg\" alt=\"\" width=\"806\" height=\"537\" srcset=\"https:\/\/interamerica.org\/wp-content\/uploads\/2026\/01\/aau-project-team-leaders.jpg 1000w, https:\/\/interamerica.org\/wp-content\/uploads\/2026\/01\/aau-project-team-leaders-300x200.jpg 300w, https:\/\/interamerica.org\/wp-content\/uploads\/2026\/01\/aau-project-team-leaders-768x511.jpg 768w\" sizes=\"(max-width: 806px) 100vw, 806px\" \/><p id=\"caption-attachment-137996\" class=\"wp-caption-text\">El Dr. Edwin Hern\u00e1ndez (cuarto desde la izquierda), rector de la Universidad Adventista de las Antillas, acompa\u00f1a a los l\u00edderes del proyecto mientras se preparan para lanzar una iniciativa de narraci\u00f3n digital basada en la fe de cinco a\u00f1os de duraci\u00f3n, apoyada por una subvenci\u00f3n de la Lilly Endowment. [Fotograf\u00eda: Universidad Adventista de las Antillas]<\/p><\/div>Las organizaciones que reciben financiaci\u00f3n incluyen grupos medi\u00e1ticos, organismos denominacionales, redes religiosas, editoriales, instituciones educativas, congregaciones y organizaciones sin fines de lucro.<\/p>\n<p><strong>Plan estrat\u00e9gico centrado en la excelencia y la misi\u00f3n<\/strong><\/p>\n<p>El plan estrat\u00e9gico de Universidad Adventista de las Antillas para la iniciativa se basa en tres acciones principales: identificar historias de fe aut\u00e9nticas, producirlas con excelencia y compartirlas estrat\u00e9gicamente con audiencias locales, nacionales y de la di\u00e1spora, seg\u00fan Lorell Varela, directora de comunicaci\u00f3n y marketing de la instituci\u00f3n y codirectora del proyecto.<\/p>\n<p>\u201cEl centro de medios de la universidad, trabajando con socios y colaboradores, est\u00e1 implementando un calendario de producci\u00f3n de varios a\u00f1os centrado en historias de fe vivida, resiliencia, crecimiento personal y transformaci\u00f3n comunitaria\u201d, afirm\u00f3.<\/p>\n<p>Los l\u00edderes del equipo estiman que se producir\u00e1n m\u00e1s de 20 historias primarias al a\u00f1o, junto con contenido digital complementario dise\u00f1ado para ampliar el alcance en redes sociales, eventos comunitarios y plataformas de iglesias.<\/p>\n<p>Ese enfoque, dijo Varela, garantizar\u00e1 la coherencia narrativa, la profundidad espiritual y la alineaci\u00f3n con la misi\u00f3n de la universidad y los objetivos de la iniciativa nacional.<\/p>\n<p><div id=\"attachment_137997\" style=\"width: 809px\" class=\"wp-caption aligncenter\"><img decoding=\"async\" aria-describedby=\"caption-attachment-137997\" class=\" wp-image-137997\" src=\"https:\/\/interamerica.org\/wp-content\/uploads\/2026\/01\/aerial-campus-3-small.jpg\" alt=\"\" width=\"799\" height=\"532\" srcset=\"https:\/\/interamerica.org\/wp-content\/uploads\/2026\/01\/aerial-campus-3-small.jpg 1000w, https:\/\/interamerica.org\/wp-content\/uploads\/2026\/01\/aerial-campus-3-small-300x200.jpg 300w, https:\/\/interamerica.org\/wp-content\/uploads\/2026\/01\/aerial-campus-3-small-768x511.jpg 768w\" sizes=\"(max-width: 799px) 100vw, 799px\" \/><p id=\"caption-attachment-137997\" class=\"wp-caption-text\">Vista a\u00e9rea del campus de m\u00e1s de 270 acres de la Universidad Adventista de las Antillas en Mayag\u00fcez, Puerto Rico. [Fotograf\u00eda: Medios Antillanos]<\/p><\/div><strong>El modelo de liderazgo compartido gu\u00eda la producci\u00f3n<\/strong><\/p>\n<p>Todas las producciones son dirigidas directamente por la Universidad Adventista de las Antillas gracias a un modelo de liderazgo compartido, que integra la planificaci\u00f3n estrat\u00e9gica, la producci\u00f3n creativa y la sensibilidad espiritual, garantizando as\u00ed la coherencia institucional y una ejecuci\u00f3n de alta calidad. Adem\u00e1s, algunos colaboradores producir\u00e1n historias dentro de sus propias comunidades bajo la visi\u00f3n editorial del proyecto, explic\u00f3 Varela.<\/p>\n<p>Un equipo de expertos en evaluaci\u00f3n, producci\u00f3n y comunicaci\u00f3n tambi\u00e9n asesorar\u00e1 durante todo el proceso para garantizar la calidad narrativa, la comunicaci\u00f3n eficaz y la alineaci\u00f3n con los objetivos del proyecto, seg\u00fan los responsables universitarios.<\/p>\n<p>\u201cRecibimos esta oportunidad con profunda gratitud hacia Dios y con un fuerte sentido de responsabilidad\u201d, dijo Varela. \u201cEn un proceso altamente competitivo entre muchas instituciones nacionales, nuestra propuesta fue seleccionada y la instituci\u00f3n se convirti\u00f3 en la \u00fanica universidad de Puerto Rico incluida en esta iniciativa. Abordamos este proyecto con humildad y compromiso, sabiendo que estas historias de fe tienen que tratarse con respeto, profundidad espiritual y fidelidad a las comunidades que representan\u201d.<\/p>\n<p>El codirector Juan Alberto Ovalles enfatiz\u00f3 que la autenticidad es fundamental en el enfoque narrativo.<\/p>\n<p>\u201cNuestro objetivo es contar historias que surjan de las experiencias reales de las personas, utilizando un lenguaje contempor\u00e1neo y aut\u00e9ntico sin perder la profundidad espiritual\u201d, dijo Ovalles. \u201cEstas son narrativas de fe que conectan generaciones y comunidades porque hablan de Dios desde la vida cotidiana\u201d.<\/p>\n<p><strong>Subvenci\u00f3n apoya un ecosistema narrativo completo<\/strong><\/p>\n<p>Los l\u00edderes dijeron que la subvenci\u00f3n de 5 millones de d\u00f3lares apoya una iniciativa de cinco a\u00f1os y de m\u00faltiples capas que incluye la creaci\u00f3n de contenido, formaci\u00f3n, distribuci\u00f3n y sostenibilidad a largo plazo. Se producir\u00e1n historias en Puerto Rico y Florida Central con el apoyo de la Uni\u00f3n Puertorrique\u00f1a y de iglesias locales, mientras que los programas de formaci\u00f3n capacitar\u00e1n a los miembros para utilizar la narraci\u00f3n como herramienta de fe, conexi\u00f3n comunitaria y misi\u00f3n.<\/p>\n<p>El contenido se compartir\u00e1 por medio de las plataformas institucionales, redes sociales, iglesias, eventos comunitarios y redes de socios para ampliar su alcance en Puerto Rico y el territorio continental de los Estados Unidos.<\/p>\n<p>Los l\u00edderes universitarios afirmaron que este enfoque est\u00e1 dise\u00f1ado para ayudar a que las historias de fe sean abrazadas y multiplicadas dentro de las comunidades a las que sirven.<\/p>\n<p><em>Lorell Varela ha colaborado con este art\u00edculo.<\/em><\/p>\n<p>Traducci\u00f3n de Marcos Paseggi<\/p>\n","protected":false},"excerpt":{"rendered":"<p>La financiaci\u00f3n de Lilly Endowment apoyar\u00e1 la narraci\u00f3n digital entre j\u00f3venes adultos en Puerto Rico y Florida Central. 22 de enero de 2026 | Mayag\u00fcez, Puerto Rico | Universidad Adventista&#8230;<\/p>\n","protected":false},"author":3,"featured_media":138013,"comment_status":"closed","ping_status":"closed","sticky":false,"template":"","format":"standard","meta":{"_acf_changed":false,"footnotes":""},"categories":[17,15],"tags":[],"class_list":["post-138012","post","type-post","status-publish","format-standard","has-post-thumbnail","hentry","category-desde-el-campo","category-rss-espanol"],"acf":[],"yoast_head":"<!-- This site is optimized with the Yoast SEO plugin v27.3 - https:\/\/yoast.com\/product\/yoast-seo-wordpress\/ -->\n<title>Universidad Adventista de las Antillas recibe importante subvenci\u00f3n para un proyecto de medios de \u00edndole religiosa - Iglesia Adventista del S\u00e9ptimo D\u00eda - Divisi\u00f3n Interamericana<\/title>\n<meta name=\"robots\" content=\"index, follow, max-snippet:-1, max-image-preview:large, max-video-preview:-1\" \/>\n<link rel=\"canonical\" href=\"https:\/\/interamerica.org\/es\/2026\/01\/universidad-adventista-de-las-antillas-recibe-importante-subvencion-para-un-proyecto-de-medios-de-indole-religiosa\/\" \/>\n<meta property=\"og:locale\" content=\"es_ES\" \/>\n<meta property=\"og:type\" content=\"article\" \/>\n<meta property=\"og:title\" content=\"Universidad Adventista de las Antillas recibe importante subvenci\u00f3n para un proyecto de medios de \u00edndole religiosa - Iglesia Adventista del S\u00e9ptimo D\u00eda - Divisi\u00f3n Interamericana\" \/>\n<meta property=\"og:description\" content=\"La financiaci\u00f3n de Lilly Endowment apoyar\u00e1 la narraci\u00f3n digital entre j\u00f3venes adultos en Puerto Rico y Florida Central. 22 de enero de 2026 | Mayag\u00fcez, Puerto Rico | Universidad Adventista...\" \/>\n<meta property=\"og:url\" content=\"https:\/\/interamerica.org\/es\/2026\/01\/universidad-adventista-de-las-antillas-recibe-importante-subvencion-para-un-proyecto-de-medios-de-indole-religiosa\/\" \/>\n<meta property=\"og:site_name\" content=\"Iglesia Adventista del S\u00e9ptimo D\u00eda - Divisi\u00f3n Interamericana\" \/>\n<meta property=\"article:published_time\" content=\"2026-01-22T20:43:32+00:00\" \/>\n<meta property=\"article:modified_time\" content=\"2026-01-23T15:32:10+00:00\" \/>\n<meta property=\"og:image\" content=\"https:\/\/interamerica.org\/wp-content\/uploads\/2026\/01\/biblioteca-new-paint-2-2.jpg\" \/>\n\t<meta property=\"og:image:width\" content=\"1000\" \/>\n\t<meta property=\"og:image:height\" content=\"666\" \/>\n\t<meta property=\"og:image:type\" content=\"image\/jpeg\" \/>\n<meta name=\"author\" content=\"libna\" \/>\n<meta name=\"twitter:card\" content=\"summary_large_image\" \/>\n<meta name=\"twitter:label1\" content=\"Escrito por\" \/>\n\t<meta name=\"twitter:data1\" content=\"libna\" \/>\n\t<meta name=\"twitter:label2\" content=\"Tiempo de lectura\" \/>\n\t<meta name=\"twitter:data2\" content=\"6 minutos\" \/>\n<script type=\"application\/ld+json\" class=\"yoast-schema-graph\">{\"@context\":\"https:\\\/\\\/schema.org\",\"@graph\":[{\"@type\":\"Article\",\"@id\":\"https:\\\/\\\/interamerica.org\\\/es\\\/2026\\\/01\\\/universidad-adventista-de-las-antillas-recibe-importante-subvencion-para-un-proyecto-de-medios-de-indole-religiosa\\\/#article\",\"isPartOf\":{\"@id\":\"https:\\\/\\\/interamerica.org\\\/es\\\/2026\\\/01\\\/universidad-adventista-de-las-antillas-recibe-importante-subvencion-para-un-proyecto-de-medios-de-indole-religiosa\\\/\"},\"author\":{\"name\":\"libna\",\"@id\":\"https:\\\/\\\/interamerica.org\\\/es\\\/#\\\/schema\\\/person\\\/29998f2bc2d8bd0d38662909289b54f1\"},\"headline\":\"Universidad Adventista de las Antillas recibe importante subvenci\u00f3n para un proyecto de medios de \u00edndole religiosa\",\"datePublished\":\"2026-01-22T20:43:32+00:00\",\"dateModified\":\"2026-01-23T15:32:10+00:00\",\"mainEntityOfPage\":{\"@id\":\"https:\\\/\\\/interamerica.org\\\/es\\\/2026\\\/01\\\/universidad-adventista-de-las-antillas-recibe-importante-subvencion-para-un-proyecto-de-medios-de-indole-religiosa\\\/\"},\"wordCount\":1227,\"image\":{\"@id\":\"https:\\\/\\\/interamerica.org\\\/es\\\/2026\\\/01\\\/universidad-adventista-de-las-antillas-recibe-importante-subvencion-para-un-proyecto-de-medios-de-indole-religiosa\\\/#primaryimage\"},\"thumbnailUrl\":\"https:\\\/\\\/interamerica.org\\\/wp-content\\\/uploads\\\/2026\\\/01\\\/biblioteca-new-paint-2-2.jpg\",\"articleSection\":[\"Desde el campo\",\"RSS Espa\u00f1ol\"],\"inLanguage\":\"es\"},{\"@type\":\"WebPage\",\"@id\":\"https:\\\/\\\/interamerica.org\\\/es\\\/2026\\\/01\\\/universidad-adventista-de-las-antillas-recibe-importante-subvencion-para-un-proyecto-de-medios-de-indole-religiosa\\\/\",\"url\":\"https:\\\/\\\/interamerica.org\\\/es\\\/2026\\\/01\\\/universidad-adventista-de-las-antillas-recibe-importante-subvencion-para-un-proyecto-de-medios-de-indole-religiosa\\\/\",\"name\":\"Universidad Adventista de las Antillas recibe importante subvenci\u00f3n para un proyecto de medios de \u00edndole religiosa - Iglesia Adventista del S\u00e9ptimo D\u00eda - Divisi\u00f3n Interamericana\",\"isPartOf\":{\"@id\":\"https:\\\/\\\/interamerica.org\\\/es\\\/#website\"},\"primaryImageOfPage\":{\"@id\":\"https:\\\/\\\/interamerica.org\\\/es\\\/2026\\\/01\\\/universidad-adventista-de-las-antillas-recibe-importante-subvencion-para-un-proyecto-de-medios-de-indole-religiosa\\\/#primaryimage\"},\"image\":{\"@id\":\"https:\\\/\\\/interamerica.org\\\/es\\\/2026\\\/01\\\/universidad-adventista-de-las-antillas-recibe-importante-subvencion-para-un-proyecto-de-medios-de-indole-religiosa\\\/#primaryimage\"},\"thumbnailUrl\":\"https:\\\/\\\/interamerica.org\\\/wp-content\\\/uploads\\\/2026\\\/01\\\/biblioteca-new-paint-2-2.jpg\",\"datePublished\":\"2026-01-22T20:43:32+00:00\",\"dateModified\":\"2026-01-23T15:32:10+00:00\",\"author\":{\"@id\":\"https:\\\/\\\/interamerica.org\\\/es\\\/#\\\/schema\\\/person\\\/29998f2bc2d8bd0d38662909289b54f1\"},\"breadcrumb\":{\"@id\":\"https:\\\/\\\/interamerica.org\\\/es\\\/2026\\\/01\\\/universidad-adventista-de-las-antillas-recibe-importante-subvencion-para-un-proyecto-de-medios-de-indole-religiosa\\\/#breadcrumb\"},\"inLanguage\":\"es\",\"potentialAction\":[{\"@type\":\"ReadAction\",\"target\":[\"https:\\\/\\\/interamerica.org\\\/es\\\/2026\\\/01\\\/universidad-adventista-de-las-antillas-recibe-importante-subvencion-para-un-proyecto-de-medios-de-indole-religiosa\\\/\"]}]},{\"@type\":\"ImageObject\",\"inLanguage\":\"es\",\"@id\":\"https:\\\/\\\/interamerica.org\\\/es\\\/2026\\\/01\\\/universidad-adventista-de-las-antillas-recibe-importante-subvencion-para-un-proyecto-de-medios-de-indole-religiosa\\\/#primaryimage\",\"url\":\"https:\\\/\\\/interamerica.org\\\/wp-content\\\/uploads\\\/2026\\\/01\\\/biblioteca-new-paint-2-2.jpg\",\"contentUrl\":\"https:\\\/\\\/interamerica.org\\\/wp-content\\\/uploads\\\/2026\\\/01\\\/biblioteca-new-paint-2-2.jpg\",\"width\":1000,\"height\":666,\"caption\":\"[Fotograf\u00eda: Medios de la Universidad Adventista de las Antillas]\"},{\"@type\":\"BreadcrumbList\",\"@id\":\"https:\\\/\\\/interamerica.org\\\/es\\\/2026\\\/01\\\/universidad-adventista-de-las-antillas-recibe-importante-subvencion-para-un-proyecto-de-medios-de-indole-religiosa\\\/#breadcrumb\",\"itemListElement\":[{\"@type\":\"ListItem\",\"position\":1,\"name\":\"Home\",\"item\":\"https:\\\/\\\/interamerica.org\\\/es\\\/\"},{\"@type\":\"ListItem\",\"position\":2,\"name\":\"Universidad Adventista de las Antillas recibe importante subvenci\u00f3n para un proyecto de medios de \u00edndole religiosa\"}]},{\"@type\":\"WebSite\",\"@id\":\"https:\\\/\\\/interamerica.org\\\/es\\\/#website\",\"url\":\"https:\\\/\\\/interamerica.org\\\/es\\\/\",\"name\":\"Iglesia Adventista del S\u00e9ptimo D\u00eda - Divisi\u00f3n Interamericana\",\"description\":\"\",\"potentialAction\":[{\"@type\":\"SearchAction\",\"target\":{\"@type\":\"EntryPoint\",\"urlTemplate\":\"https:\\\/\\\/interamerica.org\\\/es\\\/?s={search_term_string}\"},\"query-input\":{\"@type\":\"PropertyValueSpecification\",\"valueRequired\":true,\"valueName\":\"search_term_string\"}}],\"inLanguage\":\"es\"},{\"@type\":\"Person\",\"@id\":\"https:\\\/\\\/interamerica.org\\\/es\\\/#\\\/schema\\\/person\\\/29998f2bc2d8bd0d38662909289b54f1\",\"name\":\"libna\",\"image\":{\"@type\":\"ImageObject\",\"inLanguage\":\"es\",\"@id\":\"https:\\\/\\\/secure.gravatar.com\\\/avatar\\\/7c5bd30ae4b47a9ba3c856590957fd1d96dc588bf3ac05719d247e126840331f?s=96&d=mm&r=g\",\"url\":\"https:\\\/\\\/secure.gravatar.com\\\/avatar\\\/7c5bd30ae4b47a9ba3c856590957fd1d96dc588bf3ac05719d247e126840331f?s=96&d=mm&r=g\",\"contentUrl\":\"https:\\\/\\\/secure.gravatar.com\\\/avatar\\\/7c5bd30ae4b47a9ba3c856590957fd1d96dc588bf3ac05719d247e126840331f?s=96&d=mm&r=g\",\"caption\":\"libna\"}}]}<\/script>\n<!-- \/ Yoast SEO plugin. -->","yoast_head_json":{"title":"Universidad Adventista de las Antillas recibe importante subvenci\u00f3n para un proyecto de medios de \u00edndole religiosa - Iglesia Adventista del S\u00e9ptimo D\u00eda - Divisi\u00f3n Interamericana","robots":{"index":"index","follow":"follow","max-snippet":"max-snippet:-1","max-image-preview":"max-image-preview:large","max-video-preview":"max-video-preview:-1"},"canonical":"https:\/\/interamerica.org\/es\/2026\/01\/universidad-adventista-de-las-antillas-recibe-importante-subvencion-para-un-proyecto-de-medios-de-indole-religiosa\/","og_locale":"es_ES","og_type":"article","og_title":"Universidad Adventista de las Antillas recibe importante subvenci\u00f3n para un proyecto de medios de \u00edndole religiosa - Iglesia Adventista del S\u00e9ptimo D\u00eda - Divisi\u00f3n Interamericana","og_description":"La financiaci\u00f3n de Lilly Endowment apoyar\u00e1 la narraci\u00f3n digital entre j\u00f3venes adultos en Puerto Rico y Florida Central. 22 de enero de 2026 | Mayag\u00fcez, Puerto Rico | Universidad Adventista...","og_url":"https:\/\/interamerica.org\/es\/2026\/01\/universidad-adventista-de-las-antillas-recibe-importante-subvencion-para-un-proyecto-de-medios-de-indole-religiosa\/","og_site_name":"Iglesia Adventista del S\u00e9ptimo D\u00eda - Divisi\u00f3n Interamericana","article_published_time":"2026-01-22T20:43:32+00:00","article_modified_time":"2026-01-23T15:32:10+00:00","og_image":[{"width":1000,"height":666,"url":"https:\/\/interamerica.org\/wp-content\/uploads\/2026\/01\/biblioteca-new-paint-2-2.jpg","type":"image\/jpeg"}],"author":"libna","twitter_card":"summary_large_image","twitter_misc":{"Escrito por":"libna","Tiempo de lectura":"6 minutos"},"schema":{"@context":"https:\/\/schema.org","@graph":[{"@type":"Article","@id":"https:\/\/interamerica.org\/es\/2026\/01\/universidad-adventista-de-las-antillas-recibe-importante-subvencion-para-un-proyecto-de-medios-de-indole-religiosa\/#article","isPartOf":{"@id":"https:\/\/interamerica.org\/es\/2026\/01\/universidad-adventista-de-las-antillas-recibe-importante-subvencion-para-un-proyecto-de-medios-de-indole-religiosa\/"},"author":{"name":"libna","@id":"https:\/\/interamerica.org\/es\/#\/schema\/person\/29998f2bc2d8bd0d38662909289b54f1"},"headline":"Universidad Adventista de las Antillas recibe importante subvenci\u00f3n para un proyecto de medios de \u00edndole religiosa","datePublished":"2026-01-22T20:43:32+00:00","dateModified":"2026-01-23T15:32:10+00:00","mainEntityOfPage":{"@id":"https:\/\/interamerica.org\/es\/2026\/01\/universidad-adventista-de-las-antillas-recibe-importante-subvencion-para-un-proyecto-de-medios-de-indole-religiosa\/"},"wordCount":1227,"image":{"@id":"https:\/\/interamerica.org\/es\/2026\/01\/universidad-adventista-de-las-antillas-recibe-importante-subvencion-para-un-proyecto-de-medios-de-indole-religiosa\/#primaryimage"},"thumbnailUrl":"https:\/\/interamerica.org\/wp-content\/uploads\/2026\/01\/biblioteca-new-paint-2-2.jpg","articleSection":["Desde el campo","RSS Espa\u00f1ol"],"inLanguage":"es"},{"@type":"WebPage","@id":"https:\/\/interamerica.org\/es\/2026\/01\/universidad-adventista-de-las-antillas-recibe-importante-subvencion-para-un-proyecto-de-medios-de-indole-religiosa\/","url":"https:\/\/interamerica.org\/es\/2026\/01\/universidad-adventista-de-las-antillas-recibe-importante-subvencion-para-un-proyecto-de-medios-de-indole-religiosa\/","name":"Universidad Adventista de las Antillas recibe importante subvenci\u00f3n para un proyecto de medios de \u00edndole religiosa - Iglesia Adventista del S\u00e9ptimo D\u00eda - Divisi\u00f3n Interamericana","isPartOf":{"@id":"https:\/\/interamerica.org\/es\/#website"},"primaryImageOfPage":{"@id":"https:\/\/interamerica.org\/es\/2026\/01\/universidad-adventista-de-las-antillas-recibe-importante-subvencion-para-un-proyecto-de-medios-de-indole-religiosa\/#primaryimage"},"image":{"@id":"https:\/\/interamerica.org\/es\/2026\/01\/universidad-adventista-de-las-antillas-recibe-importante-subvencion-para-un-proyecto-de-medios-de-indole-religiosa\/#primaryimage"},"thumbnailUrl":"https:\/\/interamerica.org\/wp-content\/uploads\/2026\/01\/biblioteca-new-paint-2-2.jpg","datePublished":"2026-01-22T20:43:32+00:00","dateModified":"2026-01-23T15:32:10+00:00","author":{"@id":"https:\/\/interamerica.org\/es\/#\/schema\/person\/29998f2bc2d8bd0d38662909289b54f1"},"breadcrumb":{"@id":"https:\/\/interamerica.org\/es\/2026\/01\/universidad-adventista-de-las-antillas-recibe-importante-subvencion-para-un-proyecto-de-medios-de-indole-religiosa\/#breadcrumb"},"inLanguage":"es","potentialAction":[{"@type":"ReadAction","target":["https:\/\/interamerica.org\/es\/2026\/01\/universidad-adventista-de-las-antillas-recibe-importante-subvencion-para-un-proyecto-de-medios-de-indole-religiosa\/"]}]},{"@type":"ImageObject","inLanguage":"es","@id":"https:\/\/interamerica.org\/es\/2026\/01\/universidad-adventista-de-las-antillas-recibe-importante-subvencion-para-un-proyecto-de-medios-de-indole-religiosa\/#primaryimage","url":"https:\/\/interamerica.org\/wp-content\/uploads\/2026\/01\/biblioteca-new-paint-2-2.jpg","contentUrl":"https:\/\/interamerica.org\/wp-content\/uploads\/2026\/01\/biblioteca-new-paint-2-2.jpg","width":1000,"height":666,"caption":"[Fotograf\u00eda: Medios de la Universidad Adventista de las Antillas]"},{"@type":"BreadcrumbList","@id":"https:\/\/interamerica.org\/es\/2026\/01\/universidad-adventista-de-las-antillas-recibe-importante-subvencion-para-un-proyecto-de-medios-de-indole-religiosa\/#breadcrumb","itemListElement":[{"@type":"ListItem","position":1,"name":"Home","item":"https:\/\/interamerica.org\/es\/"},{"@type":"ListItem","position":2,"name":"Universidad Adventista de las Antillas recibe importante subvenci\u00f3n para un proyecto de medios de \u00edndole religiosa"}]},{"@type":"WebSite","@id":"https:\/\/interamerica.org\/es\/#website","url":"https:\/\/interamerica.org\/es\/","name":"Iglesia Adventista del S\u00e9ptimo D\u00eda - Divisi\u00f3n Interamericana","description":"","potentialAction":[{"@type":"SearchAction","target":{"@type":"EntryPoint","urlTemplate":"https:\/\/interamerica.org\/es\/?s={search_term_string}"},"query-input":{"@type":"PropertyValueSpecification","valueRequired":true,"valueName":"search_term_string"}}],"inLanguage":"es"},{"@type":"Person","@id":"https:\/\/interamerica.org\/es\/#\/schema\/person\/29998f2bc2d8bd0d38662909289b54f1","name":"libna","image":{"@type":"ImageObject","inLanguage":"es","@id":"https:\/\/secure.gravatar.com\/avatar\/7c5bd30ae4b47a9ba3c856590957fd1d96dc588bf3ac05719d247e126840331f?s=96&d=mm&r=g","url":"https:\/\/secure.gravatar.com\/avatar\/7c5bd30ae4b47a9ba3c856590957fd1d96dc588bf3ac05719d247e126840331f?s=96&d=mm&r=g","contentUrl":"https:\/\/secure.gravatar.com\/avatar\/7c5bd30ae4b47a9ba3c856590957fd1d96dc588bf3ac05719d247e126840331f?s=96&d=mm&r=g","caption":"libna"}}]}},"_links":{"self":[{"href":"https:\/\/interamerica.org\/es\/wp-json\/wp\/v2\/posts\/138012","targetHints":{"allow":["GET"]}}],"collection":[{"href":"https:\/\/interamerica.org\/es\/wp-json\/wp\/v2\/posts"}],"about":[{"href":"https:\/\/interamerica.org\/es\/wp-json\/wp\/v2\/types\/post"}],"author":[{"embeddable":true,"href":"https:\/\/interamerica.org\/es\/wp-json\/wp\/v2\/users\/3"}],"replies":[{"embeddable":true,"href":"https:\/\/interamerica.org\/es\/wp-json\/wp\/v2\/comments?post=138012"}],"version-history":[{"count":1,"href":"https:\/\/interamerica.org\/es\/wp-json\/wp\/v2\/posts\/138012\/revisions"}],"predecessor-version":[{"id":138019,"href":"https:\/\/interamerica.org\/es\/wp-json\/wp\/v2\/posts\/138012\/revisions\/138019"}],"wp:featuredmedia":[{"embeddable":true,"href":"https:\/\/interamerica.org\/es\/wp-json\/wp\/v2\/media\/138013"}],"wp:attachment":[{"href":"https:\/\/interamerica.org\/es\/wp-json\/wp\/v2\/media?parent=138012"}],"wp:term":[{"taxonomy":"category","embeddable":true,"href":"https:\/\/interamerica.org\/es\/wp-json\/wp\/v2\/categories?post=138012"},{"taxonomy":"post_tag","embeddable":true,"href":"https:\/\/interamerica.org\/es\/wp-json\/wp\/v2\/tags?post=138012"}],"curies":[{"name":"wp","href":"https:\/\/api.w.org\/{rel}","templated":true}]}}