{"id":139815,"date":"2026-03-02T23:00:57","date_gmt":"2026-03-03T04:00:57","guid":{"rendered":"https:\/\/interamerica.org\/?p=139815"},"modified":"2026-03-03T08:06:12","modified_gmt":"2026-03-03T13:06:12","slug":"presidente-de-la-iglesia-adventista-llama-a-una-mision-integrada-en-medio-de-un-mundo-en-desintegracion","status":"publish","type":"post","link":"https:\/\/interamerica.org\/es\/2026\/03\/presidente-de-la-iglesia-adventista-llama-a-una-mision-integrada-en-medio-de-un-mundo-en-desintegracion\/","title":{"rendered":"Presidente de la Iglesia Adventista llama a una misi\u00f3n integrada en medio de un mundo en desintegraci\u00f3n"},"content":{"rendered":"<p><em>Erton C. K\u00f6hler insta a los l\u00edderes a que fortalezcan la unidad, la oraci\u00f3n y la alineaci\u00f3n estrat\u00e9gica en toda la iglesia global.<\/em><\/p>\n<p>2 de marzo de 2026 | Riviera Maya, Quintana Roo, M\u00e9xico | Libna Stevens, Noticias de la Divisi\u00f3n Interamericana<\/p>\n<p>\u201cAnte un mundo que se est\u00e1 desintegrando, Dios llama a su iglesia para que avance en la direcci\u00f3n opuesta\u201d.<\/p>\n<p data-start=\"325\" data-end=\"638\">Con ese contraste sobrio, el pastor Erton C. K\u00f6hler, presidente de la Asociaci\u00f3n General de Adventistas del S\u00e9ptimo D\u00eda, pronunci\u00f3 un mensaje devocional sobre la integraci\u00f3n durante el segundo d\u00eda de la Cumbre de Liderazgo \u201cI Will Go\u2014Vivir la Misi\u00f3n\u201d en Riviera Maya, M\u00e9xico, el 2 de marzo.<\/p>\n<p data-start=\"640\" data-end=\"869\">Dirigi\u00e9ndose a presidentes, secretarios ejecutivos, tesoreros y l\u00edderes de departamentos de la Divisi\u00f3n Interamericana (IAD), K\u00f6hler enmarc\u00f3 la integraci\u00f3n no como una estrategia administrativa sino como una necesidad espiritual para la iglesia del siglo XXI.<\/p>\n<p><div id=\"attachment_139801\" style=\"width: 904px\" class=\"wp-caption aligncenter\"><img fetchpriority=\"high\" decoding=\"async\" aria-describedby=\"caption-attachment-139801\" class=\" wp-image-139801\" src=\"https:\/\/interamerica.org\/wp-content\/uploads\/2026\/03\/ertonkohler-mar2-ltm-summit-g2-0991-1024x640.jpg\" alt=\"\" width=\"894\" height=\"559\" srcset=\"https:\/\/interamerica.org\/wp-content\/uploads\/2026\/03\/ertonkohler-mar2-ltm-summit-g2-0991-1024x640.jpg 1024w, https:\/\/interamerica.org\/wp-content\/uploads\/2026\/03\/ertonkohler-mar2-ltm-summit-g2-0991-300x188.jpg 300w, https:\/\/interamerica.org\/wp-content\/uploads\/2026\/03\/ertonkohler-mar2-ltm-summit-g2-0991-768x480.jpg 768w, https:\/\/interamerica.org\/wp-content\/uploads\/2026\/03\/ertonkohler-mar2-ltm-summit-g2-0991.jpg 1280w\" sizes=\"(max-width: 894px) 100vw, 894px\" \/><p id=\"caption-attachment-139801\" class=\"wp-caption-text\">El pastor Erton C. K\u00f6hler imparte la devoci\u00f3n matutina sobre integraci\u00f3n durante la Cumbre de Liderazgo de la Divisi\u00f3n Interamericana el 2 de marzo de 2026, en Riviera Maya, M\u00e9xico. [Fotograf\u00eda: Daniel Gallardo\/DIA]<\/p><\/div><strong>Un mundo en desintegraci\u00f3n<\/strong><\/p>\n<p>Haciendo referencia a los conflictos globales en curso \u2014incluida la guerra en Oriente Medio y cuatro a\u00f1os de guerra en Ucrania\u2014 K\u00f6hler describi\u00f3 un planeta \u201cque est\u00e1 perdiendo el control\u201d.<\/p>\n<p>\u201cEl mundo se est\u00e1 desintegrando ante nuestros ojos\u201d, dijo. \u201cAnte un mundo que se est\u00e1 desintegrando, el Se\u00f1or llama a su iglesia para que act\u00fae en la direcci\u00f3n opuesta: en forma integrada\u201d.<\/p>\n<p>Si la iglesia quiere seguir siendo sal y luz, advirti\u00f3, necesita demostrar algo que el mundo no puede producir por s\u00ed solo.<\/p>\n<p>\u201cSi vivimos y trabajamos como ellos viven y trabajan\u201d, dijo, \u201cnos dir\u00e1n que no nos necesitan\u201d.<\/p>\n<p><div id=\"attachment_139802\" style=\"width: 979px\" class=\"wp-caption aligncenter\"><img decoding=\"async\" aria-describedby=\"caption-attachment-139802\" class=\" wp-image-139802\" src=\"https:\/\/interamerica.org\/wp-content\/uploads\/2026\/03\/erton-kohler-mar2-devotional-ltm-summit-stage.jpg\" alt=\"\" width=\"969\" height=\"646\" srcset=\"https:\/\/interamerica.org\/wp-content\/uploads\/2026\/03\/erton-kohler-mar2-devotional-ltm-summit-stage.jpg 1000w, https:\/\/interamerica.org\/wp-content\/uploads\/2026\/03\/erton-kohler-mar2-devotional-ltm-summit-stage-300x200.jpg 300w, https:\/\/interamerica.org\/wp-content\/uploads\/2026\/03\/erton-kohler-mar2-devotional-ltm-summit-stage-768x512.jpg 768w\" sizes=\"(max-width: 969px) 100vw, 969px\" \/><p id=\"caption-attachment-139802\" class=\"wp-caption-text\">Desde el escenario, el pastor Erton C. K\u00f6hler se dirige a casi 600 l\u00edderes de las uniones, asociaciones y de los campos locales durante la sesi\u00f3n devocional matutina de la Cumbre de Liderazgo de la Divisi\u00f3n Interamericana. [Fotograf\u00eda: Daniel Gallardo\/DIA]<\/p><\/div><strong>Arraigados en la Biblia, enfocados en la misi\u00f3n<\/strong><\/p>\n<p>K\u00f6hler relacion\u00f3 su llamado a la integraci\u00f3n con el \u00e9nfasis global de la iglesia: estar arraigada en las Escrituras y enfocada en la misi\u00f3n.<\/p>\n<p>Esa expresi\u00f3n, explic\u00f3, resume los cuatro \u00e9nfasis de la Divisi\u00f3n Interamericana: comuni\u00f3n con Dios, identidad en Cristo, unidad por medio del Esp\u00edritu Santo y misi\u00f3n para todas las personas, que se encajan bajo el enfoque general de la Asociaci\u00f3n General de estar arraigados en la Biblia y enfocados en la misi\u00f3n.<\/p>\n<p>\u201cNo hay Biblia sin comuni\u00f3n\u201d, expres\u00f3. \u201cLa Biblia genera identidad. Y cuando unimos la Biblia y la misi\u00f3n, la unidad se convierte en la consecuencia. La misi\u00f3n es la mejor medicina para la unidad en la iglesia\u201d.<\/p>\n<p><strong>El patr\u00f3n del Pentecost\u00e9s<\/strong><\/p>\n<p>Al pasar al libro de Hechos, el cap\u00edtulo 2, K\u00f6hler destac\u00f3 la secuencia de la iglesia primitiva: Primero: la unidad. Entonces: el Esp\u00edritu Santo. A continuaci\u00f3n: una revoluci\u00f3n en la misi\u00f3n. \u201cCuando lleg\u00f3 el d\u00eda de Pentecost\u00e9s, estaban todos juntos en un solo lugar\u201d, cit\u00f3. \u201cLa unidad abri\u00f3 la puerta. Descendi\u00f3 el Esp\u00edritu. Y tres mil fueron bautizados\u201d.<\/p>\n<p>\u201cTodo comienza con la unidad\u201d, enfatiz\u00f3. \u201cSi no hay unidad, no hay Esp\u00edritu. Si no hay Esp\u00edritu, no hay revoluci\u00f3n en la misi\u00f3n\u201d.<\/p>\n<p><div id=\"attachment_139803\" style=\"width: 962px\" class=\"wp-caption aligncenter\"><img decoding=\"async\" aria-describedby=\"caption-attachment-139803\" class=\" wp-image-139803\" src=\"https:\/\/interamerica.org\/wp-content\/uploads\/2026\/03\/ltm-summit-mar2-delegate-g2-1037-copy.jpg\" alt=\"\" width=\"952\" height=\"635\" srcset=\"https:\/\/interamerica.org\/wp-content\/uploads\/2026\/03\/ltm-summit-mar2-delegate-g2-1037-copy.jpg 1000w, https:\/\/interamerica.org\/wp-content\/uploads\/2026\/03\/ltm-summit-mar2-delegate-g2-1037-copy-300x200.jpg 300w, https:\/\/interamerica.org\/wp-content\/uploads\/2026\/03\/ltm-summit-mar2-delegate-g2-1037-copy-768x512.jpg 768w\" sizes=\"(max-width: 952px) 100vw, 952px\" \/><p id=\"caption-attachment-139803\" class=\"wp-caption-text\">Gladiola de Bouchot, de la Uni\u00f3n Mexicana de Chiapas, escucha atentamente durante el mensaje devocional sobre integraci\u00f3n en la Cumbre de Liderazgo de la Divisi\u00f3n Interamericana en la Riviera Maya, M\u00e9xico. [Fotograf\u00eda: Daniel Gallardo\/DIA]<\/p><\/div>K\u00f6hler advirti\u00f3 a los l\u00edderes que no funcionen como \u201cun archipi\u00e9lago\u201d: como islas con el mismo nombre pero desconectadas.<\/p>\n<p>\u201cLa iglesia no es un archipi\u00e9lago\u201d, dijo. \u201cEs un cuerpo\u201d. Los diferentes departamentos siguen siendo distintos: ministerios personales, Escuela Sab\u00e1tica, educaci\u00f3n, comunicaci\u00f3n, pero la integraci\u00f3n implica alineaci\u00f3n.<\/p>\n<p>La integraci\u00f3n no significa uniformidad, aclar\u00f3. \u201cSignifica que todos avanzan en la misma direcci\u00f3n con un prop\u00f3sito compartido y un compromiso com\u00fan\u201d.<\/p>\n<p>Cuando eso ocurre, a\u00f1adi\u00f3, \u201cunidos somos m\u00e1s fuertes. Vamos m\u00e1s all\u00e1. Llegamos m\u00e1s r\u00e1pido. Y abrimos la puerta para que el Esp\u00edritu Santo act\u00fae entre nosotros\u201d.<\/p>\n<p><strong>Una visi\u00f3n del esp\u00edritu de la profec\u00eda<\/strong><\/p>\n<p>K\u00f6hler cit\u00f3 entonces a Elena G. White, cofundadora de la Iglesia Adventista del S\u00e9ptimo D\u00eda, para recordar a los l\u00edderes la promesa asociada a la acci\u00f3n unida, tal como se escribe en Hechos de los ap\u00f3stoles, p. 74: \u201cMientras continuaran trabajando unidos, los mensajeros celestiales ir\u00edan delante de ellos abriendo el camino; los corazones ser\u00edan preparados para la recepci\u00f3n de la verdad y muchos ser\u00edan ganados para Cristo\u201d.<\/p>\n<p><div id=\"attachment_139804\" style=\"width: 964px\" class=\"wp-caption aligncenter\"><img loading=\"lazy\" decoding=\"async\" aria-describedby=\"caption-attachment-139804\" class=\" wp-image-139804\" src=\"https:\/\/interamerica.org\/wp-content\/uploads\/2026\/03\/ltm-summit-caru-delegate-mar2-g2-1030.jpg\" alt=\"\" width=\"954\" height=\"636\" srcset=\"https:\/\/interamerica.org\/wp-content\/uploads\/2026\/03\/ltm-summit-caru-delegate-mar2-g2-1030.jpg 1000w, https:\/\/interamerica.org\/wp-content\/uploads\/2026\/03\/ltm-summit-caru-delegate-mar2-g2-1030-300x200.jpg 300w, https:\/\/interamerica.org\/wp-content\/uploads\/2026\/03\/ltm-summit-caru-delegate-mar2-g2-1030-768x512.jpg 768w\" sizes=\"(max-width: 954px) 100vw, 954px\" \/><p id=\"caption-attachment-139804\" class=\"wp-caption-text\">Linda Tobias, de la Uni\u00f3n del Caribe, escucha atentamente durante el segmento devocional el 2 de marzo de 2026, en la Cumbre de Liderazgo de la Divisi\u00f3n Interamericana. [Fotograf\u00eda: Daniel Gallardo\/DIA]<\/p><\/div>\u201c\u00bfNo es por esto por lo que trabajamos?\u201d, pregunt\u00f3. \u201c\u00bfPara ver a \u00e1ngeles abrir pa\u00edses cerrados, resolver desaf\u00edos que no podemos superar y preparar corazones para la verdad?\u201d<\/p>\n<p>\u201cPero eso solo ocurre\u201d, enfatiz\u00f3, \u201csi trabajamos juntos\u201d.<\/p>\n<p><strong>L\u00edderes que se integran<\/strong><\/p>\n<p>K\u00f6hler destac\u00f3 varias cualidades de los l\u00edderes que fomentan la integraci\u00f3n, se\u00f1alando que priorizan la unidad sobre el territorio personal y funcionan m\u00e1s como directores que como solistas. Estos l\u00edderes fomentan deliberadamente la participaci\u00f3n, eval\u00faan regularmente su efectividad, simplifican las iniciativas para mantener el enfoque y comunican de forma consistente para que todos est\u00e9n alineados en prop\u00f3sito y direcci\u00f3n.<\/p>\n<p>\u201cLa gente ayudar\u00e1 a lograr lo que ayude a planear\u201d, dijo, instando a los l\u00edderes a que involucren a otros en los procesos estrat\u00e9gicos. Tambi\u00e9n advirti\u00f3 contra lo que \u00e9l llam\u00f3 \u201cfalla el\u00e9ctrica\u201d, esos m\u00e9todos continuos que antes funcionaban pero que ya no producen resultados.<\/p>\n<p><div id=\"attachment_139805\" style=\"width: 968px\" class=\"wp-caption aligncenter\"><img loading=\"lazy\" decoding=\"async\" aria-describedby=\"caption-attachment-139805\" class=\" wp-image-139805\" src=\"https:\/\/interamerica.org\/wp-content\/uploads\/2026\/03\/kohlers-adls-mar2-ltm-summit-g2-0828.jpg\" alt=\"\" width=\"958\" height=\"639\" srcset=\"https:\/\/interamerica.org\/wp-content\/uploads\/2026\/03\/kohlers-adls-mar2-ltm-summit-g2-0828.jpg 1000w, https:\/\/interamerica.org\/wp-content\/uploads\/2026\/03\/kohlers-adls-mar2-ltm-summit-g2-0828-300x200.jpg 300w, https:\/\/interamerica.org\/wp-content\/uploads\/2026\/03\/kohlers-adls-mar2-ltm-summit-g2-0828-768x512.jpg 768w\" sizes=\"(max-width: 958px) 100vw, 958px\" \/><p id=\"caption-attachment-139805\" class=\"wp-caption-text\">El presidente de la Asociaci\u00f3n General, el pastor Erton C. K\u00f6hler, y su esposa Adrienne sonr\u00eden mientras el presidente de la Divisi\u00f3n Interamericana, el pastor Abner De los Santos (derecha), levanta la mano en se\u00f1al de agradecimiento tras el mensaje devocional de K\u00f6hler el 2 de marzo de 2026. La pareja recibi\u00f3 un gesto de agradecimiento antes de partir hacia su siguiente compromiso. [Fotograf\u00eda: Daniel Gallardo\/DIA]<\/p><\/div>\u201cTenemos que evaluar\u201d, dijo. \u201cSi queremos avanzar juntos, necesitamos centrarnos en lo esencial\u201d.<\/p>\n<p><strong>Simple. Audaz. Relevante.<\/strong><\/p>\n<p>Cualquier iniciativa importante, dijo, debe cumplir tres criterios: debe ser simple, audaz y relevante.<\/p>\n<p>Se\u00f1al\u00f3 la pr\u00f3xima iniciativa global <a href=\"https:\/\/onevoice27.org\/en\">OneVoice2027<\/a>, que llama a los adventistas de todo el mundo a proclamar a Cristo en septiembre de 2027.<\/p>\n<p>\u201cSi queremos predicar en voz alta\u201d, dijo, \u201ctenemos que predicar con una sola voz\u201d.<\/p>\n<p>K\u00f6hler cerr\u00f3 subrayando tres aspectos esenciales de la misi\u00f3n integrada: la oraci\u00f3n, una direcci\u00f3n clara basada en las Escrituras y centrada en la misi\u00f3n, y el avance deliberado juntos.<\/p>\n<p><div id=\"attachment_139800\" style=\"width: 992px\" class=\"wp-caption aligncenter\"><img loading=\"lazy\" decoding=\"async\" aria-describedby=\"caption-attachment-139800\" class=\"wp-image-139800\" src=\"https:\/\/interamerica.org\/wp-content\/uploads\/2026\/03\/ltm-audience-chiapas-summit-mar2-g2-1038-copy.jpg\" alt=\"\" width=\"982\" height=\"655\" srcset=\"https:\/\/interamerica.org\/wp-content\/uploads\/2026\/03\/ltm-audience-chiapas-summit-mar2-g2-1038-copy.jpg 1000w, https:\/\/interamerica.org\/wp-content\/uploads\/2026\/03\/ltm-audience-chiapas-summit-mar2-g2-1038-copy-300x200.jpg 300w, https:\/\/interamerica.org\/wp-content\/uploads\/2026\/03\/ltm-audience-chiapas-summit-mar2-g2-1038-copy-768x512.jpg 768w\" sizes=\"(max-width: 982px) 100vw, 982px\" \/><p id=\"caption-attachment-139800\" class=\"wp-caption-text\">El pastor Uriel Castellanos (derecha), presidente de la Asociaci\u00f3n Mexicana del Soconusco, escucha durante el culto devocional junto a su esposa Mary Torres (izquierda), el 2 de marzo de 2026. [Fotograf\u00eda: Daniel Gallardo\/DIA]<\/p><\/div>\u201cCuando trabajamos, logramos los resultados de nuestro esfuerzo\u201d, dijo. \u201cCuando oramos, alcanzamos los resultados de la obra de Dios\u201d.<\/p>\n<p>Luego pregunt\u00f3 directamente a los l\u00edderes: \u201c\u00bfAceptan el desaf\u00edo?\u201d<\/p>\n<p>Mientras las manos se alzaban por el auditorio, K\u00f6hler or\u00f3 para que la integraci\u00f3n, aunque dif\u00edcil, se convierta en una obra milagrosa del Esp\u00edritu Santo en los 42 pa\u00edses de la Divisi\u00f3n Interamericana.<\/p>\n<p>\u201cEsto es f\u00e1cil de decir\u201d, or\u00f3, \u201cpero dif\u00edcil de lograr. Que el Se\u00f1or realice este milagro entre nosotros\u201d.<\/p>\n<p>A medida que la cumbre contin\u00faa, se espera que los l\u00edderes exploren formas pr\u00e1cticas de fortalecer la alineaci\u00f3n, simplificar prioridades y movilizar a los miembros en toda Interam\u00e9rica, avanzando no como islas, sino como un solo organismo, arraigados en la Biblia y centrados en cumplir la misi\u00f3n, seg\u00fan los organizadores.<\/p>\n<p>Traducci\u00f3n de Marcos Paseggi<\/p>\n","protected":false},"excerpt":{"rendered":"<p>Erton C. K\u00f6hler insta a los l\u00edderes a que fortalezcan la unidad, la oraci\u00f3n y la alineaci\u00f3n estrat\u00e9gica en toda la iglesia global. 2 de marzo de 2026 | Riviera&#8230;<\/p>\n","protected":false},"author":3,"featured_media":139816,"comment_status":"closed","ping_status":"closed","sticky":false,"template":"","format":"standard","meta":{"_acf_changed":false,"footnotes":""},"categories":[16,15],"tags":[],"class_list":["post-139815","post","type-post","status-publish","format-standard","has-post-thumbnail","hentry","category-desde-la-sede","category-rss-espanol"],"acf":[],"yoast_head":"<!-- This site is optimized with the Yoast SEO plugin v27.3 - https:\/\/yoast.com\/product\/yoast-seo-wordpress\/ -->\n<title>Presidente de la Iglesia Adventista llama a una misi\u00f3n integrada en medio de un mundo en desintegraci\u00f3n - Iglesia Adventista del S\u00e9ptimo D\u00eda - Divisi\u00f3n Interamericana<\/title>\n<meta name=\"robots\" content=\"index, follow, max-snippet:-1, max-image-preview:large, max-video-preview:-1\" \/>\n<link rel=\"canonical\" href=\"https:\/\/interamerica.org\/es\/2026\/03\/presidente-de-la-iglesia-adventista-llama-a-una-mision-integrada-en-medio-de-un-mundo-en-desintegracion\/\" \/>\n<meta property=\"og:locale\" content=\"es_ES\" \/>\n<meta property=\"og:type\" content=\"article\" \/>\n<meta property=\"og:title\" content=\"Presidente de la Iglesia Adventista llama a una misi\u00f3n integrada en medio de un mundo en desintegraci\u00f3n - Iglesia Adventista del S\u00e9ptimo D\u00eda - Divisi\u00f3n Interamericana\" \/>\n<meta property=\"og:description\" content=\"Erton C. K\u00f6hler insta a los l\u00edderes a que fortalezcan la unidad, la oraci\u00f3n y la alineaci\u00f3n estrat\u00e9gica en toda la iglesia global. 2 de marzo de 2026 | Riviera...\" \/>\n<meta property=\"og:url\" content=\"https:\/\/interamerica.org\/es\/2026\/03\/presidente-de-la-iglesia-adventista-llama-a-una-mision-integrada-en-medio-de-un-mundo-en-desintegracion\/\" \/>\n<meta property=\"og:site_name\" content=\"Iglesia Adventista del S\u00e9ptimo D\u00eda - Divisi\u00f3n Interamericana\" \/>\n<meta property=\"article:published_time\" content=\"2026-03-03T04:00:57+00:00\" \/>\n<meta property=\"article:modified_time\" content=\"2026-03-03T13:06:12+00:00\" \/>\n<meta property=\"og:image\" content=\"https:\/\/interamerica.org\/wp-content\/uploads\/2026\/03\/ertonkohler-mar2-ltm-summit-g2-0991.jpg\" \/>\n\t<meta property=\"og:image:width\" content=\"1280\" \/>\n\t<meta property=\"og:image:height\" content=\"800\" \/>\n\t<meta property=\"og:image:type\" content=\"image\/jpeg\" \/>\n<meta name=\"author\" content=\"libna\" \/>\n<meta name=\"twitter:card\" content=\"summary_large_image\" \/>\n<meta name=\"twitter:label1\" content=\"Escrito por\" \/>\n\t<meta name=\"twitter:data1\" content=\"libna\" \/>\n\t<meta name=\"twitter:label2\" content=\"Tiempo de lectura\" \/>\n\t<meta name=\"twitter:data2\" content=\"7 minutos\" \/>\n<script type=\"application\/ld+json\" class=\"yoast-schema-graph\">{\"@context\":\"https:\\\/\\\/schema.org\",\"@graph\":[{\"@type\":\"Article\",\"@id\":\"https:\\\/\\\/interamerica.org\\\/es\\\/2026\\\/03\\\/presidente-de-la-iglesia-adventista-llama-a-una-mision-integrada-en-medio-de-un-mundo-en-desintegracion\\\/#article\",\"isPartOf\":{\"@id\":\"https:\\\/\\\/interamerica.org\\\/es\\\/2026\\\/03\\\/presidente-de-la-iglesia-adventista-llama-a-una-mision-integrada-en-medio-de-un-mundo-en-desintegracion\\\/\"},\"author\":{\"name\":\"libna\",\"@id\":\"https:\\\/\\\/interamerica.org\\\/es\\\/#\\\/schema\\\/person\\\/29998f2bc2d8bd0d38662909289b54f1\"},\"headline\":\"Presidente de la Iglesia Adventista llama a una misi\u00f3n integrada en medio de un mundo en desintegraci\u00f3n\",\"datePublished\":\"2026-03-03T04:00:57+00:00\",\"dateModified\":\"2026-03-03T13:06:12+00:00\",\"mainEntityOfPage\":{\"@id\":\"https:\\\/\\\/interamerica.org\\\/es\\\/2026\\\/03\\\/presidente-de-la-iglesia-adventista-llama-a-una-mision-integrada-en-medio-de-un-mundo-en-desintegracion\\\/\"},\"wordCount\":1445,\"image\":{\"@id\":\"https:\\\/\\\/interamerica.org\\\/es\\\/2026\\\/03\\\/presidente-de-la-iglesia-adventista-llama-a-una-mision-integrada-en-medio-de-un-mundo-en-desintegracion\\\/#primaryimage\"},\"thumbnailUrl\":\"https:\\\/\\\/interamerica.org\\\/wp-content\\\/uploads\\\/2026\\\/03\\\/ertonkohler-mar2-ltm-summit-g2-0991.jpg\",\"articleSection\":[\"Desde la sede\",\"RSS Espa\u00f1ol\"],\"inLanguage\":\"es\"},{\"@type\":\"WebPage\",\"@id\":\"https:\\\/\\\/interamerica.org\\\/es\\\/2026\\\/03\\\/presidente-de-la-iglesia-adventista-llama-a-una-mision-integrada-en-medio-de-un-mundo-en-desintegracion\\\/\",\"url\":\"https:\\\/\\\/interamerica.org\\\/es\\\/2026\\\/03\\\/presidente-de-la-iglesia-adventista-llama-a-una-mision-integrada-en-medio-de-un-mundo-en-desintegracion\\\/\",\"name\":\"Presidente de la Iglesia Adventista llama a una misi\u00f3n integrada en medio de un mundo en desintegraci\u00f3n - Iglesia Adventista del S\u00e9ptimo D\u00eda - Divisi\u00f3n Interamericana\",\"isPartOf\":{\"@id\":\"https:\\\/\\\/interamerica.org\\\/es\\\/#website\"},\"primaryImageOfPage\":{\"@id\":\"https:\\\/\\\/interamerica.org\\\/es\\\/2026\\\/03\\\/presidente-de-la-iglesia-adventista-llama-a-una-mision-integrada-en-medio-de-un-mundo-en-desintegracion\\\/#primaryimage\"},\"image\":{\"@id\":\"https:\\\/\\\/interamerica.org\\\/es\\\/2026\\\/03\\\/presidente-de-la-iglesia-adventista-llama-a-una-mision-integrada-en-medio-de-un-mundo-en-desintegracion\\\/#primaryimage\"},\"thumbnailUrl\":\"https:\\\/\\\/interamerica.org\\\/wp-content\\\/uploads\\\/2026\\\/03\\\/ertonkohler-mar2-ltm-summit-g2-0991.jpg\",\"datePublished\":\"2026-03-03T04:00:57+00:00\",\"dateModified\":\"2026-03-03T13:06:12+00:00\",\"author\":{\"@id\":\"https:\\\/\\\/interamerica.org\\\/es\\\/#\\\/schema\\\/person\\\/29998f2bc2d8bd0d38662909289b54f1\"},\"breadcrumb\":{\"@id\":\"https:\\\/\\\/interamerica.org\\\/es\\\/2026\\\/03\\\/presidente-de-la-iglesia-adventista-llama-a-una-mision-integrada-en-medio-de-un-mundo-en-desintegracion\\\/#breadcrumb\"},\"inLanguage\":\"es\",\"potentialAction\":[{\"@type\":\"ReadAction\",\"target\":[\"https:\\\/\\\/interamerica.org\\\/es\\\/2026\\\/03\\\/presidente-de-la-iglesia-adventista-llama-a-una-mision-integrada-en-medio-de-un-mundo-en-desintegracion\\\/\"]}]},{\"@type\":\"ImageObject\",\"inLanguage\":\"es\",\"@id\":\"https:\\\/\\\/interamerica.org\\\/es\\\/2026\\\/03\\\/presidente-de-la-iglesia-adventista-llama-a-una-mision-integrada-en-medio-de-un-mundo-en-desintegracion\\\/#primaryimage\",\"url\":\"https:\\\/\\\/interamerica.org\\\/wp-content\\\/uploads\\\/2026\\\/03\\\/ertonkohler-mar2-ltm-summit-g2-0991.jpg\",\"contentUrl\":\"https:\\\/\\\/interamerica.org\\\/wp-content\\\/uploads\\\/2026\\\/03\\\/ertonkohler-mar2-ltm-summit-g2-0991.jpg\",\"width\":1280,\"height\":800,\"caption\":\"El pastor Erton C. K\u00f6hler imparte la devoci\u00f3n matutina sobre integraci\u00f3n durante la Cumbre de Liderazgo de la Divisi\u00f3n Interamericana el 2 de marzo de 2026, en Riviera Maya, M\u00e9xico. [Fotograf\u00eda: Daniel Gallardo\\\/DIA]\"},{\"@type\":\"BreadcrumbList\",\"@id\":\"https:\\\/\\\/interamerica.org\\\/es\\\/2026\\\/03\\\/presidente-de-la-iglesia-adventista-llama-a-una-mision-integrada-en-medio-de-un-mundo-en-desintegracion\\\/#breadcrumb\",\"itemListElement\":[{\"@type\":\"ListItem\",\"position\":1,\"name\":\"Home\",\"item\":\"https:\\\/\\\/interamerica.org\\\/es\\\/\"},{\"@type\":\"ListItem\",\"position\":2,\"name\":\"Presidente de la Iglesia Adventista llama a una misi\u00f3n integrada en medio de un mundo en desintegraci\u00f3n\"}]},{\"@type\":\"WebSite\",\"@id\":\"https:\\\/\\\/interamerica.org\\\/es\\\/#website\",\"url\":\"https:\\\/\\\/interamerica.org\\\/es\\\/\",\"name\":\"Iglesia Adventista del S\u00e9ptimo D\u00eda - Divisi\u00f3n Interamericana\",\"description\":\"\",\"potentialAction\":[{\"@type\":\"SearchAction\",\"target\":{\"@type\":\"EntryPoint\",\"urlTemplate\":\"https:\\\/\\\/interamerica.org\\\/es\\\/?s={search_term_string}\"},\"query-input\":{\"@type\":\"PropertyValueSpecification\",\"valueRequired\":true,\"valueName\":\"search_term_string\"}}],\"inLanguage\":\"es\"},{\"@type\":\"Person\",\"@id\":\"https:\\\/\\\/interamerica.org\\\/es\\\/#\\\/schema\\\/person\\\/29998f2bc2d8bd0d38662909289b54f1\",\"name\":\"libna\",\"image\":{\"@type\":\"ImageObject\",\"inLanguage\":\"es\",\"@id\":\"https:\\\/\\\/secure.gravatar.com\\\/avatar\\\/7c5bd30ae4b47a9ba3c856590957fd1d96dc588bf3ac05719d247e126840331f?s=96&d=mm&r=g\",\"url\":\"https:\\\/\\\/secure.gravatar.com\\\/avatar\\\/7c5bd30ae4b47a9ba3c856590957fd1d96dc588bf3ac05719d247e126840331f?s=96&d=mm&r=g\",\"contentUrl\":\"https:\\\/\\\/secure.gravatar.com\\\/avatar\\\/7c5bd30ae4b47a9ba3c856590957fd1d96dc588bf3ac05719d247e126840331f?s=96&d=mm&r=g\",\"caption\":\"libna\"}}]}<\/script>\n<!-- \/ Yoast SEO plugin. -->","yoast_head_json":{"title":"Presidente de la Iglesia Adventista llama a una misi\u00f3n integrada en medio de un mundo en desintegraci\u00f3n - Iglesia Adventista del S\u00e9ptimo D\u00eda - Divisi\u00f3n Interamericana","robots":{"index":"index","follow":"follow","max-snippet":"max-snippet:-1","max-image-preview":"max-image-preview:large","max-video-preview":"max-video-preview:-1"},"canonical":"https:\/\/interamerica.org\/es\/2026\/03\/presidente-de-la-iglesia-adventista-llama-a-una-mision-integrada-en-medio-de-un-mundo-en-desintegracion\/","og_locale":"es_ES","og_type":"article","og_title":"Presidente de la Iglesia Adventista llama a una misi\u00f3n integrada en medio de un mundo en desintegraci\u00f3n - Iglesia Adventista del S\u00e9ptimo D\u00eda - Divisi\u00f3n Interamericana","og_description":"Erton C. K\u00f6hler insta a los l\u00edderes a que fortalezcan la unidad, la oraci\u00f3n y la alineaci\u00f3n estrat\u00e9gica en toda la iglesia global. 2 de marzo de 2026 | Riviera...","og_url":"https:\/\/interamerica.org\/es\/2026\/03\/presidente-de-la-iglesia-adventista-llama-a-una-mision-integrada-en-medio-de-un-mundo-en-desintegracion\/","og_site_name":"Iglesia Adventista del S\u00e9ptimo D\u00eda - Divisi\u00f3n Interamericana","article_published_time":"2026-03-03T04:00:57+00:00","article_modified_time":"2026-03-03T13:06:12+00:00","og_image":[{"width":1280,"height":800,"url":"https:\/\/interamerica.org\/wp-content\/uploads\/2026\/03\/ertonkohler-mar2-ltm-summit-g2-0991.jpg","type":"image\/jpeg"}],"author":"libna","twitter_card":"summary_large_image","twitter_misc":{"Escrito por":"libna","Tiempo de lectura":"7 minutos"},"schema":{"@context":"https:\/\/schema.org","@graph":[{"@type":"Article","@id":"https:\/\/interamerica.org\/es\/2026\/03\/presidente-de-la-iglesia-adventista-llama-a-una-mision-integrada-en-medio-de-un-mundo-en-desintegracion\/#article","isPartOf":{"@id":"https:\/\/interamerica.org\/es\/2026\/03\/presidente-de-la-iglesia-adventista-llama-a-una-mision-integrada-en-medio-de-un-mundo-en-desintegracion\/"},"author":{"name":"libna","@id":"https:\/\/interamerica.org\/es\/#\/schema\/person\/29998f2bc2d8bd0d38662909289b54f1"},"headline":"Presidente de la Iglesia Adventista llama a una misi\u00f3n integrada en medio de un mundo en desintegraci\u00f3n","datePublished":"2026-03-03T04:00:57+00:00","dateModified":"2026-03-03T13:06:12+00:00","mainEntityOfPage":{"@id":"https:\/\/interamerica.org\/es\/2026\/03\/presidente-de-la-iglesia-adventista-llama-a-una-mision-integrada-en-medio-de-un-mundo-en-desintegracion\/"},"wordCount":1445,"image":{"@id":"https:\/\/interamerica.org\/es\/2026\/03\/presidente-de-la-iglesia-adventista-llama-a-una-mision-integrada-en-medio-de-un-mundo-en-desintegracion\/#primaryimage"},"thumbnailUrl":"https:\/\/interamerica.org\/wp-content\/uploads\/2026\/03\/ertonkohler-mar2-ltm-summit-g2-0991.jpg","articleSection":["Desde la sede","RSS Espa\u00f1ol"],"inLanguage":"es"},{"@type":"WebPage","@id":"https:\/\/interamerica.org\/es\/2026\/03\/presidente-de-la-iglesia-adventista-llama-a-una-mision-integrada-en-medio-de-un-mundo-en-desintegracion\/","url":"https:\/\/interamerica.org\/es\/2026\/03\/presidente-de-la-iglesia-adventista-llama-a-una-mision-integrada-en-medio-de-un-mundo-en-desintegracion\/","name":"Presidente de la Iglesia Adventista llama a una misi\u00f3n integrada en medio de un mundo en desintegraci\u00f3n - Iglesia Adventista del S\u00e9ptimo D\u00eda - Divisi\u00f3n Interamericana","isPartOf":{"@id":"https:\/\/interamerica.org\/es\/#website"},"primaryImageOfPage":{"@id":"https:\/\/interamerica.org\/es\/2026\/03\/presidente-de-la-iglesia-adventista-llama-a-una-mision-integrada-en-medio-de-un-mundo-en-desintegracion\/#primaryimage"},"image":{"@id":"https:\/\/interamerica.org\/es\/2026\/03\/presidente-de-la-iglesia-adventista-llama-a-una-mision-integrada-en-medio-de-un-mundo-en-desintegracion\/#primaryimage"},"thumbnailUrl":"https:\/\/interamerica.org\/wp-content\/uploads\/2026\/03\/ertonkohler-mar2-ltm-summit-g2-0991.jpg","datePublished":"2026-03-03T04:00:57+00:00","dateModified":"2026-03-03T13:06:12+00:00","author":{"@id":"https:\/\/interamerica.org\/es\/#\/schema\/person\/29998f2bc2d8bd0d38662909289b54f1"},"breadcrumb":{"@id":"https:\/\/interamerica.org\/es\/2026\/03\/presidente-de-la-iglesia-adventista-llama-a-una-mision-integrada-en-medio-de-un-mundo-en-desintegracion\/#breadcrumb"},"inLanguage":"es","potentialAction":[{"@type":"ReadAction","target":["https:\/\/interamerica.org\/es\/2026\/03\/presidente-de-la-iglesia-adventista-llama-a-una-mision-integrada-en-medio-de-un-mundo-en-desintegracion\/"]}]},{"@type":"ImageObject","inLanguage":"es","@id":"https:\/\/interamerica.org\/es\/2026\/03\/presidente-de-la-iglesia-adventista-llama-a-una-mision-integrada-en-medio-de-un-mundo-en-desintegracion\/#primaryimage","url":"https:\/\/interamerica.org\/wp-content\/uploads\/2026\/03\/ertonkohler-mar2-ltm-summit-g2-0991.jpg","contentUrl":"https:\/\/interamerica.org\/wp-content\/uploads\/2026\/03\/ertonkohler-mar2-ltm-summit-g2-0991.jpg","width":1280,"height":800,"caption":"El pastor Erton C. K\u00f6hler imparte la devoci\u00f3n matutina sobre integraci\u00f3n durante la Cumbre de Liderazgo de la Divisi\u00f3n Interamericana el 2 de marzo de 2026, en Riviera Maya, M\u00e9xico. [Fotograf\u00eda: Daniel Gallardo\/DIA]"},{"@type":"BreadcrumbList","@id":"https:\/\/interamerica.org\/es\/2026\/03\/presidente-de-la-iglesia-adventista-llama-a-una-mision-integrada-en-medio-de-un-mundo-en-desintegracion\/#breadcrumb","itemListElement":[{"@type":"ListItem","position":1,"name":"Home","item":"https:\/\/interamerica.org\/es\/"},{"@type":"ListItem","position":2,"name":"Presidente de la Iglesia Adventista llama a una misi\u00f3n integrada en medio de un mundo en desintegraci\u00f3n"}]},{"@type":"WebSite","@id":"https:\/\/interamerica.org\/es\/#website","url":"https:\/\/interamerica.org\/es\/","name":"Iglesia Adventista del S\u00e9ptimo D\u00eda - Divisi\u00f3n Interamericana","description":"","potentialAction":[{"@type":"SearchAction","target":{"@type":"EntryPoint","urlTemplate":"https:\/\/interamerica.org\/es\/?s={search_term_string}"},"query-input":{"@type":"PropertyValueSpecification","valueRequired":true,"valueName":"search_term_string"}}],"inLanguage":"es"},{"@type":"Person","@id":"https:\/\/interamerica.org\/es\/#\/schema\/person\/29998f2bc2d8bd0d38662909289b54f1","name":"libna","image":{"@type":"ImageObject","inLanguage":"es","@id":"https:\/\/secure.gravatar.com\/avatar\/7c5bd30ae4b47a9ba3c856590957fd1d96dc588bf3ac05719d247e126840331f?s=96&d=mm&r=g","url":"https:\/\/secure.gravatar.com\/avatar\/7c5bd30ae4b47a9ba3c856590957fd1d96dc588bf3ac05719d247e126840331f?s=96&d=mm&r=g","contentUrl":"https:\/\/secure.gravatar.com\/avatar\/7c5bd30ae4b47a9ba3c856590957fd1d96dc588bf3ac05719d247e126840331f?s=96&d=mm&r=g","caption":"libna"}}]}},"_links":{"self":[{"href":"https:\/\/interamerica.org\/es\/wp-json\/wp\/v2\/posts\/139815","targetHints":{"allow":["GET"]}}],"collection":[{"href":"https:\/\/interamerica.org\/es\/wp-json\/wp\/v2\/posts"}],"about":[{"href":"https:\/\/interamerica.org\/es\/wp-json\/wp\/v2\/types\/post"}],"author":[{"embeddable":true,"href":"https:\/\/interamerica.org\/es\/wp-json\/wp\/v2\/users\/3"}],"replies":[{"embeddable":true,"href":"https:\/\/interamerica.org\/es\/wp-json\/wp\/v2\/comments?post=139815"}],"version-history":[{"count":1,"href":"https:\/\/interamerica.org\/es\/wp-json\/wp\/v2\/posts\/139815\/revisions"}],"predecessor-version":[{"id":139842,"href":"https:\/\/interamerica.org\/es\/wp-json\/wp\/v2\/posts\/139815\/revisions\/139842"}],"wp:featuredmedia":[{"embeddable":true,"href":"https:\/\/interamerica.org\/es\/wp-json\/wp\/v2\/media\/139816"}],"wp:attachment":[{"href":"https:\/\/interamerica.org\/es\/wp-json\/wp\/v2\/media?parent=139815"}],"wp:term":[{"taxonomy":"category","embeddable":true,"href":"https:\/\/interamerica.org\/es\/wp-json\/wp\/v2\/categories?post=139815"},{"taxonomy":"post_tag","embeddable":true,"href":"https:\/\/interamerica.org\/es\/wp-json\/wp\/v2\/tags?post=139815"}],"curies":[{"name":"wp","href":"https:\/\/api.w.org\/{rel}","templated":true}]}}