{"id":139887,"date":"2026-03-03T11:11:22","date_gmt":"2026-03-03T16:11:22","guid":{"rendered":"https:\/\/interamerica.org\/?p=139887"},"modified":"2026-03-03T14:49:16","modified_gmt":"2026-03-03T19:49:16","slug":"la-estructura-tiene-que-servir-a-la-mision-afirman-los-lideres-de-la-division-interamericana","status":"publish","type":"post","link":"https:\/\/interamerica.org\/es\/2026\/03\/la-estructura-tiene-que-servir-a-la-mision-afirman-los-lideres-de-la-division-interamericana\/","title":{"rendered":"La estructura tiene que servir a la misi\u00f3n, afirman los l\u00edderes de la Divisi\u00f3n Interamericana"},"content":{"rendered":"<p><div id=\"attachment_139874\" style=\"width: 1010px\" class=\"wp-caption aligncenter\"><img fetchpriority=\"high\" decoding=\"async\" aria-describedby=\"caption-attachment-139874\" class=\"size-full wp-image-139874\" src=\"https:\/\/interamerica.org\/wp-content\/uploads\/2026\/03\/abnerdelossantos-mar2-ltm-summit.jpg\" alt=\"\" width=\"1000\" height=\"667\" srcset=\"https:\/\/interamerica.org\/wp-content\/uploads\/2026\/03\/abnerdelossantos-mar2-ltm-summit.jpg 1000w, https:\/\/interamerica.org\/wp-content\/uploads\/2026\/03\/abnerdelossantos-mar2-ltm-summit-300x200.jpg 300w, https:\/\/interamerica.org\/wp-content\/uploads\/2026\/03\/abnerdelossantos-mar2-ltm-summit-768x512.jpg 768w\" sizes=\"(max-width: 1000px) 100vw, 1000px\" \/><p id=\"caption-attachment-139874\" class=\"wp-caption-text\">El pastor Abner De los Santos, presidente de la Divisi\u00f3n Interamericana, se dirige a cientos de administradores de iglesias durante la sesi\u00f3n de discusi\u00f3n grupal en la cumbre de liderazgo del 2 de marzo de 2026, en Riviera Maya, M\u00e9xico, enfatizando que la estructura tiene que servir a la misi\u00f3n. [Fotograf\u00eda: Daniel Gallardo\/DIA]<\/p><\/div><em> Las discusiones grupales destacan la claridad sobre la funci\u00f3n, el asesoramiento y un apoyo m\u00e1s fuerte a la iglesia local.<\/em><\/p>\n<p>2 de marzo de 2026 | Riviera Maya, Quintana Roo, M\u00e9xico | Libna Stevens, Noticias de la Divisi\u00f3n Interamericana<\/p>\n<p>Los principales administradores adventistas del s\u00e9ptimo d\u00eda de las uniones y campos locales de la Divisi\u00f3n Interamericana (IAD) se reunieron en peque\u00f1os grupos de discusi\u00f3n el 2 de marzo para examinar de qu\u00e9 manera la estructura de la iglesia puede servir mejor a su misi\u00f3n prof\u00e9tica.<\/p>\n<p>Por medio de 64 discusiones en grupos peque\u00f1os y resultados de encuestas en tiempo real, cerca de 600 administradores evaluaron las funciones b\u00edblicas y pr\u00e1cticas de la iglesia local, asociaciones\/misiones, uniones y divisiones.<\/p>\n<p><div id=\"attachment_139875\" style=\"width: 979px\" class=\"wp-caption aligncenter\"><img decoding=\"async\" aria-describedby=\"caption-attachment-139875\" class=\" wp-image-139875\" src=\"https:\/\/interamerica.org\/wp-content\/uploads\/2026\/03\/ltm-groupsessions-mar2-g2-1189.jpg\" alt=\"\" width=\"969\" height=\"646\" srcset=\"https:\/\/interamerica.org\/wp-content\/uploads\/2026\/03\/ltm-groupsessions-mar2-g2-1189.jpg 1000w, https:\/\/interamerica.org\/wp-content\/uploads\/2026\/03\/ltm-groupsessions-mar2-g2-1189-300x200.jpg 300w, https:\/\/interamerica.org\/wp-content\/uploads\/2026\/03\/ltm-groupsessions-mar2-g2-1189-768x512.jpg 768w\" sizes=\"(max-width: 969px) 100vw, 969px\" \/><p id=\"caption-attachment-139875\" class=\"wp-caption-text\">Leidy Mart\u00ednez, tesorera de la Asociaci\u00f3n Dominicana del Este, participa en su grupo de discusi\u00f3n el 2 de marzo de 2026. [Fotograf\u00eda: Daniel Gallardo\/DIA]<\/p><\/div>\u201cLa Iglesia Adventista del S\u00e9ptimo D\u00eda no fue organizada para crear capas de administraci\u00f3n\u201d, dijo el presidente de la Divisi\u00f3n Interamericana, el pastor Abner De los Santos. \u201cSe organiz\u00f3 para avanzar en una misi\u00f3n prof\u00e9tica\u201d.<\/p>\n<p>Desde sus primeros d\u00edas, explic\u00f3, la organizaci\u00f3n no consisti\u00f3 en el control, sino en preservar la unidad doctrinal, proteger la misi\u00f3n y permitir la proclamaci\u00f3n global de los mensajes de los tres \u00e1ngeles en Apocalipsis 14.<\/p>\n<p>\u201cNuestros pioneros inicialmente se resistieron a la organizaci\u00f3n formal\u201d, dijo. \u201cPero sin estructura, los ministros no pod\u00edan ser acreditados adecuadamente, las iglesias no pod\u00edan protegerse de ense\u00f1anzas falsas, los recursos no pod\u00edan ser gestionados con fidelidad y la misi\u00f3n no pod\u00eda expandirse de forma sostenible\u201d.<\/p>\n<p><div id=\"attachment_139863\" style=\"width: 975px\" class=\"wp-caption aligncenter\"><img decoding=\"async\" aria-describedby=\"caption-attachment-139863\" class=\" wp-image-139863\" src=\"https:\/\/interamerica.org\/wp-content\/uploads\/2026\/03\/abnerdelossantos-ltm-groupsessions2-g2-1212.jpg\" alt=\"\" width=\"965\" height=\"640\" srcset=\"https:\/\/interamerica.org\/wp-content\/uploads\/2026\/03\/abnerdelossantos-ltm-groupsessions2-g2-1212.jpg 1000w, https:\/\/interamerica.org\/wp-content\/uploads\/2026\/03\/abnerdelossantos-ltm-groupsessions2-g2-1212-300x199.jpg 300w, https:\/\/interamerica.org\/wp-content\/uploads\/2026\/03\/abnerdelossantos-ltm-groupsessions2-g2-1212-768x510.jpg 768w\" sizes=\"(max-width: 965px) 100vw, 965px\" \/><p id=\"caption-attachment-139863\" class=\"wp-caption-text\">El presidente de la Divisi\u00f3n Interamericana, el pastor Abner De los Santos, mantiene un di\u00e1logo durante una de las 64 mesas de discusi\u00f3n. [Fotograf\u00eda: Daniel Gallardo\/Divisi\u00f3n Interamericana]<\/p><\/div>De los Santos cit\u00f3 entonces 1 Corintios 14:40 \u2014\u201cHagan todo decentemente y con orden\u201d, enfatizando que el orden refleja el car\u00e1cter de Dios.<\/p>\n<p>\u201cEl orden no es burocracia\u201d, dijo. \u201cEs fidelidad a un Dios de claridad y prop\u00f3sito\u201d.<\/p>\n<p><strong>Funciones dise\u00f1adas para la misi\u00f3n<\/strong><\/p>\n<p>De los Santos explic\u00f3 que la estructura de la iglesia est\u00e1 dise\u00f1ada para que la iglesia local siga siendo el centro de formaci\u00f3n de disc\u00edpulos; la conferencia o misi\u00f3n fortalece y supervisa el ministerio de primera l\u00ednea; la uni\u00f3n brinda coordinaci\u00f3n regional y desarrollo de liderazgo; y la divisi\u00f3n conecta las regiones con el movimiento global mientras salvaguarda la unidad doctrinal bajo la Asociaci\u00f3n General.<\/p>\n<p><div id=\"attachment_139860\" style=\"width: 953px\" class=\"wp-caption aligncenter\"><img loading=\"lazy\" decoding=\"async\" aria-describedby=\"caption-attachment-139860\" class=\" wp-image-139860\" src=\"https:\/\/interamerica.org\/wp-content\/uploads\/2026\/03\/ltm-group-session-pannel-g2-1478.jpg\" alt=\"\" width=\"943\" height=\"629\" srcset=\"https:\/\/interamerica.org\/wp-content\/uploads\/2026\/03\/ltm-group-session-pannel-g2-1478.jpg 1000w, https:\/\/interamerica.org\/wp-content\/uploads\/2026\/03\/ltm-group-session-pannel-g2-1478-300x200.jpg 300w, https:\/\/interamerica.org\/wp-content\/uploads\/2026\/03\/ltm-group-session-pannel-g2-1478-768x512.jpg 768w\" sizes=\"(max-width: 943px) 100vw, 943px\" \/><p id=\"caption-attachment-139860\" class=\"wp-caption-text\">De izquierda a derecha: Daniel Z\u00fa\u00f1iga, director de informaci\u00f3n; Hiram Ruiz, asistente del presidente de la Divisi\u00f3n Interamericana; e Ivelisse Herrera, tesorera de la Divisi\u00f3n Interamericana, act\u00faan como moderadoras durante los debates grupales del 2 de marzo de 2026. [Fotograf\u00eda: Daniel Gallardo\/DIA]<\/p><\/div>\u201cCada nivel no existe para s\u00ed mismo\u201d, dijo, \u201csino para la misi\u00f3n\u201d.<\/p>\n<p>Advirti\u00f3 que cuando las funciones de borronean, la tensi\u00f3n aumenta.<\/p>\n<p>\u201cCuando la estructura se vuelve confusa, las asociaciones se sienten limitadas, las iglesias se sienten dirigidas por dem\u00e1s, las uniones se sienten atrapadas en el medio y las divisiones se sienten responsables de todo\u201d, afirm\u00f3. \u201cPero cuando los roles est\u00e1n claros, la autoridad se convierte en servicio, la supervisi\u00f3n en protecci\u00f3n, la unidad fortalece el testimonio y la misi\u00f3n se acelera\u201d.<\/p>\n<p><div id=\"attachment_139868\" style=\"width: 1010px\" class=\"wp-caption aligncenter\"><img loading=\"lazy\" decoding=\"async\" aria-describedby=\"caption-attachment-139868\" class=\"size-full wp-image-139868\" src=\"https:\/\/interamerica.org\/wp-content\/uploads\/2026\/03\/ltm-summit-group-prayer-g2-1341.jpg\" alt=\"\" width=\"1000\" height=\"667\" srcset=\"https:\/\/interamerica.org\/wp-content\/uploads\/2026\/03\/ltm-summit-group-prayer-g2-1341.jpg 1000w, https:\/\/interamerica.org\/wp-content\/uploads\/2026\/03\/ltm-summit-group-prayer-g2-1341-300x200.jpg 300w, https:\/\/interamerica.org\/wp-content\/uploads\/2026\/03\/ltm-summit-group-prayer-g2-1341-768x512.jpg 768w\" sizes=\"(max-width: 1000px) 100vw, 1000px\" \/><p id=\"caption-attachment-139868\" class=\"wp-caption-text\">Los administradores de la iglesia hacen una pausa para orar durante discusiones en grupos peque\u00f1os en el segundo d\u00eda de la cumbre de liderazgo. [Fotograf\u00eda: Daniel Gallardo\/DIA]<\/p><\/div><strong>Los hallazgos de los grupos<\/strong><\/p>\n<p>Durante el ejercicio, los l\u00edderes identificaron fricciones entre iglesias y asociaciones locales, y entre asociaciones y uniones. Las discusiones permitieron que los administradores se\u00f1alaran las tensiones con franqueza sin asignar culpas.<\/p>\n<p>Las respuestas mostraron que la planificaci\u00f3n estrat\u00e9gica y la direcci\u00f3n reglamentaria pertenecen principalmente al nivel de la divisi\u00f3n; se llama a las uniones a que asesoren y acompa\u00f1en a los campos; las asociaciones lideran la implementaci\u00f3n y supervisi\u00f3n pastoral; y la iglesia local ejecuta la misi\u00f3n por medio del discipulado.<\/p>\n<p>Los participantes tambi\u00e9n reconocieron duplicaciones en \u00e1reas como la planificaci\u00f3n estrat\u00e9gica, la coordinaci\u00f3n y supervisi\u00f3n del calendario. Muchos se\u00f1alaron un control excesivo a nivel de las uniones, mientras que la fragmentaci\u00f3n qued\u00f3 m\u00e1s evidente a nivel de la iglesia local.<\/p>\n<p>Al abordar las tensiones estructurales, los l\u00edderes se inclinaron por preservar la autoridad para la unidad doctrinal, al tiempo que favorecieron la contextualizaci\u00f3n y el empoderamiento en la pr\u00e1ctica misionera, se\u00f1alando un deseo de alineaci\u00f3n b\u00edblicamente fundamentada y centrada en la misi\u00f3n.<\/p>\n<p><div id=\"attachment_139862\" style=\"width: 1010px\" class=\"wp-caption aligncenter\"><img loading=\"lazy\" decoding=\"async\" aria-describedby=\"caption-attachment-139862\" class=\"size-full wp-image-139862\" src=\"https:\/\/interamerica.org\/wp-content\/uploads\/2026\/03\/abnerdelossantos-groups-3-g2-1203.jpg\" alt=\"\" width=\"1000\" height=\"667\" srcset=\"https:\/\/interamerica.org\/wp-content\/uploads\/2026\/03\/abnerdelossantos-groups-3-g2-1203.jpg 1000w, https:\/\/interamerica.org\/wp-content\/uploads\/2026\/03\/abnerdelossantos-groups-3-g2-1203-300x200.jpg 300w, https:\/\/interamerica.org\/wp-content\/uploads\/2026\/03\/abnerdelossantos-groups-3-g2-1203-768x512.jpg 768w\" sizes=\"(max-width: 1000px) 100vw, 1000px\" \/><p id=\"caption-attachment-139862\" class=\"wp-caption-text\">El pastor Abner De los Santos comparte un momento con otros l\u00edderes mientras entabla un di\u00e1logo durante una discusi\u00f3n en grupos peque\u00f1os centrada en aclarar los roles estructurales y la alineaci\u00f3n de la misi\u00f3n. [Fotograf\u00eda: Daniel Gallardo\/DIA]<\/p><\/div>Los temas recurrentes incluyeron la claridad en los roles, la simplificaci\u00f3n, la evaluaci\u00f3n y una mayor alineaci\u00f3n con la iglesia local.<\/p>\n<p><strong>Fortalecimiento de cada nivel de la iglesia<\/strong><\/p>\n<p>Al revisar las preguntas de discusi\u00f3n, Hiram Ruiz, asistente del presidente de la Divisi\u00f3n Interamericana, dijo que la cumbre estaba dise\u00f1ada para alinear una visi\u00f3n compartida del trabajo con todos los niveles organizativos.<\/p>\n<p>\u201cTanto el plan estrat\u00e9gico como la administraci\u00f3n de reglamentos y regulaciones corresponden a la Divisi\u00f3n Interamericana\u201d, afirm\u00f3 Ruiz. \u201cEsa claridad ayuda a establecer un plan unificado que fluye de la divisi\u00f3n a la iglesia local a la hora de su implementaci\u00f3n\u201d.<\/p>\n<p>Dijo que el an\u00e1lisis tambi\u00e9n aclar\u00f3 el papel que cumple la uni\u00f3n.<\/p>\n<p><div id=\"attachment_139870\" style=\"width: 980px\" class=\"wp-caption aligncenter\"><img loading=\"lazy\" decoding=\"async\" aria-describedby=\"caption-attachment-139870\" class=\" wp-image-139870\" src=\"https:\/\/interamerica.org\/wp-content\/uploads\/2026\/03\/hiram-ruiz-mar2-ltm-summit-g2-1542.jpg\" alt=\"\" width=\"970\" height=\"647\" srcset=\"https:\/\/interamerica.org\/wp-content\/uploads\/2026\/03\/hiram-ruiz-mar2-ltm-summit-g2-1542.jpg 1000w, https:\/\/interamerica.org\/wp-content\/uploads\/2026\/03\/hiram-ruiz-mar2-ltm-summit-g2-1542-300x200.jpg 300w, https:\/\/interamerica.org\/wp-content\/uploads\/2026\/03\/hiram-ruiz-mar2-ltm-summit-g2-1542-768x512.jpg 768w\" sizes=\"(max-width: 970px) 100vw, 970px\" \/><p id=\"caption-attachment-139870\" class=\"wp-caption-text\">Hiram Ruiz, asistente del presidente de la Divisi\u00f3n Interamericana, revisa temas clave surgidos de 64 discusiones grupales durante la cumbre de liderazgo. [Fotograf\u00eda: Daniel Gallardo\/DIA]<\/p><\/div>\u201cLa uni\u00f3n existe para facilitar la tarea ministerial\u201d, explic\u00f3 Ruiz. \u201cUn elemento esencial es el acompa\u00f1amiento\u201d: apoyar y guiar a los l\u00edderes de las asociaciones e iglesias para que las iniciativas se mantengan alineadas y orientadas a la misi\u00f3n.<\/p>\n<p>Los hallazgos reforzaron una convicci\u00f3n central, dijo Ruiz: \u201cCada nivel necesita fortalecer al que est\u00e1 m\u00e1s cercano a los miembros y las comunidades\u201d.<\/p>\n<p><strong>Un documento de trabajo compartido<\/strong><\/p>\n<p>El pastor De los Santos enfatiz\u00f3 que las discusiones est\u00e1n dando forma a un borrador de trabajo, no a un documento final.<\/p>\n<p>\u201cEste documento no es definitivo\u201d, dijo, a la vez que invit\u00f3 a recibir comentarios concisos y reflexivos para asegurar la propiedad compartida del documento.<\/p>\n<p>\u201cQueremos que sea nuestro documento\u201d, dijo, \u201cuno que aclare roles, fortalezca la colaboraci\u00f3n y facilite la misi\u00f3n en todos los niveles\u201d.<\/p>\n<p><div id=\"attachment_139865\" style=\"width: 937px\" class=\"wp-caption aligncenter\"><img loading=\"lazy\" decoding=\"async\" aria-describedby=\"caption-attachment-139865\" class=\" wp-image-139865\" src=\"https:\/\/interamerica.org\/wp-content\/uploads\/2026\/03\/david-maldonado-ltmsummit-groups-g2-1284.jpg\" alt=\"\" width=\"927\" height=\"618\" srcset=\"https:\/\/interamerica.org\/wp-content\/uploads\/2026\/03\/david-maldonado-ltmsummit-groups-g2-1284.jpg 1000w, https:\/\/interamerica.org\/wp-content\/uploads\/2026\/03\/david-maldonado-ltmsummit-groups-g2-1284-300x200.jpg 300w, https:\/\/interamerica.org\/wp-content\/uploads\/2026\/03\/david-maldonado-ltmsummit-groups-g2-1284-768x512.jpg 768w\" sizes=\"(max-width: 927px) 100vw, 927px\" \/><p id=\"caption-attachment-139865\" class=\"wp-caption-text\">El pastor David Maldonado, presidente de la Asociaci\u00f3n del Golfo en M\u00e9xico, reflexiona durante las discusiones grupales sobre c\u00f3mo fortalecer la claridad estructural y reducir las fricciones a nivel de iglesia local. [Fotograf\u00eda: Daniel Gallardo\/DIA]<\/p><\/div>El borrador ser\u00e1 revisado para perfeccionarlo a\u00fan m\u00e1s antes de presentarlo a la junta directiva.<\/p>\n<p>\u201cNuestro prop\u00f3sito es facilitar la misi\u00f3n\u201d, dijo De los Santos. \u201cAyud\u00e1ndonos unos a otros. Trabajando juntos. Integrados, arraigados en la Biblia y enfocados en la misi\u00f3n\u201d.<\/p>\n<p><strong>Reflexiones desde el campo<\/strong><\/p>\n<p>El pastor David Maldonado, presidente de la Asociaci\u00f3n del Golfo en M\u00e9xico, describi\u00f3 la din\u00e1mica del grupo como enriquecedora.<\/p>\n<p><div id=\"attachment_139866\" style=\"width: 937px\" class=\"wp-caption aligncenter\"><img loading=\"lazy\" decoding=\"async\" aria-describedby=\"caption-attachment-139866\" class=\" wp-image-139866\" src=\"https:\/\/interamerica.org\/wp-content\/uploads\/2026\/03\/glensamuels-ltm-summit-groups-g2-1315.jpg\" alt=\"\" width=\"927\" height=\"618\" srcset=\"https:\/\/interamerica.org\/wp-content\/uploads\/2026\/03\/glensamuels-ltm-summit-groups-g2-1315.jpg 1000w, https:\/\/interamerica.org\/wp-content\/uploads\/2026\/03\/glensamuels-ltm-summit-groups-g2-1315-300x200.jpg 300w, https:\/\/interamerica.org\/wp-content\/uploads\/2026\/03\/glensamuels-ltm-summit-groups-g2-1315-768x512.jpg 768w\" sizes=\"(max-width: 927px) 100vw, 927px\" \/><p id=\"caption-attachment-139866\" class=\"wp-caption-text\">El pastor Glen Samuels, presidente de la Uni\u00f3n Jamaiquina, participa de un di\u00e1logo durante una sesi\u00f3n centrada en alinear la autoridad y la autonom\u00eda dentro de la estructura de la iglesia. [Fotograf\u00eda: Daniel Gallardo\/DIA]<\/p><\/div>\u201cCompartir con l\u00edderes de diferentes pa\u00edses y funciones fortaleci\u00f3 el di\u00e1logo\u201d, dijo Maldonado. \u201cSin un an\u00e1lisis cuidadoso, los roles poco claros generan fricciones y cargas innecesarias para los pastores de distrito y las iglesias locales\u201d.<\/p>\n<p>Al revisar las respuestas recopiladas, se le confirm\u00f3 que \u201cen la multitud de consejeros hay sabidur\u00eda\u201d.<\/p>\n<p>\u201cNo es lo que yo creo que necesita la iglesia\u201d, expres\u00f3. \u201cEs lo que la iglesia reconoce en forma colectiva que necesita\u201d.<\/p>\n<p>El pastor Glen Samuels, presidente de la Uni\u00f3n Jamaiquina, calific\u00f3 el proceso de innovador e inclusivo.<\/p>\n<p><div id=\"attachment_139880\" style=\"width: 952px\" class=\"wp-caption aligncenter\"><img loading=\"lazy\" decoding=\"async\" aria-describedby=\"caption-attachment-139880\" class=\" wp-image-139880\" src=\"https:\/\/interamerica.org\/wp-content\/uploads\/2026\/03\/gilberto-delgadillo-ltm-summitmar2.jpg\" alt=\"\" width=\"942\" height=\"628\" srcset=\"https:\/\/interamerica.org\/wp-content\/uploads\/2026\/03\/gilberto-delgadillo-ltm-summitmar2.jpg 1000w, https:\/\/interamerica.org\/wp-content\/uploads\/2026\/03\/gilberto-delgadillo-ltm-summitmar2-300x200.jpg 300w, https:\/\/interamerica.org\/wp-content\/uploads\/2026\/03\/gilberto-delgadillo-ltm-summitmar2-768x512.jpg 768w\" sizes=\"(max-width: 942px) 100vw, 942px\" \/><p id=\"caption-attachment-139880\" class=\"wp-caption-text\">Gilberto Delgadillo, secretario ejecutivo de la Asociaci\u00f3n del Oeste de M\u00e9xico, habla en nombre de su grupo de discusi\u00f3n sobre c\u00f3mo los roles organizativos pueden apoyar mejor el ministerio de primera l\u00ednea. [Fotograf\u00eda: Daniel Gallardo\/DIA]<\/p><\/div>\u201cLe da voz a la iglesia local\u201d, dijo Samuels. \u201cCuando los l\u00edderes se sienten escuchados, la participaci\u00f3n se fortalece, incluso sin un acuerdo total\u201d.<\/p>\n<p>Subray\u00f3 la importancia de documentar la claridad de roles para los futuros l\u00edderes. \u201cLos l\u00edderes van y vienen\u201d, expres\u00f3. \u201cLa claridad tiene que permanecer\u201d.<\/p>\n<p>Gilberto Delgadillo, secretario ejecutivo de la Asociaci\u00f3n del Oeste de M\u00e9xico, dio la bienvenida a los esfuerzos por optimizar las expectativas.<\/p>\n<p>\u201cLas iglesias locales a menudo se sienten saturadas\u201d, dijo. \u201cA veces la cuesti\u00f3n no es qu\u00e9 haremos, sino qu\u00e9 no lograremos hacer\u201d.<\/p>\n<p><div id=\"attachment_139869\" style=\"width: 955px\" class=\"wp-caption aligncenter\"><img loading=\"lazy\" decoding=\"async\" aria-describedby=\"caption-attachment-139869\" class=\" wp-image-139869\" src=\"https:\/\/interamerica.org\/wp-content\/uploads\/2026\/03\/kaywhite-ltmsummit-mar2-g2-1373.jpg\" alt=\"\" width=\"945\" height=\"630\" srcset=\"https:\/\/interamerica.org\/wp-content\/uploads\/2026\/03\/kaywhite-ltmsummit-mar2-g2-1373.jpg 1000w, https:\/\/interamerica.org\/wp-content\/uploads\/2026\/03\/kaywhite-ltmsummit-mar2-g2-1373-300x200.jpg 300w, https:\/\/interamerica.org\/wp-content\/uploads\/2026\/03\/kaywhite-ltmsummit-mar2-g2-1373-768x512.jpg 768w\" sizes=\"(max-width: 945px) 100vw, 945px\" \/><p id=\"caption-attachment-139869\" class=\"wp-caption-text\">Kay White, secretaria ejecutiva de la Asociaci\u00f3n de Sotavento Sur, sigue la discusi\u00f3n mientras los l\u00edderes consideran la flexibilidad y la sensibilidad contextual en la planificaci\u00f3n de la misi\u00f3n. [Fotograf\u00eda: Daniel Gallardo\/DIA]<\/p><\/div>A\u00f1adi\u00f3 que cuando las iglesias locales ayudan a dar forma a los planes, se implican m\u00e1s plenamente en la ejecuci\u00f3n.<\/p>\n<p>Kay White, secretaria ejecutiva de la Asociaci\u00f3n de Sotavento Sur, dijo que las discusiones reflejaban realidades reales de la iglesia.<\/p>\n<p>\u201cLos resultados confirmaron lo que muchos de nosotros ya est\u00e1bamos percibiendo\u201d, dijo White.<\/p>\n<p>Se\u00f1al\u00f3 que la discusi\u00f3n sobre los calendarios anuales subray\u00f3 la necesidad de flexibilidad y sensibilidad cultural.<\/p>\n<p><div id=\"attachment_139861\" style=\"width: 955px\" class=\"wp-caption aligncenter\"><img loading=\"lazy\" decoding=\"async\" aria-describedby=\"caption-attachment-139861\" class=\" wp-image-139861\" src=\"https:\/\/interamerica.org\/wp-content\/uploads\/2026\/03\/ltm-prayer-pan-groups-g2-1330.jpg\" alt=\"\" width=\"945\" height=\"630\" srcset=\"https:\/\/interamerica.org\/wp-content\/uploads\/2026\/03\/ltm-prayer-pan-groups-g2-1330.jpg 1000w, https:\/\/interamerica.org\/wp-content\/uploads\/2026\/03\/ltm-prayer-pan-groups-g2-1330-300x200.jpg 300w, https:\/\/interamerica.org\/wp-content\/uploads\/2026\/03\/ltm-prayer-pan-groups-g2-1330-768x512.jpg 768w\" sizes=\"(max-width: 945px) 100vw, 945px\" \/><p id=\"caption-attachment-139861\" class=\"wp-caption-text\">L\u00edderes de varios pa\u00edses de la Divisi\u00f3n Interamericana participan de momentos de oraci\u00f3n durante el segmento de discusiones grupales del 2 de marzo de 2026. [Fotograf\u00eda: Daniel Gallardo\/DIA]<\/p><\/div>\u201cAhora tengo una comprensi\u00f3n m\u00e1s clara de mi papel como administrador\u201d, dijo White, \u201cy estoy comprometido a hacer los ajustes necesarios para avanzar mejor en la misi\u00f3n de mi asociaci\u00f3n\u201d.<\/p>\n<p>Las reflexiones de White reflejaron el prop\u00f3sito m\u00e1s amplio de la cumbre.<\/p>\n<p>\u201cNo estamos aqu\u00ed para defender territorio\u201d, dijo De los Santos. \u201cEstamos aqu\u00ed para preguntar: \u00bfQu\u00e9 estructura sirve mejor a la misi\u00f3n prof\u00e9tica que Dios ha confiado a esta iglesia?\u201d<\/p>\n<p>\u201cLa organizaci\u00f3n no es el objetivo\u201d, concluy\u00f3. \u201cLa misi\u00f3n es el objetivo\u201d.<\/p>\n<p>Traducci\u00f3n de Marcos Paseggi<\/p>\n","protected":false},"excerpt":{"rendered":"<p>Las discusiones grupales destacan la claridad sobre la funci\u00f3n, el asesoramiento y un apoyo m\u00e1s fuerte a la iglesia local. 2 de marzo de 2026 | Riviera Maya, Quintana Roo,&#8230;<\/p>\n","protected":false},"author":3,"featured_media":139889,"comment_status":"closed","ping_status":"closed","sticky":false,"template":"","format":"standard","meta":{"_acf_changed":false,"footnotes":""},"categories":[14,15],"tags":[],"class_list":["post-139887","post","type-post","status-publish","format-standard","has-post-thumbnail","hentry","category-de-la-iglesia-mundial","category-rss-espanol"],"acf":[],"yoast_head":"<!-- This site is optimized with the Yoast SEO plugin v27.3 - https:\/\/yoast.com\/product\/yoast-seo-wordpress\/ -->\n<title>La estructura tiene que servir a la misi\u00f3n, afirman los l\u00edderes de la Divisi\u00f3n Interamericana - Iglesia Adventista del S\u00e9ptimo D\u00eda - Divisi\u00f3n Interamericana<\/title>\n<meta name=\"robots\" content=\"index, follow, max-snippet:-1, max-image-preview:large, max-video-preview:-1\" \/>\n<link rel=\"canonical\" href=\"https:\/\/interamerica.org\/es\/2026\/03\/la-estructura-tiene-que-servir-a-la-mision-afirman-los-lideres-de-la-division-interamericana\/\" \/>\n<meta property=\"og:locale\" content=\"es_ES\" \/>\n<meta property=\"og:type\" content=\"article\" \/>\n<meta property=\"og:title\" content=\"La estructura tiene que servir a la misi\u00f3n, afirman los l\u00edderes de la Divisi\u00f3n Interamericana - Iglesia Adventista del S\u00e9ptimo D\u00eda - Divisi\u00f3n Interamericana\" \/>\n<meta property=\"og:description\" content=\"Las discusiones grupales destacan la claridad sobre la funci\u00f3n, el asesoramiento y un apoyo m\u00e1s fuerte a la iglesia local. 2 de marzo de 2026 | Riviera Maya, Quintana Roo,...\" \/>\n<meta property=\"og:url\" content=\"https:\/\/interamerica.org\/es\/2026\/03\/la-estructura-tiene-que-servir-a-la-mision-afirman-los-lideres-de-la-division-interamericana\/\" \/>\n<meta property=\"og:site_name\" content=\"Iglesia Adventista del S\u00e9ptimo D\u00eda - Divisi\u00f3n Interamericana\" \/>\n<meta property=\"article:published_time\" content=\"2026-03-03T16:11:22+00:00\" \/>\n<meta property=\"article:modified_time\" content=\"2026-03-03T19:49:16+00:00\" \/>\n<meta property=\"og:image\" content=\"https:\/\/interamerica.org\/wp-content\/uploads\/2026\/03\/abnerdelossantos-mar2-ltm-summit.jpg\" \/>\n\t<meta property=\"og:image:width\" content=\"1000\" \/>\n\t<meta property=\"og:image:height\" content=\"667\" \/>\n\t<meta property=\"og:image:type\" content=\"image\/jpeg\" \/>\n<meta name=\"author\" content=\"libna\" \/>\n<meta name=\"twitter:card\" content=\"summary_large_image\" \/>\n<meta name=\"twitter:label1\" content=\"Escrito por\" \/>\n\t<meta name=\"twitter:data1\" content=\"libna\" \/>\n\t<meta name=\"twitter:label2\" content=\"Tiempo de lectura\" \/>\n\t<meta name=\"twitter:data2\" content=\"11 minutos\" \/>\n<script type=\"application\/ld+json\" class=\"yoast-schema-graph\">{\"@context\":\"https:\\\/\\\/schema.org\",\"@graph\":[{\"@type\":\"Article\",\"@id\":\"https:\\\/\\\/interamerica.org\\\/es\\\/2026\\\/03\\\/la-estructura-tiene-que-servir-a-la-mision-afirman-los-lideres-de-la-division-interamericana\\\/#article\",\"isPartOf\":{\"@id\":\"https:\\\/\\\/interamerica.org\\\/es\\\/2026\\\/03\\\/la-estructura-tiene-que-servir-a-la-mision-afirman-los-lideres-de-la-division-interamericana\\\/\"},\"author\":{\"name\":\"libna\",\"@id\":\"https:\\\/\\\/interamerica.org\\\/es\\\/#\\\/schema\\\/person\\\/29998f2bc2d8bd0d38662909289b54f1\"},\"headline\":\"La estructura tiene que servir a la misi\u00f3n, afirman los l\u00edderes de la Divisi\u00f3n Interamericana\",\"datePublished\":\"2026-03-03T16:11:22+00:00\",\"dateModified\":\"2026-03-03T19:49:16+00:00\",\"mainEntityOfPage\":{\"@id\":\"https:\\\/\\\/interamerica.org\\\/es\\\/2026\\\/03\\\/la-estructura-tiene-que-servir-a-la-mision-afirman-los-lideres-de-la-division-interamericana\\\/\"},\"wordCount\":1934,\"image\":{\"@id\":\"https:\\\/\\\/interamerica.org\\\/es\\\/2026\\\/03\\\/la-estructura-tiene-que-servir-a-la-mision-afirman-los-lideres-de-la-division-interamericana\\\/#primaryimage\"},\"thumbnailUrl\":\"https:\\\/\\\/interamerica.org\\\/wp-content\\\/uploads\\\/2026\\\/03\\\/abnerdelossantos-mar2-ltm-summit.jpg\",\"articleSection\":[\"Desde la iglesia mundial\",\"RSS Espa\u00f1ol\"],\"inLanguage\":\"es\"},{\"@type\":\"WebPage\",\"@id\":\"https:\\\/\\\/interamerica.org\\\/es\\\/2026\\\/03\\\/la-estructura-tiene-que-servir-a-la-mision-afirman-los-lideres-de-la-division-interamericana\\\/\",\"url\":\"https:\\\/\\\/interamerica.org\\\/es\\\/2026\\\/03\\\/la-estructura-tiene-que-servir-a-la-mision-afirman-los-lideres-de-la-division-interamericana\\\/\",\"name\":\"La estructura tiene que servir a la misi\u00f3n, afirman los l\u00edderes de la Divisi\u00f3n Interamericana - Iglesia Adventista del S\u00e9ptimo D\u00eda - Divisi\u00f3n Interamericana\",\"isPartOf\":{\"@id\":\"https:\\\/\\\/interamerica.org\\\/es\\\/#website\"},\"primaryImageOfPage\":{\"@id\":\"https:\\\/\\\/interamerica.org\\\/es\\\/2026\\\/03\\\/la-estructura-tiene-que-servir-a-la-mision-afirman-los-lideres-de-la-division-interamericana\\\/#primaryimage\"},\"image\":{\"@id\":\"https:\\\/\\\/interamerica.org\\\/es\\\/2026\\\/03\\\/la-estructura-tiene-que-servir-a-la-mision-afirman-los-lideres-de-la-division-interamericana\\\/#primaryimage\"},\"thumbnailUrl\":\"https:\\\/\\\/interamerica.org\\\/wp-content\\\/uploads\\\/2026\\\/03\\\/abnerdelossantos-mar2-ltm-summit.jpg\",\"datePublished\":\"2026-03-03T16:11:22+00:00\",\"dateModified\":\"2026-03-03T19:49:16+00:00\",\"author\":{\"@id\":\"https:\\\/\\\/interamerica.org\\\/es\\\/#\\\/schema\\\/person\\\/29998f2bc2d8bd0d38662909289b54f1\"},\"breadcrumb\":{\"@id\":\"https:\\\/\\\/interamerica.org\\\/es\\\/2026\\\/03\\\/la-estructura-tiene-que-servir-a-la-mision-afirman-los-lideres-de-la-division-interamericana\\\/#breadcrumb\"},\"inLanguage\":\"es\",\"potentialAction\":[{\"@type\":\"ReadAction\",\"target\":[\"https:\\\/\\\/interamerica.org\\\/es\\\/2026\\\/03\\\/la-estructura-tiene-que-servir-a-la-mision-afirman-los-lideres-de-la-division-interamericana\\\/\"]}]},{\"@type\":\"ImageObject\",\"inLanguage\":\"es\",\"@id\":\"https:\\\/\\\/interamerica.org\\\/es\\\/2026\\\/03\\\/la-estructura-tiene-que-servir-a-la-mision-afirman-los-lideres-de-la-division-interamericana\\\/#primaryimage\",\"url\":\"https:\\\/\\\/interamerica.org\\\/wp-content\\\/uploads\\\/2026\\\/03\\\/abnerdelossantos-mar2-ltm-summit.jpg\",\"contentUrl\":\"https:\\\/\\\/interamerica.org\\\/wp-content\\\/uploads\\\/2026\\\/03\\\/abnerdelossantos-mar2-ltm-summit.jpg\",\"width\":1000,\"height\":667,\"caption\":\"El pastor Abner De los Santos, presidente de la Divisi\u00f3n Interamericana, se dirige a casi seiscientos administradores de la iglesia, durante la sesi\u00f3n de grupos de discusi\u00f3n de la Cumbre de Liderazgo del 2 de marzo de 2026, en Riviera Maya, M\u00e9xico, enfatizando que la estructura tiene que servir a la misi\u00f3n. [Fotograf\u00eda: Daniel Gallardo\\\/DIA]\"},{\"@type\":\"BreadcrumbList\",\"@id\":\"https:\\\/\\\/interamerica.org\\\/es\\\/2026\\\/03\\\/la-estructura-tiene-que-servir-a-la-mision-afirman-los-lideres-de-la-division-interamericana\\\/#breadcrumb\",\"itemListElement\":[{\"@type\":\"ListItem\",\"position\":1,\"name\":\"Home\",\"item\":\"https:\\\/\\\/interamerica.org\\\/es\\\/\"},{\"@type\":\"ListItem\",\"position\":2,\"name\":\"La estructura tiene que servir a la misi\u00f3n, afirman los l\u00edderes de la Divisi\u00f3n Interamericana\"}]},{\"@type\":\"WebSite\",\"@id\":\"https:\\\/\\\/interamerica.org\\\/es\\\/#website\",\"url\":\"https:\\\/\\\/interamerica.org\\\/es\\\/\",\"name\":\"Iglesia Adventista del S\u00e9ptimo D\u00eda - Divisi\u00f3n Interamericana\",\"description\":\"\",\"potentialAction\":[{\"@type\":\"SearchAction\",\"target\":{\"@type\":\"EntryPoint\",\"urlTemplate\":\"https:\\\/\\\/interamerica.org\\\/es\\\/?s={search_term_string}\"},\"query-input\":{\"@type\":\"PropertyValueSpecification\",\"valueRequired\":true,\"valueName\":\"search_term_string\"}}],\"inLanguage\":\"es\"},{\"@type\":\"Person\",\"@id\":\"https:\\\/\\\/interamerica.org\\\/es\\\/#\\\/schema\\\/person\\\/29998f2bc2d8bd0d38662909289b54f1\",\"name\":\"libna\",\"image\":{\"@type\":\"ImageObject\",\"inLanguage\":\"es\",\"@id\":\"https:\\\/\\\/secure.gravatar.com\\\/avatar\\\/7c5bd30ae4b47a9ba3c856590957fd1d96dc588bf3ac05719d247e126840331f?s=96&d=mm&r=g\",\"url\":\"https:\\\/\\\/secure.gravatar.com\\\/avatar\\\/7c5bd30ae4b47a9ba3c856590957fd1d96dc588bf3ac05719d247e126840331f?s=96&d=mm&r=g\",\"contentUrl\":\"https:\\\/\\\/secure.gravatar.com\\\/avatar\\\/7c5bd30ae4b47a9ba3c856590957fd1d96dc588bf3ac05719d247e126840331f?s=96&d=mm&r=g\",\"caption\":\"libna\"}}]}<\/script>\n<!-- \/ Yoast SEO plugin. -->","yoast_head_json":{"title":"La estructura tiene que servir a la misi\u00f3n, afirman los l\u00edderes de la Divisi\u00f3n Interamericana - Iglesia Adventista del S\u00e9ptimo D\u00eda - Divisi\u00f3n Interamericana","robots":{"index":"index","follow":"follow","max-snippet":"max-snippet:-1","max-image-preview":"max-image-preview:large","max-video-preview":"max-video-preview:-1"},"canonical":"https:\/\/interamerica.org\/es\/2026\/03\/la-estructura-tiene-que-servir-a-la-mision-afirman-los-lideres-de-la-division-interamericana\/","og_locale":"es_ES","og_type":"article","og_title":"La estructura tiene que servir a la misi\u00f3n, afirman los l\u00edderes de la Divisi\u00f3n Interamericana - Iglesia Adventista del S\u00e9ptimo D\u00eda - Divisi\u00f3n Interamericana","og_description":"Las discusiones grupales destacan la claridad sobre la funci\u00f3n, el asesoramiento y un apoyo m\u00e1s fuerte a la iglesia local. 2 de marzo de 2026 | Riviera Maya, Quintana Roo,...","og_url":"https:\/\/interamerica.org\/es\/2026\/03\/la-estructura-tiene-que-servir-a-la-mision-afirman-los-lideres-de-la-division-interamericana\/","og_site_name":"Iglesia Adventista del S\u00e9ptimo D\u00eda - Divisi\u00f3n Interamericana","article_published_time":"2026-03-03T16:11:22+00:00","article_modified_time":"2026-03-03T19:49:16+00:00","og_image":[{"width":1000,"height":667,"url":"https:\/\/interamerica.org\/wp-content\/uploads\/2026\/03\/abnerdelossantos-mar2-ltm-summit.jpg","type":"image\/jpeg"}],"author":"libna","twitter_card":"summary_large_image","twitter_misc":{"Escrito por":"libna","Tiempo de lectura":"11 minutos"},"schema":{"@context":"https:\/\/schema.org","@graph":[{"@type":"Article","@id":"https:\/\/interamerica.org\/es\/2026\/03\/la-estructura-tiene-que-servir-a-la-mision-afirman-los-lideres-de-la-division-interamericana\/#article","isPartOf":{"@id":"https:\/\/interamerica.org\/es\/2026\/03\/la-estructura-tiene-que-servir-a-la-mision-afirman-los-lideres-de-la-division-interamericana\/"},"author":{"name":"libna","@id":"https:\/\/interamerica.org\/es\/#\/schema\/person\/29998f2bc2d8bd0d38662909289b54f1"},"headline":"La estructura tiene que servir a la misi\u00f3n, afirman los l\u00edderes de la Divisi\u00f3n Interamericana","datePublished":"2026-03-03T16:11:22+00:00","dateModified":"2026-03-03T19:49:16+00:00","mainEntityOfPage":{"@id":"https:\/\/interamerica.org\/es\/2026\/03\/la-estructura-tiene-que-servir-a-la-mision-afirman-los-lideres-de-la-division-interamericana\/"},"wordCount":1934,"image":{"@id":"https:\/\/interamerica.org\/es\/2026\/03\/la-estructura-tiene-que-servir-a-la-mision-afirman-los-lideres-de-la-division-interamericana\/#primaryimage"},"thumbnailUrl":"https:\/\/interamerica.org\/wp-content\/uploads\/2026\/03\/abnerdelossantos-mar2-ltm-summit.jpg","articleSection":["Desde la iglesia mundial","RSS Espa\u00f1ol"],"inLanguage":"es"},{"@type":"WebPage","@id":"https:\/\/interamerica.org\/es\/2026\/03\/la-estructura-tiene-que-servir-a-la-mision-afirman-los-lideres-de-la-division-interamericana\/","url":"https:\/\/interamerica.org\/es\/2026\/03\/la-estructura-tiene-que-servir-a-la-mision-afirman-los-lideres-de-la-division-interamericana\/","name":"La estructura tiene que servir a la misi\u00f3n, afirman los l\u00edderes de la Divisi\u00f3n Interamericana - Iglesia Adventista del S\u00e9ptimo D\u00eda - Divisi\u00f3n Interamericana","isPartOf":{"@id":"https:\/\/interamerica.org\/es\/#website"},"primaryImageOfPage":{"@id":"https:\/\/interamerica.org\/es\/2026\/03\/la-estructura-tiene-que-servir-a-la-mision-afirman-los-lideres-de-la-division-interamericana\/#primaryimage"},"image":{"@id":"https:\/\/interamerica.org\/es\/2026\/03\/la-estructura-tiene-que-servir-a-la-mision-afirman-los-lideres-de-la-division-interamericana\/#primaryimage"},"thumbnailUrl":"https:\/\/interamerica.org\/wp-content\/uploads\/2026\/03\/abnerdelossantos-mar2-ltm-summit.jpg","datePublished":"2026-03-03T16:11:22+00:00","dateModified":"2026-03-03T19:49:16+00:00","author":{"@id":"https:\/\/interamerica.org\/es\/#\/schema\/person\/29998f2bc2d8bd0d38662909289b54f1"},"breadcrumb":{"@id":"https:\/\/interamerica.org\/es\/2026\/03\/la-estructura-tiene-que-servir-a-la-mision-afirman-los-lideres-de-la-division-interamericana\/#breadcrumb"},"inLanguage":"es","potentialAction":[{"@type":"ReadAction","target":["https:\/\/interamerica.org\/es\/2026\/03\/la-estructura-tiene-que-servir-a-la-mision-afirman-los-lideres-de-la-division-interamericana\/"]}]},{"@type":"ImageObject","inLanguage":"es","@id":"https:\/\/interamerica.org\/es\/2026\/03\/la-estructura-tiene-que-servir-a-la-mision-afirman-los-lideres-de-la-division-interamericana\/#primaryimage","url":"https:\/\/interamerica.org\/wp-content\/uploads\/2026\/03\/abnerdelossantos-mar2-ltm-summit.jpg","contentUrl":"https:\/\/interamerica.org\/wp-content\/uploads\/2026\/03\/abnerdelossantos-mar2-ltm-summit.jpg","width":1000,"height":667,"caption":"El pastor Abner De los Santos, presidente de la Divisi\u00f3n Interamericana, se dirige a casi seiscientos administradores de la iglesia, durante la sesi\u00f3n de grupos de discusi\u00f3n de la Cumbre de Liderazgo del 2 de marzo de 2026, en Riviera Maya, M\u00e9xico, enfatizando que la estructura tiene que servir a la misi\u00f3n. [Fotograf\u00eda: Daniel Gallardo\/DIA]"},{"@type":"BreadcrumbList","@id":"https:\/\/interamerica.org\/es\/2026\/03\/la-estructura-tiene-que-servir-a-la-mision-afirman-los-lideres-de-la-division-interamericana\/#breadcrumb","itemListElement":[{"@type":"ListItem","position":1,"name":"Home","item":"https:\/\/interamerica.org\/es\/"},{"@type":"ListItem","position":2,"name":"La estructura tiene que servir a la misi\u00f3n, afirman los l\u00edderes de la Divisi\u00f3n Interamericana"}]},{"@type":"WebSite","@id":"https:\/\/interamerica.org\/es\/#website","url":"https:\/\/interamerica.org\/es\/","name":"Iglesia Adventista del S\u00e9ptimo D\u00eda - Divisi\u00f3n Interamericana","description":"","potentialAction":[{"@type":"SearchAction","target":{"@type":"EntryPoint","urlTemplate":"https:\/\/interamerica.org\/es\/?s={search_term_string}"},"query-input":{"@type":"PropertyValueSpecification","valueRequired":true,"valueName":"search_term_string"}}],"inLanguage":"es"},{"@type":"Person","@id":"https:\/\/interamerica.org\/es\/#\/schema\/person\/29998f2bc2d8bd0d38662909289b54f1","name":"libna","image":{"@type":"ImageObject","inLanguage":"es","@id":"https:\/\/secure.gravatar.com\/avatar\/7c5bd30ae4b47a9ba3c856590957fd1d96dc588bf3ac05719d247e126840331f?s=96&d=mm&r=g","url":"https:\/\/secure.gravatar.com\/avatar\/7c5bd30ae4b47a9ba3c856590957fd1d96dc588bf3ac05719d247e126840331f?s=96&d=mm&r=g","contentUrl":"https:\/\/secure.gravatar.com\/avatar\/7c5bd30ae4b47a9ba3c856590957fd1d96dc588bf3ac05719d247e126840331f?s=96&d=mm&r=g","caption":"libna"}}]}},"_links":{"self":[{"href":"https:\/\/interamerica.org\/es\/wp-json\/wp\/v2\/posts\/139887","targetHints":{"allow":["GET"]}}],"collection":[{"href":"https:\/\/interamerica.org\/es\/wp-json\/wp\/v2\/posts"}],"about":[{"href":"https:\/\/interamerica.org\/es\/wp-json\/wp\/v2\/types\/post"}],"author":[{"embeddable":true,"href":"https:\/\/interamerica.org\/es\/wp-json\/wp\/v2\/users\/3"}],"replies":[{"embeddable":true,"href":"https:\/\/interamerica.org\/es\/wp-json\/wp\/v2\/comments?post=139887"}],"version-history":[{"count":1,"href":"https:\/\/interamerica.org\/es\/wp-json\/wp\/v2\/posts\/139887\/revisions"}],"predecessor-version":[{"id":139901,"href":"https:\/\/interamerica.org\/es\/wp-json\/wp\/v2\/posts\/139887\/revisions\/139901"}],"wp:featuredmedia":[{"embeddable":true,"href":"https:\/\/interamerica.org\/es\/wp-json\/wp\/v2\/media\/139889"}],"wp:attachment":[{"href":"https:\/\/interamerica.org\/es\/wp-json\/wp\/v2\/media?parent=139887"}],"wp:term":[{"taxonomy":"category","embeddable":true,"href":"https:\/\/interamerica.org\/es\/wp-json\/wp\/v2\/categories?post=139887"},{"taxonomy":"post_tag","embeddable":true,"href":"https:\/\/interamerica.org\/es\/wp-json\/wp\/v2\/tags?post=139887"}],"curies":[{"name":"wp","href":"https:\/\/api.w.org\/{rel}","templated":true}]}}