{"id":139932,"date":"2026-03-03T23:05:46","date_gmt":"2026-03-04T04:05:46","guid":{"rendered":"https:\/\/interamerica.org\/?p=139932"},"modified":"2026-03-04T06:54:57","modified_gmt":"2026-03-04T11:54:57","slug":"lideres-adventistas-de-la-division-interamericana-son-instados-a-edificar-sobre-la-roca","status":"publish","type":"post","link":"https:\/\/interamerica.org\/es\/2026\/03\/lideres-adventistas-de-la-division-interamericana-son-instados-a-edificar-sobre-la-roca\/","title":{"rendered":"L\u00edderes adventistas de la Divisi\u00f3n Interamericana son instados a edificar sobre \u2018La Roca\u2019"},"content":{"rendered":"<p><em>Balvin Braham llama a los administradores a que fundamenten la estrategia y la misi\u00f3n en las Escrituras durante su mensaje devocional en la cumbre de l\u00edderes.<\/em><\/p>\n<p>3 de marzo de 2026 | Riviera Maya, Quintana Roo, M\u00e9xico | Libna Stevens, Noticias de la Divisi\u00f3n Interamericana<\/p>\n<p>\u201cEsto no es simplemente un concilio administrativo. Es un concilio de pacto\u201d.<\/p>\n<p>Con esas palabras, Balvin Braham, vicepresidente de la Divisi\u00f3n Interamericana (IAD), marc\u00f3 el tono espiritual del tercer d\u00eda de la cumbre de liderazgo durante su mensaje devocional a casi seiscientos administradores de las uniones, asociaciones y campos locales reunidos en Riviera Maya, M\u00e9xico.<\/p>\n<p><div id=\"attachment_139917\" style=\"width: 935px\" class=\"wp-caption aligncenter\"><img fetchpriority=\"high\" decoding=\"async\" aria-describedby=\"caption-attachment-139917\" class=\" wp-image-139917\" src=\"https:\/\/interamerica.org\/wp-content\/uploads\/2026\/03\/balvin-braham-ltm-summit-mar3-with-bible-g2-1729.jpg\" alt=\"\" width=\"925\" height=\"617\" srcset=\"https:\/\/interamerica.org\/wp-content\/uploads\/2026\/03\/balvin-braham-ltm-summit-mar3-with-bible-g2-1729.jpg 1000w, https:\/\/interamerica.org\/wp-content\/uploads\/2026\/03\/balvin-braham-ltm-summit-mar3-with-bible-g2-1729-300x200.jpg 300w, https:\/\/interamerica.org\/wp-content\/uploads\/2026\/03\/balvin-braham-ltm-summit-mar3-with-bible-g2-1729-768x512.jpg 768w\" sizes=\"(max-width: 925px) 100vw, 925px\" \/><p id=\"caption-attachment-139917\" class=\"wp-caption-text\">Los l\u00edderes de las uniones y de asociaciones siguen el mensaje devocional mientras el pastor Balvin Braham llama a la iglesia a que se mantenga firme en las Escrituras y la misi\u00f3n.<br data-start=\"462\" data-end=\"465\" \/>[Fotograf\u00eda: Daniel Gallardo\/DIA]<\/p><\/div>\u201cPodemos dominar la teolog\u00eda. Podemos redactar reglamentos y gestionar comisiones\u201d, dijo. \u201cAun as\u00ed, seguimos construyendo sobre la arena si falta la obediencia\u201d.<\/p>\n<p>Braham advirti\u00f3 que el peligro al que se enfrenta el liderazgo hoy es sutil.<\/p>\n<p>\u201cLa tragedia de los \u00faltimos d\u00edas no ser\u00e1 la falta de revelaci\u00f3n\u201d, dijo. \u201cSer\u00e1 un excedente de revelaciones que no hayan sido puestas en pr\u00e1ctica\u201d.<\/p>\n<p><strong>Vendr\u00e1n tormentas<\/strong><\/p>\n<p>En el relato b\u00edblico, las tormentas ponen a prueba ambas casas, se\u00f1al\u00f3. Braham record\u00f3 a los administradores que la cuesti\u00f3n no es si llegar\u00e1n tormentas, sino qu\u00e9 es lo que quedar\u00e1 firme cuando estas lleguen.<\/p>\n<p>\u201cEl hurac\u00e1n escatol\u00f3gico pondr\u00e1 a prueba no el tama\u00f1o de nuestras instituciones, sino la profundidad de nuestra base b\u00edblica\u201d, dijo. \u201cLos programas no sobreviven a las tormentas. Los cimientos s\u00ed\u201d.<\/p>\n<p><div id=\"attachment_139913\" style=\"width: 949px\" class=\"wp-caption aligncenter\"><img decoding=\"async\" aria-describedby=\"caption-attachment-139913\" class=\" wp-image-139913\" src=\"https:\/\/interamerica.org\/wp-content\/uploads\/2026\/03\/ltm-summit-delegates-g2-1775.jpg\" alt=\"\" width=\"939\" height=\"626\" srcset=\"https:\/\/interamerica.org\/wp-content\/uploads\/2026\/03\/ltm-summit-delegates-g2-1775.jpg 1000w, https:\/\/interamerica.org\/wp-content\/uploads\/2026\/03\/ltm-summit-delegates-g2-1775-300x200.jpg 300w, https:\/\/interamerica.org\/wp-content\/uploads\/2026\/03\/ltm-summit-delegates-g2-1775-768x512.jpg 768w\" sizes=\"(max-width: 939px) 100vw, 939px\" \/><p id=\"caption-attachment-139913\" class=\"wp-caption-text\">Los delegados reflexionan durante la sesi\u00f3n devocional dirigida por el vicepresidente de la DIA Balvin Braham, el 3 de marzo de 2026. [Fotograf\u00eda: Daniel Gallardo\/DIA]<\/p><\/div>Braham hizo entonces referencia a los desaf\u00edos contempor\u00e1neos en toda Interam\u00e9rica, que incluyen el secularismo, las presiones financieras, los cambios culturales, la influencia digital y la apat\u00eda espiritual. Los describi\u00f3 como \u201ctormentas escatol\u00f3gicas que ya se est\u00e1n experimentando en nuestro territorio\u201d.<\/p>\n<p>Solo una iglesia basada en las Escrituras, dijo, perdurar\u00e1.<\/p>\n<p><strong>Las Escrituras como fundamento<\/strong><\/p>\n<p>Braham volvi\u00f3 repetidamente a la primac\u00eda de la Palabra de Dios en la formaci\u00f3n de la vida y misi\u00f3n de la iglesia.<\/p>\n<p>\u201cLa Biblia no es nuestro manual de referencia\u201d, dijo. \u201cEs nuestra piedra angular\u201d.<\/p>\n<p><div id=\"attachment_139914\" style=\"width: 958px\" class=\"wp-caption aligncenter\"><img decoding=\"async\" aria-describedby=\"caption-attachment-139914\" class=\" wp-image-139914\" src=\"https:\/\/interamerica.org\/wp-content\/uploads\/2026\/03\/balvin-braham-ltm-summit-mar3-g2-1797.jpg\" alt=\"\" width=\"948\" height=\"632\" srcset=\"https:\/\/interamerica.org\/wp-content\/uploads\/2026\/03\/balvin-braham-ltm-summit-mar3-g2-1797.jpg 1000w, https:\/\/interamerica.org\/wp-content\/uploads\/2026\/03\/balvin-braham-ltm-summit-mar3-g2-1797-300x200.jpg 300w, https:\/\/interamerica.org\/wp-content\/uploads\/2026\/03\/balvin-braham-ltm-summit-mar3-g2-1797-768x512.jpg 768w\" sizes=\"(max-width: 948px) 100vw, 948px\" \/><p id=\"caption-attachment-139914\" class=\"wp-caption-text\">El pastor Balvin Braham, vicepresidente de la Divisi\u00f3n Interamericana, recuerda a casi seiscientos administradores que la iglesia tiene que permanecer anclada en Cristo como su base. [Fotograf\u00eda: Daniel Gallardo\/DIA]<\/p><\/div>La planificaci\u00f3n estrat\u00e9gica, a\u00f1adi\u00f3, tiene que comenzar no con modelos corporativos, sino con convicciones b\u00edblicas.<\/p>\n<p>\u201cLa planificaci\u00f3n estrat\u00e9gica tiene que ser exeg\u00e9tica antes de ser organizativa\u201d, dijo Braham. \u201cLa misi\u00f3n fluye de la revelaci\u00f3n, no del an\u00e1lisis corporativo\u201d.<\/p>\n<p>Advirti\u00f3 a los l\u00edderes que no vayan a volverse eficientes sin ser b\u00edblicos.<\/p>\n<p>\u201cSer estrat\u00e9gico sin entregarse a Dios es un peligro sutil para la administraci\u00f3n\u201d, afirm\u00f3.<\/p>\n<p>Cit\u00f3 entonces 1 Corintios 3:11: \u201cNadie puede poner otro fundamento que el que est\u00e1 puesto, el cual es Jesucristo\u201d, afirmando que Cristo mismo, revelado en todas las Escrituras, sigue siendo el \u00fanico fundamento seguro para la iglesia.<\/p>\n<p><div id=\"attachment_139912\" style=\"width: 967px\" class=\"wp-caption aligncenter\"><img loading=\"lazy\" decoding=\"async\" aria-describedby=\"caption-attachment-139912\" class=\" wp-image-139912\" src=\"https:\/\/interamerica.org\/wp-content\/uploads\/2026\/03\/ltm-administrator-mar3-devotional-g2-1793.jpg\" alt=\"\" width=\"957\" height=\"638\" srcset=\"https:\/\/interamerica.org\/wp-content\/uploads\/2026\/03\/ltm-administrator-mar3-devotional-g2-1793.jpg 1000w, https:\/\/interamerica.org\/wp-content\/uploads\/2026\/03\/ltm-administrator-mar3-devotional-g2-1793-300x200.jpg 300w, https:\/\/interamerica.org\/wp-content\/uploads\/2026\/03\/ltm-administrator-mar3-devotional-g2-1793-768x512.jpg 768w\" sizes=\"(max-width: 957px) 100vw, 957px\" \/><p id=\"caption-attachment-139912\" class=\"wp-caption-text\">Un administrador de la iglesia lee fragmentos de su Biblia mientras escucha el mensaje devocional entregado por el pastor Balvin Braham durante la cumbre de liderazgo, el 3 de marzo de 2026. [Fotograf\u00eda: Daniel Gallardo\/DIA]<\/p><\/div>\u201cLa roca de Mateo 7 no es meramente doctrina\u201d, dijo. \u201cEs Cristo mismo revelado en la Palabra\u201d.<\/p>\n<p><strong>Liderazgo como constructores de cimientos<\/strong><\/p>\n<p>Braham inst\u00f3 a los administradores a que vieran sus roles desde una perspectiva teol\u00f3gica.<\/p>\n<p>\u201cNo somos simplemente administradores\u201d, dijo. \u201cSomos ingenieros fundacionales del reino de Dios\u201d.<\/p>\n<p>Cada decisi\u00f3n, se\u00f1al\u00f3, tiene un peso espiritual. \u201cNuestras decisiones presupuestarias son decisiones teol\u00f3gicas. Nuestros marcos reglamentarios son declaraciones eclesiol\u00f3gicas. Nuestros planes estrat\u00e9gicos son documentos escatol\u00f3gicos\u201d, afirm\u00f3.<\/p>\n<p>El liderazgo, explic\u00f3, no se trata de expansi\u00f3n institucional, sino de preparar a las personas para el reino de Dios.<\/p>\n<p><div id=\"attachment_139918\" style=\"width: 958px\" class=\"wp-caption aligncenter\"><img loading=\"lazy\" decoding=\"async\" aria-describedby=\"caption-attachment-139918\" class=\" wp-image-139918\" src=\"https:\/\/interamerica.org\/wp-content\/uploads\/2026\/03\/ltm-summit-mar3-audience-front-g2-1711.jpg\" alt=\"\" width=\"948\" height=\"632\" srcset=\"https:\/\/interamerica.org\/wp-content\/uploads\/2026\/03\/ltm-summit-mar3-audience-front-g2-1711.jpg 1000w, https:\/\/interamerica.org\/wp-content\/uploads\/2026\/03\/ltm-summit-mar3-audience-front-g2-1711-300x200.jpg 300w, https:\/\/interamerica.org\/wp-content\/uploads\/2026\/03\/ltm-summit-mar3-audience-front-g2-1711-768x512.jpg 768w\" sizes=\"(max-width: 948px) 100vw, 948px\" \/><p id=\"caption-attachment-139918\" class=\"wp-caption-text\">Los l\u00edderes de la Divisi\u00f3n Interamericana escuchan durante el devocional matutino presentado por el pastor Balvin Braham en el tercer d\u00eda de la cumbre de liderazgo \u201cI Will Go: Vivir la Misi\u00f3n\u201d el 3 de marzo de 2026. [Fotograf\u00eda: Daniel Gallardo\/DIA]<\/p><\/div>\u201cLo que estamos haciendo aqu\u00ed es un cimiento que conduce al destino de 320 millones de personas en toda Interam\u00e9rica\u201d, dijo Braham, refiri\u00e9ndose a la poblaci\u00f3n dentro del territorio de la divisi\u00f3n.<\/p>\n<p>Con aproximadamente 3,7 millones de miembros adventistas del s\u00e9ptimo d\u00eda en toda la regi\u00f3n, desafi\u00f3 a los l\u00edderes a que tomaran en cuenta no solo el crecimiento sino tambi\u00e9n el compromiso.<\/p>\n<p data-start=\"482\" data-end=\"647\">\u201c\u00bfC\u00f3mo conseguimos que 320 millones est\u00e9n alrededor del trono de Dios?\u201d, pregunt\u00f3 Braham. \u201c\u00bfY c\u00f3mo involucramos al 71 por ciento de nuestros miembros que no est\u00e1n activamente involucrados en la misi\u00f3n?\u201d<\/p>\n<p data-start=\"649\" data-end=\"707\">Luego esboz\u00f3 tres aplicaciones pr\u00e1cticas para l\u00edderes.<\/p>\n<p data-start=\"709\" data-end=\"1079\">En primer lugar, llam\u00f3 a la renovaci\u00f3n espiritual personal. \u201cA nivel personal, debemos edificar sobre la Palabra mediante la devoci\u00f3n\u201d, dijo Braham. Advirti\u00f3 que la capacidad administrativa no puede sustituir a la profundidad espiritual. \u201cNinguna cantidad de destrezas administrativas puede sustituir una relaci\u00f3n viva con Cristo. Nuestra dependencia de \u00e9l y la conducci\u00f3n del Esp\u00edritu Santo tienen que ser nuestra marca distintiva diaria\u201d.<\/p>\n<div id=\"attachment_139911\" style=\"width: 980px\" class=\"wp-caption aligncenter\"><img loading=\"lazy\" decoding=\"async\" aria-describedby=\"caption-attachment-139911\" class=\" wp-image-139911\" src=\"https:\/\/interamerica.org\/wp-content\/uploads\/2026\/03\/ismael-castillo-ltm-summit-mar3-g2-1779.jpg\" alt=\"\" width=\"970\" height=\"647\" srcset=\"https:\/\/interamerica.org\/wp-content\/uploads\/2026\/03\/ismael-castillo-ltm-summit-mar3-g2-1779.jpg 1000w, https:\/\/interamerica.org\/wp-content\/uploads\/2026\/03\/ismael-castillo-ltm-summit-mar3-g2-1779-300x200.jpg 300w, https:\/\/interamerica.org\/wp-content\/uploads\/2026\/03\/ismael-castillo-ltm-summit-mar3-g2-1779-768x512.jpg 768w\" sizes=\"(max-width: 970px) 100vw, 970px\" \/><p id=\"caption-attachment-139911\" class=\"wp-caption-text\">Ismael Castillo, rector de la Universidad de Montemorelos, reflexiona durante el mensaje devocional del 3 de marzo de 2026. [Fotograf\u00eda: Daniel Gallardo\/DIA]<\/p><\/div>\n<p data-start=\"1081\" data-end=\"1248\">En segundo lugar, inst\u00f3 a los l\u00edderes a que eval\u00faen cada decisi\u00f3n importante desde una perspectiva b\u00edblica. \u201cToda decisi\u00f3n estrat\u00e9gica tiene que superar la prueba\u201d, dijo. \u201c\u00bfEst\u00e1 fundamentada b\u00edblicamente?\u201d<\/p>\n<p data-start=\"1250\" data-end=\"1413\">En tercer lugar, enfatiz\u00f3 el compromiso misionero en todos los niveles de la iglesia. <em>Vivir la misi\u00f3n<\/em>, explic\u00f3, significa asegurarse de que los miembros no sean espectadores sino participantes.<\/p>\n<p><strong>De la proclamaci\u00f3n a la encarnaci\u00f3n<\/strong><\/p>\n<p>Braham enfatiz\u00f3 que \u201cvivir la misi\u00f3n\u201d requiere m\u00e1s que iniciativas de voto u organizaci\u00f3n de campa\u00f1as de evangelizaci\u00f3n.<\/p>\n<p>\u201cVivir la misi\u00f3n significa pasar de la proclamaci\u00f3n a la encarnaci\u00f3n\u201d, expres\u00f3. \u201cNuestro liderazgo, nuestras relaciones y nuestro gobierno tienen que reflejar el car\u00e1cter de Cristo\u201d.<\/p>\n<p><div id=\"attachment_139915\" style=\"width: 961px\" class=\"wp-caption aligncenter\"><img loading=\"lazy\" decoding=\"async\" aria-describedby=\"caption-attachment-139915\" class=\" wp-image-139915\" src=\"https:\/\/interamerica.org\/wp-content\/uploads\/2026\/03\/ltm-summit-mar3-prayer-devotional-g2-1806.jpg\" alt=\"\" width=\"951\" height=\"634\" srcset=\"https:\/\/interamerica.org\/wp-content\/uploads\/2026\/03\/ltm-summit-mar3-prayer-devotional-g2-1806.jpg 1000w, https:\/\/interamerica.org\/wp-content\/uploads\/2026\/03\/ltm-summit-mar3-prayer-devotional-g2-1806-300x200.jpg 300w, https:\/\/interamerica.org\/wp-content\/uploads\/2026\/03\/ltm-summit-mar3-prayer-devotional-g2-1806-768x512.jpg 768w\" sizes=\"(max-width: 951px) 100vw, 951px\" \/><p id=\"caption-attachment-139915\" class=\"wp-caption-text\">Un administrador de la iglesia y su esposa se unen en oraci\u00f3n al concluir el mensaje devocional el 3 de marzo de 2026. [Fotograf\u00eda: Daniel Gallardo\/DIA]<\/p><\/div>Tambi\u00e9n expres\u00f3 su preocupaci\u00f3n por las generaciones m\u00e1s j\u00f3venes que pueden sentirse desconectadas de las aut\u00e9nticas comunidades de fe, instando a los l\u00edderes a que cultiven entornos donde las Escrituras moldeen tanto la estructura como la cultura.<\/p>\n<p><strong>La esperanza que se avecina<\/strong><\/p>\n<p>Braham cerr\u00f3 entonces su mensaje con esperanza escatol\u00f3gica, recordando a los l\u00edderes que el destino \u00faltimo de la iglesia no se encuentra en las reuniones o cargos, sino en el regreso de Cristo.<\/p>\n<p>\u201cLo mejor est\u00e1 por venir\u201d, expres\u00f3.<\/p>\n<p data-start=\"1081\" data-end=\"1248\">Cit\u00f3 entonces el Apocalipsis, se\u00f1alando la promesa de resurrecci\u00f3n y restauraci\u00f3n y recordando la esperanza \u00faltima de la iglesia.<\/p>\n<p>\u201cEstamos preparando a un pueblo para el reino de Dios\u201d, dijo. \u201cLa iglesia puede verse sacudida por las presiones del secularismo, la presi\u00f3n financiera y los cambios culturales, pero nunca tiene que alejarse de sus cimientos. Cuando se sacuda, sac\u00fadanse junto con ella, pero no vayan a ninguna parte. Jesucristo es la base de esta iglesia. Una iglesia edificada sobre Cristo se mantendr\u00e1 en pie\u201d.<\/p>\n<p>Traducci\u00f3n de Marcos Paseggi<\/p>\n","protected":false},"excerpt":{"rendered":"<p>Balvin Braham llama a los administradores a que fundamenten la estrategia y la misi\u00f3n en las Escrituras durante su mensaje devocional en la cumbre de l\u00edderes. 3 de marzo de&#8230;<\/p>\n","protected":false},"author":3,"featured_media":139934,"comment_status":"closed","ping_status":"closed","sticky":false,"template":"","format":"standard","meta":{"_acf_changed":false,"footnotes":""},"categories":[16,15],"tags":[],"class_list":["post-139932","post","type-post","status-publish","format-standard","has-post-thumbnail","hentry","category-desde-la-sede","category-rss-espanol"],"acf":[],"yoast_head":"<!-- This site is optimized with the Yoast SEO plugin v27.3 - https:\/\/yoast.com\/product\/yoast-seo-wordpress\/ -->\n<title>L\u00edderes adventistas de la Divisi\u00f3n Interamericana son instados a edificar sobre \u2018La Roca\u2019 - Iglesia Adventista del S\u00e9ptimo D\u00eda - Divisi\u00f3n Interamericana<\/title>\n<meta name=\"robots\" content=\"index, follow, max-snippet:-1, max-image-preview:large, max-video-preview:-1\" \/>\n<link rel=\"canonical\" href=\"https:\/\/interamerica.org\/es\/2026\/03\/lideres-adventistas-de-la-division-interamericana-son-instados-a-edificar-sobre-la-roca\/\" \/>\n<meta property=\"og:locale\" content=\"es_ES\" \/>\n<meta property=\"og:type\" content=\"article\" \/>\n<meta property=\"og:title\" content=\"L\u00edderes adventistas de la Divisi\u00f3n Interamericana son instados a edificar sobre \u2018La Roca\u2019 - Iglesia Adventista del S\u00e9ptimo D\u00eda - Divisi\u00f3n Interamericana\" \/>\n<meta property=\"og:description\" content=\"Balvin Braham llama a los administradores a que fundamenten la estrategia y la misi\u00f3n en las Escrituras durante su mensaje devocional en la cumbre de l\u00edderes. 3 de marzo de...\" \/>\n<meta property=\"og:url\" content=\"https:\/\/interamerica.org\/es\/2026\/03\/lideres-adventistas-de-la-division-interamericana-son-instados-a-edificar-sobre-la-roca\/\" \/>\n<meta property=\"og:site_name\" content=\"Iglesia Adventista del S\u00e9ptimo D\u00eda - Divisi\u00f3n Interamericana\" \/>\n<meta property=\"article:published_time\" content=\"2026-03-04T04:05:46+00:00\" \/>\n<meta property=\"article:modified_time\" content=\"2026-03-04T11:54:57+00:00\" \/>\n<meta property=\"og:image\" content=\"https:\/\/interamerica.org\/wp-content\/uploads\/2026\/03\/balvin-braham-ltm-summit-mar3-with-bible-g2-1729.jpg\" \/>\n\t<meta property=\"og:image:width\" content=\"1000\" \/>\n\t<meta property=\"og:image:height\" content=\"667\" \/>\n\t<meta property=\"og:image:type\" content=\"image\/jpeg\" \/>\n<meta name=\"author\" content=\"libna\" \/>\n<meta name=\"twitter:card\" content=\"summary_large_image\" \/>\n<meta name=\"twitter:label1\" content=\"Escrito por\" \/>\n\t<meta name=\"twitter:data1\" content=\"libna\" \/>\n\t<meta name=\"twitter:label2\" content=\"Tiempo de lectura\" \/>\n\t<meta name=\"twitter:data2\" content=\"7 minutos\" \/>\n<script type=\"application\/ld+json\" class=\"yoast-schema-graph\">{\"@context\":\"https:\\\/\\\/schema.org\",\"@graph\":[{\"@type\":\"Article\",\"@id\":\"https:\\\/\\\/interamerica.org\\\/es\\\/2026\\\/03\\\/lideres-adventistas-de-la-division-interamericana-son-instados-a-edificar-sobre-la-roca\\\/#article\",\"isPartOf\":{\"@id\":\"https:\\\/\\\/interamerica.org\\\/es\\\/2026\\\/03\\\/lideres-adventistas-de-la-division-interamericana-son-instados-a-edificar-sobre-la-roca\\\/\"},\"author\":{\"name\":\"libna\",\"@id\":\"https:\\\/\\\/interamerica.org\\\/es\\\/#\\\/schema\\\/person\\\/29998f2bc2d8bd0d38662909289b54f1\"},\"headline\":\"L\u00edderes adventistas de la Divisi\u00f3n Interamericana son instados a edificar sobre \u2018La Roca\u2019\",\"datePublished\":\"2026-03-04T04:05:46+00:00\",\"dateModified\":\"2026-03-04T11:54:57+00:00\",\"mainEntityOfPage\":{\"@id\":\"https:\\\/\\\/interamerica.org\\\/es\\\/2026\\\/03\\\/lideres-adventistas-de-la-division-interamericana-son-instados-a-edificar-sobre-la-roca\\\/\"},\"wordCount\":1338,\"image\":{\"@id\":\"https:\\\/\\\/interamerica.org\\\/es\\\/2026\\\/03\\\/lideres-adventistas-de-la-division-interamericana-son-instados-a-edificar-sobre-la-roca\\\/#primaryimage\"},\"thumbnailUrl\":\"https:\\\/\\\/interamerica.org\\\/wp-content\\\/uploads\\\/2026\\\/03\\\/balvin-braham-ltm-summit-mar3-with-bible-g2-1729.jpg\",\"articleSection\":[\"Desde la sede\",\"RSS Espa\u00f1ol\"],\"inLanguage\":\"es\"},{\"@type\":\"WebPage\",\"@id\":\"https:\\\/\\\/interamerica.org\\\/es\\\/2026\\\/03\\\/lideres-adventistas-de-la-division-interamericana-son-instados-a-edificar-sobre-la-roca\\\/\",\"url\":\"https:\\\/\\\/interamerica.org\\\/es\\\/2026\\\/03\\\/lideres-adventistas-de-la-division-interamericana-son-instados-a-edificar-sobre-la-roca\\\/\",\"name\":\"L\u00edderes adventistas de la Divisi\u00f3n Interamericana son instados a edificar sobre \u2018La Roca\u2019 - Iglesia Adventista del S\u00e9ptimo D\u00eda - Divisi\u00f3n Interamericana\",\"isPartOf\":{\"@id\":\"https:\\\/\\\/interamerica.org\\\/es\\\/#website\"},\"primaryImageOfPage\":{\"@id\":\"https:\\\/\\\/interamerica.org\\\/es\\\/2026\\\/03\\\/lideres-adventistas-de-la-division-interamericana-son-instados-a-edificar-sobre-la-roca\\\/#primaryimage\"},\"image\":{\"@id\":\"https:\\\/\\\/interamerica.org\\\/es\\\/2026\\\/03\\\/lideres-adventistas-de-la-division-interamericana-son-instados-a-edificar-sobre-la-roca\\\/#primaryimage\"},\"thumbnailUrl\":\"https:\\\/\\\/interamerica.org\\\/wp-content\\\/uploads\\\/2026\\\/03\\\/balvin-braham-ltm-summit-mar3-with-bible-g2-1729.jpg\",\"datePublished\":\"2026-03-04T04:05:46+00:00\",\"dateModified\":\"2026-03-04T11:54:57+00:00\",\"author\":{\"@id\":\"https:\\\/\\\/interamerica.org\\\/es\\\/#\\\/schema\\\/person\\\/29998f2bc2d8bd0d38662909289b54f1\"},\"breadcrumb\":{\"@id\":\"https:\\\/\\\/interamerica.org\\\/es\\\/2026\\\/03\\\/lideres-adventistas-de-la-division-interamericana-son-instados-a-edificar-sobre-la-roca\\\/#breadcrumb\"},\"inLanguage\":\"es\",\"potentialAction\":[{\"@type\":\"ReadAction\",\"target\":[\"https:\\\/\\\/interamerica.org\\\/es\\\/2026\\\/03\\\/lideres-adventistas-de-la-division-interamericana-son-instados-a-edificar-sobre-la-roca\\\/\"]}]},{\"@type\":\"ImageObject\",\"inLanguage\":\"es\",\"@id\":\"https:\\\/\\\/interamerica.org\\\/es\\\/2026\\\/03\\\/lideres-adventistas-de-la-division-interamericana-son-instados-a-edificar-sobre-la-roca\\\/#primaryimage\",\"url\":\"https:\\\/\\\/interamerica.org\\\/wp-content\\\/uploads\\\/2026\\\/03\\\/balvin-braham-ltm-summit-mar3-with-bible-g2-1729.jpg\",\"contentUrl\":\"https:\\\/\\\/interamerica.org\\\/wp-content\\\/uploads\\\/2026\\\/03\\\/balvin-braham-ltm-summit-mar3-with-bible-g2-1729.jpg\",\"width\":1000,\"height\":667,\"caption\":\"[Fotograf\u00eda: Daniel Gallardo\\\/DIA]\"},{\"@type\":\"BreadcrumbList\",\"@id\":\"https:\\\/\\\/interamerica.org\\\/es\\\/2026\\\/03\\\/lideres-adventistas-de-la-division-interamericana-son-instados-a-edificar-sobre-la-roca\\\/#breadcrumb\",\"itemListElement\":[{\"@type\":\"ListItem\",\"position\":1,\"name\":\"Home\",\"item\":\"https:\\\/\\\/interamerica.org\\\/es\\\/\"},{\"@type\":\"ListItem\",\"position\":2,\"name\":\"L\u00edderes adventistas de la Divisi\u00f3n Interamericana son instados a edificar sobre \u2018La Roca\u2019\"}]},{\"@type\":\"WebSite\",\"@id\":\"https:\\\/\\\/interamerica.org\\\/es\\\/#website\",\"url\":\"https:\\\/\\\/interamerica.org\\\/es\\\/\",\"name\":\"Iglesia Adventista del S\u00e9ptimo D\u00eda - Divisi\u00f3n Interamericana\",\"description\":\"\",\"potentialAction\":[{\"@type\":\"SearchAction\",\"target\":{\"@type\":\"EntryPoint\",\"urlTemplate\":\"https:\\\/\\\/interamerica.org\\\/es\\\/?s={search_term_string}\"},\"query-input\":{\"@type\":\"PropertyValueSpecification\",\"valueRequired\":true,\"valueName\":\"search_term_string\"}}],\"inLanguage\":\"es\"},{\"@type\":\"Person\",\"@id\":\"https:\\\/\\\/interamerica.org\\\/es\\\/#\\\/schema\\\/person\\\/29998f2bc2d8bd0d38662909289b54f1\",\"name\":\"libna\",\"image\":{\"@type\":\"ImageObject\",\"inLanguage\":\"es\",\"@id\":\"https:\\\/\\\/secure.gravatar.com\\\/avatar\\\/7c5bd30ae4b47a9ba3c856590957fd1d96dc588bf3ac05719d247e126840331f?s=96&d=mm&r=g\",\"url\":\"https:\\\/\\\/secure.gravatar.com\\\/avatar\\\/7c5bd30ae4b47a9ba3c856590957fd1d96dc588bf3ac05719d247e126840331f?s=96&d=mm&r=g\",\"contentUrl\":\"https:\\\/\\\/secure.gravatar.com\\\/avatar\\\/7c5bd30ae4b47a9ba3c856590957fd1d96dc588bf3ac05719d247e126840331f?s=96&d=mm&r=g\",\"caption\":\"libna\"}}]}<\/script>\n<!-- \/ Yoast SEO plugin. -->","yoast_head_json":{"title":"L\u00edderes adventistas de la Divisi\u00f3n Interamericana son instados a edificar sobre \u2018La Roca\u2019 - Iglesia Adventista del S\u00e9ptimo D\u00eda - Divisi\u00f3n Interamericana","robots":{"index":"index","follow":"follow","max-snippet":"max-snippet:-1","max-image-preview":"max-image-preview:large","max-video-preview":"max-video-preview:-1"},"canonical":"https:\/\/interamerica.org\/es\/2026\/03\/lideres-adventistas-de-la-division-interamericana-son-instados-a-edificar-sobre-la-roca\/","og_locale":"es_ES","og_type":"article","og_title":"L\u00edderes adventistas de la Divisi\u00f3n Interamericana son instados a edificar sobre \u2018La Roca\u2019 - Iglesia Adventista del S\u00e9ptimo D\u00eda - Divisi\u00f3n Interamericana","og_description":"Balvin Braham llama a los administradores a que fundamenten la estrategia y la misi\u00f3n en las Escrituras durante su mensaje devocional en la cumbre de l\u00edderes. 3 de marzo de...","og_url":"https:\/\/interamerica.org\/es\/2026\/03\/lideres-adventistas-de-la-division-interamericana-son-instados-a-edificar-sobre-la-roca\/","og_site_name":"Iglesia Adventista del S\u00e9ptimo D\u00eda - Divisi\u00f3n Interamericana","article_published_time":"2026-03-04T04:05:46+00:00","article_modified_time":"2026-03-04T11:54:57+00:00","og_image":[{"width":1000,"height":667,"url":"https:\/\/interamerica.org\/wp-content\/uploads\/2026\/03\/balvin-braham-ltm-summit-mar3-with-bible-g2-1729.jpg","type":"image\/jpeg"}],"author":"libna","twitter_card":"summary_large_image","twitter_misc":{"Escrito por":"libna","Tiempo de lectura":"7 minutos"},"schema":{"@context":"https:\/\/schema.org","@graph":[{"@type":"Article","@id":"https:\/\/interamerica.org\/es\/2026\/03\/lideres-adventistas-de-la-division-interamericana-son-instados-a-edificar-sobre-la-roca\/#article","isPartOf":{"@id":"https:\/\/interamerica.org\/es\/2026\/03\/lideres-adventistas-de-la-division-interamericana-son-instados-a-edificar-sobre-la-roca\/"},"author":{"name":"libna","@id":"https:\/\/interamerica.org\/es\/#\/schema\/person\/29998f2bc2d8bd0d38662909289b54f1"},"headline":"L\u00edderes adventistas de la Divisi\u00f3n Interamericana son instados a edificar sobre \u2018La Roca\u2019","datePublished":"2026-03-04T04:05:46+00:00","dateModified":"2026-03-04T11:54:57+00:00","mainEntityOfPage":{"@id":"https:\/\/interamerica.org\/es\/2026\/03\/lideres-adventistas-de-la-division-interamericana-son-instados-a-edificar-sobre-la-roca\/"},"wordCount":1338,"image":{"@id":"https:\/\/interamerica.org\/es\/2026\/03\/lideres-adventistas-de-la-division-interamericana-son-instados-a-edificar-sobre-la-roca\/#primaryimage"},"thumbnailUrl":"https:\/\/interamerica.org\/wp-content\/uploads\/2026\/03\/balvin-braham-ltm-summit-mar3-with-bible-g2-1729.jpg","articleSection":["Desde la sede","RSS Espa\u00f1ol"],"inLanguage":"es"},{"@type":"WebPage","@id":"https:\/\/interamerica.org\/es\/2026\/03\/lideres-adventistas-de-la-division-interamericana-son-instados-a-edificar-sobre-la-roca\/","url":"https:\/\/interamerica.org\/es\/2026\/03\/lideres-adventistas-de-la-division-interamericana-son-instados-a-edificar-sobre-la-roca\/","name":"L\u00edderes adventistas de la Divisi\u00f3n Interamericana son instados a edificar sobre \u2018La Roca\u2019 - Iglesia Adventista del S\u00e9ptimo D\u00eda - Divisi\u00f3n Interamericana","isPartOf":{"@id":"https:\/\/interamerica.org\/es\/#website"},"primaryImageOfPage":{"@id":"https:\/\/interamerica.org\/es\/2026\/03\/lideres-adventistas-de-la-division-interamericana-son-instados-a-edificar-sobre-la-roca\/#primaryimage"},"image":{"@id":"https:\/\/interamerica.org\/es\/2026\/03\/lideres-adventistas-de-la-division-interamericana-son-instados-a-edificar-sobre-la-roca\/#primaryimage"},"thumbnailUrl":"https:\/\/interamerica.org\/wp-content\/uploads\/2026\/03\/balvin-braham-ltm-summit-mar3-with-bible-g2-1729.jpg","datePublished":"2026-03-04T04:05:46+00:00","dateModified":"2026-03-04T11:54:57+00:00","author":{"@id":"https:\/\/interamerica.org\/es\/#\/schema\/person\/29998f2bc2d8bd0d38662909289b54f1"},"breadcrumb":{"@id":"https:\/\/interamerica.org\/es\/2026\/03\/lideres-adventistas-de-la-division-interamericana-son-instados-a-edificar-sobre-la-roca\/#breadcrumb"},"inLanguage":"es","potentialAction":[{"@type":"ReadAction","target":["https:\/\/interamerica.org\/es\/2026\/03\/lideres-adventistas-de-la-division-interamericana-son-instados-a-edificar-sobre-la-roca\/"]}]},{"@type":"ImageObject","inLanguage":"es","@id":"https:\/\/interamerica.org\/es\/2026\/03\/lideres-adventistas-de-la-division-interamericana-son-instados-a-edificar-sobre-la-roca\/#primaryimage","url":"https:\/\/interamerica.org\/wp-content\/uploads\/2026\/03\/balvin-braham-ltm-summit-mar3-with-bible-g2-1729.jpg","contentUrl":"https:\/\/interamerica.org\/wp-content\/uploads\/2026\/03\/balvin-braham-ltm-summit-mar3-with-bible-g2-1729.jpg","width":1000,"height":667,"caption":"[Fotograf\u00eda: Daniel Gallardo\/DIA]"},{"@type":"BreadcrumbList","@id":"https:\/\/interamerica.org\/es\/2026\/03\/lideres-adventistas-de-la-division-interamericana-son-instados-a-edificar-sobre-la-roca\/#breadcrumb","itemListElement":[{"@type":"ListItem","position":1,"name":"Home","item":"https:\/\/interamerica.org\/es\/"},{"@type":"ListItem","position":2,"name":"L\u00edderes adventistas de la Divisi\u00f3n Interamericana son instados a edificar sobre \u2018La Roca\u2019"}]},{"@type":"WebSite","@id":"https:\/\/interamerica.org\/es\/#website","url":"https:\/\/interamerica.org\/es\/","name":"Iglesia Adventista del S\u00e9ptimo D\u00eda - Divisi\u00f3n Interamericana","description":"","potentialAction":[{"@type":"SearchAction","target":{"@type":"EntryPoint","urlTemplate":"https:\/\/interamerica.org\/es\/?s={search_term_string}"},"query-input":{"@type":"PropertyValueSpecification","valueRequired":true,"valueName":"search_term_string"}}],"inLanguage":"es"},{"@type":"Person","@id":"https:\/\/interamerica.org\/es\/#\/schema\/person\/29998f2bc2d8bd0d38662909289b54f1","name":"libna","image":{"@type":"ImageObject","inLanguage":"es","@id":"https:\/\/secure.gravatar.com\/avatar\/7c5bd30ae4b47a9ba3c856590957fd1d96dc588bf3ac05719d247e126840331f?s=96&d=mm&r=g","url":"https:\/\/secure.gravatar.com\/avatar\/7c5bd30ae4b47a9ba3c856590957fd1d96dc588bf3ac05719d247e126840331f?s=96&d=mm&r=g","contentUrl":"https:\/\/secure.gravatar.com\/avatar\/7c5bd30ae4b47a9ba3c856590957fd1d96dc588bf3ac05719d247e126840331f?s=96&d=mm&r=g","caption":"libna"}}]}},"_links":{"self":[{"href":"https:\/\/interamerica.org\/es\/wp-json\/wp\/v2\/posts\/139932","targetHints":{"allow":["GET"]}}],"collection":[{"href":"https:\/\/interamerica.org\/es\/wp-json\/wp\/v2\/posts"}],"about":[{"href":"https:\/\/interamerica.org\/es\/wp-json\/wp\/v2\/types\/post"}],"author":[{"embeddable":true,"href":"https:\/\/interamerica.org\/es\/wp-json\/wp\/v2\/users\/3"}],"replies":[{"embeddable":true,"href":"https:\/\/interamerica.org\/es\/wp-json\/wp\/v2\/comments?post=139932"}],"version-history":[{"count":1,"href":"https:\/\/interamerica.org\/es\/wp-json\/wp\/v2\/posts\/139932\/revisions"}],"predecessor-version":[{"id":139946,"href":"https:\/\/interamerica.org\/es\/wp-json\/wp\/v2\/posts\/139932\/revisions\/139946"}],"wp:featuredmedia":[{"embeddable":true,"href":"https:\/\/interamerica.org\/es\/wp-json\/wp\/v2\/media\/139934"}],"wp:attachment":[{"href":"https:\/\/interamerica.org\/es\/wp-json\/wp\/v2\/media?parent=139932"}],"wp:term":[{"taxonomy":"category","embeddable":true,"href":"https:\/\/interamerica.org\/es\/wp-json\/wp\/v2\/categories?post=139932"},{"taxonomy":"post_tag","embeddable":true,"href":"https:\/\/interamerica.org\/es\/wp-json\/wp\/v2\/tags?post=139932"}],"curies":[{"name":"wp","href":"https:\/\/api.w.org\/{rel}","templated":true}]}}