{"id":140021,"date":"2026-03-06T12:33:33","date_gmt":"2026-03-06T17:33:33","guid":{"rendered":"https:\/\/interamerica.org\/?p=140021"},"modified":"2026-03-06T19:05:37","modified_gmt":"2026-03-07T00:05:37","slug":"adra-solicita-oraciones-y-apoyo-humanitario-en-medio-de-las-actuales-tensiones-en-oriente-medio","status":"publish","type":"post","link":"https:\/\/interamerica.org\/es\/2026\/03\/adra-solicita-oraciones-y-apoyo-humanitario-en-medio-de-las-actuales-tensiones-en-oriente-medio\/","title":{"rendered":"ADRA solicita oraciones y apoyo humanitario en medio de las actuales tensiones en Oriente Medio"},"content":{"rendered":"<section class=\"elementor-section elementor-top-section elementor-element elementor-elementor-element-0218247 elementor-section-boxed elementor-section-height-default elementor-section-height-default\" data-particle_enable=\"false\" data-particle-mobile-disabled=\"false\" data-id=\"0218247\" data-element_type=\"section\" data-e-type=\"section\" data-settings=\"{\">\n<div class=\"elementor-contenedor elementor-column-gap-default\">\n<div class=\"elementor-columna-elementor-col-100 elementor-top-columnor-elementor-elementor-9c3dcf1\" data-id=\"9c3dcf1\" data-element_type=\"columna\" data-e-type=\"columna\">\n<div class=\"elementor-widget-wrap elementor-element-populated\">\n<div class=\"elementor-element elementor-element-65965a4 elementor-widget elementor-widget-theme-post-title elementorpage-titleor-widget-head is-mac\" data-id=\"65965a4\" data-element_type=\"widget\" data-e-type=\"widget\" data-widget_type=\"theme-post-title.default\">\n<div><em>La agencia moviliza equipos regionales para evaluar necesidades y ayudar a familias vulnerables, al tiempo que insta a la solidaridad y la oraci\u00f3n en todo el mundo. <\/em><\/div>\n<div><\/div>\n<div class=\"elementor-widget-container\">5 de marzo de 2026 | Silver Spring, Maryland, Estados Unidos<\/div>\n<\/div>\n<\/div>\n<\/div>\n<\/div>\n<\/section>\n<section class=\"elementor-section-top-section elementor-element elementor-elementor-element-02079c9 elementor-section-boxed elementor-section-height-default elementor-section-height-default\" data-particle_enable=\"false\" data-particle-mobile-disabled=\"false\" data-id=\"02079c9\" data-element_type=\"section\" data-e-type=\"section\" data-settings=\"{\">\n<div class=\"elementor-contenedor elementor-column-gap-default\">\n<div class=\"elementor-columna-elementor-col-100 elementor-top-columnor-element elementor-elementor-elemento-3a8f9f2\" data-id=\"3a8f9f2\" data-element_type=\"columna\" data-e-type=\"columna\">\n<div class=\"elementor-widget-wrap elementor-element-populated\">\n<div class=\"elementor-element elementor-element-5f2262a elementor-widget elementor-widget-theme-post-content is-mac\" data-id=\"5f2262a\" data-element_type=\"widget\" data-e-type=\"widget\" data-widget_type=\"theme-post-content.default\">\n<div class=\"elementor-widget-container\">\n<p>La Agencia Adventista de Desarrollo y Recursos Asistenciales (ADRA) hace un llamado a la oraci\u00f3n y a la solidaridad global en momentos en que las comunidades de parte de Oriente Medio enfrentan crecientes tensiones y necesidades humanitarias.<\/p>\n<p>A medida que contin\u00faa la escalada de conflictos en la regi\u00f3n, la sede regional de ADRA para Oriente Medio y Norte de \u00c1frica (MENA), junto con las sedes nacionales y sus socios locales, sigue comprometida con la atenci\u00f3n a las poblaciones m\u00e1s vulnerables. Los equipos de ADRA est\u00e1n evaluando activamente las necesidades y prestando asistencia donde las condiciones de acceso y seguridad lo permiten.<\/p>\n<p>En L\u00edbano, ADRA apoya a las familias afectadas proporcionando agua segura, art\u00edculos de higiene y otros productos esenciales de primera necesidad. En toda la regi\u00f3n, las sedes de ADRA est\u00e1n coordinando con redes locales de confianza para garantizar que la ayuda llegue a las familias desplazadas, los ni\u00f1os, los adultos mayores y los individuos con recursos limitados.<\/p>\n<p>Con el prop\u00f3sito de proteger la seguridad del personal, los voluntarios y las comunidades a las que les brinda servicios, ADRA no revela detalles operativos espec\u00edficos. Sin embargo, la organizaci\u00f3n afirma que existen medidas de preparaci\u00f3n para responder r\u00e1pidamente a medida que evolucionen las necesidades.<\/p>\n<p>\u201cDurante este momento tan dif\u00edcil, pedimos a las personas de todo el mundo que recuerden a las familias que buscan seguridad, a los ni\u00f1os que anhelan la paz y a las comunidades que sufren p\u00e9rdidas profundas\u201d, dice Denis Baratov, director de ADRA MENA, en un comunicado. \u201cQue pueda surgir la esperanza, que la compasi\u00f3n nos gu\u00ede y que la sanaci\u00f3n se haga presente pronto\u201d.<\/p>\n<p>ADRA ha trabajado en la regi\u00f3n de Oriente Medio y Norte de \u00c1frica durante d\u00e9cadas, colaborando con organizaciones locales para proporcionar ayuda de emergencia, apoyar medios de vida, fortalecer la resiliencia comunitaria y restaurar la dignidad en tiempos de crisis. El trabajo humanitario de la agencia se gu\u00eda por principios de justicia, compasi\u00f3n y amor, sirviendo a las personas m\u00e1s all\u00e1 de su raza, afiliaci\u00f3n pol\u00edtica o creencia religiosa.<\/p>\n<p>La agencia invita a donantes, socios y amigos de todo el mundo a que apoyen las comunidades afectadas y los esfuerzos continuos de respuesta y preparaci\u00f3n. Las contribuciones ayudan a garantizar que los suministros cr\u00edticos, el personal capacitado y los mecanismos de respuesta r\u00e1pida est\u00e9n listos cuando se produzca una cat\u00e1strofe.<\/p>\n<p>Para m\u00e1s informaci\u00f3n sobre el trabajo de ADRA o para apoyar los esfuerzos asistenciales de la agencia, visite por favor <a href=\"https:\/\/adra.org\"> la p\u00e1gina web oficial<\/a> de ADRA.<\/p>\n<\/div>\n<\/div>\n<\/div>\n<\/div>\n<\/div>\n<\/section>\n<p>Traducci\u00f3n de Marcos Paseggi<\/p>\n","protected":false},"excerpt":{"rendered":"<p>La agencia moviliza equipos regionales para evaluar necesidades y ayudar a familias vulnerables, al tiempo que insta a la solidaridad y la oraci\u00f3n en todo el mundo. 5 de marzo&#8230;<\/p>\n","protected":false},"author":3,"featured_media":140023,"comment_status":"closed","ping_status":"closed","sticky":false,"template":"","format":"standard","meta":{"_acf_changed":false,"footnotes":""},"categories":[14,15],"tags":[],"class_list":["post-140021","post","type-post","status-publish","format-standard","has-post-thumbnail","hentry","category-de-la-iglesia-mundial","category-rss-espanol"],"acf":[],"yoast_head":"<!-- This site is optimized with the Yoast SEO plugin v27.3 - https:\/\/yoast.com\/product\/yoast-seo-wordpress\/ -->\n<title>ADRA solicita oraciones y apoyo humanitario en medio de las actuales tensiones en Oriente Medio - Iglesia Adventista del S\u00e9ptimo D\u00eda - Divisi\u00f3n Interamericana<\/title>\n<meta name=\"robots\" content=\"index, follow, max-snippet:-1, max-image-preview:large, max-video-preview:-1\" \/>\n<link rel=\"canonical\" href=\"https:\/\/interamerica.org\/es\/2026\/03\/adra-solicita-oraciones-y-apoyo-humanitario-en-medio-de-las-actuales-tensiones-en-oriente-medio\/\" \/>\n<meta property=\"og:locale\" content=\"es_ES\" \/>\n<meta property=\"og:type\" content=\"article\" \/>\n<meta property=\"og:title\" content=\"ADRA solicita oraciones y apoyo humanitario en medio de las actuales tensiones en Oriente Medio - Iglesia Adventista del S\u00e9ptimo D\u00eda - Divisi\u00f3n Interamericana\" \/>\n<meta property=\"og:description\" content=\"La agencia moviliza equipos regionales para evaluar necesidades y ayudar a familias vulnerables, al tiempo que insta a la solidaridad y la oraci\u00f3n en todo el mundo. 5 de marzo...\" \/>\n<meta property=\"og:url\" content=\"https:\/\/interamerica.org\/es\/2026\/03\/adra-solicita-oraciones-y-apoyo-humanitario-en-medio-de-las-actuales-tensiones-en-oriente-medio\/\" \/>\n<meta property=\"og:site_name\" content=\"Iglesia Adventista del S\u00e9ptimo D\u00eda - Divisi\u00f3n Interamericana\" \/>\n<meta property=\"article:published_time\" content=\"2026-03-06T17:33:33+00:00\" \/>\n<meta property=\"article:modified_time\" content=\"2026-03-07T00:05:37+00:00\" \/>\n<meta property=\"og:image\" content=\"https:\/\/interamerica.org\/wp-content\/uploads\/2026\/03\/baalbak-rubbles-2026.jpg\" \/>\n\t<meta property=\"og:image:width\" content=\"1080\" \/>\n\t<meta property=\"og:image:height\" content=\"810\" \/>\n\t<meta property=\"og:image:type\" content=\"image\/jpeg\" \/>\n<meta name=\"author\" content=\"libna\" \/>\n<meta name=\"twitter:card\" content=\"summary_large_image\" \/>\n<meta name=\"twitter:label1\" content=\"Escrito por\" \/>\n\t<meta name=\"twitter:data1\" content=\"libna\" \/>\n\t<meta name=\"twitter:label2\" content=\"Tiempo de lectura\" \/>\n\t<meta name=\"twitter:data2\" content=\"3 minutos\" \/>\n<script type=\"application\/ld+json\" class=\"yoast-schema-graph\">{\"@context\":\"https:\\\/\\\/schema.org\",\"@graph\":[{\"@type\":\"Article\",\"@id\":\"https:\\\/\\\/interamerica.org\\\/es\\\/2026\\\/03\\\/adra-solicita-oraciones-y-apoyo-humanitario-en-medio-de-las-actuales-tensiones-en-oriente-medio\\\/#article\",\"isPartOf\":{\"@id\":\"https:\\\/\\\/interamerica.org\\\/es\\\/2026\\\/03\\\/adra-solicita-oraciones-y-apoyo-humanitario-en-medio-de-las-actuales-tensiones-en-oriente-medio\\\/\"},\"author\":{\"name\":\"libna\",\"@id\":\"https:\\\/\\\/interamerica.org\\\/es\\\/#\\\/schema\\\/person\\\/29998f2bc2d8bd0d38662909289b54f1\"},\"headline\":\"ADRA solicita oraciones y apoyo humanitario en medio de las actuales tensiones en Oriente Medio\",\"datePublished\":\"2026-03-06T17:33:33+00:00\",\"dateModified\":\"2026-03-07T00:05:37+00:00\",\"mainEntityOfPage\":{\"@id\":\"https:\\\/\\\/interamerica.org\\\/es\\\/2026\\\/03\\\/adra-solicita-oraciones-y-apoyo-humanitario-en-medio-de-las-actuales-tensiones-en-oriente-medio\\\/\"},\"wordCount\":506,\"image\":{\"@id\":\"https:\\\/\\\/interamerica.org\\\/es\\\/2026\\\/03\\\/adra-solicita-oraciones-y-apoyo-humanitario-en-medio-de-las-actuales-tensiones-en-oriente-medio\\\/#primaryimage\"},\"thumbnailUrl\":\"https:\\\/\\\/interamerica.org\\\/wp-content\\\/uploads\\\/2026\\\/03\\\/baalbak-rubbles-2026.jpg\",\"articleSection\":[\"Desde la iglesia mundial\",\"RSS Espa\u00f1ol\"],\"inLanguage\":\"es\"},{\"@type\":\"WebPage\",\"@id\":\"https:\\\/\\\/interamerica.org\\\/es\\\/2026\\\/03\\\/adra-solicita-oraciones-y-apoyo-humanitario-en-medio-de-las-actuales-tensiones-en-oriente-medio\\\/\",\"url\":\"https:\\\/\\\/interamerica.org\\\/es\\\/2026\\\/03\\\/adra-solicita-oraciones-y-apoyo-humanitario-en-medio-de-las-actuales-tensiones-en-oriente-medio\\\/\",\"name\":\"ADRA solicita oraciones y apoyo humanitario en medio de las actuales tensiones en Oriente Medio - Iglesia Adventista del S\u00e9ptimo D\u00eda - Divisi\u00f3n Interamericana\",\"isPartOf\":{\"@id\":\"https:\\\/\\\/interamerica.org\\\/es\\\/#website\"},\"primaryImageOfPage\":{\"@id\":\"https:\\\/\\\/interamerica.org\\\/es\\\/2026\\\/03\\\/adra-solicita-oraciones-y-apoyo-humanitario-en-medio-de-las-actuales-tensiones-en-oriente-medio\\\/#primaryimage\"},\"image\":{\"@id\":\"https:\\\/\\\/interamerica.org\\\/es\\\/2026\\\/03\\\/adra-solicita-oraciones-y-apoyo-humanitario-en-medio-de-las-actuales-tensiones-en-oriente-medio\\\/#primaryimage\"},\"thumbnailUrl\":\"https:\\\/\\\/interamerica.org\\\/wp-content\\\/uploads\\\/2026\\\/03\\\/baalbak-rubbles-2026.jpg\",\"datePublished\":\"2026-03-06T17:33:33+00:00\",\"dateModified\":\"2026-03-07T00:05:37+00:00\",\"author\":{\"@id\":\"https:\\\/\\\/interamerica.org\\\/es\\\/#\\\/schema\\\/person\\\/29998f2bc2d8bd0d38662909289b54f1\"},\"breadcrumb\":{\"@id\":\"https:\\\/\\\/interamerica.org\\\/es\\\/2026\\\/03\\\/adra-solicita-oraciones-y-apoyo-humanitario-en-medio-de-las-actuales-tensiones-en-oriente-medio\\\/#breadcrumb\"},\"inLanguage\":\"es\",\"potentialAction\":[{\"@type\":\"ReadAction\",\"target\":[\"https:\\\/\\\/interamerica.org\\\/es\\\/2026\\\/03\\\/adra-solicita-oraciones-y-apoyo-humanitario-en-medio-de-las-actuales-tensiones-en-oriente-medio\\\/\"]}]},{\"@type\":\"ImageObject\",\"inLanguage\":\"es\",\"@id\":\"https:\\\/\\\/interamerica.org\\\/es\\\/2026\\\/03\\\/adra-solicita-oraciones-y-apoyo-humanitario-en-medio-de-las-actuales-tensiones-en-oriente-medio\\\/#primaryimage\",\"url\":\"https:\\\/\\\/interamerica.org\\\/wp-content\\\/uploads\\\/2026\\\/03\\\/baalbak-rubbles-2026.jpg\",\"contentUrl\":\"https:\\\/\\\/interamerica.org\\\/wp-content\\\/uploads\\\/2026\\\/03\\\/baalbak-rubbles-2026.jpg\",\"width\":1080,\"height\":810,\"caption\":\"[Fotograf\u00eda: ADRA L\u00edbano]\"},{\"@type\":\"BreadcrumbList\",\"@id\":\"https:\\\/\\\/interamerica.org\\\/es\\\/2026\\\/03\\\/adra-solicita-oraciones-y-apoyo-humanitario-en-medio-de-las-actuales-tensiones-en-oriente-medio\\\/#breadcrumb\",\"itemListElement\":[{\"@type\":\"ListItem\",\"position\":1,\"name\":\"Home\",\"item\":\"https:\\\/\\\/interamerica.org\\\/es\\\/\"},{\"@type\":\"ListItem\",\"position\":2,\"name\":\"ADRA solicita oraciones y apoyo humanitario en medio de las actuales tensiones en Oriente Medio\"}]},{\"@type\":\"WebSite\",\"@id\":\"https:\\\/\\\/interamerica.org\\\/es\\\/#website\",\"url\":\"https:\\\/\\\/interamerica.org\\\/es\\\/\",\"name\":\"Iglesia Adventista del S\u00e9ptimo D\u00eda - Divisi\u00f3n Interamericana\",\"description\":\"\",\"potentialAction\":[{\"@type\":\"SearchAction\",\"target\":{\"@type\":\"EntryPoint\",\"urlTemplate\":\"https:\\\/\\\/interamerica.org\\\/es\\\/?s={search_term_string}\"},\"query-input\":{\"@type\":\"PropertyValueSpecification\",\"valueRequired\":true,\"valueName\":\"search_term_string\"}}],\"inLanguage\":\"es\"},{\"@type\":\"Person\",\"@id\":\"https:\\\/\\\/interamerica.org\\\/es\\\/#\\\/schema\\\/person\\\/29998f2bc2d8bd0d38662909289b54f1\",\"name\":\"libna\",\"image\":{\"@type\":\"ImageObject\",\"inLanguage\":\"es\",\"@id\":\"https:\\\/\\\/secure.gravatar.com\\\/avatar\\\/7c5bd30ae4b47a9ba3c856590957fd1d96dc588bf3ac05719d247e126840331f?s=96&d=mm&r=g\",\"url\":\"https:\\\/\\\/secure.gravatar.com\\\/avatar\\\/7c5bd30ae4b47a9ba3c856590957fd1d96dc588bf3ac05719d247e126840331f?s=96&d=mm&r=g\",\"contentUrl\":\"https:\\\/\\\/secure.gravatar.com\\\/avatar\\\/7c5bd30ae4b47a9ba3c856590957fd1d96dc588bf3ac05719d247e126840331f?s=96&d=mm&r=g\",\"caption\":\"libna\"}}]}<\/script>\n<!-- \/ Yoast SEO plugin. -->","yoast_head_json":{"title":"ADRA solicita oraciones y apoyo humanitario en medio de las actuales tensiones en Oriente Medio - Iglesia Adventista del S\u00e9ptimo D\u00eda - Divisi\u00f3n Interamericana","robots":{"index":"index","follow":"follow","max-snippet":"max-snippet:-1","max-image-preview":"max-image-preview:large","max-video-preview":"max-video-preview:-1"},"canonical":"https:\/\/interamerica.org\/es\/2026\/03\/adra-solicita-oraciones-y-apoyo-humanitario-en-medio-de-las-actuales-tensiones-en-oriente-medio\/","og_locale":"es_ES","og_type":"article","og_title":"ADRA solicita oraciones y apoyo humanitario en medio de las actuales tensiones en Oriente Medio - Iglesia Adventista del S\u00e9ptimo D\u00eda - Divisi\u00f3n Interamericana","og_description":"La agencia moviliza equipos regionales para evaluar necesidades y ayudar a familias vulnerables, al tiempo que insta a la solidaridad y la oraci\u00f3n en todo el mundo. 5 de marzo...","og_url":"https:\/\/interamerica.org\/es\/2026\/03\/adra-solicita-oraciones-y-apoyo-humanitario-en-medio-de-las-actuales-tensiones-en-oriente-medio\/","og_site_name":"Iglesia Adventista del S\u00e9ptimo D\u00eda - Divisi\u00f3n Interamericana","article_published_time":"2026-03-06T17:33:33+00:00","article_modified_time":"2026-03-07T00:05:37+00:00","og_image":[{"width":1080,"height":810,"url":"https:\/\/interamerica.org\/wp-content\/uploads\/2026\/03\/baalbak-rubbles-2026.jpg","type":"image\/jpeg"}],"author":"libna","twitter_card":"summary_large_image","twitter_misc":{"Escrito por":"libna","Tiempo de lectura":"3 minutos"},"schema":{"@context":"https:\/\/schema.org","@graph":[{"@type":"Article","@id":"https:\/\/interamerica.org\/es\/2026\/03\/adra-solicita-oraciones-y-apoyo-humanitario-en-medio-de-las-actuales-tensiones-en-oriente-medio\/#article","isPartOf":{"@id":"https:\/\/interamerica.org\/es\/2026\/03\/adra-solicita-oraciones-y-apoyo-humanitario-en-medio-de-las-actuales-tensiones-en-oriente-medio\/"},"author":{"name":"libna","@id":"https:\/\/interamerica.org\/es\/#\/schema\/person\/29998f2bc2d8bd0d38662909289b54f1"},"headline":"ADRA solicita oraciones y apoyo humanitario en medio de las actuales tensiones en Oriente Medio","datePublished":"2026-03-06T17:33:33+00:00","dateModified":"2026-03-07T00:05:37+00:00","mainEntityOfPage":{"@id":"https:\/\/interamerica.org\/es\/2026\/03\/adra-solicita-oraciones-y-apoyo-humanitario-en-medio-de-las-actuales-tensiones-en-oriente-medio\/"},"wordCount":506,"image":{"@id":"https:\/\/interamerica.org\/es\/2026\/03\/adra-solicita-oraciones-y-apoyo-humanitario-en-medio-de-las-actuales-tensiones-en-oriente-medio\/#primaryimage"},"thumbnailUrl":"https:\/\/interamerica.org\/wp-content\/uploads\/2026\/03\/baalbak-rubbles-2026.jpg","articleSection":["Desde la iglesia mundial","RSS Espa\u00f1ol"],"inLanguage":"es"},{"@type":"WebPage","@id":"https:\/\/interamerica.org\/es\/2026\/03\/adra-solicita-oraciones-y-apoyo-humanitario-en-medio-de-las-actuales-tensiones-en-oriente-medio\/","url":"https:\/\/interamerica.org\/es\/2026\/03\/adra-solicita-oraciones-y-apoyo-humanitario-en-medio-de-las-actuales-tensiones-en-oriente-medio\/","name":"ADRA solicita oraciones y apoyo humanitario en medio de las actuales tensiones en Oriente Medio - Iglesia Adventista del S\u00e9ptimo D\u00eda - Divisi\u00f3n Interamericana","isPartOf":{"@id":"https:\/\/interamerica.org\/es\/#website"},"primaryImageOfPage":{"@id":"https:\/\/interamerica.org\/es\/2026\/03\/adra-solicita-oraciones-y-apoyo-humanitario-en-medio-de-las-actuales-tensiones-en-oriente-medio\/#primaryimage"},"image":{"@id":"https:\/\/interamerica.org\/es\/2026\/03\/adra-solicita-oraciones-y-apoyo-humanitario-en-medio-de-las-actuales-tensiones-en-oriente-medio\/#primaryimage"},"thumbnailUrl":"https:\/\/interamerica.org\/wp-content\/uploads\/2026\/03\/baalbak-rubbles-2026.jpg","datePublished":"2026-03-06T17:33:33+00:00","dateModified":"2026-03-07T00:05:37+00:00","author":{"@id":"https:\/\/interamerica.org\/es\/#\/schema\/person\/29998f2bc2d8bd0d38662909289b54f1"},"breadcrumb":{"@id":"https:\/\/interamerica.org\/es\/2026\/03\/adra-solicita-oraciones-y-apoyo-humanitario-en-medio-de-las-actuales-tensiones-en-oriente-medio\/#breadcrumb"},"inLanguage":"es","potentialAction":[{"@type":"ReadAction","target":["https:\/\/interamerica.org\/es\/2026\/03\/adra-solicita-oraciones-y-apoyo-humanitario-en-medio-de-las-actuales-tensiones-en-oriente-medio\/"]}]},{"@type":"ImageObject","inLanguage":"es","@id":"https:\/\/interamerica.org\/es\/2026\/03\/adra-solicita-oraciones-y-apoyo-humanitario-en-medio-de-las-actuales-tensiones-en-oriente-medio\/#primaryimage","url":"https:\/\/interamerica.org\/wp-content\/uploads\/2026\/03\/baalbak-rubbles-2026.jpg","contentUrl":"https:\/\/interamerica.org\/wp-content\/uploads\/2026\/03\/baalbak-rubbles-2026.jpg","width":1080,"height":810,"caption":"[Fotograf\u00eda: ADRA L\u00edbano]"},{"@type":"BreadcrumbList","@id":"https:\/\/interamerica.org\/es\/2026\/03\/adra-solicita-oraciones-y-apoyo-humanitario-en-medio-de-las-actuales-tensiones-en-oriente-medio\/#breadcrumb","itemListElement":[{"@type":"ListItem","position":1,"name":"Home","item":"https:\/\/interamerica.org\/es\/"},{"@type":"ListItem","position":2,"name":"ADRA solicita oraciones y apoyo humanitario en medio de las actuales tensiones en Oriente Medio"}]},{"@type":"WebSite","@id":"https:\/\/interamerica.org\/es\/#website","url":"https:\/\/interamerica.org\/es\/","name":"Iglesia Adventista del S\u00e9ptimo D\u00eda - Divisi\u00f3n Interamericana","description":"","potentialAction":[{"@type":"SearchAction","target":{"@type":"EntryPoint","urlTemplate":"https:\/\/interamerica.org\/es\/?s={search_term_string}"},"query-input":{"@type":"PropertyValueSpecification","valueRequired":true,"valueName":"search_term_string"}}],"inLanguage":"es"},{"@type":"Person","@id":"https:\/\/interamerica.org\/es\/#\/schema\/person\/29998f2bc2d8bd0d38662909289b54f1","name":"libna","image":{"@type":"ImageObject","inLanguage":"es","@id":"https:\/\/secure.gravatar.com\/avatar\/7c5bd30ae4b47a9ba3c856590957fd1d96dc588bf3ac05719d247e126840331f?s=96&d=mm&r=g","url":"https:\/\/secure.gravatar.com\/avatar\/7c5bd30ae4b47a9ba3c856590957fd1d96dc588bf3ac05719d247e126840331f?s=96&d=mm&r=g","contentUrl":"https:\/\/secure.gravatar.com\/avatar\/7c5bd30ae4b47a9ba3c856590957fd1d96dc588bf3ac05719d247e126840331f?s=96&d=mm&r=g","caption":"libna"}}]}},"_links":{"self":[{"href":"https:\/\/interamerica.org\/es\/wp-json\/wp\/v2\/posts\/140021","targetHints":{"allow":["GET"]}}],"collection":[{"href":"https:\/\/interamerica.org\/es\/wp-json\/wp\/v2\/posts"}],"about":[{"href":"https:\/\/interamerica.org\/es\/wp-json\/wp\/v2\/types\/post"}],"author":[{"embeddable":true,"href":"https:\/\/interamerica.org\/es\/wp-json\/wp\/v2\/users\/3"}],"replies":[{"embeddable":true,"href":"https:\/\/interamerica.org\/es\/wp-json\/wp\/v2\/comments?post=140021"}],"version-history":[{"count":1,"href":"https:\/\/interamerica.org\/es\/wp-json\/wp\/v2\/posts\/140021\/revisions"}],"predecessor-version":[{"id":140071,"href":"https:\/\/interamerica.org\/es\/wp-json\/wp\/v2\/posts\/140021\/revisions\/140071"}],"wp:featuredmedia":[{"embeddable":true,"href":"https:\/\/interamerica.org\/es\/wp-json\/wp\/v2\/media\/140023"}],"wp:attachment":[{"href":"https:\/\/interamerica.org\/es\/wp-json\/wp\/v2\/media?parent=140021"}],"wp:term":[{"taxonomy":"category","embeddable":true,"href":"https:\/\/interamerica.org\/es\/wp-json\/wp\/v2\/categories?post=140021"},{"taxonomy":"post_tag","embeddable":true,"href":"https:\/\/interamerica.org\/es\/wp-json\/wp\/v2\/tags?post=140021"}],"curies":[{"name":"wp","href":"https:\/\/api.w.org\/{rel}","templated":true}]}}