{"id":140087,"date":"2026-03-06T17:40:18","date_gmt":"2026-03-06T22:40:18","guid":{"rendered":"https:\/\/interamerica.org\/?p=140087"},"modified":"2026-03-06T20:58:54","modified_gmt":"2026-03-07T01:58:54","slug":"lideres-de-la-division-interamericana-se-comprometen-a-movilizar-a-la-iglesia-para-la-mision-en-todo-el-territorio","status":"publish","type":"post","link":"https:\/\/interamerica.org\/es\/2026\/03\/lideres-de-la-division-interamericana-se-comprometen-a-movilizar-a-la-iglesia-para-la-mision-en-todo-el-territorio\/","title":{"rendered":"L\u00edderes de la Divisi\u00f3n Interamericana se comprometen a movilizar a la iglesia para la misi\u00f3n en todo el territorio"},"content":{"rendered":"<p><div id=\"attachment_140032\" style=\"width: 958px\" class=\"wp-caption aligncenter\"><img fetchpriority=\"high\" decoding=\"async\" aria-describedby=\"caption-attachment-140032\" class=\" wp-image-140032\" src=\"https:\/\/interamerica.org\/wp-content\/uploads\/2026\/03\/abrahamsandoval-impact26-leadershipsummit.jpg\" alt=\"\" width=\"948\" height=\"632\" srcset=\"https:\/\/interamerica.org\/wp-content\/uploads\/2026\/03\/abrahamsandoval-impact26-leadershipsummit.jpg 1000w, https:\/\/interamerica.org\/wp-content\/uploads\/2026\/03\/abrahamsandoval-impact26-leadershipsummit-300x200.jpg 300w, https:\/\/interamerica.org\/wp-content\/uploads\/2026\/03\/abrahamsandoval-impact26-leadershipsummit-768x512.jpg 768w\" sizes=\"(max-width: 948px) 100vw, 948px\" \/><p id=\"caption-attachment-140032\" class=\"wp-caption-text\">El pastor Abraham Sandoval, presidente de la Uni\u00f3n Mexicana Interoce\u00e1nica, anuncia planes de establecer nueve mil lugares de predicaci\u00f3n en su territorio como parte de la iniciativa Impacto 2028 presentada durante la Cumbre de Liderazgo I Will Go: Vivir la Misi\u00f3n llevada a cabo en Riviera Maya, Quintana Roo, M\u00e9xico, del 1 al 3 de marzo de 2026. [Fotograf\u00eda: Daniel Gallardo\/DIA]<\/p><\/div><em> Cerca de 600 administradores revisan prioridades estrat\u00e9gicas e iniciativas destinadas a fortalecer la misi\u00f3n en toda Interam\u00e9rica hasta 2030.<\/em><\/p>\n<p>6 de marzo de 2026 | Riviera Maya, Quintana Roo, M\u00e9xico | Libna Stevens, Noticias de la Divisi\u00f3n Interamericana<\/p>\n<p>Los principales administradores adventistas del s\u00e9ptimo d\u00eda de las 25 uniones y 156 campos locales de toda la Divisi\u00f3n Interamericana (IAD) se comprometieron a usar su liderazgo, talentos e influencia para movilizar a l\u00edderes y miembros de iglesia y proclamar el mensaje de salvaci\u00f3n en sus comunidades durante los pr\u00f3ximos cinco a\u00f1os.<\/p>\n<p>El compromiso se llev\u00f3 a cabo en momentos en que casi 600 l\u00edderes conclu\u00edan una cumbre de liderazgo de tres d\u00edas el 3 de marzo en M\u00e9xico, donde se revisaron las principales prioridades e iniciativas estrat\u00e9gicas de <em>I Will Go: Vivir la Misi\u00f3n<\/em>.<\/p>\n<p><div id=\"attachment_140047\" style=\"width: 938px\" class=\"wp-caption aligncenter\"><img decoding=\"async\" aria-describedby=\"caption-attachment-140047\" class=\" wp-image-140047\" src=\"https:\/\/interamerica.org\/wp-content\/uploads\/2026\/03\/abnerdelossantos-bible-leadershipsummit-mar3.jpg\" alt=\"\" width=\"928\" height=\"619\" srcset=\"https:\/\/interamerica.org\/wp-content\/uploads\/2026\/03\/abnerdelossantos-bible-leadershipsummit-mar3.jpg 1000w, https:\/\/interamerica.org\/wp-content\/uploads\/2026\/03\/abnerdelossantos-bible-leadershipsummit-mar3-300x200.jpg 300w, https:\/\/interamerica.org\/wp-content\/uploads\/2026\/03\/abnerdelossantos-bible-leadershipsummit-mar3-768x512.jpg 768w\" sizes=\"(max-width: 928px) 100vw, 928px\" \/><p id=\"caption-attachment-140047\" class=\"wp-caption-text\">El pastor Abner De los Santos, presidente de la Divisi\u00f3n Interamericana, habla con la Biblia en mano sobre la importancia de estar llenos del Esp\u00edritu Santo mientras los l\u00edderes gu\u00edan la misi\u00f3n de la iglesia en todo el territorio. [Fotograf\u00eda: Daniel Gallardo\/DIA]<\/p><\/div>Sobre la base de las Escrituras y alineado con el enfoque misionero global de la Asociaci\u00f3n General, el marco estrat\u00e9gico enfatiza la implementaci\u00f3n pr\u00e1ctica en todo el territorio de la divisi\u00f3n, permitiendo a las iglesias locales que adapten el plan a sus contextos \u00fanicos.<\/p>\n<p>Sobre la base del mandato b\u00edblico de Mateo 28 y Apocalipsis 14, la iniciativa <a href=\"https:\/\/interamerica.org\/es\/project\/i-will-go-2020-2025\/\"> \u201cI Will Go: Vivir la Misi\u00f3n\u201d<\/a> busca alinear las actividades de las entidades eclesi\u00e1sticas en toda Interam\u00e9rica a la vez que empodera a las congregaciones locales para que experimenten la renovaci\u00f3n espiritual y el crecimiento orientado a la misi\u00f3n.<\/p>\n<p><strong>Los l\u00edderes reciben el reto de abrazar la misi\u00f3n<\/strong><\/p>\n<p>Durante la sesi\u00f3n de clausura, el presidente de la Divisi\u00f3n Interamericana, el pastor Abner De los Santos, desafi\u00f3 a los presidentes de las uniones y a los l\u00edderes locales de las asociaciones y misiones a que asuman plenamente su responsabilidad en pro del avance de la misi\u00f3n de la iglesia.<\/p>\n<p><div id=\"attachment_140037\" style=\"width: 1010px\" class=\"wp-caption aligncenter\"><img decoding=\"async\" aria-describedby=\"caption-attachment-140037\" class=\"size-full wp-image-140037\" src=\"https:\/\/interamerica.org\/wp-content\/uploads\/2026\/03\/aldoperez-cuba-leadershipsummit-impact28.jpg\" alt=\"\" width=\"1000\" height=\"667\" srcset=\"https:\/\/interamerica.org\/wp-content\/uploads\/2026\/03\/aldoperez-cuba-leadershipsummit-impact28.jpg 1000w, https:\/\/interamerica.org\/wp-content\/uploads\/2026\/03\/aldoperez-cuba-leadershipsummit-impact28-300x200.jpg 300w, https:\/\/interamerica.org\/wp-content\/uploads\/2026\/03\/aldoperez-cuba-leadershipsummit-impact28-768x512.jpg 768w\" sizes=\"(max-width: 1000px) 100vw, 1000px\" \/><p id=\"caption-attachment-140037\" class=\"wp-caption-text\">El pastor Aldo P\u00e9rez, presidente de la Uni\u00f3n Asociaci\u00f3n Cubana, anuncia el compromiso de tener 1520 lugares de predicaci\u00f3n en Cuba como parte de la iniciativa Impacto 2028, durante la ceremonia de clausura. [Fotograf\u00eda: Daniel Gallardo\/DIA]<\/p><\/div>\u201cEs hora de que la iglesia madure para honra y gloria de Dios\u201d, dijo De los Santos. \u201cDebemos desafiar a la iglesia para que cumpla su misi\u00f3n, mientras caminamos junto a nuestros miembros, de manera que tengamos una iglesia lista para encontrarse con Cristo\u201d.<\/p>\n<p>Dirigi\u00e9ndose directamente a los presidentes de las uniones, los inst\u00f3 a inspirar a la iglesia en general para que se sume a la misi\u00f3n.<\/p>\n<p>\u201c\u00bfEst\u00e1n dispuestos a usar su influencia, sus talentos y su liderazgo para cumplir la misi\u00f3n que Dios nos ha confiado?\u201d, pregunt\u00f3. \u201cTenemos que alzar la voz para que toda la iglesia pueda avanzar junta con una sola voz\u201d.<\/p>\n<p><div id=\"attachment_140053\" style=\"width: 1010px\" class=\"wp-caption aligncenter\"><img loading=\"lazy\" decoding=\"async\" aria-describedby=\"caption-attachment-140053\" class=\"size-full wp-image-140053\" src=\"https:\/\/interamerica.org\/wp-content\/uploads\/2026\/03\/alpowell-agenda-leadershipsummit.jpg\" alt=\"\" width=\"1000\" height=\"667\" srcset=\"https:\/\/interamerica.org\/wp-content\/uploads\/2026\/03\/alpowell-agenda-leadershipsummit.jpg 1000w, https:\/\/interamerica.org\/wp-content\/uploads\/2026\/03\/alpowell-agenda-leadershipsummit-300x200.jpg 300w, https:\/\/interamerica.org\/wp-content\/uploads\/2026\/03\/alpowell-agenda-leadershipsummit-768x512.jpg 768w\" sizes=\"(max-width: 1000px) 100vw, 1000px\" \/><p id=\"caption-attachment-140053\" class=\"wp-caption-text\">El pastor Abner De los Santos, presidente de la Divisi\u00f3n Interamericana, presenta un libro especial de agenda al pastor Al Powell, presidente de la Uni\u00f3n Misi\u00f3n de Belice, durante la ceremonia de clausura de la cumbre de liderazgo de la Divisi\u00f3n Interamericana del 3 de marzo de 2026. [Fotograf\u00eda: Daniel Gallardo\/DIA]<\/p><\/div>Se invit\u00f3 entonces a los presidentes de las uniones al escenario para afirmar p\u00fablicamente su compromiso de avanzar en la misi\u00f3n en sus territorios. Cada uno con sus administradores presentes recibi\u00f3 una agenda de planificaci\u00f3n, destinada a ayudar a guiar y efectuar un seguimiento de la implementaci\u00f3n de las iniciativas estrat\u00e9gicas de la divisi\u00f3n.<\/p>\n<p><strong>Afirmaci\u00f3n del \u00e9nfasis en la misi\u00f3n<\/strong><\/p>\n<p>La tesorera de la Divisi\u00f3n Interamericana, Ivelisse Herrera, tambi\u00e9n inst\u00f3 a los l\u00edderes financieros a que reafirmen el prop\u00f3sito de las finanzas de la iglesia para avanzar en la misi\u00f3n.<\/p>\n<p>\u201cTenemos que reconocer que las finanzas de la iglesia no son un fin en s\u00ed mismas\u201d, dijo Herrera. \u201cSon un instrumento sagrado al servicio de la misi\u00f3n\u201d.<\/p>\n<p><div id=\"attachment_140052\" style=\"width: 1010px\" class=\"wp-caption aligncenter\"><img loading=\"lazy\" decoding=\"async\" aria-describedby=\"caption-attachment-140052\" class=\"size-full wp-image-140052\" src=\"https:\/\/interamerica.org\/wp-content\/uploads\/2026\/03\/ivelisse-herrera-finalcharge-leadershipsummit.jpg\" alt=\"\" width=\"1000\" height=\"667\" srcset=\"https:\/\/interamerica.org\/wp-content\/uploads\/2026\/03\/ivelisse-herrera-finalcharge-leadershipsummit.jpg 1000w, https:\/\/interamerica.org\/wp-content\/uploads\/2026\/03\/ivelisse-herrera-finalcharge-leadershipsummit-300x200.jpg 300w, https:\/\/interamerica.org\/wp-content\/uploads\/2026\/03\/ivelisse-herrera-finalcharge-leadershipsummit-768x512.jpg 768w\" sizes=\"(max-width: 1000px) 100vw, 1000px\" \/><p id=\"caption-attachment-140052\" class=\"wp-caption-text\">Ivelisse Herrera, tesorera de la Divisi\u00f3n Interamericana, hace un llamado a los l\u00edderes financieros para que mantengan los recursos de la iglesia centrados en las iniciativas misioneras durante la ceremonia de clausura del 3 de marzo, mientras que los presidentes de las uniones y los l\u00edderes de la Divisi\u00f3n Interamericana se suman a ese compromiso. [Fotograf\u00eda: Daniel Gallardo\/DIA]<\/p><\/div>Inst\u00f3 a los tesoreros de las uniones y a los campos locales a que se aseguren de que los presupuestos, las decisiones financieras y los informes apoyen la labor de evangelizaci\u00f3n.<\/p>\n<p>\u201cTodo lo que hacemos tiene que servir al avance de la obra de Dios y a la predicaci\u00f3n del evangelio\u201d, expres\u00f3.<\/p>\n<p>Herrera a\u00f1adi\u00f3 que el fortalecimiento de los sistemas financieros de la iglesia ser\u00e1 esencial para apoyar las iniciativas misioneras en toda la divisi\u00f3n.<\/p>\n<p><div id=\"attachment_140046\" style=\"width: 1010px\" class=\"wp-caption aligncenter\"><img loading=\"lazy\" decoding=\"async\" aria-describedby=\"caption-attachment-140046\" class=\"size-full wp-image-140046\" src=\"https:\/\/interamerica.org\/wp-content\/uploads\/2026\/03\/abnerdelossantos-roadmap-sp.jpg\" alt=\"\" width=\"1000\" height=\"667\" srcset=\"https:\/\/interamerica.org\/wp-content\/uploads\/2026\/03\/abnerdelossantos-roadmap-sp.jpg 1000w, https:\/\/interamerica.org\/wp-content\/uploads\/2026\/03\/abnerdelossantos-roadmap-sp-300x200.jpg 300w, https:\/\/interamerica.org\/wp-content\/uploads\/2026\/03\/abnerdelossantos-roadmap-sp-768x512.jpg 768w\" sizes=\"(max-width: 1000px) 100vw, 1000px\" \/><p id=\"caption-attachment-140046\" class=\"wp-caption-text\">Abner De los Santos, presidente de la Divisi\u00f3n Interamericana, presenta la hoja de ruta del plan estrat\u00e9gico para los pr\u00f3ximos cinco a\u00f1os durante la cumbre de liderazgo de la Divisi\u00f3n Interamericana en Riviera Maya, M\u00e9xico. [Fotograf\u00eda: Daniel Gallardo\/DIA]<\/p><\/div>\u201cNuestra iglesia est\u00e1 dedicada a una misi\u00f3n que requiere tanto consagraci\u00f3n como recursos\u201d, expres\u00f3. \u201cY aceptamos ese desaf\u00edo, confiando en que Dios proveer\u00e1 lo necesario para su obra\u201d.<\/p>\n<p><strong>Secretarios comprometidos con una administraci\u00f3n enfocada en la misi\u00f3n<\/strong><\/p>\n<p>El secretario ejecutivo de la Divisi\u00f3n Interamericana, el pastor Pierre Caporal, que se uni\u00f3 a la sesi\u00f3n de forma virtual, afirm\u00f3 que la secretar\u00eda apoyar\u00e1 activamente el \u00e9nfasis en la misi\u00f3n en todo el territorio.<\/p>\n<p>\u201cNos comprometemos a \u2018Vivir la Misi\u00f3n\u2019 y a convertir la secretar\u00eda en una agencia para la misi\u00f3n\u201d, dijo Caporal. \u201cUtilizaremos todas las herramientas disponibles \u2014reglamentarias, del manual de la iglesia y los sistemas administrativos\u2014 para avanzar en la misi\u00f3n en toda la Divisi\u00f3n Interamericana\u201d.<\/p>\n<p><div id=\"attachment_140048\" style=\"width: 1010px\" class=\"wp-caption aligncenter\"><img loading=\"lazy\" decoding=\"async\" aria-describedby=\"caption-attachment-140048\" class=\"size-full wp-image-140048\" src=\"https:\/\/interamerica.org\/wp-content\/uploads\/2026\/03\/iad-leaders-lookat-sp.jpg\" alt=\"\" width=\"1000\" height=\"667\" srcset=\"https:\/\/interamerica.org\/wp-content\/uploads\/2026\/03\/iad-leaders-lookat-sp.jpg 1000w, https:\/\/interamerica.org\/wp-content\/uploads\/2026\/03\/iad-leaders-lookat-sp-300x200.jpg 300w, https:\/\/interamerica.org\/wp-content\/uploads\/2026\/03\/iad-leaders-lookat-sp-768x512.jpg 768w\" sizes=\"(max-width: 1000px) 100vw, 1000px\" \/><p id=\"caption-attachment-140048\" class=\"wp-caption-text\">Los administradores revisan el folleto del plan estrat\u00e9gico durante la cumbre de liderazgo de la Divisi\u00f3n Interamericana en Riviera Maya, M\u00e9xico. [Fotograf\u00eda: Daniel Gallardo\/DIA]<\/p><\/div>Caporal invit\u00f3 a los secretarios ejecutivos de las uniones y asociaciones a que se sumen al compromiso de apoyar la evangelizaci\u00f3n y el crecimiento de la iglesia por medio de su trabajo administrativo.<\/p>\n<p><strong>Iniciativas estrat\u00e9gicas para impulsar la misi\u00f3n<\/strong><\/p>\n<p>Para trasladar la visi\u00f3n estrat\u00e9gica a la acci\u00f3n, los l\u00edderes de la Divisi\u00f3n Interamericana expusieron tres grandes iniciativas destinadas a movilizar a las iglesias durante todo el quinquenio:<\/p>\n<p><em><a href=\"https:\/\/onevoice27.org\/en\">OneVoice27<\/a> <\/em>culminar\u00e1 con una celebraci\u00f3n a nivel de todo el territorio en septiembre de 2027, que conmemorar\u00e1 los dos mil a\u00f1os del bautismo de Jes\u00fas. La iniciativa combinar\u00e1 una gran divulgaci\u00f3n medi\u00e1tica con una activa participaci\u00f3n en las iglesias locales, fomentando la participaci\u00f3n en estudios b\u00edblicos y conectando a las personas con Jes\u00fas mediante iniciativas coordinadas lideradas por departamentos y ministerios en toda la Divisi\u00f3n Interamericana.<\/p>\n<p><div id=\"attachment_140040\" style=\"width: 970px\" class=\"wp-caption aligncenter\"><img loading=\"lazy\" decoding=\"async\" aria-describedby=\"caption-attachment-140040\" class=\" wp-image-140040\" src=\"https:\/\/interamerica.org\/wp-content\/uploads\/2026\/03\/abelmarquez-sb-leadership-mar-3.jpg\" alt=\"\" width=\"960\" height=\"640\" srcset=\"https:\/\/interamerica.org\/wp-content\/uploads\/2026\/03\/abelmarquez-sb-leadership-mar-3.jpg 1000w, https:\/\/interamerica.org\/wp-content\/uploads\/2026\/03\/abelmarquez-sb-leadership-mar-3-300x200.jpg 300w, https:\/\/interamerica.org\/wp-content\/uploads\/2026\/03\/abelmarquez-sb-leadership-mar-3-768x512.jpg 768w\" sizes=\"(max-width: 960px) 100vw, 960px\" \/><p id=\"caption-attachment-140040\" class=\"wp-caption-text\">Abel M\u00e1rquez, director de comunicaci\u00f3n de la Divisi\u00f3n Interamericana, presenta la iniciativa OneVoice27, que combinar\u00e1 la divulgaci\u00f3n medi\u00e1tica y la participaci\u00f3n de la iglesia local para conectar a las personas con Jes\u00fas en todo el territorio. [Fotograf\u00eda: Daniel Gallardo\/DIA]<\/p><\/div><em>Impacto 2028<\/em> busca establecer al menos cien mil centros de predicaci\u00f3n en toda Interam\u00e9rica. Durante la cumbre, los presidentes de las uniones anunciaron los proyectos de lugares para predicar en sus territorios, que suman aproximadamente 93 mil sitios, con un compromiso colectivo de alcanzar la meta de cien mil.<\/p>\n<p><em>Cada iglesia, una iglesia<\/em> desaf\u00eda a cada congregaci\u00f3n organizada de la divisi\u00f3n a establecer una nueva iglesia para 2030.<\/p>\n<p><div id=\"attachment_140038\" style=\"width: 959px\" class=\"wp-caption aligncenter\"><img loading=\"lazy\" decoding=\"async\" aria-describedby=\"caption-attachment-140038\" class=\" wp-image-140038\" src=\"https:\/\/interamerica.org\/wp-content\/uploads\/2026\/03\/impacto28-leadershipsummitmar-3.jpg\" alt=\"\" width=\"949\" height=\"633\" srcset=\"https:\/\/interamerica.org\/wp-content\/uploads\/2026\/03\/impacto28-leadershipsummitmar-3.jpg 1000w, https:\/\/interamerica.org\/wp-content\/uploads\/2026\/03\/impacto28-leadershipsummitmar-3-300x200.jpg 300w, https:\/\/interamerica.org\/wp-content\/uploads\/2026\/03\/impacto28-leadershipsummitmar-3-768x512.jpg 768w\" sizes=\"(max-width: 949px) 100vw, 949px\" \/><p id=\"caption-attachment-140038\" class=\"wp-caption-text\">Josney Rodr\u00edguez, secretario de la Asociaci\u00f3n Ministerial de la Divisi\u00f3n Interamericana, presenta la iniciativa Impacto 2028, que movilizar\u00e1 a las iglesias para que establezcan cien mil lugares de predicaci\u00f3n en todo el territorio. [Fotograf\u00eda: Daniel Gallardo\/DIA]<\/p><\/div><strong>Fortalecimiento de las iglesias para que se reproduzcan<\/strong><\/p>\n<p>Los l\u00edderes de la iglesia describieron la iniciativa de establecimiento de iglesias como una de las prioridades m\u00e1s importantes para la divisi\u00f3n en los pr\u00f3ximos cinco a\u00f1os.<\/p>\n<p>\u201cEn los pr\u00f3ximos cinco a\u00f1os, nada ser\u00e1 m\u00e1s significativo o relevante para Interam\u00e9rica que la iniciativa que presentamos hoy: Cada iglesia, una iglesia\u201d, dijeron los l\u00edderes durante la presentaci\u00f3n.<\/p>\n<p>La iniciativa se centra en fortalecer las congregaciones existentes para que puedan reproducirse de forma natural en lugar de limitarse a dividir las iglesias existentes.<\/p>\n<p><div id=\"attachment_140034\" style=\"width: 958px\" class=\"wp-caption aligncenter\"><img loading=\"lazy\" decoding=\"async\" aria-describedby=\"caption-attachment-140034\" class=\" wp-image-140034\" src=\"https:\/\/interamerica.org\/wp-content\/uploads\/2026\/03\/robertoherrera-everychurch-leaderhip-summit.jpg\" alt=\"\" width=\"948\" height=\"632\" srcset=\"https:\/\/interamerica.org\/wp-content\/uploads\/2026\/03\/robertoherrera-everychurch-leaderhip-summit.jpg 1000w, https:\/\/interamerica.org\/wp-content\/uploads\/2026\/03\/robertoherrera-everychurch-leaderhip-summit-300x200.jpg 300w, https:\/\/interamerica.org\/wp-content\/uploads\/2026\/03\/robertoherrera-everychurch-leaderhip-summit-768x512.jpg 768w\" sizes=\"(max-width: 948px) 100vw, 948px\" \/><p id=\"caption-attachment-140034\" class=\"wp-caption-text\">El pastor Roberto Herrera (izquierda), director de ministerios de mayordom\u00eda de la Divisi\u00f3n Interamericana, presenta la iniciativa \u201cCada iglesia, una iglesia\u201d junto a los l\u00edderes de la Divisi\u00f3n Interamericana, llamando a las congregaciones a que crezcan y establezcan nuevas iglesias durante el actual quinquenio. [Fotograf\u00eda: Daniel Gallardo\/DIA]<\/p><\/div>\u201cNo estamos pidiendo a las uniones ni a los campos locales que dividan las iglesias que ya tienen\u201d, explicaron los l\u00edderes. \u201cEstamos pidiendo a las iglesias que crezcan espiritualmente y se fortalezcan lo suficiente como para generar otra congregaci\u00f3n\u201d.<\/p>\n<p>La iniciativa se desarrollar\u00e1 por medio de un calendario que incluye la movilizaci\u00f3n de congregaciones en 2026, la identificaci\u00f3n de nuevos territorios en 2027, la preparaci\u00f3n del liderazgo en 2028, el establecimiento de nuevas congregaciones en 2029 y la celebraci\u00f3n de los resultados en todo el territorio en 2030.<\/p>\n<p>\u201cEs posible, por la gracia de Dios, que cada iglesia establezca otra iglesia en un plazo de cinco a\u00f1os\u201d, dijo el pastor De los Santos. \u201cPero esto solo se producir\u00e1 cuando la propia iglesia abrace la visi\u00f3n y se comprometa a crecer y madurar\u201d.<\/p>\n<p><div id=\"attachment_140041\" style=\"width: 940px\" class=\"wp-caption aligncenter\"><img loading=\"lazy\" decoding=\"async\" aria-describedby=\"caption-attachment-140041\" class=\" wp-image-140041\" src=\"https:\/\/interamerica.org\/wp-content\/uploads\/2026\/03\/sandrapinto-leadership-sp.jpg\" alt=\"\" width=\"930\" height=\"620\" srcset=\"https:\/\/interamerica.org\/wp-content\/uploads\/2026\/03\/sandrapinto-leadership-sp.jpg 1000w, https:\/\/interamerica.org\/wp-content\/uploads\/2026\/03\/sandrapinto-leadership-sp-300x200.jpg 300w, https:\/\/interamerica.org\/wp-content\/uploads\/2026\/03\/sandrapinto-leadership-sp-768x512.jpg 768w\" sizes=\"(max-width: 930px) 100vw, 930px\" \/><p id=\"caption-attachment-140041\" class=\"wp-caption-text\">Sandra Pinto, directora del ministerio de la mujer y del ministerio infantil y del adolescente de la Divisi\u00f3n Interamericana, presenta iniciativas destinadas a involucrar a miembros de todas las edades en la misi\u00f3n. [Fotograf\u00eda: Daniel Gallardo\/DIA]<\/p><\/div>Los l\u00edderes de la Divisi\u00f3n Interamericana expusieron en profundidad los cuatro pilares del plan estrat\u00e9gico: Comuni\u00f3n con Dios, Identidad en Cristo, Unidad en el Esp\u00edritu para el Servicio y Misi\u00f3n para Todos, as\u00ed como las iniciativas dise\u00f1adas para avanzar en estas prioridades misionales en todo el territorio de la Divisi\u00f3n Interamericana.<\/p>\n<p>Los ni\u00f1os y j\u00f3venes tambi\u00e9n recibir\u00e1n especial \u00e9nfasis durante el quinquenio, dijeron los l\u00edderes de la divisi\u00f3n. \u201cDurante este quinquenio queremos dar especial importancia a los ni\u00f1os y j\u00f3venes\u201d, dijo De los Santos. \u201cNo solo son el futuro de la iglesia, sino que forman parte de la misi\u00f3n del presente\u201d.<\/p>\n<p><div id=\"attachment_140039\" style=\"width: 967px\" class=\"wp-caption aligncenter\"><img loading=\"lazy\" decoding=\"async\" aria-describedby=\"caption-attachment-140039\" class=\" wp-image-140039\" src=\"https:\/\/interamerica.org\/wp-content\/uploads\/2026\/03\/danieltorreblanca-mar3-leadershipsummit.jpg\" alt=\"\" width=\"957\" height=\"638\" srcset=\"https:\/\/interamerica.org\/wp-content\/uploads\/2026\/03\/danieltorreblanca-mar3-leadershipsummit.jpg 1000w, https:\/\/interamerica.org\/wp-content\/uploads\/2026\/03\/danieltorreblanca-mar3-leadershipsummit-300x200.jpg 300w, https:\/\/interamerica.org\/wp-content\/uploads\/2026\/03\/danieltorreblanca-mar3-leadershipsummit-768x512.jpg 768w\" sizes=\"(max-width: 957px) 100vw, 957px\" \/><p id=\"caption-attachment-140039\" class=\"wp-caption-text\">Daniel Torreblanca, director de ministerios juveniles de la Divisi\u00f3n Interamericana, comparte iniciativas dise\u00f1adas para movilizar a los j\u00f3venes en la misi\u00f3n en todo el territorio. [Fotograf\u00eda: Daniel Gallardo\/DIA]<\/p><\/div>Para apoyar la implementaci\u00f3n del plan estrat\u00e9gico en todo el territorio, la Divisi\u00f3n Interamericana proporcionar\u00e1 un conjunto de cinco libros centrados en la misi\u00f3n a cada iglesia organizada y a cada pastor de toda la divisi\u00f3n. La serie de recursos, alineada con los cuatro pilares estrat\u00e9gicos del quinquenio, se distribuir\u00e1 de forma gratuita para ayudar a que los pastores y las congregaciones se mantengan enfocados en la misi\u00f3n durante los pr\u00f3ximos cinco a\u00f1os. Los libros se imprimen en las dos editoriales de la Divisi\u00f3n Interamericana y est\u00e1n destinados a servir como herramientas pr\u00e1cticas para el crecimiento espiritual, el desarrollo del liderazgo y el compromiso con la evangelizaci\u00f3n. Durante la cumbre, varias instituciones y organizaciones de la divisi\u00f3n tambi\u00e9n compartieron c\u00f3mo sus propias iniciativas contribuir\u00e1n a avanzar en las prioridades estrat\u00e9gicas en todo el territorio.<\/p>\n<p><strong>Los l\u00edderes reflexionan sobre las oportunidades de misi\u00f3n<\/strong><\/p>\n<p>Los presidentes de las uniones que asistieron a la cumbre afirmaron que la reuni\u00f3n reforz\u00f3 su determinaci\u00f3n de implementar las iniciativas en sus territorios.<\/p>\n<p><div id=\"attachment_140042\" style=\"width: 1010px\" class=\"wp-caption aligncenter\"><img loading=\"lazy\" decoding=\"async\" aria-describedby=\"caption-attachment-140042\" class=\"size-full wp-image-140042\" src=\"https:\/\/interamerica.org\/wp-content\/uploads\/2026\/03\/ignacionavarro-gema-iadpa-mar3.jpg\" alt=\"\" width=\"1000\" height=\"667\" srcset=\"https:\/\/interamerica.org\/wp-content\/uploads\/2026\/03\/ignacionavarro-gema-iadpa-mar3.jpg 1000w, https:\/\/interamerica.org\/wp-content\/uploads\/2026\/03\/ignacionavarro-gema-iadpa-mar3-300x200.jpg 300w, https:\/\/interamerica.org\/wp-content\/uploads\/2026\/03\/ignacionavarro-gema-iadpa-mar3-768x512.jpg 768w\" sizes=\"(max-width: 1000px) 100vw, 1000px\" \/><p id=\"caption-attachment-140042\" class=\"wp-caption-text\">Ignacio Navarro, presidente de GEMA Editores, explica los planes de imprimir y distribuir libros centrados en la misi\u00f3n a iglesias y pastores de toda la Divisi\u00f3n Interamericana, como parte de la estrategia quinquenal. Sa\u00fal Ortiz, de IADPA, e Isa\u00edas Espinoza, director de ministerios de las publicaciones de la Divisi\u00f3n Interamericana, observan durante la presentaci\u00f3n del 3 de marzo de 2026. [Fotograf\u00eda: Daniel Gallardo\/DIA]<\/p><\/div>El pastor Jos\u00e9 Bouchot, presidente de la Uni\u00f3n Mexicana de Chiapas, destac\u00f3 la sencillez y flexibilidad del plan estrat\u00e9gico.<\/p>\n<p>\u201cLa planificaci\u00f3n estrat\u00e9gica presentada por la divisi\u00f3n es sencilla, pero nos permite adaptarla a nuestro territorio\u201d, dijo Bouchot. \u201cEstamos decididos a trabajar con la iniciativa \u2018Cada iglesia, una iglesia\u2019 y ya planificamos establecer al menos treinta nuevas iglesias cada a\u00f1o en nuevos territorios\u201d.<\/p>\n<p>Bouchot dijo que Chiapas, que actualmente cuenta con m\u00e1s de 3600 iglesias y grupos, espera superar las cuatro mil congregaciones para finales del quinquenio.<\/p>\n<p>\u201cEl mayor desaf\u00edo no es financiero\u201d, a\u00f1adi\u00f3. \u201cEl mayor desaf\u00edo somos nosotros mismos: estar plenamente convencidos y dispuestos a colocar nuestros recursos donde tienen que estar: en la misi\u00f3n\u201d.<\/p>\n<p><div id=\"attachment_140033\" style=\"width: 974px\" class=\"wp-caption aligncenter\"><img loading=\"lazy\" decoding=\"async\" aria-describedby=\"caption-attachment-140033\" class=\" wp-image-140033\" src=\"https:\/\/interamerica.org\/wp-content\/uploads\/2026\/03\/frankgeneus-healthminsitries-leadershipsummit.jpg\" alt=\"\" width=\"964\" height=\"643\" srcset=\"https:\/\/interamerica.org\/wp-content\/uploads\/2026\/03\/frankgeneus-healthminsitries-leadershipsummit.jpg 1000w, https:\/\/interamerica.org\/wp-content\/uploads\/2026\/03\/frankgeneus-healthminsitries-leadershipsummit-300x200.jpg 300w, https:\/\/interamerica.org\/wp-content\/uploads\/2026\/03\/frankgeneus-healthminsitries-leadershipsummit-768x512.jpg 768w\" sizes=\"(max-width: 964px) 100vw, 964px\" \/><p id=\"caption-attachment-140033\" class=\"wp-caption-text\">El doctor Franck Geneus, director de ministerios de salud de la Divisi\u00f3n Interamericana, describe las iniciativas que apoyan el enfoque misional de la iglesia en los pr\u00f3ximos cinco a\u00f1os, durante la cumbre de liderazgo de la Divisi\u00f3n Interamericana en Riviera Maya, M\u00e9xico. [Fotograf\u00eda: Daniel Gallardo\/DIA]<\/p><\/div>El pastor Te\u00f3filo Silvestre, presidente de la Uni\u00f3n Dominicana, afirm\u00f3 que la cumbre aport\u00f3 ideas valiosas y perspectivas administrativas que los l\u00edderes ya planean aplicar en su territorio.<\/p>\n<p>\u201cLa percepci\u00f3n general entre nuestros administradores es que ha sido una reuni\u00f3n excelente\u201d, dijo Silvestre. \u201cYa estamos identificando ideas que podemos replicar y animando a nuestros l\u00edderes a aplicar estas mejores pr\u00e1cticas, para que sigamos en sinton\u00eda con \u2018Vivir la Misi\u00f3n\u2019\u201d.<\/p>\n<p>Silvestre dijo que la Uni\u00f3n Dominicana planea establecer m\u00e1s de tres mil lugares de predicaci\u00f3n como parte de la iniciativa Impacto 2028.<\/p>\n<p><div id=\"attachment_140035\" style=\"width: 1010px\" class=\"wp-caption aligncenter\"><img loading=\"lazy\" decoding=\"async\" aria-describedby=\"caption-attachment-140035\" class=\"size-full wp-image-140035\" src=\"https:\/\/interamerica.org\/wp-content\/uploads\/2026\/03\/nocu-leaders-leadershipsummit-prayer-mar3.jpg\" alt=\"\" width=\"1000\" height=\"667\" srcset=\"https:\/\/interamerica.org\/wp-content\/uploads\/2026\/03\/nocu-leaders-leadershipsummit-prayer-mar3.jpg 1000w, https:\/\/interamerica.org\/wp-content\/uploads\/2026\/03\/nocu-leaders-leadershipsummit-prayer-mar3-300x200.jpg 300w, https:\/\/interamerica.org\/wp-content\/uploads\/2026\/03\/nocu-leaders-leadershipsummit-prayer-mar3-768x512.jpg 768w\" sizes=\"(max-width: 1000px) 100vw, 1000px\" \/><p id=\"caption-attachment-140035\" class=\"wp-caption-text\">Los administradores de la iglesia en la Uni\u00f3n Colombiana del Norte oran juntos por la iniciativa Impacto 2028 durante la cumbre de liderazgo de la Divisi\u00f3n Interamericana, comprometi\u00e9ndose a establecer hasta cien mil lugares de predicaci\u00f3n en todo el territorio. [Fotograf\u00eda: Daniel Gallardo\/DIA]<\/p><\/div>En Venezuela, el pastor Orlando Ram\u00edrez, presidente de la Uni\u00f3n Venezolana Occidental, dijo que el territorio est\u00e1 experimentando una renovada apertura que puede ampliar las oportunidades misioneras.<\/p>\n<p>\u201cHay un gran entusiasmo por el nuevo plan estrat\u00e9gico\u201d, dijo Ram\u00edrez. \u201cHemos visto una fuerte receptividad y aceptaci\u00f3n de las iniciativas presentadas y creemos que existen nuevas oportunidades de divulgaci\u00f3n\u201d.<\/p>\n<p>Ram\u00edrez afirm\u00f3 que el entorno actual en el pa\u00eds est\u00e1 permitiendo a la iglesia imaginar una obra de evangelizaci\u00f3n m\u00e1s amplia y un compromiso m\u00e1s s\u00f3lido con las comunidades.<\/p>\n<p><div id=\"attachment_140043\" style=\"width: 1010px\" class=\"wp-caption aligncenter\"><img loading=\"lazy\" decoding=\"async\" aria-describedby=\"caption-attachment-140043\" class=\"size-full wp-image-140043\" src=\"https:\/\/interamerica.org\/wp-content\/uploads\/2026\/03\/orlandoramirez-wevu-leadershipsummit.jpg\" alt=\"\" width=\"1000\" height=\"667\" srcset=\"https:\/\/interamerica.org\/wp-content\/uploads\/2026\/03\/orlandoramirez-wevu-leadershipsummit.jpg 1000w, https:\/\/interamerica.org\/wp-content\/uploads\/2026\/03\/orlandoramirez-wevu-leadershipsummit-300x200.jpg 300w, https:\/\/interamerica.org\/wp-content\/uploads\/2026\/03\/orlandoramirez-wevu-leadershipsummit-768x512.jpg 768w\" sizes=\"(max-width: 1000px) 100vw, 1000px\" \/><p id=\"caption-attachment-140043\" class=\"wp-caption-text\">El pastor Orlando Ram\u00edrez, presidente de la Uni\u00f3n Venezolana Occidental, reflexiona sobre el renovado entusiasmo de los l\u00edderes de la iglesia en Venezuela por avanzar en el plan estrat\u00e9gico misionero en todo su territorio. [Fotograf\u00eda: Daniel Gallardo\/DIA]<\/p><\/div>El pastor Jos\u00e9 Smith, presidente de la Uni\u00f3n Paname\u00f1a, dijo que la cumbre se produjo en un momento providencial para el territorio, donde muchos administradores han asumido en tiempos recientes nuevas funciones de liderazgo.<\/p>\n<p>\u201cEn Panam\u00e1 tenemos 610 congregaciones y, con la ayuda de Dios, queremos llegar a 1050 para 2030\u201d, dijo Smith. \u201cTambi\u00e9n nos hemos comprometido a crear 3300 centros de predicaci\u00f3n para Impacto 2028\u201d.<\/p>\n<p>Reconoci\u00f3 que llegar a las personas en los edificios de apartamentos de gran altura de Ciudad de Panam\u00e1 supondr\u00e1 un reto, pero dijo que la iglesia est\u00e1 explorando nuevos enfoques para el ministerio de grupos peque\u00f1os y la labor de alcance urbano.<\/p>\n<p><div id=\"attachment_140044\" style=\"width: 1010px\" class=\"wp-caption aligncenter\"><img loading=\"lazy\" decoding=\"async\" aria-describedby=\"caption-attachment-140044\" class=\"wp-image-140044 size-full\" src=\"https:\/\/interamerica.org\/wp-content\/uploads\/2026\/03\/josesmith-leadership-mar3.jpg\" alt=\"\" width=\"1000\" height=\"667\" srcset=\"https:\/\/interamerica.org\/wp-content\/uploads\/2026\/03\/josesmith-leadership-mar3.jpg 1000w, https:\/\/interamerica.org\/wp-content\/uploads\/2026\/03\/josesmith-leadership-mar3-300x200.jpg 300w, https:\/\/interamerica.org\/wp-content\/uploads\/2026\/03\/josesmith-leadership-mar3-768x512.jpg 768w\" sizes=\"(max-width: 1000px) 100vw, 1000px\" \/><p id=\"caption-attachment-140044\" class=\"wp-caption-text\">Jos\u00e9 Smith, presidente de la Uni\u00f3n Paname\u00f1a, explica c\u00f3mo los l\u00edderes de las iglesias en Panam\u00e1 se est\u00e1n preparando para ampliar los centros de predicaci\u00f3n y fortalecer las iniciativas de establecimiento de iglesias en todo el pa\u00eds. [Fotograf\u00eda: Daniel Gallardo\/DIA]<\/p><\/div>\u201cHa llegado el momento de dejar de jugar a la iglesia\u201d, dijo Smith. \u201cSi queremos que Cristo venga, tenemos que dar nuestros mejores por la misi\u00f3n\u201d.<\/p>\n<p>Desde la Asociaci\u00f3n del Caribe Oriental, el pastor Anthony Hall, que es presidente y supervisa Barbados y Dominica, dijo que la cumbre fue valiosa porque permiti\u00f3 que los l\u00edderes del sector participen directamente en conversaciones que moldean el futuro de la iglesia.<\/p>\n<p>\u201cEsto me hace sentir que a nuestros l\u00edderes les importa y quieren escucharnos\u201d, dijo Hall. \u201cNos recuerda que la iglesia avanza cuando todos cumplen su papel y trabajamos juntos\u201d.<\/p>\n<p><div id=\"attachment_140054\" style=\"width: 1010px\" class=\"wp-caption aligncenter\"><img loading=\"lazy\" decoding=\"async\" aria-describedby=\"caption-attachment-140054\" class=\"size-full wp-image-140054\" src=\"https:\/\/interamerica.org\/wp-content\/uploads\/2026\/03\/antohonyhall-ecc-leadershipsummit-mar3.jpg\" alt=\"\" width=\"1000\" height=\"667\" srcset=\"https:\/\/interamerica.org\/wp-content\/uploads\/2026\/03\/antohonyhall-ecc-leadershipsummit-mar3.jpg 1000w, https:\/\/interamerica.org\/wp-content\/uploads\/2026\/03\/antohonyhall-ecc-leadershipsummit-mar3-300x200.jpg 300w, https:\/\/interamerica.org\/wp-content\/uploads\/2026\/03\/antohonyhall-ecc-leadershipsummit-mar3-768x512.jpg 768w\" sizes=\"(max-width: 1000px) 100vw, 1000px\" \/><p id=\"caption-attachment-140054\" class=\"wp-caption-text\">El pastor Anthony Hall, presidente de la Asociaci\u00f3n del Caribe Oriental, comparte de qu\u00e9 manera los l\u00edderes de Barbados y Dominica planean involucrar a miembros y j\u00f3venes en el avance de las iniciativas misioneras de la iglesia. [Fotograf\u00eda: Daniel Gallardo\/DIA]<\/p><\/div>Hall afirm\u00f3 que la misi\u00f3n avanzar\u00e1 no solo gracias a los medios y la tecnolog\u00eda, sino tambi\u00e9n por medio de las relaciones personales y la participaci\u00f3n de las bases dentro de las congregaciones locales.<\/p>\n<p>\u201cSe har\u00e1 realidad cuando personas reales compartan experiencias y hablen entre s\u00ed\u201d, expres\u00f3.<\/p>\n<p>Para el pastor Henry Beltr\u00e1n, presidente de la Uni\u00f3n Colombiana del Sur, la cumbre reforz\u00f3 la sensaci\u00f3n de que la iglesia avanza con mayor unidad y claridad.<\/p>\n<p><div id=\"attachment_140045\" style=\"width: 1010px\" class=\"wp-caption aligncenter\"><img loading=\"lazy\" decoding=\"async\" aria-describedby=\"caption-attachment-140045\" class=\"size-full wp-image-140045\" src=\"https:\/\/interamerica.org\/wp-content\/uploads\/2026\/03\/henry-beltran-leadershipsummit-mar3.jpg\" alt=\"\" width=\"1000\" height=\"667\" srcset=\"https:\/\/interamerica.org\/wp-content\/uploads\/2026\/03\/henry-beltran-leadershipsummit-mar3.jpg 1000w, https:\/\/interamerica.org\/wp-content\/uploads\/2026\/03\/henry-beltran-leadershipsummit-mar3-300x200.jpg 300w, https:\/\/interamerica.org\/wp-content\/uploads\/2026\/03\/henry-beltran-leadershipsummit-mar3-768x512.jpg 768w\" sizes=\"(max-width: 1000px) 100vw, 1000px\" \/><p id=\"caption-attachment-140045\" class=\"wp-caption-text\">El pastor Henry Beltr\u00e1n, presidente de la Uni\u00f3n Colombiana del Sur, describe los esfuerzos por movilizar a miles de grupos peque\u00f1os y miembros para apoyar iniciativas de evangelizaci\u00f3n que conduzcan a One Voice 2027. [Fotograf\u00eda: Daniel Gallardo\/DIA]<\/p><\/div>\u201cM\u00e1s que nunca, la iglesia est\u00e1 unida en un plan estrat\u00e9gico para avanzar juntos en la misi\u00f3n\u201d, expres\u00f3 Beltr\u00e1n.<\/p>\n<p>Beltr\u00e1n afirm\u00f3 que la uni\u00f3n est\u00e1 movilizando a trece mil grupos peque\u00f1os y que espera ver 27 mil bautismos para septiembre de 2027 como parte de la iniciativa OneVoice27. \u201cAhora m\u00e1s que nunca, la iglesia est\u00e1 enfocada en predicar el evangelio\u201d, dijo.<\/p>\n<p><div id=\"attachment_140049\" style=\"width: 1010px\" class=\"wp-caption aligncenter\"><img loading=\"lazy\" decoding=\"async\" aria-describedby=\"caption-attachment-140049\" class=\"size-full wp-image-140049\" src=\"https:\/\/interamerica.org\/wp-content\/uploads\/2026\/03\/iad-leadership-summit-group-photo.jpg\" alt=\"\" width=\"1000\" height=\"448\" srcset=\"https:\/\/interamerica.org\/wp-content\/uploads\/2026\/03\/iad-leadership-summit-group-photo.jpg 1000w, https:\/\/interamerica.org\/wp-content\/uploads\/2026\/03\/iad-leadership-summit-group-photo-300x134.jpg 300w, https:\/\/interamerica.org\/wp-content\/uploads\/2026\/03\/iad-leadership-summit-group-photo-768x344.jpg 768w\" sizes=\"(max-width: 1000px) 100vw, 1000px\" \/><p id=\"caption-attachment-140049\" class=\"wp-caption-text\">Casi 600 administradores adventistas del s\u00e9ptimo d\u00eda de toda la Divisi\u00f3n Interamericana se re\u00fanen para una foto grupal durante la cumbre de liderazgo celebrada en Riviera Maya, Quintana Roo, M\u00e9xico, del 1 al 3 de marzo de 2026, donde los l\u00edderes revisaron las prioridades estrat\u00e9gicas de la misi\u00f3n para los pr\u00f3ximos cinco a\u00f1os. [Fotograf\u00eda: Daniel Gallardo\/DIA]<\/p><\/div>Al concluir la cumbre, los l\u00edderes se unieron en un momento de dedicaci\u00f3n, repitiendo el compromiso <em>I Will Go: Vivir la Misi\u00f3n<\/em>.<\/p>\n<p>\u201cEstamos aqu\u00ed porque compartimos un compromiso\u201d, dijo el pastor De los Santos. \u201cUn compromiso de ir e inspirar a la iglesia para que viva la misi\u00f3n, porque Jes\u00fas vendr\u00e1 pronto\u201d, dijo.<\/p>\n<p>Traducci\u00f3n de Marcos Paseggi<\/p>\n","protected":false},"excerpt":{"rendered":"<p>Cerca de 600 administradores revisan prioridades estrat\u00e9gicas e iniciativas destinadas a fortalecer la misi\u00f3n en toda Interam\u00e9rica hasta 2030. 6 de marzo de 2026 | Riviera Maya, Quintana Roo, M\u00e9xico&#8230;<\/p>\n","protected":false},"author":3,"featured_media":140088,"comment_status":"closed","ping_status":"closed","sticky":false,"template":"","format":"standard","meta":{"_acf_changed":false,"footnotes":""},"categories":[16,15],"tags":[],"class_list":["post-140087","post","type-post","status-publish","format-standard","has-post-thumbnail","hentry","category-desde-la-sede","category-rss-espanol"],"acf":[],"yoast_head":"<!-- This site is optimized with the Yoast SEO plugin v27.3 - https:\/\/yoast.com\/product\/yoast-seo-wordpress\/ -->\n<title>L\u00edderes de la Divisi\u00f3n Interamericana se comprometen a movilizar a la iglesia para la misi\u00f3n en todo el territorio - Iglesia Adventista del S\u00e9ptimo D\u00eda - Divisi\u00f3n Interamericana<\/title>\n<meta name=\"robots\" content=\"index, follow, max-snippet:-1, max-image-preview:large, max-video-preview:-1\" \/>\n<link rel=\"canonical\" href=\"https:\/\/interamerica.org\/es\/2026\/03\/lideres-de-la-division-interamericana-se-comprometen-a-movilizar-a-la-iglesia-para-la-mision-en-todo-el-territorio\/\" \/>\n<meta property=\"og:locale\" content=\"es_ES\" \/>\n<meta property=\"og:type\" content=\"article\" \/>\n<meta property=\"og:title\" content=\"L\u00edderes de la Divisi\u00f3n Interamericana se comprometen a movilizar a la iglesia para la misi\u00f3n en todo el territorio - Iglesia Adventista del S\u00e9ptimo D\u00eda - Divisi\u00f3n Interamericana\" \/>\n<meta property=\"og:description\" content=\"Cerca de 600 administradores revisan prioridades estrat\u00e9gicas e iniciativas destinadas a fortalecer la misi\u00f3n en toda Interam\u00e9rica hasta 2030. 6 de marzo de 2026 | Riviera Maya, Quintana Roo, M\u00e9xico...\" \/>\n<meta property=\"og:url\" content=\"https:\/\/interamerica.org\/es\/2026\/03\/lideres-de-la-division-interamericana-se-comprometen-a-movilizar-a-la-iglesia-para-la-mision-en-todo-el-territorio\/\" \/>\n<meta property=\"og:site_name\" content=\"Iglesia Adventista del S\u00e9ptimo D\u00eda - Divisi\u00f3n Interamericana\" \/>\n<meta property=\"article:published_time\" content=\"2026-03-06T22:40:18+00:00\" \/>\n<meta property=\"article:modified_time\" content=\"2026-03-07T01:58:54+00:00\" \/>\n<meta property=\"og:image\" content=\"https:\/\/interamerica.org\/wp-content\/uploads\/2026\/03\/abrahamsandoval-impact26-leadershipsummit.jpg\" \/>\n\t<meta property=\"og:image:width\" content=\"1000\" \/>\n\t<meta property=\"og:image:height\" content=\"667\" \/>\n\t<meta property=\"og:image:type\" content=\"image\/jpeg\" \/>\n<meta name=\"author\" content=\"libna\" \/>\n<meta name=\"twitter:card\" content=\"summary_large_image\" \/>\n<meta name=\"twitter:label1\" content=\"Escrito por\" \/>\n\t<meta name=\"twitter:data1\" content=\"libna\" \/>\n\t<meta name=\"twitter:label2\" content=\"Tiempo de lectura\" \/>\n\t<meta name=\"twitter:data2\" content=\"18 minutos\" \/>\n<script type=\"application\/ld+json\" class=\"yoast-schema-graph\">{\"@context\":\"https:\\\/\\\/schema.org\",\"@graph\":[{\"@type\":\"Article\",\"@id\":\"https:\\\/\\\/interamerica.org\\\/es\\\/2026\\\/03\\\/lideres-de-la-division-interamericana-se-comprometen-a-movilizar-a-la-iglesia-para-la-mision-en-todo-el-territorio\\\/#article\",\"isPartOf\":{\"@id\":\"https:\\\/\\\/interamerica.org\\\/es\\\/2026\\\/03\\\/lideres-de-la-division-interamericana-se-comprometen-a-movilizar-a-la-iglesia-para-la-mision-en-todo-el-territorio\\\/\"},\"author\":{\"name\":\"libna\",\"@id\":\"https:\\\/\\\/interamerica.org\\\/es\\\/#\\\/schema\\\/person\\\/29998f2bc2d8bd0d38662909289b54f1\"},\"headline\":\"L\u00edderes de la Divisi\u00f3n Interamericana se comprometen a movilizar a la iglesia para la misi\u00f3n en todo el territorio\",\"datePublished\":\"2026-03-06T22:40:18+00:00\",\"dateModified\":\"2026-03-07T01:58:54+00:00\",\"mainEntityOfPage\":{\"@id\":\"https:\\\/\\\/interamerica.org\\\/es\\\/2026\\\/03\\\/lideres-de-la-division-interamericana-se-comprometen-a-movilizar-a-la-iglesia-para-la-mision-en-todo-el-territorio\\\/\"},\"wordCount\":3405,\"image\":{\"@id\":\"https:\\\/\\\/interamerica.org\\\/es\\\/2026\\\/03\\\/lideres-de-la-division-interamericana-se-comprometen-a-movilizar-a-la-iglesia-para-la-mision-en-todo-el-territorio\\\/#primaryimage\"},\"thumbnailUrl\":\"https:\\\/\\\/interamerica.org\\\/wp-content\\\/uploads\\\/2026\\\/03\\\/abrahamsandoval-impact26-leadershipsummit.jpg\",\"articleSection\":[\"Desde la sede\",\"RSS Espa\u00f1ol\"],\"inLanguage\":\"es\"},{\"@type\":\"WebPage\",\"@id\":\"https:\\\/\\\/interamerica.org\\\/es\\\/2026\\\/03\\\/lideres-de-la-division-interamericana-se-comprometen-a-movilizar-a-la-iglesia-para-la-mision-en-todo-el-territorio\\\/\",\"url\":\"https:\\\/\\\/interamerica.org\\\/es\\\/2026\\\/03\\\/lideres-de-la-division-interamericana-se-comprometen-a-movilizar-a-la-iglesia-para-la-mision-en-todo-el-territorio\\\/\",\"name\":\"L\u00edderes de la Divisi\u00f3n Interamericana se comprometen a movilizar a la iglesia para la misi\u00f3n en todo el territorio - Iglesia Adventista del S\u00e9ptimo D\u00eda - Divisi\u00f3n Interamericana\",\"isPartOf\":{\"@id\":\"https:\\\/\\\/interamerica.org\\\/es\\\/#website\"},\"primaryImageOfPage\":{\"@id\":\"https:\\\/\\\/interamerica.org\\\/es\\\/2026\\\/03\\\/lideres-de-la-division-interamericana-se-comprometen-a-movilizar-a-la-iglesia-para-la-mision-en-todo-el-territorio\\\/#primaryimage\"},\"image\":{\"@id\":\"https:\\\/\\\/interamerica.org\\\/es\\\/2026\\\/03\\\/lideres-de-la-division-interamericana-se-comprometen-a-movilizar-a-la-iglesia-para-la-mision-en-todo-el-territorio\\\/#primaryimage\"},\"thumbnailUrl\":\"https:\\\/\\\/interamerica.org\\\/wp-content\\\/uploads\\\/2026\\\/03\\\/abrahamsandoval-impact26-leadershipsummit.jpg\",\"datePublished\":\"2026-03-06T22:40:18+00:00\",\"dateModified\":\"2026-03-07T01:58:54+00:00\",\"author\":{\"@id\":\"https:\\\/\\\/interamerica.org\\\/es\\\/#\\\/schema\\\/person\\\/29998f2bc2d8bd0d38662909289b54f1\"},\"breadcrumb\":{\"@id\":\"https:\\\/\\\/interamerica.org\\\/es\\\/2026\\\/03\\\/lideres-de-la-division-interamericana-se-comprometen-a-movilizar-a-la-iglesia-para-la-mision-en-todo-el-territorio\\\/#breadcrumb\"},\"inLanguage\":\"es\",\"potentialAction\":[{\"@type\":\"ReadAction\",\"target\":[\"https:\\\/\\\/interamerica.org\\\/es\\\/2026\\\/03\\\/lideres-de-la-division-interamericana-se-comprometen-a-movilizar-a-la-iglesia-para-la-mision-en-todo-el-territorio\\\/\"]}]},{\"@type\":\"ImageObject\",\"inLanguage\":\"es\",\"@id\":\"https:\\\/\\\/interamerica.org\\\/es\\\/2026\\\/03\\\/lideres-de-la-division-interamericana-se-comprometen-a-movilizar-a-la-iglesia-para-la-mision-en-todo-el-territorio\\\/#primaryimage\",\"url\":\"https:\\\/\\\/interamerica.org\\\/wp-content\\\/uploads\\\/2026\\\/03\\\/abrahamsandoval-impact26-leadershipsummit.jpg\",\"contentUrl\":\"https:\\\/\\\/interamerica.org\\\/wp-content\\\/uploads\\\/2026\\\/03\\\/abrahamsandoval-impact26-leadershipsummit.jpg\",\"width\":1000,\"height\":667,\"caption\":\"[Fotograf\u00eda: Daniel Gallardo\\\/DIA]\"},{\"@type\":\"BreadcrumbList\",\"@id\":\"https:\\\/\\\/interamerica.org\\\/es\\\/2026\\\/03\\\/lideres-de-la-division-interamericana-se-comprometen-a-movilizar-a-la-iglesia-para-la-mision-en-todo-el-territorio\\\/#breadcrumb\",\"itemListElement\":[{\"@type\":\"ListItem\",\"position\":1,\"name\":\"Home\",\"item\":\"https:\\\/\\\/interamerica.org\\\/es\\\/\"},{\"@type\":\"ListItem\",\"position\":2,\"name\":\"L\u00edderes de la Divisi\u00f3n Interamericana se comprometen a movilizar a la iglesia para la misi\u00f3n en todo el territorio\"}]},{\"@type\":\"WebSite\",\"@id\":\"https:\\\/\\\/interamerica.org\\\/es\\\/#website\",\"url\":\"https:\\\/\\\/interamerica.org\\\/es\\\/\",\"name\":\"Iglesia Adventista del S\u00e9ptimo D\u00eda - Divisi\u00f3n Interamericana\",\"description\":\"\",\"potentialAction\":[{\"@type\":\"SearchAction\",\"target\":{\"@type\":\"EntryPoint\",\"urlTemplate\":\"https:\\\/\\\/interamerica.org\\\/es\\\/?s={search_term_string}\"},\"query-input\":{\"@type\":\"PropertyValueSpecification\",\"valueRequired\":true,\"valueName\":\"search_term_string\"}}],\"inLanguage\":\"es\"},{\"@type\":\"Person\",\"@id\":\"https:\\\/\\\/interamerica.org\\\/es\\\/#\\\/schema\\\/person\\\/29998f2bc2d8bd0d38662909289b54f1\",\"name\":\"libna\",\"image\":{\"@type\":\"ImageObject\",\"inLanguage\":\"es\",\"@id\":\"https:\\\/\\\/secure.gravatar.com\\\/avatar\\\/7c5bd30ae4b47a9ba3c856590957fd1d96dc588bf3ac05719d247e126840331f?s=96&d=mm&r=g\",\"url\":\"https:\\\/\\\/secure.gravatar.com\\\/avatar\\\/7c5bd30ae4b47a9ba3c856590957fd1d96dc588bf3ac05719d247e126840331f?s=96&d=mm&r=g\",\"contentUrl\":\"https:\\\/\\\/secure.gravatar.com\\\/avatar\\\/7c5bd30ae4b47a9ba3c856590957fd1d96dc588bf3ac05719d247e126840331f?s=96&d=mm&r=g\",\"caption\":\"libna\"}}]}<\/script>\n<!-- \/ Yoast SEO plugin. -->","yoast_head_json":{"title":"L\u00edderes de la Divisi\u00f3n Interamericana se comprometen a movilizar a la iglesia para la misi\u00f3n en todo el territorio - Iglesia Adventista del S\u00e9ptimo D\u00eda - Divisi\u00f3n Interamericana","robots":{"index":"index","follow":"follow","max-snippet":"max-snippet:-1","max-image-preview":"max-image-preview:large","max-video-preview":"max-video-preview:-1"},"canonical":"https:\/\/interamerica.org\/es\/2026\/03\/lideres-de-la-division-interamericana-se-comprometen-a-movilizar-a-la-iglesia-para-la-mision-en-todo-el-territorio\/","og_locale":"es_ES","og_type":"article","og_title":"L\u00edderes de la Divisi\u00f3n Interamericana se comprometen a movilizar a la iglesia para la misi\u00f3n en todo el territorio - Iglesia Adventista del S\u00e9ptimo D\u00eda - Divisi\u00f3n Interamericana","og_description":"Cerca de 600 administradores revisan prioridades estrat\u00e9gicas e iniciativas destinadas a fortalecer la misi\u00f3n en toda Interam\u00e9rica hasta 2030. 6 de marzo de 2026 | Riviera Maya, Quintana Roo, M\u00e9xico...","og_url":"https:\/\/interamerica.org\/es\/2026\/03\/lideres-de-la-division-interamericana-se-comprometen-a-movilizar-a-la-iglesia-para-la-mision-en-todo-el-territorio\/","og_site_name":"Iglesia Adventista del S\u00e9ptimo D\u00eda - Divisi\u00f3n Interamericana","article_published_time":"2026-03-06T22:40:18+00:00","article_modified_time":"2026-03-07T01:58:54+00:00","og_image":[{"width":1000,"height":667,"url":"https:\/\/interamerica.org\/wp-content\/uploads\/2026\/03\/abrahamsandoval-impact26-leadershipsummit.jpg","type":"image\/jpeg"}],"author":"libna","twitter_card":"summary_large_image","twitter_misc":{"Escrito por":"libna","Tiempo de lectura":"18 minutos"},"schema":{"@context":"https:\/\/schema.org","@graph":[{"@type":"Article","@id":"https:\/\/interamerica.org\/es\/2026\/03\/lideres-de-la-division-interamericana-se-comprometen-a-movilizar-a-la-iglesia-para-la-mision-en-todo-el-territorio\/#article","isPartOf":{"@id":"https:\/\/interamerica.org\/es\/2026\/03\/lideres-de-la-division-interamericana-se-comprometen-a-movilizar-a-la-iglesia-para-la-mision-en-todo-el-territorio\/"},"author":{"name":"libna","@id":"https:\/\/interamerica.org\/es\/#\/schema\/person\/29998f2bc2d8bd0d38662909289b54f1"},"headline":"L\u00edderes de la Divisi\u00f3n Interamericana se comprometen a movilizar a la iglesia para la misi\u00f3n en todo el territorio","datePublished":"2026-03-06T22:40:18+00:00","dateModified":"2026-03-07T01:58:54+00:00","mainEntityOfPage":{"@id":"https:\/\/interamerica.org\/es\/2026\/03\/lideres-de-la-division-interamericana-se-comprometen-a-movilizar-a-la-iglesia-para-la-mision-en-todo-el-territorio\/"},"wordCount":3405,"image":{"@id":"https:\/\/interamerica.org\/es\/2026\/03\/lideres-de-la-division-interamericana-se-comprometen-a-movilizar-a-la-iglesia-para-la-mision-en-todo-el-territorio\/#primaryimage"},"thumbnailUrl":"https:\/\/interamerica.org\/wp-content\/uploads\/2026\/03\/abrahamsandoval-impact26-leadershipsummit.jpg","articleSection":["Desde la sede","RSS Espa\u00f1ol"],"inLanguage":"es"},{"@type":"WebPage","@id":"https:\/\/interamerica.org\/es\/2026\/03\/lideres-de-la-division-interamericana-se-comprometen-a-movilizar-a-la-iglesia-para-la-mision-en-todo-el-territorio\/","url":"https:\/\/interamerica.org\/es\/2026\/03\/lideres-de-la-division-interamericana-se-comprometen-a-movilizar-a-la-iglesia-para-la-mision-en-todo-el-territorio\/","name":"L\u00edderes de la Divisi\u00f3n Interamericana se comprometen a movilizar a la iglesia para la misi\u00f3n en todo el territorio - Iglesia Adventista del S\u00e9ptimo D\u00eda - Divisi\u00f3n Interamericana","isPartOf":{"@id":"https:\/\/interamerica.org\/es\/#website"},"primaryImageOfPage":{"@id":"https:\/\/interamerica.org\/es\/2026\/03\/lideres-de-la-division-interamericana-se-comprometen-a-movilizar-a-la-iglesia-para-la-mision-en-todo-el-territorio\/#primaryimage"},"image":{"@id":"https:\/\/interamerica.org\/es\/2026\/03\/lideres-de-la-division-interamericana-se-comprometen-a-movilizar-a-la-iglesia-para-la-mision-en-todo-el-territorio\/#primaryimage"},"thumbnailUrl":"https:\/\/interamerica.org\/wp-content\/uploads\/2026\/03\/abrahamsandoval-impact26-leadershipsummit.jpg","datePublished":"2026-03-06T22:40:18+00:00","dateModified":"2026-03-07T01:58:54+00:00","author":{"@id":"https:\/\/interamerica.org\/es\/#\/schema\/person\/29998f2bc2d8bd0d38662909289b54f1"},"breadcrumb":{"@id":"https:\/\/interamerica.org\/es\/2026\/03\/lideres-de-la-division-interamericana-se-comprometen-a-movilizar-a-la-iglesia-para-la-mision-en-todo-el-territorio\/#breadcrumb"},"inLanguage":"es","potentialAction":[{"@type":"ReadAction","target":["https:\/\/interamerica.org\/es\/2026\/03\/lideres-de-la-division-interamericana-se-comprometen-a-movilizar-a-la-iglesia-para-la-mision-en-todo-el-territorio\/"]}]},{"@type":"ImageObject","inLanguage":"es","@id":"https:\/\/interamerica.org\/es\/2026\/03\/lideres-de-la-division-interamericana-se-comprometen-a-movilizar-a-la-iglesia-para-la-mision-en-todo-el-territorio\/#primaryimage","url":"https:\/\/interamerica.org\/wp-content\/uploads\/2026\/03\/abrahamsandoval-impact26-leadershipsummit.jpg","contentUrl":"https:\/\/interamerica.org\/wp-content\/uploads\/2026\/03\/abrahamsandoval-impact26-leadershipsummit.jpg","width":1000,"height":667,"caption":"[Fotograf\u00eda: Daniel Gallardo\/DIA]"},{"@type":"BreadcrumbList","@id":"https:\/\/interamerica.org\/es\/2026\/03\/lideres-de-la-division-interamericana-se-comprometen-a-movilizar-a-la-iglesia-para-la-mision-en-todo-el-territorio\/#breadcrumb","itemListElement":[{"@type":"ListItem","position":1,"name":"Home","item":"https:\/\/interamerica.org\/es\/"},{"@type":"ListItem","position":2,"name":"L\u00edderes de la Divisi\u00f3n Interamericana se comprometen a movilizar a la iglesia para la misi\u00f3n en todo el territorio"}]},{"@type":"WebSite","@id":"https:\/\/interamerica.org\/es\/#website","url":"https:\/\/interamerica.org\/es\/","name":"Iglesia Adventista del S\u00e9ptimo D\u00eda - Divisi\u00f3n Interamericana","description":"","potentialAction":[{"@type":"SearchAction","target":{"@type":"EntryPoint","urlTemplate":"https:\/\/interamerica.org\/es\/?s={search_term_string}"},"query-input":{"@type":"PropertyValueSpecification","valueRequired":true,"valueName":"search_term_string"}}],"inLanguage":"es"},{"@type":"Person","@id":"https:\/\/interamerica.org\/es\/#\/schema\/person\/29998f2bc2d8bd0d38662909289b54f1","name":"libna","image":{"@type":"ImageObject","inLanguage":"es","@id":"https:\/\/secure.gravatar.com\/avatar\/7c5bd30ae4b47a9ba3c856590957fd1d96dc588bf3ac05719d247e126840331f?s=96&d=mm&r=g","url":"https:\/\/secure.gravatar.com\/avatar\/7c5bd30ae4b47a9ba3c856590957fd1d96dc588bf3ac05719d247e126840331f?s=96&d=mm&r=g","contentUrl":"https:\/\/secure.gravatar.com\/avatar\/7c5bd30ae4b47a9ba3c856590957fd1d96dc588bf3ac05719d247e126840331f?s=96&d=mm&r=g","caption":"libna"}}]}},"_links":{"self":[{"href":"https:\/\/interamerica.org\/es\/wp-json\/wp\/v2\/posts\/140087","targetHints":{"allow":["GET"]}}],"collection":[{"href":"https:\/\/interamerica.org\/es\/wp-json\/wp\/v2\/posts"}],"about":[{"href":"https:\/\/interamerica.org\/es\/wp-json\/wp\/v2\/types\/post"}],"author":[{"embeddable":true,"href":"https:\/\/interamerica.org\/es\/wp-json\/wp\/v2\/users\/3"}],"replies":[{"embeddable":true,"href":"https:\/\/interamerica.org\/es\/wp-json\/wp\/v2\/comments?post=140087"}],"version-history":[{"count":1,"href":"https:\/\/interamerica.org\/es\/wp-json\/wp\/v2\/posts\/140087\/revisions"}],"predecessor-version":[{"id":140111,"href":"https:\/\/interamerica.org\/es\/wp-json\/wp\/v2\/posts\/140087\/revisions\/140111"}],"wp:featuredmedia":[{"embeddable":true,"href":"https:\/\/interamerica.org\/es\/wp-json\/wp\/v2\/media\/140088"}],"wp:attachment":[{"href":"https:\/\/interamerica.org\/es\/wp-json\/wp\/v2\/media?parent=140087"}],"wp:term":[{"taxonomy":"category","embeddable":true,"href":"https:\/\/interamerica.org\/es\/wp-json\/wp\/v2\/categories?post=140087"},{"taxonomy":"post_tag","embeddable":true,"href":"https:\/\/interamerica.org\/es\/wp-json\/wp\/v2\/tags?post=140087"}],"curies":[{"name":"wp","href":"https:\/\/api.w.org\/{rel}","templated":true}]}}