{"id":140235,"date":"2026-03-11T18:12:32","date_gmt":"2026-03-11T22:12:32","guid":{"rendered":"https:\/\/interamerica.org\/?p=140235"},"modified":"2026-03-11T20:22:46","modified_gmt":"2026-03-12T00:22:46","slug":"radio-adventista-en-colombia-se-suma-a-esfuerzo-dia-de-las-manos-rojas-que-busco-proteger-a-los-ninos","status":"publish","type":"post","link":"https:\/\/interamerica.org\/es\/2026\/03\/radio-adventista-en-colombia-se-suma-a-esfuerzo-dia-de-las-manos-rojas-que-busco-proteger-a-los-ninos\/","title":{"rendered":"Radio adventista en Colombia se suma a esfuerzo \u201cD\u00eda de las Manos Rojas\u201d que busc\u00f3 proteger a los ni\u00f1os"},"content":{"rendered":"<p><em>El Ej\u00e9rcito Nacional destaca el impacto del ministerio radial a la hora de llegar a comunidades de todo el pa\u00eds. <\/em><\/p>\n<p>11 de marzo de 2026 | Medell\u00edn, Antioquia, Colombia | Cristin Serrano, equipo de noticias de la UCN y la IAD<\/p>\n<p>Las autoridades civiles y militares de Medell\u00edn, Colombia, destacaron p\u00fablicamente el impacto de la Radio Mundial Adventista (AWR) de la Iglesia Adventista del S\u00e9ptimo D\u00eda, durante el D\u00eda de las Manos Rojas en la ciudad, una conmemoraci\u00f3n internacional que busca crear conciencia sobre el reclutamiento y uso de ni\u00f1os y adolescentes en grupos armados. El evento tuvo lugar el 22 de febrero de 2026, y reuni\u00f3 a l\u00edderes comunitarios y organizaciones comprometidas con la protecci\u00f3n de j\u00f3venes vulnerables.<\/p>\n<p>El evento, celebrado en el Parque de las Banderas cerca del Estadio Atanasio Girardot, reuni\u00f3 a aproximadamente dos mil participantes, entre ellos autoridades civiles, personal militar, instituciones educativas, organizaciones sociales y familias de la ciudad.<\/p>\n<p><div id=\"attachment_140197\" style=\"width: 1010px\" class=\"wp-caption aligncenter\"><img fetchpriority=\"high\" decoding=\"async\" aria-describedby=\"caption-attachment-140197\" class=\"size-full wp-image-140197\" src=\"https:\/\/interamerica.org\/wp-content\/uploads\/2026\/03\/nocu-stage-redhands-commemoration.png\" alt=\"\" width=\"1000\" height=\"748\" srcset=\"https:\/\/interamerica.org\/wp-content\/uploads\/2026\/03\/nocu-stage-redhands-commemoration.png 1000w, https:\/\/interamerica.org\/wp-content\/uploads\/2026\/03\/nocu-stage-redhands-commemoration-300x224.png 300w, https:\/\/interamerica.org\/wp-content\/uploads\/2026\/03\/nocu-stage-redhands-commemoration-768x574.png 768w\" sizes=\"(max-width: 1000px) 100vw, 1000px\" \/><p id=\"caption-attachment-140197\" class=\"wp-caption-text\">El pastor Omar Pi\u00f1a, director de ministerios juveniles de la Uni\u00f3n Colombiana del Norte, eleva una oraci\u00f3n durante la conmemoraci\u00f3n del D\u00eda Internacional de las Manos Rojas en el Parque de las Banderas de Medell\u00edn, Colombia, el 22 de febrero de 2026. [Fotograf\u00eda: Comunicaciones de la UCN]<\/p><\/div>En ese contexto, el personal de Radio Mundial Adventista Colombia fue invitado oficialmente por la Mesa Redonda Regional de Derechos Humanos para ayudar con la log\u00edstica y coordinaci\u00f3n del evento, compartiendo un mensaje claro: \u201cLos ni\u00f1os son el mayor tesoro de Dios y nada tiene que violar sus derechos\u201d.<\/p>\n<p>Desde las primeras horas de la ma\u00f1ana, el equipo de radio mont\u00f3 una tienda y equipos de transmisi\u00f3n, repartiendo agua, publicaciones cristianas \u2014incluido el libro misionero Palabras de esperanza de Elena G. White\u2014 y aliento espiritual para atender a las familias.<\/p>\n<p>Durante el evento, las autoridades compartieron estad\u00edsticas relevantes sobre la situaci\u00f3n en la ciudad. Bajo la administraci\u00f3n actual, se han atendido 44 casos relacionados con el riesgo de reclutamiento infantil, incluidos 20 en 2024 y 14 en 2025 mediante la activaci\u00f3n de v\u00edas de protecci\u00f3n.<\/p>\n<p>Asimismo, el programa \u201cParceros\u201d, liderado por la Alcald\u00eda de Medell\u00edn, ha apoyado a m\u00e1s de 1500 j\u00f3venes en situaci\u00f3n de riesgo y ha llevado a cabo iniciativas de sensibilizaci\u00f3n con miles de ni\u00f1os y adolescentes en toda la ciudad. Esos esfuerzos incluyen apoyo psicosocial, validaci\u00f3n acad\u00e9mica y formaci\u00f3n en artes y habilidades vocacionales, informaron.<\/p>\n<p><div id=\"attachment_140186\" style=\"width: 934px\" class=\"wp-caption aligncenter\"><img decoding=\"async\" aria-describedby=\"caption-attachment-140186\" class=\" wp-image-140186\" src=\"https:\/\/interamerica.org\/wp-content\/uploads\/2026\/03\/nocu-awrcolombia-march-1024x768.jpg\" alt=\"\" width=\"924\" height=\"693\" srcset=\"https:\/\/interamerica.org\/wp-content\/uploads\/2026\/03\/nocu-awrcolombia-march-1024x768.jpg 1024w, https:\/\/interamerica.org\/wp-content\/uploads\/2026\/03\/nocu-awrcolombia-march-300x225.jpg 300w, https:\/\/interamerica.org\/wp-content\/uploads\/2026\/03\/nocu-awrcolombia-march-768x576.jpg 768w, https:\/\/interamerica.org\/wp-content\/uploads\/2026\/03\/nocu-awrcolombia-march-1536x1152.jpg 1536w, https:\/\/interamerica.org\/wp-content\/uploads\/2026\/03\/nocu-awrcolombia-march-2048x1536.jpg 2048w\" sizes=\"(max-width: 924px) 100vw, 924px\" \/><p id=\"caption-attachment-140186\" class=\"wp-caption-text\">Aproximadamente dos mil personas participaron en la conmemoraci\u00f3n del D\u00eda de las Manos Rojas celebrado en el Parque de las Banderas de Medell\u00edn, Colombia, el 22 de febrero de 2026. [Fotograf\u00eda: Comunicaciones de la UCN]<\/p><\/div><strong>Reconocimiento: El impacto de la radio adventista<\/strong><\/p>\n<p>El mayor Tovar Camilo Rodr\u00edguez, representante del Ej\u00e9rcito Nacional Colombiano por la regi\u00f3n de Antioquia, destac\u00f3 la importancia de la colaboraci\u00f3n entre instituciones.<\/p>\n<p>\u201cCada d\u00eda deber\u00eda ser un d\u00eda de lucha contra el reclutamiento de nuestros ni\u00f1os, porque ellos son el futuro de nuestro pa\u00eds\u201d, expres\u00f3.<\/p>\n<p>El militar tambi\u00e9n subray\u00f3 el papel de Radio Mundial Adventista Colombia como canal de esperanza para la naci\u00f3n.<\/p>\n<p>\u201cLa radio es el canal que transmite mensajes a las zonas m\u00e1s profundas de Colombia, a zonas dif\u00edciles de alcanzar y donde no siempre llegan otros medios. Ustedes est\u00e1n haciendo un trabajo tremendo y son esenciales para proclamar este mensaje tan importante\u201d.<\/p>\n<p><div id=\"attachment_140185\" style=\"width: 1034px\" class=\"wp-caption aligncenter\"><img decoding=\"async\" aria-describedby=\"caption-attachment-140185\" class=\"size-large wp-image-140185\" src=\"https:\/\/interamerica.org\/wp-content\/uploads\/2026\/03\/nocu-awr-colombia-staff-1024x768.jpg\" alt=\"\" width=\"1024\" height=\"768\" srcset=\"https:\/\/interamerica.org\/wp-content\/uploads\/2026\/03\/nocu-awr-colombia-staff-1024x768.jpg 1024w, https:\/\/interamerica.org\/wp-content\/uploads\/2026\/03\/nocu-awr-colombia-staff-300x225.jpg 300w, https:\/\/interamerica.org\/wp-content\/uploads\/2026\/03\/nocu-awr-colombia-staff-768x576.jpg 768w, https:\/\/interamerica.org\/wp-content\/uploads\/2026\/03\/nocu-awr-colombia-staff-1536x1152.jpg 1536w, https:\/\/interamerica.org\/wp-content\/uploads\/2026\/03\/nocu-awr-colombia-staff-2048x1536.jpg 2048w\" sizes=\"(max-width: 1024px) 100vw, 1024px\" \/><p id=\"caption-attachment-140185\" class=\"wp-caption-text\">Carlos Arcilla, secretario de Paz y Derechos Humanos de la Alcald\u00eda de Medell\u00edn, visita los micr\u00f3fonos de Radio Mundial Adventista Colombia y recibe el libro misionero del a\u00f1o, Palabras de Esperanza. [Fotograf\u00eda: Comunicaciones de la UCN]<\/p><\/div><strong>Nuevas oportunidades de colaboraci\u00f3n<\/strong><\/p>\n<p>Como resultado de esta participaci\u00f3n, se est\u00e1n explorando nuevas iniciativas colaborativas entre Radio Mundial Adventista Colombia y varios departamentos de la Alcald\u00eda de Medell\u00edn para promover programas y actividades que beneficien a la comunidad, seg\u00fan informaron los funcionarios.<\/p>\n<p><div id=\"attachment_140200\" style=\"width: 1010px\" class=\"wp-caption aligncenter\"><img loading=\"lazy\" decoding=\"async\" aria-describedby=\"caption-attachment-140200\" class=\"size-full wp-image-140200\" src=\"https:\/\/interamerica.org\/wp-content\/uploads\/2026\/03\/nocu-state-leader.png\" alt=\"\" width=\"1000\" height=\"744\" srcset=\"https:\/\/interamerica.org\/wp-content\/uploads\/2026\/03\/nocu-state-leader.png 1000w, https:\/\/interamerica.org\/wp-content\/uploads\/2026\/03\/nocu-state-leader-300x223.png 300w, https:\/\/interamerica.org\/wp-content\/uploads\/2026\/03\/nocu-state-leader-768x571.png 768w\" sizes=\"(max-width: 1000px) 100vw, 1000px\" \/><p id=\"caption-attachment-140200\" class=\"wp-caption-text\">Carlos Arcilla, secretario de Paz y Derechos Humanos de la Alcald\u00eda de Medell\u00edn, visita los micr\u00f3fonos de Radio Mundial Adventista Colombia y recibe el libro misionero del a\u00f1o, Palabras de Esperanza. [Fotograf\u00eda: Comunicaciones de la UCN]<\/p><\/div><strong>Nuevas oportunidades de colaboraci\u00f3n<\/strong><\/p>\n<p>Como resultado de esta participaci\u00f3n, se est\u00e1n explorando nuevas iniciativas colaborativas entre Radio Mundial Adventista Colombia y varios departamentos de la Alcald\u00eda de Medell\u00edn para promover programas y actividades que beneficien a la comunidad, seg\u00fan informaron los funcionarios.<\/p>\n<p>Programas como Ma\u00f1anas de Esperanza pueden servir como plataformas informativas donde los ciudadanos aprenden sobre servicios de apoyo, iniciativas de prevenci\u00f3n y esfuerzos de obra comunitaria, ayudando as\u00ed a fortalecer el acceso a informaci\u00f3n oportuna y \u00fatil.<\/p>\n<p>Las autoridades tambi\u00e9n est\u00e1n considerando incluir a AWR Colombia entre sus socios medi\u00e1ticos institucionales para futuras campa\u00f1as y eventos p\u00fablicos, reforzando a\u00fan m\u00e1s su papel como medio comprometido con el bienestar de la sociedad.<\/p>\n<p><div id=\"attachment_140201\" style=\"width: 1008px\" class=\"wp-caption aligncenter\"><img loading=\"lazy\" decoding=\"async\" aria-describedby=\"caption-attachment-140201\" class=\"size-full wp-image-140201\" src=\"https:\/\/interamerica.org\/wp-content\/uploads\/2026\/03\/nocu-team-redhands.png\" alt=\"\" width=\"998\" height=\"748\" srcset=\"https:\/\/interamerica.org\/wp-content\/uploads\/2026\/03\/nocu-team-redhands.png 998w, https:\/\/interamerica.org\/wp-content\/uploads\/2026\/03\/nocu-team-redhands-300x225.png 300w, https:\/\/interamerica.org\/wp-content\/uploads\/2026\/03\/nocu-team-redhands-768x576.png 768w\" sizes=\"(max-width: 998px) 100vw, 998px\" \/><p id=\"caption-attachment-140201\" class=\"wp-caption-text\">El equipo de Radio Mundial Adventista Colombia se encuentra con los organizadores de la conmemoraci\u00f3n del D\u00eda de las Manos Rojas, acompa\u00f1ados por representantes del Ej\u00e9rcito Nacional de Colombia y la Polic\u00eda Nacional. [Fotograf\u00eda: Comunicaciones de la UCN]<\/p><\/div><strong>Educaci\u00f3n s\u00ed, guerra no<\/strong><\/p>\n<p>Bajo el lema \u201cEducaci\u00f3n s\u00ed, guerra no: Manos libres para so\u00f1ar\u201d, el evento incluy\u00f3 actividades educativas y una marcha simb\u00f3lica por el complejo deportivo, reafirmando as\u00ed el compromiso de la ciudad con la protecci\u00f3n de los ni\u00f1os.<\/p>\n<p>Para la Iglesia Adventista, participar en iniciativas como esta refleja su misi\u00f3n b\u00edblica y social, dijo el pastor Gabriel Moreno, director de comunicaci\u00f3n de la Uni\u00f3n Colombiana del Norte. Cit\u00f3 entonces el pasaje b\u00edblico: \u201cInstruye al ni\u00f1o en su camino, y ni aun de viejo se apartar\u00e1 de \u00e9l\u201d (Prov. 22:6).<\/p>\n<p>En un contexto donde muchos ni\u00f1os enfrentan riesgos asociados con conflicto y la violencia, la iglesia sigue comprometida a ser una voz de esperanza promoviendo la educaci\u00f3n, los valores cristianos y el servicio comunitario, dijo el pastor Omar Pi\u00f1a, director de ministerios juveniles de la Uni\u00f3n Colombiana del Norte. \u201cProteger a los ni\u00f1os es una responsabilidad tanto espiritual como social\u201d, expres\u00f3.<\/p>\n<p>Traducci\u00f3n de Marcos Paseggi<\/p>\n","protected":false},"excerpt":{"rendered":"<p>El Ej\u00e9rcito Nacional destaca el impacto del ministerio radial a la hora de llegar a comunidades de todo el pa\u00eds. 11 de marzo de 2026 | Medell\u00edn, Antioquia, Colombia |&#8230;<\/p>\n","protected":false},"author":3,"featured_media":140238,"comment_status":"closed","ping_status":"closed","sticky":false,"template":"","format":"standard","meta":{"_acf_changed":false,"footnotes":""},"categories":[17,15],"tags":[],"class_list":["post-140235","post","type-post","status-publish","format-standard","has-post-thumbnail","hentry","category-desde-el-campo","category-rss-espanol"],"acf":[],"yoast_head":"<!-- This site is optimized with the Yoast SEO plugin v27.3 - https:\/\/yoast.com\/product\/yoast-seo-wordpress\/ -->\n<title>Radio adventista en Colombia se suma a esfuerzo \u201cD\u00eda de las Manos Rojas\u201d que busc\u00f3 proteger a los ni\u00f1os - Iglesia Adventista del S\u00e9ptimo D\u00eda - Divisi\u00f3n Interamericana<\/title>\n<meta name=\"robots\" content=\"index, follow, max-snippet:-1, max-image-preview:large, max-video-preview:-1\" \/>\n<link rel=\"canonical\" href=\"https:\/\/interamerica.org\/es\/2026\/03\/radio-adventista-en-colombia-se-suma-a-esfuerzo-dia-de-las-manos-rojas-que-busco-proteger-a-los-ninos\/\" \/>\n<meta property=\"og:locale\" content=\"es_ES\" \/>\n<meta property=\"og:type\" content=\"article\" \/>\n<meta property=\"og:title\" content=\"Radio adventista en Colombia se suma a esfuerzo \u201cD\u00eda de las Manos Rojas\u201d que busc\u00f3 proteger a los ni\u00f1os - Iglesia Adventista del S\u00e9ptimo D\u00eda - Divisi\u00f3n Interamericana\" \/>\n<meta property=\"og:description\" content=\"El Ej\u00e9rcito Nacional destaca el impacto del ministerio radial a la hora de llegar a comunidades de todo el pa\u00eds. 11 de marzo de 2026 | Medell\u00edn, Antioquia, Colombia |...\" \/>\n<meta property=\"og:url\" content=\"https:\/\/interamerica.org\/es\/2026\/03\/radio-adventista-en-colombia-se-suma-a-esfuerzo-dia-de-las-manos-rojas-que-busco-proteger-a-los-ninos\/\" \/>\n<meta property=\"og:site_name\" content=\"Iglesia Adventista del S\u00e9ptimo D\u00eda - Divisi\u00f3n Interamericana\" \/>\n<meta property=\"article:published_time\" content=\"2026-03-11T22:12:32+00:00\" \/>\n<meta property=\"article:modified_time\" content=\"2026-03-12T00:22:46+00:00\" \/>\n<meta property=\"og:image\" content=\"https:\/\/interamerica.org\/wp-content\/uploads\/2026\/03\/nocu-stage-redhands-commemoration.png\" \/>\n\t<meta property=\"og:image:width\" content=\"1000\" \/>\n\t<meta property=\"og:image:height\" content=\"748\" \/>\n\t<meta property=\"og:image:type\" content=\"image\/png\" \/>\n<meta name=\"author\" content=\"libna\" \/>\n<meta name=\"twitter:card\" content=\"summary_large_image\" \/>\n<meta name=\"twitter:label1\" content=\"Escrito por\" \/>\n\t<meta name=\"twitter:data1\" content=\"libna\" \/>\n\t<meta name=\"twitter:label2\" content=\"Tiempo de lectura\" \/>\n\t<meta name=\"twitter:data2\" content=\"6 minutos\" \/>\n<script type=\"application\/ld+json\" class=\"yoast-schema-graph\">{\"@context\":\"https:\\\/\\\/schema.org\",\"@graph\":[{\"@type\":\"Article\",\"@id\":\"https:\\\/\\\/interamerica.org\\\/es\\\/2026\\\/03\\\/radio-adventista-en-colombia-se-suma-a-esfuerzo-dia-de-las-manos-rojas-que-busco-proteger-a-los-ninos\\\/#article\",\"isPartOf\":{\"@id\":\"https:\\\/\\\/interamerica.org\\\/es\\\/2026\\\/03\\\/radio-adventista-en-colombia-se-suma-a-esfuerzo-dia-de-las-manos-rojas-que-busco-proteger-a-los-ninos\\\/\"},\"author\":{\"name\":\"libna\",\"@id\":\"https:\\\/\\\/interamerica.org\\\/es\\\/#\\\/schema\\\/person\\\/29998f2bc2d8bd0d38662909289b54f1\"},\"headline\":\"Radio adventista en Colombia se suma a esfuerzo \u201cD\u00eda de las Manos Rojas\u201d que busc\u00f3 proteger a los ni\u00f1os\",\"datePublished\":\"2026-03-11T22:12:32+00:00\",\"dateModified\":\"2026-03-12T00:22:46+00:00\",\"mainEntityOfPage\":{\"@id\":\"https:\\\/\\\/interamerica.org\\\/es\\\/2026\\\/03\\\/radio-adventista-en-colombia-se-suma-a-esfuerzo-dia-de-las-manos-rojas-que-busco-proteger-a-los-ninos\\\/\"},\"wordCount\":1114,\"image\":{\"@id\":\"https:\\\/\\\/interamerica.org\\\/es\\\/2026\\\/03\\\/radio-adventista-en-colombia-se-suma-a-esfuerzo-dia-de-las-manos-rojas-que-busco-proteger-a-los-ninos\\\/#primaryimage\"},\"thumbnailUrl\":\"https:\\\/\\\/interamerica.org\\\/wp-content\\\/uploads\\\/2026\\\/03\\\/nocu-stage-redhands-commemoration.png\",\"articleSection\":[\"Desde el campo\",\"RSS Espa\u00f1ol\"],\"inLanguage\":\"es\"},{\"@type\":\"WebPage\",\"@id\":\"https:\\\/\\\/interamerica.org\\\/es\\\/2026\\\/03\\\/radio-adventista-en-colombia-se-suma-a-esfuerzo-dia-de-las-manos-rojas-que-busco-proteger-a-los-ninos\\\/\",\"url\":\"https:\\\/\\\/interamerica.org\\\/es\\\/2026\\\/03\\\/radio-adventista-en-colombia-se-suma-a-esfuerzo-dia-de-las-manos-rojas-que-busco-proteger-a-los-ninos\\\/\",\"name\":\"Radio adventista en Colombia se suma a esfuerzo \u201cD\u00eda de las Manos Rojas\u201d que busc\u00f3 proteger a los ni\u00f1os - Iglesia Adventista del S\u00e9ptimo D\u00eda - Divisi\u00f3n Interamericana\",\"isPartOf\":{\"@id\":\"https:\\\/\\\/interamerica.org\\\/es\\\/#website\"},\"primaryImageOfPage\":{\"@id\":\"https:\\\/\\\/interamerica.org\\\/es\\\/2026\\\/03\\\/radio-adventista-en-colombia-se-suma-a-esfuerzo-dia-de-las-manos-rojas-que-busco-proteger-a-los-ninos\\\/#primaryimage\"},\"image\":{\"@id\":\"https:\\\/\\\/interamerica.org\\\/es\\\/2026\\\/03\\\/radio-adventista-en-colombia-se-suma-a-esfuerzo-dia-de-las-manos-rojas-que-busco-proteger-a-los-ninos\\\/#primaryimage\"},\"thumbnailUrl\":\"https:\\\/\\\/interamerica.org\\\/wp-content\\\/uploads\\\/2026\\\/03\\\/nocu-stage-redhands-commemoration.png\",\"datePublished\":\"2026-03-11T22:12:32+00:00\",\"dateModified\":\"2026-03-12T00:22:46+00:00\",\"author\":{\"@id\":\"https:\\\/\\\/interamerica.org\\\/es\\\/#\\\/schema\\\/person\\\/29998f2bc2d8bd0d38662909289b54f1\"},\"breadcrumb\":{\"@id\":\"https:\\\/\\\/interamerica.org\\\/es\\\/2026\\\/03\\\/radio-adventista-en-colombia-se-suma-a-esfuerzo-dia-de-las-manos-rojas-que-busco-proteger-a-los-ninos\\\/#breadcrumb\"},\"inLanguage\":\"es\",\"potentialAction\":[{\"@type\":\"ReadAction\",\"target\":[\"https:\\\/\\\/interamerica.org\\\/es\\\/2026\\\/03\\\/radio-adventista-en-colombia-se-suma-a-esfuerzo-dia-de-las-manos-rojas-que-busco-proteger-a-los-ninos\\\/\"]}]},{\"@type\":\"ImageObject\",\"inLanguage\":\"es\",\"@id\":\"https:\\\/\\\/interamerica.org\\\/es\\\/2026\\\/03\\\/radio-adventista-en-colombia-se-suma-a-esfuerzo-dia-de-las-manos-rojas-que-busco-proteger-a-los-ninos\\\/#primaryimage\",\"url\":\"https:\\\/\\\/interamerica.org\\\/wp-content\\\/uploads\\\/2026\\\/03\\\/nocu-stage-redhands-commemoration.png\",\"contentUrl\":\"https:\\\/\\\/interamerica.org\\\/wp-content\\\/uploads\\\/2026\\\/03\\\/nocu-stage-redhands-commemoration.png\",\"width\":1000,\"height\":748,\"caption\":\"El pastor Omar Pi\u00f1a, director de ministerios juveniles de la Uni\u00f3n Colombiana del Norte, eleva una oraci\u00f3n durante la conmemoraci\u00f3n del D\u00eda Internacional de las Manos Rojas en el Parque de las Banderas de Medell\u00edn, Colombia, el 22 de febrero de 2026. [Fotograf\u00eda: Comunicaciones de la UCN]\"},{\"@type\":\"BreadcrumbList\",\"@id\":\"https:\\\/\\\/interamerica.org\\\/es\\\/2026\\\/03\\\/radio-adventista-en-colombia-se-suma-a-esfuerzo-dia-de-las-manos-rojas-que-busco-proteger-a-los-ninos\\\/#breadcrumb\",\"itemListElement\":[{\"@type\":\"ListItem\",\"position\":1,\"name\":\"Home\",\"item\":\"https:\\\/\\\/interamerica.org\\\/es\\\/\"},{\"@type\":\"ListItem\",\"position\":2,\"name\":\"Radio adventista en Colombia se suma a esfuerzo \u201cD\u00eda de las Manos Rojas\u201d que busc\u00f3 proteger a los ni\u00f1os\"}]},{\"@type\":\"WebSite\",\"@id\":\"https:\\\/\\\/interamerica.org\\\/es\\\/#website\",\"url\":\"https:\\\/\\\/interamerica.org\\\/es\\\/\",\"name\":\"Iglesia Adventista del S\u00e9ptimo D\u00eda - Divisi\u00f3n Interamericana\",\"description\":\"\",\"potentialAction\":[{\"@type\":\"SearchAction\",\"target\":{\"@type\":\"EntryPoint\",\"urlTemplate\":\"https:\\\/\\\/interamerica.org\\\/es\\\/?s={search_term_string}\"},\"query-input\":{\"@type\":\"PropertyValueSpecification\",\"valueRequired\":true,\"valueName\":\"search_term_string\"}}],\"inLanguage\":\"es\"},{\"@type\":\"Person\",\"@id\":\"https:\\\/\\\/interamerica.org\\\/es\\\/#\\\/schema\\\/person\\\/29998f2bc2d8bd0d38662909289b54f1\",\"name\":\"libna\",\"image\":{\"@type\":\"ImageObject\",\"inLanguage\":\"es\",\"@id\":\"https:\\\/\\\/secure.gravatar.com\\\/avatar\\\/7c5bd30ae4b47a9ba3c856590957fd1d96dc588bf3ac05719d247e126840331f?s=96&d=mm&r=g\",\"url\":\"https:\\\/\\\/secure.gravatar.com\\\/avatar\\\/7c5bd30ae4b47a9ba3c856590957fd1d96dc588bf3ac05719d247e126840331f?s=96&d=mm&r=g\",\"contentUrl\":\"https:\\\/\\\/secure.gravatar.com\\\/avatar\\\/7c5bd30ae4b47a9ba3c856590957fd1d96dc588bf3ac05719d247e126840331f?s=96&d=mm&r=g\",\"caption\":\"libna\"}}]}<\/script>\n<!-- \/ Yoast SEO plugin. -->","yoast_head_json":{"title":"Radio adventista en Colombia se suma a esfuerzo \u201cD\u00eda de las Manos Rojas\u201d que busc\u00f3 proteger a los ni\u00f1os - Iglesia Adventista del S\u00e9ptimo D\u00eda - Divisi\u00f3n Interamericana","robots":{"index":"index","follow":"follow","max-snippet":"max-snippet:-1","max-image-preview":"max-image-preview:large","max-video-preview":"max-video-preview:-1"},"canonical":"https:\/\/interamerica.org\/es\/2026\/03\/radio-adventista-en-colombia-se-suma-a-esfuerzo-dia-de-las-manos-rojas-que-busco-proteger-a-los-ninos\/","og_locale":"es_ES","og_type":"article","og_title":"Radio adventista en Colombia se suma a esfuerzo \u201cD\u00eda de las Manos Rojas\u201d que busc\u00f3 proteger a los ni\u00f1os - Iglesia Adventista del S\u00e9ptimo D\u00eda - Divisi\u00f3n Interamericana","og_description":"El Ej\u00e9rcito Nacional destaca el impacto del ministerio radial a la hora de llegar a comunidades de todo el pa\u00eds. 11 de marzo de 2026 | Medell\u00edn, Antioquia, Colombia |...","og_url":"https:\/\/interamerica.org\/es\/2026\/03\/radio-adventista-en-colombia-se-suma-a-esfuerzo-dia-de-las-manos-rojas-que-busco-proteger-a-los-ninos\/","og_site_name":"Iglesia Adventista del S\u00e9ptimo D\u00eda - Divisi\u00f3n Interamericana","article_published_time":"2026-03-11T22:12:32+00:00","article_modified_time":"2026-03-12T00:22:46+00:00","og_image":[{"width":1000,"height":748,"url":"https:\/\/interamerica.org\/wp-content\/uploads\/2026\/03\/nocu-stage-redhands-commemoration.png","type":"image\/png"}],"author":"libna","twitter_card":"summary_large_image","twitter_misc":{"Escrito por":"libna","Tiempo de lectura":"6 minutos"},"schema":{"@context":"https:\/\/schema.org","@graph":[{"@type":"Article","@id":"https:\/\/interamerica.org\/es\/2026\/03\/radio-adventista-en-colombia-se-suma-a-esfuerzo-dia-de-las-manos-rojas-que-busco-proteger-a-los-ninos\/#article","isPartOf":{"@id":"https:\/\/interamerica.org\/es\/2026\/03\/radio-adventista-en-colombia-se-suma-a-esfuerzo-dia-de-las-manos-rojas-que-busco-proteger-a-los-ninos\/"},"author":{"name":"libna","@id":"https:\/\/interamerica.org\/es\/#\/schema\/person\/29998f2bc2d8bd0d38662909289b54f1"},"headline":"Radio adventista en Colombia se suma a esfuerzo \u201cD\u00eda de las Manos Rojas\u201d que busc\u00f3 proteger a los ni\u00f1os","datePublished":"2026-03-11T22:12:32+00:00","dateModified":"2026-03-12T00:22:46+00:00","mainEntityOfPage":{"@id":"https:\/\/interamerica.org\/es\/2026\/03\/radio-adventista-en-colombia-se-suma-a-esfuerzo-dia-de-las-manos-rojas-que-busco-proteger-a-los-ninos\/"},"wordCount":1114,"image":{"@id":"https:\/\/interamerica.org\/es\/2026\/03\/radio-adventista-en-colombia-se-suma-a-esfuerzo-dia-de-las-manos-rojas-que-busco-proteger-a-los-ninos\/#primaryimage"},"thumbnailUrl":"https:\/\/interamerica.org\/wp-content\/uploads\/2026\/03\/nocu-stage-redhands-commemoration.png","articleSection":["Desde el campo","RSS Espa\u00f1ol"],"inLanguage":"es"},{"@type":"WebPage","@id":"https:\/\/interamerica.org\/es\/2026\/03\/radio-adventista-en-colombia-se-suma-a-esfuerzo-dia-de-las-manos-rojas-que-busco-proteger-a-los-ninos\/","url":"https:\/\/interamerica.org\/es\/2026\/03\/radio-adventista-en-colombia-se-suma-a-esfuerzo-dia-de-las-manos-rojas-que-busco-proteger-a-los-ninos\/","name":"Radio adventista en Colombia se suma a esfuerzo \u201cD\u00eda de las Manos Rojas\u201d que busc\u00f3 proteger a los ni\u00f1os - Iglesia Adventista del S\u00e9ptimo D\u00eda - Divisi\u00f3n Interamericana","isPartOf":{"@id":"https:\/\/interamerica.org\/es\/#website"},"primaryImageOfPage":{"@id":"https:\/\/interamerica.org\/es\/2026\/03\/radio-adventista-en-colombia-se-suma-a-esfuerzo-dia-de-las-manos-rojas-que-busco-proteger-a-los-ninos\/#primaryimage"},"image":{"@id":"https:\/\/interamerica.org\/es\/2026\/03\/radio-adventista-en-colombia-se-suma-a-esfuerzo-dia-de-las-manos-rojas-que-busco-proteger-a-los-ninos\/#primaryimage"},"thumbnailUrl":"https:\/\/interamerica.org\/wp-content\/uploads\/2026\/03\/nocu-stage-redhands-commemoration.png","datePublished":"2026-03-11T22:12:32+00:00","dateModified":"2026-03-12T00:22:46+00:00","author":{"@id":"https:\/\/interamerica.org\/es\/#\/schema\/person\/29998f2bc2d8bd0d38662909289b54f1"},"breadcrumb":{"@id":"https:\/\/interamerica.org\/es\/2026\/03\/radio-adventista-en-colombia-se-suma-a-esfuerzo-dia-de-las-manos-rojas-que-busco-proteger-a-los-ninos\/#breadcrumb"},"inLanguage":"es","potentialAction":[{"@type":"ReadAction","target":["https:\/\/interamerica.org\/es\/2026\/03\/radio-adventista-en-colombia-se-suma-a-esfuerzo-dia-de-las-manos-rojas-que-busco-proteger-a-los-ninos\/"]}]},{"@type":"ImageObject","inLanguage":"es","@id":"https:\/\/interamerica.org\/es\/2026\/03\/radio-adventista-en-colombia-se-suma-a-esfuerzo-dia-de-las-manos-rojas-que-busco-proteger-a-los-ninos\/#primaryimage","url":"https:\/\/interamerica.org\/wp-content\/uploads\/2026\/03\/nocu-stage-redhands-commemoration.png","contentUrl":"https:\/\/interamerica.org\/wp-content\/uploads\/2026\/03\/nocu-stage-redhands-commemoration.png","width":1000,"height":748,"caption":"El pastor Omar Pi\u00f1a, director de ministerios juveniles de la Uni\u00f3n Colombiana del Norte, eleva una oraci\u00f3n durante la conmemoraci\u00f3n del D\u00eda Internacional de las Manos Rojas en el Parque de las Banderas de Medell\u00edn, Colombia, el 22 de febrero de 2026. [Fotograf\u00eda: Comunicaciones de la UCN]"},{"@type":"BreadcrumbList","@id":"https:\/\/interamerica.org\/es\/2026\/03\/radio-adventista-en-colombia-se-suma-a-esfuerzo-dia-de-las-manos-rojas-que-busco-proteger-a-los-ninos\/#breadcrumb","itemListElement":[{"@type":"ListItem","position":1,"name":"Home","item":"https:\/\/interamerica.org\/es\/"},{"@type":"ListItem","position":2,"name":"Radio adventista en Colombia se suma a esfuerzo \u201cD\u00eda de las Manos Rojas\u201d que busc\u00f3 proteger a los ni\u00f1os"}]},{"@type":"WebSite","@id":"https:\/\/interamerica.org\/es\/#website","url":"https:\/\/interamerica.org\/es\/","name":"Iglesia Adventista del S\u00e9ptimo D\u00eda - Divisi\u00f3n Interamericana","description":"","potentialAction":[{"@type":"SearchAction","target":{"@type":"EntryPoint","urlTemplate":"https:\/\/interamerica.org\/es\/?s={search_term_string}"},"query-input":{"@type":"PropertyValueSpecification","valueRequired":true,"valueName":"search_term_string"}}],"inLanguage":"es"},{"@type":"Person","@id":"https:\/\/interamerica.org\/es\/#\/schema\/person\/29998f2bc2d8bd0d38662909289b54f1","name":"libna","image":{"@type":"ImageObject","inLanguage":"es","@id":"https:\/\/secure.gravatar.com\/avatar\/7c5bd30ae4b47a9ba3c856590957fd1d96dc588bf3ac05719d247e126840331f?s=96&d=mm&r=g","url":"https:\/\/secure.gravatar.com\/avatar\/7c5bd30ae4b47a9ba3c856590957fd1d96dc588bf3ac05719d247e126840331f?s=96&d=mm&r=g","contentUrl":"https:\/\/secure.gravatar.com\/avatar\/7c5bd30ae4b47a9ba3c856590957fd1d96dc588bf3ac05719d247e126840331f?s=96&d=mm&r=g","caption":"libna"}}]}},"_links":{"self":[{"href":"https:\/\/interamerica.org\/es\/wp-json\/wp\/v2\/posts\/140235","targetHints":{"allow":["GET"]}}],"collection":[{"href":"https:\/\/interamerica.org\/es\/wp-json\/wp\/v2\/posts"}],"about":[{"href":"https:\/\/interamerica.org\/es\/wp-json\/wp\/v2\/types\/post"}],"author":[{"embeddable":true,"href":"https:\/\/interamerica.org\/es\/wp-json\/wp\/v2\/users\/3"}],"replies":[{"embeddable":true,"href":"https:\/\/interamerica.org\/es\/wp-json\/wp\/v2\/comments?post=140235"}],"version-history":[{"count":1,"href":"https:\/\/interamerica.org\/es\/wp-json\/wp\/v2\/posts\/140235\/revisions"}],"predecessor-version":[{"id":140254,"href":"https:\/\/interamerica.org\/es\/wp-json\/wp\/v2\/posts\/140235\/revisions\/140254"}],"wp:featuredmedia":[{"embeddable":true,"href":"https:\/\/interamerica.org\/es\/wp-json\/wp\/v2\/media\/140238"}],"wp:attachment":[{"href":"https:\/\/interamerica.org\/es\/wp-json\/wp\/v2\/media?parent=140235"}],"wp:term":[{"taxonomy":"category","embeddable":true,"href":"https:\/\/interamerica.org\/es\/wp-json\/wp\/v2\/categories?post=140235"},{"taxonomy":"post_tag","embeddable":true,"href":"https:\/\/interamerica.org\/es\/wp-json\/wp\/v2\/tags?post=140235"}],"curies":[{"name":"wp","href":"https:\/\/api.w.org\/{rel}","templated":true}]}}