{"id":140240,"date":"2026-03-09T21:17:32","date_gmt":"2026-03-10T01:17:32","guid":{"rendered":"https:\/\/interamerica.org\/?p=140240"},"modified":"2026-03-10T06:02:59","modified_gmt":"2026-03-10T10:02:59","slug":"festival-de-misiones-inspira-a-estudiantes-de-la-universidad-de-montemorelos-al-servicio-en-todo-el-mundo","status":"publish","type":"post","link":"https:\/\/interamerica.org\/es\/2026\/03\/festival-de-misiones-inspira-a-estudiantes-de-la-universidad-de-montemorelos-al-servicio-en-todo-el-mundo\/","title":{"rendered":"Festival de Misiones inspira a estudiantes de la Universidad de Montemorelos al servicio en todo el mundo"},"content":{"rendered":"<p><div id=\"attachment_140176\" style=\"width: 940px\" class=\"wp-caption aligncenter\"><img fetchpriority=\"high\" decoding=\"async\" aria-describedby=\"caption-attachment-140176\" class=\" wp-image-140176\" src=\"https:\/\/interamerica.org\/wp-content\/uploads\/2026\/03\/um-festivalmissionsimg-kirowb2xmv5tnlaf-1024x683.jpeg\" alt=\"\" width=\"930\" height=\"620\" srcset=\"https:\/\/interamerica.org\/wp-content\/uploads\/2026\/03\/um-festivalmissionsimg-kirowb2xmv5tnlaf-1024x683.jpeg 1024w, https:\/\/interamerica.org\/wp-content\/uploads\/2026\/03\/um-festivalmissionsimg-kirowb2xmv5tnlaf-300x200.jpeg 300w, https:\/\/interamerica.org\/wp-content\/uploads\/2026\/03\/um-festivalmissionsimg-kirowb2xmv5tnlaf-768x512.jpeg 768w, https:\/\/interamerica.org\/wp-content\/uploads\/2026\/03\/um-festivalmissionsimg-kirowb2xmv5tnlaf-1536x1024.jpeg 1536w, https:\/\/interamerica.org\/wp-content\/uploads\/2026\/03\/um-festivalmissionsimg-kirowb2xmv5tnlaf-2048x1366.jpeg 2048w\" sizes=\"(max-width: 930px) 100vw, 930px\" \/><p id=\"caption-attachment-140176\" class=\"wp-caption-text\">Un grupo de estudiantes interpreta una pieza musical de estilo africano durante el programa matinal del s\u00e1bado en el Festival de Misiones de la Universidad de Montemorelos, el pasado 28 de febrero de 2026. [Fotograf\u00eda: Dania Guti\u00e9rrez\/Universidad de Montemorelos]<\/p><\/div><em>Encuentro misionero motiva a 34 estudiantes a comenzar el proceso de servicio intercultural<\/em>.<\/p>\n<p>9 de marzo de 2026 | Montemorelos, Nuevo Le\u00f3n, M\u00e9xico | Laura Marrero y Equipo de Noticias de la Divisi\u00f3n Interamericana<\/p>\n<p>Por algunos instantes, la Iglesia Universitaria pareci\u00f3 convertirse en una terminal a\u00e9rea. El sonido que antecede a los anuncios de embarque rompi\u00f3 la quietud y despert\u00f3 la curiosidad entre los asistentes. Pero no se trat\u00f3 de un viaje tur\u00edstico, sino de un llamado a cruzar fronteras en pro de la misi\u00f3n. Esa fue la atm\u00f3sfera durante el Festival de Misiones en la Universidad de Montemorelos, en Montemorelos, Nuevo Le\u00f3n, M\u00e9xico.<\/p>\n<p>El evento reuni\u00f3 a toda la comunidad universitaria\u2014estudiantes, profesores, personal administrativo y miembros de la iglesia de la comunidad de Montemorelos\u2014en una experiencia centrada en el servicio intercultural y el compromiso con la misi\u00f3n global, del 27 al 28 de febrero pasados.<\/p>\n<p><div id=\"attachment_140180\" style=\"width: 937px\" class=\"wp-caption aligncenter\"><img decoding=\"async\" aria-describedby=\"caption-attachment-140180\" class=\" wp-image-140180\" src=\"https:\/\/interamerica.org\/wp-content\/uploads\/2026\/03\/festival-mission-header.jpg\" alt=\"\" width=\"927\" height=\"617\" srcset=\"https:\/\/interamerica.org\/wp-content\/uploads\/2026\/03\/festival-mission-header.jpg 1000w, https:\/\/interamerica.org\/wp-content\/uploads\/2026\/03\/festival-mission-header-300x200.jpg 300w, https:\/\/interamerica.org\/wp-content\/uploads\/2026\/03\/festival-mission-header-768x511.jpg 768w\" sizes=\"(max-width: 927px) 100vw, 927px\" \/><p id=\"caption-attachment-140180\" class=\"wp-caption-text\">El pastor Ted N. C. Wilson, expresidente de la Iglesia Adventista del S\u00e9ptimo D\u00eda en el mundo (derecha), habla durante el programa de la ma\u00f1ana del s\u00e1bado del Festival de Misiones en la Universidad de Montemorelos, interpretado por el traductor Ekel Collins, profesor jubilado de la universidad (izquierda). [Fotograf\u00eda: Christopher Castellanos\/Universidad de Montemorelos]<\/p><\/div><strong>Un llamado a so\u00f1ar en grande por la misi\u00f3n<\/strong><\/p>\n<p>El expresidente de la Asociaci\u00f3n General, el pastor Ted N.C. Wilson, uno de los ponentes destacados, desafi\u00f3 a los estudiantes a que mantengan una visi\u00f3n amplia y global del llamado cristiano.<\/p>\n<p>\u201cCuando formas parte de la misi\u00f3n de Dios, necesitas so\u00f1ar en grande\u201d, dijo Wilson durante su mensaje de la ma\u00f1ana del s\u00e1bado.<\/p>\n<p>Al reflexionar sobre la historia b\u00edblica de Jos\u00e9, Wilson record\u00f3 al p\u00fablico que la fidelidad al prop\u00f3sito de Dios puede implicar dificultades, pero nunca tiene que llevar a abandonar la misi\u00f3n.<\/p>\n<p>\u201cEn tu misi\u00f3n, puedes encontrarte muchas veces en el calabozo o en el pozo\u201d, dijo. \u201cPero si permaneces fiel, cuando Jes\u00fas venga, \u00e9l te llevar\u00e1 a la corte celestial\u201d.<\/p>\n<p><div id=\"attachment_140178\" style=\"width: 905px\" class=\"wp-caption aligncenter\"><img decoding=\"async\" aria-describedby=\"caption-attachment-140178\" class=\" wp-image-140178\" src=\"https:\/\/interamerica.org\/wp-content\/uploads\/2026\/03\/um-singers-festivalmission.jpg\" alt=\"\" width=\"895\" height=\"598\" srcset=\"https:\/\/interamerica.org\/wp-content\/uploads\/2026\/03\/um-singers-festivalmission.jpg 1000w, https:\/\/interamerica.org\/wp-content\/uploads\/2026\/03\/um-singers-festivalmission-300x200.jpg 300w, https:\/\/interamerica.org\/wp-content\/uploads\/2026\/03\/um-singers-festivalmission-768x513.jpg 768w\" sizes=\"(max-width: 895px) 100vw, 895px\" \/><p id=\"caption-attachment-140178\" class=\"wp-caption-text\">Un grupo musical act\u00faa durante el programa Festival de Misiones el 28 de febrero de 2026 en la Universidad de Montemorelos. [Fotograf\u00eda: Dania Guti\u00e9rrez\/Universidad de Montemorelos]<\/p><\/div>Wilson tambi\u00e9n reconoci\u00f3 el compromiso de larga data de la Universidad de Montemorelos con la misi\u00f3n.<\/p>\n<p>\u201cEsta universidad nunca ha dudado en su objetivo: pensar en grande y tener grandes sue\u00f1os\u201d, expres\u00f3.<\/p>\n<p>Durante una presentaci\u00f3n vespertina, Wilson traz\u00f3 la historia del movimiento misionero adventista, se\u00f1alando que han pasado 150 a\u00f1os desde que el primer misionero adventista oficial, John N. Andrews, fue enviado a Suiza en 1874. Ese momento marc\u00f3 el inicio formal de la misi\u00f3n global de la iglesia.<\/p>\n<p>Wilson enfatiz\u00f3 la importancia de mantener una identidad espiritual clara basada en Apocalipsis 12:17 y 19:10, que describen la misi\u00f3n del pueblo remanente de Dios.<\/p>\n<p>Tambi\u00e9n destac\u00f3 tres principios esenciales para los misioneros que trabajan en contextos interculturales:<\/p>\n<p>\u201cAd\u00e1ptate, ad\u00e1ptate y ad\u00e1ptate\u201d.<\/p>\n<p><div id=\"attachment_140179\" style=\"width: 910px\" class=\"wp-caption aligncenter\"><img loading=\"lazy\" decoding=\"async\" aria-describedby=\"caption-attachment-140179\" class=\" wp-image-140179\" src=\"https:\/\/interamerica.org\/wp-content\/uploads\/2026\/03\/ted-wilson-um-festival-mission-2026.jpg\" alt=\"\" width=\"900\" height=\"600\" srcset=\"https:\/\/interamerica.org\/wp-content\/uploads\/2026\/03\/ted-wilson-um-festival-mission-2026.jpg 1000w, https:\/\/interamerica.org\/wp-content\/uploads\/2026\/03\/ted-wilson-um-festival-mission-2026-300x200.jpg 300w, https:\/\/interamerica.org\/wp-content\/uploads\/2026\/03\/ted-wilson-um-festival-mission-2026-768x512.jpg 768w\" sizes=\"(max-width: 900px) 100vw, 900px\" \/><p id=\"caption-attachment-140179\" class=\"wp-caption-text\">El pastor Ted N. C. Wilson, expresidente de la Iglesia Adventista del S\u00e9ptimo D\u00eda, anima a los estudiantes a que abracen la misi\u00f3n de Dios durante el Festival de Misiones en la Universidad de Montemorelos. [Fotograf\u00eda: Daniel Gallardo\/DIA]<\/p><\/div>Respetar las culturas, aprender idiomas y contextualizar el mensaje evang\u00e9lico sin comprometer los principios b\u00edblicos, dijo, son esenciales para un trabajo misionero eficaz.<\/p>\n<p><strong>Misi\u00f3n m\u00e1s all\u00e1 de las fronteras<\/strong><\/p>\n<p>El pastor Joni De Oliveira, secretario ejecutivo asociado de Misi\u00f3n Adventista en la Divisi\u00f3n Sudasi\u00e1tica, anim\u00f3 a los asistentes a que conf\u00eden en la conducci\u00f3n divina al responder al llamado a la misi\u00f3n.<\/p>\n<p>En un mensaje basado en Hechos 18, De Oliveira destac\u00f3 cuatro certezas para quienes responden al llamado misionero: habr\u00e1 oposici\u00f3n al evangelio, pero tambi\u00e9n habr\u00e1 personas dispuestas a abrir sus hogares y corazones; el trabajo fiel produce resultados; y la presencia de Dios permanece constante.<\/p>\n<p>\u201cNo te preocupes diciendo: \u2018\u00bfQu\u00e9 har\u00e9 all\u00ed?\u2019 o \u2018\u00bfA qui\u00e9n me encontrar\u00e9 all\u00ed?\u2019\u201d dijo De Oliveira. \u201cTu preocupaci\u00f3n deber\u00eda ser el expresar: \u2018Se\u00f1or, heme aqu\u00ed: env\u00edame a m\u00ed\u2019\u201d.<\/p>\n<p><div id=\"attachment_140175\" style=\"width: 911px\" class=\"wp-caption aligncenter\"><img loading=\"lazy\" decoding=\"async\" aria-describedby=\"caption-attachment-140175\" class=\" wp-image-140175\" src=\"https:\/\/interamerica.org\/wp-content\/uploads\/2026\/03\/um-festivalmissions-oliveira.jpg\" alt=\"\" width=\"901\" height=\"601\" srcset=\"https:\/\/interamerica.org\/wp-content\/uploads\/2026\/03\/um-festivalmissions-oliveira.jpg 1000w, https:\/\/interamerica.org\/wp-content\/uploads\/2026\/03\/um-festivalmissions-oliveira-300x200.jpg 300w, https:\/\/interamerica.org\/wp-content\/uploads\/2026\/03\/um-festivalmissions-oliveira-768x512.jpg 768w\" sizes=\"(max-width: 901px) 100vw, 901px\" \/><p id=\"caption-attachment-140175\" class=\"wp-caption-text\">El pastor Joni De Oliveira, secretario ejecutivo asociado de Misi\u00f3n Adventista en la Divisi\u00f3n Sudasi\u00e1tica, habla durante el programa del viernes por la noche en el Festival de Misiones de la Universidad de Montemorelos. [Fotograf\u00eda: Christopher Castellanos\/Universidad de Montemorelos]<\/p><\/div>Despu\u00e9s de compartir experiencias del campo misionero en entornos desafiantes, De Oliveira record\u00f3 a los participantes que la misi\u00f3n depende, en \u00faltima instancia, de la obra de Dios en el coraz\u00f3n de las personas.<\/p>\n<p>\u201cDios ya los est\u00e1 esperando all\u00ed\u201d, expres\u00f3.<\/p>\n<p>M\u00e1s tarde ese mismo d\u00eda, De Oliveira present\u00f3 una reflexi\u00f3n sobre el budismo y los desaf\u00edos de compartir la esperanza en contextos moldeados por cosmovisiones diferentes al cristianismo, enfatizando la importancia de comprender las culturas, respetar a las personas y tender puentes por medio del di\u00e1logo.<\/p>\n<p>Tras las presentaciones, un panel moderado por el Dr. Ismael Castillo, rector de la Universidad de Montemorelos, reuni\u00f3 a ponentes del festival junto con el pastor Abimael Lozano, director del Instituto de Misi\u00f3n de la universidad.<\/p>\n<p><div id=\"attachment_140174\" style=\"width: 907px\" class=\"wp-caption aligncenter\"><img loading=\"lazy\" decoding=\"async\" aria-describedby=\"caption-attachment-140174\" class=\" wp-image-140174\" src=\"https:\/\/interamerica.org\/wp-content\/uploads\/2026\/03\/um-festival-missions-3.jpg\" alt=\"\" width=\"897\" height=\"505\" srcset=\"https:\/\/interamerica.org\/wp-content\/uploads\/2026\/03\/um-festival-missions-3.jpg 1000w, https:\/\/interamerica.org\/wp-content\/uploads\/2026\/03\/um-festival-missions-3-300x169.jpg 300w, https:\/\/interamerica.org\/wp-content\/uploads\/2026\/03\/um-festival-missions-3-768x432.jpg 768w\" sizes=\"(max-width: 897px) 100vw, 897px\" \/><p id=\"caption-attachment-140174\" class=\"wp-caption-text\">Los estudiantes presentan actuaciones culturales y musicales durante el Festival de Misiones en la Universidad de Montemorelos, destacando la diversidad de la misi\u00f3n global de la iglesia. [Fotograf\u00eda: Universidad de Montemorelos]<\/p><\/div>La conversaci\u00f3n explor\u00f3 los desaf\u00edos actuales que enfrenta la misi\u00f3n global de la iglesia, permitiendo a los asistentes escuchar experiencias de primera mano, tensiones culturales y lecciones aprendidas de diferentes contextos misioneros alrededor del mundo.<\/p>\n<p><strong>Misi\u00f3n por medio de la m\u00fasica y el testimonio<\/strong><\/p>\n<p>Durante todo el fin de semana, la m\u00fasica y los testimonios enriquecieron el programa y reforzaron el \u00e9nfasis misionero del festival.<\/p>\n<p>El Coro Handel y la Orquesta Universitaria presentaron selecciones musicales especiales, acompa\u00f1adas por un coro infantil y otros grupos musicales de la comunidad universitaria. El conjunto Vox Laude y un grupo de m\u00fasica caribe\u00f1a tambi\u00e9n a\u00f1adieron diversidad cultural al evento.<\/p>\n<p><div id=\"attachment_140181\" style=\"width: 928px\" class=\"wp-caption aligncenter\"><img loading=\"lazy\" decoding=\"async\" aria-describedby=\"caption-attachment-140181\" class=\" wp-image-140181\" src=\"https:\/\/interamerica.org\/wp-content\/uploads\/2026\/03\/um-festival-missions-musiciansl-2026.jpg\" alt=\"\" width=\"918\" height=\"612\" srcset=\"https:\/\/interamerica.org\/wp-content\/uploads\/2026\/03\/um-festival-missions-musiciansl-2026.jpg 1000w, https:\/\/interamerica.org\/wp-content\/uploads\/2026\/03\/um-festival-missions-musiciansl-2026-300x200.jpg 300w, https:\/\/interamerica.org\/wp-content\/uploads\/2026\/03\/um-festival-missions-musiciansl-2026-768x512.jpg 768w\" sizes=\"(max-width: 918px) 100vw, 918px\" \/><p id=\"caption-attachment-140181\" class=\"wp-caption-text\">Estudiantes m\u00fasicos posan con sus instrumentos tras participar en el programa musical durante el Festival de Misiones en la Universidad de Montemorelos. [Fotograf\u00eda: Daniel Gallardo\/DIA]<\/p><\/div>Adem\u00e1s, breves segmentos de video destacaron experiencias misioneras interculturales en el sudeste asi\u00e1tico, compartiendo testimonios e historias de misioneros que prestan servicios en la regi\u00f3n.<\/p>\n<p><strong>El festival despierta el compromiso de los estudiantes con el servicio<\/strong><\/p>\n<p data-start=\"665\" data-end=\"765\">Seg\u00fan el pastor Abimael Lozano, el objetivo principal del Festival Misionero fue fortalecer la visi\u00f3n de la misi\u00f3n global, presentar las realidades y desaf\u00edos de la obra misionera \u2014especialmente en el sudeste asi\u00e1tico\u2014 e inspirar a los estudiantes a que respondan a las oportunidades de voluntariado en el extranjero.<\/p>\n<p>Durante todo el fin de semana, los ponentes enfatizaron que responder al llamado de Dios es un proceso tanto personal como espiritual.<\/p>\n<p>Al final del evento, 34 j\u00f3venes hab\u00edan iniciado el proceso formal de servir en el extranjero, dando un paso significativo hacia el servicio misionero intercultural.<\/p>\n<p><div id=\"attachment_140173\" style=\"width: 958px\" class=\"wp-caption aligncenter\"><img loading=\"lazy\" decoding=\"async\" aria-describedby=\"caption-attachment-140173\" class=\" wp-image-140173\" src=\"https:\/\/interamerica.org\/wp-content\/uploads\/2026\/03\/umstudents-festival-missions.jpg\" alt=\"\" width=\"948\" height=\"632\" srcset=\"https:\/\/interamerica.org\/wp-content\/uploads\/2026\/03\/umstudents-festival-missions.jpg 1000w, https:\/\/interamerica.org\/wp-content\/uploads\/2026\/03\/umstudents-festival-missions-300x200.jpg 300w, https:\/\/interamerica.org\/wp-content\/uploads\/2026\/03\/umstudents-festival-missions-768x512.jpg 768w\" sizes=\"(max-width: 948px) 100vw, 948px\" \/><p id=\"caption-attachment-140173\" class=\"wp-caption-text\">Los estudiantes de la Universidad de Montemorelos visten atuendos tradicionales que representan a sus pa\u00edses de origen durante el Festival de Misiones, que se lleva a cabo todos los a\u00f1os. [Fotograf\u00eda: Christopher Castellanos\/Universidad de Montemorelos]<\/p><\/div>Al final del programa de s\u00e1bado, varios estudiantes se adelantaron para responder p\u00fablicamente al llamado, y el pastor De Oliveira les ofreci\u00f3 palabras de \u00e1nimo y una oraci\u00f3n de dedicaci\u00f3n.<\/p>\n<p><strong>Celebraci\u00f3n de una cultura misionera<\/strong><\/p>\n<p>El festival concluy\u00f3 el domingo 1 de marzo con la Feria de Misiones, una celebraci\u00f3n que incluy\u00f3 comidas internacionales, m\u00fasica folcl\u00f3rica y expresiones culturales que reflejaron la diversidad de la comunidad universitaria.<\/p>\n<p>Con 26 a\u00f1os de historia, el Festival de Misi\u00f3n sigue reafirmando el compromiso institucional de la Universidad Montemorelos de preparar profesionales con una visi\u00f3n misionera, listos para servir en cualquier contexto del mundo, seg\u00fan indicaron los responsables universitarios.<\/p>\n<p>Traducci\u00f3n de Marcos Paseggi<\/p>\n","protected":false},"excerpt":{"rendered":"<p>Encuentro misionero motiva a 34 estudiantes a comenzar el proceso de servicio intercultural. 9 de marzo de 2026 | Montemorelos, Nuevo Le\u00f3n, M\u00e9xico | Laura Marrero y Equipo de Noticias&#8230;<\/p>\n","protected":false},"author":3,"featured_media":140243,"comment_status":"closed","ping_status":"closed","sticky":false,"template":"","format":"standard","meta":{"_acf_changed":false,"footnotes":""},"categories":[16,15],"tags":[],"class_list":["post-140240","post","type-post","status-publish","format-standard","has-post-thumbnail","hentry","category-desde-la-sede","category-rss-espanol"],"acf":[],"yoast_head":"<!-- This site is optimized with the Yoast SEO plugin v27.3 - https:\/\/yoast.com\/product\/yoast-seo-wordpress\/ -->\n<title>Festival de Misiones inspira a estudiantes de la Universidad de Montemorelos al servicio en todo el mundo - Iglesia Adventista del S\u00e9ptimo D\u00eda - Divisi\u00f3n Interamericana<\/title>\n<meta name=\"robots\" content=\"index, follow, max-snippet:-1, max-image-preview:large, max-video-preview:-1\" \/>\n<link rel=\"canonical\" href=\"https:\/\/interamerica.org\/es\/2026\/03\/festival-de-misiones-inspira-a-estudiantes-de-la-universidad-de-montemorelos-al-servicio-en-todo-el-mundo\/\" \/>\n<meta property=\"og:locale\" content=\"es_ES\" \/>\n<meta property=\"og:type\" content=\"article\" \/>\n<meta property=\"og:title\" content=\"Festival de Misiones inspira a estudiantes de la Universidad de Montemorelos al servicio en todo el mundo - Iglesia Adventista del S\u00e9ptimo D\u00eda - Divisi\u00f3n Interamericana\" \/>\n<meta property=\"og:description\" content=\"Encuentro misionero motiva a 34 estudiantes a comenzar el proceso de servicio intercultural. 9 de marzo de 2026 | Montemorelos, Nuevo Le\u00f3n, M\u00e9xico | Laura Marrero y Equipo de Noticias...\" \/>\n<meta property=\"og:url\" content=\"https:\/\/interamerica.org\/es\/2026\/03\/festival-de-misiones-inspira-a-estudiantes-de-la-universidad-de-montemorelos-al-servicio-en-todo-el-mundo\/\" \/>\n<meta property=\"og:site_name\" content=\"Iglesia Adventista del S\u00e9ptimo D\u00eda - Divisi\u00f3n Interamericana\" \/>\n<meta property=\"article:published_time\" content=\"2026-03-10T01:17:32+00:00\" \/>\n<meta property=\"article:modified_time\" content=\"2026-03-10T10:02:59+00:00\" \/>\n<meta property=\"og:image\" content=\"https:\/\/interamerica.org\/wp-content\/uploads\/2026\/03\/um-festivalmissionsimg-kirowb2xmv5tnlaf-scaled.jpeg\" \/>\n\t<meta property=\"og:image:width\" content=\"2560\" \/>\n\t<meta property=\"og:image:height\" content=\"1707\" \/>\n\t<meta property=\"og:image:type\" content=\"image\/jpeg\" \/>\n<meta name=\"author\" content=\"libna\" \/>\n<meta name=\"twitter:card\" content=\"summary_large_image\" \/>\n<meta name=\"twitter:label1\" content=\"Escrito por\" \/>\n\t<meta name=\"twitter:data1\" content=\"libna\" \/>\n\t<meta name=\"twitter:label2\" content=\"Tiempo de lectura\" \/>\n\t<meta name=\"twitter:data2\" content=\"8 minutos\" \/>\n<script type=\"application\/ld+json\" class=\"yoast-schema-graph\">{\"@context\":\"https:\\\/\\\/schema.org\",\"@graph\":[{\"@type\":\"Article\",\"@id\":\"https:\\\/\\\/interamerica.org\\\/es\\\/2026\\\/03\\\/festival-de-misiones-inspira-a-estudiantes-de-la-universidad-de-montemorelos-al-servicio-en-todo-el-mundo\\\/#article\",\"isPartOf\":{\"@id\":\"https:\\\/\\\/interamerica.org\\\/es\\\/2026\\\/03\\\/festival-de-misiones-inspira-a-estudiantes-de-la-universidad-de-montemorelos-al-servicio-en-todo-el-mundo\\\/\"},\"author\":{\"name\":\"libna\",\"@id\":\"https:\\\/\\\/interamerica.org\\\/es\\\/#\\\/schema\\\/person\\\/29998f2bc2d8bd0d38662909289b54f1\"},\"headline\":\"Festival de Misiones inspira a estudiantes de la Universidad de Montemorelos al servicio en todo el mundo\",\"datePublished\":\"2026-03-10T01:17:32+00:00\",\"dateModified\":\"2026-03-10T10:02:59+00:00\",\"mainEntityOfPage\":{\"@id\":\"https:\\\/\\\/interamerica.org\\\/es\\\/2026\\\/03\\\/festival-de-misiones-inspira-a-estudiantes-de-la-universidad-de-montemorelos-al-servicio-en-todo-el-mundo\\\/\"},\"wordCount\":1465,\"image\":{\"@id\":\"https:\\\/\\\/interamerica.org\\\/es\\\/2026\\\/03\\\/festival-de-misiones-inspira-a-estudiantes-de-la-universidad-de-montemorelos-al-servicio-en-todo-el-mundo\\\/#primaryimage\"},\"thumbnailUrl\":\"https:\\\/\\\/interamerica.org\\\/wp-content\\\/uploads\\\/2026\\\/03\\\/um-festivalmissionsimg-kirowb2xmv5tnlaf-scaled.jpeg\",\"articleSection\":[\"Desde la sede\",\"RSS Espa\u00f1ol\"],\"inLanguage\":\"es\"},{\"@type\":\"WebPage\",\"@id\":\"https:\\\/\\\/interamerica.org\\\/es\\\/2026\\\/03\\\/festival-de-misiones-inspira-a-estudiantes-de-la-universidad-de-montemorelos-al-servicio-en-todo-el-mundo\\\/\",\"url\":\"https:\\\/\\\/interamerica.org\\\/es\\\/2026\\\/03\\\/festival-de-misiones-inspira-a-estudiantes-de-la-universidad-de-montemorelos-al-servicio-en-todo-el-mundo\\\/\",\"name\":\"Festival de Misiones inspira a estudiantes de la Universidad de Montemorelos al servicio en todo el mundo - Iglesia Adventista del S\u00e9ptimo D\u00eda - Divisi\u00f3n Interamericana\",\"isPartOf\":{\"@id\":\"https:\\\/\\\/interamerica.org\\\/es\\\/#website\"},\"primaryImageOfPage\":{\"@id\":\"https:\\\/\\\/interamerica.org\\\/es\\\/2026\\\/03\\\/festival-de-misiones-inspira-a-estudiantes-de-la-universidad-de-montemorelos-al-servicio-en-todo-el-mundo\\\/#primaryimage\"},\"image\":{\"@id\":\"https:\\\/\\\/interamerica.org\\\/es\\\/2026\\\/03\\\/festival-de-misiones-inspira-a-estudiantes-de-la-universidad-de-montemorelos-al-servicio-en-todo-el-mundo\\\/#primaryimage\"},\"thumbnailUrl\":\"https:\\\/\\\/interamerica.org\\\/wp-content\\\/uploads\\\/2026\\\/03\\\/um-festivalmissionsimg-kirowb2xmv5tnlaf-scaled.jpeg\",\"datePublished\":\"2026-03-10T01:17:32+00:00\",\"dateModified\":\"2026-03-10T10:02:59+00:00\",\"author\":{\"@id\":\"https:\\\/\\\/interamerica.org\\\/es\\\/#\\\/schema\\\/person\\\/29998f2bc2d8bd0d38662909289b54f1\"},\"breadcrumb\":{\"@id\":\"https:\\\/\\\/interamerica.org\\\/es\\\/2026\\\/03\\\/festival-de-misiones-inspira-a-estudiantes-de-la-universidad-de-montemorelos-al-servicio-en-todo-el-mundo\\\/#breadcrumb\"},\"inLanguage\":\"es\",\"potentialAction\":[{\"@type\":\"ReadAction\",\"target\":[\"https:\\\/\\\/interamerica.org\\\/es\\\/2026\\\/03\\\/festival-de-misiones-inspira-a-estudiantes-de-la-universidad-de-montemorelos-al-servicio-en-todo-el-mundo\\\/\"]}]},{\"@type\":\"ImageObject\",\"inLanguage\":\"es\",\"@id\":\"https:\\\/\\\/interamerica.org\\\/es\\\/2026\\\/03\\\/festival-de-misiones-inspira-a-estudiantes-de-la-universidad-de-montemorelos-al-servicio-en-todo-el-mundo\\\/#primaryimage\",\"url\":\"https:\\\/\\\/interamerica.org\\\/wp-content\\\/uploads\\\/2026\\\/03\\\/um-festivalmissionsimg-kirowb2xmv5tnlaf-scaled.jpeg\",\"contentUrl\":\"https:\\\/\\\/interamerica.org\\\/wp-content\\\/uploads\\\/2026\\\/03\\\/um-festivalmissionsimg-kirowb2xmv5tnlaf-scaled.jpeg\",\"width\":2560,\"height\":1707,\"caption\":\"A student musical group performs an African-style musical piece during the Sabbath morning program of the Festival of Missions at Montemorelos University on Feb. 28, 2026. [Photo: Dania Guti\u00e9rrez\\\/Montemorelos University]\"},{\"@type\":\"BreadcrumbList\",\"@id\":\"https:\\\/\\\/interamerica.org\\\/es\\\/2026\\\/03\\\/festival-de-misiones-inspira-a-estudiantes-de-la-universidad-de-montemorelos-al-servicio-en-todo-el-mundo\\\/#breadcrumb\",\"itemListElement\":[{\"@type\":\"ListItem\",\"position\":1,\"name\":\"Home\",\"item\":\"https:\\\/\\\/interamerica.org\\\/es\\\/\"},{\"@type\":\"ListItem\",\"position\":2,\"name\":\"Festival de Misiones inspira a estudiantes de la Universidad de Montemorelos al servicio en todo el mundo\"}]},{\"@type\":\"WebSite\",\"@id\":\"https:\\\/\\\/interamerica.org\\\/es\\\/#website\",\"url\":\"https:\\\/\\\/interamerica.org\\\/es\\\/\",\"name\":\"Iglesia Adventista del S\u00e9ptimo D\u00eda - Divisi\u00f3n Interamericana\",\"description\":\"\",\"potentialAction\":[{\"@type\":\"SearchAction\",\"target\":{\"@type\":\"EntryPoint\",\"urlTemplate\":\"https:\\\/\\\/interamerica.org\\\/es\\\/?s={search_term_string}\"},\"query-input\":{\"@type\":\"PropertyValueSpecification\",\"valueRequired\":true,\"valueName\":\"search_term_string\"}}],\"inLanguage\":\"es\"},{\"@type\":\"Person\",\"@id\":\"https:\\\/\\\/interamerica.org\\\/es\\\/#\\\/schema\\\/person\\\/29998f2bc2d8bd0d38662909289b54f1\",\"name\":\"libna\",\"image\":{\"@type\":\"ImageObject\",\"inLanguage\":\"es\",\"@id\":\"https:\\\/\\\/secure.gravatar.com\\\/avatar\\\/7c5bd30ae4b47a9ba3c856590957fd1d96dc588bf3ac05719d247e126840331f?s=96&d=mm&r=g\",\"url\":\"https:\\\/\\\/secure.gravatar.com\\\/avatar\\\/7c5bd30ae4b47a9ba3c856590957fd1d96dc588bf3ac05719d247e126840331f?s=96&d=mm&r=g\",\"contentUrl\":\"https:\\\/\\\/secure.gravatar.com\\\/avatar\\\/7c5bd30ae4b47a9ba3c856590957fd1d96dc588bf3ac05719d247e126840331f?s=96&d=mm&r=g\",\"caption\":\"libna\"}}]}<\/script>\n<!-- \/ Yoast SEO plugin. -->","yoast_head_json":{"title":"Festival de Misiones inspira a estudiantes de la Universidad de Montemorelos al servicio en todo el mundo - Iglesia Adventista del S\u00e9ptimo D\u00eda - Divisi\u00f3n Interamericana","robots":{"index":"index","follow":"follow","max-snippet":"max-snippet:-1","max-image-preview":"max-image-preview:large","max-video-preview":"max-video-preview:-1"},"canonical":"https:\/\/interamerica.org\/es\/2026\/03\/festival-de-misiones-inspira-a-estudiantes-de-la-universidad-de-montemorelos-al-servicio-en-todo-el-mundo\/","og_locale":"es_ES","og_type":"article","og_title":"Festival de Misiones inspira a estudiantes de la Universidad de Montemorelos al servicio en todo el mundo - Iglesia Adventista del S\u00e9ptimo D\u00eda - Divisi\u00f3n Interamericana","og_description":"Encuentro misionero motiva a 34 estudiantes a comenzar el proceso de servicio intercultural. 9 de marzo de 2026 | Montemorelos, Nuevo Le\u00f3n, M\u00e9xico | Laura Marrero y Equipo de Noticias...","og_url":"https:\/\/interamerica.org\/es\/2026\/03\/festival-de-misiones-inspira-a-estudiantes-de-la-universidad-de-montemorelos-al-servicio-en-todo-el-mundo\/","og_site_name":"Iglesia Adventista del S\u00e9ptimo D\u00eda - Divisi\u00f3n Interamericana","article_published_time":"2026-03-10T01:17:32+00:00","article_modified_time":"2026-03-10T10:02:59+00:00","og_image":[{"width":2560,"height":1707,"url":"https:\/\/interamerica.org\/wp-content\/uploads\/2026\/03\/um-festivalmissionsimg-kirowb2xmv5tnlaf-scaled.jpeg","type":"image\/jpeg"}],"author":"libna","twitter_card":"summary_large_image","twitter_misc":{"Escrito por":"libna","Tiempo de lectura":"8 minutos"},"schema":{"@context":"https:\/\/schema.org","@graph":[{"@type":"Article","@id":"https:\/\/interamerica.org\/es\/2026\/03\/festival-de-misiones-inspira-a-estudiantes-de-la-universidad-de-montemorelos-al-servicio-en-todo-el-mundo\/#article","isPartOf":{"@id":"https:\/\/interamerica.org\/es\/2026\/03\/festival-de-misiones-inspira-a-estudiantes-de-la-universidad-de-montemorelos-al-servicio-en-todo-el-mundo\/"},"author":{"name":"libna","@id":"https:\/\/interamerica.org\/es\/#\/schema\/person\/29998f2bc2d8bd0d38662909289b54f1"},"headline":"Festival de Misiones inspira a estudiantes de la Universidad de Montemorelos al servicio en todo el mundo","datePublished":"2026-03-10T01:17:32+00:00","dateModified":"2026-03-10T10:02:59+00:00","mainEntityOfPage":{"@id":"https:\/\/interamerica.org\/es\/2026\/03\/festival-de-misiones-inspira-a-estudiantes-de-la-universidad-de-montemorelos-al-servicio-en-todo-el-mundo\/"},"wordCount":1465,"image":{"@id":"https:\/\/interamerica.org\/es\/2026\/03\/festival-de-misiones-inspira-a-estudiantes-de-la-universidad-de-montemorelos-al-servicio-en-todo-el-mundo\/#primaryimage"},"thumbnailUrl":"https:\/\/interamerica.org\/wp-content\/uploads\/2026\/03\/um-festivalmissionsimg-kirowb2xmv5tnlaf-scaled.jpeg","articleSection":["Desde la sede","RSS Espa\u00f1ol"],"inLanguage":"es"},{"@type":"WebPage","@id":"https:\/\/interamerica.org\/es\/2026\/03\/festival-de-misiones-inspira-a-estudiantes-de-la-universidad-de-montemorelos-al-servicio-en-todo-el-mundo\/","url":"https:\/\/interamerica.org\/es\/2026\/03\/festival-de-misiones-inspira-a-estudiantes-de-la-universidad-de-montemorelos-al-servicio-en-todo-el-mundo\/","name":"Festival de Misiones inspira a estudiantes de la Universidad de Montemorelos al servicio en todo el mundo - Iglesia Adventista del S\u00e9ptimo D\u00eda - Divisi\u00f3n Interamericana","isPartOf":{"@id":"https:\/\/interamerica.org\/es\/#website"},"primaryImageOfPage":{"@id":"https:\/\/interamerica.org\/es\/2026\/03\/festival-de-misiones-inspira-a-estudiantes-de-la-universidad-de-montemorelos-al-servicio-en-todo-el-mundo\/#primaryimage"},"image":{"@id":"https:\/\/interamerica.org\/es\/2026\/03\/festival-de-misiones-inspira-a-estudiantes-de-la-universidad-de-montemorelos-al-servicio-en-todo-el-mundo\/#primaryimage"},"thumbnailUrl":"https:\/\/interamerica.org\/wp-content\/uploads\/2026\/03\/um-festivalmissionsimg-kirowb2xmv5tnlaf-scaled.jpeg","datePublished":"2026-03-10T01:17:32+00:00","dateModified":"2026-03-10T10:02:59+00:00","author":{"@id":"https:\/\/interamerica.org\/es\/#\/schema\/person\/29998f2bc2d8bd0d38662909289b54f1"},"breadcrumb":{"@id":"https:\/\/interamerica.org\/es\/2026\/03\/festival-de-misiones-inspira-a-estudiantes-de-la-universidad-de-montemorelos-al-servicio-en-todo-el-mundo\/#breadcrumb"},"inLanguage":"es","potentialAction":[{"@type":"ReadAction","target":["https:\/\/interamerica.org\/es\/2026\/03\/festival-de-misiones-inspira-a-estudiantes-de-la-universidad-de-montemorelos-al-servicio-en-todo-el-mundo\/"]}]},{"@type":"ImageObject","inLanguage":"es","@id":"https:\/\/interamerica.org\/es\/2026\/03\/festival-de-misiones-inspira-a-estudiantes-de-la-universidad-de-montemorelos-al-servicio-en-todo-el-mundo\/#primaryimage","url":"https:\/\/interamerica.org\/wp-content\/uploads\/2026\/03\/um-festivalmissionsimg-kirowb2xmv5tnlaf-scaled.jpeg","contentUrl":"https:\/\/interamerica.org\/wp-content\/uploads\/2026\/03\/um-festivalmissionsimg-kirowb2xmv5tnlaf-scaled.jpeg","width":2560,"height":1707,"caption":"A student musical group performs an African-style musical piece during the Sabbath morning program of the Festival of Missions at Montemorelos University on Feb. 28, 2026. [Photo: Dania Guti\u00e9rrez\/Montemorelos University]"},{"@type":"BreadcrumbList","@id":"https:\/\/interamerica.org\/es\/2026\/03\/festival-de-misiones-inspira-a-estudiantes-de-la-universidad-de-montemorelos-al-servicio-en-todo-el-mundo\/#breadcrumb","itemListElement":[{"@type":"ListItem","position":1,"name":"Home","item":"https:\/\/interamerica.org\/es\/"},{"@type":"ListItem","position":2,"name":"Festival de Misiones inspira a estudiantes de la Universidad de Montemorelos al servicio en todo el mundo"}]},{"@type":"WebSite","@id":"https:\/\/interamerica.org\/es\/#website","url":"https:\/\/interamerica.org\/es\/","name":"Iglesia Adventista del S\u00e9ptimo D\u00eda - Divisi\u00f3n Interamericana","description":"","potentialAction":[{"@type":"SearchAction","target":{"@type":"EntryPoint","urlTemplate":"https:\/\/interamerica.org\/es\/?s={search_term_string}"},"query-input":{"@type":"PropertyValueSpecification","valueRequired":true,"valueName":"search_term_string"}}],"inLanguage":"es"},{"@type":"Person","@id":"https:\/\/interamerica.org\/es\/#\/schema\/person\/29998f2bc2d8bd0d38662909289b54f1","name":"libna","image":{"@type":"ImageObject","inLanguage":"es","@id":"https:\/\/secure.gravatar.com\/avatar\/7c5bd30ae4b47a9ba3c856590957fd1d96dc588bf3ac05719d247e126840331f?s=96&d=mm&r=g","url":"https:\/\/secure.gravatar.com\/avatar\/7c5bd30ae4b47a9ba3c856590957fd1d96dc588bf3ac05719d247e126840331f?s=96&d=mm&r=g","contentUrl":"https:\/\/secure.gravatar.com\/avatar\/7c5bd30ae4b47a9ba3c856590957fd1d96dc588bf3ac05719d247e126840331f?s=96&d=mm&r=g","caption":"libna"}}]}},"_links":{"self":[{"href":"https:\/\/interamerica.org\/es\/wp-json\/wp\/v2\/posts\/140240","targetHints":{"allow":["GET"]}}],"collection":[{"href":"https:\/\/interamerica.org\/es\/wp-json\/wp\/v2\/posts"}],"about":[{"href":"https:\/\/interamerica.org\/es\/wp-json\/wp\/v2\/types\/post"}],"author":[{"embeddable":true,"href":"https:\/\/interamerica.org\/es\/wp-json\/wp\/v2\/users\/3"}],"replies":[{"embeddable":true,"href":"https:\/\/interamerica.org\/es\/wp-json\/wp\/v2\/comments?post=140240"}],"version-history":[{"count":1,"href":"https:\/\/interamerica.org\/es\/wp-json\/wp\/v2\/posts\/140240\/revisions"}],"predecessor-version":[{"id":140262,"href":"https:\/\/interamerica.org\/es\/wp-json\/wp\/v2\/posts\/140240\/revisions\/140262"}],"wp:featuredmedia":[{"embeddable":true,"href":"https:\/\/interamerica.org\/es\/wp-json\/wp\/v2\/media\/140243"}],"wp:attachment":[{"href":"https:\/\/interamerica.org\/es\/wp-json\/wp\/v2\/media?parent=140240"}],"wp:term":[{"taxonomy":"category","embeddable":true,"href":"https:\/\/interamerica.org\/es\/wp-json\/wp\/v2\/categories?post=140240"},{"taxonomy":"post_tag","embeddable":true,"href":"https:\/\/interamerica.org\/es\/wp-json\/wp\/v2\/tags?post=140240"}],"curies":[{"name":"wp","href":"https:\/\/api.w.org\/{rel}","templated":true}]}}