{"id":140295,"date":"2026-03-11T11:01:18","date_gmt":"2026-03-11T15:01:18","guid":{"rendered":"https:\/\/interamerica.org\/?p=140295"},"modified":"2026-03-11T12:00:47","modified_gmt":"2026-03-11T16:00:47","slug":"cuan-pequenos-somos-y-cuan-grande-es-la-obra-que-tenemos-por-delante","status":"publish","type":"post","link":"https:\/\/interamerica.org\/es\/2026\/03\/cuan-pequenos-somos-y-cuan-grande-es-la-obra-que-tenemos-por-delante\/","title":{"rendered":"Cu\u00e1n peque\u00f1os somos, y cu\u00e1n grande es la obra que tenemos por delante"},"content":{"rendered":"<p class=\"c-post-header__subtitle\"><em> Veamos los ocho mil millones a trav\u00e9s de los ojos de Dios.<\/em><\/p>\n<p>11 de marzo de 2026 | Silver Spring, Maryland, Estados Unidos | Erton C. K\u00f6hler, para Adventist Review<\/p>\n<p>Imaginemos comprimir a toda la poblaci\u00f3n mundial en un cubo. Los matem\u00e1ticos han calculado que los ocho millones de personas apiladas podr\u00edan caber dentro de un cubo de aproximadamente un kil\u00f3metro por lado.<a id=\"_ednref1\" href=\"https:\/\/adventistreview.org\/church-life\/our-voice\/columnists-our-voice\/how-small-we-are-how-great-the-work-before-us\/#_edn1\"><sup>[1]<\/sup><\/a><\/p>\n<p>La humanidad, con su historia y complejidad, podr\u00eda contenerse en una manzana m\u00e1s peque\u00f1a que muchos barrios. Esta imagen es tan sorprendente que invita a reflexionar. En t\u00e9rminos f\u00edsicos, casi no ocupamos espacio, pero nuestro impacto y legado van mucho m\u00e1s all\u00e1 del volumen mensurable.<\/p>\n<p>Desde el principio, Dios dio a la humanidad un papel m\u00e1s grande que su mero tama\u00f1o. Que \u201ctenga potestad\u201d (G\u00e9n. 1:26) habla de mayordom\u00eda, no de privilegios. Estamos creados para moldear la vida, cuidar la creaci\u00f3n y proteger la belleza. La historia demuestra cu\u00e1n importante es esta tarea. Lo que Ad\u00e1n y Eva protegieron se perdi\u00f3 por su desobediencia. No\u00e9 vio un mundo remodelado por la violencia (G\u00e9n. 6:11). Abraham fue testigo del costo de la decadencia moral. Hoy la sociedad se enfrenta a los efectos acumulativos de decisiones que erosionan el planeta, distorsionan los valores y disminuyen la esperanza.<\/p>\n<p>La narrativa b\u00edblica no sucumbe al declive. Las Escrituras nos elevan m\u00e1s all\u00e1 del colapso y nos llaman al prop\u00f3sito: \u201cDe Jehov\u00e1 es la tierra y su plenitud\u201d (Sal. 24:1). La creaci\u00f3n sigue siendo su posesi\u00f3n y llama a su pueblo a restaurar esa relaci\u00f3n: no mediante la coacci\u00f3n sino mediante el testimonio. Jes\u00fas afirm\u00f3 la dignidad de nuestro llamamiento: \u201cVosotros sois la luz del mundo\u201d (Mat. 5:14). Estamos destinados a iluminar, no a dejar el mundo inalterado.<\/p>\n<div class=\"o-rich-text c-content-single__body\">\n<p>El movimiento adventista existe porque, en un mundo de un kil\u00f3metro c\u00fabico de tama\u00f1o, ocho mil millones de historias anhelan la esperanza. Ning\u00fan logro ni pol\u00edtica puede satisfacer el hambre de todas las lenguas y culturas. Pero el evangelio eterno aborda el problema con claridad, relevancia y gracia. No es opcional: es el remedio de Dios para un planeta que ha olvidado su origen y ha perdido de vista su destino. Elena White expres\u00f3: \u201cCada alma es tan plenamente conocida por Jes\u00fas como si fuera la \u00fanica por la cual el Salvador muri\u00f3\u201d.<a id=\"_ednref2\" href=\"https:\/\/adventistreview.org\/church-life\/our-voice\/columnists-our-voice\/how-small-we-are-how-great-the-work-before-us\/#_edn2\"><sup>[2]<\/sup><\/a><\/p>\n<p>Si Cristo ve a cada persona con ese nivel de devoci\u00f3n, entonces la iglesia no puede definir su misi\u00f3n por estad\u00edsticas, presupuestos o geograf\u00eda. Cada vida es invaluable. Un movimiento que crea esto, se convierte en una fuente de sanaci\u00f3n en un mundo quebrantado. Nuestra misi\u00f3n gana fuerza porque est\u00e1 arraigada en las Escrituras, centrada en Cristo y empoderada por el Esp\u00edritu. Una iglesia basada en la Biblia y centrada en la misi\u00f3n sirve como testimonio de esperanza all\u00ed donde reina la desesperaci\u00f3n.<\/p>\n<p>Esta hora requiere m\u00e1s que tan solo observaci\u00f3n. Exige devoci\u00f3n, discernimiento y valent\u00eda. El mundo se siente abrumado por diversas crisis, pero sigue estando accesible al amor. El planeta sufre decisiones que afectan la vida, pero a\u00fan puede renovarse por medio de vidas entregadas a Cristo. Nuestra mayordom\u00eda no solo incluye la tierra bajo nuestros pies, sino tambi\u00e9n a las personas que nos rodean. A medida que entregamos el mensaje adventista a cada naci\u00f3n, tribu, lengua y pueblo, comienza a surgir un nuevo horizonte m\u00e1s all\u00e1 del antiguo. El llamado nunca ha estado m\u00e1s claro. Ha llegado el momento de ser una iglesia que brille, sirva y proclame.<\/p>\n<p>Maranata.<\/p>\n<hr class=\"wp-block-separator has-alpha-channel-opacity\" \/>\n<p><a id=\"_edn1\" href=\"https:\/\/adventistreview.org\/church-life\/our-voice\/columnists-our-voice\/how-small-we-are-how-great-the-work-before-us\/#_ednref1\"><sup>[1]<\/sup><\/a> V\u00e9ase Phil Plait, \u201cThe Human Cube: The Volume of Humanity,\u201d <em>Syfy Wire<\/em>, 14 de octubre de 2018, <a href=\"https:\/\/www.syfy.com\/syfy-wire\/the-human-cube-the-volume-of-humanity\" target=\"_blank\" rel=\"noopener\">https:\/\/www.syfy.com\/syfy-wire\/the-human-cube-the-volume-of-humanity<\/a>, y Carson Chow, \u201cThe Mass of Humanity\u201d, <em>Scientific Clearing House<\/em>, 26 de junio de 2009, <a href=\"https:\/\/sciencehouse.wordpress.com\/2009\/06\/26\/the-mass-of-humanity\/\" target=\"_blank\" rel=\"noopener\">https:\/\/sciencehouse.wordpress.com\/2009\/06\/26\/the-mass-of-humanity\/<\/a>.<\/p>\n<p><a id=\"_edn2\" href=\"https:\/\/adventistreview.org\/church-life\/our-voice\/columnists-our-voice\/how-small-we-are-how-great-the-work-before-us\/#_ednref2\"><sup>[2]<\/sup><\/a> Elena G. White, <em>El Deseado de todas las gentes<\/em> (Mountain View, Calif.: Pacific Press Pub. Assn., 1955), p. 445.<\/p>\n<\/div>\n<div id=\"social-share\" class=\"c-content-single__social-share\"><em><strong>Erton C. K\u00f6hler<\/strong> es presidente de la Asociaci\u00f3n General de los Adventistas del S\u00e9ptimo D\u00eda.<\/em><\/div>\n<p>Traducci\u00f3n de Marcos Paseggi<\/p>\n","protected":false},"excerpt":{"rendered":"<p>Veamos los ocho mil millones a trav\u00e9s de los ojos de Dios. 11 de marzo de 2026 | Silver Spring, Maryland, Estados Unidos | Erton C. K\u00f6hler, para Adventist Review&#8230;<\/p>\n","protected":false},"author":3,"featured_media":140297,"comment_status":"closed","ping_status":"closed","sticky":false,"template":"","format":"standard","meta":{"_acf_changed":false,"footnotes":""},"categories":[14,15],"tags":[],"class_list":["post-140295","post","type-post","status-publish","format-standard","has-post-thumbnail","hentry","category-de-la-iglesia-mundial","category-rss-espanol"],"acf":[],"yoast_head":"<!-- This site is optimized with the Yoast SEO plugin v27.3 - https:\/\/yoast.com\/product\/yoast-seo-wordpress\/ -->\n<title>Cu\u00e1n peque\u00f1os somos, y cu\u00e1n grande es la obra que tenemos por delante - Iglesia Adventista del S\u00e9ptimo D\u00eda - Divisi\u00f3n Interamericana<\/title>\n<meta name=\"robots\" content=\"index, follow, max-snippet:-1, max-image-preview:large, max-video-preview:-1\" \/>\n<link rel=\"canonical\" href=\"https:\/\/interamerica.org\/es\/2026\/03\/cuan-pequenos-somos-y-cuan-grande-es-la-obra-que-tenemos-por-delante\/\" \/>\n<meta property=\"og:locale\" content=\"es_ES\" \/>\n<meta property=\"og:type\" content=\"article\" \/>\n<meta property=\"og:title\" content=\"Cu\u00e1n peque\u00f1os somos, y cu\u00e1n grande es la obra que tenemos por delante - Iglesia Adventista del S\u00e9ptimo D\u00eda - Divisi\u00f3n Interamericana\" \/>\n<meta property=\"og:description\" content=\"Veamos los ocho mil millones a trav\u00e9s de los ojos de Dios. 11 de marzo de 2026 | Silver Spring, Maryland, Estados Unidos | Erton C. K\u00f6hler, para Adventist Review...\" \/>\n<meta property=\"og:url\" content=\"https:\/\/interamerica.org\/es\/2026\/03\/cuan-pequenos-somos-y-cuan-grande-es-la-obra-que-tenemos-por-delante\/\" \/>\n<meta property=\"og:site_name\" content=\"Iglesia Adventista del S\u00e9ptimo D\u00eda - Divisi\u00f3n Interamericana\" \/>\n<meta property=\"article:published_time\" content=\"2026-03-11T15:01:18+00:00\" \/>\n<meta property=\"article:modified_time\" content=\"2026-03-11T16:00:47+00:00\" \/>\n<meta property=\"og:image\" content=\"https:\/\/interamerica.org\/wp-content\/uploads\/2026\/03\/pexels-zelch-30596225.jpg\" \/>\n\t<meta property=\"og:image:width\" content=\"1280\" \/>\n\t<meta property=\"og:image:height\" content=\"800\" \/>\n\t<meta property=\"og:image:type\" content=\"image\/jpeg\" \/>\n<meta name=\"author\" content=\"libna\" \/>\n<meta name=\"twitter:card\" content=\"summary_large_image\" \/>\n<meta name=\"twitter:label1\" content=\"Escrito por\" \/>\n\t<meta name=\"twitter:data1\" content=\"libna\" \/>\n\t<meta name=\"twitter:label2\" content=\"Tiempo de lectura\" \/>\n\t<meta name=\"twitter:data2\" content=\"4 minutos\" \/>\n<script type=\"application\/ld+json\" class=\"yoast-schema-graph\">{\"@context\":\"https:\\\/\\\/schema.org\",\"@graph\":[{\"@type\":\"Article\",\"@id\":\"https:\\\/\\\/interamerica.org\\\/es\\\/2026\\\/03\\\/cuan-pequenos-somos-y-cuan-grande-es-la-obra-que-tenemos-por-delante\\\/#article\",\"isPartOf\":{\"@id\":\"https:\\\/\\\/interamerica.org\\\/es\\\/2026\\\/03\\\/cuan-pequenos-somos-y-cuan-grande-es-la-obra-que-tenemos-por-delante\\\/\"},\"author\":{\"name\":\"libna\",\"@id\":\"https:\\\/\\\/interamerica.org\\\/es\\\/#\\\/schema\\\/person\\\/29998f2bc2d8bd0d38662909289b54f1\"},\"headline\":\"Cu\u00e1n peque\u00f1os somos, y cu\u00e1n grande es la obra que tenemos por delante\",\"datePublished\":\"2026-03-11T15:01:18+00:00\",\"dateModified\":\"2026-03-11T16:00:47+00:00\",\"mainEntityOfPage\":{\"@id\":\"https:\\\/\\\/interamerica.org\\\/es\\\/2026\\\/03\\\/cuan-pequenos-somos-y-cuan-grande-es-la-obra-que-tenemos-por-delante\\\/\"},\"wordCount\":713,\"image\":{\"@id\":\"https:\\\/\\\/interamerica.org\\\/es\\\/2026\\\/03\\\/cuan-pequenos-somos-y-cuan-grande-es-la-obra-que-tenemos-por-delante\\\/#primaryimage\"},\"thumbnailUrl\":\"https:\\\/\\\/interamerica.org\\\/wp-content\\\/uploads\\\/2026\\\/03\\\/pexels-zelch-30596225.jpg\",\"articleSection\":[\"Desde la iglesia mundial\",\"RSS Espa\u00f1ol\"],\"inLanguage\":\"es\"},{\"@type\":\"WebPage\",\"@id\":\"https:\\\/\\\/interamerica.org\\\/es\\\/2026\\\/03\\\/cuan-pequenos-somos-y-cuan-grande-es-la-obra-que-tenemos-por-delante\\\/\",\"url\":\"https:\\\/\\\/interamerica.org\\\/es\\\/2026\\\/03\\\/cuan-pequenos-somos-y-cuan-grande-es-la-obra-que-tenemos-por-delante\\\/\",\"name\":\"Cu\u00e1n peque\u00f1os somos, y cu\u00e1n grande es la obra que tenemos por delante - Iglesia Adventista del S\u00e9ptimo D\u00eda - Divisi\u00f3n Interamericana\",\"isPartOf\":{\"@id\":\"https:\\\/\\\/interamerica.org\\\/es\\\/#website\"},\"primaryImageOfPage\":{\"@id\":\"https:\\\/\\\/interamerica.org\\\/es\\\/2026\\\/03\\\/cuan-pequenos-somos-y-cuan-grande-es-la-obra-que-tenemos-por-delante\\\/#primaryimage\"},\"image\":{\"@id\":\"https:\\\/\\\/interamerica.org\\\/es\\\/2026\\\/03\\\/cuan-pequenos-somos-y-cuan-grande-es-la-obra-que-tenemos-por-delante\\\/#primaryimage\"},\"thumbnailUrl\":\"https:\\\/\\\/interamerica.org\\\/wp-content\\\/uploads\\\/2026\\\/03\\\/pexels-zelch-30596225.jpg\",\"datePublished\":\"2026-03-11T15:01:18+00:00\",\"dateModified\":\"2026-03-11T16:00:47+00:00\",\"author\":{\"@id\":\"https:\\\/\\\/interamerica.org\\\/es\\\/#\\\/schema\\\/person\\\/29998f2bc2d8bd0d38662909289b54f1\"},\"breadcrumb\":{\"@id\":\"https:\\\/\\\/interamerica.org\\\/es\\\/2026\\\/03\\\/cuan-pequenos-somos-y-cuan-grande-es-la-obra-que-tenemos-por-delante\\\/#breadcrumb\"},\"inLanguage\":\"es\",\"potentialAction\":[{\"@type\":\"ReadAction\",\"target\":[\"https:\\\/\\\/interamerica.org\\\/es\\\/2026\\\/03\\\/cuan-pequenos-somos-y-cuan-grande-es-la-obra-que-tenemos-por-delante\\\/\"]}]},{\"@type\":\"ImageObject\",\"inLanguage\":\"es\",\"@id\":\"https:\\\/\\\/interamerica.org\\\/es\\\/2026\\\/03\\\/cuan-pequenos-somos-y-cuan-grande-es-la-obra-que-tenemos-por-delante\\\/#primaryimage\",\"url\":\"https:\\\/\\\/interamerica.org\\\/wp-content\\\/uploads\\\/2026\\\/03\\\/pexels-zelch-30596225.jpg\",\"contentUrl\":\"https:\\\/\\\/interamerica.org\\\/wp-content\\\/uploads\\\/2026\\\/03\\\/pexels-zelch-30596225.jpg\",\"width\":1280,\"height\":800,\"caption\":\"[Fotograf\u00eda: Xelch-Csaba\\\/pexels.com]\"},{\"@type\":\"BreadcrumbList\",\"@id\":\"https:\\\/\\\/interamerica.org\\\/es\\\/2026\\\/03\\\/cuan-pequenos-somos-y-cuan-grande-es-la-obra-que-tenemos-por-delante\\\/#breadcrumb\",\"itemListElement\":[{\"@type\":\"ListItem\",\"position\":1,\"name\":\"Home\",\"item\":\"https:\\\/\\\/interamerica.org\\\/es\\\/\"},{\"@type\":\"ListItem\",\"position\":2,\"name\":\"Cu\u00e1n peque\u00f1os somos, y cu\u00e1n grande es la obra que tenemos por delante\"}]},{\"@type\":\"WebSite\",\"@id\":\"https:\\\/\\\/interamerica.org\\\/es\\\/#website\",\"url\":\"https:\\\/\\\/interamerica.org\\\/es\\\/\",\"name\":\"Iglesia Adventista del S\u00e9ptimo D\u00eda - Divisi\u00f3n Interamericana\",\"description\":\"\",\"potentialAction\":[{\"@type\":\"SearchAction\",\"target\":{\"@type\":\"EntryPoint\",\"urlTemplate\":\"https:\\\/\\\/interamerica.org\\\/es\\\/?s={search_term_string}\"},\"query-input\":{\"@type\":\"PropertyValueSpecification\",\"valueRequired\":true,\"valueName\":\"search_term_string\"}}],\"inLanguage\":\"es\"},{\"@type\":\"Person\",\"@id\":\"https:\\\/\\\/interamerica.org\\\/es\\\/#\\\/schema\\\/person\\\/29998f2bc2d8bd0d38662909289b54f1\",\"name\":\"libna\",\"image\":{\"@type\":\"ImageObject\",\"inLanguage\":\"es\",\"@id\":\"https:\\\/\\\/secure.gravatar.com\\\/avatar\\\/7c5bd30ae4b47a9ba3c856590957fd1d96dc588bf3ac05719d247e126840331f?s=96&d=mm&r=g\",\"url\":\"https:\\\/\\\/secure.gravatar.com\\\/avatar\\\/7c5bd30ae4b47a9ba3c856590957fd1d96dc588bf3ac05719d247e126840331f?s=96&d=mm&r=g\",\"contentUrl\":\"https:\\\/\\\/secure.gravatar.com\\\/avatar\\\/7c5bd30ae4b47a9ba3c856590957fd1d96dc588bf3ac05719d247e126840331f?s=96&d=mm&r=g\",\"caption\":\"libna\"}}]}<\/script>\n<!-- \/ Yoast SEO plugin. -->","yoast_head_json":{"title":"Cu\u00e1n peque\u00f1os somos, y cu\u00e1n grande es la obra que tenemos por delante - Iglesia Adventista del S\u00e9ptimo D\u00eda - Divisi\u00f3n Interamericana","robots":{"index":"index","follow":"follow","max-snippet":"max-snippet:-1","max-image-preview":"max-image-preview:large","max-video-preview":"max-video-preview:-1"},"canonical":"https:\/\/interamerica.org\/es\/2026\/03\/cuan-pequenos-somos-y-cuan-grande-es-la-obra-que-tenemos-por-delante\/","og_locale":"es_ES","og_type":"article","og_title":"Cu\u00e1n peque\u00f1os somos, y cu\u00e1n grande es la obra que tenemos por delante - Iglesia Adventista del S\u00e9ptimo D\u00eda - Divisi\u00f3n Interamericana","og_description":"Veamos los ocho mil millones a trav\u00e9s de los ojos de Dios. 11 de marzo de 2026 | Silver Spring, Maryland, Estados Unidos | Erton C. K\u00f6hler, para Adventist Review...","og_url":"https:\/\/interamerica.org\/es\/2026\/03\/cuan-pequenos-somos-y-cuan-grande-es-la-obra-que-tenemos-por-delante\/","og_site_name":"Iglesia Adventista del S\u00e9ptimo D\u00eda - Divisi\u00f3n Interamericana","article_published_time":"2026-03-11T15:01:18+00:00","article_modified_time":"2026-03-11T16:00:47+00:00","og_image":[{"width":1280,"height":800,"url":"https:\/\/interamerica.org\/wp-content\/uploads\/2026\/03\/pexels-zelch-30596225.jpg","type":"image\/jpeg"}],"author":"libna","twitter_card":"summary_large_image","twitter_misc":{"Escrito por":"libna","Tiempo de lectura":"4 minutos"},"schema":{"@context":"https:\/\/schema.org","@graph":[{"@type":"Article","@id":"https:\/\/interamerica.org\/es\/2026\/03\/cuan-pequenos-somos-y-cuan-grande-es-la-obra-que-tenemos-por-delante\/#article","isPartOf":{"@id":"https:\/\/interamerica.org\/es\/2026\/03\/cuan-pequenos-somos-y-cuan-grande-es-la-obra-que-tenemos-por-delante\/"},"author":{"name":"libna","@id":"https:\/\/interamerica.org\/es\/#\/schema\/person\/29998f2bc2d8bd0d38662909289b54f1"},"headline":"Cu\u00e1n peque\u00f1os somos, y cu\u00e1n grande es la obra que tenemos por delante","datePublished":"2026-03-11T15:01:18+00:00","dateModified":"2026-03-11T16:00:47+00:00","mainEntityOfPage":{"@id":"https:\/\/interamerica.org\/es\/2026\/03\/cuan-pequenos-somos-y-cuan-grande-es-la-obra-que-tenemos-por-delante\/"},"wordCount":713,"image":{"@id":"https:\/\/interamerica.org\/es\/2026\/03\/cuan-pequenos-somos-y-cuan-grande-es-la-obra-que-tenemos-por-delante\/#primaryimage"},"thumbnailUrl":"https:\/\/interamerica.org\/wp-content\/uploads\/2026\/03\/pexels-zelch-30596225.jpg","articleSection":["Desde la iglesia mundial","RSS Espa\u00f1ol"],"inLanguage":"es"},{"@type":"WebPage","@id":"https:\/\/interamerica.org\/es\/2026\/03\/cuan-pequenos-somos-y-cuan-grande-es-la-obra-que-tenemos-por-delante\/","url":"https:\/\/interamerica.org\/es\/2026\/03\/cuan-pequenos-somos-y-cuan-grande-es-la-obra-que-tenemos-por-delante\/","name":"Cu\u00e1n peque\u00f1os somos, y cu\u00e1n grande es la obra que tenemos por delante - Iglesia Adventista del S\u00e9ptimo D\u00eda - Divisi\u00f3n Interamericana","isPartOf":{"@id":"https:\/\/interamerica.org\/es\/#website"},"primaryImageOfPage":{"@id":"https:\/\/interamerica.org\/es\/2026\/03\/cuan-pequenos-somos-y-cuan-grande-es-la-obra-que-tenemos-por-delante\/#primaryimage"},"image":{"@id":"https:\/\/interamerica.org\/es\/2026\/03\/cuan-pequenos-somos-y-cuan-grande-es-la-obra-que-tenemos-por-delante\/#primaryimage"},"thumbnailUrl":"https:\/\/interamerica.org\/wp-content\/uploads\/2026\/03\/pexels-zelch-30596225.jpg","datePublished":"2026-03-11T15:01:18+00:00","dateModified":"2026-03-11T16:00:47+00:00","author":{"@id":"https:\/\/interamerica.org\/es\/#\/schema\/person\/29998f2bc2d8bd0d38662909289b54f1"},"breadcrumb":{"@id":"https:\/\/interamerica.org\/es\/2026\/03\/cuan-pequenos-somos-y-cuan-grande-es-la-obra-que-tenemos-por-delante\/#breadcrumb"},"inLanguage":"es","potentialAction":[{"@type":"ReadAction","target":["https:\/\/interamerica.org\/es\/2026\/03\/cuan-pequenos-somos-y-cuan-grande-es-la-obra-que-tenemos-por-delante\/"]}]},{"@type":"ImageObject","inLanguage":"es","@id":"https:\/\/interamerica.org\/es\/2026\/03\/cuan-pequenos-somos-y-cuan-grande-es-la-obra-que-tenemos-por-delante\/#primaryimage","url":"https:\/\/interamerica.org\/wp-content\/uploads\/2026\/03\/pexels-zelch-30596225.jpg","contentUrl":"https:\/\/interamerica.org\/wp-content\/uploads\/2026\/03\/pexels-zelch-30596225.jpg","width":1280,"height":800,"caption":"[Fotograf\u00eda: Xelch-Csaba\/pexels.com]"},{"@type":"BreadcrumbList","@id":"https:\/\/interamerica.org\/es\/2026\/03\/cuan-pequenos-somos-y-cuan-grande-es-la-obra-que-tenemos-por-delante\/#breadcrumb","itemListElement":[{"@type":"ListItem","position":1,"name":"Home","item":"https:\/\/interamerica.org\/es\/"},{"@type":"ListItem","position":2,"name":"Cu\u00e1n peque\u00f1os somos, y cu\u00e1n grande es la obra que tenemos por delante"}]},{"@type":"WebSite","@id":"https:\/\/interamerica.org\/es\/#website","url":"https:\/\/interamerica.org\/es\/","name":"Iglesia Adventista del S\u00e9ptimo D\u00eda - Divisi\u00f3n Interamericana","description":"","potentialAction":[{"@type":"SearchAction","target":{"@type":"EntryPoint","urlTemplate":"https:\/\/interamerica.org\/es\/?s={search_term_string}"},"query-input":{"@type":"PropertyValueSpecification","valueRequired":true,"valueName":"search_term_string"}}],"inLanguage":"es"},{"@type":"Person","@id":"https:\/\/interamerica.org\/es\/#\/schema\/person\/29998f2bc2d8bd0d38662909289b54f1","name":"libna","image":{"@type":"ImageObject","inLanguage":"es","@id":"https:\/\/secure.gravatar.com\/avatar\/7c5bd30ae4b47a9ba3c856590957fd1d96dc588bf3ac05719d247e126840331f?s=96&d=mm&r=g","url":"https:\/\/secure.gravatar.com\/avatar\/7c5bd30ae4b47a9ba3c856590957fd1d96dc588bf3ac05719d247e126840331f?s=96&d=mm&r=g","contentUrl":"https:\/\/secure.gravatar.com\/avatar\/7c5bd30ae4b47a9ba3c856590957fd1d96dc588bf3ac05719d247e126840331f?s=96&d=mm&r=g","caption":"libna"}}]}},"_links":{"self":[{"href":"https:\/\/interamerica.org\/es\/wp-json\/wp\/v2\/posts\/140295","targetHints":{"allow":["GET"]}}],"collection":[{"href":"https:\/\/interamerica.org\/es\/wp-json\/wp\/v2\/posts"}],"about":[{"href":"https:\/\/interamerica.org\/es\/wp-json\/wp\/v2\/types\/post"}],"author":[{"embeddable":true,"href":"https:\/\/interamerica.org\/es\/wp-json\/wp\/v2\/users\/3"}],"replies":[{"embeddable":true,"href":"https:\/\/interamerica.org\/es\/wp-json\/wp\/v2\/comments?post=140295"}],"version-history":[{"count":1,"href":"https:\/\/interamerica.org\/es\/wp-json\/wp\/v2\/posts\/140295\/revisions"}],"predecessor-version":[{"id":140298,"href":"https:\/\/interamerica.org\/es\/wp-json\/wp\/v2\/posts\/140295\/revisions\/140298"}],"wp:featuredmedia":[{"embeddable":true,"href":"https:\/\/interamerica.org\/es\/wp-json\/wp\/v2\/media\/140297"}],"wp:attachment":[{"href":"https:\/\/interamerica.org\/es\/wp-json\/wp\/v2\/media?parent=140295"}],"wp:term":[{"taxonomy":"category","embeddable":true,"href":"https:\/\/interamerica.org\/es\/wp-json\/wp\/v2\/categories?post=140295"},{"taxonomy":"post_tag","embeddable":true,"href":"https:\/\/interamerica.org\/es\/wp-json\/wp\/v2\/tags?post=140295"}],"curies":[{"name":"wp","href":"https:\/\/api.w.org\/{rel}","templated":true}]}}