{"id":140305,"date":"2026-03-10T18:01:22","date_gmt":"2026-03-10T22:01:22","guid":{"rendered":"https:\/\/interamerica.org\/?p=140305"},"modified":"2026-03-11T16:13:26","modified_gmt":"2026-03-11T20:13:26","slug":"universidad-adventista-en-jamaica-lanza-programa-de-arboles-frutales-despues-del-huracan-melissa","status":"publish","type":"post","link":"https:\/\/interamerica.org\/es\/2026\/03\/universidad-adventista-en-jamaica-lanza-programa-de-arboles-frutales-despues-del-huracan-melissa\/","title":{"rendered":"Universidad Adventista en Jamaica lanza programa de \u00e1rboles frutales despu\u00e9s del hurac\u00e1n Melissa"},"content":{"rendered":"<p><em>El programa a largo plazo de la Universidad Norte del Caribe tiene como objetivo plantar m\u00e1s de 10,000 \u00e1rboles para fortalecer la seguridad alimentaria en el occidente de Jamaica.<\/em><\/p>\n<p>10 de marzo de 2026 | Mandeville, Jamaica | CCMPR, Nevicia Bernard y Personal de Noticias de la DIA<\/p>\n<p>Los estudiantes y facultad de ciencias naturales de la Universidad Norte del Caribe (NCU), en Jamaica, plantaron recientemente 100 \u00e1rboles frutales en el distrito Cave, Westmoreland, como parte de una amplia iniciativa para restaurar la vegetaci\u00f3n y fortalecer la seguridad alimentaria en comunidades afectadas por el hurac\u00e1n Melissa a finales del a\u00f1o pasado.<\/p>\n<p>Este esfuerzo de plantaci\u00f3n marca la fase piloto de un proyecto mayor guiado por la Facultad de Ciencias Naturales y Aplicadas, Ciencias de la Salud y Enfermer\u00eda (CNASAHN), cuyo objetivo es plantar m\u00e1s de 10,000 \u00e1rboles frutales en las poblaciones occidentales de Jamaica en los a\u00f1os siguientes.<\/p>\n<p>La iniciativa apoya los objetivos de Vision 2030 Jamaica de desarrollo sostenible y seguridad alimentaria, proveyendo oportunidades pr\u00e1cticas para que los estudiantes apliquen el conocimiento cient\u00edfico en servicio a las comunidades.<\/p>\n<p><div id=\"attachment_140209\" style=\"width: 1000px\" class=\"wp-caption aligncenter\"><img fetchpriority=\"high\" decoding=\"async\" aria-describedby=\"caption-attachment-140209\" class=\" wp-image-140209\" src=\"https:\/\/interamerica.org\/wp-content\/uploads\/2026\/03\/ncu-planting-tree-1280-1024x640.jpg\" alt=\"\" width=\"990\" height=\"619\" srcset=\"https:\/\/interamerica.org\/wp-content\/uploads\/2026\/03\/ncu-planting-tree-1280-1024x640.jpg 1024w, https:\/\/interamerica.org\/wp-content\/uploads\/2026\/03\/ncu-planting-tree-1280-300x188.jpg 300w, https:\/\/interamerica.org\/wp-content\/uploads\/2026\/03\/ncu-planting-tree-1280-768x480.jpg 768w, https:\/\/interamerica.org\/wp-content\/uploads\/2026\/03\/ncu-planting-tree-1280.jpg 1280w\" sizes=\"(max-width: 990px) 100vw, 990px\" \/><p id=\"caption-attachment-140209\" class=\"wp-caption-text\">Dos estudiantes de la Universidad Norte del Caribe plantan un \u00e1rbol frutal en el occidente de Jamaica como parte de la iniciativa a largo plazo de la universidad, de restaurar la vegetaci\u00f3n y fortalecer la seguridad alimentaria despu\u00e9s del hurac\u00e1n Melissa. [Imagen: Universidad Norte del Caribe]<\/p><\/div><strong>El proyecto piloto comienza con los llamados \u00e1rboles del pan <\/strong><\/p>\n<p>Veinticinco estudiantes del Departamento de Biolog\u00eda, Qu\u00edmica y Ciencias Medioambientales de NCU, se unieron a miembros de la facultad y residentes el 2 de diciembre para sembrar 100 \u00e1rboles del pan en una cuenca de aproximadamente 5 kil\u00f3metros en el distrito Cave, una zona rodeada de estanques que ayudan a mantener la humedad del suelo.<\/p>\n<p>Las pl\u00e1ntulas fueron donadas por la organizaci\u00f3n internacional sin fines de lucro Trees That Feed Foundation (Fundaci\u00f3n \u00e1rboles que alimentan), que se asocia con comunidades en todo el mundo para combatir el hambre a trav\u00e9s de labor agroforestal.<\/p>\n<p>\u201cEn Cave, durante el hurac\u00e1n, perdimos \u00e1rboles, incluyendo \u00e1rboles frutales\u201d, dijo Nadia Washington-Daley, profesora en el Departamento de Biolog\u00eda, Qu\u00edmica y Ciencias Medioambientales y residente de la comunidad.<\/p>\n<p>\u201cEl \u00e1rbol del pan fue obviamente la primera elecci\u00f3n para nuestro programa piloto porque su fruto es un producto b\u00e1sico que mejora directamente la seguridad alimentaria de los miembros de la comunidad\u201d, explic\u00f3. \u201cAl asociarnos con grupos tales como Trees That Feed Foundation, estamos no solamente sembrando \u00e1rboles; estamos asentando la base para la econom\u00eda y la estabilidad nutricional a largo plazo\u201d.<\/p>\n<p><div id=\"attachment_140205\" style=\"width: 970px\" class=\"wp-caption aligncenter\"><img decoding=\"async\" aria-describedby=\"caption-attachment-140205\" class=\" wp-image-140205\" src=\"https:\/\/interamerica.org\/wp-content\/uploads\/2026\/03\/ncu-student-preparing-to-dig.jpg\" alt=\"\" width=\"960\" height=\"571\" srcset=\"https:\/\/interamerica.org\/wp-content\/uploads\/2026\/03\/ncu-student-preparing-to-dig.jpg 1000w, https:\/\/interamerica.org\/wp-content\/uploads\/2026\/03\/ncu-student-preparing-to-dig-300x179.jpg 300w, https:\/\/interamerica.org\/wp-content\/uploads\/2026\/03\/ncu-student-preparing-to-dig-768x457.jpg 768w\" sizes=\"(max-width: 960px) 100vw, 960px\" \/><p id=\"caption-attachment-140205\" class=\"wp-caption-text\">Estudiantes inspeccionan la zona antes de excavar un hoyo para plantar un \u00e1rbol frutal como parte de la iniciativa de plantaci\u00f3n de \u00e1rboles de la Universidad Norte del Caribe en el occidente de Jamaica. [Imagen: Universidad Norte del Caribe]<\/p><\/div>La profesora Washington-Daley hizo notar que la universidad se ha comprometido a supervisor los \u00e1rboles a lo largo del tiempo para asegurarse de que prosperen y contin\u00faen beneficiando a la comunidad.<\/p>\n<p><strong>Estrategia para un impacto a largo plazo<\/strong><\/p>\n<p>La iniciativa de plantaci\u00f3n de \u00e1rboles forma parte de una estrategia agroforestal y de reforestaci\u00f3n dise\u00f1ada para restaurar ecosistemas, al mismo tiempo que fortalecer los sistemas locales de alimentaci\u00f3n.<\/p>\n<p>De acuerdo con la propuesta del proyecto, aproximadamente el 60 por ciento de los \u00e1rboles ser\u00e1n variedades frutales, incluyendo el \u00e1rbol del pan, el ackee, llamado tambi\u00e9n en ocasiones mam\u00f3n, y el de mango, mientras que el resto incluir\u00e1 madera nativa y variedades ornamentales, con el prop\u00f3sito de restaurar la biodiversidad y servicios ecol\u00f3gicos.<\/p>\n<p>El proyecto va a incluir an\u00e1lisis del suelo para determinar las variedades de \u00e1rboles que se acoplan m\u00e1s a cada lugar, as\u00ed como asociaciones con organizaciones tales como el Departamento Forestal de Jamaica, la Agencia Nacional de Planificaci\u00f3n y Ambiente (NEPA) y la Fundaci\u00f3n \u00c1rboles que Alimentan. .<\/p>\n<p><div id=\"attachment_140210\" style=\"width: 899px\" class=\"wp-caption aligncenter\"><img decoding=\"async\" aria-describedby=\"caption-attachment-140210\" class=\"wp-image-140210\" src=\"https:\/\/interamerica.org\/wp-content\/uploads\/2026\/03\/ncu-transporting-seedlings-from-farm-to-planting-1024x756.png\" alt=\"\" width=\"889\" height=\"657\" srcset=\"https:\/\/interamerica.org\/wp-content\/uploads\/2026\/03\/ncu-transporting-seedlings-from-farm-to-planting-1024x756.png 1024w, https:\/\/interamerica.org\/wp-content\/uploads\/2026\/03\/ncu-transporting-seedlings-from-farm-to-planting-300x221.png 300w, https:\/\/interamerica.org\/wp-content\/uploads\/2026\/03\/ncu-transporting-seedlings-from-farm-to-planting-768x567.png 768w, https:\/\/interamerica.org\/wp-content\/uploads\/2026\/03\/ncu-transporting-seedlings-from-farm-to-planting.png 1068w\" sizes=\"(max-width: 889px) 100vw, 889px\" \/><p id=\"caption-attachment-140210\" class=\"wp-caption-text\">Pl\u00e1ntulas procedentes de un vivero local son llevadas al sitio de plantaci\u00f3n por estudiantes de la Universidad Norte del Caribe para ser plantadas como parte de la iniciativa a largo plazo de la universidad de plantaci\u00f3n de \u00e1rboles frutales en el occidente de Jamaica. [Imagen: Universidad Norte del Caribe]<\/p><\/div><br \/>\nSe discuten actualmente planes para establecer un vivero agr\u00edcola en NCU a mediados de 2026 para apoyar a grande escala la propagaci\u00f3n de plantas y sostenibilidad a largo plazo del programa.<\/p>\n<p>Se espera que las grandes campa\u00f1as de plantaci\u00f3n se inicien a fines de 2026 durante la temporada de lluvias, con plantaci\u00f3n y supervisi\u00f3n extendidas hasta 2027.<\/p>\n<p><strong>Servicio acad\u00e9mico aunado a involucraci\u00f3n en la comunidad <\/strong><\/p>\n<p>Los dirigentes de la universidad dijeron que la mencionada iniciativa refleja el marco acad\u00e9mico de la universidad, orientado al servicio, conocido como CNASAHN Sirve.<\/p>\n<p>\u201cEstamos usando nuestro conocimiento acad\u00e9mico en las ciencias para sanar la tierra y apoyar a nuestros vecinos\u201d, dijo la doctora Caroline McLean, decana interina de CNASAH.<\/p>\n<p><div id=\"attachment_140208\" style=\"width: 593px\" class=\"wp-caption aligncenter\"><img loading=\"lazy\" decoding=\"async\" aria-describedby=\"caption-attachment-140208\" class=\" wp-image-140208\" src=\"https:\/\/interamerica.org\/wp-content\/uploads\/2026\/03\/ncu-student-2-digging-869x1024.png\" alt=\"\" width=\"583\" height=\"687\" srcset=\"https:\/\/interamerica.org\/wp-content\/uploads\/2026\/03\/ncu-student-2-digging-869x1024.png 869w, https:\/\/interamerica.org\/wp-content\/uploads\/2026\/03\/ncu-student-2-digging-255x300.png 255w, https:\/\/interamerica.org\/wp-content\/uploads\/2026\/03\/ncu-student-2-digging-768x905.png 768w, https:\/\/interamerica.org\/wp-content\/uploads\/2026\/03\/ncu-student-2-digging.png 1064w\" sizes=\"(max-width: 583px) 100vw, 583px\" \/><p id=\"caption-attachment-140208\" class=\"wp-caption-text\">Un estudiante de NCU cava un hoyo en la tierra para plantar un \u00e1rbol frutal durante la iniciativa de la universidad de plantaci\u00f3n de \u00e1rboles en el occidente de Jamaica. [Imagen: Universidad Norte del Caribe]<\/p><\/div>\u201c<br \/>\nFue inspirador ver a nuestros estudiantes trabajando junto a miembros de la comunidad, conectando la misi\u00f3n de nuestra universidad a la zona de Westmoreland\u201d, a\u00f1adi\u00f3. \u201cEste es solo el comienzo de la forma como tenemos planes de usar nuestros recursos acad\u00e9micos para abordar importantes asuntos regionales\u201d.<\/p>\n<p>La doctora McLean explic\u00f3 que el programa se va a continuar expandiendo en los distritos occidentales de Jamaica con la supervisi\u00f3n de NCU en el crecimiento de los \u00e1rboles y del impacto medioambiental a trav\u00e9s del tiempo.<\/p>\n<p><strong>La participaci\u00f3n estudiantil contin\u00faa creciendo <\/strong><\/p>\n<p>La plantaci\u00f3n piloto involucr\u00f3 a 25 estudiantes, pero los organizadores dijeron que el proyecto a largo plazo va a incluir a una secci\u00f3n representativa m\u00e1s amplia de la comunidad universitaria.<\/p>\n<p>Se espera que estudiantes y facultad de disciplinas que incluyen biolog\u00eda, qu\u00edmica, ciencia medioambiental, nutrici\u00f3n, salud p\u00fablica, ingenier\u00eda y ciencias de la computaci\u00f3n, contribuyan a trav\u00e9s de investigaci\u00f3n, supervisi\u00f3n y servicio a la comunidad.<\/p>\n<p>Esta iniciativa ser\u00e1 tambi\u00e9n incluida en el curr\u00edculo del curso, permiti\u00e9ndoles a los estudiantes participar en forma pr\u00e1ctica en el aprendizaje del servicio medioambiental.<\/p>\n<p><div id=\"attachment_140203\" style=\"width: 950px\" class=\"wp-caption aligncenter\"><img loading=\"lazy\" decoding=\"async\" aria-describedby=\"caption-attachment-140203\" class=\" wp-image-140203\" src=\"https:\/\/interamerica.org\/wp-content\/uploads\/2026\/03\/ncu-cave-community-western-jamaica.png\" alt=\"\" width=\"940\" height=\"705\" srcset=\"https:\/\/interamerica.org\/wp-content\/uploads\/2026\/03\/ncu-cave-community-western-jamaica.png 1000w, https:\/\/interamerica.org\/wp-content\/uploads\/2026\/03\/ncu-cave-community-western-jamaica-300x225.png 300w, https:\/\/interamerica.org\/wp-content\/uploads\/2026\/03\/ncu-cave-community-western-jamaica-768x576.png 768w\" sizes=\"(max-width: 940px) 100vw, 940px\" \/><p id=\"caption-attachment-140203\" class=\"wp-caption-text\">Vista de la comunidad Cave en el occidente de Jamaica que recibi\u00f3 el impacto del hurac\u00e1n Melissa en octubre de 2026. [Imagen: Universidad Norte del Caribe]<\/p><\/div>.<\/p>\n<p>A muchos estudiantes, la experiencia les provey\u00f3 una significativa oportunidad de conectar el conocimiento acad\u00e9mico con el servicio en el mundo real.<\/p>\n<p>\u201cLa experiencia me ense\u00f1\u00f3 que las funciones de socorro no son solamente atender las necesidades inmediatas\u201d, dijo Anthia Adderley, una estudiante de NCU que particip\u00f3 en la plantaci\u00f3n de los \u00e1rboles. \u201cSe trata m\u00e1s bien de servir a las generaciones futuras al establecer literalmente ra\u00edces a partir de las cuales puedan obtener cosecha\u201d.<\/p>\n<p>Y a\u00f1adi\u00f3 que la restauraci\u00f3n de \u00e1rboles frutales tales como el \u00e1rbol del pan ayudan tambi\u00e9n a preservar las tradiciones culturales en las comunidades rurales de Jamaica.<\/p>\n<p>\u201cVa a ser recompensante observar a esos \u00e1rboles crecer y ver a la comunidad asumir la responsabilidad de los tales\u201d, dijo.<\/p>\n<p>Otra estudiante, Nickia Mullings, describi\u00f3 la experiencia como inspiradora, tanto como tambi\u00e9n una lecci\u00f3n de humildad.<\/p>\n<p>\u201cFue muy satisfactorio estar en Cave, Westmoreland, con el fin de plantar \u00e1rboles\u201d, a\u00f1adi\u00f3 la estudiante Mullings. \u201cFue un recordatorio de que la mayordom\u00eda con respecto a la tierra no es opcional \u2014es nuestra responsabilidad compartida\u201d.<\/p>\n<p><div id=\"attachment_140204\" style=\"width: 726px\" class=\"wp-caption aligncenter\"><img loading=\"lazy\" decoding=\"async\" aria-describedby=\"caption-attachment-140204\" class=\" wp-image-140204\" src=\"https:\/\/interamerica.org\/wp-content\/uploads\/2026\/03\/ncu-students-site-digging.jpg\" alt=\"\" width=\"716\" height=\"614\" srcset=\"https:\/\/interamerica.org\/wp-content\/uploads\/2026\/03\/ncu-students-site-digging.jpg 720w, https:\/\/interamerica.org\/wp-content\/uploads\/2026\/03\/ncu-students-site-digging-300x258.jpg 300w\" sizes=\"(max-width: 716px) 100vw, 716px\" \/><p id=\"caption-attachment-140204\" class=\"wp-caption-text\">Estudiantes cavan hoyos para sembrar \u00e1rboles como parte de la iniciativa de plantaci\u00f3n de \u00e1rboles frutales de la Universidad Norte del Caribe en el occidente de Jamaica. [Imagen: Universidad Norte del Caribe]<\/p><\/div>.<\/p>\n<p>\u201cCada \u00e1rbol plantado simboliza regeneraci\u00f3n, sustentabilidad y esperanza para las generaciones futuras\u201d, a\u00f1adi\u00f3\u201d.<\/p>\n<p><strong>La colaboraci\u00f3n de la comunidad es esencial para el \u00e9xito<\/strong><\/p>\n<p>La participaci\u00f3n de la comunidad es un componente esencial dentro de la estrategia a largo paso del proyecto.<\/p>\n<p>Los residentes participar\u00e1n no solamente en la plantaci\u00f3n, sino tambi\u00e9n en la selecci\u00f3n de las variedades de \u00e1rboles y en los esfuerzos continuos de mantenimiento. Las actividades de plantaci\u00f3n se ver\u00e1n tambi\u00e9n acompa\u00f1adas de sesiones educacionales sobre agricultura sostenible y nutrici\u00f3n.<\/p>\n<p>Al dar prioridad a \u00e1rboles frutales, los organizadores explicaron que esta iniciativa asegura a las comunidades beneficios directos en la cosecha, creando con ello incentivos para el cuidado y la sustentabilidad a largo plazo.<\/p>\n<p>Se espera que lo que comenz\u00f3 como un peque\u00f1o proyecto piloto en el distrito Cave se expanda a un esfuerzo de m\u00faltiples a\u00f1os combinando restauraci\u00f3n ambiental, seguridad alimentaria y servicio estudiantil.<\/p>\n<p>Como lo se\u00f1al\u00f3 la profesora Washington-Daley, la iniciativa va m\u00e1s all\u00e1 de plantar \u00e1rboles.<\/p>\n<p>\u201cEstamos creando un modelo en donde se unen la ciencia, la colaboraci\u00f3n de la comunidad y el servicio\u201d, dijo. \u201cNuestro blanco es asegurarnos de que esos \u00e1rboles y el beneficio que proveen contin\u00faen sirviendo a las comunidades durante muchos a\u00f1os\u201d.<\/p>\n<p>Traducci\u00f3n \u2013 Gloria A. Castrej\u00f3n<\/p>\n","protected":false},"excerpt":{"rendered":"<p>El programa a largo plazo de la Universidad Norte del Caribe tiene como objetivo plantar m\u00e1s de 10,000 \u00e1rboles para fortalecer la seguridad alimentaria en el occidente de Jamaica. 10&#8230;<\/p>\n","protected":false},"author":3,"featured_media":140306,"comment_status":"closed","ping_status":"closed","sticky":false,"template":"","format":"standard","meta":{"_acf_changed":false,"footnotes":""},"categories":[17,15],"tags":[],"class_list":["post-140305","post","type-post","status-publish","format-standard","has-post-thumbnail","hentry","category-desde-el-campo","category-rss-espanol"],"acf":[],"yoast_head":"<!-- This site is optimized with the Yoast SEO plugin v27.3 - https:\/\/yoast.com\/product\/yoast-seo-wordpress\/ -->\n<title>Universidad Adventista en Jamaica lanza programa de \u00e1rboles frutales despu\u00e9s del hurac\u00e1n Melissa - Iglesia Adventista del S\u00e9ptimo D\u00eda - Divisi\u00f3n Interamericana<\/title>\n<meta name=\"robots\" content=\"index, follow, max-snippet:-1, max-image-preview:large, max-video-preview:-1\" \/>\n<link rel=\"canonical\" href=\"https:\/\/interamerica.org\/es\/2026\/03\/universidad-adventista-en-jamaica-lanza-programa-de-arboles-frutales-despues-del-huracan-melissa\/\" \/>\n<meta property=\"og:locale\" content=\"es_ES\" \/>\n<meta property=\"og:type\" content=\"article\" \/>\n<meta property=\"og:title\" content=\"Universidad Adventista en Jamaica lanza programa de \u00e1rboles frutales despu\u00e9s del hurac\u00e1n Melissa - Iglesia Adventista del S\u00e9ptimo D\u00eda - Divisi\u00f3n Interamericana\" \/>\n<meta property=\"og:description\" content=\"El programa a largo plazo de la Universidad Norte del Caribe tiene como objetivo plantar m\u00e1s de 10,000 \u00e1rboles para fortalecer la seguridad alimentaria en el occidente de Jamaica. 10...\" \/>\n<meta property=\"og:url\" content=\"https:\/\/interamerica.org\/es\/2026\/03\/universidad-adventista-en-jamaica-lanza-programa-de-arboles-frutales-despues-del-huracan-melissa\/\" \/>\n<meta property=\"og:site_name\" content=\"Iglesia Adventista del S\u00e9ptimo D\u00eda - Divisi\u00f3n Interamericana\" \/>\n<meta property=\"article:published_time\" content=\"2026-03-10T22:01:22+00:00\" \/>\n<meta property=\"article:modified_time\" content=\"2026-03-11T20:13:26+00:00\" \/>\n<meta property=\"og:image\" content=\"https:\/\/interamerica.org\/wp-content\/uploads\/2026\/03\/ncu-planting-tree.png\" \/>\n\t<meta property=\"og:image:width\" content=\"1000\" \/>\n\t<meta property=\"og:image:height\" content=\"753\" \/>\n\t<meta property=\"og:image:type\" content=\"image\/png\" \/>\n<meta name=\"author\" content=\"libna\" \/>\n<meta name=\"twitter:card\" content=\"summary_large_image\" \/>\n<meta name=\"twitter:label1\" content=\"Escrito por\" \/>\n\t<meta name=\"twitter:data1\" content=\"libna\" \/>\n\t<meta name=\"twitter:label2\" content=\"Tiempo de lectura\" \/>\n\t<meta name=\"twitter:data2\" content=\"8 minutos\" \/>\n<script type=\"application\/ld+json\" class=\"yoast-schema-graph\">{\"@context\":\"https:\\\/\\\/schema.org\",\"@graph\":[{\"@type\":\"Article\",\"@id\":\"https:\\\/\\\/interamerica.org\\\/es\\\/2026\\\/03\\\/universidad-adventista-en-jamaica-lanza-programa-de-arboles-frutales-despues-del-huracan-melissa\\\/#article\",\"isPartOf\":{\"@id\":\"https:\\\/\\\/interamerica.org\\\/es\\\/2026\\\/03\\\/universidad-adventista-en-jamaica-lanza-programa-de-arboles-frutales-despues-del-huracan-melissa\\\/\"},\"author\":{\"name\":\"libna\",\"@id\":\"https:\\\/\\\/interamerica.org\\\/es\\\/#\\\/schema\\\/person\\\/29998f2bc2d8bd0d38662909289b54f1\"},\"headline\":\"Universidad Adventista en Jamaica lanza programa de \u00e1rboles frutales despu\u00e9s del hurac\u00e1n Melissa\",\"datePublished\":\"2026-03-10T22:01:22+00:00\",\"dateModified\":\"2026-03-11T20:13:26+00:00\",\"mainEntityOfPage\":{\"@id\":\"https:\\\/\\\/interamerica.org\\\/es\\\/2026\\\/03\\\/universidad-adventista-en-jamaica-lanza-programa-de-arboles-frutales-despues-del-huracan-melissa\\\/\"},\"wordCount\":1593,\"image\":{\"@id\":\"https:\\\/\\\/interamerica.org\\\/es\\\/2026\\\/03\\\/universidad-adventista-en-jamaica-lanza-programa-de-arboles-frutales-despues-del-huracan-melissa\\\/#primaryimage\"},\"thumbnailUrl\":\"https:\\\/\\\/interamerica.org\\\/wp-content\\\/uploads\\\/2026\\\/03\\\/ncu-planting-tree.png\",\"articleSection\":[\"Desde el campo\",\"RSS Espa\u00f1ol\"],\"inLanguage\":\"es\"},{\"@type\":\"WebPage\",\"@id\":\"https:\\\/\\\/interamerica.org\\\/es\\\/2026\\\/03\\\/universidad-adventista-en-jamaica-lanza-programa-de-arboles-frutales-despues-del-huracan-melissa\\\/\",\"url\":\"https:\\\/\\\/interamerica.org\\\/es\\\/2026\\\/03\\\/universidad-adventista-en-jamaica-lanza-programa-de-arboles-frutales-despues-del-huracan-melissa\\\/\",\"name\":\"Universidad Adventista en Jamaica lanza programa de \u00e1rboles frutales despu\u00e9s del hurac\u00e1n Melissa - Iglesia Adventista del S\u00e9ptimo D\u00eda - Divisi\u00f3n Interamericana\",\"isPartOf\":{\"@id\":\"https:\\\/\\\/interamerica.org\\\/es\\\/#website\"},\"primaryImageOfPage\":{\"@id\":\"https:\\\/\\\/interamerica.org\\\/es\\\/2026\\\/03\\\/universidad-adventista-en-jamaica-lanza-programa-de-arboles-frutales-despues-del-huracan-melissa\\\/#primaryimage\"},\"image\":{\"@id\":\"https:\\\/\\\/interamerica.org\\\/es\\\/2026\\\/03\\\/universidad-adventista-en-jamaica-lanza-programa-de-arboles-frutales-despues-del-huracan-melissa\\\/#primaryimage\"},\"thumbnailUrl\":\"https:\\\/\\\/interamerica.org\\\/wp-content\\\/uploads\\\/2026\\\/03\\\/ncu-planting-tree.png\",\"datePublished\":\"2026-03-10T22:01:22+00:00\",\"dateModified\":\"2026-03-11T20:13:26+00:00\",\"author\":{\"@id\":\"https:\\\/\\\/interamerica.org\\\/es\\\/#\\\/schema\\\/person\\\/29998f2bc2d8bd0d38662909289b54f1\"},\"breadcrumb\":{\"@id\":\"https:\\\/\\\/interamerica.org\\\/es\\\/2026\\\/03\\\/universidad-adventista-en-jamaica-lanza-programa-de-arboles-frutales-despues-del-huracan-melissa\\\/#breadcrumb\"},\"inLanguage\":\"es\",\"potentialAction\":[{\"@type\":\"ReadAction\",\"target\":[\"https:\\\/\\\/interamerica.org\\\/es\\\/2026\\\/03\\\/universidad-adventista-en-jamaica-lanza-programa-de-arboles-frutales-despues-del-huracan-melissa\\\/\"]}]},{\"@type\":\"ImageObject\",\"inLanguage\":\"es\",\"@id\":\"https:\\\/\\\/interamerica.org\\\/es\\\/2026\\\/03\\\/universidad-adventista-en-jamaica-lanza-programa-de-arboles-frutales-despues-del-huracan-melissa\\\/#primaryimage\",\"url\":\"https:\\\/\\\/interamerica.org\\\/wp-content\\\/uploads\\\/2026\\\/03\\\/ncu-planting-tree.png\",\"contentUrl\":\"https:\\\/\\\/interamerica.org\\\/wp-content\\\/uploads\\\/2026\\\/03\\\/ncu-planting-tree.png\",\"width\":1000,\"height\":753,\"caption\":\"Dos estudiantes de la Universidad Norte del Caribe plantan un \u00e1rbol frutal en el occidente de Jamaica como parte de la iniciativa a largo plazo de restaurar la vegetaci\u00f3n y fortalecer la seguridad alimentaria despu\u00e9s del hurac\u00e1n Melissa. [imagen: Universidad Norte del Caribe]\"},{\"@type\":\"BreadcrumbList\",\"@id\":\"https:\\\/\\\/interamerica.org\\\/es\\\/2026\\\/03\\\/universidad-adventista-en-jamaica-lanza-programa-de-arboles-frutales-despues-del-huracan-melissa\\\/#breadcrumb\",\"itemListElement\":[{\"@type\":\"ListItem\",\"position\":1,\"name\":\"Home\",\"item\":\"https:\\\/\\\/interamerica.org\\\/es\\\/\"},{\"@type\":\"ListItem\",\"position\":2,\"name\":\"Universidad Adventista en Jamaica lanza programa de \u00e1rboles frutales despu\u00e9s del hurac\u00e1n Melissa\"}]},{\"@type\":\"WebSite\",\"@id\":\"https:\\\/\\\/interamerica.org\\\/es\\\/#website\",\"url\":\"https:\\\/\\\/interamerica.org\\\/es\\\/\",\"name\":\"Iglesia Adventista del S\u00e9ptimo D\u00eda - Divisi\u00f3n Interamericana\",\"description\":\"\",\"potentialAction\":[{\"@type\":\"SearchAction\",\"target\":{\"@type\":\"EntryPoint\",\"urlTemplate\":\"https:\\\/\\\/interamerica.org\\\/es\\\/?s={search_term_string}\"},\"query-input\":{\"@type\":\"PropertyValueSpecification\",\"valueRequired\":true,\"valueName\":\"search_term_string\"}}],\"inLanguage\":\"es\"},{\"@type\":\"Person\",\"@id\":\"https:\\\/\\\/interamerica.org\\\/es\\\/#\\\/schema\\\/person\\\/29998f2bc2d8bd0d38662909289b54f1\",\"name\":\"libna\",\"image\":{\"@type\":\"ImageObject\",\"inLanguage\":\"es\",\"@id\":\"https:\\\/\\\/secure.gravatar.com\\\/avatar\\\/7c5bd30ae4b47a9ba3c856590957fd1d96dc588bf3ac05719d247e126840331f?s=96&d=mm&r=g\",\"url\":\"https:\\\/\\\/secure.gravatar.com\\\/avatar\\\/7c5bd30ae4b47a9ba3c856590957fd1d96dc588bf3ac05719d247e126840331f?s=96&d=mm&r=g\",\"contentUrl\":\"https:\\\/\\\/secure.gravatar.com\\\/avatar\\\/7c5bd30ae4b47a9ba3c856590957fd1d96dc588bf3ac05719d247e126840331f?s=96&d=mm&r=g\",\"caption\":\"libna\"}}]}<\/script>\n<!-- \/ Yoast SEO plugin. -->","yoast_head_json":{"title":"Universidad Adventista en Jamaica lanza programa de \u00e1rboles frutales despu\u00e9s del hurac\u00e1n Melissa - Iglesia Adventista del S\u00e9ptimo D\u00eda - Divisi\u00f3n Interamericana","robots":{"index":"index","follow":"follow","max-snippet":"max-snippet:-1","max-image-preview":"max-image-preview:large","max-video-preview":"max-video-preview:-1"},"canonical":"https:\/\/interamerica.org\/es\/2026\/03\/universidad-adventista-en-jamaica-lanza-programa-de-arboles-frutales-despues-del-huracan-melissa\/","og_locale":"es_ES","og_type":"article","og_title":"Universidad Adventista en Jamaica lanza programa de \u00e1rboles frutales despu\u00e9s del hurac\u00e1n Melissa - Iglesia Adventista del S\u00e9ptimo D\u00eda - Divisi\u00f3n Interamericana","og_description":"El programa a largo plazo de la Universidad Norte del Caribe tiene como objetivo plantar m\u00e1s de 10,000 \u00e1rboles para fortalecer la seguridad alimentaria en el occidente de Jamaica. 10...","og_url":"https:\/\/interamerica.org\/es\/2026\/03\/universidad-adventista-en-jamaica-lanza-programa-de-arboles-frutales-despues-del-huracan-melissa\/","og_site_name":"Iglesia Adventista del S\u00e9ptimo D\u00eda - Divisi\u00f3n Interamericana","article_published_time":"2026-03-10T22:01:22+00:00","article_modified_time":"2026-03-11T20:13:26+00:00","og_image":[{"url":"https:\/\/interamerica.org\/wp-content\/uploads\/2026\/03\/ncu-planting-tree.png","width":1000,"height":753,"type":"image\/png"}],"author":"libna","twitter_card":"summary_large_image","twitter_misc":{"Escrito por":"libna","Tiempo de lectura":"8 minutos"},"schema":{"@context":"https:\/\/schema.org","@graph":[{"@type":"Article","@id":"https:\/\/interamerica.org\/es\/2026\/03\/universidad-adventista-en-jamaica-lanza-programa-de-arboles-frutales-despues-del-huracan-melissa\/#article","isPartOf":{"@id":"https:\/\/interamerica.org\/es\/2026\/03\/universidad-adventista-en-jamaica-lanza-programa-de-arboles-frutales-despues-del-huracan-melissa\/"},"author":{"name":"libna","@id":"https:\/\/interamerica.org\/es\/#\/schema\/person\/29998f2bc2d8bd0d38662909289b54f1"},"headline":"Universidad Adventista en Jamaica lanza programa de \u00e1rboles frutales despu\u00e9s del hurac\u00e1n Melissa","datePublished":"2026-03-10T22:01:22+00:00","dateModified":"2026-03-11T20:13:26+00:00","mainEntityOfPage":{"@id":"https:\/\/interamerica.org\/es\/2026\/03\/universidad-adventista-en-jamaica-lanza-programa-de-arboles-frutales-despues-del-huracan-melissa\/"},"wordCount":1593,"image":{"@id":"https:\/\/interamerica.org\/es\/2026\/03\/universidad-adventista-en-jamaica-lanza-programa-de-arboles-frutales-despues-del-huracan-melissa\/#primaryimage"},"thumbnailUrl":"https:\/\/interamerica.org\/wp-content\/uploads\/2026\/03\/ncu-planting-tree.png","articleSection":["Desde el campo","RSS Espa\u00f1ol"],"inLanguage":"es"},{"@type":"WebPage","@id":"https:\/\/interamerica.org\/es\/2026\/03\/universidad-adventista-en-jamaica-lanza-programa-de-arboles-frutales-despues-del-huracan-melissa\/","url":"https:\/\/interamerica.org\/es\/2026\/03\/universidad-adventista-en-jamaica-lanza-programa-de-arboles-frutales-despues-del-huracan-melissa\/","name":"Universidad Adventista en Jamaica lanza programa de \u00e1rboles frutales despu\u00e9s del hurac\u00e1n Melissa - Iglesia Adventista del S\u00e9ptimo D\u00eda - Divisi\u00f3n Interamericana","isPartOf":{"@id":"https:\/\/interamerica.org\/es\/#website"},"primaryImageOfPage":{"@id":"https:\/\/interamerica.org\/es\/2026\/03\/universidad-adventista-en-jamaica-lanza-programa-de-arboles-frutales-despues-del-huracan-melissa\/#primaryimage"},"image":{"@id":"https:\/\/interamerica.org\/es\/2026\/03\/universidad-adventista-en-jamaica-lanza-programa-de-arboles-frutales-despues-del-huracan-melissa\/#primaryimage"},"thumbnailUrl":"https:\/\/interamerica.org\/wp-content\/uploads\/2026\/03\/ncu-planting-tree.png","datePublished":"2026-03-10T22:01:22+00:00","dateModified":"2026-03-11T20:13:26+00:00","author":{"@id":"https:\/\/interamerica.org\/es\/#\/schema\/person\/29998f2bc2d8bd0d38662909289b54f1"},"breadcrumb":{"@id":"https:\/\/interamerica.org\/es\/2026\/03\/universidad-adventista-en-jamaica-lanza-programa-de-arboles-frutales-despues-del-huracan-melissa\/#breadcrumb"},"inLanguage":"es","potentialAction":[{"@type":"ReadAction","target":["https:\/\/interamerica.org\/es\/2026\/03\/universidad-adventista-en-jamaica-lanza-programa-de-arboles-frutales-despues-del-huracan-melissa\/"]}]},{"@type":"ImageObject","inLanguage":"es","@id":"https:\/\/interamerica.org\/es\/2026\/03\/universidad-adventista-en-jamaica-lanza-programa-de-arboles-frutales-despues-del-huracan-melissa\/#primaryimage","url":"https:\/\/interamerica.org\/wp-content\/uploads\/2026\/03\/ncu-planting-tree.png","contentUrl":"https:\/\/interamerica.org\/wp-content\/uploads\/2026\/03\/ncu-planting-tree.png","width":1000,"height":753,"caption":"Dos estudiantes de la Universidad Norte del Caribe plantan un \u00e1rbol frutal en el occidente de Jamaica como parte de la iniciativa a largo plazo de restaurar la vegetaci\u00f3n y fortalecer la seguridad alimentaria despu\u00e9s del hurac\u00e1n Melissa. [imagen: Universidad Norte del Caribe]"},{"@type":"BreadcrumbList","@id":"https:\/\/interamerica.org\/es\/2026\/03\/universidad-adventista-en-jamaica-lanza-programa-de-arboles-frutales-despues-del-huracan-melissa\/#breadcrumb","itemListElement":[{"@type":"ListItem","position":1,"name":"Home","item":"https:\/\/interamerica.org\/es\/"},{"@type":"ListItem","position":2,"name":"Universidad Adventista en Jamaica lanza programa de \u00e1rboles frutales despu\u00e9s del hurac\u00e1n Melissa"}]},{"@type":"WebSite","@id":"https:\/\/interamerica.org\/es\/#website","url":"https:\/\/interamerica.org\/es\/","name":"Iglesia Adventista del S\u00e9ptimo D\u00eda - Divisi\u00f3n Interamericana","description":"","potentialAction":[{"@type":"SearchAction","target":{"@type":"EntryPoint","urlTemplate":"https:\/\/interamerica.org\/es\/?s={search_term_string}"},"query-input":{"@type":"PropertyValueSpecification","valueRequired":true,"valueName":"search_term_string"}}],"inLanguage":"es"},{"@type":"Person","@id":"https:\/\/interamerica.org\/es\/#\/schema\/person\/29998f2bc2d8bd0d38662909289b54f1","name":"libna","image":{"@type":"ImageObject","inLanguage":"es","@id":"https:\/\/secure.gravatar.com\/avatar\/7c5bd30ae4b47a9ba3c856590957fd1d96dc588bf3ac05719d247e126840331f?s=96&d=mm&r=g","url":"https:\/\/secure.gravatar.com\/avatar\/7c5bd30ae4b47a9ba3c856590957fd1d96dc588bf3ac05719d247e126840331f?s=96&d=mm&r=g","contentUrl":"https:\/\/secure.gravatar.com\/avatar\/7c5bd30ae4b47a9ba3c856590957fd1d96dc588bf3ac05719d247e126840331f?s=96&d=mm&r=g","caption":"libna"}}]}},"_links":{"self":[{"href":"https:\/\/interamerica.org\/es\/wp-json\/wp\/v2\/posts\/140305","targetHints":{"allow":["GET"]}}],"collection":[{"href":"https:\/\/interamerica.org\/es\/wp-json\/wp\/v2\/posts"}],"about":[{"href":"https:\/\/interamerica.org\/es\/wp-json\/wp\/v2\/types\/post"}],"author":[{"embeddable":true,"href":"https:\/\/interamerica.org\/es\/wp-json\/wp\/v2\/users\/3"}],"replies":[{"embeddable":true,"href":"https:\/\/interamerica.org\/es\/wp-json\/wp\/v2\/comments?post=140305"}],"version-history":[{"count":2,"href":"https:\/\/interamerica.org\/es\/wp-json\/wp\/v2\/posts\/140305\/revisions"}],"predecessor-version":[{"id":140367,"href":"https:\/\/interamerica.org\/es\/wp-json\/wp\/v2\/posts\/140305\/revisions\/140367"}],"wp:featuredmedia":[{"embeddable":true,"href":"https:\/\/interamerica.org\/es\/wp-json\/wp\/v2\/media\/140306"}],"wp:attachment":[{"href":"https:\/\/interamerica.org\/es\/wp-json\/wp\/v2\/media?parent=140305"}],"wp:term":[{"taxonomy":"category","embeddable":true,"href":"https:\/\/interamerica.org\/es\/wp-json\/wp\/v2\/categories?post=140305"},{"taxonomy":"post_tag","embeddable":true,"href":"https:\/\/interamerica.org\/es\/wp-json\/wp\/v2\/tags?post=140305"}],"curies":[{"name":"wp","href":"https:\/\/api.w.org\/{rel}","templated":true}]}}