{"id":140315,"date":"2026-03-08T15:46:49","date_gmt":"2026-03-08T19:46:49","guid":{"rendered":"https:\/\/interamerica.org\/?p=140315"},"modified":"2026-03-10T17:04:07","modified_gmt":"2026-03-10T21:04:07","slug":"sesion-de-discipulas-creativas-subraya-el-poder-de-la-narracion-visual","status":"publish","type":"post","link":"https:\/\/interamerica.org\/es\/2026\/03\/sesion-de-discipulas-creativas-subraya-el-poder-de-la-narracion-visual\/","title":{"rendered":"Sesi\u00f3n de \u2018Disc\u00edpulas Creativas\u2019 subraya el poder de la narraci\u00f3n visual"},"content":{"rendered":"<p><em>Licci Zemleduch comparte principios pr\u00e1cticos de dise\u00f1o que ayudan a los comunicadores visuales de la iglesia a hacer visual el mensaje y llegar hasta audiencias m\u00e1s amplias.<\/em><\/p>\n<p>8 de marzo de 2026 | Miami, Florida, Estados Unidos | Libna Stevens, Noticias de la Divisi\u00f3n Interamericana<\/p>\n<p>Se les record\u00f3 a los comunicadores de la iglesia y l\u00edderes ministeriales acerca del poder de la narraci\u00f3n visual durante una sesi\u00f3n de Disc\u00edpulas Creativas dirigida por Licci Zemleduch, directora del Centro Empresarial y de Innovaci\u00f3n en la Universidad Adventista Southwestern, en Keene, Texas, Estados Unidos.<\/p>\n<p>Licci Zemleduch dio a conocer principios pr\u00e1cticos en el dise\u00f1o de mensajes que comunican claramente esperanza y misi\u00f3n en un mundo en el que impera lo visual.<\/p>\n<p>\u201cEl lenguaje visual es un lenguaje universal\u201d, dijo. \u201cEs uno de los instrumentos m\u00e1s poderosos que tenemos para comunicar un mensaje que las personas en cualquier parte puedan entender\u201d.<\/p>\n<p>En la sesi\u00f3n ilustr\u00f3 la importancia de la comunicaci\u00f3n visual a trav\u00e9s de una historia personal cuando viaj\u00f3 a China a principios del 2000. Despu\u00e9s de un largo viaje hasta Beijing, se dio cuenta de que las barreras de lenguaje hac\u00edan muy desafiantes hasta las m\u00e1s simples de las tareas. Sin mucha comunicaci\u00f3n en ingl\u00e9s disponible, ella y sus compa\u00f1eros depend\u00edan grandemente de pistas visuales, s\u00edmbolos y fotograf\u00edas al entenderse con situaciones de transporte, encontrar restaurantes y ordenar la comida.<\/p>\n<p>\u201cEsa experiencia reforz\u00f3 algo en lo que siempre hab\u00eda cre\u00eddo\u201d, dijo. \u201cLas im\u00e1genes comunican a trav\u00e9s de las diversas culturas, en formas que las palabras no siempre pueden hacerlo\u201d.<\/p>\n<p><strong>Dise\u00f1o visual eficaz<\/strong><\/p>\n<p>Durante su presentaci\u00f3n, la expositora Zemleduch se\u00f1al\u00f3 cuatro principios fundamentales para el dise\u00f1o de im\u00e1genes visuales que comunican un mensaje en forma eficaz.<\/p>\n<p>El primer principio es claridad de prop\u00f3sito. Antes de pensar en colores, tipograf\u00eda o dise\u00f1os gr\u00e1ficos, los comunicadores deben primeramente identificar a su audiencia y el mensaje que desean que recuerden esas personas.<\/p>\n<p>\u201cUn dise\u00f1o no comienza con una bonita plantilla, comienza con una idea clara\u201d, explic\u00f3. \u00bfQu\u00e9 es lo que deseamos comunicar? \u00bfQu\u00e9 es lo que van a recordar las personas despu\u00e9s de ver el mensaje?\u201d<\/p>\n<p>Enseguida anim\u00f3 a los dirigentes del ministerio a pensar en la reacci\u00f3n que desean que tengan los espectadores, tal como el registrarse para un evento, visitar un sitio web o participar en una actividad de la iglesia.<\/p>\n<p>El segundo principio es reconocer que ese dise\u00f1o se traduce en emociones. Las elecciones de tipograf\u00eda, colores y patrones ayudan a comunicar sentimientos y significado.<\/p>\n<p>\u201cLas fuentes o tipos de tetra tienen personalidad\u201d, indic\u00f3. \u201cAlgunos se perciben como elegantes, otros como juguetones. Los colores tambi\u00e9n comunican emociones \u2014el amarillo puede percibirse como alegre y din\u00e1mico, mientras que el azul puede con frecuencia expresar paz y calma\u201d.<\/p>\n<p>El tercer principio enfoca el poder de las im\u00e1genes al contar historias.<\/p>\n<p>\u201cUna imagen vale tanto como mil palabras\u201d, dijo la expositora Zemleduch. \u201cLas im\u00e1genes conectan emocionalmente a las personas y ayudan en la comprensi\u00f3n del mensaje que queremos comunicar\u201d.<\/p>\n<p>Anim\u00f3 luego a los dise\u00f1adores a elegir im\u00e1genes que representen claramente el concepto que est\u00e1n tratando de comunicar, sea tal vez comunidad, amor, servicio o fe.<\/p>\n<p>El cuarto principio es dise\u00f1ar con las herramientas ya disponibles.<\/p>\n<p>\u201cMuchos de nosotros tenemos ya de una vez todo lo que necesitamos\u201d, dijo. \u201cTenemos tel\u00e9fonos y c\u00e1maras fotogr\u00e1ficas, acceso a Internet y plataformas de dise\u00f1o que nos pueden ayudar a crear im\u00e1genes visuales significativas\u201d.<\/p>\n<p><strong>Fomento de la creatividad en el ministerio<\/strong><\/p>\n<p>La expositora Zemleduch enfatiz\u00f3 el hecho de que la creatividad no se limita a los dise\u00f1adores profesionales, sino que es una habilidad que cualquier persona puede desarrollar a trav\u00e9s de la pr\u00e1ctica.<\/p>\n<p>\u201cEl elemento m\u00e1s importante de una fotograf\u00eda es la luz\u201d, dijo. Aun con un tel\u00e9fono celular se pueden captar im\u00e1genes poderosas al prestar atenci\u00f3n a iluminaci\u00f3n, \u00e1ngulos y composici\u00f3n\u201d.<\/p>\n<p>Y desafi\u00f3 a los participantes a fortalecer sus habilidades creativas a trav\u00e9s de un sencillo ejercicio: tomar fotos cada d\u00eda durante una semana, enfocando su atenci\u00f3n en un diferente color cada d\u00eda para entrenar su atenci\u00f3n en los detalles visuales.<\/p>\n<p>El objetivo, seg\u00fan explic\u00f3, es ayudar a los comunicadores a observar m\u00e1s atentamente el mundo y aprender a convertir cada momento en un mensaje visual significativo.<\/p>\n<p>\u201cDios nos cre\u00f3 para ser creativos\u201d, a\u00f1adi\u00f3. La creatividad es un don que aumenta a medida que lo practicamos\u201d.<\/p>\n<p>Al continuar los l\u00edderes de la iglesia explorando nuevas formas de atraer a las comunidades y compartir el evangelio, la expositora los anim\u00f3 a usar intencionalmente su creatividad.<\/p>\n<p>\u201cCada vea que dise\u00f1amos algo, estamos comunicando algo\u201d, dijo. Comuniquemos esperanza, esp\u00edritu de comunidad y amor hacia el mundo\u201d.<\/p>\n<p><iframe title=\"Visualizando el Mensaje | Disc\u00edpulas Creativas | Episodio 5\" width=\"500\" height=\"281\" src=\"https:\/\/www.youtube.com\/embed\/ZTivyeO5IBU?feature=oembed\" frameborder=\"0\" allow=\"accelerometer; autoplay; clipboard-write; encrypted-media; gyroscope; picture-in-picture; web-share\" referrerpolicy=\"strict-origin-when-cross-origin\" allowfullscreen><\/iframe><\/p>\n<p>&nbsp;<\/p>\n<p>Traducci\u00f3n \u2013 Gloria A. Castrej\u00f3n<\/p>\n","protected":false},"excerpt":{"rendered":"<p>Licci Zemleduch comparte principios pr\u00e1cticos de dise\u00f1o que ayudan a los comunicadores visuales de la iglesia a hacer visual el mensaje y llegar hasta audiencias m\u00e1s amplias. 8 de marzo&#8230;<\/p>\n","protected":false},"author":3,"featured_media":140008,"comment_status":"closed","ping_status":"closed","sticky":false,"template":"","format":"standard","meta":{"_acf_changed":false,"footnotes":""},"categories":[16,15],"tags":[],"class_list":["post-140315","post","type-post","status-publish","format-standard","has-post-thumbnail","hentry","category-desde-la-sede","category-rss-espanol"],"acf":[],"yoast_head":"<!-- This site is optimized with the Yoast SEO plugin v27.3 - https:\/\/yoast.com\/product\/yoast-seo-wordpress\/ -->\n<title>Sesi\u00f3n de \u2018Disc\u00edpulas Creativas\u2019 subraya el poder de la narraci\u00f3n visual - Iglesia Adventista del S\u00e9ptimo D\u00eda - Divisi\u00f3n Interamericana<\/title>\n<meta name=\"robots\" content=\"index, follow, max-snippet:-1, max-image-preview:large, max-video-preview:-1\" \/>\n<link rel=\"canonical\" href=\"https:\/\/interamerica.org\/es\/2026\/03\/sesion-de-discipulas-creativas-subraya-el-poder-de-la-narracion-visual\/\" \/>\n<meta property=\"og:locale\" content=\"es_ES\" \/>\n<meta property=\"og:type\" content=\"article\" \/>\n<meta property=\"og:title\" content=\"Sesi\u00f3n de \u2018Disc\u00edpulas Creativas\u2019 subraya el poder de la narraci\u00f3n visual - Iglesia Adventista del S\u00e9ptimo D\u00eda - Divisi\u00f3n Interamericana\" \/>\n<meta property=\"og:description\" content=\"Licci Zemleduch comparte principios pr\u00e1cticos de dise\u00f1o que ayudan a los comunicadores visuales de la iglesia a hacer visual el mensaje y llegar hasta audiencias m\u00e1s amplias. 8 de marzo...\" \/>\n<meta property=\"og:url\" content=\"https:\/\/interamerica.org\/es\/2026\/03\/sesion-de-discipulas-creativas-subraya-el-poder-de-la-narracion-visual\/\" \/>\n<meta property=\"og:site_name\" content=\"Iglesia Adventista del S\u00e9ptimo D\u00eda - Divisi\u00f3n Interamericana\" \/>\n<meta property=\"article:published_time\" content=\"2026-03-08T19:46:49+00:00\" \/>\n<meta property=\"article:modified_time\" content=\"2026-03-10T21:04:07+00:00\" \/>\n<meta property=\"og:image\" content=\"https:\/\/interamerica.org\/wp-content\/uploads\/2026\/03\/captura-de-pantalla-2026-03-05-a-las-43046-pm.png\" \/>\n\t<meta property=\"og:image:width\" content=\"875\" \/>\n\t<meta property=\"og:image:height\" content=\"436\" \/>\n\t<meta property=\"og:image:type\" content=\"image\/png\" \/>\n<meta name=\"author\" content=\"libna\" \/>\n<meta name=\"twitter:card\" content=\"summary_large_image\" \/>\n<meta name=\"twitter:label1\" content=\"Escrito por\" \/>\n\t<meta name=\"twitter:data1\" content=\"libna\" \/>\n\t<meta name=\"twitter:label2\" content=\"Tiempo de lectura\" \/>\n\t<meta name=\"twitter:data2\" content=\"4 minutos\" \/>\n<script type=\"application\/ld+json\" class=\"yoast-schema-graph\">{\"@context\":\"https:\\\/\\\/schema.org\",\"@graph\":[{\"@type\":\"Article\",\"@id\":\"https:\\\/\\\/interamerica.org\\\/es\\\/2026\\\/03\\\/sesion-de-discipulas-creativas-subraya-el-poder-de-la-narracion-visual\\\/#article\",\"isPartOf\":{\"@id\":\"https:\\\/\\\/interamerica.org\\\/es\\\/2026\\\/03\\\/sesion-de-discipulas-creativas-subraya-el-poder-de-la-narracion-visual\\\/\"},\"author\":{\"name\":\"libna\",\"@id\":\"https:\\\/\\\/interamerica.org\\\/es\\\/#\\\/schema\\\/person\\\/29998f2bc2d8bd0d38662909289b54f1\"},\"headline\":\"Sesi\u00f3n de \u2018Disc\u00edpulas Creativas\u2019 subraya el poder de la narraci\u00f3n visual\",\"datePublished\":\"2026-03-08T19:46:49+00:00\",\"dateModified\":\"2026-03-10T21:04:07+00:00\",\"mainEntityOfPage\":{\"@id\":\"https:\\\/\\\/interamerica.org\\\/es\\\/2026\\\/03\\\/sesion-de-discipulas-creativas-subraya-el-poder-de-la-narracion-visual\\\/\"},\"wordCount\":869,\"image\":{\"@id\":\"https:\\\/\\\/interamerica.org\\\/es\\\/2026\\\/03\\\/sesion-de-discipulas-creativas-subraya-el-poder-de-la-narracion-visual\\\/#primaryimage\"},\"thumbnailUrl\":\"https:\\\/\\\/interamerica.org\\\/wp-content\\\/uploads\\\/2026\\\/03\\\/captura-de-pantalla-2026-03-05-a-las-43046-pm.png\",\"articleSection\":[\"Desde la sede\",\"RSS Espa\u00f1ol\"],\"inLanguage\":\"es\"},{\"@type\":\"WebPage\",\"@id\":\"https:\\\/\\\/interamerica.org\\\/es\\\/2026\\\/03\\\/sesion-de-discipulas-creativas-subraya-el-poder-de-la-narracion-visual\\\/\",\"url\":\"https:\\\/\\\/interamerica.org\\\/es\\\/2026\\\/03\\\/sesion-de-discipulas-creativas-subraya-el-poder-de-la-narracion-visual\\\/\",\"name\":\"Sesi\u00f3n de \u2018Disc\u00edpulas Creativas\u2019 subraya el poder de la narraci\u00f3n visual - Iglesia Adventista del S\u00e9ptimo D\u00eda - Divisi\u00f3n Interamericana\",\"isPartOf\":{\"@id\":\"https:\\\/\\\/interamerica.org\\\/es\\\/#website\"},\"primaryImageOfPage\":{\"@id\":\"https:\\\/\\\/interamerica.org\\\/es\\\/2026\\\/03\\\/sesion-de-discipulas-creativas-subraya-el-poder-de-la-narracion-visual\\\/#primaryimage\"},\"image\":{\"@id\":\"https:\\\/\\\/interamerica.org\\\/es\\\/2026\\\/03\\\/sesion-de-discipulas-creativas-subraya-el-poder-de-la-narracion-visual\\\/#primaryimage\"},\"thumbnailUrl\":\"https:\\\/\\\/interamerica.org\\\/wp-content\\\/uploads\\\/2026\\\/03\\\/captura-de-pantalla-2026-03-05-a-las-43046-pm.png\",\"datePublished\":\"2026-03-08T19:46:49+00:00\",\"dateModified\":\"2026-03-10T21:04:07+00:00\",\"author\":{\"@id\":\"https:\\\/\\\/interamerica.org\\\/es\\\/#\\\/schema\\\/person\\\/29998f2bc2d8bd0d38662909289b54f1\"},\"breadcrumb\":{\"@id\":\"https:\\\/\\\/interamerica.org\\\/es\\\/2026\\\/03\\\/sesion-de-discipulas-creativas-subraya-el-poder-de-la-narracion-visual\\\/#breadcrumb\"},\"inLanguage\":\"es\",\"potentialAction\":[{\"@type\":\"ReadAction\",\"target\":[\"https:\\\/\\\/interamerica.org\\\/es\\\/2026\\\/03\\\/sesion-de-discipulas-creativas-subraya-el-poder-de-la-narracion-visual\\\/\"]}]},{\"@type\":\"ImageObject\",\"inLanguage\":\"es\",\"@id\":\"https:\\\/\\\/interamerica.org\\\/es\\\/2026\\\/03\\\/sesion-de-discipulas-creativas-subraya-el-poder-de-la-narracion-visual\\\/#primaryimage\",\"url\":\"https:\\\/\\\/interamerica.org\\\/wp-content\\\/uploads\\\/2026\\\/03\\\/captura-de-pantalla-2026-03-05-a-las-43046-pm.png\",\"contentUrl\":\"https:\\\/\\\/interamerica.org\\\/wp-content\\\/uploads\\\/2026\\\/03\\\/captura-de-pantalla-2026-03-05-a-las-43046-pm.png\",\"width\":875,\"height\":436},{\"@type\":\"BreadcrumbList\",\"@id\":\"https:\\\/\\\/interamerica.org\\\/es\\\/2026\\\/03\\\/sesion-de-discipulas-creativas-subraya-el-poder-de-la-narracion-visual\\\/#breadcrumb\",\"itemListElement\":[{\"@type\":\"ListItem\",\"position\":1,\"name\":\"Home\",\"item\":\"https:\\\/\\\/interamerica.org\\\/es\\\/\"},{\"@type\":\"ListItem\",\"position\":2,\"name\":\"Sesi\u00f3n de \u2018Disc\u00edpulas Creativas\u2019 subraya el poder de la narraci\u00f3n visual\"}]},{\"@type\":\"WebSite\",\"@id\":\"https:\\\/\\\/interamerica.org\\\/es\\\/#website\",\"url\":\"https:\\\/\\\/interamerica.org\\\/es\\\/\",\"name\":\"Iglesia Adventista del S\u00e9ptimo D\u00eda - Divisi\u00f3n Interamericana\",\"description\":\"\",\"potentialAction\":[{\"@type\":\"SearchAction\",\"target\":{\"@type\":\"EntryPoint\",\"urlTemplate\":\"https:\\\/\\\/interamerica.org\\\/es\\\/?s={search_term_string}\"},\"query-input\":{\"@type\":\"PropertyValueSpecification\",\"valueRequired\":true,\"valueName\":\"search_term_string\"}}],\"inLanguage\":\"es\"},{\"@type\":\"Person\",\"@id\":\"https:\\\/\\\/interamerica.org\\\/es\\\/#\\\/schema\\\/person\\\/29998f2bc2d8bd0d38662909289b54f1\",\"name\":\"libna\",\"image\":{\"@type\":\"ImageObject\",\"inLanguage\":\"es\",\"@id\":\"https:\\\/\\\/secure.gravatar.com\\\/avatar\\\/7c5bd30ae4b47a9ba3c856590957fd1d96dc588bf3ac05719d247e126840331f?s=96&d=mm&r=g\",\"url\":\"https:\\\/\\\/secure.gravatar.com\\\/avatar\\\/7c5bd30ae4b47a9ba3c856590957fd1d96dc588bf3ac05719d247e126840331f?s=96&d=mm&r=g\",\"contentUrl\":\"https:\\\/\\\/secure.gravatar.com\\\/avatar\\\/7c5bd30ae4b47a9ba3c856590957fd1d96dc588bf3ac05719d247e126840331f?s=96&d=mm&r=g\",\"caption\":\"libna\"}}]}<\/script>\n<!-- \/ Yoast SEO plugin. -->","yoast_head_json":{"title":"Sesi\u00f3n de \u2018Disc\u00edpulas Creativas\u2019 subraya el poder de la narraci\u00f3n visual - Iglesia Adventista del S\u00e9ptimo D\u00eda - Divisi\u00f3n Interamericana","robots":{"index":"index","follow":"follow","max-snippet":"max-snippet:-1","max-image-preview":"max-image-preview:large","max-video-preview":"max-video-preview:-1"},"canonical":"https:\/\/interamerica.org\/es\/2026\/03\/sesion-de-discipulas-creativas-subraya-el-poder-de-la-narracion-visual\/","og_locale":"es_ES","og_type":"article","og_title":"Sesi\u00f3n de \u2018Disc\u00edpulas Creativas\u2019 subraya el poder de la narraci\u00f3n visual - Iglesia Adventista del S\u00e9ptimo D\u00eda - Divisi\u00f3n Interamericana","og_description":"Licci Zemleduch comparte principios pr\u00e1cticos de dise\u00f1o que ayudan a los comunicadores visuales de la iglesia a hacer visual el mensaje y llegar hasta audiencias m\u00e1s amplias. 8 de marzo...","og_url":"https:\/\/interamerica.org\/es\/2026\/03\/sesion-de-discipulas-creativas-subraya-el-poder-de-la-narracion-visual\/","og_site_name":"Iglesia Adventista del S\u00e9ptimo D\u00eda - Divisi\u00f3n Interamericana","article_published_time":"2026-03-08T19:46:49+00:00","article_modified_time":"2026-03-10T21:04:07+00:00","og_image":[{"width":875,"height":436,"url":"https:\/\/interamerica.org\/wp-content\/uploads\/2026\/03\/captura-de-pantalla-2026-03-05-a-las-43046-pm.png","type":"image\/png"}],"author":"libna","twitter_card":"summary_large_image","twitter_misc":{"Escrito por":"libna","Tiempo de lectura":"4 minutos"},"schema":{"@context":"https:\/\/schema.org","@graph":[{"@type":"Article","@id":"https:\/\/interamerica.org\/es\/2026\/03\/sesion-de-discipulas-creativas-subraya-el-poder-de-la-narracion-visual\/#article","isPartOf":{"@id":"https:\/\/interamerica.org\/es\/2026\/03\/sesion-de-discipulas-creativas-subraya-el-poder-de-la-narracion-visual\/"},"author":{"name":"libna","@id":"https:\/\/interamerica.org\/es\/#\/schema\/person\/29998f2bc2d8bd0d38662909289b54f1"},"headline":"Sesi\u00f3n de \u2018Disc\u00edpulas Creativas\u2019 subraya el poder de la narraci\u00f3n visual","datePublished":"2026-03-08T19:46:49+00:00","dateModified":"2026-03-10T21:04:07+00:00","mainEntityOfPage":{"@id":"https:\/\/interamerica.org\/es\/2026\/03\/sesion-de-discipulas-creativas-subraya-el-poder-de-la-narracion-visual\/"},"wordCount":869,"image":{"@id":"https:\/\/interamerica.org\/es\/2026\/03\/sesion-de-discipulas-creativas-subraya-el-poder-de-la-narracion-visual\/#primaryimage"},"thumbnailUrl":"https:\/\/interamerica.org\/wp-content\/uploads\/2026\/03\/captura-de-pantalla-2026-03-05-a-las-43046-pm.png","articleSection":["Desde la sede","RSS Espa\u00f1ol"],"inLanguage":"es"},{"@type":"WebPage","@id":"https:\/\/interamerica.org\/es\/2026\/03\/sesion-de-discipulas-creativas-subraya-el-poder-de-la-narracion-visual\/","url":"https:\/\/interamerica.org\/es\/2026\/03\/sesion-de-discipulas-creativas-subraya-el-poder-de-la-narracion-visual\/","name":"Sesi\u00f3n de \u2018Disc\u00edpulas Creativas\u2019 subraya el poder de la narraci\u00f3n visual - Iglesia Adventista del S\u00e9ptimo D\u00eda - Divisi\u00f3n Interamericana","isPartOf":{"@id":"https:\/\/interamerica.org\/es\/#website"},"primaryImageOfPage":{"@id":"https:\/\/interamerica.org\/es\/2026\/03\/sesion-de-discipulas-creativas-subraya-el-poder-de-la-narracion-visual\/#primaryimage"},"image":{"@id":"https:\/\/interamerica.org\/es\/2026\/03\/sesion-de-discipulas-creativas-subraya-el-poder-de-la-narracion-visual\/#primaryimage"},"thumbnailUrl":"https:\/\/interamerica.org\/wp-content\/uploads\/2026\/03\/captura-de-pantalla-2026-03-05-a-las-43046-pm.png","datePublished":"2026-03-08T19:46:49+00:00","dateModified":"2026-03-10T21:04:07+00:00","author":{"@id":"https:\/\/interamerica.org\/es\/#\/schema\/person\/29998f2bc2d8bd0d38662909289b54f1"},"breadcrumb":{"@id":"https:\/\/interamerica.org\/es\/2026\/03\/sesion-de-discipulas-creativas-subraya-el-poder-de-la-narracion-visual\/#breadcrumb"},"inLanguage":"es","potentialAction":[{"@type":"ReadAction","target":["https:\/\/interamerica.org\/es\/2026\/03\/sesion-de-discipulas-creativas-subraya-el-poder-de-la-narracion-visual\/"]}]},{"@type":"ImageObject","inLanguage":"es","@id":"https:\/\/interamerica.org\/es\/2026\/03\/sesion-de-discipulas-creativas-subraya-el-poder-de-la-narracion-visual\/#primaryimage","url":"https:\/\/interamerica.org\/wp-content\/uploads\/2026\/03\/captura-de-pantalla-2026-03-05-a-las-43046-pm.png","contentUrl":"https:\/\/interamerica.org\/wp-content\/uploads\/2026\/03\/captura-de-pantalla-2026-03-05-a-las-43046-pm.png","width":875,"height":436},{"@type":"BreadcrumbList","@id":"https:\/\/interamerica.org\/es\/2026\/03\/sesion-de-discipulas-creativas-subraya-el-poder-de-la-narracion-visual\/#breadcrumb","itemListElement":[{"@type":"ListItem","position":1,"name":"Home","item":"https:\/\/interamerica.org\/es\/"},{"@type":"ListItem","position":2,"name":"Sesi\u00f3n de \u2018Disc\u00edpulas Creativas\u2019 subraya el poder de la narraci\u00f3n visual"}]},{"@type":"WebSite","@id":"https:\/\/interamerica.org\/es\/#website","url":"https:\/\/interamerica.org\/es\/","name":"Iglesia Adventista del S\u00e9ptimo D\u00eda - Divisi\u00f3n Interamericana","description":"","potentialAction":[{"@type":"SearchAction","target":{"@type":"EntryPoint","urlTemplate":"https:\/\/interamerica.org\/es\/?s={search_term_string}"},"query-input":{"@type":"PropertyValueSpecification","valueRequired":true,"valueName":"search_term_string"}}],"inLanguage":"es"},{"@type":"Person","@id":"https:\/\/interamerica.org\/es\/#\/schema\/person\/29998f2bc2d8bd0d38662909289b54f1","name":"libna","image":{"@type":"ImageObject","inLanguage":"es","@id":"https:\/\/secure.gravatar.com\/avatar\/7c5bd30ae4b47a9ba3c856590957fd1d96dc588bf3ac05719d247e126840331f?s=96&d=mm&r=g","url":"https:\/\/secure.gravatar.com\/avatar\/7c5bd30ae4b47a9ba3c856590957fd1d96dc588bf3ac05719d247e126840331f?s=96&d=mm&r=g","contentUrl":"https:\/\/secure.gravatar.com\/avatar\/7c5bd30ae4b47a9ba3c856590957fd1d96dc588bf3ac05719d247e126840331f?s=96&d=mm&r=g","caption":"libna"}}]}},"_links":{"self":[{"href":"https:\/\/interamerica.org\/es\/wp-json\/wp\/v2\/posts\/140315","targetHints":{"allow":["GET"]}}],"collection":[{"href":"https:\/\/interamerica.org\/es\/wp-json\/wp\/v2\/posts"}],"about":[{"href":"https:\/\/interamerica.org\/es\/wp-json\/wp\/v2\/types\/post"}],"author":[{"embeddable":true,"href":"https:\/\/interamerica.org\/es\/wp-json\/wp\/v2\/users\/3"}],"replies":[{"embeddable":true,"href":"https:\/\/interamerica.org\/es\/wp-json\/wp\/v2\/comments?post=140315"}],"version-history":[{"count":1,"href":"https:\/\/interamerica.org\/es\/wp-json\/wp\/v2\/posts\/140315\/revisions"}],"predecessor-version":[{"id":140323,"href":"https:\/\/interamerica.org\/es\/wp-json\/wp\/v2\/posts\/140315\/revisions\/140323"}],"wp:featuredmedia":[{"embeddable":true,"href":"https:\/\/interamerica.org\/es\/wp-json\/wp\/v2\/media\/140008"}],"wp:attachment":[{"href":"https:\/\/interamerica.org\/es\/wp-json\/wp\/v2\/media?parent=140315"}],"wp:term":[{"taxonomy":"category","embeddable":true,"href":"https:\/\/interamerica.org\/es\/wp-json\/wp\/v2\/categories?post=140315"},{"taxonomy":"post_tag","embeddable":true,"href":"https:\/\/interamerica.org\/es\/wp-json\/wp\/v2\/tags?post=140315"}],"curies":[{"name":"wp","href":"https:\/\/api.w.org\/{rel}","templated":true}]}}