{"id":140334,"date":"2026-03-10T21:11:25","date_gmt":"2026-03-11T01:11:25","guid":{"rendered":"https:\/\/interamerica.org\/?p=140334"},"modified":"2026-03-15T21:38:29","modified_gmt":"2026-03-16T01:38:29","slug":"lideres-de-la-division-interamericana-continuan-la-busqueda-del-proximo-rector-de-la-universidad-de-montemorelos","status":"publish","type":"post","link":"https:\/\/interamerica.org\/es\/2026\/03\/lideres-de-la-division-interamericana-continuan-la-busqueda-del-proximo-rector-de-la-universidad-de-montemorelos\/","title":{"rendered":"L\u00edderes de la Divisi\u00f3n Interamericana contin\u00faan la b\u00fasqueda del pr\u00f3ximo rector de la Universidad de Montemorelos"},"content":{"rendered":"<p><em>Se espera la nominaci\u00f3n durante las sesiones de la Junta Directiva de la Divisi\u00f3n en mayo.<\/em><\/p>\n<p>10 de marzo de 2026 | Miami, Florida, Estados Unidos | Libna Stevens, Noticias de la Divisi\u00f3n Interamericana<\/p>\n<p>Los l\u00edderes de la Divisi\u00f3n Interamericana (IAD) contin\u00faan el proceso de selecci\u00f3n del pr\u00f3ximo rector de la Universidad de Montemorelos, la \u00fanica universidad directamente supervisada por la divisi\u00f3n.<\/p>\n<p>Una comisi\u00f3n especial de b\u00fasqueda, que fue votada durante las sesiones de la Junta Directiva de la Divisi\u00f3n Interamericana en noviembre, ha estado revisando los nombres presentados para el cargo. Se espera ahora que presente una recomendaci\u00f3n en las pr\u00f3ximas sesiones administrativas previstas para mayo de 2026.<\/p>\n<p>La b\u00fasqueda sigue la transici\u00f3n de liderazgo prevista del actual rector universitario, Ismael Castillo, quien ha sido invitado a servir como secretario de campo de la Divisi\u00f3n Interamericana en el cargo de asesor del presidente de la divisi\u00f3n en el \u00e1rea de educaci\u00f3n a nivel universitario en todo el territorio.<\/p>\n<p>Seg\u00fan el pastor Abner De los Santos, el proceso se lleva a cabo con un estudio y oraci\u00f3n cuidadosos, ya que los l\u00edderes buscan a la persona adecuada para que conduzca a la instituci\u00f3n hacia su siguiente fase de misi\u00f3n.<\/p>\n<p>\u201cLa comisi\u00f3n especial de selecci\u00f3n ha estado estudiando los nombres que se han presentado para el cargo de rector de la Universidad de Montemorelos\u201d, expres\u00f3 De los Santos. \u201cQueremos tomarnos el tiempo necesario para evaluar a los candidatos con detenimiento y oraci\u00f3n\u201d.<\/p>\n<p>Debido a su papel \u00fanico dentro de la divisi\u00f3n, la Universidad de Montemorelos tiene una influencia significativa en todo el territorio, a\u00f1adi\u00f3.<\/p>\n<p>\u201cUna vez que la comisi\u00f3n especial de b\u00fasqueda presente un nombre en nuestras pr\u00f3ximas reuniones y que sea votado, podremos comenzar una transici\u00f3n saludable en el liderazgo\u201d, explic\u00f3 De los Santos. \u201cLa idea es dejar tiempo suficiente para que el rector actual transfiera las responsabilidades de liderazgo al nuevo rector de manera ordenada\u201d.<\/p>\n<p>La comisi\u00f3n ha recibido varios nombres y sigue revisando posibles candidatos, dijo De los Santos. \u201cMantenemos el proceso abierto para estudiar todas las posibilidades\u201d.<\/p>\n<p>La oraci\u00f3n y el discernimiento siguen siendo centrales durante todo el proceso.<\/p>\n<p>\u201cCreemos que Dios controla este proceso\u201d, dijo De los Santos. \u201cA menudo imaginamos diferentes posibilidades, pero Dios conoce el final desde el principio, as\u00ed que la comisi\u00f3n aborda este proceso con oraci\u00f3n\u201d.<\/p>\n<p>La pr\u00f3xima transici\u00f3n tambi\u00e9n destacar\u00e1 el liderazgo de d\u00e9cadas del actual rector de la universidad.<\/p>\n<p>\u201cEl legado de Ismael Castillo ha sido muy significativo\u201d, dijo De los Santos. \u201cMuchos de los l\u00edderes que prestan servicios hoy en M\u00e9xico fueron influidos por su liderazgo durante los a\u00f1os que pasaron en la Universidad de Montemorelos\u201d.<\/p>\n<p>Los l\u00edderes de la divisi\u00f3n afirman que la transici\u00f3n ofrece una oportunidad de fortalecer a\u00fan m\u00e1s la educaci\u00f3n superior adventista en toda la regi\u00f3n.<\/p>\n<p>\u201cCreemos que este es un momento apropiado para comenzar una transici\u00f3n que pueda fortalecer la educaci\u00f3n superior adventista en nuestro territorio\u201d, dijo De los Santos.<\/p>\n<p>Cada administraci\u00f3n de uni\u00f3n podr\u00e1 enviar las recomendaciones de candidatos interesados y calificados, junto con su solicitud y curriculum vitae, a la Secretar\u00eda de la Divisi\u00f3n Interamericana <a href=\"um@interamerica.org\">AQU\u00ed<\/a><\/p>\n<p>Traducci\u00f3n de Marcos Paseggi<\/p>\n","protected":false},"excerpt":{"rendered":"<p>Se espera la nominaci\u00f3n durante las sesiones de la Junta Directiva de la Divisi\u00f3n en mayo. 10 de marzo de 2026 | Miami, Florida, Estados Unidos | Libna Stevens, Noticias&#8230;<\/p>\n","protected":false},"author":3,"featured_media":78359,"comment_status":"closed","ping_status":"closed","sticky":false,"template":"","format":"standard","meta":{"_acf_changed":false,"footnotes":""},"categories":[16,15],"tags":[],"class_list":["post-140334","post","type-post","status-publish","format-standard","has-post-thumbnail","hentry","category-desde-la-sede","category-rss-espanol"],"acf":[],"yoast_head":"<!-- This site is optimized with the Yoast SEO plugin v27.3 - https:\/\/yoast.com\/product\/yoast-seo-wordpress\/ -->\n<title>L\u00edderes de la Divisi\u00f3n Interamericana contin\u00faan la b\u00fasqueda del pr\u00f3ximo rector de la Universidad de Montemorelos - Iglesia Adventista del S\u00e9ptimo D\u00eda - Divisi\u00f3n Interamericana<\/title>\n<meta name=\"robots\" content=\"index, follow, max-snippet:-1, max-image-preview:large, max-video-preview:-1\" \/>\n<link rel=\"canonical\" href=\"https:\/\/interamerica.org\/es\/2026\/03\/lideres-de-la-division-interamericana-continuan-la-busqueda-del-proximo-rector-de-la-universidad-de-montemorelos\/\" \/>\n<meta property=\"og:locale\" content=\"es_ES\" \/>\n<meta property=\"og:type\" content=\"article\" \/>\n<meta property=\"og:title\" content=\"L\u00edderes de la Divisi\u00f3n Interamericana contin\u00faan la b\u00fasqueda del pr\u00f3ximo rector de la Universidad de Montemorelos - Iglesia Adventista del S\u00e9ptimo D\u00eda - Divisi\u00f3n Interamericana\" \/>\n<meta property=\"og:description\" content=\"Se espera la nominaci\u00f3n durante las sesiones de la Junta Directiva de la Divisi\u00f3n en mayo. 10 de marzo de 2026 | Miami, Florida, Estados Unidos | Libna Stevens, Noticias...\" \/>\n<meta property=\"og:url\" content=\"https:\/\/interamerica.org\/es\/2026\/03\/lideres-de-la-division-interamericana-continuan-la-busqueda-del-proximo-rector-de-la-universidad-de-montemorelos\/\" \/>\n<meta property=\"og:site_name\" content=\"Iglesia Adventista del S\u00e9ptimo D\u00eda - Divisi\u00f3n Interamericana\" \/>\n<meta property=\"article:published_time\" content=\"2026-03-11T01:11:25+00:00\" \/>\n<meta property=\"article:modified_time\" content=\"2026-03-16T01:38:29+00:00\" \/>\n<meta property=\"og:image\" content=\"https:\/\/interamerica.org\/wp-content\/uploads\/2021\/11\/iad-yem21-7-iad-entrance.jpg\" \/>\n\t<meta property=\"og:image:width\" content=\"1280\" \/>\n\t<meta property=\"og:image:height\" content=\"800\" \/>\n\t<meta property=\"og:image:type\" content=\"image\/jpeg\" \/>\n<meta name=\"author\" content=\"libna\" \/>\n<meta name=\"twitter:card\" content=\"summary_large_image\" \/>\n<meta name=\"twitter:label1\" content=\"Escrito por\" \/>\n\t<meta name=\"twitter:data1\" content=\"libna\" \/>\n\t<meta name=\"twitter:label2\" content=\"Tiempo de lectura\" \/>\n\t<meta name=\"twitter:data2\" content=\"3 minutos\" \/>\n<script type=\"application\/ld+json\" class=\"yoast-schema-graph\">{\"@context\":\"https:\\\/\\\/schema.org\",\"@graph\":[{\"@type\":\"Article\",\"@id\":\"https:\\\/\\\/interamerica.org\\\/es\\\/2026\\\/03\\\/lideres-de-la-division-interamericana-continuan-la-busqueda-del-proximo-rector-de-la-universidad-de-montemorelos\\\/#article\",\"isPartOf\":{\"@id\":\"https:\\\/\\\/interamerica.org\\\/es\\\/2026\\\/03\\\/lideres-de-la-division-interamericana-continuan-la-busqueda-del-proximo-rector-de-la-universidad-de-montemorelos\\\/\"},\"author\":{\"name\":\"libna\",\"@id\":\"https:\\\/\\\/interamerica.org\\\/es\\\/#\\\/schema\\\/person\\\/29998f2bc2d8bd0d38662909289b54f1\"},\"headline\":\"L\u00edderes de la Divisi\u00f3n Interamericana contin\u00faan la b\u00fasqueda del pr\u00f3ximo rector de la Universidad de Montemorelos\",\"datePublished\":\"2026-03-11T01:11:25+00:00\",\"dateModified\":\"2026-03-16T01:38:29+00:00\",\"mainEntityOfPage\":{\"@id\":\"https:\\\/\\\/interamerica.org\\\/es\\\/2026\\\/03\\\/lideres-de-la-division-interamericana-continuan-la-busqueda-del-proximo-rector-de-la-universidad-de-montemorelos\\\/\"},\"wordCount\":592,\"image\":{\"@id\":\"https:\\\/\\\/interamerica.org\\\/es\\\/2026\\\/03\\\/lideres-de-la-division-interamericana-continuan-la-busqueda-del-proximo-rector-de-la-universidad-de-montemorelos\\\/#primaryimage\"},\"thumbnailUrl\":\"https:\\\/\\\/interamerica.org\\\/wp-content\\\/uploads\\\/2021\\\/11\\\/iad-yem21-7-iad-entrance.jpg\",\"articleSection\":[\"Desde la sede\",\"RSS Espa\u00f1ol\"],\"inLanguage\":\"es\"},{\"@type\":\"WebPage\",\"@id\":\"https:\\\/\\\/interamerica.org\\\/es\\\/2026\\\/03\\\/lideres-de-la-division-interamericana-continuan-la-busqueda-del-proximo-rector-de-la-universidad-de-montemorelos\\\/\",\"url\":\"https:\\\/\\\/interamerica.org\\\/es\\\/2026\\\/03\\\/lideres-de-la-division-interamericana-continuan-la-busqueda-del-proximo-rector-de-la-universidad-de-montemorelos\\\/\",\"name\":\"L\u00edderes de la Divisi\u00f3n Interamericana contin\u00faan la b\u00fasqueda del pr\u00f3ximo rector de la Universidad de Montemorelos - Iglesia Adventista del S\u00e9ptimo D\u00eda - Divisi\u00f3n Interamericana\",\"isPartOf\":{\"@id\":\"https:\\\/\\\/interamerica.org\\\/es\\\/#website\"},\"primaryImageOfPage\":{\"@id\":\"https:\\\/\\\/interamerica.org\\\/es\\\/2026\\\/03\\\/lideres-de-la-division-interamericana-continuan-la-busqueda-del-proximo-rector-de-la-universidad-de-montemorelos\\\/#primaryimage\"},\"image\":{\"@id\":\"https:\\\/\\\/interamerica.org\\\/es\\\/2026\\\/03\\\/lideres-de-la-division-interamericana-continuan-la-busqueda-del-proximo-rector-de-la-universidad-de-montemorelos\\\/#primaryimage\"},\"thumbnailUrl\":\"https:\\\/\\\/interamerica.org\\\/wp-content\\\/uploads\\\/2021\\\/11\\\/iad-yem21-7-iad-entrance.jpg\",\"datePublished\":\"2026-03-11T01:11:25+00:00\",\"dateModified\":\"2026-03-16T01:38:29+00:00\",\"author\":{\"@id\":\"https:\\\/\\\/interamerica.org\\\/es\\\/#\\\/schema\\\/person\\\/29998f2bc2d8bd0d38662909289b54f1\"},\"breadcrumb\":{\"@id\":\"https:\\\/\\\/interamerica.org\\\/es\\\/2026\\\/03\\\/lideres-de-la-division-interamericana-continuan-la-busqueda-del-proximo-rector-de-la-universidad-de-montemorelos\\\/#breadcrumb\"},\"inLanguage\":\"es\",\"potentialAction\":[{\"@type\":\"ReadAction\",\"target\":[\"https:\\\/\\\/interamerica.org\\\/es\\\/2026\\\/03\\\/lideres-de-la-division-interamericana-continuan-la-busqueda-del-proximo-rector-de-la-universidad-de-montemorelos\\\/\"]}]},{\"@type\":\"ImageObject\",\"inLanguage\":\"es\",\"@id\":\"https:\\\/\\\/interamerica.org\\\/es\\\/2026\\\/03\\\/lideres-de-la-division-interamericana-continuan-la-busqueda-del-proximo-rector-de-la-universidad-de-montemorelos\\\/#primaryimage\",\"url\":\"https:\\\/\\\/interamerica.org\\\/wp-content\\\/uploads\\\/2021\\\/11\\\/iad-yem21-7-iad-entrance.jpg\",\"contentUrl\":\"https:\\\/\\\/interamerica.org\\\/wp-content\\\/uploads\\\/2021\\\/11\\\/iad-yem21-7-iad-entrance.jpg\",\"width\":1280,\"height\":800,\"caption\":\"[Fotograf\u00eda: Keila Verduzco\\\/DIA]\"},{\"@type\":\"BreadcrumbList\",\"@id\":\"https:\\\/\\\/interamerica.org\\\/es\\\/2026\\\/03\\\/lideres-de-la-division-interamericana-continuan-la-busqueda-del-proximo-rector-de-la-universidad-de-montemorelos\\\/#breadcrumb\",\"itemListElement\":[{\"@type\":\"ListItem\",\"position\":1,\"name\":\"Home\",\"item\":\"https:\\\/\\\/interamerica.org\\\/es\\\/\"},{\"@type\":\"ListItem\",\"position\":2,\"name\":\"L\u00edderes de la Divisi\u00f3n Interamericana contin\u00faan la b\u00fasqueda del pr\u00f3ximo rector de la Universidad de Montemorelos\"}]},{\"@type\":\"WebSite\",\"@id\":\"https:\\\/\\\/interamerica.org\\\/es\\\/#website\",\"url\":\"https:\\\/\\\/interamerica.org\\\/es\\\/\",\"name\":\"Iglesia Adventista del S\u00e9ptimo D\u00eda - Divisi\u00f3n Interamericana\",\"description\":\"\",\"potentialAction\":[{\"@type\":\"SearchAction\",\"target\":{\"@type\":\"EntryPoint\",\"urlTemplate\":\"https:\\\/\\\/interamerica.org\\\/es\\\/?s={search_term_string}\"},\"query-input\":{\"@type\":\"PropertyValueSpecification\",\"valueRequired\":true,\"valueName\":\"search_term_string\"}}],\"inLanguage\":\"es\"},{\"@type\":\"Person\",\"@id\":\"https:\\\/\\\/interamerica.org\\\/es\\\/#\\\/schema\\\/person\\\/29998f2bc2d8bd0d38662909289b54f1\",\"name\":\"libna\",\"image\":{\"@type\":\"ImageObject\",\"inLanguage\":\"es\",\"@id\":\"https:\\\/\\\/secure.gravatar.com\\\/avatar\\\/7c5bd30ae4b47a9ba3c856590957fd1d96dc588bf3ac05719d247e126840331f?s=96&d=mm&r=g\",\"url\":\"https:\\\/\\\/secure.gravatar.com\\\/avatar\\\/7c5bd30ae4b47a9ba3c856590957fd1d96dc588bf3ac05719d247e126840331f?s=96&d=mm&r=g\",\"contentUrl\":\"https:\\\/\\\/secure.gravatar.com\\\/avatar\\\/7c5bd30ae4b47a9ba3c856590957fd1d96dc588bf3ac05719d247e126840331f?s=96&d=mm&r=g\",\"caption\":\"libna\"}}]}<\/script>\n<!-- \/ Yoast SEO plugin. -->","yoast_head_json":{"title":"L\u00edderes de la Divisi\u00f3n Interamericana contin\u00faan la b\u00fasqueda del pr\u00f3ximo rector de la Universidad de Montemorelos - Iglesia Adventista del S\u00e9ptimo D\u00eda - Divisi\u00f3n Interamericana","robots":{"index":"index","follow":"follow","max-snippet":"max-snippet:-1","max-image-preview":"max-image-preview:large","max-video-preview":"max-video-preview:-1"},"canonical":"https:\/\/interamerica.org\/es\/2026\/03\/lideres-de-la-division-interamericana-continuan-la-busqueda-del-proximo-rector-de-la-universidad-de-montemorelos\/","og_locale":"es_ES","og_type":"article","og_title":"L\u00edderes de la Divisi\u00f3n Interamericana contin\u00faan la b\u00fasqueda del pr\u00f3ximo rector de la Universidad de Montemorelos - Iglesia Adventista del S\u00e9ptimo D\u00eda - Divisi\u00f3n Interamericana","og_description":"Se espera la nominaci\u00f3n durante las sesiones de la Junta Directiva de la Divisi\u00f3n en mayo. 10 de marzo de 2026 | Miami, Florida, Estados Unidos | Libna Stevens, Noticias...","og_url":"https:\/\/interamerica.org\/es\/2026\/03\/lideres-de-la-division-interamericana-continuan-la-busqueda-del-proximo-rector-de-la-universidad-de-montemorelos\/","og_site_name":"Iglesia Adventista del S\u00e9ptimo D\u00eda - Divisi\u00f3n Interamericana","article_published_time":"2026-03-11T01:11:25+00:00","article_modified_time":"2026-03-16T01:38:29+00:00","og_image":[{"width":1280,"height":800,"url":"https:\/\/interamerica.org\/wp-content\/uploads\/2021\/11\/iad-yem21-7-iad-entrance.jpg","type":"image\/jpeg"}],"author":"libna","twitter_card":"summary_large_image","twitter_misc":{"Escrito por":"libna","Tiempo de lectura":"3 minutos"},"schema":{"@context":"https:\/\/schema.org","@graph":[{"@type":"Article","@id":"https:\/\/interamerica.org\/es\/2026\/03\/lideres-de-la-division-interamericana-continuan-la-busqueda-del-proximo-rector-de-la-universidad-de-montemorelos\/#article","isPartOf":{"@id":"https:\/\/interamerica.org\/es\/2026\/03\/lideres-de-la-division-interamericana-continuan-la-busqueda-del-proximo-rector-de-la-universidad-de-montemorelos\/"},"author":{"name":"libna","@id":"https:\/\/interamerica.org\/es\/#\/schema\/person\/29998f2bc2d8bd0d38662909289b54f1"},"headline":"L\u00edderes de la Divisi\u00f3n Interamericana contin\u00faan la b\u00fasqueda del pr\u00f3ximo rector de la Universidad de Montemorelos","datePublished":"2026-03-11T01:11:25+00:00","dateModified":"2026-03-16T01:38:29+00:00","mainEntityOfPage":{"@id":"https:\/\/interamerica.org\/es\/2026\/03\/lideres-de-la-division-interamericana-continuan-la-busqueda-del-proximo-rector-de-la-universidad-de-montemorelos\/"},"wordCount":592,"image":{"@id":"https:\/\/interamerica.org\/es\/2026\/03\/lideres-de-la-division-interamericana-continuan-la-busqueda-del-proximo-rector-de-la-universidad-de-montemorelos\/#primaryimage"},"thumbnailUrl":"https:\/\/interamerica.org\/wp-content\/uploads\/2021\/11\/iad-yem21-7-iad-entrance.jpg","articleSection":["Desde la sede","RSS Espa\u00f1ol"],"inLanguage":"es"},{"@type":"WebPage","@id":"https:\/\/interamerica.org\/es\/2026\/03\/lideres-de-la-division-interamericana-continuan-la-busqueda-del-proximo-rector-de-la-universidad-de-montemorelos\/","url":"https:\/\/interamerica.org\/es\/2026\/03\/lideres-de-la-division-interamericana-continuan-la-busqueda-del-proximo-rector-de-la-universidad-de-montemorelos\/","name":"L\u00edderes de la Divisi\u00f3n Interamericana contin\u00faan la b\u00fasqueda del pr\u00f3ximo rector de la Universidad de Montemorelos - Iglesia Adventista del S\u00e9ptimo D\u00eda - Divisi\u00f3n Interamericana","isPartOf":{"@id":"https:\/\/interamerica.org\/es\/#website"},"primaryImageOfPage":{"@id":"https:\/\/interamerica.org\/es\/2026\/03\/lideres-de-la-division-interamericana-continuan-la-busqueda-del-proximo-rector-de-la-universidad-de-montemorelos\/#primaryimage"},"image":{"@id":"https:\/\/interamerica.org\/es\/2026\/03\/lideres-de-la-division-interamericana-continuan-la-busqueda-del-proximo-rector-de-la-universidad-de-montemorelos\/#primaryimage"},"thumbnailUrl":"https:\/\/interamerica.org\/wp-content\/uploads\/2021\/11\/iad-yem21-7-iad-entrance.jpg","datePublished":"2026-03-11T01:11:25+00:00","dateModified":"2026-03-16T01:38:29+00:00","author":{"@id":"https:\/\/interamerica.org\/es\/#\/schema\/person\/29998f2bc2d8bd0d38662909289b54f1"},"breadcrumb":{"@id":"https:\/\/interamerica.org\/es\/2026\/03\/lideres-de-la-division-interamericana-continuan-la-busqueda-del-proximo-rector-de-la-universidad-de-montemorelos\/#breadcrumb"},"inLanguage":"es","potentialAction":[{"@type":"ReadAction","target":["https:\/\/interamerica.org\/es\/2026\/03\/lideres-de-la-division-interamericana-continuan-la-busqueda-del-proximo-rector-de-la-universidad-de-montemorelos\/"]}]},{"@type":"ImageObject","inLanguage":"es","@id":"https:\/\/interamerica.org\/es\/2026\/03\/lideres-de-la-division-interamericana-continuan-la-busqueda-del-proximo-rector-de-la-universidad-de-montemorelos\/#primaryimage","url":"https:\/\/interamerica.org\/wp-content\/uploads\/2021\/11\/iad-yem21-7-iad-entrance.jpg","contentUrl":"https:\/\/interamerica.org\/wp-content\/uploads\/2021\/11\/iad-yem21-7-iad-entrance.jpg","width":1280,"height":800,"caption":"[Fotograf\u00eda: Keila Verduzco\/DIA]"},{"@type":"BreadcrumbList","@id":"https:\/\/interamerica.org\/es\/2026\/03\/lideres-de-la-division-interamericana-continuan-la-busqueda-del-proximo-rector-de-la-universidad-de-montemorelos\/#breadcrumb","itemListElement":[{"@type":"ListItem","position":1,"name":"Home","item":"https:\/\/interamerica.org\/es\/"},{"@type":"ListItem","position":2,"name":"L\u00edderes de la Divisi\u00f3n Interamericana contin\u00faan la b\u00fasqueda del pr\u00f3ximo rector de la Universidad de Montemorelos"}]},{"@type":"WebSite","@id":"https:\/\/interamerica.org\/es\/#website","url":"https:\/\/interamerica.org\/es\/","name":"Iglesia Adventista del S\u00e9ptimo D\u00eda - Divisi\u00f3n Interamericana","description":"","potentialAction":[{"@type":"SearchAction","target":{"@type":"EntryPoint","urlTemplate":"https:\/\/interamerica.org\/es\/?s={search_term_string}"},"query-input":{"@type":"PropertyValueSpecification","valueRequired":true,"valueName":"search_term_string"}}],"inLanguage":"es"},{"@type":"Person","@id":"https:\/\/interamerica.org\/es\/#\/schema\/person\/29998f2bc2d8bd0d38662909289b54f1","name":"libna","image":{"@type":"ImageObject","inLanguage":"es","@id":"https:\/\/secure.gravatar.com\/avatar\/7c5bd30ae4b47a9ba3c856590957fd1d96dc588bf3ac05719d247e126840331f?s=96&d=mm&r=g","url":"https:\/\/secure.gravatar.com\/avatar\/7c5bd30ae4b47a9ba3c856590957fd1d96dc588bf3ac05719d247e126840331f?s=96&d=mm&r=g","contentUrl":"https:\/\/secure.gravatar.com\/avatar\/7c5bd30ae4b47a9ba3c856590957fd1d96dc588bf3ac05719d247e126840331f?s=96&d=mm&r=g","caption":"libna"}}]}},"_links":{"self":[{"href":"https:\/\/interamerica.org\/es\/wp-json\/wp\/v2\/posts\/140334","targetHints":{"allow":["GET"]}}],"collection":[{"href":"https:\/\/interamerica.org\/es\/wp-json\/wp\/v2\/posts"}],"about":[{"href":"https:\/\/interamerica.org\/es\/wp-json\/wp\/v2\/types\/post"}],"author":[{"embeddable":true,"href":"https:\/\/interamerica.org\/es\/wp-json\/wp\/v2\/users\/3"}],"replies":[{"embeddable":true,"href":"https:\/\/interamerica.org\/es\/wp-json\/wp\/v2\/comments?post=140334"}],"version-history":[{"count":5,"href":"https:\/\/interamerica.org\/es\/wp-json\/wp\/v2\/posts\/140334\/revisions"}],"predecessor-version":[{"id":140482,"href":"https:\/\/interamerica.org\/es\/wp-json\/wp\/v2\/posts\/140334\/revisions\/140482"}],"wp:featuredmedia":[{"embeddable":true,"href":"https:\/\/interamerica.org\/es\/wp-json\/wp\/v2\/media\/78359"}],"wp:attachment":[{"href":"https:\/\/interamerica.org\/es\/wp-json\/wp\/v2\/media?parent=140334"}],"wp:term":[{"taxonomy":"category","embeddable":true,"href":"https:\/\/interamerica.org\/es\/wp-json\/wp\/v2\/categories?post=140334"},{"taxonomy":"post_tag","embeddable":true,"href":"https:\/\/interamerica.org\/es\/wp-json\/wp\/v2\/tags?post=140334"}],"curies":[{"name":"wp","href":"https:\/\/api.w.org\/{rel}","templated":true}]}}