{"id":140373,"date":"2026-03-12T11:49:00","date_gmt":"2026-03-12T15:49:00","guid":{"rendered":"https:\/\/interamerica.org\/?p=140373"},"modified":"2026-03-12T14:17:36","modified_gmt":"2026-03-12T18:17:36","slug":"jovenes-adventistas-de-toda-interamerica-serviran-a-la-comunidad-y-compartiran-esperanza-en-el-dia-mundial-de-la-juventud","status":"publish","type":"post","link":"https:\/\/interamerica.org\/es\/2026\/03\/jovenes-adventistas-de-toda-interamerica-serviran-a-la-comunidad-y-compartiran-esperanza-en-el-dia-mundial-de-la-juventud\/","title":{"rendered":"J\u00f3venes adventistas de toda Interam\u00e9rica servir\u00e1n a la comunidad y compartir\u00e1n esperanza en el D\u00eda Mundial de la Juventud"},"content":{"rendered":"<p>&nbsp;<\/p>\n<img fetchpriority=\"high\" decoding=\"async\" class=\"aligncenter wp-image-140381\" src=\"https:\/\/interamerica.org\/wp-content\/uploads\/2026\/03\/gyd26-span-1-1024x379.jpg\" alt=\"\" width=\"1208\" height=\"447\" srcset=\"https:\/\/interamerica.org\/wp-content\/uploads\/2026\/03\/gyd26-span-1-1024x379.jpg 1024w, https:\/\/interamerica.org\/wp-content\/uploads\/2026\/03\/gyd26-span-1-300x111.jpg 300w, https:\/\/interamerica.org\/wp-content\/uploads\/2026\/03\/gyd26-span-1-768x284.jpg 768w, https:\/\/interamerica.org\/wp-content\/uploads\/2026\/03\/gyd26-span-1.jpg 1501w\" sizes=\"(max-width: 1208px) 100vw, 1208px\" \/>\n<p><em>Se espera que miles participen en actividades de alcance comunitaria y distribuci\u00f3n de libros el 21 de marzo.<\/em><\/p>\n<p>11 de marzo de 2026 | Miami, Florida, Estados Unidos | Libna Stevens, Noticias de la Divisi\u00f3n Interamericana<\/p>\n<p>Miles de j\u00f3venes de toda la Divisi\u00f3n Interamericana se est\u00e1n preparando para servir a sus comunidades durante el D\u00eda Mundial de la Juventud, una iniciativa mundial que anima a los j\u00f3venes adventistas a demostrar el amor de Cristo por medio de actos de servicio.<\/p>\n<p>El lema de 2026, \u201cComuni\u00f3n en Acci\u00f3n\u201d, est\u00e1 inspirado en Hechos 4:31, donde los primeros creyentes oraron juntos, fueron llenos del Esp\u00edritu Santo y compartieron con valor el mensaje de Dios. El tema enfatiza el poder de la oraci\u00f3n y la acci\u00f3n colectivas mientras los j\u00f3venes se unen para servir a los dem\u00e1s y compartir esperanza en sus comunidades.<\/p>\n<p>\u201cEste mes de marzo, millones de j\u00f3venes adventistas de todo el mundo est\u00e1n haciendo algo extraordinario\u201d, dijo Daniel Torreblanca, director de ministerio juvenil de la Divisi\u00f3n Interamericana. \u201cNo solo est\u00e1n dentro de la iglesia, sino que est\u00e1n en las calles, hospitales, parques y comunidades sirviendo a otras personas\u201d.<\/p>\n<p><strong>Un llamado a realizar actos de bondad<\/strong><\/p>\n<p>El D\u00eda Mundial de la Juventud llama a los j\u00f3venes a que salgan m\u00e1s all\u00e1 de las paredes de la iglesia y se involucren directamente con sus comunidades mediante actos pr\u00e1cticos de bondad.<\/p>\n<p>\u201cEl D\u00eda Mundial de la Juventud es un d\u00eda en el que los j\u00f3venes muestran espec\u00edficamente el amor de Jes\u00fas por medio de actos de bondad\u201d, dijo Torreblanca.<\/p>\n<img decoding=\"async\" class=\"aligncenter wp-image-140375\" src=\"https:\/\/interamerica.org\/wp-content\/uploads\/2026\/03\/post-gyd26-span-819x1024.png\" alt=\"\" width=\"723\" height=\"904\" srcset=\"https:\/\/interamerica.org\/wp-content\/uploads\/2026\/03\/post-gyd26-span-819x1024.png 819w, https:\/\/interamerica.org\/wp-content\/uploads\/2026\/03\/post-gyd26-span-240x300.png 240w, https:\/\/interamerica.org\/wp-content\/uploads\/2026\/03\/post-gyd26-span-768x960.png 768w, https:\/\/interamerica.org\/wp-content\/uploads\/2026\/03\/post-gyd26-span-1229x1536.png 1229w, https:\/\/interamerica.org\/wp-content\/uploads\/2026\/03\/post-gyd26-span-1638x2048.png 1638w, https:\/\/interamerica.org\/wp-content\/uploads\/2026\/03\/post-gyd26-span.png 2000w\" sizes=\"(max-width: 723px) 100vw, 723px\" \/>\n<p>&nbsp;<\/p>\n<p>A lo largo del d\u00eda, grupos juveniles de todo el territorio participar\u00e1n en diversas actividades comunitarias, lo que incluye donar sangre, visitar hospitales, limpiar espacios p\u00fablicos, repartir alimentos y orar con personas que necesiten aliento.<\/p>\n<p>\u201cPara algunos, esos actos pueden parecer peque\u00f1os, pero para alguien necesitado pueden significarlo todo. Un abrazo o una sonrisa puede cambiar la vida de una persona\u201d, expres\u00f3.<\/p>\n<p>Torreblanca afirm\u00f3 que la iniciativa recuerda a los j\u00f3venes creyentes que la fe cristiana tiene que ser vivida por medio de la acci\u00f3n.<\/p>\n<p>\u201cLa fe no es solo algo que o\u00edmos: es algo que vivimos\u201d, dijo, haciendo referencia a Lucas 10:37. \u201cEntonces Jes\u00fas le dijo: \u2018Ve y haz t\u00fa lo mismo\u2019\u201d.<\/p>\n<p>Desafi\u00f3 a los j\u00f3venes de toda la divisi\u00f3n a aceptar el llamado al servicio.<\/p>\n<p>\u201cEste 21 de marzo, no se limiten a escuchar un serm\u00f3n: sean el serm\u00f3n\u201d, dijo Torreblanca. \u201cJes\u00fas los llama a ser sus manos, sus pies y su voz\u201d.<\/p>\n<p><iframe title=\"D\u00eda Mundial de la Juventud Adventista | S\u00e9 el Serm\u00f3n: Vive tu Fe en Acci\u00f3n\" width=\"500\" height=\"281\" src=\"https:\/\/www.youtube.com\/embed\/LxouUhjj90Q?feature=oembed\" frameborder=\"0\" allow=\"accelerometer; autoplay; clipboard-write; encrypted-media; gyroscope; picture-in-picture; web-share\" referrerpolicy=\"strict-origin-when-cross-origin\" allowfullscreen><\/iframe><\/p>\n<p><strong>Compartir esperanza por medio de las publicaciones<\/strong><\/p>\n<p>Junto a las iniciativas de servicio, las iglesias de todo el territorio tambi\u00e9n participar\u00e1n en la distribuci\u00f3n anual de libros misioneros coordinada por el departamento de ministerios de publicaciones de la divisi\u00f3n.<\/p>\n<p>Seg\u00fan Isa\u00edas Espinoza, director de ministerios de publicaciones de la Divisi\u00f3n Interamericana, la distribuci\u00f3n masiva del libro misionero tendr\u00e1 lugar el mismo d\u00eda que el D\u00eda Mundial de la Juventud.<\/p>\n<p>\u201cEl libro misionero se distribuir\u00e1 junto con el D\u00eda Mundial de la Juventud, dando a todos la oportunidad de compartir el mensaje de esperanza\u201d, dijo Espinoza.<\/p>\n<p>Este a\u00f1o, iglesias de toda la divisi\u00f3n distribuir\u00e1n el libro Palabras de esperanza de Elena G. White, cofundadora de la Iglesia Adventista, para as\u00ed llegar a comunidades de todo el territorio.<\/p>\n<p>\u201cNi\u00f1os, j\u00f3venes, adultos y personas mayores participar\u00e1n en la tarea de compartir el libro Palabras de esperanza\u201d, dijo Espinoza. \u201cEn toda la Divisi\u00f3n Interamericana esperamos distribuir unos cinco millones de ejemplares\u201d.<\/p>\n<p>Espinoza anim\u00f3 a los miembros de iglesia a que compartan los libros de forma reflexiva y deliberada.<\/p>\n<p>\u201cLa mejor manera de compartir el libro no es simplemente regalarlo, sino hacerlo con intenci\u00f3n\u201d, expres\u00f3. \u201cCuando compartan el libro, inicien una conversaci\u00f3n y aprendan sobre las necesidades de la persona, para que el mensaje del libro pueda reflejar su situaci\u00f3n\u201d.<\/p>\n<p>A\u00f1adi\u00f3 que las publicaciones pueden servir como una herramienta poderosa para compartir el evangelio, incluso para quienes puedan sentirse reticentes a predicar o dar estudios b\u00edblicos.<\/p>\n<p>\u201cPuede que no sepas predicar ni dar estudios b\u00edblicos, pero el libro puede hablar por ti\u201d, dijo Espinoza. \u201cComparte un libro porque el libro porta el mensaje\u201d.<\/p>\n<p><iframe title=\"Palabras de Esperanza: C\u00f3mo Llevar Esperanza en Tiempos de Crisis | 21 de Marzo\" width=\"500\" height=\"281\" src=\"https:\/\/www.youtube.com\/embed\/C3b4IcaLTYw?feature=oembed\" frameborder=\"0\" allow=\"accelerometer; autoplay; clipboard-write; encrypted-media; gyroscope; picture-in-picture; web-share\" referrerpolicy=\"strict-origin-when-cross-origin\" allowfullscreen><\/iframe><\/p>\n<p><strong>Oportunidad de compartir la compasi\u00f3n<\/strong><\/p>\n<p>Los l\u00edderes de la Divisi\u00f3n Interamericana afirman que las iniciativas combinadas de servicio y distribuci\u00f3n de libros ofrecen una oportunidad para que miembros de la iglesia de todas las edades compartan activamente la esperanza y demuestren el amor de Cristo en sus comunidades.<\/p>\n<p>Por medio de actos de bondad, oraci\u00f3n y conversaciones significativas, se espera que los j\u00f3venes de todo el territorio ayuden a crear un efecto domin\u00f3 de compasi\u00f3n y fe que refleje el esp\u00edritu de la iglesia primitiva, dijo Torreblanca.<\/p>\n<p>Lanzado en 2013, el D\u00eda Mundial de la Juventud tiene como visi\u00f3n reafirmar a la juventud adventista como un movimiento global movilizado para el servicio, lo que contribuye a la proclamaci\u00f3n del evangelio eterno y prepara al mundo para la segunda venida de Jesucristo.<\/p>\n<p>Para saber m\u00e1s sobre el D\u00eda Mundial de la Juventud de este a\u00f1o y los Recursos de Oraci\u00f3n de la Semana de la Juventud en ingl\u00e9s, espa\u00f1ol y franc\u00e9s, ingrese <a href=\"https:\/\/interamerica.org\/es\/event\/gyd2026\/\">AQU\u00cd<\/a><\/p>\n<p>P\u00e1gina web del D\u00eda Mundial de la Juventud, ingrese <a href=\"https:\/\/www.gcyouthministries.org\/events-and-projects\/global-youth-day-gyd\/\">AQU\u00cd<\/a><\/p>\n<p>Use Etiqueta: #GYD2026<\/p>\n<p>&nbsp;<\/p>\n<p>Traducci\u00f3n de Marcos Paseggi<\/p>\n","protected":false},"excerpt":{"rendered":"<p>&nbsp; Se espera que miles participen en actividades de alcance comunitaria y distribuci\u00f3n de libros el 21 de marzo. 11 de marzo de 2026 | Miami, Florida, Estados Unidos |&#8230;<\/p>\n","protected":false},"author":3,"featured_media":140379,"comment_status":"closed","ping_status":"closed","sticky":false,"template":"","format":"standard","meta":{"_acf_changed":false,"footnotes":""},"categories":[16,15],"tags":[],"class_list":["post-140373","post","type-post","status-publish","format-standard","has-post-thumbnail","hentry","category-desde-la-sede","category-rss-espanol"],"acf":[],"yoast_head":"<!-- This site is optimized with the Yoast SEO plugin v27.3 - https:\/\/yoast.com\/product\/yoast-seo-wordpress\/ -->\n<title>J\u00f3venes adventistas de toda Interam\u00e9rica servir\u00e1n a la comunidad y compartir\u00e1n esperanza en el D\u00eda Mundial de la Juventud - Iglesia Adventista del S\u00e9ptimo D\u00eda - Divisi\u00f3n Interamericana<\/title>\n<meta name=\"robots\" content=\"index, follow, max-snippet:-1, max-image-preview:large, max-video-preview:-1\" \/>\n<link rel=\"canonical\" href=\"https:\/\/interamerica.org\/es\/2026\/03\/jovenes-adventistas-de-toda-interamerica-serviran-a-la-comunidad-y-compartiran-esperanza-en-el-dia-mundial-de-la-juventud\/\" \/>\n<meta property=\"og:locale\" content=\"es_ES\" \/>\n<meta property=\"og:type\" content=\"article\" \/>\n<meta property=\"og:title\" content=\"J\u00f3venes adventistas de toda Interam\u00e9rica servir\u00e1n a la comunidad y compartir\u00e1n esperanza en el D\u00eda Mundial de la Juventud - Iglesia Adventista del S\u00e9ptimo D\u00eda - Divisi\u00f3n Interamericana\" \/>\n<meta property=\"og:description\" content=\"&nbsp; Se espera que miles participen en actividades de alcance comunitaria y distribuci\u00f3n de libros el 21 de marzo. 11 de marzo de 2026 | Miami, Florida, Estados Unidos |...\" \/>\n<meta property=\"og:url\" content=\"https:\/\/interamerica.org\/es\/2026\/03\/jovenes-adventistas-de-toda-interamerica-serviran-a-la-comunidad-y-compartiran-esperanza-en-el-dia-mundial-de-la-juventud\/\" \/>\n<meta property=\"og:site_name\" content=\"Iglesia Adventista del S\u00e9ptimo D\u00eda - Divisi\u00f3n Interamericana\" \/>\n<meta property=\"article:published_time\" content=\"2026-03-12T15:49:00+00:00\" \/>\n<meta property=\"article:modified_time\" content=\"2026-03-12T18:17:36+00:00\" \/>\n<meta property=\"og:image\" content=\"https:\/\/interamerica.org\/wp-content\/uploads\/2026\/03\/gyd26-span1280-1.jpg\" \/>\n\t<meta property=\"og:image:width\" content=\"1280\" \/>\n\t<meta property=\"og:image:height\" content=\"800\" \/>\n\t<meta property=\"og:image:type\" content=\"image\/jpeg\" \/>\n<meta name=\"author\" content=\"libna\" \/>\n<meta name=\"twitter:card\" content=\"summary_large_image\" \/>\n<meta name=\"twitter:label1\" content=\"Escrito por\" \/>\n\t<meta name=\"twitter:data1\" content=\"libna\" \/>\n\t<meta name=\"twitter:label2\" content=\"Tiempo de lectura\" \/>\n\t<meta name=\"twitter:data2\" content=\"5 minutos\" \/>\n<script type=\"application\/ld+json\" class=\"yoast-schema-graph\">{\"@context\":\"https:\\\/\\\/schema.org\",\"@graph\":[{\"@type\":\"Article\",\"@id\":\"https:\\\/\\\/interamerica.org\\\/es\\\/2026\\\/03\\\/jovenes-adventistas-de-toda-interamerica-serviran-a-la-comunidad-y-compartiran-esperanza-en-el-dia-mundial-de-la-juventud\\\/#article\",\"isPartOf\":{\"@id\":\"https:\\\/\\\/interamerica.org\\\/es\\\/2026\\\/03\\\/jovenes-adventistas-de-toda-interamerica-serviran-a-la-comunidad-y-compartiran-esperanza-en-el-dia-mundial-de-la-juventud\\\/\"},\"author\":{\"name\":\"libna\",\"@id\":\"https:\\\/\\\/interamerica.org\\\/es\\\/#\\\/schema\\\/person\\\/29998f2bc2d8bd0d38662909289b54f1\"},\"headline\":\"J\u00f3venes adventistas de toda Interam\u00e9rica servir\u00e1n a la comunidad y compartir\u00e1n esperanza en el D\u00eda Mundial de la Juventud\",\"datePublished\":\"2026-03-12T15:49:00+00:00\",\"dateModified\":\"2026-03-12T18:17:36+00:00\",\"mainEntityOfPage\":{\"@id\":\"https:\\\/\\\/interamerica.org\\\/es\\\/2026\\\/03\\\/jovenes-adventistas-de-toda-interamerica-serviran-a-la-comunidad-y-compartiran-esperanza-en-el-dia-mundial-de-la-juventud\\\/\"},\"wordCount\":987,\"image\":{\"@id\":\"https:\\\/\\\/interamerica.org\\\/es\\\/2026\\\/03\\\/jovenes-adventistas-de-toda-interamerica-serviran-a-la-comunidad-y-compartiran-esperanza-en-el-dia-mundial-de-la-juventud\\\/#primaryimage\"},\"thumbnailUrl\":\"https:\\\/\\\/interamerica.org\\\/wp-content\\\/uploads\\\/2026\\\/03\\\/gyd26-span1280-1.jpg\",\"articleSection\":[\"Desde la sede\",\"RSS Espa\u00f1ol\"],\"inLanguage\":\"es\"},{\"@type\":\"WebPage\",\"@id\":\"https:\\\/\\\/interamerica.org\\\/es\\\/2026\\\/03\\\/jovenes-adventistas-de-toda-interamerica-serviran-a-la-comunidad-y-compartiran-esperanza-en-el-dia-mundial-de-la-juventud\\\/\",\"url\":\"https:\\\/\\\/interamerica.org\\\/es\\\/2026\\\/03\\\/jovenes-adventistas-de-toda-interamerica-serviran-a-la-comunidad-y-compartiran-esperanza-en-el-dia-mundial-de-la-juventud\\\/\",\"name\":\"J\u00f3venes adventistas de toda Interam\u00e9rica servir\u00e1n a la comunidad y compartir\u00e1n esperanza en el D\u00eda Mundial de la Juventud - Iglesia Adventista del S\u00e9ptimo D\u00eda - Divisi\u00f3n Interamericana\",\"isPartOf\":{\"@id\":\"https:\\\/\\\/interamerica.org\\\/es\\\/#website\"},\"primaryImageOfPage\":{\"@id\":\"https:\\\/\\\/interamerica.org\\\/es\\\/2026\\\/03\\\/jovenes-adventistas-de-toda-interamerica-serviran-a-la-comunidad-y-compartiran-esperanza-en-el-dia-mundial-de-la-juventud\\\/#primaryimage\"},\"image\":{\"@id\":\"https:\\\/\\\/interamerica.org\\\/es\\\/2026\\\/03\\\/jovenes-adventistas-de-toda-interamerica-serviran-a-la-comunidad-y-compartiran-esperanza-en-el-dia-mundial-de-la-juventud\\\/#primaryimage\"},\"thumbnailUrl\":\"https:\\\/\\\/interamerica.org\\\/wp-content\\\/uploads\\\/2026\\\/03\\\/gyd26-span1280-1.jpg\",\"datePublished\":\"2026-03-12T15:49:00+00:00\",\"dateModified\":\"2026-03-12T18:17:36+00:00\",\"author\":{\"@id\":\"https:\\\/\\\/interamerica.org\\\/es\\\/#\\\/schema\\\/person\\\/29998f2bc2d8bd0d38662909289b54f1\"},\"breadcrumb\":{\"@id\":\"https:\\\/\\\/interamerica.org\\\/es\\\/2026\\\/03\\\/jovenes-adventistas-de-toda-interamerica-serviran-a-la-comunidad-y-compartiran-esperanza-en-el-dia-mundial-de-la-juventud\\\/#breadcrumb\"},\"inLanguage\":\"es\",\"potentialAction\":[{\"@type\":\"ReadAction\",\"target\":[\"https:\\\/\\\/interamerica.org\\\/es\\\/2026\\\/03\\\/jovenes-adventistas-de-toda-interamerica-serviran-a-la-comunidad-y-compartiran-esperanza-en-el-dia-mundial-de-la-juventud\\\/\"]}]},{\"@type\":\"ImageObject\",\"inLanguage\":\"es\",\"@id\":\"https:\\\/\\\/interamerica.org\\\/es\\\/2026\\\/03\\\/jovenes-adventistas-de-toda-interamerica-serviran-a-la-comunidad-y-compartiran-esperanza-en-el-dia-mundial-de-la-juventud\\\/#primaryimage\",\"url\":\"https:\\\/\\\/interamerica.org\\\/wp-content\\\/uploads\\\/2026\\\/03\\\/gyd26-span1280-1.jpg\",\"contentUrl\":\"https:\\\/\\\/interamerica.org\\\/wp-content\\\/uploads\\\/2026\\\/03\\\/gyd26-span1280-1.jpg\",\"width\":1280,\"height\":800},{\"@type\":\"BreadcrumbList\",\"@id\":\"https:\\\/\\\/interamerica.org\\\/es\\\/2026\\\/03\\\/jovenes-adventistas-de-toda-interamerica-serviran-a-la-comunidad-y-compartiran-esperanza-en-el-dia-mundial-de-la-juventud\\\/#breadcrumb\",\"itemListElement\":[{\"@type\":\"ListItem\",\"position\":1,\"name\":\"Home\",\"item\":\"https:\\\/\\\/interamerica.org\\\/es\\\/\"},{\"@type\":\"ListItem\",\"position\":2,\"name\":\"J\u00f3venes adventistas de toda Interam\u00e9rica servir\u00e1n a la comunidad y compartir\u00e1n esperanza en el D\u00eda Mundial de la Juventud\"}]},{\"@type\":\"WebSite\",\"@id\":\"https:\\\/\\\/interamerica.org\\\/es\\\/#website\",\"url\":\"https:\\\/\\\/interamerica.org\\\/es\\\/\",\"name\":\"Iglesia Adventista del S\u00e9ptimo D\u00eda - Divisi\u00f3n Interamericana\",\"description\":\"\",\"potentialAction\":[{\"@type\":\"SearchAction\",\"target\":{\"@type\":\"EntryPoint\",\"urlTemplate\":\"https:\\\/\\\/interamerica.org\\\/es\\\/?s={search_term_string}\"},\"query-input\":{\"@type\":\"PropertyValueSpecification\",\"valueRequired\":true,\"valueName\":\"search_term_string\"}}],\"inLanguage\":\"es\"},{\"@type\":\"Person\",\"@id\":\"https:\\\/\\\/interamerica.org\\\/es\\\/#\\\/schema\\\/person\\\/29998f2bc2d8bd0d38662909289b54f1\",\"name\":\"libna\",\"image\":{\"@type\":\"ImageObject\",\"inLanguage\":\"es\",\"@id\":\"https:\\\/\\\/secure.gravatar.com\\\/avatar\\\/7c5bd30ae4b47a9ba3c856590957fd1d96dc588bf3ac05719d247e126840331f?s=96&d=mm&r=g\",\"url\":\"https:\\\/\\\/secure.gravatar.com\\\/avatar\\\/7c5bd30ae4b47a9ba3c856590957fd1d96dc588bf3ac05719d247e126840331f?s=96&d=mm&r=g\",\"contentUrl\":\"https:\\\/\\\/secure.gravatar.com\\\/avatar\\\/7c5bd30ae4b47a9ba3c856590957fd1d96dc588bf3ac05719d247e126840331f?s=96&d=mm&r=g\",\"caption\":\"libna\"}}]}<\/script>\n<!-- \/ Yoast SEO plugin. -->","yoast_head_json":{"title":"J\u00f3venes adventistas de toda Interam\u00e9rica servir\u00e1n a la comunidad y compartir\u00e1n esperanza en el D\u00eda Mundial de la Juventud - Iglesia Adventista del S\u00e9ptimo D\u00eda - Divisi\u00f3n Interamericana","robots":{"index":"index","follow":"follow","max-snippet":"max-snippet:-1","max-image-preview":"max-image-preview:large","max-video-preview":"max-video-preview:-1"},"canonical":"https:\/\/interamerica.org\/es\/2026\/03\/jovenes-adventistas-de-toda-interamerica-serviran-a-la-comunidad-y-compartiran-esperanza-en-el-dia-mundial-de-la-juventud\/","og_locale":"es_ES","og_type":"article","og_title":"J\u00f3venes adventistas de toda Interam\u00e9rica servir\u00e1n a la comunidad y compartir\u00e1n esperanza en el D\u00eda Mundial de la Juventud - Iglesia Adventista del S\u00e9ptimo D\u00eda - Divisi\u00f3n Interamericana","og_description":"&nbsp; Se espera que miles participen en actividades de alcance comunitaria y distribuci\u00f3n de libros el 21 de marzo. 11 de marzo de 2026 | Miami, Florida, Estados Unidos |...","og_url":"https:\/\/interamerica.org\/es\/2026\/03\/jovenes-adventistas-de-toda-interamerica-serviran-a-la-comunidad-y-compartiran-esperanza-en-el-dia-mundial-de-la-juventud\/","og_site_name":"Iglesia Adventista del S\u00e9ptimo D\u00eda - Divisi\u00f3n Interamericana","article_published_time":"2026-03-12T15:49:00+00:00","article_modified_time":"2026-03-12T18:17:36+00:00","og_image":[{"width":1280,"height":800,"url":"https:\/\/interamerica.org\/wp-content\/uploads\/2026\/03\/gyd26-span1280-1.jpg","type":"image\/jpeg"}],"author":"libna","twitter_card":"summary_large_image","twitter_misc":{"Escrito por":"libna","Tiempo de lectura":"5 minutos"},"schema":{"@context":"https:\/\/schema.org","@graph":[{"@type":"Article","@id":"https:\/\/interamerica.org\/es\/2026\/03\/jovenes-adventistas-de-toda-interamerica-serviran-a-la-comunidad-y-compartiran-esperanza-en-el-dia-mundial-de-la-juventud\/#article","isPartOf":{"@id":"https:\/\/interamerica.org\/es\/2026\/03\/jovenes-adventistas-de-toda-interamerica-serviran-a-la-comunidad-y-compartiran-esperanza-en-el-dia-mundial-de-la-juventud\/"},"author":{"name":"libna","@id":"https:\/\/interamerica.org\/es\/#\/schema\/person\/29998f2bc2d8bd0d38662909289b54f1"},"headline":"J\u00f3venes adventistas de toda Interam\u00e9rica servir\u00e1n a la comunidad y compartir\u00e1n esperanza en el D\u00eda Mundial de la Juventud","datePublished":"2026-03-12T15:49:00+00:00","dateModified":"2026-03-12T18:17:36+00:00","mainEntityOfPage":{"@id":"https:\/\/interamerica.org\/es\/2026\/03\/jovenes-adventistas-de-toda-interamerica-serviran-a-la-comunidad-y-compartiran-esperanza-en-el-dia-mundial-de-la-juventud\/"},"wordCount":987,"image":{"@id":"https:\/\/interamerica.org\/es\/2026\/03\/jovenes-adventistas-de-toda-interamerica-serviran-a-la-comunidad-y-compartiran-esperanza-en-el-dia-mundial-de-la-juventud\/#primaryimage"},"thumbnailUrl":"https:\/\/interamerica.org\/wp-content\/uploads\/2026\/03\/gyd26-span1280-1.jpg","articleSection":["Desde la sede","RSS Espa\u00f1ol"],"inLanguage":"es"},{"@type":"WebPage","@id":"https:\/\/interamerica.org\/es\/2026\/03\/jovenes-adventistas-de-toda-interamerica-serviran-a-la-comunidad-y-compartiran-esperanza-en-el-dia-mundial-de-la-juventud\/","url":"https:\/\/interamerica.org\/es\/2026\/03\/jovenes-adventistas-de-toda-interamerica-serviran-a-la-comunidad-y-compartiran-esperanza-en-el-dia-mundial-de-la-juventud\/","name":"J\u00f3venes adventistas de toda Interam\u00e9rica servir\u00e1n a la comunidad y compartir\u00e1n esperanza en el D\u00eda Mundial de la Juventud - Iglesia Adventista del S\u00e9ptimo D\u00eda - Divisi\u00f3n Interamericana","isPartOf":{"@id":"https:\/\/interamerica.org\/es\/#website"},"primaryImageOfPage":{"@id":"https:\/\/interamerica.org\/es\/2026\/03\/jovenes-adventistas-de-toda-interamerica-serviran-a-la-comunidad-y-compartiran-esperanza-en-el-dia-mundial-de-la-juventud\/#primaryimage"},"image":{"@id":"https:\/\/interamerica.org\/es\/2026\/03\/jovenes-adventistas-de-toda-interamerica-serviran-a-la-comunidad-y-compartiran-esperanza-en-el-dia-mundial-de-la-juventud\/#primaryimage"},"thumbnailUrl":"https:\/\/interamerica.org\/wp-content\/uploads\/2026\/03\/gyd26-span1280-1.jpg","datePublished":"2026-03-12T15:49:00+00:00","dateModified":"2026-03-12T18:17:36+00:00","author":{"@id":"https:\/\/interamerica.org\/es\/#\/schema\/person\/29998f2bc2d8bd0d38662909289b54f1"},"breadcrumb":{"@id":"https:\/\/interamerica.org\/es\/2026\/03\/jovenes-adventistas-de-toda-interamerica-serviran-a-la-comunidad-y-compartiran-esperanza-en-el-dia-mundial-de-la-juventud\/#breadcrumb"},"inLanguage":"es","potentialAction":[{"@type":"ReadAction","target":["https:\/\/interamerica.org\/es\/2026\/03\/jovenes-adventistas-de-toda-interamerica-serviran-a-la-comunidad-y-compartiran-esperanza-en-el-dia-mundial-de-la-juventud\/"]}]},{"@type":"ImageObject","inLanguage":"es","@id":"https:\/\/interamerica.org\/es\/2026\/03\/jovenes-adventistas-de-toda-interamerica-serviran-a-la-comunidad-y-compartiran-esperanza-en-el-dia-mundial-de-la-juventud\/#primaryimage","url":"https:\/\/interamerica.org\/wp-content\/uploads\/2026\/03\/gyd26-span1280-1.jpg","contentUrl":"https:\/\/interamerica.org\/wp-content\/uploads\/2026\/03\/gyd26-span1280-1.jpg","width":1280,"height":800},{"@type":"BreadcrumbList","@id":"https:\/\/interamerica.org\/es\/2026\/03\/jovenes-adventistas-de-toda-interamerica-serviran-a-la-comunidad-y-compartiran-esperanza-en-el-dia-mundial-de-la-juventud\/#breadcrumb","itemListElement":[{"@type":"ListItem","position":1,"name":"Home","item":"https:\/\/interamerica.org\/es\/"},{"@type":"ListItem","position":2,"name":"J\u00f3venes adventistas de toda Interam\u00e9rica servir\u00e1n a la comunidad y compartir\u00e1n esperanza en el D\u00eda Mundial de la Juventud"}]},{"@type":"WebSite","@id":"https:\/\/interamerica.org\/es\/#website","url":"https:\/\/interamerica.org\/es\/","name":"Iglesia Adventista del S\u00e9ptimo D\u00eda - Divisi\u00f3n Interamericana","description":"","potentialAction":[{"@type":"SearchAction","target":{"@type":"EntryPoint","urlTemplate":"https:\/\/interamerica.org\/es\/?s={search_term_string}"},"query-input":{"@type":"PropertyValueSpecification","valueRequired":true,"valueName":"search_term_string"}}],"inLanguage":"es"},{"@type":"Person","@id":"https:\/\/interamerica.org\/es\/#\/schema\/person\/29998f2bc2d8bd0d38662909289b54f1","name":"libna","image":{"@type":"ImageObject","inLanguage":"es","@id":"https:\/\/secure.gravatar.com\/avatar\/7c5bd30ae4b47a9ba3c856590957fd1d96dc588bf3ac05719d247e126840331f?s=96&d=mm&r=g","url":"https:\/\/secure.gravatar.com\/avatar\/7c5bd30ae4b47a9ba3c856590957fd1d96dc588bf3ac05719d247e126840331f?s=96&d=mm&r=g","contentUrl":"https:\/\/secure.gravatar.com\/avatar\/7c5bd30ae4b47a9ba3c856590957fd1d96dc588bf3ac05719d247e126840331f?s=96&d=mm&r=g","caption":"libna"}}]}},"_links":{"self":[{"href":"https:\/\/interamerica.org\/es\/wp-json\/wp\/v2\/posts\/140373","targetHints":{"allow":["GET"]}}],"collection":[{"href":"https:\/\/interamerica.org\/es\/wp-json\/wp\/v2\/posts"}],"about":[{"href":"https:\/\/interamerica.org\/es\/wp-json\/wp\/v2\/types\/post"}],"author":[{"embeddable":true,"href":"https:\/\/interamerica.org\/es\/wp-json\/wp\/v2\/users\/3"}],"replies":[{"embeddable":true,"href":"https:\/\/interamerica.org\/es\/wp-json\/wp\/v2\/comments?post=140373"}],"version-history":[{"count":5,"href":"https:\/\/interamerica.org\/es\/wp-json\/wp\/v2\/posts\/140373\/revisions"}],"predecessor-version":[{"id":140424,"href":"https:\/\/interamerica.org\/es\/wp-json\/wp\/v2\/posts\/140373\/revisions\/140424"}],"wp:featuredmedia":[{"embeddable":true,"href":"https:\/\/interamerica.org\/es\/wp-json\/wp\/v2\/media\/140379"}],"wp:attachment":[{"href":"https:\/\/interamerica.org\/es\/wp-json\/wp\/v2\/media?parent=140373"}],"wp:term":[{"taxonomy":"category","embeddable":true,"href":"https:\/\/interamerica.org\/es\/wp-json\/wp\/v2\/categories?post=140373"},{"taxonomy":"post_tag","embeddable":true,"href":"https:\/\/interamerica.org\/es\/wp-json\/wp\/v2\/tags?post=140373"}],"curies":[{"name":"wp","href":"https:\/\/api.w.org\/{rel}","templated":true}]}}