{"id":140474,"date":"2026-03-15T14:21:33","date_gmt":"2026-03-15T18:21:33","guid":{"rendered":"https:\/\/interamerica.org\/?p=140474"},"modified":"2026-03-15T21:34:57","modified_gmt":"2026-03-16T01:34:57","slug":"la-serie-discipulas-creativas-inspira-a-compartir-la-esperanza-a-traves-de-arte-y-fe","status":"publish","type":"post","link":"https:\/\/interamerica.org\/es\/2026\/03\/la-serie-discipulas-creativas-inspira-a-compartir-la-esperanza-a-traves-de-arte-y-fe\/","title":{"rendered":"La serie \u2018Disc\u00edpulas Creativas\u2019 inspira a compartir la esperanza a trav\u00e9s de arte y fe"},"content":{"rendered":"<p><em>Heidi Cartagena invita a la audiencia a usar sus talentos para inspirar a otros.<\/em><\/p>\n<p>15 de marzo de 2026 | Miami, Florida, Estados Unidos | Libna Stevens, Noticias de la Divisi\u00f3n Interamericana<\/p>\n<p>Las mujeres adventistas del s\u00e9ptimo d\u00eda en toda la Divisi\u00f3n Interamericana han sido alentadas a combinar creatividad y fe a trav\u00e9s del nuevo episodio de la serie en l\u00ednea <em data-start=\"355\" data-end=\"375\"> Disc\u00edpulas Creativas <\/em> presentado por la dise\u00f1adora y creadora de letra art\u00edstica, Heidi Cartagena. La sesi\u00f3n invita a mujeres de todas edades a descubrir la forma como su arte \u2014desde su caligraf\u00eda y dibujos, hasta sencillas expresiones creativas\u2014, pueden convertirse en instrumentos para impartir esperanza y reflejar el amor de Dios en sus comunidades.<\/p>\n<p data-start=\"662\" data-end=\"925\">La presentadora Cartagena da la bienvenida a su audiencia a lo que ella describe como espacio creativo en donde el arte llega a ser m\u00e1s que un pasatiempo. M\u00e1s bien, anima a las participantes a ver su creatividad como una forma de inspirar a otros y comunicar mensajes de fe y esperanza.<\/p>\n<p>\u201cEl d\u00eda de hoy voy a decirles c\u00f3mo crear algo muy sencillo con las manos y al mismo tiempo inspirar\u201d, dijo.<\/p>\n<p>Durante la sesi\u00f3n, se anima a las participantes a reunir algunos sencillos materiales de arte tales como marcadores, acuarelas, l\u00e1pices de colores, pinceles, etc., y a seguir las instrucciones mientras la presentadora demuestra sencillos ejercicios, incluyendo el dibujo de la palabra <em>esperanza<\/em> usando sencillas formas y rasgos art\u00edsticos.<\/p>\n<p>La serie enfatiza el concepto de que la creatividad no tiene que ver con perfecci\u00f3n, sino con c\u00f3mo usar los talentos personales para comunicar fe.<\/p>\n<p>\u201cLa creatividad no comienza con una hermosa letra manuscrita, un marcador especial o acuarelas de alta calidad\u201d, dice la presentadora. \u201cLa creatividad comienza con Dios. \u00c9l planta esa peque\u00f1a semilla en nuestro coraz\u00f3n y la hace florecer\u201d.<\/p>\n<p><strong>Un talento entregado a Dios<\/strong><\/p>\n<p>Explic\u00f3 que su propia jornada art\u00edstica comenz\u00f3 como un simple pasatiempo. Con el tiempo, se dio cuenta de que su creatividad pod\u00eda convertirse en una forma de comunicar mensajes de aliento y fe.<\/p>\n<p>\u201cDios deseaba usarme para hacer algo m\u00e1s grande que simplemente trazar hermosas letras\u201d, dijo. \u201c\u00c9l deseaba que yo, a trav\u00e9s de esto, impartiera esperanza y compartiera su amor con otros\u201d.<\/p>\n<p>A trav\u00e9s de la serie Disc\u00edpulas Creativas, se les recuerda a las participantes que sus talentos pueden tener significado m\u00e1s profundo cuando se usan con prop\u00f3sito.<\/p>\n<p>\u201cCuando sabes que Dios te ha dado un prop\u00f3sito, tus dibujos dejan de ser meramente un dibujo\u201d, explic\u00f3. \u201cSe convierten en un mensaje\u201d.<\/p>\n<p>Se refiri\u00f3 tambi\u00e9n a las luchas comunes que experimentan muchas personas creativas, incluyendo el dudar de s\u00ed mismas y las comparaciones.<\/p>\n<p><strong>Creatividad como mensaje de esperanza<\/strong><\/p>\n<p>\u201cHay veces cuando dudamos de nuestro talento o nos comparamos con otros\u201d, dijo. \u201cPero cuando le entregas completamente todo a Dios, \u00e9l puede llevarte a lugares que nunca imaginaste\u201d.<\/p>\n<p>La serie anima a las participantes a sumergirse en el proceso creativo, aun cuando ocurran errores.<\/p>\n<p>\u201cUn proceso implica intentos, el cometer errores, borrar, aun comenzar de nuevo; y eso est\u00e1 bien\u201d, dijo.<\/p>\n<p>Como parte del desaf\u00edo de la sesi\u00f3n, se invita a la audiencia a elegir un vers\u00edculo favorito de la Biblia e ilustrarlo creativamente a trav\u00e9s de dibujos o letras, usando formas y dise\u00f1os que representen su historia personal.<\/p>\n<p>Se anima entonces a las participantes a divulgar sus creaciones a trav\u00e9s de los medios sociales y etiquetar a las cuentas oficiales de la Divisi\u00f3n Interamericana, as\u00ed como a la plataforma creativa de la presentadora Cartagena.<\/p>\n<p>\u201cLo que comienza en una mesa, un escritorio, o en tu comedor, puede llegar hasta un coraz\u00f3n\u201d, dijo. Cuando sabes que Dios tiene un prop\u00f3sito para ti, lo que haces con tus manos puede llegar m\u00e1s lejos de lo que piensas\u201d.<\/p>\n<p><strong>Crea con un prop\u00f3sito<\/strong><\/p>\n<p>Dijo tambi\u00e9n que independientemente de cu\u00e1n sencillo parezca, un mensaje creativo puede convertirse en una forma poderosa de compartir la fe y de se\u00f1alar a Cristo en beneficio de otros.<\/p>\n<p>\u201cCrea desde el coraz\u00f3n\u201d, anim\u00f3 a la audiencia. \u201cDesde lo que Dios est\u00e1 obrando en ti y desde lo que t\u00fa deseas mostrar a otros\u201d.<\/p>\n<p><iframe title=\"Creatividad con Prop\u00f3sito \u270d\ufe0f | Disc\u00edpulas Creativas Ep. 6\" width=\"500\" height=\"281\" src=\"https:\/\/www.youtube.com\/embed\/XrkzVxZZID8?feature=oembed\" frameborder=\"0\" allow=\"accelerometer; autoplay; clipboard-write; encrypted-media; gyroscope; picture-in-picture; web-share\" referrerpolicy=\"strict-origin-when-cross-origin\" allowfullscreen><\/iframe><\/p>\n<p>La serie de entrenamiento Disc\u00edpulas Creativas contin\u00faa la siguiente semana, el 15 de marzo de 2026.<\/p>\n<p>Para ver la serie especial de 10 semanas, pulsa <a href=\"https:\/\/www.youtube.com\/@InterAmericanDivision\/videos\">webcast.interamerica.org<\/a> cada domingo a las 11:00 a.m., tiempo de Miami, del 8 de febrero al 12 de abril de 2026.<\/p>\n<p>Traducci\u00f3n \u2013 Gloria A. Castrej\u00f3n<\/p>\n","protected":false},"excerpt":{"rendered":"<p>Heidi Cartagena invita a la audiencia a usar sus talentos para inspirar a otros. 15 de marzo de 2026 | Miami, Florida, Estados Unidos | Libna Stevens, Noticias de la&#8230;<\/p>\n","protected":false},"author":3,"featured_media":140477,"comment_status":"closed","ping_status":"closed","sticky":false,"template":"","format":"standard","meta":{"_acf_changed":false,"footnotes":""},"categories":[16,15],"tags":[],"class_list":["post-140474","post","type-post","status-publish","format-standard","has-post-thumbnail","hentry","category-desde-la-sede","category-rss-espanol"],"acf":[],"yoast_head":"<!-- This site is optimized with the Yoast SEO plugin v27.3 - https:\/\/yoast.com\/product\/yoast-seo-wordpress\/ -->\n<title>La serie \u2018Disc\u00edpulas Creativas\u2019 inspira a compartir la esperanza a trav\u00e9s de arte y fe - Iglesia Adventista del S\u00e9ptimo D\u00eda - Divisi\u00f3n Interamericana<\/title>\n<meta name=\"robots\" content=\"index, follow, max-snippet:-1, max-image-preview:large, max-video-preview:-1\" \/>\n<link rel=\"canonical\" href=\"https:\/\/interamerica.org\/es\/2026\/03\/la-serie-discipulas-creativas-inspira-a-compartir-la-esperanza-a-traves-de-arte-y-fe\/\" \/>\n<meta property=\"og:locale\" content=\"es_ES\" \/>\n<meta property=\"og:type\" content=\"article\" \/>\n<meta property=\"og:title\" content=\"La serie \u2018Disc\u00edpulas Creativas\u2019 inspira a compartir la esperanza a trav\u00e9s de arte y fe - Iglesia Adventista del S\u00e9ptimo D\u00eda - Divisi\u00f3n Interamericana\" \/>\n<meta property=\"og:description\" content=\"Heidi Cartagena invita a la audiencia a usar sus talentos para inspirar a otros. 15 de marzo de 2026 | Miami, Florida, Estados Unidos | Libna Stevens, Noticias de la...\" \/>\n<meta property=\"og:url\" content=\"https:\/\/interamerica.org\/es\/2026\/03\/la-serie-discipulas-creativas-inspira-a-compartir-la-esperanza-a-traves-de-arte-y-fe\/\" \/>\n<meta property=\"og:site_name\" content=\"Iglesia Adventista del S\u00e9ptimo D\u00eda - Divisi\u00f3n Interamericana\" \/>\n<meta property=\"article:published_time\" content=\"2026-03-15T18:21:33+00:00\" \/>\n<meta property=\"article:modified_time\" content=\"2026-03-16T01:34:57+00:00\" \/>\n<meta property=\"og:image\" content=\"https:\/\/interamerica.org\/wp-content\/uploads\/2026\/03\/wmcd26-header-1280-800-6.png\" \/>\n\t<meta property=\"og:image:width\" content=\"1000\" \/>\n\t<meta property=\"og:image:height\" content=\"625\" \/>\n\t<meta property=\"og:image:type\" content=\"image\/png\" \/>\n<meta name=\"author\" content=\"libna\" \/>\n<meta name=\"twitter:card\" content=\"summary_large_image\" \/>\n<meta name=\"twitter:label1\" content=\"Escrito por\" \/>\n\t<meta name=\"twitter:data1\" content=\"libna\" \/>\n\t<meta name=\"twitter:label2\" content=\"Tiempo de lectura\" \/>\n\t<meta name=\"twitter:data2\" content=\"4 minutos\" \/>\n<script type=\"application\/ld+json\" class=\"yoast-schema-graph\">{\"@context\":\"https:\\\/\\\/schema.org\",\"@graph\":[{\"@type\":\"Article\",\"@id\":\"https:\\\/\\\/interamerica.org\\\/es\\\/2026\\\/03\\\/la-serie-discipulas-creativas-inspira-a-compartir-la-esperanza-a-traves-de-arte-y-fe\\\/#article\",\"isPartOf\":{\"@id\":\"https:\\\/\\\/interamerica.org\\\/es\\\/2026\\\/03\\\/la-serie-discipulas-creativas-inspira-a-compartir-la-esperanza-a-traves-de-arte-y-fe\\\/\"},\"author\":{\"name\":\"libna\",\"@id\":\"https:\\\/\\\/interamerica.org\\\/es\\\/#\\\/schema\\\/person\\\/29998f2bc2d8bd0d38662909289b54f1\"},\"headline\":\"La serie \u2018Disc\u00edpulas Creativas\u2019 inspira a compartir la esperanza a trav\u00e9s de arte y fe\",\"datePublished\":\"2026-03-15T18:21:33+00:00\",\"dateModified\":\"2026-03-16T01:34:57+00:00\",\"mainEntityOfPage\":{\"@id\":\"https:\\\/\\\/interamerica.org\\\/es\\\/2026\\\/03\\\/la-serie-discipulas-creativas-inspira-a-compartir-la-esperanza-a-traves-de-arte-y-fe\\\/\"},\"wordCount\":799,\"image\":{\"@id\":\"https:\\\/\\\/interamerica.org\\\/es\\\/2026\\\/03\\\/la-serie-discipulas-creativas-inspira-a-compartir-la-esperanza-a-traves-de-arte-y-fe\\\/#primaryimage\"},\"thumbnailUrl\":\"https:\\\/\\\/interamerica.org\\\/wp-content\\\/uploads\\\/2026\\\/03\\\/wmcd26-header-1280-800-6.png\",\"articleSection\":[\"Desde la sede\",\"RSS Espa\u00f1ol\"],\"inLanguage\":\"es\"},{\"@type\":\"WebPage\",\"@id\":\"https:\\\/\\\/interamerica.org\\\/es\\\/2026\\\/03\\\/la-serie-discipulas-creativas-inspira-a-compartir-la-esperanza-a-traves-de-arte-y-fe\\\/\",\"url\":\"https:\\\/\\\/interamerica.org\\\/es\\\/2026\\\/03\\\/la-serie-discipulas-creativas-inspira-a-compartir-la-esperanza-a-traves-de-arte-y-fe\\\/\",\"name\":\"La serie \u2018Disc\u00edpulas Creativas\u2019 inspira a compartir la esperanza a trav\u00e9s de arte y fe - Iglesia Adventista del S\u00e9ptimo D\u00eda - Divisi\u00f3n Interamericana\",\"isPartOf\":{\"@id\":\"https:\\\/\\\/interamerica.org\\\/es\\\/#website\"},\"primaryImageOfPage\":{\"@id\":\"https:\\\/\\\/interamerica.org\\\/es\\\/2026\\\/03\\\/la-serie-discipulas-creativas-inspira-a-compartir-la-esperanza-a-traves-de-arte-y-fe\\\/#primaryimage\"},\"image\":{\"@id\":\"https:\\\/\\\/interamerica.org\\\/es\\\/2026\\\/03\\\/la-serie-discipulas-creativas-inspira-a-compartir-la-esperanza-a-traves-de-arte-y-fe\\\/#primaryimage\"},\"thumbnailUrl\":\"https:\\\/\\\/interamerica.org\\\/wp-content\\\/uploads\\\/2026\\\/03\\\/wmcd26-header-1280-800-6.png\",\"datePublished\":\"2026-03-15T18:21:33+00:00\",\"dateModified\":\"2026-03-16T01:34:57+00:00\",\"author\":{\"@id\":\"https:\\\/\\\/interamerica.org\\\/es\\\/#\\\/schema\\\/person\\\/29998f2bc2d8bd0d38662909289b54f1\"},\"breadcrumb\":{\"@id\":\"https:\\\/\\\/interamerica.org\\\/es\\\/2026\\\/03\\\/la-serie-discipulas-creativas-inspira-a-compartir-la-esperanza-a-traves-de-arte-y-fe\\\/#breadcrumb\"},\"inLanguage\":\"es\",\"potentialAction\":[{\"@type\":\"ReadAction\",\"target\":[\"https:\\\/\\\/interamerica.org\\\/es\\\/2026\\\/03\\\/la-serie-discipulas-creativas-inspira-a-compartir-la-esperanza-a-traves-de-arte-y-fe\\\/\"]}]},{\"@type\":\"ImageObject\",\"inLanguage\":\"es\",\"@id\":\"https:\\\/\\\/interamerica.org\\\/es\\\/2026\\\/03\\\/la-serie-discipulas-creativas-inspira-a-compartir-la-esperanza-a-traves-de-arte-y-fe\\\/#primaryimage\",\"url\":\"https:\\\/\\\/interamerica.org\\\/wp-content\\\/uploads\\\/2026\\\/03\\\/wmcd26-header-1280-800-6.png\",\"contentUrl\":\"https:\\\/\\\/interamerica.org\\\/wp-content\\\/uploads\\\/2026\\\/03\\\/wmcd26-header-1280-800-6.png\",\"width\":1000,\"height\":625},{\"@type\":\"BreadcrumbList\",\"@id\":\"https:\\\/\\\/interamerica.org\\\/es\\\/2026\\\/03\\\/la-serie-discipulas-creativas-inspira-a-compartir-la-esperanza-a-traves-de-arte-y-fe\\\/#breadcrumb\",\"itemListElement\":[{\"@type\":\"ListItem\",\"position\":1,\"name\":\"Home\",\"item\":\"https:\\\/\\\/interamerica.org\\\/es\\\/\"},{\"@type\":\"ListItem\",\"position\":2,\"name\":\"La serie \u2018Disc\u00edpulas Creativas\u2019 inspira a compartir la esperanza a trav\u00e9s de arte y fe\"}]},{\"@type\":\"WebSite\",\"@id\":\"https:\\\/\\\/interamerica.org\\\/es\\\/#website\",\"url\":\"https:\\\/\\\/interamerica.org\\\/es\\\/\",\"name\":\"Iglesia Adventista del S\u00e9ptimo D\u00eda - Divisi\u00f3n Interamericana\",\"description\":\"\",\"potentialAction\":[{\"@type\":\"SearchAction\",\"target\":{\"@type\":\"EntryPoint\",\"urlTemplate\":\"https:\\\/\\\/interamerica.org\\\/es\\\/?s={search_term_string}\"},\"query-input\":{\"@type\":\"PropertyValueSpecification\",\"valueRequired\":true,\"valueName\":\"search_term_string\"}}],\"inLanguage\":\"es\"},{\"@type\":\"Person\",\"@id\":\"https:\\\/\\\/interamerica.org\\\/es\\\/#\\\/schema\\\/person\\\/29998f2bc2d8bd0d38662909289b54f1\",\"name\":\"libna\",\"image\":{\"@type\":\"ImageObject\",\"inLanguage\":\"es\",\"@id\":\"https:\\\/\\\/secure.gravatar.com\\\/avatar\\\/7c5bd30ae4b47a9ba3c856590957fd1d96dc588bf3ac05719d247e126840331f?s=96&d=mm&r=g\",\"url\":\"https:\\\/\\\/secure.gravatar.com\\\/avatar\\\/7c5bd30ae4b47a9ba3c856590957fd1d96dc588bf3ac05719d247e126840331f?s=96&d=mm&r=g\",\"contentUrl\":\"https:\\\/\\\/secure.gravatar.com\\\/avatar\\\/7c5bd30ae4b47a9ba3c856590957fd1d96dc588bf3ac05719d247e126840331f?s=96&d=mm&r=g\",\"caption\":\"libna\"}}]}<\/script>\n<!-- \/ Yoast SEO plugin. -->","yoast_head_json":{"title":"La serie \u2018Disc\u00edpulas Creativas\u2019 inspira a compartir la esperanza a trav\u00e9s de arte y fe - Iglesia Adventista del S\u00e9ptimo D\u00eda - Divisi\u00f3n Interamericana","robots":{"index":"index","follow":"follow","max-snippet":"max-snippet:-1","max-image-preview":"max-image-preview:large","max-video-preview":"max-video-preview:-1"},"canonical":"https:\/\/interamerica.org\/es\/2026\/03\/la-serie-discipulas-creativas-inspira-a-compartir-la-esperanza-a-traves-de-arte-y-fe\/","og_locale":"es_ES","og_type":"article","og_title":"La serie \u2018Disc\u00edpulas Creativas\u2019 inspira a compartir la esperanza a trav\u00e9s de arte y fe - Iglesia Adventista del S\u00e9ptimo D\u00eda - Divisi\u00f3n Interamericana","og_description":"Heidi Cartagena invita a la audiencia a usar sus talentos para inspirar a otros. 15 de marzo de 2026 | Miami, Florida, Estados Unidos | Libna Stevens, Noticias de la...","og_url":"https:\/\/interamerica.org\/es\/2026\/03\/la-serie-discipulas-creativas-inspira-a-compartir-la-esperanza-a-traves-de-arte-y-fe\/","og_site_name":"Iglesia Adventista del S\u00e9ptimo D\u00eda - Divisi\u00f3n Interamericana","article_published_time":"2026-03-15T18:21:33+00:00","article_modified_time":"2026-03-16T01:34:57+00:00","og_image":[{"width":1000,"height":625,"url":"https:\/\/interamerica.org\/wp-content\/uploads\/2026\/03\/wmcd26-header-1280-800-6.png","type":"image\/png"}],"author":"libna","twitter_card":"summary_large_image","twitter_misc":{"Escrito por":"libna","Tiempo de lectura":"4 minutos"},"schema":{"@context":"https:\/\/schema.org","@graph":[{"@type":"Article","@id":"https:\/\/interamerica.org\/es\/2026\/03\/la-serie-discipulas-creativas-inspira-a-compartir-la-esperanza-a-traves-de-arte-y-fe\/#article","isPartOf":{"@id":"https:\/\/interamerica.org\/es\/2026\/03\/la-serie-discipulas-creativas-inspira-a-compartir-la-esperanza-a-traves-de-arte-y-fe\/"},"author":{"name":"libna","@id":"https:\/\/interamerica.org\/es\/#\/schema\/person\/29998f2bc2d8bd0d38662909289b54f1"},"headline":"La serie \u2018Disc\u00edpulas Creativas\u2019 inspira a compartir la esperanza a trav\u00e9s de arte y fe","datePublished":"2026-03-15T18:21:33+00:00","dateModified":"2026-03-16T01:34:57+00:00","mainEntityOfPage":{"@id":"https:\/\/interamerica.org\/es\/2026\/03\/la-serie-discipulas-creativas-inspira-a-compartir-la-esperanza-a-traves-de-arte-y-fe\/"},"wordCount":799,"image":{"@id":"https:\/\/interamerica.org\/es\/2026\/03\/la-serie-discipulas-creativas-inspira-a-compartir-la-esperanza-a-traves-de-arte-y-fe\/#primaryimage"},"thumbnailUrl":"https:\/\/interamerica.org\/wp-content\/uploads\/2026\/03\/wmcd26-header-1280-800-6.png","articleSection":["Desde la sede","RSS Espa\u00f1ol"],"inLanguage":"es"},{"@type":"WebPage","@id":"https:\/\/interamerica.org\/es\/2026\/03\/la-serie-discipulas-creativas-inspira-a-compartir-la-esperanza-a-traves-de-arte-y-fe\/","url":"https:\/\/interamerica.org\/es\/2026\/03\/la-serie-discipulas-creativas-inspira-a-compartir-la-esperanza-a-traves-de-arte-y-fe\/","name":"La serie \u2018Disc\u00edpulas Creativas\u2019 inspira a compartir la esperanza a trav\u00e9s de arte y fe - Iglesia Adventista del S\u00e9ptimo D\u00eda - Divisi\u00f3n Interamericana","isPartOf":{"@id":"https:\/\/interamerica.org\/es\/#website"},"primaryImageOfPage":{"@id":"https:\/\/interamerica.org\/es\/2026\/03\/la-serie-discipulas-creativas-inspira-a-compartir-la-esperanza-a-traves-de-arte-y-fe\/#primaryimage"},"image":{"@id":"https:\/\/interamerica.org\/es\/2026\/03\/la-serie-discipulas-creativas-inspira-a-compartir-la-esperanza-a-traves-de-arte-y-fe\/#primaryimage"},"thumbnailUrl":"https:\/\/interamerica.org\/wp-content\/uploads\/2026\/03\/wmcd26-header-1280-800-6.png","datePublished":"2026-03-15T18:21:33+00:00","dateModified":"2026-03-16T01:34:57+00:00","author":{"@id":"https:\/\/interamerica.org\/es\/#\/schema\/person\/29998f2bc2d8bd0d38662909289b54f1"},"breadcrumb":{"@id":"https:\/\/interamerica.org\/es\/2026\/03\/la-serie-discipulas-creativas-inspira-a-compartir-la-esperanza-a-traves-de-arte-y-fe\/#breadcrumb"},"inLanguage":"es","potentialAction":[{"@type":"ReadAction","target":["https:\/\/interamerica.org\/es\/2026\/03\/la-serie-discipulas-creativas-inspira-a-compartir-la-esperanza-a-traves-de-arte-y-fe\/"]}]},{"@type":"ImageObject","inLanguage":"es","@id":"https:\/\/interamerica.org\/es\/2026\/03\/la-serie-discipulas-creativas-inspira-a-compartir-la-esperanza-a-traves-de-arte-y-fe\/#primaryimage","url":"https:\/\/interamerica.org\/wp-content\/uploads\/2026\/03\/wmcd26-header-1280-800-6.png","contentUrl":"https:\/\/interamerica.org\/wp-content\/uploads\/2026\/03\/wmcd26-header-1280-800-6.png","width":1000,"height":625},{"@type":"BreadcrumbList","@id":"https:\/\/interamerica.org\/es\/2026\/03\/la-serie-discipulas-creativas-inspira-a-compartir-la-esperanza-a-traves-de-arte-y-fe\/#breadcrumb","itemListElement":[{"@type":"ListItem","position":1,"name":"Home","item":"https:\/\/interamerica.org\/es\/"},{"@type":"ListItem","position":2,"name":"La serie \u2018Disc\u00edpulas Creativas\u2019 inspira a compartir la esperanza a trav\u00e9s de arte y fe"}]},{"@type":"WebSite","@id":"https:\/\/interamerica.org\/es\/#website","url":"https:\/\/interamerica.org\/es\/","name":"Iglesia Adventista del S\u00e9ptimo D\u00eda - Divisi\u00f3n Interamericana","description":"","potentialAction":[{"@type":"SearchAction","target":{"@type":"EntryPoint","urlTemplate":"https:\/\/interamerica.org\/es\/?s={search_term_string}"},"query-input":{"@type":"PropertyValueSpecification","valueRequired":true,"valueName":"search_term_string"}}],"inLanguage":"es"},{"@type":"Person","@id":"https:\/\/interamerica.org\/es\/#\/schema\/person\/29998f2bc2d8bd0d38662909289b54f1","name":"libna","image":{"@type":"ImageObject","inLanguage":"es","@id":"https:\/\/secure.gravatar.com\/avatar\/7c5bd30ae4b47a9ba3c856590957fd1d96dc588bf3ac05719d247e126840331f?s=96&d=mm&r=g","url":"https:\/\/secure.gravatar.com\/avatar\/7c5bd30ae4b47a9ba3c856590957fd1d96dc588bf3ac05719d247e126840331f?s=96&d=mm&r=g","contentUrl":"https:\/\/secure.gravatar.com\/avatar\/7c5bd30ae4b47a9ba3c856590957fd1d96dc588bf3ac05719d247e126840331f?s=96&d=mm&r=g","caption":"libna"}}]}},"_links":{"self":[{"href":"https:\/\/interamerica.org\/es\/wp-json\/wp\/v2\/posts\/140474","targetHints":{"allow":["GET"]}}],"collection":[{"href":"https:\/\/interamerica.org\/es\/wp-json\/wp\/v2\/posts"}],"about":[{"href":"https:\/\/interamerica.org\/es\/wp-json\/wp\/v2\/types\/post"}],"author":[{"embeddable":true,"href":"https:\/\/interamerica.org\/es\/wp-json\/wp\/v2\/users\/3"}],"replies":[{"embeddable":true,"href":"https:\/\/interamerica.org\/es\/wp-json\/wp\/v2\/comments?post=140474"}],"version-history":[{"count":2,"href":"https:\/\/interamerica.org\/es\/wp-json\/wp\/v2\/posts\/140474\/revisions"}],"predecessor-version":[{"id":140480,"href":"https:\/\/interamerica.org\/es\/wp-json\/wp\/v2\/posts\/140474\/revisions\/140480"}],"wp:featuredmedia":[{"embeddable":true,"href":"https:\/\/interamerica.org\/es\/wp-json\/wp\/v2\/media\/140477"}],"wp:attachment":[{"href":"https:\/\/interamerica.org\/es\/wp-json\/wp\/v2\/media?parent=140474"}],"wp:term":[{"taxonomy":"category","embeddable":true,"href":"https:\/\/interamerica.org\/es\/wp-json\/wp\/v2\/categories?post=140474"},{"taxonomy":"post_tag","embeddable":true,"href":"https:\/\/interamerica.org\/es\/wp-json\/wp\/v2\/tags?post=140474"}],"curies":[{"name":"wp","href":"https:\/\/api.w.org\/{rel}","templated":true}]}}