{"id":141996,"date":"2026-04-21T11:17:39","date_gmt":"2026-04-21T15:17:39","guid":{"rendered":"https:\/\/interamerica.org\/?p=141996"},"modified":"2026-04-21T20:21:00","modified_gmt":"2026-04-22T00:21:00","slug":"lideres-de-la-iglesia-recomiendan-fusion-de-territorios-en-alemania-para-incrementar-la-eficiencia-en-la-mision","status":"publish","type":"post","link":"https:\/\/interamerica.org\/es\/2026\/04\/lideres-de-la-iglesia-recomiendan-fusion-de-territorios-en-alemania-para-incrementar-la-eficiencia-en-la-mision\/","title":{"rendered":"L\u00edderes de la iglesia recomiendan fusi\u00f3n de territorios en Alemania para incrementar la eficiencia en la misi\u00f3n"},"content":{"rendered":"<p class=\"c-post-header__subtitle\"><em>Los delegados al pr\u00f3ximo Congreso de la Asociaci\u00f3n General votar\u00e1n sobre la propuesta de la Uni\u00f3n Asociaci\u00f3n Alemana.<br \/>\n<\/em><\/p>\n<p>20 de abril de 2026 | Silver Spring, Maryland, Estados Unidos | Marcos Paseggi, <em>Adventist Review<\/em><\/p>\n<div class=\"c-post-header__buttons\">\n<p>Los miembros de la Junta Directiva de la Asociaci\u00f3n General votaron a favor de recomendar la fusi\u00f3n de la Uni\u00f3n Alemana del Norte y la Uni\u00f3n Alemana del Sur en una sola Uni\u00f3n Alemana. La votaci\u00f3n tuvo lugar el primer d\u00eda del Concilio de Primavera de 2026 de la Iglesia Adventista del S\u00e9ptimo D\u00eda en su sede central en Silver Spring, Maryland, Estados Unidos, el 14 de abril.<\/p>\n<p>Esto es \u201calgo que no recuerdo haber hecho en al menos 40 a\u00f1os\u201d, reconoci\u00f3 Tom Lemon, vicepresidente de la Asociaci\u00f3n General, al presentar el punto del orden del d\u00eda. \u201cSe trata de una votaci\u00f3n para fusionar dos uniones en lugar de dividirlas\u201d.<\/p>\n<p><div id=\"attachment_141960\" style=\"width: 938px\" class=\"wp-caption aligncenter\"><img fetchpriority=\"high\" decoding=\"async\" aria-describedby=\"caption-attachment-141960\" class=\" wp-image-141960\" src=\"https:\/\/interamerica.org\/wp-content\/uploads\/2026\/04\/1-720.jpg\" alt=\"\" width=\"928\" height=\"522\" srcset=\"https:\/\/interamerica.org\/wp-content\/uploads\/2026\/04\/1-720.jpg 720w, https:\/\/interamerica.org\/wp-content\/uploads\/2026\/04\/1-720-300x169.jpg 300w\" sizes=\"(max-width: 928px) 100vw, 928px\" \/><p id=\"caption-attachment-141960\" class=\"wp-caption-text\">Fotograf\u00eda de archivo de la reuni\u00f3n conjunta de los delegados de la Uni\u00f3n Asociaci\u00f3n del Norte de Alemania y la Uni\u00f3n Asociaci\u00f3n del Sur de Alemania en la Universidad Adventista de Friedensau en 2022, cuando votaron a favor de proceder con la fusi\u00f3n. [\u00a9 Foto: Steve Kamatis \/ APD]<\/p><\/div><strong>Una respuesta a las realidades actuales<\/strong>Lemon afirm\u00f3 que la medida responde a \u201cconsideraciones misionales, administrativas y organizativas continuas\u201d, y que esta reorganizaci\u00f3n \u201crefleja un compromiso compartido de fortalecer la evangelizaci\u00f3n, mejorar la eficiencia administrativa y administrar los recursos con responsabilidad dentro del territorio de Alemania\u201d. A\u00f1adi\u00f3 que \u201cla fusi\u00f3n se basa en varios a\u00f1os de creciente colaboraci\u00f3n entre ambas uniones, incluyendo la alineaci\u00f3n de las funciones departamentales, la planificaci\u00f3n estrat\u00e9gica compartida y la consolidaci\u00f3n de las operaciones administrativas\u201d. Explic\u00f3: \u201cEstos avances han demostrado los beneficios de un liderazgo unificado y una estrategia misionera coordinada, al tiempo que reducen la duplicaci\u00f3n y la complejidad\u201d.Asimismo, la secretaria adjunta de la Asociaci\u00f3n General, Karen Porter, explic\u00f3 que establecer una \u00fanica Uni\u00f3n Asociaci\u00f3n Alemana \u201cproporcionar\u00e1 una estructura organizativa m\u00e1s clara, mejorar\u00e1 la capacidad de respuesta a los cambios demogr\u00e1ficos y sociales, y fomentar\u00e1 un uso m\u00e1s \u00e1gil y centrado en la misi\u00f3n de los recursos humanos y financieros\u201d. A\u00f1adi\u00f3: \u201cEsta reorganizaci\u00f3n tiene como objetivo posicionar a la iglesia de Alemania para un crecimiento sostenible, un testimonio eficaz y el cumplimiento fiel de su misi\u00f3n en los a\u00f1os venideros\u201d.<\/p>\n<p><strong>Una revisi\u00f3n hist\u00f3rica<\/strong><\/p>\n<p>Los miembros de la Junta Directiva de la Asociaci\u00f3n General y los invitados vieron un breve video que explic\u00f3 la historia y los motivos de la fusi\u00f3n propuesta. \u201cEste contexto explica por qu\u00e9 hemos trabajado constantemente durante casi cuarenta a\u00f1os para brindar una estructura m\u00e1s \u00e1gil a una iglesia que tiene una organizaci\u00f3n excesiva\u201d, explic\u00f3 el narrador del video al comienzo de la presentaci\u00f3n. \u201cNuestro objetivo es cumplir nuestra misi\u00f3n de manera m\u00e1s eficiente, proclamando las buenas nuevas del reino de Dios a una sociedad en la Europa secular\u201d.<\/p>\n<p><div id=\"attachment_141963\" style=\"width: 725px\" class=\"wp-caption aligncenter\"><img decoding=\"async\" aria-describedby=\"caption-attachment-141963\" class=\"size-full wp-image-141963\" src=\"https:\/\/interamerica.org\/wp-content\/uploads\/2026\/04\/germany2-720.jpg\" alt=\"\" width=\"715\" height=\"720\" srcset=\"https:\/\/interamerica.org\/wp-content\/uploads\/2026\/04\/germany2-720.jpg 715w, https:\/\/interamerica.org\/wp-content\/uploads\/2026\/04\/germany2-720-298x300.jpg 298w, https:\/\/interamerica.org\/wp-content\/uploads\/2026\/04\/germany2-720-150x150.jpg 150w\" sizes=\"(max-width: 715px) 100vw, 715px\" \/><p id=\"caption-attachment-141963\" class=\"wp-caption-text\">Vista de la nueva sede conjunta de la Iglesia Adventista del S\u00e9ptimo D\u00eda en Alemania. [Imagen: Captura de pantalla de la presentaci\u00f3n realizada en el Concilio de Primavera de la Junta Directiva de la Asociaci\u00f3n General]<\/p><\/div><\/div>\n<div><\/div>\n<div class=\"c-post-header__buttons\">El video explic\u00f3 c\u00f3mo en 1984 la Uni\u00f3n Sur de Alemania inici\u00f3 el estudio de una posible fusi\u00f3n, y en 1987 se encarg\u00f3 a un grupo de expertos que la estudiara, la cual fue recomendada oficialmente en 1989. \u201cLa hist\u00f3rica ca\u00edda de la Cortina de Hierro abri\u00f3 nuevas posibilidades de unidad en toda Alemania, y la reunificaci\u00f3n pol\u00edtica de Alemania Occidental y Oriental transform\u00f3 el panorama de la organizaci\u00f3n eclesi\u00e1stica\u201d, a\u00f1adi\u00f3.Desde 1992, hubo varios intentos fallidos de fusi\u00f3n, incluyendo una votaci\u00f3n dividida en 2002, cuando la Uni\u00f3n Norte de Alemania vot\u00f3 a favor de la fusi\u00f3n, pero la Uni\u00f3n Sur de Alemania vot\u00f3 en contra. Sin embargo, en 2013, ambas uniones iniciaron un proceso de colaboraci\u00f3n cada vez m\u00e1s estrecho, sentando las bases para la unidad.<\/div>\n<div><\/div>\n<div class=\"c-post-header__buttons\">\n<p>\u201cA pesar de los contratiempos, la visi\u00f3n de unidad nunca fue abandonada\u201d, y \u201cla cooperaci\u00f3n se convirti\u00f3 en el puente hacia una eventual fusi\u00f3n\u201d.Desde 2014, esos intentos incluyeron un gerente financiero y un secretario (vicepresidente) que prestaban servicios a ambos territorios simult\u00e1neamente, un presupuesto \u00fanico, departamentos conjuntos y una gobernanza conjunta. \u201cEn lugar de esperar una votaci\u00f3n formal para la fusi\u00f3n, las dos uniones comenzaron a funcionar como una sola en la pr\u00e1ctica, generando confianza, armonizando sistemas y demostrando que la unidad ya era posible. Este per\u00edodo produjo una integraci\u00f3n tangible y duradera en todos los \u00e1mbitos de la iglesia\u201d.En noviembre de 2022, la Divisi\u00f3n Intereuropea, de la que forma parte Alemania, aprob\u00f3 por unanimidad la fusi\u00f3n.<\/p>\n<p><strong>Respaldado por hechos y datos actuales<\/strong><\/p>\n<p>Algunos datos que respaldan la fusi\u00f3n incluyen una disminuci\u00f3n en el n\u00famero de miembros (de 35.195 miembros bautizados en 2010 a 34.494 en 2024), pero una relativa solidez financiera, ya que los diezmos aumentaron de 39 millones de euros (43 millones de d\u00f3lares estadounidenses) en 2015 a 51 millones de euros (57 millones de d\u00f3lares estadounidenses) en 2025. \u201cLa iglesia se mantiene financieramente sana y preparada para la misi\u00f3n\u201d, comparti\u00f3 el narrador del video.<\/p>\n<p>Seg\u00fan los l\u00edderes eclesi\u00e1sticos regionales, la fusi\u00f3n impulsar\u00e1 la estrategia \u2014otorgando al territorio una gran agilidad en una sociedad en constante cambio\u2014 y la unidad, ya que la iglesia hablar\u00e1 con una sola voz en p\u00fablico. Adem\u00e1s, brindar\u00e1 mayor eficiencia (decisiones m\u00e1s r\u00e1pidas, eliminaci\u00f3n de redundancias) y mejorar\u00e1 las finanzas, al permitir el acceso a recursos adicionales para la misi\u00f3n.<\/p>\n<p>\u201cLa fusi\u00f3n no es simplemente un plan futuro, sino una realidad ya en la pr\u00e1ctica. A\u00f1os de integraci\u00f3n deliberada han dado resultados tangibles que demuestran que el modelo funciona\u201d, dijo el narrador.<\/p>\n<p><strong>Reinversi\u00f3n en la misi\u00f3n<\/strong><\/p>\n<p>Las mejoras en la eficiencia y el ahorro de costos ya se est\u00e1n reinvirtiendo en el crecimiento de la misi\u00f3n, seg\u00fan afirmaron l\u00edderes eclesi\u00e1sticos regionales. \u201cLa integraci\u00f3n organizacional no se trata solo de ahorrar dinero; se trata de redirigir cada d\u00f3lar liberado hacia la misi\u00f3n de la iglesia\u201d. Estos beneficios ya se han traducido en US$580 mil para evangelizaci\u00f3n y series de grupos peque\u00f1os en toda Alemania, US$1,85 millones para HopeTV y US$1,15 millones para iniciativas de establecimiento de nuevas iglesias.<\/p>\n<p>Sobre tablas, Alexander Ott, secretario asociado de la Asociaci\u00f3n General y quien habla alem\u00e1n, celebr\u00f3 el enfoque de los l\u00edderes alemanes en la misi\u00f3n. \u201cVemos a dos uniones optimizando los recursos\u201d, algo que \u201cser\u00e1 un paso importante para ser m\u00e1s eficaces en la misi\u00f3n\u201d.<\/p>\n<p>La moci\u00f3n de recomendar la fusi\u00f3n al pr\u00f3ximo Congreso de la Asociaci\u00f3n General fue aprobada por 170 votos a favor y cuatro en contra.<\/p>\n<div class=\"c-post-header__button\">Traducci\u00f3n de Marcos Paseggi<\/div>\n<\/div>\n","protected":false},"excerpt":{"rendered":"<p>Los delegados al pr\u00f3ximo Congreso de la Asociaci\u00f3n General votar\u00e1n sobre la propuesta de la Uni\u00f3n Asociaci\u00f3n Alemana. 20 de abril de 2026 | Silver Spring, Maryland, Estados Unidos |&#8230;<\/p>\n","protected":false},"author":3,"featured_media":141997,"comment_status":"closed","ping_status":"closed","sticky":false,"template":"","format":"standard","meta":{"_acf_changed":false,"footnotes":""},"categories":[14,15],"tags":[],"class_list":["post-141996","post","type-post","status-publish","format-standard","has-post-thumbnail","hentry","category-de-la-iglesia-mundial","category-rss-espanol"],"acf":[],"yoast_head":"<!-- This site is optimized with the Yoast SEO plugin v27.3 - https:\/\/yoast.com\/product\/yoast-seo-wordpress\/ -->\n<title>L\u00edderes de la iglesia recomiendan fusi\u00f3n de territorios en Alemania para incrementar la eficiencia en la misi\u00f3n - Iglesia Adventista del S\u00e9ptimo D\u00eda - Divisi\u00f3n Interamericana<\/title>\n<meta name=\"robots\" content=\"index, follow, max-snippet:-1, max-image-preview:large, max-video-preview:-1\" \/>\n<link rel=\"canonical\" href=\"https:\/\/interamerica.org\/es\/2026\/04\/lideres-de-la-iglesia-recomiendan-fusion-de-territorios-en-alemania-para-incrementar-la-eficiencia-en-la-mision\/\" \/>\n<meta property=\"og:locale\" content=\"es_ES\" \/>\n<meta property=\"og:type\" content=\"article\" \/>\n<meta property=\"og:title\" content=\"L\u00edderes de la iglesia recomiendan fusi\u00f3n de territorios en Alemania para incrementar la eficiencia en la misi\u00f3n - Iglesia Adventista del S\u00e9ptimo D\u00eda - Divisi\u00f3n Interamericana\" \/>\n<meta property=\"og:description\" content=\"Los delegados al pr\u00f3ximo Congreso de la Asociaci\u00f3n General votar\u00e1n sobre la propuesta de la Uni\u00f3n Asociaci\u00f3n Alemana. 20 de abril de 2026 | Silver Spring, Maryland, Estados Unidos |...\" \/>\n<meta property=\"og:url\" content=\"https:\/\/interamerica.org\/es\/2026\/04\/lideres-de-la-iglesia-recomiendan-fusion-de-territorios-en-alemania-para-incrementar-la-eficiencia-en-la-mision\/\" \/>\n<meta property=\"og:site_name\" content=\"Iglesia Adventista del S\u00e9ptimo D\u00eda - Divisi\u00f3n Interamericana\" \/>\n<meta property=\"article:published_time\" content=\"2026-04-21T15:17:39+00:00\" \/>\n<meta property=\"article:modified_time\" content=\"2026-04-22T00:21:00+00:00\" \/>\n<meta property=\"og:image\" content=\"https:\/\/interamerica.org\/wp-content\/uploads\/2026\/04\/1-720.jpg\" \/>\n\t<meta property=\"og:image:width\" content=\"720\" \/>\n\t<meta property=\"og:image:height\" content=\"405\" \/>\n\t<meta property=\"og:image:type\" content=\"image\/jpeg\" \/>\n<meta name=\"author\" content=\"libna\" \/>\n<meta name=\"twitter:card\" content=\"summary_large_image\" \/>\n<meta name=\"twitter:label1\" content=\"Escrito por\" \/>\n\t<meta name=\"twitter:data1\" content=\"libna\" \/>\n\t<meta name=\"twitter:label2\" content=\"Tiempo de lectura\" \/>\n\t<meta name=\"twitter:data2\" content=\"6 minutos\" \/>\n<script type=\"application\/ld+json\" class=\"yoast-schema-graph\">{\"@context\":\"https:\\\/\\\/schema.org\",\"@graph\":[{\"@type\":\"Article\",\"@id\":\"https:\\\/\\\/interamerica.org\\\/es\\\/2026\\\/04\\\/lideres-de-la-iglesia-recomiendan-fusion-de-territorios-en-alemania-para-incrementar-la-eficiencia-en-la-mision\\\/#article\",\"isPartOf\":{\"@id\":\"https:\\\/\\\/interamerica.org\\\/es\\\/2026\\\/04\\\/lideres-de-la-iglesia-recomiendan-fusion-de-territorios-en-alemania-para-incrementar-la-eficiencia-en-la-mision\\\/\"},\"author\":{\"name\":\"libna\",\"@id\":\"https:\\\/\\\/interamerica.org\\\/es\\\/#\\\/schema\\\/person\\\/29998f2bc2d8bd0d38662909289b54f1\"},\"headline\":\"L\u00edderes de la iglesia recomiendan fusi\u00f3n de territorios en Alemania para incrementar la eficiencia en la misi\u00f3n\",\"datePublished\":\"2026-04-21T15:17:39+00:00\",\"dateModified\":\"2026-04-22T00:21:00+00:00\",\"mainEntityOfPage\":{\"@id\":\"https:\\\/\\\/interamerica.org\\\/es\\\/2026\\\/04\\\/lideres-de-la-iglesia-recomiendan-fusion-de-territorios-en-alemania-para-incrementar-la-eficiencia-en-la-mision\\\/\"},\"wordCount\":1218,\"image\":{\"@id\":\"https:\\\/\\\/interamerica.org\\\/es\\\/2026\\\/04\\\/lideres-de-la-iglesia-recomiendan-fusion-de-territorios-en-alemania-para-incrementar-la-eficiencia-en-la-mision\\\/#primaryimage\"},\"thumbnailUrl\":\"https:\\\/\\\/interamerica.org\\\/wp-content\\\/uploads\\\/2026\\\/04\\\/1-720.jpg\",\"articleSection\":[\"Desde la iglesia mundial\",\"RSS Espa\u00f1ol\"],\"inLanguage\":\"es\"},{\"@type\":\"WebPage\",\"@id\":\"https:\\\/\\\/interamerica.org\\\/es\\\/2026\\\/04\\\/lideres-de-la-iglesia-recomiendan-fusion-de-territorios-en-alemania-para-incrementar-la-eficiencia-en-la-mision\\\/\",\"url\":\"https:\\\/\\\/interamerica.org\\\/es\\\/2026\\\/04\\\/lideres-de-la-iglesia-recomiendan-fusion-de-territorios-en-alemania-para-incrementar-la-eficiencia-en-la-mision\\\/\",\"name\":\"L\u00edderes de la iglesia recomiendan fusi\u00f3n de territorios en Alemania para incrementar la eficiencia en la misi\u00f3n - Iglesia Adventista del S\u00e9ptimo D\u00eda - Divisi\u00f3n Interamericana\",\"isPartOf\":{\"@id\":\"https:\\\/\\\/interamerica.org\\\/es\\\/#website\"},\"primaryImageOfPage\":{\"@id\":\"https:\\\/\\\/interamerica.org\\\/es\\\/2026\\\/04\\\/lideres-de-la-iglesia-recomiendan-fusion-de-territorios-en-alemania-para-incrementar-la-eficiencia-en-la-mision\\\/#primaryimage\"},\"image\":{\"@id\":\"https:\\\/\\\/interamerica.org\\\/es\\\/2026\\\/04\\\/lideres-de-la-iglesia-recomiendan-fusion-de-territorios-en-alemania-para-incrementar-la-eficiencia-en-la-mision\\\/#primaryimage\"},\"thumbnailUrl\":\"https:\\\/\\\/interamerica.org\\\/wp-content\\\/uploads\\\/2026\\\/04\\\/1-720.jpg\",\"datePublished\":\"2026-04-21T15:17:39+00:00\",\"dateModified\":\"2026-04-22T00:21:00+00:00\",\"author\":{\"@id\":\"https:\\\/\\\/interamerica.org\\\/es\\\/#\\\/schema\\\/person\\\/29998f2bc2d8bd0d38662909289b54f1\"},\"breadcrumb\":{\"@id\":\"https:\\\/\\\/interamerica.org\\\/es\\\/2026\\\/04\\\/lideres-de-la-iglesia-recomiendan-fusion-de-territorios-en-alemania-para-incrementar-la-eficiencia-en-la-mision\\\/#breadcrumb\"},\"inLanguage\":\"es\",\"potentialAction\":[{\"@type\":\"ReadAction\",\"target\":[\"https:\\\/\\\/interamerica.org\\\/es\\\/2026\\\/04\\\/lideres-de-la-iglesia-recomiendan-fusion-de-territorios-en-alemania-para-incrementar-la-eficiencia-en-la-mision\\\/\"]}]},{\"@type\":\"ImageObject\",\"inLanguage\":\"es\",\"@id\":\"https:\\\/\\\/interamerica.org\\\/es\\\/2026\\\/04\\\/lideres-de-la-iglesia-recomiendan-fusion-de-territorios-en-alemania-para-incrementar-la-eficiencia-en-la-mision\\\/#primaryimage\",\"url\":\"https:\\\/\\\/interamerica.org\\\/wp-content\\\/uploads\\\/2026\\\/04\\\/1-720.jpg\",\"contentUrl\":\"https:\\\/\\\/interamerica.org\\\/wp-content\\\/uploads\\\/2026\\\/04\\\/1-720.jpg\",\"width\":720,\"height\":405,\"caption\":\"Fotograf\u00eda de archivo de la reuni\u00f3n conjunta de los delegados de la Uni\u00f3n Asociaci\u00f3n del Norte de Alemania y la Uni\u00f3n Asociaci\u00f3n del Sur de Alemania en la Universidad Adventista de Friedensau en 2022, cuando votaron a favor de proceder con la fusi\u00f3n. [\u00a9 Foto: Steve Kamatis \\\/ APD]\"},{\"@type\":\"BreadcrumbList\",\"@id\":\"https:\\\/\\\/interamerica.org\\\/es\\\/2026\\\/04\\\/lideres-de-la-iglesia-recomiendan-fusion-de-territorios-en-alemania-para-incrementar-la-eficiencia-en-la-mision\\\/#breadcrumb\",\"itemListElement\":[{\"@type\":\"ListItem\",\"position\":1,\"name\":\"Home\",\"item\":\"https:\\\/\\\/interamerica.org\\\/es\\\/\"},{\"@type\":\"ListItem\",\"position\":2,\"name\":\"L\u00edderes de la iglesia recomiendan fusi\u00f3n de territorios en Alemania para incrementar la eficiencia en la misi\u00f3n\"}]},{\"@type\":\"WebSite\",\"@id\":\"https:\\\/\\\/interamerica.org\\\/es\\\/#website\",\"url\":\"https:\\\/\\\/interamerica.org\\\/es\\\/\",\"name\":\"Iglesia Adventista del S\u00e9ptimo D\u00eda - Divisi\u00f3n Interamericana\",\"description\":\"\",\"potentialAction\":[{\"@type\":\"SearchAction\",\"target\":{\"@type\":\"EntryPoint\",\"urlTemplate\":\"https:\\\/\\\/interamerica.org\\\/es\\\/?s={search_term_string}\"},\"query-input\":{\"@type\":\"PropertyValueSpecification\",\"valueRequired\":true,\"valueName\":\"search_term_string\"}}],\"inLanguage\":\"es\"},{\"@type\":\"Person\",\"@id\":\"https:\\\/\\\/interamerica.org\\\/es\\\/#\\\/schema\\\/person\\\/29998f2bc2d8bd0d38662909289b54f1\",\"name\":\"libna\",\"image\":{\"@type\":\"ImageObject\",\"inLanguage\":\"es\",\"@id\":\"https:\\\/\\\/secure.gravatar.com\\\/avatar\\\/7c5bd30ae4b47a9ba3c856590957fd1d96dc588bf3ac05719d247e126840331f?s=96&d=mm&r=g\",\"url\":\"https:\\\/\\\/secure.gravatar.com\\\/avatar\\\/7c5bd30ae4b47a9ba3c856590957fd1d96dc588bf3ac05719d247e126840331f?s=96&d=mm&r=g\",\"contentUrl\":\"https:\\\/\\\/secure.gravatar.com\\\/avatar\\\/7c5bd30ae4b47a9ba3c856590957fd1d96dc588bf3ac05719d247e126840331f?s=96&d=mm&r=g\",\"caption\":\"libna\"}}]}<\/script>\n<!-- \/ Yoast SEO plugin. -->","yoast_head_json":{"title":"L\u00edderes de la iglesia recomiendan fusi\u00f3n de territorios en Alemania para incrementar la eficiencia en la misi\u00f3n - Iglesia Adventista del S\u00e9ptimo D\u00eda - Divisi\u00f3n Interamericana","robots":{"index":"index","follow":"follow","max-snippet":"max-snippet:-1","max-image-preview":"max-image-preview:large","max-video-preview":"max-video-preview:-1"},"canonical":"https:\/\/interamerica.org\/es\/2026\/04\/lideres-de-la-iglesia-recomiendan-fusion-de-territorios-en-alemania-para-incrementar-la-eficiencia-en-la-mision\/","og_locale":"es_ES","og_type":"article","og_title":"L\u00edderes de la iglesia recomiendan fusi\u00f3n de territorios en Alemania para incrementar la eficiencia en la misi\u00f3n - Iglesia Adventista del S\u00e9ptimo D\u00eda - Divisi\u00f3n Interamericana","og_description":"Los delegados al pr\u00f3ximo Congreso de la Asociaci\u00f3n General votar\u00e1n sobre la propuesta de la Uni\u00f3n Asociaci\u00f3n Alemana. 20 de abril de 2026 | Silver Spring, Maryland, Estados Unidos |...","og_url":"https:\/\/interamerica.org\/es\/2026\/04\/lideres-de-la-iglesia-recomiendan-fusion-de-territorios-en-alemania-para-incrementar-la-eficiencia-en-la-mision\/","og_site_name":"Iglesia Adventista del S\u00e9ptimo D\u00eda - Divisi\u00f3n Interamericana","article_published_time":"2026-04-21T15:17:39+00:00","article_modified_time":"2026-04-22T00:21:00+00:00","og_image":[{"width":720,"height":405,"url":"https:\/\/interamerica.org\/wp-content\/uploads\/2026\/04\/1-720.jpg","type":"image\/jpeg"}],"author":"libna","twitter_card":"summary_large_image","twitter_misc":{"Escrito por":"libna","Tiempo de lectura":"6 minutos"},"schema":{"@context":"https:\/\/schema.org","@graph":[{"@type":"Article","@id":"https:\/\/interamerica.org\/es\/2026\/04\/lideres-de-la-iglesia-recomiendan-fusion-de-territorios-en-alemania-para-incrementar-la-eficiencia-en-la-mision\/#article","isPartOf":{"@id":"https:\/\/interamerica.org\/es\/2026\/04\/lideres-de-la-iglesia-recomiendan-fusion-de-territorios-en-alemania-para-incrementar-la-eficiencia-en-la-mision\/"},"author":{"name":"libna","@id":"https:\/\/interamerica.org\/es\/#\/schema\/person\/29998f2bc2d8bd0d38662909289b54f1"},"headline":"L\u00edderes de la iglesia recomiendan fusi\u00f3n de territorios en Alemania para incrementar la eficiencia en la misi\u00f3n","datePublished":"2026-04-21T15:17:39+00:00","dateModified":"2026-04-22T00:21:00+00:00","mainEntityOfPage":{"@id":"https:\/\/interamerica.org\/es\/2026\/04\/lideres-de-la-iglesia-recomiendan-fusion-de-territorios-en-alemania-para-incrementar-la-eficiencia-en-la-mision\/"},"wordCount":1218,"image":{"@id":"https:\/\/interamerica.org\/es\/2026\/04\/lideres-de-la-iglesia-recomiendan-fusion-de-territorios-en-alemania-para-incrementar-la-eficiencia-en-la-mision\/#primaryimage"},"thumbnailUrl":"https:\/\/interamerica.org\/wp-content\/uploads\/2026\/04\/1-720.jpg","articleSection":["Desde la iglesia mundial","RSS Espa\u00f1ol"],"inLanguage":"es"},{"@type":"WebPage","@id":"https:\/\/interamerica.org\/es\/2026\/04\/lideres-de-la-iglesia-recomiendan-fusion-de-territorios-en-alemania-para-incrementar-la-eficiencia-en-la-mision\/","url":"https:\/\/interamerica.org\/es\/2026\/04\/lideres-de-la-iglesia-recomiendan-fusion-de-territorios-en-alemania-para-incrementar-la-eficiencia-en-la-mision\/","name":"L\u00edderes de la iglesia recomiendan fusi\u00f3n de territorios en Alemania para incrementar la eficiencia en la misi\u00f3n - Iglesia Adventista del S\u00e9ptimo D\u00eda - Divisi\u00f3n Interamericana","isPartOf":{"@id":"https:\/\/interamerica.org\/es\/#website"},"primaryImageOfPage":{"@id":"https:\/\/interamerica.org\/es\/2026\/04\/lideres-de-la-iglesia-recomiendan-fusion-de-territorios-en-alemania-para-incrementar-la-eficiencia-en-la-mision\/#primaryimage"},"image":{"@id":"https:\/\/interamerica.org\/es\/2026\/04\/lideres-de-la-iglesia-recomiendan-fusion-de-territorios-en-alemania-para-incrementar-la-eficiencia-en-la-mision\/#primaryimage"},"thumbnailUrl":"https:\/\/interamerica.org\/wp-content\/uploads\/2026\/04\/1-720.jpg","datePublished":"2026-04-21T15:17:39+00:00","dateModified":"2026-04-22T00:21:00+00:00","author":{"@id":"https:\/\/interamerica.org\/es\/#\/schema\/person\/29998f2bc2d8bd0d38662909289b54f1"},"breadcrumb":{"@id":"https:\/\/interamerica.org\/es\/2026\/04\/lideres-de-la-iglesia-recomiendan-fusion-de-territorios-en-alemania-para-incrementar-la-eficiencia-en-la-mision\/#breadcrumb"},"inLanguage":"es","potentialAction":[{"@type":"ReadAction","target":["https:\/\/interamerica.org\/es\/2026\/04\/lideres-de-la-iglesia-recomiendan-fusion-de-territorios-en-alemania-para-incrementar-la-eficiencia-en-la-mision\/"]}]},{"@type":"ImageObject","inLanguage":"es","@id":"https:\/\/interamerica.org\/es\/2026\/04\/lideres-de-la-iglesia-recomiendan-fusion-de-territorios-en-alemania-para-incrementar-la-eficiencia-en-la-mision\/#primaryimage","url":"https:\/\/interamerica.org\/wp-content\/uploads\/2026\/04\/1-720.jpg","contentUrl":"https:\/\/interamerica.org\/wp-content\/uploads\/2026\/04\/1-720.jpg","width":720,"height":405,"caption":"Fotograf\u00eda de archivo de la reuni\u00f3n conjunta de los delegados de la Uni\u00f3n Asociaci\u00f3n del Norte de Alemania y la Uni\u00f3n Asociaci\u00f3n del Sur de Alemania en la Universidad Adventista de Friedensau en 2022, cuando votaron a favor de proceder con la fusi\u00f3n. [\u00a9 Foto: Steve Kamatis \/ APD]"},{"@type":"BreadcrumbList","@id":"https:\/\/interamerica.org\/es\/2026\/04\/lideres-de-la-iglesia-recomiendan-fusion-de-territorios-en-alemania-para-incrementar-la-eficiencia-en-la-mision\/#breadcrumb","itemListElement":[{"@type":"ListItem","position":1,"name":"Home","item":"https:\/\/interamerica.org\/es\/"},{"@type":"ListItem","position":2,"name":"L\u00edderes de la iglesia recomiendan fusi\u00f3n de territorios en Alemania para incrementar la eficiencia en la misi\u00f3n"}]},{"@type":"WebSite","@id":"https:\/\/interamerica.org\/es\/#website","url":"https:\/\/interamerica.org\/es\/","name":"Iglesia Adventista del S\u00e9ptimo D\u00eda - Divisi\u00f3n Interamericana","description":"","potentialAction":[{"@type":"SearchAction","target":{"@type":"EntryPoint","urlTemplate":"https:\/\/interamerica.org\/es\/?s={search_term_string}"},"query-input":{"@type":"PropertyValueSpecification","valueRequired":true,"valueName":"search_term_string"}}],"inLanguage":"es"},{"@type":"Person","@id":"https:\/\/interamerica.org\/es\/#\/schema\/person\/29998f2bc2d8bd0d38662909289b54f1","name":"libna","image":{"@type":"ImageObject","inLanguage":"es","@id":"https:\/\/secure.gravatar.com\/avatar\/7c5bd30ae4b47a9ba3c856590957fd1d96dc588bf3ac05719d247e126840331f?s=96&d=mm&r=g","url":"https:\/\/secure.gravatar.com\/avatar\/7c5bd30ae4b47a9ba3c856590957fd1d96dc588bf3ac05719d247e126840331f?s=96&d=mm&r=g","contentUrl":"https:\/\/secure.gravatar.com\/avatar\/7c5bd30ae4b47a9ba3c856590957fd1d96dc588bf3ac05719d247e126840331f?s=96&d=mm&r=g","caption":"libna"}}]}},"_links":{"self":[{"href":"https:\/\/interamerica.org\/es\/wp-json\/wp\/v2\/posts\/141996","targetHints":{"allow":["GET"]}}],"collection":[{"href":"https:\/\/interamerica.org\/es\/wp-json\/wp\/v2\/posts"}],"about":[{"href":"https:\/\/interamerica.org\/es\/wp-json\/wp\/v2\/types\/post"}],"author":[{"embeddable":true,"href":"https:\/\/interamerica.org\/es\/wp-json\/wp\/v2\/users\/3"}],"replies":[{"embeddable":true,"href":"https:\/\/interamerica.org\/es\/wp-json\/wp\/v2\/comments?post=141996"}],"version-history":[{"count":4,"href":"https:\/\/interamerica.org\/es\/wp-json\/wp\/v2\/posts\/141996\/revisions"}],"predecessor-version":[{"id":142220,"href":"https:\/\/interamerica.org\/es\/wp-json\/wp\/v2\/posts\/141996\/revisions\/142220"}],"wp:featuredmedia":[{"embeddable":true,"href":"https:\/\/interamerica.org\/es\/wp-json\/wp\/v2\/media\/141997"}],"wp:attachment":[{"href":"https:\/\/interamerica.org\/es\/wp-json\/wp\/v2\/media?parent=141996"}],"wp:term":[{"taxonomy":"category","embeddable":true,"href":"https:\/\/interamerica.org\/es\/wp-json\/wp\/v2\/categories?post=141996"},{"taxonomy":"post_tag","embeddable":true,"href":"https:\/\/interamerica.org\/es\/wp-json\/wp\/v2\/tags?post=141996"}],"curies":[{"name":"wp","href":"https:\/\/api.w.org\/{rel}","templated":true}]}}