{"id":142070,"date":"2026-04-21T08:39:27","date_gmt":"2026-04-21T12:39:27","guid":{"rendered":"https:\/\/interamerica.org\/?p=142070"},"modified":"2026-04-21T20:22:54","modified_gmt":"2026-04-22T00:22:54","slug":"estudiantes-de-teologia-colombianos-guian-al-bautismo-a-centenares-de-personas-en-ecuador","status":"publish","type":"post","link":"https:\/\/interamerica.org\/es\/2026\/04\/estudiantes-de-teologia-colombianos-guian-al-bautismo-a-centenares-de-personas-en-ecuador\/","title":{"rendered":"Estudiantes de teolog\u00eda colombianos gu\u00edan al bautismo a centenares de personas en Ecuador"},"content":{"rendered":"<p><div id=\"attachment_142041\" style=\"width: 915px\" class=\"wp-caption aligncenter\"><img fetchpriority=\"high\" decoding=\"async\" aria-describedby=\"caption-attachment-142041\" class=\" wp-image-142041\" src=\"https:\/\/interamerica.org\/wp-content\/uploads\/2026\/04\/nocu-img-20260328-wa0100jpg-1024x768.jpeg\" alt=\"\" width=\"905\" height=\"679\" srcset=\"https:\/\/interamerica.org\/wp-content\/uploads\/2026\/04\/nocu-img-20260328-wa0100jpg-1024x768.jpeg 1024w, https:\/\/interamerica.org\/wp-content\/uploads\/2026\/04\/nocu-img-20260328-wa0100jpg-300x225.jpeg 300w, https:\/\/interamerica.org\/wp-content\/uploads\/2026\/04\/nocu-img-20260328-wa0100jpg-768x576.jpeg 768w, https:\/\/interamerica.org\/wp-content\/uploads\/2026\/04\/nocu-img-20260328-wa0100jpg.jpeg 1280w\" sizes=\"(max-width: 905px) 100vw, 905px\" \/><p id=\"caption-attachment-142041\" class=\"wp-caption-text\">Los creyentes toman parte en una ceremonia bautismal en el distrito Huaquillas, en la frontera entre Ecuador y Per\u00fa, despu\u00e9s de una campa\u00f1a de evangelizaci\u00f3n. El servicio fue dirigido por el pastor del distrito, Manuel Cochach\u00edn, con el apoyo del estudiante de teolog\u00eda, Fabio Velandia, como evangelizador. [Imagen: Universidad Adventista de Colombia]<\/p><\/div><em>Hist\u00f3rico alcance misionero fortalece a las iglesias locales y expande la evangelizaci\u00f3n en el sur de Ecuador.<\/em><\/p>\n<p>21 de abril de 2026 | Medell\u00edn, Antioquia, Colombia | Cristin Serrano y Personal de Noticias de la Divisi\u00f3n Interamericana<\/p>\n<p>Un esfuerzo evangelizador de dos semanas en el sur de Ecuador llev\u00f3 a 685 personas a elegir seguir a Cristo, con estudiantes de Teolog\u00eda de Colombia desempe\u00f1ando un papel clave en esta labor.<\/p>\n<p>La campa\u00f1a, celebrada del 21 de marzo al 4 de abril de 2026, fue parte de una m\u00e1s amplia iniciativa dirigida por la Iglesia Adventista del S\u00e9ptimo D\u00eda en la regi\u00f3n y coordinada por la Uni\u00f3n Misi\u00f3n de Ecuador con el fin de fortalecer la labor misionera en el pa\u00eds.<\/p>\n<p><div id=\"attachment_142043\" style=\"width: 909px\" class=\"wp-caption aligncenter\"><img decoding=\"async\" aria-describedby=\"caption-attachment-142043\" class=\" wp-image-142043\" src=\"https:\/\/interamerica.org\/wp-content\/uploads\/2026\/04\/nocu-img-20260328-wa0125jpg.jpg\" alt=\"\" width=\"899\" height=\"562\" srcset=\"https:\/\/interamerica.org\/wp-content\/uploads\/2026\/04\/nocu-img-20260328-wa0125jpg.jpg 1000w, https:\/\/interamerica.org\/wp-content\/uploads\/2026\/04\/nocu-img-20260328-wa0125jpg-300x188.jpg 300w, https:\/\/interamerica.org\/wp-content\/uploads\/2026\/04\/nocu-img-20260328-wa0125jpg-768x480.jpg 768w\" sizes=\"(max-width: 899px) 100vw, 899px\" \/><p id=\"caption-attachment-142043\" class=\"wp-caption-text\">El pastor Ever Castro, miembro de la facultad y coordinador de pr\u00e1cticas ministeriales de UNAC, oficia una ceremonia bautismal en la iglesia Realidad de Dios, en el distrito Florida de Guayaquil, como parte de la campa\u00f1a de evangelizaci\u00f3n en el sur de Ecuador. [Imagen: Universidad Adventista de Colombia]<\/p><\/div>Un total de 23 estudiantes de la Facultad de Teolog\u00eda y Religi\u00f3n de la Universidad Adventista de Colombia (UNAC) participaron en la iniciativa, contribuyendo a las centenares de decisiones hechas durante el esfuerzo de dos semanas.<\/p>\n<p>Con el tema \u201cEl Drama de la Pasi\u00f3n, la labor se llev\u00f3 a cabo dentro del territorio de la Misi\u00f3n Sur de Ecuador, parte de la Divisi\u00f3n Sudamericana, incluyendo ciudades tales como Guayaquil, Manta, Quevedo, Milagro, Salinas, Babahoyo y Loja, entre otras.<\/p>\n<p>En este contexto, la participaci\u00f3n de estudiantes de s\u00e9ptimo semestre marc\u00f3 un hito, siendo que representa la primera experiencia internacional de pr\u00e1ctica de evangelizaci\u00f3n p\u00fablica, se\u00f1alaron los profesores de la UNAC.<\/p>\n<p><div id=\"attachment_142044\" style=\"width: 874px\" class=\"wp-caption aligncenter\"><img decoding=\"async\" aria-describedby=\"caption-attachment-142044\" class=\" wp-image-142044\" src=\"https:\/\/interamerica.org\/wp-content\/uploads\/2026\/04\/nocu-20260325-161936.jpg\" alt=\"\" width=\"864\" height=\"470\" srcset=\"https:\/\/interamerica.org\/wp-content\/uploads\/2026\/04\/nocu-20260325-161936.jpg 1000w, https:\/\/interamerica.org\/wp-content\/uploads\/2026\/04\/nocu-20260325-161936-300x163.jpg 300w, https:\/\/interamerica.org\/wp-content\/uploads\/2026\/04\/nocu-20260325-161936-768x418.jpg 768w\" sizes=\"(max-width: 864px) 100vw, 864px\" \/><p id=\"caption-attachment-142044\" class=\"wp-caption-text\">El estudiante de teolog\u00eda, Elibardo Paredes, con nuevos creyentes, despu\u00e9s de una ceremonia bautismal en el sur de Ecuador, en donde, por la gracia de Dios, 75 personas decidieron seguir a Cristo. [Imagen: Universidad Adventista de Colombia]\u00a0<\/p><\/div>Bajo la coordinaci\u00f3n del pastor Ever Castro, docente y coordinador de pr\u00e1cticas ministeriales, los estudiantes fueron asignados a 23 distritos eclesi\u00e1sticos, integr\u00e1ndose activamente a iglesias locales, grupos peque\u00f1os, centros de influencia y espacios comunitarios, incluyendo cetros de rehabilitaci\u00f3n. Esta experiencia forma parte de su preparaci\u00f3n acad\u00e9mica, equipando con ello a los futuros pastores para el servicio en contextos reales de misi\u00f3n, dijo el pastor Castro.<\/p>\n<p>Durante las dos semanas de esfuerzo misionero, m\u00e1s de 2,500 personas escucharon el mensaje de Jesucristo centrado en su vida, muerte y resurrecci\u00f3n. De la cifra total de decisiones registradas en la Misi\u00f3n Sur de Ecuador, con sede en Guayaquil, 313 fueron el resultado directo de los esfuerzos de los mencionados estudiantes.<\/p>\n<p>Entre estos, destac\u00f3 la labor del estudiante Elibardo Paredes, quien fue testigo de la entrega de su vida a Cristo, de 75 persona, a trav\u00e9s de su labor de evangelizaci\u00f3n.<br \/>\nAdem\u00e1s de ello, se iniciaron m\u00e1s de 150 estudios b\u00edblicos, asegurando la continuidad del apoyo espiritual, dijeron los l\u00edderes locales.<\/p>\n<p>&nbsp;<\/p>\n<p><div id=\"attachment_142223\" style=\"width: 1034px\" class=\"wp-caption aligncenter\"><img loading=\"lazy\" decoding=\"async\" aria-describedby=\"caption-attachment-142223\" class=\"size-large wp-image-142223\" src=\"https:\/\/interamerica.org\/wp-content\/uploads\/2026\/04\/nocu-img-20260409-wa0053jpg-1024x461.jpeg\" alt=\"\" width=\"1024\" height=\"461\" srcset=\"https:\/\/interamerica.org\/wp-content\/uploads\/2026\/04\/nocu-img-20260409-wa0053jpg-1024x461.jpeg 1024w, https:\/\/interamerica.org\/wp-content\/uploads\/2026\/04\/nocu-img-20260409-wa0053jpg-300x135.jpeg 300w, https:\/\/interamerica.org\/wp-content\/uploads\/2026\/04\/nocu-img-20260409-wa0053jpg-768x346.jpeg 768w, https:\/\/interamerica.org\/wp-content\/uploads\/2026\/04\/nocu-img-20260409-wa0053jpg-1536x692.jpeg 1536w, https:\/\/interamerica.org\/wp-content\/uploads\/2026\/04\/nocu-img-20260409-wa0053jpg.jpeg 1599w\" sizes=\"(max-width: 1024px) 100vw, 1024px\" \/><p id=\"caption-attachment-142223\" class=\"wp-caption-text\">El estudiante de teolog\u00eda, Samuel Pe\u00f1a Castro hace una apelaci\u00f3n durante la campa\u00f1a de evangelizaci\u00f3n en la Iglesia Central en el distrito Chone, en el sur de Ecuador. [Imagen: Universidad Adventista de Colombia]<\/p><\/div>El impacto se reflej\u00f3 tambi\u00e9n en el fortalecimiento de iglesias locales, las que fueron revitalizadas en su dedicaci\u00f3n a la misi\u00f3n.<\/p>\n<p>Los dirigentes locales afirmaron que las continuas iniciativas de oraci\u00f3n, el aumento de la participaci\u00f3n de los miembros y un renovado \u00e9nfasis en la evangelizaci\u00f3n, evidenciaron un reavivamiento espiritual en los distritos involucrados. A trav\u00e9s de la campa\u00f1a, im\u00e1genes de estudiantes predicando, haciendo llamados y sirviendo a la comunidad, subrayaron su compromiso misionero en cada territorio.<\/p>\n<p>El pastor Alex Rodr\u00edguez, l\u00edder del distrito Guayaquil Florida, expres\u00f3 su gratitud por los resultados. \u201cEstoy muy agradecido a Dios por esas dos semanas de evangelizaci\u00f3n\u201d, dijo. \u201cEl resultado de almas obtenido en este per\u00edodo super\u00f3 lo alcanzado por el distrito durante todo el a\u00f1o 2025\u201d.<\/p>\n<p>Entre las muchas experiencias se destaca el testimonio de An\u00edbal Mu\u00f1oz. Despu\u00e9s de recibir estudios b\u00edblicos en su hogar, decidi\u00f3 entregar su vida a Cristo. Relat\u00f3 que durante una de las visitas experiment\u00f3 una intensa lucha espiritual; sin embargo, a trav\u00e9s de oraci\u00f3n persistente y el apoyo del estudiante de teolog\u00eda, experiment\u00f3 libertad en Jes\u00fas y m\u00e1s tarde sell\u00f3 su decisi\u00f3n mediante el bautismo. Actualmente, afirma que vive con la esperanza de la salvaci\u00f3n y una nueva vida en Cristo.<\/p>\n<p><div id=\"attachment_142048\" style=\"width: 904px\" class=\"wp-caption aligncenter\"><img loading=\"lazy\" decoding=\"async\" aria-describedby=\"caption-attachment-142048\" class=\" wp-image-142048\" src=\"https:\/\/interamerica.org\/wp-content\/uploads\/2026\/04\/nocu-img-20260328-wa0153-b.jpg\" alt=\"\" width=\"894\" height=\"559\" srcset=\"https:\/\/interamerica.org\/wp-content\/uploads\/2026\/04\/nocu-img-20260328-wa0153-b.jpg 1000w, https:\/\/interamerica.org\/wp-content\/uploads\/2026\/04\/nocu-img-20260328-wa0153-b-300x188.jpg 300w, https:\/\/interamerica.org\/wp-content\/uploads\/2026\/04\/nocu-img-20260328-wa0153-b-768x480.jpg 768w\" sizes=\"(max-width: 894px) 100vw, 894px\" \/><p id=\"caption-attachment-142048\" class=\"wp-caption-text\">An\u00edbal Mu\u00f1oz durante la toma de sus votos bautismales en la Iglesia Montalvo, en el distrito Montalvo Bol\u00edvar, despu\u00e9s de decidir dar su vida a Cristo como resultado de la campa\u00f1a de evangelizaci\u00f3n. El pastor Salom\u00f3n V\u00e1squez y el estudiante de teolog\u00eda, Juan Pablo Bayona, participaron en el servicio. [Imagen: Universidad Adventista de Colombia]<\/p><\/div><br \/>\nEl estudiante Paredes se expres\u00f3 tambi\u00e9n en referencia a esta vivencia evangelizadora: \u201cEsta experiencia evangelizadora cambi\u00f3 mi vida. Sal\u00ed en busca de uno para Jes\u00fas y yo fui el primero alcanzado para \u00e9l\u201d, subrayando con eso el impacto transformador no solo experimentado por quienes recibieron el mensaje, sino tambi\u00e9n por aquellos que lo fueron a compartir.<\/p>\n<p>El pastor Castro dijo que la experiencia reafirm\u00f3 el papel que desempe\u00f1a la evangelizaci\u00f3n como el coraz\u00f3n de la misi\u00f3n de la Iglesia Adventista del S\u00e9ptimo D\u00eda y enfatiz\u00f3 el valor del entrenamiento pr\u00e1ctico en la preparaci\u00f3n de los futuros l\u00edderes espirituales<\/p>\n<p>\u201cM\u00e1s all\u00e1 de las cifras, demostr\u00f3 c\u00f3mo Dios contin\u00faa obrando cuando su iglesia se une en un esfuerzo com\u00fan, movilizando a los creyentes m\u00e1s all\u00e1 de fronteras y preparando corazones para el pronto retorno de Jes\u00fas\u201d, a\u00f1adi\u00f3.<\/p>\n<p>Traducci\u00f3n \u2013 Gloria A. Castrej\u00f3n<\/p>\n","protected":false},"excerpt":{"rendered":"<p>Hist\u00f3rico alcance misionero fortalece a las iglesias locales y expande la evangelizaci\u00f3n en el sur de Ecuador. 21 de abril de 2026 | Medell\u00edn, Antioquia, Colombia | Cristin Serrano y&#8230;<\/p>\n","protected":false},"author":3,"featured_media":142071,"comment_status":"closed","ping_status":"closed","sticky":false,"template":"","format":"standard","meta":{"_acf_changed":false,"footnotes":""},"categories":[17,15],"tags":[],"class_list":["post-142070","post","type-post","status-publish","format-standard","has-post-thumbnail","hentry","category-desde-el-campo","category-rss-espanol"],"acf":[],"yoast_head":"<!-- This site is optimized with the Yoast SEO plugin v27.3 - https:\/\/yoast.com\/product\/yoast-seo-wordpress\/ -->\n<title>Estudiantes de teolog\u00eda colombianos gu\u00edan al bautismo a centenares de personas en Ecuador - Iglesia Adventista del S\u00e9ptimo D\u00eda - Divisi\u00f3n Interamericana<\/title>\n<meta name=\"robots\" content=\"index, follow, max-snippet:-1, max-image-preview:large, max-video-preview:-1\" \/>\n<link rel=\"canonical\" href=\"https:\/\/interamerica.org\/es\/2026\/04\/estudiantes-de-teologia-colombianos-guian-al-bautismo-a-centenares-de-personas-en-ecuador\/\" \/>\n<meta property=\"og:locale\" content=\"es_ES\" \/>\n<meta property=\"og:type\" content=\"article\" \/>\n<meta property=\"og:title\" content=\"Estudiantes de teolog\u00eda colombianos gu\u00edan al bautismo a centenares de personas en Ecuador - Iglesia Adventista del S\u00e9ptimo D\u00eda - Divisi\u00f3n Interamericana\" \/>\n<meta property=\"og:description\" content=\"Hist\u00f3rico alcance misionero fortalece a las iglesias locales y expande la evangelizaci\u00f3n en el sur de Ecuador. 21 de abril de 2026 | Medell\u00edn, Antioquia, Colombia | Cristin Serrano y...\" \/>\n<meta property=\"og:url\" content=\"https:\/\/interamerica.org\/es\/2026\/04\/estudiantes-de-teologia-colombianos-guian-al-bautismo-a-centenares-de-personas-en-ecuador\/\" \/>\n<meta property=\"og:site_name\" content=\"Iglesia Adventista del S\u00e9ptimo D\u00eda - Divisi\u00f3n Interamericana\" \/>\n<meta property=\"article:published_time\" content=\"2026-04-21T12:39:27+00:00\" \/>\n<meta property=\"article:modified_time\" content=\"2026-04-22T00:22:54+00:00\" \/>\n<meta property=\"og:image\" content=\"https:\/\/interamerica.org\/wp-content\/uploads\/2026\/04\/nocu-img-20260328-wa0100jpg.jpeg\" \/>\n\t<meta property=\"og:image:width\" content=\"1280\" \/>\n\t<meta property=\"og:image:height\" content=\"960\" \/>\n\t<meta property=\"og:image:type\" content=\"image\/jpeg\" \/>\n<meta name=\"author\" content=\"libna\" \/>\n<meta name=\"twitter:card\" content=\"summary_large_image\" \/>\n<meta name=\"twitter:label1\" content=\"Escrito por\" \/>\n\t<meta name=\"twitter:data1\" content=\"libna\" \/>\n\t<meta name=\"twitter:label2\" content=\"Tiempo de lectura\" \/>\n\t<meta name=\"twitter:data2\" content=\"6 minutos\" \/>\n<script type=\"application\/ld+json\" class=\"yoast-schema-graph\">{\"@context\":\"https:\\\/\\\/schema.org\",\"@graph\":[{\"@type\":\"Article\",\"@id\":\"https:\\\/\\\/interamerica.org\\\/es\\\/2026\\\/04\\\/estudiantes-de-teologia-colombianos-guian-al-bautismo-a-centenares-de-personas-en-ecuador\\\/#article\",\"isPartOf\":{\"@id\":\"https:\\\/\\\/interamerica.org\\\/es\\\/2026\\\/04\\\/estudiantes-de-teologia-colombianos-guian-al-bautismo-a-centenares-de-personas-en-ecuador\\\/\"},\"author\":{\"name\":\"libna\",\"@id\":\"https:\\\/\\\/interamerica.org\\\/es\\\/#\\\/schema\\\/person\\\/29998f2bc2d8bd0d38662909289b54f1\"},\"headline\":\"Estudiantes de teolog\u00eda colombianos gu\u00edan al bautismo a centenares de personas en Ecuador\",\"datePublished\":\"2026-04-21T12:39:27+00:00\",\"dateModified\":\"2026-04-22T00:22:54+00:00\",\"mainEntityOfPage\":{\"@id\":\"https:\\\/\\\/interamerica.org\\\/es\\\/2026\\\/04\\\/estudiantes-de-teologia-colombianos-guian-al-bautismo-a-centenares-de-personas-en-ecuador\\\/\"},\"wordCount\":1110,\"image\":{\"@id\":\"https:\\\/\\\/interamerica.org\\\/es\\\/2026\\\/04\\\/estudiantes-de-teologia-colombianos-guian-al-bautismo-a-centenares-de-personas-en-ecuador\\\/#primaryimage\"},\"thumbnailUrl\":\"https:\\\/\\\/interamerica.org\\\/wp-content\\\/uploads\\\/2026\\\/04\\\/nocu-img-20260328-wa0100jpg.jpeg\",\"articleSection\":[\"Desde el campo\",\"RSS Espa\u00f1ol\"],\"inLanguage\":\"es\"},{\"@type\":\"WebPage\",\"@id\":\"https:\\\/\\\/interamerica.org\\\/es\\\/2026\\\/04\\\/estudiantes-de-teologia-colombianos-guian-al-bautismo-a-centenares-de-personas-en-ecuador\\\/\",\"url\":\"https:\\\/\\\/interamerica.org\\\/es\\\/2026\\\/04\\\/estudiantes-de-teologia-colombianos-guian-al-bautismo-a-centenares-de-personas-en-ecuador\\\/\",\"name\":\"Estudiantes de teolog\u00eda colombianos gu\u00edan al bautismo a centenares de personas en Ecuador - Iglesia Adventista del S\u00e9ptimo D\u00eda - Divisi\u00f3n Interamericana\",\"isPartOf\":{\"@id\":\"https:\\\/\\\/interamerica.org\\\/es\\\/#website\"},\"primaryImageOfPage\":{\"@id\":\"https:\\\/\\\/interamerica.org\\\/es\\\/2026\\\/04\\\/estudiantes-de-teologia-colombianos-guian-al-bautismo-a-centenares-de-personas-en-ecuador\\\/#primaryimage\"},\"image\":{\"@id\":\"https:\\\/\\\/interamerica.org\\\/es\\\/2026\\\/04\\\/estudiantes-de-teologia-colombianos-guian-al-bautismo-a-centenares-de-personas-en-ecuador\\\/#primaryimage\"},\"thumbnailUrl\":\"https:\\\/\\\/interamerica.org\\\/wp-content\\\/uploads\\\/2026\\\/04\\\/nocu-img-20260328-wa0100jpg.jpeg\",\"datePublished\":\"2026-04-21T12:39:27+00:00\",\"dateModified\":\"2026-04-22T00:22:54+00:00\",\"author\":{\"@id\":\"https:\\\/\\\/interamerica.org\\\/es\\\/#\\\/schema\\\/person\\\/29998f2bc2d8bd0d38662909289b54f1\"},\"breadcrumb\":{\"@id\":\"https:\\\/\\\/interamerica.org\\\/es\\\/2026\\\/04\\\/estudiantes-de-teologia-colombianos-guian-al-bautismo-a-centenares-de-personas-en-ecuador\\\/#breadcrumb\"},\"inLanguage\":\"es\",\"potentialAction\":[{\"@type\":\"ReadAction\",\"target\":[\"https:\\\/\\\/interamerica.org\\\/es\\\/2026\\\/04\\\/estudiantes-de-teologia-colombianos-guian-al-bautismo-a-centenares-de-personas-en-ecuador\\\/\"]}]},{\"@type\":\"ImageObject\",\"inLanguage\":\"es\",\"@id\":\"https:\\\/\\\/interamerica.org\\\/es\\\/2026\\\/04\\\/estudiantes-de-teologia-colombianos-guian-al-bautismo-a-centenares-de-personas-en-ecuador\\\/#primaryimage\",\"url\":\"https:\\\/\\\/interamerica.org\\\/wp-content\\\/uploads\\\/2026\\\/04\\\/nocu-img-20260328-wa0100jpg.jpeg\",\"contentUrl\":\"https:\\\/\\\/interamerica.org\\\/wp-content\\\/uploads\\\/2026\\\/04\\\/nocu-img-20260328-wa0100jpg.jpeg\",\"width\":1280,\"height\":960,\"caption\":\"Los creyentes toman parte en una ceremonia bautismal en el distrito Huaquillas, en la frontera entre Ecuador y Per\u00fa, despu\u00e9s de una campa\u00f1a de evangelizaci\u00f3n. El servicio fue dirigido por el pastor del distrito, Manuel Cochach\u00edn, con el apoyo del estudiante de teolog\u00eda, Fabio Velandia, como evangelizador. [Imagen: Universidad Adventista de Colombia]\"},{\"@type\":\"BreadcrumbList\",\"@id\":\"https:\\\/\\\/interamerica.org\\\/es\\\/2026\\\/04\\\/estudiantes-de-teologia-colombianos-guian-al-bautismo-a-centenares-de-personas-en-ecuador\\\/#breadcrumb\",\"itemListElement\":[{\"@type\":\"ListItem\",\"position\":1,\"name\":\"Home\",\"item\":\"https:\\\/\\\/interamerica.org\\\/es\\\/\"},{\"@type\":\"ListItem\",\"position\":2,\"name\":\"Estudiantes de teolog\u00eda colombianos gu\u00edan al bautismo a centenares de personas en Ecuador\"}]},{\"@type\":\"WebSite\",\"@id\":\"https:\\\/\\\/interamerica.org\\\/es\\\/#website\",\"url\":\"https:\\\/\\\/interamerica.org\\\/es\\\/\",\"name\":\"Iglesia Adventista del S\u00e9ptimo D\u00eda - Divisi\u00f3n Interamericana\",\"description\":\"\",\"potentialAction\":[{\"@type\":\"SearchAction\",\"target\":{\"@type\":\"EntryPoint\",\"urlTemplate\":\"https:\\\/\\\/interamerica.org\\\/es\\\/?s={search_term_string}\"},\"query-input\":{\"@type\":\"PropertyValueSpecification\",\"valueRequired\":true,\"valueName\":\"search_term_string\"}}],\"inLanguage\":\"es\"},{\"@type\":\"Person\",\"@id\":\"https:\\\/\\\/interamerica.org\\\/es\\\/#\\\/schema\\\/person\\\/29998f2bc2d8bd0d38662909289b54f1\",\"name\":\"libna\",\"image\":{\"@type\":\"ImageObject\",\"inLanguage\":\"es\",\"@id\":\"https:\\\/\\\/secure.gravatar.com\\\/avatar\\\/7c5bd30ae4b47a9ba3c856590957fd1d96dc588bf3ac05719d247e126840331f?s=96&d=mm&r=g\",\"url\":\"https:\\\/\\\/secure.gravatar.com\\\/avatar\\\/7c5bd30ae4b47a9ba3c856590957fd1d96dc588bf3ac05719d247e126840331f?s=96&d=mm&r=g\",\"contentUrl\":\"https:\\\/\\\/secure.gravatar.com\\\/avatar\\\/7c5bd30ae4b47a9ba3c856590957fd1d96dc588bf3ac05719d247e126840331f?s=96&d=mm&r=g\",\"caption\":\"libna\"}}]}<\/script>\n<!-- \/ Yoast SEO plugin. -->","yoast_head_json":{"title":"Estudiantes de teolog\u00eda colombianos gu\u00edan al bautismo a centenares de personas en Ecuador - Iglesia Adventista del S\u00e9ptimo D\u00eda - Divisi\u00f3n Interamericana","robots":{"index":"index","follow":"follow","max-snippet":"max-snippet:-1","max-image-preview":"max-image-preview:large","max-video-preview":"max-video-preview:-1"},"canonical":"https:\/\/interamerica.org\/es\/2026\/04\/estudiantes-de-teologia-colombianos-guian-al-bautismo-a-centenares-de-personas-en-ecuador\/","og_locale":"es_ES","og_type":"article","og_title":"Estudiantes de teolog\u00eda colombianos gu\u00edan al bautismo a centenares de personas en Ecuador - Iglesia Adventista del S\u00e9ptimo D\u00eda - Divisi\u00f3n Interamericana","og_description":"Hist\u00f3rico alcance misionero fortalece a las iglesias locales y expande la evangelizaci\u00f3n en el sur de Ecuador. 21 de abril de 2026 | Medell\u00edn, Antioquia, Colombia | Cristin Serrano y...","og_url":"https:\/\/interamerica.org\/es\/2026\/04\/estudiantes-de-teologia-colombianos-guian-al-bautismo-a-centenares-de-personas-en-ecuador\/","og_site_name":"Iglesia Adventista del S\u00e9ptimo D\u00eda - Divisi\u00f3n Interamericana","article_published_time":"2026-04-21T12:39:27+00:00","article_modified_time":"2026-04-22T00:22:54+00:00","og_image":[{"width":1280,"height":960,"url":"https:\/\/interamerica.org\/wp-content\/uploads\/2026\/04\/nocu-img-20260328-wa0100jpg.jpeg","type":"image\/jpeg"}],"author":"libna","twitter_card":"summary_large_image","twitter_misc":{"Escrito por":"libna","Tiempo de lectura":"6 minutos"},"schema":{"@context":"https:\/\/schema.org","@graph":[{"@type":"Article","@id":"https:\/\/interamerica.org\/es\/2026\/04\/estudiantes-de-teologia-colombianos-guian-al-bautismo-a-centenares-de-personas-en-ecuador\/#article","isPartOf":{"@id":"https:\/\/interamerica.org\/es\/2026\/04\/estudiantes-de-teologia-colombianos-guian-al-bautismo-a-centenares-de-personas-en-ecuador\/"},"author":{"name":"libna","@id":"https:\/\/interamerica.org\/es\/#\/schema\/person\/29998f2bc2d8bd0d38662909289b54f1"},"headline":"Estudiantes de teolog\u00eda colombianos gu\u00edan al bautismo a centenares de personas en Ecuador","datePublished":"2026-04-21T12:39:27+00:00","dateModified":"2026-04-22T00:22:54+00:00","mainEntityOfPage":{"@id":"https:\/\/interamerica.org\/es\/2026\/04\/estudiantes-de-teologia-colombianos-guian-al-bautismo-a-centenares-de-personas-en-ecuador\/"},"wordCount":1110,"image":{"@id":"https:\/\/interamerica.org\/es\/2026\/04\/estudiantes-de-teologia-colombianos-guian-al-bautismo-a-centenares-de-personas-en-ecuador\/#primaryimage"},"thumbnailUrl":"https:\/\/interamerica.org\/wp-content\/uploads\/2026\/04\/nocu-img-20260328-wa0100jpg.jpeg","articleSection":["Desde el campo","RSS Espa\u00f1ol"],"inLanguage":"es"},{"@type":"WebPage","@id":"https:\/\/interamerica.org\/es\/2026\/04\/estudiantes-de-teologia-colombianos-guian-al-bautismo-a-centenares-de-personas-en-ecuador\/","url":"https:\/\/interamerica.org\/es\/2026\/04\/estudiantes-de-teologia-colombianos-guian-al-bautismo-a-centenares-de-personas-en-ecuador\/","name":"Estudiantes de teolog\u00eda colombianos gu\u00edan al bautismo a centenares de personas en Ecuador - Iglesia Adventista del S\u00e9ptimo D\u00eda - Divisi\u00f3n Interamericana","isPartOf":{"@id":"https:\/\/interamerica.org\/es\/#website"},"primaryImageOfPage":{"@id":"https:\/\/interamerica.org\/es\/2026\/04\/estudiantes-de-teologia-colombianos-guian-al-bautismo-a-centenares-de-personas-en-ecuador\/#primaryimage"},"image":{"@id":"https:\/\/interamerica.org\/es\/2026\/04\/estudiantes-de-teologia-colombianos-guian-al-bautismo-a-centenares-de-personas-en-ecuador\/#primaryimage"},"thumbnailUrl":"https:\/\/interamerica.org\/wp-content\/uploads\/2026\/04\/nocu-img-20260328-wa0100jpg.jpeg","datePublished":"2026-04-21T12:39:27+00:00","dateModified":"2026-04-22T00:22:54+00:00","author":{"@id":"https:\/\/interamerica.org\/es\/#\/schema\/person\/29998f2bc2d8bd0d38662909289b54f1"},"breadcrumb":{"@id":"https:\/\/interamerica.org\/es\/2026\/04\/estudiantes-de-teologia-colombianos-guian-al-bautismo-a-centenares-de-personas-en-ecuador\/#breadcrumb"},"inLanguage":"es","potentialAction":[{"@type":"ReadAction","target":["https:\/\/interamerica.org\/es\/2026\/04\/estudiantes-de-teologia-colombianos-guian-al-bautismo-a-centenares-de-personas-en-ecuador\/"]}]},{"@type":"ImageObject","inLanguage":"es","@id":"https:\/\/interamerica.org\/es\/2026\/04\/estudiantes-de-teologia-colombianos-guian-al-bautismo-a-centenares-de-personas-en-ecuador\/#primaryimage","url":"https:\/\/interamerica.org\/wp-content\/uploads\/2026\/04\/nocu-img-20260328-wa0100jpg.jpeg","contentUrl":"https:\/\/interamerica.org\/wp-content\/uploads\/2026\/04\/nocu-img-20260328-wa0100jpg.jpeg","width":1280,"height":960,"caption":"Los creyentes toman parte en una ceremonia bautismal en el distrito Huaquillas, en la frontera entre Ecuador y Per\u00fa, despu\u00e9s de una campa\u00f1a de evangelizaci\u00f3n. El servicio fue dirigido por el pastor del distrito, Manuel Cochach\u00edn, con el apoyo del estudiante de teolog\u00eda, Fabio Velandia, como evangelizador. [Imagen: Universidad Adventista de Colombia]"},{"@type":"BreadcrumbList","@id":"https:\/\/interamerica.org\/es\/2026\/04\/estudiantes-de-teologia-colombianos-guian-al-bautismo-a-centenares-de-personas-en-ecuador\/#breadcrumb","itemListElement":[{"@type":"ListItem","position":1,"name":"Home","item":"https:\/\/interamerica.org\/es\/"},{"@type":"ListItem","position":2,"name":"Estudiantes de teolog\u00eda colombianos gu\u00edan al bautismo a centenares de personas en Ecuador"}]},{"@type":"WebSite","@id":"https:\/\/interamerica.org\/es\/#website","url":"https:\/\/interamerica.org\/es\/","name":"Iglesia Adventista del S\u00e9ptimo D\u00eda - Divisi\u00f3n Interamericana","description":"","potentialAction":[{"@type":"SearchAction","target":{"@type":"EntryPoint","urlTemplate":"https:\/\/interamerica.org\/es\/?s={search_term_string}"},"query-input":{"@type":"PropertyValueSpecification","valueRequired":true,"valueName":"search_term_string"}}],"inLanguage":"es"},{"@type":"Person","@id":"https:\/\/interamerica.org\/es\/#\/schema\/person\/29998f2bc2d8bd0d38662909289b54f1","name":"libna","image":{"@type":"ImageObject","inLanguage":"es","@id":"https:\/\/secure.gravatar.com\/avatar\/7c5bd30ae4b47a9ba3c856590957fd1d96dc588bf3ac05719d247e126840331f?s=96&d=mm&r=g","url":"https:\/\/secure.gravatar.com\/avatar\/7c5bd30ae4b47a9ba3c856590957fd1d96dc588bf3ac05719d247e126840331f?s=96&d=mm&r=g","contentUrl":"https:\/\/secure.gravatar.com\/avatar\/7c5bd30ae4b47a9ba3c856590957fd1d96dc588bf3ac05719d247e126840331f?s=96&d=mm&r=g","caption":"libna"}}]}},"_links":{"self":[{"href":"https:\/\/interamerica.org\/es\/wp-json\/wp\/v2\/posts\/142070","targetHints":{"allow":["GET"]}}],"collection":[{"href":"https:\/\/interamerica.org\/es\/wp-json\/wp\/v2\/posts"}],"about":[{"href":"https:\/\/interamerica.org\/es\/wp-json\/wp\/v2\/types\/post"}],"author":[{"embeddable":true,"href":"https:\/\/interamerica.org\/es\/wp-json\/wp\/v2\/users\/3"}],"replies":[{"embeddable":true,"href":"https:\/\/interamerica.org\/es\/wp-json\/wp\/v2\/comments?post=142070"}],"version-history":[{"count":3,"href":"https:\/\/interamerica.org\/es\/wp-json\/wp\/v2\/posts\/142070\/revisions"}],"predecessor-version":[{"id":142226,"href":"https:\/\/interamerica.org\/es\/wp-json\/wp\/v2\/posts\/142070\/revisions\/142226"}],"wp:featuredmedia":[{"embeddable":true,"href":"https:\/\/interamerica.org\/es\/wp-json\/wp\/v2\/media\/142071"}],"wp:attachment":[{"href":"https:\/\/interamerica.org\/es\/wp-json\/wp\/v2\/media?parent=142070"}],"wp:term":[{"taxonomy":"category","embeddable":true,"href":"https:\/\/interamerica.org\/es\/wp-json\/wp\/v2\/categories?post=142070"},{"taxonomy":"post_tag","embeddable":true,"href":"https:\/\/interamerica.org\/es\/wp-json\/wp\/v2\/tags?post=142070"}],"curies":[{"name":"wp","href":"https:\/\/api.w.org\/{rel}","templated":true}]}}