{"id":142237,"date":"2026-04-21T18:54:19","date_gmt":"2026-04-21T22:54:19","guid":{"rendered":"https:\/\/interamerica.org\/?p=142237"},"modified":"2026-04-22T13:59:33","modified_gmt":"2026-04-22T17:59:33","slug":"directivos-financieros-adventistas-alaban-a-dios-y-comprometen-mas-fondos-para-la-mision","status":"publish","type":"post","link":"https:\/\/interamerica.org\/es\/2026\/04\/directivos-financieros-adventistas-alaban-a-dios-y-comprometen-mas-fondos-para-la-mision\/","title":{"rendered":"Directivos financieros adventistas alaban a Dios y comprometen m\u00e1s fondos para la misi\u00f3n"},"content":{"rendered":"<p class=\"c-post-header__subtitle\"><em>El Informe del Tesorero durante el Concilio de Primavera destaca la administraci\u00f3n cuidadosa de los fondos de la iglesia.<\/em><\/p>\n<p>21 de abril de 2026 | Silver Spring, Maryland, Estados Unidos | Marcos Paseggi, <em>Adventist Review<\/em><\/p>\n<p>\u201cEs un privilegio para m\u00ed informar que la situaci\u00f3n financiera de la Asociaci\u00f3n General, al 31 de diciembre de 2025, es s\u00f3lida\u201d, dijo Paul H. Douglas, tesorero de la Asociaci\u00f3n General, al comenzar su Informe del Tesorero el pasado 14 de abril. El informe, presentado a los miembros de la Junta Directiva de la Asociaci\u00f3n General, destac\u00f3 los principales indicadores financieros y comparti\u00f3 cifras clave durante el primer d\u00eda del Concilio de Primavera en la sede de la iglesia mundial en Silver Spring, Maryland, Estados Unidos.<\/p>\n<p>\u201cAlabamos al Se\u00f1or por la s\u00f3lida posici\u00f3n financiera, considerando las condiciones econ\u00f3micas globales vigentes\u201d, dijo Douglas a los l\u00edderes de la iglesia, a\u00f1adiendo que \u201chemos sido fieles mayordomos de los recursos que Dios nos ha proporcionado para contribuir al avance de su reino\u201d. Al mismo tiempo, sin embargo, subray\u00f3 que la fortaleza financiera de la Asociaci\u00f3n General \u201cno se debe a nuestros propios logros\u201d. M\u00e1s bien, es \u201cel prop\u00f3sito de Dios proporcionarnos lo que necesitamos para hacer su obra\u201d, expres\u00f3. \u201cSomos fuertes porque Dios es fuerte\u201d.<\/p>\n<p><div id=\"attachment_142212\" style=\"width: 910px\" class=\"wp-caption aligncenter\"><img fetchpriority=\"high\" decoding=\"async\" aria-describedby=\"caption-attachment-142212\" class=\" wp-image-142212\" src=\"https:\/\/interamerica.org\/wp-content\/uploads\/2026\/04\/paul-douglas-1-11-1024x683.jpg\" alt=\"\" width=\"900\" height=\"600\" srcset=\"https:\/\/interamerica.org\/wp-content\/uploads\/2026\/04\/paul-douglas-1-11-1024x683.jpg 1024w, https:\/\/interamerica.org\/wp-content\/uploads\/2026\/04\/paul-douglas-1-11-300x200.jpg 300w, https:\/\/interamerica.org\/wp-content\/uploads\/2026\/04\/paul-douglas-1-11-768x512.jpg 768w, https:\/\/interamerica.org\/wp-content\/uploads\/2026\/04\/paul-douglas-1-11-1536x1024.jpg 1536w, https:\/\/interamerica.org\/wp-content\/uploads\/2026\/04\/paul-douglas-1-11-2048x1366.jpg 2048w\" sizes=\"(max-width: 900px) 100vw, 900px\" \/><p id=\"caption-attachment-142212\" class=\"wp-caption-text\">Paul H. Douglas, tesorero de la Asociaci\u00f3n General de los Adventistas del S\u00e9ptimo D\u00eda, presenta su informe durante el Concilio de Primavera en Silver Spring, Maryland, Estados Unidos, el pasado 14 de abril. [Fotograf\u00eda: George Nelson\/Adventist Media Exchange (CC BY 4.0)]<\/p><\/div><strong>Montos muy por encima del presupuesto<\/strong><\/p>\n<p>En los minutos siguientes, Douglas inform\u00f3 sobre las principales cifras de la actividad financiera en 2025. Entre ellos se incluy\u00f3 los 89 millones de d\u00f3lares que representan la parte del diezmo que la sede mundial recibi\u00f3 de todo el mundo para financiar sus actividades. La cifra estuvo dos millones de d\u00f3lares por encima de la cantidad presupuestada, similar a la cantidad recibida en 2019, que se considera \u201cel \u00faltimo a\u00f1o normal\u201d antes de la interrupci\u00f3n causada por la pandemia del COVID-19. Adem\u00e1s, estuvo tres millones de d\u00f3lares por encima de los 86 millones recibidos en 2024, inform\u00f3.<\/p>\n<p>Las ofrendas, por otro lado, ascendieron a 101 millones de d\u00f3lares, 14 m\u00e1s que los 87 millones presupuestados para el a\u00f1o y 24 millones m\u00e1s que en el a\u00f1o de referencia 2019. En general, se observa un patr\u00f3n en el que las ofrendas representan un porcentaje creciente de los fondos recibidos, inform\u00f3 Douglas. Mientras que en 2021 las ofrendas representaban el 44 por ciento de los fondos utilizados por la Asociaci\u00f3n General para llevar a cabo sus actividades, en 2025 alcanzaron el 53 por ciento del total, afirm\u00f3. \u201cEste cambio continuado [\u2026] sugiere que el inter\u00e9s por la misi\u00f3n global de la iglesia se est\u00e1 reavivando en los corazones y mentes de nuestros miembros\u201d.<\/p>\n<p>En ese sentido, Douglas anticip\u00f3 que, como consecuencia de esa tendencia en las ofrendas, el trabajo a nivel local \u201cser\u00e1 m\u00e1s pr\u00f3spero gracias a la atenci\u00f3n deliberada que se da a la obra global\u201d.<\/p>\n<p><strong>Mayores gastos en la misi\u00f3n<\/strong><\/p>\n<p>En cuanto a los gastos, Douglas inform\u00f3 que el 46 por ciento del total se destin\u00f3 a la estrategia y apoyo misionero, el 17 por ciento a medios y publicaciones, y el 17 por ciento al desarrollo y rendici\u00f3n de cuentas del liderazgo. El 8 por ciento se invirti\u00f3 en instituciones educativas, mientras que otro 12 por ciento se dedic\u00f3 a otras actividades.<\/p>\n<p><div id=\"attachment_142213\" style=\"width: 634px\" class=\"wp-caption aligncenter\"><img decoding=\"async\" aria-describedby=\"caption-attachment-142213\" class=\" wp-image-142213\" src=\"https:\/\/interamerica.org\/wp-content\/uploads\/2026\/04\/wahlen-2-10-768x1152-1-683x1024.jpg\" alt=\"\" width=\"624\" height=\"936\" srcset=\"https:\/\/interamerica.org\/wp-content\/uploads\/2026\/04\/wahlen-2-10-768x1152-1-683x1024.jpg 683w, https:\/\/interamerica.org\/wp-content\/uploads\/2026\/04\/wahlen-2-10-768x1152-1-200x300.jpg 200w, https:\/\/interamerica.org\/wp-content\/uploads\/2026\/04\/wahlen-2-10-768x1152-1.jpg 768w\" sizes=\"(max-width: 624px) 100vw, 624px\" \/><p id=\"caption-attachment-142213\" class=\"wp-caption-text\">Ray Wahlen, subtesorero de la Conferencia General, inform\u00f3 sobre el tope de gastos operativos a la vez que agradeci\u00f3 al Se\u00f1or y a sus miembros por su fiel mayordom\u00eda. [Fotograf\u00eda: George Nelson\/Adventist Media Exchange (CC BY 4.0)]<\/p><\/div>\u201cLos gastos totales fueron de aproximadamente 20 millones de d\u00f3lares, o un 11 por ciento m\u00e1s, que en 2024\u201d, dijo Douglas. Eso incluye el gasto de fondos que estaban restringidos por donantes para fines prescritos, fondos enviados a regiones eclesi\u00e1sticas como ayuda para proyectos especiales y fondos para respuesta a emergencias.<\/p>\n<p>Sin embargo, en general, Douglas inform\u00f3 de un aumento de 25 millones de d\u00f3lares en activos netos, impulsado principalmente por 27 millones de d\u00f3lares en ingresos por inversiones.<\/p>\n<p><strong>M\u00e1s fondos para la misi\u00f3n<\/strong><\/p>\n<p>De cara al futuro, Douglas inform\u00f3 que su equipo ha estado analizando el patr\u00f3n de diezmos y contribuciones de ofrendas, comprobando que \u201clo que esper\u00e1bamos no ha ocurrido\u201d, ya que las cantidades reales \u201chan superado nuestras expectativas [presupuestadas]\u201d. En caso de que esa tendencia contin\u00fae, la Asociaci\u00f3n General ha desarrollado un plan para utilizar esos fondos extra. Ese plan incluye permitir que el 50 por ciento del aumento est\u00e9 a disposici\u00f3n de la Comisi\u00f3n de Estrategia y Presupuesto, para que esta \u201ctome decisiones colectivas para la iglesia mundial respecto de las inversiones en prioridades estrat\u00e9gicas de misi\u00f3n\u201d. El resto ser\u00eda \u201cdevuelto a las divisiones mundiales\u201d para que puedan destinar esos fondos a sus prioridades misioneras.<\/p>\n<p>En general, Douglas destac\u00f3 el cuidado que tienen los responsables financieros para asegurarse de que la posici\u00f3n de la Asociaci\u00f3n General sea s\u00f3lida. Es algo importante, enfatiz\u00f3, porque la Asociaci\u00f3n General \u201ctiene que estar posicionada para apoyar financieramente las prioridades estrat\u00e9gicas globales de la iglesia\u201d y \u00abdebe ser capaz de&#8230;\u00bb [responder a] emergencias y a oportunidades inusuales\u201d. Al mismo tiempo, la Asociaci\u00f3n General \u201ctiene que ser vista como un modelo de solidez y estabilidad financiera\u201d, afirm\u00f3. \u201cAlabamos a Dios por la situaci\u00f3n en la que nos encontramos ahora\u201d.<\/p>\n<p><div id=\"attachment_142214\" style=\"width: 910px\" class=\"wp-caption aligncenter\"><img decoding=\"async\" aria-describedby=\"caption-attachment-142214\" class=\" wp-image-142214\" src=\"https:\/\/interamerica.org\/wp-content\/uploads\/2026\/04\/scouncil-3-7-1024x683-1.jpg\" alt=\"\" width=\"900\" height=\"600\" srcset=\"https:\/\/interamerica.org\/wp-content\/uploads\/2026\/04\/scouncil-3-7-1024x683-1.jpg 1024w, https:\/\/interamerica.org\/wp-content\/uploads\/2026\/04\/scouncil-3-7-1024x683-1-300x200.jpg 300w, https:\/\/interamerica.org\/wp-content\/uploads\/2026\/04\/scouncil-3-7-1024x683-1-768x512.jpg 768w\" sizes=\"(max-width: 900px) 100vw, 900px\" \/><p id=\"caption-attachment-142214\" class=\"wp-caption-text\">G. T. Ng, exsecretario de la Asociaci\u00f3n General, comenta desde un lugar fuera del recinto mientras sigue en l\u00ednea las sesiones del Concilio de Primavera el pasado 14 de abril. [Fotograf\u00eda: George Nelson\/Adventist Media Exchange (CC BY 4.0)]<\/p><\/div><strong>Planificaci\u00f3n y ejecuci\u00f3n cuidadosas<\/strong><\/p>\n<p>Despu\u00e9s de Douglas, el subtesorero de la Asociaci\u00f3n General, Ray Wahlen, inform\u00f3 sobre el l\u00edmite de gastos operativos, es decir, la cantidad m\u00e1xima de fondos que, seg\u00fan el reglamento, puede destinar la Asociaci\u00f3n General a operaciones de la sede en un a\u00f1o. Ese monto, fijado hace a\u00f1os en dos por ciento del diezmo global, requiere una planificaci\u00f3n cuidadosa, explicaron los responsables financieros. En su informe, Wahlen celebr\u00f3 haber podido informar que en 2025 los gastos se han mantenido por debajo de ese l\u00edmite, alcanzando solo el 91,16 por ciento del l\u00edmite anual. Esto refleja un aumento del 4,6 por ciento en el diezmo recibido en las iglesias locales de todo el mundo en 2025, a\u00f1adi\u00f3.<\/p>\n<p>No fue una tarea f\u00e1cil, sino resultado de un enfoque cuidadoso, explic\u00f3 Wahlen, ya que Estados Unidos ha experimentado aumentos significativos en los costos de vida en los \u00faltimos a\u00f1os. \u201cDamos gracias al Se\u00f1or por la pr\u00e1ctica de una mayordom\u00eda fiel [\u2026] a pesar de estos tiempos inciertos\u201d, expres\u00f3. \u201cNo tenemos motivos para temer el futuro mientras servimos a nuestro generoso Dios\u201d.<\/p>\n<p>Douglas apoy\u00f3 la valoraci\u00f3n de Wahlen. \u201cNo tenemos por qu\u00e9 estar inseguros, porque servimos a un Dios seguro\u201d, dijo Douglas. \u201cTenemos todo lo necesario para hacer la obra que \u00e9l nos ha llamado a hacer\u201d.<\/p>\n<p><strong>R\u00e9cord de fondos para OneVoice27<\/strong><\/p>\n<p>Mientras la iglesia busca avanzar, Douglas record\u00f3 a los miembros de la Junta Directiva de la Asociaci\u00f3n General que nuestra comisi\u00f3n es \u201cpredicar el evangelio del reino\u201d y que \u201ctenemos que hacerlo con una sola voz\u201d. Luego hizo referencia a OneVoice27, la \u201cosada iniciativa\u201d que busca conmemorar los dos mil a\u00f1os desde el bautismo de Jes\u00fas y el inicio de su ministerio, utilizando todos los medios de comunicaci\u00f3n, l\u00edderes y miembros de iglesia para causar impacto en todo el mundo en septiembre de 2027.<\/p>\n<p><div id=\"attachment_142215\" style=\"width: 634px\" class=\"wp-caption aligncenter\"><img loading=\"lazy\" decoding=\"async\" aria-describedby=\"caption-attachment-142215\" class=\" wp-image-142215\" src=\"https:\/\/interamerica.org\/wp-content\/uploads\/2026\/04\/tedncwilson4-5-768x1152-1-683x1024.jpg\" alt=\"\" width=\"624\" height=\"936\" srcset=\"https:\/\/interamerica.org\/wp-content\/uploads\/2026\/04\/tedncwilson4-5-768x1152-1-683x1024.jpg 683w, https:\/\/interamerica.org\/wp-content\/uploads\/2026\/04\/tedncwilson4-5-768x1152-1-200x300.jpg 200w, https:\/\/interamerica.org\/wp-content\/uploads\/2026\/04\/tedncwilson4-5-768x1152-1.jpg 768w\" sizes=\"(max-width: 624px) 100vw, 624px\" \/><p id=\"caption-attachment-142215\" class=\"wp-caption-text\">Ted N. C. Wilson, presidente de la Asociaci\u00f3n General entre 2010 y 2025, reacciona a la presentaci\u00f3n del Informe del Tesorero durante el Concilio de Primavera del 14 de abril. [Fotograf\u00eda: George Nelson\/Adventist Media Exchange (CC BY 4.0)]<\/p><\/div>Los l\u00edderes de la Asociaci\u00f3n General, inform\u00f3 Douglas, hab\u00edan votado invertir al menos 27 millones de d\u00f3lares estadounidenses \u201413,5 millones de la Asociaci\u00f3n General y 13,5 millones de divisiones de la iglesia\u2014 en la iniciativa. Sin embargo, cuando los responsables financieros de la Asociaci\u00f3n General contaron todos los compromisos provenientes de las divisiones de todo el mundo, descubrieron que los 13,5 millones de d\u00f3lares prometidos por las divisiones se han convertido hasta ahora en 42 millones. Eso har\u00eda que OneVoice27 implique inversiones r\u00e9cord para la misi\u00f3n.<\/p>\n<p>Douglas termin\u00f3 citando a Ellen G. White, cofundadora de la Iglesia Adventista, quien en su libro <em>Obreros evang\u00e9licos<\/em> escribi\u00f3: \u201cEl Se\u00f1or vendr\u00e1 pronto, y necesitamos dedicar toda energ\u00eda nuestra al cumplimiento de la obra que debemos hacer. Os ruego que os entregu\u00e9is completamente a la obra\u201d. <a id=\"_ednref1\" href=\"https:\/\/adventistreview.org\/news\/news-releases-news\/adventist-financial-officers-praise-god-commit-more-funds-for-mission\/#_edn1\"><sup>[*]<\/sup><\/a><\/p>\n<p><strong>Comentarios sobre tablas<\/strong><\/p>\n<p>Entre los comentarios de la Junta Directiva de la Asociaci\u00f3n General y los invitados estuvo el del expresidente de la Asociaci\u00f3n General Jan Paulsen, quien sigui\u00f3 el proceso desde su casa en Noruega. \u201cQuiero felicitar al pastor Paul Douglas y a su maravilloso equipo por las grandes habilidades profesionales y el compromiso espiritual que manifiestan al cuidar los recursos de la iglesia\u201d, dijo. \u201cEs algo digno de felicitaci\u00f3n\u201d.<\/p>\n<p>Al mismo tiempo, Paulsen pregunt\u00f3 si la iglesia tiene una comisi\u00f3n de \u00e9tica para discutir las consideraciones \u00e9ticas de las inversiones. Douglas respondi\u00f3 que la Comisi\u00f3n de Inversiones se gu\u00eda por principios coherentes con nuestras creencias al tomar decisiones de inversi\u00f3n de los fondos de la iglesia. \u201cHay ciertas inversiones que consideramos inapropiadas o incompatibles con nuestros valores o creencias que no incluimos en nuestra cartera\u201d, le asegur\u00f3.<\/p>\n<p><div id=\"attachment_142216\" style=\"width: 903px\" class=\"wp-caption aligncenter\"><img loading=\"lazy\" decoding=\"async\" aria-describedby=\"caption-attachment-142216\" class=\" wp-image-142216\" src=\"https:\/\/interamerica.org\/wp-content\/uploads\/2026\/04\/treasurer-scouncil-5-3-768x512-1.jpg\" alt=\"\" width=\"893\" height=\"595\" srcset=\"https:\/\/interamerica.org\/wp-content\/uploads\/2026\/04\/treasurer-scouncil-5-3-768x512-1.jpg 768w, https:\/\/interamerica.org\/wp-content\/uploads\/2026\/04\/treasurer-scouncil-5-3-768x512-1-300x200.jpg 300w\" sizes=\"(max-width: 893px) 100vw, 893px\" \/><p id=\"caption-attachment-142216\" class=\"wp-caption-text\">Paulo de Tarcio, un joven laico de la Divisi\u00f3n Sudamericana que sigui\u00f3 la sesi\u00f3n en l\u00ednea, celebr\u00f3 la manera en que se compartieron cifras y datos tan complejos. [Fotograf\u00eda: George Nelson\/Adventist Media Exchange (CC BY 4.0)]<\/p><\/div>El exsecretario de la Asociaci\u00f3n General, G. T. Ng, que tambi\u00e9n sigui\u00f3 la sesi\u00f3n en l\u00ednea, felicit\u00f3 al equipo financiero \u201cpor el informe tan optimista\u201d. \u201cEstos son d\u00edas maravillosos en los que presenciamos con nuestros ojos las misericordias y bendiciones de Dios\u201d.<\/p>\n<p>Ted N. C. Wilson, presidente de la Asociaci\u00f3n General entre 2010 y 2025, tambi\u00e9n se acerc\u00f3 al micr\u00f3fono para destacar el \u201cincre\u00edble informe\u201d, incluso en medio de los desaf\u00edos y la incertidumbre actuales. Agradeci\u00f3 a Douglas y a su equipo por \u201csu administraci\u00f3n cuidadosa\u201d, donde \u201clas cosas se est\u00e1n reteniendo y, al mismo tiempo, movilizando para la misi\u00f3n\u201d.<\/p>\n<p>Otros se alinearon tras los micr\u00f3fonos con comentarios y preguntas, incluido el presidente de la Divisi\u00f3n de \u00c1frica Centro-Occidental, Bassey Udoh, quien dijo que quer\u00eda \u201cafirmar el informe\u201d y elogi\u00f3 el enfoque de \u201cmovilizar recursos para la misi\u00f3n\u201d.<\/p>\n<p>Por su parte, el tesorero de la Divisi\u00f3n del Pac\u00edfico Sur, J. Fran\u00e7ois Keet, llam\u00f3 a los l\u00edderes de la Asociaci\u00f3n General para que incrementen a\u00fan m\u00e1s los fondos para OneVoice27. \u201cHay regiones en todo el mundo que necesitan de su ayuda\u201d, les dijo. Douglas concord\u00f3 con \u00e9l, dici\u00e9ndole que aceptaba el reto. \u201cSi somos realmente serios, tenemos que poner el dinero all\u00ed donde est\u00e1 la misi\u00f3n\u201d, le contest\u00f3 a Keet.<\/p>\n<p>Paulo de Tarcio, un joven laico de la Divisi\u00f3n Sudamericana que sigui\u00f3 las sesiones en l\u00ednea, celebr\u00f3 la manera en que se comunicaron cifras y datos complejos y expres\u00f3 su confianza continua en la conducci\u00f3n divina. \u201c\u00c9l es quien ha guiado a su iglesia hasta aqu\u00ed, y seguir\u00e1 gui\u00e1ndonos en los d\u00edas oscuros que tenemos por delante\u201d.<\/p>\n<hr class=\"wp-block-separator has-alpha-channel-opacity\" \/>\n<p><a id=\"_edn1\" href=\"https:\/\/adventistreview.org\/news\/news-releases-news\/adventist-financial-officers-praise-god-commit-more-funds-for-mission\/#_ednref1\"><sup>[*]<\/sup><\/a> Elena G. White, <em>Obreros evang\u00e9licos<\/em> (Buenos Aires: Asoc. Casa Editora Sudamericana, 1997), p. 120.<\/p>\n<p>Traducci\u00f3n de Marcos Paseggi<\/p>\n","protected":false},"excerpt":{"rendered":"<p>El Informe del Tesorero durante el Concilio de Primavera destaca la administraci\u00f3n cuidadosa de los fondos de la iglesia. 21 de abril de 2026 | Silver Spring, Maryland, Estados Unidos&#8230;<\/p>\n","protected":false},"author":3,"featured_media":142238,"comment_status":"closed","ping_status":"closed","sticky":false,"template":"","format":"standard","meta":{"_acf_changed":false,"footnotes":""},"categories":[14,15],"tags":[],"class_list":["post-142237","post","type-post","status-publish","format-standard","has-post-thumbnail","hentry","category-de-la-iglesia-mundial","category-rss-espanol"],"acf":[],"yoast_head":"<!-- This site is optimized with the Yoast SEO plugin v27.3 - https:\/\/yoast.com\/product\/yoast-seo-wordpress\/ -->\n<title>Directivos financieros adventistas alaban a Dios y comprometen m\u00e1s fondos para la misi\u00f3n - Iglesia Adventista del S\u00e9ptimo D\u00eda - Divisi\u00f3n Interamericana<\/title>\n<meta name=\"robots\" content=\"index, follow, max-snippet:-1, max-image-preview:large, max-video-preview:-1\" \/>\n<link rel=\"canonical\" href=\"https:\/\/interamerica.org\/es\/2026\/04\/directivos-financieros-adventistas-alaban-a-dios-y-comprometen-mas-fondos-para-la-mision\/\" \/>\n<meta property=\"og:locale\" content=\"es_ES\" \/>\n<meta property=\"og:type\" content=\"article\" \/>\n<meta property=\"og:title\" content=\"Directivos financieros adventistas alaban a Dios y comprometen m\u00e1s fondos para la misi\u00f3n - Iglesia Adventista del S\u00e9ptimo D\u00eda - Divisi\u00f3n Interamericana\" \/>\n<meta property=\"og:description\" content=\"El Informe del Tesorero durante el Concilio de Primavera destaca la administraci\u00f3n cuidadosa de los fondos de la iglesia. 21 de abril de 2026 | Silver Spring, Maryland, Estados Unidos...\" \/>\n<meta property=\"og:url\" content=\"https:\/\/interamerica.org\/es\/2026\/04\/directivos-financieros-adventistas-alaban-a-dios-y-comprometen-mas-fondos-para-la-mision\/\" \/>\n<meta property=\"og:site_name\" content=\"Iglesia Adventista del S\u00e9ptimo D\u00eda - Divisi\u00f3n Interamericana\" \/>\n<meta property=\"article:published_time\" content=\"2026-04-21T22:54:19+00:00\" \/>\n<meta property=\"article:modified_time\" content=\"2026-04-22T17:59:33+00:00\" \/>\n<meta property=\"og:image\" content=\"https:\/\/interamerica.org\/wp-content\/uploads\/2026\/04\/paul-douglas-1-11.jpg\" \/>\n\t<meta property=\"og:image:width\" content=\"2560\" \/>\n\t<meta property=\"og:image:height\" content=\"1707\" \/>\n\t<meta property=\"og:image:type\" content=\"image\/jpeg\" \/>\n<meta name=\"author\" content=\"libna\" \/>\n<meta name=\"twitter:card\" content=\"summary_large_image\" \/>\n<meta name=\"twitter:label1\" content=\"Escrito por\" \/>\n\t<meta name=\"twitter:data1\" content=\"libna\" \/>\n\t<meta name=\"twitter:label2\" content=\"Tiempo de lectura\" \/>\n\t<meta name=\"twitter:data2\" content=\"10 minutos\" \/>\n<script type=\"application\/ld+json\" class=\"yoast-schema-graph\">{\"@context\":\"https:\\\/\\\/schema.org\",\"@graph\":[{\"@type\":\"Article\",\"@id\":\"https:\\\/\\\/interamerica.org\\\/es\\\/2026\\\/04\\\/directivos-financieros-adventistas-alaban-a-dios-y-comprometen-mas-fondos-para-la-mision\\\/#article\",\"isPartOf\":{\"@id\":\"https:\\\/\\\/interamerica.org\\\/es\\\/2026\\\/04\\\/directivos-financieros-adventistas-alaban-a-dios-y-comprometen-mas-fondos-para-la-mision\\\/\"},\"author\":{\"name\":\"libna\",\"@id\":\"https:\\\/\\\/interamerica.org\\\/es\\\/#\\\/schema\\\/person\\\/29998f2bc2d8bd0d38662909289b54f1\"},\"headline\":\"Directivos financieros adventistas alaban a Dios y comprometen m\u00e1s fondos para la misi\u00f3n\",\"datePublished\":\"2026-04-21T22:54:19+00:00\",\"dateModified\":\"2026-04-22T17:59:33+00:00\",\"mainEntityOfPage\":{\"@id\":\"https:\\\/\\\/interamerica.org\\\/es\\\/2026\\\/04\\\/directivos-financieros-adventistas-alaban-a-dios-y-comprometen-mas-fondos-para-la-mision\\\/\"},\"wordCount\":2017,\"image\":{\"@id\":\"https:\\\/\\\/interamerica.org\\\/es\\\/2026\\\/04\\\/directivos-financieros-adventistas-alaban-a-dios-y-comprometen-mas-fondos-para-la-mision\\\/#primaryimage\"},\"thumbnailUrl\":\"https:\\\/\\\/interamerica.org\\\/wp-content\\\/uploads\\\/2026\\\/04\\\/paul-douglas-1-11.jpg\",\"articleSection\":[\"Desde la iglesia mundial\",\"RSS Espa\u00f1ol\"],\"inLanguage\":\"es\"},{\"@type\":\"WebPage\",\"@id\":\"https:\\\/\\\/interamerica.org\\\/es\\\/2026\\\/04\\\/directivos-financieros-adventistas-alaban-a-dios-y-comprometen-mas-fondos-para-la-mision\\\/\",\"url\":\"https:\\\/\\\/interamerica.org\\\/es\\\/2026\\\/04\\\/directivos-financieros-adventistas-alaban-a-dios-y-comprometen-mas-fondos-para-la-mision\\\/\",\"name\":\"Directivos financieros adventistas alaban a Dios y comprometen m\u00e1s fondos para la misi\u00f3n - Iglesia Adventista del S\u00e9ptimo D\u00eda - Divisi\u00f3n Interamericana\",\"isPartOf\":{\"@id\":\"https:\\\/\\\/interamerica.org\\\/es\\\/#website\"},\"primaryImageOfPage\":{\"@id\":\"https:\\\/\\\/interamerica.org\\\/es\\\/2026\\\/04\\\/directivos-financieros-adventistas-alaban-a-dios-y-comprometen-mas-fondos-para-la-mision\\\/#primaryimage\"},\"image\":{\"@id\":\"https:\\\/\\\/interamerica.org\\\/es\\\/2026\\\/04\\\/directivos-financieros-adventistas-alaban-a-dios-y-comprometen-mas-fondos-para-la-mision\\\/#primaryimage\"},\"thumbnailUrl\":\"https:\\\/\\\/interamerica.org\\\/wp-content\\\/uploads\\\/2026\\\/04\\\/paul-douglas-1-11.jpg\",\"datePublished\":\"2026-04-21T22:54:19+00:00\",\"dateModified\":\"2026-04-22T17:59:33+00:00\",\"author\":{\"@id\":\"https:\\\/\\\/interamerica.org\\\/es\\\/#\\\/schema\\\/person\\\/29998f2bc2d8bd0d38662909289b54f1\"},\"breadcrumb\":{\"@id\":\"https:\\\/\\\/interamerica.org\\\/es\\\/2026\\\/04\\\/directivos-financieros-adventistas-alaban-a-dios-y-comprometen-mas-fondos-para-la-mision\\\/#breadcrumb\"},\"inLanguage\":\"es\",\"potentialAction\":[{\"@type\":\"ReadAction\",\"target\":[\"https:\\\/\\\/interamerica.org\\\/es\\\/2026\\\/04\\\/directivos-financieros-adventistas-alaban-a-dios-y-comprometen-mas-fondos-para-la-mision\\\/\"]}]},{\"@type\":\"ImageObject\",\"inLanguage\":\"es\",\"@id\":\"https:\\\/\\\/interamerica.org\\\/es\\\/2026\\\/04\\\/directivos-financieros-adventistas-alaban-a-dios-y-comprometen-mas-fondos-para-la-mision\\\/#primaryimage\",\"url\":\"https:\\\/\\\/interamerica.org\\\/wp-content\\\/uploads\\\/2026\\\/04\\\/paul-douglas-1-11.jpg\",\"contentUrl\":\"https:\\\/\\\/interamerica.org\\\/wp-content\\\/uploads\\\/2026\\\/04\\\/paul-douglas-1-11.jpg\",\"width\":2560,\"height\":1707,\"caption\":\"Paul H. Douglas, tesorero de la Asociaci\u00f3n General de los Adventistas del S\u00e9ptimo D\u00eda, presenta su informe durante el Concilio de Primavera en Silver Spring, Maryland, Estados Unidos, el pasado 14 de abril. [Fotograf\u00eda: George Nelson\\\/Adventist Media Exchange (CC BY 4.0)]\"},{\"@type\":\"BreadcrumbList\",\"@id\":\"https:\\\/\\\/interamerica.org\\\/es\\\/2026\\\/04\\\/directivos-financieros-adventistas-alaban-a-dios-y-comprometen-mas-fondos-para-la-mision\\\/#breadcrumb\",\"itemListElement\":[{\"@type\":\"ListItem\",\"position\":1,\"name\":\"Home\",\"item\":\"https:\\\/\\\/interamerica.org\\\/es\\\/\"},{\"@type\":\"ListItem\",\"position\":2,\"name\":\"Directivos financieros adventistas alaban a Dios y comprometen m\u00e1s fondos para la misi\u00f3n\"}]},{\"@type\":\"WebSite\",\"@id\":\"https:\\\/\\\/interamerica.org\\\/es\\\/#website\",\"url\":\"https:\\\/\\\/interamerica.org\\\/es\\\/\",\"name\":\"Iglesia Adventista del S\u00e9ptimo D\u00eda - Divisi\u00f3n Interamericana\",\"description\":\"\",\"potentialAction\":[{\"@type\":\"SearchAction\",\"target\":{\"@type\":\"EntryPoint\",\"urlTemplate\":\"https:\\\/\\\/interamerica.org\\\/es\\\/?s={search_term_string}\"},\"query-input\":{\"@type\":\"PropertyValueSpecification\",\"valueRequired\":true,\"valueName\":\"search_term_string\"}}],\"inLanguage\":\"es\"},{\"@type\":\"Person\",\"@id\":\"https:\\\/\\\/interamerica.org\\\/es\\\/#\\\/schema\\\/person\\\/29998f2bc2d8bd0d38662909289b54f1\",\"name\":\"libna\",\"image\":{\"@type\":\"ImageObject\",\"inLanguage\":\"es\",\"@id\":\"https:\\\/\\\/secure.gravatar.com\\\/avatar\\\/7c5bd30ae4b47a9ba3c856590957fd1d96dc588bf3ac05719d247e126840331f?s=96&d=mm&r=g\",\"url\":\"https:\\\/\\\/secure.gravatar.com\\\/avatar\\\/7c5bd30ae4b47a9ba3c856590957fd1d96dc588bf3ac05719d247e126840331f?s=96&d=mm&r=g\",\"contentUrl\":\"https:\\\/\\\/secure.gravatar.com\\\/avatar\\\/7c5bd30ae4b47a9ba3c856590957fd1d96dc588bf3ac05719d247e126840331f?s=96&d=mm&r=g\",\"caption\":\"libna\"}}]}<\/script>\n<!-- \/ Yoast SEO plugin. -->","yoast_head_json":{"title":"Directivos financieros adventistas alaban a Dios y comprometen m\u00e1s fondos para la misi\u00f3n - Iglesia Adventista del S\u00e9ptimo D\u00eda - Divisi\u00f3n Interamericana","robots":{"index":"index","follow":"follow","max-snippet":"max-snippet:-1","max-image-preview":"max-image-preview:large","max-video-preview":"max-video-preview:-1"},"canonical":"https:\/\/interamerica.org\/es\/2026\/04\/directivos-financieros-adventistas-alaban-a-dios-y-comprometen-mas-fondos-para-la-mision\/","og_locale":"es_ES","og_type":"article","og_title":"Directivos financieros adventistas alaban a Dios y comprometen m\u00e1s fondos para la misi\u00f3n - Iglesia Adventista del S\u00e9ptimo D\u00eda - Divisi\u00f3n Interamericana","og_description":"El Informe del Tesorero durante el Concilio de Primavera destaca la administraci\u00f3n cuidadosa de los fondos de la iglesia. 21 de abril de 2026 | Silver Spring, Maryland, Estados Unidos...","og_url":"https:\/\/interamerica.org\/es\/2026\/04\/directivos-financieros-adventistas-alaban-a-dios-y-comprometen-mas-fondos-para-la-mision\/","og_site_name":"Iglesia Adventista del S\u00e9ptimo D\u00eda - Divisi\u00f3n Interamericana","article_published_time":"2026-04-21T22:54:19+00:00","article_modified_time":"2026-04-22T17:59:33+00:00","og_image":[{"width":2560,"height":1707,"url":"https:\/\/interamerica.org\/wp-content\/uploads\/2026\/04\/paul-douglas-1-11.jpg","type":"image\/jpeg"}],"author":"libna","twitter_card":"summary_large_image","twitter_misc":{"Escrito por":"libna","Tiempo de lectura":"10 minutos"},"schema":{"@context":"https:\/\/schema.org","@graph":[{"@type":"Article","@id":"https:\/\/interamerica.org\/es\/2026\/04\/directivos-financieros-adventistas-alaban-a-dios-y-comprometen-mas-fondos-para-la-mision\/#article","isPartOf":{"@id":"https:\/\/interamerica.org\/es\/2026\/04\/directivos-financieros-adventistas-alaban-a-dios-y-comprometen-mas-fondos-para-la-mision\/"},"author":{"name":"libna","@id":"https:\/\/interamerica.org\/es\/#\/schema\/person\/29998f2bc2d8bd0d38662909289b54f1"},"headline":"Directivos financieros adventistas alaban a Dios y comprometen m\u00e1s fondos para la misi\u00f3n","datePublished":"2026-04-21T22:54:19+00:00","dateModified":"2026-04-22T17:59:33+00:00","mainEntityOfPage":{"@id":"https:\/\/interamerica.org\/es\/2026\/04\/directivos-financieros-adventistas-alaban-a-dios-y-comprometen-mas-fondos-para-la-mision\/"},"wordCount":2017,"image":{"@id":"https:\/\/interamerica.org\/es\/2026\/04\/directivos-financieros-adventistas-alaban-a-dios-y-comprometen-mas-fondos-para-la-mision\/#primaryimage"},"thumbnailUrl":"https:\/\/interamerica.org\/wp-content\/uploads\/2026\/04\/paul-douglas-1-11.jpg","articleSection":["Desde la iglesia mundial","RSS Espa\u00f1ol"],"inLanguage":"es"},{"@type":"WebPage","@id":"https:\/\/interamerica.org\/es\/2026\/04\/directivos-financieros-adventistas-alaban-a-dios-y-comprometen-mas-fondos-para-la-mision\/","url":"https:\/\/interamerica.org\/es\/2026\/04\/directivos-financieros-adventistas-alaban-a-dios-y-comprometen-mas-fondos-para-la-mision\/","name":"Directivos financieros adventistas alaban a Dios y comprometen m\u00e1s fondos para la misi\u00f3n - Iglesia Adventista del S\u00e9ptimo D\u00eda - Divisi\u00f3n Interamericana","isPartOf":{"@id":"https:\/\/interamerica.org\/es\/#website"},"primaryImageOfPage":{"@id":"https:\/\/interamerica.org\/es\/2026\/04\/directivos-financieros-adventistas-alaban-a-dios-y-comprometen-mas-fondos-para-la-mision\/#primaryimage"},"image":{"@id":"https:\/\/interamerica.org\/es\/2026\/04\/directivos-financieros-adventistas-alaban-a-dios-y-comprometen-mas-fondos-para-la-mision\/#primaryimage"},"thumbnailUrl":"https:\/\/interamerica.org\/wp-content\/uploads\/2026\/04\/paul-douglas-1-11.jpg","datePublished":"2026-04-21T22:54:19+00:00","dateModified":"2026-04-22T17:59:33+00:00","author":{"@id":"https:\/\/interamerica.org\/es\/#\/schema\/person\/29998f2bc2d8bd0d38662909289b54f1"},"breadcrumb":{"@id":"https:\/\/interamerica.org\/es\/2026\/04\/directivos-financieros-adventistas-alaban-a-dios-y-comprometen-mas-fondos-para-la-mision\/#breadcrumb"},"inLanguage":"es","potentialAction":[{"@type":"ReadAction","target":["https:\/\/interamerica.org\/es\/2026\/04\/directivos-financieros-adventistas-alaban-a-dios-y-comprometen-mas-fondos-para-la-mision\/"]}]},{"@type":"ImageObject","inLanguage":"es","@id":"https:\/\/interamerica.org\/es\/2026\/04\/directivos-financieros-adventistas-alaban-a-dios-y-comprometen-mas-fondos-para-la-mision\/#primaryimage","url":"https:\/\/interamerica.org\/wp-content\/uploads\/2026\/04\/paul-douglas-1-11.jpg","contentUrl":"https:\/\/interamerica.org\/wp-content\/uploads\/2026\/04\/paul-douglas-1-11.jpg","width":2560,"height":1707,"caption":"Paul H. Douglas, tesorero de la Asociaci\u00f3n General de los Adventistas del S\u00e9ptimo D\u00eda, presenta su informe durante el Concilio de Primavera en Silver Spring, Maryland, Estados Unidos, el pasado 14 de abril. [Fotograf\u00eda: George Nelson\/Adventist Media Exchange (CC BY 4.0)]"},{"@type":"BreadcrumbList","@id":"https:\/\/interamerica.org\/es\/2026\/04\/directivos-financieros-adventistas-alaban-a-dios-y-comprometen-mas-fondos-para-la-mision\/#breadcrumb","itemListElement":[{"@type":"ListItem","position":1,"name":"Home","item":"https:\/\/interamerica.org\/es\/"},{"@type":"ListItem","position":2,"name":"Directivos financieros adventistas alaban a Dios y comprometen m\u00e1s fondos para la misi\u00f3n"}]},{"@type":"WebSite","@id":"https:\/\/interamerica.org\/es\/#website","url":"https:\/\/interamerica.org\/es\/","name":"Iglesia Adventista del S\u00e9ptimo D\u00eda - Divisi\u00f3n Interamericana","description":"","potentialAction":[{"@type":"SearchAction","target":{"@type":"EntryPoint","urlTemplate":"https:\/\/interamerica.org\/es\/?s={search_term_string}"},"query-input":{"@type":"PropertyValueSpecification","valueRequired":true,"valueName":"search_term_string"}}],"inLanguage":"es"},{"@type":"Person","@id":"https:\/\/interamerica.org\/es\/#\/schema\/person\/29998f2bc2d8bd0d38662909289b54f1","name":"libna","image":{"@type":"ImageObject","inLanguage":"es","@id":"https:\/\/secure.gravatar.com\/avatar\/7c5bd30ae4b47a9ba3c856590957fd1d96dc588bf3ac05719d247e126840331f?s=96&d=mm&r=g","url":"https:\/\/secure.gravatar.com\/avatar\/7c5bd30ae4b47a9ba3c856590957fd1d96dc588bf3ac05719d247e126840331f?s=96&d=mm&r=g","contentUrl":"https:\/\/secure.gravatar.com\/avatar\/7c5bd30ae4b47a9ba3c856590957fd1d96dc588bf3ac05719d247e126840331f?s=96&d=mm&r=g","caption":"libna"}}]}},"_links":{"self":[{"href":"https:\/\/interamerica.org\/es\/wp-json\/wp\/v2\/posts\/142237","targetHints":{"allow":["GET"]}}],"collection":[{"href":"https:\/\/interamerica.org\/es\/wp-json\/wp\/v2\/posts"}],"about":[{"href":"https:\/\/interamerica.org\/es\/wp-json\/wp\/v2\/types\/post"}],"author":[{"embeddable":true,"href":"https:\/\/interamerica.org\/es\/wp-json\/wp\/v2\/users\/3"}],"replies":[{"embeddable":true,"href":"https:\/\/interamerica.org\/es\/wp-json\/wp\/v2\/comments?post=142237"}],"version-history":[{"count":1,"href":"https:\/\/interamerica.org\/es\/wp-json\/wp\/v2\/posts\/142237\/revisions"}],"predecessor-version":[{"id":142292,"href":"https:\/\/interamerica.org\/es\/wp-json\/wp\/v2\/posts\/142237\/revisions\/142292"}],"wp:featuredmedia":[{"embeddable":true,"href":"https:\/\/interamerica.org\/es\/wp-json\/wp\/v2\/media\/142238"}],"wp:attachment":[{"href":"https:\/\/interamerica.org\/es\/wp-json\/wp\/v2\/media?parent=142237"}],"wp:term":[{"taxonomy":"category","embeddable":true,"href":"https:\/\/interamerica.org\/es\/wp-json\/wp\/v2\/categories?post=142237"},{"taxonomy":"post_tag","embeddable":true,"href":"https:\/\/interamerica.org\/es\/wp-json\/wp\/v2\/tags?post=142237"}],"curies":[{"name":"wp","href":"https:\/\/api.w.org\/{rel}","templated":true}]}}