{"id":142260,"date":"2026-04-20T14:43:14","date_gmt":"2026-04-20T18:43:14","guid":{"rendered":"https:\/\/interamerica.org\/?p=142260"},"modified":"2026-04-24T07:44:40","modified_gmt":"2026-04-24T11:44:40","slug":"anthony-hilliard-es-nombrado-nuevo-presidente-de-salud-de-la-universidad-de-loma-linda","status":"publish","type":"post","link":"https:\/\/interamerica.org\/es\/2026\/04\/anthony-hilliard-es-nombrado-nuevo-presidente-de-salud-de-la-universidad-de-loma-linda\/","title":{"rendered":"Anthony Hilliard es nombrado nuevo presidente de Salud de la Universidad de Loma Linda"},"content":{"rendered":"<p class=\"c-post-header__subtitle\"><em>El experimentado administrador de salud sustituir\u00e1 a Richard Hart, quien anunci\u00f3 su jubilaci\u00f3n. <\/em><\/p>\n<p>20 de abril de 2026 | Loma Linda, California, Estados Unidos | Noticias de Salud de la Universidad Loma Linda<\/p>\n<p>La Junta Directiva de Salud de la Universidad Loma Linda ha votado nombrar a Anthony Hilliard como presidente de Salud de la Universidad de Loma Linda (LLUH), con efecto a partir del 1 de julio. Hilliard continuar\u00e1 desempe\u00f1ando simult\u00e1neamente el cargo de director ejecutivo de los hospitales de la organizaci\u00f3n, cargo que ocupa desde octubre de 2024.<\/p>\n<p>Hilliard ejercer\u00e1 como presidente electo hasta el 30 de junio, colaborando estrechamente con el actual presidente Richard Hart, quien permanecer\u00e1 en el cargo durante la transici\u00f3n.<\/p>\n<p><div id=\"attachment_142173\" style=\"width: 833px\" class=\"wp-caption aligncenter\"><img fetchpriority=\"high\" decoding=\"async\" aria-describedby=\"caption-attachment-142173\" class=\" wp-image-142173\" src=\"https:\/\/interamerica.org\/wp-content\/uploads\/2026\/04\/llu-1-1-1.jpg\" alt=\"\" width=\"823\" height=\"463\" srcset=\"https:\/\/interamerica.org\/wp-content\/uploads\/2026\/04\/llu-1-1-1.jpg 755w, https:\/\/interamerica.org\/wp-content\/uploads\/2026\/04\/llu-1-1-1-300x169.jpg 300w\" sizes=\"(max-width: 823px) 100vw, 823px\" \/><p id=\"caption-attachment-142173\" class=\"wp-caption-text\">Anthony Hilliard fue nombrado presidente de Salud de la Universidad de Loma Linda, con efecto a partir del 1 de julio. Sustituir\u00e1 a Richard Hart, quien anunci\u00f3 su jubilaci\u00f3n. [Fotograf\u00eda: Noticias de Salud de la Universidad de Loma Linda]<\/p><\/div>\u201cEl Dr. Hilliard es un l\u00edder profundamente enfocado en la misi\u00f3n, con una experiencia excepcional en atenci\u00f3n cl\u00ednica, medicina acad\u00e9mica y operaciones sanitarias\u201d, afirm\u00f3 Thomas Lemon, presidente de la Junta Directiva de LLUH. \u201cEn un momento en que Salud de la Universidad de Loma Linda sigue ampliando su presencia global en la prestaci\u00f3n y educaci\u00f3n sanitaria, la junta tiene plena confianza en la capacidad del Dr. Hilliard de liderar con claridad, colaboraci\u00f3n y fe\u201d.<\/p>\n<p>La Junta de LLUH tambi\u00e9n expres\u00f3 su profundo agradecimiento por el liderazgo transformador de Hart, quien gui\u00f3 a LLUH durante un periodo de crecimiento hist\u00f3rico, consolidaci\u00f3n de la integraci\u00f3n misionera y avances significativos en sus actividades cl\u00ednicas y acad\u00e9micas.<\/p>\n<p>Originario del sur de California, Hilliard obtuvo su t\u00edtulo de m\u00e9dico en la Facultad de Medicina de la Universidad de Loma Linda y complet\u00f3 su residencia y pasant\u00edas de cardiolog\u00eda en la Cl\u00ednica Mayo, donde recibi\u00f3 m\u00faltiples reconocimientos nacionales. Desde su regreso a Salud de la Universidad de Loma Linda en 2009, ha ocupado cargos de liderazgo progresivamente mayores, que incluyeron ser jefe de divisi\u00f3n de cardiolog\u00eda; director de operaciones del Grupo M\u00e9dico de la Facultad de la Universidad de Loma Linda y de Atenci\u00f3n de Salud de LLU; vicepresidente principal de operaciones de la facultad cl\u00ednica de LLUH; decano asociado de operaciones cl\u00ednicas de la Facultad de Medicina; y, desde 2024, director ejecutivo de los hospitales.<\/p>\n<p>En 2025, Hilliard fue ascendido a profesor de medicina en reconocimiento a sus contribuciones sostenidas a la medicina acad\u00e9mica, el liderazgo y la mentor\u00eda. A nivel nacional, tambi\u00e9n ha ocupado cargos de liderazgo en el Colegio Estadounidense de Cardiolog\u00eda y la Asociaci\u00f3n Estadounidense del Coraz\u00f3n.<\/p>\n<p>\u201cEl Dr. Hilliard comprende tanto la complejidad de nuestra organizaci\u00f3n integrada como la sagrada responsabilidad de nuestra vocaci\u00f3n global\u201d, a\u00f1adi\u00f3 Lemon. \u201cSu liderazgo refleja el compromiso de Salud de la Universidad de Loma Linda con la atenci\u00f3n integral de la persona, tanto a nivel local como internacional\u201d.<\/p>\n<p><em>La <\/em><a href=\"https:\/\/news.llu.edu\/community\/dr-anthony-hilliard-named-new-president-loma-linda-university-health\" target=\"_blank\" rel=\"noopener\"><em>versi\u00f3n original<\/em><\/a><em> de este comunicado fue publicado por <\/em><a href=\"https:\/\/news.llu.edu\/\" target=\"_blank\" rel=\"noopener\"><em>Noticias de Salud de la Universidad de Loma Linda<\/em><\/a><em>.<\/em><\/p>\n<p>Traducci\u00f3n de Marcos Paseggi<\/p>\n","protected":false},"excerpt":{"rendered":"<p>El experimentado administrador de salud sustituir\u00e1 a Richard Hart, quien anunci\u00f3 su jubilaci\u00f3n. 20 de abril de 2026 | Loma Linda, California, Estados Unidos | Noticias de Salud de la&#8230;<\/p>\n","protected":false},"author":3,"featured_media":142261,"comment_status":"closed","ping_status":"closed","sticky":false,"template":"","format":"standard","meta":{"_acf_changed":false,"footnotes":""},"categories":[14,15],"tags":[],"class_list":["post-142260","post","type-post","status-publish","format-standard","has-post-thumbnail","hentry","category-de-la-iglesia-mundial","category-rss-espanol"],"acf":[],"yoast_head":"<!-- This site is optimized with the Yoast SEO plugin v27.3 - https:\/\/yoast.com\/product\/yoast-seo-wordpress\/ -->\n<title>Anthony Hilliard es nombrado nuevo presidente de Salud de la Universidad de Loma Linda - Iglesia Adventista del S\u00e9ptimo D\u00eda - Divisi\u00f3n Interamericana<\/title>\n<meta name=\"robots\" content=\"index, follow, max-snippet:-1, max-image-preview:large, max-video-preview:-1\" \/>\n<link rel=\"canonical\" href=\"https:\/\/interamerica.org\/es\/2026\/04\/anthony-hilliard-es-nombrado-nuevo-presidente-de-salud-de-la-universidad-de-loma-linda\/\" \/>\n<meta property=\"og:locale\" content=\"es_ES\" \/>\n<meta property=\"og:type\" content=\"article\" \/>\n<meta property=\"og:title\" content=\"Anthony Hilliard es nombrado nuevo presidente de Salud de la Universidad de Loma Linda - Iglesia Adventista del S\u00e9ptimo D\u00eda - Divisi\u00f3n Interamericana\" \/>\n<meta property=\"og:description\" content=\"El experimentado administrador de salud sustituir\u00e1 a Richard Hart, quien anunci\u00f3 su jubilaci\u00f3n. 20 de abril de 2026 | Loma Linda, California, Estados Unidos | Noticias de Salud de la...\" \/>\n<meta property=\"og:url\" content=\"https:\/\/interamerica.org\/es\/2026\/04\/anthony-hilliard-es-nombrado-nuevo-presidente-de-salud-de-la-universidad-de-loma-linda\/\" \/>\n<meta property=\"og:site_name\" content=\"Iglesia Adventista del S\u00e9ptimo D\u00eda - Divisi\u00f3n Interamericana\" \/>\n<meta property=\"article:published_time\" content=\"2026-04-20T18:43:14+00:00\" \/>\n<meta property=\"article:modified_time\" content=\"2026-04-24T11:44:40+00:00\" \/>\n<meta property=\"og:image\" content=\"https:\/\/interamerica.org\/wp-content\/uploads\/2026\/04\/llu-1-1-1.jpg\" \/>\n\t<meta property=\"og:image:width\" content=\"755\" \/>\n\t<meta property=\"og:image:height\" content=\"425\" \/>\n\t<meta property=\"og:image:type\" content=\"image\/jpeg\" \/>\n<meta name=\"author\" content=\"libna\" \/>\n<meta name=\"twitter:card\" content=\"summary_large_image\" \/>\n<meta name=\"twitter:label1\" content=\"Escrito por\" \/>\n\t<meta name=\"twitter:data1\" content=\"libna\" \/>\n\t<meta name=\"twitter:label2\" content=\"Tiempo de lectura\" \/>\n\t<meta name=\"twitter:data2\" content=\"3 minutos\" \/>\n<script type=\"application\/ld+json\" class=\"yoast-schema-graph\">{\"@context\":\"https:\\\/\\\/schema.org\",\"@graph\":[{\"@type\":\"Article\",\"@id\":\"https:\\\/\\\/interamerica.org\\\/es\\\/2026\\\/04\\\/anthony-hilliard-es-nombrado-nuevo-presidente-de-salud-de-la-universidad-de-loma-linda\\\/#article\",\"isPartOf\":{\"@id\":\"https:\\\/\\\/interamerica.org\\\/es\\\/2026\\\/04\\\/anthony-hilliard-es-nombrado-nuevo-presidente-de-salud-de-la-universidad-de-loma-linda\\\/\"},\"author\":{\"name\":\"libna\",\"@id\":\"https:\\\/\\\/interamerica.org\\\/es\\\/#\\\/schema\\\/person\\\/29998f2bc2d8bd0d38662909289b54f1\"},\"headline\":\"Anthony Hilliard es nombrado nuevo presidente de Salud de la Universidad de Loma Linda\",\"datePublished\":\"2026-04-20T18:43:14+00:00\",\"dateModified\":\"2026-04-24T11:44:40+00:00\",\"mainEntityOfPage\":{\"@id\":\"https:\\\/\\\/interamerica.org\\\/es\\\/2026\\\/04\\\/anthony-hilliard-es-nombrado-nuevo-presidente-de-salud-de-la-universidad-de-loma-linda\\\/\"},\"wordCount\":554,\"image\":{\"@id\":\"https:\\\/\\\/interamerica.org\\\/es\\\/2026\\\/04\\\/anthony-hilliard-es-nombrado-nuevo-presidente-de-salud-de-la-universidad-de-loma-linda\\\/#primaryimage\"},\"thumbnailUrl\":\"https:\\\/\\\/interamerica.org\\\/wp-content\\\/uploads\\\/2026\\\/04\\\/llu-1-1-1.jpg\",\"articleSection\":[\"Desde la iglesia mundial\",\"RSS Espa\u00f1ol\"],\"inLanguage\":\"es\"},{\"@type\":\"WebPage\",\"@id\":\"https:\\\/\\\/interamerica.org\\\/es\\\/2026\\\/04\\\/anthony-hilliard-es-nombrado-nuevo-presidente-de-salud-de-la-universidad-de-loma-linda\\\/\",\"url\":\"https:\\\/\\\/interamerica.org\\\/es\\\/2026\\\/04\\\/anthony-hilliard-es-nombrado-nuevo-presidente-de-salud-de-la-universidad-de-loma-linda\\\/\",\"name\":\"Anthony Hilliard es nombrado nuevo presidente de Salud de la Universidad de Loma Linda - Iglesia Adventista del S\u00e9ptimo D\u00eda - Divisi\u00f3n Interamericana\",\"isPartOf\":{\"@id\":\"https:\\\/\\\/interamerica.org\\\/es\\\/#website\"},\"primaryImageOfPage\":{\"@id\":\"https:\\\/\\\/interamerica.org\\\/es\\\/2026\\\/04\\\/anthony-hilliard-es-nombrado-nuevo-presidente-de-salud-de-la-universidad-de-loma-linda\\\/#primaryimage\"},\"image\":{\"@id\":\"https:\\\/\\\/interamerica.org\\\/es\\\/2026\\\/04\\\/anthony-hilliard-es-nombrado-nuevo-presidente-de-salud-de-la-universidad-de-loma-linda\\\/#primaryimage\"},\"thumbnailUrl\":\"https:\\\/\\\/interamerica.org\\\/wp-content\\\/uploads\\\/2026\\\/04\\\/llu-1-1-1.jpg\",\"datePublished\":\"2026-04-20T18:43:14+00:00\",\"dateModified\":\"2026-04-24T11:44:40+00:00\",\"author\":{\"@id\":\"https:\\\/\\\/interamerica.org\\\/es\\\/#\\\/schema\\\/person\\\/29998f2bc2d8bd0d38662909289b54f1\"},\"breadcrumb\":{\"@id\":\"https:\\\/\\\/interamerica.org\\\/es\\\/2026\\\/04\\\/anthony-hilliard-es-nombrado-nuevo-presidente-de-salud-de-la-universidad-de-loma-linda\\\/#breadcrumb\"},\"inLanguage\":\"es\",\"potentialAction\":[{\"@type\":\"ReadAction\",\"target\":[\"https:\\\/\\\/interamerica.org\\\/es\\\/2026\\\/04\\\/anthony-hilliard-es-nombrado-nuevo-presidente-de-salud-de-la-universidad-de-loma-linda\\\/\"]}]},{\"@type\":\"ImageObject\",\"inLanguage\":\"es\",\"@id\":\"https:\\\/\\\/interamerica.org\\\/es\\\/2026\\\/04\\\/anthony-hilliard-es-nombrado-nuevo-presidente-de-salud-de-la-universidad-de-loma-linda\\\/#primaryimage\",\"url\":\"https:\\\/\\\/interamerica.org\\\/wp-content\\\/uploads\\\/2026\\\/04\\\/llu-1-1-1.jpg\",\"contentUrl\":\"https:\\\/\\\/interamerica.org\\\/wp-content\\\/uploads\\\/2026\\\/04\\\/llu-1-1-1.jpg\",\"width\":755,\"height\":425,\"caption\":\"Anthony Hilliard fue nombrado presidente de Salud de la Universidad de Loma Linda, con efecto a partir del 1 de julio. Sustituir\u00e1 a Richard Hart, quien anunci\u00f3 su jubilaci\u00f3n. [Fotograf\u00eda: Noticias de Salud de la Universidad de Loma Linda]\"},{\"@type\":\"BreadcrumbList\",\"@id\":\"https:\\\/\\\/interamerica.org\\\/es\\\/2026\\\/04\\\/anthony-hilliard-es-nombrado-nuevo-presidente-de-salud-de-la-universidad-de-loma-linda\\\/#breadcrumb\",\"itemListElement\":[{\"@type\":\"ListItem\",\"position\":1,\"name\":\"Home\",\"item\":\"https:\\\/\\\/interamerica.org\\\/es\\\/\"},{\"@type\":\"ListItem\",\"position\":2,\"name\":\"Anthony Hilliard es nombrado nuevo presidente de Salud de la Universidad de Loma Linda\"}]},{\"@type\":\"WebSite\",\"@id\":\"https:\\\/\\\/interamerica.org\\\/es\\\/#website\",\"url\":\"https:\\\/\\\/interamerica.org\\\/es\\\/\",\"name\":\"Iglesia Adventista del S\u00e9ptimo D\u00eda - Divisi\u00f3n Interamericana\",\"description\":\"\",\"potentialAction\":[{\"@type\":\"SearchAction\",\"target\":{\"@type\":\"EntryPoint\",\"urlTemplate\":\"https:\\\/\\\/interamerica.org\\\/es\\\/?s={search_term_string}\"},\"query-input\":{\"@type\":\"PropertyValueSpecification\",\"valueRequired\":true,\"valueName\":\"search_term_string\"}}],\"inLanguage\":\"es\"},{\"@type\":\"Person\",\"@id\":\"https:\\\/\\\/interamerica.org\\\/es\\\/#\\\/schema\\\/person\\\/29998f2bc2d8bd0d38662909289b54f1\",\"name\":\"libna\",\"image\":{\"@type\":\"ImageObject\",\"inLanguage\":\"es\",\"@id\":\"https:\\\/\\\/secure.gravatar.com\\\/avatar\\\/7c5bd30ae4b47a9ba3c856590957fd1d96dc588bf3ac05719d247e126840331f?s=96&d=mm&r=g\",\"url\":\"https:\\\/\\\/secure.gravatar.com\\\/avatar\\\/7c5bd30ae4b47a9ba3c856590957fd1d96dc588bf3ac05719d247e126840331f?s=96&d=mm&r=g\",\"contentUrl\":\"https:\\\/\\\/secure.gravatar.com\\\/avatar\\\/7c5bd30ae4b47a9ba3c856590957fd1d96dc588bf3ac05719d247e126840331f?s=96&d=mm&r=g\",\"caption\":\"libna\"}}]}<\/script>\n<!-- \/ Yoast SEO plugin. -->","yoast_head_json":{"title":"Anthony Hilliard es nombrado nuevo presidente de Salud de la Universidad de Loma Linda - Iglesia Adventista del S\u00e9ptimo D\u00eda - Divisi\u00f3n Interamericana","robots":{"index":"index","follow":"follow","max-snippet":"max-snippet:-1","max-image-preview":"max-image-preview:large","max-video-preview":"max-video-preview:-1"},"canonical":"https:\/\/interamerica.org\/es\/2026\/04\/anthony-hilliard-es-nombrado-nuevo-presidente-de-salud-de-la-universidad-de-loma-linda\/","og_locale":"es_ES","og_type":"article","og_title":"Anthony Hilliard es nombrado nuevo presidente de Salud de la Universidad de Loma Linda - Iglesia Adventista del S\u00e9ptimo D\u00eda - Divisi\u00f3n Interamericana","og_description":"El experimentado administrador de salud sustituir\u00e1 a Richard Hart, quien anunci\u00f3 su jubilaci\u00f3n. 20 de abril de 2026 | Loma Linda, California, Estados Unidos | Noticias de Salud de la...","og_url":"https:\/\/interamerica.org\/es\/2026\/04\/anthony-hilliard-es-nombrado-nuevo-presidente-de-salud-de-la-universidad-de-loma-linda\/","og_site_name":"Iglesia Adventista del S\u00e9ptimo D\u00eda - Divisi\u00f3n Interamericana","article_published_time":"2026-04-20T18:43:14+00:00","article_modified_time":"2026-04-24T11:44:40+00:00","og_image":[{"width":755,"height":425,"url":"https:\/\/interamerica.org\/wp-content\/uploads\/2026\/04\/llu-1-1-1.jpg","type":"image\/jpeg"}],"author":"libna","twitter_card":"summary_large_image","twitter_misc":{"Escrito por":"libna","Tiempo de lectura":"3 minutos"},"schema":{"@context":"https:\/\/schema.org","@graph":[{"@type":"Article","@id":"https:\/\/interamerica.org\/es\/2026\/04\/anthony-hilliard-es-nombrado-nuevo-presidente-de-salud-de-la-universidad-de-loma-linda\/#article","isPartOf":{"@id":"https:\/\/interamerica.org\/es\/2026\/04\/anthony-hilliard-es-nombrado-nuevo-presidente-de-salud-de-la-universidad-de-loma-linda\/"},"author":{"name":"libna","@id":"https:\/\/interamerica.org\/es\/#\/schema\/person\/29998f2bc2d8bd0d38662909289b54f1"},"headline":"Anthony Hilliard es nombrado nuevo presidente de Salud de la Universidad de Loma Linda","datePublished":"2026-04-20T18:43:14+00:00","dateModified":"2026-04-24T11:44:40+00:00","mainEntityOfPage":{"@id":"https:\/\/interamerica.org\/es\/2026\/04\/anthony-hilliard-es-nombrado-nuevo-presidente-de-salud-de-la-universidad-de-loma-linda\/"},"wordCount":554,"image":{"@id":"https:\/\/interamerica.org\/es\/2026\/04\/anthony-hilliard-es-nombrado-nuevo-presidente-de-salud-de-la-universidad-de-loma-linda\/#primaryimage"},"thumbnailUrl":"https:\/\/interamerica.org\/wp-content\/uploads\/2026\/04\/llu-1-1-1.jpg","articleSection":["Desde la iglesia mundial","RSS Espa\u00f1ol"],"inLanguage":"es"},{"@type":"WebPage","@id":"https:\/\/interamerica.org\/es\/2026\/04\/anthony-hilliard-es-nombrado-nuevo-presidente-de-salud-de-la-universidad-de-loma-linda\/","url":"https:\/\/interamerica.org\/es\/2026\/04\/anthony-hilliard-es-nombrado-nuevo-presidente-de-salud-de-la-universidad-de-loma-linda\/","name":"Anthony Hilliard es nombrado nuevo presidente de Salud de la Universidad de Loma Linda - Iglesia Adventista del S\u00e9ptimo D\u00eda - Divisi\u00f3n Interamericana","isPartOf":{"@id":"https:\/\/interamerica.org\/es\/#website"},"primaryImageOfPage":{"@id":"https:\/\/interamerica.org\/es\/2026\/04\/anthony-hilliard-es-nombrado-nuevo-presidente-de-salud-de-la-universidad-de-loma-linda\/#primaryimage"},"image":{"@id":"https:\/\/interamerica.org\/es\/2026\/04\/anthony-hilliard-es-nombrado-nuevo-presidente-de-salud-de-la-universidad-de-loma-linda\/#primaryimage"},"thumbnailUrl":"https:\/\/interamerica.org\/wp-content\/uploads\/2026\/04\/llu-1-1-1.jpg","datePublished":"2026-04-20T18:43:14+00:00","dateModified":"2026-04-24T11:44:40+00:00","author":{"@id":"https:\/\/interamerica.org\/es\/#\/schema\/person\/29998f2bc2d8bd0d38662909289b54f1"},"breadcrumb":{"@id":"https:\/\/interamerica.org\/es\/2026\/04\/anthony-hilliard-es-nombrado-nuevo-presidente-de-salud-de-la-universidad-de-loma-linda\/#breadcrumb"},"inLanguage":"es","potentialAction":[{"@type":"ReadAction","target":["https:\/\/interamerica.org\/es\/2026\/04\/anthony-hilliard-es-nombrado-nuevo-presidente-de-salud-de-la-universidad-de-loma-linda\/"]}]},{"@type":"ImageObject","inLanguage":"es","@id":"https:\/\/interamerica.org\/es\/2026\/04\/anthony-hilliard-es-nombrado-nuevo-presidente-de-salud-de-la-universidad-de-loma-linda\/#primaryimage","url":"https:\/\/interamerica.org\/wp-content\/uploads\/2026\/04\/llu-1-1-1.jpg","contentUrl":"https:\/\/interamerica.org\/wp-content\/uploads\/2026\/04\/llu-1-1-1.jpg","width":755,"height":425,"caption":"Anthony Hilliard fue nombrado presidente de Salud de la Universidad de Loma Linda, con efecto a partir del 1 de julio. Sustituir\u00e1 a Richard Hart, quien anunci\u00f3 su jubilaci\u00f3n. [Fotograf\u00eda: Noticias de Salud de la Universidad de Loma Linda]"},{"@type":"BreadcrumbList","@id":"https:\/\/interamerica.org\/es\/2026\/04\/anthony-hilliard-es-nombrado-nuevo-presidente-de-salud-de-la-universidad-de-loma-linda\/#breadcrumb","itemListElement":[{"@type":"ListItem","position":1,"name":"Home","item":"https:\/\/interamerica.org\/es\/"},{"@type":"ListItem","position":2,"name":"Anthony Hilliard es nombrado nuevo presidente de Salud de la Universidad de Loma Linda"}]},{"@type":"WebSite","@id":"https:\/\/interamerica.org\/es\/#website","url":"https:\/\/interamerica.org\/es\/","name":"Iglesia Adventista del S\u00e9ptimo D\u00eda - Divisi\u00f3n Interamericana","description":"","potentialAction":[{"@type":"SearchAction","target":{"@type":"EntryPoint","urlTemplate":"https:\/\/interamerica.org\/es\/?s={search_term_string}"},"query-input":{"@type":"PropertyValueSpecification","valueRequired":true,"valueName":"search_term_string"}}],"inLanguage":"es"},{"@type":"Person","@id":"https:\/\/interamerica.org\/es\/#\/schema\/person\/29998f2bc2d8bd0d38662909289b54f1","name":"libna","image":{"@type":"ImageObject","inLanguage":"es","@id":"https:\/\/secure.gravatar.com\/avatar\/7c5bd30ae4b47a9ba3c856590957fd1d96dc588bf3ac05719d247e126840331f?s=96&d=mm&r=g","url":"https:\/\/secure.gravatar.com\/avatar\/7c5bd30ae4b47a9ba3c856590957fd1d96dc588bf3ac05719d247e126840331f?s=96&d=mm&r=g","contentUrl":"https:\/\/secure.gravatar.com\/avatar\/7c5bd30ae4b47a9ba3c856590957fd1d96dc588bf3ac05719d247e126840331f?s=96&d=mm&r=g","caption":"libna"}}]}},"_links":{"self":[{"href":"https:\/\/interamerica.org\/es\/wp-json\/wp\/v2\/posts\/142260","targetHints":{"allow":["GET"]}}],"collection":[{"href":"https:\/\/interamerica.org\/es\/wp-json\/wp\/v2\/posts"}],"about":[{"href":"https:\/\/interamerica.org\/es\/wp-json\/wp\/v2\/types\/post"}],"author":[{"embeddable":true,"href":"https:\/\/interamerica.org\/es\/wp-json\/wp\/v2\/users\/3"}],"replies":[{"embeddable":true,"href":"https:\/\/interamerica.org\/es\/wp-json\/wp\/v2\/comments?post=142260"}],"version-history":[{"count":1,"href":"https:\/\/interamerica.org\/es\/wp-json\/wp\/v2\/posts\/142260\/revisions"}],"predecessor-version":[{"id":142326,"href":"https:\/\/interamerica.org\/es\/wp-json\/wp\/v2\/posts\/142260\/revisions\/142326"}],"wp:featuredmedia":[{"embeddable":true,"href":"https:\/\/interamerica.org\/es\/wp-json\/wp\/v2\/media\/142261"}],"wp:attachment":[{"href":"https:\/\/interamerica.org\/es\/wp-json\/wp\/v2\/media?parent=142260"}],"wp:term":[{"taxonomy":"category","embeddable":true,"href":"https:\/\/interamerica.org\/es\/wp-json\/wp\/v2\/categories?post=142260"},{"taxonomy":"post_tag","embeddable":true,"href":"https:\/\/interamerica.org\/es\/wp-json\/wp\/v2\/tags?post=142260"}],"curies":[{"name":"wp","href":"https:\/\/api.w.org\/{rel}","templated":true}]}}