{"id":142267,"date":"2026-04-23T21:29:09","date_gmt":"2026-04-24T01:29:09","guid":{"rendered":"https:\/\/interamerica.org\/?p=142267"},"modified":"2026-04-24T07:43:35","modified_gmt":"2026-04-24T11:43:35","slug":"de-consultorio-dental-a-centro-medico-adventista-en-angola","status":"publish","type":"post","link":"https:\/\/interamerica.org\/es\/2026\/04\/de-consultorio-dental-a-centro-medico-adventista-en-angola\/","title":{"rendered":"De consultorio dental a centro m\u00e9dico adventista en Angola"},"content":{"rendered":"<p><em>Egresados de la Universidad de Montemorelos impulsan la transformaci\u00f3n de una obra de salud en Luanda mediante atenci\u00f3n m\u00e9dica, capacitaci\u00f3n y alcance comunitario<\/em><\/p>\n<p>21 de abril de 2026 | Montemorelos, Nuevo Le\u00f3n, M\u00e9xico | Laura Marrero<\/p>\n<p>Durante varios a\u00f1os, la labor de Maydi D\u00edaz y Miguel O. Rodr\u00edguez en Angola ha sido un testimonio constante de servicio a trav\u00e9s de la salud y del compromiso misionero de los egresados de la Universidad de Montemorelos (UM).<\/p>\n<p>Hoy, su historia contin\u00faa sumando nuevos cap\u00edtulos.<\/p>\n<p>Despu\u00e9s de casi una d\u00e9cada sirviendo en Angola, ambos regresaron a M\u00e9xico, donde D\u00edaz se integr\u00f3 al \u00e1rea acad\u00e9mica de la Escuela de Enfermer\u00eda de la UM, mientras Rodr\u00edguez curs\u00f3 una maestr\u00eda en Prostodoncia en la Universidad Aut\u00f3noma de Nuevo Le\u00f3n, as\u00ed como una maestr\u00eda en Finanzas en la UM. Esta etapa de tres a\u00f1os sent\u00f3 las bases para lo que vendr\u00eda despu\u00e9s.<\/p>\n<p><div id=\"attachment_142263\" style=\"width: 890px\" class=\"wp-caption aligncenter\"><img fetchpriority=\"high\" decoding=\"async\" aria-describedby=\"caption-attachment-142263\" class=\"wp-image-142263\" src=\"https:\/\/interamerica.org\/wp-content\/uploads\/2026\/04\/um-img-1fzcutnptxbvadqr-upscale-1000.jpg\" alt=\"\" width=\"880\" height=\"598\" \/><p id=\"caption-attachment-142263\" class=\"wp-caption-text\">Pacientes esperan ser evaluados para la obtenci\u00f3n de pr\u00f3tesis dentales totales durante una brigada m\u00e9dica en Pungo Andongo, Angola, en 2024. [Foto: Cortes\u00eda de Maydi D\u00edaz]<\/p><\/div>A inicios de 2024, respondieron nuevamente al llamado de servir fuera de su pa\u00eds natal.<\/p>\n<p>Ese llamado los llev\u00f3 otra vez a Angola, esta vez a la ciudad de Luanda, donde se involucraron en un proyecto que transformar\u00eda por completo el alcance de la obra de salud en la regi\u00f3n.<\/p>\n<p>Al llegar, encontraron una infraestructura con gran potencial \u2014\u201cuna hermosa estructura de dos niveles\u201d\u2014, pero con servicios limitados.<\/p>\n<p>\u201cDesde nuestra llegada, fuimos testigos de la providencia de Dios. La infraestructura hab\u00eda sido restaurada gracias a una donaci\u00f3n gubernamental y al apoyo de Adventist Health International, sentando as\u00ed las bases para el crecimiento de un centro de salud integral\u201d, relataron.<\/p>\n<p>Con el paso de los meses, el espacio comenz\u00f3 a expandirse tanto en capacidad como en impacto.<\/p>\n<p><div id=\"attachment_142264\" style=\"width: 934px\" class=\"wp-caption aligncenter\"><img decoding=\"async\" aria-describedby=\"caption-attachment-142264\" class=\" wp-image-142264\" src=\"https:\/\/interamerica.org\/wp-content\/uploads\/2026\/04\/um-img-tohezkitf4mxgnsa-1024x576.jpg\" alt=\"\" width=\"924\" height=\"520\" \/><p id=\"caption-attachment-142264\" class=\"wp-caption-text\">Maydi D\u00edaz y Miguel O. Rodr\u00edguez (al centro) posan junto a miembros del equipo del centro de salud, quienes fueron capacitados en reanimaci\u00f3n cardiopulmonar (RCP) y t\u00e9cnicas de impresi\u00f3n con alginato. [Foto: Cortes\u00eda de Maydi D\u00edaz]<\/p><\/div>\u201cCuando llegamos, la obra consist\u00eda en un consultorio dental; sin embargo, tuvimos el privilegio de participar en su transformaci\u00f3n en un centro m\u00e9dico con m\u00faltiples \u00e1reas de atenci\u00f3n, convirti\u00e9ndolo en un verdadero centro de servicio para la comunidad\u201d, explicaron.<\/p>\n<p>Gracias al trabajo conjunto de la Iglesia Adventista del S\u00e9ptimo D\u00eda a trav\u00e9s de sus oficinas sede, sus l\u00edderes en la Divisi\u00f3n de \u00c1frica Meridional y el Oc\u00e9ano \u00cdndico, la iglesia en el noreste del pa\u00eds africano, y Adventist Health International, el proyecto experiment\u00f3 un crecimiento significativo hasta convertirse en el Centro M\u00e9dico Adventista Vida Saludable.<\/p>\n<p>El centro pas\u00f3 de ofrecer servicios limitados a brindar atenci\u00f3n integral, incorporando \u00e1reas como laboratorio dental completamente equipado \u2014incluyendo pr\u00f3tesis fija y removible, est\u00e9tica dental, ortodoncia y f\u00e9rulas\u2014, fisioterapia, electroterapia, terapia infrarroja, masoterapia, enfermer\u00eda, medicina general, as\u00ed como especialidades m\u00e9dicas como otorrinolaringolog\u00eda, adem\u00e1s de servicios de oftalmolog\u00eda, optometr\u00eda, psicolog\u00eda y nutrici\u00f3n.<\/p>\n<p>Adem\u00e1s del crecimiento en infraestructura, uno de los enfoques principales fue la formaci\u00f3n del equipo humano.<\/p>\n<p>\u201cUno de los principales objetivos fue formar un equipo comprometido con una misma visi\u00f3n y misi\u00f3n: servir con excelencia, compasi\u00f3n y prop\u00f3sito. Antes de nuestra salida, ya se hab\u00edan iniciado planes para implementar un laboratorio cl\u00ednico, ampliando a\u00fan m\u00e1s el alcance de los servicios\u201d, se\u00f1alaron.<\/p>\n<p><div id=\"attachment_142265\" style=\"width: 934px\" class=\"wp-caption aligncenter\"><img decoding=\"async\" aria-describedby=\"caption-attachment-142265\" class=\"wp-image-142265\" src=\"https:\/\/interamerica.org\/wp-content\/uploads\/2026\/04\/um-img-grk1dwacbw9cpypq-1024x576.jpg\" alt=\"\" width=\"924\" height=\"520\" \/><p id=\"caption-attachment-142265\" class=\"wp-caption-text\">Im\u00e1genes del antes y despu\u00e9s muestran a una paciente que recibi\u00f3 pr\u00f3tesis dentales totales durante una jornada de atenci\u00f3n m\u00e9dica en Pungo Andongo, Angola, en 2024. [Foto: Cortes\u00eda de Maydi D\u00edaz]<\/p><\/div>Los misioneros indicaron que uno de los mayores retos fue la adquisici\u00f3n de equipamiento y la formaci\u00f3n de personal. Sin embargo, destacaron la provisi\u00f3n de Dios durante todo el proceso.<\/p>\n<p>\u201cSe logr\u00f3 capacitar personal en distintas \u00e1reas, incluyendo laboratorio dental, enfermer\u00eda, asistencia dental y fisioterapia. Adem\u00e1s, profesionales locales, junto con el apoyo internacional de m\u00e9dicos cubanos y una especialista colombiana en oftalmolog\u00eda, fortalecieron significativamente el equipo de trabajo\u201d, explicaron.<\/p>\n<p>Paralelamente al desarrollo del centro m\u00e9dico, el impacto se extendi\u00f3 a la comunidad en la capital y provincias cercanas.<\/p>\n<p>\u201cDurante casi dos a\u00f1os promovimos la salud integral mediante semanas de oraci\u00f3n, brigadas m\u00e9dicas de tres d\u00edas y congresos de salud en Luanda\u201d, comentaron.<\/p>\n<p>Una de las iniciativas m\u00e1s destacadas se llev\u00f3 a cabo en el municipio de Pungo Andongo, en colaboraci\u00f3n con el gobierno de la provincia de Malanje. Durante esta jornada se ofrecieron servicios de pediatr\u00eda, medicina general, odontolog\u00eda, pr\u00f3tesis, an\u00e1lisis cl\u00ednicos, pruebas r\u00e1pidas de malaria y entrega gratuita de medicamentos. Adem\u00e1s, se promovi\u00f3 la educaci\u00f3n en salud, especialmente en higiene bucal.<\/p>\n<p><div id=\"attachment_142266\" style=\"width: 916px\" class=\"wp-caption aligncenter\"><img loading=\"lazy\" decoding=\"async\" aria-describedby=\"caption-attachment-142266\" class=\" wp-image-142266\" src=\"https:\/\/interamerica.org\/wp-content\/uploads\/2026\/04\/um-img-zhbgxjtqad2nd9ne-1024x576.jpg\" alt=\"\" width=\"906\" height=\"510\" \/><p id=\"caption-attachment-142266\" class=\"wp-caption-text\">Primera campa\u00f1a de optometr\u00eda realizada en colaboraci\u00f3n con OneSight, una organizaci\u00f3n dedicada a la salud visual, en septiembre de 2024. [Foto: Cortes\u00eda de Maydi D\u00edaz]<\/p><\/div>\u201cM\u00e1s de dos mil personas fueron beneficiadas en esta jornada, la cual tuvo un impacto significativo e incluso fue reconocida a nivel nacional\u201d, destacaron.<\/p>\n<p>Estas iniciativas permitieron atender a miles de personas y posicionar la obra de salud como un puente de servicio y esperanza.<\/p>\n<p>Para D\u00edaz y Rodr\u00edguez, Angola se ha convertido nuevamente en un cap\u00edtulo clave en su experiencia misionera.<\/p>\n<p>\u201cAngola se ha convertido en un lugar especial para nuestra familia. Hemos sido testigos del amor de Dios obrando en este pa\u00eds. Guardamos en nuestro coraz\u00f3n cada experiencia y oramos para que la obra de salud contin\u00fae creciendo y llevando esperanza a muchas vidas\u201d, expresaron.<\/p>\n<p>Sin embargo, su historia no termina aqu\u00ed. Lo que comenz\u00f3 en Luanda ya ha dado paso a un nuevo llamado, llev\u00e1ndolos a un territorio diferente, con nuevos desaf\u00edos y oportunidades para servir.<\/p>\n","protected":false},"excerpt":{"rendered":"<p>Egresados de la Universidad de Montemorelos impulsan la transformaci\u00f3n de una obra de salud en Luanda mediante atenci\u00f3n m\u00e9dica, capacitaci\u00f3n y alcance comunitario 21 de abril de 2026 | Montemorelos,&#8230;<\/p>\n","protected":false},"author":3,"featured_media":0,"comment_status":"closed","ping_status":"closed","sticky":false,"template":"","format":"standard","meta":{"_acf_changed":false,"footnotes":""},"categories":[16,15],"tags":[],"class_list":["post-142267","post","type-post","status-publish","format-standard","hentry","category-desde-la-sede","category-rss-espanol"],"acf":[],"yoast_head":"<!-- This site is optimized with the Yoast SEO plugin v27.3 - https:\/\/yoast.com\/product\/yoast-seo-wordpress\/ -->\n<title>De consultorio dental a centro m\u00e9dico adventista en Angola - Iglesia Adventista del S\u00e9ptimo D\u00eda - Divisi\u00f3n Interamericana<\/title>\n<meta name=\"robots\" content=\"index, follow, max-snippet:-1, max-image-preview:large, max-video-preview:-1\" \/>\n<link rel=\"canonical\" href=\"https:\/\/interamerica.org\/es\/2026\/04\/de-consultorio-dental-a-centro-medico-adventista-en-angola\/\" \/>\n<meta property=\"og:locale\" content=\"es_ES\" \/>\n<meta property=\"og:type\" content=\"article\" \/>\n<meta property=\"og:title\" content=\"De consultorio dental a centro m\u00e9dico adventista en Angola - Iglesia Adventista del S\u00e9ptimo D\u00eda - Divisi\u00f3n Interamericana\" \/>\n<meta property=\"og:description\" content=\"Egresados de la Universidad de Montemorelos impulsan la transformaci\u00f3n de una obra de salud en Luanda mediante atenci\u00f3n m\u00e9dica, capacitaci\u00f3n y alcance comunitario 21 de abril de 2026 | Montemorelos,...\" \/>\n<meta property=\"og:url\" content=\"https:\/\/interamerica.org\/es\/2026\/04\/de-consultorio-dental-a-centro-medico-adventista-en-angola\/\" \/>\n<meta property=\"og:site_name\" content=\"Iglesia Adventista del S\u00e9ptimo D\u00eda - Divisi\u00f3n Interamericana\" \/>\n<meta property=\"article:published_time\" content=\"2026-04-24T01:29:09+00:00\" \/>\n<meta property=\"article:modified_time\" content=\"2026-04-24T11:43:35+00:00\" \/>\n<meta property=\"og:image\" content=\"https:\/\/interamerica.org\/wp-content\/uploads\/2026\/04\/um-img-1fzcutnptxbvadqr-upscale-1000.jpg\" \/>\n\t<meta property=\"og:image:width\" content=\"1000\" \/>\n\t<meta property=\"og:image:height\" content=\"680\" \/>\n\t<meta property=\"og:image:type\" content=\"image\/jpeg\" \/>\n<meta name=\"author\" content=\"libna\" \/>\n<meta name=\"twitter:card\" content=\"summary_large_image\" \/>\n<meta name=\"twitter:label1\" content=\"Escrito por\" \/>\n\t<meta name=\"twitter:data1\" content=\"libna\" \/>\n\t<meta name=\"twitter:label2\" content=\"Tiempo de lectura\" \/>\n\t<meta name=\"twitter:data2\" content=\"6 minutos\" \/>\n<script type=\"application\/ld+json\" class=\"yoast-schema-graph\">{\"@context\":\"https:\\\/\\\/schema.org\",\"@graph\":[{\"@type\":\"Article\",\"@id\":\"https:\\\/\\\/interamerica.org\\\/es\\\/2026\\\/04\\\/de-consultorio-dental-a-centro-medico-adventista-en-angola\\\/#article\",\"isPartOf\":{\"@id\":\"https:\\\/\\\/interamerica.org\\\/es\\\/2026\\\/04\\\/de-consultorio-dental-a-centro-medico-adventista-en-angola\\\/\"},\"author\":{\"name\":\"libna\",\"@id\":\"https:\\\/\\\/interamerica.org\\\/es\\\/#\\\/schema\\\/person\\\/29998f2bc2d8bd0d38662909289b54f1\"},\"headline\":\"De consultorio dental a centro m\u00e9dico adventista en Angola\",\"datePublished\":\"2026-04-24T01:29:09+00:00\",\"dateModified\":\"2026-04-24T11:43:35+00:00\",\"mainEntityOfPage\":{\"@id\":\"https:\\\/\\\/interamerica.org\\\/es\\\/2026\\\/04\\\/de-consultorio-dental-a-centro-medico-adventista-en-angola\\\/\"},\"wordCount\":1061,\"image\":{\"@id\":\"https:\\\/\\\/interamerica.org\\\/es\\\/2026\\\/04\\\/de-consultorio-dental-a-centro-medico-adventista-en-angola\\\/#primaryimage\"},\"thumbnailUrl\":\"https:\\\/\\\/interamerica.org\\\/wp-content\\\/uploads\\\/2026\\\/04\\\/um-img-1fzcutnptxbvadqr-upscale-1000.jpg\",\"articleSection\":[\"Desde la sede\",\"RSS Espa\u00f1ol\"],\"inLanguage\":\"es\"},{\"@type\":\"WebPage\",\"@id\":\"https:\\\/\\\/interamerica.org\\\/es\\\/2026\\\/04\\\/de-consultorio-dental-a-centro-medico-adventista-en-angola\\\/\",\"url\":\"https:\\\/\\\/interamerica.org\\\/es\\\/2026\\\/04\\\/de-consultorio-dental-a-centro-medico-adventista-en-angola\\\/\",\"name\":\"De consultorio dental a centro m\u00e9dico adventista en Angola - Iglesia Adventista del S\u00e9ptimo D\u00eda - Divisi\u00f3n Interamericana\",\"isPartOf\":{\"@id\":\"https:\\\/\\\/interamerica.org\\\/es\\\/#website\"},\"primaryImageOfPage\":{\"@id\":\"https:\\\/\\\/interamerica.org\\\/es\\\/2026\\\/04\\\/de-consultorio-dental-a-centro-medico-adventista-en-angola\\\/#primaryimage\"},\"image\":{\"@id\":\"https:\\\/\\\/interamerica.org\\\/es\\\/2026\\\/04\\\/de-consultorio-dental-a-centro-medico-adventista-en-angola\\\/#primaryimage\"},\"thumbnailUrl\":\"https:\\\/\\\/interamerica.org\\\/wp-content\\\/uploads\\\/2026\\\/04\\\/um-img-1fzcutnptxbvadqr-upscale-1000.jpg\",\"datePublished\":\"2026-04-24T01:29:09+00:00\",\"dateModified\":\"2026-04-24T11:43:35+00:00\",\"author\":{\"@id\":\"https:\\\/\\\/interamerica.org\\\/es\\\/#\\\/schema\\\/person\\\/29998f2bc2d8bd0d38662909289b54f1\"},\"breadcrumb\":{\"@id\":\"https:\\\/\\\/interamerica.org\\\/es\\\/2026\\\/04\\\/de-consultorio-dental-a-centro-medico-adventista-en-angola\\\/#breadcrumb\"},\"inLanguage\":\"es\",\"potentialAction\":[{\"@type\":\"ReadAction\",\"target\":[\"https:\\\/\\\/interamerica.org\\\/es\\\/2026\\\/04\\\/de-consultorio-dental-a-centro-medico-adventista-en-angola\\\/\"]}]},{\"@type\":\"ImageObject\",\"inLanguage\":\"es\",\"@id\":\"https:\\\/\\\/interamerica.org\\\/es\\\/2026\\\/04\\\/de-consultorio-dental-a-centro-medico-adventista-en-angola\\\/#primaryimage\",\"url\":\"https:\\\/\\\/interamerica.org\\\/wp-content\\\/uploads\\\/2026\\\/04\\\/um-img-1fzcutnptxbvadqr-upscale-1000.jpg\",\"contentUrl\":\"https:\\\/\\\/interamerica.org\\\/wp-content\\\/uploads\\\/2026\\\/04\\\/um-img-1fzcutnptxbvadqr-upscale-1000.jpg\"},{\"@type\":\"BreadcrumbList\",\"@id\":\"https:\\\/\\\/interamerica.org\\\/es\\\/2026\\\/04\\\/de-consultorio-dental-a-centro-medico-adventista-en-angola\\\/#breadcrumb\",\"itemListElement\":[{\"@type\":\"ListItem\",\"position\":1,\"name\":\"Home\",\"item\":\"https:\\\/\\\/interamerica.org\\\/es\\\/\"},{\"@type\":\"ListItem\",\"position\":2,\"name\":\"De consultorio dental a centro m\u00e9dico adventista en Angola\"}]},{\"@type\":\"WebSite\",\"@id\":\"https:\\\/\\\/interamerica.org\\\/es\\\/#website\",\"url\":\"https:\\\/\\\/interamerica.org\\\/es\\\/\",\"name\":\"Iglesia Adventista del S\u00e9ptimo D\u00eda - Divisi\u00f3n Interamericana\",\"description\":\"\",\"potentialAction\":[{\"@type\":\"SearchAction\",\"target\":{\"@type\":\"EntryPoint\",\"urlTemplate\":\"https:\\\/\\\/interamerica.org\\\/es\\\/?s={search_term_string}\"},\"query-input\":{\"@type\":\"PropertyValueSpecification\",\"valueRequired\":true,\"valueName\":\"search_term_string\"}}],\"inLanguage\":\"es\"},{\"@type\":\"Person\",\"@id\":\"https:\\\/\\\/interamerica.org\\\/es\\\/#\\\/schema\\\/person\\\/29998f2bc2d8bd0d38662909289b54f1\",\"name\":\"libna\",\"image\":{\"@type\":\"ImageObject\",\"inLanguage\":\"es\",\"@id\":\"https:\\\/\\\/secure.gravatar.com\\\/avatar\\\/7c5bd30ae4b47a9ba3c856590957fd1d96dc588bf3ac05719d247e126840331f?s=96&d=mm&r=g\",\"url\":\"https:\\\/\\\/secure.gravatar.com\\\/avatar\\\/7c5bd30ae4b47a9ba3c856590957fd1d96dc588bf3ac05719d247e126840331f?s=96&d=mm&r=g\",\"contentUrl\":\"https:\\\/\\\/secure.gravatar.com\\\/avatar\\\/7c5bd30ae4b47a9ba3c856590957fd1d96dc588bf3ac05719d247e126840331f?s=96&d=mm&r=g\",\"caption\":\"libna\"}}]}<\/script>\n<!-- \/ Yoast SEO plugin. -->","yoast_head_json":{"title":"De consultorio dental a centro m\u00e9dico adventista en Angola - Iglesia Adventista del S\u00e9ptimo D\u00eda - Divisi\u00f3n Interamericana","robots":{"index":"index","follow":"follow","max-snippet":"max-snippet:-1","max-image-preview":"max-image-preview:large","max-video-preview":"max-video-preview:-1"},"canonical":"https:\/\/interamerica.org\/es\/2026\/04\/de-consultorio-dental-a-centro-medico-adventista-en-angola\/","og_locale":"es_ES","og_type":"article","og_title":"De consultorio dental a centro m\u00e9dico adventista en Angola - Iglesia Adventista del S\u00e9ptimo D\u00eda - Divisi\u00f3n Interamericana","og_description":"Egresados de la Universidad de Montemorelos impulsan la transformaci\u00f3n de una obra de salud en Luanda mediante atenci\u00f3n m\u00e9dica, capacitaci\u00f3n y alcance comunitario 21 de abril de 2026 | Montemorelos,...","og_url":"https:\/\/interamerica.org\/es\/2026\/04\/de-consultorio-dental-a-centro-medico-adventista-en-angola\/","og_site_name":"Iglesia Adventista del S\u00e9ptimo D\u00eda - Divisi\u00f3n Interamericana","article_published_time":"2026-04-24T01:29:09+00:00","article_modified_time":"2026-04-24T11:43:35+00:00","og_image":[{"width":1000,"height":680,"url":"https:\/\/interamerica.org\/wp-content\/uploads\/2026\/04\/um-img-1fzcutnptxbvadqr-upscale-1000.jpg","type":"image\/jpeg"}],"author":"libna","twitter_card":"summary_large_image","twitter_misc":{"Escrito por":"libna","Tiempo de lectura":"6 minutos"},"schema":{"@context":"https:\/\/schema.org","@graph":[{"@type":"Article","@id":"https:\/\/interamerica.org\/es\/2026\/04\/de-consultorio-dental-a-centro-medico-adventista-en-angola\/#article","isPartOf":{"@id":"https:\/\/interamerica.org\/es\/2026\/04\/de-consultorio-dental-a-centro-medico-adventista-en-angola\/"},"author":{"name":"libna","@id":"https:\/\/interamerica.org\/es\/#\/schema\/person\/29998f2bc2d8bd0d38662909289b54f1"},"headline":"De consultorio dental a centro m\u00e9dico adventista en Angola","datePublished":"2026-04-24T01:29:09+00:00","dateModified":"2026-04-24T11:43:35+00:00","mainEntityOfPage":{"@id":"https:\/\/interamerica.org\/es\/2026\/04\/de-consultorio-dental-a-centro-medico-adventista-en-angola\/"},"wordCount":1061,"image":{"@id":"https:\/\/interamerica.org\/es\/2026\/04\/de-consultorio-dental-a-centro-medico-adventista-en-angola\/#primaryimage"},"thumbnailUrl":"https:\/\/interamerica.org\/wp-content\/uploads\/2026\/04\/um-img-1fzcutnptxbvadqr-upscale-1000.jpg","articleSection":["Desde la sede","RSS Espa\u00f1ol"],"inLanguage":"es"},{"@type":"WebPage","@id":"https:\/\/interamerica.org\/es\/2026\/04\/de-consultorio-dental-a-centro-medico-adventista-en-angola\/","url":"https:\/\/interamerica.org\/es\/2026\/04\/de-consultorio-dental-a-centro-medico-adventista-en-angola\/","name":"De consultorio dental a centro m\u00e9dico adventista en Angola - Iglesia Adventista del S\u00e9ptimo D\u00eda - Divisi\u00f3n Interamericana","isPartOf":{"@id":"https:\/\/interamerica.org\/es\/#website"},"primaryImageOfPage":{"@id":"https:\/\/interamerica.org\/es\/2026\/04\/de-consultorio-dental-a-centro-medico-adventista-en-angola\/#primaryimage"},"image":{"@id":"https:\/\/interamerica.org\/es\/2026\/04\/de-consultorio-dental-a-centro-medico-adventista-en-angola\/#primaryimage"},"thumbnailUrl":"https:\/\/interamerica.org\/wp-content\/uploads\/2026\/04\/um-img-1fzcutnptxbvadqr-upscale-1000.jpg","datePublished":"2026-04-24T01:29:09+00:00","dateModified":"2026-04-24T11:43:35+00:00","author":{"@id":"https:\/\/interamerica.org\/es\/#\/schema\/person\/29998f2bc2d8bd0d38662909289b54f1"},"breadcrumb":{"@id":"https:\/\/interamerica.org\/es\/2026\/04\/de-consultorio-dental-a-centro-medico-adventista-en-angola\/#breadcrumb"},"inLanguage":"es","potentialAction":[{"@type":"ReadAction","target":["https:\/\/interamerica.org\/es\/2026\/04\/de-consultorio-dental-a-centro-medico-adventista-en-angola\/"]}]},{"@type":"ImageObject","inLanguage":"es","@id":"https:\/\/interamerica.org\/es\/2026\/04\/de-consultorio-dental-a-centro-medico-adventista-en-angola\/#primaryimage","url":"https:\/\/interamerica.org\/wp-content\/uploads\/2026\/04\/um-img-1fzcutnptxbvadqr-upscale-1000.jpg","contentUrl":"https:\/\/interamerica.org\/wp-content\/uploads\/2026\/04\/um-img-1fzcutnptxbvadqr-upscale-1000.jpg"},{"@type":"BreadcrumbList","@id":"https:\/\/interamerica.org\/es\/2026\/04\/de-consultorio-dental-a-centro-medico-adventista-en-angola\/#breadcrumb","itemListElement":[{"@type":"ListItem","position":1,"name":"Home","item":"https:\/\/interamerica.org\/es\/"},{"@type":"ListItem","position":2,"name":"De consultorio dental a centro m\u00e9dico adventista en Angola"}]},{"@type":"WebSite","@id":"https:\/\/interamerica.org\/es\/#website","url":"https:\/\/interamerica.org\/es\/","name":"Iglesia Adventista del S\u00e9ptimo D\u00eda - Divisi\u00f3n Interamericana","description":"","potentialAction":[{"@type":"SearchAction","target":{"@type":"EntryPoint","urlTemplate":"https:\/\/interamerica.org\/es\/?s={search_term_string}"},"query-input":{"@type":"PropertyValueSpecification","valueRequired":true,"valueName":"search_term_string"}}],"inLanguage":"es"},{"@type":"Person","@id":"https:\/\/interamerica.org\/es\/#\/schema\/person\/29998f2bc2d8bd0d38662909289b54f1","name":"libna","image":{"@type":"ImageObject","inLanguage":"es","@id":"https:\/\/secure.gravatar.com\/avatar\/7c5bd30ae4b47a9ba3c856590957fd1d96dc588bf3ac05719d247e126840331f?s=96&d=mm&r=g","url":"https:\/\/secure.gravatar.com\/avatar\/7c5bd30ae4b47a9ba3c856590957fd1d96dc588bf3ac05719d247e126840331f?s=96&d=mm&r=g","contentUrl":"https:\/\/secure.gravatar.com\/avatar\/7c5bd30ae4b47a9ba3c856590957fd1d96dc588bf3ac05719d247e126840331f?s=96&d=mm&r=g","caption":"libna"}}]}},"_links":{"self":[{"href":"https:\/\/interamerica.org\/es\/wp-json\/wp\/v2\/posts\/142267","targetHints":{"allow":["GET"]}}],"collection":[{"href":"https:\/\/interamerica.org\/es\/wp-json\/wp\/v2\/posts"}],"about":[{"href":"https:\/\/interamerica.org\/es\/wp-json\/wp\/v2\/types\/post"}],"author":[{"embeddable":true,"href":"https:\/\/interamerica.org\/es\/wp-json\/wp\/v2\/users\/3"}],"replies":[{"embeddable":true,"href":"https:\/\/interamerica.org\/es\/wp-json\/wp\/v2\/comments?post=142267"}],"version-history":[{"count":6,"href":"https:\/\/interamerica.org\/es\/wp-json\/wp\/v2\/posts\/142267\/revisions"}],"predecessor-version":[{"id":142275,"href":"https:\/\/interamerica.org\/es\/wp-json\/wp\/v2\/posts\/142267\/revisions\/142275"}],"wp:attachment":[{"href":"https:\/\/interamerica.org\/es\/wp-json\/wp\/v2\/media?parent=142267"}],"wp:term":[{"taxonomy":"category","embeddable":true,"href":"https:\/\/interamerica.org\/es\/wp-json\/wp\/v2\/categories?post=142267"},{"taxonomy":"post_tag","embeddable":true,"href":"https:\/\/interamerica.org\/es\/wp-json\/wp\/v2\/tags?post=142267"}],"curies":[{"name":"wp","href":"https:\/\/api.w.org\/{rel}","templated":true}]}}