{"id":142372,"date":"2026-04-25T22:13:45","date_gmt":"2026-04-26T02:13:45","guid":{"rendered":"https:\/\/interamerica.org\/?p=142372"},"modified":"2026-04-27T10:19:00","modified_gmt":"2026-04-27T14:19:00","slug":"expertos-piden-mantenerse-vigilantes-respecto-de-la-libertad-religiosa-y-de-conciencia","status":"publish","type":"post","link":"https:\/\/interamerica.org\/es\/2026\/04\/expertos-piden-mantenerse-vigilantes-respecto-de-la-libertad-religiosa-y-de-conciencia\/","title":{"rendered":"Expertos piden mantenerse vigilantes respecto de la libertad religiosa y de conciencia"},"content":{"rendered":"<div id=\"attachment_142351\" style=\"width: 900px\" class=\"wp-caption aligncenter\"><img fetchpriority=\"high\" decoding=\"async\" aria-describedby=\"caption-attachment-142351\" class=\" wp-image-142351\" src=\"https:\/\/interamerica.org\/wp-content\/uploads\/2026\/04\/parl-1-12-1024x683.jpg\" alt=\"\" width=\"890\" height=\"593\" srcset=\"https:\/\/interamerica.org\/wp-content\/uploads\/2026\/04\/parl-1-12-1024x683.jpg 1024w, https:\/\/interamerica.org\/wp-content\/uploads\/2026\/04\/parl-1-12-300x200.jpg 300w, https:\/\/interamerica.org\/wp-content\/uploads\/2026\/04\/parl-1-12-768x512.jpg 768w, https:\/\/interamerica.org\/wp-content\/uploads\/2026\/04\/parl-1-12-1536x1024.jpg 1536w, https:\/\/interamerica.org\/wp-content\/uploads\/2026\/04\/parl-1-12-2048x1366.jpg 2048w\" sizes=\"(max-width: 890px) 100vw, 890px\" \/><p id=\"caption-attachment-142351\" class=\"wp-caption-text\">El mensaje del culto divino de John Lomacang, pastor en la Asociaci\u00f3n de Illinois y presentador de la Three Angels Broadcasting Network, fue el centro del d\u00eda, seg\u00fan los organizadores. [Fotograf\u00eda: Katie Fellows]<\/p><\/div>\n<p class=\"c-post-header__subtitle\"><em> Evento de la Uni\u00f3n Asociaci\u00f3n del Lago reflexiona sobre las implicaciones ahora que Estados Unidos cumple 250 a\u00f1os.<\/em><\/p>\n<p>26 de abril de 2026 | Berrien Springs, Michigan, Estados Unidos| <em>Lake Union Herald<\/em><\/p>\n<p>El 11 de abril, el Departamento de Asuntos P\u00fablicos y Libertad Religiosa de la Uni\u00f3n Asociaci\u00f3n del Lago organiz\u00f3 \u201cDos Libertades, Una Naci\u00f3n: Libertades Religiosas y Civiles en el 250\u00ba Aniversario\u00bb en el campus de la Universidad Andrews, en Berrien Springs, M\u00edchigan, Estados Unidos. Durante el evento, se inst\u00f3 a los asistentes a que est\u00e9n atentos para defender la libertad religiosa y de conciencia.<\/p>\n<p>El mensaje del culto divino de John Lomacang, pastor de la Asociaci\u00f3n de Illinois y presentador de la Three Angels Broadcasting Network, fue el momento principal del d\u00eda, seg\u00fan los organizadores. En su serm\u00f3n, \u00abLa batalla final sobre la conciencia\u00bb, Lomacang argument\u00f3 que las crisis modernas est\u00e1n condicionando a la sociedad para un futuro conflicto sobre el culto y la libertad religiosa.<\/p>\n<p><div id=\"attachment_142352\" style=\"width: 898px\" class=\"wp-caption aligncenter\"><img decoding=\"async\" aria-describedby=\"caption-attachment-142352\" class=\" wp-image-142352\" src=\"https:\/\/interamerica.org\/wp-content\/uploads\/2026\/04\/lakeunion-2.webp\" alt=\"\" width=\"888\" height=\"592\" srcset=\"https:\/\/interamerica.org\/wp-content\/uploads\/2026\/04\/lakeunion-2.webp 1024w, https:\/\/interamerica.org\/wp-content\/uploads\/2026\/04\/lakeunion-2-300x200.webp 300w, https:\/\/interamerica.org\/wp-content\/uploads\/2026\/04\/lakeunion-2-768x512.webp 768w\" sizes=\"(max-width: 888px) 100vw, 888px\" \/><p id=\"caption-attachment-142352\" class=\"wp-caption-text\">De izquierda a derecha: Jennifer Gray Woods, Dan McGrath, Justin Spady y Vialo Weis. [Fotograf\u00eda: Katie Fellows]<\/p><\/div>Lomacang, quien comenz\u00f3 contando su experiencia personal el 11 de septiembre de 2001, record\u00f3 c\u00f3mo \u00e9l y su esposa estaban en un vuelo de Londres a Estados Unidos cuando fue desviado a Canad\u00e1 tras los ataques. \u201cEstados Unidos cambi\u00f3 dr\u00e1sticamente\u201d, dijo, describiendo el incremento del miedo, la sospecha y la seguridad que siguieron a ese d\u00eda.<\/p>\n<p>A partir de ah\u00ed, Lomacang dijo que Estados Unidos avanza hacia el escenario prof\u00e9tico de Apocalipsis 13. \u201cTodos estamos en la misma autopista de peaje [\u2026]. Estados Unidos est\u00e1 en la carretera de peaje para cumplir la visi\u00f3n prof\u00e9tica de Apocalipsis 13\u201d, expres\u00f3. Enmarc\u00f3 el problema m\u00e1s profundo como una cuesti\u00f3n de elecci\u00f3n personal y de conciencia. \u201c\u00bfQui\u00e9n tiene el poder de elegir? \u00bfQui\u00e9n tiene derecho a controlar nuestras decisiones?\u201d pregunt\u00f3.<\/p>\n<p><div id=\"attachment_142353\" style=\"width: 892px\" class=\"wp-caption aligncenter\"><img decoding=\"async\" aria-describedby=\"caption-attachment-142353\" class=\" wp-image-142353\" src=\"https:\/\/interamerica.org\/wp-content\/uploads\/2026\/04\/lake-union-3.webp\" alt=\"\" width=\"882\" height=\"589\" srcset=\"https:\/\/interamerica.org\/wp-content\/uploads\/2026\/04\/lake-union-3.webp 1024w, https:\/\/interamerica.org\/wp-content\/uploads\/2026\/04\/lake-union-3-300x200.webp 300w, https:\/\/interamerica.org\/wp-content\/uploads\/2026\/04\/lake-union-3-768x512.webp 768w\" sizes=\"(max-width: 882px) 100vw, 882px\" \/><p id=\"caption-attachment-142353\" class=\"wp-caption-text\">Melissa Reid habla mientras Kevin Burton (izquierda) y otros expertos y l\u00edderes en libertad religiosa observan. [Fotograf\u00eda: Katie Fellows]<\/p><\/div>Lomacang se\u00f1al\u00f3 el 11 de septiembre y la pandemia de COVID-19 como ejemplos de la manera en que las crisis pueden acelerar el cambio social y pol\u00edtico. \u201cNo permitan que las crisis se desperdicien\u201d, dijo, advirtiendo que la urgencia puede justificar restricciones a largo plazo. Dijo que estos momentos pueden cambiar las expectativas p\u00fablicas de la libertad hacia la seguridad y el cumplimiento de las leyes.<\/p>\n<p>Tambi\u00e9n describi\u00f3 los puntos conflictivos culturales como las vacunas, el aborto, los temas de LGBTQ, la raza y el clima como \u201ccuestiones pol\u00e9micas\u201d que profundizan la divisi\u00f3n y preparan a la sociedad para ceder en futuras cuestiones religiosas. \u201cSe pueden unir a las personas que discrepan por medio de temas como esos\u201d, dijo. Concluy\u00f3 advirtiendo que los llamados al descanso, la unidad y la renovaci\u00f3n pueden acabar convirti\u00e9ndose en herramientas de coacci\u00f3n. Cit\u00f3 entonces Hechos 5:29, instando a los creyentes a afirmar sus convicciones en el presente: \u201cEs preciso que obedezcamos a Dios antes que a los hombres\u201d.<\/p>\n<p><div id=\"attachment_142354\" style=\"width: 861px\" class=\"wp-caption aligncenter\"><img loading=\"lazy\" decoding=\"async\" aria-describedby=\"caption-attachment-142354\" class=\" wp-image-142354\" src=\"https:\/\/interamerica.org\/wp-content\/uploads\/2026\/04\/lake-union-4-1024x683-1.webp\" alt=\"\" width=\"851\" height=\"568\" srcset=\"https:\/\/interamerica.org\/wp-content\/uploads\/2026\/04\/lake-union-4-1024x683-1.webp 1024w, https:\/\/interamerica.org\/wp-content\/uploads\/2026\/04\/lake-union-4-1024x683-1-300x200.webp 300w, https:\/\/interamerica.org\/wp-content\/uploads\/2026\/04\/lake-union-4-1024x683-1-768x512.webp 768w\" sizes=\"(max-width: 851px) 100vw, 851px\" \/><p id=\"caption-attachment-142354\" class=\"wp-caption-text\">Los asistentes siguen la discusi\u00f3n sobre libertad religiosa el 11 de abril. [Fotograf\u00eda: Katie Fellows]<\/p><\/div>El evento de todo el d\u00eda tambi\u00e9n incluy\u00f3 un programa de Escuela Sab\u00e1tica con directores de PARL de toda la Uni\u00f3n del Lago. Utilizando la lecci\u00f3n semanal como punto de partida, los panelistas exploraron el car\u00e1cter de Dios como amor y las implicaciones de esa verdad para la dignidad humana, la libertad de conciencia y el respeto por la toma de decisiones individuales. Los ponentes enfatizaron que el compromiso de la iglesia con la libertad religiosa va m\u00e1s all\u00e1 de sus propios miembros e incluye la defensa de la libertad para todos.<\/p>\n<p>Por la tarde, dos paneles adicionales profundizaron la discusi\u00f3n. Uno, compuesto por te\u00f3logos, destac\u00f3 la estrecha relaci\u00f3n entre la libertad religiosa y la libertad civil, y la importancia de proteger ambas. El segundo examin\u00f3 el compromiso hist\u00f3rico de la Iglesia Adventista del S\u00e9ptimo D\u00eda con las libertades civiles, se\u00f1alando tanto ejemplos de liderazgo con principios como \u00e1reas en las que la iglesia ha fallado, y se\u00f1alando los esfuerzos actuales de defender esas libertades.<\/p>\n<div class=\"o-rich-text c-content-single__body\"><div id=\"attachment_142355\" style=\"width: 850px\" class=\"wp-caption aligncenter\"><img loading=\"lazy\" decoding=\"async\" aria-describedby=\"caption-attachment-142355\" class=\" wp-image-142355\" src=\"https:\/\/interamerica.org\/wp-content\/uploads\/2026\/04\/lake-union-5-1-768x512-1.webp\" alt=\"\" width=\"840\" height=\"560\" srcset=\"https:\/\/interamerica.org\/wp-content\/uploads\/2026\/04\/lake-union-5-1-768x512-1.webp 768w, https:\/\/interamerica.org\/wp-content\/uploads\/2026\/04\/lake-union-5-1-768x512-1-300x200.webp 300w\" sizes=\"(max-width: 840px) 100vw, 840px\" \/><p id=\"caption-attachment-142355\" class=\"wp-caption-text\">Los asistentes escuchan paneles de discusi\u00f3n, entre los que uno est\u00e1 impuesto por te\u00f3logos y otro sobre el compromiso hist\u00f3rico de la Iglesia Adventista del S\u00e9ptimo D\u00eda con las libertades civiles. [Foto: Katie Fellows]<\/p><\/div>Jennifer Gray Woods, directora de Asuntos P\u00fablicos y Libertad Religiosa de la Uni\u00f3n del Lago, dijo que espera que los asistentes se marchen con \u201cuna mayor conciencia de estos temas y un renovado compromiso por defender esas libertades fundamentales\u201d.<em>La <\/em><a href=\"https:\/\/www.lakeunionherald.org\/archive\/articles\/parl-day-participants-urge-vigilance-on-religious-liberty-and-freedom-of-conscience\/\" target=\"_blank\" rel=\"noopener\"><em>versi\u00f3n original<\/em><\/a><em> de esta noticia fue publicada en la revista <\/em> <a href=\"https:\/\/www.lakeunionherald.org\/\" target=\"_blank\" rel=\"noopener\">Lake Union Herald<\/a>.<\/p>\n<\/div>\n<div id=\"social-share\" class=\"c-content-single__social-share\">\n<div class=\"c-content-single__social-button\">Traducci\u00f3n de Marcos Paseggi<\/div>\n<\/div>\n","protected":false},"excerpt":{"rendered":"<p>Evento de la Uni\u00f3n Asociaci\u00f3n del Lago reflexiona sobre las implicaciones ahora que Estados Unidos cumple 250 a\u00f1os. 26 de abril de 2026 | Berrien Springs, Michigan, Estados Unidos| Lake&#8230;<\/p>\n","protected":false},"author":3,"featured_media":142373,"comment_status":"closed","ping_status":"closed","sticky":false,"template":"","format":"standard","meta":{"_acf_changed":false,"footnotes":""},"categories":[14,15],"tags":[],"class_list":["post-142372","post","type-post","status-publish","format-standard","has-post-thumbnail","hentry","category-de-la-iglesia-mundial","category-rss-espanol"],"acf":[],"yoast_head":"<!-- This site is optimized with the Yoast SEO plugin v27.3 - https:\/\/yoast.com\/product\/yoast-seo-wordpress\/ -->\n<title>Expertos piden mantenerse vigilantes respecto de la libertad religiosa y de conciencia - Iglesia Adventista del S\u00e9ptimo D\u00eda - Divisi\u00f3n Interamericana<\/title>\n<meta name=\"robots\" content=\"index, follow, max-snippet:-1, max-image-preview:large, max-video-preview:-1\" \/>\n<link rel=\"canonical\" href=\"https:\/\/interamerica.org\/es\/2026\/04\/expertos-piden-mantenerse-vigilantes-respecto-de-la-libertad-religiosa-y-de-conciencia\/\" \/>\n<meta property=\"og:locale\" content=\"es_ES\" \/>\n<meta property=\"og:type\" content=\"article\" \/>\n<meta property=\"og:title\" content=\"Expertos piden mantenerse vigilantes respecto de la libertad religiosa y de conciencia - Iglesia Adventista del S\u00e9ptimo D\u00eda - Divisi\u00f3n Interamericana\" \/>\n<meta property=\"og:description\" content=\"Evento de la Uni\u00f3n Asociaci\u00f3n del Lago reflexiona sobre las implicaciones ahora que Estados Unidos cumple 250 a\u00f1os. 26 de abril de 2026 | Berrien Springs, Michigan, Estados Unidos| Lake...\" \/>\n<meta property=\"og:url\" content=\"https:\/\/interamerica.org\/es\/2026\/04\/expertos-piden-mantenerse-vigilantes-respecto-de-la-libertad-religiosa-y-de-conciencia\/\" \/>\n<meta property=\"og:site_name\" content=\"Iglesia Adventista del S\u00e9ptimo D\u00eda - Divisi\u00f3n Interamericana\" \/>\n<meta property=\"article:published_time\" content=\"2026-04-26T02:13:45+00:00\" \/>\n<meta property=\"article:modified_time\" content=\"2026-04-27T14:19:00+00:00\" \/>\n<meta property=\"og:image\" content=\"https:\/\/interamerica.org\/wp-content\/uploads\/2026\/04\/parl-1-12-1280.jpg\" \/>\n\t<meta property=\"og:image:width\" content=\"1280\" \/>\n\t<meta property=\"og:image:height\" content=\"800\" \/>\n\t<meta property=\"og:image:type\" content=\"image\/jpeg\" \/>\n<meta name=\"author\" content=\"libna\" \/>\n<meta name=\"twitter:card\" content=\"summary_large_image\" \/>\n<meta name=\"twitter:label1\" content=\"Escrito por\" \/>\n\t<meta name=\"twitter:data1\" content=\"libna\" \/>\n\t<meta name=\"twitter:label2\" content=\"Tiempo de lectura\" \/>\n\t<meta name=\"twitter:data2\" content=\"5 minutos\" \/>\n<script type=\"application\/ld+json\" class=\"yoast-schema-graph\">{\"@context\":\"https:\\\/\\\/schema.org\",\"@graph\":[{\"@type\":\"Article\",\"@id\":\"https:\\\/\\\/interamerica.org\\\/es\\\/2026\\\/04\\\/expertos-piden-mantenerse-vigilantes-respecto-de-la-libertad-religiosa-y-de-conciencia\\\/#article\",\"isPartOf\":{\"@id\":\"https:\\\/\\\/interamerica.org\\\/es\\\/2026\\\/04\\\/expertos-piden-mantenerse-vigilantes-respecto-de-la-libertad-religiosa-y-de-conciencia\\\/\"},\"author\":{\"name\":\"libna\",\"@id\":\"https:\\\/\\\/interamerica.org\\\/es\\\/#\\\/schema\\\/person\\\/29998f2bc2d8bd0d38662909289b54f1\"},\"headline\":\"Expertos piden mantenerse vigilantes respecto de la libertad religiosa y de conciencia\",\"datePublished\":\"2026-04-26T02:13:45+00:00\",\"dateModified\":\"2026-04-27T14:19:00+00:00\",\"mainEntityOfPage\":{\"@id\":\"https:\\\/\\\/interamerica.org\\\/es\\\/2026\\\/04\\\/expertos-piden-mantenerse-vigilantes-respecto-de-la-libertad-religiosa-y-de-conciencia\\\/\"},\"wordCount\":889,\"image\":{\"@id\":\"https:\\\/\\\/interamerica.org\\\/es\\\/2026\\\/04\\\/expertos-piden-mantenerse-vigilantes-respecto-de-la-libertad-religiosa-y-de-conciencia\\\/#primaryimage\"},\"thumbnailUrl\":\"https:\\\/\\\/interamerica.org\\\/wp-content\\\/uploads\\\/2026\\\/04\\\/parl-1-12-1280.jpg\",\"articleSection\":[\"Desde la iglesia mundial\",\"RSS Espa\u00f1ol\"],\"inLanguage\":\"es\"},{\"@type\":\"WebPage\",\"@id\":\"https:\\\/\\\/interamerica.org\\\/es\\\/2026\\\/04\\\/expertos-piden-mantenerse-vigilantes-respecto-de-la-libertad-religiosa-y-de-conciencia\\\/\",\"url\":\"https:\\\/\\\/interamerica.org\\\/es\\\/2026\\\/04\\\/expertos-piden-mantenerse-vigilantes-respecto-de-la-libertad-religiosa-y-de-conciencia\\\/\",\"name\":\"Expertos piden mantenerse vigilantes respecto de la libertad religiosa y de conciencia - Iglesia Adventista del S\u00e9ptimo D\u00eda - Divisi\u00f3n Interamericana\",\"isPartOf\":{\"@id\":\"https:\\\/\\\/interamerica.org\\\/es\\\/#website\"},\"primaryImageOfPage\":{\"@id\":\"https:\\\/\\\/interamerica.org\\\/es\\\/2026\\\/04\\\/expertos-piden-mantenerse-vigilantes-respecto-de-la-libertad-religiosa-y-de-conciencia\\\/#primaryimage\"},\"image\":{\"@id\":\"https:\\\/\\\/interamerica.org\\\/es\\\/2026\\\/04\\\/expertos-piden-mantenerse-vigilantes-respecto-de-la-libertad-religiosa-y-de-conciencia\\\/#primaryimage\"},\"thumbnailUrl\":\"https:\\\/\\\/interamerica.org\\\/wp-content\\\/uploads\\\/2026\\\/04\\\/parl-1-12-1280.jpg\",\"datePublished\":\"2026-04-26T02:13:45+00:00\",\"dateModified\":\"2026-04-27T14:19:00+00:00\",\"author\":{\"@id\":\"https:\\\/\\\/interamerica.org\\\/es\\\/#\\\/schema\\\/person\\\/29998f2bc2d8bd0d38662909289b54f1\"},\"breadcrumb\":{\"@id\":\"https:\\\/\\\/interamerica.org\\\/es\\\/2026\\\/04\\\/expertos-piden-mantenerse-vigilantes-respecto-de-la-libertad-religiosa-y-de-conciencia\\\/#breadcrumb\"},\"inLanguage\":\"es\",\"potentialAction\":[{\"@type\":\"ReadAction\",\"target\":[\"https:\\\/\\\/interamerica.org\\\/es\\\/2026\\\/04\\\/expertos-piden-mantenerse-vigilantes-respecto-de-la-libertad-religiosa-y-de-conciencia\\\/\"]}]},{\"@type\":\"ImageObject\",\"inLanguage\":\"es\",\"@id\":\"https:\\\/\\\/interamerica.org\\\/es\\\/2026\\\/04\\\/expertos-piden-mantenerse-vigilantes-respecto-de-la-libertad-religiosa-y-de-conciencia\\\/#primaryimage\",\"url\":\"https:\\\/\\\/interamerica.org\\\/wp-content\\\/uploads\\\/2026\\\/04\\\/parl-1-12-1280.jpg\",\"contentUrl\":\"https:\\\/\\\/interamerica.org\\\/wp-content\\\/uploads\\\/2026\\\/04\\\/parl-1-12-1280.jpg\",\"width\":1280,\"height\":800},{\"@type\":\"BreadcrumbList\",\"@id\":\"https:\\\/\\\/interamerica.org\\\/es\\\/2026\\\/04\\\/expertos-piden-mantenerse-vigilantes-respecto-de-la-libertad-religiosa-y-de-conciencia\\\/#breadcrumb\",\"itemListElement\":[{\"@type\":\"ListItem\",\"position\":1,\"name\":\"Home\",\"item\":\"https:\\\/\\\/interamerica.org\\\/es\\\/\"},{\"@type\":\"ListItem\",\"position\":2,\"name\":\"Expertos piden mantenerse vigilantes respecto de la libertad religiosa y de conciencia\"}]},{\"@type\":\"WebSite\",\"@id\":\"https:\\\/\\\/interamerica.org\\\/es\\\/#website\",\"url\":\"https:\\\/\\\/interamerica.org\\\/es\\\/\",\"name\":\"Iglesia Adventista del S\u00e9ptimo D\u00eda - Divisi\u00f3n Interamericana\",\"description\":\"\",\"potentialAction\":[{\"@type\":\"SearchAction\",\"target\":{\"@type\":\"EntryPoint\",\"urlTemplate\":\"https:\\\/\\\/interamerica.org\\\/es\\\/?s={search_term_string}\"},\"query-input\":{\"@type\":\"PropertyValueSpecification\",\"valueRequired\":true,\"valueName\":\"search_term_string\"}}],\"inLanguage\":\"es\"},{\"@type\":\"Person\",\"@id\":\"https:\\\/\\\/interamerica.org\\\/es\\\/#\\\/schema\\\/person\\\/29998f2bc2d8bd0d38662909289b54f1\",\"name\":\"libna\",\"image\":{\"@type\":\"ImageObject\",\"inLanguage\":\"es\",\"@id\":\"https:\\\/\\\/secure.gravatar.com\\\/avatar\\\/7c5bd30ae4b47a9ba3c856590957fd1d96dc588bf3ac05719d247e126840331f?s=96&d=mm&r=g\",\"url\":\"https:\\\/\\\/secure.gravatar.com\\\/avatar\\\/7c5bd30ae4b47a9ba3c856590957fd1d96dc588bf3ac05719d247e126840331f?s=96&d=mm&r=g\",\"contentUrl\":\"https:\\\/\\\/secure.gravatar.com\\\/avatar\\\/7c5bd30ae4b47a9ba3c856590957fd1d96dc588bf3ac05719d247e126840331f?s=96&d=mm&r=g\",\"caption\":\"libna\"}}]}<\/script>\n<!-- \/ Yoast SEO plugin. -->","yoast_head_json":{"title":"Expertos piden mantenerse vigilantes respecto de la libertad religiosa y de conciencia - Iglesia Adventista del S\u00e9ptimo D\u00eda - Divisi\u00f3n Interamericana","robots":{"index":"index","follow":"follow","max-snippet":"max-snippet:-1","max-image-preview":"max-image-preview:large","max-video-preview":"max-video-preview:-1"},"canonical":"https:\/\/interamerica.org\/es\/2026\/04\/expertos-piden-mantenerse-vigilantes-respecto-de-la-libertad-religiosa-y-de-conciencia\/","og_locale":"es_ES","og_type":"article","og_title":"Expertos piden mantenerse vigilantes respecto de la libertad religiosa y de conciencia - Iglesia Adventista del S\u00e9ptimo D\u00eda - Divisi\u00f3n Interamericana","og_description":"Evento de la Uni\u00f3n Asociaci\u00f3n del Lago reflexiona sobre las implicaciones ahora que Estados Unidos cumple 250 a\u00f1os. 26 de abril de 2026 | Berrien Springs, Michigan, Estados Unidos| Lake...","og_url":"https:\/\/interamerica.org\/es\/2026\/04\/expertos-piden-mantenerse-vigilantes-respecto-de-la-libertad-religiosa-y-de-conciencia\/","og_site_name":"Iglesia Adventista del S\u00e9ptimo D\u00eda - Divisi\u00f3n Interamericana","article_published_time":"2026-04-26T02:13:45+00:00","article_modified_time":"2026-04-27T14:19:00+00:00","og_image":[{"width":1280,"height":800,"url":"https:\/\/interamerica.org\/wp-content\/uploads\/2026\/04\/parl-1-12-1280.jpg","type":"image\/jpeg"}],"author":"libna","twitter_card":"summary_large_image","twitter_misc":{"Escrito por":"libna","Tiempo de lectura":"5 minutos"},"schema":{"@context":"https:\/\/schema.org","@graph":[{"@type":"Article","@id":"https:\/\/interamerica.org\/es\/2026\/04\/expertos-piden-mantenerse-vigilantes-respecto-de-la-libertad-religiosa-y-de-conciencia\/#article","isPartOf":{"@id":"https:\/\/interamerica.org\/es\/2026\/04\/expertos-piden-mantenerse-vigilantes-respecto-de-la-libertad-religiosa-y-de-conciencia\/"},"author":{"name":"libna","@id":"https:\/\/interamerica.org\/es\/#\/schema\/person\/29998f2bc2d8bd0d38662909289b54f1"},"headline":"Expertos piden mantenerse vigilantes respecto de la libertad religiosa y de conciencia","datePublished":"2026-04-26T02:13:45+00:00","dateModified":"2026-04-27T14:19:00+00:00","mainEntityOfPage":{"@id":"https:\/\/interamerica.org\/es\/2026\/04\/expertos-piden-mantenerse-vigilantes-respecto-de-la-libertad-religiosa-y-de-conciencia\/"},"wordCount":889,"image":{"@id":"https:\/\/interamerica.org\/es\/2026\/04\/expertos-piden-mantenerse-vigilantes-respecto-de-la-libertad-religiosa-y-de-conciencia\/#primaryimage"},"thumbnailUrl":"https:\/\/interamerica.org\/wp-content\/uploads\/2026\/04\/parl-1-12-1280.jpg","articleSection":["Desde la iglesia mundial","RSS Espa\u00f1ol"],"inLanguage":"es"},{"@type":"WebPage","@id":"https:\/\/interamerica.org\/es\/2026\/04\/expertos-piden-mantenerse-vigilantes-respecto-de-la-libertad-religiosa-y-de-conciencia\/","url":"https:\/\/interamerica.org\/es\/2026\/04\/expertos-piden-mantenerse-vigilantes-respecto-de-la-libertad-religiosa-y-de-conciencia\/","name":"Expertos piden mantenerse vigilantes respecto de la libertad religiosa y de conciencia - Iglesia Adventista del S\u00e9ptimo D\u00eda - Divisi\u00f3n Interamericana","isPartOf":{"@id":"https:\/\/interamerica.org\/es\/#website"},"primaryImageOfPage":{"@id":"https:\/\/interamerica.org\/es\/2026\/04\/expertos-piden-mantenerse-vigilantes-respecto-de-la-libertad-religiosa-y-de-conciencia\/#primaryimage"},"image":{"@id":"https:\/\/interamerica.org\/es\/2026\/04\/expertos-piden-mantenerse-vigilantes-respecto-de-la-libertad-religiosa-y-de-conciencia\/#primaryimage"},"thumbnailUrl":"https:\/\/interamerica.org\/wp-content\/uploads\/2026\/04\/parl-1-12-1280.jpg","datePublished":"2026-04-26T02:13:45+00:00","dateModified":"2026-04-27T14:19:00+00:00","author":{"@id":"https:\/\/interamerica.org\/es\/#\/schema\/person\/29998f2bc2d8bd0d38662909289b54f1"},"breadcrumb":{"@id":"https:\/\/interamerica.org\/es\/2026\/04\/expertos-piden-mantenerse-vigilantes-respecto-de-la-libertad-religiosa-y-de-conciencia\/#breadcrumb"},"inLanguage":"es","potentialAction":[{"@type":"ReadAction","target":["https:\/\/interamerica.org\/es\/2026\/04\/expertos-piden-mantenerse-vigilantes-respecto-de-la-libertad-religiosa-y-de-conciencia\/"]}]},{"@type":"ImageObject","inLanguage":"es","@id":"https:\/\/interamerica.org\/es\/2026\/04\/expertos-piden-mantenerse-vigilantes-respecto-de-la-libertad-religiosa-y-de-conciencia\/#primaryimage","url":"https:\/\/interamerica.org\/wp-content\/uploads\/2026\/04\/parl-1-12-1280.jpg","contentUrl":"https:\/\/interamerica.org\/wp-content\/uploads\/2026\/04\/parl-1-12-1280.jpg","width":1280,"height":800},{"@type":"BreadcrumbList","@id":"https:\/\/interamerica.org\/es\/2026\/04\/expertos-piden-mantenerse-vigilantes-respecto-de-la-libertad-religiosa-y-de-conciencia\/#breadcrumb","itemListElement":[{"@type":"ListItem","position":1,"name":"Home","item":"https:\/\/interamerica.org\/es\/"},{"@type":"ListItem","position":2,"name":"Expertos piden mantenerse vigilantes respecto de la libertad religiosa y de conciencia"}]},{"@type":"WebSite","@id":"https:\/\/interamerica.org\/es\/#website","url":"https:\/\/interamerica.org\/es\/","name":"Iglesia Adventista del S\u00e9ptimo D\u00eda - Divisi\u00f3n Interamericana","description":"","potentialAction":[{"@type":"SearchAction","target":{"@type":"EntryPoint","urlTemplate":"https:\/\/interamerica.org\/es\/?s={search_term_string}"},"query-input":{"@type":"PropertyValueSpecification","valueRequired":true,"valueName":"search_term_string"}}],"inLanguage":"es"},{"@type":"Person","@id":"https:\/\/interamerica.org\/es\/#\/schema\/person\/29998f2bc2d8bd0d38662909289b54f1","name":"libna","image":{"@type":"ImageObject","inLanguage":"es","@id":"https:\/\/secure.gravatar.com\/avatar\/7c5bd30ae4b47a9ba3c856590957fd1d96dc588bf3ac05719d247e126840331f?s=96&d=mm&r=g","url":"https:\/\/secure.gravatar.com\/avatar\/7c5bd30ae4b47a9ba3c856590957fd1d96dc588bf3ac05719d247e126840331f?s=96&d=mm&r=g","contentUrl":"https:\/\/secure.gravatar.com\/avatar\/7c5bd30ae4b47a9ba3c856590957fd1d96dc588bf3ac05719d247e126840331f?s=96&d=mm&r=g","caption":"libna"}}]}},"_links":{"self":[{"href":"https:\/\/interamerica.org\/es\/wp-json\/wp\/v2\/posts\/142372","targetHints":{"allow":["GET"]}}],"collection":[{"href":"https:\/\/interamerica.org\/es\/wp-json\/wp\/v2\/posts"}],"about":[{"href":"https:\/\/interamerica.org\/es\/wp-json\/wp\/v2\/types\/post"}],"author":[{"embeddable":true,"href":"https:\/\/interamerica.org\/es\/wp-json\/wp\/v2\/users\/3"}],"replies":[{"embeddable":true,"href":"https:\/\/interamerica.org\/es\/wp-json\/wp\/v2\/comments?post=142372"}],"version-history":[{"count":1,"href":"https:\/\/interamerica.org\/es\/wp-json\/wp\/v2\/posts\/142372\/revisions"}],"predecessor-version":[{"id":142402,"href":"https:\/\/interamerica.org\/es\/wp-json\/wp\/v2\/posts\/142372\/revisions\/142402"}],"wp:featuredmedia":[{"embeddable":true,"href":"https:\/\/interamerica.org\/es\/wp-json\/wp\/v2\/media\/142373"}],"wp:attachment":[{"href":"https:\/\/interamerica.org\/es\/wp-json\/wp\/v2\/media?parent=142372"}],"wp:term":[{"taxonomy":"category","embeddable":true,"href":"https:\/\/interamerica.org\/es\/wp-json\/wp\/v2\/categories?post=142372"},{"taxonomy":"post_tag","embeddable":true,"href":"https:\/\/interamerica.org\/es\/wp-json\/wp\/v2\/tags?post=142372"}],"curies":[{"name":"wp","href":"https:\/\/api.w.org\/{rel}","templated":true}]}}