{"id":142391,"date":"2026-04-26T20:17:28","date_gmt":"2026-04-27T00:17:28","guid":{"rendered":"https:\/\/interamerica.org\/?p=142391"},"modified":"2026-04-27T10:22:29","modified_gmt":"2026-04-27T14:22:29","slug":"se-celebrara-for-primera-vez-en-el-pacifico-sur-conferencia-de-mision-adventista-y-medios-de-comunicacion","status":"publish","type":"post","link":"https:\/\/interamerica.org\/es\/2026\/04\/se-celebrara-for-primera-vez-en-el-pacifico-sur-conferencia-de-mision-adventista-y-medios-de-comunicacion\/","title":{"rendered":"Se celebrar\u00e1 for primera vez en el Pac\u00edfico Sur Conferencia de Misi\u00f3n Adventista y Medios de Comunicaci\u00f3n"},"content":{"rendered":"<p class=\"text-theme-900 mt-2 font-serif dark:text-white\/75\"><em>El evento tripartita enfoca su atenci\u00f3n en innovaci\u00f3n, colaboraci\u00f3n y misi\u00f3n en un mundo digital, afirmaron los dirigentes.<\/em><\/p>\n<div class=\"flex flex-wrap items-center font-sans md:flex-nowrap gap-2 text-xs md:gap-4 md:text-sm dark:text-theme-100 text-theme-500 mt-8\">\n<div class=\"font-medium\"><time class=\"flex items-center gap-2\" datetime=\"2026-04-17T11:13:55.508Z\">26 de abril de 2026 | Nueva Zelanda | <\/time>Jarrod Stackelroth, Adventist Record<\/div>\n<\/div>\n<div>\n<p class=\"text-sm lg:text-base text-start\">La <a class=\"break-words hover:text-theme-700 border-b border-theme-500 text-theme-500 no-underline transition-all duration-200 ease-in-out hover:border-b-2 hover:border-theme-300 hover:no-underline dark:text-white dark:hover:text-white\" href=\"https:\/\/adventistchurch.com\/\" target=\"_blank\" rel=\"noopener noreferrer\">Divisi\u00f3n del Pac\u00edfico Sur <\/a> (DPS) ser\u00e1 la sede de la m\u00e1s grande convenci\u00f3n mundial <a class=\"break-words hover:text-theme-700 border-b border-theme-500 text-theme-500 no-underline transition-all duration-200 ease-in-out hover:border-b-2 hover:border-theme-300 hover:no-underline dark:text-white dark:hover:text-white\" href=\"https:\/\/adventist.org\/\" target=\"_blank\" rel=\"noopener noreferrer\">adventista del s\u00e9ptimo d\u00eda <\/a> que se haya celebrado en esta regi\u00f3n en m\u00e1s de 30 a\u00f1os, cuando se lleve a cabo la <a class=\"break-words hover:text-theme-700 border-b border-theme-500 text-theme-500 no-underline transition-all duration-200 ease-in-out hover:border-b-2 hover:border-theme-300 hover:no-underline dark:text-white dark:hover:text-white\" href=\"https:\/\/adventist.digital\/convention\" target=\"_blank\" rel=\"noopener noreferrer\">Convenci\u00f3n de Estrategia Digital para la Misi\u00f3n,<\/a> (DSM), en Auckland, Nueva Zelanda, el pr\u00f3ximo julio.<\/p>\n<p class=\"text-sm lg:text-base text-start\">La as\u00ed llamada DSM re\u00fane tres eventos en uno, con la <a class=\"break-words hover:text-theme-700 border-b border-theme-500 text-theme-500 no-underline transition-all duration-200 ease-in-out hover:border-b-2 hover:border-theme-300 hover:no-underline dark:text-white dark:hover:text-white\" href=\"https:\/\/hopetv.org\/\" target=\"_blank\" rel=\"noopener noreferrer\">Conferencia de Liderazgo de la Red Hope Channel <\/a> (2 a 7 de julio), seguida de <a class=\"break-words hover:text-theme-700 border-b border-theme-500 text-theme-500 no-underline transition-all duration-200 ease-in-out hover:border-b-2 hover:border-theme-300 hover:no-underline dark:text-white dark:hover:text-white\" href=\"https:\/\/gain.community\/\" target=\"_blank\" rel=\"noopener noreferrer\">GAiN<\/a> (8 a 11 de julio) y la <a class=\"break-words hover:text-theme-700 border-b border-theme-500 text-theme-500 no-underline transition-all duration-200 ease-in-out hover:border-b-2 hover:border-theme-300 hover:no-underline dark:text-white dark:hover:text-white\" href=\"https:\/\/ats.adventist.org\/\" target=\"_blank\" rel=\"noopener noreferrer\">Cumbre Adventista de Tecnolog\u00eda<\/a> (12 y 13 de julio). Las personas pueden inscribirse en uno, dos o todos los eventos.<\/p>\n<p class=\"text-sm lg:text-base text-start\">\u201cDSM re\u00fane tres conferencias mundiales en una experiencia integrada, equipando con ello para la misi\u00f3n a los comunicadores adventistas, profesionales de los medios de comunicaci\u00f3n y tecn\u00f3logos, en un mundo digital que evoluciona r\u00e1pidamente\u201d, dijo Ole Pedersen, director de Hope Channel NZ. \u201cCada evento sirve de base al siguiente, creando una experiencia unificadora que fortalece la comunicaci\u00f3n, la innovaci\u00f3n y el impacto misionero\u201d.<\/p>\n<div id=\"attachment_142360\" style=\"width: 897px\" class=\"wp-caption aligncenter\"><img fetchpriority=\"high\" decoding=\"async\" aria-describedby=\"caption-attachment-142360\" class=\" wp-image-142360\" src=\"https:\/\/interamerica.org\/wp-content\/uploads\/2026\/04\/spd-28h1776329326169.avif\" alt=\"\" width=\"887\" height=\"499\" srcset=\"https:\/\/interamerica.org\/wp-content\/uploads\/2026\/04\/spd-28h1776329326169.avif 1024w, https:\/\/interamerica.org\/wp-content\/uploads\/2026\/04\/spd-28h1776329326169-300x169.avif 300w, https:\/\/interamerica.org\/wp-content\/uploads\/2026\/04\/spd-28h1776329326169-768x432.avif 768w\" sizes=\"(max-width: 887px) 100vw, 887px\" \/><p id=\"caption-attachment-142360\" class=\"wp-caption-text\">Alyssa Truman, directora de Comunicaci\u00f3n de la AG, en su presentaci\u00f3n en la conferencia DSM 2024. en Chiang Mai, Tailandia. [Imagen: Adventist Record]<\/p><\/div>\n<p class=\"text-sm lg:text-base text-start\">Se espera la asistencia de centenares de delegados internacionales, juntamente con oradores invitados, incluyendo al presidente de la Asociaci\u00f3n General de los Adventistas del S\u00e9ptimo D\u00eda (AG), Erton K\u00f6hler.<\/p>\n<p class=\"text-sm lg:text-base text-start\">\u201cEsta es una gran oportunidad para que los l\u00edderes visiten nuestra Divisi\u00f3n y tengan una mejor idea de qui\u00e9nes somos y qu\u00e9 estamos haciendo\u201d, dijo el Dr. Brad Kemp, director ejecutivo de Adventist Media, una instituci\u00f3n de la DPS que estar\u00e1 ayudando a apoyar el evento.<\/p>\n<p class=\"text-sm lg:text-base text-start\">Esto tambi\u00e9n le dar\u00e1 la oportunidad a la iglesia en la DPS de aprender y experimentar lo que est\u00e1n haciendo otras parte del mundo.<\/p>\n<p class=\"text-sm lg:text-base text-start\">\u201cEsta es una gran oportunidad para escuchar a l\u00edderes de otras partes del mundo compartir sus experiencias en lo referente a misi\u00f3n y de dar a conocer el evangelio en un mundo cada vez m\u00e1s secularizado. Trae tambi\u00e9n el mundo m\u00e1s cerca de nosotros\u201d, dijo el director Pedersen.<\/p>\n<p class=\"text-sm lg:text-base text-start\">Los dirigentes de la iglesia en Nueva Zelanda esperan que el evento contribuir\u00e1 a crear un impulso de cara a los pr\u00f3ximos doce meses, que ser\u00e1n muy importantes para la iglesia en ese lugar.<\/p>\n<p class=\"text-sm lg:text-base text-start\">\u201cCon los eventos <a class=\"break-words hover:text-theme-700 border-b border-theme-500 text-theme-500 no-underline transition-all duration-200 ease-in-out hover:border-b-2 hover:border-theme-300 hover:no-underline dark:text-white dark:hover:text-white\" href=\"https:\/\/southpacificforchrist.org\/\" target=\"_blank\" rel=\"noopener noreferrer\">Pac\u00edfico Sur para Cristo<\/a>, Nueva Zelanda Pac\u00edfico para Cristo y <a class=\"break-words hover:text-theme-700 border-b border-theme-500 text-theme-500 no-underline transition-all duration-200 ease-in-out hover:border-b-2 hover:border-theme-300 hover:no-underline dark:text-white dark:hover:text-white\" href=\"https:\/\/onevoice27.org\/\" target=\"_blank\" rel=\"noopener noreferrer\">OneVoice27<\/a>, ocurriendo el a\u00f1o pr\u00f3ximo, esta conferencia nos da realmente un base s\u00f3lida para prepararnos y lograr la participaci\u00f3n de cada uno\u201d, dijo el director Pedersen. \u201cEs tambi\u00e9n la primera vez en casi 30 a\u00f1os que un evento de esta escala, de parte de la AG, se celebra en la DPS\u201d.<\/p>\n<div id=\"attachment_142361\" style=\"width: 890px\" class=\"wp-caption aligncenter\"><img decoding=\"async\" aria-describedby=\"caption-attachment-142361\" class=\" wp-image-142361\" src=\"https:\/\/interamerica.org\/wp-content\/uploads\/2026\/04\/spd-ovq1776329473314.avif\" alt=\"\" width=\"880\" height=\"495\" srcset=\"https:\/\/interamerica.org\/wp-content\/uploads\/2026\/04\/spd-ovq1776329473314.avif 1024w, https:\/\/interamerica.org\/wp-content\/uploads\/2026\/04\/spd-ovq1776329473314-300x169.avif 300w, https:\/\/interamerica.org\/wp-content\/uploads\/2026\/04\/spd-ovq1776329473314-768x432.avif 768w\" sizes=\"(max-width: 880px) 100vw, 880px\" \/><p id=\"caption-attachment-142361\" class=\"wp-caption-text\">Asistentes toman fotograf\u00edas de personas vestidas con trajes t\u00edpicos. [Imagen: Adventist Record]<\/p><\/div>\n<p class=\"text-sm lg:text-base text-start\">GAiN (Red Adventista Mundial de Internet) es facilitada por el departamento de comunicaci\u00f3n de la AG. El tema de este a\u00f1o es \u201cConstruyendo Puentes\u201d.<\/p>\n<p class=\"text-sm lg:text-base text-start\">\u201cGAiN representa un espacio para comunicadores y profesionales de los medios para encontrarse con otros de su campo de acci\u00f3n y hallar formas de trabajar en forma integrada en favor de la misi\u00f3n y de aumentar sus habilidades en liderazgo, mejores pr\u00e1cticas de comunicaci\u00f3n y formas de desempe\u00f1ar nuestros papeles corporativos y misionales\u201d, dijo Alyssa Truman, directora de Comunicaci\u00f3n de la AG.<\/p>\n<p class=\"text-sm lg:text-base text-start\">\u201cEste encuentro GAiN es significativo, siendo que es la primera vez que se celebra en la Divisi\u00f3n del Pac\u00edfico Sur, una divisi\u00f3n innovadora que est\u00e1 apoyando a la iglesia mundial en forma significativa en t\u00e9rminos de comunicaci\u00f3n, medios y tecnolog\u00eda\u201d, a\u00f1adi\u00f3.<\/p>\n<p class=\"text-sm lg:text-base text-start\">Los dirigentes de la DPS est\u00e1n alentando la participaci\u00f3n local en este evento.<\/p>\n<p class=\"text-sm lg:text-base text-start\">\u201dLa llegada de GAiN a la DPS y Nueva Zelanda es una oportunidad \u00fanica en la vida para nuestra gente en Australia, Nueva Zelandia y otras islas del Pac\u00edfico\u201d, dijo el director Pedersen.<\/p>\n<p class=\"text-sm lg:text-base text-start\">\u201cGAiN est\u00e1 abierta para cualquier persona implicada en los ministerios de comunicaci\u00f3n, medios sociales de comunicaci\u00f3n y misi\u00f3n de la iglesia\u201d, dijo el director Kemp.<\/p>\n<div id=\"attachment_142362\" style=\"width: 875px\" class=\"wp-caption aligncenter\"><img decoding=\"async\" aria-describedby=\"caption-attachment-142362\" class=\" wp-image-142362\" src=\"https:\/\/interamerica.org\/wp-content\/uploads\/2026\/04\/spd-mdr1776329592830.avif\" alt=\"\" width=\"865\" height=\"487\" srcset=\"https:\/\/interamerica.org\/wp-content\/uploads\/2026\/04\/spd-mdr1776329592830.avif 1024w, https:\/\/interamerica.org\/wp-content\/uploads\/2026\/04\/spd-mdr1776329592830-300x169.avif 300w, https:\/\/interamerica.org\/wp-content\/uploads\/2026\/04\/spd-mdr1776329592830-768x432.avif 768w\" sizes=\"(max-width: 865px) 100vw, 865px\" \/><p id=\"caption-attachment-142362\" class=\"wp-caption-text\">Sitio web de Estrategia Digital para Convenci\u00f3n de Misi\u00f3n. [Imagen: Adventist Record]<\/p><\/div>\n<p class=\"text-sm lg:text-base text-start\">Los asistentes escuchar\u00e1n a una mezcla de invitados locales e internacionales.<\/p>\n<p class=\"text-sm lg:text-base text-start\">\u201cNos entusiasma tener la presencia del pastor K\u00f6hler, quien apoya firmemente el papel de la comunicaci\u00f3n en la iglesia, as\u00ed como la presencia del orador de los devocionales matutinos, John Bradshaw, nativo de Nueva Zelanda y misionero de los medios de comunicaci\u00f3n\u201d, dijo la directora Truman.<\/p>\n<p class=\"text-sm lg:text-base text-start\">El evento se llevar\u00e1 a cabo en el Grand Millennium, en Auckland y, aunque la tecnolog\u00eda y los medios ser\u00e1n los aspectos clave de enfoque, el prop\u00f3sito central de la conferencia es la misi\u00f3n.<\/p>\n<p class=\"text-sm lg:text-base text-start\">\u201c[La convenci\u00f3n nos har\u00e1 recordar que] no estamos solos en la misi\u00f3n, sino que todos compartimos el mismo llamado\u201d, dijo el director Pedersen. \u201cY el tener la oportunidad de \u2018codearnos\u2019 con l\u00edderes de Alemania, Kenia, Argentina, Egipto, Malasia, Australia y muchos otros pa\u00edses, a\u00f1ade a la misi\u00f3n y visi\u00f3n compartida de la iglesia mundial. Todos estamos juntos en esto.<\/p>\n<p class=\"text-sm lg:text-base text-start\">\u201cEsperamos que toda persona que asista se vaya inspirada y lista para dar a conocer a Cristo con quienes le rodean en formas nuevas que puedan tocar el coraz\u00f3n de los perdidos\u201d.<\/p>\n<p class=\"text-sm lg:text-base text-start\"><em class=\"italic\">El <\/em><em class=\"italic\"><a class=\"break-words hover:text-theme-700 border-b border-theme-500 text-theme-500 no-underline transition-all duration-200 ease-in-out hover:border-b-2 hover:border-theme-300 hover:no-underline dark:text-white dark:hover:text-white\" href=\"https:\/\/record.adventistchurch.com\/2026\/04\/13\/mission-and-media-conference-held-in-spd-for-the-first-time\/\" target=\"_blank\" rel=\"noopener noreferrer\">art\u00edculo original <\/a><\/em><em class=\"italic\"> lo public\u00f3 la Divisi\u00f3n del Pacifico Sur <\/em><em class=\"italic\"><a class=\"break-words hover:text-theme-700 border-b border-theme-500 text-theme-500 no-underline transition-all duration-200 ease-in-out hover:border-b-2 hover:border-theme-300 hover:no-underline dark:text-white dark:hover:text-white\" href=\"https:\/\/record.adventistchurch.com\/\" target=\"_blank\" rel=\"noopener noreferrer\">en su sitio de noticias<\/a><\/em><em class=\"italic\">, Adventist Record.<\/em><\/p>\n<\/div>\n<p>Traducci\u00f3n \u2013 Gloria A. Castrej\u00f3n<\/p>\n","protected":false},"excerpt":{"rendered":"<p>El evento tripartita enfoca su atenci\u00f3n en innovaci\u00f3n, colaboraci\u00f3n y misi\u00f3n en un mundo digital, afirmaron los dirigentes. 26 de abril de 2026 | Nueva Zelanda | Jarrod Stackelroth, Adventist&#8230;<\/p>\n","protected":false},"author":3,"featured_media":142392,"comment_status":"closed","ping_status":"closed","sticky":false,"template":"","format":"standard","meta":{"_acf_changed":false,"footnotes":""},"categories":[14,15],"tags":[],"class_list":["post-142391","post","type-post","status-publish","format-standard","has-post-thumbnail","hentry","category-de-la-iglesia-mundial","category-rss-espanol"],"acf":[],"yoast_head":"<!-- This site is optimized with the Yoast SEO plugin v27.3 - https:\/\/yoast.com\/product\/yoast-seo-wordpress\/ -->\n<title>Se celebrar\u00e1 for primera vez en el Pac\u00edfico Sur Conferencia de Misi\u00f3n Adventista y Medios de Comunicaci\u00f3n - Iglesia Adventista del S\u00e9ptimo D\u00eda - Divisi\u00f3n Interamericana<\/title>\n<meta name=\"robots\" content=\"index, follow, max-snippet:-1, max-image-preview:large, max-video-preview:-1\" \/>\n<link rel=\"canonical\" href=\"https:\/\/interamerica.org\/es\/2026\/04\/se-celebrara-for-primera-vez-en-el-pacifico-sur-conferencia-de-mision-adventista-y-medios-de-comunicacion\/\" \/>\n<meta property=\"og:locale\" content=\"es_ES\" \/>\n<meta property=\"og:type\" content=\"article\" \/>\n<meta property=\"og:title\" content=\"Se celebrar\u00e1 for primera vez en el Pac\u00edfico Sur Conferencia de Misi\u00f3n Adventista y Medios de Comunicaci\u00f3n - Iglesia Adventista del S\u00e9ptimo D\u00eda - Divisi\u00f3n Interamericana\" \/>\n<meta property=\"og:description\" content=\"El evento tripartita enfoca su atenci\u00f3n en innovaci\u00f3n, colaboraci\u00f3n y misi\u00f3n en un mundo digital, afirmaron los dirigentes. 26 de abril de 2026 | Nueva Zelanda | Jarrod Stackelroth, Adventist...\" \/>\n<meta property=\"og:url\" content=\"https:\/\/interamerica.org\/es\/2026\/04\/se-celebrara-for-primera-vez-en-el-pacifico-sur-conferencia-de-mision-adventista-y-medios-de-comunicacion\/\" \/>\n<meta property=\"og:site_name\" content=\"Iglesia Adventista del S\u00e9ptimo D\u00eda - Divisi\u00f3n Interamericana\" \/>\n<meta property=\"article:published_time\" content=\"2026-04-27T00:17:28+00:00\" \/>\n<meta property=\"article:modified_time\" content=\"2026-04-27T14:22:29+00:00\" \/>\n<meta name=\"author\" content=\"libna\" \/>\n<meta name=\"twitter:card\" content=\"summary_large_image\" \/>\n<meta name=\"twitter:label1\" content=\"Escrito por\" \/>\n\t<meta name=\"twitter:data1\" content=\"libna\" \/>\n\t<meta name=\"twitter:label2\" content=\"Tiempo de lectura\" \/>\n\t<meta name=\"twitter:data2\" content=\"5 minutos\" \/>\n<script type=\"application\/ld+json\" class=\"yoast-schema-graph\">{\"@context\":\"https:\\\/\\\/schema.org\",\"@graph\":[{\"@type\":\"Article\",\"@id\":\"https:\\\/\\\/interamerica.org\\\/es\\\/2026\\\/04\\\/se-celebrara-for-primera-vez-en-el-pacifico-sur-conferencia-de-mision-adventista-y-medios-de-comunicacion\\\/#article\",\"isPartOf\":{\"@id\":\"https:\\\/\\\/interamerica.org\\\/es\\\/2026\\\/04\\\/se-celebrara-for-primera-vez-en-el-pacifico-sur-conferencia-de-mision-adventista-y-medios-de-comunicacion\\\/\"},\"author\":{\"name\":\"libna\",\"@id\":\"https:\\\/\\\/interamerica.org\\\/es\\\/#\\\/schema\\\/person\\\/29998f2bc2d8bd0d38662909289b54f1\"},\"headline\":\"Se celebrar\u00e1 for primera vez en el Pac\u00edfico Sur Conferencia de Misi\u00f3n Adventista y Medios de Comunicaci\u00f3n\",\"datePublished\":\"2026-04-27T00:17:28+00:00\",\"dateModified\":\"2026-04-27T14:22:29+00:00\",\"mainEntityOfPage\":{\"@id\":\"https:\\\/\\\/interamerica.org\\\/es\\\/2026\\\/04\\\/se-celebrara-for-primera-vez-en-el-pacifico-sur-conferencia-de-mision-adventista-y-medios-de-comunicacion\\\/\"},\"wordCount\":1018,\"image\":{\"@id\":\"https:\\\/\\\/interamerica.org\\\/es\\\/2026\\\/04\\\/se-celebrara-for-primera-vez-en-el-pacifico-sur-conferencia-de-mision-adventista-y-medios-de-comunicacion\\\/#primaryimage\"},\"thumbnailUrl\":\"https:\\\/\\\/interamerica.org\\\/wp-content\\\/uploads\\\/2026\\\/04\\\/spd-28h1776329326169.avif\",\"articleSection\":[\"Desde la iglesia mundial\",\"RSS Espa\u00f1ol\"],\"inLanguage\":\"es\"},{\"@type\":\"WebPage\",\"@id\":\"https:\\\/\\\/interamerica.org\\\/es\\\/2026\\\/04\\\/se-celebrara-for-primera-vez-en-el-pacifico-sur-conferencia-de-mision-adventista-y-medios-de-comunicacion\\\/\",\"url\":\"https:\\\/\\\/interamerica.org\\\/es\\\/2026\\\/04\\\/se-celebrara-for-primera-vez-en-el-pacifico-sur-conferencia-de-mision-adventista-y-medios-de-comunicacion\\\/\",\"name\":\"Se celebrar\u00e1 for primera vez en el Pac\u00edfico Sur Conferencia de Misi\u00f3n Adventista y Medios de Comunicaci\u00f3n - Iglesia Adventista del S\u00e9ptimo D\u00eda - Divisi\u00f3n Interamericana\",\"isPartOf\":{\"@id\":\"https:\\\/\\\/interamerica.org\\\/es\\\/#website\"},\"primaryImageOfPage\":{\"@id\":\"https:\\\/\\\/interamerica.org\\\/es\\\/2026\\\/04\\\/se-celebrara-for-primera-vez-en-el-pacifico-sur-conferencia-de-mision-adventista-y-medios-de-comunicacion\\\/#primaryimage\"},\"image\":{\"@id\":\"https:\\\/\\\/interamerica.org\\\/es\\\/2026\\\/04\\\/se-celebrara-for-primera-vez-en-el-pacifico-sur-conferencia-de-mision-adventista-y-medios-de-comunicacion\\\/#primaryimage\"},\"thumbnailUrl\":\"https:\\\/\\\/interamerica.org\\\/wp-content\\\/uploads\\\/2026\\\/04\\\/spd-28h1776329326169.avif\",\"datePublished\":\"2026-04-27T00:17:28+00:00\",\"dateModified\":\"2026-04-27T14:22:29+00:00\",\"author\":{\"@id\":\"https:\\\/\\\/interamerica.org\\\/es\\\/#\\\/schema\\\/person\\\/29998f2bc2d8bd0d38662909289b54f1\"},\"breadcrumb\":{\"@id\":\"https:\\\/\\\/interamerica.org\\\/es\\\/2026\\\/04\\\/se-celebrara-for-primera-vez-en-el-pacifico-sur-conferencia-de-mision-adventista-y-medios-de-comunicacion\\\/#breadcrumb\"},\"inLanguage\":\"es\",\"potentialAction\":[{\"@type\":\"ReadAction\",\"target\":[\"https:\\\/\\\/interamerica.org\\\/es\\\/2026\\\/04\\\/se-celebrara-for-primera-vez-en-el-pacifico-sur-conferencia-de-mision-adventista-y-medios-de-comunicacion\\\/\"]}]},{\"@type\":\"ImageObject\",\"inLanguage\":\"es\",\"@id\":\"https:\\\/\\\/interamerica.org\\\/es\\\/2026\\\/04\\\/se-celebrara-for-primera-vez-en-el-pacifico-sur-conferencia-de-mision-adventista-y-medios-de-comunicacion\\\/#primaryimage\",\"url\":\"https:\\\/\\\/interamerica.org\\\/wp-content\\\/uploads\\\/2026\\\/04\\\/spd-28h1776329326169.avif\",\"contentUrl\":\"https:\\\/\\\/interamerica.org\\\/wp-content\\\/uploads\\\/2026\\\/04\\\/spd-28h1776329326169.avif\",\"width\":1024,\"height\":576,\"caption\":\"Alyssa Truman, directora de Comunicaci\u00f3n de la AG, en su presentaci\u00f3n en la conferencia DSM 2024. en Chiang Mai, Tailandia. [Imagen: Adventist Record]\"},{\"@type\":\"BreadcrumbList\",\"@id\":\"https:\\\/\\\/interamerica.org\\\/es\\\/2026\\\/04\\\/se-celebrara-for-primera-vez-en-el-pacifico-sur-conferencia-de-mision-adventista-y-medios-de-comunicacion\\\/#breadcrumb\",\"itemListElement\":[{\"@type\":\"ListItem\",\"position\":1,\"name\":\"Home\",\"item\":\"https:\\\/\\\/interamerica.org\\\/es\\\/\"},{\"@type\":\"ListItem\",\"position\":2,\"name\":\"Se celebrar\u00e1 for primera vez en el Pac\u00edfico Sur Conferencia de Misi\u00f3n Adventista y Medios de Comunicaci\u00f3n\"}]},{\"@type\":\"WebSite\",\"@id\":\"https:\\\/\\\/interamerica.org\\\/es\\\/#website\",\"url\":\"https:\\\/\\\/interamerica.org\\\/es\\\/\",\"name\":\"Iglesia Adventista del S\u00e9ptimo D\u00eda - Divisi\u00f3n Interamericana\",\"description\":\"\",\"potentialAction\":[{\"@type\":\"SearchAction\",\"target\":{\"@type\":\"EntryPoint\",\"urlTemplate\":\"https:\\\/\\\/interamerica.org\\\/es\\\/?s={search_term_string}\"},\"query-input\":{\"@type\":\"PropertyValueSpecification\",\"valueRequired\":true,\"valueName\":\"search_term_string\"}}],\"inLanguage\":\"es\"},{\"@type\":\"Person\",\"@id\":\"https:\\\/\\\/interamerica.org\\\/es\\\/#\\\/schema\\\/person\\\/29998f2bc2d8bd0d38662909289b54f1\",\"name\":\"libna\",\"image\":{\"@type\":\"ImageObject\",\"inLanguage\":\"es\",\"@id\":\"https:\\\/\\\/secure.gravatar.com\\\/avatar\\\/7c5bd30ae4b47a9ba3c856590957fd1d96dc588bf3ac05719d247e126840331f?s=96&d=mm&r=g\",\"url\":\"https:\\\/\\\/secure.gravatar.com\\\/avatar\\\/7c5bd30ae4b47a9ba3c856590957fd1d96dc588bf3ac05719d247e126840331f?s=96&d=mm&r=g\",\"contentUrl\":\"https:\\\/\\\/secure.gravatar.com\\\/avatar\\\/7c5bd30ae4b47a9ba3c856590957fd1d96dc588bf3ac05719d247e126840331f?s=96&d=mm&r=g\",\"caption\":\"libna\"}}]}<\/script>\n<!-- \/ Yoast SEO plugin. -->","yoast_head_json":{"title":"Se celebrar\u00e1 for primera vez en el Pac\u00edfico Sur Conferencia de Misi\u00f3n Adventista y Medios de Comunicaci\u00f3n - Iglesia Adventista del S\u00e9ptimo D\u00eda - Divisi\u00f3n Interamericana","robots":{"index":"index","follow":"follow","max-snippet":"max-snippet:-1","max-image-preview":"max-image-preview:large","max-video-preview":"max-video-preview:-1"},"canonical":"https:\/\/interamerica.org\/es\/2026\/04\/se-celebrara-for-primera-vez-en-el-pacifico-sur-conferencia-de-mision-adventista-y-medios-de-comunicacion\/","og_locale":"es_ES","og_type":"article","og_title":"Se celebrar\u00e1 for primera vez en el Pac\u00edfico Sur Conferencia de Misi\u00f3n Adventista y Medios de Comunicaci\u00f3n - Iglesia Adventista del S\u00e9ptimo D\u00eda - Divisi\u00f3n Interamericana","og_description":"El evento tripartita enfoca su atenci\u00f3n en innovaci\u00f3n, colaboraci\u00f3n y misi\u00f3n en un mundo digital, afirmaron los dirigentes. 26 de abril de 2026 | Nueva Zelanda | Jarrod Stackelroth, Adventist...","og_url":"https:\/\/interamerica.org\/es\/2026\/04\/se-celebrara-for-primera-vez-en-el-pacifico-sur-conferencia-de-mision-adventista-y-medios-de-comunicacion\/","og_site_name":"Iglesia Adventista del S\u00e9ptimo D\u00eda - Divisi\u00f3n Interamericana","article_published_time":"2026-04-27T00:17:28+00:00","article_modified_time":"2026-04-27T14:22:29+00:00","author":"libna","twitter_card":"summary_large_image","twitter_misc":{"Escrito por":"libna","Tiempo de lectura":"5 minutos"},"schema":{"@context":"https:\/\/schema.org","@graph":[{"@type":"Article","@id":"https:\/\/interamerica.org\/es\/2026\/04\/se-celebrara-for-primera-vez-en-el-pacifico-sur-conferencia-de-mision-adventista-y-medios-de-comunicacion\/#article","isPartOf":{"@id":"https:\/\/interamerica.org\/es\/2026\/04\/se-celebrara-for-primera-vez-en-el-pacifico-sur-conferencia-de-mision-adventista-y-medios-de-comunicacion\/"},"author":{"name":"libna","@id":"https:\/\/interamerica.org\/es\/#\/schema\/person\/29998f2bc2d8bd0d38662909289b54f1"},"headline":"Se celebrar\u00e1 for primera vez en el Pac\u00edfico Sur Conferencia de Misi\u00f3n Adventista y Medios de Comunicaci\u00f3n","datePublished":"2026-04-27T00:17:28+00:00","dateModified":"2026-04-27T14:22:29+00:00","mainEntityOfPage":{"@id":"https:\/\/interamerica.org\/es\/2026\/04\/se-celebrara-for-primera-vez-en-el-pacifico-sur-conferencia-de-mision-adventista-y-medios-de-comunicacion\/"},"wordCount":1018,"image":{"@id":"https:\/\/interamerica.org\/es\/2026\/04\/se-celebrara-for-primera-vez-en-el-pacifico-sur-conferencia-de-mision-adventista-y-medios-de-comunicacion\/#primaryimage"},"thumbnailUrl":"https:\/\/interamerica.org\/wp-content\/uploads\/2026\/04\/spd-28h1776329326169.avif","articleSection":["Desde la iglesia mundial","RSS Espa\u00f1ol"],"inLanguage":"es"},{"@type":"WebPage","@id":"https:\/\/interamerica.org\/es\/2026\/04\/se-celebrara-for-primera-vez-en-el-pacifico-sur-conferencia-de-mision-adventista-y-medios-de-comunicacion\/","url":"https:\/\/interamerica.org\/es\/2026\/04\/se-celebrara-for-primera-vez-en-el-pacifico-sur-conferencia-de-mision-adventista-y-medios-de-comunicacion\/","name":"Se celebrar\u00e1 for primera vez en el Pac\u00edfico Sur Conferencia de Misi\u00f3n Adventista y Medios de Comunicaci\u00f3n - Iglesia Adventista del S\u00e9ptimo D\u00eda - Divisi\u00f3n Interamericana","isPartOf":{"@id":"https:\/\/interamerica.org\/es\/#website"},"primaryImageOfPage":{"@id":"https:\/\/interamerica.org\/es\/2026\/04\/se-celebrara-for-primera-vez-en-el-pacifico-sur-conferencia-de-mision-adventista-y-medios-de-comunicacion\/#primaryimage"},"image":{"@id":"https:\/\/interamerica.org\/es\/2026\/04\/se-celebrara-for-primera-vez-en-el-pacifico-sur-conferencia-de-mision-adventista-y-medios-de-comunicacion\/#primaryimage"},"thumbnailUrl":"https:\/\/interamerica.org\/wp-content\/uploads\/2026\/04\/spd-28h1776329326169.avif","datePublished":"2026-04-27T00:17:28+00:00","dateModified":"2026-04-27T14:22:29+00:00","author":{"@id":"https:\/\/interamerica.org\/es\/#\/schema\/person\/29998f2bc2d8bd0d38662909289b54f1"},"breadcrumb":{"@id":"https:\/\/interamerica.org\/es\/2026\/04\/se-celebrara-for-primera-vez-en-el-pacifico-sur-conferencia-de-mision-adventista-y-medios-de-comunicacion\/#breadcrumb"},"inLanguage":"es","potentialAction":[{"@type":"ReadAction","target":["https:\/\/interamerica.org\/es\/2026\/04\/se-celebrara-for-primera-vez-en-el-pacifico-sur-conferencia-de-mision-adventista-y-medios-de-comunicacion\/"]}]},{"@type":"ImageObject","inLanguage":"es","@id":"https:\/\/interamerica.org\/es\/2026\/04\/se-celebrara-for-primera-vez-en-el-pacifico-sur-conferencia-de-mision-adventista-y-medios-de-comunicacion\/#primaryimage","url":"https:\/\/interamerica.org\/wp-content\/uploads\/2026\/04\/spd-28h1776329326169.avif","contentUrl":"https:\/\/interamerica.org\/wp-content\/uploads\/2026\/04\/spd-28h1776329326169.avif","width":1024,"height":576,"caption":"Alyssa Truman, directora de Comunicaci\u00f3n de la AG, en su presentaci\u00f3n en la conferencia DSM 2024. en Chiang Mai, Tailandia. [Imagen: Adventist Record]"},{"@type":"BreadcrumbList","@id":"https:\/\/interamerica.org\/es\/2026\/04\/se-celebrara-for-primera-vez-en-el-pacifico-sur-conferencia-de-mision-adventista-y-medios-de-comunicacion\/#breadcrumb","itemListElement":[{"@type":"ListItem","position":1,"name":"Home","item":"https:\/\/interamerica.org\/es\/"},{"@type":"ListItem","position":2,"name":"Se celebrar\u00e1 for primera vez en el Pac\u00edfico Sur Conferencia de Misi\u00f3n Adventista y Medios de Comunicaci\u00f3n"}]},{"@type":"WebSite","@id":"https:\/\/interamerica.org\/es\/#website","url":"https:\/\/interamerica.org\/es\/","name":"Iglesia Adventista del S\u00e9ptimo D\u00eda - Divisi\u00f3n Interamericana","description":"","potentialAction":[{"@type":"SearchAction","target":{"@type":"EntryPoint","urlTemplate":"https:\/\/interamerica.org\/es\/?s={search_term_string}"},"query-input":{"@type":"PropertyValueSpecification","valueRequired":true,"valueName":"search_term_string"}}],"inLanguage":"es"},{"@type":"Person","@id":"https:\/\/interamerica.org\/es\/#\/schema\/person\/29998f2bc2d8bd0d38662909289b54f1","name":"libna","image":{"@type":"ImageObject","inLanguage":"es","@id":"https:\/\/secure.gravatar.com\/avatar\/7c5bd30ae4b47a9ba3c856590957fd1d96dc588bf3ac05719d247e126840331f?s=96&d=mm&r=g","url":"https:\/\/secure.gravatar.com\/avatar\/7c5bd30ae4b47a9ba3c856590957fd1d96dc588bf3ac05719d247e126840331f?s=96&d=mm&r=g","contentUrl":"https:\/\/secure.gravatar.com\/avatar\/7c5bd30ae4b47a9ba3c856590957fd1d96dc588bf3ac05719d247e126840331f?s=96&d=mm&r=g","caption":"libna"}}]}},"_links":{"self":[{"href":"https:\/\/interamerica.org\/es\/wp-json\/wp\/v2\/posts\/142391","targetHints":{"allow":["GET"]}}],"collection":[{"href":"https:\/\/interamerica.org\/es\/wp-json\/wp\/v2\/posts"}],"about":[{"href":"https:\/\/interamerica.org\/es\/wp-json\/wp\/v2\/types\/post"}],"author":[{"embeddable":true,"href":"https:\/\/interamerica.org\/es\/wp-json\/wp\/v2\/users\/3"}],"replies":[{"embeddable":true,"href":"https:\/\/interamerica.org\/es\/wp-json\/wp\/v2\/comments?post=142391"}],"version-history":[{"count":1,"href":"https:\/\/interamerica.org\/es\/wp-json\/wp\/v2\/posts\/142391\/revisions"}],"predecessor-version":[{"id":142405,"href":"https:\/\/interamerica.org\/es\/wp-json\/wp\/v2\/posts\/142391\/revisions\/142405"}],"wp:featuredmedia":[{"embeddable":true,"href":"https:\/\/interamerica.org\/es\/wp-json\/wp\/v2\/media\/142392"}],"wp:attachment":[{"href":"https:\/\/interamerica.org\/es\/wp-json\/wp\/v2\/media?parent=142391"}],"wp:term":[{"taxonomy":"category","embeddable":true,"href":"https:\/\/interamerica.org\/es\/wp-json\/wp\/v2\/categories?post=142391"},{"taxonomy":"post_tag","embeddable":true,"href":"https:\/\/interamerica.org\/es\/wp-json\/wp\/v2\/tags?post=142391"}],"curies":[{"name":"wp","href":"https:\/\/api.w.org\/{rel}","templated":true}]}}