{"id":142394,"date":"2026-04-28T15:26:11","date_gmt":"2026-04-28T19:26:11","guid":{"rendered":"https:\/\/interamerica.org\/?p=142394"},"modified":"2026-04-29T23:30:09","modified_gmt":"2026-04-30T03:30:09","slug":"inteligencia-artificial-y-el-fin-del-mundo","status":"publish","type":"post","link":"https:\/\/interamerica.org\/es\/2026\/04\/inteligencia-artificial-y-el-fin-del-mundo\/","title":{"rendered":"Inteligencia artificial y el fin del mundo"},"content":{"rendered":"<p class=\"c-post-header__subtitle\"><em>\u00bfFiasco, o propia arma del diablo? <\/em><\/p>\n<p>28 de abril de 2026 | Silver Spring, Maryland, Estados Unidos | Shane Anderson<\/p>\n<p>\u201c\u2026Muchos correr\u00e1n de un lado para otro, y se incrementar\u00e1 el conocimiento\u201d (Dan.12:4). Es debatible si el profeta Daniel ten\u00eda o no en mente espec\u00edficamente la inteligencia artificial (IA) cu\u00e1ndo escribi\u00f3 esas palabras. Pero dentro del gran panorama del tiempo del fin es dif\u00edcil no ver por lo menos alguna conexi\u00f3n. Despu\u00e9s de todo, la IA, al menos en su actual configuraci\u00f3n, es la acumulaci\u00f3n de una vasta cantidad de informaci\u00f3n en gigantescas m\u00e1quinas de \u201cconocimiento\u201d.<\/p>\n<p>\u00bfY, con qu\u00e9 prop\u00f3sito? Ostensiblemente, el objetivo de esos vastos sistemas de computaci\u00f3n es el mejoramiento de la humanidad a trav\u00e9s de <a href=\"https:\/\/www.broadinstitute.org\/videos\/how-ai-and-machine-learning-will-transform-biomedical-research\" target=\"_blank\" rel=\"noopener\">curaci\u00f3n de enfermedades<\/a>, helping <a href=\"https:\/\/www.ischool.berkeley.edu\/news\/2025\/joshua-blumenstock-using-ai-end-extreme-poverty\" target=\"_blank\" rel=\"noopener\">el fin de la pobreza extrema <\/a>,<a id=\"_ednref1\" href=\"https:\/\/adventistreview.org\/church-life\/our-voice\/columnists-our-voice\/artificial-intelligence-and-the-end-of-the-world\/#_edn1\"><sup>[1]<\/sup><\/a> y aun el abrir paso a <a href=\"https:\/\/trendsresearch.org\/insight\/the-impact-of-ai-and-machine-learning-on-conflict-prevention\/?srsltid=AfmBOordmaw41yr33dsupj7xSsM2wQf63g4NwRIfE1jsgYKRuPqMRRMd\" target=\"_blank\" rel=\"noopener\">una nueva era de hermandad y paz entre los hombres. <\/a>.<a id=\"_ednref2\" href=\"https:\/\/adventistreview.org\/church-life\/our-voice\/columnists-our-voice\/artificial-intelligence-and-the-end-of-thecular en el siglo veintiuno. world\/#_edn2\"><sup>[2]<\/sup><\/a> Para los m\u00e1s extremos defensores de la IA, la fiebre sobre el milenio que combati\u00f3 Miller en el siglo diecinueve podr\u00eda estar retornando como utopismo secular en el siglo veintiuno.<\/p>\n<p>Por supuesto, no todo el mundo se muestra optimista respecto a las bondades de la IA. A algunos, entre ellos muchos cristianos, les parece m\u00e1s f\u00e1cil percibir la capacidad de la IA para el desastre, incluyendo lo que se refiere al cumplimiento de las profec\u00edas del tiempo del fin. Por ejemplo, muchos ven a la IA desempe\u00f1ando un papel significativo en el <a href=\"https:\/\/www.theverge.com\/ai-artificial-intelligence\/785407\/peter-thiel-antichrist-tech-regulation\" target=\"_blank\" rel=\"noopener\">establecimiento de la Babilonia del tiempo del fin<\/a> \u2014una uni\u00f3n mundial de Iglesia y Estado presuntamente requiriendo sustancial poder inform\u00e1tico, incluyendo la imposici\u00f3n de la marca de la bestia. Mientras tanto, dicen muchos, e independientemente del bien que haga la IA, \u00a1cuidado como termina la historia!<\/p>\n<p><strong>Tres precauciones<\/strong><\/p>\n<p>No soy muy experto en IA; pero, como muchos de ustedes, he le\u00eddo sobre este tema y he visto un tanto de relevantes documentales, noticias, etc. Esta investigaci\u00f3n informal me ha llevado a por lo menos tres conclusiones admonitorias en relaci\u00f3n con la IA y el fin del mundo.<\/p>\n<p>En primer lugar, no hay demasiada duda de que la IA, a\u00fan en su, de alguna manera, estado de incubaci\u00f3n, es capaz de impactar sustancialmente los eventos del tiempo del fin. No estoy diciendo que los <em>impactar\u00e1<\/em> sustancialmente. Pero, su capacidad est\u00e1 claramente ah\u00ed. El m\u00fasculo computacional inherente en la AI es lo suficientemente apto para, por ejemplo, vigilar, influenciar y potencialmente enga\u00f1ar a grupos de poblaci\u00f3n en una escala global \u2014nuevamente, algo que podr\u00eda, en teor\u00eda, ser esencial para hacer realidad el mencionado escenario de la marca de la bestia. Por lo tanto, los cristianos conscientes har\u00edan bien en mantenerse al tanto de los avances de la IA en vez de desestimarlos como charlataner\u00eda tecnol\u00f3gica.<\/p>\n<p>En segundo lugar, es de importancia crucial recordar que, con todo su potencial para bien o para mal, la IA contin\u00faa siendo simplemente un medio para lograr un fin. Es la herramienta mec\u00e1nica, no el mec\u00e1nico. Se\u00f1alo lo anterior porque, aunque en menor grado, he escuchado personalmente a cristianos bien intencionados declarar que la inteligencia artificial<em>es<\/em> el poder del anticristo del tiempo del fin y que los cristianos en todas partes deben de estar luchando en contra todo desarrollo de la IA a fin de evitar el apocalipsis.<\/p>\n<p>Pero la Biblia claramente indica lo contrario. Es verdad que existen razones leg\u00edtimas para preocuparse con respecto al desarrollo de la IA; pero nadie se va a perder directamente al final del tiempo por causa de la IA. Se perder\u00e1n por causa de lo que han hecho con Jes\u00fas. \u00bfPodr\u00eda la IA influir negativamente en lo que alguien haga con Jes\u00fas? Ciertamente. Pero como cualquier artillero en tiempo de guerra nos dir\u00eda, un error de tan solo unos pocos grados en la identificaci\u00f3n de cualquier enemigo puede provocar distracciones, un desperdicio de recursos y, en ocasiones, grandes p\u00e9rdidas. Satan\u00e1s y el pecado \u2014no el despliegue de sistemas inform\u00e1ticos que utilicen la inteligencia artificial\u2014, son el real enemigo. El ap\u00f3stol Pabli declar\u00f3 que nuestra lucha es \u201ccontra poderes, contra autoridades, contra potestades que dominan este mundo de tinieblas, contra fuerzas espirituales malignas en las regiones celestiales\u201c (Efesios 6:12). Aun cuando todo trazo de IA fuera de alguna manera eliminado hoy, la gran controversia seguir\u00eda arrasando sin cesar con el mismo \u00edmpetu. El mantener una clara distinci\u00f3n entre el enemigo y las armas del enemigo podr\u00eda aumentar nuestro \u00e9xito en la tarea del avance del reino de Cristo en estos \u00faltimos d\u00edas.<\/p>\n<div class=\"o-rich-text c-content-single__body\">\n<p>En tercer y \u00faltimo lugar, aunque solamente Dios conoce el futuro, el peligro real hoy en d\u00eda en relaci\u00f3n con la AI, es, en mi opini\u00f3n, no principalmente apocal\u00edptico, sino mucho m\u00e1s trivial o prosaico; y eso en por lo menos dos sentidos.<\/p>\n<p>Primeramente, el inapropiado uso de la IA est\u00e1 disminuyendo nuestra aptitud para el pensamiento cr\u00edtico. Un estudio prominente encontr\u00f3 recientemente \u201cuna significative correlaci\u00f3n negativa entre el uso frecuente de instrumentos de IA y las habilidades de razonamiento cr\u00edtico\u201d <a id=\"_ednref3\" href=\"https:\/\/adventistreview.org\/church-life\/our-voice\/columnists-our-voice\/artificial-intelligence-and-the-end-of-the-world\/#_edn3\"><sup>[3]<\/sup><\/a> El autor del estudio se\u00f1al\u00f3 correctamente que este declive no es inherente al uso de la IA, sino m\u00e1s bien a su mal uso: el utilizar la IA como un sustituto total del humano proceso de an\u00e1lisis, reflexi\u00f3n o de resoluci\u00f3n de problemas. En otras palabras, si la IA redacta todo tu ensayo o monograf\u00eda trimestral, es posible que obtengas una buena calificaci\u00f3n; pero es posible que tus habilidades en ling\u00fc\u00edstica y comunicaci\u00f3n se hayan visto disminuidas en el proceso.<a id=\"_ednref4\" href=\"https:\/\/adventistreview.org\/church-life\/our-voice\/columnists-our-voice\/artificial-intelligence-and-the-end-of-the-world\/#_edn4\"><sup>[4]<\/sup><\/a> Y entre m\u00e1s se lleve a cabo este tipo de dependencia de la IA, m\u00e1s grandes ser\u00e1n los efectos negativos. La p\u00e9rdida resultante de razonamiento anal\u00edtico y pensamiento independiente no augura nada bueno, no solamente para cuestiones seculares, sino tambi\u00e9n para las de naturaleza espiritual. Nadie necesita ser un genio para ser salvo; pero la invitaci\u00f3n de Cristo: \u201cVengan, pues\u2026 y razonemos juntos\u201d (Isa. 1:18), muestra claramente que una mente en pleno uso de sus facultades es de mucho valor para el inquiridor espiritual.<\/p>\n<p>En segundo lugar, la IA est\u00e1 aumentando en forma dram\u00e1tica la proliferaci\u00f3n de malas ideas y nuestra susceptibilidad hacia ellas. Por ejemplo, millones de adolescentes y adultos j\u00f3venes en los Estados Unidos usan la IA como una fuente inmediata para <a href=\"https:\/\/jamanetwork.com\/journals\/jamanetworkopen\/fullarticle\/2841067\" target=\"_blank\" rel=\"noopener\">tratar asuntos de salud mental <\/a>. De entre adolescentes de 13 a 17 a\u00f1os, un 72 por ciento ha utilizado \u201ccompa\u00f1eros\u201d de IA,<a id=\"_ednref5\" href=\"https:\/\/adventistreview.org\/church-life\/our-voice\/columnists-our-voice\/artificial-intelligence-and-the-end-of-the-world\/#_edn5\"><sup>[5]<\/sup><\/a> y un tercio de usuarios eligen compa\u00f1eros de IA sobre seres humanos para conversaciones serias.<a id=\"_ednref6\" href=\"https:\/\/adventistreview.org\/church-life\/our-voice\/columnists-our-voice\/artificial-intelligence-and-the-endl -of-the-world\/#_edn6\"><sup>[6]<\/sup><\/a> \u00bfLos resultados? Mientras que alg\u00fan consejo de salud mental generado por IA pueda ser correcto y \u00fatil, mucho de ello puede ser tambi\u00e9n <a href=\"https:\/\/www.nytimes.com\/2025\/08\/26\/technology\/chatgpt-openai-suicide.html\" target=\"_blank\" rel=\"noopener\">da\u00f1ino e incluso catastr\u00f3fico.<\/a>.<a id=\"_ednref7\" href=\"https:\/\/adventistreview.org\/church-life\/our-voice\/columnists-our-voice\/artificial-intelligence-and-the-end-of-the-world\/#_edn7\"><sup>[7]<\/sup><\/a> M\u00e1s aun, la explosi\u00f3n de im\u00e1genes y videos generados por la IA, mientras que supone un positivo recurso para muchos creadores de contenido honesto en l\u00ednea, se ha convertido en el sue\u00f1o hecho realidad de propagandistas. Deepfakes (ultrafalsos), art\u00edculos de noticias falsas y chats y respuestas de blogs manejados por bots, est\u00e1n haciendo cada vez m\u00e1s dif\u00edcil discernir qu\u00e9 es verdad.<a id=\"_ednref8\" href=\"https:\/\/adventistreview.org\/church-life\/our-voice\/columnists-our-voice\/artificial-intelligence-and-the-end-of-the-world\/#_edn8\"><sup>[8]<\/sup><\/a> Para un movimiento tal como el adventismo, el cual se basa en el concepto: \u201cY conocer\u00e1n la verdad, y la verdad los har\u00e1 libres\u201d (Juan 8:32), este es un desarrollo amenazante \u2014tanto al tiempo mismo del fin como en el traj\u00edn de la vida diaria en el que vivimos hoy.<\/p>\n<p><strong>\u00bfQu\u00e9 debemos hacer? <\/strong><\/p>\n<p>En mi opini\u00f3n, el actual incremento de IA nos llama a los adventistas a hacer por lo menos tres cosas. Primero, como se mencion\u00f3 anteriormente, debemos mantenernos informados acerca del desarrollo de la IA. En segundo lugar, debemos aceptar y acoger el indudable bien que la IA est\u00e1 ya haciendo, particularmente en el plano de la atenci\u00f3n m\u00e9dica y de otros esfuerzos por aliviar el sufrimiento humano. La IA no va a desaparecer; ratifiquemos lo que podamos de ella. En tercer lugar, aunque reconozcamos los puntos positivos de la IA, necesitamos ser proactivos en establecer apropiadas limitaciones para prevenir la proliferaci\u00f3n de lastres con respecto a la IA. Esto incluye el alentar personalmente en aquellas personas bajo nuestra influencia, el uso apropiado de la IA. Esto podr\u00eda tambi\u00e9n llamarnos a a\u00f1adir nuestra voz al n\u00famero creciente de cristianos que piden <a href=\"https:\/\/time.com\/7341580\/christian-ai-backlash\/\" target=\"_blank\" rel=\"noopener\">un sistema de controles y contrapesos m\u00e1s eficaz <\/a> aplicado a la IA y a sus programadores.<\/p>\n<p><strong>Conocimiento apropiadamente aprovechado<\/strong><\/p>\n<p>La IA podr\u00eda ciertamente convertirse en una parte sustantiva de los eventos del tiempo del fin; pero, como adventistas del s\u00e9ptimo d\u00eda, tengamos presente en nuestra mente que, mientras tanto, su potencial para distraer la atenci\u00f3n fuera de Jes\u00fas y los mensajes de los tres \u00e1ngeles, est\u00e1 ya activamente a todo vapor. La IA ha llevado a un mayor cumplimiento de la predicci\u00f3n de que \u201cel conocimiento ser\u00e1 aumentado\u201d, como tal vez ninguna otra cosa en la historia humana. Hagamos lo que podamos para asegurarnos de que el conocimiento gu\u00eda <em>a<\/em> Cristo en vez de lejos de \u00e9l.<\/p>\n<hr class=\"wp-block-separator has-alpha-channel-opacity\" \/>\n<p><a id=\"_edn1\" href=\"https:\/\/adventistreview.org\/church-life\/our-voice\/columnists-our-voice\/artificial-intelligence-and-the-end-of-the-world\/#_ednref1\"><sup>[1]<\/sup><\/a> Ver tambi\u00e9n el trabajo del profesor Joshua Blumenstock de Berkely, Universidad de California sobre este t\u00f3pico, en <a href=\"https:\/\/www.jblumenstock.com\/files\/papers\/EOP.pdf\" target=\"_blank\" rel=\"noopener\">https:\/\/www.jblumenstock.com\/files\/papers\/EOP.pdf<\/a> .<\/p>\n<p><a id=\"_edn2\" href=\"https:\/\/adventistreview.org\/church-life\/our-voice\/columnists-our-voice\/artificial-intelligence-and-the-end-of-the-world\/#_ednref2\"><sup>[2]<\/sup><\/a> Ver tambi\u00e9n Usanas Foundation, \u201cArt and Artificial Intelligence: A New World Order\u201d (Arte e inteligencia artificial: Un nuevo orden mundial), 2 de septiembre de 2025, accesado en <a href=\"https:\/\/usanasfoundation.com\/art-and-artificial-intelligence-a-new-world-order\" target=\"_blank\" rel=\"noopener\">https:\/\/usanasfoundation.com\/art-and-artificial-intelligence-a-new-world-order<\/a> .<\/p>\n<p><a id=\"_edn3\" href=\"https:\/\/adventistreview.org\/church-life\/our-voice\/columnists-our-voice\/artificial-intelligence-and-the-end-of-the-world\/#_ednref3\"><sup>[3]<\/sup><\/a> M. Gerlich, \u201cAI Tools in Society: Impacts on Cognitive Offloading and the Future of Critical Thinking (Instrumentos de IA en la sociedad: Impactos en descarga cognitiva y el futuro del pensamiento cr\u00edtico <em>Societies (Sociedades)<\/em> 15, no. 1 (2025): 6, <a href=\"https:\/\/doi.org\/10.3390\/soc15010006\" target=\"_blank\" rel=\"noopener\">https:\/\/doi.org\/10.3390\/soc15010006<\/a>.<\/p>\n<p><a id=\"_edn4\" href=\"https:\/\/adventistreview.org\/church-life\/our-voice\/columnists-our-voice\/artificial-intelligence-and-the-end-of-the-world\/#_ednref4\"><sup>[4]<\/sup><\/a> Para un estudio fascinante sobre este escenario, por parte del Instituto de Tecnolog\u00eda de Massachusett, ver \u201cYour Brain on ChatGPT: Accumulation of Cognitive Debt When Using an AI Assistant for Essay Writing Task\u201d (Tu cerebro en ChatGPT: Acumulaci\u00f3n de deuda cognitiva al usar un asistente de IA para la tarea de escribir un ensayo)<a href=\"https:\/\/arxiv.org\/pdf\/2506.08872v1\" target=\"_blank\" rel=\"noopener\">https:\/\/arxiv.org\/pdf\/2506.08872v1<\/a><\/p>\n<p><a id=\"_edn5\" href=\"https:\/\/adventistreview.org\/church-life\/our-voice\/columnists-our-voice\/artificial-intelligence-and-the-end-of-the-world\/#_ednref5\"><sup>[5]<\/sup><\/a> Los compa\u00f1eros de IA con plataformas digitales dirigidas por IA que est\u00e1n dise\u00f1ados para interactuar en v\u00edvidas conversaciones con los usuarios.<\/p>\n<p><a id=\"_edn6\" href=\"https:\/\/adventistreview.org\/church-life\/our-voice\/columnists-our-voice\/artificial-intelligence-and-the-end-of-the-world\/#_ednref6\"><sup>[6]<\/sup><\/a> Ver Investigaciones por parte de Common Sense Media en <a href=\"https:\/\/www.commonsensemedia.org\/sites\/default\/files\/research\/report\/talk-trust-and-trade-offs_2025_web.pdf\" target=\"_blank\" rel=\"noopener\">https:\/\/www.commonsensemedia.org\/sites\/default\/files\/research\/report\/talk-trust-and-trade-offs_2025_web.pdf<\/a>.<\/p>\n<p><a id=\"_edn7\" href=\"https:\/\/adventistreview.org\/church-life\/our-voice\/columnists-our-voice\/artificial-intelligence-and-the-end-of-the-world\/#_ednref7\"><sup>[7]<\/sup><\/a> K. R. Head, \u201cMinds in Crisis: How the AI Revolution Is Impacting Mental Health\u201d (Mentes en crisis: C\u00f3mo la revoluci\u00f3n de IA est\u00e1 impactando la salud mental), <em>Revista de Salud Mental y Sicolog\u00eda Cl\u00ednica<\/em> 9, no. 3 (2025): 34-44; Adrian Preda, M.D., \u201cSpecial Report: AI-Induced Psychosis: A New Frontier in Mental Health\u201d (Informe especial: Psicosis inducida por IA: Una nueva frontera en salud mental)(<em>Psychiatric News (Noticias Psiqui\u00e1tricas<\/em> 60, no. 10 (29 de septiembre de 2025),<\/p>\n<p><a href=\"https:\/\/doi.org\/10.1176\/appi.pn.2025.10.10.5\" target=\"_blank\" rel=\"noopener\">https:\/\/doi.org\/10.1176\/appi.pn.2025.10.10.5<\/a> ; Kashmir Hill, \u201cA Teen Was Suicidal. ChatGPT Was the Friend He Confided In (Un adolescente era suicida. ChatGTP era el amigo en el que \u00e9l confiaba), New York <em>Times<\/em>, 26 de agosto de 2025, <a href=\"https:\/\/www.nytimes.com\/2025\/08\/26\/technology\/chatgpt-openai-suicide.html\" target=\"_blank\" rel=\"noopener\">https:\/\/www.nytimes.com\/2025\/08\/26\/technology\/chatgpt-openai-suicide.html<\/a>; \u201cOpenAI, Microsoft, Sam Altman, Sued for Wrongful Death in Murder-Suicide Case,\u201d (Sam Altman, de OpenAl, Microsoft, demandado por homicidio culposo en caso de asesinato-suicidio), <em>Axios,<\/em>11 de diciembre de 2025, <a href=\"https:\/\/www.axios.com\/2025\/12\/11\/openai-sam-altman-lawsuit-murder\" target=\"_blank\" rel=\"noopener\">https:\/\/www.axios.com\/2025\/12\/11\/openai-sam-altman-lawsuit-murder<\/a>.<\/p>\n<p><a id=\"_edn8\" href=\"https:\/\/adventistreview.org\/church-life\/our-voice\/columnists-our-voice\/artificial-intelligence-and-the-end-of-the-world\/#_ednref8\"><sup>[8]<\/sup><\/a> John Villasenor, \u201cArtificial Intelligence, Deepfakes, and the Uncertain Future of Truth\u201d(Inteligencia artificial, ultrafalsos y el futuro incierto de la verdad), Brookings Institution 8, 14 de febrero de 2019, Aunque no estoy de acuerdo con todas sus conclusiones, ver tambi\u00e9n Nadia Nafi, \u201cDeepfakes and the Crisis of Knowing\u201d (Ultrafalsos y la crisis del saber), 1 de octubre de 2025, <a href=\"https:\/\/www.unesco.org\/en\/articles\/deepfakes-and-crisis-knowing\" target=\"_blank\" rel=\"noopener\">https:\/\/www.unesco.org\/en\/articles\/deepfakes-and-crisis-knowing<\/a>.<\/p>\n<\/div>\n<p>Traducci\u00f3n \u2013 Gloria A. Castrej\u00f3n<\/p>\n","protected":false},"excerpt":{"rendered":"<p>\u00bfFiasco, o propia arma del diablo? 28 de abril de 2026 | Silver Spring, Maryland, Estados Unidos | Shane Anderson \u201c\u2026Muchos correr\u00e1n de un lado para otro, y se incrementar\u00e1&#8230;<\/p>\n","protected":false},"author":3,"featured_media":142395,"comment_status":"closed","ping_status":"closed","sticky":false,"template":"","format":"standard","meta":{"_acf_changed":false,"footnotes":""},"categories":[14,15],"tags":[],"class_list":["post-142394","post","type-post","status-publish","format-standard","has-post-thumbnail","hentry","category-de-la-iglesia-mundial","category-rss-espanol"],"acf":[],"yoast_head":"<!-- This site is optimized with the Yoast SEO plugin v27.3 - https:\/\/yoast.com\/product\/yoast-seo-wordpress\/ -->\n<title>Inteligencia artificial y el fin del mundo - Iglesia Adventista del S\u00e9ptimo D\u00eda - Divisi\u00f3n Interamericana<\/title>\n<meta name=\"robots\" content=\"index, follow, max-snippet:-1, max-image-preview:large, max-video-preview:-1\" \/>\n<link rel=\"canonical\" href=\"https:\/\/interamerica.org\/es\/2026\/04\/inteligencia-artificial-y-el-fin-del-mundo\/\" \/>\n<meta property=\"og:locale\" content=\"es_ES\" \/>\n<meta property=\"og:type\" content=\"article\" \/>\n<meta property=\"og:title\" content=\"Inteligencia artificial y el fin del mundo - Iglesia Adventista del S\u00e9ptimo D\u00eda - Divisi\u00f3n Interamericana\" \/>\n<meta property=\"og:description\" content=\"\u00bfFiasco, o propia arma del diablo? 28 de abril de 2026 | Silver Spring, Maryland, Estados Unidos | Shane Anderson \u201c\u2026Muchos correr\u00e1n de un lado para otro, y se incrementar\u00e1...\" \/>\n<meta property=\"og:url\" content=\"https:\/\/interamerica.org\/es\/2026\/04\/inteligencia-artificial-y-el-fin-del-mundo\/\" \/>\n<meta property=\"og:site_name\" content=\"Iglesia Adventista del S\u00e9ptimo D\u00eda - Divisi\u00f3n Interamericana\" \/>\n<meta property=\"article:published_time\" content=\"2026-04-28T19:26:11+00:00\" \/>\n<meta property=\"article:modified_time\" content=\"2026-04-30T03:30:09+00:00\" \/>\n<meta property=\"og:image\" content=\"https:\/\/interamerica.org\/wp-content\/uploads\/2026\/04\/aerps-com-p5sgqnt-aj8-unsplash.jpg\" \/>\n\t<meta property=\"og:image:width\" content=\"1280\" \/>\n\t<meta property=\"og:image:height\" content=\"800\" \/>\n\t<meta property=\"og:image:type\" content=\"image\/jpeg\" \/>\n<meta name=\"author\" content=\"libna\" \/>\n<meta name=\"twitter:card\" content=\"summary_large_image\" \/>\n<meta name=\"twitter:label1\" content=\"Escrito por\" \/>\n\t<meta name=\"twitter:data1\" content=\"libna\" \/>\n\t<meta name=\"twitter:label2\" content=\"Tiempo de lectura\" \/>\n\t<meta name=\"twitter:data2\" content=\"9 minutos\" \/>\n<script type=\"application\/ld+json\" class=\"yoast-schema-graph\">{\"@context\":\"https:\\\/\\\/schema.org\",\"@graph\":[{\"@type\":\"Article\",\"@id\":\"https:\\\/\\\/interamerica.org\\\/es\\\/2026\\\/04\\\/inteligencia-artificial-y-el-fin-del-mundo\\\/#article\",\"isPartOf\":{\"@id\":\"https:\\\/\\\/interamerica.org\\\/es\\\/2026\\\/04\\\/inteligencia-artificial-y-el-fin-del-mundo\\\/\"},\"author\":{\"name\":\"libna\",\"@id\":\"https:\\\/\\\/interamerica.org\\\/es\\\/#\\\/schema\\\/person\\\/29998f2bc2d8bd0d38662909289b54f1\"},\"headline\":\"Inteligencia artificial y el fin del mundo\",\"datePublished\":\"2026-04-28T19:26:11+00:00\",\"dateModified\":\"2026-04-30T03:30:09+00:00\",\"mainEntityOfPage\":{\"@id\":\"https:\\\/\\\/interamerica.org\\\/es\\\/2026\\\/04\\\/inteligencia-artificial-y-el-fin-del-mundo\\\/\"},\"wordCount\":1995,\"image\":{\"@id\":\"https:\\\/\\\/interamerica.org\\\/es\\\/2026\\\/04\\\/inteligencia-artificial-y-el-fin-del-mundo\\\/#primaryimage\"},\"thumbnailUrl\":\"https:\\\/\\\/interamerica.org\\\/wp-content\\\/uploads\\\/2026\\\/04\\\/aerps-com-p5sgqnt-aj8-unsplash.jpg\",\"articleSection\":[\"Desde la iglesia mundial\",\"RSS Espa\u00f1ol\"],\"inLanguage\":\"es\"},{\"@type\":\"WebPage\",\"@id\":\"https:\\\/\\\/interamerica.org\\\/es\\\/2026\\\/04\\\/inteligencia-artificial-y-el-fin-del-mundo\\\/\",\"url\":\"https:\\\/\\\/interamerica.org\\\/es\\\/2026\\\/04\\\/inteligencia-artificial-y-el-fin-del-mundo\\\/\",\"name\":\"Inteligencia artificial y el fin del mundo - Iglesia Adventista del S\u00e9ptimo D\u00eda - Divisi\u00f3n Interamericana\",\"isPartOf\":{\"@id\":\"https:\\\/\\\/interamerica.org\\\/es\\\/#website\"},\"primaryImageOfPage\":{\"@id\":\"https:\\\/\\\/interamerica.org\\\/es\\\/2026\\\/04\\\/inteligencia-artificial-y-el-fin-del-mundo\\\/#primaryimage\"},\"image\":{\"@id\":\"https:\\\/\\\/interamerica.org\\\/es\\\/2026\\\/04\\\/inteligencia-artificial-y-el-fin-del-mundo\\\/#primaryimage\"},\"thumbnailUrl\":\"https:\\\/\\\/interamerica.org\\\/wp-content\\\/uploads\\\/2026\\\/04\\\/aerps-com-p5sgqnt-aj8-unsplash.jpg\",\"datePublished\":\"2026-04-28T19:26:11+00:00\",\"dateModified\":\"2026-04-30T03:30:09+00:00\",\"author\":{\"@id\":\"https:\\\/\\\/interamerica.org\\\/es\\\/#\\\/schema\\\/person\\\/29998f2bc2d8bd0d38662909289b54f1\"},\"breadcrumb\":{\"@id\":\"https:\\\/\\\/interamerica.org\\\/es\\\/2026\\\/04\\\/inteligencia-artificial-y-el-fin-del-mundo\\\/#breadcrumb\"},\"inLanguage\":\"es\",\"potentialAction\":[{\"@type\":\"ReadAction\",\"target\":[\"https:\\\/\\\/interamerica.org\\\/es\\\/2026\\\/04\\\/inteligencia-artificial-y-el-fin-del-mundo\\\/\"]}]},{\"@type\":\"ImageObject\",\"inLanguage\":\"es\",\"@id\":\"https:\\\/\\\/interamerica.org\\\/es\\\/2026\\\/04\\\/inteligencia-artificial-y-el-fin-del-mundo\\\/#primaryimage\",\"url\":\"https:\\\/\\\/interamerica.org\\\/wp-content\\\/uploads\\\/2026\\\/04\\\/aerps-com-p5sgqnt-aj8-unsplash.jpg\",\"contentUrl\":\"https:\\\/\\\/interamerica.org\\\/wp-content\\\/uploads\\\/2026\\\/04\\\/aerps-com-p5sgqnt-aj8-unsplash.jpg\",\"width\":1280,\"height\":800,\"caption\":\"[Imagen: Unsplash]\"},{\"@type\":\"BreadcrumbList\",\"@id\":\"https:\\\/\\\/interamerica.org\\\/es\\\/2026\\\/04\\\/inteligencia-artificial-y-el-fin-del-mundo\\\/#breadcrumb\",\"itemListElement\":[{\"@type\":\"ListItem\",\"position\":1,\"name\":\"Home\",\"item\":\"https:\\\/\\\/interamerica.org\\\/es\\\/\"},{\"@type\":\"ListItem\",\"position\":2,\"name\":\"Inteligencia artificial y el fin del mundo\"}]},{\"@type\":\"WebSite\",\"@id\":\"https:\\\/\\\/interamerica.org\\\/es\\\/#website\",\"url\":\"https:\\\/\\\/interamerica.org\\\/es\\\/\",\"name\":\"Iglesia Adventista del S\u00e9ptimo D\u00eda - Divisi\u00f3n Interamericana\",\"description\":\"\",\"potentialAction\":[{\"@type\":\"SearchAction\",\"target\":{\"@type\":\"EntryPoint\",\"urlTemplate\":\"https:\\\/\\\/interamerica.org\\\/es\\\/?s={search_term_string}\"},\"query-input\":{\"@type\":\"PropertyValueSpecification\",\"valueRequired\":true,\"valueName\":\"search_term_string\"}}],\"inLanguage\":\"es\"},{\"@type\":\"Person\",\"@id\":\"https:\\\/\\\/interamerica.org\\\/es\\\/#\\\/schema\\\/person\\\/29998f2bc2d8bd0d38662909289b54f1\",\"name\":\"libna\",\"image\":{\"@type\":\"ImageObject\",\"inLanguage\":\"es\",\"@id\":\"https:\\\/\\\/secure.gravatar.com\\\/avatar\\\/7c5bd30ae4b47a9ba3c856590957fd1d96dc588bf3ac05719d247e126840331f?s=96&d=mm&r=g\",\"url\":\"https:\\\/\\\/secure.gravatar.com\\\/avatar\\\/7c5bd30ae4b47a9ba3c856590957fd1d96dc588bf3ac05719d247e126840331f?s=96&d=mm&r=g\",\"contentUrl\":\"https:\\\/\\\/secure.gravatar.com\\\/avatar\\\/7c5bd30ae4b47a9ba3c856590957fd1d96dc588bf3ac05719d247e126840331f?s=96&d=mm&r=g\",\"caption\":\"libna\"}}]}<\/script>\n<!-- \/ Yoast SEO plugin. -->","yoast_head_json":{"title":"Inteligencia artificial y el fin del mundo - Iglesia Adventista del S\u00e9ptimo D\u00eda - Divisi\u00f3n Interamericana","robots":{"index":"index","follow":"follow","max-snippet":"max-snippet:-1","max-image-preview":"max-image-preview:large","max-video-preview":"max-video-preview:-1"},"canonical":"https:\/\/interamerica.org\/es\/2026\/04\/inteligencia-artificial-y-el-fin-del-mundo\/","og_locale":"es_ES","og_type":"article","og_title":"Inteligencia artificial y el fin del mundo - Iglesia Adventista del S\u00e9ptimo D\u00eda - Divisi\u00f3n Interamericana","og_description":"\u00bfFiasco, o propia arma del diablo? 28 de abril de 2026 | Silver Spring, Maryland, Estados Unidos | Shane Anderson \u201c\u2026Muchos correr\u00e1n de un lado para otro, y se incrementar\u00e1...","og_url":"https:\/\/interamerica.org\/es\/2026\/04\/inteligencia-artificial-y-el-fin-del-mundo\/","og_site_name":"Iglesia Adventista del S\u00e9ptimo D\u00eda - Divisi\u00f3n Interamericana","article_published_time":"2026-04-28T19:26:11+00:00","article_modified_time":"2026-04-30T03:30:09+00:00","og_image":[{"width":1280,"height":800,"url":"https:\/\/interamerica.org\/wp-content\/uploads\/2026\/04\/aerps-com-p5sgqnt-aj8-unsplash.jpg","type":"image\/jpeg"}],"author":"libna","twitter_card":"summary_large_image","twitter_misc":{"Escrito por":"libna","Tiempo de lectura":"9 minutos"},"schema":{"@context":"https:\/\/schema.org","@graph":[{"@type":"Article","@id":"https:\/\/interamerica.org\/es\/2026\/04\/inteligencia-artificial-y-el-fin-del-mundo\/#article","isPartOf":{"@id":"https:\/\/interamerica.org\/es\/2026\/04\/inteligencia-artificial-y-el-fin-del-mundo\/"},"author":{"name":"libna","@id":"https:\/\/interamerica.org\/es\/#\/schema\/person\/29998f2bc2d8bd0d38662909289b54f1"},"headline":"Inteligencia artificial y el fin del mundo","datePublished":"2026-04-28T19:26:11+00:00","dateModified":"2026-04-30T03:30:09+00:00","mainEntityOfPage":{"@id":"https:\/\/interamerica.org\/es\/2026\/04\/inteligencia-artificial-y-el-fin-del-mundo\/"},"wordCount":1995,"image":{"@id":"https:\/\/interamerica.org\/es\/2026\/04\/inteligencia-artificial-y-el-fin-del-mundo\/#primaryimage"},"thumbnailUrl":"https:\/\/interamerica.org\/wp-content\/uploads\/2026\/04\/aerps-com-p5sgqnt-aj8-unsplash.jpg","articleSection":["Desde la iglesia mundial","RSS Espa\u00f1ol"],"inLanguage":"es"},{"@type":"WebPage","@id":"https:\/\/interamerica.org\/es\/2026\/04\/inteligencia-artificial-y-el-fin-del-mundo\/","url":"https:\/\/interamerica.org\/es\/2026\/04\/inteligencia-artificial-y-el-fin-del-mundo\/","name":"Inteligencia artificial y el fin del mundo - Iglesia Adventista del S\u00e9ptimo D\u00eda - Divisi\u00f3n Interamericana","isPartOf":{"@id":"https:\/\/interamerica.org\/es\/#website"},"primaryImageOfPage":{"@id":"https:\/\/interamerica.org\/es\/2026\/04\/inteligencia-artificial-y-el-fin-del-mundo\/#primaryimage"},"image":{"@id":"https:\/\/interamerica.org\/es\/2026\/04\/inteligencia-artificial-y-el-fin-del-mundo\/#primaryimage"},"thumbnailUrl":"https:\/\/interamerica.org\/wp-content\/uploads\/2026\/04\/aerps-com-p5sgqnt-aj8-unsplash.jpg","datePublished":"2026-04-28T19:26:11+00:00","dateModified":"2026-04-30T03:30:09+00:00","author":{"@id":"https:\/\/interamerica.org\/es\/#\/schema\/person\/29998f2bc2d8bd0d38662909289b54f1"},"breadcrumb":{"@id":"https:\/\/interamerica.org\/es\/2026\/04\/inteligencia-artificial-y-el-fin-del-mundo\/#breadcrumb"},"inLanguage":"es","potentialAction":[{"@type":"ReadAction","target":["https:\/\/interamerica.org\/es\/2026\/04\/inteligencia-artificial-y-el-fin-del-mundo\/"]}]},{"@type":"ImageObject","inLanguage":"es","@id":"https:\/\/interamerica.org\/es\/2026\/04\/inteligencia-artificial-y-el-fin-del-mundo\/#primaryimage","url":"https:\/\/interamerica.org\/wp-content\/uploads\/2026\/04\/aerps-com-p5sgqnt-aj8-unsplash.jpg","contentUrl":"https:\/\/interamerica.org\/wp-content\/uploads\/2026\/04\/aerps-com-p5sgqnt-aj8-unsplash.jpg","width":1280,"height":800,"caption":"[Imagen: Unsplash]"},{"@type":"BreadcrumbList","@id":"https:\/\/interamerica.org\/es\/2026\/04\/inteligencia-artificial-y-el-fin-del-mundo\/#breadcrumb","itemListElement":[{"@type":"ListItem","position":1,"name":"Home","item":"https:\/\/interamerica.org\/es\/"},{"@type":"ListItem","position":2,"name":"Inteligencia artificial y el fin del mundo"}]},{"@type":"WebSite","@id":"https:\/\/interamerica.org\/es\/#website","url":"https:\/\/interamerica.org\/es\/","name":"Iglesia Adventista del S\u00e9ptimo D\u00eda - Divisi\u00f3n Interamericana","description":"","potentialAction":[{"@type":"SearchAction","target":{"@type":"EntryPoint","urlTemplate":"https:\/\/interamerica.org\/es\/?s={search_term_string}"},"query-input":{"@type":"PropertyValueSpecification","valueRequired":true,"valueName":"search_term_string"}}],"inLanguage":"es"},{"@type":"Person","@id":"https:\/\/interamerica.org\/es\/#\/schema\/person\/29998f2bc2d8bd0d38662909289b54f1","name":"libna","image":{"@type":"ImageObject","inLanguage":"es","@id":"https:\/\/secure.gravatar.com\/avatar\/7c5bd30ae4b47a9ba3c856590957fd1d96dc588bf3ac05719d247e126840331f?s=96&d=mm&r=g","url":"https:\/\/secure.gravatar.com\/avatar\/7c5bd30ae4b47a9ba3c856590957fd1d96dc588bf3ac05719d247e126840331f?s=96&d=mm&r=g","contentUrl":"https:\/\/secure.gravatar.com\/avatar\/7c5bd30ae4b47a9ba3c856590957fd1d96dc588bf3ac05719d247e126840331f?s=96&d=mm&r=g","caption":"libna"}}]}},"_links":{"self":[{"href":"https:\/\/interamerica.org\/es\/wp-json\/wp\/v2\/posts\/142394","targetHints":{"allow":["GET"]}}],"collection":[{"href":"https:\/\/interamerica.org\/es\/wp-json\/wp\/v2\/posts"}],"about":[{"href":"https:\/\/interamerica.org\/es\/wp-json\/wp\/v2\/types\/post"}],"author":[{"embeddable":true,"href":"https:\/\/interamerica.org\/es\/wp-json\/wp\/v2\/users\/3"}],"replies":[{"embeddable":true,"href":"https:\/\/interamerica.org\/es\/wp-json\/wp\/v2\/comments?post=142394"}],"version-history":[{"count":1,"href":"https:\/\/interamerica.org\/es\/wp-json\/wp\/v2\/posts\/142394\/revisions"}],"predecessor-version":[{"id":142493,"href":"https:\/\/interamerica.org\/es\/wp-json\/wp\/v2\/posts\/142394\/revisions\/142493"}],"wp:featuredmedia":[{"embeddable":true,"href":"https:\/\/interamerica.org\/es\/wp-json\/wp\/v2\/media\/142395"}],"wp:attachment":[{"href":"https:\/\/interamerica.org\/es\/wp-json\/wp\/v2\/media?parent=142394"}],"wp:term":[{"taxonomy":"category","embeddable":true,"href":"https:\/\/interamerica.org\/es\/wp-json\/wp\/v2\/categories?post=142394"},{"taxonomy":"post_tag","embeddable":true,"href":"https:\/\/interamerica.org\/es\/wp-json\/wp\/v2\/tags?post=142394"}],"curies":[{"name":"wp","href":"https:\/\/api.w.org\/{rel}","templated":true}]}}