{"id":142450,"date":"2026-04-29T15:22:35","date_gmt":"2026-04-29T19:22:35","guid":{"rendered":"https:\/\/interamerica.org\/?p=142450"},"modified":"2026-04-29T23:28:23","modified_gmt":"2026-04-30T03:28:23","slug":"alimentos-saludables-alimentan-a-cientos-de-reclutas-marineros-de-la-armada-argentina","status":"publish","type":"post","link":"https:\/\/interamerica.org\/es\/2026\/04\/alimentos-saludables-alimentan-a-cientos-de-reclutas-marineros-de-la-armada-argentina\/","title":{"rendered":"Alimentos saludables alimentan a cientos de reclutas marineros de la Armada Argentina"},"content":{"rendered":"<p class=\"c-post-header__subtitle\"><em>Traves\u00eda de seis meses incluye galletas dulces y saladas y cereales producidos por la f\u00e1brica adventista.<\/em><\/p>\n<p>29 de abril de 2026 | Argentina | Alimentos Gr\u00e1nix, Noticias de la Divisi\u00f3n Sudamericana, y <em>Adventist Review<\/em><\/p>\n<p>Por segundo a\u00f1o consecutivo, <a href=\"https:\/\/granix.com.ar\/\" target=\"_blank\" rel=\"noopener\">Granix<\/a>, la f\u00e1brica adventista de alimentos en Argentina, suministr\u00f3 opciones de alimentos saludables a cientos de reclutas de la Armada Argentina. M\u00e1s de 280 instructores y reclutas de la Armada a bordo de la fragata ARA <em>Libertad<\/em> zarparon el 11 de abril para una expedici\u00f3n de entrenamiento de seis meses. Se espera que el viaje de entrenamiento los lleve por varios puertos de Sudam\u00e9rica, Am\u00e9rica Central y Norteam\u00e9rica, lo que incluye destinos en Brasil, Jamaica, Puerto Rico y Estados Unidos.<\/p>\n<p>El grupo incluye guardiamarinas que se encuentran en la fase final de su formaci\u00f3n en la Escuela Naval y se preparan para convertirse en futuros oficiales de la Armada Argentina. En ese contexto, Alimentos Granix les proporcion\u00f3 alimentos que incluyen galletas saludables dulces y saladas y cereales para el desayuno, seg\u00fan informaron hace poco los directivos de la empresa. \u201cEn el desayuno o en la merienda, Granix formar\u00e1 parte de la rutina de todos los que participen en este entrenamiento internacional de seis meses\u201d, contaron los directivos de la compa\u00f1\u00eda justo antes de que la fragata zarpara.<\/p>\n<p><div id=\"attachment_142451\" style=\"width: 910px\" class=\"wp-caption aligncenter\"><img fetchpriority=\"high\" decoding=\"async\" aria-describedby=\"caption-attachment-142451\" class=\" wp-image-142443\" src=\"https:\/\/interamerica.org\/wp-content\/uploads\/2026\/04\/granix-1-15-1200x0-c-default-1024x683.jpg\" alt=\"\" width=\"900\" height=\"600\" srcset=\"https:\/\/interamerica.org\/wp-content\/uploads\/2026\/04\/granix-1-15-1200x0-c-default-1024x683.jpg 1024w, https:\/\/interamerica.org\/wp-content\/uploads\/2026\/04\/granix-1-15-1200x0-c-default-300x200.jpg 300w, https:\/\/interamerica.org\/wp-content\/uploads\/2026\/04\/granix-1-15-1200x0-c-default-768x512.jpg 768w, https:\/\/interamerica.org\/wp-content\/uploads\/2026\/04\/granix-1-15-1200x0-c-default.jpg 1200w\" sizes=\"(max-width: 900px) 100vw, 900px\" \/><p id=\"caption-attachment-142451\" class=\"wp-caption-text\">El viaje de entrenamiento de seis meses de 2026 de la fragata ARA Libertad de la Armada Argentina incluye opciones de alimentaci\u00f3n saludable de Granix para fomentar la buena salud entre sus instructores y aspirantes. [Fotograf\u00eda: Granix]<\/p><\/div><strong>Buenos alimentos con un mensaje<\/strong><\/p>\n<p>La presencia de alimentos saludables en este entorno est\u00e1 alineada con una visi\u00f3n integral de la salud y el bienestar, seg\u00fan los responsables de Granix. \u201cEn l\u00ednea con los principios promovidos por la Iglesia Adventista, cuidar del cuerpo forma parte de una comprensi\u00f3n m\u00e1s amplia de la vida, donde las decisiones cotidianas reflejan valores y convicciones\u201d, explicaron.<\/p>\n<p>Junto con la comida, se distribuyeron libros espirituales a instructores y reclutas como parte de su experiencia a bordo, con la esperanza de que puedan ayudarles a reflexionar y crecer espiritualmente durante la larga traves\u00eda. \u201cNuestro objetivo es cuidarlos no solo f\u00edsicamente, sino tambi\u00e9n espiritualmente\u201d, informaron los directivos.<\/p>\n<p><div id=\"attachment_142444\" style=\"width: 893px\" class=\"wp-caption aligncenter\"><img decoding=\"async\" aria-describedby=\"caption-attachment-142444\" class=\" wp-image-142444\" src=\"https:\/\/interamerica.org\/wp-content\/uploads\/2026\/04\/granix-2-13.jpg\" alt=\"\" width=\"883\" height=\"589\" srcset=\"https:\/\/interamerica.org\/wp-content\/uploads\/2026\/04\/granix-2-13.jpg 1000w, https:\/\/interamerica.org\/wp-content\/uploads\/2026\/04\/granix-2-13-300x200.jpg 300w, https:\/\/interamerica.org\/wp-content\/uploads\/2026\/04\/granix-2-13-768x512.jpg 768w\" sizes=\"(max-width: 883px) 100vw, 883px\" \/><p id=\"caption-attachment-142444\" class=\"wp-caption-text\">Los productos Granix forman parte de las opciones diarias de alimentos saludables de los reclutas que navegan en la fragata ARA Libertad de la Armada Argentina. [Fotograf\u00eda: Granix]<\/p><\/div>La teniente de nav\u00edo Vanina Martin, que es jefa de Carga, Servicios y Almac\u00e9n del buque, dijo valorar la colaboraci\u00f3n entre la empresa adventista de alimentos y la Armada. \u201cEsta iniciativa nos ha permitido disfrutar de opciones saludables que se incluir\u00e1n en nuestros desayunos y meriendas. Tambi\u00e9n es una forma de compartir comida de alta calidad de Argentina con el mundo\u201d, afirm\u00f3.<\/p>\n<p><strong>Una capacitaci\u00f3n con prop\u00f3sito<\/strong><\/p>\n<p>La fragata <em>Libertad<\/em> ha desempe\u00f1ado un papel central en el entrenamiento naval durante d\u00e9cadas. Desde su puesta en servicio en 1963 como barco escuela de vela de casco de acero y aparejo completo, ha completado decenas de viajes alrededor del mundo.<\/p>\n<p>El buque se ha convertido en un s\u00edmbolo de aprendizaje, disciplina y presencia nacional en los puertos donde hace escala, informaron funcionarios de la Armada. \u201cCada viaje no solo implica formaci\u00f3n acad\u00e9mica y profesional, sino tambi\u00e9n una experiencia humana que fortalece valores como la responsabilidad, el trabajo en equipo y el compromiso de servir\u201d, afirmaron.<\/p>\n<p><div id=\"attachment_142445\" style=\"width: 862px\" class=\"wp-caption aligncenter\"><img decoding=\"async\" aria-describedby=\"caption-attachment-142445\" class=\" wp-image-142445\" src=\"https:\/\/interamerica.org\/wp-content\/uploads\/2026\/04\/granix-3-9.jpg\" alt=\"\" width=\"852\" height=\"568\" srcset=\"https:\/\/interamerica.org\/wp-content\/uploads\/2026\/04\/granix-3-9.jpg 1000w, https:\/\/interamerica.org\/wp-content\/uploads\/2026\/04\/granix-3-9-300x200.jpg 300w, https:\/\/interamerica.org\/wp-content\/uploads\/2026\/04\/granix-3-9-768x512.jpg 768w\" sizes=\"(max-width: 852px) 100vw, 852px\" \/><p id=\"caption-attachment-142445\" class=\"wp-caption-text\">Una tripulaci\u00f3n de m\u00e1s de 280 instructores y reclutas est\u00e1 disfrutando de galletas dulces y saladas y cereales de la f\u00e1brica adventista durante su traves\u00eda de seis meses. [Fotograf\u00eda: Granix]<\/p><\/div>Seg\u00fan los responsables de Granix, ayudar esta iniciativa est\u00e1 marcando la diferencia para el futuro. \u201cTambi\u00e9n es una forma de entender la salud humana basada en el equilibrio, la responsabilidad y el cuidado de la vida\u201d, informaron. \u201cSe espera que en cada puerto, a bordo en alta mar y en cada elecci\u00f3n diaria, los participantes disfruten de alimentos saludables y opciones de desarrollo espiritual como oportunidades concretas de acompa\u00f1ar, sostener y promover valores\u201d.<\/p>\n<p><em>La <\/em><a href=\"https:\/\/noticias.adventistas.org\/es\/de-argentina-al-mundo-granix-aporta-alimentos-saludables-en-la-travesia-de-la-fragata-libertad\/\" target=\"_blank\" rel=\"noopener\"><em>versi\u00f3n original<\/em><\/a><em> de esta noticia fue publicada en el <\/em><a href=\"https:\/\/noticias.adventistas.org\/es\" target=\"_blank\" rel=\"noopener\"><em>sitio de noticias en espa\u00f1ol <\/em>de la Divisi\u00f3n Sudamericana<\/a><em>.<\/em><\/p>\n<p>Traducci\u00f3n de Marcos Paseggi<\/p>\n","protected":false},"excerpt":{"rendered":"<p>Traves\u00eda de seis meses incluye galletas dulces y saladas y cereales producidos por la f\u00e1brica adventista. 29 de abril de 2026 | Argentina | Alimentos Gr\u00e1nix, Noticias de la Divisi\u00f3n&#8230;<\/p>\n","protected":false},"author":3,"featured_media":142451,"comment_status":"closed","ping_status":"closed","sticky":false,"template":"","format":"standard","meta":{"_acf_changed":false,"footnotes":""},"categories":[14,15],"tags":[],"class_list":["post-142450","post","type-post","status-publish","format-standard","has-post-thumbnail","hentry","category-de-la-iglesia-mundial","category-rss-espanol"],"acf":[],"yoast_head":"<!-- This site is optimized with the Yoast SEO plugin v27.3 - https:\/\/yoast.com\/product\/yoast-seo-wordpress\/ -->\n<title>Alimentos saludables alimentan a cientos de reclutas marineros de la Armada Argentina - Iglesia Adventista del S\u00e9ptimo D\u00eda - Divisi\u00f3n Interamericana<\/title>\n<meta name=\"robots\" content=\"index, follow, max-snippet:-1, max-image-preview:large, max-video-preview:-1\" \/>\n<link rel=\"canonical\" href=\"https:\/\/interamerica.org\/es\/2026\/04\/alimentos-saludables-alimentan-a-cientos-de-reclutas-marineros-de-la-armada-argentina\/\" \/>\n<meta property=\"og:locale\" content=\"es_ES\" \/>\n<meta property=\"og:type\" content=\"article\" \/>\n<meta property=\"og:title\" content=\"Alimentos saludables alimentan a cientos de reclutas marineros de la Armada Argentina - Iglesia Adventista del S\u00e9ptimo D\u00eda - Divisi\u00f3n Interamericana\" \/>\n<meta property=\"og:description\" content=\"Traves\u00eda de seis meses incluye galletas dulces y saladas y cereales producidos por la f\u00e1brica adventista. 29 de abril de 2026 | Argentina | Alimentos Gr\u00e1nix, Noticias de la Divisi\u00f3n...\" \/>\n<meta property=\"og:url\" content=\"https:\/\/interamerica.org\/es\/2026\/04\/alimentos-saludables-alimentan-a-cientos-de-reclutas-marineros-de-la-armada-argentina\/\" \/>\n<meta property=\"og:site_name\" content=\"Iglesia Adventista del S\u00e9ptimo D\u00eda - Divisi\u00f3n Interamericana\" \/>\n<meta property=\"article:published_time\" content=\"2026-04-29T19:22:35+00:00\" \/>\n<meta property=\"article:modified_time\" content=\"2026-04-30T03:28:23+00:00\" \/>\n<meta property=\"og:image\" content=\"https:\/\/interamerica.org\/wp-content\/uploads\/2026\/04\/granix-1-15-1200x0-c-default.jpg\" \/>\n\t<meta property=\"og:image:width\" content=\"1200\" \/>\n\t<meta property=\"og:image:height\" content=\"800\" \/>\n\t<meta property=\"og:image:type\" content=\"image\/jpeg\" \/>\n<meta name=\"author\" content=\"libna\" \/>\n<meta name=\"twitter:card\" content=\"summary_large_image\" \/>\n<meta name=\"twitter:label1\" content=\"Escrito por\" \/>\n\t<meta name=\"twitter:data1\" content=\"libna\" \/>\n\t<meta name=\"twitter:label2\" content=\"Tiempo de lectura\" \/>\n\t<meta name=\"twitter:data2\" content=\"4 minutos\" \/>\n<script type=\"application\/ld+json\" class=\"yoast-schema-graph\">{\"@context\":\"https:\\\/\\\/schema.org\",\"@graph\":[{\"@type\":\"Article\",\"@id\":\"https:\\\/\\\/interamerica.org\\\/es\\\/2026\\\/04\\\/alimentos-saludables-alimentan-a-cientos-de-reclutas-marineros-de-la-armada-argentina\\\/#article\",\"isPartOf\":{\"@id\":\"https:\\\/\\\/interamerica.org\\\/es\\\/2026\\\/04\\\/alimentos-saludables-alimentan-a-cientos-de-reclutas-marineros-de-la-armada-argentina\\\/\"},\"author\":{\"name\":\"libna\",\"@id\":\"https:\\\/\\\/interamerica.org\\\/es\\\/#\\\/schema\\\/person\\\/29998f2bc2d8bd0d38662909289b54f1\"},\"headline\":\"Alimentos saludables alimentan a cientos de reclutas marineros de la Armada Argentina\",\"datePublished\":\"2026-04-29T19:22:35+00:00\",\"dateModified\":\"2026-04-30T03:28:23+00:00\",\"mainEntityOfPage\":{\"@id\":\"https:\\\/\\\/interamerica.org\\\/es\\\/2026\\\/04\\\/alimentos-saludables-alimentan-a-cientos-de-reclutas-marineros-de-la-armada-argentina\\\/\"},\"wordCount\":753,\"image\":{\"@id\":\"https:\\\/\\\/interamerica.org\\\/es\\\/2026\\\/04\\\/alimentos-saludables-alimentan-a-cientos-de-reclutas-marineros-de-la-armada-argentina\\\/#primaryimage\"},\"thumbnailUrl\":\"https:\\\/\\\/interamerica.org\\\/wp-content\\\/uploads\\\/2026\\\/04\\\/granix-1-15-1200x0-c-default.jpg\",\"articleSection\":[\"Desde la iglesia mundial\",\"RSS Espa\u00f1ol\"],\"inLanguage\":\"es\"},{\"@type\":\"WebPage\",\"@id\":\"https:\\\/\\\/interamerica.org\\\/es\\\/2026\\\/04\\\/alimentos-saludables-alimentan-a-cientos-de-reclutas-marineros-de-la-armada-argentina\\\/\",\"url\":\"https:\\\/\\\/interamerica.org\\\/es\\\/2026\\\/04\\\/alimentos-saludables-alimentan-a-cientos-de-reclutas-marineros-de-la-armada-argentina\\\/\",\"name\":\"Alimentos saludables alimentan a cientos de reclutas marineros de la Armada Argentina - Iglesia Adventista del S\u00e9ptimo D\u00eda - Divisi\u00f3n Interamericana\",\"isPartOf\":{\"@id\":\"https:\\\/\\\/interamerica.org\\\/es\\\/#website\"},\"primaryImageOfPage\":{\"@id\":\"https:\\\/\\\/interamerica.org\\\/es\\\/2026\\\/04\\\/alimentos-saludables-alimentan-a-cientos-de-reclutas-marineros-de-la-armada-argentina\\\/#primaryimage\"},\"image\":{\"@id\":\"https:\\\/\\\/interamerica.org\\\/es\\\/2026\\\/04\\\/alimentos-saludables-alimentan-a-cientos-de-reclutas-marineros-de-la-armada-argentina\\\/#primaryimage\"},\"thumbnailUrl\":\"https:\\\/\\\/interamerica.org\\\/wp-content\\\/uploads\\\/2026\\\/04\\\/granix-1-15-1200x0-c-default.jpg\",\"datePublished\":\"2026-04-29T19:22:35+00:00\",\"dateModified\":\"2026-04-30T03:28:23+00:00\",\"author\":{\"@id\":\"https:\\\/\\\/interamerica.org\\\/es\\\/#\\\/schema\\\/person\\\/29998f2bc2d8bd0d38662909289b54f1\"},\"breadcrumb\":{\"@id\":\"https:\\\/\\\/interamerica.org\\\/es\\\/2026\\\/04\\\/alimentos-saludables-alimentan-a-cientos-de-reclutas-marineros-de-la-armada-argentina\\\/#breadcrumb\"},\"inLanguage\":\"es\",\"potentialAction\":[{\"@type\":\"ReadAction\",\"target\":[\"https:\\\/\\\/interamerica.org\\\/es\\\/2026\\\/04\\\/alimentos-saludables-alimentan-a-cientos-de-reclutas-marineros-de-la-armada-argentina\\\/\"]}]},{\"@type\":\"ImageObject\",\"inLanguage\":\"es\",\"@id\":\"https:\\\/\\\/interamerica.org\\\/es\\\/2026\\\/04\\\/alimentos-saludables-alimentan-a-cientos-de-reclutas-marineros-de-la-armada-argentina\\\/#primaryimage\",\"url\":\"https:\\\/\\\/interamerica.org\\\/wp-content\\\/uploads\\\/2026\\\/04\\\/granix-1-15-1200x0-c-default.jpg\",\"contentUrl\":\"https:\\\/\\\/interamerica.org\\\/wp-content\\\/uploads\\\/2026\\\/04\\\/granix-1-15-1200x0-c-default.jpg\",\"width\":1200,\"height\":800,\"caption\":\"El viaje de entrenamiento de seis meses de 2026 de la fragata ARA Libertad de la Armada Argentina incluye opciones de alimentaci\u00f3n saludable de Granix para fomentar la buena salud entre sus instructores y aspirantes. [Fotograf\u00eda: Granix]\"},{\"@type\":\"BreadcrumbList\",\"@id\":\"https:\\\/\\\/interamerica.org\\\/es\\\/2026\\\/04\\\/alimentos-saludables-alimentan-a-cientos-de-reclutas-marineros-de-la-armada-argentina\\\/#breadcrumb\",\"itemListElement\":[{\"@type\":\"ListItem\",\"position\":1,\"name\":\"Home\",\"item\":\"https:\\\/\\\/interamerica.org\\\/es\\\/\"},{\"@type\":\"ListItem\",\"position\":2,\"name\":\"Alimentos saludables alimentan a cientos de reclutas marineros de la Armada Argentina\"}]},{\"@type\":\"WebSite\",\"@id\":\"https:\\\/\\\/interamerica.org\\\/es\\\/#website\",\"url\":\"https:\\\/\\\/interamerica.org\\\/es\\\/\",\"name\":\"Iglesia Adventista del S\u00e9ptimo D\u00eda - Divisi\u00f3n Interamericana\",\"description\":\"\",\"potentialAction\":[{\"@type\":\"SearchAction\",\"target\":{\"@type\":\"EntryPoint\",\"urlTemplate\":\"https:\\\/\\\/interamerica.org\\\/es\\\/?s={search_term_string}\"},\"query-input\":{\"@type\":\"PropertyValueSpecification\",\"valueRequired\":true,\"valueName\":\"search_term_string\"}}],\"inLanguage\":\"es\"},{\"@type\":\"Person\",\"@id\":\"https:\\\/\\\/interamerica.org\\\/es\\\/#\\\/schema\\\/person\\\/29998f2bc2d8bd0d38662909289b54f1\",\"name\":\"libna\",\"image\":{\"@type\":\"ImageObject\",\"inLanguage\":\"es\",\"@id\":\"https:\\\/\\\/secure.gravatar.com\\\/avatar\\\/7c5bd30ae4b47a9ba3c856590957fd1d96dc588bf3ac05719d247e126840331f?s=96&d=mm&r=g\",\"url\":\"https:\\\/\\\/secure.gravatar.com\\\/avatar\\\/7c5bd30ae4b47a9ba3c856590957fd1d96dc588bf3ac05719d247e126840331f?s=96&d=mm&r=g\",\"contentUrl\":\"https:\\\/\\\/secure.gravatar.com\\\/avatar\\\/7c5bd30ae4b47a9ba3c856590957fd1d96dc588bf3ac05719d247e126840331f?s=96&d=mm&r=g\",\"caption\":\"libna\"}}]}<\/script>\n<!-- \/ Yoast SEO plugin. -->","yoast_head_json":{"title":"Alimentos saludables alimentan a cientos de reclutas marineros de la Armada Argentina - Iglesia Adventista del S\u00e9ptimo D\u00eda - Divisi\u00f3n Interamericana","robots":{"index":"index","follow":"follow","max-snippet":"max-snippet:-1","max-image-preview":"max-image-preview:large","max-video-preview":"max-video-preview:-1"},"canonical":"https:\/\/interamerica.org\/es\/2026\/04\/alimentos-saludables-alimentan-a-cientos-de-reclutas-marineros-de-la-armada-argentina\/","og_locale":"es_ES","og_type":"article","og_title":"Alimentos saludables alimentan a cientos de reclutas marineros de la Armada Argentina - Iglesia Adventista del S\u00e9ptimo D\u00eda - Divisi\u00f3n Interamericana","og_description":"Traves\u00eda de seis meses incluye galletas dulces y saladas y cereales producidos por la f\u00e1brica adventista. 29 de abril de 2026 | Argentina | Alimentos Gr\u00e1nix, Noticias de la Divisi\u00f3n...","og_url":"https:\/\/interamerica.org\/es\/2026\/04\/alimentos-saludables-alimentan-a-cientos-de-reclutas-marineros-de-la-armada-argentina\/","og_site_name":"Iglesia Adventista del S\u00e9ptimo D\u00eda - Divisi\u00f3n Interamericana","article_published_time":"2026-04-29T19:22:35+00:00","article_modified_time":"2026-04-30T03:28:23+00:00","og_image":[{"width":1200,"height":800,"url":"https:\/\/interamerica.org\/wp-content\/uploads\/2026\/04\/granix-1-15-1200x0-c-default.jpg","type":"image\/jpeg"}],"author":"libna","twitter_card":"summary_large_image","twitter_misc":{"Escrito por":"libna","Tiempo de lectura":"4 minutos"},"schema":{"@context":"https:\/\/schema.org","@graph":[{"@type":"Article","@id":"https:\/\/interamerica.org\/es\/2026\/04\/alimentos-saludables-alimentan-a-cientos-de-reclutas-marineros-de-la-armada-argentina\/#article","isPartOf":{"@id":"https:\/\/interamerica.org\/es\/2026\/04\/alimentos-saludables-alimentan-a-cientos-de-reclutas-marineros-de-la-armada-argentina\/"},"author":{"name":"libna","@id":"https:\/\/interamerica.org\/es\/#\/schema\/person\/29998f2bc2d8bd0d38662909289b54f1"},"headline":"Alimentos saludables alimentan a cientos de reclutas marineros de la Armada Argentina","datePublished":"2026-04-29T19:22:35+00:00","dateModified":"2026-04-30T03:28:23+00:00","mainEntityOfPage":{"@id":"https:\/\/interamerica.org\/es\/2026\/04\/alimentos-saludables-alimentan-a-cientos-de-reclutas-marineros-de-la-armada-argentina\/"},"wordCount":753,"image":{"@id":"https:\/\/interamerica.org\/es\/2026\/04\/alimentos-saludables-alimentan-a-cientos-de-reclutas-marineros-de-la-armada-argentina\/#primaryimage"},"thumbnailUrl":"https:\/\/interamerica.org\/wp-content\/uploads\/2026\/04\/granix-1-15-1200x0-c-default.jpg","articleSection":["Desde la iglesia mundial","RSS Espa\u00f1ol"],"inLanguage":"es"},{"@type":"WebPage","@id":"https:\/\/interamerica.org\/es\/2026\/04\/alimentos-saludables-alimentan-a-cientos-de-reclutas-marineros-de-la-armada-argentina\/","url":"https:\/\/interamerica.org\/es\/2026\/04\/alimentos-saludables-alimentan-a-cientos-de-reclutas-marineros-de-la-armada-argentina\/","name":"Alimentos saludables alimentan a cientos de reclutas marineros de la Armada Argentina - Iglesia Adventista del S\u00e9ptimo D\u00eda - Divisi\u00f3n Interamericana","isPartOf":{"@id":"https:\/\/interamerica.org\/es\/#website"},"primaryImageOfPage":{"@id":"https:\/\/interamerica.org\/es\/2026\/04\/alimentos-saludables-alimentan-a-cientos-de-reclutas-marineros-de-la-armada-argentina\/#primaryimage"},"image":{"@id":"https:\/\/interamerica.org\/es\/2026\/04\/alimentos-saludables-alimentan-a-cientos-de-reclutas-marineros-de-la-armada-argentina\/#primaryimage"},"thumbnailUrl":"https:\/\/interamerica.org\/wp-content\/uploads\/2026\/04\/granix-1-15-1200x0-c-default.jpg","datePublished":"2026-04-29T19:22:35+00:00","dateModified":"2026-04-30T03:28:23+00:00","author":{"@id":"https:\/\/interamerica.org\/es\/#\/schema\/person\/29998f2bc2d8bd0d38662909289b54f1"},"breadcrumb":{"@id":"https:\/\/interamerica.org\/es\/2026\/04\/alimentos-saludables-alimentan-a-cientos-de-reclutas-marineros-de-la-armada-argentina\/#breadcrumb"},"inLanguage":"es","potentialAction":[{"@type":"ReadAction","target":["https:\/\/interamerica.org\/es\/2026\/04\/alimentos-saludables-alimentan-a-cientos-de-reclutas-marineros-de-la-armada-argentina\/"]}]},{"@type":"ImageObject","inLanguage":"es","@id":"https:\/\/interamerica.org\/es\/2026\/04\/alimentos-saludables-alimentan-a-cientos-de-reclutas-marineros-de-la-armada-argentina\/#primaryimage","url":"https:\/\/interamerica.org\/wp-content\/uploads\/2026\/04\/granix-1-15-1200x0-c-default.jpg","contentUrl":"https:\/\/interamerica.org\/wp-content\/uploads\/2026\/04\/granix-1-15-1200x0-c-default.jpg","width":1200,"height":800,"caption":"El viaje de entrenamiento de seis meses de 2026 de la fragata ARA Libertad de la Armada Argentina incluye opciones de alimentaci\u00f3n saludable de Granix para fomentar la buena salud entre sus instructores y aspirantes. [Fotograf\u00eda: Granix]"},{"@type":"BreadcrumbList","@id":"https:\/\/interamerica.org\/es\/2026\/04\/alimentos-saludables-alimentan-a-cientos-de-reclutas-marineros-de-la-armada-argentina\/#breadcrumb","itemListElement":[{"@type":"ListItem","position":1,"name":"Home","item":"https:\/\/interamerica.org\/es\/"},{"@type":"ListItem","position":2,"name":"Alimentos saludables alimentan a cientos de reclutas marineros de la Armada Argentina"}]},{"@type":"WebSite","@id":"https:\/\/interamerica.org\/es\/#website","url":"https:\/\/interamerica.org\/es\/","name":"Iglesia Adventista del S\u00e9ptimo D\u00eda - Divisi\u00f3n Interamericana","description":"","potentialAction":[{"@type":"SearchAction","target":{"@type":"EntryPoint","urlTemplate":"https:\/\/interamerica.org\/es\/?s={search_term_string}"},"query-input":{"@type":"PropertyValueSpecification","valueRequired":true,"valueName":"search_term_string"}}],"inLanguage":"es"},{"@type":"Person","@id":"https:\/\/interamerica.org\/es\/#\/schema\/person\/29998f2bc2d8bd0d38662909289b54f1","name":"libna","image":{"@type":"ImageObject","inLanguage":"es","@id":"https:\/\/secure.gravatar.com\/avatar\/7c5bd30ae4b47a9ba3c856590957fd1d96dc588bf3ac05719d247e126840331f?s=96&d=mm&r=g","url":"https:\/\/secure.gravatar.com\/avatar\/7c5bd30ae4b47a9ba3c856590957fd1d96dc588bf3ac05719d247e126840331f?s=96&d=mm&r=g","contentUrl":"https:\/\/secure.gravatar.com\/avatar\/7c5bd30ae4b47a9ba3c856590957fd1d96dc588bf3ac05719d247e126840331f?s=96&d=mm&r=g","caption":"libna"}}]}},"_links":{"self":[{"href":"https:\/\/interamerica.org\/es\/wp-json\/wp\/v2\/posts\/142450","targetHints":{"allow":["GET"]}}],"collection":[{"href":"https:\/\/interamerica.org\/es\/wp-json\/wp\/v2\/posts"}],"about":[{"href":"https:\/\/interamerica.org\/es\/wp-json\/wp\/v2\/types\/post"}],"author":[{"embeddable":true,"href":"https:\/\/interamerica.org\/es\/wp-json\/wp\/v2\/users\/3"}],"replies":[{"embeddable":true,"href":"https:\/\/interamerica.org\/es\/wp-json\/wp\/v2\/comments?post=142450"}],"version-history":[{"count":2,"href":"https:\/\/interamerica.org\/es\/wp-json\/wp\/v2\/posts\/142450\/revisions"}],"predecessor-version":[{"id":142491,"href":"https:\/\/interamerica.org\/es\/wp-json\/wp\/v2\/posts\/142450\/revisions\/142491"}],"wp:featuredmedia":[{"embeddable":true,"href":"https:\/\/interamerica.org\/es\/wp-json\/wp\/v2\/media\/142451"}],"wp:attachment":[{"href":"https:\/\/interamerica.org\/es\/wp-json\/wp\/v2\/media?parent=142450"}],"wp:term":[{"taxonomy":"category","embeddable":true,"href":"https:\/\/interamerica.org\/es\/wp-json\/wp\/v2\/categories?post=142450"},{"taxonomy":"post_tag","embeddable":true,"href":"https:\/\/interamerica.org\/es\/wp-json\/wp\/v2\/tags?post=142450"}],"curies":[{"name":"wp","href":"https:\/\/api.w.org\/{rel}","templated":true}]}}