{"id":142484,"date":"2026-04-29T10:16:51","date_gmt":"2026-04-29T14:16:51","guid":{"rendered":"https:\/\/interamerica.org\/?p=142484"},"modified":"2026-04-29T23:26:48","modified_gmt":"2026-04-30T03:26:48","slug":"estudiantes-llevan-a-la-universidad-de-montemorelos-a-la-victoria-nacional-en-robotica","status":"publish","type":"post","link":"https:\/\/interamerica.org\/es\/2026\/04\/estudiantes-llevan-a-la-universidad-de-montemorelos-a-la-victoria-nacional-en-robotica\/","title":{"rendered":"Estudiantes llevan a la Universidad de Montemorelos a la victoria nacional en rob\u00f3tica"},"content":{"rendered":"<p data-start=\"496\" data-end=\"589\"><em>Robot dom\u00e9stico con inteligencia artificial destaca por su innovaci\u00f3n y trabajo en equipo<\/em><\/p>\n<p data-start=\"591\" data-end=\"696\">28 de abril de 2026 | Montemorelos, Nuevo Le\u00f3n, M\u00e9xico | Laura Marrero y equipo de noticias de la DIA<\/p>\n<p data-start=\"698\" data-end=\"993\">Estudiantes y docentes de la Universidad de Montemorelos\u2014una instituci\u00f3n adventista supervisada por la Divisi\u00f3n Interamericana\u2014obtuvieron el primer lugar nacional en la categor\u00eda RoboCup @Home Beginner durante el Torneo Mexicano de Rob\u00f3tica (TMR) 2026, realizado del 16 al 18 de abril en Puebla.<\/p>\n<p data-start=\"995\" data-end=\"1189\">El logro marca un hito significativo para la instituci\u00f3n, al obtener por primera vez el primer lugar en esta categor\u00eda, compitiendo frente a universidades con alto prestigio acad\u00e9mico en M\u00e9xico.<\/p>\n<div id=\"attachment_142485\" style=\"width: 924px\" class=\"wp-caption aligncenter\"><img fetchpriority=\"high\" decoding=\"async\" aria-describedby=\"caption-attachment-142485\" class=\"wp-image-142485 \" src=\"https:\/\/interamerica.org\/wp-content\/uploads\/2026\/04\/um-robotics-1img-qq2dhn7u5bxyfuwi-1280-1024x640.jpg\" alt=\"\" width=\"914\" height=\"571\" srcset=\"https:\/\/interamerica.org\/wp-content\/uploads\/2026\/04\/um-robotics-1img-qq2dhn7u5bxyfuwi-1280-1024x640.jpg 1024w, https:\/\/interamerica.org\/wp-content\/uploads\/2026\/04\/um-robotics-1img-qq2dhn7u5bxyfuwi-1280-300x188.jpg 300w, https:\/\/interamerica.org\/wp-content\/uploads\/2026\/04\/um-robotics-1img-qq2dhn7u5bxyfuwi-1280-768x480.jpg 768w, https:\/\/interamerica.org\/wp-content\/uploads\/2026\/04\/um-robotics-1img-qq2dhn7u5bxyfuwi-1280.jpg 1280w\" sizes=\"(max-width: 914px) 100vw, 914px\" \/><p id=\"caption-attachment-142485\" class=\"wp-caption-text\">Representantes estudiantiles de la Facultad de Ingenier\u00eda y Tecnolog\u00eda posan durante el torneo junto a Rub\u00e9n L\u00f3pez (al centro), docente y mentor del \u00e1rea de electr\u00f3nica. [Foto: Cortes\u00eda de la Facultad de Ingenier\u00eda y Tecnolog\u00eda]<\/p><\/div>\n<p data-start=\"1191\" data-end=\"1422\">El equipo present\u00f3 <strong data-start=\"1210\" data-end=\"1224\">Havva@home<\/strong>, un robot de servicio dom\u00e9stico basado en inteligencia artificial, capaz de desplazarse de manera aut\u00f3noma, reconocer comandos de voz, identificar objetos y manipularlos mediante un brazo rob\u00f3tico.<\/p>\n<p data-start=\"1424\" data-end=\"1593\">El sistema integra navegaci\u00f3n aut\u00f3noma, procesamiento de lenguaje natural y visi\u00f3n por computadora, lo que permite al robot ejecutar tareas complejas en entornos reales.<\/p>\n<p data-start=\"1595\" data-end=\"1989\">\u201cYo ten\u00eda que desarrollar toda la l\u00f3gica y la programaci\u00f3n para que el robot entendiera lo que el juez o yo le indic\u00e1bamos a trav\u00e9s del micr\u00f3fono, procesara ese mensaje, identificara tanto el objeto como la ubicaci\u00f3n y tambi\u00e9n generara una respuesta, lo que se conoce como voz a texto y texto a voz\u201d, explic\u00f3 Rafael P\u00e9rez, estudiante de sexto semestre de Ingenier\u00eda en Sistemas Computacionales.<\/p>\n<p data-start=\"1991\" data-end=\"2142\">El proyecto comenz\u00f3 en octubre de 2025 y reuni\u00f3 a estudiantes de distintas disciplinas que trabajaron durante varios meses fuera del horario de clases.<\/p>\n<div id=\"attachment_142481\" style=\"width: 915px\" class=\"wp-caption aligncenter\"><img decoding=\"async\" aria-describedby=\"caption-attachment-142481\" class=\" wp-image-142481\" src=\"https:\/\/interamerica.org\/wp-content\/uploads\/2026\/04\/um2-img-b65jmrft8vac2knz-1024x576.jpg\" alt=\"\" width=\"905\" height=\"509\" srcset=\"https:\/\/interamerica.org\/wp-content\/uploads\/2026\/04\/um2-img-b65jmrft8vac2knz-1024x576.jpg 1024w, https:\/\/interamerica.org\/wp-content\/uploads\/2026\/04\/um2-img-b65jmrft8vac2knz-300x169.jpg 300w, https:\/\/interamerica.org\/wp-content\/uploads\/2026\/04\/um2-img-b65jmrft8vac2knz-768x432.jpg 768w, https:\/\/interamerica.org\/wp-content\/uploads\/2026\/04\/um2-img-b65jmrft8vac2knz-1536x864.jpg 1536w, https:\/\/interamerica.org\/wp-content\/uploads\/2026\/04\/um2-img-b65jmrft8vac2knz.jpg 1920w\" sizes=\"(max-width: 905px) 100vw, 905px\" \/><p id=\"caption-attachment-142481\" class=\"wp-caption-text\">El equipo de ingenier\u00eda presenta <em data-start=\"35\" data-end=\"47\">Havva@home<\/em>, un robot de servicio dom\u00e9stico impulsado por inteligencia artificial, capaz de interactuar con los usuarios y realizar tareas en entornos reales. [Foto: Cortes\u00eda de la Facultad de Ingenier\u00eda y Tecnolog\u00eda]<\/p><\/div>\n<p data-start=\"2144\" data-end=\"2295\">\u201cDividimos las tareas en integraci\u00f3n de sistemas, navegaci\u00f3n, manipulaci\u00f3n y aprendizaje autom\u00e1tico\u201d, se\u00f1al\u00f3 Daniel Neri, docente y l\u00edder del proyecto.<\/p>\n<p data-start=\"2297\" data-end=\"2420\">La preparaci\u00f3n implic\u00f3 superar limitaciones t\u00e9cnicas y de recursos, adem\u00e1s de enfrentar una curva de aprendizaje acelerada.<\/p>\n<p data-start=\"2422\" data-end=\"2527\">\u201cEl mayor reto fue adentrarme en el mundo de ROS y Python para lograr lo que se requer\u00eda\u201d, coment\u00f3 P\u00e9rez.<\/p>\n<p data-start=\"2529\" data-end=\"2688\">A pesar de los desaf\u00edos, el equipo desarroll\u00f3 un s\u00f3lido trabajo interdisciplinario, en el que la integraci\u00f3n de sistemas fue clave para el desempe\u00f1o del robot.<\/p>\n<p data-start=\"2690\" data-end=\"2819\">M\u00e1s all\u00e1 del aspecto t\u00e9cnico, el equipo destac\u00f3 la experiencia formativa y los valores que busc\u00f3 reflejar durante la competencia.<\/p>\n<div id=\"attachment_142482\" style=\"width: 906px\" class=\"wp-caption aligncenter\"><img decoding=\"async\" aria-describedby=\"caption-attachment-142482\" class=\" wp-image-142482\" src=\"https:\/\/interamerica.org\/wp-content\/uploads\/2026\/04\/um-robotic-3-img-gldsb2o0kv8acuiq-1024x576.jpg\" alt=\"\" width=\"896\" height=\"504\" srcset=\"https:\/\/interamerica.org\/wp-content\/uploads\/2026\/04\/um-robotic-3-img-gldsb2o0kv8acuiq-1024x576.jpg 1024w, https:\/\/interamerica.org\/wp-content\/uploads\/2026\/04\/um-robotic-3-img-gldsb2o0kv8acuiq-300x169.jpg 300w, https:\/\/interamerica.org\/wp-content\/uploads\/2026\/04\/um-robotic-3-img-gldsb2o0kv8acuiq-768x432.jpg 768w, https:\/\/interamerica.org\/wp-content\/uploads\/2026\/04\/um-robotic-3-img-gldsb2o0kv8acuiq-1536x864.jpg 1536w, https:\/\/interamerica.org\/wp-content\/uploads\/2026\/04\/um-robotic-3-img-gldsb2o0kv8acuiq.jpg 1920w\" sizes=\"(max-width: 896px) 100vw, 896px\" \/><p id=\"caption-attachment-142482\" class=\"wp-caption-text\">Durante la competencia, el equipo demostr\u00f3 tanto habilidades t\u00e9cnicas como valores institucionales, participando en coherencia con los principios que forman parte de su identidad. [Foto: Cortes\u00eda de la Facultad de Ingenier\u00eda y Tecnolog\u00eda]<\/p><\/div>\n<p data-start=\"2821\" data-end=\"2976\">\u201cNo se trata solo de ganar, sino de aprender y dar testimonio de lo que somos como universidad\u201d, afirm\u00f3 Rub\u00e9n L\u00f3pez, docente y mentor del \u00e1rea electr\u00f3nica.<\/p>\n<p data-start=\"2978\" data-end=\"3277\">Ese compromiso tambi\u00e9n se reflej\u00f3 en una decisi\u00f3n que marc\u00f3 su participaci\u00f3n. El equipo solicit\u00f3 adelantar su prueba final al viernes para poder guardar el s\u00e1bado\u2014d\u00eda de reposo para los adventistas del s\u00e9ptimo d\u00eda\u2014aun cuando esto implicaba competir en condiciones menos favorables que otros equipos.<\/p>\n<p data-start=\"3279\" data-end=\"3425\">\u201cEso nos daba una desventaja, pero no nos detuvo\u201d, expres\u00f3 Bequer Quiroga, estudiante de sexto semestre de Ingenier\u00eda en Sistemas Computacionales.<\/p>\n<p data-start=\"3427\" data-end=\"3599\">El resultado no solo asegur\u00f3 el primer lugar, sino que tambi\u00e9n dio visibilidad a la universidad en un entorno competitivo donde anteriormente no era ampliamente reconocida.<\/p>\n<p data-start=\"3601\" data-end=\"3710\">Para los estudiantes, la experiencia tuvo un impacto directo tanto en su formaci\u00f3n profesional como personal.<\/p>\n<div id=\"attachment_142483\" style=\"width: 906px\" class=\"wp-caption aligncenter\"><img loading=\"lazy\" decoding=\"async\" aria-describedby=\"caption-attachment-142483\" class=\" wp-image-142483\" src=\"https:\/\/interamerica.org\/wp-content\/uploads\/2026\/04\/um-4img-rneocth5smf92nq0-1024x576.jpg\" alt=\"\" width=\"896\" height=\"504\" srcset=\"https:\/\/interamerica.org\/wp-content\/uploads\/2026\/04\/um-4img-rneocth5smf92nq0-1024x576.jpg 1024w, https:\/\/interamerica.org\/wp-content\/uploads\/2026\/04\/um-4img-rneocth5smf92nq0-300x169.jpg 300w, https:\/\/interamerica.org\/wp-content\/uploads\/2026\/04\/um-4img-rneocth5smf92nq0-768x432.jpg 768w, https:\/\/interamerica.org\/wp-content\/uploads\/2026\/04\/um-4img-rneocth5smf92nq0-1536x864.jpg 1536w, https:\/\/interamerica.org\/wp-content\/uploads\/2026\/04\/um-4img-rneocth5smf92nq0.jpg 1920w\" sizes=\"(max-width: 896px) 100vw, 896px\" \/><p id=\"caption-attachment-142483\" class=\"wp-caption-text\">Estudiantes y docentes de la Universidad de Montemorelos celebran la obtenci\u00f3n del primer lugar a nivel nacional en la categor\u00eda RoboCup @Home Beginner durante el TMR 2026 en Puebla. [Foto: Cortes\u00eda de la Facultad de Ingenier\u00eda y Tecnolog\u00eda]<\/p><\/div>\n<p data-start=\"3712\" data-end=\"3808\">Quiroga se\u00f1al\u00f3 que uno de los aprendizajes m\u00e1s significativos fue m\u00e1s all\u00e1 del \u00e1mbito acad\u00e9mico.<\/p>\n<p data-start=\"3810\" data-end=\"4052\">\u201cMe quedo con valores que no son estrictamente acad\u00e9micos, sino relacionales, como el respeto mutuo, escuchar a los dem\u00e1s, reconocer que otra persona puede tener una mejor idea que t\u00fa, y tambi\u00e9n defender tu postura, pero siempre con respeto\u201d.<\/p>\n<p data-start=\"4054\" data-end=\"4254\">El equipo prev\u00e9 continuar su participaci\u00f3n en futuras ediciones del torneo y avanzar a categor\u00edas de mayor exigencia, con la meta de consolidar un programa formal de rob\u00f3tica dentro de la universidad.<\/p>\n<p data-start=\"4256\" data-end=\"4319\"><em data-start=\"4256\" data-end=\"4319\">Lisandra Vicente y Brenda Cer\u00f3n contribuyeron a este informe.<\/em><\/p>\n","protected":false},"excerpt":{"rendered":"<p>Robot dom\u00e9stico con inteligencia artificial destaca por su innovaci\u00f3n y trabajo en equipo 28 de abril de 2026 | Montemorelos, Nuevo Le\u00f3n, M\u00e9xico | Laura Marrero y equipo de noticias&#8230;<\/p>\n","protected":false},"author":3,"featured_media":142480,"comment_status":"closed","ping_status":"closed","sticky":false,"template":"","format":"standard","meta":{"_acf_changed":false,"footnotes":""},"categories":[16,15],"tags":[],"class_list":["post-142484","post","type-post","status-publish","format-standard","has-post-thumbnail","hentry","category-desde-la-sede","category-rss-espanol"],"acf":[],"yoast_head":"<!-- This site is optimized with the Yoast SEO plugin v27.3 - https:\/\/yoast.com\/product\/yoast-seo-wordpress\/ -->\n<title>Estudiantes llevan a la Universidad de Montemorelos a la victoria nacional en rob\u00f3tica - Iglesia Adventista del S\u00e9ptimo D\u00eda - Divisi\u00f3n Interamericana<\/title>\n<meta name=\"robots\" content=\"index, follow, max-snippet:-1, max-image-preview:large, max-video-preview:-1\" \/>\n<link rel=\"canonical\" href=\"https:\/\/interamerica.org\/es\/2026\/04\/estudiantes-llevan-a-la-universidad-de-montemorelos-a-la-victoria-nacional-en-robotica\/\" \/>\n<meta property=\"og:locale\" content=\"es_ES\" \/>\n<meta property=\"og:type\" content=\"article\" \/>\n<meta property=\"og:title\" content=\"Estudiantes llevan a la Universidad de Montemorelos a la victoria nacional en rob\u00f3tica - Iglesia Adventista del S\u00e9ptimo D\u00eda - Divisi\u00f3n Interamericana\" \/>\n<meta property=\"og:description\" content=\"Robot dom\u00e9stico con inteligencia artificial destaca por su innovaci\u00f3n y trabajo en equipo 28 de abril de 2026 | Montemorelos, Nuevo Le\u00f3n, M\u00e9xico | Laura Marrero y equipo de noticias...\" \/>\n<meta property=\"og:url\" content=\"https:\/\/interamerica.org\/es\/2026\/04\/estudiantes-llevan-a-la-universidad-de-montemorelos-a-la-victoria-nacional-en-robotica\/\" \/>\n<meta property=\"og:site_name\" content=\"Iglesia Adventista del S\u00e9ptimo D\u00eda - Divisi\u00f3n Interamericana\" \/>\n<meta property=\"article:published_time\" content=\"2026-04-29T14:16:51+00:00\" \/>\n<meta property=\"article:modified_time\" content=\"2026-04-30T03:26:48+00:00\" \/>\n<meta property=\"og:image\" content=\"https:\/\/interamerica.org\/wp-content\/uploads\/2026\/04\/um-robotics-1img-qq2dhn7u5bxyfuwi.jpg\" \/>\n\t<meta property=\"og:image:width\" content=\"1920\" \/>\n\t<meta property=\"og:image:height\" content=\"1080\" \/>\n\t<meta property=\"og:image:type\" content=\"image\/jpeg\" \/>\n<meta name=\"author\" content=\"libna\" \/>\n<meta name=\"twitter:card\" content=\"summary_large_image\" \/>\n<meta name=\"twitter:label1\" content=\"Escrito por\" \/>\n\t<meta name=\"twitter:data1\" content=\"libna\" \/>\n\t<meta name=\"twitter:label2\" content=\"Tiempo de lectura\" \/>\n\t<meta name=\"twitter:data2\" content=\"5 minutos\" \/>\n<script type=\"application\/ld+json\" class=\"yoast-schema-graph\">{\"@context\":\"https:\\\/\\\/schema.org\",\"@graph\":[{\"@type\":\"Article\",\"@id\":\"https:\\\/\\\/interamerica.org\\\/es\\\/2026\\\/04\\\/estudiantes-llevan-a-la-universidad-de-montemorelos-a-la-victoria-nacional-en-robotica\\\/#article\",\"isPartOf\":{\"@id\":\"https:\\\/\\\/interamerica.org\\\/es\\\/2026\\\/04\\\/estudiantes-llevan-a-la-universidad-de-montemorelos-a-la-victoria-nacional-en-robotica\\\/\"},\"author\":{\"name\":\"libna\",\"@id\":\"https:\\\/\\\/interamerica.org\\\/es\\\/#\\\/schema\\\/person\\\/29998f2bc2d8bd0d38662909289b54f1\"},\"headline\":\"Estudiantes llevan a la Universidad de Montemorelos a la victoria nacional en rob\u00f3tica\",\"datePublished\":\"2026-04-29T14:16:51+00:00\",\"dateModified\":\"2026-04-30T03:26:48+00:00\",\"mainEntityOfPage\":{\"@id\":\"https:\\\/\\\/interamerica.org\\\/es\\\/2026\\\/04\\\/estudiantes-llevan-a-la-universidad-de-montemorelos-a-la-victoria-nacional-en-robotica\\\/\"},\"wordCount\":855,\"image\":{\"@id\":\"https:\\\/\\\/interamerica.org\\\/es\\\/2026\\\/04\\\/estudiantes-llevan-a-la-universidad-de-montemorelos-a-la-victoria-nacional-en-robotica\\\/#primaryimage\"},\"thumbnailUrl\":\"https:\\\/\\\/interamerica.org\\\/wp-content\\\/uploads\\\/2026\\\/04\\\/um-robotics-1img-qq2dhn7u5bxyfuwi.jpg\",\"articleSection\":[\"Desde la sede\",\"RSS Espa\u00f1ol\"],\"inLanguage\":\"es\"},{\"@type\":\"WebPage\",\"@id\":\"https:\\\/\\\/interamerica.org\\\/es\\\/2026\\\/04\\\/estudiantes-llevan-a-la-universidad-de-montemorelos-a-la-victoria-nacional-en-robotica\\\/\",\"url\":\"https:\\\/\\\/interamerica.org\\\/es\\\/2026\\\/04\\\/estudiantes-llevan-a-la-universidad-de-montemorelos-a-la-victoria-nacional-en-robotica\\\/\",\"name\":\"Estudiantes llevan a la Universidad de Montemorelos a la victoria nacional en rob\u00f3tica - Iglesia Adventista del S\u00e9ptimo D\u00eda - Divisi\u00f3n Interamericana\",\"isPartOf\":{\"@id\":\"https:\\\/\\\/interamerica.org\\\/es\\\/#website\"},\"primaryImageOfPage\":{\"@id\":\"https:\\\/\\\/interamerica.org\\\/es\\\/2026\\\/04\\\/estudiantes-llevan-a-la-universidad-de-montemorelos-a-la-victoria-nacional-en-robotica\\\/#primaryimage\"},\"image\":{\"@id\":\"https:\\\/\\\/interamerica.org\\\/es\\\/2026\\\/04\\\/estudiantes-llevan-a-la-universidad-de-montemorelos-a-la-victoria-nacional-en-robotica\\\/#primaryimage\"},\"thumbnailUrl\":\"https:\\\/\\\/interamerica.org\\\/wp-content\\\/uploads\\\/2026\\\/04\\\/um-robotics-1img-qq2dhn7u5bxyfuwi.jpg\",\"datePublished\":\"2026-04-29T14:16:51+00:00\",\"dateModified\":\"2026-04-30T03:26:48+00:00\",\"author\":{\"@id\":\"https:\\\/\\\/interamerica.org\\\/es\\\/#\\\/schema\\\/person\\\/29998f2bc2d8bd0d38662909289b54f1\"},\"breadcrumb\":{\"@id\":\"https:\\\/\\\/interamerica.org\\\/es\\\/2026\\\/04\\\/estudiantes-llevan-a-la-universidad-de-montemorelos-a-la-victoria-nacional-en-robotica\\\/#breadcrumb\"},\"inLanguage\":\"es\",\"potentialAction\":[{\"@type\":\"ReadAction\",\"target\":[\"https:\\\/\\\/interamerica.org\\\/es\\\/2026\\\/04\\\/estudiantes-llevan-a-la-universidad-de-montemorelos-a-la-victoria-nacional-en-robotica\\\/\"]}]},{\"@type\":\"ImageObject\",\"inLanguage\":\"es\",\"@id\":\"https:\\\/\\\/interamerica.org\\\/es\\\/2026\\\/04\\\/estudiantes-llevan-a-la-universidad-de-montemorelos-a-la-victoria-nacional-en-robotica\\\/#primaryimage\",\"url\":\"https:\\\/\\\/interamerica.org\\\/wp-content\\\/uploads\\\/2026\\\/04\\\/um-robotics-1img-qq2dhn7u5bxyfuwi.jpg\",\"contentUrl\":\"https:\\\/\\\/interamerica.org\\\/wp-content\\\/uploads\\\/2026\\\/04\\\/um-robotics-1img-qq2dhn7u5bxyfuwi.jpg\",\"width\":1920,\"height\":1080,\"caption\":\"Representantes estudiantiles de la Facultad de Ingenier\u00eda y Tecnolog\u00eda posan durante el torneo junto a Rub\u00e9n L\u00f3pez (al centro), docente y mentor del \u00e1rea de electr\u00f3nica. [Foto: Cortes\u00eda de la Facultad de Ingenier\u00eda y Tecnolog\u00eda]\"},{\"@type\":\"BreadcrumbList\",\"@id\":\"https:\\\/\\\/interamerica.org\\\/es\\\/2026\\\/04\\\/estudiantes-llevan-a-la-universidad-de-montemorelos-a-la-victoria-nacional-en-robotica\\\/#breadcrumb\",\"itemListElement\":[{\"@type\":\"ListItem\",\"position\":1,\"name\":\"Home\",\"item\":\"https:\\\/\\\/interamerica.org\\\/es\\\/\"},{\"@type\":\"ListItem\",\"position\":2,\"name\":\"Estudiantes llevan a la Universidad de Montemorelos a la victoria nacional en rob\u00f3tica\"}]},{\"@type\":\"WebSite\",\"@id\":\"https:\\\/\\\/interamerica.org\\\/es\\\/#website\",\"url\":\"https:\\\/\\\/interamerica.org\\\/es\\\/\",\"name\":\"Iglesia Adventista del S\u00e9ptimo D\u00eda - Divisi\u00f3n Interamericana\",\"description\":\"\",\"potentialAction\":[{\"@type\":\"SearchAction\",\"target\":{\"@type\":\"EntryPoint\",\"urlTemplate\":\"https:\\\/\\\/interamerica.org\\\/es\\\/?s={search_term_string}\"},\"query-input\":{\"@type\":\"PropertyValueSpecification\",\"valueRequired\":true,\"valueName\":\"search_term_string\"}}],\"inLanguage\":\"es\"},{\"@type\":\"Person\",\"@id\":\"https:\\\/\\\/interamerica.org\\\/es\\\/#\\\/schema\\\/person\\\/29998f2bc2d8bd0d38662909289b54f1\",\"name\":\"libna\",\"image\":{\"@type\":\"ImageObject\",\"inLanguage\":\"es\",\"@id\":\"https:\\\/\\\/secure.gravatar.com\\\/avatar\\\/7c5bd30ae4b47a9ba3c856590957fd1d96dc588bf3ac05719d247e126840331f?s=96&d=mm&r=g\",\"url\":\"https:\\\/\\\/secure.gravatar.com\\\/avatar\\\/7c5bd30ae4b47a9ba3c856590957fd1d96dc588bf3ac05719d247e126840331f?s=96&d=mm&r=g\",\"contentUrl\":\"https:\\\/\\\/secure.gravatar.com\\\/avatar\\\/7c5bd30ae4b47a9ba3c856590957fd1d96dc588bf3ac05719d247e126840331f?s=96&d=mm&r=g\",\"caption\":\"libna\"}}]}<\/script>\n<!-- \/ Yoast SEO plugin. -->","yoast_head_json":{"title":"Estudiantes llevan a la Universidad de Montemorelos a la victoria nacional en rob\u00f3tica - Iglesia Adventista del S\u00e9ptimo D\u00eda - Divisi\u00f3n Interamericana","robots":{"index":"index","follow":"follow","max-snippet":"max-snippet:-1","max-image-preview":"max-image-preview:large","max-video-preview":"max-video-preview:-1"},"canonical":"https:\/\/interamerica.org\/es\/2026\/04\/estudiantes-llevan-a-la-universidad-de-montemorelos-a-la-victoria-nacional-en-robotica\/","og_locale":"es_ES","og_type":"article","og_title":"Estudiantes llevan a la Universidad de Montemorelos a la victoria nacional en rob\u00f3tica - Iglesia Adventista del S\u00e9ptimo D\u00eda - Divisi\u00f3n Interamericana","og_description":"Robot dom\u00e9stico con inteligencia artificial destaca por su innovaci\u00f3n y trabajo en equipo 28 de abril de 2026 | Montemorelos, Nuevo Le\u00f3n, M\u00e9xico | Laura Marrero y equipo de noticias...","og_url":"https:\/\/interamerica.org\/es\/2026\/04\/estudiantes-llevan-a-la-universidad-de-montemorelos-a-la-victoria-nacional-en-robotica\/","og_site_name":"Iglesia Adventista del S\u00e9ptimo D\u00eda - Divisi\u00f3n Interamericana","article_published_time":"2026-04-29T14:16:51+00:00","article_modified_time":"2026-04-30T03:26:48+00:00","og_image":[{"width":1920,"height":1080,"url":"https:\/\/interamerica.org\/wp-content\/uploads\/2026\/04\/um-robotics-1img-qq2dhn7u5bxyfuwi.jpg","type":"image\/jpeg"}],"author":"libna","twitter_card":"summary_large_image","twitter_misc":{"Escrito por":"libna","Tiempo de lectura":"5 minutos"},"schema":{"@context":"https:\/\/schema.org","@graph":[{"@type":"Article","@id":"https:\/\/interamerica.org\/es\/2026\/04\/estudiantes-llevan-a-la-universidad-de-montemorelos-a-la-victoria-nacional-en-robotica\/#article","isPartOf":{"@id":"https:\/\/interamerica.org\/es\/2026\/04\/estudiantes-llevan-a-la-universidad-de-montemorelos-a-la-victoria-nacional-en-robotica\/"},"author":{"name":"libna","@id":"https:\/\/interamerica.org\/es\/#\/schema\/person\/29998f2bc2d8bd0d38662909289b54f1"},"headline":"Estudiantes llevan a la Universidad de Montemorelos a la victoria nacional en rob\u00f3tica","datePublished":"2026-04-29T14:16:51+00:00","dateModified":"2026-04-30T03:26:48+00:00","mainEntityOfPage":{"@id":"https:\/\/interamerica.org\/es\/2026\/04\/estudiantes-llevan-a-la-universidad-de-montemorelos-a-la-victoria-nacional-en-robotica\/"},"wordCount":855,"image":{"@id":"https:\/\/interamerica.org\/es\/2026\/04\/estudiantes-llevan-a-la-universidad-de-montemorelos-a-la-victoria-nacional-en-robotica\/#primaryimage"},"thumbnailUrl":"https:\/\/interamerica.org\/wp-content\/uploads\/2026\/04\/um-robotics-1img-qq2dhn7u5bxyfuwi.jpg","articleSection":["Desde la sede","RSS Espa\u00f1ol"],"inLanguage":"es"},{"@type":"WebPage","@id":"https:\/\/interamerica.org\/es\/2026\/04\/estudiantes-llevan-a-la-universidad-de-montemorelos-a-la-victoria-nacional-en-robotica\/","url":"https:\/\/interamerica.org\/es\/2026\/04\/estudiantes-llevan-a-la-universidad-de-montemorelos-a-la-victoria-nacional-en-robotica\/","name":"Estudiantes llevan a la Universidad de Montemorelos a la victoria nacional en rob\u00f3tica - Iglesia Adventista del S\u00e9ptimo D\u00eda - Divisi\u00f3n Interamericana","isPartOf":{"@id":"https:\/\/interamerica.org\/es\/#website"},"primaryImageOfPage":{"@id":"https:\/\/interamerica.org\/es\/2026\/04\/estudiantes-llevan-a-la-universidad-de-montemorelos-a-la-victoria-nacional-en-robotica\/#primaryimage"},"image":{"@id":"https:\/\/interamerica.org\/es\/2026\/04\/estudiantes-llevan-a-la-universidad-de-montemorelos-a-la-victoria-nacional-en-robotica\/#primaryimage"},"thumbnailUrl":"https:\/\/interamerica.org\/wp-content\/uploads\/2026\/04\/um-robotics-1img-qq2dhn7u5bxyfuwi.jpg","datePublished":"2026-04-29T14:16:51+00:00","dateModified":"2026-04-30T03:26:48+00:00","author":{"@id":"https:\/\/interamerica.org\/es\/#\/schema\/person\/29998f2bc2d8bd0d38662909289b54f1"},"breadcrumb":{"@id":"https:\/\/interamerica.org\/es\/2026\/04\/estudiantes-llevan-a-la-universidad-de-montemorelos-a-la-victoria-nacional-en-robotica\/#breadcrumb"},"inLanguage":"es","potentialAction":[{"@type":"ReadAction","target":["https:\/\/interamerica.org\/es\/2026\/04\/estudiantes-llevan-a-la-universidad-de-montemorelos-a-la-victoria-nacional-en-robotica\/"]}]},{"@type":"ImageObject","inLanguage":"es","@id":"https:\/\/interamerica.org\/es\/2026\/04\/estudiantes-llevan-a-la-universidad-de-montemorelos-a-la-victoria-nacional-en-robotica\/#primaryimage","url":"https:\/\/interamerica.org\/wp-content\/uploads\/2026\/04\/um-robotics-1img-qq2dhn7u5bxyfuwi.jpg","contentUrl":"https:\/\/interamerica.org\/wp-content\/uploads\/2026\/04\/um-robotics-1img-qq2dhn7u5bxyfuwi.jpg","width":1920,"height":1080,"caption":"Representantes estudiantiles de la Facultad de Ingenier\u00eda y Tecnolog\u00eda posan durante el torneo junto a Rub\u00e9n L\u00f3pez (al centro), docente y mentor del \u00e1rea de electr\u00f3nica. [Foto: Cortes\u00eda de la Facultad de Ingenier\u00eda y Tecnolog\u00eda]"},{"@type":"BreadcrumbList","@id":"https:\/\/interamerica.org\/es\/2026\/04\/estudiantes-llevan-a-la-universidad-de-montemorelos-a-la-victoria-nacional-en-robotica\/#breadcrumb","itemListElement":[{"@type":"ListItem","position":1,"name":"Home","item":"https:\/\/interamerica.org\/es\/"},{"@type":"ListItem","position":2,"name":"Estudiantes llevan a la Universidad de Montemorelos a la victoria nacional en rob\u00f3tica"}]},{"@type":"WebSite","@id":"https:\/\/interamerica.org\/es\/#website","url":"https:\/\/interamerica.org\/es\/","name":"Iglesia Adventista del S\u00e9ptimo D\u00eda - Divisi\u00f3n Interamericana","description":"","potentialAction":[{"@type":"SearchAction","target":{"@type":"EntryPoint","urlTemplate":"https:\/\/interamerica.org\/es\/?s={search_term_string}"},"query-input":{"@type":"PropertyValueSpecification","valueRequired":true,"valueName":"search_term_string"}}],"inLanguage":"es"},{"@type":"Person","@id":"https:\/\/interamerica.org\/es\/#\/schema\/person\/29998f2bc2d8bd0d38662909289b54f1","name":"libna","image":{"@type":"ImageObject","inLanguage":"es","@id":"https:\/\/secure.gravatar.com\/avatar\/7c5bd30ae4b47a9ba3c856590957fd1d96dc588bf3ac05719d247e126840331f?s=96&d=mm&r=g","url":"https:\/\/secure.gravatar.com\/avatar\/7c5bd30ae4b47a9ba3c856590957fd1d96dc588bf3ac05719d247e126840331f?s=96&d=mm&r=g","contentUrl":"https:\/\/secure.gravatar.com\/avatar\/7c5bd30ae4b47a9ba3c856590957fd1d96dc588bf3ac05719d247e126840331f?s=96&d=mm&r=g","caption":"libna"}}]}},"_links":{"self":[{"href":"https:\/\/interamerica.org\/es\/wp-json\/wp\/v2\/posts\/142484","targetHints":{"allow":["GET"]}}],"collection":[{"href":"https:\/\/interamerica.org\/es\/wp-json\/wp\/v2\/posts"}],"about":[{"href":"https:\/\/interamerica.org\/es\/wp-json\/wp\/v2\/types\/post"}],"author":[{"embeddable":true,"href":"https:\/\/interamerica.org\/es\/wp-json\/wp\/v2\/users\/3"}],"replies":[{"embeddable":true,"href":"https:\/\/interamerica.org\/es\/wp-json\/wp\/v2\/comments?post=142484"}],"version-history":[{"count":3,"href":"https:\/\/interamerica.org\/es\/wp-json\/wp\/v2\/posts\/142484\/revisions"}],"predecessor-version":[{"id":142488,"href":"https:\/\/interamerica.org\/es\/wp-json\/wp\/v2\/posts\/142484\/revisions\/142488"}],"wp:featuredmedia":[{"embeddable":true,"href":"https:\/\/interamerica.org\/es\/wp-json\/wp\/v2\/media\/142480"}],"wp:attachment":[{"href":"https:\/\/interamerica.org\/es\/wp-json\/wp\/v2\/media?parent=142484"}],"wp:term":[{"taxonomy":"category","embeddable":true,"href":"https:\/\/interamerica.org\/es\/wp-json\/wp\/v2\/categories?post=142484"},{"taxonomy":"post_tag","embeddable":true,"href":"https:\/\/interamerica.org\/es\/wp-json\/wp\/v2\/tags?post=142484"}],"curies":[{"name":"wp","href":"https:\/\/api.w.org\/{rel}","templated":true}]}}