{"id":142509,"date":"2026-04-29T21:17:07","date_gmt":"2026-04-30T01:17:07","guid":{"rendered":"https:\/\/interamerica.org\/?p=142509"},"modified":"2026-04-30T22:16:23","modified_gmt":"2026-05-01T02:16:23","slug":"se-llega-a-mas-de-veinte-mil-personas-gracias-a-iniciativa-nacional-de-salud-en-nicaragua","status":"publish","type":"post","link":"https:\/\/interamerica.org\/es\/2026\/04\/se-llega-a-mas-de-veinte-mil-personas-gracias-a-iniciativa-nacional-de-salud-en-nicaragua\/","title":{"rendered":"Se llega a m\u00e1s de veinte mil personas gracias a iniciativa nacional de salud en Nicaragua"},"content":{"rendered":"<p><div id=\"attachment_142459\" style=\"width: 989px\" class=\"wp-caption aligncenter\"><img fetchpriority=\"high\" decoding=\"async\" aria-describedby=\"caption-attachment-142459\" class=\" wp-image-142459\" src=\"https:\/\/interamerica.org\/wp-content\/uploads\/2026\/04\/nica-puertocabezas-totalhealthimpact2026-1024x640.jpg\" alt=\"\" width=\"979\" height=\"612\" srcset=\"https:\/\/interamerica.org\/wp-content\/uploads\/2026\/04\/nica-puertocabezas-totalhealthimpact2026-1024x640.jpg 1024w, https:\/\/interamerica.org\/wp-content\/uploads\/2026\/04\/nica-puertocabezas-totalhealthimpact2026-300x188.jpg 300w, https:\/\/interamerica.org\/wp-content\/uploads\/2026\/04\/nica-puertocabezas-totalhealthimpact2026-768x480.jpg 768w, https:\/\/interamerica.org\/wp-content\/uploads\/2026\/04\/nica-puertocabezas-totalhealthimpact2026.jpg 1280w\" sizes=\"(max-width: 979px) 100vw, 979px\" \/><p id=\"caption-attachment-142459\" class=\"wp-caption-text\">Un profesional de la salud brinda atenci\u00f3n durante servicios m\u00e9dicos gratuitos en Puerto Cabezas (Bilwi), al noreste de Nicaragua, el 11 de abril de 2026. El personal y los voluntarios del Hospital Adventista de Nicaragua ayudaron a atender a m\u00e1s de cinco mil personas ese d\u00eda como parte de las actividades del Impacto Salud Total en todo el pa\u00eds. [Fotograf\u00eda: Uni\u00f3n Nicarag\u00fcense]<\/p><\/div><em>Iniciativa liderada por la Iglesia Adventista moviliza a las comunidades, ampl\u00eda la obra comunitaria y promueve estilos de vida saludables duraderos<\/em><\/p>\n<p>29 de abril de 2026 | Managua, Nicaragua | Kimberly Sol\u00eds y Libna Stevens, Noticias de la Divisi\u00f3n Interamericana<\/p>\n<p>M\u00e1s de veinte mil personas se beneficiaron de un impacto sanitario a gran escala en iglesias adventistas del s\u00e9ptimo d\u00eda, centros comunitarios y parques de Nicaragua del 5 al 12 de abril. La iniciativa de una semana incluy\u00f3 exposiciones de salud, consultas m\u00e9dicas y campa\u00f1as de donaci\u00f3n de sangre, e involucr\u00f3 a miembros de todas las edades en cientos de comunidades.<\/p>\n<p>La iniciativa form\u00f3 parte de <em>Impacto Salud Total<\/em>, un esfuerzo coordinado entre la Iglesia Adventista del S\u00e9ptimo D\u00eda en la Divisi\u00f3n Interamericana que se lanz\u00f3 este a\u00f1o en Centroam\u00e9rica, movilizando a profesionales de la salud y miembros de iglesia para promover estilos de vida saludables por medio de la labor comunitaria.<\/p>\n<div id=\"attachment_142469\" style=\"width: 927px\" class=\"wp-caption aligncenter\"><img decoding=\"async\" aria-describedby=\"caption-attachment-142469\" class=\" wp-image-142469\" src=\"https:\/\/interamerica.org\/wp-content\/uploads\/2026\/04\/nica-puertocabezas-crowd-b42a5632-5f9b-431b-98c6-d04ccc106870.jpg\" alt=\"\" width=\"917\" height=\"627\" srcset=\"https:\/\/interamerica.org\/wp-content\/uploads\/2026\/04\/nica-puertocabezas-crowd-b42a5632-5f9b-431b-98c6-d04ccc106870.jpg 1000w, https:\/\/interamerica.org\/wp-content\/uploads\/2026\/04\/nica-puertocabezas-crowd-b42a5632-5f9b-431b-98c6-d04ccc106870-300x205.jpg 300w, https:\/\/interamerica.org\/wp-content\/uploads\/2026\/04\/nica-puertocabezas-crowd-b42a5632-5f9b-431b-98c6-d04ccc106870-768x525.jpg 768w\" sizes=\"(max-width: 917px) 100vw, 917px\" \/><p id=\"caption-attachment-142469\" class=\"wp-caption-text\">Los miembros de la comunidad en Bilwi, Puerto Cabezas, reciben atenci\u00f3n m\u00e9dica durante una actividad comunitaria de salud en la Escuela Adventista Porte\u00f1o, donde los servicios fueron proporcionados por el Hospital Adventista de Nicaragua. [Fotograf\u00eda: Uni\u00f3n Nicarag\u00fcense]<\/p><\/div>\n<p data-start=\"780\" data-end=\"955\">La amplia labor de divulgaci\u00f3n se coordin\u00f3 con esfuerzos de evangelizaci\u00f3n en toda Nicaragua, lo que ayud\u00f3 a fortalecer m\u00e1s de cien centros de influencia donde las personas que llegaron por primera vez gracias a las actividades de salud pudieron seguir participando mediante programas continuos y actividades espirituales.<\/p>\n<p>El doctor Franck G\u00e9n\u00e9us, director del ministerio de salud de la Divisi\u00f3n Interamericana y principal organizador de la iniciativa <em>Movimiento Salud Total<\/em>, describi\u00f3 el impacto en Nicaragua como significativo. Se le uni\u00f3 un equipo del programa Universidad Promotora de la Salud de la Universidad de Montemorelos \u2014parte del liderazgo que apoya la iniciativa \u201cQuiero Vivir Sano\u201d de la iglesia\u2014 y particip\u00f3 en actividades en Puerto Cabezas, donde se lleg\u00f3 a m\u00e1s de cinco mil personas en un solo d\u00eda, el 11 de abril.<\/p>\n<p><div id=\"attachment_142468\" style=\"width: 925px\" class=\"wp-caption aligncenter\"><img decoding=\"async\" aria-describedby=\"caption-attachment-142468\" class=\" wp-image-142468\" src=\"https:\/\/interamerica.org\/wp-content\/uploads\/2026\/04\/frank-geneus-nicu-health-impact.jpg\" alt=\"\" width=\"915\" height=\"686\" srcset=\"https:\/\/interamerica.org\/wp-content\/uploads\/2026\/04\/frank-geneus-nicu-health-impact.jpg 1000w, https:\/\/interamerica.org\/wp-content\/uploads\/2026\/04\/frank-geneus-nicu-health-impact-300x225.jpg 300w, https:\/\/interamerica.org\/wp-content\/uploads\/2026\/04\/frank-geneus-nicu-health-impact-768x576.jpg 768w\" sizes=\"(max-width: 915px) 100vw, 915px\" \/><p id=\"caption-attachment-142468\" class=\"wp-caption-text\">El doctor Franck G\u00e9neus, director del ministerio de salud de la Divisi\u00f3n Interamericana, habla durante una iniciativa comunitaria de salud en Puerto Cabezas, Nicaragua, el 11 de abril de 2026, mientras los l\u00edderes de la iglesia lo respaldan. Durante la iniciativa se atendi\u00f3 a m\u00e1s de cinco mil personas. [Fotograf\u00eda: Uni\u00f3n Nicarag\u00fcense]<\/p><\/div>Cientos recibieron chequeos m\u00e9dicos gratuitos y consultas durante la amplia iniciativa de alcance comunitario liderada por el personal m\u00e9dico y los l\u00edderes del Hospital Adventista de Nicaragua en la regi\u00f3n noreste del pa\u00eds.<\/p>\n<p><strong>El esfuerzo a nivel de toda la Iglesia fortalece el servicio comunitario<\/strong><\/p>\n<p>G\u00e9n\u00e9us dijo que la iniciativa se centra en el servicio como una expresi\u00f3n central de la misi\u00f3n de la iglesia, reflejando una comprensi\u00f3n m\u00e1s amplia del ministerio de salud.<\/p>\n<p>\u201cEsta iniciativa une a miembros, departamentos e instituciones, y eso es exactamente lo que vimos\u201d.<\/p>\n<p><div id=\"attachment_142470\" style=\"width: 563px\" class=\"wp-caption aligncenter\"><img loading=\"lazy\" decoding=\"async\" aria-describedby=\"caption-attachment-142470\" class=\"wp-image-142470\" src=\"https:\/\/interamerica.org\/wp-content\/uploads\/2026\/04\/nicu-toy-gifting-puerto-cabezas.jpg\" alt=\"\" width=\"553\" height=\"737\" srcset=\"https:\/\/interamerica.org\/wp-content\/uploads\/2026\/04\/nicu-toy-gifting-puerto-cabezas.jpg 600w, https:\/\/interamerica.org\/wp-content\/uploads\/2026\/04\/nicu-toy-gifting-puerto-cabezas-225x300.jpg 225w\" sizes=\"(max-width: 553px) 100vw, 553px\" \/><p id=\"caption-attachment-142470\" class=\"wp-caption-text\">Voluntarios de Conquistadores participan en una distribuci\u00f3n de juguetes en Bilwi, Puerto Cabezas, donde se entregaron 1500 juguetes a ni\u00f1os y adolescentes gracias a una iniciativa de alcance comunitario liderada por los ministerios juvenil, de la familia, de la mujer y de salud. [Fotograf\u00eda: Uni\u00f3n Nicarag\u00fcense]<\/p><\/div>\u201cEl Impacto Salud Total se centra en el componente de servicio del Movimiento Salud Total, que es el de practicar, compartir y servir\u201d, afirm\u00f3.<\/p>\n<p data-start=\"774\" data-end=\"874\">El ministerio de salud no es solo para profesionales de la salud, sino para todos los miembros de iglesia, explic\u00f3 G\u00e9n\u00e9us. \u201cEstamos hablando de la salud integral, que aborda no solo las necesidades f\u00edsicas sino todas las dimensiones del bienestar\u201d. El Dr. G\u00e9n\u00e9us, junto con l\u00edderes de la iglesia, visit\u00f3 emisoras de radio que transmitieron el impacto a nivel nacional durante toda la semana.<\/p>\n<p>Los l\u00edderes locales de la iglesia informaron que se alcanz\u00f3 a m\u00e1s de 170 mil personas por medio de plataformas digitales, ampliando el mensaje de vida sana en todo el pa\u00eds.<\/p>\n<p><div id=\"attachment_142467\" style=\"width: 933px\" class=\"wp-caption aligncenter\"><img loading=\"lazy\" decoding=\"async\" aria-describedby=\"caption-attachment-142467\" class=\" wp-image-142467\" src=\"https:\/\/interamerica.org\/wp-content\/uploads\/2026\/04\/nicu-radio-interviews294bdf02-b231-4eca-ba36-60a3118ae2fc.jpg\" alt=\"\" width=\"923\" height=\"569\" srcset=\"https:\/\/interamerica.org\/wp-content\/uploads\/2026\/04\/nicu-radio-interviews294bdf02-b231-4eca-ba36-60a3118ae2fc.jpg 913w, https:\/\/interamerica.org\/wp-content\/uploads\/2026\/04\/nicu-radio-interviews294bdf02-b231-4eca-ba36-60a3118ae2fc-300x185.jpg 300w, https:\/\/interamerica.org\/wp-content\/uploads\/2026\/04\/nicu-radio-interviews294bdf02-b231-4eca-ba36-60a3118ae2fc-768x474.jpg 768w\" sizes=\"(max-width: 923px) 100vw, 923px\" \/><p id=\"caption-attachment-142467\" class=\"wp-caption-text\">De izquierda a derecha: Roy Forbes, director de Radio Adventista en Puerto Cabezas; Adriel Vega, coordinador operativo del programa de Universidad Promotora de la Salud en la Universidad de Montemorelos; H\u00e9ctor Alvarado, tesorero de la Uni\u00f3n Nicarag\u00fcense; y el doctor Franck G\u00e9neus, director del ministerio de salud de la Divisi\u00f3n Interamericana, hablan del Movimiento Salud Total en un estudio de grabaci\u00f3n, emitiendo en espa\u00f1ol, ingl\u00e9s y miskito. [Fotograf\u00eda: Uni\u00f3n Nicarag\u00fcense]<\/p><\/div>Elieta Maltez, directora del ministerio de salud de la Uni\u00f3n Nicarag\u00fcense, dijo que la iniciativa se extendi\u00f3 m\u00e1s all\u00e1 de esa semana.<\/p>\n<p>\u201cEl Impacto Salud Total en Nicaragua no fue solo una semana, sino una demostraci\u00f3n de amor en acci\u00f3n\u201d, dijo. \u201cMediante ferias de salud, brigadas m\u00e9dicas, seminarios, presentaciones escolares, donaciones de sangre y actividades de alcance comunitario, miles de personas se vieron afectadas y las comunidades fueron bendecidas\u201d.<\/p>\n<p><div id=\"attachment_142463\" style=\"width: 897px\" class=\"wp-caption aligncenter\"><img loading=\"lazy\" decoding=\"async\" aria-describedby=\"caption-attachment-142463\" class=\" wp-image-142463\" src=\"https:\/\/interamerica.org\/wp-content\/uploads\/2026\/04\/nicu-union-leaders-puertocabezas-1166a38c-af2e-4924-b5ee-53242fd7f776.jpg\" alt=\"\" width=\"887\" height=\"527\" srcset=\"https:\/\/interamerica.org\/wp-content\/uploads\/2026\/04\/nicu-union-leaders-puertocabezas-1166a38c-af2e-4924-b5ee-53242fd7f776.jpg 1000w, https:\/\/interamerica.org\/wp-content\/uploads\/2026\/04\/nicu-union-leaders-puertocabezas-1166a38c-af2e-4924-b5ee-53242fd7f776-300x178.jpg 300w, https:\/\/interamerica.org\/wp-content\/uploads\/2026\/04\/nicu-union-leaders-puertocabezas-1166a38c-af2e-4924-b5ee-53242fd7f776-768x456.jpg 768w\" sizes=\"(max-width: 887px) 100vw, 887px\" \/><p id=\"caption-attachment-142463\" class=\"wp-caption-text\">La doctora Socorro Mar\u00eda \u00dabeda (centro), administradora del Hospital Adventista de Nicaragua, habla con l\u00edderes durante una iniciativa comunitaria en Puerto Cabezas liderada por la iglesia y el Hospital Adventista de Nicaragua. [Fotograf\u00eda: Uni\u00f3n Nicarag\u00fcense]<\/p><\/div><strong>Iniciativas educativas involucran a estudiantes y familias<\/strong><\/p>\n<p>La educaci\u00f3n desempe\u00f1\u00f3 un papel clave en el Impacto Salud Total, llegando a m\u00e1s de 1600 estudiantes y padres en las escuelas adventistas de Nicaragua, muchos de los cuales no son miembros de iglesia.<\/p>\n<p>En Matagalpa, la Escuela Privada Adventista organiz\u00f3 una feria de salud centrada en los ocho remedios naturales, donde los estudiantes dirigieron presentaciones y compartieron con sus familias lecciones pr\u00e1cticas sobre una vida sana.<\/p>\n<p><div id=\"attachment_142464\" style=\"width: 884px\" class=\"wp-caption aligncenter\"><img loading=\"lazy\" decoding=\"async\" aria-describedby=\"caption-attachment-142464\" class=\" wp-image-142464\" src=\"https:\/\/interamerica.org\/wp-content\/uploads\/2026\/04\/nicu-health-talk-school-a8397cc4-5a5c-4da2-988a-706523f32e30.jpg\" alt=\"\" width=\"874\" height=\"492\" srcset=\"https:\/\/interamerica.org\/wp-content\/uploads\/2026\/04\/nicu-health-talk-school-a8397cc4-5a5c-4da2-988a-706523f32e30.jpg 1000w, https:\/\/interamerica.org\/wp-content\/uploads\/2026\/04\/nicu-health-talk-school-a8397cc4-5a5c-4da2-988a-706523f32e30-300x169.jpg 300w, https:\/\/interamerica.org\/wp-content\/uploads\/2026\/04\/nicu-health-talk-school-a8397cc4-5a5c-4da2-988a-706523f32e30-768x432.jpg 768w\" sizes=\"(max-width: 874px) 100vw, 874px\" \/><p id=\"caption-attachment-142464\" class=\"wp-caption-text\">Adriel Vega, coordinador operativo del programa de la Universidad Promotora de la Salud en la Universidad de Montemorelos, comparte orientaci\u00f3n sobre h\u00e1bitos saludables en la Escuela Privada Adventista de Matagalpa, donde asistieron unas 300 personas, incluidos estudiantes y padres. [Fotograf\u00eda: Uni\u00f3n Nicarag\u00fcense]<\/p><\/div>\u201cOrganizamos una feria de salud donde los estudiantes explicaron la importancia de cada remedio natural\u201d, dijo Mar\u00eda Mercedes Cardoza, directora del centro. \u201cEl objetivo fue ayudar a las familias a que entiendan c\u00f3mo cuidar su salud y aplicar esos principios en casa\u201d.<\/p>\n<p>Los padres se\u00f1alaron el valor inmediato de la iniciativa.<\/p>\n<p>\u201cFue muy significativo tanto para ni\u00f1os como para adultos\u201d, dijo una madre participante. \u201cAprendimos a prevenir enfermedades y mejorar nuestros h\u00e1bitos en casa\u201d.<\/p>\n<p>Los l\u00edderes subrayaron que la iniciativa va m\u00e1s all\u00e1 de una sola semana de actividades. \u201cQueremos enfatizar que este trabajo no se limita a una semana\u201d, dijo el Dr. David Caldera, director del ministerio de salud de la Misi\u00f3n Central de Nicaragua. \u201cContin\u00faa en nuestras iglesias por medio de programas continuos centrados en la comunidad, que abordan tanto las necesidades espirituales como f\u00edsicas y promueven una mejor calidad de vida\u201d.<\/p>\n<p><div id=\"attachment_142465\" style=\"width: 913px\" class=\"wp-caption aligncenter\"><img loading=\"lazy\" decoding=\"async\" aria-describedby=\"caption-attachment-142465\" class=\" wp-image-142465\" src=\"https:\/\/interamerica.org\/wp-content\/uploads\/2026\/04\/nicu-meals-955560ee-65c9-4941-98cd-d1708db48ee2.jpg\" alt=\"\" width=\"903\" height=\"617\" srcset=\"https:\/\/interamerica.org\/wp-content\/uploads\/2026\/04\/nicu-meals-955560ee-65c9-4941-98cd-d1708db48ee2.jpg 1000w, https:\/\/interamerica.org\/wp-content\/uploads\/2026\/04\/nicu-meals-955560ee-65c9-4941-98cd-d1708db48ee2-300x205.jpg 300w, https:\/\/interamerica.org\/wp-content\/uploads\/2026\/04\/nicu-meals-955560ee-65c9-4941-98cd-d1708db48ee2-768x525.jpg 768w\" sizes=\"(max-width: 903px) 100vw, 903px\" \/><p id=\"caption-attachment-142465\" class=\"wp-caption-text\">[Fotograf\u00eda: Uni\u00f3n Nicarag\u00fcense]<\/p><\/div><strong>Esfuerzos nacionales ampl\u00edan el alcance y el impacto<\/strong><\/p>\n<p>El movimiento tuvo lugar en concordancia con el D\u00eda Mundial de la Salud y reuni\u00f3 a iglesias, instituciones educativas, centros de influencia, voluntarios y profesionales sanitarios en un esfuerzo coordinado centrado en la prevenci\u00f3n, la educaci\u00f3n y el servicio comunitario. Las actividades tambi\u00e9n incluyeron charlas educativas, paseos comunitarios y la distribuci\u00f3n de comidas saludables a lo largo de la semana.<\/p>\n<p>Se distribuyeron m\u00e1s de cien mil comidas en m\u00e1s de cien iglesias y centros de influencia entre el 6 y el 17 de abril, junto con educaci\u00f3n sanitaria sobre nutrici\u00f3n, prevenci\u00f3n de enfermedades y salud mental, as\u00ed como campa\u00f1as de donaci\u00f3n de sangre coordinadas con instituciones locales.<\/p>\n<p><div id=\"attachment_142471\" style=\"width: 888px\" class=\"wp-caption aligncenter\"><img loading=\"lazy\" decoding=\"async\" aria-describedby=\"caption-attachment-142471\" class=\" wp-image-142471\" src=\"https:\/\/interamerica.org\/wp-content\/uploads\/2026\/04\/nicu-blood-donor-d33bc2e0-7953-4e6c-9715-7f9720d2925b.jpg\" alt=\"\" width=\"878\" height=\"585\" srcset=\"https:\/\/interamerica.org\/wp-content\/uploads\/2026\/04\/nicu-blood-donor-d33bc2e0-7953-4e6c-9715-7f9720d2925b.jpg 1000w, https:\/\/interamerica.org\/wp-content\/uploads\/2026\/04\/nicu-blood-donor-d33bc2e0-7953-4e6c-9715-7f9720d2925b-300x200.jpg 300w, https:\/\/interamerica.org\/wp-content\/uploads\/2026\/04\/nicu-blood-donor-d33bc2e0-7953-4e6c-9715-7f9720d2925b-768x511.jpg 768w\" sizes=\"(max-width: 878px) 100vw, 878px\" \/><p id=\"caption-attachment-142471\" class=\"wp-caption-text\">Un Conquistador uniformado dona sangre durante una iniciativa de alcance comunitario que moviliz\u00f3 a cientos de miembros \u2014j\u00f3venes y adultos\u2014 para que participaran de donaciones de sangre en toda Nicaragua. [Fotograf\u00eda: Uni\u00f3n Nicarag\u00fcense]<\/p><\/div>Equipos de profesionales de la salud, l\u00edderes y miembros de la iglesia tambi\u00e9n viajaron por las tres asociaciones regionales del pa\u00eds, apoyando y participando en actividades del Impacto Salud Total.<\/p>\n<p>\u201cDurante esta visita en toda Nicaragua, hemos visto una respuesta abrumadora de padres y estudiantes\u201d, dijo Adriel Vega, coordinador operativo del programa de la Universidad Promotora de la Salud de la Universidad de Montemorelos. \u201cEsto demuestra el verdadero impacto que se est\u00e1 logrando en las comunidades\u201d.<\/p>\n<p><strong>C\u00e9ntrate en la salud a largo plazo y la transformaci\u00f3n comunitaria<\/strong><\/p>\n<p>Los l\u00edderes afirmaron que el Impacto Salud Total forma parte de una estrategia m\u00e1s amplia que busca promover cambios duraderos en el estilo de vida mediante la prevenci\u00f3n, la educaci\u00f3n y h\u00e1bitos saludables, incluyendo iniciativas virtuales, actividades comunitarias y esfuerzos dirigidos a ni\u00f1os, j\u00f3venes y familias vulnerables, a\u00f1adiendo que su verdadero impacto se medir\u00e1 en el cambio de comportamiento a largo plazo y la transformaci\u00f3n de las comunidades mediante un servicio sostenido.<\/p>\n<p><div id=\"attachment_142466\" style=\"width: 874px\" class=\"wp-caption aligncenter\"><img loading=\"lazy\" decoding=\"async\" aria-describedby=\"caption-attachment-142466\" class=\" wp-image-142466\" src=\"https:\/\/interamerica.org\/wp-content\/uploads\/2026\/04\/nicu-healthy-recipies.jpg\" alt=\"\" width=\"864\" height=\"598\" srcset=\"https:\/\/interamerica.org\/wp-content\/uploads\/2026\/04\/nicu-healthy-recipies.jpg 1000w, https:\/\/interamerica.org\/wp-content\/uploads\/2026\/04\/nicu-healthy-recipies-300x208.jpg 300w, https:\/\/interamerica.org\/wp-content\/uploads\/2026\/04\/nicu-healthy-recipies-768x531.jpg 768w\" sizes=\"(max-width: 864px) 100vw, 864px\" \/><p id=\"caption-attachment-142466\" class=\"wp-caption-text\">Durante un seminario de nutrici\u00f3n celebrado en un restaurante local, el personal del restaurante colabor\u00f3 con un distrito de la iglesia para ense\u00f1ar los principios de una dieta saludable. [Fotograf\u00eda: cortes\u00eda de la Uni\u00f3n Nicarag\u00fcense]<\/p><\/div>\u201cEste es un punto de inflexi\u00f3n para los ministerios de salud de la regi\u00f3n\u201d, dijo el doctor G\u00e9n\u00e9us. \u201cEstamos viendo un renovado compromiso y una oportunidad clara de fortalecer el papel de la iglesia en el servicio a las comunidades de manera significativa y duradera\u201d.<\/p>\n<p>En toda Centroam\u00e9rica, los adventistas del s\u00e9ptimo d\u00eda en Panam\u00e1, Costa Rica, Honduras, El Salvador y Guatemala tambi\u00e9n alcanzaron a miles de personas durante la semana regional de iniciativas de salud en el mes de marzo.<\/p>\n<p>Traducci\u00f3n de Marcos Paseggi<\/p>\n","protected":false},"excerpt":{"rendered":"<p>Iniciativa liderada por la Iglesia Adventista moviliza a las comunidades, ampl\u00eda la obra comunitaria y promueve estilos de vida saludables duraderos 29 de abril de 2026 | Managua, Nicaragua |&#8230;<\/p>\n","protected":false},"author":3,"featured_media":142510,"comment_status":"closed","ping_status":"closed","sticky":false,"template":"","format":"standard","meta":{"_acf_changed":false,"footnotes":""},"categories":[17,15],"tags":[],"class_list":["post-142509","post","type-post","status-publish","format-standard","has-post-thumbnail","hentry","category-desde-el-campo","category-rss-espanol"],"acf":[],"yoast_head":"<!-- This site is optimized with the Yoast SEO plugin v27.3 - https:\/\/yoast.com\/product\/yoast-seo-wordpress\/ -->\n<title>Se llega a m\u00e1s de veinte mil personas gracias a iniciativa nacional de salud en Nicaragua - Iglesia Adventista del S\u00e9ptimo D\u00eda - Divisi\u00f3n Interamericana<\/title>\n<meta name=\"robots\" content=\"index, follow, max-snippet:-1, max-image-preview:large, max-video-preview:-1\" \/>\n<link rel=\"canonical\" href=\"https:\/\/interamerica.org\/es\/2026\/04\/se-llega-a-mas-de-veinte-mil-personas-gracias-a-iniciativa-nacional-de-salud-en-nicaragua\/\" \/>\n<meta property=\"og:locale\" content=\"es_ES\" \/>\n<meta property=\"og:type\" content=\"article\" \/>\n<meta property=\"og:title\" content=\"Se llega a m\u00e1s de veinte mil personas gracias a iniciativa nacional de salud en Nicaragua - Iglesia Adventista del S\u00e9ptimo D\u00eda - Divisi\u00f3n Interamericana\" \/>\n<meta property=\"og:description\" content=\"Iniciativa liderada por la Iglesia Adventista moviliza a las comunidades, ampl\u00eda la obra comunitaria y promueve estilos de vida saludables duraderos 29 de abril de 2026 | Managua, Nicaragua |...\" \/>\n<meta property=\"og:url\" content=\"https:\/\/interamerica.org\/es\/2026\/04\/se-llega-a-mas-de-veinte-mil-personas-gracias-a-iniciativa-nacional-de-salud-en-nicaragua\/\" \/>\n<meta property=\"og:site_name\" content=\"Iglesia Adventista del S\u00e9ptimo D\u00eda - Divisi\u00f3n Interamericana\" \/>\n<meta property=\"article:published_time\" content=\"2026-04-30T01:17:07+00:00\" \/>\n<meta property=\"article:modified_time\" content=\"2026-05-01T02:16:23+00:00\" \/>\n<meta property=\"og:image\" content=\"https:\/\/interamerica.org\/wp-content\/uploads\/2026\/04\/nica-puertocabezas-totalhealthimpact2026.jpg\" \/>\n\t<meta property=\"og:image:width\" content=\"1280\" \/>\n\t<meta property=\"og:image:height\" content=\"800\" \/>\n\t<meta property=\"og:image:type\" content=\"image\/jpeg\" \/>\n<meta name=\"author\" content=\"libna\" \/>\n<meta name=\"twitter:card\" content=\"summary_large_image\" \/>\n<meta name=\"twitter:label1\" content=\"Escrito por\" \/>\n\t<meta name=\"twitter:data1\" content=\"libna\" \/>\n\t<meta name=\"twitter:label2\" content=\"Tiempo de lectura\" \/>\n\t<meta name=\"twitter:data2\" content=\"10 minutos\" \/>\n<script type=\"application\/ld+json\" class=\"yoast-schema-graph\">{\"@context\":\"https:\\\/\\\/schema.org\",\"@graph\":[{\"@type\":\"Article\",\"@id\":\"https:\\\/\\\/interamerica.org\\\/es\\\/2026\\\/04\\\/se-llega-a-mas-de-veinte-mil-personas-gracias-a-iniciativa-nacional-de-salud-en-nicaragua\\\/#article\",\"isPartOf\":{\"@id\":\"https:\\\/\\\/interamerica.org\\\/es\\\/2026\\\/04\\\/se-llega-a-mas-de-veinte-mil-personas-gracias-a-iniciativa-nacional-de-salud-en-nicaragua\\\/\"},\"author\":{\"name\":\"libna\",\"@id\":\"https:\\\/\\\/interamerica.org\\\/es\\\/#\\\/schema\\\/person\\\/29998f2bc2d8bd0d38662909289b54f1\"},\"headline\":\"Se llega a m\u00e1s de veinte mil personas gracias a iniciativa nacional de salud en Nicaragua\",\"datePublished\":\"2026-04-30T01:17:07+00:00\",\"dateModified\":\"2026-05-01T02:16:23+00:00\",\"mainEntityOfPage\":{\"@id\":\"https:\\\/\\\/interamerica.org\\\/es\\\/2026\\\/04\\\/se-llega-a-mas-de-veinte-mil-personas-gracias-a-iniciativa-nacional-de-salud-en-nicaragua\\\/\"},\"wordCount\":1779,\"image\":{\"@id\":\"https:\\\/\\\/interamerica.org\\\/es\\\/2026\\\/04\\\/se-llega-a-mas-de-veinte-mil-personas-gracias-a-iniciativa-nacional-de-salud-en-nicaragua\\\/#primaryimage\"},\"thumbnailUrl\":\"https:\\\/\\\/interamerica.org\\\/wp-content\\\/uploads\\\/2026\\\/04\\\/nica-puertocabezas-totalhealthimpact2026.jpg\",\"articleSection\":[\"Desde el campo\",\"RSS Espa\u00f1ol\"],\"inLanguage\":\"es\"},{\"@type\":\"WebPage\",\"@id\":\"https:\\\/\\\/interamerica.org\\\/es\\\/2026\\\/04\\\/se-llega-a-mas-de-veinte-mil-personas-gracias-a-iniciativa-nacional-de-salud-en-nicaragua\\\/\",\"url\":\"https:\\\/\\\/interamerica.org\\\/es\\\/2026\\\/04\\\/se-llega-a-mas-de-veinte-mil-personas-gracias-a-iniciativa-nacional-de-salud-en-nicaragua\\\/\",\"name\":\"Se llega a m\u00e1s de veinte mil personas gracias a iniciativa nacional de salud en Nicaragua - Iglesia Adventista del S\u00e9ptimo D\u00eda - Divisi\u00f3n Interamericana\",\"isPartOf\":{\"@id\":\"https:\\\/\\\/interamerica.org\\\/es\\\/#website\"},\"primaryImageOfPage\":{\"@id\":\"https:\\\/\\\/interamerica.org\\\/es\\\/2026\\\/04\\\/se-llega-a-mas-de-veinte-mil-personas-gracias-a-iniciativa-nacional-de-salud-en-nicaragua\\\/#primaryimage\"},\"image\":{\"@id\":\"https:\\\/\\\/interamerica.org\\\/es\\\/2026\\\/04\\\/se-llega-a-mas-de-veinte-mil-personas-gracias-a-iniciativa-nacional-de-salud-en-nicaragua\\\/#primaryimage\"},\"thumbnailUrl\":\"https:\\\/\\\/interamerica.org\\\/wp-content\\\/uploads\\\/2026\\\/04\\\/nica-puertocabezas-totalhealthimpact2026.jpg\",\"datePublished\":\"2026-04-30T01:17:07+00:00\",\"dateModified\":\"2026-05-01T02:16:23+00:00\",\"author\":{\"@id\":\"https:\\\/\\\/interamerica.org\\\/es\\\/#\\\/schema\\\/person\\\/29998f2bc2d8bd0d38662909289b54f1\"},\"breadcrumb\":{\"@id\":\"https:\\\/\\\/interamerica.org\\\/es\\\/2026\\\/04\\\/se-llega-a-mas-de-veinte-mil-personas-gracias-a-iniciativa-nacional-de-salud-en-nicaragua\\\/#breadcrumb\"},\"inLanguage\":\"es\",\"potentialAction\":[{\"@type\":\"ReadAction\",\"target\":[\"https:\\\/\\\/interamerica.org\\\/es\\\/2026\\\/04\\\/se-llega-a-mas-de-veinte-mil-personas-gracias-a-iniciativa-nacional-de-salud-en-nicaragua\\\/\"]}]},{\"@type\":\"ImageObject\",\"inLanguage\":\"es\",\"@id\":\"https:\\\/\\\/interamerica.org\\\/es\\\/2026\\\/04\\\/se-llega-a-mas-de-veinte-mil-personas-gracias-a-iniciativa-nacional-de-salud-en-nicaragua\\\/#primaryimage\",\"url\":\"https:\\\/\\\/interamerica.org\\\/wp-content\\\/uploads\\\/2026\\\/04\\\/nica-puertocabezas-totalhealthimpact2026.jpg\",\"contentUrl\":\"https:\\\/\\\/interamerica.org\\\/wp-content\\\/uploads\\\/2026\\\/04\\\/nica-puertocabezas-totalhealthimpact2026.jpg\",\"width\":1280,\"height\":800,\"caption\":\"Un profesional de la salud brinda atenci\u00f3n durante servicios m\u00e9dicos gratuitos en Puerto Cabezas (Bilwi), al noreste de Nicaragua, el 11 de abril de 2026. El personal y los voluntarios del Hospital Adventista de Nicaragua ayudaron a atender a m\u00e1s de cinco mil personas ese d\u00eda como parte de las actividades del Impacto Salud Total en todo el pa\u00eds. [Fotograf\u00eda: Uni\u00f3n Nicarag\u00fcense]\"},{\"@type\":\"BreadcrumbList\",\"@id\":\"https:\\\/\\\/interamerica.org\\\/es\\\/2026\\\/04\\\/se-llega-a-mas-de-veinte-mil-personas-gracias-a-iniciativa-nacional-de-salud-en-nicaragua\\\/#breadcrumb\",\"itemListElement\":[{\"@type\":\"ListItem\",\"position\":1,\"name\":\"Home\",\"item\":\"https:\\\/\\\/interamerica.org\\\/es\\\/\"},{\"@type\":\"ListItem\",\"position\":2,\"name\":\"Se llega a m\u00e1s de veinte mil personas gracias a iniciativa nacional de salud en Nicaragua\"}]},{\"@type\":\"WebSite\",\"@id\":\"https:\\\/\\\/interamerica.org\\\/es\\\/#website\",\"url\":\"https:\\\/\\\/interamerica.org\\\/es\\\/\",\"name\":\"Iglesia Adventista del S\u00e9ptimo D\u00eda - Divisi\u00f3n Interamericana\",\"description\":\"\",\"potentialAction\":[{\"@type\":\"SearchAction\",\"target\":{\"@type\":\"EntryPoint\",\"urlTemplate\":\"https:\\\/\\\/interamerica.org\\\/es\\\/?s={search_term_string}\"},\"query-input\":{\"@type\":\"PropertyValueSpecification\",\"valueRequired\":true,\"valueName\":\"search_term_string\"}}],\"inLanguage\":\"es\"},{\"@type\":\"Person\",\"@id\":\"https:\\\/\\\/interamerica.org\\\/es\\\/#\\\/schema\\\/person\\\/29998f2bc2d8bd0d38662909289b54f1\",\"name\":\"libna\",\"image\":{\"@type\":\"ImageObject\",\"inLanguage\":\"es\",\"@id\":\"https:\\\/\\\/secure.gravatar.com\\\/avatar\\\/7c5bd30ae4b47a9ba3c856590957fd1d96dc588bf3ac05719d247e126840331f?s=96&d=mm&r=g\",\"url\":\"https:\\\/\\\/secure.gravatar.com\\\/avatar\\\/7c5bd30ae4b47a9ba3c856590957fd1d96dc588bf3ac05719d247e126840331f?s=96&d=mm&r=g\",\"contentUrl\":\"https:\\\/\\\/secure.gravatar.com\\\/avatar\\\/7c5bd30ae4b47a9ba3c856590957fd1d96dc588bf3ac05719d247e126840331f?s=96&d=mm&r=g\",\"caption\":\"libna\"}}]}<\/script>\n<!-- \/ Yoast SEO plugin. -->","yoast_head_json":{"title":"Se llega a m\u00e1s de veinte mil personas gracias a iniciativa nacional de salud en Nicaragua - Iglesia Adventista del S\u00e9ptimo D\u00eda - Divisi\u00f3n Interamericana","robots":{"index":"index","follow":"follow","max-snippet":"max-snippet:-1","max-image-preview":"max-image-preview:large","max-video-preview":"max-video-preview:-1"},"canonical":"https:\/\/interamerica.org\/es\/2026\/04\/se-llega-a-mas-de-veinte-mil-personas-gracias-a-iniciativa-nacional-de-salud-en-nicaragua\/","og_locale":"es_ES","og_type":"article","og_title":"Se llega a m\u00e1s de veinte mil personas gracias a iniciativa nacional de salud en Nicaragua - Iglesia Adventista del S\u00e9ptimo D\u00eda - Divisi\u00f3n Interamericana","og_description":"Iniciativa liderada por la Iglesia Adventista moviliza a las comunidades, ampl\u00eda la obra comunitaria y promueve estilos de vida saludables duraderos 29 de abril de 2026 | Managua, Nicaragua |...","og_url":"https:\/\/interamerica.org\/es\/2026\/04\/se-llega-a-mas-de-veinte-mil-personas-gracias-a-iniciativa-nacional-de-salud-en-nicaragua\/","og_site_name":"Iglesia Adventista del S\u00e9ptimo D\u00eda - Divisi\u00f3n Interamericana","article_published_time":"2026-04-30T01:17:07+00:00","article_modified_time":"2026-05-01T02:16:23+00:00","og_image":[{"width":1280,"height":800,"url":"https:\/\/interamerica.org\/wp-content\/uploads\/2026\/04\/nica-puertocabezas-totalhealthimpact2026.jpg","type":"image\/jpeg"}],"author":"libna","twitter_card":"summary_large_image","twitter_misc":{"Escrito por":"libna","Tiempo de lectura":"10 minutos"},"schema":{"@context":"https:\/\/schema.org","@graph":[{"@type":"Article","@id":"https:\/\/interamerica.org\/es\/2026\/04\/se-llega-a-mas-de-veinte-mil-personas-gracias-a-iniciativa-nacional-de-salud-en-nicaragua\/#article","isPartOf":{"@id":"https:\/\/interamerica.org\/es\/2026\/04\/se-llega-a-mas-de-veinte-mil-personas-gracias-a-iniciativa-nacional-de-salud-en-nicaragua\/"},"author":{"name":"libna","@id":"https:\/\/interamerica.org\/es\/#\/schema\/person\/29998f2bc2d8bd0d38662909289b54f1"},"headline":"Se llega a m\u00e1s de veinte mil personas gracias a iniciativa nacional de salud en Nicaragua","datePublished":"2026-04-30T01:17:07+00:00","dateModified":"2026-05-01T02:16:23+00:00","mainEntityOfPage":{"@id":"https:\/\/interamerica.org\/es\/2026\/04\/se-llega-a-mas-de-veinte-mil-personas-gracias-a-iniciativa-nacional-de-salud-en-nicaragua\/"},"wordCount":1779,"image":{"@id":"https:\/\/interamerica.org\/es\/2026\/04\/se-llega-a-mas-de-veinte-mil-personas-gracias-a-iniciativa-nacional-de-salud-en-nicaragua\/#primaryimage"},"thumbnailUrl":"https:\/\/interamerica.org\/wp-content\/uploads\/2026\/04\/nica-puertocabezas-totalhealthimpact2026.jpg","articleSection":["Desde el campo","RSS Espa\u00f1ol"],"inLanguage":"es"},{"@type":"WebPage","@id":"https:\/\/interamerica.org\/es\/2026\/04\/se-llega-a-mas-de-veinte-mil-personas-gracias-a-iniciativa-nacional-de-salud-en-nicaragua\/","url":"https:\/\/interamerica.org\/es\/2026\/04\/se-llega-a-mas-de-veinte-mil-personas-gracias-a-iniciativa-nacional-de-salud-en-nicaragua\/","name":"Se llega a m\u00e1s de veinte mil personas gracias a iniciativa nacional de salud en Nicaragua - Iglesia Adventista del S\u00e9ptimo D\u00eda - Divisi\u00f3n Interamericana","isPartOf":{"@id":"https:\/\/interamerica.org\/es\/#website"},"primaryImageOfPage":{"@id":"https:\/\/interamerica.org\/es\/2026\/04\/se-llega-a-mas-de-veinte-mil-personas-gracias-a-iniciativa-nacional-de-salud-en-nicaragua\/#primaryimage"},"image":{"@id":"https:\/\/interamerica.org\/es\/2026\/04\/se-llega-a-mas-de-veinte-mil-personas-gracias-a-iniciativa-nacional-de-salud-en-nicaragua\/#primaryimage"},"thumbnailUrl":"https:\/\/interamerica.org\/wp-content\/uploads\/2026\/04\/nica-puertocabezas-totalhealthimpact2026.jpg","datePublished":"2026-04-30T01:17:07+00:00","dateModified":"2026-05-01T02:16:23+00:00","author":{"@id":"https:\/\/interamerica.org\/es\/#\/schema\/person\/29998f2bc2d8bd0d38662909289b54f1"},"breadcrumb":{"@id":"https:\/\/interamerica.org\/es\/2026\/04\/se-llega-a-mas-de-veinte-mil-personas-gracias-a-iniciativa-nacional-de-salud-en-nicaragua\/#breadcrumb"},"inLanguage":"es","potentialAction":[{"@type":"ReadAction","target":["https:\/\/interamerica.org\/es\/2026\/04\/se-llega-a-mas-de-veinte-mil-personas-gracias-a-iniciativa-nacional-de-salud-en-nicaragua\/"]}]},{"@type":"ImageObject","inLanguage":"es","@id":"https:\/\/interamerica.org\/es\/2026\/04\/se-llega-a-mas-de-veinte-mil-personas-gracias-a-iniciativa-nacional-de-salud-en-nicaragua\/#primaryimage","url":"https:\/\/interamerica.org\/wp-content\/uploads\/2026\/04\/nica-puertocabezas-totalhealthimpact2026.jpg","contentUrl":"https:\/\/interamerica.org\/wp-content\/uploads\/2026\/04\/nica-puertocabezas-totalhealthimpact2026.jpg","width":1280,"height":800,"caption":"Un profesional de la salud brinda atenci\u00f3n durante servicios m\u00e9dicos gratuitos en Puerto Cabezas (Bilwi), al noreste de Nicaragua, el 11 de abril de 2026. El personal y los voluntarios del Hospital Adventista de Nicaragua ayudaron a atender a m\u00e1s de cinco mil personas ese d\u00eda como parte de las actividades del Impacto Salud Total en todo el pa\u00eds. [Fotograf\u00eda: Uni\u00f3n Nicarag\u00fcense]"},{"@type":"BreadcrumbList","@id":"https:\/\/interamerica.org\/es\/2026\/04\/se-llega-a-mas-de-veinte-mil-personas-gracias-a-iniciativa-nacional-de-salud-en-nicaragua\/#breadcrumb","itemListElement":[{"@type":"ListItem","position":1,"name":"Home","item":"https:\/\/interamerica.org\/es\/"},{"@type":"ListItem","position":2,"name":"Se llega a m\u00e1s de veinte mil personas gracias a iniciativa nacional de salud en Nicaragua"}]},{"@type":"WebSite","@id":"https:\/\/interamerica.org\/es\/#website","url":"https:\/\/interamerica.org\/es\/","name":"Iglesia Adventista del S\u00e9ptimo D\u00eda - Divisi\u00f3n Interamericana","description":"","potentialAction":[{"@type":"SearchAction","target":{"@type":"EntryPoint","urlTemplate":"https:\/\/interamerica.org\/es\/?s={search_term_string}"},"query-input":{"@type":"PropertyValueSpecification","valueRequired":true,"valueName":"search_term_string"}}],"inLanguage":"es"},{"@type":"Person","@id":"https:\/\/interamerica.org\/es\/#\/schema\/person\/29998f2bc2d8bd0d38662909289b54f1","name":"libna","image":{"@type":"ImageObject","inLanguage":"es","@id":"https:\/\/secure.gravatar.com\/avatar\/7c5bd30ae4b47a9ba3c856590957fd1d96dc588bf3ac05719d247e126840331f?s=96&d=mm&r=g","url":"https:\/\/secure.gravatar.com\/avatar\/7c5bd30ae4b47a9ba3c856590957fd1d96dc588bf3ac05719d247e126840331f?s=96&d=mm&r=g","contentUrl":"https:\/\/secure.gravatar.com\/avatar\/7c5bd30ae4b47a9ba3c856590957fd1d96dc588bf3ac05719d247e126840331f?s=96&d=mm&r=g","caption":"libna"}}]}},"_links":{"self":[{"href":"https:\/\/interamerica.org\/es\/wp-json\/wp\/v2\/posts\/142509","targetHints":{"allow":["GET"]}}],"collection":[{"href":"https:\/\/interamerica.org\/es\/wp-json\/wp\/v2\/posts"}],"about":[{"href":"https:\/\/interamerica.org\/es\/wp-json\/wp\/v2\/types\/post"}],"author":[{"embeddable":true,"href":"https:\/\/interamerica.org\/es\/wp-json\/wp\/v2\/users\/3"}],"replies":[{"embeddable":true,"href":"https:\/\/interamerica.org\/es\/wp-json\/wp\/v2\/comments?post=142509"}],"version-history":[{"count":1,"href":"https:\/\/interamerica.org\/es\/wp-json\/wp\/v2\/posts\/142509\/revisions"}],"predecessor-version":[{"id":142541,"href":"https:\/\/interamerica.org\/es\/wp-json\/wp\/v2\/posts\/142509\/revisions\/142541"}],"wp:featuredmedia":[{"embeddable":true,"href":"https:\/\/interamerica.org\/es\/wp-json\/wp\/v2\/media\/142510"}],"wp:attachment":[{"href":"https:\/\/interamerica.org\/es\/wp-json\/wp\/v2\/media?parent=142509"}],"wp:term":[{"taxonomy":"category","embeddable":true,"href":"https:\/\/interamerica.org\/es\/wp-json\/wp\/v2\/categories?post=142509"},{"taxonomy":"post_tag","embeddable":true,"href":"https:\/\/interamerica.org\/es\/wp-json\/wp\/v2\/tags?post=142509"}],"curies":[{"name":"wp","href":"https:\/\/api.w.org\/{rel}","templated":true}]}}