{"id":142559,"date":"2026-04-30T23:48:19","date_gmt":"2026-05-01T03:48:19","guid":{"rendered":"https:\/\/interamerica.org\/?p=142559"},"modified":"2026-05-01T10:22:41","modified_gmt":"2026-05-01T14:22:41","slug":"miles-participan-de-esfuerzos-de-salud-preventiva-en-honduras-durante-impacto-salud-total","status":"publish","type":"post","link":"https:\/\/interamerica.org\/es\/2026\/04\/miles-participan-de-esfuerzos-de-salud-preventiva-en-honduras-durante-impacto-salud-total\/","title":{"rendered":"Miles participan de esfuerzos de salud preventiva en Honduras durante Impacto Salud Total"},"content":{"rendered":"<p><em>La iniciativa combina la divulgaci\u00f3n p\u00fablica, la participaci\u00f3n en los medios y las alianzas comunitarias para promover estilos de vida m\u00e1s saludables. <\/em><\/p>\n<p>30 de abril de 2026 | Tegucigalpa, Honduras | Uni\u00f3n Hondure\u00f1a y Noticias de la Divisi\u00f3n Interamericana<\/p>\n<p>La Iglesia Adventista del S\u00e9ptimo D\u00eda en Honduras llev\u00f3 a cabo su <em>Impacto Salud Total<\/em> del 6 al 11 de abril de 2026, alcanzando a m\u00e1s de 21.300 personas por medio de una iniciativa nacional centrada en la salud preventiva y la promoci\u00f3n del bienestar f\u00edsico, mental y espiritual.<\/p>\n<p>El esfuerzo de una semana combin\u00f3 educaci\u00f3n sanitaria, divulgaci\u00f3n m\u00e9dica y aliento espiritual, involucrando a comunidades de todo el pa\u00eds con mensajes centrados en el estilo de vida, la prevenci\u00f3n y la esperanza.<\/p>\n<p><div id=\"attachment_142516\" style=\"width: 908px\" class=\"wp-caption aligncenter\"><img fetchpriority=\"high\" decoding=\"async\" aria-describedby=\"caption-attachment-142516\" class=\" wp-image-142516\" src=\"https:\/\/interamerica.org\/wp-content\/uploads\/2026\/04\/honu-totalhealth-volunteer.png\" alt=\"\" width=\"898\" height=\"501\" srcset=\"https:\/\/interamerica.org\/wp-content\/uploads\/2026\/04\/honu-totalhealth-volunteer.png 1000w, https:\/\/interamerica.org\/wp-content\/uploads\/2026\/04\/honu-totalhealth-volunteer-300x167.png 300w, https:\/\/interamerica.org\/wp-content\/uploads\/2026\/04\/honu-totalhealth-volunteer-768x429.png 768w\" sizes=\"(max-width: 898px) 100vw, 898px\" \/><p id=\"caption-attachment-142516\" class=\"wp-caption-text\">Una voluntaria revisa a una visitante en el Centro C\u00edvico del Gobierno en Tegucigalpa, Honduras, durante las actividades de Impacto Salud Total celebradas del 6 al 11 de abril de 2026, en las que cientos de personas aprendieron sobre estilos de vida m\u00e1s saludables y se lleg\u00f3 a m\u00e1s de 21.300 personas en todo el pa\u00eds. [Fotograf\u00eda: Man\u00fa L\u00f3pez\/Hope Media Honduras]<\/p><\/div>Un componente central de la iniciativa incluy\u00f3 una semana de oraci\u00f3n con \u00e9nfasis en la salud, celebrada en la iglesia adventista de Tepeyac y dirigida por el Dr. Elmer L\u00f3pez Lutz, director del ministerio de salud de la Asociaci\u00f3n Central de Honduras. El programa se emiti\u00f3 a nivel nacional por medio de Hope Media Honduras, lo que permiti\u00f3 que miles participaran de forma remota.<\/p>\n<p>A lo largo de la semana, profesionales de salud de todo el pa\u00eds abordaron temas relacionados con un estilo de vida saludable y la prevenci\u00f3n de enfermedades. Entre ellos estuvieron Bany Corrales, director de ministerios de salud de la Uni\u00f3n Hondure\u00f1a, y Luis Aguilar, que forma parte del programa de Universidad Promotora de la Salud de la Universidad de Montemorelos, en M\u00e9xico.<\/p>\n<p><div id=\"attachment_142523\" style=\"width: 900px\" class=\"wp-caption aligncenter\"><img decoding=\"async\" aria-describedby=\"caption-attachment-142523\" class=\" wp-image-142523\" src=\"https:\/\/interamerica.org\/wp-content\/uploads\/2026\/04\/honu-upnfm-tegucigalpa-health.jpg\" alt=\"\" width=\"890\" height=\"501\" srcset=\"https:\/\/interamerica.org\/wp-content\/uploads\/2026\/04\/honu-upnfm-tegucigalpa-health.jpg 1000w, https:\/\/interamerica.org\/wp-content\/uploads\/2026\/04\/honu-upnfm-tegucigalpa-health-300x169.jpg 300w, https:\/\/interamerica.org\/wp-content\/uploads\/2026\/04\/honu-upnfm-tegucigalpa-health-768x432.jpg 768w\" sizes=\"(max-width: 890px) 100vw, 890px\" \/><p id=\"caption-attachment-142523\" class=\"wp-caption-text\">Una profesional de salud toma la presi\u00f3n arterial de una visitante en un puesto de salud de la Universidad Nacional Pedag\u00f3gica Francisco Moraz\u00e1n en Tegucigalpa, donde el personal m\u00e9dico y los miembros de iglesia atendieron a estudiantes y miembros de la comunidad durante la semana de alcance comunitario. [Fotograf\u00eda: Asociaci\u00f3n Central de Honduras]<\/p><\/div><strong>Impacto comunitario lleva la atenci\u00f3n preventiva a los espacios p\u00fablicos<\/strong><\/p>\n<p>Adem\u00e1s de la programaci\u00f3n con sede en las iglesias, los organizadores llevaron a cabo dos grandes exposiciones de salud destinadas a ampliar el acceso a la atenci\u00f3n preventiva.<\/p>\n<p>La primera tuvo lugar en el Centro C\u00edvico del Gobierno, donde la Asociaci\u00f3n Central de Honduras, en colaboraci\u00f3n con el Hospital Adventista Valle de \u00c1ngeles, prest\u00f3 servicios a cientos de personas que visitaban las oficinas de gobierno.<\/p>\n<p><div id=\"attachment_142517\" style=\"width: 879px\" class=\"wp-caption aligncenter\"><img decoding=\"async\" aria-describedby=\"caption-attachment-142517\" class=\" wp-image-142517\" src=\"https:\/\/interamerica.org\/wp-content\/uploads\/2026\/04\/honu-total-health-1.png\" alt=\"\" width=\"869\" height=\"498\" srcset=\"https:\/\/interamerica.org\/wp-content\/uploads\/2026\/04\/honu-total-health-1.png 983w, https:\/\/interamerica.org\/wp-content\/uploads\/2026\/04\/honu-total-health-1-300x172.png 300w, https:\/\/interamerica.org\/wp-content\/uploads\/2026\/04\/honu-total-health-1-768x440.png 768w\" sizes=\"(max-width: 869px) 100vw, 869px\" \/><p id=\"caption-attachment-142517\" class=\"wp-caption-text\">Profesionales m\u00e9dicos hablan con una paciente durante su visita al Centro C\u00edvico del Gobierno en Tegucigalpa, Honduras, durante Impacto Salud Total. [Fotograf\u00eda: Man\u00fa L\u00f3pez\/Hope Media Honduras]<\/p><\/div>Una segunda exposici\u00f3n se celebr\u00f3 en la Universidad Nacional Pedag\u00f3gica Francisco Moraz\u00e1n, con el apoyo de la Asociaci\u00f3n Adventista de Comayag\u00fcela y el Ministerio Vida Internacional.<\/p>\n<p>En ambos lugares, los participantes recibieron ex\u00e1menes b\u00e1sicos de salud, orientaci\u00f3n personalizada y educaci\u00f3n sobre los ocho remedios naturales de la iglesia. Se distribuyeron materiales informativos y los organizadores establecieron numerosos contactos para continuar con la participaci\u00f3n comunitaria, afirmaron los l\u00edderes de la iglesia.<\/p>\n<p><div id=\"attachment_142522\" style=\"width: 900px\" class=\"wp-caption aligncenter\"><img loading=\"lazy\" decoding=\"async\" aria-describedby=\"caption-attachment-142522\" class=\" wp-image-142522\" src=\"https:\/\/interamerica.org\/wp-content\/uploads\/2026\/04\/honu-upnfm-8habits-1024x658.jpg\" alt=\"\" width=\"890\" height=\"572\" srcset=\"https:\/\/interamerica.org\/wp-content\/uploads\/2026\/04\/honu-upnfm-8habits-1024x658.jpg 1024w, https:\/\/interamerica.org\/wp-content\/uploads\/2026\/04\/honu-upnfm-8habits-300x193.jpg 300w, https:\/\/interamerica.org\/wp-content\/uploads\/2026\/04\/honu-upnfm-8habits-768x494.jpg 768w, https:\/\/interamerica.org\/wp-content\/uploads\/2026\/04\/honu-upnfm-8habits-1536x987.jpg 1536w, https:\/\/interamerica.org\/wp-content\/uploads\/2026\/04\/honu-upnfm-8habits-2048x1316.jpg 2048w\" sizes=\"(max-width: 890px) 100vw, 890px\" \/><p id=\"caption-attachment-142522\" class=\"wp-caption-text\">Una voluntaria miembro de iglesia explica los beneficios de la buena nutrici\u00f3n, como parte del impacto de salud celebrado en la Universidad Nacional Pedag\u00f3gica Francisco Moraz\u00e1n en Tegucigalpa, [Fotograf\u00eda: Asociaci\u00f3n Central de Honduras]<\/p><\/div><strong>La educaci\u00f3n para la salud gana visibilidad mediante la participaci\u00f3n de los medios<\/strong><\/p>\n<p>Como parte del D\u00eda Mundial de la Salud, el 7 de abril, los l\u00edderes de la iglesia ampliaron el alcance de la iniciativa gracias a los medios nacionales. Corrales y Aguilar participaron en una entrevista televisada en HCH Televisi\u00f3n Digital, donde enfatizaron la importancia de la prevenci\u00f3n y las elecciones de estilo de vida saludables.<\/p>\n<p>Se\u00f1alaron que promover h\u00e1bitos m\u00e1s saludables puede ayudar a reducir la carga sobre los sistemas p\u00fablicos de salud, beneficiando tanto a los individuos como a las instituciones gubernamentales.<\/p>\n<p>El Dr. Aguilar tambi\u00e9n destac\u00f3 el impacto m\u00e1s amplio de las iniciativas adventistas de salud en toda la Divisi\u00f3n Interamericana durante una aparici\u00f3n en el programa <em>Conexi\u00f3n Misi\u00f3n<\/em>.<\/p>\n<p><div id=\"attachment_142513\" style=\"width: 904px\" class=\"wp-caption aligncenter\"><img loading=\"lazy\" decoding=\"async\" aria-describedby=\"caption-attachment-142513\" class=\" wp-image-142513\" src=\"https:\/\/interamerica.org\/wp-content\/uploads\/2026\/04\/honu-totalhealth-tv.png\" alt=\"\" width=\"894\" height=\"532\" srcset=\"https:\/\/interamerica.org\/wp-content\/uploads\/2026\/04\/honu-totalhealth-tv.png 1000w, https:\/\/interamerica.org\/wp-content\/uploads\/2026\/04\/honu-totalhealth-tv-300x179.png 300w, https:\/\/interamerica.org\/wp-content\/uploads\/2026\/04\/honu-totalhealth-tv-768x457.png 768w\" sizes=\"(max-width: 894px) 100vw, 894px\" \/><p id=\"caption-attachment-142513\" class=\"wp-caption-text\">Bany Corrales (centro), director del ministerio de salud de la Uni\u00f3n Hondure\u00f1a; y el doctor Luis Aguilar (izquierda), parte del programa de Universidad Promotora de la Salud en la Universidad de Montemorelos, en M\u00e9xico, participan en una entrevista en directo en HCH Televisi\u00f3n Digital, destacando la importancia de la prevenci\u00f3n y las elecciones de estilo de vida saludable durante el Impacto Salud Total en Honduras. [Fotograf\u00eda: Man\u00fa L\u00f3pez\/Hope Media Honduras]<\/p><\/div>La iniciativa tambi\u00e9n lleg\u00f3 a ni\u00f1os y j\u00f3venes mediante sesiones de formaci\u00f3n en escuelas adventistas, donde se anim\u00f3 a los estudiantes a adoptar h\u00e1bitos saludables desde una edad temprana.<\/p>\n<p>Los l\u00edderes se\u00f1alaron que estos esfuerzos son especialmente relevantes en un contexto nacional marcado por los desaf\u00edos continuos de salud p\u00fablica, lo que incluye altas tasas de enfermedades cr\u00f3nicas como la diabetes, la hipertensi\u00f3n y las enfermedades cardiovasculares, as\u00ed como el acceso limitado a la atenci\u00f3n quir\u00fargica en el sistema p\u00fablico.<\/p>\n<p><strong>Parte de un movimiento regional m\u00e1s amplio<\/strong><\/p>\n<p>La iniciativa de Honduras form\u00f3 parte de un esfuerzo m\u00e1s amplio conocido como <em> Movimiento Salud Total<\/em> en toda la Divisi\u00f3n Interamericana, que moviliz\u00f3 a miembros de iglesia, profesionales de la salud e instituciones en toda Centroam\u00e9rica.<\/p>\n<p><div id=\"attachment_142515\" style=\"width: 881px\" class=\"wp-caption aligncenter\"><img loading=\"lazy\" decoding=\"async\" aria-describedby=\"caption-attachment-142515\" class=\" wp-image-142515\" src=\"https:\/\/interamerica.org\/wp-content\/uploads\/2026\/04\/honu-totalhealth-prayer.png\" alt=\"\" width=\"871\" height=\"488\" srcset=\"https:\/\/interamerica.org\/wp-content\/uploads\/2026\/04\/honu-totalhealth-prayer.png 1000w, https:\/\/interamerica.org\/wp-content\/uploads\/2026\/04\/honu-totalhealth-prayer-300x168.png 300w, https:\/\/interamerica.org\/wp-content\/uploads\/2026\/04\/honu-totalhealth-prayer-768x430.png 768w\" sizes=\"(max-width: 871px) 100vw, 871px\" \/><p id=\"caption-attachment-142515\" class=\"wp-caption-text\">Un ministro ora con un paciente en el Centro C\u00edvico del Gobierno en Tegucigalpa, Honduras, durante el programa de Impacto Salud Total celebrado del 6 al 11 de abril de 2026. [Fotograf\u00eda: Man\u00fa L\u00f3pez\/Hope Media Honduras]<\/p><\/div>La iniciativa es un esfuerzo a nivel de la iglesia que enfatiza el servicio como una expresi\u00f3n central de la misi\u00f3n, uniendo a miembros y ministerios para promover la salud integral y atender las necesidades f\u00edsicas, mentales y espirituales de las comunidades. El movimiento se centra en la participaci\u00f3n pr\u00e1ctica: en animar a los miembros a practicar, compartir y servir mientras se conectan con otros mediante la labor de divulgaci\u00f3n de salud.<\/p>\n<p>El pastor Ad\u00e1n Ramos, presidente de la Uni\u00f3n Hondure\u00f1a, afirm\u00f3 que la iniciativa represent\u00f3 un esfuerzo nacional significativo, alcanzando a m\u00e1s de 21.300 personas en solo una semana.<\/p>\n<p>\u201cLa iniciativa refleja no solo la urgente necesidad de la salud preventiva en Honduras, sino tambi\u00e9n la confianza que la poblaci\u00f3n deposita en el trabajo de la Iglesia Adventista del S\u00e9ptimo D\u00eda\u201d, dijo Ramos.<\/p>\n<p>Se\u00f1al\u00f3 que, en un pa\u00eds que enfrenta desaf\u00edos continuos de salud p\u00fablica, esfuerzos como estos proporcionan tanto atenci\u00f3n como educaci\u00f3n, promoviendo un estilo de vida integral que aborda el bienestar f\u00edsico, mental y espiritual.<\/p>\n<p><div id=\"attachment_142518\" style=\"width: 868px\" class=\"wp-caption aligncenter\"><img loading=\"lazy\" decoding=\"async\" aria-describedby=\"caption-attachment-142518\" class=\" wp-image-142518\" src=\"https:\/\/interamerica.org\/wp-content\/uploads\/2026\/04\/honu-salud-poster.png\" alt=\"\" width=\"858\" height=\"572\" srcset=\"https:\/\/interamerica.org\/wp-content\/uploads\/2026\/04\/honu-salud-poster.png 1000w, https:\/\/interamerica.org\/wp-content\/uploads\/2026\/04\/honu-salud-poster-300x200.png 300w, https:\/\/interamerica.org\/wp-content\/uploads\/2026\/04\/honu-salud-poster-768x512.png 768w\" sizes=\"(max-width: 858px) 100vw, 858px\" \/><p id=\"caption-attachment-142518\" class=\"wp-caption-text\">Un aviso promocional destaca a profesionales m\u00e9dicos y de salud de Honduras, que tuvieron a su cargo presentaciones en l\u00ednea durante la semana del Impacto Salud Total. [Imagen: Facebook]<\/p><\/div>Ramos tambi\u00e9n record\u00f3 un momento durante una de las actividades de divulgaci\u00f3n en el que las condiciones meteorol\u00f3gicas y los desaf\u00edos log\u00edsticos casi llevaron a los organizadores a cancelar. \u201cCuando vimos que las personas aguardaban ser atendidas, entendimos que cada esfuerzo val\u00eda la pena\u201d, dijo.<\/p>\n<p>Ramos dijo que la iglesia proporcionar\u00e1 recursos, incluido el pr\u00f3ximo curso de ocho h\u00e1bitos saludables, para ayudar a que las congregaciones locales fortalezcan la participaci\u00f3n comunitaria y apoyen el seguimiento continuo en la promoci\u00f3n de estilos de vida sana.<\/p>\n<p>Traducci\u00f3n de Marcos Paseggi<\/p>\n","protected":false},"excerpt":{"rendered":"<p>La iniciativa combina la divulgaci\u00f3n p\u00fablica, la participaci\u00f3n en los medios y las alianzas comunitarias para promover estilos de vida m\u00e1s saludables. 30 de abril de 2026 | Tegucigalpa, Honduras&#8230;<\/p>\n","protected":false},"author":3,"featured_media":142560,"comment_status":"closed","ping_status":"closed","sticky":false,"template":"","format":"standard","meta":{"_acf_changed":false,"footnotes":""},"categories":[17,15],"tags":[],"class_list":["post-142559","post","type-post","status-publish","format-standard","has-post-thumbnail","hentry","category-desde-el-campo","category-rss-espanol"],"acf":[],"yoast_head":"<!-- This site is optimized with the Yoast SEO plugin v27.3 - https:\/\/yoast.com\/product\/yoast-seo-wordpress\/ -->\n<title>Miles participan de esfuerzos de salud preventiva en Honduras durante Impacto Salud Total - Iglesia Adventista del S\u00e9ptimo D\u00eda - Divisi\u00f3n Interamericana<\/title>\n<meta name=\"robots\" content=\"index, follow, max-snippet:-1, max-image-preview:large, max-video-preview:-1\" \/>\n<link rel=\"canonical\" href=\"https:\/\/interamerica.org\/es\/2026\/04\/miles-participan-de-esfuerzos-de-salud-preventiva-en-honduras-durante-impacto-salud-total\/\" \/>\n<meta property=\"og:locale\" content=\"es_ES\" \/>\n<meta property=\"og:type\" content=\"article\" \/>\n<meta property=\"og:title\" content=\"Miles participan de esfuerzos de salud preventiva en Honduras durante Impacto Salud Total - Iglesia Adventista del S\u00e9ptimo D\u00eda - Divisi\u00f3n Interamericana\" \/>\n<meta property=\"og:description\" content=\"La iniciativa combina la divulgaci\u00f3n p\u00fablica, la participaci\u00f3n en los medios y las alianzas comunitarias para promover estilos de vida m\u00e1s saludables. 30 de abril de 2026 | Tegucigalpa, Honduras...\" \/>\n<meta property=\"og:url\" content=\"https:\/\/interamerica.org\/es\/2026\/04\/miles-participan-de-esfuerzos-de-salud-preventiva-en-honduras-durante-impacto-salud-total\/\" \/>\n<meta property=\"og:site_name\" content=\"Iglesia Adventista del S\u00e9ptimo D\u00eda - Divisi\u00f3n Interamericana\" \/>\n<meta property=\"article:published_time\" content=\"2026-05-01T03:48:19+00:00\" \/>\n<meta property=\"article:modified_time\" content=\"2026-05-01T14:22:41+00:00\" \/>\n<meta property=\"og:image\" content=\"https:\/\/interamerica.org\/wp-content\/uploads\/2026\/04\/honu-totalhealth-volunteer.png\" \/>\n\t<meta property=\"og:image:width\" content=\"1000\" \/>\n\t<meta property=\"og:image:height\" content=\"558\" \/>\n\t<meta property=\"og:image:type\" content=\"image\/png\" \/>\n<meta name=\"author\" content=\"libna\" \/>\n<meta name=\"twitter:card\" content=\"summary_large_image\" \/>\n<meta name=\"twitter:label1\" content=\"Escrito por\" \/>\n\t<meta name=\"twitter:data1\" content=\"libna\" \/>\n\t<meta name=\"twitter:label2\" content=\"Tiempo de lectura\" \/>\n\t<meta name=\"twitter:data2\" content=\"7 minutos\" \/>\n<script type=\"application\/ld+json\" class=\"yoast-schema-graph\">{\"@context\":\"https:\\\/\\\/schema.org\",\"@graph\":[{\"@type\":\"Article\",\"@id\":\"https:\\\/\\\/interamerica.org\\\/es\\\/2026\\\/04\\\/miles-participan-de-esfuerzos-de-salud-preventiva-en-honduras-durante-impacto-salud-total\\\/#article\",\"isPartOf\":{\"@id\":\"https:\\\/\\\/interamerica.org\\\/es\\\/2026\\\/04\\\/miles-participan-de-esfuerzos-de-salud-preventiva-en-honduras-durante-impacto-salud-total\\\/\"},\"author\":{\"name\":\"libna\",\"@id\":\"https:\\\/\\\/interamerica.org\\\/es\\\/#\\\/schema\\\/person\\\/29998f2bc2d8bd0d38662909289b54f1\"},\"headline\":\"Miles participan de esfuerzos de salud preventiva en Honduras durante Impacto Salud Total\",\"datePublished\":\"2026-05-01T03:48:19+00:00\",\"dateModified\":\"2026-05-01T14:22:41+00:00\",\"mainEntityOfPage\":{\"@id\":\"https:\\\/\\\/interamerica.org\\\/es\\\/2026\\\/04\\\/miles-participan-de-esfuerzos-de-salud-preventiva-en-honduras-durante-impacto-salud-total\\\/\"},\"wordCount\":1395,\"image\":{\"@id\":\"https:\\\/\\\/interamerica.org\\\/es\\\/2026\\\/04\\\/miles-participan-de-esfuerzos-de-salud-preventiva-en-honduras-durante-impacto-salud-total\\\/#primaryimage\"},\"thumbnailUrl\":\"https:\\\/\\\/interamerica.org\\\/wp-content\\\/uploads\\\/2026\\\/04\\\/honu-totalhealth-volunteer.png\",\"articleSection\":[\"Desde el campo\",\"RSS Espa\u00f1ol\"],\"inLanguage\":\"es\"},{\"@type\":\"WebPage\",\"@id\":\"https:\\\/\\\/interamerica.org\\\/es\\\/2026\\\/04\\\/miles-participan-de-esfuerzos-de-salud-preventiva-en-honduras-durante-impacto-salud-total\\\/\",\"url\":\"https:\\\/\\\/interamerica.org\\\/es\\\/2026\\\/04\\\/miles-participan-de-esfuerzos-de-salud-preventiva-en-honduras-durante-impacto-salud-total\\\/\",\"name\":\"Miles participan de esfuerzos de salud preventiva en Honduras durante Impacto Salud Total - Iglesia Adventista del S\u00e9ptimo D\u00eda - Divisi\u00f3n Interamericana\",\"isPartOf\":{\"@id\":\"https:\\\/\\\/interamerica.org\\\/es\\\/#website\"},\"primaryImageOfPage\":{\"@id\":\"https:\\\/\\\/interamerica.org\\\/es\\\/2026\\\/04\\\/miles-participan-de-esfuerzos-de-salud-preventiva-en-honduras-durante-impacto-salud-total\\\/#primaryimage\"},\"image\":{\"@id\":\"https:\\\/\\\/interamerica.org\\\/es\\\/2026\\\/04\\\/miles-participan-de-esfuerzos-de-salud-preventiva-en-honduras-durante-impacto-salud-total\\\/#primaryimage\"},\"thumbnailUrl\":\"https:\\\/\\\/interamerica.org\\\/wp-content\\\/uploads\\\/2026\\\/04\\\/honu-totalhealth-volunteer.png\",\"datePublished\":\"2026-05-01T03:48:19+00:00\",\"dateModified\":\"2026-05-01T14:22:41+00:00\",\"author\":{\"@id\":\"https:\\\/\\\/interamerica.org\\\/es\\\/#\\\/schema\\\/person\\\/29998f2bc2d8bd0d38662909289b54f1\"},\"breadcrumb\":{\"@id\":\"https:\\\/\\\/interamerica.org\\\/es\\\/2026\\\/04\\\/miles-participan-de-esfuerzos-de-salud-preventiva-en-honduras-durante-impacto-salud-total\\\/#breadcrumb\"},\"inLanguage\":\"es\",\"potentialAction\":[{\"@type\":\"ReadAction\",\"target\":[\"https:\\\/\\\/interamerica.org\\\/es\\\/2026\\\/04\\\/miles-participan-de-esfuerzos-de-salud-preventiva-en-honduras-durante-impacto-salud-total\\\/\"]}]},{\"@type\":\"ImageObject\",\"inLanguage\":\"es\",\"@id\":\"https:\\\/\\\/interamerica.org\\\/es\\\/2026\\\/04\\\/miles-participan-de-esfuerzos-de-salud-preventiva-en-honduras-durante-impacto-salud-total\\\/#primaryimage\",\"url\":\"https:\\\/\\\/interamerica.org\\\/wp-content\\\/uploads\\\/2026\\\/04\\\/honu-totalhealth-volunteer.png\",\"contentUrl\":\"https:\\\/\\\/interamerica.org\\\/wp-content\\\/uploads\\\/2026\\\/04\\\/honu-totalhealth-volunteer.png\",\"width\":1000,\"height\":558,\"caption\":\"[Fotograf\u00eda: Man\u00fa L\u00f3pez\\\/ Hope Media Honduras]\"},{\"@type\":\"BreadcrumbList\",\"@id\":\"https:\\\/\\\/interamerica.org\\\/es\\\/2026\\\/04\\\/miles-participan-de-esfuerzos-de-salud-preventiva-en-honduras-durante-impacto-salud-total\\\/#breadcrumb\",\"itemListElement\":[{\"@type\":\"ListItem\",\"position\":1,\"name\":\"Home\",\"item\":\"https:\\\/\\\/interamerica.org\\\/es\\\/\"},{\"@type\":\"ListItem\",\"position\":2,\"name\":\"Miles participan de esfuerzos de salud preventiva en Honduras durante Impacto Salud Total\"}]},{\"@type\":\"WebSite\",\"@id\":\"https:\\\/\\\/interamerica.org\\\/es\\\/#website\",\"url\":\"https:\\\/\\\/interamerica.org\\\/es\\\/\",\"name\":\"Iglesia Adventista del S\u00e9ptimo D\u00eda - Divisi\u00f3n Interamericana\",\"description\":\"\",\"potentialAction\":[{\"@type\":\"SearchAction\",\"target\":{\"@type\":\"EntryPoint\",\"urlTemplate\":\"https:\\\/\\\/interamerica.org\\\/es\\\/?s={search_term_string}\"},\"query-input\":{\"@type\":\"PropertyValueSpecification\",\"valueRequired\":true,\"valueName\":\"search_term_string\"}}],\"inLanguage\":\"es\"},{\"@type\":\"Person\",\"@id\":\"https:\\\/\\\/interamerica.org\\\/es\\\/#\\\/schema\\\/person\\\/29998f2bc2d8bd0d38662909289b54f1\",\"name\":\"libna\",\"image\":{\"@type\":\"ImageObject\",\"inLanguage\":\"es\",\"@id\":\"https:\\\/\\\/secure.gravatar.com\\\/avatar\\\/7c5bd30ae4b47a9ba3c856590957fd1d96dc588bf3ac05719d247e126840331f?s=96&d=mm&r=g\",\"url\":\"https:\\\/\\\/secure.gravatar.com\\\/avatar\\\/7c5bd30ae4b47a9ba3c856590957fd1d96dc588bf3ac05719d247e126840331f?s=96&d=mm&r=g\",\"contentUrl\":\"https:\\\/\\\/secure.gravatar.com\\\/avatar\\\/7c5bd30ae4b47a9ba3c856590957fd1d96dc588bf3ac05719d247e126840331f?s=96&d=mm&r=g\",\"caption\":\"libna\"}}]}<\/script>\n<!-- \/ Yoast SEO plugin. -->","yoast_head_json":{"title":"Miles participan de esfuerzos de salud preventiva en Honduras durante Impacto Salud Total - Iglesia Adventista del S\u00e9ptimo D\u00eda - Divisi\u00f3n Interamericana","robots":{"index":"index","follow":"follow","max-snippet":"max-snippet:-1","max-image-preview":"max-image-preview:large","max-video-preview":"max-video-preview:-1"},"canonical":"https:\/\/interamerica.org\/es\/2026\/04\/miles-participan-de-esfuerzos-de-salud-preventiva-en-honduras-durante-impacto-salud-total\/","og_locale":"es_ES","og_type":"article","og_title":"Miles participan de esfuerzos de salud preventiva en Honduras durante Impacto Salud Total - Iglesia Adventista del S\u00e9ptimo D\u00eda - Divisi\u00f3n Interamericana","og_description":"La iniciativa combina la divulgaci\u00f3n p\u00fablica, la participaci\u00f3n en los medios y las alianzas comunitarias para promover estilos de vida m\u00e1s saludables. 30 de abril de 2026 | Tegucigalpa, Honduras...","og_url":"https:\/\/interamerica.org\/es\/2026\/04\/miles-participan-de-esfuerzos-de-salud-preventiva-en-honduras-durante-impacto-salud-total\/","og_site_name":"Iglesia Adventista del S\u00e9ptimo D\u00eda - Divisi\u00f3n Interamericana","article_published_time":"2026-05-01T03:48:19+00:00","article_modified_time":"2026-05-01T14:22:41+00:00","og_image":[{"width":1000,"height":558,"url":"https:\/\/interamerica.org\/wp-content\/uploads\/2026\/04\/honu-totalhealth-volunteer.png","type":"image\/png"}],"author":"libna","twitter_card":"summary_large_image","twitter_misc":{"Escrito por":"libna","Tiempo de lectura":"7 minutos"},"schema":{"@context":"https:\/\/schema.org","@graph":[{"@type":"Article","@id":"https:\/\/interamerica.org\/es\/2026\/04\/miles-participan-de-esfuerzos-de-salud-preventiva-en-honduras-durante-impacto-salud-total\/#article","isPartOf":{"@id":"https:\/\/interamerica.org\/es\/2026\/04\/miles-participan-de-esfuerzos-de-salud-preventiva-en-honduras-durante-impacto-salud-total\/"},"author":{"name":"libna","@id":"https:\/\/interamerica.org\/es\/#\/schema\/person\/29998f2bc2d8bd0d38662909289b54f1"},"headline":"Miles participan de esfuerzos de salud preventiva en Honduras durante Impacto Salud Total","datePublished":"2026-05-01T03:48:19+00:00","dateModified":"2026-05-01T14:22:41+00:00","mainEntityOfPage":{"@id":"https:\/\/interamerica.org\/es\/2026\/04\/miles-participan-de-esfuerzos-de-salud-preventiva-en-honduras-durante-impacto-salud-total\/"},"wordCount":1395,"image":{"@id":"https:\/\/interamerica.org\/es\/2026\/04\/miles-participan-de-esfuerzos-de-salud-preventiva-en-honduras-durante-impacto-salud-total\/#primaryimage"},"thumbnailUrl":"https:\/\/interamerica.org\/wp-content\/uploads\/2026\/04\/honu-totalhealth-volunteer.png","articleSection":["Desde el campo","RSS Espa\u00f1ol"],"inLanguage":"es"},{"@type":"WebPage","@id":"https:\/\/interamerica.org\/es\/2026\/04\/miles-participan-de-esfuerzos-de-salud-preventiva-en-honduras-durante-impacto-salud-total\/","url":"https:\/\/interamerica.org\/es\/2026\/04\/miles-participan-de-esfuerzos-de-salud-preventiva-en-honduras-durante-impacto-salud-total\/","name":"Miles participan de esfuerzos de salud preventiva en Honduras durante Impacto Salud Total - Iglesia Adventista del S\u00e9ptimo D\u00eda - Divisi\u00f3n Interamericana","isPartOf":{"@id":"https:\/\/interamerica.org\/es\/#website"},"primaryImageOfPage":{"@id":"https:\/\/interamerica.org\/es\/2026\/04\/miles-participan-de-esfuerzos-de-salud-preventiva-en-honduras-durante-impacto-salud-total\/#primaryimage"},"image":{"@id":"https:\/\/interamerica.org\/es\/2026\/04\/miles-participan-de-esfuerzos-de-salud-preventiva-en-honduras-durante-impacto-salud-total\/#primaryimage"},"thumbnailUrl":"https:\/\/interamerica.org\/wp-content\/uploads\/2026\/04\/honu-totalhealth-volunteer.png","datePublished":"2026-05-01T03:48:19+00:00","dateModified":"2026-05-01T14:22:41+00:00","author":{"@id":"https:\/\/interamerica.org\/es\/#\/schema\/person\/29998f2bc2d8bd0d38662909289b54f1"},"breadcrumb":{"@id":"https:\/\/interamerica.org\/es\/2026\/04\/miles-participan-de-esfuerzos-de-salud-preventiva-en-honduras-durante-impacto-salud-total\/#breadcrumb"},"inLanguage":"es","potentialAction":[{"@type":"ReadAction","target":["https:\/\/interamerica.org\/es\/2026\/04\/miles-participan-de-esfuerzos-de-salud-preventiva-en-honduras-durante-impacto-salud-total\/"]}]},{"@type":"ImageObject","inLanguage":"es","@id":"https:\/\/interamerica.org\/es\/2026\/04\/miles-participan-de-esfuerzos-de-salud-preventiva-en-honduras-durante-impacto-salud-total\/#primaryimage","url":"https:\/\/interamerica.org\/wp-content\/uploads\/2026\/04\/honu-totalhealth-volunteer.png","contentUrl":"https:\/\/interamerica.org\/wp-content\/uploads\/2026\/04\/honu-totalhealth-volunteer.png","width":1000,"height":558,"caption":"[Fotograf\u00eda: Man\u00fa L\u00f3pez\/ Hope Media Honduras]"},{"@type":"BreadcrumbList","@id":"https:\/\/interamerica.org\/es\/2026\/04\/miles-participan-de-esfuerzos-de-salud-preventiva-en-honduras-durante-impacto-salud-total\/#breadcrumb","itemListElement":[{"@type":"ListItem","position":1,"name":"Home","item":"https:\/\/interamerica.org\/es\/"},{"@type":"ListItem","position":2,"name":"Miles participan de esfuerzos de salud preventiva en Honduras durante Impacto Salud Total"}]},{"@type":"WebSite","@id":"https:\/\/interamerica.org\/es\/#website","url":"https:\/\/interamerica.org\/es\/","name":"Iglesia Adventista del S\u00e9ptimo D\u00eda - Divisi\u00f3n Interamericana","description":"","potentialAction":[{"@type":"SearchAction","target":{"@type":"EntryPoint","urlTemplate":"https:\/\/interamerica.org\/es\/?s={search_term_string}"},"query-input":{"@type":"PropertyValueSpecification","valueRequired":true,"valueName":"search_term_string"}}],"inLanguage":"es"},{"@type":"Person","@id":"https:\/\/interamerica.org\/es\/#\/schema\/person\/29998f2bc2d8bd0d38662909289b54f1","name":"libna","image":{"@type":"ImageObject","inLanguage":"es","@id":"https:\/\/secure.gravatar.com\/avatar\/7c5bd30ae4b47a9ba3c856590957fd1d96dc588bf3ac05719d247e126840331f?s=96&d=mm&r=g","url":"https:\/\/secure.gravatar.com\/avatar\/7c5bd30ae4b47a9ba3c856590957fd1d96dc588bf3ac05719d247e126840331f?s=96&d=mm&r=g","contentUrl":"https:\/\/secure.gravatar.com\/avatar\/7c5bd30ae4b47a9ba3c856590957fd1d96dc588bf3ac05719d247e126840331f?s=96&d=mm&r=g","caption":"libna"}}]}},"_links":{"self":[{"href":"https:\/\/interamerica.org\/es\/wp-json\/wp\/v2\/posts\/142559","targetHints":{"allow":["GET"]}}],"collection":[{"href":"https:\/\/interamerica.org\/es\/wp-json\/wp\/v2\/posts"}],"about":[{"href":"https:\/\/interamerica.org\/es\/wp-json\/wp\/v2\/types\/post"}],"author":[{"embeddable":true,"href":"https:\/\/interamerica.org\/es\/wp-json\/wp\/v2\/users\/3"}],"replies":[{"embeddable":true,"href":"https:\/\/interamerica.org\/es\/wp-json\/wp\/v2\/comments?post=142559"}],"version-history":[{"count":1,"href":"https:\/\/interamerica.org\/es\/wp-json\/wp\/v2\/posts\/142559\/revisions"}],"predecessor-version":[{"id":142569,"href":"https:\/\/interamerica.org\/es\/wp-json\/wp\/v2\/posts\/142559\/revisions\/142569"}],"wp:featuredmedia":[{"embeddable":true,"href":"https:\/\/interamerica.org\/es\/wp-json\/wp\/v2\/media\/142560"}],"wp:attachment":[{"href":"https:\/\/interamerica.org\/es\/wp-json\/wp\/v2\/media?parent=142559"}],"wp:term":[{"taxonomy":"category","embeddable":true,"href":"https:\/\/interamerica.org\/es\/wp-json\/wp\/v2\/categories?post=142559"},{"taxonomy":"post_tag","embeddable":true,"href":"https:\/\/interamerica.org\/es\/wp-json\/wp\/v2\/tags?post=142559"}],"curies":[{"name":"wp","href":"https:\/\/api.w.org\/{rel}","templated":true}]}}