{"id":147808,"date":"2026-09-02T12:05:32","date_gmt":"2026-09-02T16:05:32","guid":{"rendered":"https:\/\/interamerica.org\/?p=147808"},"modified":"2026-08-28T19:58:21","modified_gmt":"2026-08-28T23:58:21","slug":"se-desafia-a-creadores-de-contenido-deben-colocar-a-las-personas-antes-de-los-numeros","status":"publish","type":"post","link":"https:\/\/interamerica.org\/es\/2026\/09\/se-desafia-a-creadores-de-contenido-deben-colocar-a-las-personas-antes-de-los-numeros\/","title":{"rendered":"Se desaf\u00eda a creadores de contenido deben colocar a las personas antes de los n\u00fameros"},"content":{"rendered":"<p><em>Cristel Romero, de M\u00e9xico, insta a los creadores a que conviertan la confianza que construyen en l\u00ednea en relaciones significativas que satisfagan necesidades y gu\u00eden a las personas hacia Jes\u00fas. <\/em><\/p>\n<p>26 de julio de 2026 | Maryland, Estados Unidos | Libna Stevens, Noticias de la Divisi\u00f3n Interamericana<\/p>\n<p>Para los creadores de contenido acostumbrados a medir su impacto a trav\u00e9s de visualizaciones, seguidores, \u201cme gusta\u201d y participaci\u00f3n, Cristel Romero, estratega de promoci\u00f3n de contenidos y productora audiovisual de la Uni\u00f3n Interoce\u00e1nica Mexicana, ofreci\u00f3 una medida diferente de \u00e9xito: la persona que est\u00e1 detr\u00e1s de los n\u00fameros.<\/p>\n<p>Al hablar ante casi doscientos creadores de contenido e influencers durante la Cumbre de Creadores de la Iglesia Adventista del S\u00e9ptimo D\u00eda en Silver Spring, Maryland, el 23 de julio, Romero desafi\u00f3 a los participantes a que se replanteen c\u00f3mo utilizan las redes sociales para la misi\u00f3n, empezando por la confianza que las audiencias depositan en ellos y las necesidades de las personas a las que esperan llegar.<\/p>\n<p><div id=\"attachment_147810\" style=\"width: 887px\" class=\"wp-caption aligncenter\"><img fetchpriority=\"high\" decoding=\"async\" aria-describedby=\"caption-attachment-147810\" class=\" wp-image-147719\" src=\"https:\/\/interamerica.org\/wp-content\/uploads\/2026\/08\/cristel-romero-header-georgenelson-creatorsummitthu-24.jpg\" alt=\"\" width=\"877\" height=\"584\" srcset=\"https:\/\/interamerica.org\/wp-content\/uploads\/2026\/08\/cristel-romero-header-georgenelson-creatorsummitthu-24.jpg 1000w, https:\/\/interamerica.org\/wp-content\/uploads\/2026\/08\/cristel-romero-header-georgenelson-creatorsummitthu-24-300x200.jpg 300w, https:\/\/interamerica.org\/wp-content\/uploads\/2026\/08\/cristel-romero-header-georgenelson-creatorsummitthu-24-768x511.jpg 768w\" sizes=\"(max-width: 877px) 100vw, 877px\" \/><p id=\"caption-attachment-147810\" class=\"wp-caption-text\">Cristel Romero, estratega de promoci\u00f3n de contenidos y productora audiovisual de la Uni\u00f3n Interoce\u00e1nica Mexicana, presenta un marco de siete etapas para mover a las audiencias digitales desde el contacto inicial hacia el discipulado y la multiplicaci\u00f3n durante la Cumbre de Creadores Adventistas en Maryland, Estados Unidos, el 23 de julio de 2026. [Fotograf\u00eda: George Nelson\/ANN]<\/p><\/div>\u201cCada d\u00eda, un completo desconocido te deja entrar: en su casa, en su pantalla, en su navegaci\u00f3n a las 2 de la madrugada\u201d, dijo Romero a los participantes. \u201cConf\u00edan en ti. Y ahora bien, la confianza es el recurso m\u00e1s escaso del planeta. Tenemos que hacer algo con esa confianza\u201d.<\/p>\n<p>Esa confianza, sugiri\u00f3, ofrece a los creadores cristianos una oportunidad que va mucho m\u00e1s all\u00e1 de producir contenidos exitosos. Puede ofrecer una oportunidad para entender a las personas, atender sus necesidades, construir relaciones y, en \u00faltima instancia, presentarles a Jes\u00fas.<\/p>\n<p><strong>Repensar el \u00e9xito en l\u00ednea<\/strong><\/p>\n<p>Romero, cuyo trabajo incluye la promoci\u00f3n y el ministerio, dijo a los participantes que la divulgaci\u00f3n eficaz comienza desviando la atenci\u00f3n de lo que una organizaci\u00f3n o creador quiere promover hacia las personas a las que intenta servir.<\/p>\n<p>Contrast\u00f3 ese enfoque con una mentalidad basada en los n\u00fameros, centrada principalmente en conseguir m\u00e1s seguidores, visualizaciones, alcance u otros resultados medibles.<\/p>\n<p>\u201cPodemos crear contenidos cristianos con mentalidad de vendedor\u201d, advirti\u00f3 Romero. \u201cPodemos usar a Jes\u00fas como nuestro producto y podemos usar las almas como un mercado. Y no quiero eso\u201d.<\/p>\n<p>Por el contrario, anim\u00f3 a los creadores a que comenzaran por su audiencia \u2014sus necesidades, miedos, luchas y barreras\u2014 y a que plantearan una pregunta fundamentalmente diferente.<\/p>\n<p>\u201c\u00bfQu\u00e9 le est\u00e1 pasando a esa persona?\u201d, dijo Romero. \u201c\u00bfY c\u00f3mo puedo servirles tan bien como para que conf\u00eden lo suficiente en m\u00ed como para dejarme hablar de la eternidad?\u201d<\/p>\n<p><div id=\"attachment_147818\" style=\"width: 883px\" class=\"wp-caption aligncenter\"><img decoding=\"async\" aria-describedby=\"caption-attachment-147818\" class=\" wp-image-147720\" src=\"https:\/\/interamerica.org\/wp-content\/uploads\/2026\/08\/cristel-romero-1georgenelson-creatorsummitthu-22.jpg\" alt=\"\" width=\"873\" height=\"555\" srcset=\"https:\/\/interamerica.org\/wp-content\/uploads\/2026\/08\/cristel-romero-1georgenelson-creatorsummitthu-22.jpg 1000w, https:\/\/interamerica.org\/wp-content\/uploads\/2026\/08\/cristel-romero-1georgenelson-creatorsummitthu-22-300x191.jpg 300w, https:\/\/interamerica.org\/wp-content\/uploads\/2026\/08\/cristel-romero-1georgenelson-creatorsummitthu-22-768x488.jpg 768w\" sizes=\"(max-width: 873px) 100vw, 873px\" \/><p id=\"caption-attachment-147818\" class=\"wp-caption-text\">Cristel Romero desaf\u00eda a los creadores de contenido a mirar m\u00e1s all\u00e1 de los seguidores y las visualizaciones, comprendiendo las necesidades, motivaciones y barreras de las personas a las que llegan a trav\u00e9s de las redes sociales. [Fotograf\u00eda: George Nelson\/ANN]<\/p><\/div>Para Romero, ese enfoque refleja la forma en que Jes\u00fas lleg\u00f3 a las personas. Sobre la base del conocido concepto adventista del m\u00e9todo de ministerio de Cristo, se\u00f1al\u00f3 una progresi\u00f3n en la que Jes\u00fas se mezcl\u00f3 con las personas, mostr\u00f3 simpat\u00eda, ministr\u00f3 a sus necesidades, gan\u00f3 su confianza y luego las invit\u00f3 a seguirlo.<\/p>\n<p>El orden importa, dijo.<\/p>\n<p>\u201cMostr\u00f3 simpat\u00eda. Atend\u00eda a sus necesidades. Se gan\u00f3 su confianza. Y solo entonces dijo: \u2018Seguidme\u2019. Solo entonces\u201d, enfatiz\u00f3 Romero. \u201cEso es un m\u00e9todo. Eso es una secuencia. Es una orden deliberada\u201d.<\/p>\n<p><strong>M\u00e1s all\u00e1 del contenido viral<\/strong><\/p>\n<p>Romero ofreci\u00f3 a los creadores un marco de siete etapas para convertir el contacto digital en discipulado, conectando los principios de la promoci\u00f3n de contenidos con el m\u00e9todo de Cristo para llegar a las personas. El proceso comienza con la convivencia, mostrando simpat\u00eda, satisfaciendo necesidades y ganando confianza antes de avanzar hacia una invitaci\u00f3n a seguir a Cristo y, en \u00faltima instancia, al discipulado y a la multiplicaci\u00f3n.<\/p>\n<p>Para Romero, el marco desaf\u00eda a los creadores a que vean el contenido viral como una puerta de entrada y no como el objetivo. Un video puede presentar a alguien a un creador o ministerio, dijo, pero una misi\u00f3n digital significativa requiere ayudar deliberadamente a las personas a que pasen de la conciencia inicial a la confianza, la relaci\u00f3n y el crecimiento espiritual.<\/p>\n<p>\u201cSus videos virales son s\u00faper buenos\u201d, dijo Romero, refiri\u00e9ndose a la primera fase del proceso. \u201cTenemos que llegar a todas las personas en todas estas etapas\u201d.<\/p>\n<p>La progresi\u00f3n tambi\u00e9n requiere que los creadores vayan m\u00e1s all\u00e1 de simplemente producir contenido para implicarse personalmente con las personas a las que llegan.<\/p>\n<p><div id=\"attachment_147819\" style=\"width: 909px\" class=\"wp-caption aligncenter\"><img decoding=\"async\" aria-describedby=\"caption-attachment-147819\" class=\" wp-image-147717\" src=\"https:\/\/interamerica.org\/wp-content\/uploads\/2026\/08\/cristel-romero-iad-delegates-georgenelson-creatorsummitthu-32.jpg\" alt=\"\" width=\"899\" height=\"599\" srcset=\"https:\/\/interamerica.org\/wp-content\/uploads\/2026\/08\/cristel-romero-iad-delegates-georgenelson-creatorsummitthu-32.jpg 1000w, https:\/\/interamerica.org\/wp-content\/uploads\/2026\/08\/cristel-romero-iad-delegates-georgenelson-creatorsummitthu-32-300x200.jpg 300w, https:\/\/interamerica.org\/wp-content\/uploads\/2026\/08\/cristel-romero-iad-delegates-georgenelson-creatorsummitthu-32-768x512.jpg 768w\" sizes=\"(max-width: 899px) 100vw, 899px\" \/><p id=\"caption-attachment-147819\" class=\"wp-caption-text\">Lilibeth Hern\u00e1ndez, creadora de contenido de Monterrey, M\u00e9xico, toma una foto durante la presentaci\u00f3n de Cristel Romero en la reciente Cumbre de Creadores. [Fotograf\u00eda: George Nelson\/ANN]<\/p><\/div>\u201cCuidar de la gente cuesta\u201d, dijo Romero. \u201cCuidar de la gente cuesta tiempo. Cuidar de las personas cuesta dinero. Cuidar de la gente cuesta energ\u00eda\u201d.<\/p>\n<p>Esa inversi\u00f3n, dijo, refleja la propia disposici\u00f3n de Cristo a entrar en el dolor de la humanidad y darlo todo por los dem\u00e1s.<\/p>\n<p><strong>Cuando una conexi\u00f3n digital se vuelve personal<\/strong><\/p>\n<p>Romero ilustr\u00f3 el principio a trav\u00e9s de una experiencia en su propia iglesia local.<\/p>\n<p>Mientras promocionaba un evento de la iglesia mediante una publicidad dirigida en redes sociales, Romero y su equipo recibieron un mensaje de una mujer que viv\u00eda a solo dos manzanas de la congregaci\u00f3n. Una conversaci\u00f3n en l\u00ednea le ayud\u00f3 a decidir asistir al evento.<\/p>\n<p>La mujer, Lupita, se hab\u00eda mudado a la ciudad cuatro a\u00f1os antes y no ten\u00eda familia ni amigos cercanos cerca, dijo Romero. Cuando un miembro de la iglesia la recibi\u00f3 con un abrazo, empez\u00f3 a llorar.<\/p>\n<p>\u201cNadie la hab\u00eda abrazado en cuatro a\u00f1os\u201d, dijo Romero.<\/p>\n<p>Lo que empez\u00f3 con un anuncio en l\u00ednea se convirti\u00f3 en una relaci\u00f3n. Finalmente, Lupita fue bautizada, pas\u00f3 a formar parte de un grupo de mujeres liderado por Romero y mantuvo una relaci\u00f3n de mentor\u00eda con ella.<\/p>\n<p><div id=\"attachment_147820\" style=\"width: 879px\" class=\"wp-caption aligncenter\"><img loading=\"lazy\" decoding=\"async\" aria-describedby=\"caption-attachment-147820\" class=\" wp-image-147723\" src=\"https:\/\/interamerica.org\/wp-content\/uploads\/2026\/08\/cristel-romero-july23-libna-stevens.png\" alt=\"\" width=\"869\" height=\"579\" srcset=\"https:\/\/interamerica.org\/wp-content\/uploads\/2026\/08\/cristel-romero-july23-libna-stevens.png 1000w, https:\/\/interamerica.org\/wp-content\/uploads\/2026\/08\/cristel-romero-july23-libna-stevens-300x200.png 300w, https:\/\/interamerica.org\/wp-content\/uploads\/2026\/08\/cristel-romero-july23-libna-stevens-768x512.png 768w\" sizes=\"(max-width: 869px) 100vw, 869px\" \/><p id=\"caption-attachment-147820\" class=\"wp-caption-text\">Cristel Romero contrasta una mentalidad centrada en las ventas con un enfoque de promoci\u00f3n centrado en comprender las necesidades, miedos y barreras de las audiencias durante su presentaci\u00f3n en la Cumbre de Creadores Adventistas. [Fotograf\u00eda: Libna Stevens\/DIA]<\/p><\/div>Pero Romero dijo que la historia no termin\u00f3 con el bautismo de Lupita.<\/p>\n<p>Durante una reuni\u00f3n en un parque, Lupita vio a otra mujer sentada sola y con aspecto angustiado. Se acerc\u00f3 a la desconocida e invit\u00f3 a unirse al grupo. La mujer estaba pasando por un divorcio dif\u00edcil mientras cuidaba de dos ni\u00f1os, y Lupita empez\u00f3 a hablar con ella sobre Jes\u00fas.<\/p>\n<p>Para Romero, ese momento demostr\u00f3 lo que la misi\u00f3n digital pretende lograr en \u00faltima instancia: no solo generar compromiso, sino ayudar a los disc\u00edpulos a convertirse en creadores de disc\u00edpulos.<\/p>\n<p><strong>Una cara detr\u00e1s de cada n\u00famero<\/strong><\/p>\n<p>Romero reconoci\u00f3 que pasar de la interacci\u00f3n digital a las relaciones aut\u00e9nticas puede requerir mucho tiempo, energ\u00eda e inversi\u00f3n personal. Pero record\u00f3 a los creadores que el servicio cristiano est\u00e1 arraigado en el ejemplo de Cristo. \u201cJes\u00fas lo hizo por ti\u201d, dijo. \u201cEntr\u00f3 en nuestro dolor, entr\u00f3 en nuestro mundo; le cost\u00f3 todo\u201d.<\/p>\n<p>Esa perspectiva, dijo, tambi\u00e9n deber\u00eda influir en la manera en que los creadores de contenido miden el impacto de su trabajo. Aunque la anal\u00edtica puede ayudar a determinar si el contenido llega a una audiencia, los n\u00fameros por s\u00ed solos no pueden definir el prop\u00f3sito del ministerio.<\/p>\n<p>Ver a Lupita acercarse a otra mujer y empezar a compartir a Jes\u00fas con ella hizo que esa distinci\u00f3n quedara en primer plano para Romero.<\/p>\n<p><div id=\"attachment_147821\" style=\"width: 887px\" class=\"wp-caption aligncenter\"><img loading=\"lazy\" decoding=\"async\" aria-describedby=\"caption-attachment-147821\" class=\" wp-image-147721\" src=\"https:\/\/interamerica.org\/wp-content\/uploads\/2026\/08\/cristel-romero4-georgenelson-creatorsummitthu-27.jpg\" alt=\"\" width=\"877\" height=\"585\" srcset=\"https:\/\/interamerica.org\/wp-content\/uploads\/2026\/08\/cristel-romero4-georgenelson-creatorsummitthu-27.jpg 1000w, https:\/\/interamerica.org\/wp-content\/uploads\/2026\/08\/cristel-romero4-georgenelson-creatorsummitthu-27-300x200.jpg 300w, https:\/\/interamerica.org\/wp-content\/uploads\/2026\/08\/cristel-romero4-georgenelson-creatorsummitthu-27-768x512.jpg 768w\" sizes=\"(max-width: 877px) 100vw, 877px\" \/><p id=\"caption-attachment-147821\" class=\"wp-caption-text\">Cristel Romero recuerda a los creadores de contenido el ejemplo de servicio sacrificial de Cristo durante su presentaci\u00f3n del 23 de julio en la Cumbre de Creadores Adventistas en Maryland, Estados Unidos. [Fotograf\u00eda: George Nelson\/ANN]<\/p><\/div>\u201cMe di cuenta de que ning\u00fan indicador, ning\u00fan panel de control, ning\u00fan n\u00famero en toda mi carrera era algo sin una cara y un nombre detr\u00e1s\u201d, dijo Romero. \u201cPorque las personas son las importantes. Eso es todo lo que estamos haciendo aqu\u00ed y en las redes sociales\u201d.<\/p>\n<p>Cerr\u00f3 desafiando a los creadores a que midan su influencia no solo por el n\u00famero de sus seguidores, sino por su disposici\u00f3n a invertir en las personas a las que sus plataformas les permiten llegar.<\/p>\n<p>\u201cOro para que seamos &#8230; la generaci\u00f3n dispuesta a pagar el precio por amar a la gente\u201d, dijo Romero. \u201cA Jes\u00fas no le importan tus n\u00fameros. No le importan tus seguidores\u201d, dijo Romero. \u201cPero s\u00ed le importan las personas\u201d.<\/p>\n<p>\u201cOro para que seamos &#8230; la generaci\u00f3n dispuesta a pagar el precio por amar a la gente\u201d.<\/p>\n<p>Traducci\u00f3n de Marcos Paseggi<\/p>\n","protected":false},"excerpt":{"rendered":"<p>Cristel Romero, de M\u00e9xico, insta a los creadores a que conviertan la confianza que construyen en l\u00ednea en relaciones significativas que satisfagan necesidades y gu\u00eden a las personas hacia Jes\u00fas&#8230;.<\/p>\n","protected":false},"author":3,"featured_media":147810,"comment_status":"closed","ping_status":"closed","sticky":false,"template":"","format":"standard","meta":{"_acf_changed":false,"footnotes":""},"categories":[16,15],"tags":[],"class_list":["post-147808","post","type-post","status-publish","format-standard","has-post-thumbnail","hentry","category-desde-la-sede","category-rss-espanol"],"acf":[],"yoast_head":"<!-- This site is optimized with the Yoast SEO plugin v28.1 - https:\/\/yoast.com\/product\/yoast-seo-wordpress\/ -->\n<title>Se desaf\u00eda a creadores de contenido deben colocar a las personas antes de los n\u00fameros - Iglesia Adventista del S\u00e9ptimo D\u00eda - Divisi\u00f3n Interamericana<\/title>\n<meta name=\"robots\" content=\"index, follow, max-snippet:-1, max-image-preview:large, max-video-preview:-1\" \/>\n<link rel=\"canonical\" href=\"https:\/\/interamerica.org\/es\/2026\/09\/se-desafia-a-creadores-de-contenido-deben-colocar-a-las-personas-antes-de-los-numeros\/\" \/>\n<meta property=\"og:locale\" content=\"es_ES\" \/>\n<meta property=\"og:type\" content=\"article\" \/>\n<meta property=\"og:title\" content=\"Se desaf\u00eda a creadores de contenido deben colocar a las personas antes de los n\u00fameros - Iglesia Adventista del S\u00e9ptimo D\u00eda - Divisi\u00f3n Interamericana\" \/>\n<meta property=\"og:description\" content=\"Cristel Romero, de M\u00e9xico, insta a los creadores a que conviertan la confianza que construyen en l\u00ednea en relaciones significativas que satisfagan necesidades y gu\u00eden a las personas hacia Jes\u00fas....\" \/>\n<meta property=\"og:url\" content=\"https:\/\/interamerica.org\/es\/2026\/09\/se-desafia-a-creadores-de-contenido-deben-colocar-a-las-personas-antes-de-los-numeros\/\" \/>\n<meta property=\"og:site_name\" content=\"Iglesia Adventista del S\u00e9ptimo D\u00eda - Divisi\u00f3n Interamericana\" \/>\n<meta property=\"article:published_time\" content=\"2026-09-02T16:05:32+00:00\" \/>\n<meta property=\"og:image\" content=\"https:\/\/interamerica.org\/wp-content\/uploads\/2026\/08\/cristel-romero-header-georgenelson-creatorsummitthu-24.jpg\" \/>\n\t<meta property=\"og:image:width\" content=\"1000\" \/>\n\t<meta property=\"og:image:height\" content=\"666\" \/>\n\t<meta property=\"og:image:type\" content=\"image\/jpeg\" \/>\n<meta name=\"author\" content=\"libna\" \/>\n<meta name=\"twitter:card\" content=\"summary_large_image\" \/>\n<meta name=\"twitter:label1\" content=\"Escrito por\" \/>\n\t<meta name=\"twitter:data1\" content=\"libna\" \/>\n\t<meta name=\"twitter:label2\" content=\"Tiempo de lectura\" \/>\n\t<meta name=\"twitter:data2\" content=\"8 minutos\" \/>\n<script type=\"application\/ld+json\" class=\"yoast-schema-graph\">{\"@context\":\"https:\\\/\\\/schema.org\",\"@graph\":[{\"@type\":\"Article\",\"@id\":\"https:\\\/\\\/interamerica.org\\\/es\\\/2026\\\/09\\\/se-desafia-a-creadores-de-contenido-deben-colocar-a-las-personas-antes-de-los-numeros\\\/#article\",\"isPartOf\":{\"@id\":\"https:\\\/\\\/interamerica.org\\\/es\\\/2026\\\/09\\\/se-desafia-a-creadores-de-contenido-deben-colocar-a-las-personas-antes-de-los-numeros\\\/\"},\"author\":{\"name\":\"libna\",\"@id\":\"https:\\\/\\\/interamerica.org\\\/es\\\/#\\\/schema\\\/person\\\/29998f2bc2d8bd0d38662909289b54f1\"},\"headline\":\"Se desaf\u00eda a creadores de contenido deben colocar a las personas antes de los n\u00fameros\",\"datePublished\":\"2026-09-02T16:05:32+00:00\",\"mainEntityOfPage\":{\"@id\":\"https:\\\/\\\/interamerica.org\\\/es\\\/2026\\\/09\\\/se-desafia-a-creadores-de-contenido-deben-colocar-a-las-personas-antes-de-los-numeros\\\/\"},\"wordCount\":1605,\"image\":{\"@id\":\"https:\\\/\\\/interamerica.org\\\/es\\\/2026\\\/09\\\/se-desafia-a-creadores-de-contenido-deben-colocar-a-las-personas-antes-de-los-numeros\\\/#primaryimage\"},\"thumbnailUrl\":\"https:\\\/\\\/interamerica.org\\\/wp-content\\\/uploads\\\/2026\\\/08\\\/cristel-romero-header-georgenelson-creatorsummitthu-24.jpg\",\"articleSection\":[\"Desde la sede\",\"RSS Espa\u00f1ol\"],\"inLanguage\":\"es\"},{\"@type\":\"WebPage\",\"@id\":\"https:\\\/\\\/interamerica.org\\\/es\\\/2026\\\/09\\\/se-desafia-a-creadores-de-contenido-deben-colocar-a-las-personas-antes-de-los-numeros\\\/\",\"url\":\"https:\\\/\\\/interamerica.org\\\/es\\\/2026\\\/09\\\/se-desafia-a-creadores-de-contenido-deben-colocar-a-las-personas-antes-de-los-numeros\\\/\",\"name\":\"Se desaf\u00eda a creadores de contenido deben colocar a las personas antes de los n\u00fameros - Iglesia Adventista del S\u00e9ptimo D\u00eda - Divisi\u00f3n Interamericana\",\"isPartOf\":{\"@id\":\"https:\\\/\\\/interamerica.org\\\/es\\\/#website\"},\"primaryImageOfPage\":{\"@id\":\"https:\\\/\\\/interamerica.org\\\/es\\\/2026\\\/09\\\/se-desafia-a-creadores-de-contenido-deben-colocar-a-las-personas-antes-de-los-numeros\\\/#primaryimage\"},\"image\":{\"@id\":\"https:\\\/\\\/interamerica.org\\\/es\\\/2026\\\/09\\\/se-desafia-a-creadores-de-contenido-deben-colocar-a-las-personas-antes-de-los-numeros\\\/#primaryimage\"},\"thumbnailUrl\":\"https:\\\/\\\/interamerica.org\\\/wp-content\\\/uploads\\\/2026\\\/08\\\/cristel-romero-header-georgenelson-creatorsummitthu-24.jpg\",\"datePublished\":\"2026-09-02T16:05:32+00:00\",\"author\":{\"@id\":\"https:\\\/\\\/interamerica.org\\\/es\\\/#\\\/schema\\\/person\\\/29998f2bc2d8bd0d38662909289b54f1\"},\"breadcrumb\":{\"@id\":\"https:\\\/\\\/interamerica.org\\\/es\\\/2026\\\/09\\\/se-desafia-a-creadores-de-contenido-deben-colocar-a-las-personas-antes-de-los-numeros\\\/#breadcrumb\"},\"inLanguage\":\"es\",\"potentialAction\":[{\"@type\":\"ReadAction\",\"target\":[\"https:\\\/\\\/interamerica.org\\\/es\\\/2026\\\/09\\\/se-desafia-a-creadores-de-contenido-deben-colocar-a-las-personas-antes-de-los-numeros\\\/\"]}]},{\"@type\":\"ImageObject\",\"inLanguage\":\"es\",\"@id\":\"https:\\\/\\\/interamerica.org\\\/es\\\/2026\\\/09\\\/se-desafia-a-creadores-de-contenido-deben-colocar-a-las-personas-antes-de-los-numeros\\\/#primaryimage\",\"url\":\"https:\\\/\\\/interamerica.org\\\/wp-content\\\/uploads\\\/2026\\\/08\\\/cristel-romero-header-georgenelson-creatorsummitthu-24.jpg\",\"contentUrl\":\"https:\\\/\\\/interamerica.org\\\/wp-content\\\/uploads\\\/2026\\\/08\\\/cristel-romero-header-georgenelson-creatorsummitthu-24.jpg\",\"width\":1000,\"height\":666,\"caption\":\"[Fotograf\u00eda: George Nelson\\\/ANN]\"},{\"@type\":\"BreadcrumbList\",\"@id\":\"https:\\\/\\\/interamerica.org\\\/es\\\/2026\\\/09\\\/se-desafia-a-creadores-de-contenido-deben-colocar-a-las-personas-antes-de-los-numeros\\\/#breadcrumb\",\"itemListElement\":[{\"@type\":\"ListItem\",\"position\":1,\"name\":\"Home\",\"item\":\"https:\\\/\\\/interamerica.org\\\/es\\\/\"},{\"@type\":\"ListItem\",\"position\":2,\"name\":\"Se desaf\u00eda a creadores de contenido deben colocar a las personas antes de los n\u00fameros\"}]},{\"@type\":\"WebSite\",\"@id\":\"https:\\\/\\\/interamerica.org\\\/es\\\/#website\",\"url\":\"https:\\\/\\\/interamerica.org\\\/es\\\/\",\"name\":\"Iglesia Adventista del S\u00e9ptimo D\u00eda - Divisi\u00f3n Interamericana\",\"description\":\"\",\"potentialAction\":[{\"@type\":\"SearchAction\",\"target\":{\"@type\":\"EntryPoint\",\"urlTemplate\":\"https:\\\/\\\/interamerica.org\\\/es\\\/?s={search_term_string}\"},\"query-input\":{\"@type\":\"PropertyValueSpecification\",\"valueRequired\":true,\"valueName\":\"search_term_string\"}}],\"inLanguage\":\"es\"},{\"@type\":\"Person\",\"@id\":\"https:\\\/\\\/interamerica.org\\\/es\\\/#\\\/schema\\\/person\\\/29998f2bc2d8bd0d38662909289b54f1\",\"name\":\"libna\",\"image\":{\"@type\":\"ImageObject\",\"inLanguage\":\"es\",\"@id\":\"https:\\\/\\\/secure.gravatar.com\\\/avatar\\\/7c5bd30ae4b47a9ba3c856590957fd1d96dc588bf3ac05719d247e126840331f?s=96&d=mm&r=g\",\"url\":\"https:\\\/\\\/secure.gravatar.com\\\/avatar\\\/7c5bd30ae4b47a9ba3c856590957fd1d96dc588bf3ac05719d247e126840331f?s=96&d=mm&r=g\",\"contentUrl\":\"https:\\\/\\\/secure.gravatar.com\\\/avatar\\\/7c5bd30ae4b47a9ba3c856590957fd1d96dc588bf3ac05719d247e126840331f?s=96&d=mm&r=g\",\"caption\":\"libna\"}}]}<\/script>\n<!-- \/ Yoast SEO plugin. -->","yoast_head_json":{"title":"Se desaf\u00eda a creadores de contenido deben colocar a las personas antes de los n\u00fameros - Iglesia Adventista del S\u00e9ptimo D\u00eda - Divisi\u00f3n Interamericana","robots":{"index":"index","follow":"follow","max-snippet":"max-snippet:-1","max-image-preview":"max-image-preview:large","max-video-preview":"max-video-preview:-1"},"canonical":"https:\/\/interamerica.org\/es\/2026\/09\/se-desafia-a-creadores-de-contenido-deben-colocar-a-las-personas-antes-de-los-numeros\/","og_locale":"es_ES","og_type":"article","og_title":"Se desaf\u00eda a creadores de contenido deben colocar a las personas antes de los n\u00fameros - Iglesia Adventista del S\u00e9ptimo D\u00eda - Divisi\u00f3n Interamericana","og_description":"Cristel Romero, de M\u00e9xico, insta a los creadores a que conviertan la confianza que construyen en l\u00ednea en relaciones significativas que satisfagan necesidades y gu\u00eden a las personas hacia Jes\u00fas....","og_url":"https:\/\/interamerica.org\/es\/2026\/09\/se-desafia-a-creadores-de-contenido-deben-colocar-a-las-personas-antes-de-los-numeros\/","og_site_name":"Iglesia Adventista del S\u00e9ptimo D\u00eda - Divisi\u00f3n Interamericana","article_published_time":"2026-09-02T16:05:32+00:00","og_image":[{"width":1000,"height":666,"url":"https:\/\/interamerica.org\/wp-content\/uploads\/2026\/08\/cristel-romero-header-georgenelson-creatorsummitthu-24.jpg","type":"image\/jpeg"}],"author":"libna","twitter_card":"summary_large_image","twitter_misc":{"Escrito por":"libna","Tiempo de lectura":"8 minutos"},"schema":{"@context":"https:\/\/schema.org","@graph":[{"@type":"Article","@id":"https:\/\/interamerica.org\/es\/2026\/09\/se-desafia-a-creadores-de-contenido-deben-colocar-a-las-personas-antes-de-los-numeros\/#article","isPartOf":{"@id":"https:\/\/interamerica.org\/es\/2026\/09\/se-desafia-a-creadores-de-contenido-deben-colocar-a-las-personas-antes-de-los-numeros\/"},"author":{"name":"libna","@id":"https:\/\/interamerica.org\/es\/#\/schema\/person\/29998f2bc2d8bd0d38662909289b54f1"},"headline":"Se desaf\u00eda a creadores de contenido deben colocar a las personas antes de los n\u00fameros","datePublished":"2026-09-02T16:05:32+00:00","mainEntityOfPage":{"@id":"https:\/\/interamerica.org\/es\/2026\/09\/se-desafia-a-creadores-de-contenido-deben-colocar-a-las-personas-antes-de-los-numeros\/"},"wordCount":1605,"image":{"@id":"https:\/\/interamerica.org\/es\/2026\/09\/se-desafia-a-creadores-de-contenido-deben-colocar-a-las-personas-antes-de-los-numeros\/#primaryimage"},"thumbnailUrl":"https:\/\/interamerica.org\/wp-content\/uploads\/2026\/08\/cristel-romero-header-georgenelson-creatorsummitthu-24.jpg","articleSection":["Desde la sede","RSS Espa\u00f1ol"],"inLanguage":"es"},{"@type":"WebPage","@id":"https:\/\/interamerica.org\/es\/2026\/09\/se-desafia-a-creadores-de-contenido-deben-colocar-a-las-personas-antes-de-los-numeros\/","url":"https:\/\/interamerica.org\/es\/2026\/09\/se-desafia-a-creadores-de-contenido-deben-colocar-a-las-personas-antes-de-los-numeros\/","name":"Se desaf\u00eda a creadores de contenido deben colocar a las personas antes de los n\u00fameros - Iglesia Adventista del S\u00e9ptimo D\u00eda - Divisi\u00f3n Interamericana","isPartOf":{"@id":"https:\/\/interamerica.org\/es\/#website"},"primaryImageOfPage":{"@id":"https:\/\/interamerica.org\/es\/2026\/09\/se-desafia-a-creadores-de-contenido-deben-colocar-a-las-personas-antes-de-los-numeros\/#primaryimage"},"image":{"@id":"https:\/\/interamerica.org\/es\/2026\/09\/se-desafia-a-creadores-de-contenido-deben-colocar-a-las-personas-antes-de-los-numeros\/#primaryimage"},"thumbnailUrl":"https:\/\/interamerica.org\/wp-content\/uploads\/2026\/08\/cristel-romero-header-georgenelson-creatorsummitthu-24.jpg","datePublished":"2026-09-02T16:05:32+00:00","author":{"@id":"https:\/\/interamerica.org\/es\/#\/schema\/person\/29998f2bc2d8bd0d38662909289b54f1"},"breadcrumb":{"@id":"https:\/\/interamerica.org\/es\/2026\/09\/se-desafia-a-creadores-de-contenido-deben-colocar-a-las-personas-antes-de-los-numeros\/#breadcrumb"},"inLanguage":"es","potentialAction":[{"@type":"ReadAction","target":["https:\/\/interamerica.org\/es\/2026\/09\/se-desafia-a-creadores-de-contenido-deben-colocar-a-las-personas-antes-de-los-numeros\/"]}]},{"@type":"ImageObject","inLanguage":"es","@id":"https:\/\/interamerica.org\/es\/2026\/09\/se-desafia-a-creadores-de-contenido-deben-colocar-a-las-personas-antes-de-los-numeros\/#primaryimage","url":"https:\/\/interamerica.org\/wp-content\/uploads\/2026\/08\/cristel-romero-header-georgenelson-creatorsummitthu-24.jpg","contentUrl":"https:\/\/interamerica.org\/wp-content\/uploads\/2026\/08\/cristel-romero-header-georgenelson-creatorsummitthu-24.jpg","width":1000,"height":666,"caption":"[Fotograf\u00eda: George Nelson\/ANN]"},{"@type":"BreadcrumbList","@id":"https:\/\/interamerica.org\/es\/2026\/09\/se-desafia-a-creadores-de-contenido-deben-colocar-a-las-personas-antes-de-los-numeros\/#breadcrumb","itemListElement":[{"@type":"ListItem","position":1,"name":"Home","item":"https:\/\/interamerica.org\/es\/"},{"@type":"ListItem","position":2,"name":"Se desaf\u00eda a creadores de contenido deben colocar a las personas antes de los n\u00fameros"}]},{"@type":"WebSite","@id":"https:\/\/interamerica.org\/es\/#website","url":"https:\/\/interamerica.org\/es\/","name":"Iglesia Adventista del S\u00e9ptimo D\u00eda - Divisi\u00f3n Interamericana","description":"","potentialAction":[{"@type":"SearchAction","target":{"@type":"EntryPoint","urlTemplate":"https:\/\/interamerica.org\/es\/?s={search_term_string}"},"query-input":{"@type":"PropertyValueSpecification","valueRequired":true,"valueName":"search_term_string"}}],"inLanguage":"es"},{"@type":"Person","@id":"https:\/\/interamerica.org\/es\/#\/schema\/person\/29998f2bc2d8bd0d38662909289b54f1","name":"libna","image":{"@type":"ImageObject","inLanguage":"es","@id":"https:\/\/secure.gravatar.com\/avatar\/7c5bd30ae4b47a9ba3c856590957fd1d96dc588bf3ac05719d247e126840331f?s=96&d=mm&r=g","url":"https:\/\/secure.gravatar.com\/avatar\/7c5bd30ae4b47a9ba3c856590957fd1d96dc588bf3ac05719d247e126840331f?s=96&d=mm&r=g","contentUrl":"https:\/\/secure.gravatar.com\/avatar\/7c5bd30ae4b47a9ba3c856590957fd1d96dc588bf3ac05719d247e126840331f?s=96&d=mm&r=g","caption":"libna"}}]}},"_links":{"self":[{"href":"https:\/\/interamerica.org\/es\/wp-json\/wp\/v2\/posts\/147808","targetHints":{"allow":["GET"]}}],"collection":[{"href":"https:\/\/interamerica.org\/es\/wp-json\/wp\/v2\/posts"}],"about":[{"href":"https:\/\/interamerica.org\/es\/wp-json\/wp\/v2\/types\/post"}],"author":[{"embeddable":true,"href":"https:\/\/interamerica.org\/es\/wp-json\/wp\/v2\/users\/3"}],"replies":[{"embeddable":true,"href":"https:\/\/interamerica.org\/es\/wp-json\/wp\/v2\/comments?post=147808"}],"version-history":[{"count":5,"href":"https:\/\/interamerica.org\/es\/wp-json\/wp\/v2\/posts\/147808\/revisions"}],"predecessor-version":[{"id":148085,"href":"https:\/\/interamerica.org\/es\/wp-json\/wp\/v2\/posts\/147808\/revisions\/148085"}],"wp:featuredmedia":[{"embeddable":true,"href":"https:\/\/interamerica.org\/es\/wp-json\/wp\/v2\/media\/147810"}],"wp:attachment":[{"href":"https:\/\/interamerica.org\/es\/wp-json\/wp\/v2\/media?parent=147808"}],"wp:term":[{"taxonomy":"category","embeddable":true,"href":"https:\/\/interamerica.org\/es\/wp-json\/wp\/v2\/categories?post=147808"},{"taxonomy":"post_tag","embeddable":true,"href":"https:\/\/interamerica.org\/es\/wp-json\/wp\/v2\/tags?post=147808"}],"curies":[{"name":"wp","href":"https:\/\/api.w.org\/{rel}","templated":true}]}}