{"id":147909,"date":"2026-08-30T18:11:50","date_gmt":"2026-08-30T22:11:50","guid":{"rendered":"https:\/\/interamerica.org\/?p=147909"},"modified":"2026-08-30T18:40:05","modified_gmt":"2026-08-30T22:40:05","slug":"sicologo-adventista-ayuda-a-sobrevivientes-de-terremoto-en-venezuela-a-superar-la-perdida","status":"publish","type":"post","link":"https:\/\/interamerica.org\/es\/2026\/08\/sicologo-adventista-ayuda-a-sobrevivientes-de-terremoto-en-venezuela-a-superar-la-perdida\/","title":{"rendered":"Sic\u00f3logo adventista ayuda a sobrevivientes de terremoto en Venezuela a superar la p\u00e9rdida"},"content":{"rendered":"<p><em>Profesor de la Universidad Montemorelos provee primeros auxilios sicol\u00f3gicos a familias en duelo y \u00a0personal de servicios de emergencia en la golpeada zona de La Guaira.<\/em><\/p>\n<p>30 de agosto de 2026 | Montemorelos, Nuevo Le\u00f3n, M\u00e9xico | Laura Marrero y Libna Stevens, Noticias de la Divisi\u00f3n Interamericana<\/p>\n<p>\u201c<em>\u00a1Ah, mexicano! \u00a1Perdi\u00f3 M\u00e9xico!\u201d,<\/em> le dijo un sobreviviente a Mois\u00e9s Manzano mientras ve\u00eda un partido de la Copa Mundial.<\/p>\n<p>El hombre estaba enfrentando una dolorosa p\u00e9rdida a ra\u00edz de los terremotos que sacudieron Venezuela el 24 de junio. En vez de reorientar el rumbo de la conversaci\u00f3n hacia la tragedia ocurrida, Mois\u00e9s Manzano, un sic\u00f3logo entrenado en primeros auxilios sicol\u00f3gicos, simplemente sigui\u00f3 en la conversaci\u00f3n sobre f\u00fatbol.<\/p>\n<p>&nbsp;<\/p>\n<p><div id=\"attachment_147892\" style=\"width: 875px\" class=\"wp-caption aligncenter\"><img fetchpriority=\"high\" decoding=\"async\" aria-describedby=\"caption-attachment-147892\" class=\" wp-image-147892\" src=\"https:\/\/interamerica.org\/wp-content\/uploads\/2026\/08\/um-img-05xi1xgeop4ckfmq-1024x576.jpg\" alt=\"\" width=\"865\" height=\"487\" srcset=\"https:\/\/interamerica.org\/wp-content\/uploads\/2026\/08\/um-img-05xi1xgeop4ckfmq-1024x576.jpg 1024w, https:\/\/interamerica.org\/wp-content\/uploads\/2026\/08\/um-img-05xi1xgeop4ckfmq-300x169.jpg 300w, https:\/\/interamerica.org\/wp-content\/uploads\/2026\/08\/um-img-05xi1xgeop4ckfmq-768x432.jpg 768w, https:\/\/interamerica.org\/wp-content\/uploads\/2026\/08\/um-img-05xi1xgeop4ckfmq-1536x864.jpg 1536w, https:\/\/interamerica.org\/wp-content\/uploads\/2026\/08\/um-img-05xi1xgeop4ckfmq.jpg 1920w\" sizes=\"(max-width: 865px) 100vw, 865px\" \/><p id=\"caption-attachment-147892\" class=\"wp-caption-text\">Mois\u00e9s Manzano, un profesor de la Universidad Montemorelos y voluntario de CADENA, accompa\u00f1a a sobrevivientes de terremoto en La Guaira, Venezuela, durante su primera misi\u00f3n humanitaria internacional. [Imagen cortes\u00eda de CADENA]<\/p><\/div>Durante unos cuantos minutos, el sobreviviente pudo vivir una situaci\u00f3n cotidiana en medio de la turbulenta situaci\u00f3n. M\u00e1s tarde, le agradeci\u00f3 al sic\u00f3logo Manzano por ese gesto.<\/p>\n<p>Este encuentro confirm\u00f3 para el sic\u00f3logo Manzano, un profesor de la Universidad \u00a0Montemorelos, en M\u00e9xico, lo valioso de un momento de cotidianeidad despu\u00e9s de un desastre: algunas veces la mejor ayuda comienza con saber escuchar, estar presente y permitirle a la persona un momento de normalidad.<\/p>\n<p>Ese momento fue uno entre muchos durante la labor del profesor Manzano en la golpeada zona de La Guaira, en donde estuvo proveyendo primeros auxilios sicol\u00f3gicos desde el 30 de junio hasta el 8 de julio como parte de su primera misi\u00f3n internacional con CADENA, una organizaci\u00f3n humanitaria de respuesta a emergencias. Dos poderosos terremotos hab\u00edan sacudido la regi\u00f3n con menos de un minuto de diferencia entre ambos, el pasado 24 de junio.<\/p>\n<p><strong>Evaluaci\u00f3n de necesidades en el sitio de los hechos<\/strong><\/p>\n<p>Durante los primeros d\u00edas de la respuesta, el profesor Manzano y el equipo de CADENA visitaron albergues formales e informales, viajaron a lo largo de las comunidades afectadas y se reunieron con organizaciones humanitarias para determinar qu\u00e9 tipo de asistencia era la m\u00e1s necesaria.<\/p>\n<p>El enfoque del profesor Manzano se dirigi\u00f3 hacia la identificaci\u00f3n de las necesidades emocionales y en proveer primeros auxilios sicol\u00f3gicos a los sobrevivientes y sus familias, as\u00ed como al personal de rescate, param\u00e9dicos, voluntarios y otro personal de emergencia.<\/p>\n<p>\u201cLa salud mental es fundamental en estas situaciones\u201d, se\u00f1al\u00f3.<\/p>\n<p>Algunos de los momentos m\u00e1s dif\u00edciles fueron el acompa\u00f1ar a los familiares que acudieron a la morgue a identificar cad\u00e1veres de seres amados y a familias que permanec\u00edan cerca de edificios colapsados con la esperanza de recibir noticias de sus familiares, o la recuperaci\u00f3n de sus cuerpos para comenzar su duelo.<\/p>\n<p>&nbsp;<\/p>\n<p><div id=\"attachment_147893\" style=\"width: 917px\" class=\"wp-caption aligncenter\"><img decoding=\"async\" aria-describedby=\"caption-attachment-147893\" class=\" wp-image-147893\" src=\"https:\/\/interamerica.org\/wp-content\/uploads\/2026\/08\/um-img-tpsz7wnou8uqriog-1024x576.jpg\" alt=\"\" width=\"907\" height=\"510\" srcset=\"https:\/\/interamerica.org\/wp-content\/uploads\/2026\/08\/um-img-tpsz7wnou8uqriog-1024x576.jpg 1024w, https:\/\/interamerica.org\/wp-content\/uploads\/2026\/08\/um-img-tpsz7wnou8uqriog-300x169.jpg 300w, https:\/\/interamerica.org\/wp-content\/uploads\/2026\/08\/um-img-tpsz7wnou8uqriog-768x432.jpg 768w, https:\/\/interamerica.org\/wp-content\/uploads\/2026\/08\/um-img-tpsz7wnou8uqriog-1536x864.jpg 1536w, https:\/\/interamerica.org\/wp-content\/uploads\/2026\/08\/um-img-tpsz7wnou8uqriog.jpg 1920w\" sizes=\"(max-width: 907px) 100vw, 907px\" \/><p id=\"caption-attachment-147893\" class=\"wp-caption-text\">Mois\u00e9s Manzano (primero de derecha a izquierda) provee primeros auxilios sicol\u00f3gicos a sobrevivientes en La Guaira, Venezuela, como parte del equipo de respuesta humanitaria de CADENA. [Imagen cortes\u00eda de CADENA]<\/p><\/div>\u00a0 \u00a0[\/caption]<\/p>\n<p>\u201cNuestra labor es permanecer cerca de ellos, escucharlos y acompa\u00f1arlos a trav\u00e9s de su incertidumbre\u201d, dijo el sic\u00f3logo Manzano.<\/p>\n<p><strong>Escuchar antes de preguntar<\/strong><\/p>\n<p>Los primeros auxilios sicol\u00f3gicos requieren el escuchar atentamente, a la vez que evitar la revictimizaci\u00f3n de los sobrevivientes, explic\u00f3 el sic\u00f3logo Manzano. Los equipos de respuesta les permitieron a las personas decidir cu\u00e1ndo y cu\u00e1nto deseaban dar a conocer, a la vez que atend\u00edan sus necesidades inmediatas.<\/p>\n<p>Algunos de los sobrevivientes llevaban varios d\u00edas sin haber podido tomar un ba\u00f1o, lo cual hac\u00eda hasta un peque\u00f1o kit de aseo una forma significativa de asistencia.<\/p>\n<p>\u201cLos primeros auxilios sicol\u00f3gicos comienzan con escuchar en forma activa\u201d, se\u00f1al\u00f3 el sic\u00f3logo Manzano. \u201cRespetamos cada momento de las personas y esperamos hasta que ellas decidan si desean hablar acerca de su experiencia\u201d.<\/p>\n<p>El equipo ofreci\u00f3 tambi\u00e9n apoyo sicosocial, particularmente a ni\u00f1os. CADENA est\u00e1 elaborando material dise\u00f1ado para fortalecer la resiliencia entre ni\u00f1os afectados por desastres, reconociendo que la recuperaci\u00f3n emocional puede continuar mucho tiempo despu\u00e9s de terminadas las operaciones de rescate.<\/p>\n<p>Las familias que esperaban cerca de edificios colapsados enfrentaron tambi\u00e9n decisiones dif\u00edciles. Algunos familiares no estaban de acuerdo en cuanto al uso de maquinaria pesada para acelerar los esfuerzos de b\u00fasqueda, pesando la posibilidad de encontrar sobrevivientes y los riesgos involucrados.<\/p>\n<p>Para nuestro sic\u00f3logo, esas situaciones subrayan la importancia de proveer ayuda a familias que deben confrontar extraordinaria incertidumbre.<\/p>\n<p><div id=\"attachment_147894\" style=\"width: 910px\" class=\"wp-caption aligncenter\"><img decoding=\"async\" aria-describedby=\"caption-attachment-147894\" class=\"wp-image-147894\" src=\"https:\/\/interamerica.org\/wp-content\/uploads\/2026\/08\/umimg-uh2gfoqsbs3punai-1024x576.jpg\" alt=\"\" width=\"900\" height=\"506\" srcset=\"https:\/\/interamerica.org\/wp-content\/uploads\/2026\/08\/umimg-uh2gfoqsbs3punai-1024x576.jpg 1024w, https:\/\/interamerica.org\/wp-content\/uploads\/2026\/08\/umimg-uh2gfoqsbs3punai-300x169.jpg 300w, https:\/\/interamerica.org\/wp-content\/uploads\/2026\/08\/umimg-uh2gfoqsbs3punai-768x432.jpg 768w, https:\/\/interamerica.org\/wp-content\/uploads\/2026\/08\/umimg-uh2gfoqsbs3punai-1536x864.jpg 1536w, https:\/\/interamerica.org\/wp-content\/uploads\/2026\/08\/umimg-uh2gfoqsbs3punai.jpg 1920w\" sizes=\"(max-width: 900px) 100vw, 900px\" \/><p id=\"caption-attachment-147894\" class=\"wp-caption-text\">Mois\u00e9s Manzano acompa\u00f1a a una familia afectada por los terremotos en La Guaira, Venezuela. [Imagen cortes\u00eda de CADENA]<\/p><\/div><strong>Experiencia lograda a trav\u00e9s de servicio<\/strong><\/p>\n<p>Mois\u00e9s Manzano comenz\u00f3 a trabajar con CADENA en 2021 durante una respuesta de emergencia en Puebla, M\u00e9xico. Despu\u00e9s de esa participaci\u00f3n, fue invitado a unirse al equipo de sicolog\u00eda de la organizaci\u00f3n y desde entonces ha estado recibiendo continuamente entrenamiento en primeros auxilios sicol\u00f3gicos y respuesta ante emergencias.<\/p>\n<p>Su experiencia incluye respuestas despu\u00e9s del hurac\u00e1n Otis, inundaciones en Puebla y en situaci\u00f3n de mineros atrapados en mina de Coahuila, as\u00ed como intervenciones humanitarias en varias parte de M\u00e9xico.<\/p>\n<p>Su labor en Venezuela reforz\u00f3 su convicci\u00f3n de que la atenci\u00f3n emocional es una parte esencial de la repuesta en casos de desastre.<\/p>\n<p><strong>Fe en medio de la crisis<\/strong><\/p>\n<p>El sic\u00f3logo Manzano dijo que su fe cristiana dirige la forma en que se acerca a las personas que experimentan p\u00e9rdidas profundas.<\/p>\n<p>\u201cMi fe le da significado a cada acci\u00f3n\u201d, dijo. \u201cMe recuerda que cada persona tiene valor y merece ser tratada con dignidad, respeto y compasi\u00f3n\u201d.<\/p>\n<p>Mientras estaba en Venezuela, su hermano le habl\u00f3 acerca de la historia b\u00edblica de Job y su resiliencia. Observ\u00f3 tambi\u00e9n que los sobrevivientes expresaban su fe en medio de sus p\u00e9rdidas.<\/p>\n<p>\u201cMuchas personas le agradec\u00edan a Dios por otra oportunidad de vida\u201d, se\u00f1al\u00f3. \u201cSu habilidad para encontrar esperanza en medio de la adversidad fortaleci\u00f3 tambi\u00e9n mi confianza en Dios\u201d.<\/p>\n<p><div id=\"attachment_147895\" style=\"width: 881px\" class=\"wp-caption aligncenter\"><img loading=\"lazy\" decoding=\"async\" aria-describedby=\"caption-attachment-147895\" class=\" wp-image-147895\" src=\"https:\/\/interamerica.org\/wp-content\/uploads\/2026\/08\/um-img-9fpgsj5nxy8cei1j-1024x576.jpg\" alt=\"\" width=\"871\" height=\"490\" srcset=\"https:\/\/interamerica.org\/wp-content\/uploads\/2026\/08\/um-img-9fpgsj5nxy8cei1j-1024x576.jpg 1024w, https:\/\/interamerica.org\/wp-content\/uploads\/2026\/08\/um-img-9fpgsj5nxy8cei1j-300x169.jpg 300w, https:\/\/interamerica.org\/wp-content\/uploads\/2026\/08\/um-img-9fpgsj5nxy8cei1j-768x432.jpg 768w, https:\/\/interamerica.org\/wp-content\/uploads\/2026\/08\/um-img-9fpgsj5nxy8cei1j-1536x864.jpg 1536w, https:\/\/interamerica.org\/wp-content\/uploads\/2026\/08\/um-img-9fpgsj5nxy8cei1j.jpg 1920w\" sizes=\"(max-width: 871px) 100vw, 871px\" \/><p id=\"caption-attachment-147895\" class=\"wp-caption-text\">Durante su misi\u00f3n en Venezuela, el equipo de CADENA visit\u00f3 albergues y comunidades afectadas por los terremotos a fin de evaluar necesidades y proveer apoyo a los sobrevivientes. [Imagen cortes\u00eda de CADENA]<\/p><\/div>La experiencia profundiz\u00f3 tambi\u00e9n su comprensi\u00f3n de servicio.<\/p>\n<p>\u201cComprend\u00ed que servir significa tambi\u00e9n estar disponible y caminar al lado de alguien que est\u00e1 pasando por un momento dif\u00edcil\u201d, dijo.<\/p>\n<p><strong>Del capo de acci\u00f3n al aula<\/strong><\/p>\n<p>El sic\u00f3logo Manzano ha regresado a la Universidad Montemorelos en donde su labor docente incluye la ense\u00f1anza de materias relacionadas con intervenci\u00f3n en situaciones de crisis, en donde puede con ventaja traer al aula lecciones aprendidas en el campo de acci\u00f3n.<\/p>\n<p>\u201cCada intervenci\u00f3n fortalece mi trabajo en el aula\u201d, dijo. \u201cCuando ense\u00f1o clases relacionadas con intervenci\u00f3n en situaciones de crisis, puedo poner a disposici\u00f3n herramientas que he aprendido en el campo\u201d.<\/p>\n<p>Sin embargo, entre las dif\u00edciles escenas de las que ha sido testigo, dice que uno de sus recuerdos m\u00e1s fuertes sigue siendo la gratitud expresada por los supervivientes. En los albergues, en el aeropuerto y mientras el equipo humanitario se preparaba para partir de Venezuela, la gente expresaba su gratitud al equipo de respuesta por haber acudido a prestar ayuda.<\/p>\n<p>Para \u00e9l, sus palabras captaban la importancia de simplemente estar presente: \u201cGracias. Gracias por venir hasta ac\u00e1 para ayudarnos\u201d.<\/p>\n<p>Traducci\u00f3n \u2013 Gloria A. Castrej\u00f3n<\/p>\n<p>&nbsp;<\/p>\n","protected":false},"excerpt":{"rendered":"<p>Profesor de la Universidad Montemorelos provee primeros auxilios sicol\u00f3gicos a familias en duelo y \u00a0personal de servicios de emergencia en la golpeada zona de La Guaira. 30 de agosto de&#8230;<\/p>\n","protected":false},"author":3,"featured_media":147910,"comment_status":"closed","ping_status":"closed","sticky":false,"template":"","format":"standard","meta":{"_acf_changed":false,"footnotes":""},"categories":[16,15],"tags":[],"class_list":["post-147909","post","type-post","status-publish","format-standard","has-post-thumbnail","hentry","category-desde-la-sede","category-rss-espanol"],"acf":[],"yoast_head":"<!-- This site is optimized with the Yoast SEO plugin v28.1 - https:\/\/yoast.com\/product\/yoast-seo-wordpress\/ -->\n<title>Sic\u00f3logo adventista ayuda a sobrevivientes de terremoto en Venezuela a superar la p\u00e9rdida - Iglesia Adventista del S\u00e9ptimo D\u00eda - Divisi\u00f3n Interamericana<\/title>\n<meta name=\"robots\" content=\"index, follow, max-snippet:-1, max-image-preview:large, max-video-preview:-1\" \/>\n<link rel=\"canonical\" href=\"https:\/\/interamerica.org\/es\/2026\/08\/sicologo-adventista-ayuda-a-sobrevivientes-de-terremoto-en-venezuela-a-superar-la-perdida\/\" \/>\n<meta property=\"og:locale\" content=\"es_ES\" \/>\n<meta property=\"og:type\" content=\"article\" \/>\n<meta property=\"og:title\" content=\"Sic\u00f3logo adventista ayuda a sobrevivientes de terremoto en Venezuela a superar la p\u00e9rdida - Iglesia Adventista del S\u00e9ptimo D\u00eda - Divisi\u00f3n Interamericana\" \/>\n<meta property=\"og:description\" content=\"Profesor de la Universidad Montemorelos provee primeros auxilios sicol\u00f3gicos a familias en duelo y \u00a0personal de servicios de emergencia en la golpeada zona de La Guaira. 30 de agosto de...\" \/>\n<meta property=\"og:url\" content=\"https:\/\/interamerica.org\/es\/2026\/08\/sicologo-adventista-ayuda-a-sobrevivientes-de-terremoto-en-venezuela-a-superar-la-perdida\/\" \/>\n<meta property=\"og:site_name\" content=\"Iglesia Adventista del S\u00e9ptimo D\u00eda - Divisi\u00f3n Interamericana\" \/>\n<meta property=\"article:published_time\" content=\"2026-08-30T22:11:50+00:00\" \/>\n<meta property=\"article:modified_time\" content=\"2026-08-30T22:40:05+00:00\" \/>\n<meta property=\"og:image\" content=\"https:\/\/interamerica.org\/wp-content\/uploads\/2026\/08\/um-img-05xi1xgeop4ckfmq.jpg\" \/>\n\t<meta property=\"og:image:width\" content=\"1920\" \/>\n\t<meta property=\"og:image:height\" content=\"1080\" \/>\n\t<meta property=\"og:image:type\" content=\"image\/jpeg\" \/>\n<meta name=\"author\" content=\"libna\" \/>\n<meta name=\"twitter:card\" content=\"summary_large_image\" \/>\n<meta name=\"twitter:label1\" content=\"Escrito por\" \/>\n\t<meta name=\"twitter:data1\" content=\"libna\" \/>\n\t<meta name=\"twitter:label2\" content=\"Tiempo de lectura\" \/>\n\t<meta name=\"twitter:data2\" content=\"7 minutos\" \/>\n<script type=\"application\/ld+json\" class=\"yoast-schema-graph\">{\"@context\":\"https:\\\/\\\/schema.org\",\"@graph\":[{\"@type\":\"Article\",\"@id\":\"https:\\\/\\\/interamerica.org\\\/es\\\/2026\\\/08\\\/sicologo-adventista-ayuda-a-sobrevivientes-de-terremoto-en-venezuela-a-superar-la-perdida\\\/#article\",\"isPartOf\":{\"@id\":\"https:\\\/\\\/interamerica.org\\\/es\\\/2026\\\/08\\\/sicologo-adventista-ayuda-a-sobrevivientes-de-terremoto-en-venezuela-a-superar-la-perdida\\\/\"},\"author\":{\"name\":\"libna\",\"@id\":\"https:\\\/\\\/interamerica.org\\\/es\\\/#\\\/schema\\\/person\\\/29998f2bc2d8bd0d38662909289b54f1\"},\"headline\":\"Sic\u00f3logo adventista ayuda a sobrevivientes de terremoto en Venezuela a superar la p\u00e9rdida\",\"datePublished\":\"2026-08-30T22:11:50+00:00\",\"dateModified\":\"2026-08-30T22:40:05+00:00\",\"mainEntityOfPage\":{\"@id\":\"https:\\\/\\\/interamerica.org\\\/es\\\/2026\\\/08\\\/sicologo-adventista-ayuda-a-sobrevivientes-de-terremoto-en-venezuela-a-superar-la-perdida\\\/\"},\"wordCount\":1316,\"image\":{\"@id\":\"https:\\\/\\\/interamerica.org\\\/es\\\/2026\\\/08\\\/sicologo-adventista-ayuda-a-sobrevivientes-de-terremoto-en-venezuela-a-superar-la-perdida\\\/#primaryimage\"},\"thumbnailUrl\":\"https:\\\/\\\/interamerica.org\\\/wp-content\\\/uploads\\\/2026\\\/08\\\/um-img-05xi1xgeop4ckfmq.jpg\",\"articleSection\":[\"Desde la sede\",\"RSS Espa\u00f1ol\"],\"inLanguage\":\"es\"},{\"@type\":\"WebPage\",\"@id\":\"https:\\\/\\\/interamerica.org\\\/es\\\/2026\\\/08\\\/sicologo-adventista-ayuda-a-sobrevivientes-de-terremoto-en-venezuela-a-superar-la-perdida\\\/\",\"url\":\"https:\\\/\\\/interamerica.org\\\/es\\\/2026\\\/08\\\/sicologo-adventista-ayuda-a-sobrevivientes-de-terremoto-en-venezuela-a-superar-la-perdida\\\/\",\"name\":\"Sic\u00f3logo adventista ayuda a sobrevivientes de terremoto en Venezuela a superar la p\u00e9rdida - Iglesia Adventista del S\u00e9ptimo D\u00eda - Divisi\u00f3n Interamericana\",\"isPartOf\":{\"@id\":\"https:\\\/\\\/interamerica.org\\\/es\\\/#website\"},\"primaryImageOfPage\":{\"@id\":\"https:\\\/\\\/interamerica.org\\\/es\\\/2026\\\/08\\\/sicologo-adventista-ayuda-a-sobrevivientes-de-terremoto-en-venezuela-a-superar-la-perdida\\\/#primaryimage\"},\"image\":{\"@id\":\"https:\\\/\\\/interamerica.org\\\/es\\\/2026\\\/08\\\/sicologo-adventista-ayuda-a-sobrevivientes-de-terremoto-en-venezuela-a-superar-la-perdida\\\/#primaryimage\"},\"thumbnailUrl\":\"https:\\\/\\\/interamerica.org\\\/wp-content\\\/uploads\\\/2026\\\/08\\\/um-img-05xi1xgeop4ckfmq.jpg\",\"datePublished\":\"2026-08-30T22:11:50+00:00\",\"dateModified\":\"2026-08-30T22:40:05+00:00\",\"author\":{\"@id\":\"https:\\\/\\\/interamerica.org\\\/es\\\/#\\\/schema\\\/person\\\/29998f2bc2d8bd0d38662909289b54f1\"},\"breadcrumb\":{\"@id\":\"https:\\\/\\\/interamerica.org\\\/es\\\/2026\\\/08\\\/sicologo-adventista-ayuda-a-sobrevivientes-de-terremoto-en-venezuela-a-superar-la-perdida\\\/#breadcrumb\"},\"inLanguage\":\"es\",\"potentialAction\":[{\"@type\":\"ReadAction\",\"target\":[\"https:\\\/\\\/interamerica.org\\\/es\\\/2026\\\/08\\\/sicologo-adventista-ayuda-a-sobrevivientes-de-terremoto-en-venezuela-a-superar-la-perdida\\\/\"]}]},{\"@type\":\"ImageObject\",\"inLanguage\":\"es\",\"@id\":\"https:\\\/\\\/interamerica.org\\\/es\\\/2026\\\/08\\\/sicologo-adventista-ayuda-a-sobrevivientes-de-terremoto-en-venezuela-a-superar-la-perdida\\\/#primaryimage\",\"url\":\"https:\\\/\\\/interamerica.org\\\/wp-content\\\/uploads\\\/2026\\\/08\\\/um-img-05xi1xgeop4ckfmq.jpg\",\"contentUrl\":\"https:\\\/\\\/interamerica.org\\\/wp-content\\\/uploads\\\/2026\\\/08\\\/um-img-05xi1xgeop4ckfmq.jpg\",\"width\":1920,\"height\":1080,\"caption\":\"Mois\u00e9s Manzano, un profesor de la Universidad Montemorelos y voluntario de CADENA, accompa\u00f1a a sobrevivientes de terremoto en La Guaira, Venezuela, durante su primera misi\u00f3n humanitaria internacional. [Imagen cortes\u00eda de CADENA]\"},{\"@type\":\"BreadcrumbList\",\"@id\":\"https:\\\/\\\/interamerica.org\\\/es\\\/2026\\\/08\\\/sicologo-adventista-ayuda-a-sobrevivientes-de-terremoto-en-venezuela-a-superar-la-perdida\\\/#breadcrumb\",\"itemListElement\":[{\"@type\":\"ListItem\",\"position\":1,\"name\":\"Home\",\"item\":\"https:\\\/\\\/interamerica.org\\\/es\\\/\"},{\"@type\":\"ListItem\",\"position\":2,\"name\":\"Sic\u00f3logo adventista ayuda a sobrevivientes de terremoto en Venezuela a superar la p\u00e9rdida\"}]},{\"@type\":\"WebSite\",\"@id\":\"https:\\\/\\\/interamerica.org\\\/es\\\/#website\",\"url\":\"https:\\\/\\\/interamerica.org\\\/es\\\/\",\"name\":\"Iglesia Adventista del S\u00e9ptimo D\u00eda - Divisi\u00f3n Interamericana\",\"description\":\"\",\"potentialAction\":[{\"@type\":\"SearchAction\",\"target\":{\"@type\":\"EntryPoint\",\"urlTemplate\":\"https:\\\/\\\/interamerica.org\\\/es\\\/?s={search_term_string}\"},\"query-input\":{\"@type\":\"PropertyValueSpecification\",\"valueRequired\":true,\"valueName\":\"search_term_string\"}}],\"inLanguage\":\"es\"},{\"@type\":\"Person\",\"@id\":\"https:\\\/\\\/interamerica.org\\\/es\\\/#\\\/schema\\\/person\\\/29998f2bc2d8bd0d38662909289b54f1\",\"name\":\"libna\",\"image\":{\"@type\":\"ImageObject\",\"inLanguage\":\"es\",\"@id\":\"https:\\\/\\\/secure.gravatar.com\\\/avatar\\\/7c5bd30ae4b47a9ba3c856590957fd1d96dc588bf3ac05719d247e126840331f?s=96&d=mm&r=g\",\"url\":\"https:\\\/\\\/secure.gravatar.com\\\/avatar\\\/7c5bd30ae4b47a9ba3c856590957fd1d96dc588bf3ac05719d247e126840331f?s=96&d=mm&r=g\",\"contentUrl\":\"https:\\\/\\\/secure.gravatar.com\\\/avatar\\\/7c5bd30ae4b47a9ba3c856590957fd1d96dc588bf3ac05719d247e126840331f?s=96&d=mm&r=g\",\"caption\":\"libna\"}}]}<\/script>\n<!-- \/ Yoast SEO plugin. -->","yoast_head_json":{"title":"Sic\u00f3logo adventista ayuda a sobrevivientes de terremoto en Venezuela a superar la p\u00e9rdida - Iglesia Adventista del S\u00e9ptimo D\u00eda - Divisi\u00f3n Interamericana","robots":{"index":"index","follow":"follow","max-snippet":"max-snippet:-1","max-image-preview":"max-image-preview:large","max-video-preview":"max-video-preview:-1"},"canonical":"https:\/\/interamerica.org\/es\/2026\/08\/sicologo-adventista-ayuda-a-sobrevivientes-de-terremoto-en-venezuela-a-superar-la-perdida\/","og_locale":"es_ES","og_type":"article","og_title":"Sic\u00f3logo adventista ayuda a sobrevivientes de terremoto en Venezuela a superar la p\u00e9rdida - Iglesia Adventista del S\u00e9ptimo D\u00eda - Divisi\u00f3n Interamericana","og_description":"Profesor de la Universidad Montemorelos provee primeros auxilios sicol\u00f3gicos a familias en duelo y \u00a0personal de servicios de emergencia en la golpeada zona de La Guaira. 30 de agosto de...","og_url":"https:\/\/interamerica.org\/es\/2026\/08\/sicologo-adventista-ayuda-a-sobrevivientes-de-terremoto-en-venezuela-a-superar-la-perdida\/","og_site_name":"Iglesia Adventista del S\u00e9ptimo D\u00eda - Divisi\u00f3n Interamericana","article_published_time":"2026-08-30T22:11:50+00:00","article_modified_time":"2026-08-30T22:40:05+00:00","og_image":[{"width":1920,"height":1080,"url":"https:\/\/interamerica.org\/wp-content\/uploads\/2026\/08\/um-img-05xi1xgeop4ckfmq.jpg","type":"image\/jpeg"}],"author":"libna","twitter_card":"summary_large_image","twitter_misc":{"Escrito por":"libna","Tiempo de lectura":"7 minutos"},"schema":{"@context":"https:\/\/schema.org","@graph":[{"@type":"Article","@id":"https:\/\/interamerica.org\/es\/2026\/08\/sicologo-adventista-ayuda-a-sobrevivientes-de-terremoto-en-venezuela-a-superar-la-perdida\/#article","isPartOf":{"@id":"https:\/\/interamerica.org\/es\/2026\/08\/sicologo-adventista-ayuda-a-sobrevivientes-de-terremoto-en-venezuela-a-superar-la-perdida\/"},"author":{"name":"libna","@id":"https:\/\/interamerica.org\/es\/#\/schema\/person\/29998f2bc2d8bd0d38662909289b54f1"},"headline":"Sic\u00f3logo adventista ayuda a sobrevivientes de terremoto en Venezuela a superar la p\u00e9rdida","datePublished":"2026-08-30T22:11:50+00:00","dateModified":"2026-08-30T22:40:05+00:00","mainEntityOfPage":{"@id":"https:\/\/interamerica.org\/es\/2026\/08\/sicologo-adventista-ayuda-a-sobrevivientes-de-terremoto-en-venezuela-a-superar-la-perdida\/"},"wordCount":1316,"image":{"@id":"https:\/\/interamerica.org\/es\/2026\/08\/sicologo-adventista-ayuda-a-sobrevivientes-de-terremoto-en-venezuela-a-superar-la-perdida\/#primaryimage"},"thumbnailUrl":"https:\/\/interamerica.org\/wp-content\/uploads\/2026\/08\/um-img-05xi1xgeop4ckfmq.jpg","articleSection":["Desde la sede","RSS Espa\u00f1ol"],"inLanguage":"es"},{"@type":"WebPage","@id":"https:\/\/interamerica.org\/es\/2026\/08\/sicologo-adventista-ayuda-a-sobrevivientes-de-terremoto-en-venezuela-a-superar-la-perdida\/","url":"https:\/\/interamerica.org\/es\/2026\/08\/sicologo-adventista-ayuda-a-sobrevivientes-de-terremoto-en-venezuela-a-superar-la-perdida\/","name":"Sic\u00f3logo adventista ayuda a sobrevivientes de terremoto en Venezuela a superar la p\u00e9rdida - Iglesia Adventista del S\u00e9ptimo D\u00eda - Divisi\u00f3n Interamericana","isPartOf":{"@id":"https:\/\/interamerica.org\/es\/#website"},"primaryImageOfPage":{"@id":"https:\/\/interamerica.org\/es\/2026\/08\/sicologo-adventista-ayuda-a-sobrevivientes-de-terremoto-en-venezuela-a-superar-la-perdida\/#primaryimage"},"image":{"@id":"https:\/\/interamerica.org\/es\/2026\/08\/sicologo-adventista-ayuda-a-sobrevivientes-de-terremoto-en-venezuela-a-superar-la-perdida\/#primaryimage"},"thumbnailUrl":"https:\/\/interamerica.org\/wp-content\/uploads\/2026\/08\/um-img-05xi1xgeop4ckfmq.jpg","datePublished":"2026-08-30T22:11:50+00:00","dateModified":"2026-08-30T22:40:05+00:00","author":{"@id":"https:\/\/interamerica.org\/es\/#\/schema\/person\/29998f2bc2d8bd0d38662909289b54f1"},"breadcrumb":{"@id":"https:\/\/interamerica.org\/es\/2026\/08\/sicologo-adventista-ayuda-a-sobrevivientes-de-terremoto-en-venezuela-a-superar-la-perdida\/#breadcrumb"},"inLanguage":"es","potentialAction":[{"@type":"ReadAction","target":["https:\/\/interamerica.org\/es\/2026\/08\/sicologo-adventista-ayuda-a-sobrevivientes-de-terremoto-en-venezuela-a-superar-la-perdida\/"]}]},{"@type":"ImageObject","inLanguage":"es","@id":"https:\/\/interamerica.org\/es\/2026\/08\/sicologo-adventista-ayuda-a-sobrevivientes-de-terremoto-en-venezuela-a-superar-la-perdida\/#primaryimage","url":"https:\/\/interamerica.org\/wp-content\/uploads\/2026\/08\/um-img-05xi1xgeop4ckfmq.jpg","contentUrl":"https:\/\/interamerica.org\/wp-content\/uploads\/2026\/08\/um-img-05xi1xgeop4ckfmq.jpg","width":1920,"height":1080,"caption":"Mois\u00e9s Manzano, un profesor de la Universidad Montemorelos y voluntario de CADENA, accompa\u00f1a a sobrevivientes de terremoto en La Guaira, Venezuela, durante su primera misi\u00f3n humanitaria internacional. [Imagen cortes\u00eda de CADENA]"},{"@type":"BreadcrumbList","@id":"https:\/\/interamerica.org\/es\/2026\/08\/sicologo-adventista-ayuda-a-sobrevivientes-de-terremoto-en-venezuela-a-superar-la-perdida\/#breadcrumb","itemListElement":[{"@type":"ListItem","position":1,"name":"Home","item":"https:\/\/interamerica.org\/es\/"},{"@type":"ListItem","position":2,"name":"Sic\u00f3logo adventista ayuda a sobrevivientes de terremoto en Venezuela a superar la p\u00e9rdida"}]},{"@type":"WebSite","@id":"https:\/\/interamerica.org\/es\/#website","url":"https:\/\/interamerica.org\/es\/","name":"Iglesia Adventista del S\u00e9ptimo D\u00eda - Divisi\u00f3n Interamericana","description":"","potentialAction":[{"@type":"SearchAction","target":{"@type":"EntryPoint","urlTemplate":"https:\/\/interamerica.org\/es\/?s={search_term_string}"},"query-input":{"@type":"PropertyValueSpecification","valueRequired":true,"valueName":"search_term_string"}}],"inLanguage":"es"},{"@type":"Person","@id":"https:\/\/interamerica.org\/es\/#\/schema\/person\/29998f2bc2d8bd0d38662909289b54f1","name":"libna","image":{"@type":"ImageObject","inLanguage":"es","@id":"https:\/\/secure.gravatar.com\/avatar\/7c5bd30ae4b47a9ba3c856590957fd1d96dc588bf3ac05719d247e126840331f?s=96&d=mm&r=g","url":"https:\/\/secure.gravatar.com\/avatar\/7c5bd30ae4b47a9ba3c856590957fd1d96dc588bf3ac05719d247e126840331f?s=96&d=mm&r=g","contentUrl":"https:\/\/secure.gravatar.com\/avatar\/7c5bd30ae4b47a9ba3c856590957fd1d96dc588bf3ac05719d247e126840331f?s=96&d=mm&r=g","caption":"libna"}}]}},"_links":{"self":[{"href":"https:\/\/interamerica.org\/es\/wp-json\/wp\/v2\/posts\/147909","targetHints":{"allow":["GET"]}}],"collection":[{"href":"https:\/\/interamerica.org\/es\/wp-json\/wp\/v2\/posts"}],"about":[{"href":"https:\/\/interamerica.org\/es\/wp-json\/wp\/v2\/types\/post"}],"author":[{"embeddable":true,"href":"https:\/\/interamerica.org\/es\/wp-json\/wp\/v2\/users\/3"}],"replies":[{"embeddable":true,"href":"https:\/\/interamerica.org\/es\/wp-json\/wp\/v2\/comments?post=147909"}],"version-history":[{"count":2,"href":"https:\/\/interamerica.org\/es\/wp-json\/wp\/v2\/posts\/147909\/revisions"}],"predecessor-version":[{"id":148241,"href":"https:\/\/interamerica.org\/es\/wp-json\/wp\/v2\/posts\/147909\/revisions\/148241"}],"wp:featuredmedia":[{"embeddable":true,"href":"https:\/\/interamerica.org\/es\/wp-json\/wp\/v2\/media\/147910"}],"wp:attachment":[{"href":"https:\/\/interamerica.org\/es\/wp-json\/wp\/v2\/media?parent=147909"}],"wp:term":[{"taxonomy":"category","embeddable":true,"href":"https:\/\/interamerica.org\/es\/wp-json\/wp\/v2\/categories?post=147909"},{"taxonomy":"post_tag","embeddable":true,"href":"https:\/\/interamerica.org\/es\/wp-json\/wp\/v2\/tags?post=147909"}],"curies":[{"name":"wp","href":"https:\/\/api.w.org\/{rel}","templated":true}]}}