{"id":148184,"date":"2026-09-04T09:00:48","date_gmt":"2026-09-04T13:00:48","guid":{"rendered":"https:\/\/interamerica.org\/?p=148184"},"modified":"2026-09-01T15:01:40","modified_gmt":"2026-09-01T19:01:40","slug":"lanzamiento-de-unavoz27","status":"publish","type":"post","link":"https:\/\/interamerica.org\/es\/2026\/09\/lanzamiento-de-unavoz27\/","title":{"rendered":"Lanzamiento de UnaVoz27"},"content":{"rendered":"<p><em>El siguiente mensaje est\u00e1 dirigido a la Iglesia Adventista del S\u00e9ptimo D\u00eda en Interam\u00e9rica por Abner De los Santos, presidente de la Divisi\u00f3n Interamericana. \u2014 Redacci\u00f3n de Noticias de la DIA<\/em><\/p>\n<p>4 de septiembre de 2026 | Miami, Florida, Estados Unidos | Abner De los Santos, presidente de la Divisi\u00f3n Interam\u00e9ricana<\/p>\n<p><span style=\"font-weight: 400;\">Hola, querida familia de Interam\u00e9rica,\u00a0<\/span><\/p>\n<p><span style=\"font-weight: 400;\">Les invito a abrir su Biblia junto conmigo. 1ra de Corintios 1:10. Dice as\u00ed:<\/span><\/p>\n<p><span style=\"font-weight: 400;\">\u201cOs ruego, pues, hermanos, por el nombre de nuestro Se\u00f1or Jesucristo, que habl\u00e9is todos una misma cosa, y que no haya entre vosotros divisiones, sino que est\u00e9is perfectamente unidos en una misma mente y en un mismo parecer\u201d.<\/span><\/p>\n<p><span style=\"font-weight: 400;\">La Iglesia Adventista del S\u00e9ptimo D\u00eda, en la Divisi\u00f3n Interamericana es una gran familia distribuida en muchos pa\u00edses. Hablamos diferentes idiomas, pero compartimos una misma fe, representamos a muchas culturas y generaciones, contamos cada uno con talentos diversos, lo que significa que tememos diferentes maneras de servir. Pero lo m\u00e1s importante es que hemos sido llamados por un mismo Se\u00f1or, y participamos de una misma misi\u00f3n.<\/span><\/p>\n<p><span style=\"font-weight: 400;\">Cuando el ap\u00f3stol Pablo invit\u00f3 a los creyentes a hablar una misma cosa, no estaba diciendo que todos debemos ser iguales o pensar de la misma manera en cada detalle. Los llam\u00f3 a permanecer unidos en Cristo, a compartir un mismo prop\u00f3sito y a avanzar en una misma direcci\u00f3n. En eso consiste precisamente la iniciativa <\/span><b>OneVoice27<\/b><span style=\"font-weight: 400;\">. Es un llamado a preparar nuestros corazones, a equiparnos con instrucci\u00f3n para enriquecer nuestros dones y recursos, de modo que podamos cumplir juntos la misi\u00f3n que Dios nos ha confiado.<\/span><\/p>\n<p><span style=\"font-weight: 400;\">Les invito a prepararnos desde ahora. Que cada miembro, cada iglesia, instituci\u00f3n, y ministerio pueda sumarse con oraci\u00f3n, compromiso y disposici\u00f3n. Y que trabajemos con una misma mente, un mismo prop\u00f3sito y un mismo esp\u00edritu.<\/span><\/p>\n<p><span style=\"font-weight: 400;\">\u00a1Est\u00e1s listo?<\/span><\/p>\n<p><span style=\"font-weight: 400;\">Que Dios bendiga a su iglesia en Interam\u00e9rica.<\/span><\/p>\n<p><iframe title=\"OneVoice27 | Una sola voz, una misma misi\u00f3n | Iglesia Adventista en Interam\u00e9rica\" width=\"500\" height=\"281\" src=\"https:\/\/www.youtube.com\/embed\/QrC7rE4qLgo?feature=oembed\" frameborder=\"0\" allow=\"accelerometer; autoplay; clipboard-write; encrypted-media; gyroscope; picture-in-picture; web-share\" referrerpolicy=\"strict-origin-when-cross-origin\" allowfullscreen><\/iframe><\/p>\n","protected":false},"excerpt":{"rendered":"<p>El siguiente mensaje est\u00e1 dirigido a la Iglesia Adventista del S\u00e9ptimo D\u00eda en Interam\u00e9rica por Abner De los Santos, presidente de la Divisi\u00f3n Interamericana. \u2014 Redacci\u00f3n de Noticias de la&#8230;<\/p>\n","protected":false},"author":3,"featured_media":148289,"comment_status":"closed","ping_status":"closed","sticky":false,"template":"","format":"standard","meta":{"_acf_changed":false,"footnotes":""},"categories":[16,15],"tags":[],"class_list":["post-148184","post","type-post","status-publish","format-standard","has-post-thumbnail","hentry","category-desde-la-sede","category-rss-espanol"],"acf":[],"yoast_head":"<!-- This site is optimized with the Yoast SEO plugin v28.4 - https:\/\/yoast.com\/product\/yoast-seo-wordpress\/ -->\n<title>Lanzamiento de UnaVoz27 - Iglesia Adventista del S\u00e9ptimo D\u00eda - Divisi\u00f3n Interamericana<\/title>\n<meta name=\"robots\" content=\"index, follow, max-snippet:-1, max-image-preview:large, max-video-preview:-1\" \/>\n<link rel=\"canonical\" href=\"https:\/\/interamerica.org\/es\/2026\/09\/lanzamiento-de-unavoz27\/\" \/>\n<meta property=\"og:locale\" content=\"es_ES\" \/>\n<meta property=\"og:type\" content=\"article\" \/>\n<meta property=\"og:title\" content=\"Lanzamiento de UnaVoz27 - Iglesia Adventista del S\u00e9ptimo D\u00eda - Divisi\u00f3n Interamericana\" \/>\n<meta property=\"og:description\" content=\"El siguiente mensaje est\u00e1 dirigido a la Iglesia Adventista del S\u00e9ptimo D\u00eda en Interam\u00e9rica por Abner De los Santos, presidente de la Divisi\u00f3n Interamericana. \u2014 Redacci\u00f3n de Noticias de la...\" \/>\n<meta property=\"og:url\" content=\"https:\/\/interamerica.org\/es\/2026\/09\/lanzamiento-de-unavoz27\/\" \/>\n<meta property=\"og:site_name\" content=\"Iglesia Adventista del S\u00e9ptimo D\u00eda - Divisi\u00f3n Interamericana\" \/>\n<meta property=\"article:published_time\" content=\"2026-09-04T13:00:48+00:00\" \/>\n<meta property=\"og:image\" content=\"https:\/\/interamerica.org\/wp-content\/uploads\/2026\/09\/thumb-adls-sep5-ov27-esp-2-1024x574.png\" \/>\n\t<meta property=\"og:image:width\" content=\"1024\" \/>\n\t<meta property=\"og:image:height\" content=\"574\" \/>\n\t<meta property=\"og:image:type\" content=\"image\/png\" \/>\n<meta name=\"author\" content=\"libna\" \/>\n<meta name=\"twitter:card\" content=\"summary_large_image\" \/>\n<meta name=\"twitter:label1\" content=\"Escrito por\" \/>\n\t<meta name=\"twitter:data1\" content=\"libna\" \/>\n\t<meta name=\"twitter:label2\" content=\"Tiempo de lectura\" \/>\n\t<meta name=\"twitter:data2\" content=\"2 minutos\" \/>\n<script type=\"application\/ld+json\" class=\"yoast-schema-graph\">{\"@context\":\"https:\\\/\\\/schema.org\",\"@graph\":[{\"@type\":\"Article\",\"@id\":\"https:\\\/\\\/interamerica.org\\\/es\\\/2026\\\/09\\\/lanzamiento-de-unavoz27\\\/#article\",\"isPartOf\":{\"@id\":\"https:\\\/\\\/interamerica.org\\\/es\\\/2026\\\/09\\\/lanzamiento-de-unavoz27\\\/\"},\"author\":{\"name\":\"libna\",\"@id\":\"https:\\\/\\\/interamerica.org\\\/es\\\/#\\\/schema\\\/person\\\/29998f2bc2d8bd0d38662909289b54f1\"},\"headline\":\"Lanzamiento de UnaVoz27\",\"datePublished\":\"2026-09-04T13:00:48+00:00\",\"mainEntityOfPage\":{\"@id\":\"https:\\\/\\\/interamerica.org\\\/es\\\/2026\\\/09\\\/lanzamiento-de-unavoz27\\\/\"},\"wordCount\":338,\"image\":{\"@id\":\"https:\\\/\\\/interamerica.org\\\/es\\\/2026\\\/09\\\/lanzamiento-de-unavoz27\\\/#primaryimage\"},\"thumbnailUrl\":\"https:\\\/\\\/interamerica.org\\\/wp-content\\\/uploads\\\/2026\\\/09\\\/thumb-adls-sep5-ov27-esp-2.png\",\"articleSection\":[\"Desde la sede\",\"RSS Espa\u00f1ol\"],\"inLanguage\":\"es\"},{\"@type\":\"WebPage\",\"@id\":\"https:\\\/\\\/interamerica.org\\\/es\\\/2026\\\/09\\\/lanzamiento-de-unavoz27\\\/\",\"url\":\"https:\\\/\\\/interamerica.org\\\/es\\\/2026\\\/09\\\/lanzamiento-de-unavoz27\\\/\",\"name\":\"Lanzamiento de UnaVoz27 - Iglesia Adventista del S\u00e9ptimo D\u00eda - Divisi\u00f3n Interamericana\",\"isPartOf\":{\"@id\":\"https:\\\/\\\/interamerica.org\\\/es\\\/#website\"},\"primaryImageOfPage\":{\"@id\":\"https:\\\/\\\/interamerica.org\\\/es\\\/2026\\\/09\\\/lanzamiento-de-unavoz27\\\/#primaryimage\"},\"image\":{\"@id\":\"https:\\\/\\\/interamerica.org\\\/es\\\/2026\\\/09\\\/lanzamiento-de-unavoz27\\\/#primaryimage\"},\"thumbnailUrl\":\"https:\\\/\\\/interamerica.org\\\/wp-content\\\/uploads\\\/2026\\\/09\\\/thumb-adls-sep5-ov27-esp-2.png\",\"datePublished\":\"2026-09-04T13:00:48+00:00\",\"author\":{\"@id\":\"https:\\\/\\\/interamerica.org\\\/es\\\/#\\\/schema\\\/person\\\/29998f2bc2d8bd0d38662909289b54f1\"},\"breadcrumb\":{\"@id\":\"https:\\\/\\\/interamerica.org\\\/es\\\/2026\\\/09\\\/lanzamiento-de-unavoz27\\\/#breadcrumb\"},\"inLanguage\":\"es\",\"potentialAction\":[{\"@type\":\"ReadAction\",\"target\":[\"https:\\\/\\\/interamerica.org\\\/es\\\/2026\\\/09\\\/lanzamiento-de-unavoz27\\\/\"]}]},{\"@type\":\"ImageObject\",\"inLanguage\":\"es\",\"@id\":\"https:\\\/\\\/interamerica.org\\\/es\\\/2026\\\/09\\\/lanzamiento-de-unavoz27\\\/#primaryimage\",\"url\":\"https:\\\/\\\/interamerica.org\\\/wp-content\\\/uploads\\\/2026\\\/09\\\/thumb-adls-sep5-ov27-esp-2.png\",\"contentUrl\":\"https:\\\/\\\/interamerica.org\\\/wp-content\\\/uploads\\\/2026\\\/09\\\/thumb-adls-sep5-ov27-esp-2.png\",\"width\":2555,\"height\":1433},{\"@type\":\"BreadcrumbList\",\"@id\":\"https:\\\/\\\/interamerica.org\\\/es\\\/2026\\\/09\\\/lanzamiento-de-unavoz27\\\/#breadcrumb\",\"itemListElement\":[{\"@type\":\"ListItem\",\"position\":1,\"name\":\"Home\",\"item\":\"https:\\\/\\\/interamerica.org\\\/es\\\/\"},{\"@type\":\"ListItem\",\"position\":2,\"name\":\"Lanzamiento de UnaVoz27\"}]},{\"@type\":\"WebSite\",\"@id\":\"https:\\\/\\\/interamerica.org\\\/es\\\/#website\",\"url\":\"https:\\\/\\\/interamerica.org\\\/es\\\/\",\"name\":\"Iglesia Adventista del S\u00e9ptimo D\u00eda - Divisi\u00f3n Interamericana\",\"description\":\"\",\"potentialAction\":[{\"@type\":\"SearchAction\",\"target\":{\"@type\":\"EntryPoint\",\"urlTemplate\":\"https:\\\/\\\/interamerica.org\\\/es\\\/?s={search_term_string}\"},\"query-input\":{\"@type\":\"PropertyValueSpecification\",\"valueRequired\":true,\"valueName\":\"search_term_string\"}}],\"inLanguage\":\"es\"},{\"@type\":\"Person\",\"@id\":\"https:\\\/\\\/interamerica.org\\\/es\\\/#\\\/schema\\\/person\\\/29998f2bc2d8bd0d38662909289b54f1\",\"name\":\"libna\",\"image\":{\"@type\":\"ImageObject\",\"inLanguage\":\"es\",\"@id\":\"https:\\\/\\\/secure.gravatar.com\\\/avatar\\\/7c5bd30ae4b47a9ba3c856590957fd1d96dc588bf3ac05719d247e126840331f?s=96&d=mm&r=g\",\"url\":\"https:\\\/\\\/secure.gravatar.com\\\/avatar\\\/7c5bd30ae4b47a9ba3c856590957fd1d96dc588bf3ac05719d247e126840331f?s=96&d=mm&r=g\",\"contentUrl\":\"https:\\\/\\\/secure.gravatar.com\\\/avatar\\\/7c5bd30ae4b47a9ba3c856590957fd1d96dc588bf3ac05719d247e126840331f?s=96&d=mm&r=g\",\"caption\":\"libna\"}}]}<\/script>\n<!-- \/ Yoast SEO plugin. -->","yoast_head_json":{"title":"Lanzamiento de UnaVoz27 - Iglesia Adventista del S\u00e9ptimo D\u00eda - Divisi\u00f3n Interamericana","robots":{"index":"index","follow":"follow","max-snippet":"max-snippet:-1","max-image-preview":"max-image-preview:large","max-video-preview":"max-video-preview:-1"},"canonical":"https:\/\/interamerica.org\/es\/2026\/09\/lanzamiento-de-unavoz27\/","og_locale":"es_ES","og_type":"article","og_title":"Lanzamiento de UnaVoz27 - Iglesia Adventista del S\u00e9ptimo D\u00eda - Divisi\u00f3n Interamericana","og_description":"El siguiente mensaje est\u00e1 dirigido a la Iglesia Adventista del S\u00e9ptimo D\u00eda en Interam\u00e9rica por Abner De los Santos, presidente de la Divisi\u00f3n Interamericana. \u2014 Redacci\u00f3n de Noticias de la...","og_url":"https:\/\/interamerica.org\/es\/2026\/09\/lanzamiento-de-unavoz27\/","og_site_name":"Iglesia Adventista del S\u00e9ptimo D\u00eda - Divisi\u00f3n Interamericana","article_published_time":"2026-09-04T13:00:48+00:00","og_image":[{"width":1024,"height":574,"url":"https:\/\/interamerica.org\/wp-content\/uploads\/2026\/09\/thumb-adls-sep5-ov27-esp-2-1024x574.png","type":"image\/png"}],"author":"libna","twitter_card":"summary_large_image","twitter_misc":{"Escrito por":"libna","Tiempo de lectura":"2 minutos"},"schema":{"@context":"https:\/\/schema.org","@graph":[{"@type":"Article","@id":"https:\/\/interamerica.org\/es\/2026\/09\/lanzamiento-de-unavoz27\/#article","isPartOf":{"@id":"https:\/\/interamerica.org\/es\/2026\/09\/lanzamiento-de-unavoz27\/"},"author":{"name":"libna","@id":"https:\/\/interamerica.org\/es\/#\/schema\/person\/29998f2bc2d8bd0d38662909289b54f1"},"headline":"Lanzamiento de UnaVoz27","datePublished":"2026-09-04T13:00:48+00:00","mainEntityOfPage":{"@id":"https:\/\/interamerica.org\/es\/2026\/09\/lanzamiento-de-unavoz27\/"},"wordCount":338,"image":{"@id":"https:\/\/interamerica.org\/es\/2026\/09\/lanzamiento-de-unavoz27\/#primaryimage"},"thumbnailUrl":"https:\/\/interamerica.org\/wp-content\/uploads\/2026\/09\/thumb-adls-sep5-ov27-esp-2.png","articleSection":["Desde la sede","RSS Espa\u00f1ol"],"inLanguage":"es"},{"@type":"WebPage","@id":"https:\/\/interamerica.org\/es\/2026\/09\/lanzamiento-de-unavoz27\/","url":"https:\/\/interamerica.org\/es\/2026\/09\/lanzamiento-de-unavoz27\/","name":"Lanzamiento de UnaVoz27 - Iglesia Adventista del S\u00e9ptimo D\u00eda - Divisi\u00f3n Interamericana","isPartOf":{"@id":"https:\/\/interamerica.org\/es\/#website"},"primaryImageOfPage":{"@id":"https:\/\/interamerica.org\/es\/2026\/09\/lanzamiento-de-unavoz27\/#primaryimage"},"image":{"@id":"https:\/\/interamerica.org\/es\/2026\/09\/lanzamiento-de-unavoz27\/#primaryimage"},"thumbnailUrl":"https:\/\/interamerica.org\/wp-content\/uploads\/2026\/09\/thumb-adls-sep5-ov27-esp-2.png","datePublished":"2026-09-04T13:00:48+00:00","author":{"@id":"https:\/\/interamerica.org\/es\/#\/schema\/person\/29998f2bc2d8bd0d38662909289b54f1"},"breadcrumb":{"@id":"https:\/\/interamerica.org\/es\/2026\/09\/lanzamiento-de-unavoz27\/#breadcrumb"},"inLanguage":"es","potentialAction":[{"@type":"ReadAction","target":["https:\/\/interamerica.org\/es\/2026\/09\/lanzamiento-de-unavoz27\/"]}]},{"@type":"ImageObject","inLanguage":"es","@id":"https:\/\/interamerica.org\/es\/2026\/09\/lanzamiento-de-unavoz27\/#primaryimage","url":"https:\/\/interamerica.org\/wp-content\/uploads\/2026\/09\/thumb-adls-sep5-ov27-esp-2.png","contentUrl":"https:\/\/interamerica.org\/wp-content\/uploads\/2026\/09\/thumb-adls-sep5-ov27-esp-2.png","width":2555,"height":1433},{"@type":"BreadcrumbList","@id":"https:\/\/interamerica.org\/es\/2026\/09\/lanzamiento-de-unavoz27\/#breadcrumb","itemListElement":[{"@type":"ListItem","position":1,"name":"Home","item":"https:\/\/interamerica.org\/es\/"},{"@type":"ListItem","position":2,"name":"Lanzamiento de UnaVoz27"}]},{"@type":"WebSite","@id":"https:\/\/interamerica.org\/es\/#website","url":"https:\/\/interamerica.org\/es\/","name":"Iglesia Adventista del S\u00e9ptimo D\u00eda - Divisi\u00f3n Interamericana","description":"","potentialAction":[{"@type":"SearchAction","target":{"@type":"EntryPoint","urlTemplate":"https:\/\/interamerica.org\/es\/?s={search_term_string}"},"query-input":{"@type":"PropertyValueSpecification","valueRequired":true,"valueName":"search_term_string"}}],"inLanguage":"es"},{"@type":"Person","@id":"https:\/\/interamerica.org\/es\/#\/schema\/person\/29998f2bc2d8bd0d38662909289b54f1","name":"libna","image":{"@type":"ImageObject","inLanguage":"es","@id":"https:\/\/secure.gravatar.com\/avatar\/7c5bd30ae4b47a9ba3c856590957fd1d96dc588bf3ac05719d247e126840331f?s=96&d=mm&r=g","url":"https:\/\/secure.gravatar.com\/avatar\/7c5bd30ae4b47a9ba3c856590957fd1d96dc588bf3ac05719d247e126840331f?s=96&d=mm&r=g","contentUrl":"https:\/\/secure.gravatar.com\/avatar\/7c5bd30ae4b47a9ba3c856590957fd1d96dc588bf3ac05719d247e126840331f?s=96&d=mm&r=g","caption":"libna"}}]}},"_links":{"self":[{"href":"https:\/\/interamerica.org\/es\/wp-json\/wp\/v2\/posts\/148184","targetHints":{"allow":["GET"]}}],"collection":[{"href":"https:\/\/interamerica.org\/es\/wp-json\/wp\/v2\/posts"}],"about":[{"href":"https:\/\/interamerica.org\/es\/wp-json\/wp\/v2\/types\/post"}],"author":[{"embeddable":true,"href":"https:\/\/interamerica.org\/es\/wp-json\/wp\/v2\/users\/3"}],"replies":[{"embeddable":true,"href":"https:\/\/interamerica.org\/es\/wp-json\/wp\/v2\/comments?post=148184"}],"version-history":[{"count":4,"href":"https:\/\/interamerica.org\/es\/wp-json\/wp\/v2\/posts\/148184\/revisions"}],"predecessor-version":[{"id":148339,"href":"https:\/\/interamerica.org\/es\/wp-json\/wp\/v2\/posts\/148184\/revisions\/148339"}],"wp:featuredmedia":[{"embeddable":true,"href":"https:\/\/interamerica.org\/es\/wp-json\/wp\/v2\/media\/148289"}],"wp:attachment":[{"href":"https:\/\/interamerica.org\/es\/wp-json\/wp\/v2\/media?parent=148184"}],"wp:term":[{"taxonomy":"category","embeddable":true,"href":"https:\/\/interamerica.org\/es\/wp-json\/wp\/v2\/categories?post=148184"},{"taxonomy":"post_tag","embeddable":true,"href":"https:\/\/interamerica.org\/es\/wp-json\/wp\/v2\/tags?post=148184"}],"curies":[{"name":"wp","href":"https:\/\/api.w.org\/{rel}","templated":true}]}}