{"id":148190,"date":"2026-08-31T10:30:00","date_gmt":"2026-08-31T14:30:00","guid":{"rendered":"https:\/\/interamerica.org\/?p=148190"},"modified":"2026-08-31T10:52:03","modified_gmt":"2026-08-31T14:52:03","slug":"el-sol-todavia-brilla","status":"publish","type":"post","link":"https:\/\/interamerica.org\/es\/2026\/08\/el-sol-todavia-brilla\/","title":{"rendered":"El sol todav\u00eda brilla"},"content":{"rendered":"<p><em>Fe, ciencia y asombro se unen bajo el cielo de Espa\u00f1a. <\/em><\/p>\n<p>31 de agosto de 2026 | Sagunto, Valencia, Espa\u00f1a | Vanesa Pizzuto, Noticias de la Divisi\u00f3n Transeuropea<\/p>\n<p>Del 10 al 13 de agosto, m\u00e1s de 30 cient\u00edficos y entusiastas de la ciencia se reunieron en Sagunto, Espa\u00f1a, para la Conferencia de Fe y Ciencia organizada por el Instituto de Investigaci\u00f3n de Geociencia (GRI, por sus siglas en ingl\u00e9s). Pero, esta no fue una conferencia ordinaria. El evento fue organizado de manera que coincidiera con el eclipse solar total del 12 de agosto, una de las exhibiciones m\u00e1s espectaculares de la naturaleza y acontecimiento astron\u00f3mico que llam\u00f3 la atenci\u00f3n de toda Europa. Les ofreci\u00f3 a los participantes la rara oportunidad de contemplar el espect\u00e1culo cient\u00edfico despleg\u00e1ndose sobre ellos desde el momento en que la luna se preparaba para cruzar a trav\u00e9s del rostro del sol.<\/p>\n<p>En torno al tema \u201cEl Sol Todav\u00eda Brilla\u201d, representantes de m\u00e1s de 10 pa\u00edses exploraron la relaci\u00f3n entre la ciencia y la creaci\u00f3n, guiados por dos oradores internacionales, Josu\u00e9 Cardoso Dos Santos y Daniel Blanco.<\/p>\n<p class=\"c-post-header__subtitle\"><em>\u00a0 \u00a0 <\/em><\/p>\n<p><div id=\"attachment_148158\" style=\"width: 895px\" class=\"wp-caption aligncenter\"><img fetchpriority=\"high\" decoding=\"async\" aria-describedby=\"caption-attachment-148158\" class=\" wp-image-148158\" src=\"https:\/\/interamerica.org\/wp-content\/uploads\/2026\/08\/faith-science-1-16-1200x0-c-default-1024x575.jpg\" alt=\"\" width=\"885\" height=\"497\" srcset=\"https:\/\/interamerica.org\/wp-content\/uploads\/2026\/08\/faith-science-1-16-1200x0-c-default-1024x575.jpg 1024w, https:\/\/interamerica.org\/wp-content\/uploads\/2026\/08\/faith-science-1-16-1200x0-c-default-300x169.jpg 300w, https:\/\/interamerica.org\/wp-content\/uploads\/2026\/08\/faith-science-1-16-1200x0-c-default-768x431.jpg 768w, https:\/\/interamerica.org\/wp-content\/uploads\/2026\/08\/faith-science-1-16-1200x0-c-default.jpg 1200w\" sizes=\"(max-width: 885px) 100vw, 885px\" \/><p id=\"caption-attachment-148158\" class=\"wp-caption-text\">La Conferencia de Fe y Ciencia en Sagunto, Espa\u00f1a, fue organizada por el Instituto de Investigaci\u00f3n de Geociencia y coincidi\u00f3 con el eclipse solar total del 12 de agosto. [Im\u00e1genes: Marti Szyd\u0142owska, Mitchell Cordero y Vanesa Pizzuto]<\/p><\/div>El orador Dos Santos, un cient\u00edfico brasile\u00f1o que actualmente radica en los Estados Unidos, es profesor asistente en la Universidad de Colorado, en Colorado Springs, en donde se especializa en mec\u00e1nica celeste. El orador Blanco, profesor e investigador argentino en la Universidad Nacional del Litoral, se especializa en epistemolog\u00eda e historia de la ciencia.<\/p>\n<p>Procedentes de distintos trasfondos acad\u00e9micos, los dos oradores enfocaron su atenci\u00f3n en la relaci\u00f3n entre fe y ciencia desde perspectivas complementarias. Sus presentaciones exploraron interrogantes, desde los remedios matem\u00e1ticos de Ptolomeo para un cosmos \u201crebelde\u201d y el fino ajuste del universo, hasta el tema de la velocidad de la luz y el desaf\u00edo de ense\u00f1ar f\u00edsica y astronom\u00eda desde una perspectiva b\u00edblica.<\/p>\n<p><strong>El eclipse solar total<\/strong><\/p>\n<p>Ni siquiera la ola de calor, ni el implacable sol espa\u00f1ol evitaron que los asistentes y visitantes ascendieran lentamente la colina detr\u00e1s del Colegio Adventista de Sagunto a tiempo para ser testigos del eclipse. Provistos de sombreros, repelente de insectos y gafas \u00a0con certificaci\u00f3n ISO para observaci\u00f3n de eclipses, se reunieron en la ladera a esperar la aparici\u00f3n de un espect\u00e1culo natural, que uno de los visitantes describi\u00f3 m\u00e1s tarde como \u201cabsolutamente no sobrevalorado\u201d.<\/p>\n<div id=\"attachment_148159\" style=\"width: 836px\" class=\"wp-caption aligncenter\"><img decoding=\"async\" aria-describedby=\"caption-attachment-148159\" class=\" wp-image-148159\" src=\"https:\/\/interamerica.org\/wp-content\/uploads\/2026\/08\/faith-science-2-14.jpg\" alt=\"\" width=\"826\" height=\"464\" srcset=\"https:\/\/interamerica.org\/wp-content\/uploads\/2026\/08\/faith-science-2-14.jpg 630w, https:\/\/interamerica.org\/wp-content\/uploads\/2026\/08\/faith-science-2-14-300x169.jpg 300w\" sizes=\"(max-width: 826px) 100vw, 826px\" \/><p id=\"caption-attachment-148159\" class=\"wp-caption-text\">Participantes visitan una exhibici\u00f3n de ciencia sobre Galileo Galilei, dirigidos por Daniel Blanco, durante la Conferencia de Fe y Ciencia. [Im\u00e1genes: Marti Szyd\u0142owska, Mitchell Cordero y Vanesa Pizzuto]<\/p><\/div>\n<p class=\"wp-block-paragraph\">Comenzando aproximadamente a las <strong>7:<\/strong>30 p.m. y llegando a su m\u00e1xima cobertura aproximadamente a las 8:30 p.m., el eclipse <strong>f<\/strong>ue manifest\u00e1ndose gradualmente ante ellos, \u00a0arrancando espont\u00e1neos v\u00edtores de j\u00fabilo por parte del grupo. Para la mayor\u00eda de los participantes esa fue su primer experiencia presenciando un eclipse solar total, lo cual hizo memorables esos cuantos minutos.<\/p>\n<p>\u201cPara m\u00ed, el poder presenciar juntos el eclipse fue uno de los detalles m\u00e1s bellos\u201d, dijo Noem\u00ed Dur\u00e1n, directora GRI en Europa y organizadora del evento. \u201cLa sensaci\u00f3n experimentada al quitarnos las gafas de protecci\u00f3n al ver el sol totalmente cubierto y la corona; y saber que cada uno en el grupo est\u00e1 sintiendo lo mismo, es algo indescriptible\u201d.<\/p>\n<p>\u201cTodo el mundo empez\u00f3 a vitorear y se pod\u00eda escuchar a las personas gritar: \u2018Gloria a Dios\u2019, o \u2018Gracias, Dios\u2019. \u00a0Fue un regalo para todo el grupo\u201d, dijo la directora Dur\u00e1n al reflexionar en c\u00f3mo esa experiencia compartida de asombro, llev\u00f3 ultimadamente a la adoraci\u00f3n.<\/p>\n<p><strong>Por qu\u00e9 son importantes estos eventos<\/strong><\/p>\n<p>La conferencia reuni\u00f3 a toda una variedad de profesionales y estudiantes europeos, incluyendo a f\u00edsicos, farmac\u00f3logos, ingenieros y hasta creadores de contenido en los medios sociales interesados en compartir en l\u00ednea material sobre fe y ciencia. Los trasfondos eran diferentes, pero muchos ten\u00edan en com\u00fan un deseo: explorar interrogantes sobre fe y ciencia juntamente con otros que toman sen serio ambas esferas.<\/p>\n<div id=\"attachment_148160\" style=\"width: 795px\" class=\"wp-caption aligncenter\"><img decoding=\"async\" aria-describedby=\"caption-attachment-148160\" class=\" wp-image-148160\" src=\"https:\/\/interamerica.org\/wp-content\/uploads\/2026\/08\/sagunto-valencia-3-12.jpg\" alt=\"\" width=\"785\" height=\"441\" srcset=\"https:\/\/interamerica.org\/wp-content\/uploads\/2026\/08\/sagunto-valencia-3-12.jpg 630w, https:\/\/interamerica.org\/wp-content\/uploads\/2026\/08\/sagunto-valencia-3-12-300x169.jpg 300w\" sizes=\"(max-width: 785px) 100vw, 785px\" \/><p id=\"caption-attachment-148160\" class=\"wp-caption-text\">Participantes se re\u00fanen para una fotograf\u00eda de grupo en una colina cerca del Colegio Adventista de Sagunto antes del eclipse solar total el 12 de agosto. [Im\u00e1genes: Marti Szyd\u0142owska, Mitchell Cordero y Vanesa Pizzuto]<\/p><\/div>\n<p class=\"wp-block-paragraph\">Claudio Gargano, embajador de GRI por parte de Italia, comenz\u00f3 a asistir a estos eventos porque, como bi\u00f3logo marino, deseaba explorar \u201cc\u00f3mo mi creencia en Cristo encaja en el mundo en que vivo. As\u00ed que estaba en b\u00fasqueda de un grupo de personas que compartieran las mismas perspectivas\u201d.<\/p>\n<p>Ahora, como embajador, puede ver la oportunidad de llevar tales conversaciones m\u00e1s all\u00e1 de la conferencia. \u201cTodav\u00eda nos falta mucho conocimiento en t\u00e9rminos de ciencia y de c\u00f3mo [funciona] la creaci\u00f3n.\u00a0.\u00a0.\u00a0. Estamos tratando de salvar la brecha a trav\u00e9s de actividades locales y eventos internacionales. Esa es la raz\u00f3n por la que me emociona la idea de dar a conocer lo que est\u00e1 haciendo GRI\u201d, dijo.<\/p>\n<p>Para el pastor y f\u00edsico alem\u00e1n, Martin Borm, el salvar esa brecha comienza con comprensi\u00f3n. \u201cEs importante comprender c\u00f3mo funcionan las cosas tanto en la naturaleza como en las Escrituras. . . . la ignorancia es peligrosa. El ser humano ha sido causa de mucha destrucci\u00f3n porque no comprendi\u00f3 y, por lo tanto, no pudo apreciar\u201d, dijo.<\/p>\n<p>\u201cNo somos llevados por los caprichos aleatorios del caos, sino que vivimos en un universo que sigue las leyes del Creador\u201d, continu\u00f3 diciendo. \u201cPor lo tanto, la ignorancia de las cosas espirituales es igualmente destructiva. Si el ser humano no est\u00e1 utilizando su capacidad de comprensi\u00f3n, ignora los medios que Dios le ha provisto para su propia salvaci\u00f3n. No hay tal cosa como un cristiano perezoso e indiferente\u201d.<\/p>\n<div id=\"attachment_148161\" style=\"width: 759px\" class=\"wp-caption aligncenter\"><img loading=\"lazy\" decoding=\"async\" aria-describedby=\"caption-attachment-148161\" class=\" wp-image-148161\" src=\"https:\/\/interamerica.org\/wp-content\/uploads\/2026\/08\/sagunto-valencia-4-11.jpg\" alt=\"\" width=\"749\" height=\"421\" srcset=\"https:\/\/interamerica.org\/wp-content\/uploads\/2026\/08\/sagunto-valencia-4-11.jpg 630w, https:\/\/interamerica.org\/wp-content\/uploads\/2026\/08\/sagunto-valencia-4-11-300x169.jpg 300w\" sizes=\"(max-width: 749px) 100vw, 749px\" \/><p id=\"caption-attachment-148161\" class=\"wp-caption-text\">Los asistentes toman parte en una sesi\u00f3n interactiva dirigida por Noem\u00ed Dur\u00e1n, representando de nuevo el eclipse solar durante la Conferencia de Fe y Ciencia en Sagunto, Espa\u00f1a. [Im\u00e1genes: Marti Szyd\u0142owska, Mitchell Cordero y Vanesa Pizzuto]<\/p><\/div>\n<p class=\"wp-block-paragraph\">Para H\u00e9ctor Postigo, un asistente espa\u00f1ol que est\u00e1 terminando una carrera en f\u00edsica, el proceso de aprendizaje ha sido personal. Para \u00e9l, la educaci\u00f3n y la comunicaci\u00f3n cient\u00edfica son las razones clave para asistir a eventos como este, adem\u00e1s de una forma de evitar la falsa elecci\u00f3n entre la investigaci\u00f3n en el ramo de la fe y la ciencia.<\/p>\n<p>\u201cCuando era ni\u00f1o, ten\u00eda una perspectiva demasiado simplista acerca de la teor\u00eda del big bang (mayormente de rocas colisionando y formando planetas). As\u00ed que iba a la escuela y dec\u00eda: \u2018No, no. Todas esas ideas son falsas\u2019\u201d. \u00a0Sin embargo, su comprensi\u00f3n cambi\u00f3 con el tiempo.<\/p>\n<p>\u201cLo que yo no entend\u00eda\u201d, continu\u00f3 diciendo, \u201ces que la teor\u00eda del big bang pod\u00eda ayudarte a ver que el universo tiene un comienzo* Y, a trav\u00e9s de ello, ver la necesidad de la existencia de Dios. La teor\u00eda no le cierra la puerta a Dios; pero de alguna manera, aunque no en forma categ\u00f3rica, abre la puerta a una conversaci\u00f3n acerca de los or\u00edgenes en las esferas cient\u00edficas\u201d.<\/p>\n<p>Para \u00e9l, el aprender c\u00f3mo tener esa conversaci\u00f3n es tan importante como tener una respuesta. \u201cSi lo entendemos en la forma apropiada, nosotros [los cristianos] podemos hablar [a no creyentes] como un grupo de personas que est\u00e1n interesadas en descubrir la verdad en vez de imponerla y como un grupo que piensa en forma seria\u201d.<\/p>\n<div id=\"attachment_148162\" style=\"width: 743px\" class=\"wp-caption aligncenter\"><img loading=\"lazy\" decoding=\"async\" aria-describedby=\"caption-attachment-148162\" class=\" wp-image-148162\" src=\"https:\/\/interamerica.org\/wp-content\/uploads\/2026\/08\/sagunto-valencia-5-9.jpg\" alt=\"\" width=\"733\" height=\"412\" srcset=\"https:\/\/interamerica.org\/wp-content\/uploads\/2026\/08\/sagunto-valencia-5-9.jpg 630w, https:\/\/interamerica.org\/wp-content\/uploads\/2026\/08\/sagunto-valencia-5-9-300x169.jpg 300w\" sizes=\"(max-width: 733px) 100vw, 733px\" \/><p id=\"caption-attachment-148162\" class=\"wp-caption-text\">Asistentes se re\u00fanen en la ladera detr\u00e1s del Colegio Adventista de Sagunto para observar el eclipse solar total el 12 de agosto. [Im\u00e1genes: Marti Szyd\u0142owska, Mitchell Cordero y Vanesa Pizzuto]<\/p><\/div>\n<p class=\"wp-block-paragraph\"><strong>Puedo Verte (I See You)<\/strong><\/p>\n<p>Todo el evento cont\u00f3 con un s\u00f3lido componente espiritual, con meditaciones devocionales cada ma\u00f1ana y m\u00fasica de adoraci\u00f3n seleccionada especialmente para la conferencia. El canto tema \u201cPuedo Verte\u201d, una suave balada de la cantautora JJ Heller, reflej\u00f3 bien el esp\u00edritu de la conferencia, subrayando el hecho de la maravilla de la creaci\u00f3n.<\/p>\n<p>Cada ma\u00f1ana, los participantes unieron sus voces en ese canto cuyas palabras los invitaban a mirar m\u00e1s all\u00e1 de lo ordinario y a reconocer a la naturaleza como una de las formas en las que Dios revela su car\u00e1cter y poder.<\/p>\n<p>\u201cHay dos libros que Dios usa para revelarse a s\u00ed mismo, la Biblia y la naturaleza\u201d, dijo Antonio Cremades durante las palabras de clausura. \u201cComo cristianos, hemos hecho a un lado uno de los libros. . . como resultado, los evolucionistas lo han tomado. Estamos tratando de defender nuestra posici\u00f3n y responderles; pero ya no somos los pioneros\u201d.<\/p>\n<p>\u201cComo cristianos, tenemos mucho qu\u00e9 decir acerca de la naturaleza. Sabemos que fue un inteligente Creador el que la dise\u00f1\u00f3\u201d, continu\u00f3 diciendo el profesor de biolog\u00eda y pastor Cremades, ya jubilado, cuyo apoyo al GRI se ha hecho efectivo por d\u00e9cadas. \u201cSiendo que la naturaleza revela su car\u00e1cter, debemos hacer nuestro de nuevo el libro de la naturaleza y sus mensajes\u201d, concluy\u00f3 diciendo.<\/p>\n<p><div id=\"attachment_148163\" style=\"width: 741px\" class=\"wp-caption aligncenter\"><img loading=\"lazy\" decoding=\"async\" aria-describedby=\"caption-attachment-148163\" class=\" wp-image-148163\" src=\"https:\/\/interamerica.org\/wp-content\/uploads\/2026\/08\/sagunto-valencia-6-6.jpg\" alt=\"\" width=\"731\" height=\"411\" srcset=\"https:\/\/interamerica.org\/wp-content\/uploads\/2026\/08\/sagunto-valencia-6-6.jpg 630w, https:\/\/interamerica.org\/wp-content\/uploads\/2026\/08\/sagunto-valencia-6-6-300x169.jpg 300w\" sizes=\"(max-width: 731px) 100vw, 731px\" \/><p id=\"caption-attachment-148163\" class=\"wp-caption-text\">La luna pasa enfrente del sol durante el eclipse solar total visto desde Sagunto, Espa\u00f1a, el 12 de agosto. El eclipse alcanz\u00f3 su m\u00e1xima cobertura aproximadamente a las 8:30 p.m. [Im\u00e1genes: Marti Szyd\u0142owska, Mitchell Cordero y Vanesa Pizzuto]<\/p><\/div>*Nota: Durante la Conferencia de Fe y Ciencia, el cient\u00edfico Dos Santos tuvo a cargo una presentaci\u00f3n titulada \u201c\u00bfQu\u00e9 no es el modelo Big Bang?\u201d en la cual explic\u00f3, entre otros puntos, la distinci\u00f3n entre el modelo big bang y la teor\u00eda de la evoluci\u00f3n biol\u00f3gica. El modelo del big bang tiene que ver con el origen del universo \u00a0(no es una teor\u00eda de evoluci\u00f3n biol\u00f3gica). Explor\u00f3 tambi\u00e9n c\u00f3mo los modelos cient\u00edficos que procuran explicar el comienzo del universo pueden proveer puntos de partida para conversaciones entre fe y ciencia. Para m\u00e1s informaci\u00f3n y un contexto m\u00e1s detallado, ver Aleksei Popov, <a href=\"https:\/\/adventistreview.org\/magazine-article\/the-big-bang-standard-cosmological-model-and-the-bible\/\">\u201cThe Big Bang, Standard Cosmological Model, and the Bible\u201d<\/a> (El Big Bang, modelo cosmol\u00f3gico est\u00e1ndar y la Biblia).<\/p>\n<p><em>La <\/em><a href=\"https:\/\/ted.adventist.org\/news\/the-sun-still-shines\/\"><em>versi\u00f3n original<\/em><\/a>\u00a0<em>de este comentario la public\u00f3 la Divisi\u00f3n Transeuropea en su <\/em><a href=\"https:\/\/ted.adventist.org\/news\"><em>sitio de noticias<\/em><\/a><em>.<\/em><\/p>\n<p>Traducci\u00f3n \u2013 Gloria A. Castrej\u00f3n<\/p>\n<p class=\"wp-block-paragraph\">\n","protected":false},"excerpt":{"rendered":"<p>Fe, ciencia y asombro se unen bajo el cielo de Espa\u00f1a. 31 de agosto de 2026 | Sagunto, Valencia, Espa\u00f1a | Vanesa Pizzuto, Noticias de la Divisi\u00f3n Transeuropea Del 10&#8230;<\/p>\n","protected":false},"author":3,"featured_media":148191,"comment_status":"closed","ping_status":"closed","sticky":false,"template":"","format":"standard","meta":{"_acf_changed":false,"footnotes":""},"categories":[14,15],"tags":[],"class_list":["post-148190","post","type-post","status-publish","format-standard","has-post-thumbnail","hentry","category-de-la-iglesia-mundial","category-rss-espanol"],"acf":[],"yoast_head":"<!-- This site is optimized with the Yoast SEO plugin v28.1 - https:\/\/yoast.com\/product\/yoast-seo-wordpress\/ -->\n<title>El sol todav\u00eda brilla - Iglesia Adventista del S\u00e9ptimo D\u00eda - Divisi\u00f3n Interamericana<\/title>\n<meta name=\"robots\" content=\"index, follow, max-snippet:-1, max-image-preview:large, max-video-preview:-1\" \/>\n<link rel=\"canonical\" href=\"https:\/\/interamerica.org\/es\/2026\/08\/el-sol-todavia-brilla\/\" \/>\n<meta property=\"og:locale\" content=\"es_ES\" \/>\n<meta property=\"og:type\" content=\"article\" \/>\n<meta property=\"og:title\" content=\"El sol todav\u00eda brilla - Iglesia Adventista del S\u00e9ptimo D\u00eda - Divisi\u00f3n Interamericana\" \/>\n<meta property=\"og:description\" content=\"Fe, ciencia y asombro se unen bajo el cielo de Espa\u00f1a. 31 de agosto de 2026 | Sagunto, Valencia, Espa\u00f1a | Vanesa Pizzuto, Noticias de la Divisi\u00f3n Transeuropea Del 10...\" \/>\n<meta property=\"og:url\" content=\"https:\/\/interamerica.org\/es\/2026\/08\/el-sol-todavia-brilla\/\" \/>\n<meta property=\"og:site_name\" content=\"Iglesia Adventista del S\u00e9ptimo D\u00eda - Divisi\u00f3n Interamericana\" \/>\n<meta property=\"article:published_time\" content=\"2026-08-31T14:30:00+00:00\" \/>\n<meta property=\"article:modified_time\" content=\"2026-08-31T14:52:03+00:00\" \/>\n<meta property=\"og:image\" content=\"https:\/\/interamerica.org\/wp-content\/uploads\/2026\/08\/faith-science-1-16-1200x0-c-default.jpg\" \/>\n\t<meta property=\"og:image:width\" content=\"1200\" \/>\n\t<meta property=\"og:image:height\" content=\"674\" \/>\n\t<meta property=\"og:image:type\" content=\"image\/jpeg\" \/>\n<meta name=\"author\" content=\"libna\" \/>\n<meta name=\"twitter:card\" content=\"summary_large_image\" \/>\n<meta name=\"twitter:label1\" content=\"Escrito por\" \/>\n\t<meta name=\"twitter:data1\" content=\"libna\" \/>\n\t<meta name=\"twitter:label2\" content=\"Tiempo de lectura\" \/>\n\t<meta name=\"twitter:data2\" content=\"9 minutos\" \/>\n<script type=\"application\/ld+json\" class=\"yoast-schema-graph\">{\"@context\":\"https:\\\/\\\/schema.org\",\"@graph\":[{\"@type\":\"Article\",\"@id\":\"https:\\\/\\\/interamerica.org\\\/es\\\/2026\\\/08\\\/el-sol-todavia-brilla\\\/#article\",\"isPartOf\":{\"@id\":\"https:\\\/\\\/interamerica.org\\\/es\\\/2026\\\/08\\\/el-sol-todavia-brilla\\\/\"},\"author\":{\"name\":\"libna\",\"@id\":\"https:\\\/\\\/interamerica.org\\\/es\\\/#\\\/schema\\\/person\\\/29998f2bc2d8bd0d38662909289b54f1\"},\"headline\":\"El sol todav\u00eda brilla\",\"datePublished\":\"2026-08-31T14:30:00+00:00\",\"dateModified\":\"2026-08-31T14:52:03+00:00\",\"mainEntityOfPage\":{\"@id\":\"https:\\\/\\\/interamerica.org\\\/es\\\/2026\\\/08\\\/el-sol-todavia-brilla\\\/\"},\"wordCount\":1819,\"image\":{\"@id\":\"https:\\\/\\\/interamerica.org\\\/es\\\/2026\\\/08\\\/el-sol-todavia-brilla\\\/#primaryimage\"},\"thumbnailUrl\":\"https:\\\/\\\/interamerica.org\\\/wp-content\\\/uploads\\\/2026\\\/08\\\/faith-science-1-16-1200x0-c-default.jpg\",\"articleSection\":[\"Desde la iglesia mundial\",\"RSS Espa\u00f1ol\"],\"inLanguage\":\"es\"},{\"@type\":\"WebPage\",\"@id\":\"https:\\\/\\\/interamerica.org\\\/es\\\/2026\\\/08\\\/el-sol-todavia-brilla\\\/\",\"url\":\"https:\\\/\\\/interamerica.org\\\/es\\\/2026\\\/08\\\/el-sol-todavia-brilla\\\/\",\"name\":\"El sol todav\u00eda brilla - Iglesia Adventista del S\u00e9ptimo D\u00eda - Divisi\u00f3n Interamericana\",\"isPartOf\":{\"@id\":\"https:\\\/\\\/interamerica.org\\\/es\\\/#website\"},\"primaryImageOfPage\":{\"@id\":\"https:\\\/\\\/interamerica.org\\\/es\\\/2026\\\/08\\\/el-sol-todavia-brilla\\\/#primaryimage\"},\"image\":{\"@id\":\"https:\\\/\\\/interamerica.org\\\/es\\\/2026\\\/08\\\/el-sol-todavia-brilla\\\/#primaryimage\"},\"thumbnailUrl\":\"https:\\\/\\\/interamerica.org\\\/wp-content\\\/uploads\\\/2026\\\/08\\\/faith-science-1-16-1200x0-c-default.jpg\",\"datePublished\":\"2026-08-31T14:30:00+00:00\",\"dateModified\":\"2026-08-31T14:52:03+00:00\",\"author\":{\"@id\":\"https:\\\/\\\/interamerica.org\\\/es\\\/#\\\/schema\\\/person\\\/29998f2bc2d8bd0d38662909289b54f1\"},\"breadcrumb\":{\"@id\":\"https:\\\/\\\/interamerica.org\\\/es\\\/2026\\\/08\\\/el-sol-todavia-brilla\\\/#breadcrumb\"},\"inLanguage\":\"es\",\"potentialAction\":[{\"@type\":\"ReadAction\",\"target\":[\"https:\\\/\\\/interamerica.org\\\/es\\\/2026\\\/08\\\/el-sol-todavia-brilla\\\/\"]}]},{\"@type\":\"ImageObject\",\"inLanguage\":\"es\",\"@id\":\"https:\\\/\\\/interamerica.org\\\/es\\\/2026\\\/08\\\/el-sol-todavia-brilla\\\/#primaryimage\",\"url\":\"https:\\\/\\\/interamerica.org\\\/wp-content\\\/uploads\\\/2026\\\/08\\\/faith-science-1-16-1200x0-c-default.jpg\",\"contentUrl\":\"https:\\\/\\\/interamerica.org\\\/wp-content\\\/uploads\\\/2026\\\/08\\\/faith-science-1-16-1200x0-c-default.jpg\",\"width\":1200,\"height\":674,\"caption\":\"La Conferencia de Fe y Ciencia en Sagunto, Espa\u00f1a, fue organizada por el Instituto de Investigaci\u00f3n de Geociencia y coincidi\u00f3 con el eclipse solar total del 12 de agosto. [Im\u00e1genes: Marti Szyd\u0142owska, Mitchell Cordero y Vanesa Pizzuto]\"},{\"@type\":\"BreadcrumbList\",\"@id\":\"https:\\\/\\\/interamerica.org\\\/es\\\/2026\\\/08\\\/el-sol-todavia-brilla\\\/#breadcrumb\",\"itemListElement\":[{\"@type\":\"ListItem\",\"position\":1,\"name\":\"Home\",\"item\":\"https:\\\/\\\/interamerica.org\\\/es\\\/\"},{\"@type\":\"ListItem\",\"position\":2,\"name\":\"El sol todav\u00eda brilla\"}]},{\"@type\":\"WebSite\",\"@id\":\"https:\\\/\\\/interamerica.org\\\/es\\\/#website\",\"url\":\"https:\\\/\\\/interamerica.org\\\/es\\\/\",\"name\":\"Iglesia Adventista del S\u00e9ptimo D\u00eda - Divisi\u00f3n Interamericana\",\"description\":\"\",\"potentialAction\":[{\"@type\":\"SearchAction\",\"target\":{\"@type\":\"EntryPoint\",\"urlTemplate\":\"https:\\\/\\\/interamerica.org\\\/es\\\/?s={search_term_string}\"},\"query-input\":{\"@type\":\"PropertyValueSpecification\",\"valueRequired\":true,\"valueName\":\"search_term_string\"}}],\"inLanguage\":\"es\"},{\"@type\":\"Person\",\"@id\":\"https:\\\/\\\/interamerica.org\\\/es\\\/#\\\/schema\\\/person\\\/29998f2bc2d8bd0d38662909289b54f1\",\"name\":\"libna\",\"image\":{\"@type\":\"ImageObject\",\"inLanguage\":\"es\",\"@id\":\"https:\\\/\\\/secure.gravatar.com\\\/avatar\\\/7c5bd30ae4b47a9ba3c856590957fd1d96dc588bf3ac05719d247e126840331f?s=96&d=mm&r=g\",\"url\":\"https:\\\/\\\/secure.gravatar.com\\\/avatar\\\/7c5bd30ae4b47a9ba3c856590957fd1d96dc588bf3ac05719d247e126840331f?s=96&d=mm&r=g\",\"contentUrl\":\"https:\\\/\\\/secure.gravatar.com\\\/avatar\\\/7c5bd30ae4b47a9ba3c856590957fd1d96dc588bf3ac05719d247e126840331f?s=96&d=mm&r=g\",\"caption\":\"libna\"}}]}<\/script>\n<!-- \/ Yoast SEO plugin. -->","yoast_head_json":{"title":"El sol todav\u00eda brilla - Iglesia Adventista del S\u00e9ptimo D\u00eda - Divisi\u00f3n Interamericana","robots":{"index":"index","follow":"follow","max-snippet":"max-snippet:-1","max-image-preview":"max-image-preview:large","max-video-preview":"max-video-preview:-1"},"canonical":"https:\/\/interamerica.org\/es\/2026\/08\/el-sol-todavia-brilla\/","og_locale":"es_ES","og_type":"article","og_title":"El sol todav\u00eda brilla - Iglesia Adventista del S\u00e9ptimo D\u00eda - Divisi\u00f3n Interamericana","og_description":"Fe, ciencia y asombro se unen bajo el cielo de Espa\u00f1a. 31 de agosto de 2026 | Sagunto, Valencia, Espa\u00f1a | Vanesa Pizzuto, Noticias de la Divisi\u00f3n Transeuropea Del 10...","og_url":"https:\/\/interamerica.org\/es\/2026\/08\/el-sol-todavia-brilla\/","og_site_name":"Iglesia Adventista del S\u00e9ptimo D\u00eda - Divisi\u00f3n Interamericana","article_published_time":"2026-08-31T14:30:00+00:00","article_modified_time":"2026-08-31T14:52:03+00:00","og_image":[{"width":1200,"height":674,"url":"https:\/\/interamerica.org\/wp-content\/uploads\/2026\/08\/faith-science-1-16-1200x0-c-default.jpg","type":"image\/jpeg"}],"author":"libna","twitter_card":"summary_large_image","twitter_misc":{"Escrito por":"libna","Tiempo de lectura":"9 minutos"},"schema":{"@context":"https:\/\/schema.org","@graph":[{"@type":"Article","@id":"https:\/\/interamerica.org\/es\/2026\/08\/el-sol-todavia-brilla\/#article","isPartOf":{"@id":"https:\/\/interamerica.org\/es\/2026\/08\/el-sol-todavia-brilla\/"},"author":{"name":"libna","@id":"https:\/\/interamerica.org\/es\/#\/schema\/person\/29998f2bc2d8bd0d38662909289b54f1"},"headline":"El sol todav\u00eda brilla","datePublished":"2026-08-31T14:30:00+00:00","dateModified":"2026-08-31T14:52:03+00:00","mainEntityOfPage":{"@id":"https:\/\/interamerica.org\/es\/2026\/08\/el-sol-todavia-brilla\/"},"wordCount":1819,"image":{"@id":"https:\/\/interamerica.org\/es\/2026\/08\/el-sol-todavia-brilla\/#primaryimage"},"thumbnailUrl":"https:\/\/interamerica.org\/wp-content\/uploads\/2026\/08\/faith-science-1-16-1200x0-c-default.jpg","articleSection":["Desde la iglesia mundial","RSS Espa\u00f1ol"],"inLanguage":"es"},{"@type":"WebPage","@id":"https:\/\/interamerica.org\/es\/2026\/08\/el-sol-todavia-brilla\/","url":"https:\/\/interamerica.org\/es\/2026\/08\/el-sol-todavia-brilla\/","name":"El sol todav\u00eda brilla - Iglesia Adventista del S\u00e9ptimo D\u00eda - Divisi\u00f3n Interamericana","isPartOf":{"@id":"https:\/\/interamerica.org\/es\/#website"},"primaryImageOfPage":{"@id":"https:\/\/interamerica.org\/es\/2026\/08\/el-sol-todavia-brilla\/#primaryimage"},"image":{"@id":"https:\/\/interamerica.org\/es\/2026\/08\/el-sol-todavia-brilla\/#primaryimage"},"thumbnailUrl":"https:\/\/interamerica.org\/wp-content\/uploads\/2026\/08\/faith-science-1-16-1200x0-c-default.jpg","datePublished":"2026-08-31T14:30:00+00:00","dateModified":"2026-08-31T14:52:03+00:00","author":{"@id":"https:\/\/interamerica.org\/es\/#\/schema\/person\/29998f2bc2d8bd0d38662909289b54f1"},"breadcrumb":{"@id":"https:\/\/interamerica.org\/es\/2026\/08\/el-sol-todavia-brilla\/#breadcrumb"},"inLanguage":"es","potentialAction":[{"@type":"ReadAction","target":["https:\/\/interamerica.org\/es\/2026\/08\/el-sol-todavia-brilla\/"]}]},{"@type":"ImageObject","inLanguage":"es","@id":"https:\/\/interamerica.org\/es\/2026\/08\/el-sol-todavia-brilla\/#primaryimage","url":"https:\/\/interamerica.org\/wp-content\/uploads\/2026\/08\/faith-science-1-16-1200x0-c-default.jpg","contentUrl":"https:\/\/interamerica.org\/wp-content\/uploads\/2026\/08\/faith-science-1-16-1200x0-c-default.jpg","width":1200,"height":674,"caption":"La Conferencia de Fe y Ciencia en Sagunto, Espa\u00f1a, fue organizada por el Instituto de Investigaci\u00f3n de Geociencia y coincidi\u00f3 con el eclipse solar total del 12 de agosto. [Im\u00e1genes: Marti Szyd\u0142owska, Mitchell Cordero y Vanesa Pizzuto]"},{"@type":"BreadcrumbList","@id":"https:\/\/interamerica.org\/es\/2026\/08\/el-sol-todavia-brilla\/#breadcrumb","itemListElement":[{"@type":"ListItem","position":1,"name":"Home","item":"https:\/\/interamerica.org\/es\/"},{"@type":"ListItem","position":2,"name":"El sol todav\u00eda brilla"}]},{"@type":"WebSite","@id":"https:\/\/interamerica.org\/es\/#website","url":"https:\/\/interamerica.org\/es\/","name":"Iglesia Adventista del S\u00e9ptimo D\u00eda - Divisi\u00f3n Interamericana","description":"","potentialAction":[{"@type":"SearchAction","target":{"@type":"EntryPoint","urlTemplate":"https:\/\/interamerica.org\/es\/?s={search_term_string}"},"query-input":{"@type":"PropertyValueSpecification","valueRequired":true,"valueName":"search_term_string"}}],"inLanguage":"es"},{"@type":"Person","@id":"https:\/\/interamerica.org\/es\/#\/schema\/person\/29998f2bc2d8bd0d38662909289b54f1","name":"libna","image":{"@type":"ImageObject","inLanguage":"es","@id":"https:\/\/secure.gravatar.com\/avatar\/7c5bd30ae4b47a9ba3c856590957fd1d96dc588bf3ac05719d247e126840331f?s=96&d=mm&r=g","url":"https:\/\/secure.gravatar.com\/avatar\/7c5bd30ae4b47a9ba3c856590957fd1d96dc588bf3ac05719d247e126840331f?s=96&d=mm&r=g","contentUrl":"https:\/\/secure.gravatar.com\/avatar\/7c5bd30ae4b47a9ba3c856590957fd1d96dc588bf3ac05719d247e126840331f?s=96&d=mm&r=g","caption":"libna"}}]}},"_links":{"self":[{"href":"https:\/\/interamerica.org\/es\/wp-json\/wp\/v2\/posts\/148190","targetHints":{"allow":["GET"]}}],"collection":[{"href":"https:\/\/interamerica.org\/es\/wp-json\/wp\/v2\/posts"}],"about":[{"href":"https:\/\/interamerica.org\/es\/wp-json\/wp\/v2\/types\/post"}],"author":[{"embeddable":true,"href":"https:\/\/interamerica.org\/es\/wp-json\/wp\/v2\/users\/3"}],"replies":[{"embeddable":true,"href":"https:\/\/interamerica.org\/es\/wp-json\/wp\/v2\/comments?post=148190"}],"version-history":[{"count":2,"href":"https:\/\/interamerica.org\/es\/wp-json\/wp\/v2\/posts\/148190\/revisions"}],"predecessor-version":[{"id":148237,"href":"https:\/\/interamerica.org\/es\/wp-json\/wp\/v2\/posts\/148190\/revisions\/148237"}],"wp:featuredmedia":[{"embeddable":true,"href":"https:\/\/interamerica.org\/es\/wp-json\/wp\/v2\/media\/148191"}],"wp:attachment":[{"href":"https:\/\/interamerica.org\/es\/wp-json\/wp\/v2\/media?parent=148190"}],"wp:term":[{"taxonomy":"category","embeddable":true,"href":"https:\/\/interamerica.org\/es\/wp-json\/wp\/v2\/categories?post=148190"},{"taxonomy":"post_tag","embeddable":true,"href":"https:\/\/interamerica.org\/es\/wp-json\/wp\/v2\/tags?post=148190"}],"curies":[{"name":"wp","href":"https:\/\/api.w.org\/{rel}","templated":true}]}}