{"id":148211,"date":"2026-09-01T17:34:16","date_gmt":"2026-09-01T21:34:16","guid":{"rendered":"https:\/\/interamerica.org\/?p=148211"},"modified":"2026-08-30T18:38:01","modified_gmt":"2026-08-30T22:38:01","slug":"lideres-adventistas-de-mexico-lanzan-nueva-estrategia-para-hacer-de-hacer-discipulos-la-cultura-en-toda-la-iglesia","status":"publish","type":"post","link":"https:\/\/interamerica.org\/es\/2026\/09\/lideres-adventistas-de-mexico-lanzan-nueva-estrategia-para-hacer-de-hacer-discipulos-la-cultura-en-toda-la-iglesia\/","title":{"rendered":"L\u00edderes adventistas de M\u00e9xico lanzan nueva estrategia para hacer de hacer disc\u00edpulos la cultura en toda la iglesia"},"content":{"rendered":"<p><em>La iniciativa a largo plazo, liderada por la Uni\u00f3n Mexicana del Sureste, busca fortalecer el crecimiento espiritual y asegurar que los nuevos creyentes sean acompa\u00f1ados de manera deliberada m\u00e1s all\u00e1 del bautismo. <\/em><\/p>\n<p>1 de septiembre de 2026 | M\u00e9rida, Yucat\u00e1n, M\u00e9xico | V\u00edctor Mart\u00ednez y Noticias de la Divisi\u00f3n Interamericana<\/p>\n<p>Los l\u00edderes adventistas del s\u00e9ptimo d\u00eda en la Uni\u00f3n Mexicana del Sureste est\u00e1n fortaleciendo su \u00e9nfasis en el discipulado, con un renovado enfoque en lo que ocurre antes y despu\u00e9s del bautismo y en la tarea de acompa\u00f1ar a los creyentes mientras se desarrollan espiritualmente, se involucran en la vida de la iglesia y aprenden a discipular a otros.<\/p>\n<p>Llamada \u201cS\u00edgueme\u201d, la nueva estrategia fue presentada a 185 pastores de distrito, directores de departamento y administradores durante un encuentro ministerial celebrado del 9 al 12 de agosto en el campamento R\u00edo de Janeiro de la uni\u00f3n.<\/p>\n<p><div id=\"attachment_148153\" style=\"width: 888px\" class=\"wp-caption aligncenter\"><img fetchpriority=\"high\" decoding=\"async\" aria-describedby=\"caption-attachment-148153\" class=\" wp-image-148153\" src=\"https:\/\/interamerica.org\/wp-content\/uploads\/2026\/08\/david-celis-semu-img-5626jpg-1.jpg\" alt=\"\" width=\"878\" height=\"540\" srcset=\"https:\/\/interamerica.org\/wp-content\/uploads\/2026\/08\/david-celis-semu-img-5626jpg-1.jpg 1000w, https:\/\/interamerica.org\/wp-content\/uploads\/2026\/08\/david-celis-semu-img-5626jpg-1-300x185.jpg 300w, https:\/\/interamerica.org\/wp-content\/uploads\/2026\/08\/david-celis-semu-img-5626jpg-1-768x472.jpg 768w\" sizes=\"(max-width: 878px) 100vw, 878px\" \/><p id=\"caption-attachment-148153\" class=\"wp-caption-text\">El pastor David Celis Aguilar, presidente de la Uni\u00f3n Mexicana del Sureste, habla con pastores distritales sobre la iniciativa OneVoice27 de la iglesia global, durante una reuni\u00f3n ministerial centrada en la nueva estrategia de discipulado de la uni\u00f3n, celebrada del 9 al 12 de agosto de 2026 en el campamento R\u00edo de Janeiro de la uni\u00f3n en el sur de M\u00e9xico. [Fotograf\u00eda: cortes\u00eda de la Uni\u00f3n Mexicana del Sureste]<\/p><\/div>La iniciativa surgi\u00f3 de discusiones entre l\u00edderes de las uniones y los campos locales que comenzaron en el verano de 2025, cuando los administradores revisaron los registros de membres\u00eda y compararon tendencias en su territorio con las de la iglesia mundial. Durante la d\u00e9cada anterior, encontraron que entre el 40 y el 45 por ciento de quienes se hab\u00edan unido a la iglesia mediante bautismo ya no formaban parte de la membres\u00eda, seg\u00fan el pastor David Celis Aguilar, presidente de la Uni\u00f3n Mexicana del Sureste.<\/p>\n<p>Los hallazgos llevaron a que los l\u00edderes analizaran con mayor detenimiento lo que ocurre tras concluir los esfuerzos de evangelizaci\u00f3n y la manera en que las iglesias pueden acompa\u00f1ar de forma m\u00e1s deliberada a los nuevos creyentes m\u00e1s all\u00e1 del bautismo.<\/p>\n<p>\u201cEl discipulado es un proceso de por vida\u201d, dijo Celis.<\/p>\n<p>En lugar de otro programa de la iglesia a corto plazo, los l\u00edderes describieron \u201cS\u00edgueme\u00bb como una estrategia a largo plazo destinada a hacer que el discipulado intencionado formara parte de la cultura de cada congregaci\u00f3n en todo el territorio de la uni\u00f3n.<\/p>\n<p>Para Celis, el problema va m\u00e1s all\u00e1 de los registros de membres\u00eda o de alcanzar metas num\u00e9ricas. El evangelismo no puede terminar con el bautismo, dijo. Los nuevos creyentes necesitan orientaci\u00f3n espiritual continua, relaciones significativas, oportunidades de servir y preparaci\u00f3n para que con el tiempo puedan discipular a otros.<\/p>\n<p><div id=\"attachment_148152\" style=\"width: 887px\" class=\"wp-caption aligncenter\"><img decoding=\"async\" aria-describedby=\"caption-attachment-148152\" class=\" wp-image-148152\" src=\"https:\/\/interamerica.org\/wp-content\/uploads\/2026\/08\/semu-churchimg-6070jpg.jpg\" alt=\"\" width=\"877\" height=\"585\" srcset=\"https:\/\/interamerica.org\/wp-content\/uploads\/2026\/08\/semu-churchimg-6070jpg.jpg 1000w, https:\/\/interamerica.org\/wp-content\/uploads\/2026\/08\/semu-churchimg-6070jpg-300x200.jpg 300w, https:\/\/interamerica.org\/wp-content\/uploads\/2026\/08\/semu-churchimg-6070jpg-768x512.jpg 768w\" sizes=\"(max-width: 877px) 100vw, 877px\" \/><p id=\"caption-attachment-148152\" class=\"wp-caption-text\">Los pastores distritales, los directores de los departamentos y los administradores de toda la Uni\u00f3n Mexicana del Sureste se re\u00fanen durante el encuentro ministerial donde se introdujo la nueva estrategia de discipulado denominada \u201cS\u00edgueme\u201d. [Fotograf\u00eda: cortes\u00eda de la Uni\u00f3n Mexicana del Sureste]<\/p><\/div><strong>Seguir a Jes\u00fas en cada etapa<\/strong><\/p>\n<p>\u201cS\u00edgueme\u201d est\u00e1 organizada en tres etapas: conocer a Jes\u00fas, crecer en Jes\u00fas y servir como Jes\u00fas.<\/p>\n<p>La primera etapa comienza cuando una persona estudia la Biblia, experimenta la conversi\u00f3n y se prepara para el bautismo. La segunda se centra en el crecimiento espiritual y el acompa\u00f1amiento deliberado tras el bautismo. La tercera busca establecer a los creyentes m\u00e1s profundamente en su fe involucr\u00e1ndolos en el servicio y prepar\u00e1ndolos para compartir sus creencias con otros.<\/p>\n<p>La estrategia no reemplaza el proceso de evangelizaci\u00f3n que existe en la iglesia, explic\u00f3 Celis. En cambio, fortalece un \u00e1rea que los l\u00edderes consideran que necesita mayor atenci\u00f3n: el desarrollo espiritual continuo y la integraci\u00f3n de los creyentes tras el bautismo.<\/p>\n<p>Las iglesias de todo el territorio ya est\u00e1n involucradas en actividades comunitarias, brigadas m\u00e9dicas, estudios b\u00edblicos y campa\u00f1as de evangelizaci\u00f3n p\u00fablica. \u201cS\u00edgueme\u201d pretende construir sobre esos esfuerzos ayudando a quienes han llegado por medio de la evangelizaci\u00f3n a convertirse en disc\u00edpulos activos y en crecimiento, conectados con la vida y la misi\u00f3n de la iglesia.<\/p>\n<p>La estrategia sigue el ciclo de evangelizaci\u00f3n que ha establecido la iglesia, que incluye preparar la tierra, sembrar, cultivar, cosechar y preservar. El \u00e9nfasis renovado, dijo Celis, est\u00e1 en esa etapa final: ayudar a que los creyentes se mantengan conectados, maduren espiritualmente y se conviertan ellos mismos en formadores de disc\u00edpulos.<\/p>\n<p><div id=\"attachment_148150\" style=\"width: 895px\" class=\"wp-caption aligncenter\"><img decoding=\"async\" aria-describedby=\"caption-attachment-148150\" class=\" wp-image-148150\" src=\"https:\/\/interamerica.org\/wp-content\/uploads\/2026\/08\/semu-leaders-stage-img-5996jpg.jpg\" alt=\"\" width=\"885\" height=\"590\" srcset=\"https:\/\/interamerica.org\/wp-content\/uploads\/2026\/08\/semu-leaders-stage-img-5996jpg.jpg 1000w, https:\/\/interamerica.org\/wp-content\/uploads\/2026\/08\/semu-leaders-stage-img-5996jpg-300x200.jpg 300w, https:\/\/interamerica.org\/wp-content\/uploads\/2026\/08\/semu-leaders-stage-img-5996jpg-768x512.jpg 768w\" sizes=\"(max-width: 885px) 100vw, 885px\" \/><p id=\"caption-attachment-148150\" class=\"wp-caption-text\">Los l\u00edderes de la iglesia analizan formas de acompa\u00f1ar y discipular de manera deliberada a los nuevos creyentes tras el bautismo como parte de la nueva estrategia \u201cS\u00edgueme\u201d. [Fotograf\u00eda: cortes\u00eda de la Uni\u00f3n Mexicana del Sureste]<\/p><\/div><strong>Herramientas para iglesias locales<\/strong><\/p>\n<p>Durante la reuni\u00f3n ministerial de agosto, los pastores revisaron la estrategia en grupos de discusi\u00f3n, ofrecieron comentarios y estudiaron materiales que utilizar\u00e1n a medida que se introduzca \u201cS\u00edgueme\u201d en todo el territorio. Tambi\u00e9n se familiarizaron con recursos dise\u00f1ados para apoyar cada etapa del proceso de discipulado. Adaptadas a partir de materiales y recursos existentes de la iglesia desarrollados por una comisi\u00f3n de pastores de las uniones y directores de los departamentos, las herramientas incluyen gu\u00edas de estudio b\u00edblico, materiales para acompa\u00f1ar a los nuevos creyentes y orientaci\u00f3n pr\u00e1ctica para implementar la estrategia en iglesias locales y grupos peque\u00f1os.<\/p>\n<p>Los presidentes de los campos locales supervisar\u00e1n la implementaci\u00f3n en sus territorios, mientras que los pastores distritales ser\u00e1n responsables de llevar la estrategia a las congregaciones locales. Cada iglesia designar\u00e1 a un anciano y a un director de discipulado para coordinar el proceso, mientras que las parejas de discipulado se organizar\u00e1n en grupos peque\u00f1os para acompa\u00f1ar a lo largo de las diferentes etapas.<\/p>\n<p>La uni\u00f3n planea revisar el progreso durante las reuniones mensuales de pastores. Los administradores de las uniones tambi\u00e9n visitar\u00e1n los campos locales dos veces al a\u00f1o para evaluaciones. La formaci\u00f3n e implementaci\u00f3n continuar\u00e1n campo por campo y distrito por distrito, lo que incluir\u00e1 el primer trimestre de 2027.<\/p>\n<p><div id=\"attachment_148149\" style=\"width: 871px\" class=\"wp-caption aligncenter\"><img loading=\"lazy\" decoding=\"async\" aria-describedby=\"caption-attachment-148149\" class=\" wp-image-148149\" src=\"https:\/\/interamerica.org\/wp-content\/uploads\/2026\/08\/semu-meetings-img-5880jpg.jpg\" alt=\"\" width=\"861\" height=\"559\" srcset=\"https:\/\/interamerica.org\/wp-content\/uploads\/2026\/08\/semu-meetings-img-5880jpg.jpg 1000w, https:\/\/interamerica.org\/wp-content\/uploads\/2026\/08\/semu-meetings-img-5880jpg-300x195.jpg 300w, https:\/\/interamerica.org\/wp-content\/uploads\/2026\/08\/semu-meetings-img-5880jpg-768x498.jpg 768w\" sizes=\"(max-width: 861px) 100vw, 861px\" \/><p id=\"caption-attachment-148149\" class=\"wp-caption-text\">Gabriel Estrada, tesorero de la Uni\u00f3n Mexicana del Sureste, habla sobre la importancia de alinear los recursos financieros con las prioridades de la misi\u00f3n para apoyar la nueva estrategia de discipulado. [Fotograf\u00eda: cortes\u00eda de la Uni\u00f3n Mexicana del Sureste]<\/p><\/div><strong>Cada persona es importante<\/strong><\/p>\n<p>Para Otoniel L\u00f3pez, secretario ejecutivo de la Uni\u00f3n Mexicana del Sureste, las tendencias de la membres\u00eda que impulsaron la estrategia representan en \u00faltima instancia a individuos que necesitan atenci\u00f3n y cuidado continuos.<\/p>\n<p>\u201cCada d\u00edgito es una persona, y cada persona es un alma para el reino de los cielos\u201d, dijo L\u00f3pez.<\/p>\n<p>La Secretar\u00eda est\u00e1 apoyando la estrategia mediante un proceso de revisi\u00f3n de la feligres\u00eda, que ayuda a los pastores a identificar a los miembros que permanecen activos, aquellos que pueden necesitar transferencias y aquellos que se han desconectado de la iglesia y pueden necesitar un cuidado pastoral adicional.<\/p>\n<p>Ese trabajo, dijo L\u00f3pez, va m\u00e1s all\u00e1 de mantener registros precisos. Puede ayudar a identificar a personas que necesitan a alguien que se acerque, escuche y les ayude a reconectarse con una comunidad de fe.<\/p>\n<p><strong>Los recursos siguen a la misi\u00f3n<\/strong><\/p>\n<p>El tesorero de la Uni\u00f3n, Gabriel Estrada, dijo que la nueva estrategia tambi\u00e9n se reflejar\u00e1 en la planificaci\u00f3n financiera.<\/p>\n<p><div id=\"attachment_148151\" style=\"width: 864px\" class=\"wp-caption aligncenter\"><img loading=\"lazy\" decoding=\"async\" aria-describedby=\"caption-attachment-148151\" class=\" wp-image-148151\" src=\"https:\/\/interamerica.org\/wp-content\/uploads\/2026\/08\/semu-sigueme-book-img-5851jpg-1024x505.jpg\" alt=\"\" width=\"854\" height=\"421\" srcset=\"https:\/\/interamerica.org\/wp-content\/uploads\/2026\/08\/semu-sigueme-book-img-5851jpg-1024x505.jpg 1024w, https:\/\/interamerica.org\/wp-content\/uploads\/2026\/08\/semu-sigueme-book-img-5851jpg-300x148.jpg 300w, https:\/\/interamerica.org\/wp-content\/uploads\/2026\/08\/semu-sigueme-book-img-5851jpg-768x378.jpg 768w, https:\/\/interamerica.org\/wp-content\/uploads\/2026\/08\/semu-sigueme-book-img-5851jpg.jpg 1100w\" sizes=\"(max-width: 854px) 100vw, 854px\" \/><p id=\"caption-attachment-148151\" class=\"wp-caption-text\">Los pastores y l\u00edderes de los departamentos tienen la gu\u00eda estrat\u00e9gica \u201cS\u00edgueme\u201d, que utilizar\u00e1n para implementar la nueva estrategia de discipulado en iglesias de toda la Uni\u00f3n Mexicana del Sureste. [Fotograf\u00eda: cortes\u00eda de la Uni\u00f3n Mexicana del Sureste]<\/p><\/div>\u201cPara la Tesorer\u00eda, el plan de discipulado \u2018S\u00edgueme\u2019 es una alta prioridad\u201d, dijo Estrada.<\/p>\n<p>Se animar\u00e1 a las iglesias, los campos locales y la uni\u00f3n a que alineen los recursos financieros con las prioridades de la misi\u00f3n para que el discipulado reciba apoyo no como tan solo una iniciativa m\u00e1s, sino como parte integral de la vida de la iglesia, explic\u00f3. Para Estrada, esa conexi\u00f3n va m\u00e1s all\u00e1 de los presupuestos. La mayordom\u00eda y el discipulado, dijo, son ambas expresiones de una vida orientada a la misi\u00f3n.<\/p>\n<p><strong>De la estrategia a la cultura de la iglesia<\/strong><\/p>\n<p>La verdadera prueba para \u201cS\u00edgueme\u201d se dar\u00e1 en las congregaciones locales, donde los pastores y los l\u00edderes laicos pondr\u00e1n en pr\u00e1ctica la estrategia.<\/p>\n<p>El pastor Rigoberto Reyes Gonz\u00e1lez, que atiende a un distrito de tres iglesias con 350 miembros en Villahermosa, Tabasco, dijo que la reuni\u00f3n ministerial le desafi\u00f3 a priorizar a las personas sobre las actividades y a actuar de manera m\u00e1s deliberada en el desarrollo de disc\u00edpulos.<\/p>\n<p>\u201cQuiero que el programa se convierta en la nueva cultura de mi iglesia en los pr\u00f3ximos a\u00f1os\u201d, dijo Reyes.<\/p>\n<p>Eso significa ir m\u00e1s all\u00e1 de simplemente administrar las actividades de la iglesia, a\u00f1adi\u00f3, para formar de manera deliberada a personas comprometidas con Cristo, el discipulado y la misi\u00f3n.<\/p>\n<p>El pastor Joel G\u00f3mez Alvarado, que atiende al distrito de Yaxkukul con seis iglesias y 440 miembros en la Asociaci\u00f3n del Mayab, sali\u00f3 de la reuni\u00f3n con un objetivo similar.<\/p>\n<p>\u201cMe voy motivado para hacer del discipulado un modo de vida, no solo para m\u00ed, sino para mi iglesia\u201d, dijo G\u00f3mez.<\/p>\n<p><div id=\"attachment_148155\" style=\"width: 955px\" class=\"wp-caption aligncenter\"><img loading=\"lazy\" decoding=\"async\" aria-describedby=\"caption-attachment-148155\" class=\" wp-image-148155\" src=\"https:\/\/interamerica.org\/wp-content\/uploads\/2026\/08\/semu-group-photo-2-better-img-6017-2jpg-1024x339.jpg\" alt=\"\" width=\"945\" height=\"313\" srcset=\"https:\/\/interamerica.org\/wp-content\/uploads\/2026\/08\/semu-group-photo-2-better-img-6017-2jpg-1024x339.jpg 1024w, https:\/\/interamerica.org\/wp-content\/uploads\/2026\/08\/semu-group-photo-2-better-img-6017-2jpg-300x99.jpg 300w, https:\/\/interamerica.org\/wp-content\/uploads\/2026\/08\/semu-group-photo-2-better-img-6017-2jpg-768x254.jpg 768w, https:\/\/interamerica.org\/wp-content\/uploads\/2026\/08\/semu-group-photo-2-better-img-6017-2jpg.jpg 1500w\" sizes=\"(max-width: 945px) 100vw, 945px\" \/><p id=\"caption-attachment-148155\" class=\"wp-caption-text\">Pastores y l\u00edderes de toda la Uni\u00f3n Mexicana del Sureste se re\u00fanen para una fotograf\u00eda grupal durante la reuni\u00f3n ministerial. [Fotograf\u00eda: cortes\u00eda de la Uni\u00f3n Mexicana del Sureste]<\/p><\/div>G\u00f3mez planea comenzar a formar a los ancianos de iglesia, los miembros de la junta de la iglesia y los l\u00edderes de los grupos peque\u00f1os para que primero experimenten el discipulado por s\u00ed mismos y luego est\u00e9n preparados para guiar y motivar a otros.<\/p>\n<p><strong>La misi\u00f3n contin\u00faa despu\u00e9s del bautismo<\/strong><\/p>\n<p>Con 728 iglesias y 605 congregaciones en toda la Uni\u00f3n Mexicana del Sureste, los l\u00edderes reconocen que establecer una cultura com\u00fan del discipulado en todo el territorio llevar\u00e1 tiempo.<\/p>\n<p>Por eso mismo Celis enfatiz\u00f3 que \u201cS\u00edgueme\u201d no se presenta como una campa\u00f1a temporal. Su \u00e9xito, dijo, depender\u00e1 de que pastores, ancianos, l\u00edderes ministeriales y miembros de la iglesia vean el discipulado como una responsabilidad continua.<\/p>\n<p>La reuni\u00f3n de agosto concluy\u00f3 con estudio, oraci\u00f3n y compromisos de los pastores para comenzar a llevar la estrategia a sus distritos y congregaciones.<\/p>\n<p>Para los l\u00edderes de las uniones, el objetivo es asegurar que la evangelizaci\u00f3n conduzca no solo a la decisi\u00f3n del bautismo, sino a un camino continuo en el que los creyentes est\u00e9n acompa\u00f1ados, fortalecidos en su fe, participen en el servicio y, finalmente, est\u00e9n preparados para guiar a alguien m\u00e1s hacia Jes\u00fas.<\/p>\n<p>\u201cEl discipulado es un proceso de por vida\u201d, dijo Celis.<\/p>\n<p>Traducci\u00f3n de Marcos Paseggi<\/p>\n","protected":false},"excerpt":{"rendered":"<p>La iniciativa a largo plazo, liderada por la Uni\u00f3n Mexicana del Sureste, busca fortalecer el crecimiento espiritual y asegurar que los nuevos creyentes sean acompa\u00f1ados de manera deliberada m\u00e1s all\u00e1&#8230;<\/p>\n","protected":false},"author":3,"featured_media":148214,"comment_status":"closed","ping_status":"closed","sticky":false,"template":"","format":"standard","meta":{"_acf_changed":false,"footnotes":""},"categories":[17,15],"tags":[],"class_list":["post-148211","post","type-post","status-publish","format-standard","has-post-thumbnail","hentry","category-desde-el-campo","category-rss-espanol"],"acf":[],"yoast_head":"<!-- This site is optimized with the Yoast SEO plugin v28.1 - https:\/\/yoast.com\/product\/yoast-seo-wordpress\/ -->\n<title>L\u00edderes adventistas de M\u00e9xico lanzan nueva estrategia para hacer de hacer disc\u00edpulos la cultura en toda la iglesia - Iglesia Adventista del S\u00e9ptimo D\u00eda - Divisi\u00f3n Interamericana<\/title>\n<meta name=\"robots\" content=\"index, follow, max-snippet:-1, max-image-preview:large, max-video-preview:-1\" \/>\n<link rel=\"canonical\" href=\"https:\/\/interamerica.org\/es\/2026\/09\/lideres-adventistas-de-mexico-lanzan-nueva-estrategia-para-hacer-de-hacer-discipulos-la-cultura-en-toda-la-iglesia\/\" \/>\n<meta property=\"og:locale\" content=\"es_ES\" \/>\n<meta property=\"og:type\" content=\"article\" \/>\n<meta property=\"og:title\" content=\"L\u00edderes adventistas de M\u00e9xico lanzan nueva estrategia para hacer de hacer disc\u00edpulos la cultura en toda la iglesia - Iglesia Adventista del S\u00e9ptimo D\u00eda - Divisi\u00f3n Interamericana\" \/>\n<meta property=\"og:description\" content=\"La iniciativa a largo plazo, liderada por la Uni\u00f3n Mexicana del Sureste, busca fortalecer el crecimiento espiritual y asegurar que los nuevos creyentes sean acompa\u00f1ados de manera deliberada m\u00e1s all\u00e1...\" \/>\n<meta property=\"og:url\" content=\"https:\/\/interamerica.org\/es\/2026\/09\/lideres-adventistas-de-mexico-lanzan-nueva-estrategia-para-hacer-de-hacer-discipulos-la-cultura-en-toda-la-iglesia\/\" \/>\n<meta property=\"og:site_name\" content=\"Iglesia Adventista del S\u00e9ptimo D\u00eda - Divisi\u00f3n Interamericana\" \/>\n<meta property=\"article:published_time\" content=\"2026-09-01T21:34:16+00:00\" \/>\n<meta property=\"og:image\" content=\"https:\/\/interamerica.org\/wp-content\/uploads\/2026\/09\/semu-guide-leaders-thumbnail-img-5851jpg.jpg\" \/>\n\t<meta property=\"og:image:width\" content=\"1280\" \/>\n\t<meta property=\"og:image:height\" content=\"800\" \/>\n\t<meta property=\"og:image:type\" content=\"image\/jpeg\" \/>\n<meta name=\"author\" content=\"libna\" \/>\n<meta name=\"twitter:card\" content=\"summary_large_image\" \/>\n<meta name=\"twitter:label1\" content=\"Escrito por\" \/>\n\t<meta name=\"twitter:data1\" content=\"libna\" \/>\n\t<meta name=\"twitter:label2\" content=\"Tiempo de lectura\" \/>\n\t<meta name=\"twitter:data2\" content=\"9 minutos\" \/>\n<script type=\"application\/ld+json\" class=\"yoast-schema-graph\">{\"@context\":\"https:\\\/\\\/schema.org\",\"@graph\":[{\"@type\":\"Article\",\"@id\":\"https:\\\/\\\/interamerica.org\\\/es\\\/2026\\\/09\\\/lideres-adventistas-de-mexico-lanzan-nueva-estrategia-para-hacer-de-hacer-discipulos-la-cultura-en-toda-la-iglesia\\\/#article\",\"isPartOf\":{\"@id\":\"https:\\\/\\\/interamerica.org\\\/es\\\/2026\\\/09\\\/lideres-adventistas-de-mexico-lanzan-nueva-estrategia-para-hacer-de-hacer-discipulos-la-cultura-en-toda-la-iglesia\\\/\"},\"author\":{\"name\":\"libna\",\"@id\":\"https:\\\/\\\/interamerica.org\\\/es\\\/#\\\/schema\\\/person\\\/29998f2bc2d8bd0d38662909289b54f1\"},\"headline\":\"L\u00edderes adventistas de M\u00e9xico lanzan nueva estrategia para hacer de hacer disc\u00edpulos la cultura en toda la iglesia\",\"datePublished\":\"2026-09-01T21:34:16+00:00\",\"mainEntityOfPage\":{\"@id\":\"https:\\\/\\\/interamerica.org\\\/es\\\/2026\\\/09\\\/lideres-adventistas-de-mexico-lanzan-nueva-estrategia-para-hacer-de-hacer-discipulos-la-cultura-en-toda-la-iglesia\\\/\"},\"wordCount\":1943,\"image\":{\"@id\":\"https:\\\/\\\/interamerica.org\\\/es\\\/2026\\\/09\\\/lideres-adventistas-de-mexico-lanzan-nueva-estrategia-para-hacer-de-hacer-discipulos-la-cultura-en-toda-la-iglesia\\\/#primaryimage\"},\"thumbnailUrl\":\"https:\\\/\\\/interamerica.org\\\/wp-content\\\/uploads\\\/2026\\\/09\\\/semu-guide-leaders-thumbnail-img-5851jpg.jpg\",\"articleSection\":[\"Desde el campo\",\"RSS Espa\u00f1ol\"],\"inLanguage\":\"es\"},{\"@type\":\"WebPage\",\"@id\":\"https:\\\/\\\/interamerica.org\\\/es\\\/2026\\\/09\\\/lideres-adventistas-de-mexico-lanzan-nueva-estrategia-para-hacer-de-hacer-discipulos-la-cultura-en-toda-la-iglesia\\\/\",\"url\":\"https:\\\/\\\/interamerica.org\\\/es\\\/2026\\\/09\\\/lideres-adventistas-de-mexico-lanzan-nueva-estrategia-para-hacer-de-hacer-discipulos-la-cultura-en-toda-la-iglesia\\\/\",\"name\":\"L\u00edderes adventistas de M\u00e9xico lanzan nueva estrategia para hacer de hacer disc\u00edpulos la cultura en toda la iglesia - Iglesia Adventista del S\u00e9ptimo D\u00eda - Divisi\u00f3n Interamericana\",\"isPartOf\":{\"@id\":\"https:\\\/\\\/interamerica.org\\\/es\\\/#website\"},\"primaryImageOfPage\":{\"@id\":\"https:\\\/\\\/interamerica.org\\\/es\\\/2026\\\/09\\\/lideres-adventistas-de-mexico-lanzan-nueva-estrategia-para-hacer-de-hacer-discipulos-la-cultura-en-toda-la-iglesia\\\/#primaryimage\"},\"image\":{\"@id\":\"https:\\\/\\\/interamerica.org\\\/es\\\/2026\\\/09\\\/lideres-adventistas-de-mexico-lanzan-nueva-estrategia-para-hacer-de-hacer-discipulos-la-cultura-en-toda-la-iglesia\\\/#primaryimage\"},\"thumbnailUrl\":\"https:\\\/\\\/interamerica.org\\\/wp-content\\\/uploads\\\/2026\\\/09\\\/semu-guide-leaders-thumbnail-img-5851jpg.jpg\",\"datePublished\":\"2026-09-01T21:34:16+00:00\",\"author\":{\"@id\":\"https:\\\/\\\/interamerica.org\\\/es\\\/#\\\/schema\\\/person\\\/29998f2bc2d8bd0d38662909289b54f1\"},\"breadcrumb\":{\"@id\":\"https:\\\/\\\/interamerica.org\\\/es\\\/2026\\\/09\\\/lideres-adventistas-de-mexico-lanzan-nueva-estrategia-para-hacer-de-hacer-discipulos-la-cultura-en-toda-la-iglesia\\\/#breadcrumb\"},\"inLanguage\":\"es\",\"potentialAction\":[{\"@type\":\"ReadAction\",\"target\":[\"https:\\\/\\\/interamerica.org\\\/es\\\/2026\\\/09\\\/lideres-adventistas-de-mexico-lanzan-nueva-estrategia-para-hacer-de-hacer-discipulos-la-cultura-en-toda-la-iglesia\\\/\"]}]},{\"@type\":\"ImageObject\",\"inLanguage\":\"es\",\"@id\":\"https:\\\/\\\/interamerica.org\\\/es\\\/2026\\\/09\\\/lideres-adventistas-de-mexico-lanzan-nueva-estrategia-para-hacer-de-hacer-discipulos-la-cultura-en-toda-la-iglesia\\\/#primaryimage\",\"url\":\"https:\\\/\\\/interamerica.org\\\/wp-content\\\/uploads\\\/2026\\\/09\\\/semu-guide-leaders-thumbnail-img-5851jpg.jpg\",\"contentUrl\":\"https:\\\/\\\/interamerica.org\\\/wp-content\\\/uploads\\\/2026\\\/09\\\/semu-guide-leaders-thumbnail-img-5851jpg.jpg\",\"width\":1280,\"height\":800},{\"@type\":\"BreadcrumbList\",\"@id\":\"https:\\\/\\\/interamerica.org\\\/es\\\/2026\\\/09\\\/lideres-adventistas-de-mexico-lanzan-nueva-estrategia-para-hacer-de-hacer-discipulos-la-cultura-en-toda-la-iglesia\\\/#breadcrumb\",\"itemListElement\":[{\"@type\":\"ListItem\",\"position\":1,\"name\":\"Home\",\"item\":\"https:\\\/\\\/interamerica.org\\\/es\\\/\"},{\"@type\":\"ListItem\",\"position\":2,\"name\":\"L\u00edderes adventistas de M\u00e9xico lanzan nueva estrategia para hacer de hacer disc\u00edpulos la cultura en toda la iglesia\"}]},{\"@type\":\"WebSite\",\"@id\":\"https:\\\/\\\/interamerica.org\\\/es\\\/#website\",\"url\":\"https:\\\/\\\/interamerica.org\\\/es\\\/\",\"name\":\"Iglesia Adventista del S\u00e9ptimo D\u00eda - Divisi\u00f3n Interamericana\",\"description\":\"\",\"potentialAction\":[{\"@type\":\"SearchAction\",\"target\":{\"@type\":\"EntryPoint\",\"urlTemplate\":\"https:\\\/\\\/interamerica.org\\\/es\\\/?s={search_term_string}\"},\"query-input\":{\"@type\":\"PropertyValueSpecification\",\"valueRequired\":true,\"valueName\":\"search_term_string\"}}],\"inLanguage\":\"es\"},{\"@type\":\"Person\",\"@id\":\"https:\\\/\\\/interamerica.org\\\/es\\\/#\\\/schema\\\/person\\\/29998f2bc2d8bd0d38662909289b54f1\",\"name\":\"libna\",\"image\":{\"@type\":\"ImageObject\",\"inLanguage\":\"es\",\"@id\":\"https:\\\/\\\/secure.gravatar.com\\\/avatar\\\/7c5bd30ae4b47a9ba3c856590957fd1d96dc588bf3ac05719d247e126840331f?s=96&d=mm&r=g\",\"url\":\"https:\\\/\\\/secure.gravatar.com\\\/avatar\\\/7c5bd30ae4b47a9ba3c856590957fd1d96dc588bf3ac05719d247e126840331f?s=96&d=mm&r=g\",\"contentUrl\":\"https:\\\/\\\/secure.gravatar.com\\\/avatar\\\/7c5bd30ae4b47a9ba3c856590957fd1d96dc588bf3ac05719d247e126840331f?s=96&d=mm&r=g\",\"caption\":\"libna\"}}]}<\/script>\n<!-- \/ Yoast SEO plugin. -->","yoast_head_json":{"title":"L\u00edderes adventistas de M\u00e9xico lanzan nueva estrategia para hacer de hacer disc\u00edpulos la cultura en toda la iglesia - Iglesia Adventista del S\u00e9ptimo D\u00eda - Divisi\u00f3n Interamericana","robots":{"index":"index","follow":"follow","max-snippet":"max-snippet:-1","max-image-preview":"max-image-preview:large","max-video-preview":"max-video-preview:-1"},"canonical":"https:\/\/interamerica.org\/es\/2026\/09\/lideres-adventistas-de-mexico-lanzan-nueva-estrategia-para-hacer-de-hacer-discipulos-la-cultura-en-toda-la-iglesia\/","og_locale":"es_ES","og_type":"article","og_title":"L\u00edderes adventistas de M\u00e9xico lanzan nueva estrategia para hacer de hacer disc\u00edpulos la cultura en toda la iglesia - Iglesia Adventista del S\u00e9ptimo D\u00eda - Divisi\u00f3n Interamericana","og_description":"La iniciativa a largo plazo, liderada por la Uni\u00f3n Mexicana del Sureste, busca fortalecer el crecimiento espiritual y asegurar que los nuevos creyentes sean acompa\u00f1ados de manera deliberada m\u00e1s all\u00e1...","og_url":"https:\/\/interamerica.org\/es\/2026\/09\/lideres-adventistas-de-mexico-lanzan-nueva-estrategia-para-hacer-de-hacer-discipulos-la-cultura-en-toda-la-iglesia\/","og_site_name":"Iglesia Adventista del S\u00e9ptimo D\u00eda - Divisi\u00f3n Interamericana","article_published_time":"2026-09-01T21:34:16+00:00","og_image":[{"width":1280,"height":800,"url":"https:\/\/interamerica.org\/wp-content\/uploads\/2026\/09\/semu-guide-leaders-thumbnail-img-5851jpg.jpg","type":"image\/jpeg"}],"author":"libna","twitter_card":"summary_large_image","twitter_misc":{"Escrito por":"libna","Tiempo de lectura":"9 minutos"},"schema":{"@context":"https:\/\/schema.org","@graph":[{"@type":"Article","@id":"https:\/\/interamerica.org\/es\/2026\/09\/lideres-adventistas-de-mexico-lanzan-nueva-estrategia-para-hacer-de-hacer-discipulos-la-cultura-en-toda-la-iglesia\/#article","isPartOf":{"@id":"https:\/\/interamerica.org\/es\/2026\/09\/lideres-adventistas-de-mexico-lanzan-nueva-estrategia-para-hacer-de-hacer-discipulos-la-cultura-en-toda-la-iglesia\/"},"author":{"name":"libna","@id":"https:\/\/interamerica.org\/es\/#\/schema\/person\/29998f2bc2d8bd0d38662909289b54f1"},"headline":"L\u00edderes adventistas de M\u00e9xico lanzan nueva estrategia para hacer de hacer disc\u00edpulos la cultura en toda la iglesia","datePublished":"2026-09-01T21:34:16+00:00","mainEntityOfPage":{"@id":"https:\/\/interamerica.org\/es\/2026\/09\/lideres-adventistas-de-mexico-lanzan-nueva-estrategia-para-hacer-de-hacer-discipulos-la-cultura-en-toda-la-iglesia\/"},"wordCount":1943,"image":{"@id":"https:\/\/interamerica.org\/es\/2026\/09\/lideres-adventistas-de-mexico-lanzan-nueva-estrategia-para-hacer-de-hacer-discipulos-la-cultura-en-toda-la-iglesia\/#primaryimage"},"thumbnailUrl":"https:\/\/interamerica.org\/wp-content\/uploads\/2026\/09\/semu-guide-leaders-thumbnail-img-5851jpg.jpg","articleSection":["Desde el campo","RSS Espa\u00f1ol"],"inLanguage":"es"},{"@type":"WebPage","@id":"https:\/\/interamerica.org\/es\/2026\/09\/lideres-adventistas-de-mexico-lanzan-nueva-estrategia-para-hacer-de-hacer-discipulos-la-cultura-en-toda-la-iglesia\/","url":"https:\/\/interamerica.org\/es\/2026\/09\/lideres-adventistas-de-mexico-lanzan-nueva-estrategia-para-hacer-de-hacer-discipulos-la-cultura-en-toda-la-iglesia\/","name":"L\u00edderes adventistas de M\u00e9xico lanzan nueva estrategia para hacer de hacer disc\u00edpulos la cultura en toda la iglesia - Iglesia Adventista del S\u00e9ptimo D\u00eda - Divisi\u00f3n Interamericana","isPartOf":{"@id":"https:\/\/interamerica.org\/es\/#website"},"primaryImageOfPage":{"@id":"https:\/\/interamerica.org\/es\/2026\/09\/lideres-adventistas-de-mexico-lanzan-nueva-estrategia-para-hacer-de-hacer-discipulos-la-cultura-en-toda-la-iglesia\/#primaryimage"},"image":{"@id":"https:\/\/interamerica.org\/es\/2026\/09\/lideres-adventistas-de-mexico-lanzan-nueva-estrategia-para-hacer-de-hacer-discipulos-la-cultura-en-toda-la-iglesia\/#primaryimage"},"thumbnailUrl":"https:\/\/interamerica.org\/wp-content\/uploads\/2026\/09\/semu-guide-leaders-thumbnail-img-5851jpg.jpg","datePublished":"2026-09-01T21:34:16+00:00","author":{"@id":"https:\/\/interamerica.org\/es\/#\/schema\/person\/29998f2bc2d8bd0d38662909289b54f1"},"breadcrumb":{"@id":"https:\/\/interamerica.org\/es\/2026\/09\/lideres-adventistas-de-mexico-lanzan-nueva-estrategia-para-hacer-de-hacer-discipulos-la-cultura-en-toda-la-iglesia\/#breadcrumb"},"inLanguage":"es","potentialAction":[{"@type":"ReadAction","target":["https:\/\/interamerica.org\/es\/2026\/09\/lideres-adventistas-de-mexico-lanzan-nueva-estrategia-para-hacer-de-hacer-discipulos-la-cultura-en-toda-la-iglesia\/"]}]},{"@type":"ImageObject","inLanguage":"es","@id":"https:\/\/interamerica.org\/es\/2026\/09\/lideres-adventistas-de-mexico-lanzan-nueva-estrategia-para-hacer-de-hacer-discipulos-la-cultura-en-toda-la-iglesia\/#primaryimage","url":"https:\/\/interamerica.org\/wp-content\/uploads\/2026\/09\/semu-guide-leaders-thumbnail-img-5851jpg.jpg","contentUrl":"https:\/\/interamerica.org\/wp-content\/uploads\/2026\/09\/semu-guide-leaders-thumbnail-img-5851jpg.jpg","width":1280,"height":800},{"@type":"BreadcrumbList","@id":"https:\/\/interamerica.org\/es\/2026\/09\/lideres-adventistas-de-mexico-lanzan-nueva-estrategia-para-hacer-de-hacer-discipulos-la-cultura-en-toda-la-iglesia\/#breadcrumb","itemListElement":[{"@type":"ListItem","position":1,"name":"Home","item":"https:\/\/interamerica.org\/es\/"},{"@type":"ListItem","position":2,"name":"L\u00edderes adventistas de M\u00e9xico lanzan nueva estrategia para hacer de hacer disc\u00edpulos la cultura en toda la iglesia"}]},{"@type":"WebSite","@id":"https:\/\/interamerica.org\/es\/#website","url":"https:\/\/interamerica.org\/es\/","name":"Iglesia Adventista del S\u00e9ptimo D\u00eda - Divisi\u00f3n Interamericana","description":"","potentialAction":[{"@type":"SearchAction","target":{"@type":"EntryPoint","urlTemplate":"https:\/\/interamerica.org\/es\/?s={search_term_string}"},"query-input":{"@type":"PropertyValueSpecification","valueRequired":true,"valueName":"search_term_string"}}],"inLanguage":"es"},{"@type":"Person","@id":"https:\/\/interamerica.org\/es\/#\/schema\/person\/29998f2bc2d8bd0d38662909289b54f1","name":"libna","image":{"@type":"ImageObject","inLanguage":"es","@id":"https:\/\/secure.gravatar.com\/avatar\/7c5bd30ae4b47a9ba3c856590957fd1d96dc588bf3ac05719d247e126840331f?s=96&d=mm&r=g","url":"https:\/\/secure.gravatar.com\/avatar\/7c5bd30ae4b47a9ba3c856590957fd1d96dc588bf3ac05719d247e126840331f?s=96&d=mm&r=g","contentUrl":"https:\/\/secure.gravatar.com\/avatar\/7c5bd30ae4b47a9ba3c856590957fd1d96dc588bf3ac05719d247e126840331f?s=96&d=mm&r=g","caption":"libna"}}]}},"_links":{"self":[{"href":"https:\/\/interamerica.org\/es\/wp-json\/wp\/v2\/posts\/148211","targetHints":{"allow":["GET"]}}],"collection":[{"href":"https:\/\/interamerica.org\/es\/wp-json\/wp\/v2\/posts"}],"about":[{"href":"https:\/\/interamerica.org\/es\/wp-json\/wp\/v2\/types\/post"}],"author":[{"embeddable":true,"href":"https:\/\/interamerica.org\/es\/wp-json\/wp\/v2\/users\/3"}],"replies":[{"embeddable":true,"href":"https:\/\/interamerica.org\/es\/wp-json\/wp\/v2\/comments?post=148211"}],"version-history":[{"count":1,"href":"https:\/\/interamerica.org\/es\/wp-json\/wp\/v2\/posts\/148211\/revisions"}],"predecessor-version":[{"id":148236,"href":"https:\/\/interamerica.org\/es\/wp-json\/wp\/v2\/posts\/148211\/revisions\/148236"}],"wp:featuredmedia":[{"embeddable":true,"href":"https:\/\/interamerica.org\/es\/wp-json\/wp\/v2\/media\/148214"}],"wp:attachment":[{"href":"https:\/\/interamerica.org\/es\/wp-json\/wp\/v2\/media?parent=148211"}],"wp:term":[{"taxonomy":"category","embeddable":true,"href":"https:\/\/interamerica.org\/es\/wp-json\/wp\/v2\/categories?post=148211"},{"taxonomy":"post_tag","embeddable":true,"href":"https:\/\/interamerica.org\/es\/wp-json\/wp\/v2\/tags?post=148211"}],"curies":[{"name":"wp","href":"https:\/\/api.w.org\/{rel}","templated":true}]}}