{"id":148222,"date":"2026-09-03T09:57:48","date_gmt":"2026-09-03T13:57:48","guid":{"rendered":"https:\/\/interamerica.org\/?p=148222"},"modified":"2026-08-31T22:16:04","modified_gmt":"2026-09-01T02:16:04","slug":"al-rescate-de-vidas-cuando-la-catastrofe-golpeo-de-cerca","status":"publish","type":"post","link":"https:\/\/interamerica.org\/es\/2026\/09\/al-rescate-de-vidas-cuando-la-catastrofe-golpeo-de-cerca\/","title":{"rendered":"Al rescate de vidas cuando la cat\u00e1strofe golpe\u00f3 de cerca"},"content":{"rendered":"<p><em>El capit\u00e1n rescatista adventista, Robinson Navarro, reflexiona sobre vidas salvadas, p\u00e9rdidas dolorosas y la fe que lo sostuvo tras el terremoto en Venezuela. <\/em><\/p>\n<p>3 de septiembre de 2026 | Caracas, Venezuela | Nohemi Belandria y Noticias de la Divisi\u00f3n Interamericana<\/p>\n<p>Cuando el suelo empez\u00f3 a temblar, el capit\u00e1n Robinson Navarro estaba en la segunda planta de la estaci\u00f3n de bomberos de Caracas, que era su base. Al principio, no le dio mucha importancia. D\u00edas antes, se hab\u00eda producido un temblor que sus compa\u00f1eros ni siquiera hab\u00edan notado. Pero esta vez, el temblor se intensific\u00f3 y no ces\u00f3. En cuesti\u00f3n de segundos, llev\u00f3 a cabo la evaluaci\u00f3n que requiere su formaci\u00f3n.<\/p>\n<p>\u201cSi bajaba, hab\u00eda dos losas que pod\u00edan caerme encima\u201d, record\u00f3. \u201cDonde yo estaba, solo hab\u00eda una\u201d.<\/p>\n<p>La salida estaba demasiado lejos, as\u00ed que Navarro decidi\u00f3 que la opci\u00f3n m\u00e1s segura era quedarse donde estaba. Mientras el temblor continuaba, secciones del techo empezaron a caer sobre \u00e9l.<\/p>\n<p><div id=\"attachment_148198\" style=\"width: 890px\" class=\"wp-caption aligncenter\"><img fetchpriority=\"high\" decoding=\"async\" aria-describedby=\"caption-attachment-148198\" class=\" wp-image-148198\" src=\"https:\/\/interamerica.org\/wp-content\/uploads\/2026\/09\/robinsonnavarro-earthquake-portrait-evau.jpg\" alt=\"\" width=\"880\" height=\"587\" srcset=\"https:\/\/interamerica.org\/wp-content\/uploads\/2026\/09\/robinsonnavarro-earthquake-portrait-evau.jpg 1000w, https:\/\/interamerica.org\/wp-content\/uploads\/2026\/09\/robinsonnavarro-earthquake-portrait-evau-300x200.jpg 300w, https:\/\/interamerica.org\/wp-content\/uploads\/2026\/09\/robinsonnavarro-earthquake-portrait-evau-768x512.jpg 768w\" sizes=\"(max-width: 880px) 100vw, 880px\" \/><p id=\"caption-attachment-148198\" class=\"wp-caption-text\">El capit\u00e1n Robinson Navarro, de la Divisi\u00f3n de Rescate y Operaciones Especiales del Departamento de Bomberos de Caracas, aparence frente a un edificio destruido por el terremoto de La Guaira, Venezuela. Navarro, que ha sido rescatista durante 18 a\u00f1os y anciano en la iglesia adventista Central en Carayaca, trabaj\u00f3 entre los escombros desde el primer d\u00eda de la cat\u00e1strofe. [Fotograf\u00eda: Elisamuel Devis].<\/p><\/div>Navarro, de 48 a\u00f1os, es capit\u00e1n en la Divisi\u00f3n de Rescate y Operaciones Especiales del Departamento de Bomberos de Caracas, donde ha prestado servicios durante 18 a\u00f1os. Tambi\u00e9n es anciano en la iglesia adventista Central en Carayaca, estado de La Guaira. Es miembro de la Iglesia Adventista desde los ocho a\u00f1os, cuando se uni\u00f3 gracias a la influencia de su madre.<\/p>\n<p>El 24 de junio de 2026, cuando un terremoto devast\u00f3 el centro de Venezuela, incluido su estado natal, Navarro fue llamado a responder a una cat\u00e1strofe que hab\u00eda afectado las cercan\u00edas de su casa.<\/p>\n<p><strong>Comienza el rescate<\/strong><\/p>\n<p>Cuando cesaron los temblores, se asegur\u00f3 de que su equipo estuviera a salvo y pens\u00f3 en su familia. Las comunicaciones estaban ca\u00eddas.<\/p>\n<p>\u201cUno est\u00e1 pendiente de la familia, pero cuando est\u00e1s ayudando a alguien en dificultad, la mente se bloquea y se dirige solo a buscar la soluci\u00f3n\u201d, explic\u00f3. \u201cYo confiaba en que Dios hab\u00eda cuidado de ellos\u201d.<\/p>\n<p>Llegaron informes por radio. Primero, una evacuaci\u00f3n en un centro comercial en el centro de Caracas. Luego en San Bernardino, un distrito de Caracas.<\/p>\n<p>\u201cEsa fue la sorpresa: edificios completamente desplomados, personas aprisionadas pidiendo auxilio\u201d, cont\u00f3.<\/p>\n<p>Algunos quedaron atrapados junto a seres queridos que hab\u00edan fallecido y no quer\u00edan que los rescatistas los trasladaran. Navarro explic\u00f3 que la prioridad deb\u00eda ser llegar a quienes a\u00fan segu\u00edan vivos.<\/p>\n<p>\u201cA veces uno tarda dos, tres, hasta seis horas en sacar a una sola persona\u201d, dijo.<\/p>\n<p><div id=\"attachment_148199\" style=\"width: 878px\" class=\"wp-caption aligncenter\"><img decoding=\"async\" aria-describedby=\"caption-attachment-148199\" class=\" wp-image-148199\" src=\"https:\/\/interamerica.org\/wp-content\/uploads\/2026\/09\/robinson-navarro-evau-building.jpg\" alt=\"\" width=\"868\" height=\"579\" srcset=\"https:\/\/interamerica.org\/wp-content\/uploads\/2026\/09\/robinson-navarro-evau-building.jpg 1000w, https:\/\/interamerica.org\/wp-content\/uploads\/2026\/09\/robinson-navarro-evau-building-300x200.jpg 300w, https:\/\/interamerica.org\/wp-content\/uploads\/2026\/09\/robinson-navarro-evau-building-768x512.jpg 768w\" sizes=\"(max-width: 868px) 100vw, 868px\" \/><p id=\"caption-attachment-148199\" class=\"wp-caption-text\">Robinson Navarro analiza los da\u00f1os causados por el terremoto en La Guaira, Venezuela, la regi\u00f3n de la que \u00e9l proviene y donde prest\u00f3 servicios como rescatista tras la cat\u00e1strofe. [Fotograf\u00eda: Elisamuel Devis]<\/p><\/div><strong>Cuatro horas bajo los escombros<\/strong><\/p>\n<p>En un edificio derrumbado, un equipo ya trabajaba para localizar a un hombre atrapado, un funcionario retirado de unos 60 a\u00f1os. Pod\u00edan o\u00edr su voz, pero tuvieron que retirar escombros para encontrarlo. Cuando finalmente llegaron a \u00e9l, solo se le ve\u00eda parte de la cabeza. Luego inform\u00f3 a los rescatistas que m\u00e1s abajo estaban sus vecinos, una pareja que tambi\u00e9n estaba viva.<\/p>\n<p>\u201cSaber que pod\u00edamos salvar a tres personas nos llen\u00f3 de esperanza\u201d, record\u00f3 Navarro.<\/p>\n<p>Durante m\u00e1s de cuatro horas, trabajaron en medio de r\u00e9plicas que les obligaban a retirarse repetidamente. Le limpiaban la cara, le daban agua y lo animaban. Pero cuando llegaron a su brazo, atrapado bajo una puerta, Robinson sinti\u00f3 algo que le alarm\u00f3.<\/p>\n<p>\u201cCuando toqu\u00e9 su brazo, estaba demasiado fr\u00edo. No hab\u00eda llenado capilar. Esa extremidad ya estaba muerta\u201d.<\/p>\n<p>Estaba sufriendo de s\u00edndrome de aplastamiento, una condici\u00f3n potencialmente mortal que puede producirse cuando se libera una extremidad atrapada. Aplicaron un torniquete, colocaron una v\u00eda intravenosa y siguieron los procedimientos de emergencia.<\/p>\n<p>\u201cConseguimos sacarlo con vida, pero cuando lleg\u00f3 al hospital, no lo logr\u00f3\u201d, dijo, con la voz quebrada. \u201cEso nos parti\u00f3 el alma por el trabajo que se hizo y el tiempo que compartimos con \u00e9l\u201d.<\/p>\n<p>Sin embargo, la pareja atrapada debajo de \u00e9l fue rescatada con vida, en parte gracias al hombre que, aunque \u00e9l mismo segu\u00eda atrapado, guio a los rescatistas hasta su ubicaci\u00f3n.<\/p>\n<p><div id=\"attachment_148200\" style=\"width: 874px\" class=\"wp-caption aligncenter\"><img decoding=\"async\" aria-describedby=\"caption-attachment-148200\" class=\"wp-image-148200\" src=\"https:\/\/interamerica.org\/wp-content\/uploads\/2026\/09\/laguaira-aug4-jonathan-lanza.jpg\" alt=\"\" width=\"864\" height=\"576\" srcset=\"https:\/\/interamerica.org\/wp-content\/uploads\/2026\/09\/laguaira-aug4-jonathan-lanza.jpg 1000w, https:\/\/interamerica.org\/wp-content\/uploads\/2026\/09\/laguaira-aug4-jonathan-lanza-300x200.jpg 300w, https:\/\/interamerica.org\/wp-content\/uploads\/2026\/09\/laguaira-aug4-jonathan-lanza-768x512.jpg 768w\" sizes=\"(max-width: 864px) 100vw, 864px\" \/><p id=\"caption-attachment-148200\" class=\"wp-caption-text\">Los rescatistas trabajan a gran altura entre estructuras da\u00f1adas en La Guaira, Venezuela. Escenas como esta reflejan las dif\u00edciles condiciones que enfrent\u00f3 Robinson Navarro durante los d\u00edas que dedic\u00f3 a responder a la emergencia y ayudar a rescatar a personas atrapadas entre los escombros. [Foto: Jonathan Lanza\/Facebook]<\/p><\/div><strong>Fe en la primera l\u00ednea<\/strong><\/p>\n<p>Antes de que el equipo partiera hacia La Guaira, uno de los compa\u00f1eros de Navarro sugiri\u00f3 que oraran y le pidi\u00f3 que \u00e9l elevara la oraci\u00f3n.<\/p>\n<p>\u201cDec\u00edan: \u2018\u00bfD\u00f3nde est\u00e1 Navarro? Llamen al evang\u00e9lico\u2019\u201d, record\u00f3 con una sonrisa. \u201cOr\u00e9 por ellos, y los chicos quedaron muy contentos. Eso despert\u00f3 el lado espiritual de muchos de mis colegas\u201d.<\/p>\n<p>Despu\u00e9s de eso, quisieron orar antes de cada operaci\u00f3n.<\/p>\n<p>Navarro dijo que su fe tambi\u00e9n influy\u00f3 en su manera de responder a las personas en momentos de angustia. Cuando alguien reaccionaba con ira, tomaba a la persona aparte, escuchaba y hablaba con calma con ella, compartiendo a veces con ella un pasaje b\u00edblico.<\/p>\n<p>\u201c\u2018La blanda respuesta quita la ira\u2019, dice la Biblia, y es algo que pusimos en pr\u00e1ctica\u201d.<\/p>\n<p>Navarro dijo que su fe le llev\u00f3 a ver a cada persona que encontraba como un hijo de Dios. Tambi\u00e9n se inspir\u00f3 en la presencia de brigadas m\u00e9dicas de la iglesia, voluntarios de ADRA y equipos internacionales que apoyaron la respuesta.<\/p>\n<p>\u201cVer un s\u00edmbolo de la iglesia all\u00ed nos dio fuerza. Uno dice: \u2018No estamos solos. La iglesia nos apoya\u2019\u201d.<\/p>\n<p><div id=\"attachment_148318\" style=\"width: 906px\" class=\"wp-caption aligncenter\"><img loading=\"lazy\" decoding=\"async\" aria-describedby=\"caption-attachment-148318\" class=\" wp-image-148318\" src=\"https:\/\/interamerica.org\/wp-content\/uploads\/2026\/09\/robinson-navarro-crew-group.jpg\" alt=\"\" width=\"896\" height=\"629\" srcset=\"https:\/\/interamerica.org\/wp-content\/uploads\/2026\/09\/robinson-navarro-crew-group.jpg 1000w, https:\/\/interamerica.org\/wp-content\/uploads\/2026\/09\/robinson-navarro-crew-group-300x211.jpg 300w, https:\/\/interamerica.org\/wp-content\/uploads\/2026\/09\/robinson-navarro-crew-group-768x539.jpg 768w\" sizes=\"(max-width: 896px) 100vw, 896px\" \/><p id=\"caption-attachment-148318\" class=\"wp-caption-text\">Miembros de la Divisi\u00f3n de Rescate y Operaciones Especiales se re\u00fanen en su estaci\u00f3n de bomberos en Caracas, Venezuela. El capit\u00e1n Robinson Navarro aparece en el centro, en la parte inferior de la fotograf\u00eda. [Foto: Cortes\u00eda de Robinson Navarro]<\/p><\/div>La respuesta se volvi\u00f3 profundamente personal cuando viaj\u00f3 a Carayaca.<\/p>\n<p>\u201cAh\u00ed fue donde m\u00e1s me impact\u00f3 porque era mi hogar, el lugar donde conoces a la gente\u201d, dijo.<\/p>\n<p>Su propia casa en Carayaca tambi\u00e9n hab\u00eda sufrido da\u00f1os, incluyendo una gran grieta en una columna del dormitorio de su hijo. Pero cuando Navarro lleg\u00f3, encontr\u00f3 consuelo en abrazar a su hijo.<\/p>\n<p><strong>Los 39 segundos<\/strong><\/p>\n<p>Dos meses despu\u00e9s, Navarro a\u00fan conserva las im\u00e1genes de lo que presenci\u00f3. Ha respondido a terremotos y huracanes en otros pa\u00edses, pero, dijo, \u201cno es lo mismo cuando ocurre en tu propio pa\u00eds\u201d.<\/p>\n<p>Un detalle se le ha quedado grabado: el terremoto dur\u00f3 unos 39 segundos.<\/p>\n<p>\u201cA m\u00ed, pareci\u00f3 una eternidad\u201d, dijo Navarro. \u201cEn esos 39 segundos, la gente tuvo tiempo para reflexionar, tomar decisiones y volverse a Dios. Ah\u00ed es donde encuentro esperanza\u201d.<\/p>\n<p>Esa esperanza ha ayudado a Navarro a procesar las vidas perdidas en la cat\u00e1strofe.<\/p>\n<div id=\"attachment_148319\" style=\"width: 710px\" class=\"wp-caption aligncenter\"><img loading=\"lazy\" decoding=\"async\" aria-describedby=\"caption-attachment-148319\" class=\"size-full wp-image-148319\" src=\"https:\/\/interamerica.org\/wp-content\/uploads\/2026\/09\/robinson-navarro-and-rescue-team-planning.jpg\" alt=\"\" width=\"700\" height=\"871\" srcset=\"https:\/\/interamerica.org\/wp-content\/uploads\/2026\/09\/robinson-navarro-and-rescue-team-planning.jpg 700w, https:\/\/interamerica.org\/wp-content\/uploads\/2026\/09\/robinson-navarro-and-rescue-team-planning-241x300.jpg 241w\" sizes=\"(max-width: 700px) 100vw, 700px\" \/><p id=\"caption-attachment-148319\" class=\"wp-caption-text\">El capit\u00e1n Robinson Navarro (tercero desde la izquierda) revisa los planos junto a miembros de la Divisi\u00f3n de Rescate y Operaciones Especiales durante una operaci\u00f3n en Caracas, Venezuela. [Foto: Cortes\u00eda de Robinson Navarro]<\/p><\/div>\n<p data-start=\"307\" data-end=\"472\">\u201cIncluso en sus \u00faltimos momentos, como el ladr\u00f3n en la cruz, alguien pudo haber elegido seguir al Se\u00f1or\u201d, dijo Navarro. \u201cTengo fe en que los volveremos a ver\u201d.<\/p>\n<p>La experiencia tambi\u00e9n cambi\u00f3 su perspectiva sobre lo que realmente importa, dijo.<\/p>\n<p data-start=\"550\" data-end=\"699\">\u201cLas cosas materiales las podemos perder en 39 segundos. Lo m\u00e1s importante es mejorar la relaci\u00f3n con nuestra familia y mantenernos fieles al Se\u00f1or\u201d.<\/p>\n<p>Para quienes lo perdieron todo, o cuya fe se vio sacudida por la tragedia, Navarro se\u00f1ala la misma convicci\u00f3n que le sostuvo durante toda la respuesta.<\/p>\n<p data-start=\"857\" data-end=\"1007\" data-is-last-node=\"\" data-is-only-node=\"\">\u201cDios tiene el control de todas las cosas\u201d, dijo. \u201cEn lugar de preguntarnos por qu\u00e9 ocurri\u00f3 esto, preguntemos qu\u00e9 puede ense\u00f1arnos Dios por medio de ello. Eso puede ayudarnos a entender su prop\u00f3sito para nuestra vida\u201d.<\/p>\n<p>Traducci\u00f3n de Marcos Paseggi<\/p>\n","protected":false},"excerpt":{"rendered":"<p>El capit\u00e1n rescatista adventista, Robinson Navarro, reflexiona sobre vidas salvadas, p\u00e9rdidas dolorosas y la fe que lo sostuvo tras el terremoto en Venezuela. 3 de septiembre de 2026 | Caracas,&#8230;<\/p>\n","protected":false},"author":3,"featured_media":148223,"comment_status":"closed","ping_status":"closed","sticky":false,"template":"","format":"standard","meta":{"_acf_changed":false,"footnotes":""},"categories":[16,15],"tags":[],"class_list":["post-148222","post","type-post","status-publish","format-standard","has-post-thumbnail","hentry","category-desde-la-sede","category-rss-espanol"],"acf":[],"yoast_head":"<!-- This site is optimized with the Yoast SEO plugin v28.4 - https:\/\/yoast.com\/product\/yoast-seo-wordpress\/ -->\n<title>Al rescate de vidas cuando la cat\u00e1strofe golpe\u00f3 de cerca - Iglesia Adventista del S\u00e9ptimo D\u00eda - Divisi\u00f3n Interamericana<\/title>\n<meta name=\"robots\" content=\"index, follow, max-snippet:-1, max-image-preview:large, max-video-preview:-1\" \/>\n<link rel=\"canonical\" href=\"https:\/\/interamerica.org\/es\/2026\/09\/al-rescate-de-vidas-cuando-la-catastrofe-golpeo-de-cerca\/\" \/>\n<meta property=\"og:locale\" content=\"es_ES\" \/>\n<meta property=\"og:type\" content=\"article\" \/>\n<meta property=\"og:title\" content=\"Al rescate de vidas cuando la cat\u00e1strofe golpe\u00f3 de cerca - Iglesia Adventista del S\u00e9ptimo D\u00eda - Divisi\u00f3n Interamericana\" \/>\n<meta property=\"og:description\" content=\"El capit\u00e1n rescatista adventista, Robinson Navarro, reflexiona sobre vidas salvadas, p\u00e9rdidas dolorosas y la fe que lo sostuvo tras el terremoto en Venezuela. 3 de septiembre de 2026 | Caracas,...\" \/>\n<meta property=\"og:url\" content=\"https:\/\/interamerica.org\/es\/2026\/09\/al-rescate-de-vidas-cuando-la-catastrofe-golpeo-de-cerca\/\" \/>\n<meta property=\"og:site_name\" content=\"Iglesia Adventista del S\u00e9ptimo D\u00eda - Divisi\u00f3n Interamericana\" \/>\n<meta property=\"article:published_time\" content=\"2026-09-03T13:57:48+00:00\" \/>\n<meta property=\"og:image\" content=\"https:\/\/interamerica.org\/wp-content\/uploads\/2026\/09\/robinsonnavarro-earthquake-portrait-evau.jpg\" \/>\n\t<meta property=\"og:image:width\" content=\"1000\" \/>\n\t<meta property=\"og:image:height\" content=\"667\" \/>\n\t<meta property=\"og:image:type\" content=\"image\/jpeg\" \/>\n<meta name=\"author\" content=\"libna\" \/>\n<meta name=\"twitter:card\" content=\"summary_large_image\" \/>\n<meta name=\"twitter:label1\" content=\"Escrito por\" \/>\n\t<meta name=\"twitter:data1\" content=\"libna\" \/>\n\t<meta name=\"twitter:label2\" content=\"Tiempo de lectura\" \/>\n\t<meta name=\"twitter:data2\" content=\"7 minutos\" \/>\n<script type=\"application\/ld+json\" class=\"yoast-schema-graph\">{\"@context\":\"https:\\\/\\\/schema.org\",\"@graph\":[{\"@type\":\"Article\",\"@id\":\"https:\\\/\\\/interamerica.org\\\/es\\\/2026\\\/09\\\/al-rescate-de-vidas-cuando-la-catastrofe-golpeo-de-cerca\\\/#article\",\"isPartOf\":{\"@id\":\"https:\\\/\\\/interamerica.org\\\/es\\\/2026\\\/09\\\/al-rescate-de-vidas-cuando-la-catastrofe-golpeo-de-cerca\\\/\"},\"author\":{\"name\":\"libna\",\"@id\":\"https:\\\/\\\/interamerica.org\\\/es\\\/#\\\/schema\\\/person\\\/29998f2bc2d8bd0d38662909289b54f1\"},\"headline\":\"Al rescate de vidas cuando la cat\u00e1strofe golpe\u00f3 de cerca\",\"datePublished\":\"2026-09-03T13:57:48+00:00\",\"mainEntityOfPage\":{\"@id\":\"https:\\\/\\\/interamerica.org\\\/es\\\/2026\\\/09\\\/al-rescate-de-vidas-cuando-la-catastrofe-golpeo-de-cerca\\\/\"},\"wordCount\":1457,\"image\":{\"@id\":\"https:\\\/\\\/interamerica.org\\\/es\\\/2026\\\/09\\\/al-rescate-de-vidas-cuando-la-catastrofe-golpeo-de-cerca\\\/#primaryimage\"},\"thumbnailUrl\":\"https:\\\/\\\/interamerica.org\\\/wp-content\\\/uploads\\\/2026\\\/09\\\/robinsonnavarro-earthquake-portrait-evau.jpg\",\"articleSection\":[\"Desde la sede\",\"RSS Espa\u00f1ol\"],\"inLanguage\":\"es\"},{\"@type\":\"WebPage\",\"@id\":\"https:\\\/\\\/interamerica.org\\\/es\\\/2026\\\/09\\\/al-rescate-de-vidas-cuando-la-catastrofe-golpeo-de-cerca\\\/\",\"url\":\"https:\\\/\\\/interamerica.org\\\/es\\\/2026\\\/09\\\/al-rescate-de-vidas-cuando-la-catastrofe-golpeo-de-cerca\\\/\",\"name\":\"Al rescate de vidas cuando la cat\u00e1strofe golpe\u00f3 de cerca - Iglesia Adventista del S\u00e9ptimo D\u00eda - Divisi\u00f3n Interamericana\",\"isPartOf\":{\"@id\":\"https:\\\/\\\/interamerica.org\\\/es\\\/#website\"},\"primaryImageOfPage\":{\"@id\":\"https:\\\/\\\/interamerica.org\\\/es\\\/2026\\\/09\\\/al-rescate-de-vidas-cuando-la-catastrofe-golpeo-de-cerca\\\/#primaryimage\"},\"image\":{\"@id\":\"https:\\\/\\\/interamerica.org\\\/es\\\/2026\\\/09\\\/al-rescate-de-vidas-cuando-la-catastrofe-golpeo-de-cerca\\\/#primaryimage\"},\"thumbnailUrl\":\"https:\\\/\\\/interamerica.org\\\/wp-content\\\/uploads\\\/2026\\\/09\\\/robinsonnavarro-earthquake-portrait-evau.jpg\",\"datePublished\":\"2026-09-03T13:57:48+00:00\",\"author\":{\"@id\":\"https:\\\/\\\/interamerica.org\\\/es\\\/#\\\/schema\\\/person\\\/29998f2bc2d8bd0d38662909289b54f1\"},\"breadcrumb\":{\"@id\":\"https:\\\/\\\/interamerica.org\\\/es\\\/2026\\\/09\\\/al-rescate-de-vidas-cuando-la-catastrofe-golpeo-de-cerca\\\/#breadcrumb\"},\"inLanguage\":\"es\",\"potentialAction\":[{\"@type\":\"ReadAction\",\"target\":[\"https:\\\/\\\/interamerica.org\\\/es\\\/2026\\\/09\\\/al-rescate-de-vidas-cuando-la-catastrofe-golpeo-de-cerca\\\/\"]}]},{\"@type\":\"ImageObject\",\"inLanguage\":\"es\",\"@id\":\"https:\\\/\\\/interamerica.org\\\/es\\\/2026\\\/09\\\/al-rescate-de-vidas-cuando-la-catastrofe-golpeo-de-cerca\\\/#primaryimage\",\"url\":\"https:\\\/\\\/interamerica.org\\\/wp-content\\\/uploads\\\/2026\\\/09\\\/robinsonnavarro-earthquake-portrait-evau.jpg\",\"contentUrl\":\"https:\\\/\\\/interamerica.org\\\/wp-content\\\/uploads\\\/2026\\\/09\\\/robinsonnavarro-earthquake-portrait-evau.jpg\",\"width\":1000,\"height\":667,\"caption\":\"El capit\u00e1n Robinson Navarro, de la Divisi\u00f3n de Rescate y Operaciones Especiales del Departamento de Bomberos de Caracas, aparence frente a un edificio destruido por el terremoto de La Guaira, Venezuela. Navarro, que ha sido rescatista durante 18 a\u00f1os y anciano en la iglesia adventista Central en Carayaca, trabaj\u00f3 entre los escombros desde el primer d\u00eda de la cat\u00e1strofe. [Fotograf\u00eda: Elisamuel Devis].\"},{\"@type\":\"BreadcrumbList\",\"@id\":\"https:\\\/\\\/interamerica.org\\\/es\\\/2026\\\/09\\\/al-rescate-de-vidas-cuando-la-catastrofe-golpeo-de-cerca\\\/#breadcrumb\",\"itemListElement\":[{\"@type\":\"ListItem\",\"position\":1,\"name\":\"Home\",\"item\":\"https:\\\/\\\/interamerica.org\\\/es\\\/\"},{\"@type\":\"ListItem\",\"position\":2,\"name\":\"Al rescate de vidas cuando la cat\u00e1strofe golpe\u00f3 de cerca\"}]},{\"@type\":\"WebSite\",\"@id\":\"https:\\\/\\\/interamerica.org\\\/es\\\/#website\",\"url\":\"https:\\\/\\\/interamerica.org\\\/es\\\/\",\"name\":\"Iglesia Adventista del S\u00e9ptimo D\u00eda - Divisi\u00f3n Interamericana\",\"description\":\"\",\"potentialAction\":[{\"@type\":\"SearchAction\",\"target\":{\"@type\":\"EntryPoint\",\"urlTemplate\":\"https:\\\/\\\/interamerica.org\\\/es\\\/?s={search_term_string}\"},\"query-input\":{\"@type\":\"PropertyValueSpecification\",\"valueRequired\":true,\"valueName\":\"search_term_string\"}}],\"inLanguage\":\"es\"},{\"@type\":\"Person\",\"@id\":\"https:\\\/\\\/interamerica.org\\\/es\\\/#\\\/schema\\\/person\\\/29998f2bc2d8bd0d38662909289b54f1\",\"name\":\"libna\",\"image\":{\"@type\":\"ImageObject\",\"inLanguage\":\"es\",\"@id\":\"https:\\\/\\\/secure.gravatar.com\\\/avatar\\\/7c5bd30ae4b47a9ba3c856590957fd1d96dc588bf3ac05719d247e126840331f?s=96&d=mm&r=g\",\"url\":\"https:\\\/\\\/secure.gravatar.com\\\/avatar\\\/7c5bd30ae4b47a9ba3c856590957fd1d96dc588bf3ac05719d247e126840331f?s=96&d=mm&r=g\",\"contentUrl\":\"https:\\\/\\\/secure.gravatar.com\\\/avatar\\\/7c5bd30ae4b47a9ba3c856590957fd1d96dc588bf3ac05719d247e126840331f?s=96&d=mm&r=g\",\"caption\":\"libna\"}}]}<\/script>\n<!-- \/ Yoast SEO plugin. -->","yoast_head_json":{"title":"Al rescate de vidas cuando la cat\u00e1strofe golpe\u00f3 de cerca - Iglesia Adventista del S\u00e9ptimo D\u00eda - Divisi\u00f3n Interamericana","robots":{"index":"index","follow":"follow","max-snippet":"max-snippet:-1","max-image-preview":"max-image-preview:large","max-video-preview":"max-video-preview:-1"},"canonical":"https:\/\/interamerica.org\/es\/2026\/09\/al-rescate-de-vidas-cuando-la-catastrofe-golpeo-de-cerca\/","og_locale":"es_ES","og_type":"article","og_title":"Al rescate de vidas cuando la cat\u00e1strofe golpe\u00f3 de cerca - Iglesia Adventista del S\u00e9ptimo D\u00eda - Divisi\u00f3n Interamericana","og_description":"El capit\u00e1n rescatista adventista, Robinson Navarro, reflexiona sobre vidas salvadas, p\u00e9rdidas dolorosas y la fe que lo sostuvo tras el terremoto en Venezuela. 3 de septiembre de 2026 | Caracas,...","og_url":"https:\/\/interamerica.org\/es\/2026\/09\/al-rescate-de-vidas-cuando-la-catastrofe-golpeo-de-cerca\/","og_site_name":"Iglesia Adventista del S\u00e9ptimo D\u00eda - Divisi\u00f3n Interamericana","article_published_time":"2026-09-03T13:57:48+00:00","og_image":[{"width":1000,"height":667,"url":"https:\/\/interamerica.org\/wp-content\/uploads\/2026\/09\/robinsonnavarro-earthquake-portrait-evau.jpg","type":"image\/jpeg"}],"author":"libna","twitter_card":"summary_large_image","twitter_misc":{"Escrito por":"libna","Tiempo de lectura":"7 minutos"},"schema":{"@context":"https:\/\/schema.org","@graph":[{"@type":"Article","@id":"https:\/\/interamerica.org\/es\/2026\/09\/al-rescate-de-vidas-cuando-la-catastrofe-golpeo-de-cerca\/#article","isPartOf":{"@id":"https:\/\/interamerica.org\/es\/2026\/09\/al-rescate-de-vidas-cuando-la-catastrofe-golpeo-de-cerca\/"},"author":{"name":"libna","@id":"https:\/\/interamerica.org\/es\/#\/schema\/person\/29998f2bc2d8bd0d38662909289b54f1"},"headline":"Al rescate de vidas cuando la cat\u00e1strofe golpe\u00f3 de cerca","datePublished":"2026-09-03T13:57:48+00:00","mainEntityOfPage":{"@id":"https:\/\/interamerica.org\/es\/2026\/09\/al-rescate-de-vidas-cuando-la-catastrofe-golpeo-de-cerca\/"},"wordCount":1457,"image":{"@id":"https:\/\/interamerica.org\/es\/2026\/09\/al-rescate-de-vidas-cuando-la-catastrofe-golpeo-de-cerca\/#primaryimage"},"thumbnailUrl":"https:\/\/interamerica.org\/wp-content\/uploads\/2026\/09\/robinsonnavarro-earthquake-portrait-evau.jpg","articleSection":["Desde la sede","RSS Espa\u00f1ol"],"inLanguage":"es"},{"@type":"WebPage","@id":"https:\/\/interamerica.org\/es\/2026\/09\/al-rescate-de-vidas-cuando-la-catastrofe-golpeo-de-cerca\/","url":"https:\/\/interamerica.org\/es\/2026\/09\/al-rescate-de-vidas-cuando-la-catastrofe-golpeo-de-cerca\/","name":"Al rescate de vidas cuando la cat\u00e1strofe golpe\u00f3 de cerca - Iglesia Adventista del S\u00e9ptimo D\u00eda - Divisi\u00f3n Interamericana","isPartOf":{"@id":"https:\/\/interamerica.org\/es\/#website"},"primaryImageOfPage":{"@id":"https:\/\/interamerica.org\/es\/2026\/09\/al-rescate-de-vidas-cuando-la-catastrofe-golpeo-de-cerca\/#primaryimage"},"image":{"@id":"https:\/\/interamerica.org\/es\/2026\/09\/al-rescate-de-vidas-cuando-la-catastrofe-golpeo-de-cerca\/#primaryimage"},"thumbnailUrl":"https:\/\/interamerica.org\/wp-content\/uploads\/2026\/09\/robinsonnavarro-earthquake-portrait-evau.jpg","datePublished":"2026-09-03T13:57:48+00:00","author":{"@id":"https:\/\/interamerica.org\/es\/#\/schema\/person\/29998f2bc2d8bd0d38662909289b54f1"},"breadcrumb":{"@id":"https:\/\/interamerica.org\/es\/2026\/09\/al-rescate-de-vidas-cuando-la-catastrofe-golpeo-de-cerca\/#breadcrumb"},"inLanguage":"es","potentialAction":[{"@type":"ReadAction","target":["https:\/\/interamerica.org\/es\/2026\/09\/al-rescate-de-vidas-cuando-la-catastrofe-golpeo-de-cerca\/"]}]},{"@type":"ImageObject","inLanguage":"es","@id":"https:\/\/interamerica.org\/es\/2026\/09\/al-rescate-de-vidas-cuando-la-catastrofe-golpeo-de-cerca\/#primaryimage","url":"https:\/\/interamerica.org\/wp-content\/uploads\/2026\/09\/robinsonnavarro-earthquake-portrait-evau.jpg","contentUrl":"https:\/\/interamerica.org\/wp-content\/uploads\/2026\/09\/robinsonnavarro-earthquake-portrait-evau.jpg","width":1000,"height":667,"caption":"El capit\u00e1n Robinson Navarro, de la Divisi\u00f3n de Rescate y Operaciones Especiales del Departamento de Bomberos de Caracas, aparence frente a un edificio destruido por el terremoto de La Guaira, Venezuela. Navarro, que ha sido rescatista durante 18 a\u00f1os y anciano en la iglesia adventista Central en Carayaca, trabaj\u00f3 entre los escombros desde el primer d\u00eda de la cat\u00e1strofe. [Fotograf\u00eda: Elisamuel Devis]."},{"@type":"BreadcrumbList","@id":"https:\/\/interamerica.org\/es\/2026\/09\/al-rescate-de-vidas-cuando-la-catastrofe-golpeo-de-cerca\/#breadcrumb","itemListElement":[{"@type":"ListItem","position":1,"name":"Home","item":"https:\/\/interamerica.org\/es\/"},{"@type":"ListItem","position":2,"name":"Al rescate de vidas cuando la cat\u00e1strofe golpe\u00f3 de cerca"}]},{"@type":"WebSite","@id":"https:\/\/interamerica.org\/es\/#website","url":"https:\/\/interamerica.org\/es\/","name":"Iglesia Adventista del S\u00e9ptimo D\u00eda - Divisi\u00f3n Interamericana","description":"","potentialAction":[{"@type":"SearchAction","target":{"@type":"EntryPoint","urlTemplate":"https:\/\/interamerica.org\/es\/?s={search_term_string}"},"query-input":{"@type":"PropertyValueSpecification","valueRequired":true,"valueName":"search_term_string"}}],"inLanguage":"es"},{"@type":"Person","@id":"https:\/\/interamerica.org\/es\/#\/schema\/person\/29998f2bc2d8bd0d38662909289b54f1","name":"libna","image":{"@type":"ImageObject","inLanguage":"es","@id":"https:\/\/secure.gravatar.com\/avatar\/7c5bd30ae4b47a9ba3c856590957fd1d96dc588bf3ac05719d247e126840331f?s=96&d=mm&r=g","url":"https:\/\/secure.gravatar.com\/avatar\/7c5bd30ae4b47a9ba3c856590957fd1d96dc588bf3ac05719d247e126840331f?s=96&d=mm&r=g","contentUrl":"https:\/\/secure.gravatar.com\/avatar\/7c5bd30ae4b47a9ba3c856590957fd1d96dc588bf3ac05719d247e126840331f?s=96&d=mm&r=g","caption":"libna"}}]}},"_links":{"self":[{"href":"https:\/\/interamerica.org\/es\/wp-json\/wp\/v2\/posts\/148222","targetHints":{"allow":["GET"]}}],"collection":[{"href":"https:\/\/interamerica.org\/es\/wp-json\/wp\/v2\/posts"}],"about":[{"href":"https:\/\/interamerica.org\/es\/wp-json\/wp\/v2\/types\/post"}],"author":[{"embeddable":true,"href":"https:\/\/interamerica.org\/es\/wp-json\/wp\/v2\/users\/3"}],"replies":[{"embeddable":true,"href":"https:\/\/interamerica.org\/es\/wp-json\/wp\/v2\/comments?post=148222"}],"version-history":[{"count":4,"href":"https:\/\/interamerica.org\/es\/wp-json\/wp\/v2\/posts\/148222\/revisions"}],"predecessor-version":[{"id":148320,"href":"https:\/\/interamerica.org\/es\/wp-json\/wp\/v2\/posts\/148222\/revisions\/148320"}],"wp:featuredmedia":[{"embeddable":true,"href":"https:\/\/interamerica.org\/es\/wp-json\/wp\/v2\/media\/148223"}],"wp:attachment":[{"href":"https:\/\/interamerica.org\/es\/wp-json\/wp\/v2\/media?parent=148222"}],"wp:term":[{"taxonomy":"category","embeddable":true,"href":"https:\/\/interamerica.org\/es\/wp-json\/wp\/v2\/categories?post=148222"},{"taxonomy":"post_tag","embeddable":true,"href":"https:\/\/interamerica.org\/es\/wp-json\/wp\/v2\/tags?post=148222"}],"curies":[{"name":"wp","href":"https:\/\/api.w.org\/{rel}","templated":true}]}}