{"id":148252,"date":"2026-09-01T14:44:30","date_gmt":"2026-09-01T18:44:30","guid":{"rendered":"https:\/\/interamerica.org\/?p=148252"},"modified":"2026-08-31T09:01:44","modified_gmt":"2026-08-31T13:01:44","slug":"universidad-adventista-preserva-decadas-de-historias-de-estudiantes-misioneros","status":"publish","type":"post","link":"https:\/\/interamerica.org\/es\/2026\/09\/universidad-adventista-preserva-decadas-de-historias-de-estudiantes-misioneros\/","title":{"rendered":"Universidad adventista preserva d\u00e9cadas de historias de estudiantes misioneros"},"content":{"rendered":"<p><em>Memorias vivientes en la Universidad Southern busca poner estos testimonios a disposici\u00f3n de las siguientes generaciones.<\/em><\/p>\n<p>31 de agosto de 2026 | Collegedale, Tennessee, Estados Unidos\u00a0 | Chehalis Eno, Universidad Adventista Southern<\/p>\n<p>Durante casi seis d\u00e9cadas, los estudiantes de la Universidad Adventista Southern han respondido a llamados para prestar sus servicios como estudiantes misioneros en todo el mundo. Ahora, gracias a un reciente proyecto de la Biblioteca McKee llamado <em>Living Memoirs (Memorias vivientes): Una Colecci\u00f3n Oral de Historias, <\/em>sus historias est\u00e1n siendo preservadas para las generaciones futuras.<\/p>\n<p>Esta iniciativa recoge testimonios de primera mano de estudiantes misioneros de la Universidad Southern, que se remontan al inicio de este programa en 1967, incluyendo las alegr\u00edas, desaf\u00edos y crecimiento espiritual que son el resultado de compartir el amor de Cristo en otras culturas.<\/p>\n<p class=\"c-post-header__subtitle\"><em>\u00a0 \u00a0<\/em><\/p>\n<p><div id=\"attachment_148169\" style=\"width: 944px\" class=\"wp-caption aligncenter\"><img fetchpriority=\"high\" decoding=\"async\" aria-describedby=\"caption-attachment-148169\" class=\" wp-image-148169\" src=\"https:\/\/interamerica.org\/wp-content\/uploads\/2026\/08\/sau-1-17-1200x0-c-default-1024x683.jpg\" alt=\"\" width=\"934\" height=\"623\" srcset=\"https:\/\/interamerica.org\/wp-content\/uploads\/2026\/08\/sau-1-17-1200x0-c-default-1024x683.jpg 1024w, https:\/\/interamerica.org\/wp-content\/uploads\/2026\/08\/sau-1-17-1200x0-c-default-300x200.jpg 300w, https:\/\/interamerica.org\/wp-content\/uploads\/2026\/08\/sau-1-17-1200x0-c-default-768x512.jpg 768w, https:\/\/interamerica.org\/wp-content\/uploads\/2026\/08\/sau-1-17-1200x0-c-default.jpg 1200w\" sizes=\"(max-width: 934px) 100vw, 934px\" \/><p id=\"caption-attachment-148169\" class=\"wp-caption-text\">Misiones de estudiantes en servicio vespertino de la Universidad Adventista Southern. [Imagen: Universidad Adventista Southern]<\/p><\/div>\u201cNuestro deseo era permitir que nuestros estudiantes y exalumnos contaran aut\u00e9nticamente, en sus propias palabras, sus experiencias en el campo misionero\u201d, explica Bethany Thornton Howard, bibliotecaria de servicios p\u00fablicos, quien dirigi\u00f3 el proyecto.<\/p>\n<p>Bajo la orientaci\u00f3n de la bibliotecaria Howard y con el apoyo t\u00e9cnico de la bibliotecaria de servicios de investigaci\u00f3n, Jessica Spears, docenas de misioneros fueron entrevistados por los ayudantes de investigaci\u00f3n de posgrado, Ali Leonor y Savanna Gregory Stowell, en un esfuerzo por crear una colecci\u00f3n que subraya la forma como el servicio misionero moldea la vida, fe y llamados de aquellos que participan.<\/p>\n<p><strong>Siendo transformados<\/strong><\/p>\n<p>Las entrevistas captan relatos profundamente personales de exmisioneros, muchos de los cuales atribuyen a esas experiencias el cr\u00e9dito de haber logrado profundizar su fe y de haberlos situado en el sendero de la labor misionera de por vida, o de carreras orientadas hacia el servicio.<\/p>\n<p>Harry Nelson, quien gradu\u00f3 de la Universidad Southern en 1970 y cuya historia es una de las m\u00e1s tempranas de la colecci\u00f3n, le concede al tiempo pasado como misionero en Borneo el cr\u00e9dito por haber trazado el camino a seguir de su vida entera.<\/p>\n<p>\u201cLa rica experiencia que tuve . . . fue solo un pelda\u00f1o en la experiencia de no solamente gozar de una carrera profesional como m\u00e9dico misionero; sino tambi\u00e9n la de apoyar nuestra obra mundial adventista del s\u00e9ptimo d\u00eda\u201d, dice. Valoro mis experiencias de estudiante misionero como b\u00e1sicas y esenciales\u201d.<\/p>\n<p>Marty Miller, quien gradu\u00f3 en 1983, acept\u00f3 un llamado para ense\u00f1ar en Majuro, en las Islas \u00a0Marshall, durante los primeros a\u00f1os de la d\u00e9cada de 1980. Recuerda bien la diversidad de habilidades de aprendizaje en una de las aulas. \u201dEra abrumador\u201d, recuerda. \u201cLa ense\u00f1anza no era f\u00e1cil, pero fue una de las mejores experiencias de mi vida\u201d. Y acredita su carrera en educaci\u00f3n a su experiencia formativa en Majuro.<\/p>\n<div id=\"attachment_148170\" style=\"width: 906px\" class=\"wp-caption aligncenter\"><img decoding=\"async\" aria-describedby=\"caption-attachment-148170\" class=\" wp-image-148170\" src=\"https:\/\/interamerica.org\/wp-content\/uploads\/2026\/08\/sau-kasey-castellanos-1024x681.png\" alt=\"\" width=\"896\" height=\"596\" srcset=\"https:\/\/interamerica.org\/wp-content\/uploads\/2026\/08\/sau-kasey-castellanos-1024x681.png 1024w, https:\/\/interamerica.org\/wp-content\/uploads\/2026\/08\/sau-kasey-castellanos-300x200.png 300w, https:\/\/interamerica.org\/wp-content\/uploads\/2026\/08\/sau-kasey-castellanos-768x511.png 768w, https:\/\/interamerica.org\/wp-content\/uploads\/2026\/08\/sau-kasey-castellanos-1536x1022.png 1536w, https:\/\/interamerica.org\/wp-content\/uploads\/2026\/08\/sau-kasey-castellanos.png 1855w\" sizes=\"(max-width: 896px) 100vw, 896px\" \/><p id=\"caption-attachment-148170\" class=\"wp-caption-text\">Kasey Castellanos (derecha) en Bolivia. [Imagen: Universidad Adventista Southern]<\/p><\/div>\n<p class=\"wp-block-paragraph\">\u00a0\u00a0[\/caption]Casi una d\u00e9cada m\u00e1s tarde, Lori Pettibone Futcher ense\u00f1\u00f3 en la misma escuela que Marty Miller y su experiencia en la isla le provey\u00f3 lecciones para toda la vida. \u201cFue para m\u00ed una oportunidad para realmente crecer y madurar\u201d, explica. \u201cConsolid\u00f3 en m\u00ed la convicci\u00f3n de que Dios ten\u00eda un prop\u00f3sito para mi vida y comenc\u00e9 a comprender m\u00e1s acerca de escuchar al Esp\u00edritu Santo\u201d.<\/p>\n<p><strong>Transformando vidas hoy<\/strong><\/p>\n<p>La colecci\u00f3n incluye tambi\u00e9n voces m\u00e1s recientes, tales como la de Kasey Castellanos, quien gradu\u00f3 en 2026. Muy temprano en su vida sufri\u00f3 el fallecimiento de su hermano menor debido a complicaciones m\u00e9dicas, lo cual impuso un gran peso en su vida espiritual. Aunque pudo reconectarse con Dios durante la escuela secundaria, todav\u00eda sent\u00eda que algo estaba faltando. Un a\u00f1o de experiencia misionera al comenzar su \u00a0experiencia universitaria lo cambi\u00f3 todo. Al prestar sus servicios en Familia Feliz, una escuela boliviana con internado para ni\u00f1os hu\u00e9rfanos o v\u00edctimas de abuso, aprendi\u00f3 a depender totalmente de Dios.<\/p>\n<p>\u201cHubo d\u00edas en que me sent\u00eda tan extenuada f\u00edsica, emocional y mentalmente, que ten\u00eda que pedirle a Dios que me diera fuerzas para jugar con los peque\u00f1os del jard\u00edn de infantes durante horas\u201d, relata. \u201cEs mucho m\u00e1s f\u00e1cil pedirle a Dios ayuda y fortaleza ahora que cuando me fui al extranjero\u201d.<\/p>\n<p>Para Kasey Castellanos, algunos de los momentos m\u00e1s significativos ocurrieron al formar s\u00f3lidas conexiones con los ni\u00f1os. \u201cUna estudiante me dijo que nunca hab\u00eda sentido que tuviera buena relaci\u00f3n con alguien en el personal hasta que me conoci\u00f3\u201d, recuerda. Fue entonces cuando me di cuenta de que mi tiempo en Bolivia no era en vano. Mis l\u00e1grimas y risas eran todas parte de la bondad de Dios us\u00e1ndome para bendecir a esos ni\u00f1os\u201d.<\/p>\n<p><strong>Mantener vivo el latido espiritual<\/strong><\/p>\n<p>Las entrevistas en <em>Memorias Vivientes: Una Colecci\u00f3n Oral de Historias <\/em>est\u00e1n siendo preservadas a trav\u00e9s de grabaciones de audio y transcripciones, las cuales ofrecen una vislumbre inspiradora de la tradici\u00f3n misionera de la Universidad Southern, garantizando que esas experiencias contin\u00faen ejerciendo un impacto en las generaciones futuras.<\/p>\n<p><em>La <\/em><a href=\"https:\/\/www.southern.edu\/news\/2026-08-05-livingmemoirs.html\"><em>versi\u00f3n original <\/em><\/a><em>de esta noticia la public\u00f3 la Universidad Adventista Southern en su <\/em><a href=\"https:\/\/www.southern.edu\/news\"><em>sitio de noticias<\/em><\/a>.<\/p>\n<p>Traducci\u00f3n \u2013 Gloria A. Castrej\u00f3n<\/p>\n<p class=\"wp-block-paragraph\">\n","protected":false},"excerpt":{"rendered":"<p>Memorias vivientes en la Universidad Southern busca poner estos testimonios a disposici\u00f3n de las siguientes generaciones. 31 de agosto de 2026 | Collegedale, Tennessee, Estados Unidos\u00a0 | Chehalis Eno, Universidad&#8230;<\/p>\n","protected":false},"author":3,"featured_media":148253,"comment_status":"closed","ping_status":"closed","sticky":false,"template":"","format":"standard","meta":{"_acf_changed":false,"footnotes":""},"categories":[14,15],"tags":[],"class_list":["post-148252","post","type-post","status-publish","format-standard","has-post-thumbnail","hentry","category-de-la-iglesia-mundial","category-rss-espanol"],"acf":[],"yoast_head":"<!-- This site is optimized with the Yoast SEO plugin v28.1 - https:\/\/yoast.com\/product\/yoast-seo-wordpress\/ -->\n<title>Universidad adventista preserva d\u00e9cadas de historias de estudiantes misioneros - Iglesia Adventista del S\u00e9ptimo D\u00eda - Divisi\u00f3n Interamericana<\/title>\n<meta name=\"robots\" content=\"index, follow, max-snippet:-1, max-image-preview:large, max-video-preview:-1\" \/>\n<link rel=\"canonical\" href=\"https:\/\/interamerica.org\/es\/2026\/09\/universidad-adventista-preserva-decadas-de-historias-de-estudiantes-misioneros\/\" \/>\n<meta property=\"og:locale\" content=\"es_ES\" \/>\n<meta property=\"og:type\" content=\"article\" \/>\n<meta property=\"og:title\" content=\"Universidad adventista preserva d\u00e9cadas de historias de estudiantes misioneros - Iglesia Adventista del S\u00e9ptimo D\u00eda - Divisi\u00f3n Interamericana\" \/>\n<meta property=\"og:description\" content=\"Memorias vivientes en la Universidad Southern busca poner estos testimonios a disposici\u00f3n de las siguientes generaciones. 31 de agosto de 2026 | Collegedale, Tennessee, Estados Unidos\u00a0 | Chehalis Eno, Universidad...\" \/>\n<meta property=\"og:url\" content=\"https:\/\/interamerica.org\/es\/2026\/09\/universidad-adventista-preserva-decadas-de-historias-de-estudiantes-misioneros\/\" \/>\n<meta property=\"og:site_name\" content=\"Iglesia Adventista del S\u00e9ptimo D\u00eda - Divisi\u00f3n Interamericana\" \/>\n<meta property=\"article:published_time\" content=\"2026-09-01T18:44:30+00:00\" \/>\n<meta property=\"og:image\" content=\"https:\/\/interamerica.org\/wp-content\/uploads\/2026\/08\/sau-1-17-1200x0-c-default.jpg\" \/>\n\t<meta property=\"og:image:width\" content=\"1200\" \/>\n\t<meta property=\"og:image:height\" content=\"800\" \/>\n\t<meta property=\"og:image:type\" content=\"image\/jpeg\" \/>\n<meta name=\"author\" content=\"libna\" \/>\n<meta name=\"twitter:card\" content=\"summary_large_image\" \/>\n<meta name=\"twitter:label1\" content=\"Escrito por\" \/>\n\t<meta name=\"twitter:data1\" content=\"libna\" \/>\n\t<meta name=\"twitter:label2\" content=\"Tiempo de lectura\" \/>\n\t<meta name=\"twitter:data2\" content=\"5 minutos\" \/>\n<script type=\"application\/ld+json\" class=\"yoast-schema-graph\">{\"@context\":\"https:\\\/\\\/schema.org\",\"@graph\":[{\"@type\":\"Article\",\"@id\":\"https:\\\/\\\/interamerica.org\\\/es\\\/2026\\\/09\\\/universidad-adventista-preserva-decadas-de-historias-de-estudiantes-misioneros\\\/#article\",\"isPartOf\":{\"@id\":\"https:\\\/\\\/interamerica.org\\\/es\\\/2026\\\/09\\\/universidad-adventista-preserva-decadas-de-historias-de-estudiantes-misioneros\\\/\"},\"author\":{\"name\":\"libna\",\"@id\":\"https:\\\/\\\/interamerica.org\\\/es\\\/#\\\/schema\\\/person\\\/29998f2bc2d8bd0d38662909289b54f1\"},\"headline\":\"Universidad adventista preserva d\u00e9cadas de historias de estudiantes misioneros\",\"datePublished\":\"2026-09-01T18:44:30+00:00\",\"mainEntityOfPage\":{\"@id\":\"https:\\\/\\\/interamerica.org\\\/es\\\/2026\\\/09\\\/universidad-adventista-preserva-decadas-de-historias-de-estudiantes-misioneros\\\/\"},\"wordCount\":905,\"image\":{\"@id\":\"https:\\\/\\\/interamerica.org\\\/es\\\/2026\\\/09\\\/universidad-adventista-preserva-decadas-de-historias-de-estudiantes-misioneros\\\/#primaryimage\"},\"thumbnailUrl\":\"https:\\\/\\\/interamerica.org\\\/wp-content\\\/uploads\\\/2026\\\/08\\\/sau-1-17-1200x0-c-default.jpg\",\"articleSection\":[\"Desde la iglesia mundial\",\"RSS Espa\u00f1ol\"],\"inLanguage\":\"es\"},{\"@type\":\"WebPage\",\"@id\":\"https:\\\/\\\/interamerica.org\\\/es\\\/2026\\\/09\\\/universidad-adventista-preserva-decadas-de-historias-de-estudiantes-misioneros\\\/\",\"url\":\"https:\\\/\\\/interamerica.org\\\/es\\\/2026\\\/09\\\/universidad-adventista-preserva-decadas-de-historias-de-estudiantes-misioneros\\\/\",\"name\":\"Universidad adventista preserva d\u00e9cadas de historias de estudiantes misioneros - Iglesia Adventista del S\u00e9ptimo D\u00eda - Divisi\u00f3n Interamericana\",\"isPartOf\":{\"@id\":\"https:\\\/\\\/interamerica.org\\\/es\\\/#website\"},\"primaryImageOfPage\":{\"@id\":\"https:\\\/\\\/interamerica.org\\\/es\\\/2026\\\/09\\\/universidad-adventista-preserva-decadas-de-historias-de-estudiantes-misioneros\\\/#primaryimage\"},\"image\":{\"@id\":\"https:\\\/\\\/interamerica.org\\\/es\\\/2026\\\/09\\\/universidad-adventista-preserva-decadas-de-historias-de-estudiantes-misioneros\\\/#primaryimage\"},\"thumbnailUrl\":\"https:\\\/\\\/interamerica.org\\\/wp-content\\\/uploads\\\/2026\\\/08\\\/sau-1-17-1200x0-c-default.jpg\",\"datePublished\":\"2026-09-01T18:44:30+00:00\",\"author\":{\"@id\":\"https:\\\/\\\/interamerica.org\\\/es\\\/#\\\/schema\\\/person\\\/29998f2bc2d8bd0d38662909289b54f1\"},\"breadcrumb\":{\"@id\":\"https:\\\/\\\/interamerica.org\\\/es\\\/2026\\\/09\\\/universidad-adventista-preserva-decadas-de-historias-de-estudiantes-misioneros\\\/#breadcrumb\"},\"inLanguage\":\"es\",\"potentialAction\":[{\"@type\":\"ReadAction\",\"target\":[\"https:\\\/\\\/interamerica.org\\\/es\\\/2026\\\/09\\\/universidad-adventista-preserva-decadas-de-historias-de-estudiantes-misioneros\\\/\"]}]},{\"@type\":\"ImageObject\",\"inLanguage\":\"es\",\"@id\":\"https:\\\/\\\/interamerica.org\\\/es\\\/2026\\\/09\\\/universidad-adventista-preserva-decadas-de-historias-de-estudiantes-misioneros\\\/#primaryimage\",\"url\":\"https:\\\/\\\/interamerica.org\\\/wp-content\\\/uploads\\\/2026\\\/08\\\/sau-1-17-1200x0-c-default.jpg\",\"contentUrl\":\"https:\\\/\\\/interamerica.org\\\/wp-content\\\/uploads\\\/2026\\\/08\\\/sau-1-17-1200x0-c-default.jpg\",\"width\":1200,\"height\":800,\"caption\":\"Misiones de estudiantes en servicio vespertino de la Universidad Adventista Southern. [Imagen: Universidad Adventista Southern]\"},{\"@type\":\"BreadcrumbList\",\"@id\":\"https:\\\/\\\/interamerica.org\\\/es\\\/2026\\\/09\\\/universidad-adventista-preserva-decadas-de-historias-de-estudiantes-misioneros\\\/#breadcrumb\",\"itemListElement\":[{\"@type\":\"ListItem\",\"position\":1,\"name\":\"Home\",\"item\":\"https:\\\/\\\/interamerica.org\\\/es\\\/\"},{\"@type\":\"ListItem\",\"position\":2,\"name\":\"Universidad adventista preserva d\u00e9cadas de historias de estudiantes misioneros\"}]},{\"@type\":\"WebSite\",\"@id\":\"https:\\\/\\\/interamerica.org\\\/es\\\/#website\",\"url\":\"https:\\\/\\\/interamerica.org\\\/es\\\/\",\"name\":\"Iglesia Adventista del S\u00e9ptimo D\u00eda - Divisi\u00f3n Interamericana\",\"description\":\"\",\"potentialAction\":[{\"@type\":\"SearchAction\",\"target\":{\"@type\":\"EntryPoint\",\"urlTemplate\":\"https:\\\/\\\/interamerica.org\\\/es\\\/?s={search_term_string}\"},\"query-input\":{\"@type\":\"PropertyValueSpecification\",\"valueRequired\":true,\"valueName\":\"search_term_string\"}}],\"inLanguage\":\"es\"},{\"@type\":\"Person\",\"@id\":\"https:\\\/\\\/interamerica.org\\\/es\\\/#\\\/schema\\\/person\\\/29998f2bc2d8bd0d38662909289b54f1\",\"name\":\"libna\",\"image\":{\"@type\":\"ImageObject\",\"inLanguage\":\"es\",\"@id\":\"https:\\\/\\\/secure.gravatar.com\\\/avatar\\\/7c5bd30ae4b47a9ba3c856590957fd1d96dc588bf3ac05719d247e126840331f?s=96&d=mm&r=g\",\"url\":\"https:\\\/\\\/secure.gravatar.com\\\/avatar\\\/7c5bd30ae4b47a9ba3c856590957fd1d96dc588bf3ac05719d247e126840331f?s=96&d=mm&r=g\",\"contentUrl\":\"https:\\\/\\\/secure.gravatar.com\\\/avatar\\\/7c5bd30ae4b47a9ba3c856590957fd1d96dc588bf3ac05719d247e126840331f?s=96&d=mm&r=g\",\"caption\":\"libna\"}}]}<\/script>\n<!-- \/ Yoast SEO plugin. -->","yoast_head_json":{"title":"Universidad adventista preserva d\u00e9cadas de historias de estudiantes misioneros - Iglesia Adventista del S\u00e9ptimo D\u00eda - Divisi\u00f3n Interamericana","robots":{"index":"index","follow":"follow","max-snippet":"max-snippet:-1","max-image-preview":"max-image-preview:large","max-video-preview":"max-video-preview:-1"},"canonical":"https:\/\/interamerica.org\/es\/2026\/09\/universidad-adventista-preserva-decadas-de-historias-de-estudiantes-misioneros\/","og_locale":"es_ES","og_type":"article","og_title":"Universidad adventista preserva d\u00e9cadas de historias de estudiantes misioneros - Iglesia Adventista del S\u00e9ptimo D\u00eda - Divisi\u00f3n Interamericana","og_description":"Memorias vivientes en la Universidad Southern busca poner estos testimonios a disposici\u00f3n de las siguientes generaciones. 31 de agosto de 2026 | Collegedale, Tennessee, Estados Unidos\u00a0 | Chehalis Eno, Universidad...","og_url":"https:\/\/interamerica.org\/es\/2026\/09\/universidad-adventista-preserva-decadas-de-historias-de-estudiantes-misioneros\/","og_site_name":"Iglesia Adventista del S\u00e9ptimo D\u00eda - Divisi\u00f3n Interamericana","article_published_time":"2026-09-01T18:44:30+00:00","og_image":[{"width":1200,"height":800,"url":"https:\/\/interamerica.org\/wp-content\/uploads\/2026\/08\/sau-1-17-1200x0-c-default.jpg","type":"image\/jpeg"}],"author":"libna","twitter_card":"summary_large_image","twitter_misc":{"Escrito por":"libna","Tiempo de lectura":"5 minutos"},"schema":{"@context":"https:\/\/schema.org","@graph":[{"@type":"Article","@id":"https:\/\/interamerica.org\/es\/2026\/09\/universidad-adventista-preserva-decadas-de-historias-de-estudiantes-misioneros\/#article","isPartOf":{"@id":"https:\/\/interamerica.org\/es\/2026\/09\/universidad-adventista-preserva-decadas-de-historias-de-estudiantes-misioneros\/"},"author":{"name":"libna","@id":"https:\/\/interamerica.org\/es\/#\/schema\/person\/29998f2bc2d8bd0d38662909289b54f1"},"headline":"Universidad adventista preserva d\u00e9cadas de historias de estudiantes misioneros","datePublished":"2026-09-01T18:44:30+00:00","mainEntityOfPage":{"@id":"https:\/\/interamerica.org\/es\/2026\/09\/universidad-adventista-preserva-decadas-de-historias-de-estudiantes-misioneros\/"},"wordCount":905,"image":{"@id":"https:\/\/interamerica.org\/es\/2026\/09\/universidad-adventista-preserva-decadas-de-historias-de-estudiantes-misioneros\/#primaryimage"},"thumbnailUrl":"https:\/\/interamerica.org\/wp-content\/uploads\/2026\/08\/sau-1-17-1200x0-c-default.jpg","articleSection":["Desde la iglesia mundial","RSS Espa\u00f1ol"],"inLanguage":"es"},{"@type":"WebPage","@id":"https:\/\/interamerica.org\/es\/2026\/09\/universidad-adventista-preserva-decadas-de-historias-de-estudiantes-misioneros\/","url":"https:\/\/interamerica.org\/es\/2026\/09\/universidad-adventista-preserva-decadas-de-historias-de-estudiantes-misioneros\/","name":"Universidad adventista preserva d\u00e9cadas de historias de estudiantes misioneros - Iglesia Adventista del S\u00e9ptimo D\u00eda - Divisi\u00f3n Interamericana","isPartOf":{"@id":"https:\/\/interamerica.org\/es\/#website"},"primaryImageOfPage":{"@id":"https:\/\/interamerica.org\/es\/2026\/09\/universidad-adventista-preserva-decadas-de-historias-de-estudiantes-misioneros\/#primaryimage"},"image":{"@id":"https:\/\/interamerica.org\/es\/2026\/09\/universidad-adventista-preserva-decadas-de-historias-de-estudiantes-misioneros\/#primaryimage"},"thumbnailUrl":"https:\/\/interamerica.org\/wp-content\/uploads\/2026\/08\/sau-1-17-1200x0-c-default.jpg","datePublished":"2026-09-01T18:44:30+00:00","author":{"@id":"https:\/\/interamerica.org\/es\/#\/schema\/person\/29998f2bc2d8bd0d38662909289b54f1"},"breadcrumb":{"@id":"https:\/\/interamerica.org\/es\/2026\/09\/universidad-adventista-preserva-decadas-de-historias-de-estudiantes-misioneros\/#breadcrumb"},"inLanguage":"es","potentialAction":[{"@type":"ReadAction","target":["https:\/\/interamerica.org\/es\/2026\/09\/universidad-adventista-preserva-decadas-de-historias-de-estudiantes-misioneros\/"]}]},{"@type":"ImageObject","inLanguage":"es","@id":"https:\/\/interamerica.org\/es\/2026\/09\/universidad-adventista-preserva-decadas-de-historias-de-estudiantes-misioneros\/#primaryimage","url":"https:\/\/interamerica.org\/wp-content\/uploads\/2026\/08\/sau-1-17-1200x0-c-default.jpg","contentUrl":"https:\/\/interamerica.org\/wp-content\/uploads\/2026\/08\/sau-1-17-1200x0-c-default.jpg","width":1200,"height":800,"caption":"Misiones de estudiantes en servicio vespertino de la Universidad Adventista Southern. [Imagen: Universidad Adventista Southern]"},{"@type":"BreadcrumbList","@id":"https:\/\/interamerica.org\/es\/2026\/09\/universidad-adventista-preserva-decadas-de-historias-de-estudiantes-misioneros\/#breadcrumb","itemListElement":[{"@type":"ListItem","position":1,"name":"Home","item":"https:\/\/interamerica.org\/es\/"},{"@type":"ListItem","position":2,"name":"Universidad adventista preserva d\u00e9cadas de historias de estudiantes misioneros"}]},{"@type":"WebSite","@id":"https:\/\/interamerica.org\/es\/#website","url":"https:\/\/interamerica.org\/es\/","name":"Iglesia Adventista del S\u00e9ptimo D\u00eda - Divisi\u00f3n Interamericana","description":"","potentialAction":[{"@type":"SearchAction","target":{"@type":"EntryPoint","urlTemplate":"https:\/\/interamerica.org\/es\/?s={search_term_string}"},"query-input":{"@type":"PropertyValueSpecification","valueRequired":true,"valueName":"search_term_string"}}],"inLanguage":"es"},{"@type":"Person","@id":"https:\/\/interamerica.org\/es\/#\/schema\/person\/29998f2bc2d8bd0d38662909289b54f1","name":"libna","image":{"@type":"ImageObject","inLanguage":"es","@id":"https:\/\/secure.gravatar.com\/avatar\/7c5bd30ae4b47a9ba3c856590957fd1d96dc588bf3ac05719d247e126840331f?s=96&d=mm&r=g","url":"https:\/\/secure.gravatar.com\/avatar\/7c5bd30ae4b47a9ba3c856590957fd1d96dc588bf3ac05719d247e126840331f?s=96&d=mm&r=g","contentUrl":"https:\/\/secure.gravatar.com\/avatar\/7c5bd30ae4b47a9ba3c856590957fd1d96dc588bf3ac05719d247e126840331f?s=96&d=mm&r=g","caption":"libna"}}]}},"_links":{"self":[{"href":"https:\/\/interamerica.org\/es\/wp-json\/wp\/v2\/posts\/148252","targetHints":{"allow":["GET"]}}],"collection":[{"href":"https:\/\/interamerica.org\/es\/wp-json\/wp\/v2\/posts"}],"about":[{"href":"https:\/\/interamerica.org\/es\/wp-json\/wp\/v2\/types\/post"}],"author":[{"embeddable":true,"href":"https:\/\/interamerica.org\/es\/wp-json\/wp\/v2\/users\/3"}],"replies":[{"embeddable":true,"href":"https:\/\/interamerica.org\/es\/wp-json\/wp\/v2\/comments?post=148252"}],"version-history":[{"count":3,"href":"https:\/\/interamerica.org\/es\/wp-json\/wp\/v2\/posts\/148252\/revisions"}],"predecessor-version":[{"id":148257,"href":"https:\/\/interamerica.org\/es\/wp-json\/wp\/v2\/posts\/148252\/revisions\/148257"}],"wp:featuredmedia":[{"embeddable":true,"href":"https:\/\/interamerica.org\/es\/wp-json\/wp\/v2\/media\/148253"}],"wp:attachment":[{"href":"https:\/\/interamerica.org\/es\/wp-json\/wp\/v2\/media?parent=148252"}],"wp:term":[{"taxonomy":"category","embeddable":true,"href":"https:\/\/interamerica.org\/es\/wp-json\/wp\/v2\/categories?post=148252"},{"taxonomy":"post_tag","embeddable":true,"href":"https:\/\/interamerica.org\/es\/wp-json\/wp\/v2\/tags?post=148252"}],"curies":[{"name":"wp","href":"https:\/\/api.w.org\/{rel}","templated":true}]}}