{"id":30127,"date":"2012-12-14T00:00:00","date_gmt":"2012-12-14T04:00:00","guid":{"rendered":"http:\/\/192.81.217.108\/interamerica\/2012\/12\/en-mongolia-las-ultimas-adquisiciones-dejan-bien-posicionada-a-la-iglesia\/"},"modified":"2012-12-14T00:00:00","modified_gmt":"2012-12-14T04:00:00","slug":"en-mongolia-las-ultimas-adquisiciones-dejan-bien-posicionada-a-la-iglesia","status":"publish","type":"post","link":"https:\/\/interamerica.org\/es\/2012\/12\/en-mongolia-las-ultimas-adquisiciones-dejan-bien-posicionada-a-la-iglesia\/","title":{"rendered":"En Mongolia, las \u00faltimas adquisiciones dejan bien posicionada a la iglesia"},"content":{"rendered":"<p>13 de diciembre de 2012 Ul\u00e1n Bator, Mongolia&#8230;Sarah Deblois y Ansel Oliver\/ANN<\/p>\n<p>El Territorio de la Misi\u00f3n de Mongolia de la Iglesia Adventista del S\u00e9ptimo D\u00eda adquiri\u00f3 cinco nuevas propiedades este a\u00f1o, lo que posiciona a la a\u00fan naciente iglesia en la regi\u00f3n para que expanda sus servicios comunitarios e infraestructura eclesi\u00e1stica.<\/p>\n<p>La denominaci\u00f3n, que solo se estableci\u00f3 en la era moderna en el pa\u00eds a comienzos de la d\u00e9cada de 1990, ahora cuenta con 24 congregaciones y cerca de dos mil miembros. Gracias al apoyo internacional, a recientes inversiones de capital en tierras, a los nuevos templos y a los planes de centros comunitarios, la iglesia est\u00e1 preparada para dar curso a planes misioneros m\u00e1s significativos y, esperan los directivos de la iglesia, el crecimiento de la feligres\u00eda.<\/p>\n<p>Esto llega en el momento justo, afirman. El costo de vida est\u00e1 comenzando a subir, a medida que la naci\u00f3n se embarca en el auge minero de sus recursos naturales, que a\u00fan no han sido explotados.<\/p>\n<div id=\"attachment_6335\" style=\"width: 325px\" class=\"wp-caption alignleft\"><a href=\"\/interamerica\/wp-content\/uploads\/2017\/06\/mongolia_building_1_full-315x237.jpg\" rel=\"fancybox\" title=\"En Mongolia, las \u00faltimas adquisiciones dejan bien posicionada a la iglesia\"><img fetchpriority=\"high\" decoding=\"async\" aria-describedby=\"caption-attachment-6335\" class=\"size-full wp-image-6335 \" src=\"\/interamerica\/wp-content\/uploads\/2017\/06\/mongolia_building_1_full-315x237.jpg\" alt=\"\" width=\"315\" height=\"236\" \/><\/a><p id=\"caption-attachment-6335\" class=\"wp-caption-text\">Personal del Territorio de la Misi\u00f3n de Mongolia con un edificio que adquirieron hace poco. Las nuevas propiedades de la iglesia est\u00e1n posicionando la denominaci\u00f3n en el pa\u00eds, permiti\u00e9ndole dar curso a nuevas oportunidades misioneras.<\/p><\/div>\n<p>\u201cMongolia tiene un futuro brillante, pero creemos que si no aprovechamos esta oportunidad de establecer nuestra instituci\u00f3n educativa y nuestros centros de salud, dentro de un tiempo podr\u00eda ser demasiado tarde\u201d, dijo Elbert Kuhn, director de este territorio eclesi\u00e1stico con sede en Ul\u00e1n Bator, la capital del pa\u00eds.<\/p>\n<p>Kuhn dijo que la Misi\u00f3n de Mongolia est\u00e1 planificando construir hasta quince centros comunitarios en el pa\u00eds durante los pr\u00f3ximos cuatro a\u00f1os.<\/p>\n<p>\u201cLa iglesia tiene que ser relevante no solo para sus miembros, sino tambi\u00e9n para la comunidad\u201d, dijo Kuhn. \u201cQueremos hacer una diferencia en el lugar donde estamos establecidos\u201d.<\/p>\n<p>Las actividades de evangelismo est\u00e1n poco a poco dando sus resultados. Una ceremonia de dedicaci\u00f3n de una iglesia adventista en la provincia de \u00d6v\u00f6rkhangai en octubre pasado marc\u00f3 la primera vez que una congregaci\u00f3n adventista fue organizada de manera oficial en el pa\u00eds en los \u00faltimos ocho a\u00f1os. Y el mes pr\u00f3ximo, se espera completar y tambi\u00e9n dedicar la iglesia adventista Maravillosa Gracia, en la capital del pa\u00eds.<\/p>\n<p>Este a\u00f1o, el campo misionero adquiri\u00f3 un terreno de seiscientos metros cuadrados en la provincia de Khentii, al este de la capital, y otro lote de quinientos metros cuadrados en la provincia de Arkhangai, al oeste de la misma ciudad. El territorio tambi\u00e9n adquiri\u00f3 un terreno y un edificio en Erdenet City, que es la segunda ciudad m\u00e1s populosa del pa\u00eds y la que cuenta con la mayor adquisici\u00f3n per c\u00e1pita. La ciudad alberga a varias f\u00e1bricas de importancia y es un centro de la miner\u00eda del cobre.<\/p>\n<p>La obra adventista entre el pueblo de Mongolia se inici\u00f3 en 1926 gracias a la obra de misioneros rusos que operaban desde Manchuria (China), seg\u00fan explica la Enciclopedia Adventista. Unos pocos a\u00f1os despu\u00e9s, un misionero estadounidense trabaj\u00f3 para establecer la sede de una misi\u00f3n y una cl\u00ednica. A fines de la d\u00e9cada de 1930 regres\u00f3 a los Estados Unidos, y m\u00e1s tarde, la Segunda Guerra Mundial impidi\u00f3 continuar con la obra en la regi\u00f3n.<\/p>\n<p>La obra adventista no fue restablecida en Mongolia hasta comienzos de la d\u00e9cada de 1990, despu\u00e9s de que llegara el fin del gobierno socialista, lo que signific\u00f3 la apertura del pa\u00eds a la expresi\u00f3n religiosa. Un grupo de voluntarios del ministerio de apoyo Adventist Frontiers Mission lleg\u00f3 a Mongolia en 1990, y el Territorio de la Misi\u00f3n de Mongolia de la Iglesia Adventista del S\u00e9ptimo D\u00eda fue organizado formalmente en 1997 bajo la administraci\u00f3n de la Divisi\u00f3n de Asia Pac\u00edfico Norte.<\/p>\n<p>El cristianismo es relativamente nuevo en Mongolia. Alrededor de la mitad de la poblaci\u00f3n del pa\u00eds es budista y m\u00e1s de un cuarto dice ser atea. Tambi\u00e9n est\u00e1n muy difundidas las creencias del chamanismo. A pesar de ello, en Mongolia, la sociedad actual es en gran medida secular, dijo Kuhn. Durante los a\u00f1os de influencia sovi\u00e9tica, el gobierno llev\u00f3 adelante campa\u00f1as para disuadir a los j\u00f3venes de la regi\u00f3n de que participaran en actividades religiosas. Esa influencia a\u00fan est\u00e1 presente en el pa\u00eds, dijo.<\/p>\n<p>Kuhn, que tiene 43 a\u00f1os, trabaj\u00f3 para la iglesia en Mongolia entre 2003 y 2009 antes de regresar a Brasil, de donde es originario. En enero, mientras trabajaba como secretario asociado de la Asociaci\u00f3n Ministerial de la Divisi\u00f3n Sudamericana, recibi\u00f3 un llamado para regresar y servir como director de la iglesia en Mongolia.<\/p>\n<p>Gran parte de los recientes desarrollos e inversiones, dijo Kuhn, son resultado de un trabajo conjunto entre la misi\u00f3n que preside y la Uni\u00f3n Australiana de la Iglesia Adventista. La nueva iglesia de Munkhinn Geree fue construida en gran medida sobre el fundamento de los cinco a\u00f1os de trabajo de un grupo de voluntarios de la Asociaci\u00f3n de Australia Occidental. A partir de 2006, ese territorio envi\u00f3 grupos de voluntarios que construyeron lugares de juegos para ni\u00f1os, organizaron deportes para los j\u00f3venes y presentaron charlas de salud y estudio de la Biblia.<\/p>\n<p>En la iglesia de Munkhinn Geree hay una asistencia semanal de unas sesenta personas, pero el templo tiene lugar para albergar a ciento veinte.<\/p>\n<p>Kuhn dijo que un constructor australiano se est\u00e1 ofreciendo como voluntario para ayudar a construir los futuros centros comunitarios, con financiaci\u00f3n adicional de parte de los donantes.<\/p>\n<p>Un paso futuro en el desarrollo de ese territorio ser\u00eda entregar el liderazgo a mongoles nativos, dice el brasile\u00f1o Kuhn. Su predecesor fue un australiano.<\/p>\n<p>\u201cQueremos hacer lo mejor que podamos para fortalecer a la iglesia, por medio de la preparaci\u00f3n de l\u00edderes locales que puedan hacerse cargo ellos mismos de la iglesia tan pronto como sea posible\u201d, concluy\u00f3.<\/p>\n<p><em>Traducci\u00f3n de Marcos Paseggi<\/em><\/p>\n","protected":false},"excerpt":{"rendered":"<p>El Territorio de la Misi\u00f3n de Mongolia de la Iglesia Adventista del S\u00e9ptimo D\u00eda adquiri\u00f3 cinco nuevas propiedades este a\u00f1o, lo que posiciona a la a\u00fan naciente iglesia en la regi\u00f3n para que expanda sus servicios comunitarios e infraestructura eclesi\u00e1stica.<\/p>\n","protected":false},"author":1,"featured_media":20694,"comment_status":"closed","ping_status":"closed","sticky":false,"template":"","format":"standard","meta":{"_acf_changed":false,"footnotes":""},"categories":[14],"tags":[],"class_list":["post-30127","post","type-post","status-publish","format-standard","has-post-thumbnail","hentry","category-de-la-iglesia-mundial"],"acf":[],"yoast_head":"<!-- This site is optimized with the Yoast SEO plugin v27.3 - https:\/\/yoast.com\/product\/yoast-seo-wordpress\/ -->\n<title>En Mongolia, las \u00faltimas adquisiciones dejan bien posicionada a la iglesia - Iglesia Adventista del S\u00e9ptimo D\u00eda - Divisi\u00f3n Interamericana<\/title>\n<meta name=\"robots\" content=\"index, follow, max-snippet:-1, max-image-preview:large, max-video-preview:-1\" \/>\n<link rel=\"canonical\" href=\"https:\/\/interamerica.org\/es\/2012\/12\/en-mongolia-las-ultimas-adquisiciones-dejan-bien-posicionada-a-la-iglesia\/\" \/>\n<meta property=\"og:locale\" content=\"es_ES\" \/>\n<meta property=\"og:type\" content=\"article\" \/>\n<meta property=\"og:title\" content=\"En Mongolia, las \u00faltimas adquisiciones dejan bien posicionada a la iglesia - Iglesia Adventista del S\u00e9ptimo D\u00eda - Divisi\u00f3n Interamericana\" \/>\n<meta property=\"og:description\" content=\"El Territorio de la Misi\u00f3n de Mongolia de la Iglesia Adventista del S\u00e9ptimo D\u00eda adquiri\u00f3 cinco nuevas propiedades este a\u00f1o, lo que posiciona a la a\u00fan naciente iglesia en la regi\u00f3n para que expanda sus servicios comunitarios e infraestructura eclesi\u00e1stica.\" \/>\n<meta property=\"og:url\" content=\"https:\/\/interamerica.org\/es\/2012\/12\/en-mongolia-las-ultimas-adquisiciones-dejan-bien-posicionada-a-la-iglesia\/\" \/>\n<meta property=\"og:site_name\" content=\"Iglesia Adventista del S\u00e9ptimo D\u00eda - Divisi\u00f3n Interamericana\" \/>\n<meta property=\"article:published_time\" content=\"2012-12-14T04:00:00+00:00\" \/>\n<meta property=\"og:image\" content=\"https:\/\/interamerica.org\/wp-content\/uploads\/2017\/06\/mongolia_building_1_full-315x237.jpg\" \/>\n\t<meta property=\"og:image:width\" content=\"315\" \/>\n\t<meta property=\"og:image:height\" content=\"236\" \/>\n\t<meta property=\"og:image:type\" content=\"image\/jpeg\" \/>\n<meta name=\"author\" content=\"Lorenzo Verduzco\" \/>\n<meta name=\"twitter:card\" content=\"summary_large_image\" \/>\n<meta name=\"twitter:label1\" content=\"Escrito por\" \/>\n\t<meta name=\"twitter:data1\" content=\"Lorenzo Verduzco\" \/>\n\t<meta name=\"twitter:label2\" content=\"Tiempo de lectura\" \/>\n\t<meta name=\"twitter:data2\" content=\"5 minutos\" \/>\n<script type=\"application\/ld+json\" class=\"yoast-schema-graph\">{\"@context\":\"https:\\\/\\\/schema.org\",\"@graph\":[{\"@type\":\"Article\",\"@id\":\"https:\\\/\\\/interamerica.org\\\/es\\\/2012\\\/12\\\/en-mongolia-las-ultimas-adquisiciones-dejan-bien-posicionada-a-la-iglesia\\\/#article\",\"isPartOf\":{\"@id\":\"https:\\\/\\\/interamerica.org\\\/es\\\/2012\\\/12\\\/en-mongolia-las-ultimas-adquisiciones-dejan-bien-posicionada-a-la-iglesia\\\/\"},\"author\":{\"name\":\"Lorenzo Verduzco\",\"@id\":\"https:\\\/\\\/interamerica.org\\\/es\\\/#\\\/schema\\\/person\\\/68ede8bdc292885bb76c1e3810e73c39\"},\"headline\":\"En Mongolia, las \u00faltimas adquisiciones dejan bien posicionada a la iglesia\",\"datePublished\":\"2012-12-14T04:00:00+00:00\",\"mainEntityOfPage\":{\"@id\":\"https:\\\/\\\/interamerica.org\\\/es\\\/2012\\\/12\\\/en-mongolia-las-ultimas-adquisiciones-dejan-bien-posicionada-a-la-iglesia\\\/\"},\"wordCount\":1051,\"image\":{\"@id\":\"https:\\\/\\\/interamerica.org\\\/es\\\/2012\\\/12\\\/en-mongolia-las-ultimas-adquisiciones-dejan-bien-posicionada-a-la-iglesia\\\/#primaryimage\"},\"thumbnailUrl\":\"https:\\\/\\\/interamerica.org\\\/wp-content\\\/uploads\\\/2017\\\/06\\\/mongolia_building_1_full-315x237.jpg\",\"articleSection\":[\"Desde la iglesia mundial\"],\"inLanguage\":\"es\"},{\"@type\":\"WebPage\",\"@id\":\"https:\\\/\\\/interamerica.org\\\/es\\\/2012\\\/12\\\/en-mongolia-las-ultimas-adquisiciones-dejan-bien-posicionada-a-la-iglesia\\\/\",\"url\":\"https:\\\/\\\/interamerica.org\\\/es\\\/2012\\\/12\\\/en-mongolia-las-ultimas-adquisiciones-dejan-bien-posicionada-a-la-iglesia\\\/\",\"name\":\"En Mongolia, las \u00faltimas adquisiciones dejan bien posicionada a la iglesia - Iglesia Adventista del S\u00e9ptimo D\u00eda - Divisi\u00f3n Interamericana\",\"isPartOf\":{\"@id\":\"https:\\\/\\\/interamerica.org\\\/es\\\/#website\"},\"primaryImageOfPage\":{\"@id\":\"https:\\\/\\\/interamerica.org\\\/es\\\/2012\\\/12\\\/en-mongolia-las-ultimas-adquisiciones-dejan-bien-posicionada-a-la-iglesia\\\/#primaryimage\"},\"image\":{\"@id\":\"https:\\\/\\\/interamerica.org\\\/es\\\/2012\\\/12\\\/en-mongolia-las-ultimas-adquisiciones-dejan-bien-posicionada-a-la-iglesia\\\/#primaryimage\"},\"thumbnailUrl\":\"https:\\\/\\\/interamerica.org\\\/wp-content\\\/uploads\\\/2017\\\/06\\\/mongolia_building_1_full-315x237.jpg\",\"datePublished\":\"2012-12-14T04:00:00+00:00\",\"author\":{\"@id\":\"https:\\\/\\\/interamerica.org\\\/es\\\/#\\\/schema\\\/person\\\/68ede8bdc292885bb76c1e3810e73c39\"},\"breadcrumb\":{\"@id\":\"https:\\\/\\\/interamerica.org\\\/es\\\/2012\\\/12\\\/en-mongolia-las-ultimas-adquisiciones-dejan-bien-posicionada-a-la-iglesia\\\/#breadcrumb\"},\"inLanguage\":\"es\",\"potentialAction\":[{\"@type\":\"ReadAction\",\"target\":[\"https:\\\/\\\/interamerica.org\\\/es\\\/2012\\\/12\\\/en-mongolia-las-ultimas-adquisiciones-dejan-bien-posicionada-a-la-iglesia\\\/\"]}]},{\"@type\":\"ImageObject\",\"inLanguage\":\"es\",\"@id\":\"https:\\\/\\\/interamerica.org\\\/es\\\/2012\\\/12\\\/en-mongolia-las-ultimas-adquisiciones-dejan-bien-posicionada-a-la-iglesia\\\/#primaryimage\",\"url\":\"https:\\\/\\\/interamerica.org\\\/wp-content\\\/uploads\\\/2017\\\/06\\\/mongolia_building_1_full-315x237.jpg\",\"contentUrl\":\"https:\\\/\\\/interamerica.org\\\/wp-content\\\/uploads\\\/2017\\\/06\\\/mongolia_building_1_full-315x237.jpg\",\"width\":315,\"height\":236},{\"@type\":\"BreadcrumbList\",\"@id\":\"https:\\\/\\\/interamerica.org\\\/es\\\/2012\\\/12\\\/en-mongolia-las-ultimas-adquisiciones-dejan-bien-posicionada-a-la-iglesia\\\/#breadcrumb\",\"itemListElement\":[{\"@type\":\"ListItem\",\"position\":1,\"name\":\"Home\",\"item\":\"https:\\\/\\\/interamerica.org\\\/es\\\/\"},{\"@type\":\"ListItem\",\"position\":2,\"name\":\"En Mongolia, las \u00faltimas adquisiciones dejan bien posicionada a la iglesia\"}]},{\"@type\":\"WebSite\",\"@id\":\"https:\\\/\\\/interamerica.org\\\/es\\\/#website\",\"url\":\"https:\\\/\\\/interamerica.org\\\/es\\\/\",\"name\":\"Iglesia Adventista del S\u00e9ptimo D\u00eda - Divisi\u00f3n Interamericana\",\"description\":\"\",\"potentialAction\":[{\"@type\":\"SearchAction\",\"target\":{\"@type\":\"EntryPoint\",\"urlTemplate\":\"https:\\\/\\\/interamerica.org\\\/es\\\/?s={search_term_string}\"},\"query-input\":{\"@type\":\"PropertyValueSpecification\",\"valueRequired\":true,\"valueName\":\"search_term_string\"}}],\"inLanguage\":\"es\"},{\"@type\":\"Person\",\"@id\":\"https:\\\/\\\/interamerica.org\\\/es\\\/#\\\/schema\\\/person\\\/68ede8bdc292885bb76c1e3810e73c39\",\"name\":\"Lorenzo Verduzco\",\"image\":{\"@type\":\"ImageObject\",\"inLanguage\":\"es\",\"@id\":\"https:\\\/\\\/secure.gravatar.com\\\/avatar\\\/fb81a55b6218459490a9c1dc841a34909185b81904c5337b4b27f7a6fd60c49e?s=96&d=mm&r=g\",\"url\":\"https:\\\/\\\/secure.gravatar.com\\\/avatar\\\/fb81a55b6218459490a9c1dc841a34909185b81904c5337b4b27f7a6fd60c49e?s=96&d=mm&r=g\",\"contentUrl\":\"https:\\\/\\\/secure.gravatar.com\\\/avatar\\\/fb81a55b6218459490a9c1dc841a34909185b81904c5337b4b27f7a6fd60c49e?s=96&d=mm&r=g\",\"caption\":\"Lorenzo Verduzco\"}}]}<\/script>\n<!-- \/ Yoast SEO plugin. -->","yoast_head_json":{"title":"En Mongolia, las \u00faltimas adquisiciones dejan bien posicionada a la iglesia - Iglesia Adventista del S\u00e9ptimo D\u00eda - Divisi\u00f3n Interamericana","robots":{"index":"index","follow":"follow","max-snippet":"max-snippet:-1","max-image-preview":"max-image-preview:large","max-video-preview":"max-video-preview:-1"},"canonical":"https:\/\/interamerica.org\/es\/2012\/12\/en-mongolia-las-ultimas-adquisiciones-dejan-bien-posicionada-a-la-iglesia\/","og_locale":"es_ES","og_type":"article","og_title":"En Mongolia, las \u00faltimas adquisiciones dejan bien posicionada a la iglesia - Iglesia Adventista del S\u00e9ptimo D\u00eda - Divisi\u00f3n Interamericana","og_description":"El Territorio de la Misi\u00f3n de Mongolia de la Iglesia Adventista del S\u00e9ptimo D\u00eda adquiri\u00f3 cinco nuevas propiedades este a\u00f1o, lo que posiciona a la a\u00fan naciente iglesia en la regi\u00f3n para que expanda sus servicios comunitarios e infraestructura eclesi\u00e1stica.","og_url":"https:\/\/interamerica.org\/es\/2012\/12\/en-mongolia-las-ultimas-adquisiciones-dejan-bien-posicionada-a-la-iglesia\/","og_site_name":"Iglesia Adventista del S\u00e9ptimo D\u00eda - Divisi\u00f3n Interamericana","article_published_time":"2012-12-14T04:00:00+00:00","og_image":[{"width":315,"height":236,"url":"https:\/\/interamerica.org\/wp-content\/uploads\/2017\/06\/mongolia_building_1_full-315x237.jpg","type":"image\/jpeg"}],"author":"Lorenzo Verduzco","twitter_card":"summary_large_image","twitter_misc":{"Escrito por":"Lorenzo Verduzco","Tiempo de lectura":"5 minutos"},"schema":{"@context":"https:\/\/schema.org","@graph":[{"@type":"Article","@id":"https:\/\/interamerica.org\/es\/2012\/12\/en-mongolia-las-ultimas-adquisiciones-dejan-bien-posicionada-a-la-iglesia\/#article","isPartOf":{"@id":"https:\/\/interamerica.org\/es\/2012\/12\/en-mongolia-las-ultimas-adquisiciones-dejan-bien-posicionada-a-la-iglesia\/"},"author":{"name":"Lorenzo Verduzco","@id":"https:\/\/interamerica.org\/es\/#\/schema\/person\/68ede8bdc292885bb76c1e3810e73c39"},"headline":"En Mongolia, las \u00faltimas adquisiciones dejan bien posicionada a la iglesia","datePublished":"2012-12-14T04:00:00+00:00","mainEntityOfPage":{"@id":"https:\/\/interamerica.org\/es\/2012\/12\/en-mongolia-las-ultimas-adquisiciones-dejan-bien-posicionada-a-la-iglesia\/"},"wordCount":1051,"image":{"@id":"https:\/\/interamerica.org\/es\/2012\/12\/en-mongolia-las-ultimas-adquisiciones-dejan-bien-posicionada-a-la-iglesia\/#primaryimage"},"thumbnailUrl":"https:\/\/interamerica.org\/wp-content\/uploads\/2017\/06\/mongolia_building_1_full-315x237.jpg","articleSection":["Desde la iglesia mundial"],"inLanguage":"es"},{"@type":"WebPage","@id":"https:\/\/interamerica.org\/es\/2012\/12\/en-mongolia-las-ultimas-adquisiciones-dejan-bien-posicionada-a-la-iglesia\/","url":"https:\/\/interamerica.org\/es\/2012\/12\/en-mongolia-las-ultimas-adquisiciones-dejan-bien-posicionada-a-la-iglesia\/","name":"En Mongolia, las \u00faltimas adquisiciones dejan bien posicionada a la iglesia - Iglesia Adventista del S\u00e9ptimo D\u00eda - Divisi\u00f3n Interamericana","isPartOf":{"@id":"https:\/\/interamerica.org\/es\/#website"},"primaryImageOfPage":{"@id":"https:\/\/interamerica.org\/es\/2012\/12\/en-mongolia-las-ultimas-adquisiciones-dejan-bien-posicionada-a-la-iglesia\/#primaryimage"},"image":{"@id":"https:\/\/interamerica.org\/es\/2012\/12\/en-mongolia-las-ultimas-adquisiciones-dejan-bien-posicionada-a-la-iglesia\/#primaryimage"},"thumbnailUrl":"https:\/\/interamerica.org\/wp-content\/uploads\/2017\/06\/mongolia_building_1_full-315x237.jpg","datePublished":"2012-12-14T04:00:00+00:00","author":{"@id":"https:\/\/interamerica.org\/es\/#\/schema\/person\/68ede8bdc292885bb76c1e3810e73c39"},"breadcrumb":{"@id":"https:\/\/interamerica.org\/es\/2012\/12\/en-mongolia-las-ultimas-adquisiciones-dejan-bien-posicionada-a-la-iglesia\/#breadcrumb"},"inLanguage":"es","potentialAction":[{"@type":"ReadAction","target":["https:\/\/interamerica.org\/es\/2012\/12\/en-mongolia-las-ultimas-adquisiciones-dejan-bien-posicionada-a-la-iglesia\/"]}]},{"@type":"ImageObject","inLanguage":"es","@id":"https:\/\/interamerica.org\/es\/2012\/12\/en-mongolia-las-ultimas-adquisiciones-dejan-bien-posicionada-a-la-iglesia\/#primaryimage","url":"https:\/\/interamerica.org\/wp-content\/uploads\/2017\/06\/mongolia_building_1_full-315x237.jpg","contentUrl":"https:\/\/interamerica.org\/wp-content\/uploads\/2017\/06\/mongolia_building_1_full-315x237.jpg","width":315,"height":236},{"@type":"BreadcrumbList","@id":"https:\/\/interamerica.org\/es\/2012\/12\/en-mongolia-las-ultimas-adquisiciones-dejan-bien-posicionada-a-la-iglesia\/#breadcrumb","itemListElement":[{"@type":"ListItem","position":1,"name":"Home","item":"https:\/\/interamerica.org\/es\/"},{"@type":"ListItem","position":2,"name":"En Mongolia, las \u00faltimas adquisiciones dejan bien posicionada a la iglesia"}]},{"@type":"WebSite","@id":"https:\/\/interamerica.org\/es\/#website","url":"https:\/\/interamerica.org\/es\/","name":"Iglesia Adventista del S\u00e9ptimo D\u00eda - Divisi\u00f3n Interamericana","description":"","potentialAction":[{"@type":"SearchAction","target":{"@type":"EntryPoint","urlTemplate":"https:\/\/interamerica.org\/es\/?s={search_term_string}"},"query-input":{"@type":"PropertyValueSpecification","valueRequired":true,"valueName":"search_term_string"}}],"inLanguage":"es"},{"@type":"Person","@id":"https:\/\/interamerica.org\/es\/#\/schema\/person\/68ede8bdc292885bb76c1e3810e73c39","name":"Lorenzo Verduzco","image":{"@type":"ImageObject","inLanguage":"es","@id":"https:\/\/secure.gravatar.com\/avatar\/fb81a55b6218459490a9c1dc841a34909185b81904c5337b4b27f7a6fd60c49e?s=96&d=mm&r=g","url":"https:\/\/secure.gravatar.com\/avatar\/fb81a55b6218459490a9c1dc841a34909185b81904c5337b4b27f7a6fd60c49e?s=96&d=mm&r=g","contentUrl":"https:\/\/secure.gravatar.com\/avatar\/fb81a55b6218459490a9c1dc841a34909185b81904c5337b4b27f7a6fd60c49e?s=96&d=mm&r=g","caption":"Lorenzo Verduzco"}}]}},"_links":{"self":[{"href":"https:\/\/interamerica.org\/es\/wp-json\/wp\/v2\/posts\/30127","targetHints":{"allow":["GET"]}}],"collection":[{"href":"https:\/\/interamerica.org\/es\/wp-json\/wp\/v2\/posts"}],"about":[{"href":"https:\/\/interamerica.org\/es\/wp-json\/wp\/v2\/types\/post"}],"author":[{"embeddable":true,"href":"https:\/\/interamerica.org\/es\/wp-json\/wp\/v2\/users\/1"}],"replies":[{"embeddable":true,"href":"https:\/\/interamerica.org\/es\/wp-json\/wp\/v2\/comments?post=30127"}],"version-history":[{"count":0,"href":"https:\/\/interamerica.org\/es\/wp-json\/wp\/v2\/posts\/30127\/revisions"}],"wp:featuredmedia":[{"embeddable":true,"href":"https:\/\/interamerica.org\/es\/wp-json\/wp\/v2\/media\/20694"}],"wp:attachment":[{"href":"https:\/\/interamerica.org\/es\/wp-json\/wp\/v2\/media?parent=30127"}],"wp:term":[{"taxonomy":"category","embeddable":true,"href":"https:\/\/interamerica.org\/es\/wp-json\/wp\/v2\/categories?post=30127"},{"taxonomy":"post_tag","embeddable":true,"href":"https:\/\/interamerica.org\/es\/wp-json\/wp\/v2\/tags?post=30127"}],"curies":[{"name":"wp","href":"https:\/\/api.w.org\/{rel}","templated":true}]}}