{"id":30136,"date":"2013-01-08T00:00:00","date_gmt":"2013-01-08T04:00:00","guid":{"rendered":"http:\/\/192.81.217.108\/interamerica\/2013\/01\/interamerica-lideres-de-la-iglesia-comienzan-el-ano-listos-para-celebrar-a-los-laicos\/"},"modified":"2013-01-08T00:00:00","modified_gmt":"2013-01-08T04:00:00","slug":"interamerica-lideres-de-la-iglesia-comienzan-el-ano-listos-para-celebrar-a-los-laicos","status":"publish","type":"post","link":"https:\/\/interamerica.org\/es\/2013\/01\/interamerica-lideres-de-la-iglesia-comienzan-el-ano-listos-para-celebrar-a-los-laicos\/","title":{"rendered":"Interam\u00e9rica: L\u00edderes de la iglesia comienzan el a\u00f1o listos para celebrar a los laicos"},"content":{"rendered":"<p>7 de enero de 2013 \u2013 Miami, Florida, Estados Unidos&#8230;Libna Stevens\/DIA<\/p>\n<div id=\"attachment_6444\" style=\"width: 310px\" class=\"wp-caption alignleft\"><a href=\"\/interamerica\/wp-content\/uploads\/2017\/06\/ILeito-worship.png\" rel=\"fancybox\" title=\"Interam\u00e9rica: L\u00edderes de la iglesia comienzan el a\u00f1o listos para celebrar a los laicos\"><img fetchpriority=\"high\" decoding=\"async\" aria-describedby=\"caption-attachment-6444\" class=\"size-medium wp-image-6444\" src=\"\/interamerica\/wp-content\/uploads\/2017\/06\/ILeito-worship-300x198.png\" alt=\"\" width=\"300\" height=\"198\" \/><\/a><p id=\"caption-attachment-6444\" class=\"wp-caption-text\">El pastor Israel Leito (derecha), presidente de la iglesia en la Divisi\u00f3n Interamericana, reflexion\u00f3 este 7 de enero de 2013 sobre las bendiciones de Dios en 2012 y destac\u00f3 los pr\u00f3ximos eventos e iniciativas, durante un culto de adoraci\u00f3n especial para dar inicio al nuevo a\u00f1o, en la sede central de la iglesia en la regi\u00f3n en Miami (Florida, Estados Unidos). A su izquierda se encuentra el doctor Jaime Castrej\u00f3n, presidente del SETAI, oficiando de int\u00e9rprete. Imagen de Libna Stevens<\/p><\/div>\n<p>Los l\u00edderes y todo el personal de la sede central de la Iglesia Adventista en la Divisi\u00f3n Interamericana dieron la bienvenida oficial al a\u00f1o nuevo por medio de momentos para reflexionar en las bendiciones de 2012, y al dirigir la mirada hacia lo que esperan sea un 2013 en el que abunden actividades y esfuerzos de evangelismo laico. En Interam\u00e9rica, este a\u00f1o ha sido designado como el \u00abA\u00f1o del Laico\u00bb.<\/p>\n<p>Los m\u00e1s de 85 ministros e intregrantes del personal de la sede oraron juntos y renovaron su compromiso de cumplir la misi\u00f3n de la iglesia de compartir el evangelio como siervos de Dios, durante un culto especial de adoraci\u00f3n llevado a cabo en Miami (Florida, Estados Unidos) en la ma\u00f1ana del d\u00eda de la fecha.<\/p>\n<p>El pastor Israel Leito, presidente de la iglesia en Interam\u00e9rica, dio la bienvenida a los integrantes del personal de la Divisi\u00f3n Interamericana, y les record\u00f3 la importancia de reflexionar sobre las bendiciones dadas por Dios a la iglesia del territorio y de aguardar con ansias la celebraci\u00f3n de la obra de miles de laicos en el territorio.<\/p>\n<div id=\"attachment_6445\" style=\"width: 310px\" class=\"wp-caption alignright\"><a href=\"\/interamerica\/wp-content\/uploads\/2017\/06\/iad-praying.png\" rel=\"fancybox\" title=\"Interam\u00e9rica: L\u00edderes de la iglesia comienzan el a\u00f1o listos para celebrar a los laicos\"><img decoding=\"async\" aria-describedby=\"caption-attachment-6445\" class=\"size-medium wp-image-6445\" src=\"\/interamerica\/wp-content\/uploads\/2017\/06\/iad-praying-300x197.png\" alt=\"\" width=\"300\" height=\"197\" \/><\/a><p id=\"caption-attachment-6445\" class=\"wp-caption-text\">El personal de la Divisi\u00f3n Interamericana particip\u00f3 de momentos de oraci\u00f3n durante el primer d\u00eda oficial de trabajo del a\u00f1o, en las oficinas de la sede central de la Iglesia Adventista en Interam\u00e9rica en Miami (Florida, Estados Unidos).\u00a0Imagen de Libna Stevens<\/p><\/div>\n<p>\u201cEn 2013 podemos adoptar una nueva manera de vivir\u00bb, dijo el pastor Leito. \u00abComo cristianos podemos establecer un compromiso con el Se\u00f1or [&#8230;]. Queremos ser diferentes, vivir de manera diferente, ser todo lo que podemos ser, servir al Se\u00f1or con lo mejor de nuestras capacidades, y dar lo m\u00e1ximo de nosotros [para \u00e9l]\u00bb.<\/p>\n<p>El pastor Leito destac\u00f3 los principales eventos que se llevar\u00e1n a cabo a lo largo y a lo ancho del territorio durante los pr\u00f3ximos semanas y meses. De conformidad con el \u00abA\u00f1o del Laico\u00bb en Interam\u00e9rica, el orador invitado para este culto especial fue Eugene Benjamin, de Antigua y Barbuda. Benjamin habl\u00f3 de la importancia que implica representar bien a Dios. Como empresario y evangelista laico, Benjamin record\u00f3 a los l\u00edderes y al personal de la iglesia que cada uno es un embajador de Dios.<\/p>\n<p>\u00abSomos verdaderos embajadores de Cristo, enviados por Dios para representar su reino a un mundo que perece\u00bb, dijo Benjamin. Es \u00abun llamado especial, m\u00e1s all\u00e1 de nuestro puesto, ministerio o funci\u00f3n en la fe para hacer progresar la obra de la iglesia\u00bb, a\u00f1adi\u00f3.<\/p>\n<div id=\"attachment_6447\" style=\"width: 310px\" class=\"wp-caption alignleft\"><a href=\"\/interamerica\/wp-content\/uploads\/2017\/06\/eugene-benjamin1.png\" rel=\"fancybox\" title=\"Interam\u00e9rica: L\u00edderes de la iglesia comienzan el a\u00f1o listos para celebrar a los laicos\"><img decoding=\"async\" aria-describedby=\"caption-attachment-6447\" class=\"size-medium wp-image-6447\" src=\"\/interamerica\/wp-content\/uploads\/2017\/06\/eugene-benjamin1-300x219.png\" alt=\"\" width=\"300\" height=\"219\" \/><\/a><p id=\"caption-attachment-6447\" class=\"wp-caption-text\">El evangelista laico Eugene Benjamin, de Antigua y Barbuda, record\u00f3 a la Divisi\u00f3n Interamericana que sean verdaderos embajadores, mientras siguen cumpliendo la misi\u00f3n de la iglesia a lo largo de todo el a\u00f1o. Imagen de Libna Stevens<\/p><\/div>\n<p>Son los cientos de miles de verdaderos embajadores en toda Interam\u00e9rica los que han trabajado arduamente para alcanzar a m\u00e1s de 3,6 millones de miembros en 2012, inform\u00f3 el doctor Elie Henry, secretario ejecutivo de la Iglesia Adventista en Interam\u00e9rica.<\/p>\n<p>El doctor Henry present\u00f3 informes asimismo sobre el crecimiento de la iglesia en Interam\u00e9rica desde 1922, a\u00f1o en que se organiz\u00f3 el territorio, hasta 2012. La iglesia cuenta ahora con 22 regiones eclesi\u00e1sticas, 70 asociaciones, 48 misiones, 11.471 iglesias, 7.340 grupos, en contraste con las dos uniones, nueve misiones, 221 iglesias y 8.146 miembros de 1922.<\/p>\n<p>\u00abDurante estos noventa a\u00f1os Dios nos ha bendecido\u00bb, dijo Henry. \u00abSeguimos orando para que Dios contin\u00fae derramando sus bendiciones sobre la iglesia en toda Interam\u00e9rica, en especial durante este &#8216;A\u00f1o del Laico'\u00bb.<\/p>\n<p>El doctor Henry tambi\u00e9n inform\u00f3 para que para septiembre de 2012 se hab\u00edan unido a la iglesia 150.716 miembros nuevos.<\/p>\n<p>Filiberto Verduzco, tesorero de la iglesia en la Divisi\u00f3n Interamericana, present\u00f3 los puntos salientes de la actividad financiera durante 2012, y el compromiso de la feligres\u00eda de la iglesia en diezmos y ofrendas.<\/p>\n<p>El culto de adoraci\u00f3n tambi\u00e9n cont\u00f3 con un concierto a cargo del tr\u00edo vocal de laicos \u00abVida Internacional\u00bb, proveniente de Honduras.<\/p>\n<div id=\"attachment_6448\" style=\"width: 310px\" class=\"wp-caption alignleft\"><a href=\"\/interamerica\/wp-content\/uploads\/2017\/06\/vidainternacional.png\" rel=\"fancybox\" title=\"Interam\u00e9rica: L\u00edderes de la iglesia comienzan el a\u00f1o listos para celebrar a los laicos\"><img loading=\"lazy\" decoding=\"async\" aria-describedby=\"caption-attachment-6448\" class=\"size-medium wp-image-6448\" src=\"\/interamerica\/wp-content\/uploads\/2017\/06\/vidainternacional-300x212.png\" alt=\"\" width=\"300\" height=\"212\" \/><\/a><p id=\"caption-attachment-6448\" class=\"wp-caption-text\">El tr\u00edo \u00abVida Internacional\u00bb, de Honduras, cant\u00f3 durante el culto de adoraci\u00f3n llevado a cabo en el d\u00eda de la fecha. Imagen de\u00a0Libna Stevens<\/p><\/div>\n<p>En los pr\u00f3ximos d\u00edas, los l\u00edderes seguir\u00e1n ajustando detalles de las actividades, iniciativas y proyectos planificados.<\/p>\n<p>La Divisi\u00f3n Interamericana supervisa la obra de la Iglesia Adventista del S\u00e9ptimo D\u00eda en M\u00e9xico, Am\u00e9rica Central, el Caribe y las Antillas Francesas, adem\u00e1s de Colombia y Venezuela. El territorio cuenta con alrededor de 3,6 millones de miembros, que se re\u00fanen en m\u00e1s de 11.470 iglesias y congregaciones de la regi\u00f3n.<\/p>\n<p>Si desea saber m\u00e1s sobre la Iglesia Adventista del S\u00e9ptimo D\u00eda en Interam\u00e9rica y sus iniciativas para 2013, visite\u00a0<a href=\"https:\/\/recursing-golick.147-182-135-0.plesk.page\">www.interamerica.org<\/a><\/p>\n<p><em>Traducci\u00f3n de Marcos Paseggi<\/em><\/p>\n","protected":false},"excerpt":{"rendered":"<p>Los l\u00edderes y todo el personal de la sede central de la Iglesia Adventista en la Divisi\u00f3n Interamericana dieron la bienvenida oficial al a\u00f1o nuevo por medio de momentos para reflexionar en las bendiciones de 2012, y al dirigir la mirada hacia lo que esperan para 2013.<\/p>\n","protected":false},"author":1,"featured_media":20719,"comment_status":"closed","ping_status":"closed","sticky":false,"template":"","format":"standard","meta":{"_acf_changed":false,"footnotes":""},"categories":[16],"tags":[],"class_list":["post-30136","post","type-post","status-publish","format-standard","has-post-thumbnail","hentry","category-desde-la-sede"],"acf":[],"yoast_head":"<!-- This site is optimized with the Yoast SEO plugin v27.3 - https:\/\/yoast.com\/product\/yoast-seo-wordpress\/ -->\n<title>Interam\u00e9rica: L\u00edderes de la iglesia comienzan el a\u00f1o listos para celebrar a los laicos - Iglesia Adventista del S\u00e9ptimo D\u00eda - Divisi\u00f3n Interamericana<\/title>\n<meta name=\"robots\" content=\"index, follow, max-snippet:-1, max-image-preview:large, max-video-preview:-1\" \/>\n<link rel=\"canonical\" href=\"https:\/\/interamerica.org\/es\/2013\/01\/interamerica-lideres-de-la-iglesia-comienzan-el-ano-listos-para-celebrar-a-los-laicos\/\" \/>\n<meta property=\"og:locale\" content=\"es_ES\" \/>\n<meta property=\"og:type\" content=\"article\" \/>\n<meta property=\"og:title\" content=\"Interam\u00e9rica: L\u00edderes de la iglesia comienzan el a\u00f1o listos para celebrar a los laicos - Iglesia Adventista del S\u00e9ptimo D\u00eda - Divisi\u00f3n Interamericana\" \/>\n<meta property=\"og:description\" content=\"Los l\u00edderes y todo el personal de la sede central de la Iglesia Adventista en la Divisi\u00f3n Interamericana dieron la bienvenida oficial al a\u00f1o nuevo por medio de momentos para reflexionar en las bendiciones de 2012, y al dirigir la mirada hacia lo que esperan para 2013.\" \/>\n<meta property=\"og:url\" content=\"https:\/\/interamerica.org\/es\/2013\/01\/interamerica-lideres-de-la-iglesia-comienzan-el-ano-listos-para-celebrar-a-los-laicos\/\" \/>\n<meta property=\"og:site_name\" content=\"Iglesia Adventista del S\u00e9ptimo D\u00eda - Divisi\u00f3n Interamericana\" \/>\n<meta property=\"article:published_time\" content=\"2013-01-08T04:00:00+00:00\" \/>\n<meta property=\"og:image\" content=\"https:\/\/interamerica.org\/wp-content\/uploads\/2017\/06\/ILeito-worship.png\" \/>\n\t<meta property=\"og:image:width\" content=\"315\" \/>\n\t<meta property=\"og:image:height\" content=\"208\" \/>\n\t<meta property=\"og:image:type\" content=\"image\/png\" \/>\n<meta name=\"author\" content=\"Lorenzo Verduzco\" \/>\n<meta name=\"twitter:card\" content=\"summary_large_image\" \/>\n<meta name=\"twitter:label1\" content=\"Escrito por\" \/>\n\t<meta name=\"twitter:data1\" content=\"Lorenzo Verduzco\" \/>\n\t<meta name=\"twitter:label2\" content=\"Tiempo de lectura\" \/>\n\t<meta name=\"twitter:data2\" content=\"5 minutos\" \/>\n<script type=\"application\/ld+json\" class=\"yoast-schema-graph\">{\"@context\":\"https:\\\/\\\/schema.org\",\"@graph\":[{\"@type\":\"Article\",\"@id\":\"https:\\\/\\\/interamerica.org\\\/es\\\/2013\\\/01\\\/interamerica-lideres-de-la-iglesia-comienzan-el-ano-listos-para-celebrar-a-los-laicos\\\/#article\",\"isPartOf\":{\"@id\":\"https:\\\/\\\/interamerica.org\\\/es\\\/2013\\\/01\\\/interamerica-lideres-de-la-iglesia-comienzan-el-ano-listos-para-celebrar-a-los-laicos\\\/\"},\"author\":{\"name\":\"Lorenzo Verduzco\",\"@id\":\"https:\\\/\\\/interamerica.org\\\/es\\\/#\\\/schema\\\/person\\\/68ede8bdc292885bb76c1e3810e73c39\"},\"headline\":\"Interam\u00e9rica: L\u00edderes de la iglesia comienzan el a\u00f1o listos para celebrar a los laicos\",\"datePublished\":\"2013-01-08T04:00:00+00:00\",\"mainEntityOfPage\":{\"@id\":\"https:\\\/\\\/interamerica.org\\\/es\\\/2013\\\/01\\\/interamerica-lideres-de-la-iglesia-comienzan-el-ano-listos-para-celebrar-a-los-laicos\\\/\"},\"wordCount\":949,\"image\":{\"@id\":\"https:\\\/\\\/interamerica.org\\\/es\\\/2013\\\/01\\\/interamerica-lideres-de-la-iglesia-comienzan-el-ano-listos-para-celebrar-a-los-laicos\\\/#primaryimage\"},\"thumbnailUrl\":\"https:\\\/\\\/interamerica.org\\\/wp-content\\\/uploads\\\/2017\\\/06\\\/ILeito-worship.png\",\"articleSection\":[\"Desde la sede\"],\"inLanguage\":\"es\"},{\"@type\":\"WebPage\",\"@id\":\"https:\\\/\\\/interamerica.org\\\/es\\\/2013\\\/01\\\/interamerica-lideres-de-la-iglesia-comienzan-el-ano-listos-para-celebrar-a-los-laicos\\\/\",\"url\":\"https:\\\/\\\/interamerica.org\\\/es\\\/2013\\\/01\\\/interamerica-lideres-de-la-iglesia-comienzan-el-ano-listos-para-celebrar-a-los-laicos\\\/\",\"name\":\"Interam\u00e9rica: L\u00edderes de la iglesia comienzan el a\u00f1o listos para celebrar a los laicos - Iglesia Adventista del S\u00e9ptimo D\u00eda - Divisi\u00f3n Interamericana\",\"isPartOf\":{\"@id\":\"https:\\\/\\\/interamerica.org\\\/es\\\/#website\"},\"primaryImageOfPage\":{\"@id\":\"https:\\\/\\\/interamerica.org\\\/es\\\/2013\\\/01\\\/interamerica-lideres-de-la-iglesia-comienzan-el-ano-listos-para-celebrar-a-los-laicos\\\/#primaryimage\"},\"image\":{\"@id\":\"https:\\\/\\\/interamerica.org\\\/es\\\/2013\\\/01\\\/interamerica-lideres-de-la-iglesia-comienzan-el-ano-listos-para-celebrar-a-los-laicos\\\/#primaryimage\"},\"thumbnailUrl\":\"https:\\\/\\\/interamerica.org\\\/wp-content\\\/uploads\\\/2017\\\/06\\\/ILeito-worship.png\",\"datePublished\":\"2013-01-08T04:00:00+00:00\",\"author\":{\"@id\":\"https:\\\/\\\/interamerica.org\\\/es\\\/#\\\/schema\\\/person\\\/68ede8bdc292885bb76c1e3810e73c39\"},\"breadcrumb\":{\"@id\":\"https:\\\/\\\/interamerica.org\\\/es\\\/2013\\\/01\\\/interamerica-lideres-de-la-iglesia-comienzan-el-ano-listos-para-celebrar-a-los-laicos\\\/#breadcrumb\"},\"inLanguage\":\"es\",\"potentialAction\":[{\"@type\":\"ReadAction\",\"target\":[\"https:\\\/\\\/interamerica.org\\\/es\\\/2013\\\/01\\\/interamerica-lideres-de-la-iglesia-comienzan-el-ano-listos-para-celebrar-a-los-laicos\\\/\"]}]},{\"@type\":\"ImageObject\",\"inLanguage\":\"es\",\"@id\":\"https:\\\/\\\/interamerica.org\\\/es\\\/2013\\\/01\\\/interamerica-lideres-de-la-iglesia-comienzan-el-ano-listos-para-celebrar-a-los-laicos\\\/#primaryimage\",\"url\":\"https:\\\/\\\/interamerica.org\\\/wp-content\\\/uploads\\\/2017\\\/06\\\/ILeito-worship.png\",\"contentUrl\":\"https:\\\/\\\/interamerica.org\\\/wp-content\\\/uploads\\\/2017\\\/06\\\/ILeito-worship.png\",\"width\":315,\"height\":208},{\"@type\":\"BreadcrumbList\",\"@id\":\"https:\\\/\\\/interamerica.org\\\/es\\\/2013\\\/01\\\/interamerica-lideres-de-la-iglesia-comienzan-el-ano-listos-para-celebrar-a-los-laicos\\\/#breadcrumb\",\"itemListElement\":[{\"@type\":\"ListItem\",\"position\":1,\"name\":\"Home\",\"item\":\"https:\\\/\\\/interamerica.org\\\/es\\\/\"},{\"@type\":\"ListItem\",\"position\":2,\"name\":\"Interam\u00e9rica: L\u00edderes de la iglesia comienzan el a\u00f1o listos para celebrar a los laicos\"}]},{\"@type\":\"WebSite\",\"@id\":\"https:\\\/\\\/interamerica.org\\\/es\\\/#website\",\"url\":\"https:\\\/\\\/interamerica.org\\\/es\\\/\",\"name\":\"Iglesia Adventista del S\u00e9ptimo D\u00eda - Divisi\u00f3n Interamericana\",\"description\":\"\",\"potentialAction\":[{\"@type\":\"SearchAction\",\"target\":{\"@type\":\"EntryPoint\",\"urlTemplate\":\"https:\\\/\\\/interamerica.org\\\/es\\\/?s={search_term_string}\"},\"query-input\":{\"@type\":\"PropertyValueSpecification\",\"valueRequired\":true,\"valueName\":\"search_term_string\"}}],\"inLanguage\":\"es\"},{\"@type\":\"Person\",\"@id\":\"https:\\\/\\\/interamerica.org\\\/es\\\/#\\\/schema\\\/person\\\/68ede8bdc292885bb76c1e3810e73c39\",\"name\":\"Lorenzo Verduzco\",\"image\":{\"@type\":\"ImageObject\",\"inLanguage\":\"es\",\"@id\":\"https:\\\/\\\/secure.gravatar.com\\\/avatar\\\/fb81a55b6218459490a9c1dc841a34909185b81904c5337b4b27f7a6fd60c49e?s=96&d=mm&r=g\",\"url\":\"https:\\\/\\\/secure.gravatar.com\\\/avatar\\\/fb81a55b6218459490a9c1dc841a34909185b81904c5337b4b27f7a6fd60c49e?s=96&d=mm&r=g\",\"contentUrl\":\"https:\\\/\\\/secure.gravatar.com\\\/avatar\\\/fb81a55b6218459490a9c1dc841a34909185b81904c5337b4b27f7a6fd60c49e?s=96&d=mm&r=g\",\"caption\":\"Lorenzo Verduzco\"}}]}<\/script>\n<!-- \/ Yoast SEO plugin. -->","yoast_head_json":{"title":"Interam\u00e9rica: L\u00edderes de la iglesia comienzan el a\u00f1o listos para celebrar a los laicos - Iglesia Adventista del S\u00e9ptimo D\u00eda - Divisi\u00f3n Interamericana","robots":{"index":"index","follow":"follow","max-snippet":"max-snippet:-1","max-image-preview":"max-image-preview:large","max-video-preview":"max-video-preview:-1"},"canonical":"https:\/\/interamerica.org\/es\/2013\/01\/interamerica-lideres-de-la-iglesia-comienzan-el-ano-listos-para-celebrar-a-los-laicos\/","og_locale":"es_ES","og_type":"article","og_title":"Interam\u00e9rica: L\u00edderes de la iglesia comienzan el a\u00f1o listos para celebrar a los laicos - Iglesia Adventista del S\u00e9ptimo D\u00eda - Divisi\u00f3n Interamericana","og_description":"Los l\u00edderes y todo el personal de la sede central de la Iglesia Adventista en la Divisi\u00f3n Interamericana dieron la bienvenida oficial al a\u00f1o nuevo por medio de momentos para reflexionar en las bendiciones de 2012, y al dirigir la mirada hacia lo que esperan para 2013.","og_url":"https:\/\/interamerica.org\/es\/2013\/01\/interamerica-lideres-de-la-iglesia-comienzan-el-ano-listos-para-celebrar-a-los-laicos\/","og_site_name":"Iglesia Adventista del S\u00e9ptimo D\u00eda - Divisi\u00f3n Interamericana","article_published_time":"2013-01-08T04:00:00+00:00","og_image":[{"width":315,"height":208,"url":"https:\/\/interamerica.org\/wp-content\/uploads\/2017\/06\/ILeito-worship.png","type":"image\/png"}],"author":"Lorenzo Verduzco","twitter_card":"summary_large_image","twitter_misc":{"Escrito por":"Lorenzo Verduzco","Tiempo de lectura":"5 minutos"},"schema":{"@context":"https:\/\/schema.org","@graph":[{"@type":"Article","@id":"https:\/\/interamerica.org\/es\/2013\/01\/interamerica-lideres-de-la-iglesia-comienzan-el-ano-listos-para-celebrar-a-los-laicos\/#article","isPartOf":{"@id":"https:\/\/interamerica.org\/es\/2013\/01\/interamerica-lideres-de-la-iglesia-comienzan-el-ano-listos-para-celebrar-a-los-laicos\/"},"author":{"name":"Lorenzo Verduzco","@id":"https:\/\/interamerica.org\/es\/#\/schema\/person\/68ede8bdc292885bb76c1e3810e73c39"},"headline":"Interam\u00e9rica: L\u00edderes de la iglesia comienzan el a\u00f1o listos para celebrar a los laicos","datePublished":"2013-01-08T04:00:00+00:00","mainEntityOfPage":{"@id":"https:\/\/interamerica.org\/es\/2013\/01\/interamerica-lideres-de-la-iglesia-comienzan-el-ano-listos-para-celebrar-a-los-laicos\/"},"wordCount":949,"image":{"@id":"https:\/\/interamerica.org\/es\/2013\/01\/interamerica-lideres-de-la-iglesia-comienzan-el-ano-listos-para-celebrar-a-los-laicos\/#primaryimage"},"thumbnailUrl":"https:\/\/interamerica.org\/wp-content\/uploads\/2017\/06\/ILeito-worship.png","articleSection":["Desde la sede"],"inLanguage":"es"},{"@type":"WebPage","@id":"https:\/\/interamerica.org\/es\/2013\/01\/interamerica-lideres-de-la-iglesia-comienzan-el-ano-listos-para-celebrar-a-los-laicos\/","url":"https:\/\/interamerica.org\/es\/2013\/01\/interamerica-lideres-de-la-iglesia-comienzan-el-ano-listos-para-celebrar-a-los-laicos\/","name":"Interam\u00e9rica: L\u00edderes de la iglesia comienzan el a\u00f1o listos para celebrar a los laicos - Iglesia Adventista del S\u00e9ptimo D\u00eda - Divisi\u00f3n Interamericana","isPartOf":{"@id":"https:\/\/interamerica.org\/es\/#website"},"primaryImageOfPage":{"@id":"https:\/\/interamerica.org\/es\/2013\/01\/interamerica-lideres-de-la-iglesia-comienzan-el-ano-listos-para-celebrar-a-los-laicos\/#primaryimage"},"image":{"@id":"https:\/\/interamerica.org\/es\/2013\/01\/interamerica-lideres-de-la-iglesia-comienzan-el-ano-listos-para-celebrar-a-los-laicos\/#primaryimage"},"thumbnailUrl":"https:\/\/interamerica.org\/wp-content\/uploads\/2017\/06\/ILeito-worship.png","datePublished":"2013-01-08T04:00:00+00:00","author":{"@id":"https:\/\/interamerica.org\/es\/#\/schema\/person\/68ede8bdc292885bb76c1e3810e73c39"},"breadcrumb":{"@id":"https:\/\/interamerica.org\/es\/2013\/01\/interamerica-lideres-de-la-iglesia-comienzan-el-ano-listos-para-celebrar-a-los-laicos\/#breadcrumb"},"inLanguage":"es","potentialAction":[{"@type":"ReadAction","target":["https:\/\/interamerica.org\/es\/2013\/01\/interamerica-lideres-de-la-iglesia-comienzan-el-ano-listos-para-celebrar-a-los-laicos\/"]}]},{"@type":"ImageObject","inLanguage":"es","@id":"https:\/\/interamerica.org\/es\/2013\/01\/interamerica-lideres-de-la-iglesia-comienzan-el-ano-listos-para-celebrar-a-los-laicos\/#primaryimage","url":"https:\/\/interamerica.org\/wp-content\/uploads\/2017\/06\/ILeito-worship.png","contentUrl":"https:\/\/interamerica.org\/wp-content\/uploads\/2017\/06\/ILeito-worship.png","width":315,"height":208},{"@type":"BreadcrumbList","@id":"https:\/\/interamerica.org\/es\/2013\/01\/interamerica-lideres-de-la-iglesia-comienzan-el-ano-listos-para-celebrar-a-los-laicos\/#breadcrumb","itemListElement":[{"@type":"ListItem","position":1,"name":"Home","item":"https:\/\/interamerica.org\/es\/"},{"@type":"ListItem","position":2,"name":"Interam\u00e9rica: L\u00edderes de la iglesia comienzan el a\u00f1o listos para celebrar a los laicos"}]},{"@type":"WebSite","@id":"https:\/\/interamerica.org\/es\/#website","url":"https:\/\/interamerica.org\/es\/","name":"Iglesia Adventista del S\u00e9ptimo D\u00eda - Divisi\u00f3n Interamericana","description":"","potentialAction":[{"@type":"SearchAction","target":{"@type":"EntryPoint","urlTemplate":"https:\/\/interamerica.org\/es\/?s={search_term_string}"},"query-input":{"@type":"PropertyValueSpecification","valueRequired":true,"valueName":"search_term_string"}}],"inLanguage":"es"},{"@type":"Person","@id":"https:\/\/interamerica.org\/es\/#\/schema\/person\/68ede8bdc292885bb76c1e3810e73c39","name":"Lorenzo Verduzco","image":{"@type":"ImageObject","inLanguage":"es","@id":"https:\/\/secure.gravatar.com\/avatar\/fb81a55b6218459490a9c1dc841a34909185b81904c5337b4b27f7a6fd60c49e?s=96&d=mm&r=g","url":"https:\/\/secure.gravatar.com\/avatar\/fb81a55b6218459490a9c1dc841a34909185b81904c5337b4b27f7a6fd60c49e?s=96&d=mm&r=g","contentUrl":"https:\/\/secure.gravatar.com\/avatar\/fb81a55b6218459490a9c1dc841a34909185b81904c5337b4b27f7a6fd60c49e?s=96&d=mm&r=g","caption":"Lorenzo Verduzco"}}]}},"_links":{"self":[{"href":"https:\/\/interamerica.org\/es\/wp-json\/wp\/v2\/posts\/30136","targetHints":{"allow":["GET"]}}],"collection":[{"href":"https:\/\/interamerica.org\/es\/wp-json\/wp\/v2\/posts"}],"about":[{"href":"https:\/\/interamerica.org\/es\/wp-json\/wp\/v2\/types\/post"}],"author":[{"embeddable":true,"href":"https:\/\/interamerica.org\/es\/wp-json\/wp\/v2\/users\/1"}],"replies":[{"embeddable":true,"href":"https:\/\/interamerica.org\/es\/wp-json\/wp\/v2\/comments?post=30136"}],"version-history":[{"count":0,"href":"https:\/\/interamerica.org\/es\/wp-json\/wp\/v2\/posts\/30136\/revisions"}],"wp:featuredmedia":[{"embeddable":true,"href":"https:\/\/interamerica.org\/es\/wp-json\/wp\/v2\/media\/20719"}],"wp:attachment":[{"href":"https:\/\/interamerica.org\/es\/wp-json\/wp\/v2\/media?parent=30136"}],"wp:term":[{"taxonomy":"category","embeddable":true,"href":"https:\/\/interamerica.org\/es\/wp-json\/wp\/v2\/categories?post=30136"},{"taxonomy":"post_tag","embeddable":true,"href":"https:\/\/interamerica.org\/es\/wp-json\/wp\/v2\/tags?post=30136"}],"curies":[{"name":"wp","href":"https:\/\/api.w.org\/{rel}","templated":true}]}}