{"id":30137,"date":"2013-01-09T00:00:00","date_gmt":"2013-01-09T04:00:00","guid":{"rendered":"http:\/\/192.81.217.108\/interamerica\/2013\/01\/congreso-de-jovenes-en-el-pacifico-sur-promueve-aspectos-practicos-de-la-fe\/"},"modified":"2013-01-09T00:00:00","modified_gmt":"2013-01-09T04:00:00","slug":"congreso-de-jovenes-en-el-pacifico-sur-promueve-aspectos-practicos-de-la-fe","status":"publish","type":"post","link":"https:\/\/interamerica.org\/es\/2013\/01\/congreso-de-jovenes-en-el-pacifico-sur-promueve-aspectos-practicos-de-la-fe\/","title":{"rendered":"Congreso de j\u00f3venes en el Pac\u00edfico Sur promueve aspectos pr\u00e1cticos de la fe"},"content":{"rendered":"<div id=\"attachment_6475\" style=\"width: 600px\" class=\"wp-caption aligncenter\"><a href=\"\/interamerica\/wp-content\/uploads\/2017\/06\/spd-youth-4x3-Big.jpg\" rel=\"fancybox\" title=\"Congreso de j\u00f3venes en el Pac\u00edfico Sur promueve aspectos pr\u00e1cticos de la fe\"><img fetchpriority=\"high\" decoding=\"async\" aria-describedby=\"caption-attachment-6475\" class=\"size-full wp-image-6475 \" src=\"\/interamerica\/wp-content\/uploads\/2017\/06\/spd-youth-4x3-Big.jpg\" alt=\"\" width=\"590\" height=\"443\" \/><\/a><p id=\"caption-attachment-6475\" class=\"wp-caption-text\">Los participantes del congreso de j\u00f3venes marchan en Brisbane el 3 de enero pasado como parte de un llamado a luchar contra el hambre en todo el mundo. Durante el congreso, los j\u00f3venes tambi\u00e9n recolectaron latas de comida entre los residentes de la zona. Imagen de Vanessa Pereira<\/p><\/div>\n<p>8 de enero de 2013\u00a0Brisbane, Queensland, Australia&#8230;Nathan Brown\/SPD\/ANN<\/p>\n<p>La semana pasada, j\u00f3venes de todo el Pac\u00edfico Sur recibieron la comisi\u00f3n de compartir su fe y cambiar el mundo durante un congreso de j\u00f3venes. El pasado viernes de ma\u00f1ana, m\u00e1s de mil cien j\u00f3venes respondieron a un llamado para comprometerse, volver a comprometerse y reenfocar sus vidas en Cristo y su misi\u00f3n, a lo que sigui\u00f3 un d\u00eda de adoraci\u00f3n, comisionado y celebraciones.<\/p>\n<p>\u201cLa actividad de comisionado fue un punto destacado, dado que involucr\u00f3 a todos los l\u00edderes y los j\u00f3venes en la misi\u00f3n de la iglesia de cambiar al mundo\u201d, dijo Nick Kross, director de Ministerios J\u00f3venes de la Iglesia Adventista en la Divisi\u00f3n del Pac\u00edfico Sur. \u201cHay tantos j\u00f3venes que expresaron su gratitud y placer por lo que han experimentado y por las tareas en las que se han involucrado aqu\u00ed, que para los l\u00edderes ha sido muy gratificante\u201d.<\/p>\n<p>El congreso de j\u00f3venes, que se lleva a cabo cada ocho a\u00f1os, reuni\u00f3 j\u00f3venes y l\u00edderes de catorce pa\u00edses del 1 al 6 de enero pasado en el Centro de Convenciones de Watson Park. Los delegados participaron de cultos, talleres y actividades de servicio a la comunidad.<\/p>\n<p>El principal orador del evento fue Sam Leonor, capell\u00e1n de la Universidad de La Sierra, una instituci\u00f3n adventista de educaci\u00f3n superior de California (Estados Unidos). Leonor desafi\u00f3 a los participantes para que no solo sean disc\u00edpulos de Jes\u00fas sino tambi\u00e9n ap\u00f3stoles. \u201cEspero que estos j\u00f3venes vean el contexto local como un lugar donde Dios los ha puesto para hacer algo realmente grande\u201d, dijo. \u201cPero tambi\u00e9n espero que vean que cuando adoramos juntos a Dios y actuamos juntos, podemos cambiar el mundo.<\/p>\n<p>\u201cEste evento ha representado una gran \u2018porci\u00f3n\u2019 de la iglesia\u201d, a\u00f1adi\u00f3 Leonor. \u201cHemos tenido tantas clases diferentes de j\u00f3venes y culturas representadas que creo yo que eso encierra cierta santidad. Es bueno que todos estos j\u00f3venes miren a su alrededor y vean qu\u00e9 es realmente la iglesia. Vivir una semana juntos como la iglesia tiene que ser algo que realmente los capacite y les d\u00e9 poder\u201d.<\/p>\n<p>Los m\u00e1s de mil participantes del congreso trabajaron juntos una vez m\u00e1s en la \u00faltima tarde del congreso, en la que escribieron toda la Biblia a mano durante unas dos horas. Esas p\u00e1ginas ser\u00e1n encuadernadas como un recordatorio del congreso. \u201cLos presentes realmente se involucraron en la tarea; fue un gran logro de este congreso\u201d, dijo Kross. \u201cNos hemos enfocado en la Palabra de Dios y esta fue una manera de enfatizar esto y hacer que nuestros j\u00f3venes participen\u201d.<\/p>\n<p>Junto con la actividad de comisionado, Kross dijo que otro punto destacado fue la marcha contra el hambre en el mundo. Despu\u00e9s de un serm\u00f3n basado en Am\u00f3s 5:24 a cargo de Joanna Darby, el evento fue testigo de una inundaci\u00f3n de participantes de camisas azules que el pasado 3 de enero ingresaron a la ciudad misma de Brisbane, marchando desde la Plaza King George hasta los Jardines Bot\u00e1nicos de la ciudad para hacer un llamado a una mayor acci\u00f3n para combatir este flagelo en todo el mundo.<\/p>\n<p>\u201cEs significativo que podamos conseguir que semejante n\u00famero de j\u00f3venes se pronuncie sobre algo que los trasciende\u201d, dijo Kross. \u201cEsto significa prensar como un contribuyente y un siervo de otras personas, antes que actuar como un mero consumidor\u201d.<\/p>\n<p>Los delegados tambi\u00e9n llevaron a cabo un \u201calmuerzo de pobreza\u201d, en el que pasaron por algo la comida usual para identificarse con los hambrientos del mundo. Tambi\u00e9n recolectaron 10.000 d\u00f3lares para la obra que lleva a cabo la Agencia Adventista de Desarrollo y Recursos Asistenciales (ADRA) para luchar contra el hambre. Entregaron entonces el cheque a Jonathan Duffy, presidente de ADRA Internacional, junto con una fotograf\u00eda donde se acompa\u00f1a una petici\u00f3n que apoya la obra que realiza esta agencia humanitaria.<\/p>\n<p>Grupos de j\u00f3venes del congreso tambi\u00e9n trabajaron en los suburbios en el norte de la ciudad de Brisbane donde recolectaron m\u00e1s de 3 500 latas de comida para que ADRA las utilice en la misma ciudad. \u201cPara estas agencias que trabajan para ayudar a los individuos y familias necesitadas, esta es una \u00e9poca cr\u00edtica del a\u00f1o\u201d, dijo Matthew Siliga, coordinador de las actividades comunitarias del congreso de j\u00f3venes.<\/p>\n<p>Con la compa\u00f1\u00eda de una escolta policial, la marcha de los participantes al congreso detuvo el tr\u00e1fico y fue disparadora de muchos di\u00e1logos con los transe\u00fantes, que quer\u00edan saber qui\u00e9n era este grupo y qu\u00e9 estaban haciendo.<\/p>\n<p>\u201cEn cierto momento, me detuvo y mir\u00e9 para atr\u00e1s a los que ven\u00edan marchando. Cuando vi que se extend\u00edan por casi un kil\u00f3metro, y al ver a todos esos j\u00f3venes con estandartes y banderas, me sent\u00ed orgulloso de nuestros j\u00f3venes y de lo que est\u00e1n haciendo\u201d, dijo Kross.<\/p>\n<p><em>Traducci\u00f3n de Marcos Paseggi<\/em><\/p>\n","protected":false},"excerpt":{"rendered":"<p>La semana pasada, j\u00f3venes de todo el Pac\u00edfico Sur recibieron la comisi\u00f3n de compartir su fe y cambiar el mundo durante un congreso de j\u00f3venes.<\/p>\n","protected":false},"author":1,"featured_media":20735,"comment_status":"closed","ping_status":"closed","sticky":false,"template":"","format":"standard","meta":{"_acf_changed":false,"footnotes":""},"categories":[14],"tags":[],"class_list":["post-30137","post","type-post","status-publish","format-standard","has-post-thumbnail","hentry","category-de-la-iglesia-mundial"],"acf":[],"yoast_head":"<!-- This site is optimized with the Yoast SEO plugin v27.3 - https:\/\/yoast.com\/product\/yoast-seo-wordpress\/ -->\n<title>Congreso de j\u00f3venes en el Pac\u00edfico Sur promueve aspectos pr\u00e1cticos de la fe - Iglesia Adventista del S\u00e9ptimo D\u00eda - Divisi\u00f3n Interamericana<\/title>\n<meta name=\"robots\" content=\"index, follow, max-snippet:-1, max-image-preview:large, max-video-preview:-1\" \/>\n<link rel=\"canonical\" href=\"https:\/\/interamerica.org\/es\/2013\/01\/congreso-de-jovenes-en-el-pacifico-sur-promueve-aspectos-practicos-de-la-fe\/\" \/>\n<meta property=\"og:locale\" content=\"es_ES\" \/>\n<meta property=\"og:type\" content=\"article\" \/>\n<meta property=\"og:title\" content=\"Congreso de j\u00f3venes en el Pac\u00edfico Sur promueve aspectos pr\u00e1cticos de la fe - Iglesia Adventista del S\u00e9ptimo D\u00eda - Divisi\u00f3n Interamericana\" \/>\n<meta property=\"og:description\" content=\"La semana pasada, j\u00f3venes de todo el Pac\u00edfico Sur recibieron la comisi\u00f3n de compartir su fe y cambiar el mundo durante un congreso de j\u00f3venes.\" \/>\n<meta property=\"og:url\" content=\"https:\/\/interamerica.org\/es\/2013\/01\/congreso-de-jovenes-en-el-pacifico-sur-promueve-aspectos-practicos-de-la-fe\/\" \/>\n<meta property=\"og:site_name\" content=\"Iglesia Adventista del S\u00e9ptimo D\u00eda - Divisi\u00f3n Interamericana\" \/>\n<meta property=\"article:published_time\" content=\"2013-01-09T04:00:00+00:00\" \/>\n<meta property=\"og:image\" content=\"https:\/\/interamerica.org\/wp-content\/uploads\/2017\/06\/spd-youth-4x3-small.jpg\" \/>\n\t<meta property=\"og:image:width\" content=\"315\" \/>\n\t<meta property=\"og:image:height\" content=\"237\" \/>\n\t<meta property=\"og:image:type\" content=\"image\/jpeg\" \/>\n<meta name=\"author\" content=\"Lorenzo Verduzco\" \/>\n<meta name=\"twitter:card\" content=\"summary_large_image\" \/>\n<meta name=\"twitter:label1\" content=\"Escrito por\" \/>\n\t<meta name=\"twitter:data1\" content=\"Lorenzo Verduzco\" \/>\n\t<meta name=\"twitter:label2\" content=\"Tiempo de lectura\" \/>\n\t<meta name=\"twitter:data2\" content=\"5 minutos\" \/>\n<script type=\"application\/ld+json\" class=\"yoast-schema-graph\">{\"@context\":\"https:\\\/\\\/schema.org\",\"@graph\":[{\"@type\":\"Article\",\"@id\":\"https:\\\/\\\/interamerica.org\\\/es\\\/2013\\\/01\\\/congreso-de-jovenes-en-el-pacifico-sur-promueve-aspectos-practicos-de-la-fe\\\/#article\",\"isPartOf\":{\"@id\":\"https:\\\/\\\/interamerica.org\\\/es\\\/2013\\\/01\\\/congreso-de-jovenes-en-el-pacifico-sur-promueve-aspectos-practicos-de-la-fe\\\/\"},\"author\":{\"name\":\"Lorenzo Verduzco\",\"@id\":\"https:\\\/\\\/interamerica.org\\\/es\\\/#\\\/schema\\\/person\\\/68ede8bdc292885bb76c1e3810e73c39\"},\"headline\":\"Congreso de j\u00f3venes en el Pac\u00edfico Sur promueve aspectos pr\u00e1cticos de la fe\",\"datePublished\":\"2013-01-09T04:00:00+00:00\",\"mainEntityOfPage\":{\"@id\":\"https:\\\/\\\/interamerica.org\\\/es\\\/2013\\\/01\\\/congreso-de-jovenes-en-el-pacifico-sur-promueve-aspectos-practicos-de-la-fe\\\/\"},\"wordCount\":929,\"image\":{\"@id\":\"https:\\\/\\\/interamerica.org\\\/es\\\/2013\\\/01\\\/congreso-de-jovenes-en-el-pacifico-sur-promueve-aspectos-practicos-de-la-fe\\\/#primaryimage\"},\"thumbnailUrl\":\"https:\\\/\\\/interamerica.org\\\/wp-content\\\/uploads\\\/2017\\\/06\\\/spd-youth-4x3-small.jpg\",\"articleSection\":[\"Desde la iglesia mundial\"],\"inLanguage\":\"es\"},{\"@type\":\"WebPage\",\"@id\":\"https:\\\/\\\/interamerica.org\\\/es\\\/2013\\\/01\\\/congreso-de-jovenes-en-el-pacifico-sur-promueve-aspectos-practicos-de-la-fe\\\/\",\"url\":\"https:\\\/\\\/interamerica.org\\\/es\\\/2013\\\/01\\\/congreso-de-jovenes-en-el-pacifico-sur-promueve-aspectos-practicos-de-la-fe\\\/\",\"name\":\"Congreso de j\u00f3venes en el Pac\u00edfico Sur promueve aspectos pr\u00e1cticos de la fe - Iglesia Adventista del S\u00e9ptimo D\u00eda - Divisi\u00f3n Interamericana\",\"isPartOf\":{\"@id\":\"https:\\\/\\\/interamerica.org\\\/es\\\/#website\"},\"primaryImageOfPage\":{\"@id\":\"https:\\\/\\\/interamerica.org\\\/es\\\/2013\\\/01\\\/congreso-de-jovenes-en-el-pacifico-sur-promueve-aspectos-practicos-de-la-fe\\\/#primaryimage\"},\"image\":{\"@id\":\"https:\\\/\\\/interamerica.org\\\/es\\\/2013\\\/01\\\/congreso-de-jovenes-en-el-pacifico-sur-promueve-aspectos-practicos-de-la-fe\\\/#primaryimage\"},\"thumbnailUrl\":\"https:\\\/\\\/interamerica.org\\\/wp-content\\\/uploads\\\/2017\\\/06\\\/spd-youth-4x3-small.jpg\",\"datePublished\":\"2013-01-09T04:00:00+00:00\",\"author\":{\"@id\":\"https:\\\/\\\/interamerica.org\\\/es\\\/#\\\/schema\\\/person\\\/68ede8bdc292885bb76c1e3810e73c39\"},\"breadcrumb\":{\"@id\":\"https:\\\/\\\/interamerica.org\\\/es\\\/2013\\\/01\\\/congreso-de-jovenes-en-el-pacifico-sur-promueve-aspectos-practicos-de-la-fe\\\/#breadcrumb\"},\"inLanguage\":\"es\",\"potentialAction\":[{\"@type\":\"ReadAction\",\"target\":[\"https:\\\/\\\/interamerica.org\\\/es\\\/2013\\\/01\\\/congreso-de-jovenes-en-el-pacifico-sur-promueve-aspectos-practicos-de-la-fe\\\/\"]}]},{\"@type\":\"ImageObject\",\"inLanguage\":\"es\",\"@id\":\"https:\\\/\\\/interamerica.org\\\/es\\\/2013\\\/01\\\/congreso-de-jovenes-en-el-pacifico-sur-promueve-aspectos-practicos-de-la-fe\\\/#primaryimage\",\"url\":\"https:\\\/\\\/interamerica.org\\\/wp-content\\\/uploads\\\/2017\\\/06\\\/spd-youth-4x3-small.jpg\",\"contentUrl\":\"https:\\\/\\\/interamerica.org\\\/wp-content\\\/uploads\\\/2017\\\/06\\\/spd-youth-4x3-small.jpg\",\"width\":315,\"height\":237},{\"@type\":\"BreadcrumbList\",\"@id\":\"https:\\\/\\\/interamerica.org\\\/es\\\/2013\\\/01\\\/congreso-de-jovenes-en-el-pacifico-sur-promueve-aspectos-practicos-de-la-fe\\\/#breadcrumb\",\"itemListElement\":[{\"@type\":\"ListItem\",\"position\":1,\"name\":\"Home\",\"item\":\"https:\\\/\\\/interamerica.org\\\/es\\\/\"},{\"@type\":\"ListItem\",\"position\":2,\"name\":\"Congreso de j\u00f3venes en el Pac\u00edfico Sur promueve aspectos pr\u00e1cticos de la fe\"}]},{\"@type\":\"WebSite\",\"@id\":\"https:\\\/\\\/interamerica.org\\\/es\\\/#website\",\"url\":\"https:\\\/\\\/interamerica.org\\\/es\\\/\",\"name\":\"Iglesia Adventista del S\u00e9ptimo D\u00eda - Divisi\u00f3n Interamericana\",\"description\":\"\",\"potentialAction\":[{\"@type\":\"SearchAction\",\"target\":{\"@type\":\"EntryPoint\",\"urlTemplate\":\"https:\\\/\\\/interamerica.org\\\/es\\\/?s={search_term_string}\"},\"query-input\":{\"@type\":\"PropertyValueSpecification\",\"valueRequired\":true,\"valueName\":\"search_term_string\"}}],\"inLanguage\":\"es\"},{\"@type\":\"Person\",\"@id\":\"https:\\\/\\\/interamerica.org\\\/es\\\/#\\\/schema\\\/person\\\/68ede8bdc292885bb76c1e3810e73c39\",\"name\":\"Lorenzo Verduzco\",\"image\":{\"@type\":\"ImageObject\",\"inLanguage\":\"es\",\"@id\":\"https:\\\/\\\/secure.gravatar.com\\\/avatar\\\/fb81a55b6218459490a9c1dc841a34909185b81904c5337b4b27f7a6fd60c49e?s=96&d=mm&r=g\",\"url\":\"https:\\\/\\\/secure.gravatar.com\\\/avatar\\\/fb81a55b6218459490a9c1dc841a34909185b81904c5337b4b27f7a6fd60c49e?s=96&d=mm&r=g\",\"contentUrl\":\"https:\\\/\\\/secure.gravatar.com\\\/avatar\\\/fb81a55b6218459490a9c1dc841a34909185b81904c5337b4b27f7a6fd60c49e?s=96&d=mm&r=g\",\"caption\":\"Lorenzo Verduzco\"}}]}<\/script>\n<!-- \/ Yoast SEO plugin. -->","yoast_head_json":{"title":"Congreso de j\u00f3venes en el Pac\u00edfico Sur promueve aspectos pr\u00e1cticos de la fe - Iglesia Adventista del S\u00e9ptimo D\u00eda - Divisi\u00f3n Interamericana","robots":{"index":"index","follow":"follow","max-snippet":"max-snippet:-1","max-image-preview":"max-image-preview:large","max-video-preview":"max-video-preview:-1"},"canonical":"https:\/\/interamerica.org\/es\/2013\/01\/congreso-de-jovenes-en-el-pacifico-sur-promueve-aspectos-practicos-de-la-fe\/","og_locale":"es_ES","og_type":"article","og_title":"Congreso de j\u00f3venes en el Pac\u00edfico Sur promueve aspectos pr\u00e1cticos de la fe - Iglesia Adventista del S\u00e9ptimo D\u00eda - Divisi\u00f3n Interamericana","og_description":"La semana pasada, j\u00f3venes de todo el Pac\u00edfico Sur recibieron la comisi\u00f3n de compartir su fe y cambiar el mundo durante un congreso de j\u00f3venes.","og_url":"https:\/\/interamerica.org\/es\/2013\/01\/congreso-de-jovenes-en-el-pacifico-sur-promueve-aspectos-practicos-de-la-fe\/","og_site_name":"Iglesia Adventista del S\u00e9ptimo D\u00eda - Divisi\u00f3n Interamericana","article_published_time":"2013-01-09T04:00:00+00:00","og_image":[{"width":315,"height":237,"url":"https:\/\/interamerica.org\/wp-content\/uploads\/2017\/06\/spd-youth-4x3-small.jpg","type":"image\/jpeg"}],"author":"Lorenzo Verduzco","twitter_card":"summary_large_image","twitter_misc":{"Escrito por":"Lorenzo Verduzco","Tiempo de lectura":"5 minutos"},"schema":{"@context":"https:\/\/schema.org","@graph":[{"@type":"Article","@id":"https:\/\/interamerica.org\/es\/2013\/01\/congreso-de-jovenes-en-el-pacifico-sur-promueve-aspectos-practicos-de-la-fe\/#article","isPartOf":{"@id":"https:\/\/interamerica.org\/es\/2013\/01\/congreso-de-jovenes-en-el-pacifico-sur-promueve-aspectos-practicos-de-la-fe\/"},"author":{"name":"Lorenzo Verduzco","@id":"https:\/\/interamerica.org\/es\/#\/schema\/person\/68ede8bdc292885bb76c1e3810e73c39"},"headline":"Congreso de j\u00f3venes en el Pac\u00edfico Sur promueve aspectos pr\u00e1cticos de la fe","datePublished":"2013-01-09T04:00:00+00:00","mainEntityOfPage":{"@id":"https:\/\/interamerica.org\/es\/2013\/01\/congreso-de-jovenes-en-el-pacifico-sur-promueve-aspectos-practicos-de-la-fe\/"},"wordCount":929,"image":{"@id":"https:\/\/interamerica.org\/es\/2013\/01\/congreso-de-jovenes-en-el-pacifico-sur-promueve-aspectos-practicos-de-la-fe\/#primaryimage"},"thumbnailUrl":"https:\/\/interamerica.org\/wp-content\/uploads\/2017\/06\/spd-youth-4x3-small.jpg","articleSection":["Desde la iglesia mundial"],"inLanguage":"es"},{"@type":"WebPage","@id":"https:\/\/interamerica.org\/es\/2013\/01\/congreso-de-jovenes-en-el-pacifico-sur-promueve-aspectos-practicos-de-la-fe\/","url":"https:\/\/interamerica.org\/es\/2013\/01\/congreso-de-jovenes-en-el-pacifico-sur-promueve-aspectos-practicos-de-la-fe\/","name":"Congreso de j\u00f3venes en el Pac\u00edfico Sur promueve aspectos pr\u00e1cticos de la fe - Iglesia Adventista del S\u00e9ptimo D\u00eda - Divisi\u00f3n Interamericana","isPartOf":{"@id":"https:\/\/interamerica.org\/es\/#website"},"primaryImageOfPage":{"@id":"https:\/\/interamerica.org\/es\/2013\/01\/congreso-de-jovenes-en-el-pacifico-sur-promueve-aspectos-practicos-de-la-fe\/#primaryimage"},"image":{"@id":"https:\/\/interamerica.org\/es\/2013\/01\/congreso-de-jovenes-en-el-pacifico-sur-promueve-aspectos-practicos-de-la-fe\/#primaryimage"},"thumbnailUrl":"https:\/\/interamerica.org\/wp-content\/uploads\/2017\/06\/spd-youth-4x3-small.jpg","datePublished":"2013-01-09T04:00:00+00:00","author":{"@id":"https:\/\/interamerica.org\/es\/#\/schema\/person\/68ede8bdc292885bb76c1e3810e73c39"},"breadcrumb":{"@id":"https:\/\/interamerica.org\/es\/2013\/01\/congreso-de-jovenes-en-el-pacifico-sur-promueve-aspectos-practicos-de-la-fe\/#breadcrumb"},"inLanguage":"es","potentialAction":[{"@type":"ReadAction","target":["https:\/\/interamerica.org\/es\/2013\/01\/congreso-de-jovenes-en-el-pacifico-sur-promueve-aspectos-practicos-de-la-fe\/"]}]},{"@type":"ImageObject","inLanguage":"es","@id":"https:\/\/interamerica.org\/es\/2013\/01\/congreso-de-jovenes-en-el-pacifico-sur-promueve-aspectos-practicos-de-la-fe\/#primaryimage","url":"https:\/\/interamerica.org\/wp-content\/uploads\/2017\/06\/spd-youth-4x3-small.jpg","contentUrl":"https:\/\/interamerica.org\/wp-content\/uploads\/2017\/06\/spd-youth-4x3-small.jpg","width":315,"height":237},{"@type":"BreadcrumbList","@id":"https:\/\/interamerica.org\/es\/2013\/01\/congreso-de-jovenes-en-el-pacifico-sur-promueve-aspectos-practicos-de-la-fe\/#breadcrumb","itemListElement":[{"@type":"ListItem","position":1,"name":"Home","item":"https:\/\/interamerica.org\/es\/"},{"@type":"ListItem","position":2,"name":"Congreso de j\u00f3venes en el Pac\u00edfico Sur promueve aspectos pr\u00e1cticos de la fe"}]},{"@type":"WebSite","@id":"https:\/\/interamerica.org\/es\/#website","url":"https:\/\/interamerica.org\/es\/","name":"Iglesia Adventista del S\u00e9ptimo D\u00eda - Divisi\u00f3n Interamericana","description":"","potentialAction":[{"@type":"SearchAction","target":{"@type":"EntryPoint","urlTemplate":"https:\/\/interamerica.org\/es\/?s={search_term_string}"},"query-input":{"@type":"PropertyValueSpecification","valueRequired":true,"valueName":"search_term_string"}}],"inLanguage":"es"},{"@type":"Person","@id":"https:\/\/interamerica.org\/es\/#\/schema\/person\/68ede8bdc292885bb76c1e3810e73c39","name":"Lorenzo Verduzco","image":{"@type":"ImageObject","inLanguage":"es","@id":"https:\/\/secure.gravatar.com\/avatar\/fb81a55b6218459490a9c1dc841a34909185b81904c5337b4b27f7a6fd60c49e?s=96&d=mm&r=g","url":"https:\/\/secure.gravatar.com\/avatar\/fb81a55b6218459490a9c1dc841a34909185b81904c5337b4b27f7a6fd60c49e?s=96&d=mm&r=g","contentUrl":"https:\/\/secure.gravatar.com\/avatar\/fb81a55b6218459490a9c1dc841a34909185b81904c5337b4b27f7a6fd60c49e?s=96&d=mm&r=g","caption":"Lorenzo Verduzco"}}]}},"_links":{"self":[{"href":"https:\/\/interamerica.org\/es\/wp-json\/wp\/v2\/posts\/30137","targetHints":{"allow":["GET"]}}],"collection":[{"href":"https:\/\/interamerica.org\/es\/wp-json\/wp\/v2\/posts"}],"about":[{"href":"https:\/\/interamerica.org\/es\/wp-json\/wp\/v2\/types\/post"}],"author":[{"embeddable":true,"href":"https:\/\/interamerica.org\/es\/wp-json\/wp\/v2\/users\/1"}],"replies":[{"embeddable":true,"href":"https:\/\/interamerica.org\/es\/wp-json\/wp\/v2\/comments?post=30137"}],"version-history":[{"count":0,"href":"https:\/\/interamerica.org\/es\/wp-json\/wp\/v2\/posts\/30137\/revisions"}],"wp:featuredmedia":[{"embeddable":true,"href":"https:\/\/interamerica.org\/es\/wp-json\/wp\/v2\/media\/20735"}],"wp:attachment":[{"href":"https:\/\/interamerica.org\/es\/wp-json\/wp\/v2\/media?parent=30137"}],"wp:term":[{"taxonomy":"category","embeddable":true,"href":"https:\/\/interamerica.org\/es\/wp-json\/wp\/v2\/categories?post=30137"},{"taxonomy":"post_tag","embeddable":true,"href":"https:\/\/interamerica.org\/es\/wp-json\/wp\/v2\/tags?post=30137"}],"curies":[{"name":"wp","href":"https:\/\/api.w.org\/{rel}","templated":true}]}}