{"id":30139,"date":"2013-01-19T00:00:00","date_gmt":"2013-01-19T04:00:00","guid":{"rendered":"http:\/\/192.81.217.108\/interamerica\/2013\/01\/la-comision-sobre-la-teologia-de-la-ordenacion-culmina-su-primer-encuentro\/"},"modified":"2013-01-19T00:00:00","modified_gmt":"2013-01-19T04:00:00","slug":"la-comision-sobre-la-teologia-de-la-ordenacion-culmina-su-primer-encuentro","status":"publish","type":"post","link":"https:\/\/interamerica.org\/es\/2013\/01\/la-comision-sobre-la-teologia-de-la-ordenacion-culmina-su-primer-encuentro\/","title":{"rendered":"La Comisi\u00f3n sobre la Teolog\u00eda de la Ordenaci\u00f3n culmina su primer encuentro"},"content":{"rendered":"<p>18 de enero de 2013 Silver Spring, Maryland, Estados Unidos&#8230;Adventist Review<\/p>\n<p>Los integrantes de la Comisi\u00f3n de Estudio sobre la Teolog\u00eda de la Ordenaci\u00f3n (TOSC) culminaron su primer encuentro, que fue llevado a cabo en un lugar cercano a la sede central de la iglesia en Silver Spring (Maryland, Estados Unidos), con una nota optimista.<\/p>\n<p>\u201cTenemos la esperanza real de que la iglesia sea capaz de hallar una manera de resolver las diferencias que tenemos sobre la cuesti\u00f3n de la ordenaci\u00f3n\u201d, inform\u00f3 el presidente de la comisi\u00f3n Artur Stele, quien es director del Instituto de Investigaciones B\u00edblicas de la Asociaci\u00f3n General, al dirigirse a los l\u00edderes mundiales de la iglesia por medio de una conferencia telef\u00f3nica al terminar la sesi\u00f3n. \u201cHemos dejado el encuentro con un sentimiento muy optimista y con la confianza de que Dios nos est\u00e1 guiando. Tenemos muchas razones para agradecer al Se\u00f1or\u201d.<\/p>\n<div id=\"attachment_6521\" style=\"width: 325px\" class=\"wp-caption alignleft\"><a href=\"\/interamerica\/wp-content\/uploads\/2017\/06\/ordination-1-3x2-315x210.jpg\" rel=\"fancybox\" title=\"La Comisi\u00f3n sobre la Teolog\u00eda de la Ordenaci\u00f3n culmina su primer encuentro\"><img fetchpriority=\"high\" decoding=\"async\" aria-describedby=\"caption-attachment-6521\" class=\"size-full wp-image-6521\" src=\"\/interamerica\/wp-content\/uploads\/2017\/06\/ordination-1-3x2-315x210.jpg\" alt=\"\" width=\"315\" height=\"210\" \/><\/a><p id=\"caption-attachment-6521\" class=\"wp-caption-text\">Los 106 miembros de la comisi\u00f3n escucharon la presentaci\u00f3n de trabajos sobre diversos aspectos de la ordenaci\u00f3n. Im\u00e1genes de\u00a0Michael Porter<\/p><\/div>\n<p>La Junta Administrativa de la Asociaci\u00f3n General organiz\u00f3 esta comisi\u00f3n en octubre de 2012 con el prop\u00f3sito de estudiar el concepto de la ordenaci\u00f3n desde una perspectiva b\u00edblica y para determinar si su intenci\u00f3n es que sea administrada a solo uno de los sexos. La comisi\u00f3n de estudio incluye a 106 miembros, entre los que se encuentran te\u00f3logos, laicos, pastores y estudiosos de la Biblia de cada una de las trece divisiones mundiales de la iglesia. La Asociaci\u00f3n General design\u00f3 a Stele como presidente de la comisi\u00f3n, Geoffrey Mbwana como vicepresidente, y a Karen Porter como secretaria. Las mujeres suman alrededor del 25 por ciento de los integrantes de la comisi\u00f3n.<\/p>\n<p>Kendra Haloviak-Valentine, profesora asociada de religi\u00f3n de la Universidad de la Sierra; Mark Finley, asistente del presidente de la Asociaci\u00f3n General; y Joel Musvosvi, quien fue designado hace poco rector de la Universidad de Solusi, estuvieron a su cargo los devocionales diarios. Se dedicaron momentos de oraci\u00f3n para invocar la presencia y la conducci\u00f3n del Esp\u00edritu Santo, y estos fueron seguidos por la presentaci\u00f3n de trabajos a cargo de individuos a los que se les ha asignado la tarea de diversos aspectos del tema de la ordenaci\u00f3n. Estos trabajos incluyeron temas tales como qu\u00e9 hacer con las cuestiones doctrinales que surgen en la iglesia, la historia de la ordenaci\u00f3n, y la hermen\u00e9utica.<\/p>\n<p>Despu\u00e9s de cada una de las presentaciones, se dio tiempo para analizar el material presentado con la comisi\u00f3n en pleno. El segundo d\u00eda del encuentro, grupos m\u00e1s peque\u00f1os se reunieron para reflexionar y para desarrollar sugerencias y recomendaciones sobre los trabajos. Sobre la base de las sugerencias y recomendaciones de los grupos de trabajo, los presentadores refinar\u00e1n sus trabajos, y entonces un segundo borrador de cada uno ser\u00e1 enviado a las Comisiones de Investigaciones B\u00edblicas de cada una de las divisiones y a los miembros de la TOSC para que hagan sus aportes antes del pr\u00f3ximo encuentro.<\/p>\n<div id=\"attachment_6522\" style=\"width: 325px\" class=\"wp-caption alignright\"><a href=\"\/interamerica\/wp-content\/uploads\/2017\/06\/ordain_2-315x238.jpg\" rel=\"fancybox\" title=\"La Comisi\u00f3n sobre la Teolog\u00eda de la Ordenaci\u00f3n culmina su primer encuentro\"><img decoding=\"async\" aria-describedby=\"caption-attachment-6522\" class=\"size-full wp-image-6522\" src=\"\/interamerica\/wp-content\/uploads\/2017\/06\/ordain_2-315x238.jpg\" alt=\"\" width=\"315\" height=\"238\" \/><\/a><p id=\"caption-attachment-6522\" class=\"wp-caption-text\">Los miembros de la comisi\u00f3n dedicaron mucho tiempo a buscar la presencia y la conducci\u00f3n de Dios durante la sesi\u00f3n de tres d\u00edas de duraci\u00f3n.<\/p>\n<p><\/p><\/div>\n<p>Durante la segunda tarde del encuentro, se expresaron animadamente las diferencias de opini\u00f3n, seg\u00fan cont\u00f3 uno de los integrantes de la comisi\u00f3n en una entrevista, \u201cpero entonces el Pastor Stele se detuvo y dijo: \u2018Oremos\u2019, y toda la atm\u00f3sfera cambi\u00f3. Se produjo un c\u00e1lido esp\u00edritu cristiano, y nos sentimos libres de compartir de manera abierta nuestras perspectivas\u201d.<\/p>\n<p>Una carta a la Junta Directiva de la Asociaci\u00f3n General de parte del presidente, vicepresidente y secretaria de la comisi\u00f3n, en la que se resume la sesi\u00f3n, declara en parte: \u201cLos miembros de la comisi\u00f3n no pueden sino continuar orando por la comisi\u00f3n mientras esta sigue trabajando bajo la conducci\u00f3n del Esp\u00edritu Santo en este estudio\u201d.<\/p>\n<p>La segunda de las cuatro sesiones planificadas se llevar\u00e1 a cabo en julio de 2013 en Maryland.<\/p>\n<p><em>Traducci\u00f3n de Marcos Paseggi<\/em><\/p>\n","protected":false},"excerpt":{"rendered":"<p>Los integrantes de la Comisi\u00f3n de Estudio sobre la Teolog\u00eda de la Ordenaci\u00f3n (TOSC) culminaron su primer encuentro, que fue llevado a cabo en un lugar cercano a la sede central de la iglesia en Silver Spring (Maryland, Estados Unidos), con una nota optimista.<\/p>\n","protected":false},"author":1,"featured_media":20752,"comment_status":"closed","ping_status":"closed","sticky":false,"template":"","format":"standard","meta":{"_acf_changed":false,"footnotes":""},"categories":[14],"tags":[],"class_list":["post-30139","post","type-post","status-publish","format-standard","has-post-thumbnail","hentry","category-de-la-iglesia-mundial"],"acf":[],"yoast_head":"<!-- This site is optimized with the Yoast SEO plugin v27.3 - https:\/\/yoast.com\/product\/yoast-seo-wordpress\/ -->\n<title>La Comisi\u00f3n sobre la Teolog\u00eda de la Ordenaci\u00f3n culmina su primer encuentro - Iglesia Adventista del S\u00e9ptimo D\u00eda - Divisi\u00f3n Interamericana<\/title>\n<meta name=\"robots\" content=\"index, follow, max-snippet:-1, max-image-preview:large, max-video-preview:-1\" \/>\n<link rel=\"canonical\" href=\"https:\/\/interamerica.org\/es\/2013\/01\/la-comision-sobre-la-teologia-de-la-ordenacion-culmina-su-primer-encuentro\/\" \/>\n<meta property=\"og:locale\" content=\"es_ES\" \/>\n<meta property=\"og:type\" content=\"article\" \/>\n<meta property=\"og:title\" content=\"La Comisi\u00f3n sobre la Teolog\u00eda de la Ordenaci\u00f3n culmina su primer encuentro - Iglesia Adventista del S\u00e9ptimo D\u00eda - Divisi\u00f3n Interamericana\" \/>\n<meta property=\"og:description\" content=\"Los integrantes de la Comisi\u00f3n de Estudio sobre la Teolog\u00eda de la Ordenaci\u00f3n (TOSC) culminaron su primer encuentro, que fue llevado a cabo en un lugar cercano a la sede central de la iglesia en Silver Spring (Maryland, Estados Unidos), con una nota optimista.\" \/>\n<meta property=\"og:url\" content=\"https:\/\/interamerica.org\/es\/2013\/01\/la-comision-sobre-la-teologia-de-la-ordenacion-culmina-su-primer-encuentro\/\" \/>\n<meta property=\"og:site_name\" content=\"Iglesia Adventista del S\u00e9ptimo D\u00eda - Divisi\u00f3n Interamericana\" \/>\n<meta property=\"article:published_time\" content=\"2013-01-19T04:00:00+00:00\" \/>\n<meta property=\"og:image\" content=\"https:\/\/interamerica.org\/wp-content\/uploads\/2017\/06\/ordination-1-3x2-315x210.jpg\" \/>\n\t<meta property=\"og:image:width\" content=\"315\" \/>\n\t<meta property=\"og:image:height\" content=\"210\" \/>\n\t<meta property=\"og:image:type\" content=\"image\/jpeg\" \/>\n<meta name=\"author\" content=\"Lorenzo Verduzco\" \/>\n<meta name=\"twitter:card\" content=\"summary_large_image\" \/>\n<meta name=\"twitter:label1\" content=\"Escrito por\" \/>\n\t<meta name=\"twitter:data1\" content=\"Lorenzo Verduzco\" \/>\n\t<meta name=\"twitter:label2\" content=\"Tiempo de lectura\" \/>\n\t<meta name=\"twitter:data2\" content=\"4 minutos\" \/>\n<script type=\"application\/ld+json\" class=\"yoast-schema-graph\">{\"@context\":\"https:\\\/\\\/schema.org\",\"@graph\":[{\"@type\":\"Article\",\"@id\":\"https:\\\/\\\/interamerica.org\\\/es\\\/2013\\\/01\\\/la-comision-sobre-la-teologia-de-la-ordenacion-culmina-su-primer-encuentro\\\/#article\",\"isPartOf\":{\"@id\":\"https:\\\/\\\/interamerica.org\\\/es\\\/2013\\\/01\\\/la-comision-sobre-la-teologia-de-la-ordenacion-culmina-su-primer-encuentro\\\/\"},\"author\":{\"name\":\"Lorenzo Verduzco\",\"@id\":\"https:\\\/\\\/interamerica.org\\\/es\\\/#\\\/schema\\\/person\\\/68ede8bdc292885bb76c1e3810e73c39\"},\"headline\":\"La Comisi\u00f3n sobre la Teolog\u00eda de la Ordenaci\u00f3n culmina su primer encuentro\",\"datePublished\":\"2013-01-19T04:00:00+00:00\",\"mainEntityOfPage\":{\"@id\":\"https:\\\/\\\/interamerica.org\\\/es\\\/2013\\\/01\\\/la-comision-sobre-la-teologia-de-la-ordenacion-culmina-su-primer-encuentro\\\/\"},\"wordCount\":732,\"image\":{\"@id\":\"https:\\\/\\\/interamerica.org\\\/es\\\/2013\\\/01\\\/la-comision-sobre-la-teologia-de-la-ordenacion-culmina-su-primer-encuentro\\\/#primaryimage\"},\"thumbnailUrl\":\"https:\\\/\\\/interamerica.org\\\/wp-content\\\/uploads\\\/2017\\\/06\\\/ordination-1-3x2-315x210.jpg\",\"articleSection\":[\"Desde la iglesia mundial\"],\"inLanguage\":\"es\"},{\"@type\":\"WebPage\",\"@id\":\"https:\\\/\\\/interamerica.org\\\/es\\\/2013\\\/01\\\/la-comision-sobre-la-teologia-de-la-ordenacion-culmina-su-primer-encuentro\\\/\",\"url\":\"https:\\\/\\\/interamerica.org\\\/es\\\/2013\\\/01\\\/la-comision-sobre-la-teologia-de-la-ordenacion-culmina-su-primer-encuentro\\\/\",\"name\":\"La Comisi\u00f3n sobre la Teolog\u00eda de la Ordenaci\u00f3n culmina su primer encuentro - Iglesia Adventista del S\u00e9ptimo D\u00eda - Divisi\u00f3n Interamericana\",\"isPartOf\":{\"@id\":\"https:\\\/\\\/interamerica.org\\\/es\\\/#website\"},\"primaryImageOfPage\":{\"@id\":\"https:\\\/\\\/interamerica.org\\\/es\\\/2013\\\/01\\\/la-comision-sobre-la-teologia-de-la-ordenacion-culmina-su-primer-encuentro\\\/#primaryimage\"},\"image\":{\"@id\":\"https:\\\/\\\/interamerica.org\\\/es\\\/2013\\\/01\\\/la-comision-sobre-la-teologia-de-la-ordenacion-culmina-su-primer-encuentro\\\/#primaryimage\"},\"thumbnailUrl\":\"https:\\\/\\\/interamerica.org\\\/wp-content\\\/uploads\\\/2017\\\/06\\\/ordination-1-3x2-315x210.jpg\",\"datePublished\":\"2013-01-19T04:00:00+00:00\",\"author\":{\"@id\":\"https:\\\/\\\/interamerica.org\\\/es\\\/#\\\/schema\\\/person\\\/68ede8bdc292885bb76c1e3810e73c39\"},\"breadcrumb\":{\"@id\":\"https:\\\/\\\/interamerica.org\\\/es\\\/2013\\\/01\\\/la-comision-sobre-la-teologia-de-la-ordenacion-culmina-su-primer-encuentro\\\/#breadcrumb\"},\"inLanguage\":\"es\",\"potentialAction\":[{\"@type\":\"ReadAction\",\"target\":[\"https:\\\/\\\/interamerica.org\\\/es\\\/2013\\\/01\\\/la-comision-sobre-la-teologia-de-la-ordenacion-culmina-su-primer-encuentro\\\/\"]}]},{\"@type\":\"ImageObject\",\"inLanguage\":\"es\",\"@id\":\"https:\\\/\\\/interamerica.org\\\/es\\\/2013\\\/01\\\/la-comision-sobre-la-teologia-de-la-ordenacion-culmina-su-primer-encuentro\\\/#primaryimage\",\"url\":\"https:\\\/\\\/interamerica.org\\\/wp-content\\\/uploads\\\/2017\\\/06\\\/ordination-1-3x2-315x210.jpg\",\"contentUrl\":\"https:\\\/\\\/interamerica.org\\\/wp-content\\\/uploads\\\/2017\\\/06\\\/ordination-1-3x2-315x210.jpg\",\"width\":315,\"height\":210},{\"@type\":\"BreadcrumbList\",\"@id\":\"https:\\\/\\\/interamerica.org\\\/es\\\/2013\\\/01\\\/la-comision-sobre-la-teologia-de-la-ordenacion-culmina-su-primer-encuentro\\\/#breadcrumb\",\"itemListElement\":[{\"@type\":\"ListItem\",\"position\":1,\"name\":\"Home\",\"item\":\"https:\\\/\\\/interamerica.org\\\/es\\\/\"},{\"@type\":\"ListItem\",\"position\":2,\"name\":\"La Comisi\u00f3n sobre la Teolog\u00eda de la Ordenaci\u00f3n culmina su primer encuentro\"}]},{\"@type\":\"WebSite\",\"@id\":\"https:\\\/\\\/interamerica.org\\\/es\\\/#website\",\"url\":\"https:\\\/\\\/interamerica.org\\\/es\\\/\",\"name\":\"Iglesia Adventista del S\u00e9ptimo D\u00eda - Divisi\u00f3n Interamericana\",\"description\":\"\",\"potentialAction\":[{\"@type\":\"SearchAction\",\"target\":{\"@type\":\"EntryPoint\",\"urlTemplate\":\"https:\\\/\\\/interamerica.org\\\/es\\\/?s={search_term_string}\"},\"query-input\":{\"@type\":\"PropertyValueSpecification\",\"valueRequired\":true,\"valueName\":\"search_term_string\"}}],\"inLanguage\":\"es\"},{\"@type\":\"Person\",\"@id\":\"https:\\\/\\\/interamerica.org\\\/es\\\/#\\\/schema\\\/person\\\/68ede8bdc292885bb76c1e3810e73c39\",\"name\":\"Lorenzo Verduzco\",\"image\":{\"@type\":\"ImageObject\",\"inLanguage\":\"es\",\"@id\":\"https:\\\/\\\/secure.gravatar.com\\\/avatar\\\/fb81a55b6218459490a9c1dc841a34909185b81904c5337b4b27f7a6fd60c49e?s=96&d=mm&r=g\",\"url\":\"https:\\\/\\\/secure.gravatar.com\\\/avatar\\\/fb81a55b6218459490a9c1dc841a34909185b81904c5337b4b27f7a6fd60c49e?s=96&d=mm&r=g\",\"contentUrl\":\"https:\\\/\\\/secure.gravatar.com\\\/avatar\\\/fb81a55b6218459490a9c1dc841a34909185b81904c5337b4b27f7a6fd60c49e?s=96&d=mm&r=g\",\"caption\":\"Lorenzo Verduzco\"}}]}<\/script>\n<!-- \/ Yoast SEO plugin. -->","yoast_head_json":{"title":"La Comisi\u00f3n sobre la Teolog\u00eda de la Ordenaci\u00f3n culmina su primer encuentro - Iglesia Adventista del S\u00e9ptimo D\u00eda - Divisi\u00f3n Interamericana","robots":{"index":"index","follow":"follow","max-snippet":"max-snippet:-1","max-image-preview":"max-image-preview:large","max-video-preview":"max-video-preview:-1"},"canonical":"https:\/\/interamerica.org\/es\/2013\/01\/la-comision-sobre-la-teologia-de-la-ordenacion-culmina-su-primer-encuentro\/","og_locale":"es_ES","og_type":"article","og_title":"La Comisi\u00f3n sobre la Teolog\u00eda de la Ordenaci\u00f3n culmina su primer encuentro - Iglesia Adventista del S\u00e9ptimo D\u00eda - Divisi\u00f3n Interamericana","og_description":"Los integrantes de la Comisi\u00f3n de Estudio sobre la Teolog\u00eda de la Ordenaci\u00f3n (TOSC) culminaron su primer encuentro, que fue llevado a cabo en un lugar cercano a la sede central de la iglesia en Silver Spring (Maryland, Estados Unidos), con una nota optimista.","og_url":"https:\/\/interamerica.org\/es\/2013\/01\/la-comision-sobre-la-teologia-de-la-ordenacion-culmina-su-primer-encuentro\/","og_site_name":"Iglesia Adventista del S\u00e9ptimo D\u00eda - Divisi\u00f3n Interamericana","article_published_time":"2013-01-19T04:00:00+00:00","og_image":[{"width":315,"height":210,"url":"https:\/\/interamerica.org\/wp-content\/uploads\/2017\/06\/ordination-1-3x2-315x210.jpg","type":"image\/jpeg"}],"author":"Lorenzo Verduzco","twitter_card":"summary_large_image","twitter_misc":{"Escrito por":"Lorenzo Verduzco","Tiempo de lectura":"4 minutos"},"schema":{"@context":"https:\/\/schema.org","@graph":[{"@type":"Article","@id":"https:\/\/interamerica.org\/es\/2013\/01\/la-comision-sobre-la-teologia-de-la-ordenacion-culmina-su-primer-encuentro\/#article","isPartOf":{"@id":"https:\/\/interamerica.org\/es\/2013\/01\/la-comision-sobre-la-teologia-de-la-ordenacion-culmina-su-primer-encuentro\/"},"author":{"name":"Lorenzo Verduzco","@id":"https:\/\/interamerica.org\/es\/#\/schema\/person\/68ede8bdc292885bb76c1e3810e73c39"},"headline":"La Comisi\u00f3n sobre la Teolog\u00eda de la Ordenaci\u00f3n culmina su primer encuentro","datePublished":"2013-01-19T04:00:00+00:00","mainEntityOfPage":{"@id":"https:\/\/interamerica.org\/es\/2013\/01\/la-comision-sobre-la-teologia-de-la-ordenacion-culmina-su-primer-encuentro\/"},"wordCount":732,"image":{"@id":"https:\/\/interamerica.org\/es\/2013\/01\/la-comision-sobre-la-teologia-de-la-ordenacion-culmina-su-primer-encuentro\/#primaryimage"},"thumbnailUrl":"https:\/\/interamerica.org\/wp-content\/uploads\/2017\/06\/ordination-1-3x2-315x210.jpg","articleSection":["Desde la iglesia mundial"],"inLanguage":"es"},{"@type":"WebPage","@id":"https:\/\/interamerica.org\/es\/2013\/01\/la-comision-sobre-la-teologia-de-la-ordenacion-culmina-su-primer-encuentro\/","url":"https:\/\/interamerica.org\/es\/2013\/01\/la-comision-sobre-la-teologia-de-la-ordenacion-culmina-su-primer-encuentro\/","name":"La Comisi\u00f3n sobre la Teolog\u00eda de la Ordenaci\u00f3n culmina su primer encuentro - Iglesia Adventista del S\u00e9ptimo D\u00eda - Divisi\u00f3n Interamericana","isPartOf":{"@id":"https:\/\/interamerica.org\/es\/#website"},"primaryImageOfPage":{"@id":"https:\/\/interamerica.org\/es\/2013\/01\/la-comision-sobre-la-teologia-de-la-ordenacion-culmina-su-primer-encuentro\/#primaryimage"},"image":{"@id":"https:\/\/interamerica.org\/es\/2013\/01\/la-comision-sobre-la-teologia-de-la-ordenacion-culmina-su-primer-encuentro\/#primaryimage"},"thumbnailUrl":"https:\/\/interamerica.org\/wp-content\/uploads\/2017\/06\/ordination-1-3x2-315x210.jpg","datePublished":"2013-01-19T04:00:00+00:00","author":{"@id":"https:\/\/interamerica.org\/es\/#\/schema\/person\/68ede8bdc292885bb76c1e3810e73c39"},"breadcrumb":{"@id":"https:\/\/interamerica.org\/es\/2013\/01\/la-comision-sobre-la-teologia-de-la-ordenacion-culmina-su-primer-encuentro\/#breadcrumb"},"inLanguage":"es","potentialAction":[{"@type":"ReadAction","target":["https:\/\/interamerica.org\/es\/2013\/01\/la-comision-sobre-la-teologia-de-la-ordenacion-culmina-su-primer-encuentro\/"]}]},{"@type":"ImageObject","inLanguage":"es","@id":"https:\/\/interamerica.org\/es\/2013\/01\/la-comision-sobre-la-teologia-de-la-ordenacion-culmina-su-primer-encuentro\/#primaryimage","url":"https:\/\/interamerica.org\/wp-content\/uploads\/2017\/06\/ordination-1-3x2-315x210.jpg","contentUrl":"https:\/\/interamerica.org\/wp-content\/uploads\/2017\/06\/ordination-1-3x2-315x210.jpg","width":315,"height":210},{"@type":"BreadcrumbList","@id":"https:\/\/interamerica.org\/es\/2013\/01\/la-comision-sobre-la-teologia-de-la-ordenacion-culmina-su-primer-encuentro\/#breadcrumb","itemListElement":[{"@type":"ListItem","position":1,"name":"Home","item":"https:\/\/interamerica.org\/es\/"},{"@type":"ListItem","position":2,"name":"La Comisi\u00f3n sobre la Teolog\u00eda de la Ordenaci\u00f3n culmina su primer encuentro"}]},{"@type":"WebSite","@id":"https:\/\/interamerica.org\/es\/#website","url":"https:\/\/interamerica.org\/es\/","name":"Iglesia Adventista del S\u00e9ptimo D\u00eda - Divisi\u00f3n Interamericana","description":"","potentialAction":[{"@type":"SearchAction","target":{"@type":"EntryPoint","urlTemplate":"https:\/\/interamerica.org\/es\/?s={search_term_string}"},"query-input":{"@type":"PropertyValueSpecification","valueRequired":true,"valueName":"search_term_string"}}],"inLanguage":"es"},{"@type":"Person","@id":"https:\/\/interamerica.org\/es\/#\/schema\/person\/68ede8bdc292885bb76c1e3810e73c39","name":"Lorenzo Verduzco","image":{"@type":"ImageObject","inLanguage":"es","@id":"https:\/\/secure.gravatar.com\/avatar\/fb81a55b6218459490a9c1dc841a34909185b81904c5337b4b27f7a6fd60c49e?s=96&d=mm&r=g","url":"https:\/\/secure.gravatar.com\/avatar\/fb81a55b6218459490a9c1dc841a34909185b81904c5337b4b27f7a6fd60c49e?s=96&d=mm&r=g","contentUrl":"https:\/\/secure.gravatar.com\/avatar\/fb81a55b6218459490a9c1dc841a34909185b81904c5337b4b27f7a6fd60c49e?s=96&d=mm&r=g","caption":"Lorenzo Verduzco"}}]}},"_links":{"self":[{"href":"https:\/\/interamerica.org\/es\/wp-json\/wp\/v2\/posts\/30139","targetHints":{"allow":["GET"]}}],"collection":[{"href":"https:\/\/interamerica.org\/es\/wp-json\/wp\/v2\/posts"}],"about":[{"href":"https:\/\/interamerica.org\/es\/wp-json\/wp\/v2\/types\/post"}],"author":[{"embeddable":true,"href":"https:\/\/interamerica.org\/es\/wp-json\/wp\/v2\/users\/1"}],"replies":[{"embeddable":true,"href":"https:\/\/interamerica.org\/es\/wp-json\/wp\/v2\/comments?post=30139"}],"version-history":[{"count":0,"href":"https:\/\/interamerica.org\/es\/wp-json\/wp\/v2\/posts\/30139\/revisions"}],"wp:featuredmedia":[{"embeddable":true,"href":"https:\/\/interamerica.org\/es\/wp-json\/wp\/v2\/media\/20752"}],"wp:attachment":[{"href":"https:\/\/interamerica.org\/es\/wp-json\/wp\/v2\/media?parent=30139"}],"wp:term":[{"taxonomy":"category","embeddable":true,"href":"https:\/\/interamerica.org\/es\/wp-json\/wp\/v2\/categories?post=30139"},{"taxonomy":"post_tag","embeddable":true,"href":"https:\/\/interamerica.org\/es\/wp-json\/wp\/v2\/tags?post=30139"}],"curies":[{"name":"wp","href":"https:\/\/api.w.org\/{rel}","templated":true}]}}