{"id":30140,"date":"2013-01-20T00:00:00","date_gmt":"2013-01-20T04:00:00","guid":{"rendered":"http:\/\/192.81.217.108\/interamerica\/2013\/01\/se-inicia-el-ano-del-laico-con-el-compromiso-de-profundizar-el-reavivamiento-espiritual\/"},"modified":"2013-01-20T00:00:00","modified_gmt":"2013-01-20T04:00:00","slug":"se-inicia-el-ano-del-laico-con-el-compromiso-de-profundizar-el-reavivamiento-espiritual","status":"publish","type":"post","link":"https:\/\/interamerica.org\/es\/2013\/01\/se-inicia-el-ano-del-laico-con-el-compromiso-de-profundizar-el-reavivamiento-espiritual\/","title":{"rendered":"Se inicia el A\u00f1o del Laico con el compromiso de profundizar el reavivamiento espiritual"},"content":{"rendered":"<div id=\"attachment_6534\" style=\"width: 600px\" class=\"wp-caption aligncenter\"><a href=\"\/interamerica\/wp-content\/uploads\/2017\/06\/convocation-cover-large.jpg\" rel=\"fancybox\" title=\"Se inicia el A\u00f1o del Laico con el compromiso de profundizar el reavivamiento espiritual\"><img fetchpriority=\"high\" decoding=\"async\" aria-describedby=\"caption-attachment-6534\" class=\"size-full wp-image-6534 \" src=\"\/interamerica\/wp-content\/uploads\/2017\/06\/convocation-cover-large.jpg\" alt=\"\" width=\"590\" height=\"386\" \/><\/a><p id=\"caption-attachment-6534\" class=\"wp-caption-text\">En la sede de la Iglesia Adventista en Interam\u00e9rica en Miami (Florida, Estados Unidos), los l\u00edderes lanzaron el encuentro Santa Convocaci\u00f3n del 18 al 19 de enero de 2013, para marcar el inicio del \u00abA\u00f1o del Laico\u00bb en todo el territorio. Im\u00e1genes de Libna Stevens\/IAD<\/p><\/div>\n<p>20 de enero de 2013\u00a0\u2013 Miami, Florida, Estados Unidos&#8230;Libna Stevens\/IAD<\/p>\n<div id=\"attachment_6535\" style=\"width: 325px\" class=\"wp-caption alignleft\"><a href=\"\/interamerica\/wp-content\/uploads\/2017\/06\/Convocation-abdls.jpg\" rel=\"fancybox\" title=\"Se inicia el A\u00f1o del Laico con el compromiso de profundizar el reavivamiento espiritual\"><img decoding=\"async\" aria-describedby=\"caption-attachment-6535\" class=\"size-full wp-image-6535\" src=\"\/interamerica\/wp-content\/uploads\/2017\/06\/Convocation-abdls.jpg\" alt=\"\" width=\"315\" height=\"209\" \/><\/a><p id=\"caption-attachment-6535\" class=\"wp-caption-text\">El pastor Abner De Los Santos (izquierda), vicepresidente de la iglesia en la Divisi\u00f3n Interamericana, habla a los l\u00edderes de la iglesia de toda Interam\u00e9rica sobre la importancia de un encuentro especial para continuar promoviendo el reavivamiento y la reforma espiritual en el territorio, que ya cuenta con 3,6 millones de miembros. David Poloche (derecha), de Venezuela, traduce esa parte del mensaje.<\/p><\/div>\n<p>Impulsados por una iniciativa de reavivamiento espiritual puesta en marcha hace dos a\u00f1os en toda la Iglesia Adventista de la Divisi\u00f3n Interamericana, este fin de semana, los principales l\u00edderes de la iglesia dieron inicio al \u00abA\u00f1o del Laico\u00bb en todo el territorio. El evento, que se llev\u00f3 a cabo en la sede central de la iglesia en el territorio, en Miami (Florida, Estados Unidos), reuni\u00f3 a l\u00edderes de la iglesia de las 22 regiones eclesi\u00e1sticas de Interam\u00e9rica, e incluy\u00f3 la ceremonia de la Santa Cena y el desaf\u00edo de continuar con un estilo de vida de oraci\u00f3n diaria, estudio de la Biblia y la misi\u00f3n de compartir el evangelio en todo lugar. Los organizadores denominaron el evento como la primera \u00abSanta Convocaci\u00f3n\u00bb.<\/p>\n<p>\u00abQueremos comenzar las actividades del A\u00f1o del Laico, destinando un tiempo para reunirnos, orar, estudiar la Biblia y planificar estrategias de testificaci\u00f3n que puedan ser implementadas a lo largo y a lo ancho de nuestro vasto territorio\u00bb, dijo el pastor Abner De Los Santos, vicepresidente de la iglesia en Interam\u00e9rica y quien supervisa la retenci\u00f3n de miembros y el reavivamiento y la reforma espiritual.<\/p>\n<p>\u00abNuestro \u00e9nfasis primario es invitar a que todos los principales l\u00edderes participen de un encuentro, reflexionen sobre lo que ha sucedido, se vean inspirados, motivados y desafiados a continuar promoviendo un estilo de reavivamiento espiritual durante el a\u00f1o que est\u00e9 centrado en la celebraci\u00f3n de la obra de miles de nuestros laicos\u00bb, dijo De Los Santos.<\/p>\n<div id=\"attachment_6536\" style=\"width: 310px\" class=\"wp-caption alignright\"><a href=\"\/interamerica\/wp-content\/uploads\/2017\/06\/Ileito-convocation.jpg\" rel=\"fancybox\" title=\"Se inicia el A\u00f1o del Laico con el compromiso de profundizar el reavivamiento espiritual\"><img decoding=\"async\" aria-describedby=\"caption-attachment-6536\" class=\"size-medium wp-image-6536\" src=\"\/interamerica\/wp-content\/uploads\/2017\/06\/Ileito-convocation-300x208.jpg\" alt=\"\" width=\"300\" height=\"208\" \/><\/a><p id=\"caption-attachment-6536\" class=\"wp-caption-text\">El pastor Israel Leito, presidente de la iglesia en Interam\u00e9rica, inst\u00f3 a los l\u00edderes para que sigan comprometidos con una vida de reavivamiento espiritual y contin\u00faen motivando a los miembros para que tengan una vida de oraci\u00f3n constante, estudio de la Biblia y testificaci\u00f3n en sus comunidades.<\/p><\/div>\n<p>Durante el mensaje principal que present\u00f3 el s\u00e1bado 19 de enero, el pastor Israel Leito, presidente de la iglesia en Interam\u00e9rica, desafi\u00f3 a los l\u00edderes para que sostengan en alto la bandera del reavivamiento y la reforma as\u00ed como lo hicieron los fundadores y pioneros de la iglesia.<\/p>\n<p>\u201cTenemos que responder al llamado de reavivamiento y reforma, confiar en Dios, fijar nuestra mirada en \u00e9l, as\u00ed como lo hicieron muchos en el pasado\u00bb, dijo el pastor Leito. \u00abLo que el Se\u00f1or necesita hoy es un pueblo que conf\u00ede en \u00e9l, que se apoye en el Esp\u00edritu Santo, que est\u00e9 dispuesto a comprometerse totalmente con \u00e9l\u00bb.<\/p>\n<p>Esto se relaciona con una vida consagrada, enriquecida con un prop\u00f3sito. Es una vida que no se basa en el pasado sino en el presente, enfatiz\u00f3 el pastor Leito. \u00abDios quiere que vivamos en un estado de reavivamiento y reforma, que miremos hacia el futuro con anticipaci\u00f3n, con la expectativa de que \u00e9l pronto regresar\u00e1\u00bb.<\/p>\n<p>El pastor Leito inst\u00f3 a los l\u00edderes a que hagan su trabajo de reavivamiento y reforma espiritual y que motiven a los miembros a hacer lo mismo, dando continuidad a las iniciativas \u00abConstantes en la Oraci\u00f3n\u00bb, \u00abRecibir la Palabra\u00bb, \u00abPara que el mundo conozca\u00bb a lo largo y a lo ancho del territorio.<\/p>\n<p>\u00abEl reavivamiento y la reforma significa aceptar el desaf\u00edo del aqu\u00ed y el ahora, confiando en un Dios eterno, tomando el pasado como referencia y viviendo la vida cristiana dentro de las circunstancias actuales, avanzando para que \u00e9l nos gu\u00ede as\u00ed como lo ha hecho en el pasado\u00bb, dijo el pastor Leito.<\/p>\n<div id=\"attachment_6537\" style=\"width: 310px\" class=\"wp-caption alignleft\"><a href=\"\/interamerica\/wp-content\/uploads\/2017\/06\/convocation-prayer.jpg\" rel=\"fancybox\" title=\"Se inicia el A\u00f1o del Laico con el compromiso de profundizar el reavivamiento espiritual\"><img loading=\"lazy\" decoding=\"async\" aria-describedby=\"caption-attachment-6537\" class=\"size-medium wp-image-6537\" src=\"\/interamerica\/wp-content\/uploads\/2017\/06\/convocation-prayer-300x213.jpg\" alt=\"\" width=\"300\" height=\"213\" \/><\/a><p id=\"caption-attachment-6537\" class=\"wp-caption-text\">El pastor Eliseo Bustamante, presidente de la iglesia en el Sur de Colombia, eleva una oraci\u00f3n durante el lanzamiento de la \u00abSanta Convocaci\u00f3n\u00bb el pasado 19 de enero de 2013.<\/p><\/div>\n<p>Los momentos dedicados a la oraci\u00f3n destacaron el lanzamiento de la inciativa. Asimismo, un segmento de discusi\u00f3n a cargo de los organizadores durante el lanzamiento se ocup\u00f3 de repasar las actividades e iniciativas llevadas a cabo a lo largo y a lo ancho del territorio durante los \u00faltimos dos a\u00f1os, y los planes de miles de convocaciones en las iglesias locales, que se llevar\u00e1n a cabo del 25 al 26 de enero de\u00a02013 en todo el territorio.<\/p>\n<p>Esta semana, m\u00e1s de 160 l\u00edderes adventistas de cada una de las 118 asociaciones y misiones del territorio se reunir\u00e1n en la sede central de la Divisi\u00f3n Interamericana.<\/p>\n<p>Si desea ver una galer\u00eda de im\u00e1genes, <a href=\"http:\/\/www.flickr.com\/photos\/interamerica\/8396173622\/in\/photostream\">presione aqu\u00ed<\/a><\/p>\n<p>Para saber de las pr\u00f3ximas actividades durante el \u00abA\u00f1o del Laico\u00bb en Interam\u00e9rica 2013, visite\u00a0<a href=\"https:\/\/2013.interamerica.org\/\">2013.interamerica.org<\/a><\/p>\n<p><em>Traducci\u00f3n de Marcos Paseggi<\/em><\/p>\n","protected":false},"excerpt":{"rendered":"<p>Impulsados por una iniciativa de reavivamiento espiritual puesta en marcha hace dos a\u00f1os en toda la Iglesia Adventista de la Divisi\u00f3n Interamericana, este fin de semana, los principales l\u00edderes de la iglesia dieron inicio al \u00abA\u00f1o del Laico\u00bb en todo el territorio.<\/p>\n","protected":false},"author":1,"featured_media":20759,"comment_status":"closed","ping_status":"closed","sticky":false,"template":"","format":"standard","meta":{"_acf_changed":false,"footnotes":""},"categories":[16],"tags":[],"class_list":["post-30140","post","type-post","status-publish","format-standard","has-post-thumbnail","hentry","category-desde-la-sede"],"acf":[],"yoast_head":"<!-- This site is optimized with the Yoast SEO plugin v27.3 - https:\/\/yoast.com\/product\/yoast-seo-wordpress\/ -->\n<title>Se inicia el A\u00f1o del Laico con el compromiso de profundizar el reavivamiento espiritual - Iglesia Adventista del S\u00e9ptimo D\u00eda - Divisi\u00f3n Interamericana<\/title>\n<meta name=\"robots\" content=\"index, follow, max-snippet:-1, max-image-preview:large, max-video-preview:-1\" \/>\n<link rel=\"canonical\" href=\"https:\/\/interamerica.org\/es\/2013\/01\/se-inicia-el-ano-del-laico-con-el-compromiso-de-profundizar-el-reavivamiento-espiritual\/\" \/>\n<meta property=\"og:locale\" content=\"es_ES\" \/>\n<meta property=\"og:type\" content=\"article\" \/>\n<meta property=\"og:title\" content=\"Se inicia el A\u00f1o del Laico con el compromiso de profundizar el reavivamiento espiritual - Iglesia Adventista del S\u00e9ptimo D\u00eda - Divisi\u00f3n Interamericana\" \/>\n<meta property=\"og:description\" content=\"Impulsados por una iniciativa de reavivamiento espiritual puesta en marcha hace dos a\u00f1os en toda la Iglesia Adventista de la Divisi\u00f3n Interamericana, este fin de semana, los principales l\u00edderes de la iglesia dieron inicio al &quot;A\u00f1o del Laico&quot; en todo el territorio.\" \/>\n<meta property=\"og:url\" content=\"https:\/\/interamerica.org\/es\/2013\/01\/se-inicia-el-ano-del-laico-con-el-compromiso-de-profundizar-el-reavivamiento-espiritual\/\" \/>\n<meta property=\"og:site_name\" content=\"Iglesia Adventista del S\u00e9ptimo D\u00eda - Divisi\u00f3n Interamericana\" \/>\n<meta property=\"article:published_time\" content=\"2013-01-20T04:00:00+00:00\" \/>\n<meta property=\"og:image\" content=\"https:\/\/interamerica.org\/wp-content\/uploads\/2017\/06\/Ileito-convocation.jpg\" \/>\n\t<meta property=\"og:image:width\" content=\"315\" \/>\n\t<meta property=\"og:image:height\" content=\"219\" \/>\n\t<meta property=\"og:image:type\" content=\"image\/jpeg\" \/>\n<meta name=\"author\" content=\"Lorenzo Verduzco\" \/>\n<meta name=\"twitter:card\" content=\"summary_large_image\" \/>\n<meta name=\"twitter:label1\" content=\"Escrito por\" \/>\n\t<meta name=\"twitter:data1\" content=\"Lorenzo Verduzco\" \/>\n\t<meta name=\"twitter:label2\" content=\"Tiempo de lectura\" \/>\n\t<meta name=\"twitter:data2\" content=\"5 minutos\" \/>\n<script type=\"application\/ld+json\" class=\"yoast-schema-graph\">{\"@context\":\"https:\\\/\\\/schema.org\",\"@graph\":[{\"@type\":\"Article\",\"@id\":\"https:\\\/\\\/interamerica.org\\\/es\\\/2013\\\/01\\\/se-inicia-el-ano-del-laico-con-el-compromiso-de-profundizar-el-reavivamiento-espiritual\\\/#article\",\"isPartOf\":{\"@id\":\"https:\\\/\\\/interamerica.org\\\/es\\\/2013\\\/01\\\/se-inicia-el-ano-del-laico-con-el-compromiso-de-profundizar-el-reavivamiento-espiritual\\\/\"},\"author\":{\"name\":\"Lorenzo Verduzco\",\"@id\":\"https:\\\/\\\/interamerica.org\\\/es\\\/#\\\/schema\\\/person\\\/68ede8bdc292885bb76c1e3810e73c39\"},\"headline\":\"Se inicia el A\u00f1o del Laico con el compromiso de profundizar el reavivamiento espiritual\",\"datePublished\":\"2013-01-20T04:00:00+00:00\",\"mainEntityOfPage\":{\"@id\":\"https:\\\/\\\/interamerica.org\\\/es\\\/2013\\\/01\\\/se-inicia-el-ano-del-laico-con-el-compromiso-de-profundizar-el-reavivamiento-espiritual\\\/\"},\"wordCount\":926,\"image\":{\"@id\":\"https:\\\/\\\/interamerica.org\\\/es\\\/2013\\\/01\\\/se-inicia-el-ano-del-laico-con-el-compromiso-de-profundizar-el-reavivamiento-espiritual\\\/#primaryimage\"},\"thumbnailUrl\":\"https:\\\/\\\/interamerica.org\\\/wp-content\\\/uploads\\\/2017\\\/06\\\/Ileito-convocation.jpg\",\"articleSection\":[\"Desde la sede\"],\"inLanguage\":\"es\"},{\"@type\":\"WebPage\",\"@id\":\"https:\\\/\\\/interamerica.org\\\/es\\\/2013\\\/01\\\/se-inicia-el-ano-del-laico-con-el-compromiso-de-profundizar-el-reavivamiento-espiritual\\\/\",\"url\":\"https:\\\/\\\/interamerica.org\\\/es\\\/2013\\\/01\\\/se-inicia-el-ano-del-laico-con-el-compromiso-de-profundizar-el-reavivamiento-espiritual\\\/\",\"name\":\"Se inicia el A\u00f1o del Laico con el compromiso de profundizar el reavivamiento espiritual - Iglesia Adventista del S\u00e9ptimo D\u00eda - Divisi\u00f3n Interamericana\",\"isPartOf\":{\"@id\":\"https:\\\/\\\/interamerica.org\\\/es\\\/#website\"},\"primaryImageOfPage\":{\"@id\":\"https:\\\/\\\/interamerica.org\\\/es\\\/2013\\\/01\\\/se-inicia-el-ano-del-laico-con-el-compromiso-de-profundizar-el-reavivamiento-espiritual\\\/#primaryimage\"},\"image\":{\"@id\":\"https:\\\/\\\/interamerica.org\\\/es\\\/2013\\\/01\\\/se-inicia-el-ano-del-laico-con-el-compromiso-de-profundizar-el-reavivamiento-espiritual\\\/#primaryimage\"},\"thumbnailUrl\":\"https:\\\/\\\/interamerica.org\\\/wp-content\\\/uploads\\\/2017\\\/06\\\/Ileito-convocation.jpg\",\"datePublished\":\"2013-01-20T04:00:00+00:00\",\"author\":{\"@id\":\"https:\\\/\\\/interamerica.org\\\/es\\\/#\\\/schema\\\/person\\\/68ede8bdc292885bb76c1e3810e73c39\"},\"breadcrumb\":{\"@id\":\"https:\\\/\\\/interamerica.org\\\/es\\\/2013\\\/01\\\/se-inicia-el-ano-del-laico-con-el-compromiso-de-profundizar-el-reavivamiento-espiritual\\\/#breadcrumb\"},\"inLanguage\":\"es\",\"potentialAction\":[{\"@type\":\"ReadAction\",\"target\":[\"https:\\\/\\\/interamerica.org\\\/es\\\/2013\\\/01\\\/se-inicia-el-ano-del-laico-con-el-compromiso-de-profundizar-el-reavivamiento-espiritual\\\/\"]}]},{\"@type\":\"ImageObject\",\"inLanguage\":\"es\",\"@id\":\"https:\\\/\\\/interamerica.org\\\/es\\\/2013\\\/01\\\/se-inicia-el-ano-del-laico-con-el-compromiso-de-profundizar-el-reavivamiento-espiritual\\\/#primaryimage\",\"url\":\"https:\\\/\\\/interamerica.org\\\/wp-content\\\/uploads\\\/2017\\\/06\\\/Ileito-convocation.jpg\",\"contentUrl\":\"https:\\\/\\\/interamerica.org\\\/wp-content\\\/uploads\\\/2017\\\/06\\\/Ileito-convocation.jpg\",\"width\":315,\"height\":219},{\"@type\":\"BreadcrumbList\",\"@id\":\"https:\\\/\\\/interamerica.org\\\/es\\\/2013\\\/01\\\/se-inicia-el-ano-del-laico-con-el-compromiso-de-profundizar-el-reavivamiento-espiritual\\\/#breadcrumb\",\"itemListElement\":[{\"@type\":\"ListItem\",\"position\":1,\"name\":\"Home\",\"item\":\"https:\\\/\\\/interamerica.org\\\/es\\\/\"},{\"@type\":\"ListItem\",\"position\":2,\"name\":\"Se inicia el A\u00f1o del Laico con el compromiso de profundizar el reavivamiento espiritual\"}]},{\"@type\":\"WebSite\",\"@id\":\"https:\\\/\\\/interamerica.org\\\/es\\\/#website\",\"url\":\"https:\\\/\\\/interamerica.org\\\/es\\\/\",\"name\":\"Iglesia Adventista del S\u00e9ptimo D\u00eda - Divisi\u00f3n Interamericana\",\"description\":\"\",\"potentialAction\":[{\"@type\":\"SearchAction\",\"target\":{\"@type\":\"EntryPoint\",\"urlTemplate\":\"https:\\\/\\\/interamerica.org\\\/es\\\/?s={search_term_string}\"},\"query-input\":{\"@type\":\"PropertyValueSpecification\",\"valueRequired\":true,\"valueName\":\"search_term_string\"}}],\"inLanguage\":\"es\"},{\"@type\":\"Person\",\"@id\":\"https:\\\/\\\/interamerica.org\\\/es\\\/#\\\/schema\\\/person\\\/68ede8bdc292885bb76c1e3810e73c39\",\"name\":\"Lorenzo Verduzco\",\"image\":{\"@type\":\"ImageObject\",\"inLanguage\":\"es\",\"@id\":\"https:\\\/\\\/secure.gravatar.com\\\/avatar\\\/fb81a55b6218459490a9c1dc841a34909185b81904c5337b4b27f7a6fd60c49e?s=96&d=mm&r=g\",\"url\":\"https:\\\/\\\/secure.gravatar.com\\\/avatar\\\/fb81a55b6218459490a9c1dc841a34909185b81904c5337b4b27f7a6fd60c49e?s=96&d=mm&r=g\",\"contentUrl\":\"https:\\\/\\\/secure.gravatar.com\\\/avatar\\\/fb81a55b6218459490a9c1dc841a34909185b81904c5337b4b27f7a6fd60c49e?s=96&d=mm&r=g\",\"caption\":\"Lorenzo Verduzco\"}}]}<\/script>\n<!-- \/ Yoast SEO plugin. -->","yoast_head_json":{"title":"Se inicia el A\u00f1o del Laico con el compromiso de profundizar el reavivamiento espiritual - Iglesia Adventista del S\u00e9ptimo D\u00eda - Divisi\u00f3n Interamericana","robots":{"index":"index","follow":"follow","max-snippet":"max-snippet:-1","max-image-preview":"max-image-preview:large","max-video-preview":"max-video-preview:-1"},"canonical":"https:\/\/interamerica.org\/es\/2013\/01\/se-inicia-el-ano-del-laico-con-el-compromiso-de-profundizar-el-reavivamiento-espiritual\/","og_locale":"es_ES","og_type":"article","og_title":"Se inicia el A\u00f1o del Laico con el compromiso de profundizar el reavivamiento espiritual - Iglesia Adventista del S\u00e9ptimo D\u00eda - Divisi\u00f3n Interamericana","og_description":"Impulsados por una iniciativa de reavivamiento espiritual puesta en marcha hace dos a\u00f1os en toda la Iglesia Adventista de la Divisi\u00f3n Interamericana, este fin de semana, los principales l\u00edderes de la iglesia dieron inicio al \"A\u00f1o del Laico\" en todo el territorio.","og_url":"https:\/\/interamerica.org\/es\/2013\/01\/se-inicia-el-ano-del-laico-con-el-compromiso-de-profundizar-el-reavivamiento-espiritual\/","og_site_name":"Iglesia Adventista del S\u00e9ptimo D\u00eda - Divisi\u00f3n Interamericana","article_published_time":"2013-01-20T04:00:00+00:00","og_image":[{"width":315,"height":219,"url":"https:\/\/interamerica.org\/wp-content\/uploads\/2017\/06\/Ileito-convocation.jpg","type":"image\/jpeg"}],"author":"Lorenzo Verduzco","twitter_card":"summary_large_image","twitter_misc":{"Escrito por":"Lorenzo Verduzco","Tiempo de lectura":"5 minutos"},"schema":{"@context":"https:\/\/schema.org","@graph":[{"@type":"Article","@id":"https:\/\/interamerica.org\/es\/2013\/01\/se-inicia-el-ano-del-laico-con-el-compromiso-de-profundizar-el-reavivamiento-espiritual\/#article","isPartOf":{"@id":"https:\/\/interamerica.org\/es\/2013\/01\/se-inicia-el-ano-del-laico-con-el-compromiso-de-profundizar-el-reavivamiento-espiritual\/"},"author":{"name":"Lorenzo Verduzco","@id":"https:\/\/interamerica.org\/es\/#\/schema\/person\/68ede8bdc292885bb76c1e3810e73c39"},"headline":"Se inicia el A\u00f1o del Laico con el compromiso de profundizar el reavivamiento espiritual","datePublished":"2013-01-20T04:00:00+00:00","mainEntityOfPage":{"@id":"https:\/\/interamerica.org\/es\/2013\/01\/se-inicia-el-ano-del-laico-con-el-compromiso-de-profundizar-el-reavivamiento-espiritual\/"},"wordCount":926,"image":{"@id":"https:\/\/interamerica.org\/es\/2013\/01\/se-inicia-el-ano-del-laico-con-el-compromiso-de-profundizar-el-reavivamiento-espiritual\/#primaryimage"},"thumbnailUrl":"https:\/\/interamerica.org\/wp-content\/uploads\/2017\/06\/Ileito-convocation.jpg","articleSection":["Desde la sede"],"inLanguage":"es"},{"@type":"WebPage","@id":"https:\/\/interamerica.org\/es\/2013\/01\/se-inicia-el-ano-del-laico-con-el-compromiso-de-profundizar-el-reavivamiento-espiritual\/","url":"https:\/\/interamerica.org\/es\/2013\/01\/se-inicia-el-ano-del-laico-con-el-compromiso-de-profundizar-el-reavivamiento-espiritual\/","name":"Se inicia el A\u00f1o del Laico con el compromiso de profundizar el reavivamiento espiritual - Iglesia Adventista del S\u00e9ptimo D\u00eda - Divisi\u00f3n Interamericana","isPartOf":{"@id":"https:\/\/interamerica.org\/es\/#website"},"primaryImageOfPage":{"@id":"https:\/\/interamerica.org\/es\/2013\/01\/se-inicia-el-ano-del-laico-con-el-compromiso-de-profundizar-el-reavivamiento-espiritual\/#primaryimage"},"image":{"@id":"https:\/\/interamerica.org\/es\/2013\/01\/se-inicia-el-ano-del-laico-con-el-compromiso-de-profundizar-el-reavivamiento-espiritual\/#primaryimage"},"thumbnailUrl":"https:\/\/interamerica.org\/wp-content\/uploads\/2017\/06\/Ileito-convocation.jpg","datePublished":"2013-01-20T04:00:00+00:00","author":{"@id":"https:\/\/interamerica.org\/es\/#\/schema\/person\/68ede8bdc292885bb76c1e3810e73c39"},"breadcrumb":{"@id":"https:\/\/interamerica.org\/es\/2013\/01\/se-inicia-el-ano-del-laico-con-el-compromiso-de-profundizar-el-reavivamiento-espiritual\/#breadcrumb"},"inLanguage":"es","potentialAction":[{"@type":"ReadAction","target":["https:\/\/interamerica.org\/es\/2013\/01\/se-inicia-el-ano-del-laico-con-el-compromiso-de-profundizar-el-reavivamiento-espiritual\/"]}]},{"@type":"ImageObject","inLanguage":"es","@id":"https:\/\/interamerica.org\/es\/2013\/01\/se-inicia-el-ano-del-laico-con-el-compromiso-de-profundizar-el-reavivamiento-espiritual\/#primaryimage","url":"https:\/\/interamerica.org\/wp-content\/uploads\/2017\/06\/Ileito-convocation.jpg","contentUrl":"https:\/\/interamerica.org\/wp-content\/uploads\/2017\/06\/Ileito-convocation.jpg","width":315,"height":219},{"@type":"BreadcrumbList","@id":"https:\/\/interamerica.org\/es\/2013\/01\/se-inicia-el-ano-del-laico-con-el-compromiso-de-profundizar-el-reavivamiento-espiritual\/#breadcrumb","itemListElement":[{"@type":"ListItem","position":1,"name":"Home","item":"https:\/\/interamerica.org\/es\/"},{"@type":"ListItem","position":2,"name":"Se inicia el A\u00f1o del Laico con el compromiso de profundizar el reavivamiento espiritual"}]},{"@type":"WebSite","@id":"https:\/\/interamerica.org\/es\/#website","url":"https:\/\/interamerica.org\/es\/","name":"Iglesia Adventista del S\u00e9ptimo D\u00eda - Divisi\u00f3n Interamericana","description":"","potentialAction":[{"@type":"SearchAction","target":{"@type":"EntryPoint","urlTemplate":"https:\/\/interamerica.org\/es\/?s={search_term_string}"},"query-input":{"@type":"PropertyValueSpecification","valueRequired":true,"valueName":"search_term_string"}}],"inLanguage":"es"},{"@type":"Person","@id":"https:\/\/interamerica.org\/es\/#\/schema\/person\/68ede8bdc292885bb76c1e3810e73c39","name":"Lorenzo Verduzco","image":{"@type":"ImageObject","inLanguage":"es","@id":"https:\/\/secure.gravatar.com\/avatar\/fb81a55b6218459490a9c1dc841a34909185b81904c5337b4b27f7a6fd60c49e?s=96&d=mm&r=g","url":"https:\/\/secure.gravatar.com\/avatar\/fb81a55b6218459490a9c1dc841a34909185b81904c5337b4b27f7a6fd60c49e?s=96&d=mm&r=g","contentUrl":"https:\/\/secure.gravatar.com\/avatar\/fb81a55b6218459490a9c1dc841a34909185b81904c5337b4b27f7a6fd60c49e?s=96&d=mm&r=g","caption":"Lorenzo Verduzco"}}]}},"_links":{"self":[{"href":"https:\/\/interamerica.org\/es\/wp-json\/wp\/v2\/posts\/30140","targetHints":{"allow":["GET"]}}],"collection":[{"href":"https:\/\/interamerica.org\/es\/wp-json\/wp\/v2\/posts"}],"about":[{"href":"https:\/\/interamerica.org\/es\/wp-json\/wp\/v2\/types\/post"}],"author":[{"embeddable":true,"href":"https:\/\/interamerica.org\/es\/wp-json\/wp\/v2\/users\/1"}],"replies":[{"embeddable":true,"href":"https:\/\/interamerica.org\/es\/wp-json\/wp\/v2\/comments?post=30140"}],"version-history":[{"count":0,"href":"https:\/\/interamerica.org\/es\/wp-json\/wp\/v2\/posts\/30140\/revisions"}],"wp:featuredmedia":[{"embeddable":true,"href":"https:\/\/interamerica.org\/es\/wp-json\/wp\/v2\/media\/20759"}],"wp:attachment":[{"href":"https:\/\/interamerica.org\/es\/wp-json\/wp\/v2\/media?parent=30140"}],"wp:term":[{"taxonomy":"category","embeddable":true,"href":"https:\/\/interamerica.org\/es\/wp-json\/wp\/v2\/categories?post=30140"},{"taxonomy":"post_tag","embeddable":true,"href":"https:\/\/interamerica.org\/es\/wp-json\/wp\/v2\/tags?post=30140"}],"curies":[{"name":"wp","href":"https:\/\/api.w.org\/{rel}","templated":true}]}}