{"id":30141,"date":"2013-01-22T00:00:00","date_gmt":"2013-01-22T04:00:00","guid":{"rendered":"http:\/\/192.81.217.108\/interamerica\/2013\/01\/primer-simposio-de-libertad-religiosa-en-guadalupe-impulsa-la-participacion-civica\/"},"modified":"2013-01-22T00:00:00","modified_gmt":"2013-01-22T04:00:00","slug":"primer-simposio-de-libertad-religiosa-en-guadalupe-impulsa-la-participacion-civica","status":"publish","type":"post","link":"https:\/\/interamerica.org\/es\/2013\/01\/primer-simposio-de-libertad-religiosa-en-guadalupe-impulsa-la-participacion-civica\/","title":{"rendered":"Primer simposio de libertad religiosa en Guadalupe impulsa la participaci\u00f3n c\u00edvica"},"content":{"rendered":"<p>22 de enero de 2013 Pointe-\u00e0-Pitre, Guadalupe&#8230;ANN<\/p>\n<p>Los l\u00edderes de relaciones p\u00fablicas de la Iglesia Adventista del S\u00e9ptimo D\u00eda describieron el primer simposio de libertad religiosa de la denominaci\u00f3n en Guadalupe como un modelo para la mayor participaci\u00f3n c\u00edvica en diversas regiones de todo el mundo.<\/p>\n<div id=\"attachment_6549\" style=\"width: 310px\" class=\"wp-caption alignleft\"><a href=\"\/interamerica\/wp-content\/uploads\/2017\/06\/ganoune-guad-315x237.jpg\" rel=\"fancybox\" title=\"Primer simposio de libertad religiosa en Guadalupe impulsa la participaci\u00f3n c\u00edvica\"><img fetchpriority=\"high\" decoding=\"async\" aria-describedby=\"caption-attachment-6549\" class=\"size-medium wp-image-6549\" src=\"\/interamerica\/wp-content\/uploads\/2017\/06\/ganoune-guad-315x237-300x224.jpg\" alt=\"\" width=\"300\" height=\"224\" \/><\/a><p id=\"caption-attachment-6549\" class=\"wp-caption-text\">Ganoune Diop (izquierda), director asociado de relaciones p\u00fablicas de la Iglesia Adventista mundial, entrega un presente a Victorin Lurel, presidenta del Concilio Regional de Guadalupe, en un simposio de libertad religiosa que se llev\u00f3 a cabo en las islas hace unas semanas.<\/p><\/div>\n<p>Hace unas semanas, unas ochocientas personas asistieron a un simposio de tres d\u00edas en este archipi\u00e9lago caribe\u00f1o, en el que los l\u00edderes adventistas siguieron instando a los pastores y administradores locales para que busquen de manera deliberada el di\u00e1logo con los funcionarios del gobierno y otros grupos religiosos.<\/p>\n<p>Al evento asistieron pastores, funcionarios de la iglesia local y l\u00edderes del gobierno, entre los que se encontr\u00f3 la destacada funcionaria de gobierno Victorin Lurel, presidenta del Concilio Regional de Guadalupe. El archipi\u00e9lago es un departamento de ultramar de Francia.<\/p>\n<p>\u201cCreemos que un simposio de esta naturaleza es un modelo que pueden seguir en forma regional otras asociaciones y uniones de la Iglesia Adventista\u201d, dijo Ganoune Diop, director asociado del departamento de Relaciones P\u00fablicas y Libertad Religiosa (PARL) en la sede central de la denominaci\u00f3n.<\/p>\n<p>\u201cQueremos que la gente entienda mejor qui\u00e9nes son los adventistas y sean conscientes de sus contribuciones a la comunidad\u201d, dijo Diop, quien tambi\u00e9n cumple funciones como el enlace de la iglesia con las Naciones Unidas.<\/p>\n<p>Roberto Herrera, director del PARL para la Divisi\u00f3n Interamericana de la Iglesia Adventista, dice que espera que este evento estimule un mayor compromiso en todas las congregaciones de comprender la importancia de promover la libertad religiosa. Constituye asimismo una oportunidad de promover el compromiso que tiene la iglesia con la salud, la educaci\u00f3n y la asistencia humanitaria, as\u00ed como la capacitaci\u00f3n de las mujeres y los ni\u00f1os.<\/p>\n<p>Guadalupe se ha destacado por mucho tiempo por su libertad religiosa, dijo Max Laurent, presidente de la Uni\u00f3n de las Antillas Francesas y Guyana de la Iglesia Adventista, que incluye el archipi\u00e9lago. A pesar de ello, uno de los desaf\u00edos es que los estudiantes adventistas secundarios peri\u00f3dicamente tienen problemas con clases y ex\u00e1menes que se planifican para los s\u00e1bados, el d\u00eda que los adventistas observan como d\u00eda de descanso b\u00edblico.<\/p>\n<p>Laurent dijo que los l\u00edderes de la iglesia en Guadalupe piensan seguir dialogando con los l\u00edderes del gobierno y los directivos de las instituciones educativas para ayudar a sus estudiantes.<\/p>\n<p>En unos meses, la Iglesia Adventista planea llevar a cabo una celebraci\u00f3n de la libertad religiosa en toda la uni\u00f3n. El evento tendr\u00e1 lugar en Martinica.<\/p>\n<p><em>Traducci\u00f3n de Marcos Paseggi<\/em><\/p>\n","protected":false},"excerpt":{"rendered":"<p>22 de enero de 2013 Pointe-\u00e0-Pitre, Guadalupe&#8230;ANN Los l\u00edderes de relaciones p\u00fablicas de la Iglesia Adventista del S\u00e9ptimo D\u00eda describieron el primer simposio de libertad religiosa de la denominaci\u00f3n en&#8230;<\/p>\n","protected":false},"author":1,"featured_media":20772,"comment_status":"closed","ping_status":"closed","sticky":false,"template":"","format":"standard","meta":{"_acf_changed":false,"footnotes":""},"categories":[14],"tags":[],"class_list":["post-30141","post","type-post","status-publish","format-standard","has-post-thumbnail","hentry","category-de-la-iglesia-mundial"],"acf":[],"yoast_head":"<!-- This site is optimized with the Yoast SEO plugin v27.3 - https:\/\/yoast.com\/product\/yoast-seo-wordpress\/ -->\n<title>Primer simposio de libertad religiosa en Guadalupe impulsa la participaci\u00f3n c\u00edvica - Iglesia Adventista del S\u00e9ptimo D\u00eda - Divisi\u00f3n Interamericana<\/title>\n<meta name=\"robots\" content=\"index, follow, max-snippet:-1, max-image-preview:large, max-video-preview:-1\" \/>\n<link rel=\"canonical\" href=\"https:\/\/interamerica.org\/es\/2013\/01\/primer-simposio-de-libertad-religiosa-en-guadalupe-impulsa-la-participacion-civica\/\" \/>\n<meta property=\"og:locale\" content=\"es_ES\" \/>\n<meta property=\"og:type\" content=\"article\" \/>\n<meta property=\"og:title\" content=\"Primer simposio de libertad religiosa en Guadalupe impulsa la participaci\u00f3n c\u00edvica - Iglesia Adventista del S\u00e9ptimo D\u00eda - Divisi\u00f3n Interamericana\" \/>\n<meta property=\"og:description\" content=\"22 de enero de 2013 Pointe-\u00e0-Pitre, Guadalupe&#8230;ANN Los l\u00edderes de relaciones p\u00fablicas de la Iglesia Adventista del S\u00e9ptimo D\u00eda describieron el primer simposio de libertad religiosa de la denominaci\u00f3n en...\" \/>\n<meta property=\"og:url\" content=\"https:\/\/interamerica.org\/es\/2013\/01\/primer-simposio-de-libertad-religiosa-en-guadalupe-impulsa-la-participacion-civica\/\" \/>\n<meta property=\"og:site_name\" content=\"Iglesia Adventista del S\u00e9ptimo D\u00eda - Divisi\u00f3n Interamericana\" \/>\n<meta property=\"article:published_time\" content=\"2013-01-22T04:00:00+00:00\" \/>\n<meta property=\"og:image\" content=\"https:\/\/interamerica.org\/wp-content\/uploads\/2017\/06\/ganoune-guad-315x237.jpg\" \/>\n\t<meta property=\"og:image:width\" content=\"315\" \/>\n\t<meta property=\"og:image:height\" content=\"236\" \/>\n\t<meta property=\"og:image:type\" content=\"image\/jpeg\" \/>\n<meta name=\"author\" content=\"Lorenzo Verduzco\" \/>\n<meta name=\"twitter:card\" content=\"summary_large_image\" \/>\n<meta name=\"twitter:label1\" content=\"Escrito por\" \/>\n\t<meta name=\"twitter:data1\" content=\"Lorenzo Verduzco\" \/>\n\t<meta name=\"twitter:label2\" content=\"Tiempo de lectura\" \/>\n\t<meta name=\"twitter:data2\" content=\"2 minutos\" \/>\n<script type=\"application\/ld+json\" class=\"yoast-schema-graph\">{\"@context\":\"https:\\\/\\\/schema.org\",\"@graph\":[{\"@type\":\"Article\",\"@id\":\"https:\\\/\\\/interamerica.org\\\/es\\\/2013\\\/01\\\/primer-simposio-de-libertad-religiosa-en-guadalupe-impulsa-la-participacion-civica\\\/#article\",\"isPartOf\":{\"@id\":\"https:\\\/\\\/interamerica.org\\\/es\\\/2013\\\/01\\\/primer-simposio-de-libertad-religiosa-en-guadalupe-impulsa-la-participacion-civica\\\/\"},\"author\":{\"name\":\"Lorenzo Verduzco\",\"@id\":\"https:\\\/\\\/interamerica.org\\\/es\\\/#\\\/schema\\\/person\\\/68ede8bdc292885bb76c1e3810e73c39\"},\"headline\":\"Primer simposio de libertad religiosa en Guadalupe impulsa la participaci\u00f3n c\u00edvica\",\"datePublished\":\"2013-01-22T04:00:00+00:00\",\"mainEntityOfPage\":{\"@id\":\"https:\\\/\\\/interamerica.org\\\/es\\\/2013\\\/01\\\/primer-simposio-de-libertad-religiosa-en-guadalupe-impulsa-la-participacion-civica\\\/\"},\"wordCount\":510,\"image\":{\"@id\":\"https:\\\/\\\/interamerica.org\\\/es\\\/2013\\\/01\\\/primer-simposio-de-libertad-religiosa-en-guadalupe-impulsa-la-participacion-civica\\\/#primaryimage\"},\"thumbnailUrl\":\"https:\\\/\\\/interamerica.org\\\/wp-content\\\/uploads\\\/2017\\\/06\\\/ganoune-guad-315x237.jpg\",\"articleSection\":[\"Desde la iglesia mundial\"],\"inLanguage\":\"es\"},{\"@type\":\"WebPage\",\"@id\":\"https:\\\/\\\/interamerica.org\\\/es\\\/2013\\\/01\\\/primer-simposio-de-libertad-religiosa-en-guadalupe-impulsa-la-participacion-civica\\\/\",\"url\":\"https:\\\/\\\/interamerica.org\\\/es\\\/2013\\\/01\\\/primer-simposio-de-libertad-religiosa-en-guadalupe-impulsa-la-participacion-civica\\\/\",\"name\":\"Primer simposio de libertad religiosa en Guadalupe impulsa la participaci\u00f3n c\u00edvica - Iglesia Adventista del S\u00e9ptimo D\u00eda - Divisi\u00f3n Interamericana\",\"isPartOf\":{\"@id\":\"https:\\\/\\\/interamerica.org\\\/es\\\/#website\"},\"primaryImageOfPage\":{\"@id\":\"https:\\\/\\\/interamerica.org\\\/es\\\/2013\\\/01\\\/primer-simposio-de-libertad-religiosa-en-guadalupe-impulsa-la-participacion-civica\\\/#primaryimage\"},\"image\":{\"@id\":\"https:\\\/\\\/interamerica.org\\\/es\\\/2013\\\/01\\\/primer-simposio-de-libertad-religiosa-en-guadalupe-impulsa-la-participacion-civica\\\/#primaryimage\"},\"thumbnailUrl\":\"https:\\\/\\\/interamerica.org\\\/wp-content\\\/uploads\\\/2017\\\/06\\\/ganoune-guad-315x237.jpg\",\"datePublished\":\"2013-01-22T04:00:00+00:00\",\"author\":{\"@id\":\"https:\\\/\\\/interamerica.org\\\/es\\\/#\\\/schema\\\/person\\\/68ede8bdc292885bb76c1e3810e73c39\"},\"breadcrumb\":{\"@id\":\"https:\\\/\\\/interamerica.org\\\/es\\\/2013\\\/01\\\/primer-simposio-de-libertad-religiosa-en-guadalupe-impulsa-la-participacion-civica\\\/#breadcrumb\"},\"inLanguage\":\"es\",\"potentialAction\":[{\"@type\":\"ReadAction\",\"target\":[\"https:\\\/\\\/interamerica.org\\\/es\\\/2013\\\/01\\\/primer-simposio-de-libertad-religiosa-en-guadalupe-impulsa-la-participacion-civica\\\/\"]}]},{\"@type\":\"ImageObject\",\"inLanguage\":\"es\",\"@id\":\"https:\\\/\\\/interamerica.org\\\/es\\\/2013\\\/01\\\/primer-simposio-de-libertad-religiosa-en-guadalupe-impulsa-la-participacion-civica\\\/#primaryimage\",\"url\":\"https:\\\/\\\/interamerica.org\\\/wp-content\\\/uploads\\\/2017\\\/06\\\/ganoune-guad-315x237.jpg\",\"contentUrl\":\"https:\\\/\\\/interamerica.org\\\/wp-content\\\/uploads\\\/2017\\\/06\\\/ganoune-guad-315x237.jpg\",\"width\":315,\"height\":236},{\"@type\":\"BreadcrumbList\",\"@id\":\"https:\\\/\\\/interamerica.org\\\/es\\\/2013\\\/01\\\/primer-simposio-de-libertad-religiosa-en-guadalupe-impulsa-la-participacion-civica\\\/#breadcrumb\",\"itemListElement\":[{\"@type\":\"ListItem\",\"position\":1,\"name\":\"Home\",\"item\":\"https:\\\/\\\/interamerica.org\\\/es\\\/\"},{\"@type\":\"ListItem\",\"position\":2,\"name\":\"Primer simposio de libertad religiosa en Guadalupe impulsa la participaci\u00f3n c\u00edvica\"}]},{\"@type\":\"WebSite\",\"@id\":\"https:\\\/\\\/interamerica.org\\\/es\\\/#website\",\"url\":\"https:\\\/\\\/interamerica.org\\\/es\\\/\",\"name\":\"Iglesia Adventista del S\u00e9ptimo D\u00eda - Divisi\u00f3n Interamericana\",\"description\":\"\",\"potentialAction\":[{\"@type\":\"SearchAction\",\"target\":{\"@type\":\"EntryPoint\",\"urlTemplate\":\"https:\\\/\\\/interamerica.org\\\/es\\\/?s={search_term_string}\"},\"query-input\":{\"@type\":\"PropertyValueSpecification\",\"valueRequired\":true,\"valueName\":\"search_term_string\"}}],\"inLanguage\":\"es\"},{\"@type\":\"Person\",\"@id\":\"https:\\\/\\\/interamerica.org\\\/es\\\/#\\\/schema\\\/person\\\/68ede8bdc292885bb76c1e3810e73c39\",\"name\":\"Lorenzo Verduzco\",\"image\":{\"@type\":\"ImageObject\",\"inLanguage\":\"es\",\"@id\":\"https:\\\/\\\/secure.gravatar.com\\\/avatar\\\/fb81a55b6218459490a9c1dc841a34909185b81904c5337b4b27f7a6fd60c49e?s=96&d=mm&r=g\",\"url\":\"https:\\\/\\\/secure.gravatar.com\\\/avatar\\\/fb81a55b6218459490a9c1dc841a34909185b81904c5337b4b27f7a6fd60c49e?s=96&d=mm&r=g\",\"contentUrl\":\"https:\\\/\\\/secure.gravatar.com\\\/avatar\\\/fb81a55b6218459490a9c1dc841a34909185b81904c5337b4b27f7a6fd60c49e?s=96&d=mm&r=g\",\"caption\":\"Lorenzo Verduzco\"}}]}<\/script>\n<!-- \/ Yoast SEO plugin. -->","yoast_head_json":{"title":"Primer simposio de libertad religiosa en Guadalupe impulsa la participaci\u00f3n c\u00edvica - Iglesia Adventista del S\u00e9ptimo D\u00eda - Divisi\u00f3n Interamericana","robots":{"index":"index","follow":"follow","max-snippet":"max-snippet:-1","max-image-preview":"max-image-preview:large","max-video-preview":"max-video-preview:-1"},"canonical":"https:\/\/interamerica.org\/es\/2013\/01\/primer-simposio-de-libertad-religiosa-en-guadalupe-impulsa-la-participacion-civica\/","og_locale":"es_ES","og_type":"article","og_title":"Primer simposio de libertad religiosa en Guadalupe impulsa la participaci\u00f3n c\u00edvica - Iglesia Adventista del S\u00e9ptimo D\u00eda - Divisi\u00f3n Interamericana","og_description":"22 de enero de 2013 Pointe-\u00e0-Pitre, Guadalupe&#8230;ANN Los l\u00edderes de relaciones p\u00fablicas de la Iglesia Adventista del S\u00e9ptimo D\u00eda describieron el primer simposio de libertad religiosa de la denominaci\u00f3n en...","og_url":"https:\/\/interamerica.org\/es\/2013\/01\/primer-simposio-de-libertad-religiosa-en-guadalupe-impulsa-la-participacion-civica\/","og_site_name":"Iglesia Adventista del S\u00e9ptimo D\u00eda - Divisi\u00f3n Interamericana","article_published_time":"2013-01-22T04:00:00+00:00","og_image":[{"width":315,"height":236,"url":"https:\/\/interamerica.org\/wp-content\/uploads\/2017\/06\/ganoune-guad-315x237.jpg","type":"image\/jpeg"}],"author":"Lorenzo Verduzco","twitter_card":"summary_large_image","twitter_misc":{"Escrito por":"Lorenzo Verduzco","Tiempo de lectura":"2 minutos"},"schema":{"@context":"https:\/\/schema.org","@graph":[{"@type":"Article","@id":"https:\/\/interamerica.org\/es\/2013\/01\/primer-simposio-de-libertad-religiosa-en-guadalupe-impulsa-la-participacion-civica\/#article","isPartOf":{"@id":"https:\/\/interamerica.org\/es\/2013\/01\/primer-simposio-de-libertad-religiosa-en-guadalupe-impulsa-la-participacion-civica\/"},"author":{"name":"Lorenzo Verduzco","@id":"https:\/\/interamerica.org\/es\/#\/schema\/person\/68ede8bdc292885bb76c1e3810e73c39"},"headline":"Primer simposio de libertad religiosa en Guadalupe impulsa la participaci\u00f3n c\u00edvica","datePublished":"2013-01-22T04:00:00+00:00","mainEntityOfPage":{"@id":"https:\/\/interamerica.org\/es\/2013\/01\/primer-simposio-de-libertad-religiosa-en-guadalupe-impulsa-la-participacion-civica\/"},"wordCount":510,"image":{"@id":"https:\/\/interamerica.org\/es\/2013\/01\/primer-simposio-de-libertad-religiosa-en-guadalupe-impulsa-la-participacion-civica\/#primaryimage"},"thumbnailUrl":"https:\/\/interamerica.org\/wp-content\/uploads\/2017\/06\/ganoune-guad-315x237.jpg","articleSection":["Desde la iglesia mundial"],"inLanguage":"es"},{"@type":"WebPage","@id":"https:\/\/interamerica.org\/es\/2013\/01\/primer-simposio-de-libertad-religiosa-en-guadalupe-impulsa-la-participacion-civica\/","url":"https:\/\/interamerica.org\/es\/2013\/01\/primer-simposio-de-libertad-religiosa-en-guadalupe-impulsa-la-participacion-civica\/","name":"Primer simposio de libertad religiosa en Guadalupe impulsa la participaci\u00f3n c\u00edvica - Iglesia Adventista del S\u00e9ptimo D\u00eda - Divisi\u00f3n Interamericana","isPartOf":{"@id":"https:\/\/interamerica.org\/es\/#website"},"primaryImageOfPage":{"@id":"https:\/\/interamerica.org\/es\/2013\/01\/primer-simposio-de-libertad-religiosa-en-guadalupe-impulsa-la-participacion-civica\/#primaryimage"},"image":{"@id":"https:\/\/interamerica.org\/es\/2013\/01\/primer-simposio-de-libertad-religiosa-en-guadalupe-impulsa-la-participacion-civica\/#primaryimage"},"thumbnailUrl":"https:\/\/interamerica.org\/wp-content\/uploads\/2017\/06\/ganoune-guad-315x237.jpg","datePublished":"2013-01-22T04:00:00+00:00","author":{"@id":"https:\/\/interamerica.org\/es\/#\/schema\/person\/68ede8bdc292885bb76c1e3810e73c39"},"breadcrumb":{"@id":"https:\/\/interamerica.org\/es\/2013\/01\/primer-simposio-de-libertad-religiosa-en-guadalupe-impulsa-la-participacion-civica\/#breadcrumb"},"inLanguage":"es","potentialAction":[{"@type":"ReadAction","target":["https:\/\/interamerica.org\/es\/2013\/01\/primer-simposio-de-libertad-religiosa-en-guadalupe-impulsa-la-participacion-civica\/"]}]},{"@type":"ImageObject","inLanguage":"es","@id":"https:\/\/interamerica.org\/es\/2013\/01\/primer-simposio-de-libertad-religiosa-en-guadalupe-impulsa-la-participacion-civica\/#primaryimage","url":"https:\/\/interamerica.org\/wp-content\/uploads\/2017\/06\/ganoune-guad-315x237.jpg","contentUrl":"https:\/\/interamerica.org\/wp-content\/uploads\/2017\/06\/ganoune-guad-315x237.jpg","width":315,"height":236},{"@type":"BreadcrumbList","@id":"https:\/\/interamerica.org\/es\/2013\/01\/primer-simposio-de-libertad-religiosa-en-guadalupe-impulsa-la-participacion-civica\/#breadcrumb","itemListElement":[{"@type":"ListItem","position":1,"name":"Home","item":"https:\/\/interamerica.org\/es\/"},{"@type":"ListItem","position":2,"name":"Primer simposio de libertad religiosa en Guadalupe impulsa la participaci\u00f3n c\u00edvica"}]},{"@type":"WebSite","@id":"https:\/\/interamerica.org\/es\/#website","url":"https:\/\/interamerica.org\/es\/","name":"Iglesia Adventista del S\u00e9ptimo D\u00eda - Divisi\u00f3n Interamericana","description":"","potentialAction":[{"@type":"SearchAction","target":{"@type":"EntryPoint","urlTemplate":"https:\/\/interamerica.org\/es\/?s={search_term_string}"},"query-input":{"@type":"PropertyValueSpecification","valueRequired":true,"valueName":"search_term_string"}}],"inLanguage":"es"},{"@type":"Person","@id":"https:\/\/interamerica.org\/es\/#\/schema\/person\/68ede8bdc292885bb76c1e3810e73c39","name":"Lorenzo Verduzco","image":{"@type":"ImageObject","inLanguage":"es","@id":"https:\/\/secure.gravatar.com\/avatar\/fb81a55b6218459490a9c1dc841a34909185b81904c5337b4b27f7a6fd60c49e?s=96&d=mm&r=g","url":"https:\/\/secure.gravatar.com\/avatar\/fb81a55b6218459490a9c1dc841a34909185b81904c5337b4b27f7a6fd60c49e?s=96&d=mm&r=g","contentUrl":"https:\/\/secure.gravatar.com\/avatar\/fb81a55b6218459490a9c1dc841a34909185b81904c5337b4b27f7a6fd60c49e?s=96&d=mm&r=g","caption":"Lorenzo Verduzco"}}]}},"_links":{"self":[{"href":"https:\/\/interamerica.org\/es\/wp-json\/wp\/v2\/posts\/30141","targetHints":{"allow":["GET"]}}],"collection":[{"href":"https:\/\/interamerica.org\/es\/wp-json\/wp\/v2\/posts"}],"about":[{"href":"https:\/\/interamerica.org\/es\/wp-json\/wp\/v2\/types\/post"}],"author":[{"embeddable":true,"href":"https:\/\/interamerica.org\/es\/wp-json\/wp\/v2\/users\/1"}],"replies":[{"embeddable":true,"href":"https:\/\/interamerica.org\/es\/wp-json\/wp\/v2\/comments?post=30141"}],"version-history":[{"count":0,"href":"https:\/\/interamerica.org\/es\/wp-json\/wp\/v2\/posts\/30141\/revisions"}],"wp:featuredmedia":[{"embeddable":true,"href":"https:\/\/interamerica.org\/es\/wp-json\/wp\/v2\/media\/20772"}],"wp:attachment":[{"href":"https:\/\/interamerica.org\/es\/wp-json\/wp\/v2\/media?parent=30141"}],"wp:term":[{"taxonomy":"category","embeddable":true,"href":"https:\/\/interamerica.org\/es\/wp-json\/wp\/v2\/categories?post=30141"},{"taxonomy":"post_tag","embeddable":true,"href":"https:\/\/interamerica.org\/es\/wp-json\/wp\/v2\/tags?post=30141"}],"curies":[{"name":"wp","href":"https:\/\/api.w.org\/{rel}","templated":true}]}}