{"id":30142,"date":"2013-01-25T00:00:00","date_gmt":"2013-01-25T04:00:00","guid":{"rendered":"http:\/\/192.81.217.108\/interamerica\/2013\/01\/en-curazao-voluntarios-adventistas-remplazan-escuela-destruida-por-una-tormenta\/"},"modified":"2013-01-25T00:00:00","modified_gmt":"2013-01-25T04:00:00","slug":"en-curazao-voluntarios-adventistas-remplazan-escuela-destruida-por-una-tormenta","status":"publish","type":"post","link":"https:\/\/interamerica.org\/es\/2013\/01\/en-curazao-voluntarios-adventistas-remplazan-escuela-destruida-por-una-tormenta\/","title":{"rendered":"En Curazao, voluntarios adventistas remplazan escuela destruida por una tormenta"},"content":{"rendered":"<div id=\"attachment_6586\" style=\"width: 600px\" class=\"wp-caption aligncenter\"><a href=\"\/interamerica\/wp-content\/uploads\/2017\/06\/MaranathaI-curacao-classroom-Big2.jpg\" rel=\"fancybox\" title=\"En Curazao, voluntarios adventistas remplazan escuela destruida por una tormenta\"><img fetchpriority=\"high\" decoding=\"async\" aria-describedby=\"caption-attachment-6586\" class=\"size-full wp-image-6586\" src=\"\/interamerica\/wp-content\/uploads\/2017\/06\/MaranathaI-curacao-classroom-Big2.jpg\" alt=\"\" width=\"590\" height=\"443\" \/><\/a><p id=\"caption-attachment-6586\" class=\"wp-caption-text\">Los estudiantes de la Escuela Primaria Adventista Mahuma Sur en Curazao disfrutan de su nuevo sal\u00f3n de clases al comenzar un nuevo d\u00eda, gracias al trabajo de Maranatha Volunteers International. Im\u00e1genes por cortes\u00eda de Dick Duerksen\/Maranatha Volunteers International<\/p><\/div>\n<p>23 de enero de 2013, JULIE Z. LEE\/Maranatha Volunteers International\/Adventist Review<\/p>\n<p>Seis meses despu\u00e9s del pedido inicial por parte de la Divisi\u00f3n Interamericana de la Iglesia Adventista del S\u00e9ptimo D\u00eda, la organizaci\u00f3n\u00a0Maranatha Volunteers International complet\u00f3 un campus de una \u00abEscuela de un d\u00eda\u00bb para la Escuela Primaria Adventista Mahuma Sur de Curazao. La escuela abri\u00f3 sus puertas en las nuevas instalaciones en enero pasado, y actualmente cuenta con 225 estudiantes.<\/p>\n<p>El campus de la \u00abEscuela de un d\u00eda\u00bb remplaza al que se vio severamente da\u00f1ado durante una tormenta tropical en 2008. Adem\u00e1s de los da\u00f1os por el efecto del agua, los techos y partes de las paredes fueron destruidas, y los salones de clase quedaron en estado deplorable. Resulta ir\u00f3nico que la tormenta fue una respuesta a a\u00f1os de oraci\u00f3n por parte del personal de la instituci\u00f3n. La instituci\u00f3n, que estaba ubicada cerca de una refiner\u00eda de petr\u00f3leo, sufr\u00eda los vapores nocivos que nublaban el aire en las cercan\u00edas, y tanto los padres como los maestros estaban preocupados por los efectos a largo plazo de estar constantemente expuestos a esta contaminaci\u00f3n ambiental. La soluci\u00f3n ideal era trasladar el campus, pero era algo improbable de hacer. Dado que las escuelas est\u00e1n contempladas en la Constituci\u00f3n de Curazao, a\u00fan las escuelas denominacionales dependen de los fondos del gobierno para operar, y este no ten\u00eda planes o dinero para reubicar el campus. A pesar de ello, y como resultado de la destrucci\u00f3n que provoc\u00f3 la tormenta, al gobierno no le qued\u00f3 otra opci\u00f3n que aprobar la reconstrucci\u00f3n.<\/p>\n<div id=\"attachment_6587\" style=\"width: 325px\" class=\"wp-caption alignleft\"><a href=\"\/interamerica\/wp-content\/uploads\/2017\/06\/MaranathI-Curacao11.jpg\" rel=\"fancybox\" title=\"En Curazao, voluntarios adventistas remplazan escuela destruida por una tormenta\"><img decoding=\"async\" aria-describedby=\"caption-attachment-6587\" class=\"size-full wp-image-6587\" src=\"\/interamerica\/wp-content\/uploads\/2017\/06\/MaranathI-Curacao11.jpg\" alt=\"\" width=\"315\" height=\"218\" \/><\/a><p id=\"caption-attachment-6587\" class=\"wp-caption-text\">Un grupo de obreros de la organizaci\u00f3n Maranatha Volunteers International, un ministerio de apoyo de la Iglesia Adventista, colabora en la construcci\u00f3n de la nueva \u00abEscuela de un d\u00eda\u00bb en Mahuma Sur.<\/p><\/div>\n<p>De manera temporal, el gobierno le otorg\u00f3 a Mahuma Sur la autorizaci\u00f3n para utilizar otro campus que en ese entonces estaba vac\u00edo. Desafortunadamente, estaba ubicado en la regi\u00f3n oriental de la isla, alejado de la mayor parte de los hogares de los estudiantes en la regi\u00f3n noroccidental. Un grupo de autobuses, subsidiados por el gobierno, llevaban a los ni\u00f1os desde el viejo campus hasta la escuela temporaria en el este, pero este viaje obligaba a que algunos de los estudiantes tuvieran que levantarse antes del amanecer.<\/p>\n<p>\u00abEs muy dif\u00edcil cuando los ni\u00f1os tienen que levantarse muy temprano y salir de sus hogares a las 5.00 para poder llegar a la escuela adventista. Es dif\u00edcil cuando llegan de regreso a sus hogares a las 19.00\u00bb, dijo Sumire Kasteer, uno de los progenitores de los estudiantes. Para Kasteer, el viaje largo, por m\u00e1s dif\u00edcil que resulte, es una inversi\u00f3n que vale la pena. \u00abPara mi familia, Jes\u00fas es el n\u00famero uno, y es por eso que escogimos una escuela adventista\u00bb.<\/p>\n<p>Entretanto, se estaban haciendo planes para tener un nuevo campus, y se consigui\u00f3 un lugar para ello. Pero el gobierno no estaba haciendo movimiento alguno para iniciar la construcci\u00f3n del edificio escolar.<\/p>\n<div id=\"attachment_6581\" style=\"width: 325px\" class=\"wp-caption alignright\"><a href=\"\/interamerica\/wp-content\/uploads\/2017\/06\/MaranathaI-curacao-2.jpg\" rel=\"fancybox\" title=\"En Curazao, voluntarios adventistas remplazan escuela destruida por una tormenta\"><img decoding=\"async\" aria-describedby=\"caption-attachment-6581\" class=\"size-full wp-image-6581\" src=\"\/interamerica\/wp-content\/uploads\/2017\/06\/MaranathaI-curacao-2.jpg\" alt=\"\" width=\"315\" height=\"195\" \/><\/a><p id=\"caption-attachment-6581\" class=\"wp-caption-text\">Los nuevos edificios de la nueva Escuela Primaria Adventista Mahuma Sur en Curazao han sido incorporados al paisaje de la isla.<\/p><\/div>\n<p>Pasaron tres a\u00f1os, y en 2012, el gobierno le notific\u00f3 a la escuela que a partir de 2013, ya no habr\u00eda subsidios para los autobuses que transportaban a los estudiantes. Al perder el transporte, las familias dijeron que tendr\u00edan que retirar a sus hijos de la escuela adventista y enviarlos a escuelas p\u00fablicas cercanas.\u00a0Shurman Kook, presidente de la Asociaci\u00f3n de Curazao y Bonaire, dijo que la ca\u00edda del n\u00famero de estudiantes podr\u00eda tener severas consecuencias para todo el sistema educacional adventista en la isla.<\/p>\n<p>\u00abBueno, yo no quiero ni pensar en las consecuencias. En primer lugar, \u00bfqu\u00e9 vamos a hacer con los ni\u00f1os que no pueden llegar hasta [&#8230;] la regi\u00f3n oriental de la isla? \u00bfQu\u00e9 vamos a hacer por ellos? En segundo lugar, el gobierno subsidiaba la escuela sobre la base de un sistema que tiene en cuenta el n\u00famero de estudiantes que asisten a la instituci\u00f3n. Es decir que sobre la base del n\u00famero de estudiantes, recib\u00edamos dinero para pagar los salarios de los maestros. Pero si no tenemos los suficientes estudiantes, vamos a tener que despedir a muchos de ellos. Es decir que en la pr\u00e1ctica, esto marcar\u00e1 el fin de la educaci\u00f3n adventista en Curazao\u00bb.<\/p>\n<p>El cierre de Mahuma Sur, que actualmente es una de las dos escuelas adventistas de Curazao, tendr\u00eda un impacto perjudicial en la obra misionera de la iglesia. Kook cree que la educaci\u00f3n ha sido un medio integral y efectivo de hacer evangelismo en la isla.<\/p>\n<p>\u00abMuchos de los ni\u00f1os, aun los nuestros, comienzan a aprender las creencias adventistas en la escuela. Ya sea en forma directa o indirecta, se est\u00e1 sembrando la semilla. Muchas veces no se lo reconoce, pero si uno mira las estad\u00edsticas puede ver que para muchos de los ni\u00f1os, los cimientos del adventismo fueron colocados en la escuela\u00bb, dijo Kook.<\/p>\n<p>En junio de 2012, Israel Leito, presidente de la Divisi\u00f3n Interamericana, se puso en contacto con Maranatha. Despu\u00e9s de haber visto las estructuras de las \u00abEscuelas de un d\u00eda\u00bb en el Congreso de la Asociaci\u00f3n General 2010, Leito cre\u00eda que Maranatha pod\u00eda brindar una soluci\u00f3n para la situaci\u00f3n de Curazao.<\/p>\n<div id=\"attachment_6582\" style=\"width: 325px\" class=\"wp-caption alignright\"><a href=\"\/interamerica\/wp-content\/uploads\/2017\/06\/MaranathaI-curacao-girls.jpg\" rel=\"fancybox\" title=\"En Curazao, voluntarios adventistas remplazan escuela destruida por una tormenta\"><img loading=\"lazy\" decoding=\"async\" aria-describedby=\"caption-attachment-6582\" class=\"size-full wp-image-6582\" src=\"\/interamerica\/wp-content\/uploads\/2017\/06\/MaranathaI-curacao-girls.jpg\" alt=\"\" width=\"315\" height=\"223\" \/><\/a><p id=\"caption-attachment-6582\" class=\"wp-caption-text\">Dos ni\u00f1as de la instituci\u00f3n muestran su alegr\u00eda por tener una escuela adventista en su comunidad, lo que les evita tener que cruzar la isla en autob\u00fas a primera hora de la ma\u00f1ana\u00bb.<\/p><\/div>\n<p>\u201cRecibimos un mensaje, donde se nos ped\u00eda que analiz\u00e1ramos una solicitud urgente que era una prioridad para la divisi\u00f3n\u00bb, dijo Kyle Fiess, vicepresidente de promoci\u00f3n y proyectos de Maranatha. \u00abDespu\u00e9s de examinar la situaci\u00f3n de Curazao, decidimos que una &#8216;Escuela de un d\u00eda&#8217; podr\u00eda ofrecer una resoluci\u00f3n r\u00e1pida y efectiva al problema que enfrentaban\u00bb.<\/p>\n<p>El 29 de noviembre de 2012, un equipo de voluntarios de Maranatha lleg\u00f3 a Curazao. En poco m\u00e1s de una semana, los voluntarios completaron doce salones de clase seg\u00fan el modelo \u00abEscuelas de un d\u00eda\u00bb. La Iglesia Adventista de Curazao dedic\u00f3 el campus el 8 de diciembre de 2012, en una ceremonia llevada a cabo en la plaza del pueblo.<\/p>\n<p>Los directivos de la escuela esperan que un d\u00eda, el gobierno financie la construcci\u00f3n de una escuela m\u00e1s grande, y que estas estructuras actuales se conviertan en espacio adicional de clases. Sin embargo, dada la falta de actividad del gobierno en el proyecto durante los \u00faltimos cuatro a\u00f1os, es muy incierto que as\u00ed suceda.<\/p>\n<p>\u201cHemos estado trabajando con el gobierno para que la nueva escuela consiga lo que le hab\u00edan prometido, pero aparentemente, se est\u00e1 muy lejos de cumplir esa promesa. \u00a0 Por ello, cuando nuestra esperanza estaba casi perdida, lleg\u00f3 Maranatha, y es algo por lo cual estamos muy agradecidos\u00bb, dijo Kook.<\/p>\n<p><em>Traducci\u00f3n de Marcos Paseggi<\/em><\/p>\n","protected":false},"excerpt":{"rendered":"<p>Seis meses despu\u00e9s del pedido inicial por parte de la Divisi\u00f3n Interamericana de la Iglesia Adventista del S\u00e9ptimo D\u00eda, la organizaci\u00f3n Maranatha Volunteers International complet\u00f3 un campus de una \u00abEscuela de un d\u00eda\u00bb para la Escuela Primaria Adventista Mahuma Sur de Curazao.<\/p>\n","protected":false},"author":1,"featured_media":20776,"comment_status":"closed","ping_status":"closed","sticky":false,"template":"","format":"standard","meta":{"_acf_changed":false,"footnotes":""},"categories":[14],"tags":[],"class_list":["post-30142","post","type-post","status-publish","format-standard","has-post-thumbnail","hentry","category-de-la-iglesia-mundial"],"acf":[],"yoast_head":"<!-- This site is optimized with the Yoast SEO plugin v27.3 - https:\/\/yoast.com\/product\/yoast-seo-wordpress\/ -->\n<title>En Curazao, voluntarios adventistas remplazan escuela destruida por una tormenta - Iglesia Adventista del S\u00e9ptimo D\u00eda - Divisi\u00f3n Interamericana<\/title>\n<meta name=\"robots\" content=\"index, follow, max-snippet:-1, max-image-preview:large, max-video-preview:-1\" \/>\n<link rel=\"canonical\" href=\"https:\/\/interamerica.org\/es\/2013\/01\/en-curazao-voluntarios-adventistas-remplazan-escuela-destruida-por-una-tormenta\/\" \/>\n<meta property=\"og:locale\" content=\"es_ES\" \/>\n<meta property=\"og:type\" content=\"article\" \/>\n<meta property=\"og:title\" content=\"En Curazao, voluntarios adventistas remplazan escuela destruida por una tormenta - Iglesia Adventista del S\u00e9ptimo D\u00eda - Divisi\u00f3n Interamericana\" \/>\n<meta property=\"og:description\" content=\"Seis meses despu\u00e9s del pedido inicial por parte de la Divisi\u00f3n Interamericana de la Iglesia Adventista del S\u00e9ptimo D\u00eda, la organizaci\u00f3n Maranatha Volunteers International complet\u00f3 un campus de una &quot;Escuela de un d\u00eda&quot; para la Escuela Primaria Adventista Mahuma Sur de Curazao.\" \/>\n<meta property=\"og:url\" content=\"https:\/\/interamerica.org\/es\/2013\/01\/en-curazao-voluntarios-adventistas-remplazan-escuela-destruida-por-una-tormenta\/\" \/>\n<meta property=\"og:site_name\" content=\"Iglesia Adventista del S\u00e9ptimo D\u00eda - Divisi\u00f3n Interamericana\" \/>\n<meta property=\"article:published_time\" content=\"2013-01-25T04:00:00+00:00\" \/>\n<meta property=\"og:image\" content=\"https:\/\/interamerica.org\/wp-content\/uploads\/2017\/06\/MaranathaI-curacao-classroom-Sm.jpg\" \/>\n\t<meta property=\"og:image:width\" content=\"315\" \/>\n\t<meta property=\"og:image:height\" content=\"237\" \/>\n\t<meta property=\"og:image:type\" content=\"image\/jpeg\" \/>\n<meta name=\"author\" content=\"Lorenzo Verduzco\" \/>\n<meta name=\"twitter:card\" content=\"summary_large_image\" \/>\n<meta name=\"twitter:label1\" content=\"Escrito por\" \/>\n\t<meta name=\"twitter:data1\" content=\"Lorenzo Verduzco\" \/>\n\t<meta name=\"twitter:label2\" content=\"Tiempo de lectura\" \/>\n\t<meta name=\"twitter:data2\" content=\"6 minutos\" \/>\n<script type=\"application\/ld+json\" class=\"yoast-schema-graph\">{\"@context\":\"https:\\\/\\\/schema.org\",\"@graph\":[{\"@type\":\"Article\",\"@id\":\"https:\\\/\\\/interamerica.org\\\/es\\\/2013\\\/01\\\/en-curazao-voluntarios-adventistas-remplazan-escuela-destruida-por-una-tormenta\\\/#article\",\"isPartOf\":{\"@id\":\"https:\\\/\\\/interamerica.org\\\/es\\\/2013\\\/01\\\/en-curazao-voluntarios-adventistas-remplazan-escuela-destruida-por-una-tormenta\\\/\"},\"author\":{\"name\":\"Lorenzo Verduzco\",\"@id\":\"https:\\\/\\\/interamerica.org\\\/es\\\/#\\\/schema\\\/person\\\/68ede8bdc292885bb76c1e3810e73c39\"},\"headline\":\"En Curazao, voluntarios adventistas remplazan escuela destruida por una tormenta\",\"datePublished\":\"2013-01-25T04:00:00+00:00\",\"mainEntityOfPage\":{\"@id\":\"https:\\\/\\\/interamerica.org\\\/es\\\/2013\\\/01\\\/en-curazao-voluntarios-adventistas-remplazan-escuela-destruida-por-una-tormenta\\\/\"},\"wordCount\":1281,\"image\":{\"@id\":\"https:\\\/\\\/interamerica.org\\\/es\\\/2013\\\/01\\\/en-curazao-voluntarios-adventistas-remplazan-escuela-destruida-por-una-tormenta\\\/#primaryimage\"},\"thumbnailUrl\":\"https:\\\/\\\/interamerica.org\\\/wp-content\\\/uploads\\\/2017\\\/06\\\/MaranathaI-curacao-classroom-Sm.jpg\",\"articleSection\":[\"Desde la iglesia mundial\"],\"inLanguage\":\"es\"},{\"@type\":\"WebPage\",\"@id\":\"https:\\\/\\\/interamerica.org\\\/es\\\/2013\\\/01\\\/en-curazao-voluntarios-adventistas-remplazan-escuela-destruida-por-una-tormenta\\\/\",\"url\":\"https:\\\/\\\/interamerica.org\\\/es\\\/2013\\\/01\\\/en-curazao-voluntarios-adventistas-remplazan-escuela-destruida-por-una-tormenta\\\/\",\"name\":\"En Curazao, voluntarios adventistas remplazan escuela destruida por una tormenta - Iglesia Adventista del S\u00e9ptimo D\u00eda - Divisi\u00f3n Interamericana\",\"isPartOf\":{\"@id\":\"https:\\\/\\\/interamerica.org\\\/es\\\/#website\"},\"primaryImageOfPage\":{\"@id\":\"https:\\\/\\\/interamerica.org\\\/es\\\/2013\\\/01\\\/en-curazao-voluntarios-adventistas-remplazan-escuela-destruida-por-una-tormenta\\\/#primaryimage\"},\"image\":{\"@id\":\"https:\\\/\\\/interamerica.org\\\/es\\\/2013\\\/01\\\/en-curazao-voluntarios-adventistas-remplazan-escuela-destruida-por-una-tormenta\\\/#primaryimage\"},\"thumbnailUrl\":\"https:\\\/\\\/interamerica.org\\\/wp-content\\\/uploads\\\/2017\\\/06\\\/MaranathaI-curacao-classroom-Sm.jpg\",\"datePublished\":\"2013-01-25T04:00:00+00:00\",\"author\":{\"@id\":\"https:\\\/\\\/interamerica.org\\\/es\\\/#\\\/schema\\\/person\\\/68ede8bdc292885bb76c1e3810e73c39\"},\"breadcrumb\":{\"@id\":\"https:\\\/\\\/interamerica.org\\\/es\\\/2013\\\/01\\\/en-curazao-voluntarios-adventistas-remplazan-escuela-destruida-por-una-tormenta\\\/#breadcrumb\"},\"inLanguage\":\"es\",\"potentialAction\":[{\"@type\":\"ReadAction\",\"target\":[\"https:\\\/\\\/interamerica.org\\\/es\\\/2013\\\/01\\\/en-curazao-voluntarios-adventistas-remplazan-escuela-destruida-por-una-tormenta\\\/\"]}]},{\"@type\":\"ImageObject\",\"inLanguage\":\"es\",\"@id\":\"https:\\\/\\\/interamerica.org\\\/es\\\/2013\\\/01\\\/en-curazao-voluntarios-adventistas-remplazan-escuela-destruida-por-una-tormenta\\\/#primaryimage\",\"url\":\"https:\\\/\\\/interamerica.org\\\/wp-content\\\/uploads\\\/2017\\\/06\\\/MaranathaI-curacao-classroom-Sm.jpg\",\"contentUrl\":\"https:\\\/\\\/interamerica.org\\\/wp-content\\\/uploads\\\/2017\\\/06\\\/MaranathaI-curacao-classroom-Sm.jpg\",\"width\":315,\"height\":237},{\"@type\":\"BreadcrumbList\",\"@id\":\"https:\\\/\\\/interamerica.org\\\/es\\\/2013\\\/01\\\/en-curazao-voluntarios-adventistas-remplazan-escuela-destruida-por-una-tormenta\\\/#breadcrumb\",\"itemListElement\":[{\"@type\":\"ListItem\",\"position\":1,\"name\":\"Home\",\"item\":\"https:\\\/\\\/interamerica.org\\\/es\\\/\"},{\"@type\":\"ListItem\",\"position\":2,\"name\":\"En Curazao, voluntarios adventistas remplazan escuela destruida por una tormenta\"}]},{\"@type\":\"WebSite\",\"@id\":\"https:\\\/\\\/interamerica.org\\\/es\\\/#website\",\"url\":\"https:\\\/\\\/interamerica.org\\\/es\\\/\",\"name\":\"Iglesia Adventista del S\u00e9ptimo D\u00eda - Divisi\u00f3n Interamericana\",\"description\":\"\",\"potentialAction\":[{\"@type\":\"SearchAction\",\"target\":{\"@type\":\"EntryPoint\",\"urlTemplate\":\"https:\\\/\\\/interamerica.org\\\/es\\\/?s={search_term_string}\"},\"query-input\":{\"@type\":\"PropertyValueSpecification\",\"valueRequired\":true,\"valueName\":\"search_term_string\"}}],\"inLanguage\":\"es\"},{\"@type\":\"Person\",\"@id\":\"https:\\\/\\\/interamerica.org\\\/es\\\/#\\\/schema\\\/person\\\/68ede8bdc292885bb76c1e3810e73c39\",\"name\":\"Lorenzo Verduzco\",\"image\":{\"@type\":\"ImageObject\",\"inLanguage\":\"es\",\"@id\":\"https:\\\/\\\/secure.gravatar.com\\\/avatar\\\/fb81a55b6218459490a9c1dc841a34909185b81904c5337b4b27f7a6fd60c49e?s=96&d=mm&r=g\",\"url\":\"https:\\\/\\\/secure.gravatar.com\\\/avatar\\\/fb81a55b6218459490a9c1dc841a34909185b81904c5337b4b27f7a6fd60c49e?s=96&d=mm&r=g\",\"contentUrl\":\"https:\\\/\\\/secure.gravatar.com\\\/avatar\\\/fb81a55b6218459490a9c1dc841a34909185b81904c5337b4b27f7a6fd60c49e?s=96&d=mm&r=g\",\"caption\":\"Lorenzo Verduzco\"}}]}<\/script>\n<!-- \/ Yoast SEO plugin. -->","yoast_head_json":{"title":"En Curazao, voluntarios adventistas remplazan escuela destruida por una tormenta - Iglesia Adventista del S\u00e9ptimo D\u00eda - Divisi\u00f3n Interamericana","robots":{"index":"index","follow":"follow","max-snippet":"max-snippet:-1","max-image-preview":"max-image-preview:large","max-video-preview":"max-video-preview:-1"},"canonical":"https:\/\/interamerica.org\/es\/2013\/01\/en-curazao-voluntarios-adventistas-remplazan-escuela-destruida-por-una-tormenta\/","og_locale":"es_ES","og_type":"article","og_title":"En Curazao, voluntarios adventistas remplazan escuela destruida por una tormenta - Iglesia Adventista del S\u00e9ptimo D\u00eda - Divisi\u00f3n Interamericana","og_description":"Seis meses despu\u00e9s del pedido inicial por parte de la Divisi\u00f3n Interamericana de la Iglesia Adventista del S\u00e9ptimo D\u00eda, la organizaci\u00f3n Maranatha Volunteers International complet\u00f3 un campus de una \"Escuela de un d\u00eda\" para la Escuela Primaria Adventista Mahuma Sur de Curazao.","og_url":"https:\/\/interamerica.org\/es\/2013\/01\/en-curazao-voluntarios-adventistas-remplazan-escuela-destruida-por-una-tormenta\/","og_site_name":"Iglesia Adventista del S\u00e9ptimo D\u00eda - Divisi\u00f3n Interamericana","article_published_time":"2013-01-25T04:00:00+00:00","og_image":[{"width":315,"height":237,"url":"https:\/\/interamerica.org\/wp-content\/uploads\/2017\/06\/MaranathaI-curacao-classroom-Sm.jpg","type":"image\/jpeg"}],"author":"Lorenzo Verduzco","twitter_card":"summary_large_image","twitter_misc":{"Escrito por":"Lorenzo Verduzco","Tiempo de lectura":"6 minutos"},"schema":{"@context":"https:\/\/schema.org","@graph":[{"@type":"Article","@id":"https:\/\/interamerica.org\/es\/2013\/01\/en-curazao-voluntarios-adventistas-remplazan-escuela-destruida-por-una-tormenta\/#article","isPartOf":{"@id":"https:\/\/interamerica.org\/es\/2013\/01\/en-curazao-voluntarios-adventistas-remplazan-escuela-destruida-por-una-tormenta\/"},"author":{"name":"Lorenzo Verduzco","@id":"https:\/\/interamerica.org\/es\/#\/schema\/person\/68ede8bdc292885bb76c1e3810e73c39"},"headline":"En Curazao, voluntarios adventistas remplazan escuela destruida por una tormenta","datePublished":"2013-01-25T04:00:00+00:00","mainEntityOfPage":{"@id":"https:\/\/interamerica.org\/es\/2013\/01\/en-curazao-voluntarios-adventistas-remplazan-escuela-destruida-por-una-tormenta\/"},"wordCount":1281,"image":{"@id":"https:\/\/interamerica.org\/es\/2013\/01\/en-curazao-voluntarios-adventistas-remplazan-escuela-destruida-por-una-tormenta\/#primaryimage"},"thumbnailUrl":"https:\/\/interamerica.org\/wp-content\/uploads\/2017\/06\/MaranathaI-curacao-classroom-Sm.jpg","articleSection":["Desde la iglesia mundial"],"inLanguage":"es"},{"@type":"WebPage","@id":"https:\/\/interamerica.org\/es\/2013\/01\/en-curazao-voluntarios-adventistas-remplazan-escuela-destruida-por-una-tormenta\/","url":"https:\/\/interamerica.org\/es\/2013\/01\/en-curazao-voluntarios-adventistas-remplazan-escuela-destruida-por-una-tormenta\/","name":"En Curazao, voluntarios adventistas remplazan escuela destruida por una tormenta - Iglesia Adventista del S\u00e9ptimo D\u00eda - Divisi\u00f3n Interamericana","isPartOf":{"@id":"https:\/\/interamerica.org\/es\/#website"},"primaryImageOfPage":{"@id":"https:\/\/interamerica.org\/es\/2013\/01\/en-curazao-voluntarios-adventistas-remplazan-escuela-destruida-por-una-tormenta\/#primaryimage"},"image":{"@id":"https:\/\/interamerica.org\/es\/2013\/01\/en-curazao-voluntarios-adventistas-remplazan-escuela-destruida-por-una-tormenta\/#primaryimage"},"thumbnailUrl":"https:\/\/interamerica.org\/wp-content\/uploads\/2017\/06\/MaranathaI-curacao-classroom-Sm.jpg","datePublished":"2013-01-25T04:00:00+00:00","author":{"@id":"https:\/\/interamerica.org\/es\/#\/schema\/person\/68ede8bdc292885bb76c1e3810e73c39"},"breadcrumb":{"@id":"https:\/\/interamerica.org\/es\/2013\/01\/en-curazao-voluntarios-adventistas-remplazan-escuela-destruida-por-una-tormenta\/#breadcrumb"},"inLanguage":"es","potentialAction":[{"@type":"ReadAction","target":["https:\/\/interamerica.org\/es\/2013\/01\/en-curazao-voluntarios-adventistas-remplazan-escuela-destruida-por-una-tormenta\/"]}]},{"@type":"ImageObject","inLanguage":"es","@id":"https:\/\/interamerica.org\/es\/2013\/01\/en-curazao-voluntarios-adventistas-remplazan-escuela-destruida-por-una-tormenta\/#primaryimage","url":"https:\/\/interamerica.org\/wp-content\/uploads\/2017\/06\/MaranathaI-curacao-classroom-Sm.jpg","contentUrl":"https:\/\/interamerica.org\/wp-content\/uploads\/2017\/06\/MaranathaI-curacao-classroom-Sm.jpg","width":315,"height":237},{"@type":"BreadcrumbList","@id":"https:\/\/interamerica.org\/es\/2013\/01\/en-curazao-voluntarios-adventistas-remplazan-escuela-destruida-por-una-tormenta\/#breadcrumb","itemListElement":[{"@type":"ListItem","position":1,"name":"Home","item":"https:\/\/interamerica.org\/es\/"},{"@type":"ListItem","position":2,"name":"En Curazao, voluntarios adventistas remplazan escuela destruida por una tormenta"}]},{"@type":"WebSite","@id":"https:\/\/interamerica.org\/es\/#website","url":"https:\/\/interamerica.org\/es\/","name":"Iglesia Adventista del S\u00e9ptimo D\u00eda - Divisi\u00f3n Interamericana","description":"","potentialAction":[{"@type":"SearchAction","target":{"@type":"EntryPoint","urlTemplate":"https:\/\/interamerica.org\/es\/?s={search_term_string}"},"query-input":{"@type":"PropertyValueSpecification","valueRequired":true,"valueName":"search_term_string"}}],"inLanguage":"es"},{"@type":"Person","@id":"https:\/\/interamerica.org\/es\/#\/schema\/person\/68ede8bdc292885bb76c1e3810e73c39","name":"Lorenzo Verduzco","image":{"@type":"ImageObject","inLanguage":"es","@id":"https:\/\/secure.gravatar.com\/avatar\/fb81a55b6218459490a9c1dc841a34909185b81904c5337b4b27f7a6fd60c49e?s=96&d=mm&r=g","url":"https:\/\/secure.gravatar.com\/avatar\/fb81a55b6218459490a9c1dc841a34909185b81904c5337b4b27f7a6fd60c49e?s=96&d=mm&r=g","contentUrl":"https:\/\/secure.gravatar.com\/avatar\/fb81a55b6218459490a9c1dc841a34909185b81904c5337b4b27f7a6fd60c49e?s=96&d=mm&r=g","caption":"Lorenzo Verduzco"}}]}},"_links":{"self":[{"href":"https:\/\/interamerica.org\/es\/wp-json\/wp\/v2\/posts\/30142","targetHints":{"allow":["GET"]}}],"collection":[{"href":"https:\/\/interamerica.org\/es\/wp-json\/wp\/v2\/posts"}],"about":[{"href":"https:\/\/interamerica.org\/es\/wp-json\/wp\/v2\/types\/post"}],"author":[{"embeddable":true,"href":"https:\/\/interamerica.org\/es\/wp-json\/wp\/v2\/users\/1"}],"replies":[{"embeddable":true,"href":"https:\/\/interamerica.org\/es\/wp-json\/wp\/v2\/comments?post=30142"}],"version-history":[{"count":0,"href":"https:\/\/interamerica.org\/es\/wp-json\/wp\/v2\/posts\/30142\/revisions"}],"wp:featuredmedia":[{"embeddable":true,"href":"https:\/\/interamerica.org\/es\/wp-json\/wp\/v2\/media\/20776"}],"wp:attachment":[{"href":"https:\/\/interamerica.org\/es\/wp-json\/wp\/v2\/media?parent=30142"}],"wp:term":[{"taxonomy":"category","embeddable":true,"href":"https:\/\/interamerica.org\/es\/wp-json\/wp\/v2\/categories?post=30142"},{"taxonomy":"post_tag","embeddable":true,"href":"https:\/\/interamerica.org\/es\/wp-json\/wp\/v2\/tags?post=30142"}],"curies":[{"name":"wp","href":"https:\/\/api.w.org\/{rel}","templated":true}]}}