{"id":30146,"date":"2013-01-29T00:00:00","date_gmt":"2013-01-29T04:00:00","guid":{"rendered":"http:\/\/192.81.217.108\/interamerica\/2013\/01\/en-brasil-adventistas-coordinan-campana-de-donacion-de-sangre-despues-de-una-tragedia\/"},"modified":"2013-01-29T00:00:00","modified_gmt":"2013-01-29T04:00:00","slug":"en-brasil-adventistas-coordinan-campana-de-donacion-de-sangre-despues-de-una-tragedia","status":"publish","type":"post","link":"https:\/\/interamerica.org\/es\/2013\/01\/en-brasil-adventistas-coordinan-campana-de-donacion-de-sangre-despues-de-una-tragedia\/","title":{"rendered":"En Brasil, adventistas coordinan campa\u00f1a de donaci\u00f3n de sangre despu\u00e9s de una tragedia"},"content":{"rendered":"<p>28 de enero de 2013 Santa Mar\u00eda (R\u00edo Grande do Sul, Brasil)&#8230;ASN\/ANN<\/p>\n<p>Un grupo de j\u00f3venes adventistas de Brasil se movilizaron esta semana para donar sangre luego del incendio m\u00e1s devastador en una discoteca en m\u00e1s de una d\u00e9cada.<\/p>\n<div id=\"attachment_6658\" style=\"width: 325px\" class=\"wp-caption alignleft\"><a href=\"\/interamerica\/wp-content\/uploads\/2017\/06\/night-club-1200-315x237.jpg\" rel=\"fancybox\" title=\"En Brasil, adventistas coordinan campa\u00f1a de donaci\u00f3n de sangre despu\u00e9s de una tragedia\"><img fetchpriority=\"high\" decoding=\"async\" aria-describedby=\"caption-attachment-6658\" class=\"size-full wp-image-6658\" src=\"\/interamerica\/wp-content\/uploads\/2017\/06\/night-club-1200-315x237.jpg\" alt=\"\" width=\"315\" height=\"236\" \/><\/a><p id=\"caption-attachment-6658\" class=\"wp-caption-text\">Un incendio en una discoteca en el centro de Santa Mar\u00eda, en Brasil, dej\u00f3 alrededor de 230 muertos y cientos de heridos. Los hospitales de la zona est\u00e1n luchando por reponer los bancos de sangre. Im\u00e1genes por cortes\u00eda de la ASN<\/p><\/div>\n<p>Alrededor de 230 personas fallecieron y otras 200 sufrieron heridas el pasado 27 de enero, cuando el espect\u00e1culo de pirotecnia de una banda incendi\u00f3 el aislamiento sonoro del cielo raso en un club en el centro de la ciudad de Santa Mar\u00eda, lo que envolvi\u00f3 en llamas y humo t\u00f3xico la multitud en p\u00e1nico.<\/p>\n<p>A medida que las v\u00edctimas llenaban los hospitales de la zona, el personal m\u00e9dico apel\u00f3 con urgencia a la organizaci\u00f3n adventista de donaci\u00f3n de sangre \u201cVida por Vidas\u201d. La denominaci\u00f3n es conocida por organizar grandes campa\u00f1as de donaci\u00f3n de sangre, en especial en Brasil, donde los funcionarios de salud estiman que el proyecto contribuye anualmente con 3,5 millones de bolsas de sangre.<\/p>\n<p>Los donantes de sangre se reunieron en la ma\u00f1ana del domingo en la iglesia adventista central de Santa Mar\u00eda e inmediatamente se dirigieron al Centro de Donaci\u00f3n de Sangre de la ciudad, dijo Adriano Luz, coordinador de \u201cVida por Vidas\u201d.<\/p>\n<p>Mientras tanto, personal m\u00e9dico adventista trabaj\u00f3 como voluntario en los hospitales de la ciudad, entre ellos la doctora Jocemara Fernandes, que en las primeras horas del domingo recibi\u00f3 una llamada de emergencia para ayudar a las v\u00edctimas.<\/p>\n<p>\u201cLa escena de horror y desesperaci\u00f3n que presenci\u00e9 no tiene precedentes para m\u00ed\u201d, dijo Fernandes, que ha trabajado en una sala local de emergencias por m\u00e1s de una d\u00e9cada.<\/p>\n<div id=\"attachment_6659\" style=\"width: 310px\" class=\"wp-caption alignright\"><a href=\"\/interamerica\/wp-content\/uploads\/2017\/06\/vida-por-vidas-inside1.jpg\" rel=\"fancybox\" title=\"En Brasil, adventistas coordinan campa\u00f1a de donaci\u00f3n de sangre despu\u00e9s de una tragedia\"><img decoding=\"async\" aria-describedby=\"caption-attachment-6659\" class=\"size-medium wp-image-6659\" src=\"\/interamerica\/wp-content\/uploads\/2017\/06\/vida-por-vidas-inside1-300x181.jpg\" alt=\"\" width=\"300\" height=\"181\" \/><\/a><p id=\"caption-attachment-6659\" class=\"wp-caption-text\">Donantes j\u00f3venes participaron esta semana en la campa\u00f1a de donaci\u00f3n de sangre de \u201cVida por Vidas\u201d.<\/p><\/div>\n<p>Fernandes trat\u00f3 al menos quince v\u00edctimas entre las 4 y las 7 de la ma\u00f1ana. \u201cLa mayor\u00eda ten\u00eda problemas relacionados con la inhalaci\u00f3n de humo\u201d, dijo.<\/p>\n<p>Otra v\u00edctima joven sufri\u00f3 quemaduras de segundo grado y dificultades para respirar, dijo Fernandes. La mayor\u00eda de las v\u00edctimas ten\u00eda menos de 30 a\u00f1os.<\/p>\n<p>\u201cLo que podemos hacer ahora es orar por las familias de los heridos y de los fallecidos para que Dios los ayude\u201d, dijo.<\/p>\n<p>Cezar Schirmer, alcalde de la ciudad, declar\u00f3 un per\u00edodo de duelo de treinta d\u00edas, y las autoridades locales contin\u00faan investigando la causa del incendio.<\/p>\n<p>\u201cVida por Vidas\u201d fue lanzado en 2006 y es coordinado por j\u00f3venes adventistas de Brasil.<\/p>\n<p><em>Traducci\u00f3n de Marcos Paseggi<\/em><\/p>\n","protected":false},"excerpt":{"rendered":"<p>Un grupo de j\u00f3venes adventistas de Brasil se movilizaron esta semana para donar sangre luego del incendio m\u00e1s devastador en una discoteca en m\u00e1s de una d\u00e9cada.<\/p>\n","protected":false},"author":1,"featured_media":20835,"comment_status":"closed","ping_status":"closed","sticky":false,"template":"","format":"standard","meta":{"_acf_changed":false,"footnotes":""},"categories":[14,15],"tags":[],"class_list":["post-30146","post","type-post","status-publish","format-standard","has-post-thumbnail","hentry","category-de-la-iglesia-mundial","category-rss-espanol"],"acf":[],"yoast_head":"<!-- This site is optimized with the Yoast SEO plugin v27.3 - https:\/\/yoast.com\/product\/yoast-seo-wordpress\/ -->\n<title>En Brasil, adventistas coordinan campa\u00f1a de donaci\u00f3n de sangre despu\u00e9s de una tragedia - Iglesia Adventista del S\u00e9ptimo D\u00eda - Divisi\u00f3n Interamericana<\/title>\n<meta name=\"robots\" content=\"index, follow, max-snippet:-1, max-image-preview:large, max-video-preview:-1\" \/>\n<link rel=\"canonical\" href=\"https:\/\/interamerica.org\/es\/2013\/01\/en-brasil-adventistas-coordinan-campana-de-donacion-de-sangre-despues-de-una-tragedia\/\" \/>\n<meta property=\"og:locale\" content=\"es_ES\" \/>\n<meta property=\"og:type\" content=\"article\" \/>\n<meta property=\"og:title\" content=\"En Brasil, adventistas coordinan campa\u00f1a de donaci\u00f3n de sangre despu\u00e9s de una tragedia - Iglesia Adventista del S\u00e9ptimo D\u00eda - Divisi\u00f3n Interamericana\" \/>\n<meta property=\"og:description\" content=\"Un grupo de j\u00f3venes adventistas de Brasil se movilizaron esta semana para donar sangre luego del incendio m\u00e1s devastador en una discoteca en m\u00e1s de una d\u00e9cada.\" \/>\n<meta property=\"og:url\" content=\"https:\/\/interamerica.org\/es\/2013\/01\/en-brasil-adventistas-coordinan-campana-de-donacion-de-sangre-despues-de-una-tragedia\/\" \/>\n<meta property=\"og:site_name\" content=\"Iglesia Adventista del S\u00e9ptimo D\u00eda - Divisi\u00f3n Interamericana\" \/>\n<meta property=\"article:published_time\" content=\"2013-01-29T04:00:00+00:00\" \/>\n<meta property=\"og:image\" content=\"https:\/\/interamerica.org\/wp-content\/uploads\/2017\/06\/night-club-1200-315x237.jpg\" \/>\n\t<meta property=\"og:image:width\" content=\"315\" \/>\n\t<meta property=\"og:image:height\" content=\"236\" \/>\n\t<meta property=\"og:image:type\" content=\"image\/jpeg\" \/>\n<meta name=\"author\" content=\"Lorenzo Verduzco\" \/>\n<meta name=\"twitter:card\" content=\"summary_large_image\" \/>\n<meta name=\"twitter:label1\" content=\"Escrito por\" \/>\n\t<meta name=\"twitter:data1\" content=\"Lorenzo Verduzco\" \/>\n\t<meta name=\"twitter:label2\" content=\"Tiempo de lectura\" \/>\n\t<meta name=\"twitter:data2\" content=\"2 minutos\" \/>\n<script type=\"application\/ld+json\" class=\"yoast-schema-graph\">{\"@context\":\"https:\\\/\\\/schema.org\",\"@graph\":[{\"@type\":\"Article\",\"@id\":\"https:\\\/\\\/interamerica.org\\\/es\\\/2013\\\/01\\\/en-brasil-adventistas-coordinan-campana-de-donacion-de-sangre-despues-de-una-tragedia\\\/#article\",\"isPartOf\":{\"@id\":\"https:\\\/\\\/interamerica.org\\\/es\\\/2013\\\/01\\\/en-brasil-adventistas-coordinan-campana-de-donacion-de-sangre-despues-de-una-tragedia\\\/\"},\"author\":{\"name\":\"Lorenzo Verduzco\",\"@id\":\"https:\\\/\\\/interamerica.org\\\/es\\\/#\\\/schema\\\/person\\\/68ede8bdc292885bb76c1e3810e73c39\"},\"headline\":\"En Brasil, adventistas coordinan campa\u00f1a de donaci\u00f3n de sangre despu\u00e9s de una tragedia\",\"datePublished\":\"2013-01-29T04:00:00+00:00\",\"mainEntityOfPage\":{\"@id\":\"https:\\\/\\\/interamerica.org\\\/es\\\/2013\\\/01\\\/en-brasil-adventistas-coordinan-campana-de-donacion-de-sangre-despues-de-una-tragedia\\\/\"},\"wordCount\":502,\"image\":{\"@id\":\"https:\\\/\\\/interamerica.org\\\/es\\\/2013\\\/01\\\/en-brasil-adventistas-coordinan-campana-de-donacion-de-sangre-despues-de-una-tragedia\\\/#primaryimage\"},\"thumbnailUrl\":\"https:\\\/\\\/interamerica.org\\\/wp-content\\\/uploads\\\/2017\\\/06\\\/night-club-1200-315x237.jpg\",\"articleSection\":[\"Desde la iglesia mundial\",\"RSS Espa\u00f1ol\"],\"inLanguage\":\"es\"},{\"@type\":\"WebPage\",\"@id\":\"https:\\\/\\\/interamerica.org\\\/es\\\/2013\\\/01\\\/en-brasil-adventistas-coordinan-campana-de-donacion-de-sangre-despues-de-una-tragedia\\\/\",\"url\":\"https:\\\/\\\/interamerica.org\\\/es\\\/2013\\\/01\\\/en-brasil-adventistas-coordinan-campana-de-donacion-de-sangre-despues-de-una-tragedia\\\/\",\"name\":\"En Brasil, adventistas coordinan campa\u00f1a de donaci\u00f3n de sangre despu\u00e9s de una tragedia - Iglesia Adventista del S\u00e9ptimo D\u00eda - Divisi\u00f3n Interamericana\",\"isPartOf\":{\"@id\":\"https:\\\/\\\/interamerica.org\\\/es\\\/#website\"},\"primaryImageOfPage\":{\"@id\":\"https:\\\/\\\/interamerica.org\\\/es\\\/2013\\\/01\\\/en-brasil-adventistas-coordinan-campana-de-donacion-de-sangre-despues-de-una-tragedia\\\/#primaryimage\"},\"image\":{\"@id\":\"https:\\\/\\\/interamerica.org\\\/es\\\/2013\\\/01\\\/en-brasil-adventistas-coordinan-campana-de-donacion-de-sangre-despues-de-una-tragedia\\\/#primaryimage\"},\"thumbnailUrl\":\"https:\\\/\\\/interamerica.org\\\/wp-content\\\/uploads\\\/2017\\\/06\\\/night-club-1200-315x237.jpg\",\"datePublished\":\"2013-01-29T04:00:00+00:00\",\"author\":{\"@id\":\"https:\\\/\\\/interamerica.org\\\/es\\\/#\\\/schema\\\/person\\\/68ede8bdc292885bb76c1e3810e73c39\"},\"breadcrumb\":{\"@id\":\"https:\\\/\\\/interamerica.org\\\/es\\\/2013\\\/01\\\/en-brasil-adventistas-coordinan-campana-de-donacion-de-sangre-despues-de-una-tragedia\\\/#breadcrumb\"},\"inLanguage\":\"es\",\"potentialAction\":[{\"@type\":\"ReadAction\",\"target\":[\"https:\\\/\\\/interamerica.org\\\/es\\\/2013\\\/01\\\/en-brasil-adventistas-coordinan-campana-de-donacion-de-sangre-despues-de-una-tragedia\\\/\"]}]},{\"@type\":\"ImageObject\",\"inLanguage\":\"es\",\"@id\":\"https:\\\/\\\/interamerica.org\\\/es\\\/2013\\\/01\\\/en-brasil-adventistas-coordinan-campana-de-donacion-de-sangre-despues-de-una-tragedia\\\/#primaryimage\",\"url\":\"https:\\\/\\\/interamerica.org\\\/wp-content\\\/uploads\\\/2017\\\/06\\\/night-club-1200-315x237.jpg\",\"contentUrl\":\"https:\\\/\\\/interamerica.org\\\/wp-content\\\/uploads\\\/2017\\\/06\\\/night-club-1200-315x237.jpg\",\"width\":315,\"height\":236},{\"@type\":\"BreadcrumbList\",\"@id\":\"https:\\\/\\\/interamerica.org\\\/es\\\/2013\\\/01\\\/en-brasil-adventistas-coordinan-campana-de-donacion-de-sangre-despues-de-una-tragedia\\\/#breadcrumb\",\"itemListElement\":[{\"@type\":\"ListItem\",\"position\":1,\"name\":\"Home\",\"item\":\"https:\\\/\\\/interamerica.org\\\/es\\\/\"},{\"@type\":\"ListItem\",\"position\":2,\"name\":\"En Brasil, adventistas coordinan campa\u00f1a de donaci\u00f3n de sangre despu\u00e9s de una tragedia\"}]},{\"@type\":\"WebSite\",\"@id\":\"https:\\\/\\\/interamerica.org\\\/es\\\/#website\",\"url\":\"https:\\\/\\\/interamerica.org\\\/es\\\/\",\"name\":\"Iglesia Adventista del S\u00e9ptimo D\u00eda - Divisi\u00f3n Interamericana\",\"description\":\"\",\"potentialAction\":[{\"@type\":\"SearchAction\",\"target\":{\"@type\":\"EntryPoint\",\"urlTemplate\":\"https:\\\/\\\/interamerica.org\\\/es\\\/?s={search_term_string}\"},\"query-input\":{\"@type\":\"PropertyValueSpecification\",\"valueRequired\":true,\"valueName\":\"search_term_string\"}}],\"inLanguage\":\"es\"},{\"@type\":\"Person\",\"@id\":\"https:\\\/\\\/interamerica.org\\\/es\\\/#\\\/schema\\\/person\\\/68ede8bdc292885bb76c1e3810e73c39\",\"name\":\"Lorenzo Verduzco\",\"image\":{\"@type\":\"ImageObject\",\"inLanguage\":\"es\",\"@id\":\"https:\\\/\\\/secure.gravatar.com\\\/avatar\\\/fb81a55b6218459490a9c1dc841a34909185b81904c5337b4b27f7a6fd60c49e?s=96&d=mm&r=g\",\"url\":\"https:\\\/\\\/secure.gravatar.com\\\/avatar\\\/fb81a55b6218459490a9c1dc841a34909185b81904c5337b4b27f7a6fd60c49e?s=96&d=mm&r=g\",\"contentUrl\":\"https:\\\/\\\/secure.gravatar.com\\\/avatar\\\/fb81a55b6218459490a9c1dc841a34909185b81904c5337b4b27f7a6fd60c49e?s=96&d=mm&r=g\",\"caption\":\"Lorenzo Verduzco\"}}]}<\/script>\n<!-- \/ Yoast SEO plugin. -->","yoast_head_json":{"title":"En Brasil, adventistas coordinan campa\u00f1a de donaci\u00f3n de sangre despu\u00e9s de una tragedia - Iglesia Adventista del S\u00e9ptimo D\u00eda - Divisi\u00f3n Interamericana","robots":{"index":"index","follow":"follow","max-snippet":"max-snippet:-1","max-image-preview":"max-image-preview:large","max-video-preview":"max-video-preview:-1"},"canonical":"https:\/\/interamerica.org\/es\/2013\/01\/en-brasil-adventistas-coordinan-campana-de-donacion-de-sangre-despues-de-una-tragedia\/","og_locale":"es_ES","og_type":"article","og_title":"En Brasil, adventistas coordinan campa\u00f1a de donaci\u00f3n de sangre despu\u00e9s de una tragedia - Iglesia Adventista del S\u00e9ptimo D\u00eda - Divisi\u00f3n Interamericana","og_description":"Un grupo de j\u00f3venes adventistas de Brasil se movilizaron esta semana para donar sangre luego del incendio m\u00e1s devastador en una discoteca en m\u00e1s de una d\u00e9cada.","og_url":"https:\/\/interamerica.org\/es\/2013\/01\/en-brasil-adventistas-coordinan-campana-de-donacion-de-sangre-despues-de-una-tragedia\/","og_site_name":"Iglesia Adventista del S\u00e9ptimo D\u00eda - Divisi\u00f3n Interamericana","article_published_time":"2013-01-29T04:00:00+00:00","og_image":[{"width":315,"height":236,"url":"https:\/\/interamerica.org\/wp-content\/uploads\/2017\/06\/night-club-1200-315x237.jpg","type":"image\/jpeg"}],"author":"Lorenzo Verduzco","twitter_card":"summary_large_image","twitter_misc":{"Escrito por":"Lorenzo Verduzco","Tiempo de lectura":"2 minutos"},"schema":{"@context":"https:\/\/schema.org","@graph":[{"@type":"Article","@id":"https:\/\/interamerica.org\/es\/2013\/01\/en-brasil-adventistas-coordinan-campana-de-donacion-de-sangre-despues-de-una-tragedia\/#article","isPartOf":{"@id":"https:\/\/interamerica.org\/es\/2013\/01\/en-brasil-adventistas-coordinan-campana-de-donacion-de-sangre-despues-de-una-tragedia\/"},"author":{"name":"Lorenzo Verduzco","@id":"https:\/\/interamerica.org\/es\/#\/schema\/person\/68ede8bdc292885bb76c1e3810e73c39"},"headline":"En Brasil, adventistas coordinan campa\u00f1a de donaci\u00f3n de sangre despu\u00e9s de una tragedia","datePublished":"2013-01-29T04:00:00+00:00","mainEntityOfPage":{"@id":"https:\/\/interamerica.org\/es\/2013\/01\/en-brasil-adventistas-coordinan-campana-de-donacion-de-sangre-despues-de-una-tragedia\/"},"wordCount":502,"image":{"@id":"https:\/\/interamerica.org\/es\/2013\/01\/en-brasil-adventistas-coordinan-campana-de-donacion-de-sangre-despues-de-una-tragedia\/#primaryimage"},"thumbnailUrl":"https:\/\/interamerica.org\/wp-content\/uploads\/2017\/06\/night-club-1200-315x237.jpg","articleSection":["Desde la iglesia mundial","RSS Espa\u00f1ol"],"inLanguage":"es"},{"@type":"WebPage","@id":"https:\/\/interamerica.org\/es\/2013\/01\/en-brasil-adventistas-coordinan-campana-de-donacion-de-sangre-despues-de-una-tragedia\/","url":"https:\/\/interamerica.org\/es\/2013\/01\/en-brasil-adventistas-coordinan-campana-de-donacion-de-sangre-despues-de-una-tragedia\/","name":"En Brasil, adventistas coordinan campa\u00f1a de donaci\u00f3n de sangre despu\u00e9s de una tragedia - Iglesia Adventista del S\u00e9ptimo D\u00eda - Divisi\u00f3n Interamericana","isPartOf":{"@id":"https:\/\/interamerica.org\/es\/#website"},"primaryImageOfPage":{"@id":"https:\/\/interamerica.org\/es\/2013\/01\/en-brasil-adventistas-coordinan-campana-de-donacion-de-sangre-despues-de-una-tragedia\/#primaryimage"},"image":{"@id":"https:\/\/interamerica.org\/es\/2013\/01\/en-brasil-adventistas-coordinan-campana-de-donacion-de-sangre-despues-de-una-tragedia\/#primaryimage"},"thumbnailUrl":"https:\/\/interamerica.org\/wp-content\/uploads\/2017\/06\/night-club-1200-315x237.jpg","datePublished":"2013-01-29T04:00:00+00:00","author":{"@id":"https:\/\/interamerica.org\/es\/#\/schema\/person\/68ede8bdc292885bb76c1e3810e73c39"},"breadcrumb":{"@id":"https:\/\/interamerica.org\/es\/2013\/01\/en-brasil-adventistas-coordinan-campana-de-donacion-de-sangre-despues-de-una-tragedia\/#breadcrumb"},"inLanguage":"es","potentialAction":[{"@type":"ReadAction","target":["https:\/\/interamerica.org\/es\/2013\/01\/en-brasil-adventistas-coordinan-campana-de-donacion-de-sangre-despues-de-una-tragedia\/"]}]},{"@type":"ImageObject","inLanguage":"es","@id":"https:\/\/interamerica.org\/es\/2013\/01\/en-brasil-adventistas-coordinan-campana-de-donacion-de-sangre-despues-de-una-tragedia\/#primaryimage","url":"https:\/\/interamerica.org\/wp-content\/uploads\/2017\/06\/night-club-1200-315x237.jpg","contentUrl":"https:\/\/interamerica.org\/wp-content\/uploads\/2017\/06\/night-club-1200-315x237.jpg","width":315,"height":236},{"@type":"BreadcrumbList","@id":"https:\/\/interamerica.org\/es\/2013\/01\/en-brasil-adventistas-coordinan-campana-de-donacion-de-sangre-despues-de-una-tragedia\/#breadcrumb","itemListElement":[{"@type":"ListItem","position":1,"name":"Home","item":"https:\/\/interamerica.org\/es\/"},{"@type":"ListItem","position":2,"name":"En Brasil, adventistas coordinan campa\u00f1a de donaci\u00f3n de sangre despu\u00e9s de una tragedia"}]},{"@type":"WebSite","@id":"https:\/\/interamerica.org\/es\/#website","url":"https:\/\/interamerica.org\/es\/","name":"Iglesia Adventista del S\u00e9ptimo D\u00eda - Divisi\u00f3n Interamericana","description":"","potentialAction":[{"@type":"SearchAction","target":{"@type":"EntryPoint","urlTemplate":"https:\/\/interamerica.org\/es\/?s={search_term_string}"},"query-input":{"@type":"PropertyValueSpecification","valueRequired":true,"valueName":"search_term_string"}}],"inLanguage":"es"},{"@type":"Person","@id":"https:\/\/interamerica.org\/es\/#\/schema\/person\/68ede8bdc292885bb76c1e3810e73c39","name":"Lorenzo Verduzco","image":{"@type":"ImageObject","inLanguage":"es","@id":"https:\/\/secure.gravatar.com\/avatar\/fb81a55b6218459490a9c1dc841a34909185b81904c5337b4b27f7a6fd60c49e?s=96&d=mm&r=g","url":"https:\/\/secure.gravatar.com\/avatar\/fb81a55b6218459490a9c1dc841a34909185b81904c5337b4b27f7a6fd60c49e?s=96&d=mm&r=g","contentUrl":"https:\/\/secure.gravatar.com\/avatar\/fb81a55b6218459490a9c1dc841a34909185b81904c5337b4b27f7a6fd60c49e?s=96&d=mm&r=g","caption":"Lorenzo Verduzco"}}]}},"_links":{"self":[{"href":"https:\/\/interamerica.org\/es\/wp-json\/wp\/v2\/posts\/30146","targetHints":{"allow":["GET"]}}],"collection":[{"href":"https:\/\/interamerica.org\/es\/wp-json\/wp\/v2\/posts"}],"about":[{"href":"https:\/\/interamerica.org\/es\/wp-json\/wp\/v2\/types\/post"}],"author":[{"embeddable":true,"href":"https:\/\/interamerica.org\/es\/wp-json\/wp\/v2\/users\/1"}],"replies":[{"embeddable":true,"href":"https:\/\/interamerica.org\/es\/wp-json\/wp\/v2\/comments?post=30146"}],"version-history":[{"count":0,"href":"https:\/\/interamerica.org\/es\/wp-json\/wp\/v2\/posts\/30146\/revisions"}],"wp:featuredmedia":[{"embeddable":true,"href":"https:\/\/interamerica.org\/es\/wp-json\/wp\/v2\/media\/20835"}],"wp:attachment":[{"href":"https:\/\/interamerica.org\/es\/wp-json\/wp\/v2\/media?parent=30146"}],"wp:term":[{"taxonomy":"category","embeddable":true,"href":"https:\/\/interamerica.org\/es\/wp-json\/wp\/v2\/categories?post=30146"},{"taxonomy":"post_tag","embeddable":true,"href":"https:\/\/interamerica.org\/es\/wp-json\/wp\/v2\/tags?post=30146"}],"curies":[{"name":"wp","href":"https:\/\/api.w.org\/{rel}","templated":true}]}}