{"id":30147,"date":"2013-01-28T00:00:00","date_gmt":"2013-01-28T04:00:00","guid":{"rendered":"http:\/\/192.81.217.108\/interamerica\/2013\/01\/interamerica-dirigentes-de-la-iglesia-renuevan-su-compromiso-hacia-el-reavivamiento-espiritual\/"},"modified":"2013-01-28T00:00:00","modified_gmt":"2013-01-28T04:00:00","slug":"interamerica-dirigentes-de-la-iglesia-renuevan-su-compromiso-hacia-el-reavivamiento-espiritual","status":"publish","type":"post","link":"https:\/\/interamerica.org\/es\/2013\/01\/interamerica-dirigentes-de-la-iglesia-renuevan-su-compromiso-hacia-el-reavivamiento-espiritual\/","title":{"rendered":"Interam\u00e9rica: Dirigentes de la Iglesia, renuevan su compromiso hacia el reavivamiento espiritual"},"content":{"rendered":"<div id=\"attachment_6602\" style=\"width: 600px\" class=\"wp-caption aligncenter\"><a href=\"\/interamerica\/wp-content\/uploads\/2017\/06\/Leaderspraying.jpg\" rel=\"fancybox\" title=\"Interam\u00e9rica: Dirigentes de la Iglesia, renuevan su compromiso hacia el reavivamiento espiritual\"><img fetchpriority=\"high\" decoding=\"async\" aria-describedby=\"caption-attachment-6602\" class=\"size-full wp-image-6602 \" src=\"\/interamerica\/wp-content\/uploads\/2017\/06\/Leaderspraying.jpg\" alt=\"\" width=\"590\" height=\"391\" \/><\/a><p id=\"caption-attachment-6602\" class=\"wp-caption-text\">Dirigentes adventistas de todo el territorio de la Divisi\u00f3n Interamericana oran juntos durante una de las muchas sesiones de oraci\u00f3n, al reunirse m\u00e1s de 250 dirigentes para un renovado compromiso hacia el reavivamiento espiritual, durante una Santa Convocaci\u00f3n, de tres d\u00edas de duraci\u00f3n, celebrada en Miami, Florida, del 21 al 23 de enero de 2013. Fotograf\u00eda por Libna Stevens\/IAD<\/p><\/div>\n<p>26 de enero de 2013 \u2013 Miami, Florida, Estados Unidos&#8230;Libna Stevens -DIA<\/p>\n<div id=\"attachment_6603\" style=\"width: 325px\" class=\"wp-caption alignleft\"><a href=\"\/interamerica\/wp-content\/uploads\/2017\/06\/convo-banners.jpg\" rel=\"fancybox\" title=\"Interam\u00e9rica: Dirigentes de la Iglesia, renuevan su compromiso hacia el reavivamiento espiritual\"><img decoding=\"async\" aria-describedby=\"caption-attachment-6603\" class=\"size-full wp-image-6603 \" src=\"\/interamerica\/wp-content\/uploads\/2017\/06\/convo-banners.jpg\" alt=\"\" width=\"315\" height=\"212\" \/><\/a><p id=\"caption-attachment-6603\" class=\"wp-caption-text\">El Pastor Israel Leito, presidente de la DIA, de pie con dirigentes m\u00e1ximos de uni\u00f3n o regionales, al iniciarse la Santa Convocaci\u00f3n en Interam\u00e9rica, el 21 de enero de 2013. Fotograf\u00eda por Libna Stevens\/IAD<\/p><\/div>\n<p>Los dirigentes m\u00e1ximos adventistas que supervisan la velozmente creciente feligres\u00eda de la iglesia en Interam\u00e9rica, se reunieron a orar, estudiar estrategias y renovar su compromiso hacia el reavivamiento y reforma espirituales, durante un programa llamado Santa Convocaci\u00f3n que tuvo lugar del 21 al 23 de enero en las oficinas de la Divisi\u00f3n Interamericana (DIA), en Miami, Florida. La Santa Convocaci\u00f3n puso en marcha un a\u00f1o dedicado a celebrar la obra de miles de miembros laicos en todo su territorio.<\/p>\n<p>\u201cEsta no es simplemente una nueva reuni\u00f3n, otra reuni\u00f3n llena de seminarios, ni otro \u2018d\u00eda de campo\u2019\u201d, dijo el Pastor Israel Leito, presidente de la iglesia en Interam\u00e9rica, al dirigirse a los m\u00e1s de 250 dirigentes de la iglesia reunidos para la ocasi\u00f3n. \u201cEstamos aqu\u00ed para ayudarlo a ayudar a la iglesia, para reunirnos en dedicaci\u00f3n al Se\u00f1or, para consagrar de nuevo nuestro coraz\u00f3n para ser guiados por \u00e9l y servir de tal modo que la iglesia pueda progresar con gran celo en la obra del Se\u00f1or, en preparaci\u00f3n para su venida\u201d.<\/p>\n<p>La convocaci\u00f3n tuvo por objeto impulsar el liderazgo espiritual en una atm\u00f3sfera de reavivamiento y reforma, una atm\u00f3sfera que la iglesia ha estado fomentando durante los dos \u00faltimos a\u00f1os, explic\u00f3 el Pastor Abner De Los Santos, vicepresidente de la iglesia en Interam\u00e9rica, a cargo de la supervisi\u00f3n de la retenci\u00f3n de miembros y reavivamiento y reforma espiritual.<\/p>\n<div id=\"attachment_6604\" style=\"width: 325px\" class=\"wp-caption alignright\"><a href=\"\/interamerica\/wp-content\/uploads\/2017\/06\/TedWilsonskype.jpg\" rel=\"fancybox\" title=\"Interam\u00e9rica: Dirigentes de la Iglesia, renuevan su compromiso hacia el reavivamiento espiritual\"><img decoding=\"async\" aria-describedby=\"caption-attachment-6604\" class=\"size-full wp-image-6604\" src=\"\/interamerica\/wp-content\/uploads\/2017\/06\/TedWilsonskype.jpg\" alt=\"\" width=\"315\" height=\"210\" \/><\/a><p id=\"caption-attachment-6604\" class=\"wp-caption-text\">El presidente de la iglesia mundial, Pastor Ted N.C. Wilson, agradeci\u00f3 a los dirigentes, v\u00eda \u2013 en l\u00ednea, por su entrega a la promoci\u00f3n del reavivamiento espiritual en Interam\u00e9rica y los desafi\u00f3 a llevar adelante la obra en las ciudades. Foto por Libna Stevens\/IAD<\/p><\/div>\n<p>\u201cNuestro objetivo es continuar manteniendo un liderazgo espiritualmente saludable, y necesitamos estudiar la Palabra de Dios, apartando tiempo cada d\u00eda para la oraci\u00f3n y manteniendo una buena orientaci\u00f3n hacia Dios, la familia, la iglesia y la comunidad, que nos ayude a testificar en la mejor forma posible\u201d, dijo el Pastor De Los Santos.<\/p>\n<p>El presidente de la Iglesia Adventista mundial, Pastor Ted N.C. Wilson, agradeci\u00f3 a los dirigentes de la iglesia, v\u00eda videoconferencia, por su labor consagrada al reavivamiento y reforma, y por su papel al continuar enfocando su atenci\u00f3n en la obra en las ciudades \u201cguiando a otros a los pies de la cruz y a la pronta venida del Se\u00f1or\u201d.<\/p>\n<p>Este programa de tres d\u00edas les record\u00f3 a los dirigentes regionales y de iglesia local, el deber de continuar fomentando un ambiente de reavivamiento espiritual entre los 3.6 millones de miembros, a trav\u00e9s de varios mensajes especiales que enfatizaron la oraci\u00f3n, el estudio de la Biblia y la testificaci\u00f3n en pro del evangelio.<\/p>\n<p>El Dr. \u00c1ngel Manuel Rodr\u00edguez, del Instituto de Investigaci\u00f3n B\u00edblica de la Iglesia Adventista, les habl\u00f3 a los dirigentes acerca de las lecciones importantes encontradas en el libro de Samuel: dependencia de la gu\u00eda divina a trav\u00e9s de la oraci\u00f3n, al enfrentar desaf\u00edos y problemas al guiar al pueblo de Dios.<\/p>\n<div id=\"attachment_6605\" style=\"width: 325px\" class=\"wp-caption alignright\"><a href=\"\/interamerica\/wp-content\/uploads\/2017\/06\/AMrodriguez.jpg\" rel=\"fancybox\" title=\"Interam\u00e9rica: Dirigentes de la Iglesia, renuevan su compromiso hacia el reavivamiento espiritual\"><img loading=\"lazy\" decoding=\"async\" aria-describedby=\"caption-attachment-6605\" class=\"size-full wp-image-6605 \" src=\"\/interamerica\/wp-content\/uploads\/2017\/06\/AMrodriguez.jpg\" alt=\"\" width=\"315\" height=\"218\" \/><\/a><p id=\"caption-attachment-6605\" class=\"wp-caption-text\">El Dr. \u00c1ngel Manuel Rodr\u00edguez, del Instituto de Investigaci\u00f3n B\u00edblica de la Iglesia Adventista, habla a los dirigentes sobre la importancia de hacer de la oraci\u00f3n todo un estilo de vida. Foto por Libna Stevens\/IAD<\/p><\/div>\n<p>\u201cA fin de ser un dirigente eficaz, la oraci\u00f3n debe ser un estilo de vida\u201d, dijo el Dr. Rodr\u00edguez. \u201cTu larga experiencia como administrador nunca ser\u00e1 suficiente; necesitas estar, en cada momento de tu trabajo, en comuni\u00f3n con Dios\u201d.<\/p>\n<p>El Dr. Rodr\u00edguez les record\u00f3 a los dirigentes que la oraci\u00f3n es vital en el liderazgo y que como dirigentes nombrados por Dios, deben verse a s\u00ed mismos como vasos totalmente vac\u00edos, de modo que el Se\u00f1or pueda hacer la obra que desea hacer a trav\u00e9s de ellos y en otros.<\/p>\n<p>El evangelizador Mark Finley, vicepresidente para Evangelismo, de la Iglesia Adventista mundial, habl\u00f3 sobre la necesidad de que los dirigentes se alimenten diariamente de las Sagradas Escrituras.<\/p>\n<p>\u201cEncontrar\u00e1n muchos desaf\u00edos como administradores,\u201d dijo el Pastor Finley, \u201cPero si desean ser llenos del Esp\u00edritu Santo, saturen su mente de la Palabra de Dios, saturen su mente de las lecciones de Cristo\u201d.<\/p>\n<p>\u201cEl p\u00falpito debe ser un lugar que inspire a nuestros miembros a leer la Palabra de Dios\u201d, a\u00f1adi\u00f3 el Pastor Finley.<\/p>\n<p>El Pastor Finley se\u00f1al\u00f3 algunos m\u00e9todos de estudio de la Biblia, juntamente con oraci\u00f3n, para guiar a los miembros laicos y otros, a avanzar aun m\u00e1s al llevar a cabo la misi\u00f3n de la iglesia.<\/p>\n<div id=\"attachment_6606\" style=\"width: 325px\" class=\"wp-caption alignleft\"><a href=\"\/interamerica\/wp-content\/uploads\/2017\/06\/MarkFinley.jpg\" rel=\"fancybox\" title=\"Interam\u00e9rica: Dirigentes de la Iglesia, renuevan su compromiso hacia el reavivamiento espiritual\"><img loading=\"lazy\" decoding=\"async\" aria-describedby=\"caption-attachment-6606\" class=\"size-full wp-image-6606\" src=\"\/interamerica\/wp-content\/uploads\/2017\/06\/MarkFinley.jpg\" alt=\"\" width=\"315\" height=\"200\" \/><\/a><p id=\"caption-attachment-6606\" class=\"wp-caption-text\">El evangelizador Mark Finley, vicepresidente de la iglesia adventista mundial, enfatiz\u00f3 la necesidad de los dirigentes de estar saturados de la Palabra de Dios, al motivar a los miembros de iglesia a estudiar la Biblia diariamente. Foto por Libna Stevens\/IAD<\/p><\/div>\n<p>El cumplir la misi\u00f3n de la iglesia, que es dar a conocer el evangelio, ha sido el meollo de las iniciativas de reavivamiento y reforma espirituales puestas en marcha por la Iglesia Adventista mundial desde el 2010, dijeron los organizadores.<\/p>\n<p>Los dirigentes m\u00e1ximos de la iglesia en la DIA dirigieron varios paneles para discutir la evaluaci\u00f3n del desempe\u00f1o y formas de mantener fresco el \u00e9nfasis en el reavivamiento y la reforma espiritual en todo el territorio en los meses y a\u00f1os siguientes.<\/p>\n<p>\u201cDebemos mantener la atenci\u00f3n de la iglesia enfocada en el reavivamiento y reforma espirituales, en la visi\u00f3n de la constancia en la oraci\u00f3n, en el estudio de la Palabra de Dios, a fin de preparar un pueblo para su venida, porque la cosecha est\u00e1 madura\u201d, dijo el Pastor Leito durante un segmento de discusi\u00f3n.<\/p>\n<p>Los asistentes pudieron ver num\u00e9rica y financieramente el crecimiento de la iglesia a trav\u00e9s de informes especiales por parte de los tres administradores ejecutivos m\u00e1ximos de la iglesia en la Divisi\u00f3n Interamericana.<\/p>\n<p>Los dirigentes de las 22 uniones de la iglesia en Interam\u00e9rica, informaron acerca del progreso y actividades en torno al reavivamiento y reforma y su impacto durante los dos a\u00f1os pasados.<\/p>\n<div id=\"attachment_6607\" style=\"width: 325px\" class=\"wp-caption alignright\"><a href=\"\/interamerica\/wp-content\/uploads\/2017\/06\/convo-group.jpg\" rel=\"fancybox\" title=\"Interam\u00e9rica: Dirigentes de la Iglesia, renuevan su compromiso hacia el reavivamiento espiritual\"><img loading=\"lazy\" decoding=\"async\" aria-describedby=\"caption-attachment-6607\" class=\"size-full wp-image-6607\" src=\"\/interamerica\/wp-content\/uploads\/2017\/06\/convo-group.jpg\" alt=\"\" width=\"315\" height=\"207\" \/><\/a><p id=\"caption-attachment-6607\" class=\"wp-caption-text\">Los dirigentes de la iglesia llenaron el Auditorio Bender L. Archbold, en las oficinas de la Divisi\u00f3n Interamericana en Miami, Florida, durante los programas de la Santa Convocaci\u00f3n. Foto por Jamaar Daniel\/IAD<\/p><\/div>\n<p>Este evento se vio se\u00f1alado por varias sesiones diarias de oraci\u00f3n cuyo enfoque fue el ministerio de la familia, los j\u00f3venes, ni\u00f1os y los miembros laicos o miembros activos.<\/p>\n<p>Para Richard James, pastor de la iglesia en Guyana, la convocaci\u00f3n fue el empuje inspirador que est\u00e1 emocionado de llevar consigo al regresar a su equipo de dirigentes que supervisa la iglesia en ese lugar.<\/p>\n<p>Con unos 35 pastores de distrito pastoreando m\u00e1s de 180 iglesias y congregaciones, la oraci\u00f3n corporativa y el estudio de la Palabra de Dios han sido clave para el reavivamiento y reforma exitosos entre m\u00e1s de 58,000 miembros que componen la feligres\u00eda en Guyana, explic\u00f3 James.<\/p>\n<p>\u201cCon este evento qued\u00f3 muy claro que, como dirigentes, debemos ser modelo de una vida de oraci\u00f3n basada en la fe y la confianza en Dios, quien escucha y contesta nuestras oraciones\u201d, dijo el Pastor James. De acuerdo con \u00e9l, el servir de modelo ante los miembros de iglesia, como dirigentes espirituales cristianos, ha significado para ellos apartar tiempo para que se re\u00fanan los dirigentes de la iglesia cada primer mi\u00e9rcoles del mes, lejos de las oficinas centrales, para orar y estudiar la Palabra de Dios durante tres horas, desde el 2011.<\/p>\n<div id=\"attachment_6610\" style=\"width: 325px\" class=\"wp-caption alignleft\"><a href=\"\/interamerica\/wp-content\/uploads\/2017\/06\/Convo-organizers.jpg\" rel=\"fancybox\" title=\"Interam\u00e9rica: Dirigentes de la Iglesia, renuevan su compromiso hacia el reavivamiento espiritual\"><img loading=\"lazy\" decoding=\"async\" aria-describedby=\"caption-attachment-6610\" class=\"size-full wp-image-6610\" src=\"\/interamerica\/wp-content\/uploads\/2017\/06\/Convo-organizers.jpg\" alt=\"\" width=\"315\" height=\"217\" \/><\/a><p id=\"caption-attachment-6610\" class=\"wp-caption-text\">El Pastor Israel Leito (izquierda) posa junto a los organizadores de la Santa Convocaci\u00f3n en la DIA, durante la clausura del evento, el 23 de enero de 2013. De derecha a izquierda: Pastores Roberto Herrera, Abner De Los Santos, Melchor Ferreyra, Samuel Telemaque. Foto por Libna Stevens\/DIA<\/p><\/div>\n<p>\u201cNos ha hecho convertirnos en mejores dirigentes espirituales y esto ha dado como resultado una respuesta visible a este reavivamiento espiritual entre nuestra feligres\u00eda\u201d, dijo el Pastor James, quien est\u00e1 a la cabeza de un nuevo plan para apartar tiempo para la oraci\u00f3n entre los administradores de la iglesia cada mi\u00e9rcoles y movilizar a los directores de departamentos y ministerios para que visiten a comisionados de la polic\u00eda, dirigentes de la comunidad, escuelas y pacientes de hospitales, para orar con ellos cada mes.<\/p>\n<p>Para el Pastor Jos\u00e9 De Gracia, presidente de la iglesia en el Este de Panam\u00e1, la convocaci\u00f3n fue una oportunidad para ver la unidad entre los dirigentes de la iglesia, departamentos y ministerios, y para unir sus esfuerzos en pro del reavivamiento y la reforma espiritual.<\/p>\n<p>\u201cEste fue un evento extraordinario que nos pone en armon\u00eda con la iglesia mundial, al avanzar en la misma direcci\u00f3n\u201d, dijo el Pastor De Gracia, quien est\u00e1 al frente de un equipo de 33 pastores que ministran en favor de unos 35,000 miembros de iglesia en la parte Este de la Ciudad de Panam\u00e1, capital de Panam\u00e1.<\/p>\n<p>El Pastor De Gracia explic\u00f3 que el compromiso de los miembros laicos involucrados en el reavivamiento espiritual, ha sido instrumental en el establecimiento de 32 nuevas congregaciones en la ciudad capital, solamente durante el a\u00f1o pasado.<\/p>\n<p>\u201cNuestros dirigentes y miembros est\u00e1n buscando una relaci\u00f3n m\u00e1s cercana con el Se\u00f1or y eso los ha llevado a participar m\u00e1s activamente en dar a conocer el evangelio en sus comunidades\u201d, a\u00f1adi\u00f3.<br \/>\nDe Gracia explained that the commitment of laypeople involved in spiritual revival has been instrumental in planting some 32 congregations in the capital city during just last year.<\/p>\n<div id=\"attachment_6609\" style=\"width: 325px\" class=\"wp-caption alignleft\"><a href=\"\/interamerica\/wp-content\/uploads\/2017\/06\/leaders-praying.jpg\" rel=\"fancybox\" title=\"Interam\u00e9rica: Dirigentes de la Iglesia, renuevan su compromiso hacia el reavivamiento espiritual\"><img loading=\"lazy\" decoding=\"async\" aria-describedby=\"caption-attachment-6609\" class=\"size-full wp-image-6609\" src=\"\/interamerica\/wp-content\/uploads\/2017\/06\/leaders-praying.jpg\" alt=\"\" width=\"315\" height=\"210\" \/><\/a><p id=\"caption-attachment-6609\" class=\"wp-caption-text\">Los dirigentes de la Divisi\u00f3n Interamericana en una oraci\u00f3n de entrega al concluir la Santa Convocaci\u00f3n el 23 de enero de 2013. Foto por Libna Stevens\/IAD<\/p><\/div>\n<p>El dar a conocer el evangelio es clave en la preparaci\u00f3n para la pronta venida de Cristo, afirm\u00f3 el Pastor Leito, en la conclusi\u00f3n de la reuni\u00f3n. \u201cDeseo hacerle un llamado a que le permita a Dios que lo use, un llamado a una vida m\u00e1s consagrada, a fin de que podamos corporativamente movilizar a esta iglesia en preparaci\u00f3n para el Reino\u201d, dijo el Pastor Leito.<\/p>\n<p>Antes de celebrarse la Santa Convocaci\u00f3n en Interam\u00e9rica, los dirigentes de la iglesia se reunieron en un <a href=\"https:\/\/recursing-golick.147-182-135-0.plesk.page\/?p=6533\">servicio especial de comuni\u00f3n y consagraci\u00f3n<\/a> en favor de una feligres\u00eda consagrada y espiritualmente vivificada en todo el territorio.<\/p>\n<p>En las siguientes semanas y meses se celebrar\u00e1n en todo el territorio actividades tendientes al reavivamiento y reforma espirituales, durante la celebraci\u00f3n del A\u00f1o del Laico, incluyendo un concilio virtual para miles de ancianos de iglesia, movilizaci\u00f3n evangelizadora, celebraci\u00f3n del discipulado y otras cosas m\u00e1s.<\/p>\n<p>Ent\u00e9rese de las pr\u00f3ximas actividades durante el A\u00f1o del Laico 2013 en Interam\u00e9rica, en <a href=\"http:\/\/www.2013.interamerica.org\">2013.interamerica.org<\/a><\/p>\n<p>Visite la galer\u00eda fotogr\u00e1fica <a href=\"http:\/\/www.flickr.com\/photos\/interamerica\/8413985587\/in\/photostream\">aqu\u00ed<\/a><\/p>\n","protected":false},"excerpt":{"rendered":"<p>Los dirigentes m\u00e1ximos adventistas que supervisan la velozmente creciente feligres\u00eda de la iglesia en Interam\u00e9rica, se reunieron a orar, estudiar estrategias y renovar su compromiso hacia el reavivamiento y reforma espirituales, durante un programa llamado Santa Convocaci\u00f3n<\/p>\n","protected":false},"author":1,"featured_media":20804,"comment_status":"closed","ping_status":"closed","sticky":false,"template":"","format":"standard","meta":{"_acf_changed":false,"footnotes":""},"categories":[16,15],"tags":[],"class_list":["post-30147","post","type-post","status-publish","format-standard","has-post-thumbnail","hentry","category-desde-la-sede","category-rss-espanol"],"acf":[],"yoast_head":"<!-- This site is optimized with the Yoast SEO plugin v27.3 - https:\/\/yoast.com\/product\/yoast-seo-wordpress\/ -->\n<title>Interam\u00e9rica: Dirigentes de la Iglesia, renuevan su compromiso hacia el reavivamiento espiritual - Iglesia Adventista del S\u00e9ptimo D\u00eda - Divisi\u00f3n Interamericana<\/title>\n<meta name=\"robots\" content=\"index, follow, max-snippet:-1, max-image-preview:large, max-video-preview:-1\" \/>\n<link rel=\"canonical\" href=\"https:\/\/interamerica.org\/es\/2013\/01\/interamerica-dirigentes-de-la-iglesia-renuevan-su-compromiso-hacia-el-reavivamiento-espiritual\/\" \/>\n<meta property=\"og:locale\" content=\"es_ES\" \/>\n<meta property=\"og:type\" content=\"article\" \/>\n<meta property=\"og:title\" content=\"Interam\u00e9rica: Dirigentes de la Iglesia, renuevan su compromiso hacia el reavivamiento espiritual - Iglesia Adventista del S\u00e9ptimo D\u00eda - Divisi\u00f3n Interamericana\" \/>\n<meta property=\"og:description\" content=\"Los dirigentes m\u00e1ximos adventistas que supervisan la velozmente creciente feligres\u00eda de la iglesia en Interam\u00e9rica, se reunieron a orar, estudiar estrategias y renovar su compromiso hacia el reavivamiento y reforma espirituales, durante un programa llamado Santa Convocaci\u00f3n\" \/>\n<meta property=\"og:url\" content=\"https:\/\/interamerica.org\/es\/2013\/01\/interamerica-dirigentes-de-la-iglesia-renuevan-su-compromiso-hacia-el-reavivamiento-espiritual\/\" \/>\n<meta property=\"og:site_name\" content=\"Iglesia Adventista del S\u00e9ptimo D\u00eda - Divisi\u00f3n Interamericana\" \/>\n<meta property=\"article:published_time\" content=\"2013-01-28T04:00:00+00:00\" \/>\n<meta property=\"og:image\" content=\"https:\/\/interamerica.org\/wp-content\/uploads\/2017\/06\/Leaderspraying-sm.jpg\" \/>\n\t<meta property=\"og:image:width\" content=\"315\" \/>\n\t<meta property=\"og:image:height\" content=\"209\" \/>\n\t<meta property=\"og:image:type\" content=\"image\/jpeg\" \/>\n<meta name=\"author\" content=\"Lorenzo Verduzco\" \/>\n<meta name=\"twitter:card\" content=\"summary_large_image\" \/>\n<meta name=\"twitter:label1\" content=\"Escrito por\" \/>\n\t<meta name=\"twitter:data1\" content=\"Lorenzo Verduzco\" \/>\n\t<meta name=\"twitter:label2\" content=\"Tiempo de lectura\" \/>\n\t<meta name=\"twitter:data2\" content=\"10 minutos\" \/>\n<script type=\"application\/ld+json\" class=\"yoast-schema-graph\">{\"@context\":\"https:\\\/\\\/schema.org\",\"@graph\":[{\"@type\":\"Article\",\"@id\":\"https:\\\/\\\/interamerica.org\\\/es\\\/2013\\\/01\\\/interamerica-dirigentes-de-la-iglesia-renuevan-su-compromiso-hacia-el-reavivamiento-espiritual\\\/#article\",\"isPartOf\":{\"@id\":\"https:\\\/\\\/interamerica.org\\\/es\\\/2013\\\/01\\\/interamerica-dirigentes-de-la-iglesia-renuevan-su-compromiso-hacia-el-reavivamiento-espiritual\\\/\"},\"author\":{\"name\":\"Lorenzo Verduzco\",\"@id\":\"https:\\\/\\\/interamerica.org\\\/es\\\/#\\\/schema\\\/person\\\/68ede8bdc292885bb76c1e3810e73c39\"},\"headline\":\"Interam\u00e9rica: Dirigentes de la Iglesia, renuevan su compromiso hacia el reavivamiento espiritual\",\"datePublished\":\"2013-01-28T04:00:00+00:00\",\"mainEntityOfPage\":{\"@id\":\"https:\\\/\\\/interamerica.org\\\/es\\\/2013\\\/01\\\/interamerica-dirigentes-de-la-iglesia-renuevan-su-compromiso-hacia-el-reavivamiento-espiritual\\\/\"},\"wordCount\":2030,\"image\":{\"@id\":\"https:\\\/\\\/interamerica.org\\\/es\\\/2013\\\/01\\\/interamerica-dirigentes-de-la-iglesia-renuevan-su-compromiso-hacia-el-reavivamiento-espiritual\\\/#primaryimage\"},\"thumbnailUrl\":\"https:\\\/\\\/interamerica.org\\\/wp-content\\\/uploads\\\/2017\\\/06\\\/Leaderspraying-sm.jpg\",\"articleSection\":[\"Desde la sede\",\"RSS Espa\u00f1ol\"],\"inLanguage\":\"es\"},{\"@type\":\"WebPage\",\"@id\":\"https:\\\/\\\/interamerica.org\\\/es\\\/2013\\\/01\\\/interamerica-dirigentes-de-la-iglesia-renuevan-su-compromiso-hacia-el-reavivamiento-espiritual\\\/\",\"url\":\"https:\\\/\\\/interamerica.org\\\/es\\\/2013\\\/01\\\/interamerica-dirigentes-de-la-iglesia-renuevan-su-compromiso-hacia-el-reavivamiento-espiritual\\\/\",\"name\":\"Interam\u00e9rica: Dirigentes de la Iglesia, renuevan su compromiso hacia el reavivamiento espiritual - Iglesia Adventista del S\u00e9ptimo D\u00eda - Divisi\u00f3n Interamericana\",\"isPartOf\":{\"@id\":\"https:\\\/\\\/interamerica.org\\\/es\\\/#website\"},\"primaryImageOfPage\":{\"@id\":\"https:\\\/\\\/interamerica.org\\\/es\\\/2013\\\/01\\\/interamerica-dirigentes-de-la-iglesia-renuevan-su-compromiso-hacia-el-reavivamiento-espiritual\\\/#primaryimage\"},\"image\":{\"@id\":\"https:\\\/\\\/interamerica.org\\\/es\\\/2013\\\/01\\\/interamerica-dirigentes-de-la-iglesia-renuevan-su-compromiso-hacia-el-reavivamiento-espiritual\\\/#primaryimage\"},\"thumbnailUrl\":\"https:\\\/\\\/interamerica.org\\\/wp-content\\\/uploads\\\/2017\\\/06\\\/Leaderspraying-sm.jpg\",\"datePublished\":\"2013-01-28T04:00:00+00:00\",\"author\":{\"@id\":\"https:\\\/\\\/interamerica.org\\\/es\\\/#\\\/schema\\\/person\\\/68ede8bdc292885bb76c1e3810e73c39\"},\"breadcrumb\":{\"@id\":\"https:\\\/\\\/interamerica.org\\\/es\\\/2013\\\/01\\\/interamerica-dirigentes-de-la-iglesia-renuevan-su-compromiso-hacia-el-reavivamiento-espiritual\\\/#breadcrumb\"},\"inLanguage\":\"es\",\"potentialAction\":[{\"@type\":\"ReadAction\",\"target\":[\"https:\\\/\\\/interamerica.org\\\/es\\\/2013\\\/01\\\/interamerica-dirigentes-de-la-iglesia-renuevan-su-compromiso-hacia-el-reavivamiento-espiritual\\\/\"]}]},{\"@type\":\"ImageObject\",\"inLanguage\":\"es\",\"@id\":\"https:\\\/\\\/interamerica.org\\\/es\\\/2013\\\/01\\\/interamerica-dirigentes-de-la-iglesia-renuevan-su-compromiso-hacia-el-reavivamiento-espiritual\\\/#primaryimage\",\"url\":\"https:\\\/\\\/interamerica.org\\\/wp-content\\\/uploads\\\/2017\\\/06\\\/Leaderspraying-sm.jpg\",\"contentUrl\":\"https:\\\/\\\/interamerica.org\\\/wp-content\\\/uploads\\\/2017\\\/06\\\/Leaderspraying-sm.jpg\",\"width\":315,\"height\":209},{\"@type\":\"BreadcrumbList\",\"@id\":\"https:\\\/\\\/interamerica.org\\\/es\\\/2013\\\/01\\\/interamerica-dirigentes-de-la-iglesia-renuevan-su-compromiso-hacia-el-reavivamiento-espiritual\\\/#breadcrumb\",\"itemListElement\":[{\"@type\":\"ListItem\",\"position\":1,\"name\":\"Home\",\"item\":\"https:\\\/\\\/interamerica.org\\\/es\\\/\"},{\"@type\":\"ListItem\",\"position\":2,\"name\":\"Interam\u00e9rica: Dirigentes de la Iglesia, renuevan su compromiso hacia el reavivamiento espiritual\"}]},{\"@type\":\"WebSite\",\"@id\":\"https:\\\/\\\/interamerica.org\\\/es\\\/#website\",\"url\":\"https:\\\/\\\/interamerica.org\\\/es\\\/\",\"name\":\"Iglesia Adventista del S\u00e9ptimo D\u00eda - Divisi\u00f3n Interamericana\",\"description\":\"\",\"potentialAction\":[{\"@type\":\"SearchAction\",\"target\":{\"@type\":\"EntryPoint\",\"urlTemplate\":\"https:\\\/\\\/interamerica.org\\\/es\\\/?s={search_term_string}\"},\"query-input\":{\"@type\":\"PropertyValueSpecification\",\"valueRequired\":true,\"valueName\":\"search_term_string\"}}],\"inLanguage\":\"es\"},{\"@type\":\"Person\",\"@id\":\"https:\\\/\\\/interamerica.org\\\/es\\\/#\\\/schema\\\/person\\\/68ede8bdc292885bb76c1e3810e73c39\",\"name\":\"Lorenzo Verduzco\",\"image\":{\"@type\":\"ImageObject\",\"inLanguage\":\"es\",\"@id\":\"https:\\\/\\\/secure.gravatar.com\\\/avatar\\\/fb81a55b6218459490a9c1dc841a34909185b81904c5337b4b27f7a6fd60c49e?s=96&d=mm&r=g\",\"url\":\"https:\\\/\\\/secure.gravatar.com\\\/avatar\\\/fb81a55b6218459490a9c1dc841a34909185b81904c5337b4b27f7a6fd60c49e?s=96&d=mm&r=g\",\"contentUrl\":\"https:\\\/\\\/secure.gravatar.com\\\/avatar\\\/fb81a55b6218459490a9c1dc841a34909185b81904c5337b4b27f7a6fd60c49e?s=96&d=mm&r=g\",\"caption\":\"Lorenzo Verduzco\"}}]}<\/script>\n<!-- \/ Yoast SEO plugin. -->","yoast_head_json":{"title":"Interam\u00e9rica: Dirigentes de la Iglesia, renuevan su compromiso hacia el reavivamiento espiritual - Iglesia Adventista del S\u00e9ptimo D\u00eda - Divisi\u00f3n Interamericana","robots":{"index":"index","follow":"follow","max-snippet":"max-snippet:-1","max-image-preview":"max-image-preview:large","max-video-preview":"max-video-preview:-1"},"canonical":"https:\/\/interamerica.org\/es\/2013\/01\/interamerica-dirigentes-de-la-iglesia-renuevan-su-compromiso-hacia-el-reavivamiento-espiritual\/","og_locale":"es_ES","og_type":"article","og_title":"Interam\u00e9rica: Dirigentes de la Iglesia, renuevan su compromiso hacia el reavivamiento espiritual - Iglesia Adventista del S\u00e9ptimo D\u00eda - Divisi\u00f3n Interamericana","og_description":"Los dirigentes m\u00e1ximos adventistas que supervisan la velozmente creciente feligres\u00eda de la iglesia en Interam\u00e9rica, se reunieron a orar, estudiar estrategias y renovar su compromiso hacia el reavivamiento y reforma espirituales, durante un programa llamado Santa Convocaci\u00f3n","og_url":"https:\/\/interamerica.org\/es\/2013\/01\/interamerica-dirigentes-de-la-iglesia-renuevan-su-compromiso-hacia-el-reavivamiento-espiritual\/","og_site_name":"Iglesia Adventista del S\u00e9ptimo D\u00eda - Divisi\u00f3n Interamericana","article_published_time":"2013-01-28T04:00:00+00:00","og_image":[{"width":315,"height":209,"url":"https:\/\/interamerica.org\/wp-content\/uploads\/2017\/06\/Leaderspraying-sm.jpg","type":"image\/jpeg"}],"author":"Lorenzo Verduzco","twitter_card":"summary_large_image","twitter_misc":{"Escrito por":"Lorenzo Verduzco","Tiempo de lectura":"10 minutos"},"schema":{"@context":"https:\/\/schema.org","@graph":[{"@type":"Article","@id":"https:\/\/interamerica.org\/es\/2013\/01\/interamerica-dirigentes-de-la-iglesia-renuevan-su-compromiso-hacia-el-reavivamiento-espiritual\/#article","isPartOf":{"@id":"https:\/\/interamerica.org\/es\/2013\/01\/interamerica-dirigentes-de-la-iglesia-renuevan-su-compromiso-hacia-el-reavivamiento-espiritual\/"},"author":{"name":"Lorenzo Verduzco","@id":"https:\/\/interamerica.org\/es\/#\/schema\/person\/68ede8bdc292885bb76c1e3810e73c39"},"headline":"Interam\u00e9rica: Dirigentes de la Iglesia, renuevan su compromiso hacia el reavivamiento espiritual","datePublished":"2013-01-28T04:00:00+00:00","mainEntityOfPage":{"@id":"https:\/\/interamerica.org\/es\/2013\/01\/interamerica-dirigentes-de-la-iglesia-renuevan-su-compromiso-hacia-el-reavivamiento-espiritual\/"},"wordCount":2030,"image":{"@id":"https:\/\/interamerica.org\/es\/2013\/01\/interamerica-dirigentes-de-la-iglesia-renuevan-su-compromiso-hacia-el-reavivamiento-espiritual\/#primaryimage"},"thumbnailUrl":"https:\/\/interamerica.org\/wp-content\/uploads\/2017\/06\/Leaderspraying-sm.jpg","articleSection":["Desde la sede","RSS Espa\u00f1ol"],"inLanguage":"es"},{"@type":"WebPage","@id":"https:\/\/interamerica.org\/es\/2013\/01\/interamerica-dirigentes-de-la-iglesia-renuevan-su-compromiso-hacia-el-reavivamiento-espiritual\/","url":"https:\/\/interamerica.org\/es\/2013\/01\/interamerica-dirigentes-de-la-iglesia-renuevan-su-compromiso-hacia-el-reavivamiento-espiritual\/","name":"Interam\u00e9rica: Dirigentes de la Iglesia, renuevan su compromiso hacia el reavivamiento espiritual - Iglesia Adventista del S\u00e9ptimo D\u00eda - Divisi\u00f3n Interamericana","isPartOf":{"@id":"https:\/\/interamerica.org\/es\/#website"},"primaryImageOfPage":{"@id":"https:\/\/interamerica.org\/es\/2013\/01\/interamerica-dirigentes-de-la-iglesia-renuevan-su-compromiso-hacia-el-reavivamiento-espiritual\/#primaryimage"},"image":{"@id":"https:\/\/interamerica.org\/es\/2013\/01\/interamerica-dirigentes-de-la-iglesia-renuevan-su-compromiso-hacia-el-reavivamiento-espiritual\/#primaryimage"},"thumbnailUrl":"https:\/\/interamerica.org\/wp-content\/uploads\/2017\/06\/Leaderspraying-sm.jpg","datePublished":"2013-01-28T04:00:00+00:00","author":{"@id":"https:\/\/interamerica.org\/es\/#\/schema\/person\/68ede8bdc292885bb76c1e3810e73c39"},"breadcrumb":{"@id":"https:\/\/interamerica.org\/es\/2013\/01\/interamerica-dirigentes-de-la-iglesia-renuevan-su-compromiso-hacia-el-reavivamiento-espiritual\/#breadcrumb"},"inLanguage":"es","potentialAction":[{"@type":"ReadAction","target":["https:\/\/interamerica.org\/es\/2013\/01\/interamerica-dirigentes-de-la-iglesia-renuevan-su-compromiso-hacia-el-reavivamiento-espiritual\/"]}]},{"@type":"ImageObject","inLanguage":"es","@id":"https:\/\/interamerica.org\/es\/2013\/01\/interamerica-dirigentes-de-la-iglesia-renuevan-su-compromiso-hacia-el-reavivamiento-espiritual\/#primaryimage","url":"https:\/\/interamerica.org\/wp-content\/uploads\/2017\/06\/Leaderspraying-sm.jpg","contentUrl":"https:\/\/interamerica.org\/wp-content\/uploads\/2017\/06\/Leaderspraying-sm.jpg","width":315,"height":209},{"@type":"BreadcrumbList","@id":"https:\/\/interamerica.org\/es\/2013\/01\/interamerica-dirigentes-de-la-iglesia-renuevan-su-compromiso-hacia-el-reavivamiento-espiritual\/#breadcrumb","itemListElement":[{"@type":"ListItem","position":1,"name":"Home","item":"https:\/\/interamerica.org\/es\/"},{"@type":"ListItem","position":2,"name":"Interam\u00e9rica: Dirigentes de la Iglesia, renuevan su compromiso hacia el reavivamiento espiritual"}]},{"@type":"WebSite","@id":"https:\/\/interamerica.org\/es\/#website","url":"https:\/\/interamerica.org\/es\/","name":"Iglesia Adventista del S\u00e9ptimo D\u00eda - Divisi\u00f3n Interamericana","description":"","potentialAction":[{"@type":"SearchAction","target":{"@type":"EntryPoint","urlTemplate":"https:\/\/interamerica.org\/es\/?s={search_term_string}"},"query-input":{"@type":"PropertyValueSpecification","valueRequired":true,"valueName":"search_term_string"}}],"inLanguage":"es"},{"@type":"Person","@id":"https:\/\/interamerica.org\/es\/#\/schema\/person\/68ede8bdc292885bb76c1e3810e73c39","name":"Lorenzo Verduzco","image":{"@type":"ImageObject","inLanguage":"es","@id":"https:\/\/secure.gravatar.com\/avatar\/fb81a55b6218459490a9c1dc841a34909185b81904c5337b4b27f7a6fd60c49e?s=96&d=mm&r=g","url":"https:\/\/secure.gravatar.com\/avatar\/fb81a55b6218459490a9c1dc841a34909185b81904c5337b4b27f7a6fd60c49e?s=96&d=mm&r=g","contentUrl":"https:\/\/secure.gravatar.com\/avatar\/fb81a55b6218459490a9c1dc841a34909185b81904c5337b4b27f7a6fd60c49e?s=96&d=mm&r=g","caption":"Lorenzo Verduzco"}}]}},"_links":{"self":[{"href":"https:\/\/interamerica.org\/es\/wp-json\/wp\/v2\/posts\/30147","targetHints":{"allow":["GET"]}}],"collection":[{"href":"https:\/\/interamerica.org\/es\/wp-json\/wp\/v2\/posts"}],"about":[{"href":"https:\/\/interamerica.org\/es\/wp-json\/wp\/v2\/types\/post"}],"author":[{"embeddable":true,"href":"https:\/\/interamerica.org\/es\/wp-json\/wp\/v2\/users\/1"}],"replies":[{"embeddable":true,"href":"https:\/\/interamerica.org\/es\/wp-json\/wp\/v2\/comments?post=30147"}],"version-history":[{"count":0,"href":"https:\/\/interamerica.org\/es\/wp-json\/wp\/v2\/posts\/30147\/revisions"}],"wp:featuredmedia":[{"embeddable":true,"href":"https:\/\/interamerica.org\/es\/wp-json\/wp\/v2\/media\/20804"}],"wp:attachment":[{"href":"https:\/\/interamerica.org\/es\/wp-json\/wp\/v2\/media?parent=30147"}],"wp:term":[{"taxonomy":"category","embeddable":true,"href":"https:\/\/interamerica.org\/es\/wp-json\/wp\/v2\/categories?post=30147"},{"taxonomy":"post_tag","embeddable":true,"href":"https:\/\/interamerica.org\/es\/wp-json\/wp\/v2\/tags?post=30147"}],"curies":[{"name":"wp","href":"https:\/\/api.w.org\/{rel}","templated":true}]}}