{"id":30148,"date":"2013-02-01T00:00:00","date_gmt":"2013-02-01T04:00:00","guid":{"rendered":"http:\/\/192.81.217.108\/interamerica\/2013\/02\/interamerica-liderazgo-a-conectarse-con-ancianos-de-iglesia-durante-concilio-virtual\/"},"modified":"2013-02-01T00:00:00","modified_gmt":"2013-02-01T04:00:00","slug":"interamerica-liderazgo-a-conectarse-con-ancianos-de-iglesia-durante-concilio-virtual","status":"publish","type":"post","link":"https:\/\/interamerica.org\/es\/2013\/02\/interamerica-liderazgo-a-conectarse-con-ancianos-de-iglesia-durante-concilio-virtual\/","title":{"rendered":"Interam\u00e9rica: Liderazgo a conectarse con ancianos de iglesia durante concilio virtual"},"content":{"rendered":"<p>February 1, 2013 &#8211; Miami, Florida, United States&#8230;Libna Stevens\/IAD<\/p>\n<div id=\"attachment_6715\" style=\"width: 325px\" class=\"wp-caption alignleft\"><a href=\"\/interamerica\/wp-content\/uploads\/2017\/06\/conciliovirtual.jpg\" rel=\"fancybox\" title=\"Interam\u00e9rica: Liderazgo a conectarse con ancianos de iglesia durante concilio virtual\"><img fetchpriority=\"high\" decoding=\"async\" aria-describedby=\"caption-attachment-6715\" class=\"size-full wp-image-6715 \" title=\"conciliovirtual\" src=\"\/interamerica\/wp-content\/uploads\/2017\/06\/conciliovirtual.jpg\" alt=\"\" width=\"315\" height=\"200\" \/><\/a><p id=\"caption-attachment-6715\" class=\"wp-caption-text\">Imagen por Abel M\u00e1rquez\/DIA<\/p><\/div>\n<p>La Iglesia Adventista del S\u00e9ptimo D\u00eda de Interam\u00e9rica se est\u00e1 preparando para celebrar su segundo concilio virtual el s\u00e1bado 9 de febrero, cuando habr\u00e1 de conectar a miles de ministros y ancianos de iglesia en todo su territorio, v\u00eda Internet. Este evento se llevar\u00e1 a cabo desde las oficinas de la Divisi\u00f3n Interamericana en Miami, Florida.<\/p>\n<p>\u201cEste es un concilio virtual muy significativo, porque enfatizar\u00e1 el importante papel de los ancianos de iglesia en sociedad con los pastores, al ministrar en favor de m\u00e1s de 11,000 iglesias y congregaciones por todo Interam\u00e9rica\u201d dijo el Pastor H\u00e9ctor S\u00e1nchez, secretario ministerial de la iglesia en Interam\u00e9rica y uno de los principales organizadores del evento.<\/p>\n<p>El concilio virtual es parte del A\u00f1o del Laico en Interam\u00e9rica, que es de hecho parte de la iniciativa permanente de reavivamiento y reforma de la iglesia, que se inici\u00f3 en el 2011. Esta iniciativa enfatiza la oraci\u00f3n diaria, el estudio profundo de la Biblia y la testificaci\u00f3n en pro del evangelio.<\/p>\n<p>De acuerdo con el Pastor S\u00e1nchez, se han organizado a los ancianos de iglesia en cada iglesia local, para ver este programa en vivo y tomar parte dirigiendo sus preguntas y preocupaciones a los dirigentes m\u00e1ximos de la iglesia. \u201cCalculamos que tenemos unos 30,000 ancianos de iglesia asistiendo a nuestros 3,000 pastores locales en todo el territorio de la Divisi\u00f3n\u201d, dijo el Pastor S\u00e1nchez.<\/p>\n<p>Aproximadamente un centenar de dirigentes de iglesia regionales, incluyendo el secretario ministerial, el director de ministerio personal, m\u00e1s un pastor y un anciano de cada una de las 22 uniones de Interam\u00e9rica, ver\u00e1 este programa en vivo.<\/p>\n<p>Este programa de dos horas de duraci\u00f3n acentuar\u00e1 la importancia de la obra del anciano de iglesia, como un elemento fundamental para el avance del evangelio, enfatizar\u00e1 las actividades pr\u00f3ximas de integraci\u00f3n de ministerios para llevar el evangelio a la comunidad y enfocar\u00e1 la atenci\u00f3n en iniciativas de salud.<\/p>\n<p>Este programa virtual subrayar\u00e1 tambi\u00e9n el estrecho v\u00ednculo entre pastores y ancianos de iglesia, fomentando un ambiente spiritual de reavivamiento y reforma, a fin de guiar a la hermandad hacia una m\u00e1s profunda relaci\u00f3n con Jes\u00fas, expresaron los dirigentes.<\/p>\n<p>Est\u00e1 tambi\u00e9n programado un breve mensaje del presidente de la iglesia mundial, el Pastor Ted N.C. Wilson, un mensaje espiritual del presidente de la Divisi\u00f3n Interamericana, Pastor Israel Levito, varias iniciativas que se llevan a cabo en toda la divisi\u00f3n, una secci\u00f3n de preguntas y respuestas, m\u00fasica, oraci\u00f3n y otras cosas m\u00e1s.<\/p>\n<p>El concilio virtual de Interam\u00e9rica, comenzar\u00e1 el s\u00e1bado 9 de febrero de 2013, a las 10:00 a.m. , tiempo de Miami y est\u00e1 programado para terminar a las 12:00 horas, tiempo de Miami.<\/p>\n<p>Puedes ver el programa en vivo, en <a href=\"https:\/\/sites.google.com\/a\/interamerica.org\/channel\/es\">click here<\/a><\/p>\n<p>Para m\u00e1s informaci\u00f3n y recursos durante el A\u00f1o del Laico 2013 en Interam\u00e9rica, visita <a href=\"http:\/\/www.2013.interamerica.org\">2013.interamerica.org<\/a><\/p>\n<p><em>Traducci\u00f3n por Gloria A Castrej\u00f3n<\/em><\/p>\n","protected":false},"excerpt":{"rendered":"<p>La Iglesia Adventista del S\u00e9ptimo D\u00eda de Interam\u00e9rica se est\u00e1 preparando para celebrar su segundo concilio virtual el s\u00e1bado 9 de febrero, cuando habr\u00e1 de conectar a miles de ministros y ancianos de iglesia en todo su territorio, v\u00eda Internet.<\/p>\n","protected":false},"author":1,"featured_media":30149,"comment_status":"closed","ping_status":"closed","sticky":false,"template":"","format":"standard","meta":{"_acf_changed":false,"footnotes":""},"categories":[16,15],"tags":[],"class_list":["post-30148","post","type-post","status-publish","format-standard","has-post-thumbnail","hentry","category-desde-la-sede","category-rss-espanol"],"acf":[],"yoast_head":"<!-- This site is optimized with the Yoast SEO plugin v27.3 - https:\/\/yoast.com\/product\/yoast-seo-wordpress\/ -->\n<title>Interam\u00e9rica: Liderazgo a conectarse con ancianos de iglesia durante concilio virtual - Iglesia Adventista del S\u00e9ptimo D\u00eda - Divisi\u00f3n Interamericana<\/title>\n<meta name=\"robots\" content=\"index, follow, max-snippet:-1, max-image-preview:large, max-video-preview:-1\" \/>\n<link rel=\"canonical\" href=\"https:\/\/interamerica.org\/es\/2013\/02\/interamerica-liderazgo-a-conectarse-con-ancianos-de-iglesia-durante-concilio-virtual\/\" \/>\n<meta property=\"og:locale\" content=\"es_ES\" \/>\n<meta property=\"og:type\" content=\"article\" \/>\n<meta property=\"og:title\" content=\"Interam\u00e9rica: Liderazgo a conectarse con ancianos de iglesia durante concilio virtual - Iglesia Adventista del S\u00e9ptimo D\u00eda - Divisi\u00f3n Interamericana\" \/>\n<meta property=\"og:description\" content=\"La Iglesia Adventista del S\u00e9ptimo D\u00eda de Interam\u00e9rica se est\u00e1 preparando para celebrar su segundo concilio virtual el s\u00e1bado 9 de febrero, cuando habr\u00e1 de conectar a miles de ministros y ancianos de iglesia en todo su territorio, v\u00eda Internet.\" \/>\n<meta property=\"og:url\" content=\"https:\/\/interamerica.org\/es\/2013\/02\/interamerica-liderazgo-a-conectarse-con-ancianos-de-iglesia-durante-concilio-virtual\/\" \/>\n<meta property=\"og:site_name\" content=\"Iglesia Adventista del S\u00e9ptimo D\u00eda - Divisi\u00f3n Interamericana\" \/>\n<meta property=\"article:published_time\" content=\"2013-02-01T04:00:00+00:00\" \/>\n<meta property=\"og:image\" content=\"https:\/\/interamerica.org\/wp-content\/uploads\/2017\/06\/conciliovirtual.jpg\" \/>\n\t<meta property=\"og:image:width\" content=\"315\" \/>\n\t<meta property=\"og:image:height\" content=\"200\" \/>\n\t<meta property=\"og:image:type\" content=\"image\/jpeg\" \/>\n<meta name=\"author\" content=\"Lorenzo Verduzco\" \/>\n<meta name=\"twitter:card\" content=\"summary_large_image\" \/>\n<meta name=\"twitter:label1\" content=\"Escrito por\" \/>\n\t<meta name=\"twitter:data1\" content=\"Lorenzo Verduzco\" \/>\n\t<meta name=\"twitter:label2\" content=\"Tiempo de lectura\" \/>\n\t<meta name=\"twitter:data2\" content=\"3 minutos\" \/>\n<script type=\"application\/ld+json\" class=\"yoast-schema-graph\">{\"@context\":\"https:\\\/\\\/schema.org\",\"@graph\":[{\"@type\":\"Article\",\"@id\":\"https:\\\/\\\/interamerica.org\\\/es\\\/2013\\\/02\\\/interamerica-liderazgo-a-conectarse-con-ancianos-de-iglesia-durante-concilio-virtual\\\/#article\",\"isPartOf\":{\"@id\":\"https:\\\/\\\/interamerica.org\\\/es\\\/2013\\\/02\\\/interamerica-liderazgo-a-conectarse-con-ancianos-de-iglesia-durante-concilio-virtual\\\/\"},\"author\":{\"name\":\"Lorenzo Verduzco\",\"@id\":\"https:\\\/\\\/interamerica.org\\\/es\\\/#\\\/schema\\\/person\\\/68ede8bdc292885bb76c1e3810e73c39\"},\"headline\":\"Interam\u00e9rica: Liderazgo a conectarse con ancianos de iglesia durante concilio virtual\",\"datePublished\":\"2013-02-01T04:00:00+00:00\",\"mainEntityOfPage\":{\"@id\":\"https:\\\/\\\/interamerica.org\\\/es\\\/2013\\\/02\\\/interamerica-liderazgo-a-conectarse-con-ancianos-de-iglesia-durante-concilio-virtual\\\/\"},\"wordCount\":537,\"image\":{\"@id\":\"https:\\\/\\\/interamerica.org\\\/es\\\/2013\\\/02\\\/interamerica-liderazgo-a-conectarse-con-ancianos-de-iglesia-durante-concilio-virtual\\\/#primaryimage\"},\"thumbnailUrl\":\"https:\\\/\\\/interamerica.org\\\/wp-content\\\/uploads\\\/2017\\\/06\\\/conciliovirtual.jpg\",\"articleSection\":[\"Desde la sede\",\"RSS Espa\u00f1ol\"],\"inLanguage\":\"es\"},{\"@type\":\"WebPage\",\"@id\":\"https:\\\/\\\/interamerica.org\\\/es\\\/2013\\\/02\\\/interamerica-liderazgo-a-conectarse-con-ancianos-de-iglesia-durante-concilio-virtual\\\/\",\"url\":\"https:\\\/\\\/interamerica.org\\\/es\\\/2013\\\/02\\\/interamerica-liderazgo-a-conectarse-con-ancianos-de-iglesia-durante-concilio-virtual\\\/\",\"name\":\"Interam\u00e9rica: Liderazgo a conectarse con ancianos de iglesia durante concilio virtual - Iglesia Adventista del S\u00e9ptimo D\u00eda - Divisi\u00f3n Interamericana\",\"isPartOf\":{\"@id\":\"https:\\\/\\\/interamerica.org\\\/es\\\/#website\"},\"primaryImageOfPage\":{\"@id\":\"https:\\\/\\\/interamerica.org\\\/es\\\/2013\\\/02\\\/interamerica-liderazgo-a-conectarse-con-ancianos-de-iglesia-durante-concilio-virtual\\\/#primaryimage\"},\"image\":{\"@id\":\"https:\\\/\\\/interamerica.org\\\/es\\\/2013\\\/02\\\/interamerica-liderazgo-a-conectarse-con-ancianos-de-iglesia-durante-concilio-virtual\\\/#primaryimage\"},\"thumbnailUrl\":\"https:\\\/\\\/interamerica.org\\\/wp-content\\\/uploads\\\/2017\\\/06\\\/conciliovirtual.jpg\",\"datePublished\":\"2013-02-01T04:00:00+00:00\",\"author\":{\"@id\":\"https:\\\/\\\/interamerica.org\\\/es\\\/#\\\/schema\\\/person\\\/68ede8bdc292885bb76c1e3810e73c39\"},\"breadcrumb\":{\"@id\":\"https:\\\/\\\/interamerica.org\\\/es\\\/2013\\\/02\\\/interamerica-liderazgo-a-conectarse-con-ancianos-de-iglesia-durante-concilio-virtual\\\/#breadcrumb\"},\"inLanguage\":\"es\",\"potentialAction\":[{\"@type\":\"ReadAction\",\"target\":[\"https:\\\/\\\/interamerica.org\\\/es\\\/2013\\\/02\\\/interamerica-liderazgo-a-conectarse-con-ancianos-de-iglesia-durante-concilio-virtual\\\/\"]}]},{\"@type\":\"ImageObject\",\"inLanguage\":\"es\",\"@id\":\"https:\\\/\\\/interamerica.org\\\/es\\\/2013\\\/02\\\/interamerica-liderazgo-a-conectarse-con-ancianos-de-iglesia-durante-concilio-virtual\\\/#primaryimage\",\"url\":\"https:\\\/\\\/interamerica.org\\\/wp-content\\\/uploads\\\/2017\\\/06\\\/conciliovirtual.jpg\",\"contentUrl\":\"https:\\\/\\\/interamerica.org\\\/wp-content\\\/uploads\\\/2017\\\/06\\\/conciliovirtual.jpg\",\"width\":315,\"height\":200},{\"@type\":\"BreadcrumbList\",\"@id\":\"https:\\\/\\\/interamerica.org\\\/es\\\/2013\\\/02\\\/interamerica-liderazgo-a-conectarse-con-ancianos-de-iglesia-durante-concilio-virtual\\\/#breadcrumb\",\"itemListElement\":[{\"@type\":\"ListItem\",\"position\":1,\"name\":\"Home\",\"item\":\"https:\\\/\\\/interamerica.org\\\/es\\\/\"},{\"@type\":\"ListItem\",\"position\":2,\"name\":\"Interam\u00e9rica: Liderazgo a conectarse con ancianos de iglesia durante concilio virtual\"}]},{\"@type\":\"WebSite\",\"@id\":\"https:\\\/\\\/interamerica.org\\\/es\\\/#website\",\"url\":\"https:\\\/\\\/interamerica.org\\\/es\\\/\",\"name\":\"Iglesia Adventista del S\u00e9ptimo D\u00eda - Divisi\u00f3n Interamericana\",\"description\":\"\",\"potentialAction\":[{\"@type\":\"SearchAction\",\"target\":{\"@type\":\"EntryPoint\",\"urlTemplate\":\"https:\\\/\\\/interamerica.org\\\/es\\\/?s={search_term_string}\"},\"query-input\":{\"@type\":\"PropertyValueSpecification\",\"valueRequired\":true,\"valueName\":\"search_term_string\"}}],\"inLanguage\":\"es\"},{\"@type\":\"Person\",\"@id\":\"https:\\\/\\\/interamerica.org\\\/es\\\/#\\\/schema\\\/person\\\/68ede8bdc292885bb76c1e3810e73c39\",\"name\":\"Lorenzo Verduzco\",\"image\":{\"@type\":\"ImageObject\",\"inLanguage\":\"es\",\"@id\":\"https:\\\/\\\/secure.gravatar.com\\\/avatar\\\/fb81a55b6218459490a9c1dc841a34909185b81904c5337b4b27f7a6fd60c49e?s=96&d=mm&r=g\",\"url\":\"https:\\\/\\\/secure.gravatar.com\\\/avatar\\\/fb81a55b6218459490a9c1dc841a34909185b81904c5337b4b27f7a6fd60c49e?s=96&d=mm&r=g\",\"contentUrl\":\"https:\\\/\\\/secure.gravatar.com\\\/avatar\\\/fb81a55b6218459490a9c1dc841a34909185b81904c5337b4b27f7a6fd60c49e?s=96&d=mm&r=g\",\"caption\":\"Lorenzo Verduzco\"}}]}<\/script>\n<!-- \/ Yoast SEO plugin. -->","yoast_head_json":{"title":"Interam\u00e9rica: Liderazgo a conectarse con ancianos de iglesia durante concilio virtual - Iglesia Adventista del S\u00e9ptimo D\u00eda - Divisi\u00f3n Interamericana","robots":{"index":"index","follow":"follow","max-snippet":"max-snippet:-1","max-image-preview":"max-image-preview:large","max-video-preview":"max-video-preview:-1"},"canonical":"https:\/\/interamerica.org\/es\/2013\/02\/interamerica-liderazgo-a-conectarse-con-ancianos-de-iglesia-durante-concilio-virtual\/","og_locale":"es_ES","og_type":"article","og_title":"Interam\u00e9rica: Liderazgo a conectarse con ancianos de iglesia durante concilio virtual - Iglesia Adventista del S\u00e9ptimo D\u00eda - Divisi\u00f3n Interamericana","og_description":"La Iglesia Adventista del S\u00e9ptimo D\u00eda de Interam\u00e9rica se est\u00e1 preparando para celebrar su segundo concilio virtual el s\u00e1bado 9 de febrero, cuando habr\u00e1 de conectar a miles de ministros y ancianos de iglesia en todo su territorio, v\u00eda Internet.","og_url":"https:\/\/interamerica.org\/es\/2013\/02\/interamerica-liderazgo-a-conectarse-con-ancianos-de-iglesia-durante-concilio-virtual\/","og_site_name":"Iglesia Adventista del S\u00e9ptimo D\u00eda - Divisi\u00f3n Interamericana","article_published_time":"2013-02-01T04:00:00+00:00","og_image":[{"width":315,"height":200,"url":"https:\/\/interamerica.org\/wp-content\/uploads\/2017\/06\/conciliovirtual.jpg","type":"image\/jpeg"}],"author":"Lorenzo Verduzco","twitter_card":"summary_large_image","twitter_misc":{"Escrito por":"Lorenzo Verduzco","Tiempo de lectura":"3 minutos"},"schema":{"@context":"https:\/\/schema.org","@graph":[{"@type":"Article","@id":"https:\/\/interamerica.org\/es\/2013\/02\/interamerica-liderazgo-a-conectarse-con-ancianos-de-iglesia-durante-concilio-virtual\/#article","isPartOf":{"@id":"https:\/\/interamerica.org\/es\/2013\/02\/interamerica-liderazgo-a-conectarse-con-ancianos-de-iglesia-durante-concilio-virtual\/"},"author":{"name":"Lorenzo Verduzco","@id":"https:\/\/interamerica.org\/es\/#\/schema\/person\/68ede8bdc292885bb76c1e3810e73c39"},"headline":"Interam\u00e9rica: Liderazgo a conectarse con ancianos de iglesia durante concilio virtual","datePublished":"2013-02-01T04:00:00+00:00","mainEntityOfPage":{"@id":"https:\/\/interamerica.org\/es\/2013\/02\/interamerica-liderazgo-a-conectarse-con-ancianos-de-iglesia-durante-concilio-virtual\/"},"wordCount":537,"image":{"@id":"https:\/\/interamerica.org\/es\/2013\/02\/interamerica-liderazgo-a-conectarse-con-ancianos-de-iglesia-durante-concilio-virtual\/#primaryimage"},"thumbnailUrl":"https:\/\/interamerica.org\/wp-content\/uploads\/2017\/06\/conciliovirtual.jpg","articleSection":["Desde la sede","RSS Espa\u00f1ol"],"inLanguage":"es"},{"@type":"WebPage","@id":"https:\/\/interamerica.org\/es\/2013\/02\/interamerica-liderazgo-a-conectarse-con-ancianos-de-iglesia-durante-concilio-virtual\/","url":"https:\/\/interamerica.org\/es\/2013\/02\/interamerica-liderazgo-a-conectarse-con-ancianos-de-iglesia-durante-concilio-virtual\/","name":"Interam\u00e9rica: Liderazgo a conectarse con ancianos de iglesia durante concilio virtual - Iglesia Adventista del S\u00e9ptimo D\u00eda - Divisi\u00f3n Interamericana","isPartOf":{"@id":"https:\/\/interamerica.org\/es\/#website"},"primaryImageOfPage":{"@id":"https:\/\/interamerica.org\/es\/2013\/02\/interamerica-liderazgo-a-conectarse-con-ancianos-de-iglesia-durante-concilio-virtual\/#primaryimage"},"image":{"@id":"https:\/\/interamerica.org\/es\/2013\/02\/interamerica-liderazgo-a-conectarse-con-ancianos-de-iglesia-durante-concilio-virtual\/#primaryimage"},"thumbnailUrl":"https:\/\/interamerica.org\/wp-content\/uploads\/2017\/06\/conciliovirtual.jpg","datePublished":"2013-02-01T04:00:00+00:00","author":{"@id":"https:\/\/interamerica.org\/es\/#\/schema\/person\/68ede8bdc292885bb76c1e3810e73c39"},"breadcrumb":{"@id":"https:\/\/interamerica.org\/es\/2013\/02\/interamerica-liderazgo-a-conectarse-con-ancianos-de-iglesia-durante-concilio-virtual\/#breadcrumb"},"inLanguage":"es","potentialAction":[{"@type":"ReadAction","target":["https:\/\/interamerica.org\/es\/2013\/02\/interamerica-liderazgo-a-conectarse-con-ancianos-de-iglesia-durante-concilio-virtual\/"]}]},{"@type":"ImageObject","inLanguage":"es","@id":"https:\/\/interamerica.org\/es\/2013\/02\/interamerica-liderazgo-a-conectarse-con-ancianos-de-iglesia-durante-concilio-virtual\/#primaryimage","url":"https:\/\/interamerica.org\/wp-content\/uploads\/2017\/06\/conciliovirtual.jpg","contentUrl":"https:\/\/interamerica.org\/wp-content\/uploads\/2017\/06\/conciliovirtual.jpg","width":315,"height":200},{"@type":"BreadcrumbList","@id":"https:\/\/interamerica.org\/es\/2013\/02\/interamerica-liderazgo-a-conectarse-con-ancianos-de-iglesia-durante-concilio-virtual\/#breadcrumb","itemListElement":[{"@type":"ListItem","position":1,"name":"Home","item":"https:\/\/interamerica.org\/es\/"},{"@type":"ListItem","position":2,"name":"Interam\u00e9rica: Liderazgo a conectarse con ancianos de iglesia durante concilio virtual"}]},{"@type":"WebSite","@id":"https:\/\/interamerica.org\/es\/#website","url":"https:\/\/interamerica.org\/es\/","name":"Iglesia Adventista del S\u00e9ptimo D\u00eda - Divisi\u00f3n Interamericana","description":"","potentialAction":[{"@type":"SearchAction","target":{"@type":"EntryPoint","urlTemplate":"https:\/\/interamerica.org\/es\/?s={search_term_string}"},"query-input":{"@type":"PropertyValueSpecification","valueRequired":true,"valueName":"search_term_string"}}],"inLanguage":"es"},{"@type":"Person","@id":"https:\/\/interamerica.org\/es\/#\/schema\/person\/68ede8bdc292885bb76c1e3810e73c39","name":"Lorenzo Verduzco","image":{"@type":"ImageObject","inLanguage":"es","@id":"https:\/\/secure.gravatar.com\/avatar\/fb81a55b6218459490a9c1dc841a34909185b81904c5337b4b27f7a6fd60c49e?s=96&d=mm&r=g","url":"https:\/\/secure.gravatar.com\/avatar\/fb81a55b6218459490a9c1dc841a34909185b81904c5337b4b27f7a6fd60c49e?s=96&d=mm&r=g","contentUrl":"https:\/\/secure.gravatar.com\/avatar\/fb81a55b6218459490a9c1dc841a34909185b81904c5337b4b27f7a6fd60c49e?s=96&d=mm&r=g","caption":"Lorenzo Verduzco"}}]}},"_links":{"self":[{"href":"https:\/\/interamerica.org\/es\/wp-json\/wp\/v2\/posts\/30148","targetHints":{"allow":["GET"]}}],"collection":[{"href":"https:\/\/interamerica.org\/es\/wp-json\/wp\/v2\/posts"}],"about":[{"href":"https:\/\/interamerica.org\/es\/wp-json\/wp\/v2\/types\/post"}],"author":[{"embeddable":true,"href":"https:\/\/interamerica.org\/es\/wp-json\/wp\/v2\/users\/1"}],"replies":[{"embeddable":true,"href":"https:\/\/interamerica.org\/es\/wp-json\/wp\/v2\/comments?post=30148"}],"version-history":[{"count":0,"href":"https:\/\/interamerica.org\/es\/wp-json\/wp\/v2\/posts\/30148\/revisions"}],"wp:featuredmedia":[{"embeddable":true,"href":"https:\/\/interamerica.org\/es\/wp-json\/wp\/v2\/media\/30149"}],"wp:attachment":[{"href":"https:\/\/interamerica.org\/es\/wp-json\/wp\/v2\/media?parent=30148"}],"wp:term":[{"taxonomy":"category","embeddable":true,"href":"https:\/\/interamerica.org\/es\/wp-json\/wp\/v2\/categories?post=30148"},{"taxonomy":"post_tag","embeddable":true,"href":"https:\/\/interamerica.org\/es\/wp-json\/wp\/v2\/tags?post=30148"}],"curies":[{"name":"wp","href":"https:\/\/api.w.org\/{rel}","templated":true}]}}